{"id":15740,"date":"2015-02-01T15:12:52","date_gmt":"2015-02-01T13:12:52","guid":{"rendered":"http:\/\/localhost\/textilegence\/groz-beckert-launches-its-office-in-turkey\/"},"modified":"2020-05-01T11:37:59","modified_gmt":"2020-05-01T08:37:59","slug":"groz-beckert-office-turkey","status":"publish","type":"post","link":"https:\/\/www.textilegence.com\/en\/groz-beckert-office-turkey\/","title":{"rendered":"Groz-Beckert Launches its Office in Turkey"},"content":{"rendered":"<p style=\"text-align: justify;\">Since the beginning of the year, Groz-Beckert Turkey offers its products and services for the sectors of Knitting, Felting, Tufting and Sewing not only to the Turkish market but also to the markets of Central Asia. The celebration of the official inauguration on Thursday, 22 January was attended by about 80 invited guests.<\/p>\n<p style=\"text-align: justify;\">Eric Sch\u00f6ller, Member of the Board of Groz-Beckert, welcomed the guests and declared the new sales location officially open. In his speech, Sch\u00f6ller explained the reasons for establishing the new office: &#8220;We decided to open a sales affiliate in Turkey to optimally meet the requirements of our customers in Turkey and in the Central Asian markets directly on site. These regions have traditionally strong textile markets and kept gaining importance also in the past years.&#8221;<\/p>\n<p style=\"text-align: justify;\">Following the opening speech, \u00d6zkan Edirne, the General Manager of Groz-Beckert Turkey, invited the guests to take a look around the new location. Edirne gained long experience in the textile sector both in the Turkish textile industry and at different locations of the Groz-Beckert Group. Among the invited guests were employees of Groz-Beckert Turkey with their families as well as customers, partners, guests from politics and journalists.<\/p>\n<figure id=\"attachment_18474\" aria-describedby=\"caption-attachment-18474\" style=\"width: 1200px\" class=\"wp-caption aligncenter\"><img loading=\"lazy\" decoding=\"async\" class=\"wp-image-18474\" src=\"https:\/\/www.textilegence.com\/wp-content\/uploads\/2015\/02\/Groz-Beckert_Textilegence.jpg\" alt=\"Groz-Beckert Turkey launches; Unal Ekinci, \u00d6zkan Edirne, Eric Sch\u00f6ller\" width=\"1200\" height=\"600\" \/><figcaption id=\"caption-attachment-18474\" class=\"wp-caption-text\">Groz-Beckert Turkey launches; Unal Ekinci, \u00d6zkan Edirne, Eric Sch\u00f6ller<\/figcaption><\/figure>\n<h2 style=\"text-align: justify;\"><strong>Participated at ITMA ASIA CITME 2018<\/strong><\/h2>\n<p style=\"text-align: justify;\">Participating at ITMA ASIA CITME trade fair, organized for six time,\u00a0 between 15-19 October 2018 in China, Shanghai, the company introduced\u00a0their new WeChat channel that is to develop their communication further with the industry. The firm uses the WeChat channel announce their products, services, company news with weekly newsletters within the important information relatedto Chinesse textile industury. The contents of those newsletter is in Chinesse language that prooves the importance given by the firm.<\/p>\n<p style=\"text-align: justify;\">You can read more about the participation to ITMA ASIA 2018 from <a href=\"https:\/\/www.textilegence.com\/en\/acrylic-models-groz-beckert\/\" target=\"_blank\" rel=\"noopener noreferrer\">here<\/a><\/p>\n<h2><strong>Participated at ITM 2018<\/strong><\/h2>\n<p style=\"text-align: justify;\">The company also participated in one of the most important trade fair in the Eurasian region, ITM and introduced their solutions to the visitors about knitting, weaving, felting, tufting, carding and sewing. Some 2.000 visitors were welcomed the booth of the company through enlarging their business volume in the region.<\/p>\n<p style=\"text-align: justify;\">You can read more about the ITM 2018 news from <a href=\"https:\/\/www.textilegence.com\/en\/groz-beckert-achieved\/\" target=\"_blank\" rel=\"noopener noreferrer\">here<\/a><\/p>\n<h2 style=\"text-align: justify;\"><strong>About Groz-Beckert<\/strong><\/h2>\n<p style=\"text-align: justify;\">Groz-Beckert is the world\u2019s leading <a href=\"https:\/\/www.groz-beckert.com\/\" target=\"_blank\" rel=\"noopener noreferrer\">provider<\/a> of industrial machine needles, precision parts and fine tools; as well as systems and services for the production and joining of textile fabrics. The products and services support the fields of knitting, weaving, felting, tufting and sewing. The company, founded in 1852, employed nearly 8,000 people and generated a turnover of around \u20ac570 Mio. in 2013. Groz-Beckert operates with agencies, production and distribution subsidiaries in more than 150 countries around the world.<\/p>\n<h2 style=\"text-align: justify;\"><strong>Groz-Beckert Turkey Contact Information<br \/>\n<\/strong><\/h2>\n<p style=\"text-align: justify;\">Tekstil Makine Par\u00e7alar\u0131 Ticaret Limited \u015eirketi<br \/>\nGen. Ali Riza G\u00fcrcan Caddesi<br \/>\nAlparslan \u0130\u015f Merkezi No: 29\/1<br \/>\n34169 Istanbul \/ Turkey<br \/>\nPhone: +90 212 9246868<br \/>\nFax: +90 212 9246869<br \/>\nE-mail: info.turk\/ey@groz-beckert.com<\/p>\n","protected":false},"excerpt":{"rendered":"<p>Since the beginning of the year, Groz-Beckert Turkey offers its products and services for the sectors of Knitting, Felting, Tufting and Sewing not only to the Turkish market but also to the markets of Central Asia. The celebration of the official inauguration on Thursday, 22 January was attended by about 80 invited guests. Eric Sch\u00f6ller, [&hellip;]<\/p>\n","protected":false},"author":2,"featured_media":18602,"comment_status":"open","ping_status":"closed","sticky":false,"template":"","format":"standard","meta":{"footnotes":""},"categories":[9862],"tags":[11317,10227],"class_list":{"0":"post-15740","1":"post","2":"type-post","3":"status-publish","4":"format-standard","5":"has-post-thumbnail","7":"category-knitting","8":"tag-groz-beckert-turkiye-en","9":"tag-weaving"},"yoast_head":"<!-- This site is optimized with the Yoast SEO Premium plugin v27.3 (Yoast SEO v27.3) - https:\/\/yoast.com\/product\/yoast-seo-premium-wordpress\/ -->\n<title>Groz-Beckert Turkey Launches its Office - Textilegence<\/title>\n<meta name=\"description\" content=\"Since the beginning of the year, Groz-Beckert Turkey offers its products and services for the sectors of Knitting, Felting, Tufting and Sewing not only...\" \/>\n<meta name=\"robots\" content=\"index, follow, max-snippet:-1, max-image-preview:large, max-video-preview:-1\" \/>\n<link rel=\"canonical\" href=\"https:\/\/www.textilegence.com\/en\/groz-beckert-office-turkey\/\" \/>\n<meta property=\"og:locale\" content=\"en_US\" \/>\n<meta property=\"og:type\" content=\"article\" \/>\n<meta property=\"og:title\" content=\"Groz-Beckert Launches its Office in Turkey\" \/>\n<meta property=\"og:description\" content=\"Since the beginning of the year, Groz-Beckert Turkey offers its products and services for the sectors of Knitting, Felting, Tufting and Sewing not only to\" \/>\n<meta property=\"og:url\" content=\"https:\/\/www.textilegence.com\/en\/groz-beckert-office-turkey\/\" \/>\n<meta property=\"og:site_name\" content=\"Textilegence Magazine and Digital Platform\" \/>\n<meta property=\"article:publisher\" content=\"https:\/\/www.facebook.com\/TextilegenceMagazine\" \/>\n<meta property=\"article:author\" content=\"https:\/\/www.facebook.com\/TextilegenceMagazine\" \/>\n<meta property=\"article:published_time\" content=\"2015-02-01T13:12:52+00:00\" \/>\n<meta property=\"article:modified_time\" content=\"2020-05-01T08:37:59+00:00\" \/>\n<meta property=\"og:image\" content=\"https:\/\/www.textilegence.com\/wp-content\/uploads\/2015\/06\/Groz_Beckert_Turkey.jpg\" \/>\n\t<meta property=\"og:image:width\" content=\"500\" \/>\n\t<meta property=\"og:image:height\" content=\"250\" \/>\n\t<meta property=\"og:image:type\" content=\"image\/jpeg\" \/>\n<meta name=\"author\" content=\"Engin Buz\" \/>\n<meta name=\"twitter:card\" content=\"summary_large_image\" \/>\n<meta name=\"twitter:creator\" content=\"@https:\/\/twitter.com\/textilegence\" \/>\n<meta name=\"twitter:site\" content=\"@textilegence\" \/>\n<meta name=\"twitter:label1\" content=\"Written by\" \/>\n\t<meta name=\"twitter:data1\" content=\"Engin Buz\" \/>\n\t<meta name=\"twitter:label2\" content=\"Est. reading time\" \/>\n\t<meta name=\"twitter:data2\" content=\"2 minutes\" \/>\n<script type=\"application\/ld+json\" class=\"yoast-schema-graph\">{\"@context\":\"https:\\\/\\\/schema.org\",\"@graph\":[{\"@type\":\"NewsArticle\",\"@id\":\"https:\\\/\\\/www.textilegence.com\\\/en\\\/groz-beckert-office-turkey\\\/#article\",\"isPartOf\":{\"@id\":\"https:\\\/\\\/www.textilegence.com\\\/en\\\/groz-beckert-office-turkey\\\/\"},\"author\":{\"name\":\"Engin Buz\",\"@id\":\"https:\\\/\\\/www.textilegence.com\\\/en\\\/#\\\/schema\\\/person\\\/46ccc7bfc34edbc7d46b6b189f88849f\"},\"headline\":\"Groz-Beckert Launches its Office in Turkey\",\"datePublished\":\"2015-02-01T13:12:52+00:00\",\"dateModified\":\"2020-05-01T08:37:59+00:00\",\"mainEntityOfPage\":{\"@id\":\"https:\\\/\\\/www.textilegence.com\\\/en\\\/groz-beckert-office-turkey\\\/\"},\"wordCount\":477,\"commentCount\":0,\"publisher\":{\"@id\":\"https:\\\/\\\/www.textilegence.com\\\/en\\\/#organization\"},\"image\":{\"@id\":\"https:\\\/\\\/www.textilegence.com\\\/en\\\/groz-beckert-office-turkey\\\/#primaryimage\"},\"thumbnailUrl\":\"https:\\\/\\\/www.textilegence.com\\\/wp-content\\\/uploads\\\/2015\\\/06\\\/Groz_Beckert_Turkey.jpg\",\"keywords\":[\"groz-beckert t\u00fcrkiye\",\"weaving\"],\"articleSection\":[\"Knitting\"],\"inLanguage\":\"en-US\",\"potentialAction\":[{\"@type\":\"CommentAction\",\"name\":\"Comment\",\"target\":[\"https:\\\/\\\/www.textilegence.com\\\/en\\\/groz-beckert-office-turkey\\\/#respond\"]}]},{\"@type\":\"WebPage\",\"@id\":\"https:\\\/\\\/www.textilegence.com\\\/en\\\/groz-beckert-office-turkey\\\/\",\"url\":\"https:\\\/\\\/www.textilegence.com\\\/en\\\/groz-beckert-office-turkey\\\/\",\"name\":\"Groz-Beckert Turkey Launches its Office - Textilegence\",\"isPartOf\":{\"@id\":\"https:\\\/\\\/www.textilegence.com\\\/en\\\/#website\"},\"primaryImageOfPage\":{\"@id\":\"https:\\\/\\\/www.textilegence.com\\\/en\\\/groz-beckert-office-turkey\\\/#primaryimage\"},\"image\":{\"@id\":\"https:\\\/\\\/www.textilegence.com\\\/en\\\/groz-beckert-office-turkey\\\/#primaryimage\"},\"thumbnailUrl\":\"https:\\\/\\\/www.textilegence.com\\\/wp-content\\\/uploads\\\/2015\\\/06\\\/Groz_Beckert_Turkey.jpg\",\"datePublished\":\"2015-02-01T13:12:52+00:00\",\"dateModified\":\"2020-05-01T08:37:59+00:00\",\"description\":\"Since the beginning of the year, Groz-Beckert Turkey offers its products and services for the sectors of Knitting, Felting, Tufting and Sewing not only...\",\"breadcrumb\":{\"@id\":\"https:\\\/\\\/www.textilegence.com\\\/en\\\/groz-beckert-office-turkey\\\/#breadcrumb\"},\"inLanguage\":\"en-US\",\"potentialAction\":[{\"@type\":\"ReadAction\",\"target\":[\"https:\\\/\\\/www.textilegence.com\\\/en\\\/groz-beckert-office-turkey\\\/\"]}]},{\"@type\":\"ImageObject\",\"inLanguage\":\"en-US\",\"@id\":\"https:\\\/\\\/www.textilegence.com\\\/en\\\/groz-beckert-office-turkey\\\/#primaryimage\",\"url\":\"https:\\\/\\\/www.textilegence.com\\\/wp-content\\\/uploads\\\/2015\\\/06\\\/Groz_Beckert_Turkey.jpg\",\"contentUrl\":\"https:\\\/\\\/www.textilegence.com\\\/wp-content\\\/uploads\\\/2015\\\/06\\\/Groz_Beckert_Turkey.jpg\",\"width\":500,\"height\":250},{\"@type\":\"BreadcrumbList\",\"@id\":\"https:\\\/\\\/www.textilegence.com\\\/en\\\/groz-beckert-office-turkey\\\/#breadcrumb\",\"itemListElement\":[{\"@type\":\"ListItem\",\"position\":1,\"name\":\"Home Page\",\"item\":\"https:\\\/\\\/www.textilegence.com\\\/en\\\/homepage-the-rimont\\\/\"},{\"@type\":\"ListItem\",\"position\":2,\"name\":\"Knitting\",\"item\":\"https:\\\/\\\/www.textilegence.com\\\/en\\\/category\\\/knitting\\\/\"},{\"@type\":\"ListItem\",\"position\":3,\"name\":\"Groz-Beckert Launches its Office in Turkey\"}]},{\"@type\":\"WebSite\",\"@id\":\"https:\\\/\\\/www.textilegence.com\\\/en\\\/#website\",\"url\":\"https:\\\/\\\/www.textilegence.com\\\/en\\\/\",\"name\":\"Textilegence Magazine and Digital Platform\",\"description\":\"Textile News Center\",\"publisher\":{\"@id\":\"https:\\\/\\\/www.textilegence.com\\\/en\\\/#organization\"},\"potentialAction\":[{\"@type\":\"SearchAction\",\"target\":{\"@type\":\"EntryPoint\",\"urlTemplate\":\"https:\\\/\\\/www.textilegence.com\\\/en\\\/?s={search_term_string}\"},\"query-input\":{\"@type\":\"PropertyValueSpecification\",\"valueRequired\":true,\"valueName\":\"search_term_string\"}}],\"inLanguage\":\"en-US\"},{\"@type\":\"Organization\",\"@id\":\"https:\\\/\\\/www.textilegence.com\\\/en\\\/#organization\",\"name\":\"Textilegence Magazine and Digital Platform\",\"url\":\"https:\\\/\\\/www.textilegence.com\\\/en\\\/\",\"logo\":{\"@type\":\"ImageObject\",\"inLanguage\":\"en-US\",\"@id\":\"https:\\\/\\\/www.textilegence.com\\\/en\\\/#\\\/schema\\\/logo\\\/image\\\/\",\"url\":\"https:\\\/\\\/www.textilegence.com\\\/wp-content\\\/uploads\\\/2016\\\/11\\\/New_Retina_Logo_Textilegence.png\",\"contentUrl\":\"https:\\\/\\\/www.textilegence.com\\\/wp-content\\\/uploads\\\/2016\\\/11\\\/New_Retina_Logo_Textilegence.png\",\"width\":544,\"height\":180,\"caption\":\"Textilegence Magazine and Digital Platform\"},\"image\":{\"@id\":\"https:\\\/\\\/www.textilegence.com\\\/en\\\/#\\\/schema\\\/logo\\\/image\\\/\"},\"sameAs\":[\"https:\\\/\\\/www.facebook.com\\\/TextilegenceMagazine\",\"https:\\\/\\\/x.com\\\/textilegence\",\"https:\\\/\\\/www.instagram.com\\\/textilegence\\\/\",\"https:\\\/\\\/www.linkedin.com\\\/groups\\\/Textilegence-Magazine-Digital-Platform-4897253\",\"https:\\\/\\\/www.youtube.com\\\/user\\\/textilegence\"],\"description\":\"Textilegence is a magazine and digital platform established in 2013. It focuses on the textile industry and sub-segments. The platform provides news, articles, and updates on various aspects of the textile industry, including sustainability, technological advancements, and market trends.\",\"email\":\"editor@textilegence.com\",\"telephone\":\"+90 212 442 24 12\",\"legalName\":\"Textilegence Mag and Digital Platform\",\"foundingDate\":\"2013-01-01\",\"numberOfEmployees\":{\"@type\":\"QuantitativeValue\",\"minValue\":\"1\",\"maxValue\":\"10\"}},{\"@type\":\"Person\",\"@id\":\"https:\\\/\\\/www.textilegence.com\\\/en\\\/#\\\/schema\\\/person\\\/46ccc7bfc34edbc7d46b6b189f88849f\",\"name\":\"Engin Buz\",\"image\":{\"@type\":\"ImageObject\",\"inLanguage\":\"en-US\",\"@id\":\"https:\\\/\\\/www.textilegence.com\\\/wp-content\\\/uploads\\\/2018\\\/12\\\/engin-buz.jpg\",\"url\":\"https:\\\/\\\/www.textilegence.com\\\/wp-content\\\/uploads\\\/2018\\\/12\\\/engin-buz.jpg\",\"contentUrl\":\"https:\\\/\\\/www.textilegence.com\\\/wp-content\\\/uploads\\\/2018\\\/12\\\/engin-buz.jpg\",\"caption\":\"Engin Buz\"},\"description\":\"Engin Buz, Ankara \u00dcniversitesi \u0130leti\u015fim Fak\u00fcltesi Gazetecilik B\u00f6l\u00fcm\u00fc\u2019nden mezun olduktan sonra Y\u0131ld\u0131z Teknik \u00dcniversitesi\u2019nde Siyaset Bilimi ve Uluslararas\u0131 \u0130li\u015fkiler alan\u0131nda y\u00fcksek lisans\u0131n\u0131 tamamlam\u0131\u015ft\u0131r. 2000 y\u0131l\u0131ndan sonra \u00e7e\u015fitli yay\u0131nc\u0131l\u0131k \u015firketlerinde \u00e7al\u0131\u015fmaya ba\u015flayarak k\u00fclt\u00fcr-sanat ve daha sonra ekonomi haberleri haz\u0131rlam\u0131\u015ft\u0131r. 2009 y\u0131l\u0131ndan itibaren tekstil end\u00fcstrisine d\u00f6n\u00fck yay\u0131nlarda edit\u00f6r olarak g\u00f6rev alan Buz, 2013 itibariyle kurulan Textilegence\u2019de haber edit\u00f6r\u00fc olarak yer almaya ba\u015flam\u0131\u015ft\u0131r. Engin Buz halen ba\u015fta tekstil ve dijital bask\u0131 end\u00fcstrileri olmak \u00fczere ekonomi haberleri haz\u0131rlamaktad\u0131r.\",\"sameAs\":[\"https:\\\/\\\/www.textilegence.com\",\"https:\\\/\\\/www.facebook.com\\\/TextilegenceMagazine\",\"https:\\\/\\\/www.instagram.com\\\/textilegence\\\/\",\"https:\\\/\\\/www.linkedin.com\\\/in\\\/engin-buz-6190799a\\\/\",\"https:\\\/\\\/x.com\\\/https:\\\/\\\/twitter.com\\\/textilegence\"],\"url\":\"https:\\\/\\\/www.textilegence.com\\\/en\\\/author\\\/engin-buz\\\/\"}]}<\/script>\n<!-- \/ Yoast SEO Premium plugin. -->","yoast_head_json":{"title":"Groz-Beckert Turkey Launches its Office - Textilegence","description":"Since the beginning of the year, Groz-Beckert Turkey offers its products and services for the sectors of Knitting, Felting, Tufting and Sewing not only...","robots":{"index":"index","follow":"follow","max-snippet":"max-snippet:-1","max-image-preview":"max-image-preview:large","max-video-preview":"max-video-preview:-1"},"canonical":"https:\/\/www.textilegence.com\/en\/groz-beckert-office-turkey\/","og_locale":"en_US","og_type":"article","og_title":"Groz-Beckert Launches its Office in Turkey","og_description":"Since the beginning of the year, Groz-Beckert Turkey offers its products and services for the sectors of Knitting, Felting, Tufting and Sewing not only to","og_url":"https:\/\/www.textilegence.com\/en\/groz-beckert-office-turkey\/","og_site_name":"Textilegence Magazine and Digital Platform","article_publisher":"https:\/\/www.facebook.com\/TextilegenceMagazine","article_author":"https:\/\/www.facebook.com\/TextilegenceMagazine","article_published_time":"2015-02-01T13:12:52+00:00","article_modified_time":"2020-05-01T08:37:59+00:00","og_image":[{"width":500,"height":250,"url":"https:\/\/www.textilegence.com\/wp-content\/uploads\/2015\/06\/Groz_Beckert_Turkey.jpg","type":"image\/jpeg"}],"author":"Engin Buz","twitter_card":"summary_large_image","twitter_creator":"@https:\/\/twitter.com\/textilegence","twitter_site":"@textilegence","twitter_misc":{"Written by":"Engin Buz","Est. reading time":"2 minutes"},"schema":{"@context":"https:\/\/schema.org","@graph":[{"@type":"NewsArticle","@id":"https:\/\/www.textilegence.com\/en\/groz-beckert-office-turkey\/#article","isPartOf":{"@id":"https:\/\/www.textilegence.com\/en\/groz-beckert-office-turkey\/"},"author":{"name":"Engin Buz","@id":"https:\/\/www.textilegence.com\/en\/#\/schema\/person\/46ccc7bfc34edbc7d46b6b189f88849f"},"headline":"Groz-Beckert Launches its Office in Turkey","datePublished":"2015-02-01T13:12:52+00:00","dateModified":"2020-05-01T08:37:59+00:00","mainEntityOfPage":{"@id":"https:\/\/www.textilegence.com\/en\/groz-beckert-office-turkey\/"},"wordCount":477,"commentCount":0,"publisher":{"@id":"https:\/\/www.textilegence.com\/en\/#organization"},"image":{"@id":"https:\/\/www.textilegence.com\/en\/groz-beckert-office-turkey\/#primaryimage"},"thumbnailUrl":"https:\/\/www.textilegence.com\/wp-content\/uploads\/2015\/06\/Groz_Beckert_Turkey.jpg","keywords":["groz-beckert t\u00fcrkiye","weaving"],"articleSection":["Knitting"],"inLanguage":"en-US","potentialAction":[{"@type":"CommentAction","name":"Comment","target":["https:\/\/www.textilegence.com\/en\/groz-beckert-office-turkey\/#respond"]}]},{"@type":"WebPage","@id":"https:\/\/www.textilegence.com\/en\/groz-beckert-office-turkey\/","url":"https:\/\/www.textilegence.com\/en\/groz-beckert-office-turkey\/","name":"Groz-Beckert Turkey Launches its Office - Textilegence","isPartOf":{"@id":"https:\/\/www.textilegence.com\/en\/#website"},"primaryImageOfPage":{"@id":"https:\/\/www.textilegence.com\/en\/groz-beckert-office-turkey\/#primaryimage"},"image":{"@id":"https:\/\/www.textilegence.com\/en\/groz-beckert-office-turkey\/#primaryimage"},"thumbnailUrl":"https:\/\/www.textilegence.com\/wp-content\/uploads\/2015\/06\/Groz_Beckert_Turkey.jpg","datePublished":"2015-02-01T13:12:52+00:00","dateModified":"2020-05-01T08:37:59+00:00","description":"Since the beginning of the year, Groz-Beckert Turkey offers its products and services for the sectors of Knitting, Felting, Tufting and Sewing not only...","breadcrumb":{"@id":"https:\/\/www.textilegence.com\/en\/groz-beckert-office-turkey\/#breadcrumb"},"inLanguage":"en-US","potentialAction":[{"@type":"ReadAction","target":["https:\/\/www.textilegence.com\/en\/groz-beckert-office-turkey\/"]}]},{"@type":"ImageObject","inLanguage":"en-US","@id":"https:\/\/www.textilegence.com\/en\/groz-beckert-office-turkey\/#primaryimage","url":"https:\/\/www.textilegence.com\/wp-content\/uploads\/2015\/06\/Groz_Beckert_Turkey.jpg","contentUrl":"https:\/\/www.textilegence.com\/wp-content\/uploads\/2015\/06\/Groz_Beckert_Turkey.jpg","width":500,"height":250},{"@type":"BreadcrumbList","@id":"https:\/\/www.textilegence.com\/en\/groz-beckert-office-turkey\/#breadcrumb","itemListElement":[{"@type":"ListItem","position":1,"name":"Home Page","item":"https:\/\/www.textilegence.com\/en\/homepage-the-rimont\/"},{"@type":"ListItem","position":2,"name":"Knitting","item":"https:\/\/www.textilegence.com\/en\/category\/knitting\/"},{"@type":"ListItem","position":3,"name":"Groz-Beckert Launches its Office in Turkey"}]},{"@type":"WebSite","@id":"https:\/\/www.textilegence.com\/en\/#website","url":"https:\/\/www.textilegence.com\/en\/","name":"Textilegence Magazine and Digital Platform","description":"Textile News Center","publisher":{"@id":"https:\/\/www.textilegence.com\/en\/#organization"},"potentialAction":[{"@type":"SearchAction","target":{"@type":"EntryPoint","urlTemplate":"https:\/\/www.textilegence.com\/en\/?s={search_term_string}"},"query-input":{"@type":"PropertyValueSpecification","valueRequired":true,"valueName":"search_term_string"}}],"inLanguage":"en-US"},{"@type":"Organization","@id":"https:\/\/www.textilegence.com\/en\/#organization","name":"Textilegence Magazine and Digital Platform","url":"https:\/\/www.textilegence.com\/en\/","logo":{"@type":"ImageObject","inLanguage":"en-US","@id":"https:\/\/www.textilegence.com\/en\/#\/schema\/logo\/image\/","url":"https:\/\/www.textilegence.com\/wp-content\/uploads\/2016\/11\/New_Retina_Logo_Textilegence.png","contentUrl":"https:\/\/www.textilegence.com\/wp-content\/uploads\/2016\/11\/New_Retina_Logo_Textilegence.png","width":544,"height":180,"caption":"Textilegence Magazine and Digital Platform"},"image":{"@id":"https:\/\/www.textilegence.com\/en\/#\/schema\/logo\/image\/"},"sameAs":["https:\/\/www.facebook.com\/TextilegenceMagazine","https:\/\/x.com\/textilegence","https:\/\/www.instagram.com\/textilegence\/","https:\/\/www.linkedin.com\/groups\/Textilegence-Magazine-Digital-Platform-4897253","https:\/\/www.youtube.com\/user\/textilegence"],"description":"Textilegence is a magazine and digital platform established in 2013. It focuses on the textile industry and sub-segments. The platform provides news, articles, and updates on various aspects of the textile industry, including sustainability, technological advancements, and market trends.","email":"editor@textilegence.com","telephone":"+90 212 442 24 12","legalName":"Textilegence Mag and Digital Platform","foundingDate":"2013-01-01","numberOfEmployees":{"@type":"QuantitativeValue","minValue":"1","maxValue":"10"}},{"@type":"Person","@id":"https:\/\/www.textilegence.com\/en\/#\/schema\/person\/46ccc7bfc34edbc7d46b6b189f88849f","name":"Engin Buz","image":{"@type":"ImageObject","inLanguage":"en-US","@id":"https:\/\/www.textilegence.com\/wp-content\/uploads\/2018\/12\/engin-buz.jpg","url":"https:\/\/www.textilegence.com\/wp-content\/uploads\/2018\/12\/engin-buz.jpg","contentUrl":"https:\/\/www.textilegence.com\/wp-content\/uploads\/2018\/12\/engin-buz.jpg","caption":"Engin Buz"},"description":"Engin Buz, Ankara \u00dcniversitesi \u0130leti\u015fim Fak\u00fcltesi Gazetecilik B\u00f6l\u00fcm\u00fc\u2019nden mezun olduktan sonra Y\u0131ld\u0131z Teknik \u00dcniversitesi\u2019nde Siyaset Bilimi ve Uluslararas\u0131 \u0130li\u015fkiler alan\u0131nda y\u00fcksek lisans\u0131n\u0131 tamamlam\u0131\u015ft\u0131r. 2000 y\u0131l\u0131ndan sonra \u00e7e\u015fitli yay\u0131nc\u0131l\u0131k \u015firketlerinde \u00e7al\u0131\u015fmaya ba\u015flayarak k\u00fclt\u00fcr-sanat ve daha sonra ekonomi haberleri haz\u0131rlam\u0131\u015ft\u0131r. 2009 y\u0131l\u0131ndan itibaren tekstil end\u00fcstrisine d\u00f6n\u00fck yay\u0131nlarda edit\u00f6r olarak g\u00f6rev alan Buz, 2013 itibariyle kurulan Textilegence\u2019de haber edit\u00f6r\u00fc olarak yer almaya ba\u015flam\u0131\u015ft\u0131r. Engin Buz halen ba\u015fta tekstil ve dijital bask\u0131 end\u00fcstrileri olmak \u00fczere ekonomi haberleri haz\u0131rlamaktad\u0131r.","sameAs":["https:\/\/www.textilegence.com","https:\/\/www.facebook.com\/TextilegenceMagazine","https:\/\/www.instagram.com\/textilegence\/","https:\/\/www.linkedin.com\/in\/engin-buz-6190799a\/","https:\/\/x.com\/https:\/\/twitter.com\/textilegence"],"url":"https:\/\/www.textilegence.com\/en\/author\/engin-buz\/"}]}},"_links":{"self":[{"href":"https:\/\/www.textilegence.com\/en\/wp-json\/wp\/v2\/posts\/15740","targetHints":{"allow":["GET"]}}],"collection":[{"href":"https:\/\/www.textilegence.com\/en\/wp-json\/wp\/v2\/posts"}],"about":[{"href":"https:\/\/www.textilegence.com\/en\/wp-json\/wp\/v2\/types\/post"}],"author":[{"embeddable":true,"href":"https:\/\/www.textilegence.com\/en\/wp-json\/wp\/v2\/users\/2"}],"replies":[{"embeddable":true,"href":"https:\/\/www.textilegence.com\/en\/wp-json\/wp\/v2\/comments?post=15740"}],"version-history":[{"count":0,"href":"https:\/\/www.textilegence.com\/en\/wp-json\/wp\/v2\/posts\/15740\/revisions"}],"wp:featuredmedia":[{"embeddable":true,"href":"https:\/\/www.textilegence.com\/en\/wp-json\/wp\/v2\/media\/18602"}],"wp:attachment":[{"href":"https:\/\/www.textilegence.com\/en\/wp-json\/wp\/v2\/media?parent=15740"}],"wp:term":[{"taxonomy":"category","embeddable":true,"href":"https:\/\/www.textilegence.com\/en\/wp-json\/wp\/v2\/categories?post=15740"},{"taxonomy":"post_tag","embeddable":true,"href":"https:\/\/www.textilegence.com\/en\/wp-json\/wp\/v2\/tags?post=15740"}],"curies":[{"name":"wp","href":"https:\/\/api.w.org\/{rel}","templated":true}]}}