{"id":16379,"date":"2016-06-21T10:53:31","date_gmt":"2016-06-21T07:53:31","guid":{"rendered":"http:\/\/localhost\/textilegence\/itm-2016-a-global-textile-show-with-49-730-visitors\/"},"modified":"2019-02-22T15:33:47","modified_gmt":"2019-02-22T12:33:47","slug":"itm-2016-a-global-textile-show-with-49-730-visitors","status":"publish","type":"post","link":"https:\/\/www.textilegence.com\/en\/itm-2016-a-global-textile-show-with-49-730-visitors\/","title":{"rendered":"ITM 2016 : A Global Textile Show With 49.730 Visitors"},"content":{"rendered":"<figure id=\"attachment_11763\" aria-describedby=\"caption-attachment-11763\" style=\"width: 324px\" class=\"wp-caption alignleft\"><img loading=\"lazy\" decoding=\"async\" class=\"wp-image-11763\" src=\"https:\/\/www.textilegence.com\/wp-content\/uploads\/2016\/06\/ITM_Textilegence.jpg\" alt=\"ITM 2016 : A Global Textile Show With 49.730 Visitors\" width=\"324\" height=\"162\" \/><figcaption id=\"caption-attachment-11763\" class=\"wp-caption-text\">ITM 2016 : A Global Textile Show With 49.730 Visitors<\/figcaption><\/figure>\n<p style=\"text-align: justify;\"><strong>ITM 2016 : A Global Textile Show With 49.730 Visitors. ITM 2016 International Textile Machinery Exhibition was held on June 1-4. ITM 2016, the meeting point for the industry professionals, where the textile technology giants gathered, put a smile on the exhibitors\u2019 faces with its more than 49.000 visitors.<\/strong><\/p>\n<p style=\"text-align: justify;\"><a href=\"http:\/\/www.itm2016.com.tr\/\">ITM 2016<\/a> International Textile Machinery <a href=\"https:\/\/www.textilegence.com\/en\/category\/trade-fairs\/\" target=\"_blank\" rel=\"noopener\">Exhibition<\/a> turned out to be the most important gathering for the textile industry. Being the most significant textile technology show in the region, ITM 2016 managed to be an organization where both domestic and foreign companies made sales of millions of Euros and various business contacts were established. At ITM 2016, brand-new technologies were launched for four days. \u00a0ITM 2016 gained appreciation as the most extensive among all ITM Fairs up to now with its 49.730 visitors.<\/p>\n<p style=\"text-align: justify;\">At ITM 2016 held with 1200 textile technology-manufacturing companies and company representatives from almost 70 countries in totally 13 halls, the products and technologies which the industry faced for the first time stood out. During ITM 2016, particularly the halls of weaving and yarn machinery, digital printing and knitting experienced a significant growth. The world\u2019s textile technology manufacturing companies had been well-prepared for ITM 2016 and took part in the fair with their special booths of several square-meters. Held with the participation of all the industry manufacturers exhibiting their machinery, ITM 2016 served as an indicator showing how much importance the world textile technology manufacturers paid to Turkey and the regional market. Visitors from all over the world, particularly Iran, Egypt, Turkey, India, Tunisia, Pakistan, China, Ukraine, Italy, Germany, Algeria, the Russian Federation, Syrian Arab Republic, Morocco, Bulgaria, Bangladesh, Greece, Serbia, Kyrgyzstan, Saudi Arabia caught the eye.<\/p>\n<p style=\"text-align: justify;\">Official and commercial committees from various countries visited ITM 2016. Particularly besides representatives of the ministry of textile industry, industrial associations and union administrations, an important number of procurement committees from Tehran and Tabriz were present. Also purchasing committees from Egypt, India, Russia, Macedonia, Kyrgyzstan, Kazakhstan, Serbia, Bosnia and Herzegovina, Kosovo, Ukraine, Tunisia and Morocco attract attention at ITM 2016.<\/p>\n<h2 style=\"text-align: justify;\"><strong>Thousands of visitors from over 76 countries:\u00a0ITM 2016 : A Global Textile Show With 49.730 Visitors<\/strong><\/h2>\n<figure id=\"attachment_11764\" aria-describedby=\"caption-attachment-11764\" style=\"width: 324px\" class=\"wp-caption alignleft\"><img loading=\"lazy\" decoding=\"async\" class=\"wp-image-11764\" src=\"http:\/\/textilegence.com\/wp-content\/uploads\/2016\/06\/ITM_Textilegence1.jpg\" alt=\"ITM 2016 : A Global Textile Show With 49.730 Visitors\" width=\"324\" height=\"162\" \/><figcaption id=\"caption-attachment-11764\" class=\"wp-caption-text\">ITM 2016 : A Global Textile Show With 49.730 Visitors<\/figcaption><\/figure>\n<p style=\"text-align: justify;\">ITM 2016 broke new ground from the point of its visitor number and the diversity of countries. Being the host for 49.730 visitors from over 76 countries, ITM 2016 had welcomed visitors from: USA, Germany, Turkey, UAE, Bangladesh, Belgium, Belarus, Bosnia and Herzegovina, Brazil, Bulgaria, Algeria, Czech Republic, China, Denmark, Ecuador, Indonesia, Armenia, Ethiopia, Morocco, Palestine, France, Ghana, Guatemala, South Korea, Georgia, Croatia, India, the Netherlands, Hong Kong, Iraq, Iran, Israel, Sweden, Switzerland, Italy, Japan, Cambodia, Kazakhstan, Kenya, Kyrgyzstan, Kosovo, Costa Rica, Cyprus, Libya, Lithuania, Lebanon, Hungary, Macedonia, Malaysia, Egypt, Moldova, Monaco, Nepal, Nigeria, Uzbekistan, Pakistan, Poland, Romania, Russia, Serbia, Sri Lanka, Sudan, Syria, Saudi Arabia, Swaziland, Tajikistan, Tanzania, Taiwan, Tunisia, Turkmenistan, Ukraine, Jordan, Vietnam and Greece.<\/p>\n<h2 style=\"text-align: justify;\"><strong>ITM 2016 offers \u201cPinpoint\u201d solutions<\/strong><\/h2>\n<p style=\"text-align: justify;\">The exhibition; where the most important figures of the textile machinery world presented their latest machinery and technologies; offered unmissable trade opportunities for all professionals; who wanted to keep their fingers on the pulse of the industry and follow the innovations. ITM 2016 described as \u201cthe fair which offered pinpoint opportunities\u201d by the exhibitors was an efficient gathering during which the qualified purchasing committees concluded agreements of millions of Euros.<\/p>\n<ul>\n<li style=\"text-align: justify;\">Bastian Fritsch, <a href=\"https:\/\/www.textilegence.com\/en\/karl-mayer\/\" target=\"_blank\" rel=\"noopener\">Karl Mayer<\/a> Senior Sales Executive; \u201cFor us, ITM 2016 is the door opening to the Eastern European and Middle Eastern markets.\u201d<\/li>\n<li style=\"text-align: justify;\">Francesco Gozio, Marzoli Marketing Department Head, \u201cITM 2016 is an exhibition with extremely high standards.\u201d<\/li>\n<li style=\"text-align: justify;\">Kemal Memnun, Memnun Makine General Director, \u201cITM is a fair in the middle of Europe with no alternatives.\u201d<\/li>\n<li style=\"text-align: justify;\">Manfred Goffart, Monforts Regional Sales Manager, \u201cITM 2016 was very-well organized.\u201d<\/li>\n<li style=\"text-align: justify;\">Georg Stausberg, <a href=\"https:\/\/www.textilegence.com\/en\/oerlikon\/\" target=\"_blank\" rel=\"noopener\">Oerlikon<\/a> Manmade Fibers CEO, \u201cITM plays an important part for developing and extending our relations.\u201d<\/li>\n<li style=\"text-align: justify;\">Tamer Hasbay, Has Group Chairman of Board, \u201cITM is a highly important fair!\u201d<\/li>\n<li style=\"text-align: justify;\">Erwin Dewloo, <a href=\"https:\/\/www.textilegence.com\/en\/picanol\/\" target=\"_blank\" rel=\"noopener\">Picanol<\/a> Marketing Operations Manager, \u201cITM is an indispensible fair for us.\u201d<\/li>\n<li style=\"text-align: justify;\">Adele Genoni, Reggiani General Director; \u201cHaving an importance not only for Turkey but also for the entire region; ITM 2016 is an unparalleled opportunity for us to meet our business partners.\u201d<\/li>\n<li style=\"text-align: justify;\">Stefano Gallucci, Santex Rimar Group CEO, \u201cSantex Rimar Group focuses on market needs at ITM 2016.\u201d<\/li>\n<li style=\"text-align: justify;\">Cem Yal\u00e7\u0131n, Saurer Textil A.\u015e. Chairman of Board, \u201cITM is a very positive exhibition.\u201d<\/li>\n<li style=\"text-align: justify;\">Carlo Rogora, ITEMA CEO, \u201cNew opportunities can be attained through exhibitions like ITM.\u201d<\/li>\n<li style=\"text-align: justify;\">Dick Joustra, SPGPrints CEO, \u201cTurkey is a highly significant market both for us and the global textile industry.\u201d<\/li>\n<li style=\"text-align: justify;\">\u0130hsan Mokano\u011flu, EFFE Industry Manager; \u201cITM is the largest fair of this geography, and one of the largest in the world.\u201d<\/li>\n<li style=\"text-align: justify;\">Kudret \u00c7elebi, Teta\u015f Sales Manager, \u201cITM 2016 features new-generation technologies.\u201d<\/li>\n<\/ul>\n","protected":false},"excerpt":{"rendered":"<p>ITM 2016 : A Global Textile Show With 49.730 Visitors. ITM 2016 International Textile Machinery Exhibition was held on June 1-4. ITM 2016, the meeting point for the industry professionals, where the textile technology giants gathered, put a smile on the exhibitors\u2019 faces with its more than 49.000 visitors. ITM 2016 International Textile Machinery Exhibition [&hellip;]<\/p>\n","protected":false},"author":2,"featured_media":18961,"comment_status":"open","ping_status":"closed","sticky":false,"template":"","format":"standard","meta":{"footnotes":""},"categories":[9859,9845],"tags":[],"class_list":{"0":"post-16379","1":"post","2":"type-post","3":"status-publish","4":"format-standard","5":"has-post-thumbnail","7":"category-topical","8":"category-trade-fairs"},"yoast_head":"<!-- This site is optimized with the Yoast SEO Premium plugin v27.3 (Yoast SEO v27.3) - https:\/\/yoast.com\/product\/yoast-seo-premium-wordpress\/ -->\n<title>ITM 2016 : A Global Textile Show With 49.730 Visitors - Textilegence<\/title>\n<meta name=\"description\" content=\"ITM 2016 : A Global Textile Show With 49.730 Visitors. ITM 2016 International Textile Machinery Exhibition was held on June 1-4. ITM 2016, the meeting...\" \/>\n<meta name=\"robots\" content=\"index, follow, max-snippet:-1, max-image-preview:large, max-video-preview:-1\" \/>\n<link rel=\"canonical\" href=\"https:\/\/www.textilegence.com\/en\/itm-2016-a-global-textile-show-with-49-730-visitors\/\" \/>\n<meta property=\"og:locale\" content=\"en_US\" \/>\n<meta property=\"og:type\" content=\"article\" \/>\n<meta property=\"og:title\" content=\"ITM 2016 : A Global Textile Show With 49.730 Visitors\" \/>\n<meta property=\"og:description\" content=\"ITM 2016 : A Global Textile Show With 49.730 Visitors. ITM 2016 International Textile Machinery Exhibition was held on June 1-4. ITM 2016, the meeting\" \/>\n<meta property=\"og:url\" content=\"https:\/\/www.textilegence.com\/en\/itm-2016-a-global-textile-show-with-49-730-visitors\/\" \/>\n<meta property=\"og:site_name\" content=\"Textilegence Magazine and Digital Platform\" \/>\n<meta property=\"article:publisher\" content=\"https:\/\/www.facebook.com\/TextilegenceMagazine\" \/>\n<meta property=\"article:author\" content=\"https:\/\/www.facebook.com\/TextilegenceMagazine\" \/>\n<meta property=\"article:published_time\" content=\"2016-06-21T07:53:31+00:00\" \/>\n<meta property=\"article:modified_time\" content=\"2019-02-22T12:33:47+00:00\" \/>\n<meta property=\"og:image\" content=\"https:\/\/www.textilegence.com\/wp-content\/uploads\/2016\/06\/ITM_Textilegence.jpg\" \/>\n\t<meta property=\"og:image:width\" content=\"500\" \/>\n\t<meta property=\"og:image:height\" content=\"250\" \/>\n\t<meta property=\"og:image:type\" content=\"image\/jpeg\" \/>\n<meta name=\"author\" content=\"Engin Buz\" \/>\n<meta name=\"twitter:card\" content=\"summary_large_image\" \/>\n<meta name=\"twitter:creator\" content=\"@https:\/\/twitter.com\/textilegence\" \/>\n<meta name=\"twitter:site\" content=\"@textilegence\" \/>\n<meta name=\"twitter:label1\" content=\"Written by\" \/>\n\t<meta name=\"twitter:data1\" content=\"Engin Buz\" \/>\n\t<meta name=\"twitter:label2\" content=\"Est. reading time\" \/>\n\t<meta name=\"twitter:data2\" content=\"4 minutes\" \/>\n<script type=\"application\/ld+json\" class=\"yoast-schema-graph\">{\"@context\":\"https:\\\/\\\/schema.org\",\"@graph\":[{\"@type\":\"NewsArticle\",\"@id\":\"https:\\\/\\\/www.textilegence.com\\\/en\\\/itm-2016-a-global-textile-show-with-49-730-visitors\\\/#article\",\"isPartOf\":{\"@id\":\"https:\\\/\\\/www.textilegence.com\\\/en\\\/itm-2016-a-global-textile-show-with-49-730-visitors\\\/\"},\"author\":{\"name\":\"Engin Buz\",\"@id\":\"https:\\\/\\\/www.textilegence.com\\\/en\\\/#\\\/schema\\\/person\\\/46ccc7bfc34edbc7d46b6b189f88849f\"},\"headline\":\"ITM 2016 : A Global Textile Show With 49.730 Visitors\",\"datePublished\":\"2016-06-21T07:53:31+00:00\",\"dateModified\":\"2019-02-22T12:33:47+00:00\",\"mainEntityOfPage\":{\"@id\":\"https:\\\/\\\/www.textilegence.com\\\/en\\\/itm-2016-a-global-textile-show-with-49-730-visitors\\\/\"},\"wordCount\":782,\"commentCount\":0,\"publisher\":{\"@id\":\"https:\\\/\\\/www.textilegence.com\\\/en\\\/#organization\"},\"image\":{\"@id\":\"https:\\\/\\\/www.textilegence.com\\\/en\\\/itm-2016-a-global-textile-show-with-49-730-visitors\\\/#primaryimage\"},\"thumbnailUrl\":\"https:\\\/\\\/www.textilegence.com\\\/wp-content\\\/uploads\\\/2016\\\/06\\\/ITM_Textilegence.jpg\",\"articleSection\":[\"Topical\",\"Trade Fairs\"],\"inLanguage\":\"en-US\",\"potentialAction\":[{\"@type\":\"CommentAction\",\"name\":\"Comment\",\"target\":[\"https:\\\/\\\/www.textilegence.com\\\/en\\\/itm-2016-a-global-textile-show-with-49-730-visitors\\\/#respond\"]}]},{\"@type\":\"WebPage\",\"@id\":\"https:\\\/\\\/www.textilegence.com\\\/en\\\/itm-2016-a-global-textile-show-with-49-730-visitors\\\/\",\"url\":\"https:\\\/\\\/www.textilegence.com\\\/en\\\/itm-2016-a-global-textile-show-with-49-730-visitors\\\/\",\"name\":\"ITM 2016 : A Global Textile Show With 49.730 Visitors - Textilegence\",\"isPartOf\":{\"@id\":\"https:\\\/\\\/www.textilegence.com\\\/en\\\/#website\"},\"primaryImageOfPage\":{\"@id\":\"https:\\\/\\\/www.textilegence.com\\\/en\\\/itm-2016-a-global-textile-show-with-49-730-visitors\\\/#primaryimage\"},\"image\":{\"@id\":\"https:\\\/\\\/www.textilegence.com\\\/en\\\/itm-2016-a-global-textile-show-with-49-730-visitors\\\/#primaryimage\"},\"thumbnailUrl\":\"https:\\\/\\\/www.textilegence.com\\\/wp-content\\\/uploads\\\/2016\\\/06\\\/ITM_Textilegence.jpg\",\"datePublished\":\"2016-06-21T07:53:31+00:00\",\"dateModified\":\"2019-02-22T12:33:47+00:00\",\"description\":\"ITM 2016 : A Global Textile Show With 49.730 Visitors. ITM 2016 International Textile Machinery Exhibition was held on June 1-4. ITM 2016, the meeting...\",\"breadcrumb\":{\"@id\":\"https:\\\/\\\/www.textilegence.com\\\/en\\\/itm-2016-a-global-textile-show-with-49-730-visitors\\\/#breadcrumb\"},\"inLanguage\":\"en-US\",\"potentialAction\":[{\"@type\":\"ReadAction\",\"target\":[\"https:\\\/\\\/www.textilegence.com\\\/en\\\/itm-2016-a-global-textile-show-with-49-730-visitors\\\/\"]}]},{\"@type\":\"ImageObject\",\"inLanguage\":\"en-US\",\"@id\":\"https:\\\/\\\/www.textilegence.com\\\/en\\\/itm-2016-a-global-textile-show-with-49-730-visitors\\\/#primaryimage\",\"url\":\"https:\\\/\\\/www.textilegence.com\\\/wp-content\\\/uploads\\\/2016\\\/06\\\/ITM_Textilegence.jpg\",\"contentUrl\":\"https:\\\/\\\/www.textilegence.com\\\/wp-content\\\/uploads\\\/2016\\\/06\\\/ITM_Textilegence.jpg\",\"width\":500,\"height\":250,\"caption\":\"ITM 2016 fuar\u0131 artan ziyaret\u00e7i ve kat\u0131l\u0131mc\u0131 say\u0131s\u0131yla ba\u015far\u0131s\u0131n\u0131 s\u00fcrd\u00fcrd\u00fc\"},{\"@type\":\"BreadcrumbList\",\"@id\":\"https:\\\/\\\/www.textilegence.com\\\/en\\\/itm-2016-a-global-textile-show-with-49-730-visitors\\\/#breadcrumb\",\"itemListElement\":[{\"@type\":\"ListItem\",\"position\":1,\"name\":\"Home Page\",\"item\":\"https:\\\/\\\/www.textilegence.com\\\/en\\\/homepage-the-rimont\\\/\"},{\"@type\":\"ListItem\",\"position\":2,\"name\":\"Trade Fairs\",\"item\":\"https:\\\/\\\/www.textilegence.com\\\/en\\\/category\\\/trade-fairs\\\/\"},{\"@type\":\"ListItem\",\"position\":3,\"name\":\"ITM 2016 : A Global Textile Show With 49.730 Visitors\"}]},{\"@type\":\"WebSite\",\"@id\":\"https:\\\/\\\/www.textilegence.com\\\/en\\\/#website\",\"url\":\"https:\\\/\\\/www.textilegence.com\\\/en\\\/\",\"name\":\"Textilegence Magazine and Digital Platform\",\"description\":\"Textile News Center\",\"publisher\":{\"@id\":\"https:\\\/\\\/www.textilegence.com\\\/en\\\/#organization\"},\"potentialAction\":[{\"@type\":\"SearchAction\",\"target\":{\"@type\":\"EntryPoint\",\"urlTemplate\":\"https:\\\/\\\/www.textilegence.com\\\/en\\\/?s={search_term_string}\"},\"query-input\":{\"@type\":\"PropertyValueSpecification\",\"valueRequired\":true,\"valueName\":\"search_term_string\"}}],\"inLanguage\":\"en-US\"},{\"@type\":\"Organization\",\"@id\":\"https:\\\/\\\/www.textilegence.com\\\/en\\\/#organization\",\"name\":\"Textilegence Magazine and Digital Platform\",\"url\":\"https:\\\/\\\/www.textilegence.com\\\/en\\\/\",\"logo\":{\"@type\":\"ImageObject\",\"inLanguage\":\"en-US\",\"@id\":\"https:\\\/\\\/www.textilegence.com\\\/en\\\/#\\\/schema\\\/logo\\\/image\\\/\",\"url\":\"https:\\\/\\\/www.textilegence.com\\\/wp-content\\\/uploads\\\/2016\\\/11\\\/New_Retina_Logo_Textilegence.png\",\"contentUrl\":\"https:\\\/\\\/www.textilegence.com\\\/wp-content\\\/uploads\\\/2016\\\/11\\\/New_Retina_Logo_Textilegence.png\",\"width\":544,\"height\":180,\"caption\":\"Textilegence Magazine and Digital Platform\"},\"image\":{\"@id\":\"https:\\\/\\\/www.textilegence.com\\\/en\\\/#\\\/schema\\\/logo\\\/image\\\/\"},\"sameAs\":[\"https:\\\/\\\/www.facebook.com\\\/TextilegenceMagazine\",\"https:\\\/\\\/x.com\\\/textilegence\",\"https:\\\/\\\/www.instagram.com\\\/textilegence\\\/\",\"https:\\\/\\\/www.linkedin.com\\\/groups\\\/Textilegence-Magazine-Digital-Platform-4897253\",\"https:\\\/\\\/www.youtube.com\\\/user\\\/textilegence\"],\"description\":\"Textilegence is a magazine and digital platform established in 2013. It focuses on the textile industry and sub-segments. The platform provides news, articles, and updates on various aspects of the textile industry, including sustainability, technological advancements, and market trends.\",\"email\":\"editor@textilegence.com\",\"telephone\":\"+90 212 442 24 12\",\"legalName\":\"Textilegence Mag and Digital Platform\",\"foundingDate\":\"2013-01-01\",\"numberOfEmployees\":{\"@type\":\"QuantitativeValue\",\"minValue\":\"1\",\"maxValue\":\"10\"}},{\"@type\":\"Person\",\"@id\":\"https:\\\/\\\/www.textilegence.com\\\/en\\\/#\\\/schema\\\/person\\\/46ccc7bfc34edbc7d46b6b189f88849f\",\"name\":\"Engin Buz\",\"image\":{\"@type\":\"ImageObject\",\"inLanguage\":\"en-US\",\"@id\":\"https:\\\/\\\/www.textilegence.com\\\/wp-content\\\/uploads\\\/2018\\\/12\\\/engin-buz.jpg\",\"url\":\"https:\\\/\\\/www.textilegence.com\\\/wp-content\\\/uploads\\\/2018\\\/12\\\/engin-buz.jpg\",\"contentUrl\":\"https:\\\/\\\/www.textilegence.com\\\/wp-content\\\/uploads\\\/2018\\\/12\\\/engin-buz.jpg\",\"caption\":\"Engin Buz\"},\"description\":\"Engin Buz, Ankara \u00dcniversitesi \u0130leti\u015fim Fak\u00fcltesi Gazetecilik B\u00f6l\u00fcm\u00fc\u2019nden mezun olduktan sonra Y\u0131ld\u0131z Teknik \u00dcniversitesi\u2019nde Siyaset Bilimi ve Uluslararas\u0131 \u0130li\u015fkiler alan\u0131nda y\u00fcksek lisans\u0131n\u0131 tamamlam\u0131\u015ft\u0131r. 2000 y\u0131l\u0131ndan sonra \u00e7e\u015fitli yay\u0131nc\u0131l\u0131k \u015firketlerinde \u00e7al\u0131\u015fmaya ba\u015flayarak k\u00fclt\u00fcr-sanat ve daha sonra ekonomi haberleri haz\u0131rlam\u0131\u015ft\u0131r. 2009 y\u0131l\u0131ndan itibaren tekstil end\u00fcstrisine d\u00f6n\u00fck yay\u0131nlarda edit\u00f6r olarak g\u00f6rev alan Buz, 2013 itibariyle kurulan Textilegence\u2019de haber edit\u00f6r\u00fc olarak yer almaya ba\u015flam\u0131\u015ft\u0131r. Engin Buz halen ba\u015fta tekstil ve dijital bask\u0131 end\u00fcstrileri olmak \u00fczere ekonomi haberleri haz\u0131rlamaktad\u0131r.\",\"sameAs\":[\"https:\\\/\\\/www.textilegence.com\",\"https:\\\/\\\/www.facebook.com\\\/TextilegenceMagazine\",\"https:\\\/\\\/www.instagram.com\\\/textilegence\\\/\",\"https:\\\/\\\/www.linkedin.com\\\/in\\\/engin-buz-6190799a\\\/\",\"https:\\\/\\\/x.com\\\/https:\\\/\\\/twitter.com\\\/textilegence\"],\"url\":\"https:\\\/\\\/www.textilegence.com\\\/en\\\/author\\\/engin-buz\\\/\"}]}<\/script>\n<!-- \/ Yoast SEO Premium plugin. -->","yoast_head_json":{"title":"ITM 2016 : A Global Textile Show With 49.730 Visitors - Textilegence","description":"ITM 2016 : A Global Textile Show With 49.730 Visitors. ITM 2016 International Textile Machinery Exhibition was held on June 1-4. ITM 2016, the meeting...","robots":{"index":"index","follow":"follow","max-snippet":"max-snippet:-1","max-image-preview":"max-image-preview:large","max-video-preview":"max-video-preview:-1"},"canonical":"https:\/\/www.textilegence.com\/en\/itm-2016-a-global-textile-show-with-49-730-visitors\/","og_locale":"en_US","og_type":"article","og_title":"ITM 2016 : A Global Textile Show With 49.730 Visitors","og_description":"ITM 2016 : A Global Textile Show With 49.730 Visitors. ITM 2016 International Textile Machinery Exhibition was held on June 1-4. ITM 2016, the meeting","og_url":"https:\/\/www.textilegence.com\/en\/itm-2016-a-global-textile-show-with-49-730-visitors\/","og_site_name":"Textilegence Magazine and Digital Platform","article_publisher":"https:\/\/www.facebook.com\/TextilegenceMagazine","article_author":"https:\/\/www.facebook.com\/TextilegenceMagazine","article_published_time":"2016-06-21T07:53:31+00:00","article_modified_time":"2019-02-22T12:33:47+00:00","og_image":[{"width":500,"height":250,"url":"https:\/\/www.textilegence.com\/wp-content\/uploads\/2016\/06\/ITM_Textilegence.jpg","type":"image\/jpeg"}],"author":"Engin Buz","twitter_card":"summary_large_image","twitter_creator":"@https:\/\/twitter.com\/textilegence","twitter_site":"@textilegence","twitter_misc":{"Written by":"Engin Buz","Est. reading time":"4 minutes"},"schema":{"@context":"https:\/\/schema.org","@graph":[{"@type":"NewsArticle","@id":"https:\/\/www.textilegence.com\/en\/itm-2016-a-global-textile-show-with-49-730-visitors\/#article","isPartOf":{"@id":"https:\/\/www.textilegence.com\/en\/itm-2016-a-global-textile-show-with-49-730-visitors\/"},"author":{"name":"Engin Buz","@id":"https:\/\/www.textilegence.com\/en\/#\/schema\/person\/46ccc7bfc34edbc7d46b6b189f88849f"},"headline":"ITM 2016 : A Global Textile Show With 49.730 Visitors","datePublished":"2016-06-21T07:53:31+00:00","dateModified":"2019-02-22T12:33:47+00:00","mainEntityOfPage":{"@id":"https:\/\/www.textilegence.com\/en\/itm-2016-a-global-textile-show-with-49-730-visitors\/"},"wordCount":782,"commentCount":0,"publisher":{"@id":"https:\/\/www.textilegence.com\/en\/#organization"},"image":{"@id":"https:\/\/www.textilegence.com\/en\/itm-2016-a-global-textile-show-with-49-730-visitors\/#primaryimage"},"thumbnailUrl":"https:\/\/www.textilegence.com\/wp-content\/uploads\/2016\/06\/ITM_Textilegence.jpg","articleSection":["Topical","Trade Fairs"],"inLanguage":"en-US","potentialAction":[{"@type":"CommentAction","name":"Comment","target":["https:\/\/www.textilegence.com\/en\/itm-2016-a-global-textile-show-with-49-730-visitors\/#respond"]}]},{"@type":"WebPage","@id":"https:\/\/www.textilegence.com\/en\/itm-2016-a-global-textile-show-with-49-730-visitors\/","url":"https:\/\/www.textilegence.com\/en\/itm-2016-a-global-textile-show-with-49-730-visitors\/","name":"ITM 2016 : A Global Textile Show With 49.730 Visitors - Textilegence","isPartOf":{"@id":"https:\/\/www.textilegence.com\/en\/#website"},"primaryImageOfPage":{"@id":"https:\/\/www.textilegence.com\/en\/itm-2016-a-global-textile-show-with-49-730-visitors\/#primaryimage"},"image":{"@id":"https:\/\/www.textilegence.com\/en\/itm-2016-a-global-textile-show-with-49-730-visitors\/#primaryimage"},"thumbnailUrl":"https:\/\/www.textilegence.com\/wp-content\/uploads\/2016\/06\/ITM_Textilegence.jpg","datePublished":"2016-06-21T07:53:31+00:00","dateModified":"2019-02-22T12:33:47+00:00","description":"ITM 2016 : A Global Textile Show With 49.730 Visitors. ITM 2016 International Textile Machinery Exhibition was held on June 1-4. ITM 2016, the meeting...","breadcrumb":{"@id":"https:\/\/www.textilegence.com\/en\/itm-2016-a-global-textile-show-with-49-730-visitors\/#breadcrumb"},"inLanguage":"en-US","potentialAction":[{"@type":"ReadAction","target":["https:\/\/www.textilegence.com\/en\/itm-2016-a-global-textile-show-with-49-730-visitors\/"]}]},{"@type":"ImageObject","inLanguage":"en-US","@id":"https:\/\/www.textilegence.com\/en\/itm-2016-a-global-textile-show-with-49-730-visitors\/#primaryimage","url":"https:\/\/www.textilegence.com\/wp-content\/uploads\/2016\/06\/ITM_Textilegence.jpg","contentUrl":"https:\/\/www.textilegence.com\/wp-content\/uploads\/2016\/06\/ITM_Textilegence.jpg","width":500,"height":250,"caption":"ITM 2016 fuar\u0131 artan ziyaret\u00e7i ve kat\u0131l\u0131mc\u0131 say\u0131s\u0131yla ba\u015far\u0131s\u0131n\u0131 s\u00fcrd\u00fcrd\u00fc"},{"@type":"BreadcrumbList","@id":"https:\/\/www.textilegence.com\/en\/itm-2016-a-global-textile-show-with-49-730-visitors\/#breadcrumb","itemListElement":[{"@type":"ListItem","position":1,"name":"Home Page","item":"https:\/\/www.textilegence.com\/en\/homepage-the-rimont\/"},{"@type":"ListItem","position":2,"name":"Trade Fairs","item":"https:\/\/www.textilegence.com\/en\/category\/trade-fairs\/"},{"@type":"ListItem","position":3,"name":"ITM 2016 : A Global Textile Show With 49.730 Visitors"}]},{"@type":"WebSite","@id":"https:\/\/www.textilegence.com\/en\/#website","url":"https:\/\/www.textilegence.com\/en\/","name":"Textilegence Magazine and Digital Platform","description":"Textile News Center","publisher":{"@id":"https:\/\/www.textilegence.com\/en\/#organization"},"potentialAction":[{"@type":"SearchAction","target":{"@type":"EntryPoint","urlTemplate":"https:\/\/www.textilegence.com\/en\/?s={search_term_string}"},"query-input":{"@type":"PropertyValueSpecification","valueRequired":true,"valueName":"search_term_string"}}],"inLanguage":"en-US"},{"@type":"Organization","@id":"https:\/\/www.textilegence.com\/en\/#organization","name":"Textilegence Magazine and Digital Platform","url":"https:\/\/www.textilegence.com\/en\/","logo":{"@type":"ImageObject","inLanguage":"en-US","@id":"https:\/\/www.textilegence.com\/en\/#\/schema\/logo\/image\/","url":"https:\/\/www.textilegence.com\/wp-content\/uploads\/2016\/11\/New_Retina_Logo_Textilegence.png","contentUrl":"https:\/\/www.textilegence.com\/wp-content\/uploads\/2016\/11\/New_Retina_Logo_Textilegence.png","width":544,"height":180,"caption":"Textilegence Magazine and Digital Platform"},"image":{"@id":"https:\/\/www.textilegence.com\/en\/#\/schema\/logo\/image\/"},"sameAs":["https:\/\/www.facebook.com\/TextilegenceMagazine","https:\/\/x.com\/textilegence","https:\/\/www.instagram.com\/textilegence\/","https:\/\/www.linkedin.com\/groups\/Textilegence-Magazine-Digital-Platform-4897253","https:\/\/www.youtube.com\/user\/textilegence"],"description":"Textilegence is a magazine and digital platform established in 2013. It focuses on the textile industry and sub-segments. The platform provides news, articles, and updates on various aspects of the textile industry, including sustainability, technological advancements, and market trends.","email":"editor@textilegence.com","telephone":"+90 212 442 24 12","legalName":"Textilegence Mag and Digital Platform","foundingDate":"2013-01-01","numberOfEmployees":{"@type":"QuantitativeValue","minValue":"1","maxValue":"10"}},{"@type":"Person","@id":"https:\/\/www.textilegence.com\/en\/#\/schema\/person\/46ccc7bfc34edbc7d46b6b189f88849f","name":"Engin Buz","image":{"@type":"ImageObject","inLanguage":"en-US","@id":"https:\/\/www.textilegence.com\/wp-content\/uploads\/2018\/12\/engin-buz.jpg","url":"https:\/\/www.textilegence.com\/wp-content\/uploads\/2018\/12\/engin-buz.jpg","contentUrl":"https:\/\/www.textilegence.com\/wp-content\/uploads\/2018\/12\/engin-buz.jpg","caption":"Engin Buz"},"description":"Engin Buz, Ankara \u00dcniversitesi \u0130leti\u015fim Fak\u00fcltesi Gazetecilik B\u00f6l\u00fcm\u00fc\u2019nden mezun olduktan sonra Y\u0131ld\u0131z Teknik \u00dcniversitesi\u2019nde Siyaset Bilimi ve Uluslararas\u0131 \u0130li\u015fkiler alan\u0131nda y\u00fcksek lisans\u0131n\u0131 tamamlam\u0131\u015ft\u0131r. 2000 y\u0131l\u0131ndan sonra \u00e7e\u015fitli yay\u0131nc\u0131l\u0131k \u015firketlerinde \u00e7al\u0131\u015fmaya ba\u015flayarak k\u00fclt\u00fcr-sanat ve daha sonra ekonomi haberleri haz\u0131rlam\u0131\u015ft\u0131r. 2009 y\u0131l\u0131ndan itibaren tekstil end\u00fcstrisine d\u00f6n\u00fck yay\u0131nlarda edit\u00f6r olarak g\u00f6rev alan Buz, 2013 itibariyle kurulan Textilegence\u2019de haber edit\u00f6r\u00fc olarak yer almaya ba\u015flam\u0131\u015ft\u0131r. Engin Buz halen ba\u015fta tekstil ve dijital bask\u0131 end\u00fcstrileri olmak \u00fczere ekonomi haberleri haz\u0131rlamaktad\u0131r.","sameAs":["https:\/\/www.textilegence.com","https:\/\/www.facebook.com\/TextilegenceMagazine","https:\/\/www.instagram.com\/textilegence\/","https:\/\/www.linkedin.com\/in\/engin-buz-6190799a\/","https:\/\/x.com\/https:\/\/twitter.com\/textilegence"],"url":"https:\/\/www.textilegence.com\/en\/author\/engin-buz\/"}]}},"_links":{"self":[{"href":"https:\/\/www.textilegence.com\/en\/wp-json\/wp\/v2\/posts\/16379","targetHints":{"allow":["GET"]}}],"collection":[{"href":"https:\/\/www.textilegence.com\/en\/wp-json\/wp\/v2\/posts"}],"about":[{"href":"https:\/\/www.textilegence.com\/en\/wp-json\/wp\/v2\/types\/post"}],"author":[{"embeddable":true,"href":"https:\/\/www.textilegence.com\/en\/wp-json\/wp\/v2\/users\/2"}],"replies":[{"embeddable":true,"href":"https:\/\/www.textilegence.com\/en\/wp-json\/wp\/v2\/comments?post=16379"}],"version-history":[{"count":0,"href":"https:\/\/www.textilegence.com\/en\/wp-json\/wp\/v2\/posts\/16379\/revisions"}],"wp:featuredmedia":[{"embeddable":true,"href":"https:\/\/www.textilegence.com\/en\/wp-json\/wp\/v2\/media\/18961"}],"wp:attachment":[{"href":"https:\/\/www.textilegence.com\/en\/wp-json\/wp\/v2\/media?parent=16379"}],"wp:term":[{"taxonomy":"category","embeddable":true,"href":"https:\/\/www.textilegence.com\/en\/wp-json\/wp\/v2\/categories?post=16379"},{"taxonomy":"post_tag","embeddable":true,"href":"https:\/\/www.textilegence.com\/en\/wp-json\/wp\/v2\/tags?post=16379"}],"curies":[{"name":"wp","href":"https:\/\/api.w.org\/{rel}","templated":true}]}}