{"id":16415,"date":"2016-07-20T14:10:58","date_gmt":"2016-07-20T11:10:58","guid":{"rendered":"http:\/\/localhost\/textilegence\/yarn-expo-autumn-reaches-a-record-high-of-exhibitors-2\/"},"modified":"2016-07-20T14:10:58","modified_gmt":"2016-07-20T11:10:58","slug":"yarn-expo-autumn-reaches-a-record-high-of-exhibitors-2","status":"publish","type":"post","link":"https:\/\/www.textilegence.com\/en\/yarn-expo-autumn-reaches-a-record-high-of-exhibitors-2\/","title":{"rendered":"Yarn Expo Autumn Reaches a Record High of Exhibitors"},"content":{"rendered":"<figure id=\"attachment_11933\" aria-describedby=\"caption-attachment-11933\" style=\"width: 500px\" class=\"wp-caption alignleft\"><img loading=\"lazy\" decoding=\"async\" class=\"size-full wp-image-11933\" src=\"http:\/\/textilegence.com\/wp-content\/uploads\/2016\/07\/YARN_Expo_Autumun_Textilegence.jpg\" alt=\"Asya b\u00f6lgesindeki iplik ve elyaf pazar\u0131 Yarn Expo Son bahar fuar\u0131nda bulu\u015facak.\" width=\"500\" height=\"250\" \/><figcaption id=\"caption-attachment-11933\" class=\"wp-caption-text\">Asya b\u00f6lgesindeki iplik ve elyaf pazar\u0131 Yarn Expo Son bahar fuar\u0131nda bulu\u015facak.<\/figcaption><\/figure>\n<p>As the most influential trade platform for yarn and fibre industry players in Asia, <a href=\"http:\/\/yarn-expo-autumn.hk.messefrankfurt.com\/shanghai\/en\/visitors\/welcome.html\">Yarn Expo Autumn<\/a> is renowned for its comprehensive range of exhibitors. As such, the show keeps gaining in popularity, with the number of exhibitors increasing from 258 to more than 270 this year. To date, they come from 12 countries and regions including Mainland China, Hong Kong, Bangladesh, India, Indonesia, Korea, Pakistan, Singapore, Thailand, USA, Uzbekistan and Vietnam. To accommodate this rising number of exhibitors, the exhibition space is further increased by 35% to over 11,500 sqm, marking a new record for the show.<\/p>\n<p>\u201cThe growth of this fair over the past two years has really been remarkable given the global economic situation over this time,\u201d Ms Wendy Wen, Senior General Manager of Messe Frankfurt (HK) Ltd commented. \u201cFrom around 140 exhibitors in 2014 to more than 270 this year, and with the exhibition space more than doubling over this time, the fair is now well-established as the leading industry event in the region. Part of this growth is due to advancements in the fair\u2019s offerings such as the new display zones this year, which provide further opportunities for both exhibitors and buyers in fast-growing product sectors.\u201d<\/p>\n<p><strong>Specific display zones for domestic exhibitors in growing sectors<\/strong><\/p>\n<p>In response to the ever-changing market conditions and growing demand for innovative products, the fair has designated four display zones, namely Natural Cotton Zone, Colourful Chemical Fibre Zone, Fancy Yarn Zone and E-Commerce Zone for corresponding domestic exhibitors. The market is also attaching much importance to eco-friendly products in recent years, and as a result, the fair organisers are incorporating green elements into the display zones. To start with, the Natural Cotton Zone will be focusing on the theme of eco-friendly technology. As one of the key exhibitors of this zone with a major rotor and vortex spinning production base in China, Bazhou Jinfu Yarn Co. Ltd will present their specialty yarns and differentiated viscose yarn in the October fair.<\/p>\n<p>There is also a new Eco-friendly Fibre Area within the Colourful Chemical Fibre Zone which highlights innovative fibres as well as eco-friendly low carbon fibres. Visitors will be able to find recycled polyester fibre from Zhejiang Jiaren New Materials Co. Ltd which boasts eco-friendly, comfortable and functional features thanks to a chemical circulation and regeneration production system.<\/p>\n<p>In view of the positive feedback from exhibitors and visitors in the Spring Edition, the organisers have decided to include a Fancy Yarn Zone in October as well. Having previously exhibited in Yarn Expo Autumn and featuring in this zone in the coming edition, Shouguang Jiaxin Ecological Technology Co Ltd, a manufacturer of coloured spun slub yarn, coloured spun segment-colour yarn and coloured spun AB yarn, finds the show useful in providing an opportunity to meet worldwide customers, including European and Asian buyers, as well as to receive orders.<\/p>\n<p><a href=\"http:\/\/textilegence.com\/yarn-expo-autumn-aims-for-the-sky\/\">Yarn Expo Autumn<\/a> 2016 will be held concurrently with another three textile trade events, namely Intertextile Shanghai Apparel Fabrics \u2013 Autumn Edition, China International Fashion Fair (CHIC) and PH Value. This brings the apparel fabrics and accessories, knitted garments and fashion garments industries under one roof, giving buyers and exhibitors a unique opportunity to leverage from this unique business platform. Yarn Expo Autumn will showcase a wide spectrum of natural and blended yarns including cotton, wool, flax \/ regenerated flax, and man-made fibres and yarns as well as specialty products including elastic, and fancy and blended yarns.<\/p>\n","protected":false},"excerpt":{"rendered":"<p>As the most influential trade platform for yarn and fibre industry players in Asia, Yarn Expo Autumn is renowned for its comprehensive range of exhibitors. As such, the show keeps gaining in popularity, with the number of exhibitors increasing from 258 to more than 270 this year. To date, they come from 12 countries and [&hellip;]<\/p>\n","protected":false},"author":2,"featured_media":0,"comment_status":"open","ping_status":"closed","sticky":false,"template":"","format":"standard","meta":{"footnotes":""},"categories":[9845],"tags":[10223,10062,10242],"class_list":{"0":"post-16415","1":"post","2":"type-post","3":"status-publish","4":"format-standard","6":"category-trade-fairs","7":"tag-fibre","8":"tag-messe-frankfurt-en","9":"tag-yarn"},"yoast_head":"<!-- This site is optimized with the Yoast SEO Premium plugin v27.3 (Yoast SEO v27.3) - https:\/\/yoast.com\/product\/yoast-seo-premium-wordpress\/ -->\n<title>Yarn Expo Autumn Reaches a Record High of Exhibitors - Textilegence Magazine and Digital Platform<\/title>\n<meta name=\"robots\" content=\"index, follow, max-snippet:-1, max-image-preview:large, max-video-preview:-1\" \/>\n<link rel=\"canonical\" href=\"https:\/\/www.textilegence.com\/en\/yarn-expo-autumn-reaches-a-record-high-of-exhibitors-2\/\" \/>\n<meta property=\"og:locale\" content=\"en_US\" \/>\n<meta property=\"og:type\" content=\"article\" \/>\n<meta property=\"og:title\" content=\"Yarn Expo Autumn Reaches a Record High of Exhibitors\" \/>\n<meta property=\"og:description\" content=\"As the most influential trade platform for yarn and fibre industry players in Asia, Yarn Expo Autumn is renowned for its comprehensive range of\" \/>\n<meta property=\"og:url\" content=\"https:\/\/www.textilegence.com\/en\/yarn-expo-autumn-reaches-a-record-high-of-exhibitors-2\/\" \/>\n<meta property=\"og:site_name\" content=\"Textilegence Magazine and Digital Platform\" \/>\n<meta property=\"article:publisher\" content=\"https:\/\/www.facebook.com\/TextilegenceMagazine\" \/>\n<meta property=\"article:author\" content=\"https:\/\/www.facebook.com\/TextilegenceMagazine\" \/>\n<meta property=\"article:published_time\" content=\"2016-07-20T11:10:58+00:00\" \/>\n<meta property=\"og:image\" content=\"http:\/\/textilegence.com\/wp-content\/uploads\/2016\/07\/YARN_Expo_Autumun_Textilegence.jpg\" \/>\n<meta name=\"author\" content=\"Engin Buz\" \/>\n<meta name=\"twitter:card\" content=\"summary_large_image\" \/>\n<meta name=\"twitter:creator\" content=\"@https:\/\/twitter.com\/textilegence\" \/>\n<meta name=\"twitter:site\" content=\"@textilegence\" \/>\n<meta name=\"twitter:label1\" content=\"Written by\" \/>\n\t<meta name=\"twitter:data1\" content=\"Engin Buz\" \/>\n\t<meta name=\"twitter:label2\" content=\"Est. reading time\" \/>\n\t<meta name=\"twitter:data2\" content=\"3 minutes\" \/>\n<script type=\"application\/ld+json\" class=\"yoast-schema-graph\">{\"@context\":\"https:\\\/\\\/schema.org\",\"@graph\":[{\"@type\":\"NewsArticle\",\"@id\":\"https:\\\/\\\/www.textilegence.com\\\/en\\\/yarn-expo-autumn-reaches-a-record-high-of-exhibitors-2\\\/#article\",\"isPartOf\":{\"@id\":\"https:\\\/\\\/www.textilegence.com\\\/en\\\/yarn-expo-autumn-reaches-a-record-high-of-exhibitors-2\\\/\"},\"author\":{\"name\":\"Engin Buz\",\"@id\":\"https:\\\/\\\/www.textilegence.com\\\/en\\\/#\\\/schema\\\/person\\\/46ccc7bfc34edbc7d46b6b189f88849f\"},\"headline\":\"Yarn Expo Autumn Reaches a Record High of Exhibitors\",\"datePublished\":\"2016-07-20T11:10:58+00:00\",\"mainEntityOfPage\":{\"@id\":\"https:\\\/\\\/www.textilegence.com\\\/en\\\/yarn-expo-autumn-reaches-a-record-high-of-exhibitors-2\\\/\"},\"wordCount\":594,\"commentCount\":0,\"publisher\":{\"@id\":\"https:\\\/\\\/www.textilegence.com\\\/en\\\/#organization\"},\"image\":{\"@id\":\"https:\\\/\\\/www.textilegence.com\\\/en\\\/yarn-expo-autumn-reaches-a-record-high-of-exhibitors-2\\\/#primaryimage\"},\"thumbnailUrl\":\"http:\\\/\\\/textilegence.com\\\/wp-content\\\/uploads\\\/2016\\\/07\\\/YARN_Expo_Autumun_Textilegence.jpg\",\"keywords\":[\"fibre\",\"messe frankfurt\",\"yarn\"],\"articleSection\":[\"Trade Fairs\"],\"inLanguage\":\"en-US\",\"potentialAction\":[{\"@type\":\"CommentAction\",\"name\":\"Comment\",\"target\":[\"https:\\\/\\\/www.textilegence.com\\\/en\\\/yarn-expo-autumn-reaches-a-record-high-of-exhibitors-2\\\/#respond\"]}]},{\"@type\":\"WebPage\",\"@id\":\"https:\\\/\\\/www.textilegence.com\\\/en\\\/yarn-expo-autumn-reaches-a-record-high-of-exhibitors-2\\\/\",\"url\":\"https:\\\/\\\/www.textilegence.com\\\/en\\\/yarn-expo-autumn-reaches-a-record-high-of-exhibitors-2\\\/\",\"name\":\"Yarn Expo Autumn Reaches a Record High of Exhibitors - Textilegence Magazine and Digital Platform\",\"isPartOf\":{\"@id\":\"https:\\\/\\\/www.textilegence.com\\\/en\\\/#website\"},\"primaryImageOfPage\":{\"@id\":\"https:\\\/\\\/www.textilegence.com\\\/en\\\/yarn-expo-autumn-reaches-a-record-high-of-exhibitors-2\\\/#primaryimage\"},\"image\":{\"@id\":\"https:\\\/\\\/www.textilegence.com\\\/en\\\/yarn-expo-autumn-reaches-a-record-high-of-exhibitors-2\\\/#primaryimage\"},\"thumbnailUrl\":\"http:\\\/\\\/textilegence.com\\\/wp-content\\\/uploads\\\/2016\\\/07\\\/YARN_Expo_Autumun_Textilegence.jpg\",\"datePublished\":\"2016-07-20T11:10:58+00:00\",\"breadcrumb\":{\"@id\":\"https:\\\/\\\/www.textilegence.com\\\/en\\\/yarn-expo-autumn-reaches-a-record-high-of-exhibitors-2\\\/#breadcrumb\"},\"inLanguage\":\"en-US\",\"potentialAction\":[{\"@type\":\"ReadAction\",\"target\":[\"https:\\\/\\\/www.textilegence.com\\\/en\\\/yarn-expo-autumn-reaches-a-record-high-of-exhibitors-2\\\/\"]}]},{\"@type\":\"ImageObject\",\"inLanguage\":\"en-US\",\"@id\":\"https:\\\/\\\/www.textilegence.com\\\/en\\\/yarn-expo-autumn-reaches-a-record-high-of-exhibitors-2\\\/#primaryimage\",\"url\":\"http:\\\/\\\/textilegence.com\\\/wp-content\\\/uploads\\\/2016\\\/07\\\/YARN_Expo_Autumun_Textilegence.jpg\",\"contentUrl\":\"http:\\\/\\\/textilegence.com\\\/wp-content\\\/uploads\\\/2016\\\/07\\\/YARN_Expo_Autumun_Textilegence.jpg\"},{\"@type\":\"BreadcrumbList\",\"@id\":\"https:\\\/\\\/www.textilegence.com\\\/en\\\/yarn-expo-autumn-reaches-a-record-high-of-exhibitors-2\\\/#breadcrumb\",\"itemListElement\":[{\"@type\":\"ListItem\",\"position\":1,\"name\":\"Home Page\",\"item\":\"https:\\\/\\\/www.textilegence.com\\\/en\\\/homepage-the-rimont\\\/\"},{\"@type\":\"ListItem\",\"position\":2,\"name\":\"Trade Fairs\",\"item\":\"https:\\\/\\\/www.textilegence.com\\\/en\\\/category\\\/trade-fairs\\\/\"},{\"@type\":\"ListItem\",\"position\":3,\"name\":\"Yarn Expo Autumn Reaches a Record High of Exhibitors\"}]},{\"@type\":\"WebSite\",\"@id\":\"https:\\\/\\\/www.textilegence.com\\\/en\\\/#website\",\"url\":\"https:\\\/\\\/www.textilegence.com\\\/en\\\/\",\"name\":\"Textilegence Magazine and Digital Platform\",\"description\":\"Textile News Center\",\"publisher\":{\"@id\":\"https:\\\/\\\/www.textilegence.com\\\/en\\\/#organization\"},\"potentialAction\":[{\"@type\":\"SearchAction\",\"target\":{\"@type\":\"EntryPoint\",\"urlTemplate\":\"https:\\\/\\\/www.textilegence.com\\\/en\\\/?s={search_term_string}\"},\"query-input\":{\"@type\":\"PropertyValueSpecification\",\"valueRequired\":true,\"valueName\":\"search_term_string\"}}],\"inLanguage\":\"en-US\"},{\"@type\":\"Organization\",\"@id\":\"https:\\\/\\\/www.textilegence.com\\\/en\\\/#organization\",\"name\":\"Textilegence Magazine and Digital Platform\",\"url\":\"https:\\\/\\\/www.textilegence.com\\\/en\\\/\",\"logo\":{\"@type\":\"ImageObject\",\"inLanguage\":\"en-US\",\"@id\":\"https:\\\/\\\/www.textilegence.com\\\/en\\\/#\\\/schema\\\/logo\\\/image\\\/\",\"url\":\"https:\\\/\\\/www.textilegence.com\\\/wp-content\\\/uploads\\\/2016\\\/11\\\/New_Retina_Logo_Textilegence.png\",\"contentUrl\":\"https:\\\/\\\/www.textilegence.com\\\/wp-content\\\/uploads\\\/2016\\\/11\\\/New_Retina_Logo_Textilegence.png\",\"width\":544,\"height\":180,\"caption\":\"Textilegence Magazine and Digital Platform\"},\"image\":{\"@id\":\"https:\\\/\\\/www.textilegence.com\\\/en\\\/#\\\/schema\\\/logo\\\/image\\\/\"},\"sameAs\":[\"https:\\\/\\\/www.facebook.com\\\/TextilegenceMagazine\",\"https:\\\/\\\/x.com\\\/textilegence\",\"https:\\\/\\\/www.instagram.com\\\/textilegence\\\/\",\"https:\\\/\\\/www.linkedin.com\\\/groups\\\/Textilegence-Magazine-Digital-Platform-4897253\",\"https:\\\/\\\/www.youtube.com\\\/user\\\/textilegence\"],\"description\":\"Textilegence is a magazine and digital platform established in 2013. It focuses on the textile industry and sub-segments. The platform provides news, articles, and updates on various aspects of the textile industry, including sustainability, technological advancements, and market trends.\",\"email\":\"editor@textilegence.com\",\"telephone\":\"+90 212 442 24 12\",\"legalName\":\"Textilegence Mag and Digital Platform\",\"foundingDate\":\"2013-01-01\",\"numberOfEmployees\":{\"@type\":\"QuantitativeValue\",\"minValue\":\"1\",\"maxValue\":\"10\"}},{\"@type\":\"Person\",\"@id\":\"https:\\\/\\\/www.textilegence.com\\\/en\\\/#\\\/schema\\\/person\\\/46ccc7bfc34edbc7d46b6b189f88849f\",\"name\":\"Engin Buz\",\"image\":{\"@type\":\"ImageObject\",\"inLanguage\":\"en-US\",\"@id\":\"https:\\\/\\\/www.textilegence.com\\\/wp-content\\\/uploads\\\/2018\\\/12\\\/engin-buz.jpg\",\"url\":\"https:\\\/\\\/www.textilegence.com\\\/wp-content\\\/uploads\\\/2018\\\/12\\\/engin-buz.jpg\",\"contentUrl\":\"https:\\\/\\\/www.textilegence.com\\\/wp-content\\\/uploads\\\/2018\\\/12\\\/engin-buz.jpg\",\"caption\":\"Engin Buz\"},\"description\":\"Engin Buz, Ankara \u00dcniversitesi \u0130leti\u015fim Fak\u00fcltesi Gazetecilik B\u00f6l\u00fcm\u00fc\u2019nden mezun olduktan sonra Y\u0131ld\u0131z Teknik \u00dcniversitesi\u2019nde Siyaset Bilimi ve Uluslararas\u0131 \u0130li\u015fkiler alan\u0131nda y\u00fcksek lisans\u0131n\u0131 tamamlam\u0131\u015ft\u0131r. 2000 y\u0131l\u0131ndan sonra \u00e7e\u015fitli yay\u0131nc\u0131l\u0131k \u015firketlerinde \u00e7al\u0131\u015fmaya ba\u015flayarak k\u00fclt\u00fcr-sanat ve daha sonra ekonomi haberleri haz\u0131rlam\u0131\u015ft\u0131r. 2009 y\u0131l\u0131ndan itibaren tekstil end\u00fcstrisine d\u00f6n\u00fck yay\u0131nlarda edit\u00f6r olarak g\u00f6rev alan Buz, 2013 itibariyle kurulan Textilegence\u2019de haber edit\u00f6r\u00fc olarak yer almaya ba\u015flam\u0131\u015ft\u0131r. Engin Buz halen ba\u015fta tekstil ve dijital bask\u0131 end\u00fcstrileri olmak \u00fczere ekonomi haberleri haz\u0131rlamaktad\u0131r.\",\"sameAs\":[\"https:\\\/\\\/www.textilegence.com\",\"https:\\\/\\\/www.facebook.com\\\/TextilegenceMagazine\",\"https:\\\/\\\/www.instagram.com\\\/textilegence\\\/\",\"https:\\\/\\\/www.linkedin.com\\\/in\\\/engin-buz-6190799a\\\/\",\"https:\\\/\\\/x.com\\\/https:\\\/\\\/twitter.com\\\/textilegence\"],\"url\":\"https:\\\/\\\/www.textilegence.com\\\/en\\\/author\\\/engin-buz\\\/\"}]}<\/script>\n<!-- \/ Yoast SEO Premium plugin. -->","yoast_head_json":{"title":"Yarn Expo Autumn Reaches a Record High of Exhibitors - Textilegence Magazine and Digital Platform","robots":{"index":"index","follow":"follow","max-snippet":"max-snippet:-1","max-image-preview":"max-image-preview:large","max-video-preview":"max-video-preview:-1"},"canonical":"https:\/\/www.textilegence.com\/en\/yarn-expo-autumn-reaches-a-record-high-of-exhibitors-2\/","og_locale":"en_US","og_type":"article","og_title":"Yarn Expo Autumn Reaches a Record High of Exhibitors","og_description":"As the most influential trade platform for yarn and fibre industry players in Asia, Yarn Expo Autumn is renowned for its comprehensive range of","og_url":"https:\/\/www.textilegence.com\/en\/yarn-expo-autumn-reaches-a-record-high-of-exhibitors-2\/","og_site_name":"Textilegence Magazine and Digital Platform","article_publisher":"https:\/\/www.facebook.com\/TextilegenceMagazine","article_author":"https:\/\/www.facebook.com\/TextilegenceMagazine","article_published_time":"2016-07-20T11:10:58+00:00","og_image":[{"url":"http:\/\/textilegence.com\/wp-content\/uploads\/2016\/07\/YARN_Expo_Autumun_Textilegence.jpg","type":"","width":"","height":""}],"author":"Engin Buz","twitter_card":"summary_large_image","twitter_creator":"@https:\/\/twitter.com\/textilegence","twitter_site":"@textilegence","twitter_misc":{"Written by":"Engin Buz","Est. reading time":"3 minutes"},"schema":{"@context":"https:\/\/schema.org","@graph":[{"@type":"NewsArticle","@id":"https:\/\/www.textilegence.com\/en\/yarn-expo-autumn-reaches-a-record-high-of-exhibitors-2\/#article","isPartOf":{"@id":"https:\/\/www.textilegence.com\/en\/yarn-expo-autumn-reaches-a-record-high-of-exhibitors-2\/"},"author":{"name":"Engin Buz","@id":"https:\/\/www.textilegence.com\/en\/#\/schema\/person\/46ccc7bfc34edbc7d46b6b189f88849f"},"headline":"Yarn Expo Autumn Reaches a Record High of Exhibitors","datePublished":"2016-07-20T11:10:58+00:00","mainEntityOfPage":{"@id":"https:\/\/www.textilegence.com\/en\/yarn-expo-autumn-reaches-a-record-high-of-exhibitors-2\/"},"wordCount":594,"commentCount":0,"publisher":{"@id":"https:\/\/www.textilegence.com\/en\/#organization"},"image":{"@id":"https:\/\/www.textilegence.com\/en\/yarn-expo-autumn-reaches-a-record-high-of-exhibitors-2\/#primaryimage"},"thumbnailUrl":"http:\/\/textilegence.com\/wp-content\/uploads\/2016\/07\/YARN_Expo_Autumun_Textilegence.jpg","keywords":["fibre","messe frankfurt","yarn"],"articleSection":["Trade Fairs"],"inLanguage":"en-US","potentialAction":[{"@type":"CommentAction","name":"Comment","target":["https:\/\/www.textilegence.com\/en\/yarn-expo-autumn-reaches-a-record-high-of-exhibitors-2\/#respond"]}]},{"@type":"WebPage","@id":"https:\/\/www.textilegence.com\/en\/yarn-expo-autumn-reaches-a-record-high-of-exhibitors-2\/","url":"https:\/\/www.textilegence.com\/en\/yarn-expo-autumn-reaches-a-record-high-of-exhibitors-2\/","name":"Yarn Expo Autumn Reaches a Record High of Exhibitors - Textilegence Magazine and Digital Platform","isPartOf":{"@id":"https:\/\/www.textilegence.com\/en\/#website"},"primaryImageOfPage":{"@id":"https:\/\/www.textilegence.com\/en\/yarn-expo-autumn-reaches-a-record-high-of-exhibitors-2\/#primaryimage"},"image":{"@id":"https:\/\/www.textilegence.com\/en\/yarn-expo-autumn-reaches-a-record-high-of-exhibitors-2\/#primaryimage"},"thumbnailUrl":"http:\/\/textilegence.com\/wp-content\/uploads\/2016\/07\/YARN_Expo_Autumun_Textilegence.jpg","datePublished":"2016-07-20T11:10:58+00:00","breadcrumb":{"@id":"https:\/\/www.textilegence.com\/en\/yarn-expo-autumn-reaches-a-record-high-of-exhibitors-2\/#breadcrumb"},"inLanguage":"en-US","potentialAction":[{"@type":"ReadAction","target":["https:\/\/www.textilegence.com\/en\/yarn-expo-autumn-reaches-a-record-high-of-exhibitors-2\/"]}]},{"@type":"ImageObject","inLanguage":"en-US","@id":"https:\/\/www.textilegence.com\/en\/yarn-expo-autumn-reaches-a-record-high-of-exhibitors-2\/#primaryimage","url":"http:\/\/textilegence.com\/wp-content\/uploads\/2016\/07\/YARN_Expo_Autumun_Textilegence.jpg","contentUrl":"http:\/\/textilegence.com\/wp-content\/uploads\/2016\/07\/YARN_Expo_Autumun_Textilegence.jpg"},{"@type":"BreadcrumbList","@id":"https:\/\/www.textilegence.com\/en\/yarn-expo-autumn-reaches-a-record-high-of-exhibitors-2\/#breadcrumb","itemListElement":[{"@type":"ListItem","position":1,"name":"Home Page","item":"https:\/\/www.textilegence.com\/en\/homepage-the-rimont\/"},{"@type":"ListItem","position":2,"name":"Trade Fairs","item":"https:\/\/www.textilegence.com\/en\/category\/trade-fairs\/"},{"@type":"ListItem","position":3,"name":"Yarn Expo Autumn Reaches a Record High of Exhibitors"}]},{"@type":"WebSite","@id":"https:\/\/www.textilegence.com\/en\/#website","url":"https:\/\/www.textilegence.com\/en\/","name":"Textilegence Magazine and Digital Platform","description":"Textile News Center","publisher":{"@id":"https:\/\/www.textilegence.com\/en\/#organization"},"potentialAction":[{"@type":"SearchAction","target":{"@type":"EntryPoint","urlTemplate":"https:\/\/www.textilegence.com\/en\/?s={search_term_string}"},"query-input":{"@type":"PropertyValueSpecification","valueRequired":true,"valueName":"search_term_string"}}],"inLanguage":"en-US"},{"@type":"Organization","@id":"https:\/\/www.textilegence.com\/en\/#organization","name":"Textilegence Magazine and Digital Platform","url":"https:\/\/www.textilegence.com\/en\/","logo":{"@type":"ImageObject","inLanguage":"en-US","@id":"https:\/\/www.textilegence.com\/en\/#\/schema\/logo\/image\/","url":"https:\/\/www.textilegence.com\/wp-content\/uploads\/2016\/11\/New_Retina_Logo_Textilegence.png","contentUrl":"https:\/\/www.textilegence.com\/wp-content\/uploads\/2016\/11\/New_Retina_Logo_Textilegence.png","width":544,"height":180,"caption":"Textilegence Magazine and Digital Platform"},"image":{"@id":"https:\/\/www.textilegence.com\/en\/#\/schema\/logo\/image\/"},"sameAs":["https:\/\/www.facebook.com\/TextilegenceMagazine","https:\/\/x.com\/textilegence","https:\/\/www.instagram.com\/textilegence\/","https:\/\/www.linkedin.com\/groups\/Textilegence-Magazine-Digital-Platform-4897253","https:\/\/www.youtube.com\/user\/textilegence"],"description":"Textilegence is a magazine and digital platform established in 2013. It focuses on the textile industry and sub-segments. The platform provides news, articles, and updates on various aspects of the textile industry, including sustainability, technological advancements, and market trends.","email":"editor@textilegence.com","telephone":"+90 212 442 24 12","legalName":"Textilegence Mag and Digital Platform","foundingDate":"2013-01-01","numberOfEmployees":{"@type":"QuantitativeValue","minValue":"1","maxValue":"10"}},{"@type":"Person","@id":"https:\/\/www.textilegence.com\/en\/#\/schema\/person\/46ccc7bfc34edbc7d46b6b189f88849f","name":"Engin Buz","image":{"@type":"ImageObject","inLanguage":"en-US","@id":"https:\/\/www.textilegence.com\/wp-content\/uploads\/2018\/12\/engin-buz.jpg","url":"https:\/\/www.textilegence.com\/wp-content\/uploads\/2018\/12\/engin-buz.jpg","contentUrl":"https:\/\/www.textilegence.com\/wp-content\/uploads\/2018\/12\/engin-buz.jpg","caption":"Engin Buz"},"description":"Engin Buz, Ankara \u00dcniversitesi \u0130leti\u015fim Fak\u00fcltesi Gazetecilik B\u00f6l\u00fcm\u00fc\u2019nden mezun olduktan sonra Y\u0131ld\u0131z Teknik \u00dcniversitesi\u2019nde Siyaset Bilimi ve Uluslararas\u0131 \u0130li\u015fkiler alan\u0131nda y\u00fcksek lisans\u0131n\u0131 tamamlam\u0131\u015ft\u0131r. 2000 y\u0131l\u0131ndan sonra \u00e7e\u015fitli yay\u0131nc\u0131l\u0131k \u015firketlerinde \u00e7al\u0131\u015fmaya ba\u015flayarak k\u00fclt\u00fcr-sanat ve daha sonra ekonomi haberleri haz\u0131rlam\u0131\u015ft\u0131r. 2009 y\u0131l\u0131ndan itibaren tekstil end\u00fcstrisine d\u00f6n\u00fck yay\u0131nlarda edit\u00f6r olarak g\u00f6rev alan Buz, 2013 itibariyle kurulan Textilegence\u2019de haber edit\u00f6r\u00fc olarak yer almaya ba\u015flam\u0131\u015ft\u0131r. Engin Buz halen ba\u015fta tekstil ve dijital bask\u0131 end\u00fcstrileri olmak \u00fczere ekonomi haberleri haz\u0131rlamaktad\u0131r.","sameAs":["https:\/\/www.textilegence.com","https:\/\/www.facebook.com\/TextilegenceMagazine","https:\/\/www.instagram.com\/textilegence\/","https:\/\/www.linkedin.com\/in\/engin-buz-6190799a\/","https:\/\/x.com\/https:\/\/twitter.com\/textilegence"],"url":"https:\/\/www.textilegence.com\/en\/author\/engin-buz\/"}]}},"_links":{"self":[{"href":"https:\/\/www.textilegence.com\/en\/wp-json\/wp\/v2\/posts\/16415","targetHints":{"allow":["GET"]}}],"collection":[{"href":"https:\/\/www.textilegence.com\/en\/wp-json\/wp\/v2\/posts"}],"about":[{"href":"https:\/\/www.textilegence.com\/en\/wp-json\/wp\/v2\/types\/post"}],"author":[{"embeddable":true,"href":"https:\/\/www.textilegence.com\/en\/wp-json\/wp\/v2\/users\/2"}],"replies":[{"embeddable":true,"href":"https:\/\/www.textilegence.com\/en\/wp-json\/wp\/v2\/comments?post=16415"}],"version-history":[{"count":0,"href":"https:\/\/www.textilegence.com\/en\/wp-json\/wp\/v2\/posts\/16415\/revisions"}],"wp:attachment":[{"href":"https:\/\/www.textilegence.com\/en\/wp-json\/wp\/v2\/media?parent=16415"}],"wp:term":[{"taxonomy":"category","embeddable":true,"href":"https:\/\/www.textilegence.com\/en\/wp-json\/wp\/v2\/categories?post=16415"},{"taxonomy":"post_tag","embeddable":true,"href":"https:\/\/www.textilegence.com\/en\/wp-json\/wp\/v2\/tags?post=16415"}],"curies":[{"name":"wp","href":"https:\/\/api.w.org\/{rel}","templated":true}]}}