{"id":16421,"date":"2016-07-21T11:27:31","date_gmt":"2016-07-21T08:27:31","guid":{"rendered":"http:\/\/localhost\/textilegence\/international-sourcing-expo-will-be-held-in-australia-2\/"},"modified":"2019-01-24T09:16:03","modified_gmt":"2019-01-24T06:16:03","slug":"international-sourcing-expo-will-be-held-in-australia-2","status":"publish","type":"post","link":"https:\/\/www.textilegence.com\/en\/international-sourcing-expo-will-be-held-in-australia-2\/","title":{"rendered":"International Sourcing Expo Will Be Held in Australia"},"content":{"rendered":"<figure id=\"attachment_11950\" aria-describedby=\"caption-attachment-11950\" style=\"width: 324px\" class=\"wp-caption alignleft\"><img loading=\"lazy\" decoding=\"async\" class=\"wp-image-11950\" src=\"http:\/\/textilegence.com\/wp-content\/uploads\/2016\/07\/International_Sourcing_Expo_Textilegence.jpg\" alt=\"International Sourcing Expo Fuar\u0131 tekstil sekt\u00f6r\u00fcn\u00fc Melbourne'de bulu\u015fturacak.\" width=\"324\" height=\"162\" \/><figcaption id=\"caption-attachment-11950\" class=\"wp-caption-text\">International Sourcing Expo Fuar\u0131 tekstil sekt\u00f6r\u00fcn\u00fc Melbourne&#8217;de bulu\u015fturacak.<\/figcaption><\/figure>\n<p style=\"text-align: justify;\"><strong>International Sourcing Expo Brings Textile Exporters Together in Australia<\/strong><\/p>\n<p style=\"text-align: justify;\"><a href=\"http:\/\/www.internationalsourcingexpo.com\/\">International Sourcing Expo<\/a> will be held on 15<sup>th<\/sup>-17<sup>th<\/sup> November in Australia, Melbourne Convention &amp; Exhibition Centre. The national participation of the exhibition will be organized by TG Expo International <a href=\"https:\/\/www.textilegence.com\/en\/category\/trade-fairs\/\">Fair<\/a>s Inc. Co. \u00a02790 visitors and 450 exhibitors participated in the exhibition last year.<\/p>\n<p style=\"text-align: justify;\"><strong>Increasing Number of Exhibitors<\/strong><\/p>\n<p style=\"text-align: justify;\">Weaving textile, home textile, man\u2019s clothing, sports clothing, children\u2019s clothing producers will be participating the exhibition this year. The exhibitors\u2019 countries were Albania, Australia, Bangladesh, China, Fiji, Germany, Hong Kong, India, Italy, South Korea, Malaysia, Mauritius, New Zealand, Pakistan, Singapore, Sri Lanka, Switzerland, United Kingdom and Vietnam.<\/p>\n<p style=\"text-align: justify;\"><strong>The Exhibitors Export from Turkey<\/strong><\/p>\n<p style=\"text-align: justify;\">According to \u0130stanbul Ready Made Garment Exporters&#8217; Association (IHKIB) 2014-2015 Report, Germany imports from Turkey mostly readymade clothing and textile (13.426.432.264 USD). Germany was followed by UK, Iraq, Italy and USA. Considering the exhibitors from UK, Germany and USA, the exhibition is a main opportunity for the companies aiming to export towards these countries, to gain new business connections, to follow up the latest developments in the sector and to penetrate into new markets.<\/p>\n<p style=\"text-align: justify;\"><strong>About TG Expo International Fairs Inc. Co.<\/strong><\/p>\n<p style=\"text-align: justify;\">TG Expo International Fairs Inc. Co. was founded in 2008. TG Expo organizes exhibitions in United Arab Emirates, United States of America, Saudi Arabia, Republic of South Africa, Nigeria, Egypt, Serbia, Australia, Kazakhstan and Italy. Accredited by Republic of Turkey Ministry of Economy, TG Expo supports export companies to grow attempts and business development process which contribute to national and international economy.<\/p>\n","protected":false},"excerpt":{"rendered":"<p>International Sourcing Expo Brings Textile Exporters Together in Australia International Sourcing Expo will be held on 15th-17th November in Australia, Melbourne Convention &amp; Exhibition Centre. The national participation of the exhibition will be organized by TG Expo International Fairs Inc. Co. \u00a02790 visitors and 450 exhibitors participated in the exhibition last year. Increasing Number of [&hellip;]<\/p>\n","protected":false},"author":2,"featured_media":18999,"comment_status":"open","ping_status":"closed","sticky":false,"template":"","format":"standard","meta":{"footnotes":""},"categories":[9845],"tags":[10430,9886],"class_list":{"0":"post-16421","1":"post","2":"type-post","3":"status-publish","4":"format-standard","5":"has-post-thumbnail","7":"category-trade-fairs","8":"tag-home-textiles","9":"tag-ready-to-wear"},"yoast_head":"<!-- This site is optimized with the Yoast SEO Premium plugin v27.3 (Yoast SEO v27.3) - https:\/\/yoast.com\/product\/yoast-seo-premium-wordpress\/ -->\n<title>International Sourcing Expo Will Be Held in Australia - Textilegence<\/title>\n<meta name=\"description\" content=\"International Sourcing Expo Brings Textile Exporters Together in AustraliaInternational Sourcing Expo will be held on 15th-17th November in Australia...\" \/>\n<meta name=\"robots\" content=\"index, follow, max-snippet:-1, max-image-preview:large, max-video-preview:-1\" \/>\n<link rel=\"canonical\" href=\"https:\/\/www.textilegence.com\/en\/international-sourcing-expo-will-be-held-in-australia-2\/\" \/>\n<meta property=\"og:locale\" content=\"en_US\" \/>\n<meta property=\"og:type\" content=\"article\" \/>\n<meta property=\"og:title\" content=\"International Sourcing Expo Will Be Held in Australia\" \/>\n<meta property=\"og:description\" content=\"International Sourcing Expo Brings Textile Exporters Together in Australia International Sourcing Expo will be held on 15th-17th November in Australia,\" \/>\n<meta property=\"og:url\" content=\"https:\/\/www.textilegence.com\/en\/international-sourcing-expo-will-be-held-in-australia-2\/\" \/>\n<meta property=\"og:site_name\" content=\"Textilegence Magazine and Digital Platform\" \/>\n<meta property=\"article:publisher\" content=\"https:\/\/www.facebook.com\/TextilegenceMagazine\" \/>\n<meta property=\"article:author\" content=\"https:\/\/www.facebook.com\/TextilegenceMagazine\" \/>\n<meta property=\"article:published_time\" content=\"2016-07-21T08:27:31+00:00\" \/>\n<meta property=\"article:modified_time\" content=\"2019-01-24T06:16:03+00:00\" \/>\n<meta property=\"og:image\" content=\"https:\/\/www.textilegence.com\/wp-content\/uploads\/2016\/07\/International_Sourcing_Expo_Textilegence.jpg\" \/>\n\t<meta property=\"og:image:width\" content=\"500\" \/>\n\t<meta property=\"og:image:height\" content=\"250\" \/>\n\t<meta property=\"og:image:type\" content=\"image\/jpeg\" \/>\n<meta name=\"author\" content=\"Engin Buz\" \/>\n<meta name=\"twitter:card\" content=\"summary_large_image\" \/>\n<meta name=\"twitter:creator\" content=\"@https:\/\/twitter.com\/textilegence\" \/>\n<meta name=\"twitter:site\" content=\"@textilegence\" \/>\n<meta name=\"twitter:label1\" content=\"Written by\" \/>\n\t<meta name=\"twitter:data1\" content=\"Engin Buz\" \/>\n\t<meta name=\"twitter:label2\" content=\"Est. reading time\" \/>\n\t<meta name=\"twitter:data2\" content=\"1 minute\" \/>\n<script type=\"application\/ld+json\" class=\"yoast-schema-graph\">{\"@context\":\"https:\\\/\\\/schema.org\",\"@graph\":[{\"@type\":\"NewsArticle\",\"@id\":\"https:\\\/\\\/www.textilegence.com\\\/en\\\/international-sourcing-expo-will-be-held-in-australia-2\\\/#article\",\"isPartOf\":{\"@id\":\"https:\\\/\\\/www.textilegence.com\\\/en\\\/international-sourcing-expo-will-be-held-in-australia-2\\\/\"},\"author\":{\"name\":\"Engin Buz\",\"@id\":\"https:\\\/\\\/www.textilegence.com\\\/en\\\/#\\\/schema\\\/person\\\/46ccc7bfc34edbc7d46b6b189f88849f\"},\"headline\":\"International Sourcing Expo Will Be Held in Australia\",\"datePublished\":\"2016-07-21T08:27:31+00:00\",\"dateModified\":\"2019-01-24T06:16:03+00:00\",\"mainEntityOfPage\":{\"@id\":\"https:\\\/\\\/www.textilegence.com\\\/en\\\/international-sourcing-expo-will-be-held-in-australia-2\\\/\"},\"wordCount\":277,\"commentCount\":0,\"publisher\":{\"@id\":\"https:\\\/\\\/www.textilegence.com\\\/en\\\/#organization\"},\"image\":{\"@id\":\"https:\\\/\\\/www.textilegence.com\\\/en\\\/international-sourcing-expo-will-be-held-in-australia-2\\\/#primaryimage\"},\"thumbnailUrl\":\"https:\\\/\\\/www.textilegence.com\\\/wp-content\\\/uploads\\\/2016\\\/07\\\/International_Sourcing_Expo_Textilegence.jpg\",\"keywords\":[\"home textiles\",\"ready-to-wear\"],\"articleSection\":[\"Trade Fairs\"],\"inLanguage\":\"en-US\",\"potentialAction\":[{\"@type\":\"CommentAction\",\"name\":\"Comment\",\"target\":[\"https:\\\/\\\/www.textilegence.com\\\/en\\\/international-sourcing-expo-will-be-held-in-australia-2\\\/#respond\"]}]},{\"@type\":\"WebPage\",\"@id\":\"https:\\\/\\\/www.textilegence.com\\\/en\\\/international-sourcing-expo-will-be-held-in-australia-2\\\/\",\"url\":\"https:\\\/\\\/www.textilegence.com\\\/en\\\/international-sourcing-expo-will-be-held-in-australia-2\\\/\",\"name\":\"International Sourcing Expo Will Be Held in Australia - Textilegence\",\"isPartOf\":{\"@id\":\"https:\\\/\\\/www.textilegence.com\\\/en\\\/#website\"},\"primaryImageOfPage\":{\"@id\":\"https:\\\/\\\/www.textilegence.com\\\/en\\\/international-sourcing-expo-will-be-held-in-australia-2\\\/#primaryimage\"},\"image\":{\"@id\":\"https:\\\/\\\/www.textilegence.com\\\/en\\\/international-sourcing-expo-will-be-held-in-australia-2\\\/#primaryimage\"},\"thumbnailUrl\":\"https:\\\/\\\/www.textilegence.com\\\/wp-content\\\/uploads\\\/2016\\\/07\\\/International_Sourcing_Expo_Textilegence.jpg\",\"datePublished\":\"2016-07-21T08:27:31+00:00\",\"dateModified\":\"2019-01-24T06:16:03+00:00\",\"description\":\"International Sourcing Expo Brings Textile Exporters Together in AustraliaInternational Sourcing Expo will be held on 15th-17th November in Australia...\",\"breadcrumb\":{\"@id\":\"https:\\\/\\\/www.textilegence.com\\\/en\\\/international-sourcing-expo-will-be-held-in-australia-2\\\/#breadcrumb\"},\"inLanguage\":\"en-US\",\"potentialAction\":[{\"@type\":\"ReadAction\",\"target\":[\"https:\\\/\\\/www.textilegence.com\\\/en\\\/international-sourcing-expo-will-be-held-in-australia-2\\\/\"]}]},{\"@type\":\"ImageObject\",\"inLanguage\":\"en-US\",\"@id\":\"https:\\\/\\\/www.textilegence.com\\\/en\\\/international-sourcing-expo-will-be-held-in-australia-2\\\/#primaryimage\",\"url\":\"https:\\\/\\\/www.textilegence.com\\\/wp-content\\\/uploads\\\/2016\\\/07\\\/International_Sourcing_Expo_Textilegence.jpg\",\"contentUrl\":\"https:\\\/\\\/www.textilegence.com\\\/wp-content\\\/uploads\\\/2016\\\/07\\\/International_Sourcing_Expo_Textilegence.jpg\",\"width\":500,\"height\":250,\"caption\":\"International Sourcing Expo Fuar\u0131 tekstil sekt\u00f6r\u00fcn\u00fc Melbourne'de bulu\u015fturacak.\"},{\"@type\":\"BreadcrumbList\",\"@id\":\"https:\\\/\\\/www.textilegence.com\\\/en\\\/international-sourcing-expo-will-be-held-in-australia-2\\\/#breadcrumb\",\"itemListElement\":[{\"@type\":\"ListItem\",\"position\":1,\"name\":\"Home Page\",\"item\":\"https:\\\/\\\/www.textilegence.com\\\/en\\\/homepage-the-rimont\\\/\"},{\"@type\":\"ListItem\",\"position\":2,\"name\":\"Trade Fairs\",\"item\":\"https:\\\/\\\/www.textilegence.com\\\/en\\\/category\\\/trade-fairs\\\/\"},{\"@type\":\"ListItem\",\"position\":3,\"name\":\"International Sourcing Expo Will Be Held in Australia\"}]},{\"@type\":\"WebSite\",\"@id\":\"https:\\\/\\\/www.textilegence.com\\\/en\\\/#website\",\"url\":\"https:\\\/\\\/www.textilegence.com\\\/en\\\/\",\"name\":\"Textilegence Magazine and Digital Platform\",\"description\":\"Textile News Center\",\"publisher\":{\"@id\":\"https:\\\/\\\/www.textilegence.com\\\/en\\\/#organization\"},\"potentialAction\":[{\"@type\":\"SearchAction\",\"target\":{\"@type\":\"EntryPoint\",\"urlTemplate\":\"https:\\\/\\\/www.textilegence.com\\\/en\\\/?s={search_term_string}\"},\"query-input\":{\"@type\":\"PropertyValueSpecification\",\"valueRequired\":true,\"valueName\":\"search_term_string\"}}],\"inLanguage\":\"en-US\"},{\"@type\":\"Organization\",\"@id\":\"https:\\\/\\\/www.textilegence.com\\\/en\\\/#organization\",\"name\":\"Textilegence Magazine and Digital Platform\",\"url\":\"https:\\\/\\\/www.textilegence.com\\\/en\\\/\",\"logo\":{\"@type\":\"ImageObject\",\"inLanguage\":\"en-US\",\"@id\":\"https:\\\/\\\/www.textilegence.com\\\/en\\\/#\\\/schema\\\/logo\\\/image\\\/\",\"url\":\"https:\\\/\\\/www.textilegence.com\\\/wp-content\\\/uploads\\\/2016\\\/11\\\/New_Retina_Logo_Textilegence.png\",\"contentUrl\":\"https:\\\/\\\/www.textilegence.com\\\/wp-content\\\/uploads\\\/2016\\\/11\\\/New_Retina_Logo_Textilegence.png\",\"width\":544,\"height\":180,\"caption\":\"Textilegence Magazine and Digital Platform\"},\"image\":{\"@id\":\"https:\\\/\\\/www.textilegence.com\\\/en\\\/#\\\/schema\\\/logo\\\/image\\\/\"},\"sameAs\":[\"https:\\\/\\\/www.facebook.com\\\/TextilegenceMagazine\",\"https:\\\/\\\/x.com\\\/textilegence\",\"https:\\\/\\\/www.instagram.com\\\/textilegence\\\/\",\"https:\\\/\\\/www.linkedin.com\\\/groups\\\/Textilegence-Magazine-Digital-Platform-4897253\",\"https:\\\/\\\/www.youtube.com\\\/user\\\/textilegence\"],\"description\":\"Textilegence is a magazine and digital platform established in 2013. It focuses on the textile industry and sub-segments. The platform provides news, articles, and updates on various aspects of the textile industry, including sustainability, technological advancements, and market trends.\",\"email\":\"editor@textilegence.com\",\"telephone\":\"+90 212 442 24 12\",\"legalName\":\"Textilegence Mag and Digital Platform\",\"foundingDate\":\"2013-01-01\",\"numberOfEmployees\":{\"@type\":\"QuantitativeValue\",\"minValue\":\"1\",\"maxValue\":\"10\"}},{\"@type\":\"Person\",\"@id\":\"https:\\\/\\\/www.textilegence.com\\\/en\\\/#\\\/schema\\\/person\\\/46ccc7bfc34edbc7d46b6b189f88849f\",\"name\":\"Engin Buz\",\"image\":{\"@type\":\"ImageObject\",\"inLanguage\":\"en-US\",\"@id\":\"https:\\\/\\\/www.textilegence.com\\\/wp-content\\\/uploads\\\/2018\\\/12\\\/engin-buz.jpg\",\"url\":\"https:\\\/\\\/www.textilegence.com\\\/wp-content\\\/uploads\\\/2018\\\/12\\\/engin-buz.jpg\",\"contentUrl\":\"https:\\\/\\\/www.textilegence.com\\\/wp-content\\\/uploads\\\/2018\\\/12\\\/engin-buz.jpg\",\"caption\":\"Engin Buz\"},\"description\":\"Engin Buz, Ankara \u00dcniversitesi \u0130leti\u015fim Fak\u00fcltesi Gazetecilik B\u00f6l\u00fcm\u00fc\u2019nden mezun olduktan sonra Y\u0131ld\u0131z Teknik \u00dcniversitesi\u2019nde Siyaset Bilimi ve Uluslararas\u0131 \u0130li\u015fkiler alan\u0131nda y\u00fcksek lisans\u0131n\u0131 tamamlam\u0131\u015ft\u0131r. 2000 y\u0131l\u0131ndan sonra \u00e7e\u015fitli yay\u0131nc\u0131l\u0131k \u015firketlerinde \u00e7al\u0131\u015fmaya ba\u015flayarak k\u00fclt\u00fcr-sanat ve daha sonra ekonomi haberleri haz\u0131rlam\u0131\u015ft\u0131r. 2009 y\u0131l\u0131ndan itibaren tekstil end\u00fcstrisine d\u00f6n\u00fck yay\u0131nlarda edit\u00f6r olarak g\u00f6rev alan Buz, 2013 itibariyle kurulan Textilegence\u2019de haber edit\u00f6r\u00fc olarak yer almaya ba\u015flam\u0131\u015ft\u0131r. Engin Buz halen ba\u015fta tekstil ve dijital bask\u0131 end\u00fcstrileri olmak \u00fczere ekonomi haberleri haz\u0131rlamaktad\u0131r.\",\"sameAs\":[\"https:\\\/\\\/www.textilegence.com\",\"https:\\\/\\\/www.facebook.com\\\/TextilegenceMagazine\",\"https:\\\/\\\/www.instagram.com\\\/textilegence\\\/\",\"https:\\\/\\\/www.linkedin.com\\\/in\\\/engin-buz-6190799a\\\/\",\"https:\\\/\\\/x.com\\\/https:\\\/\\\/twitter.com\\\/textilegence\"],\"url\":\"https:\\\/\\\/www.textilegence.com\\\/en\\\/author\\\/engin-buz\\\/\"}]}<\/script>\n<!-- \/ Yoast SEO Premium plugin. -->","yoast_head_json":{"title":"International Sourcing Expo Will Be Held in Australia - Textilegence","description":"International Sourcing Expo Brings Textile Exporters Together in AustraliaInternational Sourcing Expo will be held on 15th-17th November in Australia...","robots":{"index":"index","follow":"follow","max-snippet":"max-snippet:-1","max-image-preview":"max-image-preview:large","max-video-preview":"max-video-preview:-1"},"canonical":"https:\/\/www.textilegence.com\/en\/international-sourcing-expo-will-be-held-in-australia-2\/","og_locale":"en_US","og_type":"article","og_title":"International Sourcing Expo Will Be Held in Australia","og_description":"International Sourcing Expo Brings Textile Exporters Together in Australia International Sourcing Expo will be held on 15th-17th November in Australia,","og_url":"https:\/\/www.textilegence.com\/en\/international-sourcing-expo-will-be-held-in-australia-2\/","og_site_name":"Textilegence Magazine and Digital Platform","article_publisher":"https:\/\/www.facebook.com\/TextilegenceMagazine","article_author":"https:\/\/www.facebook.com\/TextilegenceMagazine","article_published_time":"2016-07-21T08:27:31+00:00","article_modified_time":"2019-01-24T06:16:03+00:00","og_image":[{"width":500,"height":250,"url":"https:\/\/www.textilegence.com\/wp-content\/uploads\/2016\/07\/International_Sourcing_Expo_Textilegence.jpg","type":"image\/jpeg"}],"author":"Engin Buz","twitter_card":"summary_large_image","twitter_creator":"@https:\/\/twitter.com\/textilegence","twitter_site":"@textilegence","twitter_misc":{"Written by":"Engin Buz","Est. reading time":"1 minute"},"schema":{"@context":"https:\/\/schema.org","@graph":[{"@type":"NewsArticle","@id":"https:\/\/www.textilegence.com\/en\/international-sourcing-expo-will-be-held-in-australia-2\/#article","isPartOf":{"@id":"https:\/\/www.textilegence.com\/en\/international-sourcing-expo-will-be-held-in-australia-2\/"},"author":{"name":"Engin Buz","@id":"https:\/\/www.textilegence.com\/en\/#\/schema\/person\/46ccc7bfc34edbc7d46b6b189f88849f"},"headline":"International Sourcing Expo Will Be Held in Australia","datePublished":"2016-07-21T08:27:31+00:00","dateModified":"2019-01-24T06:16:03+00:00","mainEntityOfPage":{"@id":"https:\/\/www.textilegence.com\/en\/international-sourcing-expo-will-be-held-in-australia-2\/"},"wordCount":277,"commentCount":0,"publisher":{"@id":"https:\/\/www.textilegence.com\/en\/#organization"},"image":{"@id":"https:\/\/www.textilegence.com\/en\/international-sourcing-expo-will-be-held-in-australia-2\/#primaryimage"},"thumbnailUrl":"https:\/\/www.textilegence.com\/wp-content\/uploads\/2016\/07\/International_Sourcing_Expo_Textilegence.jpg","keywords":["home textiles","ready-to-wear"],"articleSection":["Trade Fairs"],"inLanguage":"en-US","potentialAction":[{"@type":"CommentAction","name":"Comment","target":["https:\/\/www.textilegence.com\/en\/international-sourcing-expo-will-be-held-in-australia-2\/#respond"]}]},{"@type":"WebPage","@id":"https:\/\/www.textilegence.com\/en\/international-sourcing-expo-will-be-held-in-australia-2\/","url":"https:\/\/www.textilegence.com\/en\/international-sourcing-expo-will-be-held-in-australia-2\/","name":"International Sourcing Expo Will Be Held in Australia - Textilegence","isPartOf":{"@id":"https:\/\/www.textilegence.com\/en\/#website"},"primaryImageOfPage":{"@id":"https:\/\/www.textilegence.com\/en\/international-sourcing-expo-will-be-held-in-australia-2\/#primaryimage"},"image":{"@id":"https:\/\/www.textilegence.com\/en\/international-sourcing-expo-will-be-held-in-australia-2\/#primaryimage"},"thumbnailUrl":"https:\/\/www.textilegence.com\/wp-content\/uploads\/2016\/07\/International_Sourcing_Expo_Textilegence.jpg","datePublished":"2016-07-21T08:27:31+00:00","dateModified":"2019-01-24T06:16:03+00:00","description":"International Sourcing Expo Brings Textile Exporters Together in AustraliaInternational Sourcing Expo will be held on 15th-17th November in Australia...","breadcrumb":{"@id":"https:\/\/www.textilegence.com\/en\/international-sourcing-expo-will-be-held-in-australia-2\/#breadcrumb"},"inLanguage":"en-US","potentialAction":[{"@type":"ReadAction","target":["https:\/\/www.textilegence.com\/en\/international-sourcing-expo-will-be-held-in-australia-2\/"]}]},{"@type":"ImageObject","inLanguage":"en-US","@id":"https:\/\/www.textilegence.com\/en\/international-sourcing-expo-will-be-held-in-australia-2\/#primaryimage","url":"https:\/\/www.textilegence.com\/wp-content\/uploads\/2016\/07\/International_Sourcing_Expo_Textilegence.jpg","contentUrl":"https:\/\/www.textilegence.com\/wp-content\/uploads\/2016\/07\/International_Sourcing_Expo_Textilegence.jpg","width":500,"height":250,"caption":"International Sourcing Expo Fuar\u0131 tekstil sekt\u00f6r\u00fcn\u00fc Melbourne'de bulu\u015fturacak."},{"@type":"BreadcrumbList","@id":"https:\/\/www.textilegence.com\/en\/international-sourcing-expo-will-be-held-in-australia-2\/#breadcrumb","itemListElement":[{"@type":"ListItem","position":1,"name":"Home Page","item":"https:\/\/www.textilegence.com\/en\/homepage-the-rimont\/"},{"@type":"ListItem","position":2,"name":"Trade Fairs","item":"https:\/\/www.textilegence.com\/en\/category\/trade-fairs\/"},{"@type":"ListItem","position":3,"name":"International Sourcing Expo Will Be Held in Australia"}]},{"@type":"WebSite","@id":"https:\/\/www.textilegence.com\/en\/#website","url":"https:\/\/www.textilegence.com\/en\/","name":"Textilegence Magazine and Digital Platform","description":"Textile News Center","publisher":{"@id":"https:\/\/www.textilegence.com\/en\/#organization"},"potentialAction":[{"@type":"SearchAction","target":{"@type":"EntryPoint","urlTemplate":"https:\/\/www.textilegence.com\/en\/?s={search_term_string}"},"query-input":{"@type":"PropertyValueSpecification","valueRequired":true,"valueName":"search_term_string"}}],"inLanguage":"en-US"},{"@type":"Organization","@id":"https:\/\/www.textilegence.com\/en\/#organization","name":"Textilegence Magazine and Digital Platform","url":"https:\/\/www.textilegence.com\/en\/","logo":{"@type":"ImageObject","inLanguage":"en-US","@id":"https:\/\/www.textilegence.com\/en\/#\/schema\/logo\/image\/","url":"https:\/\/www.textilegence.com\/wp-content\/uploads\/2016\/11\/New_Retina_Logo_Textilegence.png","contentUrl":"https:\/\/www.textilegence.com\/wp-content\/uploads\/2016\/11\/New_Retina_Logo_Textilegence.png","width":544,"height":180,"caption":"Textilegence Magazine and Digital Platform"},"image":{"@id":"https:\/\/www.textilegence.com\/en\/#\/schema\/logo\/image\/"},"sameAs":["https:\/\/www.facebook.com\/TextilegenceMagazine","https:\/\/x.com\/textilegence","https:\/\/www.instagram.com\/textilegence\/","https:\/\/www.linkedin.com\/groups\/Textilegence-Magazine-Digital-Platform-4897253","https:\/\/www.youtube.com\/user\/textilegence"],"description":"Textilegence is a magazine and digital platform established in 2013. It focuses on the textile industry and sub-segments. The platform provides news, articles, and updates on various aspects of the textile industry, including sustainability, technological advancements, and market trends.","email":"editor@textilegence.com","telephone":"+90 212 442 24 12","legalName":"Textilegence Mag and Digital Platform","foundingDate":"2013-01-01","numberOfEmployees":{"@type":"QuantitativeValue","minValue":"1","maxValue":"10"}},{"@type":"Person","@id":"https:\/\/www.textilegence.com\/en\/#\/schema\/person\/46ccc7bfc34edbc7d46b6b189f88849f","name":"Engin Buz","image":{"@type":"ImageObject","inLanguage":"en-US","@id":"https:\/\/www.textilegence.com\/wp-content\/uploads\/2018\/12\/engin-buz.jpg","url":"https:\/\/www.textilegence.com\/wp-content\/uploads\/2018\/12\/engin-buz.jpg","contentUrl":"https:\/\/www.textilegence.com\/wp-content\/uploads\/2018\/12\/engin-buz.jpg","caption":"Engin Buz"},"description":"Engin Buz, Ankara \u00dcniversitesi \u0130leti\u015fim Fak\u00fcltesi Gazetecilik B\u00f6l\u00fcm\u00fc\u2019nden mezun olduktan sonra Y\u0131ld\u0131z Teknik \u00dcniversitesi\u2019nde Siyaset Bilimi ve Uluslararas\u0131 \u0130li\u015fkiler alan\u0131nda y\u00fcksek lisans\u0131n\u0131 tamamlam\u0131\u015ft\u0131r. 2000 y\u0131l\u0131ndan sonra \u00e7e\u015fitli yay\u0131nc\u0131l\u0131k \u015firketlerinde \u00e7al\u0131\u015fmaya ba\u015flayarak k\u00fclt\u00fcr-sanat ve daha sonra ekonomi haberleri haz\u0131rlam\u0131\u015ft\u0131r. 2009 y\u0131l\u0131ndan itibaren tekstil end\u00fcstrisine d\u00f6n\u00fck yay\u0131nlarda edit\u00f6r olarak g\u00f6rev alan Buz, 2013 itibariyle kurulan Textilegence\u2019de haber edit\u00f6r\u00fc olarak yer almaya ba\u015flam\u0131\u015ft\u0131r. Engin Buz halen ba\u015fta tekstil ve dijital bask\u0131 end\u00fcstrileri olmak \u00fczere ekonomi haberleri haz\u0131rlamaktad\u0131r.","sameAs":["https:\/\/www.textilegence.com","https:\/\/www.facebook.com\/TextilegenceMagazine","https:\/\/www.instagram.com\/textilegence\/","https:\/\/www.linkedin.com\/in\/engin-buz-6190799a\/","https:\/\/x.com\/https:\/\/twitter.com\/textilegence"],"url":"https:\/\/www.textilegence.com\/en\/author\/engin-buz\/"}]}},"_links":{"self":[{"href":"https:\/\/www.textilegence.com\/en\/wp-json\/wp\/v2\/posts\/16421","targetHints":{"allow":["GET"]}}],"collection":[{"href":"https:\/\/www.textilegence.com\/en\/wp-json\/wp\/v2\/posts"}],"about":[{"href":"https:\/\/www.textilegence.com\/en\/wp-json\/wp\/v2\/types\/post"}],"author":[{"embeddable":true,"href":"https:\/\/www.textilegence.com\/en\/wp-json\/wp\/v2\/users\/2"}],"replies":[{"embeddable":true,"href":"https:\/\/www.textilegence.com\/en\/wp-json\/wp\/v2\/comments?post=16421"}],"version-history":[{"count":0,"href":"https:\/\/www.textilegence.com\/en\/wp-json\/wp\/v2\/posts\/16421\/revisions"}],"wp:featuredmedia":[{"embeddable":true,"href":"https:\/\/www.textilegence.com\/en\/wp-json\/wp\/v2\/media\/18999"}],"wp:attachment":[{"href":"https:\/\/www.textilegence.com\/en\/wp-json\/wp\/v2\/media?parent=16421"}],"wp:term":[{"taxonomy":"category","embeddable":true,"href":"https:\/\/www.textilegence.com\/en\/wp-json\/wp\/v2\/categories?post=16421"},{"taxonomy":"post_tag","embeddable":true,"href":"https:\/\/www.textilegence.com\/en\/wp-json\/wp\/v2\/tags?post=16421"}],"curies":[{"name":"wp","href":"https:\/\/api.w.org\/{rel}","templated":true}]}}