{"id":16427,"date":"2016-07-22T11:17:43","date_gmt":"2016-07-22T08:17:43","guid":{"rendered":"http:\/\/localhost\/textilegence\/materias-smart-textiles-are-at-mood-indigo-brussels-2016\/"},"modified":"2016-07-22T11:17:43","modified_gmt":"2016-07-22T08:17:43","slug":"materias-smart-textiles-are-at-mood-indigo-brussels-2016","status":"publish","type":"post","link":"https:\/\/www.textilegence.com\/en\/materias-smart-textiles-are-at-mood-indigo-brussels-2016\/","title":{"rendered":"Materia\u2019s Smart Textiles Are at MoOD &#038; Indigo Brussels 2016"},"content":{"rendered":"<figure id=\"attachment_11972\" aria-describedby=\"caption-attachment-11972\" style=\"width: 500px\" class=\"wp-caption alignleft\"><img loading=\"lazy\" decoding=\"async\" class=\"size-full wp-image-11972\" src=\"http:\/\/textilegence.com\/wp-content\/uploads\/2016\/07\/Materia_Textilegence.jpg\" alt=\"Materia ak\u0131ll\u0131 tekstiller ile g\u00fcnl\u00fck hayata de\u011fer kat\u0131yor.\" width=\"500\" height=\"250\" \/><figcaption id=\"caption-attachment-11972\" class=\"wp-caption-text\">Materia ak\u0131ll\u0131 tekstiller ile g\u00fcnl\u00fck hayata de\u011fer kat\u0131yor.<\/figcaption><\/figure>\n<p>During <a href=\"http:\/\/www.moodbrussels.com\/en\">MoOD &amp; Indigo<\/a> Brussels 2016 (6-8 September), <a href=\"http:\/\/materia.nl\/\">Materia<\/a> will present the &#8220;Smart textiles&#8221; exhibition which will be focusing on textiles for architecture and interior, fashion, mobility, sports and healthcare.<\/p>\n<p>The <a href=\"http:\/\/textilegence.com\/en\/technical-textiles\/\">versatility<\/a> of textiles is undeniable &#8211; whether it is used in interior design, the automotive industry, furniture, architecture, design or fashion. Irrespective of whether it is woven, non-woven or knitted by robots; textiles are an excellent multi-functional medium Strong and lightweight, flexible, transportable, self-cleaning, antibacterial, odour purifying, or regulating daylight with sensors that react to UV radiation or temperature; the development of textiles is growing in every sector.<\/p>\n<p>Fabrics are also being produced from new material sources such as agricultural left overs, cork or wood. And not forgetting e-textiles that give light, sound and other displays to increase protection, communication or comfort. Many of these latest textiles will be shown at Tour &amp; Taxis during MoOD &amp; Indigo Brussels.<\/p>\n<p>This exhibition will not only demonstrate the enormous capabilities of these materials, but also the opportunities smart textiles offer to positively impact our lives and interior industry.<\/p>\n<p>Materia is the leading international platform for material innovation focusing on events, inspiration and co-creation. Materia promotes joint innovation for a more beautiful, more sustainable and high-quality built and finished environments. Through independent and a continuously growing collection of more than 2,600 inspiring materials, Materia connects building professionals.<\/p>\n","protected":false},"excerpt":{"rendered":"<p>During MoOD &amp; Indigo Brussels 2016 (6-8 September), Materia will present the &#8220;Smart textiles&#8221; exhibition which will be focusing on textiles for architecture and interior, fashion, mobility, sports and healthcare. The versatility of textiles is undeniable &#8211; whether it is used in interior design, the automotive industry, furniture, architecture, design or fashion. Irrespective of whether [&hellip;]<\/p>\n","protected":false},"author":2,"featured_media":0,"comment_status":"open","ping_status":"closed","sticky":false,"template":"","format":"standard","meta":{"footnotes":""},"categories":[9866],"tags":[11165,10626,11249],"class_list":{"0":"post-16427","1":"post","2":"type-post","3":"status-publish","4":"format-standard","6":"category-technical-textiles","7":"tag-event-en-2","8":"tag-smart-textiles-en","9":"tag-sustainable-en-2"},"yoast_head":"<!-- This site is optimized with the Yoast SEO Premium plugin v27.3 (Yoast SEO v27.3) - https:\/\/yoast.com\/product\/yoast-seo-premium-wordpress\/ -->\n<title>Materia\u2019s Smart Textiles Are at MoOD &amp; Indigo Brussels 2016 - Textilegence Magazine and Digital Platform<\/title>\n<meta name=\"robots\" content=\"index, follow, max-snippet:-1, max-image-preview:large, max-video-preview:-1\" \/>\n<link rel=\"canonical\" href=\"https:\/\/www.textilegence.com\/en\/materias-smart-textiles-are-at-mood-indigo-brussels-2016\/\" \/>\n<meta property=\"og:locale\" content=\"en_US\" \/>\n<meta property=\"og:type\" content=\"article\" \/>\n<meta property=\"og:title\" content=\"Materia\u2019s Smart Textiles Are at MoOD &amp; Indigo Brussels 2016\" \/>\n<meta property=\"og:description\" content=\"During MoOD &amp; Indigo Brussels 2016 (6-8 September), Materia will present the &quot;Smart textiles&quot; exhibition which will be focusing on textiles for\" \/>\n<meta property=\"og:url\" content=\"https:\/\/www.textilegence.com\/en\/materias-smart-textiles-are-at-mood-indigo-brussels-2016\/\" \/>\n<meta property=\"og:site_name\" content=\"Textilegence Magazine and Digital Platform\" \/>\n<meta property=\"article:publisher\" content=\"https:\/\/www.facebook.com\/TextilegenceMagazine\" \/>\n<meta property=\"article:author\" content=\"https:\/\/www.facebook.com\/TextilegenceMagazine\" \/>\n<meta property=\"article:published_time\" content=\"2016-07-22T08:17:43+00:00\" \/>\n<meta property=\"og:image\" content=\"http:\/\/textilegence.com\/wp-content\/uploads\/2016\/07\/Materia_Textilegence.jpg\" \/>\n<meta name=\"author\" content=\"Engin Buz\" \/>\n<meta name=\"twitter:card\" content=\"summary_large_image\" \/>\n<meta name=\"twitter:creator\" content=\"@https:\/\/twitter.com\/textilegence\" \/>\n<meta name=\"twitter:site\" content=\"@textilegence\" \/>\n<meta name=\"twitter:label1\" content=\"Written by\" \/>\n\t<meta name=\"twitter:data1\" content=\"Engin Buz\" \/>\n\t<meta name=\"twitter:label2\" content=\"Est. reading time\" \/>\n\t<meta name=\"twitter:data2\" content=\"1 minute\" \/>\n<script type=\"application\/ld+json\" class=\"yoast-schema-graph\">{\"@context\":\"https:\\\/\\\/schema.org\",\"@graph\":[{\"@type\":\"NewsArticle\",\"@id\":\"https:\\\/\\\/www.textilegence.com\\\/en\\\/materias-smart-textiles-are-at-mood-indigo-brussels-2016\\\/#article\",\"isPartOf\":{\"@id\":\"https:\\\/\\\/www.textilegence.com\\\/en\\\/materias-smart-textiles-are-at-mood-indigo-brussels-2016\\\/\"},\"author\":{\"name\":\"Engin Buz\",\"@id\":\"https:\\\/\\\/www.textilegence.com\\\/en\\\/#\\\/schema\\\/person\\\/46ccc7bfc34edbc7d46b6b189f88849f\"},\"headline\":\"Materia\u2019s Smart Textiles Are at MoOD &#038; Indigo Brussels 2016\",\"datePublished\":\"2016-07-22T08:17:43+00:00\",\"mainEntityOfPage\":{\"@id\":\"https:\\\/\\\/www.textilegence.com\\\/en\\\/materias-smart-textiles-are-at-mood-indigo-brussels-2016\\\/\"},\"wordCount\":252,\"commentCount\":0,\"publisher\":{\"@id\":\"https:\\\/\\\/www.textilegence.com\\\/en\\\/#organization\"},\"image\":{\"@id\":\"https:\\\/\\\/www.textilegence.com\\\/en\\\/materias-smart-textiles-are-at-mood-indigo-brussels-2016\\\/#primaryimage\"},\"thumbnailUrl\":\"http:\\\/\\\/textilegence.com\\\/wp-content\\\/uploads\\\/2016\\\/07\\\/Materia_Textilegence.jpg\",\"keywords\":[\"event\",\"smart textiles\",\"sustainable\"],\"articleSection\":[\"Technical Textiles\"],\"inLanguage\":\"en-US\",\"potentialAction\":[{\"@type\":\"CommentAction\",\"name\":\"Comment\",\"target\":[\"https:\\\/\\\/www.textilegence.com\\\/en\\\/materias-smart-textiles-are-at-mood-indigo-brussels-2016\\\/#respond\"]}]},{\"@type\":\"WebPage\",\"@id\":\"https:\\\/\\\/www.textilegence.com\\\/en\\\/materias-smart-textiles-are-at-mood-indigo-brussels-2016\\\/\",\"url\":\"https:\\\/\\\/www.textilegence.com\\\/en\\\/materias-smart-textiles-are-at-mood-indigo-brussels-2016\\\/\",\"name\":\"Materia\u2019s Smart Textiles Are at MoOD & Indigo Brussels 2016 - Textilegence Magazine and Digital Platform\",\"isPartOf\":{\"@id\":\"https:\\\/\\\/www.textilegence.com\\\/en\\\/#website\"},\"primaryImageOfPage\":{\"@id\":\"https:\\\/\\\/www.textilegence.com\\\/en\\\/materias-smart-textiles-are-at-mood-indigo-brussels-2016\\\/#primaryimage\"},\"image\":{\"@id\":\"https:\\\/\\\/www.textilegence.com\\\/en\\\/materias-smart-textiles-are-at-mood-indigo-brussels-2016\\\/#primaryimage\"},\"thumbnailUrl\":\"http:\\\/\\\/textilegence.com\\\/wp-content\\\/uploads\\\/2016\\\/07\\\/Materia_Textilegence.jpg\",\"datePublished\":\"2016-07-22T08:17:43+00:00\",\"breadcrumb\":{\"@id\":\"https:\\\/\\\/www.textilegence.com\\\/en\\\/materias-smart-textiles-are-at-mood-indigo-brussels-2016\\\/#breadcrumb\"},\"inLanguage\":\"en-US\",\"potentialAction\":[{\"@type\":\"ReadAction\",\"target\":[\"https:\\\/\\\/www.textilegence.com\\\/en\\\/materias-smart-textiles-are-at-mood-indigo-brussels-2016\\\/\"]}]},{\"@type\":\"ImageObject\",\"inLanguage\":\"en-US\",\"@id\":\"https:\\\/\\\/www.textilegence.com\\\/en\\\/materias-smart-textiles-are-at-mood-indigo-brussels-2016\\\/#primaryimage\",\"url\":\"http:\\\/\\\/textilegence.com\\\/wp-content\\\/uploads\\\/2016\\\/07\\\/Materia_Textilegence.jpg\",\"contentUrl\":\"http:\\\/\\\/textilegence.com\\\/wp-content\\\/uploads\\\/2016\\\/07\\\/Materia_Textilegence.jpg\"},{\"@type\":\"BreadcrumbList\",\"@id\":\"https:\\\/\\\/www.textilegence.com\\\/en\\\/materias-smart-textiles-are-at-mood-indigo-brussels-2016\\\/#breadcrumb\",\"itemListElement\":[{\"@type\":\"ListItem\",\"position\":1,\"name\":\"Home Page\",\"item\":\"https:\\\/\\\/www.textilegence.com\\\/en\\\/homepage-the-rimont\\\/\"},{\"@type\":\"ListItem\",\"position\":2,\"name\":\"Technical Textiles\",\"item\":\"https:\\\/\\\/www.textilegence.com\\\/en\\\/category\\\/technical-textiles\\\/\"},{\"@type\":\"ListItem\",\"position\":3,\"name\":\"Materia\u2019s Smart Textiles Are at MoOD &#038; Indigo Brussels 2016\"}]},{\"@type\":\"WebSite\",\"@id\":\"https:\\\/\\\/www.textilegence.com\\\/en\\\/#website\",\"url\":\"https:\\\/\\\/www.textilegence.com\\\/en\\\/\",\"name\":\"Textilegence Magazine and Digital Platform\",\"description\":\"Textile News Center\",\"publisher\":{\"@id\":\"https:\\\/\\\/www.textilegence.com\\\/en\\\/#organization\"},\"potentialAction\":[{\"@type\":\"SearchAction\",\"target\":{\"@type\":\"EntryPoint\",\"urlTemplate\":\"https:\\\/\\\/www.textilegence.com\\\/en\\\/?s={search_term_string}\"},\"query-input\":{\"@type\":\"PropertyValueSpecification\",\"valueRequired\":true,\"valueName\":\"search_term_string\"}}],\"inLanguage\":\"en-US\"},{\"@type\":\"Organization\",\"@id\":\"https:\\\/\\\/www.textilegence.com\\\/en\\\/#organization\",\"name\":\"Textilegence Magazine and Digital Platform\",\"url\":\"https:\\\/\\\/www.textilegence.com\\\/en\\\/\",\"logo\":{\"@type\":\"ImageObject\",\"inLanguage\":\"en-US\",\"@id\":\"https:\\\/\\\/www.textilegence.com\\\/en\\\/#\\\/schema\\\/logo\\\/image\\\/\",\"url\":\"https:\\\/\\\/www.textilegence.com\\\/wp-content\\\/uploads\\\/2016\\\/11\\\/New_Retina_Logo_Textilegence.png\",\"contentUrl\":\"https:\\\/\\\/www.textilegence.com\\\/wp-content\\\/uploads\\\/2016\\\/11\\\/New_Retina_Logo_Textilegence.png\",\"width\":544,\"height\":180,\"caption\":\"Textilegence Magazine and Digital Platform\"},\"image\":{\"@id\":\"https:\\\/\\\/www.textilegence.com\\\/en\\\/#\\\/schema\\\/logo\\\/image\\\/\"},\"sameAs\":[\"https:\\\/\\\/www.facebook.com\\\/TextilegenceMagazine\",\"https:\\\/\\\/x.com\\\/textilegence\",\"https:\\\/\\\/www.instagram.com\\\/textilegence\\\/\",\"https:\\\/\\\/www.linkedin.com\\\/groups\\\/Textilegence-Magazine-Digital-Platform-4897253\",\"https:\\\/\\\/www.youtube.com\\\/user\\\/textilegence\"],\"description\":\"Textilegence is a magazine and digital platform established in 2013. It focuses on the textile industry and sub-segments. The platform provides news, articles, and updates on various aspects of the textile industry, including sustainability, technological advancements, and market trends.\",\"email\":\"editor@textilegence.com\",\"telephone\":\"+90 212 442 24 12\",\"legalName\":\"Textilegence Mag and Digital Platform\",\"foundingDate\":\"2013-01-01\",\"numberOfEmployees\":{\"@type\":\"QuantitativeValue\",\"minValue\":\"1\",\"maxValue\":\"10\"}},{\"@type\":\"Person\",\"@id\":\"https:\\\/\\\/www.textilegence.com\\\/en\\\/#\\\/schema\\\/person\\\/46ccc7bfc34edbc7d46b6b189f88849f\",\"name\":\"Engin Buz\",\"image\":{\"@type\":\"ImageObject\",\"inLanguage\":\"en-US\",\"@id\":\"https:\\\/\\\/www.textilegence.com\\\/wp-content\\\/uploads\\\/2018\\\/12\\\/engin-buz.jpg\",\"url\":\"https:\\\/\\\/www.textilegence.com\\\/wp-content\\\/uploads\\\/2018\\\/12\\\/engin-buz.jpg\",\"contentUrl\":\"https:\\\/\\\/www.textilegence.com\\\/wp-content\\\/uploads\\\/2018\\\/12\\\/engin-buz.jpg\",\"caption\":\"Engin Buz\"},\"description\":\"Engin Buz, Ankara \u00dcniversitesi \u0130leti\u015fim Fak\u00fcltesi Gazetecilik B\u00f6l\u00fcm\u00fc\u2019nden mezun olduktan sonra Y\u0131ld\u0131z Teknik \u00dcniversitesi\u2019nde Siyaset Bilimi ve Uluslararas\u0131 \u0130li\u015fkiler alan\u0131nda y\u00fcksek lisans\u0131n\u0131 tamamlam\u0131\u015ft\u0131r. 2000 y\u0131l\u0131ndan sonra \u00e7e\u015fitli yay\u0131nc\u0131l\u0131k \u015firketlerinde \u00e7al\u0131\u015fmaya ba\u015flayarak k\u00fclt\u00fcr-sanat ve daha sonra ekonomi haberleri haz\u0131rlam\u0131\u015ft\u0131r. 2009 y\u0131l\u0131ndan itibaren tekstil end\u00fcstrisine d\u00f6n\u00fck yay\u0131nlarda edit\u00f6r olarak g\u00f6rev alan Buz, 2013 itibariyle kurulan Textilegence\u2019de haber edit\u00f6r\u00fc olarak yer almaya ba\u015flam\u0131\u015ft\u0131r. Engin Buz halen ba\u015fta tekstil ve dijital bask\u0131 end\u00fcstrileri olmak \u00fczere ekonomi haberleri haz\u0131rlamaktad\u0131r.\",\"sameAs\":[\"https:\\\/\\\/www.textilegence.com\",\"https:\\\/\\\/www.facebook.com\\\/TextilegenceMagazine\",\"https:\\\/\\\/www.instagram.com\\\/textilegence\\\/\",\"https:\\\/\\\/www.linkedin.com\\\/in\\\/engin-buz-6190799a\\\/\",\"https:\\\/\\\/x.com\\\/https:\\\/\\\/twitter.com\\\/textilegence\"],\"url\":\"https:\\\/\\\/www.textilegence.com\\\/en\\\/author\\\/engin-buz\\\/\"}]}<\/script>\n<!-- \/ Yoast SEO Premium plugin. -->","yoast_head_json":{"title":"Materia\u2019s Smart Textiles Are at MoOD & Indigo Brussels 2016 - Textilegence Magazine and Digital Platform","robots":{"index":"index","follow":"follow","max-snippet":"max-snippet:-1","max-image-preview":"max-image-preview:large","max-video-preview":"max-video-preview:-1"},"canonical":"https:\/\/www.textilegence.com\/en\/materias-smart-textiles-are-at-mood-indigo-brussels-2016\/","og_locale":"en_US","og_type":"article","og_title":"Materia\u2019s Smart Textiles Are at MoOD & Indigo Brussels 2016","og_description":"During MoOD &amp; Indigo Brussels 2016 (6-8 September), Materia will present the \"Smart textiles\" exhibition which will be focusing on textiles for","og_url":"https:\/\/www.textilegence.com\/en\/materias-smart-textiles-are-at-mood-indigo-brussels-2016\/","og_site_name":"Textilegence Magazine and Digital Platform","article_publisher":"https:\/\/www.facebook.com\/TextilegenceMagazine","article_author":"https:\/\/www.facebook.com\/TextilegenceMagazine","article_published_time":"2016-07-22T08:17:43+00:00","og_image":[{"url":"http:\/\/textilegence.com\/wp-content\/uploads\/2016\/07\/Materia_Textilegence.jpg","type":"","width":"","height":""}],"author":"Engin Buz","twitter_card":"summary_large_image","twitter_creator":"@https:\/\/twitter.com\/textilegence","twitter_site":"@textilegence","twitter_misc":{"Written by":"Engin Buz","Est. reading time":"1 minute"},"schema":{"@context":"https:\/\/schema.org","@graph":[{"@type":"NewsArticle","@id":"https:\/\/www.textilegence.com\/en\/materias-smart-textiles-are-at-mood-indigo-brussels-2016\/#article","isPartOf":{"@id":"https:\/\/www.textilegence.com\/en\/materias-smart-textiles-are-at-mood-indigo-brussels-2016\/"},"author":{"name":"Engin Buz","@id":"https:\/\/www.textilegence.com\/en\/#\/schema\/person\/46ccc7bfc34edbc7d46b6b189f88849f"},"headline":"Materia\u2019s Smart Textiles Are at MoOD &#038; Indigo Brussels 2016","datePublished":"2016-07-22T08:17:43+00:00","mainEntityOfPage":{"@id":"https:\/\/www.textilegence.com\/en\/materias-smart-textiles-are-at-mood-indigo-brussels-2016\/"},"wordCount":252,"commentCount":0,"publisher":{"@id":"https:\/\/www.textilegence.com\/en\/#organization"},"image":{"@id":"https:\/\/www.textilegence.com\/en\/materias-smart-textiles-are-at-mood-indigo-brussels-2016\/#primaryimage"},"thumbnailUrl":"http:\/\/textilegence.com\/wp-content\/uploads\/2016\/07\/Materia_Textilegence.jpg","keywords":["event","smart textiles","sustainable"],"articleSection":["Technical Textiles"],"inLanguage":"en-US","potentialAction":[{"@type":"CommentAction","name":"Comment","target":["https:\/\/www.textilegence.com\/en\/materias-smart-textiles-are-at-mood-indigo-brussels-2016\/#respond"]}]},{"@type":"WebPage","@id":"https:\/\/www.textilegence.com\/en\/materias-smart-textiles-are-at-mood-indigo-brussels-2016\/","url":"https:\/\/www.textilegence.com\/en\/materias-smart-textiles-are-at-mood-indigo-brussels-2016\/","name":"Materia\u2019s Smart Textiles Are at MoOD & Indigo Brussels 2016 - Textilegence Magazine and Digital Platform","isPartOf":{"@id":"https:\/\/www.textilegence.com\/en\/#website"},"primaryImageOfPage":{"@id":"https:\/\/www.textilegence.com\/en\/materias-smart-textiles-are-at-mood-indigo-brussels-2016\/#primaryimage"},"image":{"@id":"https:\/\/www.textilegence.com\/en\/materias-smart-textiles-are-at-mood-indigo-brussels-2016\/#primaryimage"},"thumbnailUrl":"http:\/\/textilegence.com\/wp-content\/uploads\/2016\/07\/Materia_Textilegence.jpg","datePublished":"2016-07-22T08:17:43+00:00","breadcrumb":{"@id":"https:\/\/www.textilegence.com\/en\/materias-smart-textiles-are-at-mood-indigo-brussels-2016\/#breadcrumb"},"inLanguage":"en-US","potentialAction":[{"@type":"ReadAction","target":["https:\/\/www.textilegence.com\/en\/materias-smart-textiles-are-at-mood-indigo-brussels-2016\/"]}]},{"@type":"ImageObject","inLanguage":"en-US","@id":"https:\/\/www.textilegence.com\/en\/materias-smart-textiles-are-at-mood-indigo-brussels-2016\/#primaryimage","url":"http:\/\/textilegence.com\/wp-content\/uploads\/2016\/07\/Materia_Textilegence.jpg","contentUrl":"http:\/\/textilegence.com\/wp-content\/uploads\/2016\/07\/Materia_Textilegence.jpg"},{"@type":"BreadcrumbList","@id":"https:\/\/www.textilegence.com\/en\/materias-smart-textiles-are-at-mood-indigo-brussels-2016\/#breadcrumb","itemListElement":[{"@type":"ListItem","position":1,"name":"Home Page","item":"https:\/\/www.textilegence.com\/en\/homepage-the-rimont\/"},{"@type":"ListItem","position":2,"name":"Technical Textiles","item":"https:\/\/www.textilegence.com\/en\/category\/technical-textiles\/"},{"@type":"ListItem","position":3,"name":"Materia\u2019s Smart Textiles Are at MoOD &#038; Indigo Brussels 2016"}]},{"@type":"WebSite","@id":"https:\/\/www.textilegence.com\/en\/#website","url":"https:\/\/www.textilegence.com\/en\/","name":"Textilegence Magazine and Digital Platform","description":"Textile News Center","publisher":{"@id":"https:\/\/www.textilegence.com\/en\/#organization"},"potentialAction":[{"@type":"SearchAction","target":{"@type":"EntryPoint","urlTemplate":"https:\/\/www.textilegence.com\/en\/?s={search_term_string}"},"query-input":{"@type":"PropertyValueSpecification","valueRequired":true,"valueName":"search_term_string"}}],"inLanguage":"en-US"},{"@type":"Organization","@id":"https:\/\/www.textilegence.com\/en\/#organization","name":"Textilegence Magazine and Digital Platform","url":"https:\/\/www.textilegence.com\/en\/","logo":{"@type":"ImageObject","inLanguage":"en-US","@id":"https:\/\/www.textilegence.com\/en\/#\/schema\/logo\/image\/","url":"https:\/\/www.textilegence.com\/wp-content\/uploads\/2016\/11\/New_Retina_Logo_Textilegence.png","contentUrl":"https:\/\/www.textilegence.com\/wp-content\/uploads\/2016\/11\/New_Retina_Logo_Textilegence.png","width":544,"height":180,"caption":"Textilegence Magazine and Digital Platform"},"image":{"@id":"https:\/\/www.textilegence.com\/en\/#\/schema\/logo\/image\/"},"sameAs":["https:\/\/www.facebook.com\/TextilegenceMagazine","https:\/\/x.com\/textilegence","https:\/\/www.instagram.com\/textilegence\/","https:\/\/www.linkedin.com\/groups\/Textilegence-Magazine-Digital-Platform-4897253","https:\/\/www.youtube.com\/user\/textilegence"],"description":"Textilegence is a magazine and digital platform established in 2013. It focuses on the textile industry and sub-segments. The platform provides news, articles, and updates on various aspects of the textile industry, including sustainability, technological advancements, and market trends.","email":"editor@textilegence.com","telephone":"+90 212 442 24 12","legalName":"Textilegence Mag and Digital Platform","foundingDate":"2013-01-01","numberOfEmployees":{"@type":"QuantitativeValue","minValue":"1","maxValue":"10"}},{"@type":"Person","@id":"https:\/\/www.textilegence.com\/en\/#\/schema\/person\/46ccc7bfc34edbc7d46b6b189f88849f","name":"Engin Buz","image":{"@type":"ImageObject","inLanguage":"en-US","@id":"https:\/\/www.textilegence.com\/wp-content\/uploads\/2018\/12\/engin-buz.jpg","url":"https:\/\/www.textilegence.com\/wp-content\/uploads\/2018\/12\/engin-buz.jpg","contentUrl":"https:\/\/www.textilegence.com\/wp-content\/uploads\/2018\/12\/engin-buz.jpg","caption":"Engin Buz"},"description":"Engin Buz, Ankara \u00dcniversitesi \u0130leti\u015fim Fak\u00fcltesi Gazetecilik B\u00f6l\u00fcm\u00fc\u2019nden mezun olduktan sonra Y\u0131ld\u0131z Teknik \u00dcniversitesi\u2019nde Siyaset Bilimi ve Uluslararas\u0131 \u0130li\u015fkiler alan\u0131nda y\u00fcksek lisans\u0131n\u0131 tamamlam\u0131\u015ft\u0131r. 2000 y\u0131l\u0131ndan sonra \u00e7e\u015fitli yay\u0131nc\u0131l\u0131k \u015firketlerinde \u00e7al\u0131\u015fmaya ba\u015flayarak k\u00fclt\u00fcr-sanat ve daha sonra ekonomi haberleri haz\u0131rlam\u0131\u015ft\u0131r. 2009 y\u0131l\u0131ndan itibaren tekstil end\u00fcstrisine d\u00f6n\u00fck yay\u0131nlarda edit\u00f6r olarak g\u00f6rev alan Buz, 2013 itibariyle kurulan Textilegence\u2019de haber edit\u00f6r\u00fc olarak yer almaya ba\u015flam\u0131\u015ft\u0131r. Engin Buz halen ba\u015fta tekstil ve dijital bask\u0131 end\u00fcstrileri olmak \u00fczere ekonomi haberleri haz\u0131rlamaktad\u0131r.","sameAs":["https:\/\/www.textilegence.com","https:\/\/www.facebook.com\/TextilegenceMagazine","https:\/\/www.instagram.com\/textilegence\/","https:\/\/www.linkedin.com\/in\/engin-buz-6190799a\/","https:\/\/x.com\/https:\/\/twitter.com\/textilegence"],"url":"https:\/\/www.textilegence.com\/en\/author\/engin-buz\/"}]}},"_links":{"self":[{"href":"https:\/\/www.textilegence.com\/en\/wp-json\/wp\/v2\/posts\/16427","targetHints":{"allow":["GET"]}}],"collection":[{"href":"https:\/\/www.textilegence.com\/en\/wp-json\/wp\/v2\/posts"}],"about":[{"href":"https:\/\/www.textilegence.com\/en\/wp-json\/wp\/v2\/types\/post"}],"author":[{"embeddable":true,"href":"https:\/\/www.textilegence.com\/en\/wp-json\/wp\/v2\/users\/2"}],"replies":[{"embeddable":true,"href":"https:\/\/www.textilegence.com\/en\/wp-json\/wp\/v2\/comments?post=16427"}],"version-history":[{"count":0,"href":"https:\/\/www.textilegence.com\/en\/wp-json\/wp\/v2\/posts\/16427\/revisions"}],"wp:attachment":[{"href":"https:\/\/www.textilegence.com\/en\/wp-json\/wp\/v2\/media?parent=16427"}],"wp:term":[{"taxonomy":"category","embeddable":true,"href":"https:\/\/www.textilegence.com\/en\/wp-json\/wp\/v2\/categories?post=16427"},{"taxonomy":"post_tag","embeddable":true,"href":"https:\/\/www.textilegence.com\/en\/wp-json\/wp\/v2\/tags?post=16427"}],"curies":[{"name":"wp","href":"https:\/\/api.w.org\/{rel}","templated":true}]}}