{"id":16453,"date":"2016-07-28T17:22:16","date_gmt":"2016-07-28T14:22:16","guid":{"rendered":"http:\/\/localhost\/textilegence\/italian-textile-machinery-on-show-at-irantex\/"},"modified":"2019-01-11T11:16:42","modified_gmt":"2019-01-11T08:16:42","slug":"italian-textile-machinery-on-show-at-irantex","status":"publish","type":"post","link":"https:\/\/www.textilegence.com\/en\/italian-textile-machinery-on-show-at-irantex\/","title":{"rendered":"Italian Textile Machinery on Show at Irantex"},"content":{"rendered":"<figure id=\"attachment_12027\" aria-describedby=\"caption-attachment-12027\" style=\"width: 324px\" class=\"wp-caption alignleft\"><img loading=\"lazy\" decoding=\"async\" class=\"wp-image-12027\" src=\"https:\/\/www.textilegence.com\/wp-content\/uploads\/2016\/07\/ACIMIT_Irantex.jpg\" alt=\"Italian Textile Machinery on Show at Irantex\" width=\"324\" height=\"162\" \/><figcaption id=\"caption-attachment-12027\" class=\"wp-caption-text\">Italian Textile Machinery on Show at Irantex<\/figcaption><\/figure>\n<p style=\"text-align: justify;\"><strong>Italian textile machinery on show at Irantex;\u00a0<\/strong><strong>in the forthcoming trade show Irantex 25 Italian companies will be hosted in the Italian Pavilion. The attendance to Irantex is a further step to enhance the strong relationship between the local textile industry and the Italian textile machinery sector.<\/strong><\/p>\n<p style=\"text-align: justify;\">The upcoming 2016 edition of Irantex, to be held in Tehran next 3 to 6 September, will feature the usual significant contingent of Italian textile machinery manufacturers. Indeed 25 Italian companies will be exhibiting in the Italian Pavilion, the common area set up by the Italian Trade Agency and <a href=\"http:\/\/www.acimit.it\/main-e.htm\">ACIMIT<\/a> (the Association of Italian Textile Machinery Manufacturers).<\/p>\n<p style=\"text-align: justify;\">The following ACIMIT members companies will be exhibiting at the <em>Italian Pavilion<\/em>: <a href=\"http:\/\/www.betaspa.com\">Beta Machinery<\/a>, <a href=\"http:\/\/www.bianco-spa.com\">Bianco<\/a>, <a href=\"http:\/\/www.bonino1913.com\">Bonino<\/a>, <a href=\"http:\/\/www.caipo.com\">Caipo<\/a>, <a href=\"http:\/\/www.cognetex.com\">Cogne<\/a>, <a href=\"http:\/\/www.carusrl.it\/\">Car\u00f9<\/a>, <a href=\"http:\/\/www.durst-online.com\">Durst<\/a>, Fadis, <a href=\"http:\/\/www.ferraro.it\">Ferraro<\/a>, <a href=\"http:\/\/www.fkgroup.com\">Fk Group<\/a>, <a href=\"https:\/\/www.textilegence.com\/en\/itema-news\/\">Itema<\/a>, <a href=\"http:\/\/www.j-k-group.com\/\">Jk Group-J Teck 3<\/a>, <a href=\"http:\/\/www.laip.it\">Laip<\/a>, <a href=\"http:\/\/www.marzoli.it\">Marzoli<\/a>, <a href=\"http:\/\/www.ramallumin.it\">Ramallumin<\/a>, <a href=\"http:\/\/www.rfsystems.it\">Rf Systems<\/a>, <a href=\"http:\/\/www.sperottorimar.it\/\">Santex Group<\/a>, <a href=\"http:\/\/www.santexrimar.com\">Smit<\/a>, <a href=\"http:\/\/www.srs-srl.it\">Srs<\/a>, <a href=\"http:\/\/www.ssm-giudici.it\">Ssm Giudici<\/a>, <a href=\"http:\/\/www.stalam.com\">Stalam<\/a>, <a href=\"http:\/\/www.tessilgomma.it\">Tessilgomma<\/a>, <a href=\"http:\/\/www.zonco.it\">Zonco<\/a>.<\/p>\n<p style=\"text-align: justify;\">The international sanctions of the past years delayed the modernization process necessary for the Iranian industry to continue to be competitive within a global context. In 2004, Iran was ranked among the top ten markets for Italian exports in the sector. After years of stagnation, Italian sales to Iran registered a recovery. In 2016 first quarter the Italian sales to Iranian market totalled a value of Euro 2 million, while 2015 sales were worth Euro 8 million. Iranian demand is spread out over all types of production, but Italian finishing and spinning machines are the primary exports.<\/p>\n<h2 style=\"text-align: justify;\"><strong>Italian textile machinery on show at Irantex<\/strong><\/h2>\n<p style=\"text-align: justify;\">Raffaella Carabelli, President of ACIMIT, explains; \u201c<em>The Italian textile machinery Roadshow, held in Iran last 22 to 30 May; confirmed the clear concordance between Iran\u2019s textile manufacturers; and Italy\u2019s textile machinery manufacturers was concluded with excellent results<\/em>\u201c. The 27 Italian companies participating in the Roadshow took part in a series of technological workshops held in; Tehran, Yazd, Isfahan and Mashad, in meetings with textile authorities and visits to local companies. <em>\u201cThe Roadshow<\/em>, Carabelli states<em>, was concluded with excellent results. Participating companies were able to ascertain the local textile industry\u2019s desire to resume investments, especially in Italian technology\u201d<\/em>.<\/p>\n<p style=\"text-align: justify;\">At next edition of Irantex local companies will have yet another opportunity; to get a close look at the excellence of Italian technology.<\/p>\n<p style=\"text-align: justify;\"><em>ACIMIT represents an industrial sector comprising around 300 manufacturers (employing close to 12,000 people); and producing machinery for an overall value of about 2.6 billion euros; with exports amounting to 86% of total sales. Creativity, sustainable technology, reliability and quality are the characteristics; which have made Italy a global leader in the manufacturing of textile machinery.<\/em><\/p>\n","protected":false},"excerpt":{"rendered":"<p>Italian textile machinery on show at Irantex;\u00a0in the forthcoming trade show Irantex 25 Italian companies will be hosted in the Italian Pavilion. The attendance to Irantex is a further step to enhance the strong relationship between the local textile industry and the Italian textile machinery sector. The upcoming 2016 edition of Irantex, to be held [&hellip;]<\/p>\n","protected":false},"author":2,"featured_media":19021,"comment_status":"open","ping_status":"closed","sticky":false,"template":"","format":"standard","meta":{"footnotes":""},"categories":[9859,9845],"tags":[10576],"class_list":{"0":"post-16453","1":"post","2":"type-post","3":"status-publish","4":"format-standard","5":"has-post-thumbnail","7":"category-topical","8":"category-trade-fairs","9":"tag-acimit-en"},"yoast_head":"<!-- This site is optimized with the Yoast SEO Premium plugin v27.3 (Yoast SEO v27.3) - https:\/\/yoast.com\/product\/yoast-seo-premium-wordpress\/ -->\n<title>Italian Textile Machinery on Show at Irantex - Textilegence<\/title>\n<meta name=\"description\" content=\"Italian textile machinery on show at Irantex;\u00a0in the forthcoming trade show Irantex 25 Italian companies will be hosted in the Italian Pavilion. The...\" \/>\n<meta name=\"robots\" content=\"index, follow, max-snippet:-1, max-image-preview:large, max-video-preview:-1\" \/>\n<link rel=\"canonical\" href=\"https:\/\/www.textilegence.com\/en\/italian-textile-machinery-on-show-at-irantex\/\" \/>\n<meta property=\"og:locale\" content=\"en_US\" \/>\n<meta property=\"og:type\" content=\"article\" \/>\n<meta property=\"og:title\" content=\"Italian Textile Machinery on Show at Irantex\" \/>\n<meta property=\"og:description\" content=\"Italian textile machinery on show at Irantex;\u00a0in the forthcoming trade show Irantex 25 Italian companies will be hosted in the Italian Pavilion. The\" \/>\n<meta property=\"og:url\" content=\"https:\/\/www.textilegence.com\/en\/italian-textile-machinery-on-show-at-irantex\/\" \/>\n<meta property=\"og:site_name\" content=\"Textilegence Magazine and Digital Platform\" \/>\n<meta property=\"article:publisher\" content=\"https:\/\/www.facebook.com\/TextilegenceMagazine\" \/>\n<meta property=\"article:author\" content=\"https:\/\/www.facebook.com\/TextilegenceMagazine\" \/>\n<meta property=\"article:published_time\" content=\"2016-07-28T14:22:16+00:00\" \/>\n<meta property=\"article:modified_time\" content=\"2019-01-11T08:16:42+00:00\" \/>\n<meta property=\"og:image\" content=\"https:\/\/www.textilegence.com\/wp-content\/uploads\/2016\/07\/ACIMIT_Irantex.jpg\" \/>\n\t<meta property=\"og:image:width\" content=\"500\" \/>\n\t<meta property=\"og:image:height\" content=\"250\" \/>\n\t<meta property=\"og:image:type\" content=\"image\/jpeg\" \/>\n<meta name=\"author\" content=\"Engin Buz\" \/>\n<meta name=\"twitter:card\" content=\"summary_large_image\" \/>\n<meta name=\"twitter:creator\" content=\"@https:\/\/twitter.com\/textilegence\" \/>\n<meta name=\"twitter:site\" content=\"@textilegence\" \/>\n<meta name=\"twitter:label1\" content=\"Written by\" \/>\n\t<meta name=\"twitter:data1\" content=\"Engin Buz\" \/>\n\t<meta name=\"twitter:label2\" content=\"Est. reading time\" \/>\n\t<meta name=\"twitter:data2\" content=\"2 minutes\" \/>\n<script type=\"application\/ld+json\" class=\"yoast-schema-graph\">{\"@context\":\"https:\\\/\\\/schema.org\",\"@graph\":[{\"@type\":\"NewsArticle\",\"@id\":\"https:\\\/\\\/www.textilegence.com\\\/en\\\/italian-textile-machinery-on-show-at-irantex\\\/#article\",\"isPartOf\":{\"@id\":\"https:\\\/\\\/www.textilegence.com\\\/en\\\/italian-textile-machinery-on-show-at-irantex\\\/\"},\"author\":{\"name\":\"Engin Buz\",\"@id\":\"https:\\\/\\\/www.textilegence.com\\\/en\\\/#\\\/schema\\\/person\\\/46ccc7bfc34edbc7d46b6b189f88849f\"},\"headline\":\"Italian Textile Machinery on Show at Irantex\",\"datePublished\":\"2016-07-28T14:22:16+00:00\",\"dateModified\":\"2019-01-11T08:16:42+00:00\",\"mainEntityOfPage\":{\"@id\":\"https:\\\/\\\/www.textilegence.com\\\/en\\\/italian-textile-machinery-on-show-at-irantex\\\/\"},\"wordCount\":433,\"commentCount\":0,\"publisher\":{\"@id\":\"https:\\\/\\\/www.textilegence.com\\\/en\\\/#organization\"},\"image\":{\"@id\":\"https:\\\/\\\/www.textilegence.com\\\/en\\\/italian-textile-machinery-on-show-at-irantex\\\/#primaryimage\"},\"thumbnailUrl\":\"https:\\\/\\\/www.textilegence.com\\\/wp-content\\\/uploads\\\/2016\\\/07\\\/ACIMIT_Irantex.jpg\",\"keywords\":[\"acimit\"],\"articleSection\":[\"Topical\",\"Trade Fairs\"],\"inLanguage\":\"en-US\",\"potentialAction\":[{\"@type\":\"CommentAction\",\"name\":\"Comment\",\"target\":[\"https:\\\/\\\/www.textilegence.com\\\/en\\\/italian-textile-machinery-on-show-at-irantex\\\/#respond\"]}]},{\"@type\":\"WebPage\",\"@id\":\"https:\\\/\\\/www.textilegence.com\\\/en\\\/italian-textile-machinery-on-show-at-irantex\\\/\",\"url\":\"https:\\\/\\\/www.textilegence.com\\\/en\\\/italian-textile-machinery-on-show-at-irantex\\\/\",\"name\":\"Italian Textile Machinery on Show at Irantex - Textilegence\",\"isPartOf\":{\"@id\":\"https:\\\/\\\/www.textilegence.com\\\/en\\\/#website\"},\"primaryImageOfPage\":{\"@id\":\"https:\\\/\\\/www.textilegence.com\\\/en\\\/italian-textile-machinery-on-show-at-irantex\\\/#primaryimage\"},\"image\":{\"@id\":\"https:\\\/\\\/www.textilegence.com\\\/en\\\/italian-textile-machinery-on-show-at-irantex\\\/#primaryimage\"},\"thumbnailUrl\":\"https:\\\/\\\/www.textilegence.com\\\/wp-content\\\/uploads\\\/2016\\\/07\\\/ACIMIT_Irantex.jpg\",\"datePublished\":\"2016-07-28T14:22:16+00:00\",\"dateModified\":\"2019-01-11T08:16:42+00:00\",\"description\":\"Italian textile machinery on show at Irantex;\u00a0in the forthcoming trade show Irantex 25 Italian companies will be hosted in the Italian Pavilion. The...\",\"breadcrumb\":{\"@id\":\"https:\\\/\\\/www.textilegence.com\\\/en\\\/italian-textile-machinery-on-show-at-irantex\\\/#breadcrumb\"},\"inLanguage\":\"en-US\",\"potentialAction\":[{\"@type\":\"ReadAction\",\"target\":[\"https:\\\/\\\/www.textilegence.com\\\/en\\\/italian-textile-machinery-on-show-at-irantex\\\/\"]}]},{\"@type\":\"ImageObject\",\"inLanguage\":\"en-US\",\"@id\":\"https:\\\/\\\/www.textilegence.com\\\/en\\\/italian-textile-machinery-on-show-at-irantex\\\/#primaryimage\",\"url\":\"https:\\\/\\\/www.textilegence.com\\\/wp-content\\\/uploads\\\/2016\\\/07\\\/ACIMIT_Irantex.jpg\",\"contentUrl\":\"https:\\\/\\\/www.textilegence.com\\\/wp-content\\\/uploads\\\/2016\\\/07\\\/ACIMIT_Irantex.jpg\",\"width\":500,\"height\":250,\"caption\":\"\u0130talyan tekstil makina \u00fcreticileri 22. Irantex fuar\u0131nda yer alacak\"},{\"@type\":\"BreadcrumbList\",\"@id\":\"https:\\\/\\\/www.textilegence.com\\\/en\\\/italian-textile-machinery-on-show-at-irantex\\\/#breadcrumb\",\"itemListElement\":[{\"@type\":\"ListItem\",\"position\":1,\"name\":\"Home Page\",\"item\":\"https:\\\/\\\/www.textilegence.com\\\/en\\\/homepage-the-rimont\\\/\"},{\"@type\":\"ListItem\",\"position\":2,\"name\":\"Trade Fairs\",\"item\":\"https:\\\/\\\/www.textilegence.com\\\/en\\\/category\\\/trade-fairs\\\/\"},{\"@type\":\"ListItem\",\"position\":3,\"name\":\"Italian Textile Machinery on Show at Irantex\"}]},{\"@type\":\"WebSite\",\"@id\":\"https:\\\/\\\/www.textilegence.com\\\/en\\\/#website\",\"url\":\"https:\\\/\\\/www.textilegence.com\\\/en\\\/\",\"name\":\"Textilegence Magazine and Digital Platform\",\"description\":\"Textile News Center\",\"publisher\":{\"@id\":\"https:\\\/\\\/www.textilegence.com\\\/en\\\/#organization\"},\"potentialAction\":[{\"@type\":\"SearchAction\",\"target\":{\"@type\":\"EntryPoint\",\"urlTemplate\":\"https:\\\/\\\/www.textilegence.com\\\/en\\\/?s={search_term_string}\"},\"query-input\":{\"@type\":\"PropertyValueSpecification\",\"valueRequired\":true,\"valueName\":\"search_term_string\"}}],\"inLanguage\":\"en-US\"},{\"@type\":\"Organization\",\"@id\":\"https:\\\/\\\/www.textilegence.com\\\/en\\\/#organization\",\"name\":\"Textilegence Magazine and Digital Platform\",\"url\":\"https:\\\/\\\/www.textilegence.com\\\/en\\\/\",\"logo\":{\"@type\":\"ImageObject\",\"inLanguage\":\"en-US\",\"@id\":\"https:\\\/\\\/www.textilegence.com\\\/en\\\/#\\\/schema\\\/logo\\\/image\\\/\",\"url\":\"https:\\\/\\\/www.textilegence.com\\\/wp-content\\\/uploads\\\/2016\\\/11\\\/New_Retina_Logo_Textilegence.png\",\"contentUrl\":\"https:\\\/\\\/www.textilegence.com\\\/wp-content\\\/uploads\\\/2016\\\/11\\\/New_Retina_Logo_Textilegence.png\",\"width\":544,\"height\":180,\"caption\":\"Textilegence Magazine and Digital Platform\"},\"image\":{\"@id\":\"https:\\\/\\\/www.textilegence.com\\\/en\\\/#\\\/schema\\\/logo\\\/image\\\/\"},\"sameAs\":[\"https:\\\/\\\/www.facebook.com\\\/TextilegenceMagazine\",\"https:\\\/\\\/x.com\\\/textilegence\",\"https:\\\/\\\/www.instagram.com\\\/textilegence\\\/\",\"https:\\\/\\\/www.linkedin.com\\\/groups\\\/Textilegence-Magazine-Digital-Platform-4897253\",\"https:\\\/\\\/www.youtube.com\\\/user\\\/textilegence\"],\"description\":\"Textilegence is a magazine and digital platform established in 2013. It focuses on the textile industry and sub-segments. The platform provides news, articles, and updates on various aspects of the textile industry, including sustainability, technological advancements, and market trends.\",\"email\":\"editor@textilegence.com\",\"telephone\":\"+90 212 442 24 12\",\"legalName\":\"Textilegence Mag and Digital Platform\",\"foundingDate\":\"2013-01-01\",\"numberOfEmployees\":{\"@type\":\"QuantitativeValue\",\"minValue\":\"1\",\"maxValue\":\"10\"}},{\"@type\":\"Person\",\"@id\":\"https:\\\/\\\/www.textilegence.com\\\/en\\\/#\\\/schema\\\/person\\\/46ccc7bfc34edbc7d46b6b189f88849f\",\"name\":\"Engin Buz\",\"image\":{\"@type\":\"ImageObject\",\"inLanguage\":\"en-US\",\"@id\":\"https:\\\/\\\/www.textilegence.com\\\/wp-content\\\/uploads\\\/2018\\\/12\\\/engin-buz.jpg\",\"url\":\"https:\\\/\\\/www.textilegence.com\\\/wp-content\\\/uploads\\\/2018\\\/12\\\/engin-buz.jpg\",\"contentUrl\":\"https:\\\/\\\/www.textilegence.com\\\/wp-content\\\/uploads\\\/2018\\\/12\\\/engin-buz.jpg\",\"caption\":\"Engin Buz\"},\"description\":\"Engin Buz, Ankara \u00dcniversitesi \u0130leti\u015fim Fak\u00fcltesi Gazetecilik B\u00f6l\u00fcm\u00fc\u2019nden mezun olduktan sonra Y\u0131ld\u0131z Teknik \u00dcniversitesi\u2019nde Siyaset Bilimi ve Uluslararas\u0131 \u0130li\u015fkiler alan\u0131nda y\u00fcksek lisans\u0131n\u0131 tamamlam\u0131\u015ft\u0131r. 2000 y\u0131l\u0131ndan sonra \u00e7e\u015fitli yay\u0131nc\u0131l\u0131k \u015firketlerinde \u00e7al\u0131\u015fmaya ba\u015flayarak k\u00fclt\u00fcr-sanat ve daha sonra ekonomi haberleri haz\u0131rlam\u0131\u015ft\u0131r. 2009 y\u0131l\u0131ndan itibaren tekstil end\u00fcstrisine d\u00f6n\u00fck yay\u0131nlarda edit\u00f6r olarak g\u00f6rev alan Buz, 2013 itibariyle kurulan Textilegence\u2019de haber edit\u00f6r\u00fc olarak yer almaya ba\u015flam\u0131\u015ft\u0131r. Engin Buz halen ba\u015fta tekstil ve dijital bask\u0131 end\u00fcstrileri olmak \u00fczere ekonomi haberleri haz\u0131rlamaktad\u0131r.\",\"sameAs\":[\"https:\\\/\\\/www.textilegence.com\",\"https:\\\/\\\/www.facebook.com\\\/TextilegenceMagazine\",\"https:\\\/\\\/www.instagram.com\\\/textilegence\\\/\",\"https:\\\/\\\/www.linkedin.com\\\/in\\\/engin-buz-6190799a\\\/\",\"https:\\\/\\\/x.com\\\/https:\\\/\\\/twitter.com\\\/textilegence\"],\"url\":\"https:\\\/\\\/www.textilegence.com\\\/en\\\/author\\\/engin-buz\\\/\"}]}<\/script>\n<!-- \/ Yoast SEO Premium plugin. -->","yoast_head_json":{"title":"Italian Textile Machinery on Show at Irantex - Textilegence","description":"Italian textile machinery on show at Irantex;\u00a0in the forthcoming trade show Irantex 25 Italian companies will be hosted in the Italian Pavilion. The...","robots":{"index":"index","follow":"follow","max-snippet":"max-snippet:-1","max-image-preview":"max-image-preview:large","max-video-preview":"max-video-preview:-1"},"canonical":"https:\/\/www.textilegence.com\/en\/italian-textile-machinery-on-show-at-irantex\/","og_locale":"en_US","og_type":"article","og_title":"Italian Textile Machinery on Show at Irantex","og_description":"Italian textile machinery on show at Irantex;\u00a0in the forthcoming trade show Irantex 25 Italian companies will be hosted in the Italian Pavilion. The","og_url":"https:\/\/www.textilegence.com\/en\/italian-textile-machinery-on-show-at-irantex\/","og_site_name":"Textilegence Magazine and Digital Platform","article_publisher":"https:\/\/www.facebook.com\/TextilegenceMagazine","article_author":"https:\/\/www.facebook.com\/TextilegenceMagazine","article_published_time":"2016-07-28T14:22:16+00:00","article_modified_time":"2019-01-11T08:16:42+00:00","og_image":[{"width":500,"height":250,"url":"https:\/\/www.textilegence.com\/wp-content\/uploads\/2016\/07\/ACIMIT_Irantex.jpg","type":"image\/jpeg"}],"author":"Engin Buz","twitter_card":"summary_large_image","twitter_creator":"@https:\/\/twitter.com\/textilegence","twitter_site":"@textilegence","twitter_misc":{"Written by":"Engin Buz","Est. reading time":"2 minutes"},"schema":{"@context":"https:\/\/schema.org","@graph":[{"@type":"NewsArticle","@id":"https:\/\/www.textilegence.com\/en\/italian-textile-machinery-on-show-at-irantex\/#article","isPartOf":{"@id":"https:\/\/www.textilegence.com\/en\/italian-textile-machinery-on-show-at-irantex\/"},"author":{"name":"Engin Buz","@id":"https:\/\/www.textilegence.com\/en\/#\/schema\/person\/46ccc7bfc34edbc7d46b6b189f88849f"},"headline":"Italian Textile Machinery on Show at Irantex","datePublished":"2016-07-28T14:22:16+00:00","dateModified":"2019-01-11T08:16:42+00:00","mainEntityOfPage":{"@id":"https:\/\/www.textilegence.com\/en\/italian-textile-machinery-on-show-at-irantex\/"},"wordCount":433,"commentCount":0,"publisher":{"@id":"https:\/\/www.textilegence.com\/en\/#organization"},"image":{"@id":"https:\/\/www.textilegence.com\/en\/italian-textile-machinery-on-show-at-irantex\/#primaryimage"},"thumbnailUrl":"https:\/\/www.textilegence.com\/wp-content\/uploads\/2016\/07\/ACIMIT_Irantex.jpg","keywords":["acimit"],"articleSection":["Topical","Trade Fairs"],"inLanguage":"en-US","potentialAction":[{"@type":"CommentAction","name":"Comment","target":["https:\/\/www.textilegence.com\/en\/italian-textile-machinery-on-show-at-irantex\/#respond"]}]},{"@type":"WebPage","@id":"https:\/\/www.textilegence.com\/en\/italian-textile-machinery-on-show-at-irantex\/","url":"https:\/\/www.textilegence.com\/en\/italian-textile-machinery-on-show-at-irantex\/","name":"Italian Textile Machinery on Show at Irantex - Textilegence","isPartOf":{"@id":"https:\/\/www.textilegence.com\/en\/#website"},"primaryImageOfPage":{"@id":"https:\/\/www.textilegence.com\/en\/italian-textile-machinery-on-show-at-irantex\/#primaryimage"},"image":{"@id":"https:\/\/www.textilegence.com\/en\/italian-textile-machinery-on-show-at-irantex\/#primaryimage"},"thumbnailUrl":"https:\/\/www.textilegence.com\/wp-content\/uploads\/2016\/07\/ACIMIT_Irantex.jpg","datePublished":"2016-07-28T14:22:16+00:00","dateModified":"2019-01-11T08:16:42+00:00","description":"Italian textile machinery on show at Irantex;\u00a0in the forthcoming trade show Irantex 25 Italian companies will be hosted in the Italian Pavilion. The...","breadcrumb":{"@id":"https:\/\/www.textilegence.com\/en\/italian-textile-machinery-on-show-at-irantex\/#breadcrumb"},"inLanguage":"en-US","potentialAction":[{"@type":"ReadAction","target":["https:\/\/www.textilegence.com\/en\/italian-textile-machinery-on-show-at-irantex\/"]}]},{"@type":"ImageObject","inLanguage":"en-US","@id":"https:\/\/www.textilegence.com\/en\/italian-textile-machinery-on-show-at-irantex\/#primaryimage","url":"https:\/\/www.textilegence.com\/wp-content\/uploads\/2016\/07\/ACIMIT_Irantex.jpg","contentUrl":"https:\/\/www.textilegence.com\/wp-content\/uploads\/2016\/07\/ACIMIT_Irantex.jpg","width":500,"height":250,"caption":"\u0130talyan tekstil makina \u00fcreticileri 22. Irantex fuar\u0131nda yer alacak"},{"@type":"BreadcrumbList","@id":"https:\/\/www.textilegence.com\/en\/italian-textile-machinery-on-show-at-irantex\/#breadcrumb","itemListElement":[{"@type":"ListItem","position":1,"name":"Home Page","item":"https:\/\/www.textilegence.com\/en\/homepage-the-rimont\/"},{"@type":"ListItem","position":2,"name":"Trade Fairs","item":"https:\/\/www.textilegence.com\/en\/category\/trade-fairs\/"},{"@type":"ListItem","position":3,"name":"Italian Textile Machinery on Show at Irantex"}]},{"@type":"WebSite","@id":"https:\/\/www.textilegence.com\/en\/#website","url":"https:\/\/www.textilegence.com\/en\/","name":"Textilegence Magazine and Digital Platform","description":"Textile News Center","publisher":{"@id":"https:\/\/www.textilegence.com\/en\/#organization"},"potentialAction":[{"@type":"SearchAction","target":{"@type":"EntryPoint","urlTemplate":"https:\/\/www.textilegence.com\/en\/?s={search_term_string}"},"query-input":{"@type":"PropertyValueSpecification","valueRequired":true,"valueName":"search_term_string"}}],"inLanguage":"en-US"},{"@type":"Organization","@id":"https:\/\/www.textilegence.com\/en\/#organization","name":"Textilegence Magazine and Digital Platform","url":"https:\/\/www.textilegence.com\/en\/","logo":{"@type":"ImageObject","inLanguage":"en-US","@id":"https:\/\/www.textilegence.com\/en\/#\/schema\/logo\/image\/","url":"https:\/\/www.textilegence.com\/wp-content\/uploads\/2016\/11\/New_Retina_Logo_Textilegence.png","contentUrl":"https:\/\/www.textilegence.com\/wp-content\/uploads\/2016\/11\/New_Retina_Logo_Textilegence.png","width":544,"height":180,"caption":"Textilegence Magazine and Digital Platform"},"image":{"@id":"https:\/\/www.textilegence.com\/en\/#\/schema\/logo\/image\/"},"sameAs":["https:\/\/www.facebook.com\/TextilegenceMagazine","https:\/\/x.com\/textilegence","https:\/\/www.instagram.com\/textilegence\/","https:\/\/www.linkedin.com\/groups\/Textilegence-Magazine-Digital-Platform-4897253","https:\/\/www.youtube.com\/user\/textilegence"],"description":"Textilegence is a magazine and digital platform established in 2013. It focuses on the textile industry and sub-segments. The platform provides news, articles, and updates on various aspects of the textile industry, including sustainability, technological advancements, and market trends.","email":"editor@textilegence.com","telephone":"+90 212 442 24 12","legalName":"Textilegence Mag and Digital Platform","foundingDate":"2013-01-01","numberOfEmployees":{"@type":"QuantitativeValue","minValue":"1","maxValue":"10"}},{"@type":"Person","@id":"https:\/\/www.textilegence.com\/en\/#\/schema\/person\/46ccc7bfc34edbc7d46b6b189f88849f","name":"Engin Buz","image":{"@type":"ImageObject","inLanguage":"en-US","@id":"https:\/\/www.textilegence.com\/wp-content\/uploads\/2018\/12\/engin-buz.jpg","url":"https:\/\/www.textilegence.com\/wp-content\/uploads\/2018\/12\/engin-buz.jpg","contentUrl":"https:\/\/www.textilegence.com\/wp-content\/uploads\/2018\/12\/engin-buz.jpg","caption":"Engin Buz"},"description":"Engin Buz, Ankara \u00dcniversitesi \u0130leti\u015fim Fak\u00fcltesi Gazetecilik B\u00f6l\u00fcm\u00fc\u2019nden mezun olduktan sonra Y\u0131ld\u0131z Teknik \u00dcniversitesi\u2019nde Siyaset Bilimi ve Uluslararas\u0131 \u0130li\u015fkiler alan\u0131nda y\u00fcksek lisans\u0131n\u0131 tamamlam\u0131\u015ft\u0131r. 2000 y\u0131l\u0131ndan sonra \u00e7e\u015fitli yay\u0131nc\u0131l\u0131k \u015firketlerinde \u00e7al\u0131\u015fmaya ba\u015flayarak k\u00fclt\u00fcr-sanat ve daha sonra ekonomi haberleri haz\u0131rlam\u0131\u015ft\u0131r. 2009 y\u0131l\u0131ndan itibaren tekstil end\u00fcstrisine d\u00f6n\u00fck yay\u0131nlarda edit\u00f6r olarak g\u00f6rev alan Buz, 2013 itibariyle kurulan Textilegence\u2019de haber edit\u00f6r\u00fc olarak yer almaya ba\u015flam\u0131\u015ft\u0131r. Engin Buz halen ba\u015fta tekstil ve dijital bask\u0131 end\u00fcstrileri olmak \u00fczere ekonomi haberleri haz\u0131rlamaktad\u0131r.","sameAs":["https:\/\/www.textilegence.com","https:\/\/www.facebook.com\/TextilegenceMagazine","https:\/\/www.instagram.com\/textilegence\/","https:\/\/www.linkedin.com\/in\/engin-buz-6190799a\/","https:\/\/x.com\/https:\/\/twitter.com\/textilegence"],"url":"https:\/\/www.textilegence.com\/en\/author\/engin-buz\/"}]}},"_links":{"self":[{"href":"https:\/\/www.textilegence.com\/en\/wp-json\/wp\/v2\/posts\/16453","targetHints":{"allow":["GET"]}}],"collection":[{"href":"https:\/\/www.textilegence.com\/en\/wp-json\/wp\/v2\/posts"}],"about":[{"href":"https:\/\/www.textilegence.com\/en\/wp-json\/wp\/v2\/types\/post"}],"author":[{"embeddable":true,"href":"https:\/\/www.textilegence.com\/en\/wp-json\/wp\/v2\/users\/2"}],"replies":[{"embeddable":true,"href":"https:\/\/www.textilegence.com\/en\/wp-json\/wp\/v2\/comments?post=16453"}],"version-history":[{"count":0,"href":"https:\/\/www.textilegence.com\/en\/wp-json\/wp\/v2\/posts\/16453\/revisions"}],"wp:featuredmedia":[{"embeddable":true,"href":"https:\/\/www.textilegence.com\/en\/wp-json\/wp\/v2\/media\/19021"}],"wp:attachment":[{"href":"https:\/\/www.textilegence.com\/en\/wp-json\/wp\/v2\/media?parent=16453"}],"wp:term":[{"taxonomy":"category","embeddable":true,"href":"https:\/\/www.textilegence.com\/en\/wp-json\/wp\/v2\/categories?post=16453"},{"taxonomy":"post_tag","embeddable":true,"href":"https:\/\/www.textilegence.com\/en\/wp-json\/wp\/v2\/tags?post=16453"}],"curies":[{"name":"wp","href":"https:\/\/api.w.org\/{rel}","templated":true}]}}