{"id":16465,"date":"2016-08-10T15:07:05","date_gmt":"2016-08-10T12:07:05","guid":{"rendered":"http:\/\/localhost\/textilegence\/advertising-technologies-at-viscom-franfurt-2016\/"},"modified":"2019-01-23T13:05:04","modified_gmt":"2019-01-23T10:05:04","slug":"advertising-technologies-at-viscom-franfurt-2016","status":"publish","type":"post","link":"https:\/\/www.textilegence.com\/en\/advertising-technologies-at-viscom-franfurt-2016\/","title":{"rendered":"Advertising Technologies at viscom Franfurt 2016"},"content":{"rendered":"<figure id=\"attachment_12061\" aria-describedby=\"caption-attachment-12061\" style=\"width: 324px\" class=\"wp-caption alignleft\"><img loading=\"lazy\" decoding=\"async\" class=\"wp-image-12061\" src=\"http:\/\/textilegence.com\/wp-content\/uploads\/2016\/08\/viscom_Textilegence.jpg\" alt=\"viscom frankfurt 2016 fuar\u0131nda reklamc\u0131l\u0131k sekt\u00f6r\u00fcn\u00fcn yeni \u00e7\u00f6z\u00fcmleri yer alacak\" width=\"324\" height=\"162\" \/><figcaption id=\"caption-attachment-12061\" class=\"wp-caption-text\">viscom frankfurt 2016 fuar\u0131nda reklamc\u0131l\u0131k sekt\u00f6r\u00fcn\u00fcn yeni \u00e7\u00f6z\u00fcmleri yer alacak<\/figcaption><\/figure>\n<p style=\"text-align: justify;\"><strong>Premiere: 30 years of advertising technology at the show &amp; do arena.\u00a0<\/strong><strong>Key players from advertising technology, printing and signmaking to showcase their product ranges<\/strong><\/p>\n<p style=\"text-align: justify;\">For the 30th time this year, <a href=\"https:\/\/www.viscom-messe.com\/\">viscom<\/a> frankfurt will become the international meeting place for advertising technicians. From Wednesday to Friday, 2 to 4 November 2016, the key advertising technology players will showcase the industry\u2019s latest techniques, processes and applications at <a href=\"https:\/\/www.textilegence.com\/en\/category\/trade-fairs\/\">viscom<\/a> SIGN. Moreover, numerous well-known manufacturers of printing presses and signmakers will tailor their offerings to advertising technicians, and sign and illuminated-advertising manufacturers. Marking viscom\u2019s anniversary will be the big premiere of the show &amp; do arena featuring top picks from 30 years of advertising technology. Exciting workshops, lectures and the opportunity to participate in the European Wrap Star complement the extensive programme for advertising technicians.<\/p>\n<p style=\"text-align: justify;\">Some 40 per cent of the exhibitors will present ranges specifically aimed at advertising technicians, and sign and illuminated-advertising manufacturers. Once again this year, visitors can look forward to a massive assortment of products and services presented by an array of top-notch exhibitors. Karl Gr\u00f6ner, Yellotools, Aluvision, Complott, geonit and IGEPA have already booked their stands at viscom SIGN. Brunner, Print-Equipment, Multi-Plot, Comhan and, for the first time this year, APA Italy will also attend the international trade fair for visual communication.<\/p>\n<p style=\"text-align: justify;\">Similarly, manufacturers of printing presses will present an assortment geared toward advertising technicians. HP, Mimaki, OKI, Fujifilm, Roland DG, Mutoh, KIP Deutschland, Epson and many more will be on hand in Frankfurt in 2016. Also offering a comprehensive signmaking range will be the likes of Crown Norge, Z\u00fcnd Systemtechnik, ESKO, Walter Schulze and Wallburg.<\/p>\n<h2 style=\"text-align: justify;\"><strong>A look at 30 years of advertising technology<\/strong><\/h2>\n<p style=\"text-align: justify;\"><img loading=\"lazy\" decoding=\"async\" class=\"alignleft wp-image-12062\" src=\"http:\/\/textilegence.com\/wp-content\/uploads\/2016\/08\/viscom1_Textilegence.jpg\" alt=\"viscom1_Textilegence\" width=\"324\" height=\"162\" \/>Featuring the slogan \u201c30 years leading visual business\u201d, a special area will be added to mark the 30th anniversary of viscom: the show &amp; do arena in Hall 8. New life will be breathed into traditional technologies, because many of them aren\u2019t merely still relevant to today\u2019s operations \u2013 they might even deliver a competitive edge.<\/p>\n<p style=\"text-align: justify;\">Participation at the new special area isn\u2019t just allowed, it\u2019s absolutely encouraged. Hands-on activities range from HP offering visitors an opportunity to design, print and install their own wallpaper to novel neon printing techniques presented by Gr\u00f6ner. Buth will use an antique engraving machine to grant visitors a look at engraving techniques of the past. A-Blok\u2019s presentation, in contrast, will be ultra-contemporary: the company will demonstrate how to use digital graffiti to visualise ideas and actively involve guests. Visitors can stop by Epson\u2019s stand to print their own T-shirts, which will make a beautiful viscom souvenir. All viscom attendees are welcome to participate, watch and experience everything free of charge.<\/p>\n<h2 style=\"text-align: justify;\"><strong>R\u00fcdiger Maas and go:visual on interiors<\/strong><\/h2>\n<p style=\"text-align: justify;\">Together with the industry initiative go:visual by the media-production trade association f:mp, R\u00fcdiger Maas will cover all things interiors. He\u2019ll focus on storytelling for rooms \u2013 analogue and digital \u2013 while answering the question how advertising technology and visual communication can help to touch people. Plus, he\u2019ll explore how rooms transform into an experience, what digital printing and digital communication can accomplish, and what kind of customisation options exist. Then he\u2019ll address the issue of just how personal communication may get these days.<\/p>\n<h2 style=\"text-align: justify;\"><strong>Presentation programme for advertising technicians<\/strong><\/h2>\n<p style=\"text-align: justify;\">On Friday, the Speakers Corner will be a particularly exciting place to be for advertising technicians. The Interior Design focus day will put a spotlight on emotional room staging and all-encompassing experiences, illuminating among other issues, the relationship between analogue and digital: topics include virtual brand worlds and real-time experiences, plus the nexus between digital possibilities and analogue sensuality. The digital printing revolution shaking up interior design will also be discussed. One emphasis will be on the factors that require special attention when it comes to beautifying ceiling, wall and floor. Illustrative best practices will bring the topic alive.<\/p>\n<h2 style=\"text-align: justify;\"><strong>Adobe and Corel workshops<\/strong><\/h2>\n<p><strong style=\"text-align: justify;\"><img loading=\"lazy\" decoding=\"async\" class=\"alignleft wp-image-12063\" src=\"http:\/\/textilegence.com\/wp-content\/uploads\/2016\/08\/viscom2_Textilegence.jpg\" alt=\"viscom2_Textilegence\" width=\"324\" height=\"162\" \/><\/strong><\/p>\n<p style=\"text-align: justify;\">Another programme highlight: <strong>Adobe<\/strong> and <strong>Corel workshops<\/strong>. Graphic designers and advertising technicians will get an overview of both programs, along with helpful expert tips and tricks on new features.<\/p>\n<h2 style=\"text-align: justify;\"><strong>European Wrap Star<\/strong><\/h2>\n<p style=\"text-align: justify;\">The European Wrap Star is a particular highlight specifically aimed at car wrappers and experienced wrapping pros. The MP Clipart crew is hosting the award for what will already be the eighth time. In the five-round contest staged in Hall 8 at viscom, participants will get a chance to show off their skills and win amazing prizes.<\/p>\n","protected":false},"excerpt":{"rendered":"<p>Premiere: 30 years of advertising technology at the show &amp; do arena.\u00a0Key players from advertising technology, printing and signmaking to showcase their product ranges For the 30th time this year, viscom frankfurt will become the international meeting place for advertising technicians. From Wednesday to Friday, 2 to 4 November 2016, the key advertising technology players [&hellip;]<\/p>\n","protected":false},"author":2,"featured_media":19031,"comment_status":"open","ping_status":"closed","sticky":false,"template":"","format":"standard","meta":{"footnotes":""},"categories":[9859],"tags":[10588,10234,10281,11336,10327,11082,10707,11381],"class_list":{"0":"post-16465","1":"post","2":"type-post","3":"status-publish","4":"format-standard","5":"has-post-thumbnail","7":"category-topical","8":"tag-adobe-en","9":"tag-digital-printing","10":"tag-epson","11":"tag-hp-en","12":"tag-mimaki","13":"tag-roland-dg-en","14":"tag-vehicle-wrapping","15":"tag-viscom-2016-en"},"yoast_head":"<!-- This site is optimized with the Yoast SEO Premium plugin v27.3 (Yoast SEO v27.3) - https:\/\/yoast.com\/product\/yoast-seo-premium-wordpress\/ -->\n<title>Advertising Technologies at viscom Franfurt 2016 - Textilegence Magazine and Digital Platform<\/title>\n<meta name=\"robots\" content=\"index, follow, max-snippet:-1, max-image-preview:large, max-video-preview:-1\" \/>\n<link rel=\"canonical\" href=\"https:\/\/www.textilegence.com\/en\/advertising-technologies-at-viscom-franfurt-2016\/\" \/>\n<meta property=\"og:locale\" content=\"en_US\" \/>\n<meta property=\"og:type\" content=\"article\" \/>\n<meta property=\"og:title\" content=\"Advertising Technologies at viscom Franfurt 2016\" \/>\n<meta property=\"og:description\" content=\"Premiere: 30 years of advertising technology at the show &amp; do arena.\u00a0Key players from advertising technology, printing and signmaking to showcase\" \/>\n<meta property=\"og:url\" content=\"https:\/\/www.textilegence.com\/en\/advertising-technologies-at-viscom-franfurt-2016\/\" \/>\n<meta property=\"og:site_name\" content=\"Textilegence Magazine and Digital Platform\" \/>\n<meta property=\"article:publisher\" content=\"https:\/\/www.facebook.com\/TextilegenceMagazine\" \/>\n<meta property=\"article:author\" content=\"https:\/\/www.facebook.com\/TextilegenceMagazine\" \/>\n<meta property=\"article:published_time\" content=\"2016-08-10T12:07:05+00:00\" \/>\n<meta property=\"article:modified_time\" content=\"2019-01-23T10:05:04+00:00\" \/>\n<meta property=\"og:image\" content=\"https:\/\/www.textilegence.com\/wp-content\/uploads\/2016\/08\/viscom_Textilegence.jpg\" \/>\n\t<meta property=\"og:image:width\" content=\"500\" \/>\n\t<meta property=\"og:image:height\" content=\"250\" \/>\n\t<meta property=\"og:image:type\" content=\"image\/jpeg\" \/>\n<meta name=\"author\" content=\"Engin Buz\" \/>\n<meta name=\"twitter:card\" content=\"summary_large_image\" \/>\n<meta name=\"twitter:creator\" content=\"@https:\/\/twitter.com\/textilegence\" \/>\n<meta name=\"twitter:site\" content=\"@textilegence\" \/>\n<meta name=\"twitter:label1\" content=\"Written by\" \/>\n\t<meta name=\"twitter:data1\" content=\"Engin Buz\" \/>\n\t<meta name=\"twitter:label2\" content=\"Est. reading time\" \/>\n\t<meta name=\"twitter:data2\" content=\"4 minutes\" \/>\n<script type=\"application\/ld+json\" class=\"yoast-schema-graph\">{\"@context\":\"https:\\\/\\\/schema.org\",\"@graph\":[{\"@type\":\"NewsArticle\",\"@id\":\"https:\\\/\\\/www.textilegence.com\\\/en\\\/advertising-technologies-at-viscom-franfurt-2016\\\/#article\",\"isPartOf\":{\"@id\":\"https:\\\/\\\/www.textilegence.com\\\/en\\\/advertising-technologies-at-viscom-franfurt-2016\\\/\"},\"author\":{\"name\":\"Engin Buz\",\"@id\":\"https:\\\/\\\/www.textilegence.com\\\/en\\\/#\\\/schema\\\/person\\\/46ccc7bfc34edbc7d46b6b189f88849f\"},\"headline\":\"Advertising Technologies at viscom Franfurt 2016\",\"datePublished\":\"2016-08-10T12:07:05+00:00\",\"dateModified\":\"2019-01-23T10:05:04+00:00\",\"mainEntityOfPage\":{\"@id\":\"https:\\\/\\\/www.textilegence.com\\\/en\\\/advertising-technologies-at-viscom-franfurt-2016\\\/\"},\"wordCount\":761,\"commentCount\":0,\"publisher\":{\"@id\":\"https:\\\/\\\/www.textilegence.com\\\/en\\\/#organization\"},\"image\":{\"@id\":\"https:\\\/\\\/www.textilegence.com\\\/en\\\/advertising-technologies-at-viscom-franfurt-2016\\\/#primaryimage\"},\"thumbnailUrl\":\"https:\\\/\\\/www.textilegence.com\\\/wp-content\\\/uploads\\\/2016\\\/08\\\/viscom_Textilegence.jpg\",\"keywords\":[\"adobe\",\"digital printing\",\"epson\",\"hp\",\"mimaki\",\"roland dg\",\"vehicle wrapping\",\"viscom 2016\"],\"articleSection\":[\"Topical\"],\"inLanguage\":\"en-US\",\"potentialAction\":[{\"@type\":\"CommentAction\",\"name\":\"Comment\",\"target\":[\"https:\\\/\\\/www.textilegence.com\\\/en\\\/advertising-technologies-at-viscom-franfurt-2016\\\/#respond\"]}]},{\"@type\":\"WebPage\",\"@id\":\"https:\\\/\\\/www.textilegence.com\\\/en\\\/advertising-technologies-at-viscom-franfurt-2016\\\/\",\"url\":\"https:\\\/\\\/www.textilegence.com\\\/en\\\/advertising-technologies-at-viscom-franfurt-2016\\\/\",\"name\":\"Advertising Technologies at viscom Franfurt 2016 - Textilegence Magazine and Digital Platform\",\"isPartOf\":{\"@id\":\"https:\\\/\\\/www.textilegence.com\\\/en\\\/#website\"},\"primaryImageOfPage\":{\"@id\":\"https:\\\/\\\/www.textilegence.com\\\/en\\\/advertising-technologies-at-viscom-franfurt-2016\\\/#primaryimage\"},\"image\":{\"@id\":\"https:\\\/\\\/www.textilegence.com\\\/en\\\/advertising-technologies-at-viscom-franfurt-2016\\\/#primaryimage\"},\"thumbnailUrl\":\"https:\\\/\\\/www.textilegence.com\\\/wp-content\\\/uploads\\\/2016\\\/08\\\/viscom_Textilegence.jpg\",\"datePublished\":\"2016-08-10T12:07:05+00:00\",\"dateModified\":\"2019-01-23T10:05:04+00:00\",\"breadcrumb\":{\"@id\":\"https:\\\/\\\/www.textilegence.com\\\/en\\\/advertising-technologies-at-viscom-franfurt-2016\\\/#breadcrumb\"},\"inLanguage\":\"en-US\",\"potentialAction\":[{\"@type\":\"ReadAction\",\"target\":[\"https:\\\/\\\/www.textilegence.com\\\/en\\\/advertising-technologies-at-viscom-franfurt-2016\\\/\"]}]},{\"@type\":\"ImageObject\",\"inLanguage\":\"en-US\",\"@id\":\"https:\\\/\\\/www.textilegence.com\\\/en\\\/advertising-technologies-at-viscom-franfurt-2016\\\/#primaryimage\",\"url\":\"https:\\\/\\\/www.textilegence.com\\\/wp-content\\\/uploads\\\/2016\\\/08\\\/viscom_Textilegence.jpg\",\"contentUrl\":\"https:\\\/\\\/www.textilegence.com\\\/wp-content\\\/uploads\\\/2016\\\/08\\\/viscom_Textilegence.jpg\",\"width\":500,\"height\":250,\"caption\":\"viscom frankfurt 2016 fuar\u0131nda reklamc\u0131l\u0131k sekt\u00f6r\u00fcn\u00fcn yeni \u00e7\u00f6z\u00fcmleri yer alacak\"},{\"@type\":\"BreadcrumbList\",\"@id\":\"https:\\\/\\\/www.textilegence.com\\\/en\\\/advertising-technologies-at-viscom-franfurt-2016\\\/#breadcrumb\",\"itemListElement\":[{\"@type\":\"ListItem\",\"position\":1,\"name\":\"Home Page\",\"item\":\"https:\\\/\\\/www.textilegence.com\\\/en\\\/homepage-the-rimont\\\/\"},{\"@type\":\"ListItem\",\"position\":2,\"name\":\"Topical\",\"item\":\"https:\\\/\\\/www.textilegence.com\\\/en\\\/category\\\/topical\\\/\"},{\"@type\":\"ListItem\",\"position\":3,\"name\":\"Advertising Technologies at viscom Franfurt 2016\"}]},{\"@type\":\"WebSite\",\"@id\":\"https:\\\/\\\/www.textilegence.com\\\/en\\\/#website\",\"url\":\"https:\\\/\\\/www.textilegence.com\\\/en\\\/\",\"name\":\"Textilegence Magazine and Digital Platform\",\"description\":\"Textile News Center\",\"publisher\":{\"@id\":\"https:\\\/\\\/www.textilegence.com\\\/en\\\/#organization\"},\"potentialAction\":[{\"@type\":\"SearchAction\",\"target\":{\"@type\":\"EntryPoint\",\"urlTemplate\":\"https:\\\/\\\/www.textilegence.com\\\/en\\\/?s={search_term_string}\"},\"query-input\":{\"@type\":\"PropertyValueSpecification\",\"valueRequired\":true,\"valueName\":\"search_term_string\"}}],\"inLanguage\":\"en-US\"},{\"@type\":\"Organization\",\"@id\":\"https:\\\/\\\/www.textilegence.com\\\/en\\\/#organization\",\"name\":\"Textilegence Magazine and Digital Platform\",\"url\":\"https:\\\/\\\/www.textilegence.com\\\/en\\\/\",\"logo\":{\"@type\":\"ImageObject\",\"inLanguage\":\"en-US\",\"@id\":\"https:\\\/\\\/www.textilegence.com\\\/en\\\/#\\\/schema\\\/logo\\\/image\\\/\",\"url\":\"https:\\\/\\\/www.textilegence.com\\\/wp-content\\\/uploads\\\/2016\\\/11\\\/New_Retina_Logo_Textilegence.png\",\"contentUrl\":\"https:\\\/\\\/www.textilegence.com\\\/wp-content\\\/uploads\\\/2016\\\/11\\\/New_Retina_Logo_Textilegence.png\",\"width\":544,\"height\":180,\"caption\":\"Textilegence Magazine and Digital Platform\"},\"image\":{\"@id\":\"https:\\\/\\\/www.textilegence.com\\\/en\\\/#\\\/schema\\\/logo\\\/image\\\/\"},\"sameAs\":[\"https:\\\/\\\/www.facebook.com\\\/TextilegenceMagazine\",\"https:\\\/\\\/x.com\\\/textilegence\",\"https:\\\/\\\/www.instagram.com\\\/textilegence\\\/\",\"https:\\\/\\\/www.linkedin.com\\\/groups\\\/Textilegence-Magazine-Digital-Platform-4897253\",\"https:\\\/\\\/www.youtube.com\\\/user\\\/textilegence\"],\"description\":\"Textilegence is a magazine and digital platform established in 2013. It focuses on the textile industry and sub-segments. The platform provides news, articles, and updates on various aspects of the textile industry, including sustainability, technological advancements, and market trends.\",\"email\":\"editor@textilegence.com\",\"telephone\":\"+90 212 442 24 12\",\"legalName\":\"Textilegence Mag and Digital Platform\",\"foundingDate\":\"2013-01-01\",\"numberOfEmployees\":{\"@type\":\"QuantitativeValue\",\"minValue\":\"1\",\"maxValue\":\"10\"}},{\"@type\":\"Person\",\"@id\":\"https:\\\/\\\/www.textilegence.com\\\/en\\\/#\\\/schema\\\/person\\\/46ccc7bfc34edbc7d46b6b189f88849f\",\"name\":\"Engin Buz\",\"image\":{\"@type\":\"ImageObject\",\"inLanguage\":\"en-US\",\"@id\":\"https:\\\/\\\/www.textilegence.com\\\/wp-content\\\/uploads\\\/2018\\\/12\\\/engin-buz.jpg\",\"url\":\"https:\\\/\\\/www.textilegence.com\\\/wp-content\\\/uploads\\\/2018\\\/12\\\/engin-buz.jpg\",\"contentUrl\":\"https:\\\/\\\/www.textilegence.com\\\/wp-content\\\/uploads\\\/2018\\\/12\\\/engin-buz.jpg\",\"caption\":\"Engin Buz\"},\"description\":\"Engin Buz, Ankara \u00dcniversitesi \u0130leti\u015fim Fak\u00fcltesi Gazetecilik B\u00f6l\u00fcm\u00fc\u2019nden mezun olduktan sonra Y\u0131ld\u0131z Teknik \u00dcniversitesi\u2019nde Siyaset Bilimi ve Uluslararas\u0131 \u0130li\u015fkiler alan\u0131nda y\u00fcksek lisans\u0131n\u0131 tamamlam\u0131\u015ft\u0131r. 2000 y\u0131l\u0131ndan sonra \u00e7e\u015fitli yay\u0131nc\u0131l\u0131k \u015firketlerinde \u00e7al\u0131\u015fmaya ba\u015flayarak k\u00fclt\u00fcr-sanat ve daha sonra ekonomi haberleri haz\u0131rlam\u0131\u015ft\u0131r. 2009 y\u0131l\u0131ndan itibaren tekstil end\u00fcstrisine d\u00f6n\u00fck yay\u0131nlarda edit\u00f6r olarak g\u00f6rev alan Buz, 2013 itibariyle kurulan Textilegence\u2019de haber edit\u00f6r\u00fc olarak yer almaya ba\u015flam\u0131\u015ft\u0131r. Engin Buz halen ba\u015fta tekstil ve dijital bask\u0131 end\u00fcstrileri olmak \u00fczere ekonomi haberleri haz\u0131rlamaktad\u0131r.\",\"sameAs\":[\"https:\\\/\\\/www.textilegence.com\",\"https:\\\/\\\/www.facebook.com\\\/TextilegenceMagazine\",\"https:\\\/\\\/www.instagram.com\\\/textilegence\\\/\",\"https:\\\/\\\/www.linkedin.com\\\/in\\\/engin-buz-6190799a\\\/\",\"https:\\\/\\\/x.com\\\/https:\\\/\\\/twitter.com\\\/textilegence\"],\"url\":\"https:\\\/\\\/www.textilegence.com\\\/en\\\/author\\\/engin-buz\\\/\"}]}<\/script>\n<!-- \/ Yoast SEO Premium plugin. -->","yoast_head_json":{"title":"Advertising Technologies at viscom Franfurt 2016 - Textilegence Magazine and Digital Platform","robots":{"index":"index","follow":"follow","max-snippet":"max-snippet:-1","max-image-preview":"max-image-preview:large","max-video-preview":"max-video-preview:-1"},"canonical":"https:\/\/www.textilegence.com\/en\/advertising-technologies-at-viscom-franfurt-2016\/","og_locale":"en_US","og_type":"article","og_title":"Advertising Technologies at viscom Franfurt 2016","og_description":"Premiere: 30 years of advertising technology at the show &amp; do arena.\u00a0Key players from advertising technology, printing and signmaking to showcase","og_url":"https:\/\/www.textilegence.com\/en\/advertising-technologies-at-viscom-franfurt-2016\/","og_site_name":"Textilegence Magazine and Digital Platform","article_publisher":"https:\/\/www.facebook.com\/TextilegenceMagazine","article_author":"https:\/\/www.facebook.com\/TextilegenceMagazine","article_published_time":"2016-08-10T12:07:05+00:00","article_modified_time":"2019-01-23T10:05:04+00:00","og_image":[{"width":500,"height":250,"url":"https:\/\/www.textilegence.com\/wp-content\/uploads\/2016\/08\/viscom_Textilegence.jpg","type":"image\/jpeg"}],"author":"Engin Buz","twitter_card":"summary_large_image","twitter_creator":"@https:\/\/twitter.com\/textilegence","twitter_site":"@textilegence","twitter_misc":{"Written by":"Engin Buz","Est. reading time":"4 minutes"},"schema":{"@context":"https:\/\/schema.org","@graph":[{"@type":"NewsArticle","@id":"https:\/\/www.textilegence.com\/en\/advertising-technologies-at-viscom-franfurt-2016\/#article","isPartOf":{"@id":"https:\/\/www.textilegence.com\/en\/advertising-technologies-at-viscom-franfurt-2016\/"},"author":{"name":"Engin Buz","@id":"https:\/\/www.textilegence.com\/en\/#\/schema\/person\/46ccc7bfc34edbc7d46b6b189f88849f"},"headline":"Advertising Technologies at viscom Franfurt 2016","datePublished":"2016-08-10T12:07:05+00:00","dateModified":"2019-01-23T10:05:04+00:00","mainEntityOfPage":{"@id":"https:\/\/www.textilegence.com\/en\/advertising-technologies-at-viscom-franfurt-2016\/"},"wordCount":761,"commentCount":0,"publisher":{"@id":"https:\/\/www.textilegence.com\/en\/#organization"},"image":{"@id":"https:\/\/www.textilegence.com\/en\/advertising-technologies-at-viscom-franfurt-2016\/#primaryimage"},"thumbnailUrl":"https:\/\/www.textilegence.com\/wp-content\/uploads\/2016\/08\/viscom_Textilegence.jpg","keywords":["adobe","digital printing","epson","hp","mimaki","roland dg","vehicle wrapping","viscom 2016"],"articleSection":["Topical"],"inLanguage":"en-US","potentialAction":[{"@type":"CommentAction","name":"Comment","target":["https:\/\/www.textilegence.com\/en\/advertising-technologies-at-viscom-franfurt-2016\/#respond"]}]},{"@type":"WebPage","@id":"https:\/\/www.textilegence.com\/en\/advertising-technologies-at-viscom-franfurt-2016\/","url":"https:\/\/www.textilegence.com\/en\/advertising-technologies-at-viscom-franfurt-2016\/","name":"Advertising Technologies at viscom Franfurt 2016 - Textilegence Magazine and Digital Platform","isPartOf":{"@id":"https:\/\/www.textilegence.com\/en\/#website"},"primaryImageOfPage":{"@id":"https:\/\/www.textilegence.com\/en\/advertising-technologies-at-viscom-franfurt-2016\/#primaryimage"},"image":{"@id":"https:\/\/www.textilegence.com\/en\/advertising-technologies-at-viscom-franfurt-2016\/#primaryimage"},"thumbnailUrl":"https:\/\/www.textilegence.com\/wp-content\/uploads\/2016\/08\/viscom_Textilegence.jpg","datePublished":"2016-08-10T12:07:05+00:00","dateModified":"2019-01-23T10:05:04+00:00","breadcrumb":{"@id":"https:\/\/www.textilegence.com\/en\/advertising-technologies-at-viscom-franfurt-2016\/#breadcrumb"},"inLanguage":"en-US","potentialAction":[{"@type":"ReadAction","target":["https:\/\/www.textilegence.com\/en\/advertising-technologies-at-viscom-franfurt-2016\/"]}]},{"@type":"ImageObject","inLanguage":"en-US","@id":"https:\/\/www.textilegence.com\/en\/advertising-technologies-at-viscom-franfurt-2016\/#primaryimage","url":"https:\/\/www.textilegence.com\/wp-content\/uploads\/2016\/08\/viscom_Textilegence.jpg","contentUrl":"https:\/\/www.textilegence.com\/wp-content\/uploads\/2016\/08\/viscom_Textilegence.jpg","width":500,"height":250,"caption":"viscom frankfurt 2016 fuar\u0131nda reklamc\u0131l\u0131k sekt\u00f6r\u00fcn\u00fcn yeni \u00e7\u00f6z\u00fcmleri yer alacak"},{"@type":"BreadcrumbList","@id":"https:\/\/www.textilegence.com\/en\/advertising-technologies-at-viscom-franfurt-2016\/#breadcrumb","itemListElement":[{"@type":"ListItem","position":1,"name":"Home Page","item":"https:\/\/www.textilegence.com\/en\/homepage-the-rimont\/"},{"@type":"ListItem","position":2,"name":"Topical","item":"https:\/\/www.textilegence.com\/en\/category\/topical\/"},{"@type":"ListItem","position":3,"name":"Advertising Technologies at viscom Franfurt 2016"}]},{"@type":"WebSite","@id":"https:\/\/www.textilegence.com\/en\/#website","url":"https:\/\/www.textilegence.com\/en\/","name":"Textilegence Magazine and Digital Platform","description":"Textile News Center","publisher":{"@id":"https:\/\/www.textilegence.com\/en\/#organization"},"potentialAction":[{"@type":"SearchAction","target":{"@type":"EntryPoint","urlTemplate":"https:\/\/www.textilegence.com\/en\/?s={search_term_string}"},"query-input":{"@type":"PropertyValueSpecification","valueRequired":true,"valueName":"search_term_string"}}],"inLanguage":"en-US"},{"@type":"Organization","@id":"https:\/\/www.textilegence.com\/en\/#organization","name":"Textilegence Magazine and Digital Platform","url":"https:\/\/www.textilegence.com\/en\/","logo":{"@type":"ImageObject","inLanguage":"en-US","@id":"https:\/\/www.textilegence.com\/en\/#\/schema\/logo\/image\/","url":"https:\/\/www.textilegence.com\/wp-content\/uploads\/2016\/11\/New_Retina_Logo_Textilegence.png","contentUrl":"https:\/\/www.textilegence.com\/wp-content\/uploads\/2016\/11\/New_Retina_Logo_Textilegence.png","width":544,"height":180,"caption":"Textilegence Magazine and Digital Platform"},"image":{"@id":"https:\/\/www.textilegence.com\/en\/#\/schema\/logo\/image\/"},"sameAs":["https:\/\/www.facebook.com\/TextilegenceMagazine","https:\/\/x.com\/textilegence","https:\/\/www.instagram.com\/textilegence\/","https:\/\/www.linkedin.com\/groups\/Textilegence-Magazine-Digital-Platform-4897253","https:\/\/www.youtube.com\/user\/textilegence"],"description":"Textilegence is a magazine and digital platform established in 2013. It focuses on the textile industry and sub-segments. The platform provides news, articles, and updates on various aspects of the textile industry, including sustainability, technological advancements, and market trends.","email":"editor@textilegence.com","telephone":"+90 212 442 24 12","legalName":"Textilegence Mag and Digital Platform","foundingDate":"2013-01-01","numberOfEmployees":{"@type":"QuantitativeValue","minValue":"1","maxValue":"10"}},{"@type":"Person","@id":"https:\/\/www.textilegence.com\/en\/#\/schema\/person\/46ccc7bfc34edbc7d46b6b189f88849f","name":"Engin Buz","image":{"@type":"ImageObject","inLanguage":"en-US","@id":"https:\/\/www.textilegence.com\/wp-content\/uploads\/2018\/12\/engin-buz.jpg","url":"https:\/\/www.textilegence.com\/wp-content\/uploads\/2018\/12\/engin-buz.jpg","contentUrl":"https:\/\/www.textilegence.com\/wp-content\/uploads\/2018\/12\/engin-buz.jpg","caption":"Engin Buz"},"description":"Engin Buz, Ankara \u00dcniversitesi \u0130leti\u015fim Fak\u00fcltesi Gazetecilik B\u00f6l\u00fcm\u00fc\u2019nden mezun olduktan sonra Y\u0131ld\u0131z Teknik \u00dcniversitesi\u2019nde Siyaset Bilimi ve Uluslararas\u0131 \u0130li\u015fkiler alan\u0131nda y\u00fcksek lisans\u0131n\u0131 tamamlam\u0131\u015ft\u0131r. 2000 y\u0131l\u0131ndan sonra \u00e7e\u015fitli yay\u0131nc\u0131l\u0131k \u015firketlerinde \u00e7al\u0131\u015fmaya ba\u015flayarak k\u00fclt\u00fcr-sanat ve daha sonra ekonomi haberleri haz\u0131rlam\u0131\u015ft\u0131r. 2009 y\u0131l\u0131ndan itibaren tekstil end\u00fcstrisine d\u00f6n\u00fck yay\u0131nlarda edit\u00f6r olarak g\u00f6rev alan Buz, 2013 itibariyle kurulan Textilegence\u2019de haber edit\u00f6r\u00fc olarak yer almaya ba\u015flam\u0131\u015ft\u0131r. Engin Buz halen ba\u015fta tekstil ve dijital bask\u0131 end\u00fcstrileri olmak \u00fczere ekonomi haberleri haz\u0131rlamaktad\u0131r.","sameAs":["https:\/\/www.textilegence.com","https:\/\/www.facebook.com\/TextilegenceMagazine","https:\/\/www.instagram.com\/textilegence\/","https:\/\/www.linkedin.com\/in\/engin-buz-6190799a\/","https:\/\/x.com\/https:\/\/twitter.com\/textilegence"],"url":"https:\/\/www.textilegence.com\/en\/author\/engin-buz\/"}]}},"_links":{"self":[{"href":"https:\/\/www.textilegence.com\/en\/wp-json\/wp\/v2\/posts\/16465","targetHints":{"allow":["GET"]}}],"collection":[{"href":"https:\/\/www.textilegence.com\/en\/wp-json\/wp\/v2\/posts"}],"about":[{"href":"https:\/\/www.textilegence.com\/en\/wp-json\/wp\/v2\/types\/post"}],"author":[{"embeddable":true,"href":"https:\/\/www.textilegence.com\/en\/wp-json\/wp\/v2\/users\/2"}],"replies":[{"embeddable":true,"href":"https:\/\/www.textilegence.com\/en\/wp-json\/wp\/v2\/comments?post=16465"}],"version-history":[{"count":0,"href":"https:\/\/www.textilegence.com\/en\/wp-json\/wp\/v2\/posts\/16465\/revisions"}],"wp:featuredmedia":[{"embeddable":true,"href":"https:\/\/www.textilegence.com\/en\/wp-json\/wp\/v2\/media\/19031"}],"wp:attachment":[{"href":"https:\/\/www.textilegence.com\/en\/wp-json\/wp\/v2\/media?parent=16465"}],"wp:term":[{"taxonomy":"category","embeddable":true,"href":"https:\/\/www.textilegence.com\/en\/wp-json\/wp\/v2\/categories?post=16465"},{"taxonomy":"post_tag","embeddable":true,"href":"https:\/\/www.textilegence.com\/en\/wp-json\/wp\/v2\/tags?post=16465"}],"curies":[{"name":"wp","href":"https:\/\/api.w.org\/{rel}","templated":true}]}}