{"id":16491,"date":"2016-08-18T14:15:08","date_gmt":"2016-08-18T11:15:08","guid":{"rendered":"http:\/\/localhost\/textilegence\/aster-tekstil-invests-in-serbia\/"},"modified":"2018-04-05T09:42:38","modified_gmt":"2018-04-05T06:42:38","slug":"aster-tekstil-invests-in-serbia","status":"publish","type":"post","link":"https:\/\/www.textilegence.com\/en\/aster-tekstil-invests-in-serbia\/","title":{"rendered":"Aster Tekstil Invests in Serbia"},"content":{"rendered":"<figure id=\"attachment_19066\" aria-describedby=\"caption-attachment-19066\" style=\"width: 382px\" class=\"wp-caption alignleft\"><img loading=\"lazy\" decoding=\"async\" class=\"wp-image-19066 size-medium\" src=\"https:\/\/www.textilegence.com\/wp-content\/uploads\/2016\/08\/Aster_Tekstil_Textilegence1-382x250.jpg\" alt=\"Aster Tekstil Invests in Serbia\" width=\"382\" height=\"250\" srcset=\"https:\/\/www.textilegence.com\/wp-content\/uploads\/2016\/08\/Aster_Tekstil_Textilegence1-382x250.jpg 382w, https:\/\/www.textilegence.com\/wp-content\/uploads\/2016\/08\/Aster_Tekstil_Textilegence1-534x350.jpg 534w, https:\/\/www.textilegence.com\/wp-content\/uploads\/2016\/08\/Aster_Tekstil_Textilegence1-696x456.jpg 696w, https:\/\/www.textilegence.com\/wp-content\/uploads\/2016\/08\/Aster_Tekstil_Textilegence1-741x486.jpg 741w, https:\/\/www.textilegence.com\/wp-content\/uploads\/2016\/08\/Aster_Tekstil_Textilegence1-641x420.jpg 641w, https:\/\/www.textilegence.com\/wp-content\/uploads\/2016\/08\/Aster_Tekstil_Textilegence1.jpg 742w\" sizes=\"auto, (max-width: 382px) 100vw, 382px\" \/><figcaption id=\"caption-attachment-19066\" class=\"wp-caption-text\">Aster Tekstil Invests in Serbia<\/figcaption><\/figure>\n<p style=\"text-align: justify;\">Serbia, as the new investment center, increases it appeal for textile and garment manufacturers. While many important brands boost its market share by opening new shops in Serbia, it is also seen that manufacturing sites are relocated to this area. <a href=\"http:\/\/www.astertextile.com\/en\/\" target=\"_blank\" rel=\"nofollow noopener\">One of the brands<\/a> that decided to invest in this area is womenswear, manswear, and kidswear producer Aster Tekstil. Formed in 1993, the company acquired an export-oriented, fast growth in garment sector.<\/p>\n<p style=\"text-align: justify;\">Aster Tekstil is establishing an new facility in Nis on the south of Serbia with 7.2 million Euros <a href=\"https:\/\/www.textilegence.com\/en\/category\/topical\/\" target=\"_blank\" rel=\"noopener\">investment<\/a> of which 2 million Euros is state aid. Planned to be opened on September 2016, the facility will have womenswear, manswear and kidswear production. Aster Tekstil\u2019s facility will provide employment opportunity for 250 people at first step.<\/p>\n<p style=\"text-align: justify;\">Stating that the number of employment opportunity will have reached 2 thousand in 3 years, Aster Tekstil Chairman of the Board \u0130smail Ko\u00e7ali announced that the company achieved 70 million Euro turnover yearly. Expressing that nearly half of the turnover is acquired from the productions made for British brands, Ko\u00e7ali reminded the fact that the firm created its own womenswear brand War The Robe in previous years. This brand opened its first shop in Westbourne Grove, London in 2014.<\/p>\n<h1 style=\"text-align: justify;\"><strong>Serbia is the New Favourite for Investments<\/strong><\/h1>\n<p style=\"text-align: justify;\">The first Turkish company made investment in Serbia was Jeanci Tekstil. The investment which took place in Leskovac city, acquired a total budget more than 10 million Euros. Reaching an employment number more than one thousand people, the firm also opened a manufacturing site in Krupang city.<\/p>\n<p style=\"text-align: justify;\">After that, many Turkish firms followed Jeanci Tekstil and entered into the process of making investments in Serbia. The investors draw attention to the convenience of Serbia\u2019s investment requirements and the advantages brought by\u00a0 marketing opportunities.<\/p>\n<h2 style=\"text-align: justify;\"><strong>About Aster;<\/strong><\/h2>\n<p style=\"text-align: justify;\">Established in Turkey in 1993, Aster is a leading global multi-product textile company. From three Business Development Centres in Istanbul, London and Barcelona, wholly owned production facilities in Turkey and Serbia, to investment partnerships in the Far East, they strive to offer the best in creativity, innovation and quality and the most flexible service to many well known international clients.<\/p>\n<p style=\"text-align: justify;\">In 2013 Aster launched WtR, a multi-product own label brand positioned in the luxury sector. The first flagship store opened in Notting Hill, London.<\/p>\n<p style=\"text-align: justify;\">Aster is a family business that has retained its core values throughout the expansion of the company. In Turkey they are ranked as one of the top 10 exporters and combined with their international manufacturing investments; have a yearly turnover in excess of \u20ac100M.<\/p>\n","protected":false},"excerpt":{"rendered":"<p>Serbia, as the new investment center, increases it appeal for textile and garment manufacturers. While many important brands boost its market share by opening new shops in Serbia, it is also seen that manufacturing sites are relocated to this area. One of the brands that decided to invest in this area is womenswear, manswear, and [&hellip;]<\/p>\n","protected":false},"author":2,"featured_media":19066,"comment_status":"open","ping_status":"closed","sticky":false,"template":"","format":"standard","meta":{"footnotes":""},"categories":[9859],"tags":[6506,10737,10137,6511],"class_list":{"0":"post-16491","1":"post","2":"type-post","3":"status-publish","4":"format-standard","5":"has-post-thumbnail","7":"category-topical","8":"tag-aster-tekstil","9":"tag-aster-tekstil-en","10":"tag-investment","11":"tag-serbia"},"yoast_head":"<!-- This site is optimized with the Yoast SEO Premium plugin v27.3 (Yoast SEO v27.3) - https:\/\/yoast.com\/product\/yoast-seo-premium-wordpress\/ -->\n<title>Aster Tekstil Invests A New Facility In Serbia - Textilegence<\/title>\n<meta name=\"description\" content=\"While many important brands boost its market share by opening new shops in Serbia, it is also seen that manufacturing sites are relocated to this area. One of the brands that decided to invest in this area is womenswear, manswear, and kidswear producer Aster Tekstil. Formed in 1993, the company acquired an...\" \/>\n<meta name=\"robots\" content=\"index, follow, max-snippet:-1, max-image-preview:large, max-video-preview:-1\" \/>\n<link rel=\"canonical\" href=\"https:\/\/www.textilegence.com\/en\/aster-tekstil-invests-in-serbia\/\" \/>\n<meta property=\"og:locale\" content=\"en_US\" \/>\n<meta property=\"og:type\" content=\"article\" \/>\n<meta property=\"og:title\" content=\"Aster Tekstil Invests in Serbia\" \/>\n<meta property=\"og:description\" content=\"Serbia, as the new investment center, increases it appeal for textile and garment manufacturers. While many important brands boost its market share by\" \/>\n<meta property=\"og:url\" content=\"https:\/\/www.textilegence.com\/en\/aster-tekstil-invests-in-serbia\/\" \/>\n<meta property=\"og:site_name\" content=\"Textilegence Magazine and Digital Platform\" \/>\n<meta property=\"article:publisher\" content=\"https:\/\/www.facebook.com\/TextilegenceMagazine\" \/>\n<meta property=\"article:author\" content=\"https:\/\/www.facebook.com\/TextilegenceMagazine\" \/>\n<meta property=\"article:published_time\" content=\"2016-08-18T11:15:08+00:00\" \/>\n<meta property=\"article:modified_time\" content=\"2018-04-05T06:42:38+00:00\" \/>\n<meta property=\"og:image\" content=\"https:\/\/www.textilegence.com\/wp-content\/uploads\/2016\/08\/Aster_Tekstil_Textilegence1.jpg\" \/>\n\t<meta property=\"og:image:width\" content=\"742\" \/>\n\t<meta property=\"og:image:height\" content=\"486\" \/>\n\t<meta property=\"og:image:type\" content=\"image\/jpeg\" \/>\n<meta name=\"author\" content=\"Engin Buz\" \/>\n<meta name=\"twitter:card\" content=\"summary_large_image\" \/>\n<meta name=\"twitter:creator\" content=\"@https:\/\/twitter.com\/textilegence\" \/>\n<meta name=\"twitter:site\" content=\"@textilegence\" \/>\n<meta name=\"twitter:label1\" content=\"Written by\" \/>\n\t<meta name=\"twitter:data1\" content=\"Engin Buz\" \/>\n\t<meta name=\"twitter:label2\" content=\"Est. reading time\" \/>\n\t<meta name=\"twitter:data2\" content=\"2 minutes\" \/>\n<script type=\"application\/ld+json\" class=\"yoast-schema-graph\">{\"@context\":\"https:\\\/\\\/schema.org\",\"@graph\":[{\"@type\":\"NewsArticle\",\"@id\":\"https:\\\/\\\/www.textilegence.com\\\/en\\\/aster-tekstil-invests-in-serbia\\\/#article\",\"isPartOf\":{\"@id\":\"https:\\\/\\\/www.textilegence.com\\\/en\\\/aster-tekstil-invests-in-serbia\\\/\"},\"author\":{\"name\":\"Engin Buz\",\"@id\":\"https:\\\/\\\/www.textilegence.com\\\/en\\\/#\\\/schema\\\/person\\\/46ccc7bfc34edbc7d46b6b189f88849f\"},\"headline\":\"Aster Tekstil Invests in Serbia\",\"datePublished\":\"2016-08-18T11:15:08+00:00\",\"dateModified\":\"2018-04-05T06:42:38+00:00\",\"mainEntityOfPage\":{\"@id\":\"https:\\\/\\\/www.textilegence.com\\\/en\\\/aster-tekstil-invests-in-serbia\\\/\"},\"wordCount\":435,\"commentCount\":0,\"publisher\":{\"@id\":\"https:\\\/\\\/www.textilegence.com\\\/en\\\/#organization\"},\"image\":{\"@id\":\"https:\\\/\\\/www.textilegence.com\\\/en\\\/aster-tekstil-invests-in-serbia\\\/#primaryimage\"},\"thumbnailUrl\":\"https:\\\/\\\/www.textilegence.com\\\/wp-content\\\/uploads\\\/2016\\\/08\\\/Aster_Tekstil_Textilegence1.jpg\",\"keywords\":[\"aster tekstil\",\"aster tekstil\",\"investment\",\"Serbia\"],\"articleSection\":[\"Topical\"],\"inLanguage\":\"en-US\",\"potentialAction\":[{\"@type\":\"CommentAction\",\"name\":\"Comment\",\"target\":[\"https:\\\/\\\/www.textilegence.com\\\/en\\\/aster-tekstil-invests-in-serbia\\\/#respond\"]}]},{\"@type\":\"WebPage\",\"@id\":\"https:\\\/\\\/www.textilegence.com\\\/en\\\/aster-tekstil-invests-in-serbia\\\/\",\"url\":\"https:\\\/\\\/www.textilegence.com\\\/en\\\/aster-tekstil-invests-in-serbia\\\/\",\"name\":\"Aster Tekstil Invests A New Facility In Serbia - Textilegence\",\"isPartOf\":{\"@id\":\"https:\\\/\\\/www.textilegence.com\\\/en\\\/#website\"},\"primaryImageOfPage\":{\"@id\":\"https:\\\/\\\/www.textilegence.com\\\/en\\\/aster-tekstil-invests-in-serbia\\\/#primaryimage\"},\"image\":{\"@id\":\"https:\\\/\\\/www.textilegence.com\\\/en\\\/aster-tekstil-invests-in-serbia\\\/#primaryimage\"},\"thumbnailUrl\":\"https:\\\/\\\/www.textilegence.com\\\/wp-content\\\/uploads\\\/2016\\\/08\\\/Aster_Tekstil_Textilegence1.jpg\",\"datePublished\":\"2016-08-18T11:15:08+00:00\",\"dateModified\":\"2018-04-05T06:42:38+00:00\",\"description\":\"While many important brands boost its market share by opening new shops in Serbia, it is also seen that manufacturing sites are relocated to this area. One of the brands that decided to invest in this area is womenswear, manswear, and kidswear producer Aster Tekstil. Formed in 1993, the company acquired an...\",\"breadcrumb\":{\"@id\":\"https:\\\/\\\/www.textilegence.com\\\/en\\\/aster-tekstil-invests-in-serbia\\\/#breadcrumb\"},\"inLanguage\":\"en-US\",\"potentialAction\":[{\"@type\":\"ReadAction\",\"target\":[\"https:\\\/\\\/www.textilegence.com\\\/en\\\/aster-tekstil-invests-in-serbia\\\/\"]}]},{\"@type\":\"ImageObject\",\"inLanguage\":\"en-US\",\"@id\":\"https:\\\/\\\/www.textilegence.com\\\/en\\\/aster-tekstil-invests-in-serbia\\\/#primaryimage\",\"url\":\"https:\\\/\\\/www.textilegence.com\\\/wp-content\\\/uploads\\\/2016\\\/08\\\/Aster_Tekstil_Textilegence1.jpg\",\"contentUrl\":\"https:\\\/\\\/www.textilegence.com\\\/wp-content\\\/uploads\\\/2016\\\/08\\\/Aster_Tekstil_Textilegence1.jpg\",\"width\":742,\"height\":486,\"caption\":\"Aster Tekstil Invests in Serbia\"},{\"@type\":\"BreadcrumbList\",\"@id\":\"https:\\\/\\\/www.textilegence.com\\\/en\\\/aster-tekstil-invests-in-serbia\\\/#breadcrumb\",\"itemListElement\":[{\"@type\":\"ListItem\",\"position\":1,\"name\":\"Home Page\",\"item\":\"https:\\\/\\\/www.textilegence.com\\\/en\\\/homepage-the-rimont\\\/\"},{\"@type\":\"ListItem\",\"position\":2,\"name\":\"Topical\",\"item\":\"https:\\\/\\\/www.textilegence.com\\\/en\\\/category\\\/topical\\\/\"},{\"@type\":\"ListItem\",\"position\":3,\"name\":\"Aster Tekstil Invests in Serbia\"}]},{\"@type\":\"WebSite\",\"@id\":\"https:\\\/\\\/www.textilegence.com\\\/en\\\/#website\",\"url\":\"https:\\\/\\\/www.textilegence.com\\\/en\\\/\",\"name\":\"Textilegence Magazine and Digital Platform\",\"description\":\"Textile News Center\",\"publisher\":{\"@id\":\"https:\\\/\\\/www.textilegence.com\\\/en\\\/#organization\"},\"potentialAction\":[{\"@type\":\"SearchAction\",\"target\":{\"@type\":\"EntryPoint\",\"urlTemplate\":\"https:\\\/\\\/www.textilegence.com\\\/en\\\/?s={search_term_string}\"},\"query-input\":{\"@type\":\"PropertyValueSpecification\",\"valueRequired\":true,\"valueName\":\"search_term_string\"}}],\"inLanguage\":\"en-US\"},{\"@type\":\"Organization\",\"@id\":\"https:\\\/\\\/www.textilegence.com\\\/en\\\/#organization\",\"name\":\"Textilegence Magazine and Digital Platform\",\"url\":\"https:\\\/\\\/www.textilegence.com\\\/en\\\/\",\"logo\":{\"@type\":\"ImageObject\",\"inLanguage\":\"en-US\",\"@id\":\"https:\\\/\\\/www.textilegence.com\\\/en\\\/#\\\/schema\\\/logo\\\/image\\\/\",\"url\":\"https:\\\/\\\/www.textilegence.com\\\/wp-content\\\/uploads\\\/2016\\\/11\\\/New_Retina_Logo_Textilegence.png\",\"contentUrl\":\"https:\\\/\\\/www.textilegence.com\\\/wp-content\\\/uploads\\\/2016\\\/11\\\/New_Retina_Logo_Textilegence.png\",\"width\":544,\"height\":180,\"caption\":\"Textilegence Magazine and Digital Platform\"},\"image\":{\"@id\":\"https:\\\/\\\/www.textilegence.com\\\/en\\\/#\\\/schema\\\/logo\\\/image\\\/\"},\"sameAs\":[\"https:\\\/\\\/www.facebook.com\\\/TextilegenceMagazine\",\"https:\\\/\\\/x.com\\\/textilegence\",\"https:\\\/\\\/www.instagram.com\\\/textilegence\\\/\",\"https:\\\/\\\/www.linkedin.com\\\/groups\\\/Textilegence-Magazine-Digital-Platform-4897253\",\"https:\\\/\\\/www.youtube.com\\\/user\\\/textilegence\"],\"description\":\"Textilegence is a magazine and digital platform established in 2013. It focuses on the textile industry and sub-segments. The platform provides news, articles, and updates on various aspects of the textile industry, including sustainability, technological advancements, and market trends.\",\"email\":\"editor@textilegence.com\",\"telephone\":\"+90 212 442 24 12\",\"legalName\":\"Textilegence Mag and Digital Platform\",\"foundingDate\":\"2013-01-01\",\"numberOfEmployees\":{\"@type\":\"QuantitativeValue\",\"minValue\":\"1\",\"maxValue\":\"10\"}},{\"@type\":\"Person\",\"@id\":\"https:\\\/\\\/www.textilegence.com\\\/en\\\/#\\\/schema\\\/person\\\/46ccc7bfc34edbc7d46b6b189f88849f\",\"name\":\"Engin Buz\",\"image\":{\"@type\":\"ImageObject\",\"inLanguage\":\"en-US\",\"@id\":\"https:\\\/\\\/www.textilegence.com\\\/wp-content\\\/uploads\\\/2018\\\/12\\\/engin-buz.jpg\",\"url\":\"https:\\\/\\\/www.textilegence.com\\\/wp-content\\\/uploads\\\/2018\\\/12\\\/engin-buz.jpg\",\"contentUrl\":\"https:\\\/\\\/www.textilegence.com\\\/wp-content\\\/uploads\\\/2018\\\/12\\\/engin-buz.jpg\",\"caption\":\"Engin Buz\"},\"description\":\"Engin Buz, Ankara \u00dcniversitesi \u0130leti\u015fim Fak\u00fcltesi Gazetecilik B\u00f6l\u00fcm\u00fc\u2019nden mezun olduktan sonra Y\u0131ld\u0131z Teknik \u00dcniversitesi\u2019nde Siyaset Bilimi ve Uluslararas\u0131 \u0130li\u015fkiler alan\u0131nda y\u00fcksek lisans\u0131n\u0131 tamamlam\u0131\u015ft\u0131r. 2000 y\u0131l\u0131ndan sonra \u00e7e\u015fitli yay\u0131nc\u0131l\u0131k \u015firketlerinde \u00e7al\u0131\u015fmaya ba\u015flayarak k\u00fclt\u00fcr-sanat ve daha sonra ekonomi haberleri haz\u0131rlam\u0131\u015ft\u0131r. 2009 y\u0131l\u0131ndan itibaren tekstil end\u00fcstrisine d\u00f6n\u00fck yay\u0131nlarda edit\u00f6r olarak g\u00f6rev alan Buz, 2013 itibariyle kurulan Textilegence\u2019de haber edit\u00f6r\u00fc olarak yer almaya ba\u015flam\u0131\u015ft\u0131r. Engin Buz halen ba\u015fta tekstil ve dijital bask\u0131 end\u00fcstrileri olmak \u00fczere ekonomi haberleri haz\u0131rlamaktad\u0131r.\",\"sameAs\":[\"https:\\\/\\\/www.textilegence.com\",\"https:\\\/\\\/www.facebook.com\\\/TextilegenceMagazine\",\"https:\\\/\\\/www.instagram.com\\\/textilegence\\\/\",\"https:\\\/\\\/www.linkedin.com\\\/in\\\/engin-buz-6190799a\\\/\",\"https:\\\/\\\/x.com\\\/https:\\\/\\\/twitter.com\\\/textilegence\"],\"url\":\"https:\\\/\\\/www.textilegence.com\\\/en\\\/author\\\/engin-buz\\\/\"}]}<\/script>\n<!-- \/ Yoast SEO Premium plugin. -->","yoast_head_json":{"title":"Aster Tekstil Invests A New Facility In Serbia - Textilegence","description":"While many important brands boost its market share by opening new shops in Serbia, it is also seen that manufacturing sites are relocated to this area. One of the brands that decided to invest in this area is womenswear, manswear, and kidswear producer Aster Tekstil. Formed in 1993, the company acquired an...","robots":{"index":"index","follow":"follow","max-snippet":"max-snippet:-1","max-image-preview":"max-image-preview:large","max-video-preview":"max-video-preview:-1"},"canonical":"https:\/\/www.textilegence.com\/en\/aster-tekstil-invests-in-serbia\/","og_locale":"en_US","og_type":"article","og_title":"Aster Tekstil Invests in Serbia","og_description":"Serbia, as the new investment center, increases it appeal for textile and garment manufacturers. While many important brands boost its market share by","og_url":"https:\/\/www.textilegence.com\/en\/aster-tekstil-invests-in-serbia\/","og_site_name":"Textilegence Magazine and Digital Platform","article_publisher":"https:\/\/www.facebook.com\/TextilegenceMagazine","article_author":"https:\/\/www.facebook.com\/TextilegenceMagazine","article_published_time":"2016-08-18T11:15:08+00:00","article_modified_time":"2018-04-05T06:42:38+00:00","og_image":[{"width":742,"height":486,"url":"https:\/\/www.textilegence.com\/wp-content\/uploads\/2016\/08\/Aster_Tekstil_Textilegence1.jpg","type":"image\/jpeg"}],"author":"Engin Buz","twitter_card":"summary_large_image","twitter_creator":"@https:\/\/twitter.com\/textilegence","twitter_site":"@textilegence","twitter_misc":{"Written by":"Engin Buz","Est. reading time":"2 minutes"},"schema":{"@context":"https:\/\/schema.org","@graph":[{"@type":"NewsArticle","@id":"https:\/\/www.textilegence.com\/en\/aster-tekstil-invests-in-serbia\/#article","isPartOf":{"@id":"https:\/\/www.textilegence.com\/en\/aster-tekstil-invests-in-serbia\/"},"author":{"name":"Engin Buz","@id":"https:\/\/www.textilegence.com\/en\/#\/schema\/person\/46ccc7bfc34edbc7d46b6b189f88849f"},"headline":"Aster Tekstil Invests in Serbia","datePublished":"2016-08-18T11:15:08+00:00","dateModified":"2018-04-05T06:42:38+00:00","mainEntityOfPage":{"@id":"https:\/\/www.textilegence.com\/en\/aster-tekstil-invests-in-serbia\/"},"wordCount":435,"commentCount":0,"publisher":{"@id":"https:\/\/www.textilegence.com\/en\/#organization"},"image":{"@id":"https:\/\/www.textilegence.com\/en\/aster-tekstil-invests-in-serbia\/#primaryimage"},"thumbnailUrl":"https:\/\/www.textilegence.com\/wp-content\/uploads\/2016\/08\/Aster_Tekstil_Textilegence1.jpg","keywords":["aster tekstil","aster tekstil","investment","Serbia"],"articleSection":["Topical"],"inLanguage":"en-US","potentialAction":[{"@type":"CommentAction","name":"Comment","target":["https:\/\/www.textilegence.com\/en\/aster-tekstil-invests-in-serbia\/#respond"]}]},{"@type":"WebPage","@id":"https:\/\/www.textilegence.com\/en\/aster-tekstil-invests-in-serbia\/","url":"https:\/\/www.textilegence.com\/en\/aster-tekstil-invests-in-serbia\/","name":"Aster Tekstil Invests A New Facility In Serbia - Textilegence","isPartOf":{"@id":"https:\/\/www.textilegence.com\/en\/#website"},"primaryImageOfPage":{"@id":"https:\/\/www.textilegence.com\/en\/aster-tekstil-invests-in-serbia\/#primaryimage"},"image":{"@id":"https:\/\/www.textilegence.com\/en\/aster-tekstil-invests-in-serbia\/#primaryimage"},"thumbnailUrl":"https:\/\/www.textilegence.com\/wp-content\/uploads\/2016\/08\/Aster_Tekstil_Textilegence1.jpg","datePublished":"2016-08-18T11:15:08+00:00","dateModified":"2018-04-05T06:42:38+00:00","description":"While many important brands boost its market share by opening new shops in Serbia, it is also seen that manufacturing sites are relocated to this area. One of the brands that decided to invest in this area is womenswear, manswear, and kidswear producer Aster Tekstil. Formed in 1993, the company acquired an...","breadcrumb":{"@id":"https:\/\/www.textilegence.com\/en\/aster-tekstil-invests-in-serbia\/#breadcrumb"},"inLanguage":"en-US","potentialAction":[{"@type":"ReadAction","target":["https:\/\/www.textilegence.com\/en\/aster-tekstil-invests-in-serbia\/"]}]},{"@type":"ImageObject","inLanguage":"en-US","@id":"https:\/\/www.textilegence.com\/en\/aster-tekstil-invests-in-serbia\/#primaryimage","url":"https:\/\/www.textilegence.com\/wp-content\/uploads\/2016\/08\/Aster_Tekstil_Textilegence1.jpg","contentUrl":"https:\/\/www.textilegence.com\/wp-content\/uploads\/2016\/08\/Aster_Tekstil_Textilegence1.jpg","width":742,"height":486,"caption":"Aster Tekstil Invests in Serbia"},{"@type":"BreadcrumbList","@id":"https:\/\/www.textilegence.com\/en\/aster-tekstil-invests-in-serbia\/#breadcrumb","itemListElement":[{"@type":"ListItem","position":1,"name":"Home Page","item":"https:\/\/www.textilegence.com\/en\/homepage-the-rimont\/"},{"@type":"ListItem","position":2,"name":"Topical","item":"https:\/\/www.textilegence.com\/en\/category\/topical\/"},{"@type":"ListItem","position":3,"name":"Aster Tekstil Invests in Serbia"}]},{"@type":"WebSite","@id":"https:\/\/www.textilegence.com\/en\/#website","url":"https:\/\/www.textilegence.com\/en\/","name":"Textilegence Magazine and Digital Platform","description":"Textile News Center","publisher":{"@id":"https:\/\/www.textilegence.com\/en\/#organization"},"potentialAction":[{"@type":"SearchAction","target":{"@type":"EntryPoint","urlTemplate":"https:\/\/www.textilegence.com\/en\/?s={search_term_string}"},"query-input":{"@type":"PropertyValueSpecification","valueRequired":true,"valueName":"search_term_string"}}],"inLanguage":"en-US"},{"@type":"Organization","@id":"https:\/\/www.textilegence.com\/en\/#organization","name":"Textilegence Magazine and Digital Platform","url":"https:\/\/www.textilegence.com\/en\/","logo":{"@type":"ImageObject","inLanguage":"en-US","@id":"https:\/\/www.textilegence.com\/en\/#\/schema\/logo\/image\/","url":"https:\/\/www.textilegence.com\/wp-content\/uploads\/2016\/11\/New_Retina_Logo_Textilegence.png","contentUrl":"https:\/\/www.textilegence.com\/wp-content\/uploads\/2016\/11\/New_Retina_Logo_Textilegence.png","width":544,"height":180,"caption":"Textilegence Magazine and Digital Platform"},"image":{"@id":"https:\/\/www.textilegence.com\/en\/#\/schema\/logo\/image\/"},"sameAs":["https:\/\/www.facebook.com\/TextilegenceMagazine","https:\/\/x.com\/textilegence","https:\/\/www.instagram.com\/textilegence\/","https:\/\/www.linkedin.com\/groups\/Textilegence-Magazine-Digital-Platform-4897253","https:\/\/www.youtube.com\/user\/textilegence"],"description":"Textilegence is a magazine and digital platform established in 2013. It focuses on the textile industry and sub-segments. The platform provides news, articles, and updates on various aspects of the textile industry, including sustainability, technological advancements, and market trends.","email":"editor@textilegence.com","telephone":"+90 212 442 24 12","legalName":"Textilegence Mag and Digital Platform","foundingDate":"2013-01-01","numberOfEmployees":{"@type":"QuantitativeValue","minValue":"1","maxValue":"10"}},{"@type":"Person","@id":"https:\/\/www.textilegence.com\/en\/#\/schema\/person\/46ccc7bfc34edbc7d46b6b189f88849f","name":"Engin Buz","image":{"@type":"ImageObject","inLanguage":"en-US","@id":"https:\/\/www.textilegence.com\/wp-content\/uploads\/2018\/12\/engin-buz.jpg","url":"https:\/\/www.textilegence.com\/wp-content\/uploads\/2018\/12\/engin-buz.jpg","contentUrl":"https:\/\/www.textilegence.com\/wp-content\/uploads\/2018\/12\/engin-buz.jpg","caption":"Engin Buz"},"description":"Engin Buz, Ankara \u00dcniversitesi \u0130leti\u015fim Fak\u00fcltesi Gazetecilik B\u00f6l\u00fcm\u00fc\u2019nden mezun olduktan sonra Y\u0131ld\u0131z Teknik \u00dcniversitesi\u2019nde Siyaset Bilimi ve Uluslararas\u0131 \u0130li\u015fkiler alan\u0131nda y\u00fcksek lisans\u0131n\u0131 tamamlam\u0131\u015ft\u0131r. 2000 y\u0131l\u0131ndan sonra \u00e7e\u015fitli yay\u0131nc\u0131l\u0131k \u015firketlerinde \u00e7al\u0131\u015fmaya ba\u015flayarak k\u00fclt\u00fcr-sanat ve daha sonra ekonomi haberleri haz\u0131rlam\u0131\u015ft\u0131r. 2009 y\u0131l\u0131ndan itibaren tekstil end\u00fcstrisine d\u00f6n\u00fck yay\u0131nlarda edit\u00f6r olarak g\u00f6rev alan Buz, 2013 itibariyle kurulan Textilegence\u2019de haber edit\u00f6r\u00fc olarak yer almaya ba\u015flam\u0131\u015ft\u0131r. Engin Buz halen ba\u015fta tekstil ve dijital bask\u0131 end\u00fcstrileri olmak \u00fczere ekonomi haberleri haz\u0131rlamaktad\u0131r.","sameAs":["https:\/\/www.textilegence.com","https:\/\/www.facebook.com\/TextilegenceMagazine","https:\/\/www.instagram.com\/textilegence\/","https:\/\/www.linkedin.com\/in\/engin-buz-6190799a\/","https:\/\/x.com\/https:\/\/twitter.com\/textilegence"],"url":"https:\/\/www.textilegence.com\/en\/author\/engin-buz\/"}]}},"_links":{"self":[{"href":"https:\/\/www.textilegence.com\/en\/wp-json\/wp\/v2\/posts\/16491","targetHints":{"allow":["GET"]}}],"collection":[{"href":"https:\/\/www.textilegence.com\/en\/wp-json\/wp\/v2\/posts"}],"about":[{"href":"https:\/\/www.textilegence.com\/en\/wp-json\/wp\/v2\/types\/post"}],"author":[{"embeddable":true,"href":"https:\/\/www.textilegence.com\/en\/wp-json\/wp\/v2\/users\/2"}],"replies":[{"embeddable":true,"href":"https:\/\/www.textilegence.com\/en\/wp-json\/wp\/v2\/comments?post=16491"}],"version-history":[{"count":0,"href":"https:\/\/www.textilegence.com\/en\/wp-json\/wp\/v2\/posts\/16491\/revisions"}],"wp:featuredmedia":[{"embeddable":true,"href":"https:\/\/www.textilegence.com\/en\/wp-json\/wp\/v2\/media\/19066"}],"wp:attachment":[{"href":"https:\/\/www.textilegence.com\/en\/wp-json\/wp\/v2\/media?parent=16491"}],"wp:term":[{"taxonomy":"category","embeddable":true,"href":"https:\/\/www.textilegence.com\/en\/wp-json\/wp\/v2\/categories?post=16491"},{"taxonomy":"post_tag","embeddable":true,"href":"https:\/\/www.textilegence.com\/en\/wp-json\/wp\/v2\/tags?post=16491"}],"curies":[{"name":"wp","href":"https:\/\/api.w.org\/{rel}","templated":true}]}}