{"id":16509,"date":"2016-08-26T11:36:58","date_gmt":"2016-08-26T08:36:58","guid":{"rendered":"http:\/\/localhost\/textilegence\/andritz-nonwoven-is-assertive-about-china-faiar\/"},"modified":"2016-08-26T11:36:58","modified_gmt":"2016-08-26T08:36:58","slug":"andritz-nonwoven-is-assertive-about-china-faiar","status":"publish","type":"post","link":"https:\/\/www.textilegence.com\/en\/andritz-nonwoven-is-assertive-about-china-faiar\/","title":{"rendered":"ANDRITZ Nonwoven is Assertive About China Faiar"},"content":{"rendered":"<p><em><strong>One of the powerful brands of the global nonwoven market, ANDRITZ Nonwoven will attent to both CINTE Techtextil and ITMA Asia + CITME fairs in China.<\/strong><\/em><\/p>\n<p>Subsidiary of ANDRITZ Group, which provides technological solutions to various industries such as hidropower, metal and paper with more than 250 facilities worldwide, <a href=\"http:\/\/www.andritz.com\/other-industries-and-products\/oi-nonwovens-textile.htm\">ANDRITZ Nonwoven<\/a> will meet Asian market in October by attending to two different fairs. Taking part at CINTE Techtextil China, which will be held between 12-14 October, in Hall E7 booth C02, ANDRITZ Nonwoven will also present its latest innovations\u00a0 at ITMA Asia + CITME in Hall H2 booth C47 which will be held between 21-26 October. The firm has nonwoven solutions such as needlepunch, spunlace and calendering.<\/p>\n<h2><strong>ANDRITZ Wuxi \u2013 full-line solutions together with excellent service<\/strong><\/h2>\n<p><a href=\"http:\/\/textilegence.com\/andritz-nonwoven-hightex-itm-2016-fuarinda\/\">ANDRITZ<\/a> Wuxi Nonwoven Technology, China, is a renowned competence center for manufacturing, service, and R&amp;D in \u00a0Asian nonwovens industry. Close to its customers, the company is able to offer a full range of services including pilot plant and test stands for customer test trials.<\/p>\n<p>The ANDRITZ facility in Wuxi hosts a state-of-the-art needlepunch line on an industrial scale, including the A.30 aXcess needleloom, which is available with a down-stroke (SD) and an up-stroke (SM) set-up. This is particularly suitable for high-quality pre-needling when processing automotive felt, filtration, and geotextile applications at proven industrial speeds of up to 1,200 rpm, with working widths of up to six meters. Highly skilled process engineers are on the spot to support product developments and trials.<\/p>\n<p>The roll service center comprises state-of-the-art grinding equipment and a test stand for various kinds of rolls up to 1 m in diameter and 10 m in length. The test stand enables a performance check on roll parameters, such as line force, speed, and temperature, under production conditions. All roll types can be repaired, reconditioned, and upgraded at the ANDRITZ Wuxi service center.<\/p>\n<h2><strong>ANDRITZ Nonwoven aXcess range<\/strong><strong>\u00a0<\/strong><strong>\u2013<\/strong><strong>\u00a0<\/strong><strong>the entrance key to the nonwovens market<\/strong><\/h2>\n<p>As all-round partner for the nonwovens industry, ANDRITZ Nonwoven has developed the nonwoven aXcess range to fit the demands of producers with medium-capacity requirements, particularly in the emerging markets. ANDRITZ Nonwoven provides reliable solutions in all nonwovens segments, from hygiene to geotextiles, coating substrates, filtration, or automotive applications. The ANDRITZ Nonwoven aXcess portfolio includes lines and individual machines for needlepunch, spunlace, and calendering processes, making it the ideal product for entering the nonwoven market.<\/p>\n<p>The latest development within the ANDRITZ aXcess range is the neXcal twin aXcess. This calender is based on the well-known and proven technology of the neXcal twin. Designed with a speed range of up to 600 m\/min and a standard roll width of up to 3,800 mm, the neXcal twin aXcess meets perfectly the demands of medium-capacity production up to 12,000 t\/a. With one roll in production and one roll in stand-by position, the three-roll calender offers highest flexibility in the medium-capacity nonwovens market.<\/p>\n","protected":false},"excerpt":{"rendered":"<p>One of the powerful brands of the global nonwoven market, ANDRITZ Nonwoven will attent to both CINTE Techtextil and ITMA Asia + CITME fairs in China. Subsidiary of ANDRITZ Group, which provides technological solutions to various industries such as hidropower, metal and paper with more than 250 facilities worldwide, ANDRITZ Nonwoven will meet Asian market [&hellip;]<\/p>\n","protected":false},"author":2,"featured_media":19057,"comment_status":"open","ping_status":"closed","sticky":false,"template":"","format":"standard","meta":{"footnotes":""},"categories":[9866],"tags":[10679,10681,10682,10684,10685,10739,11058,10412],"class_list":{"0":"post-16509","1":"post","2":"type-post","3":"status-publish","4":"format-standard","5":"has-post-thumbnail","7":"category-technical-textiles","8":"tag-andritz-en","9":"tag-andritz-axcess-en","10":"tag-andritz-group-en","11":"tag-andritz-nonwoven-en","12":"tag-andritz-perfojet-en","13":"tag-asian-market-en","14":"tag-china-en","15":"tag-nonwovens"},"yoast_head":"<!-- This site is optimized with the Yoast SEO Premium plugin v27.3 (Yoast SEO v27.3) - https:\/\/yoast.com\/product\/yoast-seo-premium-wordpress\/ -->\n<title>ANDRITZ Nonwoven is Assertive About China Faiar - Textilegence Magazine and Digital Platform<\/title>\n<meta name=\"robots\" content=\"index, follow, max-snippet:-1, max-image-preview:large, max-video-preview:-1\" \/>\n<link rel=\"canonical\" href=\"https:\/\/www.textilegence.com\/en\/andritz-nonwoven-is-assertive-about-china-faiar\/\" \/>\n<meta property=\"og:locale\" content=\"en_US\" \/>\n<meta property=\"og:type\" content=\"article\" \/>\n<meta property=\"og:title\" content=\"ANDRITZ Nonwoven is Assertive About China Faiar\" \/>\n<meta property=\"og:description\" content=\"One of the powerful brands of the global nonwoven market, ANDRITZ Nonwoven will attent to both CINTE Techtextil and ITMA Asia + CITME fairs in China.\" \/>\n<meta property=\"og:url\" content=\"https:\/\/www.textilegence.com\/en\/andritz-nonwoven-is-assertive-about-china-faiar\/\" \/>\n<meta property=\"og:site_name\" content=\"Textilegence Magazine and Digital Platform\" \/>\n<meta property=\"article:publisher\" content=\"https:\/\/www.facebook.com\/TextilegenceMagazine\" \/>\n<meta property=\"article:author\" content=\"https:\/\/www.facebook.com\/TextilegenceMagazine\" \/>\n<meta property=\"article:published_time\" content=\"2016-08-26T08:36:58+00:00\" \/>\n<meta property=\"og:image\" content=\"https:\/\/www.textilegence.com\/wp-content\/uploads\/2016\/08\/ANDRITZ_Nonwoven_ITMA_Textilegence.jpg\" \/>\n\t<meta property=\"og:image:width\" content=\"742\" \/>\n\t<meta property=\"og:image:height\" content=\"486\" \/>\n\t<meta property=\"og:image:type\" content=\"image\/jpeg\" \/>\n<meta name=\"author\" content=\"Engin Buz\" \/>\n<meta name=\"twitter:card\" content=\"summary_large_image\" \/>\n<meta name=\"twitter:creator\" content=\"@https:\/\/twitter.com\/textilegence\" \/>\n<meta name=\"twitter:site\" content=\"@textilegence\" \/>\n<meta name=\"twitter:label1\" content=\"Written by\" \/>\n\t<meta name=\"twitter:data1\" content=\"Engin Buz\" \/>\n\t<meta name=\"twitter:label2\" content=\"Est. reading time\" \/>\n\t<meta name=\"twitter:data2\" content=\"2 minutes\" \/>\n<script type=\"application\/ld+json\" class=\"yoast-schema-graph\">{\"@context\":\"https:\\\/\\\/schema.org\",\"@graph\":[{\"@type\":\"NewsArticle\",\"@id\":\"https:\\\/\\\/www.textilegence.com\\\/en\\\/andritz-nonwoven-is-assertive-about-china-faiar\\\/#article\",\"isPartOf\":{\"@id\":\"https:\\\/\\\/www.textilegence.com\\\/en\\\/andritz-nonwoven-is-assertive-about-china-faiar\\\/\"},\"author\":{\"name\":\"Engin Buz\",\"@id\":\"https:\\\/\\\/www.textilegence.com\\\/en\\\/#\\\/schema\\\/person\\\/46ccc7bfc34edbc7d46b6b189f88849f\"},\"headline\":\"ANDRITZ Nonwoven is Assertive About China Faiar\",\"datePublished\":\"2016-08-26T08:36:58+00:00\",\"mainEntityOfPage\":{\"@id\":\"https:\\\/\\\/www.textilegence.com\\\/en\\\/andritz-nonwoven-is-assertive-about-china-faiar\\\/\"},\"wordCount\":480,\"commentCount\":0,\"publisher\":{\"@id\":\"https:\\\/\\\/www.textilegence.com\\\/en\\\/#organization\"},\"image\":{\"@id\":\"https:\\\/\\\/www.textilegence.com\\\/en\\\/andritz-nonwoven-is-assertive-about-china-faiar\\\/#primaryimage\"},\"thumbnailUrl\":\"https:\\\/\\\/www.textilegence.com\\\/wp-content\\\/uploads\\\/2016\\\/08\\\/ANDRITZ_Nonwoven_ITMA_Textilegence.jpg\",\"keywords\":[\"andritz\",\"andritz axcess\",\"andritz group\",\"andritz nonwoven\",\"andritz perfojet\",\"asian market\",\"china\",\"nonwovens\"],\"articleSection\":[\"Technical Textiles\"],\"inLanguage\":\"en-US\",\"potentialAction\":[{\"@type\":\"CommentAction\",\"name\":\"Comment\",\"target\":[\"https:\\\/\\\/www.textilegence.com\\\/en\\\/andritz-nonwoven-is-assertive-about-china-faiar\\\/#respond\"]}]},{\"@type\":\"WebPage\",\"@id\":\"https:\\\/\\\/www.textilegence.com\\\/en\\\/andritz-nonwoven-is-assertive-about-china-faiar\\\/\",\"url\":\"https:\\\/\\\/www.textilegence.com\\\/en\\\/andritz-nonwoven-is-assertive-about-china-faiar\\\/\",\"name\":\"ANDRITZ Nonwoven is Assertive About China Faiar - Textilegence Magazine and Digital Platform\",\"isPartOf\":{\"@id\":\"https:\\\/\\\/www.textilegence.com\\\/en\\\/#website\"},\"primaryImageOfPage\":{\"@id\":\"https:\\\/\\\/www.textilegence.com\\\/en\\\/andritz-nonwoven-is-assertive-about-china-faiar\\\/#primaryimage\"},\"image\":{\"@id\":\"https:\\\/\\\/www.textilegence.com\\\/en\\\/andritz-nonwoven-is-assertive-about-china-faiar\\\/#primaryimage\"},\"thumbnailUrl\":\"https:\\\/\\\/www.textilegence.com\\\/wp-content\\\/uploads\\\/2016\\\/08\\\/ANDRITZ_Nonwoven_ITMA_Textilegence.jpg\",\"datePublished\":\"2016-08-26T08:36:58+00:00\",\"breadcrumb\":{\"@id\":\"https:\\\/\\\/www.textilegence.com\\\/en\\\/andritz-nonwoven-is-assertive-about-china-faiar\\\/#breadcrumb\"},\"inLanguage\":\"en-US\",\"potentialAction\":[{\"@type\":\"ReadAction\",\"target\":[\"https:\\\/\\\/www.textilegence.com\\\/en\\\/andritz-nonwoven-is-assertive-about-china-faiar\\\/\"]}]},{\"@type\":\"ImageObject\",\"inLanguage\":\"en-US\",\"@id\":\"https:\\\/\\\/www.textilegence.com\\\/en\\\/andritz-nonwoven-is-assertive-about-china-faiar\\\/#primaryimage\",\"url\":\"https:\\\/\\\/www.textilegence.com\\\/wp-content\\\/uploads\\\/2016\\\/08\\\/ANDRITZ_Nonwoven_ITMA_Textilegence.jpg\",\"contentUrl\":\"https:\\\/\\\/www.textilegence.com\\\/wp-content\\\/uploads\\\/2016\\\/08\\\/ANDRITZ_Nonwoven_ITMA_Textilegence.jpg\",\"width\":742,\"height\":486,\"caption\":\"ANDRITZ Nonwoven zengin \u00fcr\u00fcn gam\u0131 ile ITMA ASIA +CITME 2016 fuar\u0131nda\"},{\"@type\":\"BreadcrumbList\",\"@id\":\"https:\\\/\\\/www.textilegence.com\\\/en\\\/andritz-nonwoven-is-assertive-about-china-faiar\\\/#breadcrumb\",\"itemListElement\":[{\"@type\":\"ListItem\",\"position\":1,\"name\":\"Home Page\",\"item\":\"https:\\\/\\\/www.textilegence.com\\\/en\\\/homepage-the-rimont\\\/\"},{\"@type\":\"ListItem\",\"position\":2,\"name\":\"Technical Textiles\",\"item\":\"https:\\\/\\\/www.textilegence.com\\\/en\\\/category\\\/technical-textiles\\\/\"},{\"@type\":\"ListItem\",\"position\":3,\"name\":\"ANDRITZ Nonwoven is Assertive About China Faiar\"}]},{\"@type\":\"WebSite\",\"@id\":\"https:\\\/\\\/www.textilegence.com\\\/en\\\/#website\",\"url\":\"https:\\\/\\\/www.textilegence.com\\\/en\\\/\",\"name\":\"Textilegence Magazine and Digital Platform\",\"description\":\"Textile News Center\",\"publisher\":{\"@id\":\"https:\\\/\\\/www.textilegence.com\\\/en\\\/#organization\"},\"potentialAction\":[{\"@type\":\"SearchAction\",\"target\":{\"@type\":\"EntryPoint\",\"urlTemplate\":\"https:\\\/\\\/www.textilegence.com\\\/en\\\/?s={search_term_string}\"},\"query-input\":{\"@type\":\"PropertyValueSpecification\",\"valueRequired\":true,\"valueName\":\"search_term_string\"}}],\"inLanguage\":\"en-US\"},{\"@type\":\"Organization\",\"@id\":\"https:\\\/\\\/www.textilegence.com\\\/en\\\/#organization\",\"name\":\"Textilegence Magazine and Digital Platform\",\"url\":\"https:\\\/\\\/www.textilegence.com\\\/en\\\/\",\"logo\":{\"@type\":\"ImageObject\",\"inLanguage\":\"en-US\",\"@id\":\"https:\\\/\\\/www.textilegence.com\\\/en\\\/#\\\/schema\\\/logo\\\/image\\\/\",\"url\":\"https:\\\/\\\/www.textilegence.com\\\/wp-content\\\/uploads\\\/2016\\\/11\\\/New_Retina_Logo_Textilegence.png\",\"contentUrl\":\"https:\\\/\\\/www.textilegence.com\\\/wp-content\\\/uploads\\\/2016\\\/11\\\/New_Retina_Logo_Textilegence.png\",\"width\":544,\"height\":180,\"caption\":\"Textilegence Magazine and Digital Platform\"},\"image\":{\"@id\":\"https:\\\/\\\/www.textilegence.com\\\/en\\\/#\\\/schema\\\/logo\\\/image\\\/\"},\"sameAs\":[\"https:\\\/\\\/www.facebook.com\\\/TextilegenceMagazine\",\"https:\\\/\\\/x.com\\\/textilegence\",\"https:\\\/\\\/www.instagram.com\\\/textilegence\\\/\",\"https:\\\/\\\/www.linkedin.com\\\/groups\\\/Textilegence-Magazine-Digital-Platform-4897253\",\"https:\\\/\\\/www.youtube.com\\\/user\\\/textilegence\"],\"description\":\"Textilegence is a magazine and digital platform established in 2013. It focuses on the textile industry and sub-segments. The platform provides news, articles, and updates on various aspects of the textile industry, including sustainability, technological advancements, and market trends.\",\"email\":\"editor@textilegence.com\",\"telephone\":\"+90 212 442 24 12\",\"legalName\":\"Textilegence Mag and Digital Platform\",\"foundingDate\":\"2013-01-01\",\"numberOfEmployees\":{\"@type\":\"QuantitativeValue\",\"minValue\":\"1\",\"maxValue\":\"10\"}},{\"@type\":\"Person\",\"@id\":\"https:\\\/\\\/www.textilegence.com\\\/en\\\/#\\\/schema\\\/person\\\/46ccc7bfc34edbc7d46b6b189f88849f\",\"name\":\"Engin Buz\",\"image\":{\"@type\":\"ImageObject\",\"inLanguage\":\"en-US\",\"@id\":\"https:\\\/\\\/www.textilegence.com\\\/wp-content\\\/uploads\\\/2018\\\/12\\\/engin-buz.jpg\",\"url\":\"https:\\\/\\\/www.textilegence.com\\\/wp-content\\\/uploads\\\/2018\\\/12\\\/engin-buz.jpg\",\"contentUrl\":\"https:\\\/\\\/www.textilegence.com\\\/wp-content\\\/uploads\\\/2018\\\/12\\\/engin-buz.jpg\",\"caption\":\"Engin Buz\"},\"description\":\"Engin Buz, Ankara \u00dcniversitesi \u0130leti\u015fim Fak\u00fcltesi Gazetecilik B\u00f6l\u00fcm\u00fc\u2019nden mezun olduktan sonra Y\u0131ld\u0131z Teknik \u00dcniversitesi\u2019nde Siyaset Bilimi ve Uluslararas\u0131 \u0130li\u015fkiler alan\u0131nda y\u00fcksek lisans\u0131n\u0131 tamamlam\u0131\u015ft\u0131r. 2000 y\u0131l\u0131ndan sonra \u00e7e\u015fitli yay\u0131nc\u0131l\u0131k \u015firketlerinde \u00e7al\u0131\u015fmaya ba\u015flayarak k\u00fclt\u00fcr-sanat ve daha sonra ekonomi haberleri haz\u0131rlam\u0131\u015ft\u0131r. 2009 y\u0131l\u0131ndan itibaren tekstil end\u00fcstrisine d\u00f6n\u00fck yay\u0131nlarda edit\u00f6r olarak g\u00f6rev alan Buz, 2013 itibariyle kurulan Textilegence\u2019de haber edit\u00f6r\u00fc olarak yer almaya ba\u015flam\u0131\u015ft\u0131r. Engin Buz halen ba\u015fta tekstil ve dijital bask\u0131 end\u00fcstrileri olmak \u00fczere ekonomi haberleri haz\u0131rlamaktad\u0131r.\",\"sameAs\":[\"https:\\\/\\\/www.textilegence.com\",\"https:\\\/\\\/www.facebook.com\\\/TextilegenceMagazine\",\"https:\\\/\\\/www.instagram.com\\\/textilegence\\\/\",\"https:\\\/\\\/www.linkedin.com\\\/in\\\/engin-buz-6190799a\\\/\",\"https:\\\/\\\/x.com\\\/https:\\\/\\\/twitter.com\\\/textilegence\"],\"url\":\"https:\\\/\\\/www.textilegence.com\\\/en\\\/author\\\/engin-buz\\\/\"}]}<\/script>\n<!-- \/ Yoast SEO Premium plugin. -->","yoast_head_json":{"title":"ANDRITZ Nonwoven is Assertive About China Faiar - Textilegence Magazine and Digital Platform","robots":{"index":"index","follow":"follow","max-snippet":"max-snippet:-1","max-image-preview":"max-image-preview:large","max-video-preview":"max-video-preview:-1"},"canonical":"https:\/\/www.textilegence.com\/en\/andritz-nonwoven-is-assertive-about-china-faiar\/","og_locale":"en_US","og_type":"article","og_title":"ANDRITZ Nonwoven is Assertive About China Faiar","og_description":"One of the powerful brands of the global nonwoven market, ANDRITZ Nonwoven will attent to both CINTE Techtextil and ITMA Asia + CITME fairs in China.","og_url":"https:\/\/www.textilegence.com\/en\/andritz-nonwoven-is-assertive-about-china-faiar\/","og_site_name":"Textilegence Magazine and Digital Platform","article_publisher":"https:\/\/www.facebook.com\/TextilegenceMagazine","article_author":"https:\/\/www.facebook.com\/TextilegenceMagazine","article_published_time":"2016-08-26T08:36:58+00:00","og_image":[{"width":742,"height":486,"url":"https:\/\/www.textilegence.com\/wp-content\/uploads\/2016\/08\/ANDRITZ_Nonwoven_ITMA_Textilegence.jpg","type":"image\/jpeg"}],"author":"Engin Buz","twitter_card":"summary_large_image","twitter_creator":"@https:\/\/twitter.com\/textilegence","twitter_site":"@textilegence","twitter_misc":{"Written by":"Engin Buz","Est. reading time":"2 minutes"},"schema":{"@context":"https:\/\/schema.org","@graph":[{"@type":"NewsArticle","@id":"https:\/\/www.textilegence.com\/en\/andritz-nonwoven-is-assertive-about-china-faiar\/#article","isPartOf":{"@id":"https:\/\/www.textilegence.com\/en\/andritz-nonwoven-is-assertive-about-china-faiar\/"},"author":{"name":"Engin Buz","@id":"https:\/\/www.textilegence.com\/en\/#\/schema\/person\/46ccc7bfc34edbc7d46b6b189f88849f"},"headline":"ANDRITZ Nonwoven is Assertive About China Faiar","datePublished":"2016-08-26T08:36:58+00:00","mainEntityOfPage":{"@id":"https:\/\/www.textilegence.com\/en\/andritz-nonwoven-is-assertive-about-china-faiar\/"},"wordCount":480,"commentCount":0,"publisher":{"@id":"https:\/\/www.textilegence.com\/en\/#organization"},"image":{"@id":"https:\/\/www.textilegence.com\/en\/andritz-nonwoven-is-assertive-about-china-faiar\/#primaryimage"},"thumbnailUrl":"https:\/\/www.textilegence.com\/wp-content\/uploads\/2016\/08\/ANDRITZ_Nonwoven_ITMA_Textilegence.jpg","keywords":["andritz","andritz axcess","andritz group","andritz nonwoven","andritz perfojet","asian market","china","nonwovens"],"articleSection":["Technical Textiles"],"inLanguage":"en-US","potentialAction":[{"@type":"CommentAction","name":"Comment","target":["https:\/\/www.textilegence.com\/en\/andritz-nonwoven-is-assertive-about-china-faiar\/#respond"]}]},{"@type":"WebPage","@id":"https:\/\/www.textilegence.com\/en\/andritz-nonwoven-is-assertive-about-china-faiar\/","url":"https:\/\/www.textilegence.com\/en\/andritz-nonwoven-is-assertive-about-china-faiar\/","name":"ANDRITZ Nonwoven is Assertive About China Faiar - Textilegence Magazine and Digital Platform","isPartOf":{"@id":"https:\/\/www.textilegence.com\/en\/#website"},"primaryImageOfPage":{"@id":"https:\/\/www.textilegence.com\/en\/andritz-nonwoven-is-assertive-about-china-faiar\/#primaryimage"},"image":{"@id":"https:\/\/www.textilegence.com\/en\/andritz-nonwoven-is-assertive-about-china-faiar\/#primaryimage"},"thumbnailUrl":"https:\/\/www.textilegence.com\/wp-content\/uploads\/2016\/08\/ANDRITZ_Nonwoven_ITMA_Textilegence.jpg","datePublished":"2016-08-26T08:36:58+00:00","breadcrumb":{"@id":"https:\/\/www.textilegence.com\/en\/andritz-nonwoven-is-assertive-about-china-faiar\/#breadcrumb"},"inLanguage":"en-US","potentialAction":[{"@type":"ReadAction","target":["https:\/\/www.textilegence.com\/en\/andritz-nonwoven-is-assertive-about-china-faiar\/"]}]},{"@type":"ImageObject","inLanguage":"en-US","@id":"https:\/\/www.textilegence.com\/en\/andritz-nonwoven-is-assertive-about-china-faiar\/#primaryimage","url":"https:\/\/www.textilegence.com\/wp-content\/uploads\/2016\/08\/ANDRITZ_Nonwoven_ITMA_Textilegence.jpg","contentUrl":"https:\/\/www.textilegence.com\/wp-content\/uploads\/2016\/08\/ANDRITZ_Nonwoven_ITMA_Textilegence.jpg","width":742,"height":486,"caption":"ANDRITZ Nonwoven zengin \u00fcr\u00fcn gam\u0131 ile ITMA ASIA +CITME 2016 fuar\u0131nda"},{"@type":"BreadcrumbList","@id":"https:\/\/www.textilegence.com\/en\/andritz-nonwoven-is-assertive-about-china-faiar\/#breadcrumb","itemListElement":[{"@type":"ListItem","position":1,"name":"Home Page","item":"https:\/\/www.textilegence.com\/en\/homepage-the-rimont\/"},{"@type":"ListItem","position":2,"name":"Technical Textiles","item":"https:\/\/www.textilegence.com\/en\/category\/technical-textiles\/"},{"@type":"ListItem","position":3,"name":"ANDRITZ Nonwoven is Assertive About China Faiar"}]},{"@type":"WebSite","@id":"https:\/\/www.textilegence.com\/en\/#website","url":"https:\/\/www.textilegence.com\/en\/","name":"Textilegence Magazine and Digital Platform","description":"Textile News Center","publisher":{"@id":"https:\/\/www.textilegence.com\/en\/#organization"},"potentialAction":[{"@type":"SearchAction","target":{"@type":"EntryPoint","urlTemplate":"https:\/\/www.textilegence.com\/en\/?s={search_term_string}"},"query-input":{"@type":"PropertyValueSpecification","valueRequired":true,"valueName":"search_term_string"}}],"inLanguage":"en-US"},{"@type":"Organization","@id":"https:\/\/www.textilegence.com\/en\/#organization","name":"Textilegence Magazine and Digital Platform","url":"https:\/\/www.textilegence.com\/en\/","logo":{"@type":"ImageObject","inLanguage":"en-US","@id":"https:\/\/www.textilegence.com\/en\/#\/schema\/logo\/image\/","url":"https:\/\/www.textilegence.com\/wp-content\/uploads\/2016\/11\/New_Retina_Logo_Textilegence.png","contentUrl":"https:\/\/www.textilegence.com\/wp-content\/uploads\/2016\/11\/New_Retina_Logo_Textilegence.png","width":544,"height":180,"caption":"Textilegence Magazine and Digital Platform"},"image":{"@id":"https:\/\/www.textilegence.com\/en\/#\/schema\/logo\/image\/"},"sameAs":["https:\/\/www.facebook.com\/TextilegenceMagazine","https:\/\/x.com\/textilegence","https:\/\/www.instagram.com\/textilegence\/","https:\/\/www.linkedin.com\/groups\/Textilegence-Magazine-Digital-Platform-4897253","https:\/\/www.youtube.com\/user\/textilegence"],"description":"Textilegence is a magazine and digital platform established in 2013. It focuses on the textile industry and sub-segments. The platform provides news, articles, and updates on various aspects of the textile industry, including sustainability, technological advancements, and market trends.","email":"editor@textilegence.com","telephone":"+90 212 442 24 12","legalName":"Textilegence Mag and Digital Platform","foundingDate":"2013-01-01","numberOfEmployees":{"@type":"QuantitativeValue","minValue":"1","maxValue":"10"}},{"@type":"Person","@id":"https:\/\/www.textilegence.com\/en\/#\/schema\/person\/46ccc7bfc34edbc7d46b6b189f88849f","name":"Engin Buz","image":{"@type":"ImageObject","inLanguage":"en-US","@id":"https:\/\/www.textilegence.com\/wp-content\/uploads\/2018\/12\/engin-buz.jpg","url":"https:\/\/www.textilegence.com\/wp-content\/uploads\/2018\/12\/engin-buz.jpg","contentUrl":"https:\/\/www.textilegence.com\/wp-content\/uploads\/2018\/12\/engin-buz.jpg","caption":"Engin Buz"},"description":"Engin Buz, Ankara \u00dcniversitesi \u0130leti\u015fim Fak\u00fcltesi Gazetecilik B\u00f6l\u00fcm\u00fc\u2019nden mezun olduktan sonra Y\u0131ld\u0131z Teknik \u00dcniversitesi\u2019nde Siyaset Bilimi ve Uluslararas\u0131 \u0130li\u015fkiler alan\u0131nda y\u00fcksek lisans\u0131n\u0131 tamamlam\u0131\u015ft\u0131r. 2000 y\u0131l\u0131ndan sonra \u00e7e\u015fitli yay\u0131nc\u0131l\u0131k \u015firketlerinde \u00e7al\u0131\u015fmaya ba\u015flayarak k\u00fclt\u00fcr-sanat ve daha sonra ekonomi haberleri haz\u0131rlam\u0131\u015ft\u0131r. 2009 y\u0131l\u0131ndan itibaren tekstil end\u00fcstrisine d\u00f6n\u00fck yay\u0131nlarda edit\u00f6r olarak g\u00f6rev alan Buz, 2013 itibariyle kurulan Textilegence\u2019de haber edit\u00f6r\u00fc olarak yer almaya ba\u015flam\u0131\u015ft\u0131r. Engin Buz halen ba\u015fta tekstil ve dijital bask\u0131 end\u00fcstrileri olmak \u00fczere ekonomi haberleri haz\u0131rlamaktad\u0131r.","sameAs":["https:\/\/www.textilegence.com","https:\/\/www.facebook.com\/TextilegenceMagazine","https:\/\/www.instagram.com\/textilegence\/","https:\/\/www.linkedin.com\/in\/engin-buz-6190799a\/","https:\/\/x.com\/https:\/\/twitter.com\/textilegence"],"url":"https:\/\/www.textilegence.com\/en\/author\/engin-buz\/"}]}},"_links":{"self":[{"href":"https:\/\/www.textilegence.com\/en\/wp-json\/wp\/v2\/posts\/16509","targetHints":{"allow":["GET"]}}],"collection":[{"href":"https:\/\/www.textilegence.com\/en\/wp-json\/wp\/v2\/posts"}],"about":[{"href":"https:\/\/www.textilegence.com\/en\/wp-json\/wp\/v2\/types\/post"}],"author":[{"embeddable":true,"href":"https:\/\/www.textilegence.com\/en\/wp-json\/wp\/v2\/users\/2"}],"replies":[{"embeddable":true,"href":"https:\/\/www.textilegence.com\/en\/wp-json\/wp\/v2\/comments?post=16509"}],"version-history":[{"count":0,"href":"https:\/\/www.textilegence.com\/en\/wp-json\/wp\/v2\/posts\/16509\/revisions"}],"wp:featuredmedia":[{"embeddable":true,"href":"https:\/\/www.textilegence.com\/en\/wp-json\/wp\/v2\/media\/19057"}],"wp:attachment":[{"href":"https:\/\/www.textilegence.com\/en\/wp-json\/wp\/v2\/media?parent=16509"}],"wp:term":[{"taxonomy":"category","embeddable":true,"href":"https:\/\/www.textilegence.com\/en\/wp-json\/wp\/v2\/categories?post=16509"},{"taxonomy":"post_tag","embeddable":true,"href":"https:\/\/www.textilegence.com\/en\/wp-json\/wp\/v2\/tags?post=16509"}],"curies":[{"name":"wp","href":"https:\/\/api.w.org\/{rel}","templated":true}]}}