{"id":16537,"date":"2016-09-10T11:18:20","date_gmt":"2016-09-10T08:18:20","guid":{"rendered":"http:\/\/localhost\/textilegence\/winners-of-isko-i-skool-denim-design-competition-announced\/"},"modified":"2017-11-03T10:47:00","modified_gmt":"2017-11-03T07:47:00","slug":"winners-of-isko-i-skool-denim-design-competition-announced","status":"publish","type":"post","link":"https:\/\/www.textilegence.com\/en\/winners-of-isko-i-skool-denim-design-competition-announced\/","title":{"rendered":"Winners of ISKO I-SKOOL\u2122 Denim Design Competition Announced"},"content":{"rendered":"<p><strong>The 3rd ISKO I-SKOOL\u2122 international denim contest was held for innovations in denim design and marketing, while its award ceremony took place in Italy. <\/strong><\/p>\n<p>Among the largest premium denim manufacturers in Turkey and the whole world, ISKO<sup>TM<\/sup> announce the winners of the third <a href=\"http:\/\/www.isko.com.tr\/\">ISKO<\/a> I-SKOOL\u2122 denim design contest in 11 categories. One of the first Turkish brands that opened to the global market, Mavi provided full support for the organization. The fashion show took place on the steps of the fa\u00e7ade of Villa Corner della Regina, a stunning historical Palladian palace in Treviso, Italy. Talented young students from important design schools all over the world participated in the contest and designed denim\u2019s future, although no candidate from Turkey achieved the grand final phase.<\/p>\n<p>Under the name of \u201cThe Night Is Young\u201d, ISKO I-SKOOL\u2122 2016 grand finale was held on July, 15<sup>th<\/sup> while a fashion show hosted outstanding <a href=\"http:\/\/textilegence.com\/invista-ve-calik-denimden-yeni-denim-cozumleri-icin-isbirligi\/\">denim<\/a> designs. The event welcomed leading global players in fashion and denim. The foreman was Fran\u00e7ois Girbaud, founder of Marith\u00e9 + Fran\u00e7ois Girbaud. ISKO I-SKOOL\u2122 contest addressed more than 50.000 students from Europe, America and Japan as well as from 16 colleges including Polimoda, Esmod and IUAV. Students competed in 2 categories: designers in \u201cDenim Design Award\u201d and marketing professionals in \u201cDenim Marketing Award\u201d. Gold Sponsorlar\u0131;\u00a0Mavi,\u00a0Avery Dennison RBIS\u00a0and\u00a0Archroma were gold sponsors for the event which received support from several brands. Among the contest\u2019s business partners, there were Ralph Lauren,Swarovski\u00a0and\u00a0Replay.<\/p>\n<p><strong>\u00a0\u201cWe believe in a bright future for denim\u201d<\/strong><\/p>\n<p>\u201cWe are really excited about celebrating the 25 successful years behind in denim design and innovation,\u201d said Mavi\u2019s CEO C\u00fcneyt Yavuz,\u201d adding that they had the chance to work with best players in industry to create innovation in advanced denim quality so far. Yavuz mentioned, \u201cMavi\u2019s design team is constantly searching for innovations in details and material, while also maintaining its passion about developing consumer trends. We care about jean\u2019s future as Turkey\u2019s first global denim brand which is among the main reasons we cooperate with ISKO and support ISKO I-SKOOLTM Denim Awards. We believe the creativity and talent of denim generation as well as in a brighter and promising future for denim.\u201d<\/p>\n<p>SANKO\/ISKO\u2122 Division Global Marketing Direction Marco Lucietti\u00a0highlighted: \u201cISKO I-SKOOL\u2122 adopted this theme as a brand soul since it was first established. Education formed the core of our project. Our goal is to help young talents to develop while also to enable them realize the importance of culture and industrialization in addition to creativity. This fashion contest is the largest one we organized on a global scale so far. We are proud of all students and thank to all our partners. Now, we are ready to restart.\u201d<\/p>\n<p><strong>Winners of Denim Design Category;<\/strong><\/p>\n<p>Overall winner Denim Design Award: Ester Rigato,<a href=\"http:\/\/www.iuav.it\/homepage\/\">\u00a0(IUAV<\/a>) (Venice, Italy)<\/p>\n<p>\u2013\u00a0Winner of the Renovated denim icons Award: Anna Biotti (<a href=\"http:\/\/www.iuav.it\/homepage\/\">IUAV<\/a>) (Venice, Italy)<\/p>\n<p>\u2013 Winner of the Athleisure Award: Joona Rautiainen, (<a href=\"http:\/\/arts.aalto.fi\/en\/\">Aalto<\/a>), (Helsinki, Finland)<\/p>\n<p>\u2013 Winner of the Jool Award: Ester Rigato (<a href=\"http:\/\/www.iuav.it\/homepage\/\">IUAV<\/a>), (Venice, Italy)<\/p>\n<p>\u2013 Winner of the\u00a0<a href=\"http:\/\/rbis.averydennison.com\/en\/home.html\">Avery Dennison RBIS\u00a0<\/a>Award: Farah Sherif Wali (<a href=\"https:\/\/www.polimoda.com\/it\/home.html\">Polimoda<\/a>) (Florance, Italy)<\/p>\n<p>\u2013 Winner of the Swarovski Award: Ester Rigato (<a href=\"http:\/\/www.iuav.it\/homepage\/\">IUAV<\/a>) (Venice, Italy)<\/p>\n<p>\u2013 Winner of the Vogue Talents Special Mention: Elena Trukhina (<a href=\"http:\/\/www.esmod.com\/\">ESMOD Munich<\/a>, Germany)<\/p>\n<p>\u2013 Winner of the Best U.S.A. Designer Award: Danielle Thaxton (<a href=\"http:\/\/fidm.edu\/\">FIDM<\/a>), Los Angeles, the USA<\/p>\n<p>\u2013 Winner of Special Prize: Yuka Yamada (<a href=\"http:\/\/www.bunka-fc.ac.jp\/en\/\">BUNKA Fashion college<\/a>) (Tokyo, Japan)<\/p>\n<p><strong>Winners of Denim Marketing Category;<\/strong><\/p>\n<p>\u2013 Winner of the Jool mood for the Denim Marketing Award: team led by Francesco Diomedi, (Milano Fashion Institute) (Milano, Italy)<\/p>\n<p>\u2013 Winner of the Athleisure mood for the Denim Marketing Award: led by Travis A. Rice, (AMFI) (Amsterdam, the Netherlands)<\/p>\n","protected":false},"excerpt":{"rendered":"<p>The 3rd ISKO I-SKOOL\u2122 international denim contest was held for innovations in denim design and marketing, while its award ceremony took place in Italy. Among the largest premium denim manufacturers in Turkey and the whole world, ISKOTM announce the winners of the third ISKO I-SKOOL\u2122 denim design contest in 11 categories. One of the first [&hellip;]<\/p>\n","protected":false},"author":2,"featured_media":19080,"comment_status":"open","ping_status":"closed","sticky":false,"template":"","format":"standard","meta":{"footnotes":""},"categories":[9859,9845],"tags":[10212,10214,10213],"class_list":{"0":"post-16537","1":"post","2":"type-post","3":"status-publish","4":"format-standard","5":"has-post-thumbnail","7":"category-topical","8":"category-trade-fairs","9":"tag-denim-en","10":"tag-fashion-en","11":"tag-isko-en"},"yoast_head":"<!-- This site is optimized with the Yoast SEO Premium plugin v27.3 (Yoast SEO v27.3) - https:\/\/yoast.com\/product\/yoast-seo-premium-wordpress\/ -->\n<title>Winners of ISKO I-SKOOL\u2122 Denim Design Competition Announced - Textilegence Magazine and Digital Platform<\/title>\n<meta name=\"robots\" content=\"index, follow, max-snippet:-1, max-image-preview:large, max-video-preview:-1\" \/>\n<link rel=\"canonical\" href=\"https:\/\/www.textilegence.com\/en\/winners-of-isko-i-skool-denim-design-competition-announced\/\" \/>\n<meta property=\"og:locale\" content=\"en_US\" \/>\n<meta property=\"og:type\" content=\"article\" \/>\n<meta property=\"og:title\" content=\"Winners of ISKO I-SKOOL\u2122 Denim Design Competition Announced\" \/>\n<meta property=\"og:description\" content=\"The 3rd ISKO I-SKOOL\u2122 international denim contest was held for innovations in denim design and marketing, while its award ceremony took place in Italy.\" \/>\n<meta property=\"og:url\" content=\"https:\/\/www.textilegence.com\/en\/winners-of-isko-i-skool-denim-design-competition-announced\/\" \/>\n<meta property=\"og:site_name\" content=\"Textilegence Magazine and Digital Platform\" \/>\n<meta property=\"article:publisher\" content=\"https:\/\/www.facebook.com\/TextilegenceMagazine\" \/>\n<meta property=\"article:author\" content=\"https:\/\/www.facebook.com\/TextilegenceMagazine\" \/>\n<meta property=\"article:published_time\" content=\"2016-09-10T08:18:20+00:00\" \/>\n<meta property=\"article:modified_time\" content=\"2017-11-03T07:47:00+00:00\" \/>\n<meta property=\"og:image\" content=\"https:\/\/www.textilegence.com\/wp-content\/uploads\/2016\/09\/ISKO-Mavi-Textilegence.jpg\" \/>\n\t<meta property=\"og:image:width\" content=\"742\" \/>\n\t<meta property=\"og:image:height\" content=\"486\" \/>\n\t<meta property=\"og:image:type\" content=\"image\/jpeg\" \/>\n<meta name=\"author\" content=\"Engin Buz\" \/>\n<meta name=\"twitter:card\" content=\"summary_large_image\" \/>\n<meta name=\"twitter:creator\" content=\"@https:\/\/twitter.com\/textilegence\" \/>\n<meta name=\"twitter:site\" content=\"@textilegence\" \/>\n<meta name=\"twitter:label1\" content=\"Written by\" \/>\n\t<meta name=\"twitter:data1\" content=\"Engin Buz\" \/>\n\t<meta name=\"twitter:label2\" content=\"Est. reading time\" \/>\n\t<meta name=\"twitter:data2\" content=\"3 minutes\" \/>\n<script type=\"application\/ld+json\" class=\"yoast-schema-graph\">{\"@context\":\"https:\\\/\\\/schema.org\",\"@graph\":[{\"@type\":\"NewsArticle\",\"@id\":\"https:\\\/\\\/www.textilegence.com\\\/en\\\/winners-of-isko-i-skool-denim-design-competition-announced\\\/#article\",\"isPartOf\":{\"@id\":\"https:\\\/\\\/www.textilegence.com\\\/en\\\/winners-of-isko-i-skool-denim-design-competition-announced\\\/\"},\"author\":{\"name\":\"Engin Buz\",\"@id\":\"https:\\\/\\\/www.textilegence.com\\\/en\\\/#\\\/schema\\\/person\\\/46ccc7bfc34edbc7d46b6b189f88849f\"},\"headline\":\"Winners of ISKO I-SKOOL\u2122 Denim Design Competition Announced\",\"datePublished\":\"2016-09-10T08:18:20+00:00\",\"dateModified\":\"2017-11-03T07:47:00+00:00\",\"mainEntityOfPage\":{\"@id\":\"https:\\\/\\\/www.textilegence.com\\\/en\\\/winners-of-isko-i-skool-denim-design-competition-announced\\\/\"},\"wordCount\":616,\"commentCount\":0,\"publisher\":{\"@id\":\"https:\\\/\\\/www.textilegence.com\\\/en\\\/#organization\"},\"image\":{\"@id\":\"https:\\\/\\\/www.textilegence.com\\\/en\\\/winners-of-isko-i-skool-denim-design-competition-announced\\\/#primaryimage\"},\"thumbnailUrl\":\"https:\\\/\\\/www.textilegence.com\\\/wp-content\\\/uploads\\\/2016\\\/09\\\/ISKO-Mavi-Textilegence.jpg\",\"keywords\":[\"denim\",\"fashion\",\"isko\"],\"articleSection\":[\"Topical\",\"Trade Fairs\"],\"inLanguage\":\"en-US\",\"potentialAction\":[{\"@type\":\"CommentAction\",\"name\":\"Comment\",\"target\":[\"https:\\\/\\\/www.textilegence.com\\\/en\\\/winners-of-isko-i-skool-denim-design-competition-announced\\\/#respond\"]}]},{\"@type\":\"WebPage\",\"@id\":\"https:\\\/\\\/www.textilegence.com\\\/en\\\/winners-of-isko-i-skool-denim-design-competition-announced\\\/\",\"url\":\"https:\\\/\\\/www.textilegence.com\\\/en\\\/winners-of-isko-i-skool-denim-design-competition-announced\\\/\",\"name\":\"Winners of ISKO I-SKOOL\u2122 Denim Design Competition Announced - Textilegence Magazine and Digital Platform\",\"isPartOf\":{\"@id\":\"https:\\\/\\\/www.textilegence.com\\\/en\\\/#website\"},\"primaryImageOfPage\":{\"@id\":\"https:\\\/\\\/www.textilegence.com\\\/en\\\/winners-of-isko-i-skool-denim-design-competition-announced\\\/#primaryimage\"},\"image\":{\"@id\":\"https:\\\/\\\/www.textilegence.com\\\/en\\\/winners-of-isko-i-skool-denim-design-competition-announced\\\/#primaryimage\"},\"thumbnailUrl\":\"https:\\\/\\\/www.textilegence.com\\\/wp-content\\\/uploads\\\/2016\\\/09\\\/ISKO-Mavi-Textilegence.jpg\",\"datePublished\":\"2016-09-10T08:18:20+00:00\",\"dateModified\":\"2017-11-03T07:47:00+00:00\",\"breadcrumb\":{\"@id\":\"https:\\\/\\\/www.textilegence.com\\\/en\\\/winners-of-isko-i-skool-denim-design-competition-announced\\\/#breadcrumb\"},\"inLanguage\":\"en-US\",\"potentialAction\":[{\"@type\":\"ReadAction\",\"target\":[\"https:\\\/\\\/www.textilegence.com\\\/en\\\/winners-of-isko-i-skool-denim-design-competition-announced\\\/\"]}]},{\"@type\":\"ImageObject\",\"inLanguage\":\"en-US\",\"@id\":\"https:\\\/\\\/www.textilegence.com\\\/en\\\/winners-of-isko-i-skool-denim-design-competition-announced\\\/#primaryimage\",\"url\":\"https:\\\/\\\/www.textilegence.com\\\/wp-content\\\/uploads\\\/2016\\\/09\\\/ISKO-Mavi-Textilegence.jpg\",\"contentUrl\":\"https:\\\/\\\/www.textilegence.com\\\/wp-content\\\/uploads\\\/2016\\\/09\\\/ISKO-Mavi-Textilegence.jpg\",\"width\":742,\"height\":486,\"caption\":\"ISKO I-SKOOL\u2122 Denim Yar\u0131\u015fmas\u0131 tasar\u0131m ve pazarlama alanlar\u0131na odakland\u0131\"},{\"@type\":\"BreadcrumbList\",\"@id\":\"https:\\\/\\\/www.textilegence.com\\\/en\\\/winners-of-isko-i-skool-denim-design-competition-announced\\\/#breadcrumb\",\"itemListElement\":[{\"@type\":\"ListItem\",\"position\":1,\"name\":\"Home Page\",\"item\":\"https:\\\/\\\/www.textilegence.com\\\/en\\\/homepage-the-rimont\\\/\"},{\"@type\":\"ListItem\",\"position\":2,\"name\":\"Topical\",\"item\":\"https:\\\/\\\/www.textilegence.com\\\/en\\\/category\\\/topical\\\/\"},{\"@type\":\"ListItem\",\"position\":3,\"name\":\"Winners of ISKO I-SKOOL\u2122 Denim Design Competition Announced\"}]},{\"@type\":\"WebSite\",\"@id\":\"https:\\\/\\\/www.textilegence.com\\\/en\\\/#website\",\"url\":\"https:\\\/\\\/www.textilegence.com\\\/en\\\/\",\"name\":\"Textilegence Magazine and Digital Platform\",\"description\":\"Textile News Center\",\"publisher\":{\"@id\":\"https:\\\/\\\/www.textilegence.com\\\/en\\\/#organization\"},\"potentialAction\":[{\"@type\":\"SearchAction\",\"target\":{\"@type\":\"EntryPoint\",\"urlTemplate\":\"https:\\\/\\\/www.textilegence.com\\\/en\\\/?s={search_term_string}\"},\"query-input\":{\"@type\":\"PropertyValueSpecification\",\"valueRequired\":true,\"valueName\":\"search_term_string\"}}],\"inLanguage\":\"en-US\"},{\"@type\":\"Organization\",\"@id\":\"https:\\\/\\\/www.textilegence.com\\\/en\\\/#organization\",\"name\":\"Textilegence Magazine and Digital Platform\",\"url\":\"https:\\\/\\\/www.textilegence.com\\\/en\\\/\",\"logo\":{\"@type\":\"ImageObject\",\"inLanguage\":\"en-US\",\"@id\":\"https:\\\/\\\/www.textilegence.com\\\/en\\\/#\\\/schema\\\/logo\\\/image\\\/\",\"url\":\"https:\\\/\\\/www.textilegence.com\\\/wp-content\\\/uploads\\\/2016\\\/11\\\/New_Retina_Logo_Textilegence.png\",\"contentUrl\":\"https:\\\/\\\/www.textilegence.com\\\/wp-content\\\/uploads\\\/2016\\\/11\\\/New_Retina_Logo_Textilegence.png\",\"width\":544,\"height\":180,\"caption\":\"Textilegence Magazine and Digital Platform\"},\"image\":{\"@id\":\"https:\\\/\\\/www.textilegence.com\\\/en\\\/#\\\/schema\\\/logo\\\/image\\\/\"},\"sameAs\":[\"https:\\\/\\\/www.facebook.com\\\/TextilegenceMagazine\",\"https:\\\/\\\/x.com\\\/textilegence\",\"https:\\\/\\\/www.instagram.com\\\/textilegence\\\/\",\"https:\\\/\\\/www.linkedin.com\\\/groups\\\/Textilegence-Magazine-Digital-Platform-4897253\",\"https:\\\/\\\/www.youtube.com\\\/user\\\/textilegence\"],\"description\":\"Textilegence is a magazine and digital platform established in 2013. It focuses on the textile industry and sub-segments. The platform provides news, articles, and updates on various aspects of the textile industry, including sustainability, technological advancements, and market trends.\",\"email\":\"editor@textilegence.com\",\"telephone\":\"+90 212 442 24 12\",\"legalName\":\"Textilegence Mag and Digital Platform\",\"foundingDate\":\"2013-01-01\",\"numberOfEmployees\":{\"@type\":\"QuantitativeValue\",\"minValue\":\"1\",\"maxValue\":\"10\"}},{\"@type\":\"Person\",\"@id\":\"https:\\\/\\\/www.textilegence.com\\\/en\\\/#\\\/schema\\\/person\\\/46ccc7bfc34edbc7d46b6b189f88849f\",\"name\":\"Engin Buz\",\"image\":{\"@type\":\"ImageObject\",\"inLanguage\":\"en-US\",\"@id\":\"https:\\\/\\\/www.textilegence.com\\\/wp-content\\\/uploads\\\/2018\\\/12\\\/engin-buz.jpg\",\"url\":\"https:\\\/\\\/www.textilegence.com\\\/wp-content\\\/uploads\\\/2018\\\/12\\\/engin-buz.jpg\",\"contentUrl\":\"https:\\\/\\\/www.textilegence.com\\\/wp-content\\\/uploads\\\/2018\\\/12\\\/engin-buz.jpg\",\"caption\":\"Engin Buz\"},\"description\":\"Engin Buz, Ankara \u00dcniversitesi \u0130leti\u015fim Fak\u00fcltesi Gazetecilik B\u00f6l\u00fcm\u00fc\u2019nden mezun olduktan sonra Y\u0131ld\u0131z Teknik \u00dcniversitesi\u2019nde Siyaset Bilimi ve Uluslararas\u0131 \u0130li\u015fkiler alan\u0131nda y\u00fcksek lisans\u0131n\u0131 tamamlam\u0131\u015ft\u0131r. 2000 y\u0131l\u0131ndan sonra \u00e7e\u015fitli yay\u0131nc\u0131l\u0131k \u015firketlerinde \u00e7al\u0131\u015fmaya ba\u015flayarak k\u00fclt\u00fcr-sanat ve daha sonra ekonomi haberleri haz\u0131rlam\u0131\u015ft\u0131r. 2009 y\u0131l\u0131ndan itibaren tekstil end\u00fcstrisine d\u00f6n\u00fck yay\u0131nlarda edit\u00f6r olarak g\u00f6rev alan Buz, 2013 itibariyle kurulan Textilegence\u2019de haber edit\u00f6r\u00fc olarak yer almaya ba\u015flam\u0131\u015ft\u0131r. Engin Buz halen ba\u015fta tekstil ve dijital bask\u0131 end\u00fcstrileri olmak \u00fczere ekonomi haberleri haz\u0131rlamaktad\u0131r.\",\"sameAs\":[\"https:\\\/\\\/www.textilegence.com\",\"https:\\\/\\\/www.facebook.com\\\/TextilegenceMagazine\",\"https:\\\/\\\/www.instagram.com\\\/textilegence\\\/\",\"https:\\\/\\\/www.linkedin.com\\\/in\\\/engin-buz-6190799a\\\/\",\"https:\\\/\\\/x.com\\\/https:\\\/\\\/twitter.com\\\/textilegence\"],\"url\":\"https:\\\/\\\/www.textilegence.com\\\/en\\\/author\\\/engin-buz\\\/\"}]}<\/script>\n<!-- \/ Yoast SEO Premium plugin. -->","yoast_head_json":{"title":"Winners of ISKO I-SKOOL\u2122 Denim Design Competition Announced - Textilegence Magazine and Digital Platform","robots":{"index":"index","follow":"follow","max-snippet":"max-snippet:-1","max-image-preview":"max-image-preview:large","max-video-preview":"max-video-preview:-1"},"canonical":"https:\/\/www.textilegence.com\/en\/winners-of-isko-i-skool-denim-design-competition-announced\/","og_locale":"en_US","og_type":"article","og_title":"Winners of ISKO I-SKOOL\u2122 Denim Design Competition Announced","og_description":"The 3rd ISKO I-SKOOL\u2122 international denim contest was held for innovations in denim design and marketing, while its award ceremony took place in Italy.","og_url":"https:\/\/www.textilegence.com\/en\/winners-of-isko-i-skool-denim-design-competition-announced\/","og_site_name":"Textilegence Magazine and Digital Platform","article_publisher":"https:\/\/www.facebook.com\/TextilegenceMagazine","article_author":"https:\/\/www.facebook.com\/TextilegenceMagazine","article_published_time":"2016-09-10T08:18:20+00:00","article_modified_time":"2017-11-03T07:47:00+00:00","og_image":[{"width":742,"height":486,"url":"https:\/\/www.textilegence.com\/wp-content\/uploads\/2016\/09\/ISKO-Mavi-Textilegence.jpg","type":"image\/jpeg"}],"author":"Engin Buz","twitter_card":"summary_large_image","twitter_creator":"@https:\/\/twitter.com\/textilegence","twitter_site":"@textilegence","twitter_misc":{"Written by":"Engin Buz","Est. reading time":"3 minutes"},"schema":{"@context":"https:\/\/schema.org","@graph":[{"@type":"NewsArticle","@id":"https:\/\/www.textilegence.com\/en\/winners-of-isko-i-skool-denim-design-competition-announced\/#article","isPartOf":{"@id":"https:\/\/www.textilegence.com\/en\/winners-of-isko-i-skool-denim-design-competition-announced\/"},"author":{"name":"Engin Buz","@id":"https:\/\/www.textilegence.com\/en\/#\/schema\/person\/46ccc7bfc34edbc7d46b6b189f88849f"},"headline":"Winners of ISKO I-SKOOL\u2122 Denim Design Competition Announced","datePublished":"2016-09-10T08:18:20+00:00","dateModified":"2017-11-03T07:47:00+00:00","mainEntityOfPage":{"@id":"https:\/\/www.textilegence.com\/en\/winners-of-isko-i-skool-denim-design-competition-announced\/"},"wordCount":616,"commentCount":0,"publisher":{"@id":"https:\/\/www.textilegence.com\/en\/#organization"},"image":{"@id":"https:\/\/www.textilegence.com\/en\/winners-of-isko-i-skool-denim-design-competition-announced\/#primaryimage"},"thumbnailUrl":"https:\/\/www.textilegence.com\/wp-content\/uploads\/2016\/09\/ISKO-Mavi-Textilegence.jpg","keywords":["denim","fashion","isko"],"articleSection":["Topical","Trade Fairs"],"inLanguage":"en-US","potentialAction":[{"@type":"CommentAction","name":"Comment","target":["https:\/\/www.textilegence.com\/en\/winners-of-isko-i-skool-denim-design-competition-announced\/#respond"]}]},{"@type":"WebPage","@id":"https:\/\/www.textilegence.com\/en\/winners-of-isko-i-skool-denim-design-competition-announced\/","url":"https:\/\/www.textilegence.com\/en\/winners-of-isko-i-skool-denim-design-competition-announced\/","name":"Winners of ISKO I-SKOOL\u2122 Denim Design Competition Announced - Textilegence Magazine and Digital Platform","isPartOf":{"@id":"https:\/\/www.textilegence.com\/en\/#website"},"primaryImageOfPage":{"@id":"https:\/\/www.textilegence.com\/en\/winners-of-isko-i-skool-denim-design-competition-announced\/#primaryimage"},"image":{"@id":"https:\/\/www.textilegence.com\/en\/winners-of-isko-i-skool-denim-design-competition-announced\/#primaryimage"},"thumbnailUrl":"https:\/\/www.textilegence.com\/wp-content\/uploads\/2016\/09\/ISKO-Mavi-Textilegence.jpg","datePublished":"2016-09-10T08:18:20+00:00","dateModified":"2017-11-03T07:47:00+00:00","breadcrumb":{"@id":"https:\/\/www.textilegence.com\/en\/winners-of-isko-i-skool-denim-design-competition-announced\/#breadcrumb"},"inLanguage":"en-US","potentialAction":[{"@type":"ReadAction","target":["https:\/\/www.textilegence.com\/en\/winners-of-isko-i-skool-denim-design-competition-announced\/"]}]},{"@type":"ImageObject","inLanguage":"en-US","@id":"https:\/\/www.textilegence.com\/en\/winners-of-isko-i-skool-denim-design-competition-announced\/#primaryimage","url":"https:\/\/www.textilegence.com\/wp-content\/uploads\/2016\/09\/ISKO-Mavi-Textilegence.jpg","contentUrl":"https:\/\/www.textilegence.com\/wp-content\/uploads\/2016\/09\/ISKO-Mavi-Textilegence.jpg","width":742,"height":486,"caption":"ISKO I-SKOOL\u2122 Denim Yar\u0131\u015fmas\u0131 tasar\u0131m ve pazarlama alanlar\u0131na odakland\u0131"},{"@type":"BreadcrumbList","@id":"https:\/\/www.textilegence.com\/en\/winners-of-isko-i-skool-denim-design-competition-announced\/#breadcrumb","itemListElement":[{"@type":"ListItem","position":1,"name":"Home Page","item":"https:\/\/www.textilegence.com\/en\/homepage-the-rimont\/"},{"@type":"ListItem","position":2,"name":"Topical","item":"https:\/\/www.textilegence.com\/en\/category\/topical\/"},{"@type":"ListItem","position":3,"name":"Winners of ISKO I-SKOOL\u2122 Denim Design Competition Announced"}]},{"@type":"WebSite","@id":"https:\/\/www.textilegence.com\/en\/#website","url":"https:\/\/www.textilegence.com\/en\/","name":"Textilegence Magazine and Digital Platform","description":"Textile News Center","publisher":{"@id":"https:\/\/www.textilegence.com\/en\/#organization"},"potentialAction":[{"@type":"SearchAction","target":{"@type":"EntryPoint","urlTemplate":"https:\/\/www.textilegence.com\/en\/?s={search_term_string}"},"query-input":{"@type":"PropertyValueSpecification","valueRequired":true,"valueName":"search_term_string"}}],"inLanguage":"en-US"},{"@type":"Organization","@id":"https:\/\/www.textilegence.com\/en\/#organization","name":"Textilegence Magazine and Digital Platform","url":"https:\/\/www.textilegence.com\/en\/","logo":{"@type":"ImageObject","inLanguage":"en-US","@id":"https:\/\/www.textilegence.com\/en\/#\/schema\/logo\/image\/","url":"https:\/\/www.textilegence.com\/wp-content\/uploads\/2016\/11\/New_Retina_Logo_Textilegence.png","contentUrl":"https:\/\/www.textilegence.com\/wp-content\/uploads\/2016\/11\/New_Retina_Logo_Textilegence.png","width":544,"height":180,"caption":"Textilegence Magazine and Digital Platform"},"image":{"@id":"https:\/\/www.textilegence.com\/en\/#\/schema\/logo\/image\/"},"sameAs":["https:\/\/www.facebook.com\/TextilegenceMagazine","https:\/\/x.com\/textilegence","https:\/\/www.instagram.com\/textilegence\/","https:\/\/www.linkedin.com\/groups\/Textilegence-Magazine-Digital-Platform-4897253","https:\/\/www.youtube.com\/user\/textilegence"],"description":"Textilegence is a magazine and digital platform established in 2013. It focuses on the textile industry and sub-segments. The platform provides news, articles, and updates on various aspects of the textile industry, including sustainability, technological advancements, and market trends.","email":"editor@textilegence.com","telephone":"+90 212 442 24 12","legalName":"Textilegence Mag and Digital Platform","foundingDate":"2013-01-01","numberOfEmployees":{"@type":"QuantitativeValue","minValue":"1","maxValue":"10"}},{"@type":"Person","@id":"https:\/\/www.textilegence.com\/en\/#\/schema\/person\/46ccc7bfc34edbc7d46b6b189f88849f","name":"Engin Buz","image":{"@type":"ImageObject","inLanguage":"en-US","@id":"https:\/\/www.textilegence.com\/wp-content\/uploads\/2018\/12\/engin-buz.jpg","url":"https:\/\/www.textilegence.com\/wp-content\/uploads\/2018\/12\/engin-buz.jpg","contentUrl":"https:\/\/www.textilegence.com\/wp-content\/uploads\/2018\/12\/engin-buz.jpg","caption":"Engin Buz"},"description":"Engin Buz, Ankara \u00dcniversitesi \u0130leti\u015fim Fak\u00fcltesi Gazetecilik B\u00f6l\u00fcm\u00fc\u2019nden mezun olduktan sonra Y\u0131ld\u0131z Teknik \u00dcniversitesi\u2019nde Siyaset Bilimi ve Uluslararas\u0131 \u0130li\u015fkiler alan\u0131nda y\u00fcksek lisans\u0131n\u0131 tamamlam\u0131\u015ft\u0131r. 2000 y\u0131l\u0131ndan sonra \u00e7e\u015fitli yay\u0131nc\u0131l\u0131k \u015firketlerinde \u00e7al\u0131\u015fmaya ba\u015flayarak k\u00fclt\u00fcr-sanat ve daha sonra ekonomi haberleri haz\u0131rlam\u0131\u015ft\u0131r. 2009 y\u0131l\u0131ndan itibaren tekstil end\u00fcstrisine d\u00f6n\u00fck yay\u0131nlarda edit\u00f6r olarak g\u00f6rev alan Buz, 2013 itibariyle kurulan Textilegence\u2019de haber edit\u00f6r\u00fc olarak yer almaya ba\u015flam\u0131\u015ft\u0131r. Engin Buz halen ba\u015fta tekstil ve dijital bask\u0131 end\u00fcstrileri olmak \u00fczere ekonomi haberleri haz\u0131rlamaktad\u0131r.","sameAs":["https:\/\/www.textilegence.com","https:\/\/www.facebook.com\/TextilegenceMagazine","https:\/\/www.instagram.com\/textilegence\/","https:\/\/www.linkedin.com\/in\/engin-buz-6190799a\/","https:\/\/x.com\/https:\/\/twitter.com\/textilegence"],"url":"https:\/\/www.textilegence.com\/en\/author\/engin-buz\/"}]}},"_links":{"self":[{"href":"https:\/\/www.textilegence.com\/en\/wp-json\/wp\/v2\/posts\/16537","targetHints":{"allow":["GET"]}}],"collection":[{"href":"https:\/\/www.textilegence.com\/en\/wp-json\/wp\/v2\/posts"}],"about":[{"href":"https:\/\/www.textilegence.com\/en\/wp-json\/wp\/v2\/types\/post"}],"author":[{"embeddable":true,"href":"https:\/\/www.textilegence.com\/en\/wp-json\/wp\/v2\/users\/2"}],"replies":[{"embeddable":true,"href":"https:\/\/www.textilegence.com\/en\/wp-json\/wp\/v2\/comments?post=16537"}],"version-history":[{"count":0,"href":"https:\/\/www.textilegence.com\/en\/wp-json\/wp\/v2\/posts\/16537\/revisions"}],"wp:featuredmedia":[{"embeddable":true,"href":"https:\/\/www.textilegence.com\/en\/wp-json\/wp\/v2\/media\/19080"}],"wp:attachment":[{"href":"https:\/\/www.textilegence.com\/en\/wp-json\/wp\/v2\/media?parent=16537"}],"wp:term":[{"taxonomy":"category","embeddable":true,"href":"https:\/\/www.textilegence.com\/en\/wp-json\/wp\/v2\/categories?post=16537"},{"taxonomy":"post_tag","embeddable":true,"href":"https:\/\/www.textilegence.com\/en\/wp-json\/wp\/v2\/tags?post=16537"}],"curies":[{"name":"wp","href":"https:\/\/api.w.org\/{rel}","templated":true}]}}