{"id":16697,"date":"2016-12-05T12:16:21","date_gmt":"2016-12-05T09:16:21","guid":{"rendered":"http:\/\/localhost\/textilegence\/heimtextil-premiere-of-the-digital-textile-micro-factory\/"},"modified":"2019-01-23T12:47:41","modified_gmt":"2019-01-23T09:47:41","slug":"heimtextil-premiere-of-the-digital-textile-micro-factory","status":"publish","type":"post","link":"https:\/\/www.textilegence.com\/en\/heimtextil-premiere-of-the-digital-textile-micro-factory\/","title":{"rendered":"Heimtextil: Premi\u00e8re of the &#8220;Digital Textile Micro Factory&#8221;"},"content":{"rendered":"<p><strong>See a digital textile production chain live! New location for &#8220;digital print technology&#8221; in hall 6.0<\/strong><\/p>\n<p>At the upcoming <a href=\"http:\/\/heimtextil.messefrankfurt.com\/frankfurt\/en\/besucher\/willkommen.html\">Heimtextil<\/a>, Messe Frankfurt will present the &#8220;Digital Textile Micro Factory&#8221; in the &#8220;digital print technology&#8221; segment for the first time in hall 6.0. As part of this presentation, which has been set up in collaboration with &#8220;Deutsche Institute f\u00fcr Textil- und Faserforschung&#8221; (the German Institute for Textile and Fibre Research) and in partnership with renowned representatives from the industry, a digital production chain will be showcased live on site. From the design and digital printing to cutting and confection, visitors will experience the completely networked production of textiles. Visitors can either discover the Micro Factory alone or take part in one of the free guided tours that take place twice a day in German and English.<\/p>\n<p>&#8220;With the \u2018Digital Textile Micro Factory\u2019, we&#8217;ll be revealing a model of the future. It enables individualised products to be manufactured in a competitive, regional way to meet demand through the digital networking of automated processes&#8221;, says Sabine Scharrer, Manager of Heimtextil. &#8220;The possibilities are almost limitless and we&#8217;re proud to be able to implement this project with our partners&#8221;.<\/p>\n<p><strong>More space for digital printing<\/strong><\/p>\n<p>With its new location in hall 6.0, the digital print technology segment will be given more space in a central area of the exhibition site. Leading printer manufacturers from across the world will present their innovations and technologies for the textile segment here. Located right next to the &#8220;Theme Park&#8221; trend area, hall 6.0 combines inspiration and innovation in one place. With more exhibitors and more surface area than last year, this successful segment will grow for the fifth time in a row at the upcoming Heimtextil. With the &#8220;Digital Textile Micro Factory&#8221;, the field will see another impressive demonstration of the huge potential of digital printing in the textile segment.<\/p>\n<p><strong>From the design to the finished product<\/strong><\/p>\n<p>The seamless digital networking of the production steps within the Micro Factory ensures optimal material consumption, quicker processing time for orders and the highest level of flexibility to enable producers to react to market needs in a short space of time. Visitors walk through the Micro Factory following a specified path with various different stations portraying the manufacturing steps undertaken in textile production. Experts are on hand to explain technical details and answer questions. The starting point is the design area where the workflow starts with the selection and preparation of the design. The station is manned by European higher education institutions which are coordinated by Heimtextil partner\u00a0<strong>Printcubator<\/strong>.<\/p>\n<p>The next step shows how the textiles are printed using the digital printing procedure. Manufacturing orders can be combined and printed in a colour binding way using various parameters. The specific know-how is provided by hardware and software partners\u00a0<strong>Mimaki<\/strong>,\u00a0<strong>Ergosoft<\/strong>\u00a0and\u00a0<strong>Multiplot<\/strong>.<\/p>\n<p>The digital cutting of the textiles is realised at the next station in partnership with the company\u00a0<strong>Z\u00fcnd<\/strong>. One of the biggest challenges of this production step is the automatic identification of the orders in order to be able to cut various materials in accordance with their specific characteristics and to the best standard of quality.<\/p>\n<p>In the last production stage, the cut textiles are sewn together using automatic identification. The latest machine developments, the recognition of textiles and categorisation as well as the digital networking of sewing machines are presented by the experts at Heimtextil partner\u00a0<strong>Juki<\/strong>.<\/p>\n<p>The tour through the &#8220;Digital Textile Micro Factory&#8221; ends with a shop window display coordinated by Hochschule Luzern and the Metropolia University of Applied Sciences from Helsinki. As in the first production step, the design area, students from the higher education institutions The Strzemi\u0144ski Academy of Art \u0141\u00f3d\u017a and MOME Moholy-Nagy Kunstakademie, Budapest, support the depiction of this process at this station. The students present possible applications for textile printing in the home textile industry. Visitors to the Micro Factory will get one of the textile products printed on site as a gift.<\/p>\n<p>The &#8220;Digital Textile Micro Factory&#8221; can be seen at Heimtextil in hall 6.0 at stand B30<\/p>\n","protected":false},"excerpt":{"rendered":"<p>See a digital textile production chain live! New location for &#8220;digital print technology&#8221; in hall 6.0 At the upcoming Heimtextil, Messe Frankfurt will present the &#8220;Digital Textile Micro Factory&#8221; in the &#8220;digital print technology&#8221; segment for the first time in hall 6.0. As part of this presentation, which has been set up in collaboration with [&hellip;]<\/p>\n","protected":false},"author":2,"featured_media":0,"comment_status":"open","ping_status":"closed","sticky":false,"template":"","format":"standard","meta":{"footnotes":""},"categories":[9845],"tags":[10282,10063,10062,10327,10237],"class_list":{"0":"post-16697","1":"post","2":"type-post","3":"status-publish","4":"format-standard","6":"category-trade-fairs","7":"tag-digital-textile-printing-en","8":"tag-heimtextil-2017-en","9":"tag-messe-frankfurt-en","10":"tag-mimaki","11":"tag-textile-printing-en"},"yoast_head":"<!-- This site is optimized with the Yoast SEO Premium plugin v27.3 (Yoast SEO v27.3) - https:\/\/yoast.com\/product\/yoast-seo-premium-wordpress\/ -->\n<title>Heimtextil: Premi\u00e8re of the &quot;Digital Textile Micro Factory&quot; - Textilegence Magazine and Digital Platform<\/title>\n<meta name=\"robots\" content=\"index, follow, max-snippet:-1, max-image-preview:large, max-video-preview:-1\" \/>\n<link rel=\"canonical\" href=\"https:\/\/www.textilegence.com\/en\/heimtextil-premiere-of-the-digital-textile-micro-factory\/\" \/>\n<meta property=\"og:locale\" content=\"en_US\" \/>\n<meta property=\"og:type\" content=\"article\" \/>\n<meta property=\"og:title\" content=\"Heimtextil: Premi\u00e8re of the &quot;Digital Textile Micro Factory&quot;\" \/>\n<meta property=\"og:description\" content=\"See a digital textile production chain live! New location for &quot;digital print technology&quot; in hall 6.0 At the upcoming Heimtextil, Messe Frankfurt will\" \/>\n<meta property=\"og:url\" content=\"https:\/\/www.textilegence.com\/en\/heimtextil-premiere-of-the-digital-textile-micro-factory\/\" \/>\n<meta property=\"og:site_name\" content=\"Textilegence Magazine and Digital Platform\" \/>\n<meta property=\"article:publisher\" content=\"https:\/\/www.facebook.com\/TextilegenceMagazine\" \/>\n<meta property=\"article:author\" content=\"https:\/\/www.facebook.com\/TextilegenceMagazine\" \/>\n<meta property=\"article:published_time\" content=\"2016-12-05T09:16:21+00:00\" \/>\n<meta property=\"article:modified_time\" content=\"2019-01-23T09:47:41+00:00\" \/>\n<meta name=\"author\" content=\"Engin Buz\" \/>\n<meta name=\"twitter:card\" content=\"summary_large_image\" \/>\n<meta name=\"twitter:creator\" content=\"@https:\/\/twitter.com\/textilegence\" \/>\n<meta name=\"twitter:site\" content=\"@textilegence\" \/>\n<meta name=\"twitter:label1\" content=\"Written by\" \/>\n\t<meta name=\"twitter:data1\" content=\"Engin Buz\" \/>\n\t<meta name=\"twitter:label2\" content=\"Est. reading time\" \/>\n\t<meta name=\"twitter:data2\" content=\"3 minutes\" \/>\n<script type=\"application\/ld+json\" class=\"yoast-schema-graph\">{\"@context\":\"https:\\\/\\\/schema.org\",\"@graph\":[{\"@type\":\"NewsArticle\",\"@id\":\"https:\\\/\\\/www.textilegence.com\\\/en\\\/heimtextil-premiere-of-the-digital-textile-micro-factory\\\/#article\",\"isPartOf\":{\"@id\":\"https:\\\/\\\/www.textilegence.com\\\/en\\\/heimtextil-premiere-of-the-digital-textile-micro-factory\\\/\"},\"author\":{\"name\":\"Engin Buz\",\"@id\":\"https:\\\/\\\/www.textilegence.com\\\/en\\\/#\\\/schema\\\/person\\\/46ccc7bfc34edbc7d46b6b189f88849f\"},\"headline\":\"Heimtextil: Premi\u00e8re of the &#8220;Digital Textile Micro Factory&#8221;\",\"datePublished\":\"2016-12-05T09:16:21+00:00\",\"dateModified\":\"2019-01-23T09:47:41+00:00\",\"mainEntityOfPage\":{\"@id\":\"https:\\\/\\\/www.textilegence.com\\\/en\\\/heimtextil-premiere-of-the-digital-textile-micro-factory\\\/\"},\"wordCount\":686,\"commentCount\":0,\"publisher\":{\"@id\":\"https:\\\/\\\/www.textilegence.com\\\/en\\\/#organization\"},\"keywords\":[\"digital textile printing\",\"heimtextil 2017\",\"messe frankfurt\",\"mimaki\",\"textile printing\"],\"articleSection\":[\"Trade Fairs\"],\"inLanguage\":\"en-US\",\"potentialAction\":[{\"@type\":\"CommentAction\",\"name\":\"Comment\",\"target\":[\"https:\\\/\\\/www.textilegence.com\\\/en\\\/heimtextil-premiere-of-the-digital-textile-micro-factory\\\/#respond\"]}]},{\"@type\":\"WebPage\",\"@id\":\"https:\\\/\\\/www.textilegence.com\\\/en\\\/heimtextil-premiere-of-the-digital-textile-micro-factory\\\/\",\"url\":\"https:\\\/\\\/www.textilegence.com\\\/en\\\/heimtextil-premiere-of-the-digital-textile-micro-factory\\\/\",\"name\":\"Heimtextil: Premi\u00e8re of the \\\"Digital Textile Micro Factory\\\" - Textilegence Magazine and Digital Platform\",\"isPartOf\":{\"@id\":\"https:\\\/\\\/www.textilegence.com\\\/en\\\/#website\"},\"datePublished\":\"2016-12-05T09:16:21+00:00\",\"dateModified\":\"2019-01-23T09:47:41+00:00\",\"breadcrumb\":{\"@id\":\"https:\\\/\\\/www.textilegence.com\\\/en\\\/heimtextil-premiere-of-the-digital-textile-micro-factory\\\/#breadcrumb\"},\"inLanguage\":\"en-US\",\"potentialAction\":[{\"@type\":\"ReadAction\",\"target\":[\"https:\\\/\\\/www.textilegence.com\\\/en\\\/heimtextil-premiere-of-the-digital-textile-micro-factory\\\/\"]}]},{\"@type\":\"BreadcrumbList\",\"@id\":\"https:\\\/\\\/www.textilegence.com\\\/en\\\/heimtextil-premiere-of-the-digital-textile-micro-factory\\\/#breadcrumb\",\"itemListElement\":[{\"@type\":\"ListItem\",\"position\":1,\"name\":\"Home Page\",\"item\":\"https:\\\/\\\/www.textilegence.com\\\/en\\\/homepage-the-rimont\\\/\"},{\"@type\":\"ListItem\",\"position\":2,\"name\":\"Trade Fairs\",\"item\":\"https:\\\/\\\/www.textilegence.com\\\/en\\\/category\\\/trade-fairs\\\/\"},{\"@type\":\"ListItem\",\"position\":3,\"name\":\"Heimtextil: Premi\u00e8re of the &#8220;Digital Textile Micro Factory&#8221;\"}]},{\"@type\":\"WebSite\",\"@id\":\"https:\\\/\\\/www.textilegence.com\\\/en\\\/#website\",\"url\":\"https:\\\/\\\/www.textilegence.com\\\/en\\\/\",\"name\":\"Textilegence Magazine and Digital Platform\",\"description\":\"Textile News Center\",\"publisher\":{\"@id\":\"https:\\\/\\\/www.textilegence.com\\\/en\\\/#organization\"},\"potentialAction\":[{\"@type\":\"SearchAction\",\"target\":{\"@type\":\"EntryPoint\",\"urlTemplate\":\"https:\\\/\\\/www.textilegence.com\\\/en\\\/?s={search_term_string}\"},\"query-input\":{\"@type\":\"PropertyValueSpecification\",\"valueRequired\":true,\"valueName\":\"search_term_string\"}}],\"inLanguage\":\"en-US\"},{\"@type\":\"Organization\",\"@id\":\"https:\\\/\\\/www.textilegence.com\\\/en\\\/#organization\",\"name\":\"Textilegence Magazine and Digital Platform\",\"url\":\"https:\\\/\\\/www.textilegence.com\\\/en\\\/\",\"logo\":{\"@type\":\"ImageObject\",\"inLanguage\":\"en-US\",\"@id\":\"https:\\\/\\\/www.textilegence.com\\\/en\\\/#\\\/schema\\\/logo\\\/image\\\/\",\"url\":\"https:\\\/\\\/www.textilegence.com\\\/wp-content\\\/uploads\\\/2016\\\/11\\\/New_Retina_Logo_Textilegence.png\",\"contentUrl\":\"https:\\\/\\\/www.textilegence.com\\\/wp-content\\\/uploads\\\/2016\\\/11\\\/New_Retina_Logo_Textilegence.png\",\"width\":544,\"height\":180,\"caption\":\"Textilegence Magazine and Digital Platform\"},\"image\":{\"@id\":\"https:\\\/\\\/www.textilegence.com\\\/en\\\/#\\\/schema\\\/logo\\\/image\\\/\"},\"sameAs\":[\"https:\\\/\\\/www.facebook.com\\\/TextilegenceMagazine\",\"https:\\\/\\\/x.com\\\/textilegence\",\"https:\\\/\\\/www.instagram.com\\\/textilegence\\\/\",\"https:\\\/\\\/www.linkedin.com\\\/groups\\\/Textilegence-Magazine-Digital-Platform-4897253\",\"https:\\\/\\\/www.youtube.com\\\/user\\\/textilegence\"],\"description\":\"Textilegence is a magazine and digital platform established in 2013. It focuses on the textile industry and sub-segments. The platform provides news, articles, and updates on various aspects of the textile industry, including sustainability, technological advancements, and market trends.\",\"email\":\"editor@textilegence.com\",\"telephone\":\"+90 212 442 24 12\",\"legalName\":\"Textilegence Mag and Digital Platform\",\"foundingDate\":\"2013-01-01\",\"numberOfEmployees\":{\"@type\":\"QuantitativeValue\",\"minValue\":\"1\",\"maxValue\":\"10\"}},{\"@type\":\"Person\",\"@id\":\"https:\\\/\\\/www.textilegence.com\\\/en\\\/#\\\/schema\\\/person\\\/46ccc7bfc34edbc7d46b6b189f88849f\",\"name\":\"Engin Buz\",\"image\":{\"@type\":\"ImageObject\",\"inLanguage\":\"en-US\",\"@id\":\"https:\\\/\\\/www.textilegence.com\\\/wp-content\\\/uploads\\\/2018\\\/12\\\/engin-buz.jpg\",\"url\":\"https:\\\/\\\/www.textilegence.com\\\/wp-content\\\/uploads\\\/2018\\\/12\\\/engin-buz.jpg\",\"contentUrl\":\"https:\\\/\\\/www.textilegence.com\\\/wp-content\\\/uploads\\\/2018\\\/12\\\/engin-buz.jpg\",\"caption\":\"Engin Buz\"},\"description\":\"Engin Buz, Ankara \u00dcniversitesi \u0130leti\u015fim Fak\u00fcltesi Gazetecilik B\u00f6l\u00fcm\u00fc\u2019nden mezun olduktan sonra Y\u0131ld\u0131z Teknik \u00dcniversitesi\u2019nde Siyaset Bilimi ve Uluslararas\u0131 \u0130li\u015fkiler alan\u0131nda y\u00fcksek lisans\u0131n\u0131 tamamlam\u0131\u015ft\u0131r. 2000 y\u0131l\u0131ndan sonra \u00e7e\u015fitli yay\u0131nc\u0131l\u0131k \u015firketlerinde \u00e7al\u0131\u015fmaya ba\u015flayarak k\u00fclt\u00fcr-sanat ve daha sonra ekonomi haberleri haz\u0131rlam\u0131\u015ft\u0131r. 2009 y\u0131l\u0131ndan itibaren tekstil end\u00fcstrisine d\u00f6n\u00fck yay\u0131nlarda edit\u00f6r olarak g\u00f6rev alan Buz, 2013 itibariyle kurulan Textilegence\u2019de haber edit\u00f6r\u00fc olarak yer almaya ba\u015flam\u0131\u015ft\u0131r. Engin Buz halen ba\u015fta tekstil ve dijital bask\u0131 end\u00fcstrileri olmak \u00fczere ekonomi haberleri haz\u0131rlamaktad\u0131r.\",\"sameAs\":[\"https:\\\/\\\/www.textilegence.com\",\"https:\\\/\\\/www.facebook.com\\\/TextilegenceMagazine\",\"https:\\\/\\\/www.instagram.com\\\/textilegence\\\/\",\"https:\\\/\\\/www.linkedin.com\\\/in\\\/engin-buz-6190799a\\\/\",\"https:\\\/\\\/x.com\\\/https:\\\/\\\/twitter.com\\\/textilegence\"],\"url\":\"https:\\\/\\\/www.textilegence.com\\\/en\\\/author\\\/engin-buz\\\/\"}]}<\/script>\n<!-- \/ Yoast SEO Premium plugin. -->","yoast_head_json":{"title":"Heimtextil: Premi\u00e8re of the \"Digital Textile Micro Factory\" - Textilegence Magazine and Digital Platform","robots":{"index":"index","follow":"follow","max-snippet":"max-snippet:-1","max-image-preview":"max-image-preview:large","max-video-preview":"max-video-preview:-1"},"canonical":"https:\/\/www.textilegence.com\/en\/heimtextil-premiere-of-the-digital-textile-micro-factory\/","og_locale":"en_US","og_type":"article","og_title":"Heimtextil: Premi\u00e8re of the \"Digital Textile Micro Factory\"","og_description":"See a digital textile production chain live! New location for \"digital print technology\" in hall 6.0 At the upcoming Heimtextil, Messe Frankfurt will","og_url":"https:\/\/www.textilegence.com\/en\/heimtextil-premiere-of-the-digital-textile-micro-factory\/","og_site_name":"Textilegence Magazine and Digital Platform","article_publisher":"https:\/\/www.facebook.com\/TextilegenceMagazine","article_author":"https:\/\/www.facebook.com\/TextilegenceMagazine","article_published_time":"2016-12-05T09:16:21+00:00","article_modified_time":"2019-01-23T09:47:41+00:00","author":"Engin Buz","twitter_card":"summary_large_image","twitter_creator":"@https:\/\/twitter.com\/textilegence","twitter_site":"@textilegence","twitter_misc":{"Written by":"Engin Buz","Est. reading time":"3 minutes"},"schema":{"@context":"https:\/\/schema.org","@graph":[{"@type":"NewsArticle","@id":"https:\/\/www.textilegence.com\/en\/heimtextil-premiere-of-the-digital-textile-micro-factory\/#article","isPartOf":{"@id":"https:\/\/www.textilegence.com\/en\/heimtextil-premiere-of-the-digital-textile-micro-factory\/"},"author":{"name":"Engin Buz","@id":"https:\/\/www.textilegence.com\/en\/#\/schema\/person\/46ccc7bfc34edbc7d46b6b189f88849f"},"headline":"Heimtextil: Premi\u00e8re of the &#8220;Digital Textile Micro Factory&#8221;","datePublished":"2016-12-05T09:16:21+00:00","dateModified":"2019-01-23T09:47:41+00:00","mainEntityOfPage":{"@id":"https:\/\/www.textilegence.com\/en\/heimtextil-premiere-of-the-digital-textile-micro-factory\/"},"wordCount":686,"commentCount":0,"publisher":{"@id":"https:\/\/www.textilegence.com\/en\/#organization"},"keywords":["digital textile printing","heimtextil 2017","messe frankfurt","mimaki","textile printing"],"articleSection":["Trade Fairs"],"inLanguage":"en-US","potentialAction":[{"@type":"CommentAction","name":"Comment","target":["https:\/\/www.textilegence.com\/en\/heimtextil-premiere-of-the-digital-textile-micro-factory\/#respond"]}]},{"@type":"WebPage","@id":"https:\/\/www.textilegence.com\/en\/heimtextil-premiere-of-the-digital-textile-micro-factory\/","url":"https:\/\/www.textilegence.com\/en\/heimtextil-premiere-of-the-digital-textile-micro-factory\/","name":"Heimtextil: Premi\u00e8re of the \"Digital Textile Micro Factory\" - Textilegence Magazine and Digital Platform","isPartOf":{"@id":"https:\/\/www.textilegence.com\/en\/#website"},"datePublished":"2016-12-05T09:16:21+00:00","dateModified":"2019-01-23T09:47:41+00:00","breadcrumb":{"@id":"https:\/\/www.textilegence.com\/en\/heimtextil-premiere-of-the-digital-textile-micro-factory\/#breadcrumb"},"inLanguage":"en-US","potentialAction":[{"@type":"ReadAction","target":["https:\/\/www.textilegence.com\/en\/heimtextil-premiere-of-the-digital-textile-micro-factory\/"]}]},{"@type":"BreadcrumbList","@id":"https:\/\/www.textilegence.com\/en\/heimtextil-premiere-of-the-digital-textile-micro-factory\/#breadcrumb","itemListElement":[{"@type":"ListItem","position":1,"name":"Home Page","item":"https:\/\/www.textilegence.com\/en\/homepage-the-rimont\/"},{"@type":"ListItem","position":2,"name":"Trade Fairs","item":"https:\/\/www.textilegence.com\/en\/category\/trade-fairs\/"},{"@type":"ListItem","position":3,"name":"Heimtextil: Premi\u00e8re of the &#8220;Digital Textile Micro Factory&#8221;"}]},{"@type":"WebSite","@id":"https:\/\/www.textilegence.com\/en\/#website","url":"https:\/\/www.textilegence.com\/en\/","name":"Textilegence Magazine and Digital Platform","description":"Textile News Center","publisher":{"@id":"https:\/\/www.textilegence.com\/en\/#organization"},"potentialAction":[{"@type":"SearchAction","target":{"@type":"EntryPoint","urlTemplate":"https:\/\/www.textilegence.com\/en\/?s={search_term_string}"},"query-input":{"@type":"PropertyValueSpecification","valueRequired":true,"valueName":"search_term_string"}}],"inLanguage":"en-US"},{"@type":"Organization","@id":"https:\/\/www.textilegence.com\/en\/#organization","name":"Textilegence Magazine and Digital Platform","url":"https:\/\/www.textilegence.com\/en\/","logo":{"@type":"ImageObject","inLanguage":"en-US","@id":"https:\/\/www.textilegence.com\/en\/#\/schema\/logo\/image\/","url":"https:\/\/www.textilegence.com\/wp-content\/uploads\/2016\/11\/New_Retina_Logo_Textilegence.png","contentUrl":"https:\/\/www.textilegence.com\/wp-content\/uploads\/2016\/11\/New_Retina_Logo_Textilegence.png","width":544,"height":180,"caption":"Textilegence Magazine and Digital Platform"},"image":{"@id":"https:\/\/www.textilegence.com\/en\/#\/schema\/logo\/image\/"},"sameAs":["https:\/\/www.facebook.com\/TextilegenceMagazine","https:\/\/x.com\/textilegence","https:\/\/www.instagram.com\/textilegence\/","https:\/\/www.linkedin.com\/groups\/Textilegence-Magazine-Digital-Platform-4897253","https:\/\/www.youtube.com\/user\/textilegence"],"description":"Textilegence is a magazine and digital platform established in 2013. It focuses on the textile industry and sub-segments. The platform provides news, articles, and updates on various aspects of the textile industry, including sustainability, technological advancements, and market trends.","email":"editor@textilegence.com","telephone":"+90 212 442 24 12","legalName":"Textilegence Mag and Digital Platform","foundingDate":"2013-01-01","numberOfEmployees":{"@type":"QuantitativeValue","minValue":"1","maxValue":"10"}},{"@type":"Person","@id":"https:\/\/www.textilegence.com\/en\/#\/schema\/person\/46ccc7bfc34edbc7d46b6b189f88849f","name":"Engin Buz","image":{"@type":"ImageObject","inLanguage":"en-US","@id":"https:\/\/www.textilegence.com\/wp-content\/uploads\/2018\/12\/engin-buz.jpg","url":"https:\/\/www.textilegence.com\/wp-content\/uploads\/2018\/12\/engin-buz.jpg","contentUrl":"https:\/\/www.textilegence.com\/wp-content\/uploads\/2018\/12\/engin-buz.jpg","caption":"Engin Buz"},"description":"Engin Buz, Ankara \u00dcniversitesi \u0130leti\u015fim Fak\u00fcltesi Gazetecilik B\u00f6l\u00fcm\u00fc\u2019nden mezun olduktan sonra Y\u0131ld\u0131z Teknik \u00dcniversitesi\u2019nde Siyaset Bilimi ve Uluslararas\u0131 \u0130li\u015fkiler alan\u0131nda y\u00fcksek lisans\u0131n\u0131 tamamlam\u0131\u015ft\u0131r. 2000 y\u0131l\u0131ndan sonra \u00e7e\u015fitli yay\u0131nc\u0131l\u0131k \u015firketlerinde \u00e7al\u0131\u015fmaya ba\u015flayarak k\u00fclt\u00fcr-sanat ve daha sonra ekonomi haberleri haz\u0131rlam\u0131\u015ft\u0131r. 2009 y\u0131l\u0131ndan itibaren tekstil end\u00fcstrisine d\u00f6n\u00fck yay\u0131nlarda edit\u00f6r olarak g\u00f6rev alan Buz, 2013 itibariyle kurulan Textilegence\u2019de haber edit\u00f6r\u00fc olarak yer almaya ba\u015flam\u0131\u015ft\u0131r. Engin Buz halen ba\u015fta tekstil ve dijital bask\u0131 end\u00fcstrileri olmak \u00fczere ekonomi haberleri haz\u0131rlamaktad\u0131r.","sameAs":["https:\/\/www.textilegence.com","https:\/\/www.facebook.com\/TextilegenceMagazine","https:\/\/www.instagram.com\/textilegence\/","https:\/\/www.linkedin.com\/in\/engin-buz-6190799a\/","https:\/\/x.com\/https:\/\/twitter.com\/textilegence"],"url":"https:\/\/www.textilegence.com\/en\/author\/engin-buz\/"}]}},"_links":{"self":[{"href":"https:\/\/www.textilegence.com\/en\/wp-json\/wp\/v2\/posts\/16697","targetHints":{"allow":["GET"]}}],"collection":[{"href":"https:\/\/www.textilegence.com\/en\/wp-json\/wp\/v2\/posts"}],"about":[{"href":"https:\/\/www.textilegence.com\/en\/wp-json\/wp\/v2\/types\/post"}],"author":[{"embeddable":true,"href":"https:\/\/www.textilegence.com\/en\/wp-json\/wp\/v2\/users\/2"}],"replies":[{"embeddable":true,"href":"https:\/\/www.textilegence.com\/en\/wp-json\/wp\/v2\/comments?post=16697"}],"version-history":[{"count":0,"href":"https:\/\/www.textilegence.com\/en\/wp-json\/wp\/v2\/posts\/16697\/revisions"}],"wp:attachment":[{"href":"https:\/\/www.textilegence.com\/en\/wp-json\/wp\/v2\/media?parent=16697"}],"wp:term":[{"taxonomy":"category","embeddable":true,"href":"https:\/\/www.textilegence.com\/en\/wp-json\/wp\/v2\/categories?post=16697"},{"taxonomy":"post_tag","embeddable":true,"href":"https:\/\/www.textilegence.com\/en\/wp-json\/wp\/v2\/tags?post=16697"}],"curies":[{"name":"wp","href":"https:\/\/api.w.org\/{rel}","templated":true}]}}