{"id":16799,"date":"2017-01-27T17:29:41","date_gmt":"2017-01-27T14:29:41","guid":{"rendered":"http:\/\/localhost\/textilegence\/index-17-offers-big-picture-vision-for-nonwovens\/"},"modified":"2018-02-08T10:50:13","modified_gmt":"2018-02-08T07:50:13","slug":"index-17-offers-big-picture-vision-for-nonwovens","status":"publish","type":"post","link":"https:\/\/www.textilegence.com\/en\/index-17-offers-big-picture-vision-for-nonwovens\/","title":{"rendered":"INDEX 17 Offers Big Picture Vision For Nonwovens"},"content":{"rendered":"<figure id=\"attachment_19299\" aria-describedby=\"caption-attachment-19299\" style=\"width: 382px\" class=\"wp-caption alignleft\"><img loading=\"lazy\" decoding=\"async\" class=\"wp-image-19299 size-medium\" src=\"https:\/\/www.textilegence.com\/wp-content\/uploads\/2017\/01\/INDEX-17-Textilegence-382x250.jpg\" alt=\"INDEX 17 Offers Big Picture Vision For Nonwovens\" width=\"382\" height=\"250\" srcset=\"https:\/\/www.textilegence.com\/wp-content\/uploads\/2017\/01\/INDEX-17-Textilegence-382x250.jpg 382w, https:\/\/www.textilegence.com\/wp-content\/uploads\/2017\/01\/INDEX-17-Textilegence-534x350.jpg 534w, https:\/\/www.textilegence.com\/wp-content\/uploads\/2017\/01\/INDEX-17-Textilegence-696x456.jpg 696w, https:\/\/www.textilegence.com\/wp-content\/uploads\/2017\/01\/INDEX-17-Textilegence-741x486.jpg 741w, https:\/\/www.textilegence.com\/wp-content\/uploads\/2017\/01\/INDEX-17-Textilegence-641x420.jpg 641w, https:\/\/www.textilegence.com\/wp-content\/uploads\/2017\/01\/INDEX-17-Textilegence.jpg 742w\" sizes=\"auto, (max-width: 382px) 100vw, 382px\" \/><figcaption id=\"caption-attachment-19299\" class=\"wp-caption-text\">INDEX 17 Offers Big Picture Vision For Nonwovens<\/figcaption><\/figure>\n<p style=\"text-align: justify;\"><strong><em>Half-day seminars to cover relevant megatrends, and how nonwovens help meet these challenges.\u00a0<\/em><\/strong>EDANA, the leading global association serving the nonwovens and related industries, announces\u00a0an innovative addition to INDEX, the global <a href=\"http:\/\/www.index17.org\/en\/\" target=\"_blank\" rel=\"noopener\">exhibition<\/a> showcasing the <a href=\"https:\/\/www.textilegence.com\/en\/category\/trade-fairs\/\" target=\"_blank\" rel=\"noopener\">nonwovens and related industries<\/a> in Geneva from 4<sup>th<\/sup>\u00a0to 7<sup>th<\/sup>\u00a0April 2017.<\/p>\n<p style=\"text-align: justify;\">In 2017 EDANA and the PALEXPO teams are bringing a new experience to exhibition visitors and exhibitors alike. Focusing on transportation, healthcare, geotextiles and filtration, each session will be launched with a leading speaker to take a step beyond our industry and look at the global forces driving each area. From water scarcity to ageing populations, from the rise of autonomous vehicles to the demand for more sustainable and cost-effective infrastructures, \u201cBig Picture\u201d speakers will address the global megatrends affecting, and influencing each of the applications areas.<\/p>\n<p style=\"text-align: justify;\">Following each speaker, the transportation, healthcare and geotextiles session will then offer 3-4 speakers; who will address the key challenges being met by nonwovens; and how through interconnections; the nonwovens and related industries are providing answers to the world\u2019s biggest and most important questions; how do we, as a society, continue both to care and function effectively.<\/p>\n<h5><strong>INDEX FILTREX\u2122 event<\/strong><\/h5>\n<p style=\"text-align: justify;\">While attendees interested in filtration will also have free access to the \u201cBig Picture\u201d speaker; and the table-top exhibition at the FILTREX\u2122 event; additional information, education, and networking will also be made available through the FILTREX\u2122 conference; to be held on-site at INDEX for the first time.<\/p>\n<p style=\"text-align: justify;\">\u201cThis innovative way of offering INDEX participants the opportunity to hear expert speakers; deliver key learnings on the challenges within their nonwoven sector of choice; is intended to add even more value to their experience in visiting; what can already be announced as the largest ever nonwovens exhibition in the world. We hope that the compact format of the sector seminars will help attendees combine these with their busy schedule of business meetings and stand visits\u201d, said Pierre Wiertz, General Manager of EDANA.<\/p>\n","protected":false},"excerpt":{"rendered":"<p>Half-day seminars to cover relevant megatrends, and how nonwovens help meet these challenges.\u00a0EDANA, the leading global association serving the nonwovens and related industries, announces\u00a0an innovative addition to INDEX, the global exhibition showcasing the nonwovens and related industries in Geneva from 4th\u00a0to 7th\u00a0April 2017. In 2017 EDANA and the PALEXPO teams are bringing a new experience [&hellip;]<\/p>\n","protected":false},"author":2,"featured_media":19299,"comment_status":"open","ping_status":"closed","sticky":false,"template":"","format":"standard","meta":{"footnotes":""},"categories":[9866],"tags":[816,1433,7840],"class_list":{"0":"post-16799","1":"post","2":"type-post","3":"status-publish","4":"format-standard","5":"has-post-thumbnail","7":"category-technical-textiles","8":"tag-edana","9":"tag-filtrex","10":"tag-index-2017"},"yoast_head":"<!-- This site is optimized with the Yoast SEO Premium plugin v27.3 (Yoast SEO v27.3) - https:\/\/yoast.com\/product\/yoast-seo-premium-wordpress\/ -->\n<title>INDEX 17 Offers Big Picture Vision For Nonwovens - Textilegence<\/title>\n<meta name=\"description\" content=\"EDANA, the leading global association serving the nonwovens and related industries, announces\u00a0an innovative addition to INDEX, the global exhibition showcasing the nonwovens and related industries in Geneva from 4th\u00a0to 7th\u00a0April 2017.\" \/>\n<meta name=\"robots\" content=\"index, follow, max-snippet:-1, max-image-preview:large, max-video-preview:-1\" \/>\n<link rel=\"canonical\" href=\"https:\/\/www.textilegence.com\/en\/index-17-offers-big-picture-vision-for-nonwovens\/\" \/>\n<meta property=\"og:locale\" content=\"en_US\" \/>\n<meta property=\"og:type\" content=\"article\" \/>\n<meta property=\"og:title\" content=\"INDEX 17 Offers Big Picture Vision For Nonwovens\" \/>\n<meta property=\"og:description\" content=\"Half-day seminars to cover relevant megatrends, and how nonwovens help meet these challenges.\u00a0EDANA, the leading global association serving the nonwovens\" \/>\n<meta property=\"og:url\" content=\"https:\/\/www.textilegence.com\/en\/index-17-offers-big-picture-vision-for-nonwovens\/\" \/>\n<meta property=\"og:site_name\" content=\"Textilegence Magazine and Digital Platform\" \/>\n<meta property=\"article:publisher\" content=\"https:\/\/www.facebook.com\/TextilegenceMagazine\" \/>\n<meta property=\"article:author\" content=\"https:\/\/www.facebook.com\/TextilegenceMagazine\" \/>\n<meta property=\"article:published_time\" content=\"2017-01-27T14:29:41+00:00\" \/>\n<meta property=\"article:modified_time\" content=\"2018-02-08T07:50:13+00:00\" \/>\n<meta property=\"og:image\" content=\"https:\/\/www.textilegence.com\/wp-content\/uploads\/2017\/01\/INDEX-17-Textilegence.jpg\" \/>\n\t<meta property=\"og:image:width\" content=\"742\" \/>\n\t<meta property=\"og:image:height\" content=\"486\" \/>\n\t<meta property=\"og:image:type\" content=\"image\/jpeg\" \/>\n<meta name=\"author\" content=\"Engin Buz\" \/>\n<meta name=\"twitter:card\" content=\"summary_large_image\" \/>\n<meta name=\"twitter:creator\" content=\"@https:\/\/twitter.com\/textilegence\" \/>\n<meta name=\"twitter:site\" content=\"@textilegence\" \/>\n<meta name=\"twitter:label1\" content=\"Written by\" \/>\n\t<meta name=\"twitter:data1\" content=\"Engin Buz\" \/>\n\t<meta name=\"twitter:label2\" content=\"Est. reading time\" \/>\n\t<meta name=\"twitter:data2\" content=\"2 minutes\" \/>\n<script type=\"application\/ld+json\" class=\"yoast-schema-graph\">{\"@context\":\"https:\\\/\\\/schema.org\",\"@graph\":[{\"@type\":\"NewsArticle\",\"@id\":\"https:\\\/\\\/www.textilegence.com\\\/en\\\/index-17-offers-big-picture-vision-for-nonwovens\\\/#article\",\"isPartOf\":{\"@id\":\"https:\\\/\\\/www.textilegence.com\\\/en\\\/index-17-offers-big-picture-vision-for-nonwovens\\\/\"},\"author\":{\"name\":\"Engin Buz\",\"@id\":\"https:\\\/\\\/www.textilegence.com\\\/en\\\/#\\\/schema\\\/person\\\/46ccc7bfc34edbc7d46b6b189f88849f\"},\"headline\":\"INDEX 17 Offers Big Picture Vision For Nonwovens\",\"datePublished\":\"2017-01-27T14:29:41+00:00\",\"dateModified\":\"2018-02-08T07:50:13+00:00\",\"mainEntityOfPage\":{\"@id\":\"https:\\\/\\\/www.textilegence.com\\\/en\\\/index-17-offers-big-picture-vision-for-nonwovens\\\/\"},\"wordCount\":344,\"commentCount\":0,\"publisher\":{\"@id\":\"https:\\\/\\\/www.textilegence.com\\\/en\\\/#organization\"},\"image\":{\"@id\":\"https:\\\/\\\/www.textilegence.com\\\/en\\\/index-17-offers-big-picture-vision-for-nonwovens\\\/#primaryimage\"},\"thumbnailUrl\":\"https:\\\/\\\/www.textilegence.com\\\/wp-content\\\/uploads\\\/2017\\\/01\\\/INDEX-17-Textilegence.jpg\",\"keywords\":[\"EDANA\",\"FILTREX\",\"INDEX 2017\"],\"articleSection\":[\"Technical Textiles\"],\"inLanguage\":\"en-US\",\"potentialAction\":[{\"@type\":\"CommentAction\",\"name\":\"Comment\",\"target\":[\"https:\\\/\\\/www.textilegence.com\\\/en\\\/index-17-offers-big-picture-vision-for-nonwovens\\\/#respond\"]}]},{\"@type\":\"WebPage\",\"@id\":\"https:\\\/\\\/www.textilegence.com\\\/en\\\/index-17-offers-big-picture-vision-for-nonwovens\\\/\",\"url\":\"https:\\\/\\\/www.textilegence.com\\\/en\\\/index-17-offers-big-picture-vision-for-nonwovens\\\/\",\"name\":\"INDEX 17 Offers Big Picture Vision For Nonwovens - Textilegence\",\"isPartOf\":{\"@id\":\"https:\\\/\\\/www.textilegence.com\\\/en\\\/#website\"},\"primaryImageOfPage\":{\"@id\":\"https:\\\/\\\/www.textilegence.com\\\/en\\\/index-17-offers-big-picture-vision-for-nonwovens\\\/#primaryimage\"},\"image\":{\"@id\":\"https:\\\/\\\/www.textilegence.com\\\/en\\\/index-17-offers-big-picture-vision-for-nonwovens\\\/#primaryimage\"},\"thumbnailUrl\":\"https:\\\/\\\/www.textilegence.com\\\/wp-content\\\/uploads\\\/2017\\\/01\\\/INDEX-17-Textilegence.jpg\",\"datePublished\":\"2017-01-27T14:29:41+00:00\",\"dateModified\":\"2018-02-08T07:50:13+00:00\",\"description\":\"EDANA, the leading global association serving the nonwovens and related industries, announces\u00a0an innovative addition to INDEX, the global exhibition showcasing the nonwovens and related industries in Geneva from 4th\u00a0to 7th\u00a0April 2017.\",\"breadcrumb\":{\"@id\":\"https:\\\/\\\/www.textilegence.com\\\/en\\\/index-17-offers-big-picture-vision-for-nonwovens\\\/#breadcrumb\"},\"inLanguage\":\"en-US\",\"potentialAction\":[{\"@type\":\"ReadAction\",\"target\":[\"https:\\\/\\\/www.textilegence.com\\\/en\\\/index-17-offers-big-picture-vision-for-nonwovens\\\/\"]}]},{\"@type\":\"ImageObject\",\"inLanguage\":\"en-US\",\"@id\":\"https:\\\/\\\/www.textilegence.com\\\/en\\\/index-17-offers-big-picture-vision-for-nonwovens\\\/#primaryimage\",\"url\":\"https:\\\/\\\/www.textilegence.com\\\/wp-content\\\/uploads\\\/2017\\\/01\\\/INDEX-17-Textilegence.jpg\",\"contentUrl\":\"https:\\\/\\\/www.textilegence.com\\\/wp-content\\\/uploads\\\/2017\\\/01\\\/INDEX-17-Textilegence.jpg\",\"width\":742,\"height\":486,\"caption\":\"INDEX 17 Offers Big Picture Vision For Nonwovens\"},{\"@type\":\"BreadcrumbList\",\"@id\":\"https:\\\/\\\/www.textilegence.com\\\/en\\\/index-17-offers-big-picture-vision-for-nonwovens\\\/#breadcrumb\",\"itemListElement\":[{\"@type\":\"ListItem\",\"position\":1,\"name\":\"Home Page\",\"item\":\"https:\\\/\\\/www.textilegence.com\\\/en\\\/homepage-the-rimont\\\/\"},{\"@type\":\"ListItem\",\"position\":2,\"name\":\"Technical Textiles\",\"item\":\"https:\\\/\\\/www.textilegence.com\\\/en\\\/category\\\/technical-textiles\\\/\"},{\"@type\":\"ListItem\",\"position\":3,\"name\":\"INDEX 17 Offers Big Picture Vision For Nonwovens\"}]},{\"@type\":\"WebSite\",\"@id\":\"https:\\\/\\\/www.textilegence.com\\\/en\\\/#website\",\"url\":\"https:\\\/\\\/www.textilegence.com\\\/en\\\/\",\"name\":\"Textilegence Magazine and Digital Platform\",\"description\":\"Textile News Center\",\"publisher\":{\"@id\":\"https:\\\/\\\/www.textilegence.com\\\/en\\\/#organization\"},\"potentialAction\":[{\"@type\":\"SearchAction\",\"target\":{\"@type\":\"EntryPoint\",\"urlTemplate\":\"https:\\\/\\\/www.textilegence.com\\\/en\\\/?s={search_term_string}\"},\"query-input\":{\"@type\":\"PropertyValueSpecification\",\"valueRequired\":true,\"valueName\":\"search_term_string\"}}],\"inLanguage\":\"en-US\"},{\"@type\":\"Organization\",\"@id\":\"https:\\\/\\\/www.textilegence.com\\\/en\\\/#organization\",\"name\":\"Textilegence Magazine and Digital Platform\",\"url\":\"https:\\\/\\\/www.textilegence.com\\\/en\\\/\",\"logo\":{\"@type\":\"ImageObject\",\"inLanguage\":\"en-US\",\"@id\":\"https:\\\/\\\/www.textilegence.com\\\/en\\\/#\\\/schema\\\/logo\\\/image\\\/\",\"url\":\"https:\\\/\\\/www.textilegence.com\\\/wp-content\\\/uploads\\\/2016\\\/11\\\/New_Retina_Logo_Textilegence.png\",\"contentUrl\":\"https:\\\/\\\/www.textilegence.com\\\/wp-content\\\/uploads\\\/2016\\\/11\\\/New_Retina_Logo_Textilegence.png\",\"width\":544,\"height\":180,\"caption\":\"Textilegence Magazine and Digital Platform\"},\"image\":{\"@id\":\"https:\\\/\\\/www.textilegence.com\\\/en\\\/#\\\/schema\\\/logo\\\/image\\\/\"},\"sameAs\":[\"https:\\\/\\\/www.facebook.com\\\/TextilegenceMagazine\",\"https:\\\/\\\/x.com\\\/textilegence\",\"https:\\\/\\\/www.instagram.com\\\/textilegence\\\/\",\"https:\\\/\\\/www.linkedin.com\\\/groups\\\/Textilegence-Magazine-Digital-Platform-4897253\",\"https:\\\/\\\/www.youtube.com\\\/user\\\/textilegence\"],\"description\":\"Textilegence is a magazine and digital platform established in 2013. It focuses on the textile industry and sub-segments. The platform provides news, articles, and updates on various aspects of the textile industry, including sustainability, technological advancements, and market trends.\",\"email\":\"editor@textilegence.com\",\"telephone\":\"+90 212 442 24 12\",\"legalName\":\"Textilegence Mag and Digital Platform\",\"foundingDate\":\"2013-01-01\",\"numberOfEmployees\":{\"@type\":\"QuantitativeValue\",\"minValue\":\"1\",\"maxValue\":\"10\"}},{\"@type\":\"Person\",\"@id\":\"https:\\\/\\\/www.textilegence.com\\\/en\\\/#\\\/schema\\\/person\\\/46ccc7bfc34edbc7d46b6b189f88849f\",\"name\":\"Engin Buz\",\"image\":{\"@type\":\"ImageObject\",\"inLanguage\":\"en-US\",\"@id\":\"https:\\\/\\\/www.textilegence.com\\\/wp-content\\\/uploads\\\/2018\\\/12\\\/engin-buz.jpg\",\"url\":\"https:\\\/\\\/www.textilegence.com\\\/wp-content\\\/uploads\\\/2018\\\/12\\\/engin-buz.jpg\",\"contentUrl\":\"https:\\\/\\\/www.textilegence.com\\\/wp-content\\\/uploads\\\/2018\\\/12\\\/engin-buz.jpg\",\"caption\":\"Engin Buz\"},\"description\":\"Engin Buz, Ankara \u00dcniversitesi \u0130leti\u015fim Fak\u00fcltesi Gazetecilik B\u00f6l\u00fcm\u00fc\u2019nden mezun olduktan sonra Y\u0131ld\u0131z Teknik \u00dcniversitesi\u2019nde Siyaset Bilimi ve Uluslararas\u0131 \u0130li\u015fkiler alan\u0131nda y\u00fcksek lisans\u0131n\u0131 tamamlam\u0131\u015ft\u0131r. 2000 y\u0131l\u0131ndan sonra \u00e7e\u015fitli yay\u0131nc\u0131l\u0131k \u015firketlerinde \u00e7al\u0131\u015fmaya ba\u015flayarak k\u00fclt\u00fcr-sanat ve daha sonra ekonomi haberleri haz\u0131rlam\u0131\u015ft\u0131r. 2009 y\u0131l\u0131ndan itibaren tekstil end\u00fcstrisine d\u00f6n\u00fck yay\u0131nlarda edit\u00f6r olarak g\u00f6rev alan Buz, 2013 itibariyle kurulan Textilegence\u2019de haber edit\u00f6r\u00fc olarak yer almaya ba\u015flam\u0131\u015ft\u0131r. Engin Buz halen ba\u015fta tekstil ve dijital bask\u0131 end\u00fcstrileri olmak \u00fczere ekonomi haberleri haz\u0131rlamaktad\u0131r.\",\"sameAs\":[\"https:\\\/\\\/www.textilegence.com\",\"https:\\\/\\\/www.facebook.com\\\/TextilegenceMagazine\",\"https:\\\/\\\/www.instagram.com\\\/textilegence\\\/\",\"https:\\\/\\\/www.linkedin.com\\\/in\\\/engin-buz-6190799a\\\/\",\"https:\\\/\\\/x.com\\\/https:\\\/\\\/twitter.com\\\/textilegence\"],\"url\":\"https:\\\/\\\/www.textilegence.com\\\/en\\\/author\\\/engin-buz\\\/\"}]}<\/script>\n<!-- \/ Yoast SEO Premium plugin. -->","yoast_head_json":{"title":"INDEX 17 Offers Big Picture Vision For Nonwovens - Textilegence","description":"EDANA, the leading global association serving the nonwovens and related industries, announces\u00a0an innovative addition to INDEX, the global exhibition showcasing the nonwovens and related industries in Geneva from 4th\u00a0to 7th\u00a0April 2017.","robots":{"index":"index","follow":"follow","max-snippet":"max-snippet:-1","max-image-preview":"max-image-preview:large","max-video-preview":"max-video-preview:-1"},"canonical":"https:\/\/www.textilegence.com\/en\/index-17-offers-big-picture-vision-for-nonwovens\/","og_locale":"en_US","og_type":"article","og_title":"INDEX 17 Offers Big Picture Vision For Nonwovens","og_description":"Half-day seminars to cover relevant megatrends, and how nonwovens help meet these challenges.\u00a0EDANA, the leading global association serving the nonwovens","og_url":"https:\/\/www.textilegence.com\/en\/index-17-offers-big-picture-vision-for-nonwovens\/","og_site_name":"Textilegence Magazine and Digital Platform","article_publisher":"https:\/\/www.facebook.com\/TextilegenceMagazine","article_author":"https:\/\/www.facebook.com\/TextilegenceMagazine","article_published_time":"2017-01-27T14:29:41+00:00","article_modified_time":"2018-02-08T07:50:13+00:00","og_image":[{"width":742,"height":486,"url":"https:\/\/www.textilegence.com\/wp-content\/uploads\/2017\/01\/INDEX-17-Textilegence.jpg","type":"image\/jpeg"}],"author":"Engin Buz","twitter_card":"summary_large_image","twitter_creator":"@https:\/\/twitter.com\/textilegence","twitter_site":"@textilegence","twitter_misc":{"Written by":"Engin Buz","Est. reading time":"2 minutes"},"schema":{"@context":"https:\/\/schema.org","@graph":[{"@type":"NewsArticle","@id":"https:\/\/www.textilegence.com\/en\/index-17-offers-big-picture-vision-for-nonwovens\/#article","isPartOf":{"@id":"https:\/\/www.textilegence.com\/en\/index-17-offers-big-picture-vision-for-nonwovens\/"},"author":{"name":"Engin Buz","@id":"https:\/\/www.textilegence.com\/en\/#\/schema\/person\/46ccc7bfc34edbc7d46b6b189f88849f"},"headline":"INDEX 17 Offers Big Picture Vision For Nonwovens","datePublished":"2017-01-27T14:29:41+00:00","dateModified":"2018-02-08T07:50:13+00:00","mainEntityOfPage":{"@id":"https:\/\/www.textilegence.com\/en\/index-17-offers-big-picture-vision-for-nonwovens\/"},"wordCount":344,"commentCount":0,"publisher":{"@id":"https:\/\/www.textilegence.com\/en\/#organization"},"image":{"@id":"https:\/\/www.textilegence.com\/en\/index-17-offers-big-picture-vision-for-nonwovens\/#primaryimage"},"thumbnailUrl":"https:\/\/www.textilegence.com\/wp-content\/uploads\/2017\/01\/INDEX-17-Textilegence.jpg","keywords":["EDANA","FILTREX","INDEX 2017"],"articleSection":["Technical Textiles"],"inLanguage":"en-US","potentialAction":[{"@type":"CommentAction","name":"Comment","target":["https:\/\/www.textilegence.com\/en\/index-17-offers-big-picture-vision-for-nonwovens\/#respond"]}]},{"@type":"WebPage","@id":"https:\/\/www.textilegence.com\/en\/index-17-offers-big-picture-vision-for-nonwovens\/","url":"https:\/\/www.textilegence.com\/en\/index-17-offers-big-picture-vision-for-nonwovens\/","name":"INDEX 17 Offers Big Picture Vision For Nonwovens - Textilegence","isPartOf":{"@id":"https:\/\/www.textilegence.com\/en\/#website"},"primaryImageOfPage":{"@id":"https:\/\/www.textilegence.com\/en\/index-17-offers-big-picture-vision-for-nonwovens\/#primaryimage"},"image":{"@id":"https:\/\/www.textilegence.com\/en\/index-17-offers-big-picture-vision-for-nonwovens\/#primaryimage"},"thumbnailUrl":"https:\/\/www.textilegence.com\/wp-content\/uploads\/2017\/01\/INDEX-17-Textilegence.jpg","datePublished":"2017-01-27T14:29:41+00:00","dateModified":"2018-02-08T07:50:13+00:00","description":"EDANA, the leading global association serving the nonwovens and related industries, announces\u00a0an innovative addition to INDEX, the global exhibition showcasing the nonwovens and related industries in Geneva from 4th\u00a0to 7th\u00a0April 2017.","breadcrumb":{"@id":"https:\/\/www.textilegence.com\/en\/index-17-offers-big-picture-vision-for-nonwovens\/#breadcrumb"},"inLanguage":"en-US","potentialAction":[{"@type":"ReadAction","target":["https:\/\/www.textilegence.com\/en\/index-17-offers-big-picture-vision-for-nonwovens\/"]}]},{"@type":"ImageObject","inLanguage":"en-US","@id":"https:\/\/www.textilegence.com\/en\/index-17-offers-big-picture-vision-for-nonwovens\/#primaryimage","url":"https:\/\/www.textilegence.com\/wp-content\/uploads\/2017\/01\/INDEX-17-Textilegence.jpg","contentUrl":"https:\/\/www.textilegence.com\/wp-content\/uploads\/2017\/01\/INDEX-17-Textilegence.jpg","width":742,"height":486,"caption":"INDEX 17 Offers Big Picture Vision For Nonwovens"},{"@type":"BreadcrumbList","@id":"https:\/\/www.textilegence.com\/en\/index-17-offers-big-picture-vision-for-nonwovens\/#breadcrumb","itemListElement":[{"@type":"ListItem","position":1,"name":"Home Page","item":"https:\/\/www.textilegence.com\/en\/homepage-the-rimont\/"},{"@type":"ListItem","position":2,"name":"Technical Textiles","item":"https:\/\/www.textilegence.com\/en\/category\/technical-textiles\/"},{"@type":"ListItem","position":3,"name":"INDEX 17 Offers Big Picture Vision For Nonwovens"}]},{"@type":"WebSite","@id":"https:\/\/www.textilegence.com\/en\/#website","url":"https:\/\/www.textilegence.com\/en\/","name":"Textilegence Magazine and Digital Platform","description":"Textile News Center","publisher":{"@id":"https:\/\/www.textilegence.com\/en\/#organization"},"potentialAction":[{"@type":"SearchAction","target":{"@type":"EntryPoint","urlTemplate":"https:\/\/www.textilegence.com\/en\/?s={search_term_string}"},"query-input":{"@type":"PropertyValueSpecification","valueRequired":true,"valueName":"search_term_string"}}],"inLanguage":"en-US"},{"@type":"Organization","@id":"https:\/\/www.textilegence.com\/en\/#organization","name":"Textilegence Magazine and Digital Platform","url":"https:\/\/www.textilegence.com\/en\/","logo":{"@type":"ImageObject","inLanguage":"en-US","@id":"https:\/\/www.textilegence.com\/en\/#\/schema\/logo\/image\/","url":"https:\/\/www.textilegence.com\/wp-content\/uploads\/2016\/11\/New_Retina_Logo_Textilegence.png","contentUrl":"https:\/\/www.textilegence.com\/wp-content\/uploads\/2016\/11\/New_Retina_Logo_Textilegence.png","width":544,"height":180,"caption":"Textilegence Magazine and Digital Platform"},"image":{"@id":"https:\/\/www.textilegence.com\/en\/#\/schema\/logo\/image\/"},"sameAs":["https:\/\/www.facebook.com\/TextilegenceMagazine","https:\/\/x.com\/textilegence","https:\/\/www.instagram.com\/textilegence\/","https:\/\/www.linkedin.com\/groups\/Textilegence-Magazine-Digital-Platform-4897253","https:\/\/www.youtube.com\/user\/textilegence"],"description":"Textilegence is a magazine and digital platform established in 2013. It focuses on the textile industry and sub-segments. The platform provides news, articles, and updates on various aspects of the textile industry, including sustainability, technological advancements, and market trends.","email":"editor@textilegence.com","telephone":"+90 212 442 24 12","legalName":"Textilegence Mag and Digital Platform","foundingDate":"2013-01-01","numberOfEmployees":{"@type":"QuantitativeValue","minValue":"1","maxValue":"10"}},{"@type":"Person","@id":"https:\/\/www.textilegence.com\/en\/#\/schema\/person\/46ccc7bfc34edbc7d46b6b189f88849f","name":"Engin Buz","image":{"@type":"ImageObject","inLanguage":"en-US","@id":"https:\/\/www.textilegence.com\/wp-content\/uploads\/2018\/12\/engin-buz.jpg","url":"https:\/\/www.textilegence.com\/wp-content\/uploads\/2018\/12\/engin-buz.jpg","contentUrl":"https:\/\/www.textilegence.com\/wp-content\/uploads\/2018\/12\/engin-buz.jpg","caption":"Engin Buz"},"description":"Engin Buz, Ankara \u00dcniversitesi \u0130leti\u015fim Fak\u00fcltesi Gazetecilik B\u00f6l\u00fcm\u00fc\u2019nden mezun olduktan sonra Y\u0131ld\u0131z Teknik \u00dcniversitesi\u2019nde Siyaset Bilimi ve Uluslararas\u0131 \u0130li\u015fkiler alan\u0131nda y\u00fcksek lisans\u0131n\u0131 tamamlam\u0131\u015ft\u0131r. 2000 y\u0131l\u0131ndan sonra \u00e7e\u015fitli yay\u0131nc\u0131l\u0131k \u015firketlerinde \u00e7al\u0131\u015fmaya ba\u015flayarak k\u00fclt\u00fcr-sanat ve daha sonra ekonomi haberleri haz\u0131rlam\u0131\u015ft\u0131r. 2009 y\u0131l\u0131ndan itibaren tekstil end\u00fcstrisine d\u00f6n\u00fck yay\u0131nlarda edit\u00f6r olarak g\u00f6rev alan Buz, 2013 itibariyle kurulan Textilegence\u2019de haber edit\u00f6r\u00fc olarak yer almaya ba\u015flam\u0131\u015ft\u0131r. Engin Buz halen ba\u015fta tekstil ve dijital bask\u0131 end\u00fcstrileri olmak \u00fczere ekonomi haberleri haz\u0131rlamaktad\u0131r.","sameAs":["https:\/\/www.textilegence.com","https:\/\/www.facebook.com\/TextilegenceMagazine","https:\/\/www.instagram.com\/textilegence\/","https:\/\/www.linkedin.com\/in\/engin-buz-6190799a\/","https:\/\/x.com\/https:\/\/twitter.com\/textilegence"],"url":"https:\/\/www.textilegence.com\/en\/author\/engin-buz\/"}]}},"_links":{"self":[{"href":"https:\/\/www.textilegence.com\/en\/wp-json\/wp\/v2\/posts\/16799","targetHints":{"allow":["GET"]}}],"collection":[{"href":"https:\/\/www.textilegence.com\/en\/wp-json\/wp\/v2\/posts"}],"about":[{"href":"https:\/\/www.textilegence.com\/en\/wp-json\/wp\/v2\/types\/post"}],"author":[{"embeddable":true,"href":"https:\/\/www.textilegence.com\/en\/wp-json\/wp\/v2\/users\/2"}],"replies":[{"embeddable":true,"href":"https:\/\/www.textilegence.com\/en\/wp-json\/wp\/v2\/comments?post=16799"}],"version-history":[{"count":0,"href":"https:\/\/www.textilegence.com\/en\/wp-json\/wp\/v2\/posts\/16799\/revisions"}],"wp:featuredmedia":[{"embeddable":true,"href":"https:\/\/www.textilegence.com\/en\/wp-json\/wp\/v2\/media\/19299"}],"wp:attachment":[{"href":"https:\/\/www.textilegence.com\/en\/wp-json\/wp\/v2\/media?parent=16799"}],"wp:term":[{"taxonomy":"category","embeddable":true,"href":"https:\/\/www.textilegence.com\/en\/wp-json\/wp\/v2\/categories?post=16799"},{"taxonomy":"post_tag","embeddable":true,"href":"https:\/\/www.textilegence.com\/en\/wp-json\/wp\/v2\/tags?post=16799"}],"curies":[{"name":"wp","href":"https:\/\/api.w.org\/{rel}","templated":true}]}}