{"id":16805,"date":"2017-01-31T09:59:38","date_gmt":"2017-01-31T06:59:38","guid":{"rendered":"http:\/\/localhost\/textilegence\/domestic-machinery-usage-in-textile-sector-is-aimed-to-be-increased\/"},"modified":"2018-02-06T16:38:46","modified_gmt":"2018-02-06T13:38:46","slug":"domestic-machinery-usage-in-textile-sector-is-aimed-to-be-increased","status":"publish","type":"post","link":"https:\/\/www.textilegence.com\/en\/domestic-machinery-usage-in-textile-sector-is-aimed-to-be-increased\/","title":{"rendered":"Domestic Machinery Usage in Textile Sector Is Aimed To Be Increased"},"content":{"rendered":"<figure id=\"attachment_19302\" aria-describedby=\"caption-attachment-19302\" style=\"width: 382px\" class=\"wp-caption alignleft\"><img loading=\"lazy\" decoding=\"async\" class=\"wp-image-19302 size-medium\" src=\"https:\/\/www.textilegence.com\/wp-content\/uploads\/2017\/01\/Yerli-Makine-Textilegence-382x250.jpg\" alt=\"Domestic Machinery Usage in Textile Sector Is Aimed To Be Increased\" width=\"382\" height=\"250\" srcset=\"https:\/\/www.textilegence.com\/wp-content\/uploads\/2017\/01\/Yerli-Makine-Textilegence-382x250.jpg 382w, https:\/\/www.textilegence.com\/wp-content\/uploads\/2017\/01\/Yerli-Makine-Textilegence-534x350.jpg 534w, https:\/\/www.textilegence.com\/wp-content\/uploads\/2017\/01\/Yerli-Makine-Textilegence-696x456.jpg 696w, https:\/\/www.textilegence.com\/wp-content\/uploads\/2017\/01\/Yerli-Makine-Textilegence-741x486.jpg 741w, https:\/\/www.textilegence.com\/wp-content\/uploads\/2017\/01\/Yerli-Makine-Textilegence-641x420.jpg 641w, https:\/\/www.textilegence.com\/wp-content\/uploads\/2017\/01\/Yerli-Makine-Textilegence.jpg 742w\" sizes=\"auto, (max-width: 382px) 100vw, 382px\" \/><figcaption id=\"caption-attachment-19302\" class=\"wp-caption-text\">Domestic Machinery Usage in Textile Sector Is Aimed To Be Increased<\/figcaption><\/figure>\n<p style=\"text-align: justify;\">Covering 80% of its machinery need from importation, in Turkish textile and garment sector, a new venture is started in order to increase domestic machinery usage.<\/p>\n<p style=\"text-align: justify;\">A joint enterprise has begun in order to raise domestic machinery usage in Turkish textile and garment <a href=\"https:\/\/www.textilegence.com\/en\/category\/topical\/textile-associations\/\" target=\"_blank\" rel=\"noopener\">industry<\/a>. Fashion and Apparel Federation (<a href=\"http:\/\/mhgf.org.tr\/\">MHGF<\/a>) and Textile Machinery and Accessory Industrialists\u2019 Organisation (<a href=\"http:\/\/temsad.com\/\">TEMSAD<\/a>) signed a protocol in order to support country\u2019s economy by decreasing the foreign-source dependency in machinery and technology segments. Signed by MHGF President H\u00fcseyin \u00d6zt\u00fcrk and TEMSAD President Adil Nalbant, this cooperation focuses on the subjects of mutual opening of explicit innovation and sectoral knowledge and background, increasing the efficiency with Industry 4.0 inflection and prospective production of domestic machinery and accessories.<\/p>\n<p style=\"text-align: justify;\">Stating that Turkey performed 142 billion dolars of exportation, President of MHGF H\u00fcseyin \u00d6zt\u00fcrk stressed that approximately 25 billion dolars of this came from textile and garment sector. Saying; \u201cWe preserve our consciousness of being a sector that moves with its equities\u201d \u00d6zt\u00fcrk continued his words thusly; \u201cIn 2014, the machinery importation of such an important sector in manufacturing, exportation and employment is 2.2 billion dolars, and around 1.3 billion dolars in 2015. I think that the machinery importation will become around 1 billion dolar. With the cooperation we made with TEMSAD, we aim to draw attention to the fact that textile and garment industry as well as other manufacturing sectors should fulfill their machinery needs from domestic manufacturers and extinguish our dependence to importation along with supporting domestic machinery production.\u201d<\/p>\n<p style=\"text-align: justify;\">Expressing that thanks to explicit innovation, they would create a platform where both sectors come together and understand eachother\u2019s demand more clearly and faster, H\u00fcseyin \u00d6zt\u00fcrk added to his words that they especially aimed to start the transition process to Industry 4.0.<\/p>\n<h5 style=\"text-align: justify;\"><strong>Foreign-Source Dependency for Machinery In The Sector is 80%<\/strong><\/h5>\n<p style=\"text-align: justify;\">Reminding that the industrial revolution in the world began with textile machinery; TEMSAD President Adil Nalbant defended firstly; steps should be taken quickly about manufacturing of the textile machineries that local textilers need. \u201cIn a textile country where 80% of the sector\u2019s machinery need met from outsource; cooperations and correct planning are very important. Our local machinery manufacturers have the capacity and competence to produce the imported machines. In order to have a say in a sector; it is a must to be able to produce that sector\u2019s technologies and machines locally. Also, there are some delayed investments for two years in textile sector. These are going to happen and the brightest sector of the next 5 years will be textile\u201d Nalbant stated.<\/p>\n<p style=\"text-align: justify;\">Saying that their aim is to reduce Turkey\u2019s foreign-source dependency for machinery; Nalbant expressed that Turkish Machinery Federation (MAKFED); whose founding member is TEMSAD also has plans in this direction.<\/p>\n<p style=\"text-align: justify;\">It is foreseen; that the goal will be reached by making observation trips to firms from various branches that are determined by MHGF; collecting sector\u2019s demands and in this direction, coming up with a solution with TEMSAD.<\/p>\n","protected":false},"excerpt":{"rendered":"<p>Covering 80% of its machinery need from importation, in Turkish textile and garment sector, a new venture is started in order to increase domestic machinery usage. A joint enterprise has begun in order to raise domestic machinery usage in Turkish textile and garment industry. Fashion and Apparel Federation (MHGF) and Textile Machinery and Accessory Industrialists\u2019 [&hellip;]<\/p>\n","protected":false},"author":2,"featured_media":19302,"comment_status":"open","ping_status":"closed","sticky":false,"template":"","format":"standard","meta":{"footnotes":""},"categories":[9859],"tags":[],"class_list":{"0":"post-16805","1":"post","2":"type-post","3":"status-publish","4":"format-standard","5":"has-post-thumbnail","7":"category-topical"},"yoast_head":"<!-- This site is optimized with the Yoast SEO Premium plugin v27.3 (Yoast SEO v27.3) - https:\/\/yoast.com\/product\/yoast-seo-premium-wordpress\/ -->\n<title>Domestic Machinery Usage Is Aimed To Be Increased - Textilegence<\/title>\n<meta name=\"description\" content=\"Covering 80% of its machinery need from importation, in Turkish textile and garment sector, a new venture is started in order to increase domestic machinery usage. A joint enterprise has begun in order to raise domestic machinery usage in Turkish textile and garment industry. Fashion and Apparel Federation (MHGF)...\" \/>\n<meta name=\"robots\" content=\"index, follow, max-snippet:-1, max-image-preview:large, max-video-preview:-1\" \/>\n<link rel=\"canonical\" href=\"https:\/\/www.textilegence.com\/en\/domestic-machinery-usage-in-textile-sector-is-aimed-to-be-increased\/\" \/>\n<meta property=\"og:locale\" content=\"en_US\" \/>\n<meta property=\"og:type\" content=\"article\" \/>\n<meta property=\"og:title\" content=\"Domestic Machinery Usage in Textile Sector Is Aimed To Be Increased\" \/>\n<meta property=\"og:description\" content=\"Covering 80% of its machinery need from importation, in Turkish textile and garment sector, a new venture is started in order to increase domestic\" \/>\n<meta property=\"og:url\" content=\"https:\/\/www.textilegence.com\/en\/domestic-machinery-usage-in-textile-sector-is-aimed-to-be-increased\/\" \/>\n<meta property=\"og:site_name\" content=\"Textilegence Magazine and Digital Platform\" \/>\n<meta property=\"article:publisher\" content=\"https:\/\/www.facebook.com\/TextilegenceMagazine\" \/>\n<meta property=\"article:author\" content=\"https:\/\/www.facebook.com\/TextilegenceMagazine\" \/>\n<meta property=\"article:published_time\" content=\"2017-01-31T06:59:38+00:00\" \/>\n<meta property=\"article:modified_time\" content=\"2018-02-06T13:38:46+00:00\" \/>\n<meta property=\"og:image\" content=\"https:\/\/www.textilegence.com\/wp-content\/uploads\/2017\/01\/Yerli-Makine-Textilegence.jpg\" \/>\n\t<meta property=\"og:image:width\" content=\"742\" \/>\n\t<meta property=\"og:image:height\" content=\"486\" \/>\n\t<meta property=\"og:image:type\" content=\"image\/jpeg\" \/>\n<meta name=\"author\" content=\"Engin Buz\" \/>\n<meta name=\"twitter:card\" content=\"summary_large_image\" \/>\n<meta name=\"twitter:creator\" content=\"@https:\/\/twitter.com\/textilegence\" \/>\n<meta name=\"twitter:site\" content=\"@textilegence\" \/>\n<meta name=\"twitter:label1\" content=\"Written by\" \/>\n\t<meta name=\"twitter:data1\" content=\"Engin Buz\" \/>\n\t<meta name=\"twitter:label2\" content=\"Est. reading time\" \/>\n\t<meta name=\"twitter:data2\" content=\"3 minutes\" \/>\n<script type=\"application\/ld+json\" class=\"yoast-schema-graph\">{\"@context\":\"https:\\\/\\\/schema.org\",\"@graph\":[{\"@type\":\"NewsArticle\",\"@id\":\"https:\\\/\\\/www.textilegence.com\\\/en\\\/domestic-machinery-usage-in-textile-sector-is-aimed-to-be-increased\\\/#article\",\"isPartOf\":{\"@id\":\"https:\\\/\\\/www.textilegence.com\\\/en\\\/domestic-machinery-usage-in-textile-sector-is-aimed-to-be-increased\\\/\"},\"author\":{\"name\":\"Engin Buz\",\"@id\":\"https:\\\/\\\/www.textilegence.com\\\/en\\\/#\\\/schema\\\/person\\\/46ccc7bfc34edbc7d46b6b189f88849f\"},\"headline\":\"Domestic Machinery Usage in Textile Sector Is Aimed To Be Increased\",\"datePublished\":\"2017-01-31T06:59:38+00:00\",\"dateModified\":\"2018-02-06T13:38:46+00:00\",\"mainEntityOfPage\":{\"@id\":\"https:\\\/\\\/www.textilegence.com\\\/en\\\/domestic-machinery-usage-in-textile-sector-is-aimed-to-be-increased\\\/\"},\"wordCount\":520,\"commentCount\":0,\"publisher\":{\"@id\":\"https:\\\/\\\/www.textilegence.com\\\/en\\\/#organization\"},\"image\":{\"@id\":\"https:\\\/\\\/www.textilegence.com\\\/en\\\/domestic-machinery-usage-in-textile-sector-is-aimed-to-be-increased\\\/#primaryimage\"},\"thumbnailUrl\":\"https:\\\/\\\/www.textilegence.com\\\/wp-content\\\/uploads\\\/2017\\\/01\\\/Yerli-Makine-Textilegence.jpg\",\"articleSection\":[\"Topical\"],\"inLanguage\":\"en-US\",\"potentialAction\":[{\"@type\":\"CommentAction\",\"name\":\"Comment\",\"target\":[\"https:\\\/\\\/www.textilegence.com\\\/en\\\/domestic-machinery-usage-in-textile-sector-is-aimed-to-be-increased\\\/#respond\"]}]},{\"@type\":\"WebPage\",\"@id\":\"https:\\\/\\\/www.textilegence.com\\\/en\\\/domestic-machinery-usage-in-textile-sector-is-aimed-to-be-increased\\\/\",\"url\":\"https:\\\/\\\/www.textilegence.com\\\/en\\\/domestic-machinery-usage-in-textile-sector-is-aimed-to-be-increased\\\/\",\"name\":\"Domestic Machinery Usage Is Aimed To Be Increased - Textilegence\",\"isPartOf\":{\"@id\":\"https:\\\/\\\/www.textilegence.com\\\/en\\\/#website\"},\"primaryImageOfPage\":{\"@id\":\"https:\\\/\\\/www.textilegence.com\\\/en\\\/domestic-machinery-usage-in-textile-sector-is-aimed-to-be-increased\\\/#primaryimage\"},\"image\":{\"@id\":\"https:\\\/\\\/www.textilegence.com\\\/en\\\/domestic-machinery-usage-in-textile-sector-is-aimed-to-be-increased\\\/#primaryimage\"},\"thumbnailUrl\":\"https:\\\/\\\/www.textilegence.com\\\/wp-content\\\/uploads\\\/2017\\\/01\\\/Yerli-Makine-Textilegence.jpg\",\"datePublished\":\"2017-01-31T06:59:38+00:00\",\"dateModified\":\"2018-02-06T13:38:46+00:00\",\"description\":\"Covering 80% of its machinery need from importation, in Turkish textile and garment sector, a new venture is started in order to increase domestic machinery usage. A joint enterprise has begun in order to raise domestic machinery usage in Turkish textile and garment industry. Fashion and Apparel Federation (MHGF)...\",\"breadcrumb\":{\"@id\":\"https:\\\/\\\/www.textilegence.com\\\/en\\\/domestic-machinery-usage-in-textile-sector-is-aimed-to-be-increased\\\/#breadcrumb\"},\"inLanguage\":\"en-US\",\"potentialAction\":[{\"@type\":\"ReadAction\",\"target\":[\"https:\\\/\\\/www.textilegence.com\\\/en\\\/domestic-machinery-usage-in-textile-sector-is-aimed-to-be-increased\\\/\"]}]},{\"@type\":\"ImageObject\",\"inLanguage\":\"en-US\",\"@id\":\"https:\\\/\\\/www.textilegence.com\\\/en\\\/domestic-machinery-usage-in-textile-sector-is-aimed-to-be-increased\\\/#primaryimage\",\"url\":\"https:\\\/\\\/www.textilegence.com\\\/wp-content\\\/uploads\\\/2017\\\/01\\\/Yerli-Makine-Textilegence.jpg\",\"contentUrl\":\"https:\\\/\\\/www.textilegence.com\\\/wp-content\\\/uploads\\\/2017\\\/01\\\/Yerli-Makine-Textilegence.jpg\",\"width\":742,\"height\":486,\"caption\":\"Domestic Machinery Usage in Textile Sector Is Aimed To Be Increased\"},{\"@type\":\"BreadcrumbList\",\"@id\":\"https:\\\/\\\/www.textilegence.com\\\/en\\\/domestic-machinery-usage-in-textile-sector-is-aimed-to-be-increased\\\/#breadcrumb\",\"itemListElement\":[{\"@type\":\"ListItem\",\"position\":1,\"name\":\"Home Page\",\"item\":\"https:\\\/\\\/www.textilegence.com\\\/en\\\/homepage-the-rimont\\\/\"},{\"@type\":\"ListItem\",\"position\":2,\"name\":\"Topical\",\"item\":\"https:\\\/\\\/www.textilegence.com\\\/en\\\/category\\\/topical\\\/\"},{\"@type\":\"ListItem\",\"position\":3,\"name\":\"Domestic Machinery Usage in Textile Sector Is Aimed To Be Increased\"}]},{\"@type\":\"WebSite\",\"@id\":\"https:\\\/\\\/www.textilegence.com\\\/en\\\/#website\",\"url\":\"https:\\\/\\\/www.textilegence.com\\\/en\\\/\",\"name\":\"Textilegence Magazine and Digital Platform\",\"description\":\"Textile News Center\",\"publisher\":{\"@id\":\"https:\\\/\\\/www.textilegence.com\\\/en\\\/#organization\"},\"potentialAction\":[{\"@type\":\"SearchAction\",\"target\":{\"@type\":\"EntryPoint\",\"urlTemplate\":\"https:\\\/\\\/www.textilegence.com\\\/en\\\/?s={search_term_string}\"},\"query-input\":{\"@type\":\"PropertyValueSpecification\",\"valueRequired\":true,\"valueName\":\"search_term_string\"}}],\"inLanguage\":\"en-US\"},{\"@type\":\"Organization\",\"@id\":\"https:\\\/\\\/www.textilegence.com\\\/en\\\/#organization\",\"name\":\"Textilegence Magazine and Digital Platform\",\"url\":\"https:\\\/\\\/www.textilegence.com\\\/en\\\/\",\"logo\":{\"@type\":\"ImageObject\",\"inLanguage\":\"en-US\",\"@id\":\"https:\\\/\\\/www.textilegence.com\\\/en\\\/#\\\/schema\\\/logo\\\/image\\\/\",\"url\":\"https:\\\/\\\/www.textilegence.com\\\/wp-content\\\/uploads\\\/2016\\\/11\\\/New_Retina_Logo_Textilegence.png\",\"contentUrl\":\"https:\\\/\\\/www.textilegence.com\\\/wp-content\\\/uploads\\\/2016\\\/11\\\/New_Retina_Logo_Textilegence.png\",\"width\":544,\"height\":180,\"caption\":\"Textilegence Magazine and Digital Platform\"},\"image\":{\"@id\":\"https:\\\/\\\/www.textilegence.com\\\/en\\\/#\\\/schema\\\/logo\\\/image\\\/\"},\"sameAs\":[\"https:\\\/\\\/www.facebook.com\\\/TextilegenceMagazine\",\"https:\\\/\\\/x.com\\\/textilegence\",\"https:\\\/\\\/www.instagram.com\\\/textilegence\\\/\",\"https:\\\/\\\/www.linkedin.com\\\/groups\\\/Textilegence-Magazine-Digital-Platform-4897253\",\"https:\\\/\\\/www.youtube.com\\\/user\\\/textilegence\"],\"description\":\"Textilegence is a magazine and digital platform established in 2013. It focuses on the textile industry and sub-segments. The platform provides news, articles, and updates on various aspects of the textile industry, including sustainability, technological advancements, and market trends.\",\"email\":\"editor@textilegence.com\",\"telephone\":\"+90 212 442 24 12\",\"legalName\":\"Textilegence Mag and Digital Platform\",\"foundingDate\":\"2013-01-01\",\"numberOfEmployees\":{\"@type\":\"QuantitativeValue\",\"minValue\":\"1\",\"maxValue\":\"10\"}},{\"@type\":\"Person\",\"@id\":\"https:\\\/\\\/www.textilegence.com\\\/en\\\/#\\\/schema\\\/person\\\/46ccc7bfc34edbc7d46b6b189f88849f\",\"name\":\"Engin Buz\",\"image\":{\"@type\":\"ImageObject\",\"inLanguage\":\"en-US\",\"@id\":\"https:\\\/\\\/www.textilegence.com\\\/wp-content\\\/uploads\\\/2018\\\/12\\\/engin-buz.jpg\",\"url\":\"https:\\\/\\\/www.textilegence.com\\\/wp-content\\\/uploads\\\/2018\\\/12\\\/engin-buz.jpg\",\"contentUrl\":\"https:\\\/\\\/www.textilegence.com\\\/wp-content\\\/uploads\\\/2018\\\/12\\\/engin-buz.jpg\",\"caption\":\"Engin Buz\"},\"description\":\"Engin Buz, Ankara \u00dcniversitesi \u0130leti\u015fim Fak\u00fcltesi Gazetecilik B\u00f6l\u00fcm\u00fc\u2019nden mezun olduktan sonra Y\u0131ld\u0131z Teknik \u00dcniversitesi\u2019nde Siyaset Bilimi ve Uluslararas\u0131 \u0130li\u015fkiler alan\u0131nda y\u00fcksek lisans\u0131n\u0131 tamamlam\u0131\u015ft\u0131r. 2000 y\u0131l\u0131ndan sonra \u00e7e\u015fitli yay\u0131nc\u0131l\u0131k \u015firketlerinde \u00e7al\u0131\u015fmaya ba\u015flayarak k\u00fclt\u00fcr-sanat ve daha sonra ekonomi haberleri haz\u0131rlam\u0131\u015ft\u0131r. 2009 y\u0131l\u0131ndan itibaren tekstil end\u00fcstrisine d\u00f6n\u00fck yay\u0131nlarda edit\u00f6r olarak g\u00f6rev alan Buz, 2013 itibariyle kurulan Textilegence\u2019de haber edit\u00f6r\u00fc olarak yer almaya ba\u015flam\u0131\u015ft\u0131r. Engin Buz halen ba\u015fta tekstil ve dijital bask\u0131 end\u00fcstrileri olmak \u00fczere ekonomi haberleri haz\u0131rlamaktad\u0131r.\",\"sameAs\":[\"https:\\\/\\\/www.textilegence.com\",\"https:\\\/\\\/www.facebook.com\\\/TextilegenceMagazine\",\"https:\\\/\\\/www.instagram.com\\\/textilegence\\\/\",\"https:\\\/\\\/www.linkedin.com\\\/in\\\/engin-buz-6190799a\\\/\",\"https:\\\/\\\/x.com\\\/https:\\\/\\\/twitter.com\\\/textilegence\"],\"url\":\"https:\\\/\\\/www.textilegence.com\\\/en\\\/author\\\/engin-buz\\\/\"}]}<\/script>\n<!-- \/ Yoast SEO Premium plugin. -->","yoast_head_json":{"title":"Domestic Machinery Usage Is Aimed To Be Increased - Textilegence","description":"Covering 80% of its machinery need from importation, in Turkish textile and garment sector, a new venture is started in order to increase domestic machinery usage. A joint enterprise has begun in order to raise domestic machinery usage in Turkish textile and garment industry. Fashion and Apparel Federation (MHGF)...","robots":{"index":"index","follow":"follow","max-snippet":"max-snippet:-1","max-image-preview":"max-image-preview:large","max-video-preview":"max-video-preview:-1"},"canonical":"https:\/\/www.textilegence.com\/en\/domestic-machinery-usage-in-textile-sector-is-aimed-to-be-increased\/","og_locale":"en_US","og_type":"article","og_title":"Domestic Machinery Usage in Textile Sector Is Aimed To Be Increased","og_description":"Covering 80% of its machinery need from importation, in Turkish textile and garment sector, a new venture is started in order to increase domestic","og_url":"https:\/\/www.textilegence.com\/en\/domestic-machinery-usage-in-textile-sector-is-aimed-to-be-increased\/","og_site_name":"Textilegence Magazine and Digital Platform","article_publisher":"https:\/\/www.facebook.com\/TextilegenceMagazine","article_author":"https:\/\/www.facebook.com\/TextilegenceMagazine","article_published_time":"2017-01-31T06:59:38+00:00","article_modified_time":"2018-02-06T13:38:46+00:00","og_image":[{"width":742,"height":486,"url":"https:\/\/www.textilegence.com\/wp-content\/uploads\/2017\/01\/Yerli-Makine-Textilegence.jpg","type":"image\/jpeg"}],"author":"Engin Buz","twitter_card":"summary_large_image","twitter_creator":"@https:\/\/twitter.com\/textilegence","twitter_site":"@textilegence","twitter_misc":{"Written by":"Engin Buz","Est. reading time":"3 minutes"},"schema":{"@context":"https:\/\/schema.org","@graph":[{"@type":"NewsArticle","@id":"https:\/\/www.textilegence.com\/en\/domestic-machinery-usage-in-textile-sector-is-aimed-to-be-increased\/#article","isPartOf":{"@id":"https:\/\/www.textilegence.com\/en\/domestic-machinery-usage-in-textile-sector-is-aimed-to-be-increased\/"},"author":{"name":"Engin Buz","@id":"https:\/\/www.textilegence.com\/en\/#\/schema\/person\/46ccc7bfc34edbc7d46b6b189f88849f"},"headline":"Domestic Machinery Usage in Textile Sector Is Aimed To Be Increased","datePublished":"2017-01-31T06:59:38+00:00","dateModified":"2018-02-06T13:38:46+00:00","mainEntityOfPage":{"@id":"https:\/\/www.textilegence.com\/en\/domestic-machinery-usage-in-textile-sector-is-aimed-to-be-increased\/"},"wordCount":520,"commentCount":0,"publisher":{"@id":"https:\/\/www.textilegence.com\/en\/#organization"},"image":{"@id":"https:\/\/www.textilegence.com\/en\/domestic-machinery-usage-in-textile-sector-is-aimed-to-be-increased\/#primaryimage"},"thumbnailUrl":"https:\/\/www.textilegence.com\/wp-content\/uploads\/2017\/01\/Yerli-Makine-Textilegence.jpg","articleSection":["Topical"],"inLanguage":"en-US","potentialAction":[{"@type":"CommentAction","name":"Comment","target":["https:\/\/www.textilegence.com\/en\/domestic-machinery-usage-in-textile-sector-is-aimed-to-be-increased\/#respond"]}]},{"@type":"WebPage","@id":"https:\/\/www.textilegence.com\/en\/domestic-machinery-usage-in-textile-sector-is-aimed-to-be-increased\/","url":"https:\/\/www.textilegence.com\/en\/domestic-machinery-usage-in-textile-sector-is-aimed-to-be-increased\/","name":"Domestic Machinery Usage Is Aimed To Be Increased - Textilegence","isPartOf":{"@id":"https:\/\/www.textilegence.com\/en\/#website"},"primaryImageOfPage":{"@id":"https:\/\/www.textilegence.com\/en\/domestic-machinery-usage-in-textile-sector-is-aimed-to-be-increased\/#primaryimage"},"image":{"@id":"https:\/\/www.textilegence.com\/en\/domestic-machinery-usage-in-textile-sector-is-aimed-to-be-increased\/#primaryimage"},"thumbnailUrl":"https:\/\/www.textilegence.com\/wp-content\/uploads\/2017\/01\/Yerli-Makine-Textilegence.jpg","datePublished":"2017-01-31T06:59:38+00:00","dateModified":"2018-02-06T13:38:46+00:00","description":"Covering 80% of its machinery need from importation, in Turkish textile and garment sector, a new venture is started in order to increase domestic machinery usage. A joint enterprise has begun in order to raise domestic machinery usage in Turkish textile and garment industry. Fashion and Apparel Federation (MHGF)...","breadcrumb":{"@id":"https:\/\/www.textilegence.com\/en\/domestic-machinery-usage-in-textile-sector-is-aimed-to-be-increased\/#breadcrumb"},"inLanguage":"en-US","potentialAction":[{"@type":"ReadAction","target":["https:\/\/www.textilegence.com\/en\/domestic-machinery-usage-in-textile-sector-is-aimed-to-be-increased\/"]}]},{"@type":"ImageObject","inLanguage":"en-US","@id":"https:\/\/www.textilegence.com\/en\/domestic-machinery-usage-in-textile-sector-is-aimed-to-be-increased\/#primaryimage","url":"https:\/\/www.textilegence.com\/wp-content\/uploads\/2017\/01\/Yerli-Makine-Textilegence.jpg","contentUrl":"https:\/\/www.textilegence.com\/wp-content\/uploads\/2017\/01\/Yerli-Makine-Textilegence.jpg","width":742,"height":486,"caption":"Domestic Machinery Usage in Textile Sector Is Aimed To Be Increased"},{"@type":"BreadcrumbList","@id":"https:\/\/www.textilegence.com\/en\/domestic-machinery-usage-in-textile-sector-is-aimed-to-be-increased\/#breadcrumb","itemListElement":[{"@type":"ListItem","position":1,"name":"Home Page","item":"https:\/\/www.textilegence.com\/en\/homepage-the-rimont\/"},{"@type":"ListItem","position":2,"name":"Topical","item":"https:\/\/www.textilegence.com\/en\/category\/topical\/"},{"@type":"ListItem","position":3,"name":"Domestic Machinery Usage in Textile Sector Is Aimed To Be Increased"}]},{"@type":"WebSite","@id":"https:\/\/www.textilegence.com\/en\/#website","url":"https:\/\/www.textilegence.com\/en\/","name":"Textilegence Magazine and Digital Platform","description":"Textile News Center","publisher":{"@id":"https:\/\/www.textilegence.com\/en\/#organization"},"potentialAction":[{"@type":"SearchAction","target":{"@type":"EntryPoint","urlTemplate":"https:\/\/www.textilegence.com\/en\/?s={search_term_string}"},"query-input":{"@type":"PropertyValueSpecification","valueRequired":true,"valueName":"search_term_string"}}],"inLanguage":"en-US"},{"@type":"Organization","@id":"https:\/\/www.textilegence.com\/en\/#organization","name":"Textilegence Magazine and Digital Platform","url":"https:\/\/www.textilegence.com\/en\/","logo":{"@type":"ImageObject","inLanguage":"en-US","@id":"https:\/\/www.textilegence.com\/en\/#\/schema\/logo\/image\/","url":"https:\/\/www.textilegence.com\/wp-content\/uploads\/2016\/11\/New_Retina_Logo_Textilegence.png","contentUrl":"https:\/\/www.textilegence.com\/wp-content\/uploads\/2016\/11\/New_Retina_Logo_Textilegence.png","width":544,"height":180,"caption":"Textilegence Magazine and Digital Platform"},"image":{"@id":"https:\/\/www.textilegence.com\/en\/#\/schema\/logo\/image\/"},"sameAs":["https:\/\/www.facebook.com\/TextilegenceMagazine","https:\/\/x.com\/textilegence","https:\/\/www.instagram.com\/textilegence\/","https:\/\/www.linkedin.com\/groups\/Textilegence-Magazine-Digital-Platform-4897253","https:\/\/www.youtube.com\/user\/textilegence"],"description":"Textilegence is a magazine and digital platform established in 2013. It focuses on the textile industry and sub-segments. The platform provides news, articles, and updates on various aspects of the textile industry, including sustainability, technological advancements, and market trends.","email":"editor@textilegence.com","telephone":"+90 212 442 24 12","legalName":"Textilegence Mag and Digital Platform","foundingDate":"2013-01-01","numberOfEmployees":{"@type":"QuantitativeValue","minValue":"1","maxValue":"10"}},{"@type":"Person","@id":"https:\/\/www.textilegence.com\/en\/#\/schema\/person\/46ccc7bfc34edbc7d46b6b189f88849f","name":"Engin Buz","image":{"@type":"ImageObject","inLanguage":"en-US","@id":"https:\/\/www.textilegence.com\/wp-content\/uploads\/2018\/12\/engin-buz.jpg","url":"https:\/\/www.textilegence.com\/wp-content\/uploads\/2018\/12\/engin-buz.jpg","contentUrl":"https:\/\/www.textilegence.com\/wp-content\/uploads\/2018\/12\/engin-buz.jpg","caption":"Engin Buz"},"description":"Engin Buz, Ankara \u00dcniversitesi \u0130leti\u015fim Fak\u00fcltesi Gazetecilik B\u00f6l\u00fcm\u00fc\u2019nden mezun olduktan sonra Y\u0131ld\u0131z Teknik \u00dcniversitesi\u2019nde Siyaset Bilimi ve Uluslararas\u0131 \u0130li\u015fkiler alan\u0131nda y\u00fcksek lisans\u0131n\u0131 tamamlam\u0131\u015ft\u0131r. 2000 y\u0131l\u0131ndan sonra \u00e7e\u015fitli yay\u0131nc\u0131l\u0131k \u015firketlerinde \u00e7al\u0131\u015fmaya ba\u015flayarak k\u00fclt\u00fcr-sanat ve daha sonra ekonomi haberleri haz\u0131rlam\u0131\u015ft\u0131r. 2009 y\u0131l\u0131ndan itibaren tekstil end\u00fcstrisine d\u00f6n\u00fck yay\u0131nlarda edit\u00f6r olarak g\u00f6rev alan Buz, 2013 itibariyle kurulan Textilegence\u2019de haber edit\u00f6r\u00fc olarak yer almaya ba\u015flam\u0131\u015ft\u0131r. Engin Buz halen ba\u015fta tekstil ve dijital bask\u0131 end\u00fcstrileri olmak \u00fczere ekonomi haberleri haz\u0131rlamaktad\u0131r.","sameAs":["https:\/\/www.textilegence.com","https:\/\/www.facebook.com\/TextilegenceMagazine","https:\/\/www.instagram.com\/textilegence\/","https:\/\/www.linkedin.com\/in\/engin-buz-6190799a\/","https:\/\/x.com\/https:\/\/twitter.com\/textilegence"],"url":"https:\/\/www.textilegence.com\/en\/author\/engin-buz\/"}]}},"_links":{"self":[{"href":"https:\/\/www.textilegence.com\/en\/wp-json\/wp\/v2\/posts\/16805","targetHints":{"allow":["GET"]}}],"collection":[{"href":"https:\/\/www.textilegence.com\/en\/wp-json\/wp\/v2\/posts"}],"about":[{"href":"https:\/\/www.textilegence.com\/en\/wp-json\/wp\/v2\/types\/post"}],"author":[{"embeddable":true,"href":"https:\/\/www.textilegence.com\/en\/wp-json\/wp\/v2\/users\/2"}],"replies":[{"embeddable":true,"href":"https:\/\/www.textilegence.com\/en\/wp-json\/wp\/v2\/comments?post=16805"}],"version-history":[{"count":0,"href":"https:\/\/www.textilegence.com\/en\/wp-json\/wp\/v2\/posts\/16805\/revisions"}],"wp:featuredmedia":[{"embeddable":true,"href":"https:\/\/www.textilegence.com\/en\/wp-json\/wp\/v2\/media\/19302"}],"wp:attachment":[{"href":"https:\/\/www.textilegence.com\/en\/wp-json\/wp\/v2\/media?parent=16805"}],"wp:term":[{"taxonomy":"category","embeddable":true,"href":"https:\/\/www.textilegence.com\/en\/wp-json\/wp\/v2\/categories?post=16805"},{"taxonomy":"post_tag","embeddable":true,"href":"https:\/\/www.textilegence.com\/en\/wp-json\/wp\/v2\/tags?post=16805"}],"curies":[{"name":"wp","href":"https:\/\/api.w.org\/{rel}","templated":true}]}}