{"id":16851,"date":"2017-02-16T12:19:58","date_gmt":"2017-02-16T09:19:58","guid":{"rendered":"http:\/\/localhost\/textilegence\/hassan-group-will-introduce-green-concept-at-index-17\/"},"modified":"2018-01-30T14:19:44","modified_gmt":"2018-01-30T11:19:44","slug":"hassan-group-will-introduce-green-concept-at-index-17","status":"publish","type":"post","link":"https:\/\/www.textilegence.com\/en\/hassan-group-will-introduce-green-concept-at-index-17\/","title":{"rendered":"HASSAN Group Will Introduce \u2018Green\u2019 Concept at INDEX 17"},"content":{"rendered":"<figure id=\"attachment_19333\" aria-describedby=\"caption-attachment-19333\" style=\"width: 382px\" class=\"wp-caption alignleft\"><img loading=\"lazy\" decoding=\"async\" class=\"wp-image-19333 size-medium\" src=\"https:\/\/www.textilegence.com\/wp-content\/uploads\/2017\/02\/HASSAN-Group-Textilegence-382x250.jpg\" alt=\"HASSAN Group Will Introduce \u2018Green\u2019 Concept at INDEX 17\" width=\"382\" height=\"250\" srcset=\"https:\/\/www.textilegence.com\/wp-content\/uploads\/2017\/02\/HASSAN-Group-Textilegence-382x250.jpg 382w, https:\/\/www.textilegence.com\/wp-content\/uploads\/2017\/02\/HASSAN-Group-Textilegence-534x350.jpg 534w, https:\/\/www.textilegence.com\/wp-content\/uploads\/2017\/02\/HASSAN-Group-Textilegence-696x456.jpg 696w, https:\/\/www.textilegence.com\/wp-content\/uploads\/2017\/02\/HASSAN-Group-Textilegence-741x486.jpg 741w, https:\/\/www.textilegence.com\/wp-content\/uploads\/2017\/02\/HASSAN-Group-Textilegence-641x420.jpg 641w, https:\/\/www.textilegence.com\/wp-content\/uploads\/2017\/02\/HASSAN-Group-Textilegence.jpg 742w\" sizes=\"auto, (max-width: 382px) 100vw, 382px\" \/><figcaption id=\"caption-attachment-19333\" class=\"wp-caption-text\">HASSAN Group Will Introduce \u2018Green\u2019 Concept at INDEX 17<\/figcaption><\/figure>\n<p style=\"text-align: justify;\"><em><strong>Having a wide brand and product portfolio, HASSAN Group will attract attention with its sustainability-oriented solutions at INDEX 17.<\/strong><\/em><\/p>\n<p style=\"text-align: justify;\">Possessing a rooted history, HASSAN Group will highlight its <a href=\"http:\/\/www.hassangroup.com\/\" target=\"_blank\" rel=\"noopener\">leading power<\/a> in the sector at <a href=\"http:\/\/www.index17.org\/en\/\">INDEX 17<\/a>. Gathering TELAS\u0130S, PELSAN, TEKS\u0130S, MERKAS, HASSAN, HASPA\u015e, \u015e\u0130TEKS and CATS\u0130S brands under its roof performing works on <a href=\"https:\/\/www.textilegence.com\/en\/category\/technical-textiles\/nonvowens\/\" target=\"_blank\" rel=\"noopener\">nonwoven sector<\/a>, the group has an important place of sector\u2019s becoming industrialized. Producing nonwoven products especially for hygiene and medical industries and offers many solutions such as geotextiles, automotive, isolation, garment &amp; furniture, Group will share its sustainability oriented &amp; bio based solutions with the sector as well.<\/p>\n<p style=\"text-align: justify;\">Informing about their attendance to INDEX 17, Ali \u015ei\u015fman, Managing Director of Hygiene &amp; Medical of Hassan Group, emphasized that the key to permanence in the sector is \u201cinnovation\u201d. Saying that they keep going on making big investments on product development and R&amp;D in order to make a difference, \u015ei\u015fman expressed that their new product and solutions will take place at INDEX 17. Ali \u015ei\u015fman continued thusly; \u201cMainly the products we will present are directed to hygiene, medical, automotive and industrial sectors. Our fundamental difference separates us from the other firms. Our unique \u201csoft\u201d products will meet our visitors as usual.<\/p>\n<p style=\"text-align: justify;\">Apart from that, there will be our \u2018Green\u2019 concept that we will launch at INDEX for the first time. We have eco-friendly, bio-based new products enabling recycling that we will present with \u201cYou are Green with Hassan Group\u201d motto. We will be waiting all visitors that wish to meet Hassan Group\u2019s innovative products and cares for novelty and future at our booth.\u201d<\/p>\n<h5 style=\"text-align: justify;\"><strong>We Have Great Expectations from INDEX 17!<\/strong><\/h5>\n<p style=\"text-align: justify;\">Stating that they have high expectations from INDEX 17 for which they are prepared with seriousness, Ali \u015ei\u015fman listed their aims as; meeting the current customers, introducing new products, evaluating new trend inclinations closely at all hands and observing the reactions. Highlighting that their main goal is developing their customer portfolio, \u015ei\u015fman reminded that they already export to more than 60 countries in 5 continents, said; \u201cWith our wide product and service range, we certainly believe that there are still unexplored markets in the world.\u201d<\/p>\n<p style=\"text-align: justify;\">Expressing that global nonwoven sector\u2019s key players are coming together once every three years at INDEX fair, Ali \u015ei\u015fman recorded that the fair is an important meeting platform that provides great advantages for presenting innovations to the sector. \u015ei\u015fman continued thusly; \u201cThe fact that 2014 edition of the fair gathered approximately 12,500 visitors from a hundred different countries was a great success. INDEX is a fair that contributes visitors and attendees with its sectoral seminars organized with EDANA\u2019s cooperation. Aside from this support, it also allows for creating new trading connections, exploring new markets and having new experiences.\u201d<\/p>\n<h5 style=\"text-align: justify;\"><strong>HASSAN Will Reflect Its Corporate Identity at the Booth<\/strong><\/h5>\n<p style=\"text-align: justify;\">Giving information about their booth at INDEX 17, Ali \u015ei\u015fman explained that they will reflect the design and color identified with HASSAN Group at their booth, this year as well. \u015ei\u015fman stated; \u201cAs HASSAN Group we believe the luck and power of the colors; we generally have a design-oriented, minimalist, modern and elegant concept that we apply at all fairs we attend to. At INDEX 17 Fair, we will have a dynamic concept; where we bring black\u2019s nobility, red\u2019s appeal and white\u2019s purity together with wooden\u2019s warmth. Since we consider every fair that we take place as an exhibitor an investment to the brand &amp; our group without discriminating it as big or small, we always approach to the construction with the same sensibility.\u201d<\/p>\n<h5 style=\"text-align: justify;\"><strong>Sectoral Growth Continued in 2016 <\/strong><\/h5>\n<p style=\"text-align: justify;\">Explaining that HASSAN Group had a successful year for exportation in 2016; Ali \u015ei\u015fman said that they achieved a parallel growth with nonwoven production in the world. Saying that they closed 2016 with a volumetrical growth higher than sectoral average compared to 2015; \u015ei\u015fman stated that this is a very important success in the sector where a very high competition occurs. Expressing that HASSAN Group is one of the biggest nonwoven manufacturers with its production volume; Ali \u015ei\u015fman made these statements about 2017;<\/p>\n<p style=\"text-align: justify;\">\u201cWe will keep on working increasing our tempo in 2017, in this direction; our biggest expectation is to present new added value products to the sector. There will be new investments aiming for increasing our capacity in this year. As HASSAN Group, we believe that success is no coincidence. That\u2019s why, we will keep on working with our 8 different facilities, sectoral knowledge saving and our belief to R&amp;D. We aim to increase not only our but also our country\u2019s global competition power; with the works oriented to be the pioneer in the sector instead of being a follower. \u201d<\/p>\n","protected":false},"excerpt":{"rendered":"<p>Having a wide brand and product portfolio, HASSAN Group will attract attention with its sustainability-oriented solutions at INDEX 17. Possessing a rooted history, HASSAN Group will highlight its leading power in the sector at INDEX 17. Gathering TELAS\u0130S, PELSAN, TEKS\u0130S, MERKAS, HASSAN, HASPA\u015e, \u015e\u0130TEKS and CATS\u0130S brands under its roof performing works on nonwoven sector, [&hellip;]<\/p>\n","protected":false},"author":2,"featured_media":19333,"comment_status":"open","ping_status":"closed","sticky":false,"template":"","format":"standard","meta":{"footnotes":""},"categories":[9866],"tags":[8142,7840,113,10412],"class_list":{"0":"post-16851","1":"post","2":"type-post","3":"status-publish","4":"format-standard","5":"has-post-thumbnail","7":"category-technical-textiles","8":"tag-hassan-group","9":"tag-index-2017","10":"tag-nonwoven","11":"tag-nonwovens"},"yoast_head":"<!-- This site is optimized with the Yoast SEO Premium plugin v27.3 (Yoast SEO v27.3) - https:\/\/yoast.com\/product\/yoast-seo-premium-wordpress\/ -->\n<title>HASSAN Group Will Introduce \u2018Green\u2019 Concept at INDEX 17 - Textilegence<\/title>\n<meta name=\"description\" content=\"Possessing a rooted history, HASSAN Group will highlight its leading power in the sector at INDEX 17. Gathering TELAS\u0130S, PELSAN, TEKS\u0130S, MERKAS, HASSAN, HASPA\u015e, \u015e\u0130TEKS and CATS\u0130S brands under its roof performing works on nonwoven sector, the group has an important place of sector\u2019s becoming industrialized.\" \/>\n<meta name=\"robots\" content=\"index, follow, max-snippet:-1, max-image-preview:large, max-video-preview:-1\" \/>\n<link rel=\"canonical\" href=\"https:\/\/www.textilegence.com\/en\/hassan-group-will-introduce-green-concept-at-index-17\/\" \/>\n<meta property=\"og:locale\" content=\"en_US\" \/>\n<meta property=\"og:type\" content=\"article\" \/>\n<meta property=\"og:title\" content=\"HASSAN Group Will Introduce \u2018Green\u2019 Concept at INDEX 17\" \/>\n<meta property=\"og:description\" content=\"Having a wide brand and product portfolio, HASSAN Group will attract attention with its sustainability-oriented solutions at INDEX 17. Possessing a rooted\" \/>\n<meta property=\"og:url\" content=\"https:\/\/www.textilegence.com\/en\/hassan-group-will-introduce-green-concept-at-index-17\/\" \/>\n<meta property=\"og:site_name\" content=\"Textilegence Magazine and Digital Platform\" \/>\n<meta property=\"article:publisher\" content=\"https:\/\/www.facebook.com\/TextilegenceMagazine\" \/>\n<meta property=\"article:author\" content=\"https:\/\/www.facebook.com\/TextilegenceMagazine\" \/>\n<meta property=\"article:published_time\" content=\"2017-02-16T09:19:58+00:00\" \/>\n<meta property=\"article:modified_time\" content=\"2018-01-30T11:19:44+00:00\" \/>\n<meta property=\"og:image\" content=\"https:\/\/www.textilegence.com\/wp-content\/uploads\/2017\/02\/HASSAN-Group-Textilegence.jpg\" \/>\n\t<meta property=\"og:image:width\" content=\"742\" \/>\n\t<meta property=\"og:image:height\" content=\"486\" \/>\n\t<meta property=\"og:image:type\" content=\"image\/jpeg\" \/>\n<meta name=\"author\" content=\"Engin Buz\" \/>\n<meta name=\"twitter:card\" content=\"summary_large_image\" \/>\n<meta name=\"twitter:creator\" content=\"@https:\/\/twitter.com\/textilegence\" \/>\n<meta name=\"twitter:site\" content=\"@textilegence\" \/>\n<meta name=\"twitter:label1\" content=\"Written by\" \/>\n\t<meta name=\"twitter:data1\" content=\"Engin Buz\" \/>\n\t<meta name=\"twitter:label2\" content=\"Est. reading time\" \/>\n\t<meta name=\"twitter:data2\" content=\"4 minutes\" \/>\n<script type=\"application\/ld+json\" class=\"yoast-schema-graph\">{\"@context\":\"https:\\\/\\\/schema.org\",\"@graph\":[{\"@type\":\"NewsArticle\",\"@id\":\"https:\\\/\\\/www.textilegence.com\\\/en\\\/hassan-group-will-introduce-green-concept-at-index-17\\\/#article\",\"isPartOf\":{\"@id\":\"https:\\\/\\\/www.textilegence.com\\\/en\\\/hassan-group-will-introduce-green-concept-at-index-17\\\/\"},\"author\":{\"name\":\"Engin Buz\",\"@id\":\"https:\\\/\\\/www.textilegence.com\\\/en\\\/#\\\/schema\\\/person\\\/46ccc7bfc34edbc7d46b6b189f88849f\"},\"headline\":\"HASSAN Group Will Introduce \u2018Green\u2019 Concept at INDEX 17\",\"datePublished\":\"2017-02-16T09:19:58+00:00\",\"dateModified\":\"2018-01-30T11:19:44+00:00\",\"mainEntityOfPage\":{\"@id\":\"https:\\\/\\\/www.textilegence.com\\\/en\\\/hassan-group-will-introduce-green-concept-at-index-17\\\/\"},\"wordCount\":807,\"commentCount\":0,\"publisher\":{\"@id\":\"https:\\\/\\\/www.textilegence.com\\\/en\\\/#organization\"},\"image\":{\"@id\":\"https:\\\/\\\/www.textilegence.com\\\/en\\\/hassan-group-will-introduce-green-concept-at-index-17\\\/#primaryimage\"},\"thumbnailUrl\":\"https:\\\/\\\/www.textilegence.com\\\/wp-content\\\/uploads\\\/2017\\\/02\\\/HASSAN-Group-Textilegence.jpg\",\"keywords\":[\"hassan group\",\"INDEX 2017\",\"nonwoven\",\"nonwovens\"],\"articleSection\":[\"Technical Textiles\"],\"inLanguage\":\"en-US\",\"potentialAction\":[{\"@type\":\"CommentAction\",\"name\":\"Comment\",\"target\":[\"https:\\\/\\\/www.textilegence.com\\\/en\\\/hassan-group-will-introduce-green-concept-at-index-17\\\/#respond\"]}]},{\"@type\":\"WebPage\",\"@id\":\"https:\\\/\\\/www.textilegence.com\\\/en\\\/hassan-group-will-introduce-green-concept-at-index-17\\\/\",\"url\":\"https:\\\/\\\/www.textilegence.com\\\/en\\\/hassan-group-will-introduce-green-concept-at-index-17\\\/\",\"name\":\"HASSAN Group Will Introduce \u2018Green\u2019 Concept at INDEX 17 - Textilegence\",\"isPartOf\":{\"@id\":\"https:\\\/\\\/www.textilegence.com\\\/en\\\/#website\"},\"primaryImageOfPage\":{\"@id\":\"https:\\\/\\\/www.textilegence.com\\\/en\\\/hassan-group-will-introduce-green-concept-at-index-17\\\/#primaryimage\"},\"image\":{\"@id\":\"https:\\\/\\\/www.textilegence.com\\\/en\\\/hassan-group-will-introduce-green-concept-at-index-17\\\/#primaryimage\"},\"thumbnailUrl\":\"https:\\\/\\\/www.textilegence.com\\\/wp-content\\\/uploads\\\/2017\\\/02\\\/HASSAN-Group-Textilegence.jpg\",\"datePublished\":\"2017-02-16T09:19:58+00:00\",\"dateModified\":\"2018-01-30T11:19:44+00:00\",\"description\":\"Possessing a rooted history, HASSAN Group will highlight its leading power in the sector at INDEX 17. Gathering TELAS\u0130S, PELSAN, TEKS\u0130S, MERKAS, HASSAN, HASPA\u015e, \u015e\u0130TEKS and CATS\u0130S brands under its roof performing works on nonwoven sector, the group has an important place of sector\u2019s becoming industrialized.\",\"breadcrumb\":{\"@id\":\"https:\\\/\\\/www.textilegence.com\\\/en\\\/hassan-group-will-introduce-green-concept-at-index-17\\\/#breadcrumb\"},\"inLanguage\":\"en-US\",\"potentialAction\":[{\"@type\":\"ReadAction\",\"target\":[\"https:\\\/\\\/www.textilegence.com\\\/en\\\/hassan-group-will-introduce-green-concept-at-index-17\\\/\"]}]},{\"@type\":\"ImageObject\",\"inLanguage\":\"en-US\",\"@id\":\"https:\\\/\\\/www.textilegence.com\\\/en\\\/hassan-group-will-introduce-green-concept-at-index-17\\\/#primaryimage\",\"url\":\"https:\\\/\\\/www.textilegence.com\\\/wp-content\\\/uploads\\\/2017\\\/02\\\/HASSAN-Group-Textilegence.jpg\",\"contentUrl\":\"https:\\\/\\\/www.textilegence.com\\\/wp-content\\\/uploads\\\/2017\\\/02\\\/HASSAN-Group-Textilegence.jpg\",\"width\":742,\"height\":486,\"caption\":\"HASSAN Group Will Introduce \u2018Green\u2019 Concept at INDEX 17\"},{\"@type\":\"BreadcrumbList\",\"@id\":\"https:\\\/\\\/www.textilegence.com\\\/en\\\/hassan-group-will-introduce-green-concept-at-index-17\\\/#breadcrumb\",\"itemListElement\":[{\"@type\":\"ListItem\",\"position\":1,\"name\":\"Home Page\",\"item\":\"https:\\\/\\\/www.textilegence.com\\\/en\\\/homepage-the-rimont\\\/\"},{\"@type\":\"ListItem\",\"position\":2,\"name\":\"Technical Textiles\",\"item\":\"https:\\\/\\\/www.textilegence.com\\\/en\\\/category\\\/technical-textiles\\\/\"},{\"@type\":\"ListItem\",\"position\":3,\"name\":\"HASSAN Group Will Introduce \u2018Green\u2019 Concept at INDEX 17\"}]},{\"@type\":\"WebSite\",\"@id\":\"https:\\\/\\\/www.textilegence.com\\\/en\\\/#website\",\"url\":\"https:\\\/\\\/www.textilegence.com\\\/en\\\/\",\"name\":\"Textilegence Magazine and Digital Platform\",\"description\":\"Textile News Center\",\"publisher\":{\"@id\":\"https:\\\/\\\/www.textilegence.com\\\/en\\\/#organization\"},\"potentialAction\":[{\"@type\":\"SearchAction\",\"target\":{\"@type\":\"EntryPoint\",\"urlTemplate\":\"https:\\\/\\\/www.textilegence.com\\\/en\\\/?s={search_term_string}\"},\"query-input\":{\"@type\":\"PropertyValueSpecification\",\"valueRequired\":true,\"valueName\":\"search_term_string\"}}],\"inLanguage\":\"en-US\"},{\"@type\":\"Organization\",\"@id\":\"https:\\\/\\\/www.textilegence.com\\\/en\\\/#organization\",\"name\":\"Textilegence Magazine and Digital Platform\",\"url\":\"https:\\\/\\\/www.textilegence.com\\\/en\\\/\",\"logo\":{\"@type\":\"ImageObject\",\"inLanguage\":\"en-US\",\"@id\":\"https:\\\/\\\/www.textilegence.com\\\/en\\\/#\\\/schema\\\/logo\\\/image\\\/\",\"url\":\"https:\\\/\\\/www.textilegence.com\\\/wp-content\\\/uploads\\\/2016\\\/11\\\/New_Retina_Logo_Textilegence.png\",\"contentUrl\":\"https:\\\/\\\/www.textilegence.com\\\/wp-content\\\/uploads\\\/2016\\\/11\\\/New_Retina_Logo_Textilegence.png\",\"width\":544,\"height\":180,\"caption\":\"Textilegence Magazine and Digital Platform\"},\"image\":{\"@id\":\"https:\\\/\\\/www.textilegence.com\\\/en\\\/#\\\/schema\\\/logo\\\/image\\\/\"},\"sameAs\":[\"https:\\\/\\\/www.facebook.com\\\/TextilegenceMagazine\",\"https:\\\/\\\/x.com\\\/textilegence\",\"https:\\\/\\\/www.instagram.com\\\/textilegence\\\/\",\"https:\\\/\\\/www.linkedin.com\\\/groups\\\/Textilegence-Magazine-Digital-Platform-4897253\",\"https:\\\/\\\/www.youtube.com\\\/user\\\/textilegence\"],\"description\":\"Textilegence is a magazine and digital platform established in 2013. It focuses on the textile industry and sub-segments. The platform provides news, articles, and updates on various aspects of the textile industry, including sustainability, technological advancements, and market trends.\",\"email\":\"editor@textilegence.com\",\"telephone\":\"+90 212 442 24 12\",\"legalName\":\"Textilegence Mag and Digital Platform\",\"foundingDate\":\"2013-01-01\",\"numberOfEmployees\":{\"@type\":\"QuantitativeValue\",\"minValue\":\"1\",\"maxValue\":\"10\"}},{\"@type\":\"Person\",\"@id\":\"https:\\\/\\\/www.textilegence.com\\\/en\\\/#\\\/schema\\\/person\\\/46ccc7bfc34edbc7d46b6b189f88849f\",\"name\":\"Engin Buz\",\"image\":{\"@type\":\"ImageObject\",\"inLanguage\":\"en-US\",\"@id\":\"https:\\\/\\\/www.textilegence.com\\\/wp-content\\\/uploads\\\/2018\\\/12\\\/engin-buz.jpg\",\"url\":\"https:\\\/\\\/www.textilegence.com\\\/wp-content\\\/uploads\\\/2018\\\/12\\\/engin-buz.jpg\",\"contentUrl\":\"https:\\\/\\\/www.textilegence.com\\\/wp-content\\\/uploads\\\/2018\\\/12\\\/engin-buz.jpg\",\"caption\":\"Engin Buz\"},\"description\":\"Engin Buz, Ankara \u00dcniversitesi \u0130leti\u015fim Fak\u00fcltesi Gazetecilik B\u00f6l\u00fcm\u00fc\u2019nden mezun olduktan sonra Y\u0131ld\u0131z Teknik \u00dcniversitesi\u2019nde Siyaset Bilimi ve Uluslararas\u0131 \u0130li\u015fkiler alan\u0131nda y\u00fcksek lisans\u0131n\u0131 tamamlam\u0131\u015ft\u0131r. 2000 y\u0131l\u0131ndan sonra \u00e7e\u015fitli yay\u0131nc\u0131l\u0131k \u015firketlerinde \u00e7al\u0131\u015fmaya ba\u015flayarak k\u00fclt\u00fcr-sanat ve daha sonra ekonomi haberleri haz\u0131rlam\u0131\u015ft\u0131r. 2009 y\u0131l\u0131ndan itibaren tekstil end\u00fcstrisine d\u00f6n\u00fck yay\u0131nlarda edit\u00f6r olarak g\u00f6rev alan Buz, 2013 itibariyle kurulan Textilegence\u2019de haber edit\u00f6r\u00fc olarak yer almaya ba\u015flam\u0131\u015ft\u0131r. Engin Buz halen ba\u015fta tekstil ve dijital bask\u0131 end\u00fcstrileri olmak \u00fczere ekonomi haberleri haz\u0131rlamaktad\u0131r.\",\"sameAs\":[\"https:\\\/\\\/www.textilegence.com\",\"https:\\\/\\\/www.facebook.com\\\/TextilegenceMagazine\",\"https:\\\/\\\/www.instagram.com\\\/textilegence\\\/\",\"https:\\\/\\\/www.linkedin.com\\\/in\\\/engin-buz-6190799a\\\/\",\"https:\\\/\\\/x.com\\\/https:\\\/\\\/twitter.com\\\/textilegence\"],\"url\":\"https:\\\/\\\/www.textilegence.com\\\/en\\\/author\\\/engin-buz\\\/\"}]}<\/script>\n<!-- \/ Yoast SEO Premium plugin. -->","yoast_head_json":{"title":"HASSAN Group Will Introduce \u2018Green\u2019 Concept at INDEX 17 - Textilegence","description":"Possessing a rooted history, HASSAN Group will highlight its leading power in the sector at INDEX 17. Gathering TELAS\u0130S, PELSAN, TEKS\u0130S, MERKAS, HASSAN, HASPA\u015e, \u015e\u0130TEKS and CATS\u0130S brands under its roof performing works on nonwoven sector, the group has an important place of sector\u2019s becoming industrialized.","robots":{"index":"index","follow":"follow","max-snippet":"max-snippet:-1","max-image-preview":"max-image-preview:large","max-video-preview":"max-video-preview:-1"},"canonical":"https:\/\/www.textilegence.com\/en\/hassan-group-will-introduce-green-concept-at-index-17\/","og_locale":"en_US","og_type":"article","og_title":"HASSAN Group Will Introduce \u2018Green\u2019 Concept at INDEX 17","og_description":"Having a wide brand and product portfolio, HASSAN Group will attract attention with its sustainability-oriented solutions at INDEX 17. Possessing a rooted","og_url":"https:\/\/www.textilegence.com\/en\/hassan-group-will-introduce-green-concept-at-index-17\/","og_site_name":"Textilegence Magazine and Digital Platform","article_publisher":"https:\/\/www.facebook.com\/TextilegenceMagazine","article_author":"https:\/\/www.facebook.com\/TextilegenceMagazine","article_published_time":"2017-02-16T09:19:58+00:00","article_modified_time":"2018-01-30T11:19:44+00:00","og_image":[{"width":742,"height":486,"url":"https:\/\/www.textilegence.com\/wp-content\/uploads\/2017\/02\/HASSAN-Group-Textilegence.jpg","type":"image\/jpeg"}],"author":"Engin Buz","twitter_card":"summary_large_image","twitter_creator":"@https:\/\/twitter.com\/textilegence","twitter_site":"@textilegence","twitter_misc":{"Written by":"Engin Buz","Est. reading time":"4 minutes"},"schema":{"@context":"https:\/\/schema.org","@graph":[{"@type":"NewsArticle","@id":"https:\/\/www.textilegence.com\/en\/hassan-group-will-introduce-green-concept-at-index-17\/#article","isPartOf":{"@id":"https:\/\/www.textilegence.com\/en\/hassan-group-will-introduce-green-concept-at-index-17\/"},"author":{"name":"Engin Buz","@id":"https:\/\/www.textilegence.com\/en\/#\/schema\/person\/46ccc7bfc34edbc7d46b6b189f88849f"},"headline":"HASSAN Group Will Introduce \u2018Green\u2019 Concept at INDEX 17","datePublished":"2017-02-16T09:19:58+00:00","dateModified":"2018-01-30T11:19:44+00:00","mainEntityOfPage":{"@id":"https:\/\/www.textilegence.com\/en\/hassan-group-will-introduce-green-concept-at-index-17\/"},"wordCount":807,"commentCount":0,"publisher":{"@id":"https:\/\/www.textilegence.com\/en\/#organization"},"image":{"@id":"https:\/\/www.textilegence.com\/en\/hassan-group-will-introduce-green-concept-at-index-17\/#primaryimage"},"thumbnailUrl":"https:\/\/www.textilegence.com\/wp-content\/uploads\/2017\/02\/HASSAN-Group-Textilegence.jpg","keywords":["hassan group","INDEX 2017","nonwoven","nonwovens"],"articleSection":["Technical Textiles"],"inLanguage":"en-US","potentialAction":[{"@type":"CommentAction","name":"Comment","target":["https:\/\/www.textilegence.com\/en\/hassan-group-will-introduce-green-concept-at-index-17\/#respond"]}]},{"@type":"WebPage","@id":"https:\/\/www.textilegence.com\/en\/hassan-group-will-introduce-green-concept-at-index-17\/","url":"https:\/\/www.textilegence.com\/en\/hassan-group-will-introduce-green-concept-at-index-17\/","name":"HASSAN Group Will Introduce \u2018Green\u2019 Concept at INDEX 17 - Textilegence","isPartOf":{"@id":"https:\/\/www.textilegence.com\/en\/#website"},"primaryImageOfPage":{"@id":"https:\/\/www.textilegence.com\/en\/hassan-group-will-introduce-green-concept-at-index-17\/#primaryimage"},"image":{"@id":"https:\/\/www.textilegence.com\/en\/hassan-group-will-introduce-green-concept-at-index-17\/#primaryimage"},"thumbnailUrl":"https:\/\/www.textilegence.com\/wp-content\/uploads\/2017\/02\/HASSAN-Group-Textilegence.jpg","datePublished":"2017-02-16T09:19:58+00:00","dateModified":"2018-01-30T11:19:44+00:00","description":"Possessing a rooted history, HASSAN Group will highlight its leading power in the sector at INDEX 17. Gathering TELAS\u0130S, PELSAN, TEKS\u0130S, MERKAS, HASSAN, HASPA\u015e, \u015e\u0130TEKS and CATS\u0130S brands under its roof performing works on nonwoven sector, the group has an important place of sector\u2019s becoming industrialized.","breadcrumb":{"@id":"https:\/\/www.textilegence.com\/en\/hassan-group-will-introduce-green-concept-at-index-17\/#breadcrumb"},"inLanguage":"en-US","potentialAction":[{"@type":"ReadAction","target":["https:\/\/www.textilegence.com\/en\/hassan-group-will-introduce-green-concept-at-index-17\/"]}]},{"@type":"ImageObject","inLanguage":"en-US","@id":"https:\/\/www.textilegence.com\/en\/hassan-group-will-introduce-green-concept-at-index-17\/#primaryimage","url":"https:\/\/www.textilegence.com\/wp-content\/uploads\/2017\/02\/HASSAN-Group-Textilegence.jpg","contentUrl":"https:\/\/www.textilegence.com\/wp-content\/uploads\/2017\/02\/HASSAN-Group-Textilegence.jpg","width":742,"height":486,"caption":"HASSAN Group Will Introduce \u2018Green\u2019 Concept at INDEX 17"},{"@type":"BreadcrumbList","@id":"https:\/\/www.textilegence.com\/en\/hassan-group-will-introduce-green-concept-at-index-17\/#breadcrumb","itemListElement":[{"@type":"ListItem","position":1,"name":"Home Page","item":"https:\/\/www.textilegence.com\/en\/homepage-the-rimont\/"},{"@type":"ListItem","position":2,"name":"Technical Textiles","item":"https:\/\/www.textilegence.com\/en\/category\/technical-textiles\/"},{"@type":"ListItem","position":3,"name":"HASSAN Group Will Introduce \u2018Green\u2019 Concept at INDEX 17"}]},{"@type":"WebSite","@id":"https:\/\/www.textilegence.com\/en\/#website","url":"https:\/\/www.textilegence.com\/en\/","name":"Textilegence Magazine and Digital Platform","description":"Textile News Center","publisher":{"@id":"https:\/\/www.textilegence.com\/en\/#organization"},"potentialAction":[{"@type":"SearchAction","target":{"@type":"EntryPoint","urlTemplate":"https:\/\/www.textilegence.com\/en\/?s={search_term_string}"},"query-input":{"@type":"PropertyValueSpecification","valueRequired":true,"valueName":"search_term_string"}}],"inLanguage":"en-US"},{"@type":"Organization","@id":"https:\/\/www.textilegence.com\/en\/#organization","name":"Textilegence Magazine and Digital Platform","url":"https:\/\/www.textilegence.com\/en\/","logo":{"@type":"ImageObject","inLanguage":"en-US","@id":"https:\/\/www.textilegence.com\/en\/#\/schema\/logo\/image\/","url":"https:\/\/www.textilegence.com\/wp-content\/uploads\/2016\/11\/New_Retina_Logo_Textilegence.png","contentUrl":"https:\/\/www.textilegence.com\/wp-content\/uploads\/2016\/11\/New_Retina_Logo_Textilegence.png","width":544,"height":180,"caption":"Textilegence Magazine and Digital Platform"},"image":{"@id":"https:\/\/www.textilegence.com\/en\/#\/schema\/logo\/image\/"},"sameAs":["https:\/\/www.facebook.com\/TextilegenceMagazine","https:\/\/x.com\/textilegence","https:\/\/www.instagram.com\/textilegence\/","https:\/\/www.linkedin.com\/groups\/Textilegence-Magazine-Digital-Platform-4897253","https:\/\/www.youtube.com\/user\/textilegence"],"description":"Textilegence is a magazine and digital platform established in 2013. It focuses on the textile industry and sub-segments. The platform provides news, articles, and updates on various aspects of the textile industry, including sustainability, technological advancements, and market trends.","email":"editor@textilegence.com","telephone":"+90 212 442 24 12","legalName":"Textilegence Mag and Digital Platform","foundingDate":"2013-01-01","numberOfEmployees":{"@type":"QuantitativeValue","minValue":"1","maxValue":"10"}},{"@type":"Person","@id":"https:\/\/www.textilegence.com\/en\/#\/schema\/person\/46ccc7bfc34edbc7d46b6b189f88849f","name":"Engin Buz","image":{"@type":"ImageObject","inLanguage":"en-US","@id":"https:\/\/www.textilegence.com\/wp-content\/uploads\/2018\/12\/engin-buz.jpg","url":"https:\/\/www.textilegence.com\/wp-content\/uploads\/2018\/12\/engin-buz.jpg","contentUrl":"https:\/\/www.textilegence.com\/wp-content\/uploads\/2018\/12\/engin-buz.jpg","caption":"Engin Buz"},"description":"Engin Buz, Ankara \u00dcniversitesi \u0130leti\u015fim Fak\u00fcltesi Gazetecilik B\u00f6l\u00fcm\u00fc\u2019nden mezun olduktan sonra Y\u0131ld\u0131z Teknik \u00dcniversitesi\u2019nde Siyaset Bilimi ve Uluslararas\u0131 \u0130li\u015fkiler alan\u0131nda y\u00fcksek lisans\u0131n\u0131 tamamlam\u0131\u015ft\u0131r. 2000 y\u0131l\u0131ndan sonra \u00e7e\u015fitli yay\u0131nc\u0131l\u0131k \u015firketlerinde \u00e7al\u0131\u015fmaya ba\u015flayarak k\u00fclt\u00fcr-sanat ve daha sonra ekonomi haberleri haz\u0131rlam\u0131\u015ft\u0131r. 2009 y\u0131l\u0131ndan itibaren tekstil end\u00fcstrisine d\u00f6n\u00fck yay\u0131nlarda edit\u00f6r olarak g\u00f6rev alan Buz, 2013 itibariyle kurulan Textilegence\u2019de haber edit\u00f6r\u00fc olarak yer almaya ba\u015flam\u0131\u015ft\u0131r. Engin Buz halen ba\u015fta tekstil ve dijital bask\u0131 end\u00fcstrileri olmak \u00fczere ekonomi haberleri haz\u0131rlamaktad\u0131r.","sameAs":["https:\/\/www.textilegence.com","https:\/\/www.facebook.com\/TextilegenceMagazine","https:\/\/www.instagram.com\/textilegence\/","https:\/\/www.linkedin.com\/in\/engin-buz-6190799a\/","https:\/\/x.com\/https:\/\/twitter.com\/textilegence"],"url":"https:\/\/www.textilegence.com\/en\/author\/engin-buz\/"}]}},"_links":{"self":[{"href":"https:\/\/www.textilegence.com\/en\/wp-json\/wp\/v2\/posts\/16851","targetHints":{"allow":["GET"]}}],"collection":[{"href":"https:\/\/www.textilegence.com\/en\/wp-json\/wp\/v2\/posts"}],"about":[{"href":"https:\/\/www.textilegence.com\/en\/wp-json\/wp\/v2\/types\/post"}],"author":[{"embeddable":true,"href":"https:\/\/www.textilegence.com\/en\/wp-json\/wp\/v2\/users\/2"}],"replies":[{"embeddable":true,"href":"https:\/\/www.textilegence.com\/en\/wp-json\/wp\/v2\/comments?post=16851"}],"version-history":[{"count":0,"href":"https:\/\/www.textilegence.com\/en\/wp-json\/wp\/v2\/posts\/16851\/revisions"}],"wp:featuredmedia":[{"embeddable":true,"href":"https:\/\/www.textilegence.com\/en\/wp-json\/wp\/v2\/media\/19333"}],"wp:attachment":[{"href":"https:\/\/www.textilegence.com\/en\/wp-json\/wp\/v2\/media?parent=16851"}],"wp:term":[{"taxonomy":"category","embeddable":true,"href":"https:\/\/www.textilegence.com\/en\/wp-json\/wp\/v2\/categories?post=16851"},{"taxonomy":"post_tag","embeddable":true,"href":"https:\/\/www.textilegence.com\/en\/wp-json\/wp\/v2\/tags?post=16851"}],"curies":[{"name":"wp","href":"https:\/\/api.w.org\/{rel}","templated":true}]}}