{"id":16853,"date":"2017-02-20T13:59:58","date_gmt":"2017-02-20T10:59:58","guid":{"rendered":"http:\/\/localhost\/textilegence\/itema-shows-r9500denim-at-dtg-2\/"},"modified":"2019-01-11T11:32:09","modified_gmt":"2019-01-11T08:32:09","slug":"itema-shows-r9500denim-at-dtg-2","status":"publish","type":"post","link":"https:\/\/www.textilegence.com\/en\/itema-shows-r9500denim-at-dtg-2\/","title":{"rendered":"Itema Shows R9500denim at DTG"},"content":{"rendered":"<p style=\"text-align: justify;\"><em><strong>Itema exhibits the brand-new rapier weaving machine R9500denim at DTG Dhaka Int\u2019l Textile &amp; Garment Machinery Exhibition (Hall 6 Booth 609)<\/strong><\/em><\/p>\n<p style=\"text-align: justify;\"><a href=\"https:\/\/www.textilegence.com\/en\/itema-news\/\" target=\"_blank\" rel=\"noopener\">Itema<\/a>, the <a href=\"http:\/\/www.itemagroup.com\/en\/\" target=\"_blank\" rel=\"noopener\">world\u2019s largest<\/a> privately held provider of advanced weaving solutions, including best-in-class weaving machines, spare parts and integrated services, is exhibiting at DTG \u2013 the 14th Dhaka Int\u2019l Textile &amp; Garment Machinery Exhibition.<\/p>\n<p style=\"text-align: justify;\">Born from the successful mergers and acquisitions over the years of legendary textile machinery brands, such as Somet, Sulzer and Vamatex, Itema is headquartered in Northern Italy\u2019s Bergamo area \u2013 historic cradle of the Italian textile industry \u2013 and is uniquely positioned as the only manufacturer in the world to provide all three top weft insertion technologies: rapier, airjet and projectile.<\/p>\n<p style=\"text-align: justify;\">Bangladesh has always been a key market for the Company, with an impressive installed base of Sulzer and Somet weaving machines going back to the early \u201960s and still running today in the Country\u2019s mills.<\/p>\n<p style=\"text-align: justify;\">During DTG, Itema will showcase for the first time in Bangladesh the rapier weaving machine R9500denim, the brand-new product concept launched in October 2016 during ITMA Asia dedicated exclusively and especially to denim mills in search of customized solutions to respond faster, more effectively and efficiently to changing denim trends with versatile, high-performance, ad-hoc machinery.<\/p>\n<p style=\"text-align: justify;\">\u201cBangladesh is where a large part of the denim apparel we wear becomes ready-made clothing. If you consider that the Country\u2019s weaving mills weave today around 45 million meters of denim fabrics, which covers only around 15% of the annual demand of garmenting companies, and spend almost USD 4 Bln to import fabric, you can imagine what a huge opportunity producing indigo fabric locally could be for the Bangladeshi industry\u201d stated Itema Group Sales &amp; Marketing Director, Mr Christian Straubhaar.<\/p>\n<h2><strong>R9500denim at DTG<\/strong><\/h2>\n<p style=\"text-align: justify;\">\u201cWe, at Itema, are ready to actively support denim mills with our rapier R9500denim; designed especially for markets like Bangladesh; to provide weavers with the perfect machine engineered for the highest performance; superior fabric quality, lower running costs and maximum versatility of patterns needed to excel in denim production\u201d continued Mr Straubhaar.<\/p>\n<p style=\"text-align: justify;\">The Itema R9500denim comes fully accessorized and equipped with dedicated devices; including the new main motor with oil cooling to ensure unparalleled machine performances. Unrivalled textile versatility is guaranteed by the unique Itema shed geometry; widely recognized in the industry as best-in-class; and the SK weft transfer system featuring reinforced rapier heads and tapes optimized to weave denim weft yarns.<\/p>\n<p style=\"text-align: justify;\">The R9500denim at DTG will weave a heavy denim (14 oz.); thus highlighting Itema machines\u2019 unique-in-the-market ability to produce even the most demanding and heavy denim styles; due to the sturdy machine structure and to the renowned Itema shed geometry. Even though the width of the machine \u2013 2200 mm \u2013 may not seem usual for the Bangladeshi denim weavers; the aim of Itema is to introduce the latest trend in the global denim market; related to weaving machines width necessary to weave stretch and super stretch denim.<\/p>\n<p style=\"text-align: justify;\">Mr Updeep Singh, Itema India Managing Director, added; \u201cWe are excited to take DTG as the opportunity to demonstrate to the Bangladeshi weavers visiting DTG our most innovative, latest-generation weaving technology; as well as our full and value-added service capabilities. Our Company is structured and organized to answer in real time to every Customer\u2019s request; providing a fast and efficient after-sales service; accurate hands-on training courses and active textile consultancy also through our Indian branch.\u201d<\/p>\n<h3 style=\"text-align: justify;\"><strong>The 14th edition of DTG \u2013 is open to visitors from February 23rd until February 26th.<\/strong><\/h3>\n<p style=\"text-align: justify;\">To learn more about Itema\u2019s technological innovations, visit the Joint ITEMA &amp; PACIFIC ASSOCIATES booth in Hall 6 Stand 609.<\/p>\n","protected":false},"excerpt":{"rendered":"<p>Itema exhibits the brand-new rapier weaving machine R9500denim at DTG Dhaka Int\u2019l Textile &amp; Garment Machinery Exhibition (Hall 6 Booth 609) Itema, the world\u2019s largest privately held provider of advanced weaving solutions, including best-in-class weaving machines, spare parts and integrated services, is exhibiting at DTG \u2013 the 14th Dhaka Int\u2019l Textile &amp; Garment Machinery Exhibition. [&hellip;]<\/p>\n","protected":false},"author":2,"featured_media":19336,"comment_status":"open","ping_status":"closed","sticky":false,"template":"","format":"video","meta":{"footnotes":""},"categories":[9856],"tags":[11035,10212,10359],"class_list":{"0":"post-16853","1":"post","2":"type-post","3":"status-publish","4":"format-video","5":"has-post-thumbnail","7":"category-weaving","8":"tag-christian-straubhaar-en","9":"tag-denim-en","10":"tag-itema-r9500denim-rapier-weaving-machine","11":"post_format-post-format-video"},"yoast_head":"<!-- This site is optimized with the Yoast SEO Premium plugin v27.3 (Yoast SEO v27.3) - https:\/\/yoast.com\/product\/yoast-seo-premium-wordpress\/ -->\n<title>Itema Shows the R9500denim at DTG - Textilegence<\/title>\n<meta name=\"description\" content=\"Itema exhibits the brand-new rapier weaving machine R9500denim at DTG Dhaka Int\u2019l Textile &amp; Garment Machinery Exhibition (Hall 6 Booth 609)\" \/>\n<meta name=\"robots\" content=\"index, follow, max-snippet:-1, max-image-preview:large, max-video-preview:-1\" \/>\n<link rel=\"canonical\" href=\"https:\/\/www.textilegence.com\/en\/itema-shows-r9500denim-at-dtg-2\/\" \/>\n<meta property=\"og:locale\" content=\"en_US\" \/>\n<meta property=\"og:type\" content=\"article\" \/>\n<meta property=\"og:title\" content=\"Itema Shows R9500denim at DTG\" \/>\n<meta property=\"og:description\" content=\"Itema exhibits the brand-new rapier weaving machine R9500denim at DTG Dhaka Int\u2019l Textile &amp; Garment Machinery Exhibition (Hall 6 Booth 609) Itema, the\" \/>\n<meta property=\"og:url\" content=\"https:\/\/www.textilegence.com\/en\/itema-shows-r9500denim-at-dtg-2\/\" \/>\n<meta property=\"og:site_name\" content=\"Textilegence Magazine and Digital Platform\" \/>\n<meta property=\"article:publisher\" content=\"https:\/\/www.facebook.com\/TextilegenceMagazine\" \/>\n<meta property=\"article:author\" content=\"https:\/\/www.facebook.com\/TextilegenceMagazine\" \/>\n<meta property=\"article:published_time\" content=\"2017-02-20T10:59:58+00:00\" \/>\n<meta property=\"article:modified_time\" content=\"2019-01-11T08:32:09+00:00\" \/>\n<meta property=\"og:image\" content=\"https:\/\/www.textilegence.com\/wp-content\/uploads\/2017\/02\/maxresdefault-1.jpg\" \/>\n\t<meta property=\"og:image:width\" content=\"1280\" \/>\n\t<meta property=\"og:image:height\" content=\"720\" \/>\n\t<meta property=\"og:image:type\" content=\"image\/jpeg\" \/>\n<meta name=\"author\" content=\"Engin Buz\" \/>\n<meta name=\"twitter:card\" content=\"summary_large_image\" \/>\n<meta name=\"twitter:creator\" content=\"@https:\/\/twitter.com\/textilegence\" \/>\n<meta name=\"twitter:site\" content=\"@textilegence\" \/>\n<meta name=\"twitter:label1\" content=\"Written by\" \/>\n\t<meta name=\"twitter:data1\" content=\"Engin Buz\" \/>\n\t<meta name=\"twitter:label2\" content=\"Est. reading time\" \/>\n\t<meta name=\"twitter:data2\" content=\"3 minutes\" \/>\n<script type=\"application\/ld+json\" class=\"yoast-schema-graph\">{\"@context\":\"https:\\\/\\\/schema.org\",\"@graph\":[{\"@type\":\"NewsArticle\",\"@id\":\"https:\\\/\\\/www.textilegence.com\\\/en\\\/itema-shows-r9500denim-at-dtg-2\\\/#article\",\"isPartOf\":{\"@id\":\"https:\\\/\\\/www.textilegence.com\\\/en\\\/itema-shows-r9500denim-at-dtg-2\\\/\"},\"author\":{\"name\":\"Engin Buz\",\"@id\":\"https:\\\/\\\/www.textilegence.com\\\/en\\\/#\\\/schema\\\/person\\\/46ccc7bfc34edbc7d46b6b189f88849f\"},\"headline\":\"Itema Shows R9500denim at DTG\",\"datePublished\":\"2017-02-20T10:59:58+00:00\",\"dateModified\":\"2019-01-11T08:32:09+00:00\",\"mainEntityOfPage\":{\"@id\":\"https:\\\/\\\/www.textilegence.com\\\/en\\\/itema-shows-r9500denim-at-dtg-2\\\/\"},\"wordCount\":604,\"commentCount\":0,\"publisher\":{\"@id\":\"https:\\\/\\\/www.textilegence.com\\\/en\\\/#organization\"},\"image\":{\"@id\":\"https:\\\/\\\/www.textilegence.com\\\/en\\\/itema-shows-r9500denim-at-dtg-2\\\/#primaryimage\"},\"thumbnailUrl\":\"https:\\\/\\\/www.textilegence.com\\\/wp-content\\\/uploads\\\/2017\\\/02\\\/maxresdefault-1.jpg\",\"keywords\":[\"christian straubhaar\",\"denim\",\"itema r9500denim rapier weaving machine\"],\"articleSection\":[\"Weaving\"],\"inLanguage\":\"en-US\",\"potentialAction\":[{\"@type\":\"CommentAction\",\"name\":\"Comment\",\"target\":[\"https:\\\/\\\/www.textilegence.com\\\/en\\\/itema-shows-r9500denim-at-dtg-2\\\/#respond\"]}]},{\"@type\":\"WebPage\",\"@id\":\"https:\\\/\\\/www.textilegence.com\\\/en\\\/itema-shows-r9500denim-at-dtg-2\\\/\",\"url\":\"https:\\\/\\\/www.textilegence.com\\\/en\\\/itema-shows-r9500denim-at-dtg-2\\\/\",\"name\":\"Itema Shows the R9500denim at DTG - Textilegence\",\"isPartOf\":{\"@id\":\"https:\\\/\\\/www.textilegence.com\\\/en\\\/#website\"},\"primaryImageOfPage\":{\"@id\":\"https:\\\/\\\/www.textilegence.com\\\/en\\\/itema-shows-r9500denim-at-dtg-2\\\/#primaryimage\"},\"image\":{\"@id\":\"https:\\\/\\\/www.textilegence.com\\\/en\\\/itema-shows-r9500denim-at-dtg-2\\\/#primaryimage\"},\"thumbnailUrl\":\"https:\\\/\\\/www.textilegence.com\\\/wp-content\\\/uploads\\\/2017\\\/02\\\/maxresdefault-1.jpg\",\"datePublished\":\"2017-02-20T10:59:58+00:00\",\"dateModified\":\"2019-01-11T08:32:09+00:00\",\"description\":\"Itema exhibits the brand-new rapier weaving machine R9500denim at DTG Dhaka Int\u2019l Textile & Garment Machinery Exhibition (Hall 6 Booth 609)\",\"breadcrumb\":{\"@id\":\"https:\\\/\\\/www.textilegence.com\\\/en\\\/itema-shows-r9500denim-at-dtg-2\\\/#breadcrumb\"},\"inLanguage\":\"en-US\",\"potentialAction\":[{\"@type\":\"ReadAction\",\"target\":[\"https:\\\/\\\/www.textilegence.com\\\/en\\\/itema-shows-r9500denim-at-dtg-2\\\/\"]}]},{\"@type\":\"ImageObject\",\"inLanguage\":\"en-US\",\"@id\":\"https:\\\/\\\/www.textilegence.com\\\/en\\\/itema-shows-r9500denim-at-dtg-2\\\/#primaryimage\",\"url\":\"https:\\\/\\\/www.textilegence.com\\\/wp-content\\\/uploads\\\/2017\\\/02\\\/maxresdefault-1.jpg\",\"contentUrl\":\"https:\\\/\\\/www.textilegence.com\\\/wp-content\\\/uploads\\\/2017\\\/02\\\/maxresdefault-1.jpg\",\"width\":1280,\"height\":720,\"caption\":\"Itema Shows R9500denim at DTG\"},{\"@type\":\"BreadcrumbList\",\"@id\":\"https:\\\/\\\/www.textilegence.com\\\/en\\\/itema-shows-r9500denim-at-dtg-2\\\/#breadcrumb\",\"itemListElement\":[{\"@type\":\"ListItem\",\"position\":1,\"name\":\"Home Page\",\"item\":\"https:\\\/\\\/www.textilegence.com\\\/en\\\/homepage-the-rimont\\\/\"},{\"@type\":\"ListItem\",\"position\":2,\"name\":\"Weaving\",\"item\":\"https:\\\/\\\/www.textilegence.com\\\/en\\\/category\\\/weaving\\\/\"},{\"@type\":\"ListItem\",\"position\":3,\"name\":\"Itema Shows R9500denim at DTG\"}]},{\"@type\":\"WebSite\",\"@id\":\"https:\\\/\\\/www.textilegence.com\\\/en\\\/#website\",\"url\":\"https:\\\/\\\/www.textilegence.com\\\/en\\\/\",\"name\":\"Textilegence Magazine and Digital Platform\",\"description\":\"Textile News Center\",\"publisher\":{\"@id\":\"https:\\\/\\\/www.textilegence.com\\\/en\\\/#organization\"},\"potentialAction\":[{\"@type\":\"SearchAction\",\"target\":{\"@type\":\"EntryPoint\",\"urlTemplate\":\"https:\\\/\\\/www.textilegence.com\\\/en\\\/?s={search_term_string}\"},\"query-input\":{\"@type\":\"PropertyValueSpecification\",\"valueRequired\":true,\"valueName\":\"search_term_string\"}}],\"inLanguage\":\"en-US\"},{\"@type\":\"Organization\",\"@id\":\"https:\\\/\\\/www.textilegence.com\\\/en\\\/#organization\",\"name\":\"Textilegence Magazine and Digital Platform\",\"url\":\"https:\\\/\\\/www.textilegence.com\\\/en\\\/\",\"logo\":{\"@type\":\"ImageObject\",\"inLanguage\":\"en-US\",\"@id\":\"https:\\\/\\\/www.textilegence.com\\\/en\\\/#\\\/schema\\\/logo\\\/image\\\/\",\"url\":\"https:\\\/\\\/www.textilegence.com\\\/wp-content\\\/uploads\\\/2016\\\/11\\\/New_Retina_Logo_Textilegence.png\",\"contentUrl\":\"https:\\\/\\\/www.textilegence.com\\\/wp-content\\\/uploads\\\/2016\\\/11\\\/New_Retina_Logo_Textilegence.png\",\"width\":544,\"height\":180,\"caption\":\"Textilegence Magazine and Digital Platform\"},\"image\":{\"@id\":\"https:\\\/\\\/www.textilegence.com\\\/en\\\/#\\\/schema\\\/logo\\\/image\\\/\"},\"sameAs\":[\"https:\\\/\\\/www.facebook.com\\\/TextilegenceMagazine\",\"https:\\\/\\\/x.com\\\/textilegence\",\"https:\\\/\\\/www.instagram.com\\\/textilegence\\\/\",\"https:\\\/\\\/www.linkedin.com\\\/groups\\\/Textilegence-Magazine-Digital-Platform-4897253\",\"https:\\\/\\\/www.youtube.com\\\/user\\\/textilegence\"],\"description\":\"Textilegence is a magazine and digital platform established in 2013. It focuses on the textile industry and sub-segments. The platform provides news, articles, and updates on various aspects of the textile industry, including sustainability, technological advancements, and market trends.\",\"email\":\"editor@textilegence.com\",\"telephone\":\"+90 212 442 24 12\",\"legalName\":\"Textilegence Mag and Digital Platform\",\"foundingDate\":\"2013-01-01\",\"numberOfEmployees\":{\"@type\":\"QuantitativeValue\",\"minValue\":\"1\",\"maxValue\":\"10\"}},{\"@type\":\"Person\",\"@id\":\"https:\\\/\\\/www.textilegence.com\\\/en\\\/#\\\/schema\\\/person\\\/46ccc7bfc34edbc7d46b6b189f88849f\",\"name\":\"Engin Buz\",\"image\":{\"@type\":\"ImageObject\",\"inLanguage\":\"en-US\",\"@id\":\"https:\\\/\\\/www.textilegence.com\\\/wp-content\\\/uploads\\\/2018\\\/12\\\/engin-buz.jpg\",\"url\":\"https:\\\/\\\/www.textilegence.com\\\/wp-content\\\/uploads\\\/2018\\\/12\\\/engin-buz.jpg\",\"contentUrl\":\"https:\\\/\\\/www.textilegence.com\\\/wp-content\\\/uploads\\\/2018\\\/12\\\/engin-buz.jpg\",\"caption\":\"Engin Buz\"},\"description\":\"Engin Buz, Ankara \u00dcniversitesi \u0130leti\u015fim Fak\u00fcltesi Gazetecilik B\u00f6l\u00fcm\u00fc\u2019nden mezun olduktan sonra Y\u0131ld\u0131z Teknik \u00dcniversitesi\u2019nde Siyaset Bilimi ve Uluslararas\u0131 \u0130li\u015fkiler alan\u0131nda y\u00fcksek lisans\u0131n\u0131 tamamlam\u0131\u015ft\u0131r. 2000 y\u0131l\u0131ndan sonra \u00e7e\u015fitli yay\u0131nc\u0131l\u0131k \u015firketlerinde \u00e7al\u0131\u015fmaya ba\u015flayarak k\u00fclt\u00fcr-sanat ve daha sonra ekonomi haberleri haz\u0131rlam\u0131\u015ft\u0131r. 2009 y\u0131l\u0131ndan itibaren tekstil end\u00fcstrisine d\u00f6n\u00fck yay\u0131nlarda edit\u00f6r olarak g\u00f6rev alan Buz, 2013 itibariyle kurulan Textilegence\u2019de haber edit\u00f6r\u00fc olarak yer almaya ba\u015flam\u0131\u015ft\u0131r. Engin Buz halen ba\u015fta tekstil ve dijital bask\u0131 end\u00fcstrileri olmak \u00fczere ekonomi haberleri haz\u0131rlamaktad\u0131r.\",\"sameAs\":[\"https:\\\/\\\/www.textilegence.com\",\"https:\\\/\\\/www.facebook.com\\\/TextilegenceMagazine\",\"https:\\\/\\\/www.instagram.com\\\/textilegence\\\/\",\"https:\\\/\\\/www.linkedin.com\\\/in\\\/engin-buz-6190799a\\\/\",\"https:\\\/\\\/x.com\\\/https:\\\/\\\/twitter.com\\\/textilegence\"],\"url\":\"https:\\\/\\\/www.textilegence.com\\\/en\\\/author\\\/engin-buz\\\/\"}]}<\/script>\n<!-- \/ Yoast SEO Premium plugin. -->","yoast_head_json":{"title":"Itema Shows the R9500denim at DTG - Textilegence","description":"Itema exhibits the brand-new rapier weaving machine R9500denim at DTG Dhaka Int\u2019l Textile & Garment Machinery Exhibition (Hall 6 Booth 609)","robots":{"index":"index","follow":"follow","max-snippet":"max-snippet:-1","max-image-preview":"max-image-preview:large","max-video-preview":"max-video-preview:-1"},"canonical":"https:\/\/www.textilegence.com\/en\/itema-shows-r9500denim-at-dtg-2\/","og_locale":"en_US","og_type":"article","og_title":"Itema Shows R9500denim at DTG","og_description":"Itema exhibits the brand-new rapier weaving machine R9500denim at DTG Dhaka Int\u2019l Textile &amp; Garment Machinery Exhibition (Hall 6 Booth 609) Itema, the","og_url":"https:\/\/www.textilegence.com\/en\/itema-shows-r9500denim-at-dtg-2\/","og_site_name":"Textilegence Magazine and Digital Platform","article_publisher":"https:\/\/www.facebook.com\/TextilegenceMagazine","article_author":"https:\/\/www.facebook.com\/TextilegenceMagazine","article_published_time":"2017-02-20T10:59:58+00:00","article_modified_time":"2019-01-11T08:32:09+00:00","og_image":[{"width":1280,"height":720,"url":"https:\/\/www.textilegence.com\/wp-content\/uploads\/2017\/02\/maxresdefault-1.jpg","type":"image\/jpeg"}],"author":"Engin Buz","twitter_card":"summary_large_image","twitter_creator":"@https:\/\/twitter.com\/textilegence","twitter_site":"@textilegence","twitter_misc":{"Written by":"Engin Buz","Est. reading time":"3 minutes"},"schema":{"@context":"https:\/\/schema.org","@graph":[{"@type":"NewsArticle","@id":"https:\/\/www.textilegence.com\/en\/itema-shows-r9500denim-at-dtg-2\/#article","isPartOf":{"@id":"https:\/\/www.textilegence.com\/en\/itema-shows-r9500denim-at-dtg-2\/"},"author":{"name":"Engin Buz","@id":"https:\/\/www.textilegence.com\/en\/#\/schema\/person\/46ccc7bfc34edbc7d46b6b189f88849f"},"headline":"Itema Shows R9500denim at DTG","datePublished":"2017-02-20T10:59:58+00:00","dateModified":"2019-01-11T08:32:09+00:00","mainEntityOfPage":{"@id":"https:\/\/www.textilegence.com\/en\/itema-shows-r9500denim-at-dtg-2\/"},"wordCount":604,"commentCount":0,"publisher":{"@id":"https:\/\/www.textilegence.com\/en\/#organization"},"image":{"@id":"https:\/\/www.textilegence.com\/en\/itema-shows-r9500denim-at-dtg-2\/#primaryimage"},"thumbnailUrl":"https:\/\/www.textilegence.com\/wp-content\/uploads\/2017\/02\/maxresdefault-1.jpg","keywords":["christian straubhaar","denim","itema r9500denim rapier weaving machine"],"articleSection":["Weaving"],"inLanguage":"en-US","potentialAction":[{"@type":"CommentAction","name":"Comment","target":["https:\/\/www.textilegence.com\/en\/itema-shows-r9500denim-at-dtg-2\/#respond"]}]},{"@type":"WebPage","@id":"https:\/\/www.textilegence.com\/en\/itema-shows-r9500denim-at-dtg-2\/","url":"https:\/\/www.textilegence.com\/en\/itema-shows-r9500denim-at-dtg-2\/","name":"Itema Shows the R9500denim at DTG - Textilegence","isPartOf":{"@id":"https:\/\/www.textilegence.com\/en\/#website"},"primaryImageOfPage":{"@id":"https:\/\/www.textilegence.com\/en\/itema-shows-r9500denim-at-dtg-2\/#primaryimage"},"image":{"@id":"https:\/\/www.textilegence.com\/en\/itema-shows-r9500denim-at-dtg-2\/#primaryimage"},"thumbnailUrl":"https:\/\/www.textilegence.com\/wp-content\/uploads\/2017\/02\/maxresdefault-1.jpg","datePublished":"2017-02-20T10:59:58+00:00","dateModified":"2019-01-11T08:32:09+00:00","description":"Itema exhibits the brand-new rapier weaving machine R9500denim at DTG Dhaka Int\u2019l Textile & Garment Machinery Exhibition (Hall 6 Booth 609)","breadcrumb":{"@id":"https:\/\/www.textilegence.com\/en\/itema-shows-r9500denim-at-dtg-2\/#breadcrumb"},"inLanguage":"en-US","potentialAction":[{"@type":"ReadAction","target":["https:\/\/www.textilegence.com\/en\/itema-shows-r9500denim-at-dtg-2\/"]}]},{"@type":"ImageObject","inLanguage":"en-US","@id":"https:\/\/www.textilegence.com\/en\/itema-shows-r9500denim-at-dtg-2\/#primaryimage","url":"https:\/\/www.textilegence.com\/wp-content\/uploads\/2017\/02\/maxresdefault-1.jpg","contentUrl":"https:\/\/www.textilegence.com\/wp-content\/uploads\/2017\/02\/maxresdefault-1.jpg","width":1280,"height":720,"caption":"Itema Shows R9500denim at DTG"},{"@type":"BreadcrumbList","@id":"https:\/\/www.textilegence.com\/en\/itema-shows-r9500denim-at-dtg-2\/#breadcrumb","itemListElement":[{"@type":"ListItem","position":1,"name":"Home Page","item":"https:\/\/www.textilegence.com\/en\/homepage-the-rimont\/"},{"@type":"ListItem","position":2,"name":"Weaving","item":"https:\/\/www.textilegence.com\/en\/category\/weaving\/"},{"@type":"ListItem","position":3,"name":"Itema Shows R9500denim at DTG"}]},{"@type":"WebSite","@id":"https:\/\/www.textilegence.com\/en\/#website","url":"https:\/\/www.textilegence.com\/en\/","name":"Textilegence Magazine and Digital Platform","description":"Textile News Center","publisher":{"@id":"https:\/\/www.textilegence.com\/en\/#organization"},"potentialAction":[{"@type":"SearchAction","target":{"@type":"EntryPoint","urlTemplate":"https:\/\/www.textilegence.com\/en\/?s={search_term_string}"},"query-input":{"@type":"PropertyValueSpecification","valueRequired":true,"valueName":"search_term_string"}}],"inLanguage":"en-US"},{"@type":"Organization","@id":"https:\/\/www.textilegence.com\/en\/#organization","name":"Textilegence Magazine and Digital Platform","url":"https:\/\/www.textilegence.com\/en\/","logo":{"@type":"ImageObject","inLanguage":"en-US","@id":"https:\/\/www.textilegence.com\/en\/#\/schema\/logo\/image\/","url":"https:\/\/www.textilegence.com\/wp-content\/uploads\/2016\/11\/New_Retina_Logo_Textilegence.png","contentUrl":"https:\/\/www.textilegence.com\/wp-content\/uploads\/2016\/11\/New_Retina_Logo_Textilegence.png","width":544,"height":180,"caption":"Textilegence Magazine and Digital Platform"},"image":{"@id":"https:\/\/www.textilegence.com\/en\/#\/schema\/logo\/image\/"},"sameAs":["https:\/\/www.facebook.com\/TextilegenceMagazine","https:\/\/x.com\/textilegence","https:\/\/www.instagram.com\/textilegence\/","https:\/\/www.linkedin.com\/groups\/Textilegence-Magazine-Digital-Platform-4897253","https:\/\/www.youtube.com\/user\/textilegence"],"description":"Textilegence is a magazine and digital platform established in 2013. It focuses on the textile industry and sub-segments. The platform provides news, articles, and updates on various aspects of the textile industry, including sustainability, technological advancements, and market trends.","email":"editor@textilegence.com","telephone":"+90 212 442 24 12","legalName":"Textilegence Mag and Digital Platform","foundingDate":"2013-01-01","numberOfEmployees":{"@type":"QuantitativeValue","minValue":"1","maxValue":"10"}},{"@type":"Person","@id":"https:\/\/www.textilegence.com\/en\/#\/schema\/person\/46ccc7bfc34edbc7d46b6b189f88849f","name":"Engin Buz","image":{"@type":"ImageObject","inLanguage":"en-US","@id":"https:\/\/www.textilegence.com\/wp-content\/uploads\/2018\/12\/engin-buz.jpg","url":"https:\/\/www.textilegence.com\/wp-content\/uploads\/2018\/12\/engin-buz.jpg","contentUrl":"https:\/\/www.textilegence.com\/wp-content\/uploads\/2018\/12\/engin-buz.jpg","caption":"Engin Buz"},"description":"Engin Buz, Ankara \u00dcniversitesi \u0130leti\u015fim Fak\u00fcltesi Gazetecilik B\u00f6l\u00fcm\u00fc\u2019nden mezun olduktan sonra Y\u0131ld\u0131z Teknik \u00dcniversitesi\u2019nde Siyaset Bilimi ve Uluslararas\u0131 \u0130li\u015fkiler alan\u0131nda y\u00fcksek lisans\u0131n\u0131 tamamlam\u0131\u015ft\u0131r. 2000 y\u0131l\u0131ndan sonra \u00e7e\u015fitli yay\u0131nc\u0131l\u0131k \u015firketlerinde \u00e7al\u0131\u015fmaya ba\u015flayarak k\u00fclt\u00fcr-sanat ve daha sonra ekonomi haberleri haz\u0131rlam\u0131\u015ft\u0131r. 2009 y\u0131l\u0131ndan itibaren tekstil end\u00fcstrisine d\u00f6n\u00fck yay\u0131nlarda edit\u00f6r olarak g\u00f6rev alan Buz, 2013 itibariyle kurulan Textilegence\u2019de haber edit\u00f6r\u00fc olarak yer almaya ba\u015flam\u0131\u015ft\u0131r. Engin Buz halen ba\u015fta tekstil ve dijital bask\u0131 end\u00fcstrileri olmak \u00fczere ekonomi haberleri haz\u0131rlamaktad\u0131r.","sameAs":["https:\/\/www.textilegence.com","https:\/\/www.facebook.com\/TextilegenceMagazine","https:\/\/www.instagram.com\/textilegence\/","https:\/\/www.linkedin.com\/in\/engin-buz-6190799a\/","https:\/\/x.com\/https:\/\/twitter.com\/textilegence"],"url":"https:\/\/www.textilegence.com\/en\/author\/engin-buz\/"}]}},"_links":{"self":[{"href":"https:\/\/www.textilegence.com\/en\/wp-json\/wp\/v2\/posts\/16853","targetHints":{"allow":["GET"]}}],"collection":[{"href":"https:\/\/www.textilegence.com\/en\/wp-json\/wp\/v2\/posts"}],"about":[{"href":"https:\/\/www.textilegence.com\/en\/wp-json\/wp\/v2\/types\/post"}],"author":[{"embeddable":true,"href":"https:\/\/www.textilegence.com\/en\/wp-json\/wp\/v2\/users\/2"}],"replies":[{"embeddable":true,"href":"https:\/\/www.textilegence.com\/en\/wp-json\/wp\/v2\/comments?post=16853"}],"version-history":[{"count":0,"href":"https:\/\/www.textilegence.com\/en\/wp-json\/wp\/v2\/posts\/16853\/revisions"}],"wp:featuredmedia":[{"embeddable":true,"href":"https:\/\/www.textilegence.com\/en\/wp-json\/wp\/v2\/media\/19336"}],"wp:attachment":[{"href":"https:\/\/www.textilegence.com\/en\/wp-json\/wp\/v2\/media?parent=16853"}],"wp:term":[{"taxonomy":"category","embeddable":true,"href":"https:\/\/www.textilegence.com\/en\/wp-json\/wp\/v2\/categories?post=16853"},{"taxonomy":"post_tag","embeddable":true,"href":"https:\/\/www.textilegence.com\/en\/wp-json\/wp\/v2\/tags?post=16853"}],"curies":[{"name":"wp","href":"https:\/\/api.w.org\/{rel}","templated":true}]}}