{"id":16865,"date":"2017-02-25T11:29:09","date_gmt":"2017-02-25T08:29:09","guid":{"rendered":"http:\/\/localhost\/textilegence\/fta-with-pakistan-will-get-a-blow-in-turkish-textile\/"},"modified":"2018-01-26T11:57:13","modified_gmt":"2018-01-26T08:57:13","slug":"fta-with-pakistan-will-get-a-blow-in-turkish-textile","status":"publish","type":"post","link":"https:\/\/www.textilegence.com\/en\/fta-with-pakistan-will-get-a-blow-in-turkish-textile\/","title":{"rendered":"FTA with Pakistan Will Get A Blow in Turkish Textile"},"content":{"rendered":"<figure id=\"attachment_19375\" aria-describedby=\"caption-attachment-19375\" style=\"width: 381px\" class=\"wp-caption alignleft\"><img loading=\"lazy\" decoding=\"async\" class=\"wp-image-19375 size-medium\" src=\"https:\/\/www.textilegence.com\/wp-content\/uploads\/2017\/03\/TMOOB-Pakistan-Tepki-Textilegence-381x250.jpg\" alt=\"FTA with Pakistan Will Get A Blow in Turkish Textile\" width=\"381\" height=\"250\" srcset=\"https:\/\/www.textilegence.com\/wp-content\/uploads\/2017\/03\/TMOOB-Pakistan-Tepki-Textilegence-381x250.jpg 381w, https:\/\/www.textilegence.com\/wp-content\/uploads\/2017\/03\/TMOOB-Pakistan-Tepki-Textilegence-533x350.jpg 533w, https:\/\/www.textilegence.com\/wp-content\/uploads\/2017\/03\/TMOOB-Pakistan-Tepki-Textilegence-696x457.jpg 696w, https:\/\/www.textilegence.com\/wp-content\/uploads\/2017\/03\/TMOOB-Pakistan-Tepki-Textilegence.jpg 740w, https:\/\/www.textilegence.com\/wp-content\/uploads\/2017\/03\/TMOOB-Pakistan-Tepki-Textilegence-640x420.jpg 640w\" sizes=\"auto, (max-width: 381px) 100vw, 381px\" \/><figcaption id=\"caption-attachment-19375\" class=\"wp-caption-text\">FTA with Pakistan Will Get A Blow in Turkish Textile<\/figcaption><\/figure>\n<p style=\"text-align: justify;\">The Free Trade Agreement (FTA) that is planned to be signed with Pakistan keeps getting negative reactions. The agreement emphasized to affect Turkish textile sector negatively by sector representatives, was disscussed on a press conference of Textile Engineers Chamber (TMMOB) <a href=\"http:\/\/ikkdenizli.org\/\">Denizli branch<\/a> affiliated to Turkey Machine Engineers Chamber.<\/p>\n<p style=\"text-align: justify;\">Making a statement on the subject, TMMOB Denizli Branch Director Sel\u00e7uk Aksar\u0131 said these; \u201c<a href=\"https:\/\/www.textilegence.com\/en\/category\/topical\/\" target=\"_blank\" rel=\"noopener\">The Free Trade Agreement\u00a0<\/a>(FTA) whose frame was signed on the 22<sup>nd <\/sup>of March 2016 and the end agreement is planned to be signed, will harm textile and readywear sector that we shroud partly in 2011. \u201d Reminding that the import made to Pakistan showed\u00a0 increase in 2011 and it has 11% share in textile products import, Aksar\u0131 defended\u00a0 that textile and readwear industry provided 200 thousand additional employment thanks to additional taxes applied in 2011. Stating that FTA signed with Pakistan will leave this unprotected, Aksar\u0131 commented; \u201c The unfair competition conditions occur in textile and\u00a0 readywear sector, will affect negatively the manufacturers. Denizli coming in the first place; garment and\u00a0 readywear industry and other textile segments coming after will have serious employment losses. \u201d<\/p>\n<h5><strong>Import from Pakistan: 600 million dollars in 2011<\/strong><\/h5>\n<p style=\"text-align: justify;\">Reminding that Turkey import 600 million dollars textile and readywear products in 2011; Aksar\u0131 stated that this number decreased to 200 million dollars in 2016. Aksar\u0131 said that the textile and readywear export on the other hand, was only around 32 million dollars. Repeating that FTA with Pakistan wil seriously affect the sector, Aksar\u0131 added that this agreement shouldn\u2019t be signed.<\/p>\n","protected":false},"excerpt":{"rendered":"<p>The Free Trade Agreement (FTA) that is planned to be signed with Pakistan keeps getting negative reactions. The agreement emphasized to affect Turkish textile sector negatively by sector representatives, was disscussed on a press conference of Textile Engineers Chamber (TMMOB) Denizli branch affiliated to Turkey Machine Engineers Chamber. Making a statement on the subject, TMMOB [&hellip;]<\/p>\n","protected":false},"author":2,"featured_media":19375,"comment_status":"open","ping_status":"closed","sticky":false,"template":"","format":"standard","meta":{"footnotes":""},"categories":[9859],"tags":[8409,1276,8408],"class_list":{"0":"post-16865","1":"post","2":"type-post","3":"status-publish","4":"format-standard","5":"has-post-thumbnail","7":"category-topical","8":"tag-denizli","9":"tag-pakistan","10":"tag-tmmob"},"yoast_head":"<!-- This site is optimized with the Yoast SEO Premium plugin v27.3 (Yoast SEO v27.3) - https:\/\/yoast.com\/product\/yoast-seo-premium-wordpress\/ -->\n<title>FTA with Pakistan Will Get A Blow in Turkish Textile - Textilegence<\/title>\n<meta name=\"description\" content=\"The Free Trade Agreement (FTA) that is planned to be signed with Pakistan keeps getting negative reactions. The agreement emphasized to affect Turkish textile sector negatively by sector representatives, was disscussed on a press conference of Textile Engineers Chamber (TMMOB) Denizli branch...\" \/>\n<meta name=\"robots\" content=\"index, follow, max-snippet:-1, max-image-preview:large, max-video-preview:-1\" \/>\n<link rel=\"canonical\" href=\"https:\/\/www.textilegence.com\/en\/fta-with-pakistan-will-get-a-blow-in-turkish-textile\/\" \/>\n<meta property=\"og:locale\" content=\"en_US\" \/>\n<meta property=\"og:type\" content=\"article\" \/>\n<meta property=\"og:title\" content=\"FTA with Pakistan Will Get A Blow in Turkish Textile\" \/>\n<meta property=\"og:description\" content=\"The Free Trade Agreement (FTA) that is planned to be signed with Pakistan keeps getting negative reactions. The agreement emphasized to affect Turkish\" \/>\n<meta property=\"og:url\" content=\"https:\/\/www.textilegence.com\/en\/fta-with-pakistan-will-get-a-blow-in-turkish-textile\/\" \/>\n<meta property=\"og:site_name\" content=\"Textilegence Magazine and Digital Platform\" \/>\n<meta property=\"article:publisher\" content=\"https:\/\/www.facebook.com\/TextilegenceMagazine\" \/>\n<meta property=\"article:author\" content=\"https:\/\/www.facebook.com\/TextilegenceMagazine\" \/>\n<meta property=\"article:published_time\" content=\"2017-02-25T08:29:09+00:00\" \/>\n<meta property=\"article:modified_time\" content=\"2018-01-26T08:57:13+00:00\" \/>\n<meta property=\"og:image\" content=\"https:\/\/www.textilegence.com\/wp-content\/uploads\/2017\/03\/TMOOB-Pakistan-Tepki-Textilegence.jpg\" \/>\n\t<meta property=\"og:image:width\" content=\"740\" \/>\n\t<meta property=\"og:image:height\" content=\"486\" \/>\n\t<meta property=\"og:image:type\" content=\"image\/jpeg\" \/>\n<meta name=\"author\" content=\"Engin Buz\" \/>\n<meta name=\"twitter:card\" content=\"summary_large_image\" \/>\n<meta name=\"twitter:creator\" content=\"@https:\/\/twitter.com\/textilegence\" \/>\n<meta name=\"twitter:site\" content=\"@textilegence\" \/>\n<meta name=\"twitter:label1\" content=\"Written by\" \/>\n\t<meta name=\"twitter:data1\" content=\"Engin Buz\" \/>\n\t<meta name=\"twitter:label2\" content=\"Est. reading time\" \/>\n\t<meta name=\"twitter:data2\" content=\"1 minute\" \/>\n<script type=\"application\/ld+json\" class=\"yoast-schema-graph\">{\"@context\":\"https:\\\/\\\/schema.org\",\"@graph\":[{\"@type\":\"NewsArticle\",\"@id\":\"https:\\\/\\\/www.textilegence.com\\\/en\\\/fta-with-pakistan-will-get-a-blow-in-turkish-textile\\\/#article\",\"isPartOf\":{\"@id\":\"https:\\\/\\\/www.textilegence.com\\\/en\\\/fta-with-pakistan-will-get-a-blow-in-turkish-textile\\\/\"},\"author\":{\"name\":\"Engin Buz\",\"@id\":\"https:\\\/\\\/www.textilegence.com\\\/en\\\/#\\\/schema\\\/person\\\/46ccc7bfc34edbc7d46b6b189f88849f\"},\"headline\":\"FTA with Pakistan Will Get A Blow in Turkish Textile\",\"datePublished\":\"2017-02-25T08:29:09+00:00\",\"dateModified\":\"2018-01-26T08:57:13+00:00\",\"mainEntityOfPage\":{\"@id\":\"https:\\\/\\\/www.textilegence.com\\\/en\\\/fta-with-pakistan-will-get-a-blow-in-turkish-textile\\\/\"},\"wordCount\":270,\"commentCount\":0,\"publisher\":{\"@id\":\"https:\\\/\\\/www.textilegence.com\\\/en\\\/#organization\"},\"image\":{\"@id\":\"https:\\\/\\\/www.textilegence.com\\\/en\\\/fta-with-pakistan-will-get-a-blow-in-turkish-textile\\\/#primaryimage\"},\"thumbnailUrl\":\"https:\\\/\\\/www.textilegence.com\\\/wp-content\\\/uploads\\\/2017\\\/03\\\/TMOOB-Pakistan-Tepki-Textilegence.jpg\",\"keywords\":[\"Denizli\",\"pakistan\",\"TMMOB\"],\"articleSection\":[\"Topical\"],\"inLanguage\":\"en-US\",\"potentialAction\":[{\"@type\":\"CommentAction\",\"name\":\"Comment\",\"target\":[\"https:\\\/\\\/www.textilegence.com\\\/en\\\/fta-with-pakistan-will-get-a-blow-in-turkish-textile\\\/#respond\"]}]},{\"@type\":\"WebPage\",\"@id\":\"https:\\\/\\\/www.textilegence.com\\\/en\\\/fta-with-pakistan-will-get-a-blow-in-turkish-textile\\\/\",\"url\":\"https:\\\/\\\/www.textilegence.com\\\/en\\\/fta-with-pakistan-will-get-a-blow-in-turkish-textile\\\/\",\"name\":\"FTA with Pakistan Will Get A Blow in Turkish Textile - Textilegence\",\"isPartOf\":{\"@id\":\"https:\\\/\\\/www.textilegence.com\\\/en\\\/#website\"},\"primaryImageOfPage\":{\"@id\":\"https:\\\/\\\/www.textilegence.com\\\/en\\\/fta-with-pakistan-will-get-a-blow-in-turkish-textile\\\/#primaryimage\"},\"image\":{\"@id\":\"https:\\\/\\\/www.textilegence.com\\\/en\\\/fta-with-pakistan-will-get-a-blow-in-turkish-textile\\\/#primaryimage\"},\"thumbnailUrl\":\"https:\\\/\\\/www.textilegence.com\\\/wp-content\\\/uploads\\\/2017\\\/03\\\/TMOOB-Pakistan-Tepki-Textilegence.jpg\",\"datePublished\":\"2017-02-25T08:29:09+00:00\",\"dateModified\":\"2018-01-26T08:57:13+00:00\",\"description\":\"The Free Trade Agreement (FTA) that is planned to be signed with Pakistan keeps getting negative reactions. The agreement emphasized to affect Turkish textile sector negatively by sector representatives, was disscussed on a press conference of Textile Engineers Chamber (TMMOB) Denizli branch...\",\"breadcrumb\":{\"@id\":\"https:\\\/\\\/www.textilegence.com\\\/en\\\/fta-with-pakistan-will-get-a-blow-in-turkish-textile\\\/#breadcrumb\"},\"inLanguage\":\"en-US\",\"potentialAction\":[{\"@type\":\"ReadAction\",\"target\":[\"https:\\\/\\\/www.textilegence.com\\\/en\\\/fta-with-pakistan-will-get-a-blow-in-turkish-textile\\\/\"]}]},{\"@type\":\"ImageObject\",\"inLanguage\":\"en-US\",\"@id\":\"https:\\\/\\\/www.textilegence.com\\\/en\\\/fta-with-pakistan-will-get-a-blow-in-turkish-textile\\\/#primaryimage\",\"url\":\"https:\\\/\\\/www.textilegence.com\\\/wp-content\\\/uploads\\\/2017\\\/03\\\/TMOOB-Pakistan-Tepki-Textilegence.jpg\",\"contentUrl\":\"https:\\\/\\\/www.textilegence.com\\\/wp-content\\\/uploads\\\/2017\\\/03\\\/TMOOB-Pakistan-Tepki-Textilegence.jpg\",\"width\":740,\"height\":486,\"caption\":\"FTA with Pakistan Will Get A Blow in Turkish Textile\"},{\"@type\":\"BreadcrumbList\",\"@id\":\"https:\\\/\\\/www.textilegence.com\\\/en\\\/fta-with-pakistan-will-get-a-blow-in-turkish-textile\\\/#breadcrumb\",\"itemListElement\":[{\"@type\":\"ListItem\",\"position\":1,\"name\":\"Home Page\",\"item\":\"https:\\\/\\\/www.textilegence.com\\\/en\\\/homepage-the-rimont\\\/\"},{\"@type\":\"ListItem\",\"position\":2,\"name\":\"Topical\",\"item\":\"https:\\\/\\\/www.textilegence.com\\\/en\\\/category\\\/topical\\\/\"},{\"@type\":\"ListItem\",\"position\":3,\"name\":\"FTA with Pakistan Will Get A Blow in Turkish Textile\"}]},{\"@type\":\"WebSite\",\"@id\":\"https:\\\/\\\/www.textilegence.com\\\/en\\\/#website\",\"url\":\"https:\\\/\\\/www.textilegence.com\\\/en\\\/\",\"name\":\"Textilegence Magazine and Digital Platform\",\"description\":\"Textile News Center\",\"publisher\":{\"@id\":\"https:\\\/\\\/www.textilegence.com\\\/en\\\/#organization\"},\"potentialAction\":[{\"@type\":\"SearchAction\",\"target\":{\"@type\":\"EntryPoint\",\"urlTemplate\":\"https:\\\/\\\/www.textilegence.com\\\/en\\\/?s={search_term_string}\"},\"query-input\":{\"@type\":\"PropertyValueSpecification\",\"valueRequired\":true,\"valueName\":\"search_term_string\"}}],\"inLanguage\":\"en-US\"},{\"@type\":\"Organization\",\"@id\":\"https:\\\/\\\/www.textilegence.com\\\/en\\\/#organization\",\"name\":\"Textilegence Magazine and Digital Platform\",\"url\":\"https:\\\/\\\/www.textilegence.com\\\/en\\\/\",\"logo\":{\"@type\":\"ImageObject\",\"inLanguage\":\"en-US\",\"@id\":\"https:\\\/\\\/www.textilegence.com\\\/en\\\/#\\\/schema\\\/logo\\\/image\\\/\",\"url\":\"https:\\\/\\\/www.textilegence.com\\\/wp-content\\\/uploads\\\/2016\\\/11\\\/New_Retina_Logo_Textilegence.png\",\"contentUrl\":\"https:\\\/\\\/www.textilegence.com\\\/wp-content\\\/uploads\\\/2016\\\/11\\\/New_Retina_Logo_Textilegence.png\",\"width\":544,\"height\":180,\"caption\":\"Textilegence Magazine and Digital Platform\"},\"image\":{\"@id\":\"https:\\\/\\\/www.textilegence.com\\\/en\\\/#\\\/schema\\\/logo\\\/image\\\/\"},\"sameAs\":[\"https:\\\/\\\/www.facebook.com\\\/TextilegenceMagazine\",\"https:\\\/\\\/x.com\\\/textilegence\",\"https:\\\/\\\/www.instagram.com\\\/textilegence\\\/\",\"https:\\\/\\\/www.linkedin.com\\\/groups\\\/Textilegence-Magazine-Digital-Platform-4897253\",\"https:\\\/\\\/www.youtube.com\\\/user\\\/textilegence\"],\"description\":\"Textilegence is a magazine and digital platform established in 2013. It focuses on the textile industry and sub-segments. The platform provides news, articles, and updates on various aspects of the textile industry, including sustainability, technological advancements, and market trends.\",\"email\":\"editor@textilegence.com\",\"telephone\":\"+90 212 442 24 12\",\"legalName\":\"Textilegence Mag and Digital Platform\",\"foundingDate\":\"2013-01-01\",\"numberOfEmployees\":{\"@type\":\"QuantitativeValue\",\"minValue\":\"1\",\"maxValue\":\"10\"}},{\"@type\":\"Person\",\"@id\":\"https:\\\/\\\/www.textilegence.com\\\/en\\\/#\\\/schema\\\/person\\\/46ccc7bfc34edbc7d46b6b189f88849f\",\"name\":\"Engin Buz\",\"image\":{\"@type\":\"ImageObject\",\"inLanguage\":\"en-US\",\"@id\":\"https:\\\/\\\/www.textilegence.com\\\/wp-content\\\/uploads\\\/2018\\\/12\\\/engin-buz.jpg\",\"url\":\"https:\\\/\\\/www.textilegence.com\\\/wp-content\\\/uploads\\\/2018\\\/12\\\/engin-buz.jpg\",\"contentUrl\":\"https:\\\/\\\/www.textilegence.com\\\/wp-content\\\/uploads\\\/2018\\\/12\\\/engin-buz.jpg\",\"caption\":\"Engin Buz\"},\"description\":\"Engin Buz, Ankara \u00dcniversitesi \u0130leti\u015fim Fak\u00fcltesi Gazetecilik B\u00f6l\u00fcm\u00fc\u2019nden mezun olduktan sonra Y\u0131ld\u0131z Teknik \u00dcniversitesi\u2019nde Siyaset Bilimi ve Uluslararas\u0131 \u0130li\u015fkiler alan\u0131nda y\u00fcksek lisans\u0131n\u0131 tamamlam\u0131\u015ft\u0131r. 2000 y\u0131l\u0131ndan sonra \u00e7e\u015fitli yay\u0131nc\u0131l\u0131k \u015firketlerinde \u00e7al\u0131\u015fmaya ba\u015flayarak k\u00fclt\u00fcr-sanat ve daha sonra ekonomi haberleri haz\u0131rlam\u0131\u015ft\u0131r. 2009 y\u0131l\u0131ndan itibaren tekstil end\u00fcstrisine d\u00f6n\u00fck yay\u0131nlarda edit\u00f6r olarak g\u00f6rev alan Buz, 2013 itibariyle kurulan Textilegence\u2019de haber edit\u00f6r\u00fc olarak yer almaya ba\u015flam\u0131\u015ft\u0131r. Engin Buz halen ba\u015fta tekstil ve dijital bask\u0131 end\u00fcstrileri olmak \u00fczere ekonomi haberleri haz\u0131rlamaktad\u0131r.\",\"sameAs\":[\"https:\\\/\\\/www.textilegence.com\",\"https:\\\/\\\/www.facebook.com\\\/TextilegenceMagazine\",\"https:\\\/\\\/www.instagram.com\\\/textilegence\\\/\",\"https:\\\/\\\/www.linkedin.com\\\/in\\\/engin-buz-6190799a\\\/\",\"https:\\\/\\\/x.com\\\/https:\\\/\\\/twitter.com\\\/textilegence\"],\"url\":\"https:\\\/\\\/www.textilegence.com\\\/en\\\/author\\\/engin-buz\\\/\"}]}<\/script>\n<!-- \/ Yoast SEO Premium plugin. -->","yoast_head_json":{"title":"FTA with Pakistan Will Get A Blow in Turkish Textile - Textilegence","description":"The Free Trade Agreement (FTA) that is planned to be signed with Pakistan keeps getting negative reactions. The agreement emphasized to affect Turkish textile sector negatively by sector representatives, was disscussed on a press conference of Textile Engineers Chamber (TMMOB) Denizli branch...","robots":{"index":"index","follow":"follow","max-snippet":"max-snippet:-1","max-image-preview":"max-image-preview:large","max-video-preview":"max-video-preview:-1"},"canonical":"https:\/\/www.textilegence.com\/en\/fta-with-pakistan-will-get-a-blow-in-turkish-textile\/","og_locale":"en_US","og_type":"article","og_title":"FTA with Pakistan Will Get A Blow in Turkish Textile","og_description":"The Free Trade Agreement (FTA) that is planned to be signed with Pakistan keeps getting negative reactions. The agreement emphasized to affect Turkish","og_url":"https:\/\/www.textilegence.com\/en\/fta-with-pakistan-will-get-a-blow-in-turkish-textile\/","og_site_name":"Textilegence Magazine and Digital Platform","article_publisher":"https:\/\/www.facebook.com\/TextilegenceMagazine","article_author":"https:\/\/www.facebook.com\/TextilegenceMagazine","article_published_time":"2017-02-25T08:29:09+00:00","article_modified_time":"2018-01-26T08:57:13+00:00","og_image":[{"width":740,"height":486,"url":"https:\/\/www.textilegence.com\/wp-content\/uploads\/2017\/03\/TMOOB-Pakistan-Tepki-Textilegence.jpg","type":"image\/jpeg"}],"author":"Engin Buz","twitter_card":"summary_large_image","twitter_creator":"@https:\/\/twitter.com\/textilegence","twitter_site":"@textilegence","twitter_misc":{"Written by":"Engin Buz","Est. reading time":"1 minute"},"schema":{"@context":"https:\/\/schema.org","@graph":[{"@type":"NewsArticle","@id":"https:\/\/www.textilegence.com\/en\/fta-with-pakistan-will-get-a-blow-in-turkish-textile\/#article","isPartOf":{"@id":"https:\/\/www.textilegence.com\/en\/fta-with-pakistan-will-get-a-blow-in-turkish-textile\/"},"author":{"name":"Engin Buz","@id":"https:\/\/www.textilegence.com\/en\/#\/schema\/person\/46ccc7bfc34edbc7d46b6b189f88849f"},"headline":"FTA with Pakistan Will Get A Blow in Turkish Textile","datePublished":"2017-02-25T08:29:09+00:00","dateModified":"2018-01-26T08:57:13+00:00","mainEntityOfPage":{"@id":"https:\/\/www.textilegence.com\/en\/fta-with-pakistan-will-get-a-blow-in-turkish-textile\/"},"wordCount":270,"commentCount":0,"publisher":{"@id":"https:\/\/www.textilegence.com\/en\/#organization"},"image":{"@id":"https:\/\/www.textilegence.com\/en\/fta-with-pakistan-will-get-a-blow-in-turkish-textile\/#primaryimage"},"thumbnailUrl":"https:\/\/www.textilegence.com\/wp-content\/uploads\/2017\/03\/TMOOB-Pakistan-Tepki-Textilegence.jpg","keywords":["Denizli","pakistan","TMMOB"],"articleSection":["Topical"],"inLanguage":"en-US","potentialAction":[{"@type":"CommentAction","name":"Comment","target":["https:\/\/www.textilegence.com\/en\/fta-with-pakistan-will-get-a-blow-in-turkish-textile\/#respond"]}]},{"@type":"WebPage","@id":"https:\/\/www.textilegence.com\/en\/fta-with-pakistan-will-get-a-blow-in-turkish-textile\/","url":"https:\/\/www.textilegence.com\/en\/fta-with-pakistan-will-get-a-blow-in-turkish-textile\/","name":"FTA with Pakistan Will Get A Blow in Turkish Textile - Textilegence","isPartOf":{"@id":"https:\/\/www.textilegence.com\/en\/#website"},"primaryImageOfPage":{"@id":"https:\/\/www.textilegence.com\/en\/fta-with-pakistan-will-get-a-blow-in-turkish-textile\/#primaryimage"},"image":{"@id":"https:\/\/www.textilegence.com\/en\/fta-with-pakistan-will-get-a-blow-in-turkish-textile\/#primaryimage"},"thumbnailUrl":"https:\/\/www.textilegence.com\/wp-content\/uploads\/2017\/03\/TMOOB-Pakistan-Tepki-Textilegence.jpg","datePublished":"2017-02-25T08:29:09+00:00","dateModified":"2018-01-26T08:57:13+00:00","description":"The Free Trade Agreement (FTA) that is planned to be signed with Pakistan keeps getting negative reactions. The agreement emphasized to affect Turkish textile sector negatively by sector representatives, was disscussed on a press conference of Textile Engineers Chamber (TMMOB) Denizli branch...","breadcrumb":{"@id":"https:\/\/www.textilegence.com\/en\/fta-with-pakistan-will-get-a-blow-in-turkish-textile\/#breadcrumb"},"inLanguage":"en-US","potentialAction":[{"@type":"ReadAction","target":["https:\/\/www.textilegence.com\/en\/fta-with-pakistan-will-get-a-blow-in-turkish-textile\/"]}]},{"@type":"ImageObject","inLanguage":"en-US","@id":"https:\/\/www.textilegence.com\/en\/fta-with-pakistan-will-get-a-blow-in-turkish-textile\/#primaryimage","url":"https:\/\/www.textilegence.com\/wp-content\/uploads\/2017\/03\/TMOOB-Pakistan-Tepki-Textilegence.jpg","contentUrl":"https:\/\/www.textilegence.com\/wp-content\/uploads\/2017\/03\/TMOOB-Pakistan-Tepki-Textilegence.jpg","width":740,"height":486,"caption":"FTA with Pakistan Will Get A Blow in Turkish Textile"},{"@type":"BreadcrumbList","@id":"https:\/\/www.textilegence.com\/en\/fta-with-pakistan-will-get-a-blow-in-turkish-textile\/#breadcrumb","itemListElement":[{"@type":"ListItem","position":1,"name":"Home Page","item":"https:\/\/www.textilegence.com\/en\/homepage-the-rimont\/"},{"@type":"ListItem","position":2,"name":"Topical","item":"https:\/\/www.textilegence.com\/en\/category\/topical\/"},{"@type":"ListItem","position":3,"name":"FTA with Pakistan Will Get A Blow in Turkish Textile"}]},{"@type":"WebSite","@id":"https:\/\/www.textilegence.com\/en\/#website","url":"https:\/\/www.textilegence.com\/en\/","name":"Textilegence Magazine and Digital Platform","description":"Textile News Center","publisher":{"@id":"https:\/\/www.textilegence.com\/en\/#organization"},"potentialAction":[{"@type":"SearchAction","target":{"@type":"EntryPoint","urlTemplate":"https:\/\/www.textilegence.com\/en\/?s={search_term_string}"},"query-input":{"@type":"PropertyValueSpecification","valueRequired":true,"valueName":"search_term_string"}}],"inLanguage":"en-US"},{"@type":"Organization","@id":"https:\/\/www.textilegence.com\/en\/#organization","name":"Textilegence Magazine and Digital Platform","url":"https:\/\/www.textilegence.com\/en\/","logo":{"@type":"ImageObject","inLanguage":"en-US","@id":"https:\/\/www.textilegence.com\/en\/#\/schema\/logo\/image\/","url":"https:\/\/www.textilegence.com\/wp-content\/uploads\/2016\/11\/New_Retina_Logo_Textilegence.png","contentUrl":"https:\/\/www.textilegence.com\/wp-content\/uploads\/2016\/11\/New_Retina_Logo_Textilegence.png","width":544,"height":180,"caption":"Textilegence Magazine and Digital Platform"},"image":{"@id":"https:\/\/www.textilegence.com\/en\/#\/schema\/logo\/image\/"},"sameAs":["https:\/\/www.facebook.com\/TextilegenceMagazine","https:\/\/x.com\/textilegence","https:\/\/www.instagram.com\/textilegence\/","https:\/\/www.linkedin.com\/groups\/Textilegence-Magazine-Digital-Platform-4897253","https:\/\/www.youtube.com\/user\/textilegence"],"description":"Textilegence is a magazine and digital platform established in 2013. It focuses on the textile industry and sub-segments. The platform provides news, articles, and updates on various aspects of the textile industry, including sustainability, technological advancements, and market trends.","email":"editor@textilegence.com","telephone":"+90 212 442 24 12","legalName":"Textilegence Mag and Digital Platform","foundingDate":"2013-01-01","numberOfEmployees":{"@type":"QuantitativeValue","minValue":"1","maxValue":"10"}},{"@type":"Person","@id":"https:\/\/www.textilegence.com\/en\/#\/schema\/person\/46ccc7bfc34edbc7d46b6b189f88849f","name":"Engin Buz","image":{"@type":"ImageObject","inLanguage":"en-US","@id":"https:\/\/www.textilegence.com\/wp-content\/uploads\/2018\/12\/engin-buz.jpg","url":"https:\/\/www.textilegence.com\/wp-content\/uploads\/2018\/12\/engin-buz.jpg","contentUrl":"https:\/\/www.textilegence.com\/wp-content\/uploads\/2018\/12\/engin-buz.jpg","caption":"Engin Buz"},"description":"Engin Buz, Ankara \u00dcniversitesi \u0130leti\u015fim Fak\u00fcltesi Gazetecilik B\u00f6l\u00fcm\u00fc\u2019nden mezun olduktan sonra Y\u0131ld\u0131z Teknik \u00dcniversitesi\u2019nde Siyaset Bilimi ve Uluslararas\u0131 \u0130li\u015fkiler alan\u0131nda y\u00fcksek lisans\u0131n\u0131 tamamlam\u0131\u015ft\u0131r. 2000 y\u0131l\u0131ndan sonra \u00e7e\u015fitli yay\u0131nc\u0131l\u0131k \u015firketlerinde \u00e7al\u0131\u015fmaya ba\u015flayarak k\u00fclt\u00fcr-sanat ve daha sonra ekonomi haberleri haz\u0131rlam\u0131\u015ft\u0131r. 2009 y\u0131l\u0131ndan itibaren tekstil end\u00fcstrisine d\u00f6n\u00fck yay\u0131nlarda edit\u00f6r olarak g\u00f6rev alan Buz, 2013 itibariyle kurulan Textilegence\u2019de haber edit\u00f6r\u00fc olarak yer almaya ba\u015flam\u0131\u015ft\u0131r. Engin Buz halen ba\u015fta tekstil ve dijital bask\u0131 end\u00fcstrileri olmak \u00fczere ekonomi haberleri haz\u0131rlamaktad\u0131r.","sameAs":["https:\/\/www.textilegence.com","https:\/\/www.facebook.com\/TextilegenceMagazine","https:\/\/www.instagram.com\/textilegence\/","https:\/\/www.linkedin.com\/in\/engin-buz-6190799a\/","https:\/\/x.com\/https:\/\/twitter.com\/textilegence"],"url":"https:\/\/www.textilegence.com\/en\/author\/engin-buz\/"}]}},"_links":{"self":[{"href":"https:\/\/www.textilegence.com\/en\/wp-json\/wp\/v2\/posts\/16865","targetHints":{"allow":["GET"]}}],"collection":[{"href":"https:\/\/www.textilegence.com\/en\/wp-json\/wp\/v2\/posts"}],"about":[{"href":"https:\/\/www.textilegence.com\/en\/wp-json\/wp\/v2\/types\/post"}],"author":[{"embeddable":true,"href":"https:\/\/www.textilegence.com\/en\/wp-json\/wp\/v2\/users\/2"}],"replies":[{"embeddable":true,"href":"https:\/\/www.textilegence.com\/en\/wp-json\/wp\/v2\/comments?post=16865"}],"version-history":[{"count":0,"href":"https:\/\/www.textilegence.com\/en\/wp-json\/wp\/v2\/posts\/16865\/revisions"}],"wp:featuredmedia":[{"embeddable":true,"href":"https:\/\/www.textilegence.com\/en\/wp-json\/wp\/v2\/media\/19375"}],"wp:attachment":[{"href":"https:\/\/www.textilegence.com\/en\/wp-json\/wp\/v2\/media?parent=16865"}],"wp:term":[{"taxonomy":"category","embeddable":true,"href":"https:\/\/www.textilegence.com\/en\/wp-json\/wp\/v2\/categories?post=16865"},{"taxonomy":"post_tag","embeddable":true,"href":"https:\/\/www.textilegence.com\/en\/wp-json\/wp\/v2\/tags?post=16865"}],"curies":[{"name":"wp","href":"https:\/\/api.w.org\/{rel}","templated":true}]}}