{"id":16921,"date":"2017-03-20T12:09:51","date_gmt":"2017-03-20T09:09:51","guid":{"rendered":"http:\/\/localhost\/textilegence\/itema-carried-out-the-2nd-innovation-roadshow-in-bursa\/"},"modified":"2019-01-11T11:49:03","modified_gmt":"2019-01-11T08:49:03","slug":"itema-carried-out-the-2nd-innovation-roadshow-in-bursa","status":"publish","type":"post","link":"https:\/\/www.textilegence.com\/en\/itema-carried-out-the-2nd-innovation-roadshow-in-bursa\/","title":{"rendered":"ITEMA Carried out The 2nd Innovation Roadshow in Bursa"},"content":{"rendered":"<figure id=\"attachment_19376\" aria-describedby=\"caption-attachment-19376\" style=\"width: 382px\" class=\"wp-caption alignleft\"><img loading=\"lazy\" decoding=\"async\" class=\"wp-image-19376 size-medium\" src=\"https:\/\/www.textilegence.com\/wp-content\/uploads\/2017\/03\/Itema-Textilegence-382x250.jpg\" alt=\"ITEMA Carried out The 2nd Innovation Roadshow in Bursa\" width=\"382\" height=\"250\" srcset=\"https:\/\/www.textilegence.com\/wp-content\/uploads\/2017\/03\/Itema-Textilegence-382x250.jpg 382w, https:\/\/www.textilegence.com\/wp-content\/uploads\/2017\/03\/Itema-Textilegence-534x350.jpg 534w, https:\/\/www.textilegence.com\/wp-content\/uploads\/2017\/03\/Itema-Textilegence-696x456.jpg 696w, https:\/\/www.textilegence.com\/wp-content\/uploads\/2017\/03\/Itema-Textilegence-741x486.jpg 741w, https:\/\/www.textilegence.com\/wp-content\/uploads\/2017\/03\/Itema-Textilegence-641x420.jpg 641w, https:\/\/www.textilegence.com\/wp-content\/uploads\/2017\/03\/Itema-Textilegence.jpg 742w\" sizes=\"auto, (max-width: 382px) 100vw, 382px\" \/><figcaption id=\"caption-attachment-19376\" class=\"wp-caption-text\">ITEMA Carried out The 2nd Innovation Roadshow in Bursa<\/figcaption><\/figure>\n<p style=\"text-align: justify;\"><strong>Organized by ITEMA, Bilol M\u00fcmessillik and Alfredo M\u00fcmessillik in Bursa, in the 2<sup>nd<\/sup> Innovation Roadshow, airjet A9500 and\u00a0 rapier R9500 weaving machines were presented to Turkish weavers.<\/strong><\/p>\n<p style=\"text-align: justify;\">Itema, <a href=\"http:\/\/www.itemagroup.com\/en\/\" target=\"_blank\" rel=\"noopener\">leading supplier<\/a> of best-in-class weaving machines, spare parts and integrated services, \u00a0held the 2<sup>nd<\/sup> Bursa Innovation Roadshow on 8-9 March 2017, after the great success of the first edition of the show which took place last year. With the aim to closely meet shirting and apparel weavers of the region to introduce the latest innovations in weaving, at the event the <a href=\"https:\/\/www.textilegence.com\/en\/itema-news\/\" target=\"_blank\" rel=\"noopener\">Itema<\/a> airjet A9500 was presented to the visitors along with a set of the Itema rapier R9500 running and working in daily conditions in a Customer\u2019s mill. In fact, the event has been organized at R.E. \u00d6z-Eli Tekstil facility to demonstrate the Itema machines superior performance in real operational conditions. Moreover, Itema team introduced to the weavers the latest innovations and advancements during technical seminars which have been fully booked for the two days.<\/p>\n<p style=\"text-align: justify;\">During the Itema Innovation Roadshow, the Turkish textile sector\u2019s further potential development was remarked and discussed, along with the advantages that can be reached in the fabric production with the most advanced in the market rapier and airjet technologies. Senior officials from Itema Sales&amp;Marketing Director Christian Straubhaar, Itema Turkey Sales Manager Piero Colombelli, Bilol M\u00fcmessillik owner Galip Bilol and Alfredo Modiano M\u00fcmessillik partner Vedat Ancel being in the first place and technical and marketing team attented to the event.<\/p>\n<h4 style=\"text-align: justify;\"><strong>ITEMA carried out the 2nd innovation roadshow in Bursa. the jauntiest of weaving: the Itema airjet A9500<\/strong><\/h4>\n<figure id=\"attachment_14031\" aria-describedby=\"caption-attachment-14031\" style=\"width: 382px\" class=\"wp-caption alignleft\"><img loading=\"lazy\" decoding=\"async\" class=\"wp-image-14031 size-medium\" src=\"https:\/\/www.textilegence.com\/wp-content\/uploads\/2017\/03\/Itema-Textilegence1-382x250.jpg\" alt=\"ITEMA Carried out The 2nd Innovation Roadshow in Bursa\" width=\"382\" height=\"250\" srcset=\"https:\/\/www.textilegence.com\/wp-content\/uploads\/2017\/03\/Itema-Textilegence1-382x250.jpg 382w, https:\/\/www.textilegence.com\/wp-content\/uploads\/2017\/03\/Itema-Textilegence1-534x350.jpg 534w, https:\/\/www.textilegence.com\/wp-content\/uploads\/2017\/03\/Itema-Textilegence1-696x456.jpg 696w, https:\/\/www.textilegence.com\/wp-content\/uploads\/2017\/03\/Itema-Textilegence1-741x486.jpg 741w, https:\/\/www.textilegence.com\/wp-content\/uploads\/2017\/03\/Itema-Textilegence1-641x420.jpg 641w, https:\/\/www.textilegence.com\/wp-content\/uploads\/2017\/03\/Itema-Textilegence1.jpg 742w\" sizes=\"auto, (max-width: 382px) 100vw, 382px\" \/><figcaption id=\"caption-attachment-14031\" class=\"wp-caption-text\">ITEMA Carried out The 2nd Innovation Roadshow in Bursa<\/figcaption><\/figure>\n<p style=\"text-align: justify;\">The Itema airjet A9500 was proudly displayed in the center of R.E \u00d6z-Eli mill and has been very closely observed by all the textile players who attended the event.<\/p>\n<p style=\"text-align: justify;\">Carrying Itema\u2019s \u2018Quality, Reliability and Performance\u2019 QRP mark, A9500 is presented to the customers &#8211; unique in the market &#8211; with 2 years of warranty. This weaving machine guarantees Itema\u2019s maximum ease of use with simple and efficient design, superior versatility and reliability as well as unparalleled machine\u2019 s efficiency and performance which make a clear difference.<\/p>\n<p style=\"text-align: justify;\">Another significant feature of A9500 is the fact that most of its mechanical and electronical parts are interchangeable with rapier models and, thanks to that, customers with both technologies minimize spare part costs.<\/p>\n<p style=\"text-align: justify;\">Thanks to its sturdy structure, \u00a0the A9500 can operate with low vibrations at high speeds. The optimized shed geometry with the first heald frame close to the beating point assure higher fabric quality and, moreover, the reduced stroke of the heald frames results in less stress on the warp, thus decreasing stops while increasing efficiency.<\/p>\n<h4><strong>Machine infrastructure<\/strong><\/h4>\n<p style=\"text-align: justify;\">The beating motion of the A9500 consists in double conjugated cams placed within the side frames.\u00a0 The longer dwell of the sley cam profile ensures an increased weft insertion time; thus leading to a more gentle movement during weft insertion and to reduced air consumption; providing an improved versatility and the widest range of fabrics; and yarns to be woven with the Itema airjet weaving technology.\u00a0 The higher beat-up force enables the A9500 to reach the top performances in its technology field; especially when it comes to weave difficult and complex styles, such as heavy fabrics.<\/p>\n<p style=\"text-align: justify;\">The advanced pneumatic system with its effective automatic control system and dedicated main nozzles and the new single hole realy nozzles; set the as leader in the market for the reduced air consumption.\u00a0 Moreover, the patented BLC Brush Lycra Clamp provides a effective and simple solution for weaving lycra weft.<\/p>\n<p style=\"text-align: justify;\">Itema\u2019s patented ELD Electronic Leno Device enables continuous lateral full leno formation. Simple, reliable and low-maintenance, with its innovative design; the device is self-cleaning and with no need to wind the leno spools; providing a perfect leno binding; whilst reducing significantly operational costs.<\/p>\n<figure id=\"attachment_14033\" aria-describedby=\"caption-attachment-14033\" style=\"width: 445px\" class=\"wp-caption alignleft\"><img loading=\"lazy\" decoding=\"async\" class=\"wp-image-14033 size-medium\" src=\"https:\/\/www.textilegence.com\/wp-content\/uploads\/2017\/03\/Itema-Textilegence2-445x250.jpg\" alt=\"ITEMA Carried out The 2nd Innovation Roadshow in Bursa\" width=\"445\" height=\"250\" srcset=\"https:\/\/www.textilegence.com\/wp-content\/uploads\/2017\/03\/Itema-Textilegence2-445x250.jpg 445w, https:\/\/www.textilegence.com\/wp-content\/uploads\/2017\/03\/Itema-Textilegence2-600x337.jpg 600w, https:\/\/www.textilegence.com\/wp-content\/uploads\/2017\/03\/Itema-Textilegence2-696x391.jpg 696w, https:\/\/www.textilegence.com\/wp-content\/uploads\/2017\/03\/Itema-Textilegence2-741x417.jpg 741w, https:\/\/www.textilegence.com\/wp-content\/uploads\/2017\/03\/Itema-Textilegence2.jpg 742w\" sizes=\"auto, (max-width: 445px) 100vw, 445px\" \/><figcaption id=\"caption-attachment-14033\" class=\"wp-caption-text\">ITEMA Carried out The 2nd Innovation Roadshow in Bursa<\/figcaption><\/figure>\n<h4 style=\"text-align: justify;\"><strong>R9500 Defined A New Benchmark in Rapier Weaving<\/strong><\/h4>\n<p style=\"text-align: justify;\">Defining\u00a0 a new standard\u00a0 in rapier weaving; R9500 proved\u00a0 itself as the most sold machine since its first launch in 2012. Having QRP (Quality, Reliability and Performance) mark, R9500 offers a wide application range to the users with its technical superiority. The machine offers low vibration pattern thanks to its heavy-duty frames.\u00a0 Its solid drive is designed for extensive control of moving masses; to consistently process heavy patterns or unbalanced styles with minimal cost and maintenance. Also, new SK 2.0 Weft Transfer was developed for weaving with high speed and variety. With its ultra light, ceramic coated, one piece design rapier, SK 2.0 provides consistent, high speed performance and less wear.<\/p>\n<p style=\"text-align: justify;\">The need for higher speed and smaller shed for rapiers lies behind R9500\u2019s new shed geometry. Newly developed FPA 2.0 weft transfer enables limitless creativity choices; even when it comes to weave the most sophisticated fabrics of the customers; guaranteeing high performance and efficiency. Another redesigned and optimized feature is called \u2018Turboprop\u2019 a unique rapier drive system. Thanks to this drive system, weft transfer with low vibration provided by minimal moving parts; enables the most difficult weaving manufacturings as well as reaching the lowest operation costs with less maintenance need.<\/p>\n<p style=\"text-align: justify;\">Having a unique minimal size in the market, R9500 makes it easier for textilers\u2019 optimum use of their facilites. Furthermore, other features like simplicity, user-friendliness, textile superiority allow easy access for maintenance and superior fabric quality; making R9500 the preferred choice of the weavers.<\/p>\n","protected":false},"excerpt":{"rendered":"<p>Organized by ITEMA, Bilol M\u00fcmessillik and Alfredo M\u00fcmessillik in Bursa, in the 2nd Innovation Roadshow, airjet A9500 and\u00a0 rapier R9500 weaving machines were presented to Turkish weavers. Itema, leading supplier of best-in-class weaving machines, spare parts and integrated services, \u00a0held the 2nd Bursa Innovation Roadshow on 8-9 March 2017, after the great success of the [&hellip;]<\/p>\n","protected":false},"author":2,"featured_media":19376,"comment_status":"open","ping_status":"closed","sticky":false,"template":"","format":"standard","meta":{"footnotes":""},"categories":[9856],"tags":[10640,10883,11035,10340],"class_list":{"0":"post-16921","1":"post","2":"type-post","3":"status-publish","4":"format-standard","5":"has-post-thumbnail","7":"category-weaving","8":"tag-alfredo-modiano-mumessillik-en","9":"tag-bilol-mumessillik-en","10":"tag-christian-straubhaar-en","11":"tag-itema"},"yoast_head":"<!-- This site is optimized with the Yoast SEO Premium plugin v27.3 (Yoast SEO v27.3) - https:\/\/yoast.com\/product\/yoast-seo-premium-wordpress\/ -->\n<title>2nd Innovation Roadshow in Bursa Carried Out by Itema - Textilegence<\/title>\n<meta name=\"description\" content=\"Organized by ITEMA, Bilol M\u00fcmessillik and Alfredo M\u00fcmessillik in Bursa, in the 2nd Innovation Roadshow, airjet A9500 and\u00a0 rapier R9500 weaving machines...\" \/>\n<meta name=\"robots\" content=\"index, follow, max-snippet:-1, max-image-preview:large, max-video-preview:-1\" \/>\n<link rel=\"canonical\" href=\"https:\/\/www.textilegence.com\/en\/itema-carried-out-the-2nd-innovation-roadshow-in-bursa\/\" \/>\n<meta property=\"og:locale\" content=\"en_US\" \/>\n<meta property=\"og:type\" content=\"article\" \/>\n<meta property=\"og:title\" content=\"ITEMA Carried out The 2nd Innovation Roadshow in Bursa\" \/>\n<meta property=\"og:description\" content=\"Organized by ITEMA, Bilol M\u00fcmessillik and Alfredo M\u00fcmessillik in Bursa, in the 2nd Innovation Roadshow, airjet A9500 and\u00a0 rapier R9500 weaving machines\" \/>\n<meta property=\"og:url\" content=\"https:\/\/www.textilegence.com\/en\/itema-carried-out-the-2nd-innovation-roadshow-in-bursa\/\" \/>\n<meta property=\"og:site_name\" content=\"Textilegence Magazine and Digital Platform\" \/>\n<meta property=\"article:publisher\" content=\"https:\/\/www.facebook.com\/TextilegenceMagazine\" \/>\n<meta property=\"article:author\" content=\"https:\/\/www.facebook.com\/TextilegenceMagazine\" \/>\n<meta property=\"article:published_time\" content=\"2017-03-20T09:09:51+00:00\" \/>\n<meta property=\"article:modified_time\" content=\"2019-01-11T08:49:03+00:00\" \/>\n<meta property=\"og:image\" content=\"https:\/\/www.textilegence.com\/wp-content\/uploads\/2017\/03\/Itema-Textilegence.jpg\" \/>\n\t<meta property=\"og:image:width\" content=\"742\" \/>\n\t<meta property=\"og:image:height\" content=\"486\" \/>\n\t<meta property=\"og:image:type\" content=\"image\/jpeg\" \/>\n<meta name=\"author\" content=\"Engin Buz\" \/>\n<meta name=\"twitter:card\" content=\"summary_large_image\" \/>\n<meta name=\"twitter:creator\" content=\"@https:\/\/twitter.com\/textilegence\" \/>\n<meta name=\"twitter:site\" content=\"@textilegence\" \/>\n<meta name=\"twitter:label1\" content=\"Written by\" \/>\n\t<meta name=\"twitter:data1\" content=\"Engin Buz\" \/>\n\t<meta name=\"twitter:label2\" content=\"Est. reading time\" \/>\n\t<meta name=\"twitter:data2\" content=\"5 minutes\" \/>\n<script type=\"application\/ld+json\" class=\"yoast-schema-graph\">{\"@context\":\"https:\\\/\\\/schema.org\",\"@graph\":[{\"@type\":\"NewsArticle\",\"@id\":\"https:\\\/\\\/www.textilegence.com\\\/en\\\/itema-carried-out-the-2nd-innovation-roadshow-in-bursa\\\/#article\",\"isPartOf\":{\"@id\":\"https:\\\/\\\/www.textilegence.com\\\/en\\\/itema-carried-out-the-2nd-innovation-roadshow-in-bursa\\\/\"},\"author\":{\"name\":\"Engin Buz\",\"@id\":\"https:\\\/\\\/www.textilegence.com\\\/en\\\/#\\\/schema\\\/person\\\/46ccc7bfc34edbc7d46b6b189f88849f\"},\"headline\":\"ITEMA Carried out The 2nd Innovation Roadshow in Bursa\",\"datePublished\":\"2017-03-20T09:09:51+00:00\",\"dateModified\":\"2019-01-11T08:49:03+00:00\",\"mainEntityOfPage\":{\"@id\":\"https:\\\/\\\/www.textilegence.com\\\/en\\\/itema-carried-out-the-2nd-innovation-roadshow-in-bursa\\\/\"},\"wordCount\":942,\"commentCount\":0,\"publisher\":{\"@id\":\"https:\\\/\\\/www.textilegence.com\\\/en\\\/#organization\"},\"image\":{\"@id\":\"https:\\\/\\\/www.textilegence.com\\\/en\\\/itema-carried-out-the-2nd-innovation-roadshow-in-bursa\\\/#primaryimage\"},\"thumbnailUrl\":\"https:\\\/\\\/www.textilegence.com\\\/wp-content\\\/uploads\\\/2017\\\/03\\\/Itema-Textilegence.jpg\",\"keywords\":[\"alfredo modiano m\u00fcmessillik\",\"bilol m\u00fcmessillik\",\"christian straubhaar\",\"itema\"],\"articleSection\":[\"Weaving\"],\"inLanguage\":\"en-US\",\"potentialAction\":[{\"@type\":\"CommentAction\",\"name\":\"Comment\",\"target\":[\"https:\\\/\\\/www.textilegence.com\\\/en\\\/itema-carried-out-the-2nd-innovation-roadshow-in-bursa\\\/#respond\"]}]},{\"@type\":\"WebPage\",\"@id\":\"https:\\\/\\\/www.textilegence.com\\\/en\\\/itema-carried-out-the-2nd-innovation-roadshow-in-bursa\\\/\",\"url\":\"https:\\\/\\\/www.textilegence.com\\\/en\\\/itema-carried-out-the-2nd-innovation-roadshow-in-bursa\\\/\",\"name\":\"2nd Innovation Roadshow in Bursa Carried Out by Itema - Textilegence\",\"isPartOf\":{\"@id\":\"https:\\\/\\\/www.textilegence.com\\\/en\\\/#website\"},\"primaryImageOfPage\":{\"@id\":\"https:\\\/\\\/www.textilegence.com\\\/en\\\/itema-carried-out-the-2nd-innovation-roadshow-in-bursa\\\/#primaryimage\"},\"image\":{\"@id\":\"https:\\\/\\\/www.textilegence.com\\\/en\\\/itema-carried-out-the-2nd-innovation-roadshow-in-bursa\\\/#primaryimage\"},\"thumbnailUrl\":\"https:\\\/\\\/www.textilegence.com\\\/wp-content\\\/uploads\\\/2017\\\/03\\\/Itema-Textilegence.jpg\",\"datePublished\":\"2017-03-20T09:09:51+00:00\",\"dateModified\":\"2019-01-11T08:49:03+00:00\",\"description\":\"Organized by ITEMA, Bilol M\u00fcmessillik and Alfredo M\u00fcmessillik in Bursa, in the 2nd Innovation Roadshow, airjet A9500 and\u00a0 rapier R9500 weaving machines...\",\"breadcrumb\":{\"@id\":\"https:\\\/\\\/www.textilegence.com\\\/en\\\/itema-carried-out-the-2nd-innovation-roadshow-in-bursa\\\/#breadcrumb\"},\"inLanguage\":\"en-US\",\"potentialAction\":[{\"@type\":\"ReadAction\",\"target\":[\"https:\\\/\\\/www.textilegence.com\\\/en\\\/itema-carried-out-the-2nd-innovation-roadshow-in-bursa\\\/\"]}]},{\"@type\":\"ImageObject\",\"inLanguage\":\"en-US\",\"@id\":\"https:\\\/\\\/www.textilegence.com\\\/en\\\/itema-carried-out-the-2nd-innovation-roadshow-in-bursa\\\/#primaryimage\",\"url\":\"https:\\\/\\\/www.textilegence.com\\\/wp-content\\\/uploads\\\/2017\\\/03\\\/Itema-Textilegence.jpg\",\"contentUrl\":\"https:\\\/\\\/www.textilegence.com\\\/wp-content\\\/uploads\\\/2017\\\/03\\\/Itema-Textilegence.jpg\",\"width\":742,\"height\":486,\"caption\":\"ITEMA Carried out The 2nd Innovation Roadshow in Bursa\"},{\"@type\":\"BreadcrumbList\",\"@id\":\"https:\\\/\\\/www.textilegence.com\\\/en\\\/itema-carried-out-the-2nd-innovation-roadshow-in-bursa\\\/#breadcrumb\",\"itemListElement\":[{\"@type\":\"ListItem\",\"position\":1,\"name\":\"Home Page\",\"item\":\"https:\\\/\\\/www.textilegence.com\\\/en\\\/homepage-the-rimont\\\/\"},{\"@type\":\"ListItem\",\"position\":2,\"name\":\"Weaving\",\"item\":\"https:\\\/\\\/www.textilegence.com\\\/en\\\/category\\\/weaving\\\/\"},{\"@type\":\"ListItem\",\"position\":3,\"name\":\"ITEMA Carried out The 2nd Innovation Roadshow in Bursa\"}]},{\"@type\":\"WebSite\",\"@id\":\"https:\\\/\\\/www.textilegence.com\\\/en\\\/#website\",\"url\":\"https:\\\/\\\/www.textilegence.com\\\/en\\\/\",\"name\":\"Textilegence Magazine and Digital Platform\",\"description\":\"Textile News Center\",\"publisher\":{\"@id\":\"https:\\\/\\\/www.textilegence.com\\\/en\\\/#organization\"},\"potentialAction\":[{\"@type\":\"SearchAction\",\"target\":{\"@type\":\"EntryPoint\",\"urlTemplate\":\"https:\\\/\\\/www.textilegence.com\\\/en\\\/?s={search_term_string}\"},\"query-input\":{\"@type\":\"PropertyValueSpecification\",\"valueRequired\":true,\"valueName\":\"search_term_string\"}}],\"inLanguage\":\"en-US\"},{\"@type\":\"Organization\",\"@id\":\"https:\\\/\\\/www.textilegence.com\\\/en\\\/#organization\",\"name\":\"Textilegence Magazine and Digital Platform\",\"url\":\"https:\\\/\\\/www.textilegence.com\\\/en\\\/\",\"logo\":{\"@type\":\"ImageObject\",\"inLanguage\":\"en-US\",\"@id\":\"https:\\\/\\\/www.textilegence.com\\\/en\\\/#\\\/schema\\\/logo\\\/image\\\/\",\"url\":\"https:\\\/\\\/www.textilegence.com\\\/wp-content\\\/uploads\\\/2016\\\/11\\\/New_Retina_Logo_Textilegence.png\",\"contentUrl\":\"https:\\\/\\\/www.textilegence.com\\\/wp-content\\\/uploads\\\/2016\\\/11\\\/New_Retina_Logo_Textilegence.png\",\"width\":544,\"height\":180,\"caption\":\"Textilegence Magazine and Digital Platform\"},\"image\":{\"@id\":\"https:\\\/\\\/www.textilegence.com\\\/en\\\/#\\\/schema\\\/logo\\\/image\\\/\"},\"sameAs\":[\"https:\\\/\\\/www.facebook.com\\\/TextilegenceMagazine\",\"https:\\\/\\\/x.com\\\/textilegence\",\"https:\\\/\\\/www.instagram.com\\\/textilegence\\\/\",\"https:\\\/\\\/www.linkedin.com\\\/groups\\\/Textilegence-Magazine-Digital-Platform-4897253\",\"https:\\\/\\\/www.youtube.com\\\/user\\\/textilegence\"],\"description\":\"Textilegence is a magazine and digital platform established in 2013. It focuses on the textile industry and sub-segments. The platform provides news, articles, and updates on various aspects of the textile industry, including sustainability, technological advancements, and market trends.\",\"email\":\"editor@textilegence.com\",\"telephone\":\"+90 212 442 24 12\",\"legalName\":\"Textilegence Mag and Digital Platform\",\"foundingDate\":\"2013-01-01\",\"numberOfEmployees\":{\"@type\":\"QuantitativeValue\",\"minValue\":\"1\",\"maxValue\":\"10\"}},{\"@type\":\"Person\",\"@id\":\"https:\\\/\\\/www.textilegence.com\\\/en\\\/#\\\/schema\\\/person\\\/46ccc7bfc34edbc7d46b6b189f88849f\",\"name\":\"Engin Buz\",\"image\":{\"@type\":\"ImageObject\",\"inLanguage\":\"en-US\",\"@id\":\"https:\\\/\\\/www.textilegence.com\\\/wp-content\\\/uploads\\\/2018\\\/12\\\/engin-buz.jpg\",\"url\":\"https:\\\/\\\/www.textilegence.com\\\/wp-content\\\/uploads\\\/2018\\\/12\\\/engin-buz.jpg\",\"contentUrl\":\"https:\\\/\\\/www.textilegence.com\\\/wp-content\\\/uploads\\\/2018\\\/12\\\/engin-buz.jpg\",\"caption\":\"Engin Buz\"},\"description\":\"Engin Buz, Ankara \u00dcniversitesi \u0130leti\u015fim Fak\u00fcltesi Gazetecilik B\u00f6l\u00fcm\u00fc\u2019nden mezun olduktan sonra Y\u0131ld\u0131z Teknik \u00dcniversitesi\u2019nde Siyaset Bilimi ve Uluslararas\u0131 \u0130li\u015fkiler alan\u0131nda y\u00fcksek lisans\u0131n\u0131 tamamlam\u0131\u015ft\u0131r. 2000 y\u0131l\u0131ndan sonra \u00e7e\u015fitli yay\u0131nc\u0131l\u0131k \u015firketlerinde \u00e7al\u0131\u015fmaya ba\u015flayarak k\u00fclt\u00fcr-sanat ve daha sonra ekonomi haberleri haz\u0131rlam\u0131\u015ft\u0131r. 2009 y\u0131l\u0131ndan itibaren tekstil end\u00fcstrisine d\u00f6n\u00fck yay\u0131nlarda edit\u00f6r olarak g\u00f6rev alan Buz, 2013 itibariyle kurulan Textilegence\u2019de haber edit\u00f6r\u00fc olarak yer almaya ba\u015flam\u0131\u015ft\u0131r. Engin Buz halen ba\u015fta tekstil ve dijital bask\u0131 end\u00fcstrileri olmak \u00fczere ekonomi haberleri haz\u0131rlamaktad\u0131r.\",\"sameAs\":[\"https:\\\/\\\/www.textilegence.com\",\"https:\\\/\\\/www.facebook.com\\\/TextilegenceMagazine\",\"https:\\\/\\\/www.instagram.com\\\/textilegence\\\/\",\"https:\\\/\\\/www.linkedin.com\\\/in\\\/engin-buz-6190799a\\\/\",\"https:\\\/\\\/x.com\\\/https:\\\/\\\/twitter.com\\\/textilegence\"],\"url\":\"https:\\\/\\\/www.textilegence.com\\\/en\\\/author\\\/engin-buz\\\/\"}]}<\/script>\n<!-- \/ Yoast SEO Premium plugin. -->","yoast_head_json":{"title":"2nd Innovation Roadshow in Bursa Carried Out by Itema - Textilegence","description":"Organized by ITEMA, Bilol M\u00fcmessillik and Alfredo M\u00fcmessillik in Bursa, in the 2nd Innovation Roadshow, airjet A9500 and\u00a0 rapier R9500 weaving machines...","robots":{"index":"index","follow":"follow","max-snippet":"max-snippet:-1","max-image-preview":"max-image-preview:large","max-video-preview":"max-video-preview:-1"},"canonical":"https:\/\/www.textilegence.com\/en\/itema-carried-out-the-2nd-innovation-roadshow-in-bursa\/","og_locale":"en_US","og_type":"article","og_title":"ITEMA Carried out The 2nd Innovation Roadshow in Bursa","og_description":"Organized by ITEMA, Bilol M\u00fcmessillik and Alfredo M\u00fcmessillik in Bursa, in the 2nd Innovation Roadshow, airjet A9500 and\u00a0 rapier R9500 weaving machines","og_url":"https:\/\/www.textilegence.com\/en\/itema-carried-out-the-2nd-innovation-roadshow-in-bursa\/","og_site_name":"Textilegence Magazine and Digital Platform","article_publisher":"https:\/\/www.facebook.com\/TextilegenceMagazine","article_author":"https:\/\/www.facebook.com\/TextilegenceMagazine","article_published_time":"2017-03-20T09:09:51+00:00","article_modified_time":"2019-01-11T08:49:03+00:00","og_image":[{"width":742,"height":486,"url":"https:\/\/www.textilegence.com\/wp-content\/uploads\/2017\/03\/Itema-Textilegence.jpg","type":"image\/jpeg"}],"author":"Engin Buz","twitter_card":"summary_large_image","twitter_creator":"@https:\/\/twitter.com\/textilegence","twitter_site":"@textilegence","twitter_misc":{"Written by":"Engin Buz","Est. reading time":"5 minutes"},"schema":{"@context":"https:\/\/schema.org","@graph":[{"@type":"NewsArticle","@id":"https:\/\/www.textilegence.com\/en\/itema-carried-out-the-2nd-innovation-roadshow-in-bursa\/#article","isPartOf":{"@id":"https:\/\/www.textilegence.com\/en\/itema-carried-out-the-2nd-innovation-roadshow-in-bursa\/"},"author":{"name":"Engin Buz","@id":"https:\/\/www.textilegence.com\/en\/#\/schema\/person\/46ccc7bfc34edbc7d46b6b189f88849f"},"headline":"ITEMA Carried out The 2nd Innovation Roadshow in Bursa","datePublished":"2017-03-20T09:09:51+00:00","dateModified":"2019-01-11T08:49:03+00:00","mainEntityOfPage":{"@id":"https:\/\/www.textilegence.com\/en\/itema-carried-out-the-2nd-innovation-roadshow-in-bursa\/"},"wordCount":942,"commentCount":0,"publisher":{"@id":"https:\/\/www.textilegence.com\/en\/#organization"},"image":{"@id":"https:\/\/www.textilegence.com\/en\/itema-carried-out-the-2nd-innovation-roadshow-in-bursa\/#primaryimage"},"thumbnailUrl":"https:\/\/www.textilegence.com\/wp-content\/uploads\/2017\/03\/Itema-Textilegence.jpg","keywords":["alfredo modiano m\u00fcmessillik","bilol m\u00fcmessillik","christian straubhaar","itema"],"articleSection":["Weaving"],"inLanguage":"en-US","potentialAction":[{"@type":"CommentAction","name":"Comment","target":["https:\/\/www.textilegence.com\/en\/itema-carried-out-the-2nd-innovation-roadshow-in-bursa\/#respond"]}]},{"@type":"WebPage","@id":"https:\/\/www.textilegence.com\/en\/itema-carried-out-the-2nd-innovation-roadshow-in-bursa\/","url":"https:\/\/www.textilegence.com\/en\/itema-carried-out-the-2nd-innovation-roadshow-in-bursa\/","name":"2nd Innovation Roadshow in Bursa Carried Out by Itema - Textilegence","isPartOf":{"@id":"https:\/\/www.textilegence.com\/en\/#website"},"primaryImageOfPage":{"@id":"https:\/\/www.textilegence.com\/en\/itema-carried-out-the-2nd-innovation-roadshow-in-bursa\/#primaryimage"},"image":{"@id":"https:\/\/www.textilegence.com\/en\/itema-carried-out-the-2nd-innovation-roadshow-in-bursa\/#primaryimage"},"thumbnailUrl":"https:\/\/www.textilegence.com\/wp-content\/uploads\/2017\/03\/Itema-Textilegence.jpg","datePublished":"2017-03-20T09:09:51+00:00","dateModified":"2019-01-11T08:49:03+00:00","description":"Organized by ITEMA, Bilol M\u00fcmessillik and Alfredo M\u00fcmessillik in Bursa, in the 2nd Innovation Roadshow, airjet A9500 and\u00a0 rapier R9500 weaving machines...","breadcrumb":{"@id":"https:\/\/www.textilegence.com\/en\/itema-carried-out-the-2nd-innovation-roadshow-in-bursa\/#breadcrumb"},"inLanguage":"en-US","potentialAction":[{"@type":"ReadAction","target":["https:\/\/www.textilegence.com\/en\/itema-carried-out-the-2nd-innovation-roadshow-in-bursa\/"]}]},{"@type":"ImageObject","inLanguage":"en-US","@id":"https:\/\/www.textilegence.com\/en\/itema-carried-out-the-2nd-innovation-roadshow-in-bursa\/#primaryimage","url":"https:\/\/www.textilegence.com\/wp-content\/uploads\/2017\/03\/Itema-Textilegence.jpg","contentUrl":"https:\/\/www.textilegence.com\/wp-content\/uploads\/2017\/03\/Itema-Textilegence.jpg","width":742,"height":486,"caption":"ITEMA Carried out The 2nd Innovation Roadshow in Bursa"},{"@type":"BreadcrumbList","@id":"https:\/\/www.textilegence.com\/en\/itema-carried-out-the-2nd-innovation-roadshow-in-bursa\/#breadcrumb","itemListElement":[{"@type":"ListItem","position":1,"name":"Home Page","item":"https:\/\/www.textilegence.com\/en\/homepage-the-rimont\/"},{"@type":"ListItem","position":2,"name":"Weaving","item":"https:\/\/www.textilegence.com\/en\/category\/weaving\/"},{"@type":"ListItem","position":3,"name":"ITEMA Carried out The 2nd Innovation Roadshow in Bursa"}]},{"@type":"WebSite","@id":"https:\/\/www.textilegence.com\/en\/#website","url":"https:\/\/www.textilegence.com\/en\/","name":"Textilegence Magazine and Digital Platform","description":"Textile News Center","publisher":{"@id":"https:\/\/www.textilegence.com\/en\/#organization"},"potentialAction":[{"@type":"SearchAction","target":{"@type":"EntryPoint","urlTemplate":"https:\/\/www.textilegence.com\/en\/?s={search_term_string}"},"query-input":{"@type":"PropertyValueSpecification","valueRequired":true,"valueName":"search_term_string"}}],"inLanguage":"en-US"},{"@type":"Organization","@id":"https:\/\/www.textilegence.com\/en\/#organization","name":"Textilegence Magazine and Digital Platform","url":"https:\/\/www.textilegence.com\/en\/","logo":{"@type":"ImageObject","inLanguage":"en-US","@id":"https:\/\/www.textilegence.com\/en\/#\/schema\/logo\/image\/","url":"https:\/\/www.textilegence.com\/wp-content\/uploads\/2016\/11\/New_Retina_Logo_Textilegence.png","contentUrl":"https:\/\/www.textilegence.com\/wp-content\/uploads\/2016\/11\/New_Retina_Logo_Textilegence.png","width":544,"height":180,"caption":"Textilegence Magazine and Digital Platform"},"image":{"@id":"https:\/\/www.textilegence.com\/en\/#\/schema\/logo\/image\/"},"sameAs":["https:\/\/www.facebook.com\/TextilegenceMagazine","https:\/\/x.com\/textilegence","https:\/\/www.instagram.com\/textilegence\/","https:\/\/www.linkedin.com\/groups\/Textilegence-Magazine-Digital-Platform-4897253","https:\/\/www.youtube.com\/user\/textilegence"],"description":"Textilegence is a magazine and digital platform established in 2013. It focuses on the textile industry and sub-segments. The platform provides news, articles, and updates on various aspects of the textile industry, including sustainability, technological advancements, and market trends.","email":"editor@textilegence.com","telephone":"+90 212 442 24 12","legalName":"Textilegence Mag and Digital Platform","foundingDate":"2013-01-01","numberOfEmployees":{"@type":"QuantitativeValue","minValue":"1","maxValue":"10"}},{"@type":"Person","@id":"https:\/\/www.textilegence.com\/en\/#\/schema\/person\/46ccc7bfc34edbc7d46b6b189f88849f","name":"Engin Buz","image":{"@type":"ImageObject","inLanguage":"en-US","@id":"https:\/\/www.textilegence.com\/wp-content\/uploads\/2018\/12\/engin-buz.jpg","url":"https:\/\/www.textilegence.com\/wp-content\/uploads\/2018\/12\/engin-buz.jpg","contentUrl":"https:\/\/www.textilegence.com\/wp-content\/uploads\/2018\/12\/engin-buz.jpg","caption":"Engin Buz"},"description":"Engin Buz, Ankara \u00dcniversitesi \u0130leti\u015fim Fak\u00fcltesi Gazetecilik B\u00f6l\u00fcm\u00fc\u2019nden mezun olduktan sonra Y\u0131ld\u0131z Teknik \u00dcniversitesi\u2019nde Siyaset Bilimi ve Uluslararas\u0131 \u0130li\u015fkiler alan\u0131nda y\u00fcksek lisans\u0131n\u0131 tamamlam\u0131\u015ft\u0131r. 2000 y\u0131l\u0131ndan sonra \u00e7e\u015fitli yay\u0131nc\u0131l\u0131k \u015firketlerinde \u00e7al\u0131\u015fmaya ba\u015flayarak k\u00fclt\u00fcr-sanat ve daha sonra ekonomi haberleri haz\u0131rlam\u0131\u015ft\u0131r. 2009 y\u0131l\u0131ndan itibaren tekstil end\u00fcstrisine d\u00f6n\u00fck yay\u0131nlarda edit\u00f6r olarak g\u00f6rev alan Buz, 2013 itibariyle kurulan Textilegence\u2019de haber edit\u00f6r\u00fc olarak yer almaya ba\u015flam\u0131\u015ft\u0131r. Engin Buz halen ba\u015fta tekstil ve dijital bask\u0131 end\u00fcstrileri olmak \u00fczere ekonomi haberleri haz\u0131rlamaktad\u0131r.","sameAs":["https:\/\/www.textilegence.com","https:\/\/www.facebook.com\/TextilegenceMagazine","https:\/\/www.instagram.com\/textilegence\/","https:\/\/www.linkedin.com\/in\/engin-buz-6190799a\/","https:\/\/x.com\/https:\/\/twitter.com\/textilegence"],"url":"https:\/\/www.textilegence.com\/en\/author\/engin-buz\/"}]}},"_links":{"self":[{"href":"https:\/\/www.textilegence.com\/en\/wp-json\/wp\/v2\/posts\/16921","targetHints":{"allow":["GET"]}}],"collection":[{"href":"https:\/\/www.textilegence.com\/en\/wp-json\/wp\/v2\/posts"}],"about":[{"href":"https:\/\/www.textilegence.com\/en\/wp-json\/wp\/v2\/types\/post"}],"author":[{"embeddable":true,"href":"https:\/\/www.textilegence.com\/en\/wp-json\/wp\/v2\/users\/2"}],"replies":[{"embeddable":true,"href":"https:\/\/www.textilegence.com\/en\/wp-json\/wp\/v2\/comments?post=16921"}],"version-history":[{"count":0,"href":"https:\/\/www.textilegence.com\/en\/wp-json\/wp\/v2\/posts\/16921\/revisions"}],"wp:featuredmedia":[{"embeddable":true,"href":"https:\/\/www.textilegence.com\/en\/wp-json\/wp\/v2\/media\/19376"}],"wp:attachment":[{"href":"https:\/\/www.textilegence.com\/en\/wp-json\/wp\/v2\/media?parent=16921"}],"wp:term":[{"taxonomy":"category","embeddable":true,"href":"https:\/\/www.textilegence.com\/en\/wp-json\/wp\/v2\/categories?post=16921"},{"taxonomy":"post_tag","embeddable":true,"href":"https:\/\/www.textilegence.com\/en\/wp-json\/wp\/v2\/tags?post=16921"}],"curies":[{"name":"wp","href":"https:\/\/api.w.org\/{rel}","templated":true}]}}