{"id":16937,"date":"2017-03-28T15:47:45","date_gmt":"2017-03-28T12:47:45","guid":{"rendered":"http:\/\/localhost\/textilegence\/allma-technocorder-tc2-with-even-more-fexibility-at-techtextil-2017\/"},"modified":"2018-11-06T13:31:02","modified_gmt":"2018-11-06T10:31:02","slug":"allma-technocorder-tc2-with-even-more-fexibility-at-techtextil-2017","status":"publish","type":"post","link":"https:\/\/www.textilegence.com\/en\/allma-technocorder-tc2-with-even-more-fexibility-at-techtextil-2017\/","title":{"rendered":"Allma TechnoCorder TC2 With Even More Fexibility at Techtextil 2017"},"content":{"rendered":"<figure id=\"attachment_14071\" aria-describedby=\"caption-attachment-14071\" style=\"width: 432px\" class=\"wp-caption alignleft\"><img loading=\"lazy\" decoding=\"async\" class=\"wp-image-14071 size-medium\" src=\"https:\/\/www.textilegence.com\/wp-content\/uploads\/2017\/03\/Allma_TechnoCorder_TC2-432x250.jpg\" alt=\"Allma TechnoCorder TC2 With Even More Fexibility at Techtextil 2017\" width=\"432\" height=\"250\" srcset=\"https:\/\/www.textilegence.com\/wp-content\/uploads\/2017\/03\/Allma_TechnoCorder_TC2-432x250.jpg 432w, https:\/\/www.textilegence.com\/wp-content\/uploads\/2017\/03\/Allma_TechnoCorder_TC2-768x444.jpg 768w, https:\/\/www.textilegence.com\/wp-content\/uploads\/2017\/03\/Allma_TechnoCorder_TC2-600x347.jpg 600w, https:\/\/www.textilegence.com\/wp-content\/uploads\/2017\/03\/Allma_TechnoCorder_TC2-696x403.jpg 696w, https:\/\/www.textilegence.com\/wp-content\/uploads\/2017\/03\/Allma_TechnoCorder_TC2-1068x618.jpg 1068w, https:\/\/www.textilegence.com\/wp-content\/uploads\/2017\/03\/Allma_TechnoCorder_TC2-726x420.jpg 726w, https:\/\/www.textilegence.com\/wp-content\/uploads\/2017\/03\/Allma_TechnoCorder_TC2.jpg 1890w\" sizes=\"auto, (max-width: 432px) 100vw, 432px\" \/><figcaption id=\"caption-attachment-14071\" class=\"wp-caption-text\">Allma TechnoCorder TC2 With Even More Fexibility at Techtextil 2017<\/figcaption><\/figure>\n<p style=\"text-align: justify;\">Techtextil is the leading international trade fair for technical textiles and nonwovens and will again attract many expert visitors to Frankfurt from 9 to 12 May 2017. <a href=\"http:\/\/saurer.com\/en\/saurer\/\">Saurer <\/a>Allma is delighted to welcome customers and visitors to its stand D02 in hall 3.0 and inform them about the latest developments in twisting technology for industrial yarns. On the two-for-one twisting machine TechnoCorder TC2 for industrial yarns for example up to 9-ply yarn constructions can now be processed. The innovative FlexiPly device allows for the production of innovative hybrid yarns.<\/p>\n<p style=\"text-align: justify;\">As a leading company in twisting and cabling of industrial yarns and tire cord, Allma sets benchmarks in terms of flexibility, productivity and quality.<\/p>\n<h5 style=\"text-align: justify;\"><strong>High-quality premium yarns with even more flexibility<\/strong><\/h5>\n<p style=\"text-align: justify;\">The TechnoCorder TC2 is characterised in particular by its unique flexibility in production, material and yarn counts of industrial yarns. Self-sufficient spindle drives allow for such production flexibility that individual items can be processed on each separate spindle. With the innovative FlexiPly software you can economically produce the hybrid yarn constructions expected by the market on the TechnoCorder TC2. Through the use of different materials such as polyamide and aramid and different twists, yarns with new characteristics are created for technical textiles, tires and mechanical rubber goods (MRG).<\/p>\n<p style=\"text-align: justify;\">A novelty is the extension of the FlexiPly device. The new software allows for multiple constructions of up to 9-ply. The possibility of equipping the machine for processing PE-\/PP tapes and monofilaments provides the customers with additional material flexibility.<\/p>\n<p style=\"text-align: justify;\">The two spindle gauges 670 and 830 mm enormously widen the yarn count range from 235 to 33,000 dtex, enabling both very fine and very coarse yarns to be processed in high quality on the TechnoCorder TC2.<\/p>\n<h5 style=\"text-align: justify;\"><strong>Maximum productivity and top quality<\/strong><\/h5>\n<p style=\"text-align: justify;\">The delivery speed of 400 m\/min is world class in twisting industrial yarns. The TechnoCorder TC2 guarantees excellent yarn quality and allows for twist packages with high density and perfect appearance thanks to the process monitoring, optimum yarn path geometry as well as gentle and low-tension thread guidance. To increase productivity even further, the High Speed Package (HSP) was developed, which increases the unwinding speed to 150 m\/min (cross-wound package) and 180 m\/min (flanged bobbin) when using a campanello.<\/p>\n<p style=\"text-align: justify;\">Energy-optimised drives and the slim yarn balloon enhance the machine&#8217;s energy balance. The innovative spindle concept and ergonomic arrangement of the main elements ensure the particularly high operating convenience. With the new developments, Allma offers an innovative and economical production machine for bespoke customer solutions; that are tailored to the highly dynamic market of technical textiles.<\/p>\n<h5 style=\"text-align: justify;\"><strong>About Allma Volkmann:<\/strong><\/h5>\n<p style=\"text-align: justify;\">Within the Saurer Group, Allma in Kempten and Volkmann in Krefeld make up the business unit Allma Volkmann. Allma and Volkmann are the leaders in the world of twisting and cabling technology. Allma and Volkmann have been consistently setting milestones in the production of twisting and cabling machines for decades. As a leader in innovation, Allma provides worldwide leading and energy efficient technology for tire cord and industrial yarns. Volkmann stands for high quality twisting and cabling machines for staple fibre yarns, carpet yarns and glass filament yarns. The global success in the market segments is based on many years of intensive cooperation with customers. As supplier for complete solutions and overall concepts, they enjoy an excellent reputation. Them products are the result of a wide experience built over many generations; paired with today\u2019s knowledge for the textile future.<\/p>\n<h5 style=\"text-align: justify;\"><strong>About Saurer Group:<\/strong><\/h5>\n<p style=\"text-align: justify;\">The Saurer Group is a leading textile industry group mainly specialising in machinery and components for yarn processing. Saurer unites the spinning brands Schlafhorst and Zinser, the twisting brands of Allma and Volkmann, pre-spinning brand Jintan and the <a href=\"https:\/\/www.textilegence.com\/en\/bilol-ltd-and-saurer-embroidery-introduce-innovations\/\" target=\"_blank\" rel=\"noopener\">Saurer Embroidery<\/a> brand along with the Saurer Components division consisting of the brands Accotex, Daytex, Fibrevision, Temco and Texparts. With annual sales around 1.0 billion EUR, 4,000 employees world- wide and locations in; Switzerland, Germany, United Kingdom, Czech Republic, Turkey, Brazil, Mexico, USA, China, India and Singapore; the group is well positioned to serve the world\u2019s textile industry centres.<\/p>\n","protected":false},"excerpt":{"rendered":"<p>Techtextil is the leading international trade fair for technical textiles and nonwovens and will again attract many expert visitors to Frankfurt from 9 to 12 May 2017. Saurer Allma is delighted to welcome customers and visitors to its stand D02 in hall 3.0 and inform them about the latest developments in twisting technology for industrial [&hellip;]<\/p>\n","protected":false},"author":2,"featured_media":19390,"comment_status":"open","ping_status":"closed","sticky":false,"template":"","format":"standard","meta":{"footnotes":""},"categories":[9866],"tags":[10031,10033,10047],"class_list":{"0":"post-16937","1":"post","2":"type-post","3":"status-publish","4":"format-standard","5":"has-post-thumbnail","7":"category-technical-textiles","8":"tag-allma-en","9":"tag-saurer-en","10":"tag-techtextil-2017-en"},"yoast_head":"<!-- This site is optimized with the Yoast SEO Premium plugin v27.3 (Yoast SEO v27.3) - https:\/\/yoast.com\/product\/yoast-seo-premium-wordpress\/ -->\n<title>Allma TechnoCorder TC2 at Techtextil 2017 - Textilegence<\/title>\n<meta name=\"description\" content=\"Techtextil is the leading international trade fair for technical textiles and nonwovens and will again attract many expert visitors to Frankfurt from 9 to 12 May 2017. Saurer Allma is delighted to welcome customers and visitors to its stand D02 in hall 3.0.\" \/>\n<meta name=\"robots\" content=\"index, follow, max-snippet:-1, max-image-preview:large, max-video-preview:-1\" \/>\n<link rel=\"canonical\" href=\"https:\/\/www.textilegence.com\/en\/allma-technocorder-tc2-with-even-more-fexibility-at-techtextil-2017\/\" \/>\n<meta property=\"og:locale\" content=\"en_US\" \/>\n<meta property=\"og:type\" content=\"article\" \/>\n<meta property=\"og:title\" content=\"Allma TechnoCorder TC2 With Even More Fexibility at Techtextil 2017\" \/>\n<meta property=\"og:description\" content=\"Techtextil is the leading international trade fair for technical textiles and nonwovens and will again attract many expert visitors to Frankfurt from 9 to\" \/>\n<meta property=\"og:url\" content=\"https:\/\/www.textilegence.com\/en\/allma-technocorder-tc2-with-even-more-fexibility-at-techtextil-2017\/\" \/>\n<meta property=\"og:site_name\" content=\"Textilegence Magazine and Digital Platform\" \/>\n<meta property=\"article:publisher\" content=\"https:\/\/www.facebook.com\/TextilegenceMagazine\" \/>\n<meta property=\"article:author\" content=\"https:\/\/www.facebook.com\/TextilegenceMagazine\" \/>\n<meta property=\"article:published_time\" content=\"2017-03-28T12:47:45+00:00\" \/>\n<meta property=\"article:modified_time\" content=\"2018-11-06T10:31:02+00:00\" \/>\n<meta property=\"og:image\" content=\"https:\/\/www.textilegence.com\/wp-content\/uploads\/2017\/03\/Allma-TecnoCodrder-TC2-Textilegence.jpg\" \/>\n\t<meta property=\"og:image:width\" content=\"742\" \/>\n\t<meta property=\"og:image:height\" content=\"486\" \/>\n\t<meta property=\"og:image:type\" content=\"image\/jpeg\" \/>\n<meta name=\"author\" content=\"Engin Buz\" \/>\n<meta name=\"twitter:card\" content=\"summary_large_image\" \/>\n<meta name=\"twitter:creator\" content=\"@https:\/\/twitter.com\/textilegence\" \/>\n<meta name=\"twitter:site\" content=\"@textilegence\" \/>\n<meta name=\"twitter:label1\" content=\"Written by\" \/>\n\t<meta name=\"twitter:data1\" content=\"Engin Buz\" \/>\n\t<meta name=\"twitter:label2\" content=\"Est. reading time\" \/>\n\t<meta name=\"twitter:data2\" content=\"3 minutes\" \/>\n<script type=\"application\/ld+json\" class=\"yoast-schema-graph\">{\"@context\":\"https:\\\/\\\/schema.org\",\"@graph\":[{\"@type\":\"NewsArticle\",\"@id\":\"https:\\\/\\\/www.textilegence.com\\\/en\\\/allma-technocorder-tc2-with-even-more-fexibility-at-techtextil-2017\\\/#article\",\"isPartOf\":{\"@id\":\"https:\\\/\\\/www.textilegence.com\\\/en\\\/allma-technocorder-tc2-with-even-more-fexibility-at-techtextil-2017\\\/\"},\"author\":{\"name\":\"Engin Buz\",\"@id\":\"https:\\\/\\\/www.textilegence.com\\\/en\\\/#\\\/schema\\\/person\\\/46ccc7bfc34edbc7d46b6b189f88849f\"},\"headline\":\"Allma TechnoCorder TC2 With Even More Fexibility at Techtextil 2017\",\"datePublished\":\"2017-03-28T12:47:45+00:00\",\"dateModified\":\"2018-11-06T10:31:02+00:00\",\"mainEntityOfPage\":{\"@id\":\"https:\\\/\\\/www.textilegence.com\\\/en\\\/allma-technocorder-tc2-with-even-more-fexibility-at-techtextil-2017\\\/\"},\"wordCount\":685,\"commentCount\":0,\"publisher\":{\"@id\":\"https:\\\/\\\/www.textilegence.com\\\/en\\\/#organization\"},\"image\":{\"@id\":\"https:\\\/\\\/www.textilegence.com\\\/en\\\/allma-technocorder-tc2-with-even-more-fexibility-at-techtextil-2017\\\/#primaryimage\"},\"thumbnailUrl\":\"https:\\\/\\\/www.textilegence.com\\\/wp-content\\\/uploads\\\/2017\\\/03\\\/Allma-TecnoCodrder-TC2-Textilegence.jpg\",\"keywords\":[\"allma\",\"saurer\",\"Techtextil 2017\"],\"articleSection\":[\"Technical Textiles\"],\"inLanguage\":\"en-US\",\"potentialAction\":[{\"@type\":\"CommentAction\",\"name\":\"Comment\",\"target\":[\"https:\\\/\\\/www.textilegence.com\\\/en\\\/allma-technocorder-tc2-with-even-more-fexibility-at-techtextil-2017\\\/#respond\"]}]},{\"@type\":\"WebPage\",\"@id\":\"https:\\\/\\\/www.textilegence.com\\\/en\\\/allma-technocorder-tc2-with-even-more-fexibility-at-techtextil-2017\\\/\",\"url\":\"https:\\\/\\\/www.textilegence.com\\\/en\\\/allma-technocorder-tc2-with-even-more-fexibility-at-techtextil-2017\\\/\",\"name\":\"Allma TechnoCorder TC2 at Techtextil 2017 - Textilegence\",\"isPartOf\":{\"@id\":\"https:\\\/\\\/www.textilegence.com\\\/en\\\/#website\"},\"primaryImageOfPage\":{\"@id\":\"https:\\\/\\\/www.textilegence.com\\\/en\\\/allma-technocorder-tc2-with-even-more-fexibility-at-techtextil-2017\\\/#primaryimage\"},\"image\":{\"@id\":\"https:\\\/\\\/www.textilegence.com\\\/en\\\/allma-technocorder-tc2-with-even-more-fexibility-at-techtextil-2017\\\/#primaryimage\"},\"thumbnailUrl\":\"https:\\\/\\\/www.textilegence.com\\\/wp-content\\\/uploads\\\/2017\\\/03\\\/Allma-TecnoCodrder-TC2-Textilegence.jpg\",\"datePublished\":\"2017-03-28T12:47:45+00:00\",\"dateModified\":\"2018-11-06T10:31:02+00:00\",\"description\":\"Techtextil is the leading international trade fair for technical textiles and nonwovens and will again attract many expert visitors to Frankfurt from 9 to 12 May 2017. Saurer Allma is delighted to welcome customers and visitors to its stand D02 in hall 3.0.\",\"breadcrumb\":{\"@id\":\"https:\\\/\\\/www.textilegence.com\\\/en\\\/allma-technocorder-tc2-with-even-more-fexibility-at-techtextil-2017\\\/#breadcrumb\"},\"inLanguage\":\"en-US\",\"potentialAction\":[{\"@type\":\"ReadAction\",\"target\":[\"https:\\\/\\\/www.textilegence.com\\\/en\\\/allma-technocorder-tc2-with-even-more-fexibility-at-techtextil-2017\\\/\"]}]},{\"@type\":\"ImageObject\",\"inLanguage\":\"en-US\",\"@id\":\"https:\\\/\\\/www.textilegence.com\\\/en\\\/allma-technocorder-tc2-with-even-more-fexibility-at-techtextil-2017\\\/#primaryimage\",\"url\":\"https:\\\/\\\/www.textilegence.com\\\/wp-content\\\/uploads\\\/2017\\\/03\\\/Allma-TecnoCodrder-TC2-Textilegence.jpg\",\"contentUrl\":\"https:\\\/\\\/www.textilegence.com\\\/wp-content\\\/uploads\\\/2017\\\/03\\\/Allma-TecnoCodrder-TC2-Textilegence.jpg\",\"width\":742,\"height\":486,\"caption\":\"Allma TechnoCorder TC2 With Even More Fexibility at Techtextil 2017\"},{\"@type\":\"BreadcrumbList\",\"@id\":\"https:\\\/\\\/www.textilegence.com\\\/en\\\/allma-technocorder-tc2-with-even-more-fexibility-at-techtextil-2017\\\/#breadcrumb\",\"itemListElement\":[{\"@type\":\"ListItem\",\"position\":1,\"name\":\"Home Page\",\"item\":\"https:\\\/\\\/www.textilegence.com\\\/en\\\/homepage-the-rimont\\\/\"},{\"@type\":\"ListItem\",\"position\":2,\"name\":\"Technical Textiles\",\"item\":\"https:\\\/\\\/www.textilegence.com\\\/en\\\/category\\\/technical-textiles\\\/\"},{\"@type\":\"ListItem\",\"position\":3,\"name\":\"Allma TechnoCorder TC2 With Even More Fexibility at Techtextil 2017\"}]},{\"@type\":\"WebSite\",\"@id\":\"https:\\\/\\\/www.textilegence.com\\\/en\\\/#website\",\"url\":\"https:\\\/\\\/www.textilegence.com\\\/en\\\/\",\"name\":\"Textilegence Magazine and Digital Platform\",\"description\":\"Textile News Center\",\"publisher\":{\"@id\":\"https:\\\/\\\/www.textilegence.com\\\/en\\\/#organization\"},\"potentialAction\":[{\"@type\":\"SearchAction\",\"target\":{\"@type\":\"EntryPoint\",\"urlTemplate\":\"https:\\\/\\\/www.textilegence.com\\\/en\\\/?s={search_term_string}\"},\"query-input\":{\"@type\":\"PropertyValueSpecification\",\"valueRequired\":true,\"valueName\":\"search_term_string\"}}],\"inLanguage\":\"en-US\"},{\"@type\":\"Organization\",\"@id\":\"https:\\\/\\\/www.textilegence.com\\\/en\\\/#organization\",\"name\":\"Textilegence Magazine and Digital Platform\",\"url\":\"https:\\\/\\\/www.textilegence.com\\\/en\\\/\",\"logo\":{\"@type\":\"ImageObject\",\"inLanguage\":\"en-US\",\"@id\":\"https:\\\/\\\/www.textilegence.com\\\/en\\\/#\\\/schema\\\/logo\\\/image\\\/\",\"url\":\"https:\\\/\\\/www.textilegence.com\\\/wp-content\\\/uploads\\\/2016\\\/11\\\/New_Retina_Logo_Textilegence.png\",\"contentUrl\":\"https:\\\/\\\/www.textilegence.com\\\/wp-content\\\/uploads\\\/2016\\\/11\\\/New_Retina_Logo_Textilegence.png\",\"width\":544,\"height\":180,\"caption\":\"Textilegence Magazine and Digital Platform\"},\"image\":{\"@id\":\"https:\\\/\\\/www.textilegence.com\\\/en\\\/#\\\/schema\\\/logo\\\/image\\\/\"},\"sameAs\":[\"https:\\\/\\\/www.facebook.com\\\/TextilegenceMagazine\",\"https:\\\/\\\/x.com\\\/textilegence\",\"https:\\\/\\\/www.instagram.com\\\/textilegence\\\/\",\"https:\\\/\\\/www.linkedin.com\\\/groups\\\/Textilegence-Magazine-Digital-Platform-4897253\",\"https:\\\/\\\/www.youtube.com\\\/user\\\/textilegence\"],\"description\":\"Textilegence is a magazine and digital platform established in 2013. It focuses on the textile industry and sub-segments. The platform provides news, articles, and updates on various aspects of the textile industry, including sustainability, technological advancements, and market trends.\",\"email\":\"editor@textilegence.com\",\"telephone\":\"+90 212 442 24 12\",\"legalName\":\"Textilegence Mag and Digital Platform\",\"foundingDate\":\"2013-01-01\",\"numberOfEmployees\":{\"@type\":\"QuantitativeValue\",\"minValue\":\"1\",\"maxValue\":\"10\"}},{\"@type\":\"Person\",\"@id\":\"https:\\\/\\\/www.textilegence.com\\\/en\\\/#\\\/schema\\\/person\\\/46ccc7bfc34edbc7d46b6b189f88849f\",\"name\":\"Engin Buz\",\"image\":{\"@type\":\"ImageObject\",\"inLanguage\":\"en-US\",\"@id\":\"https:\\\/\\\/www.textilegence.com\\\/wp-content\\\/uploads\\\/2018\\\/12\\\/engin-buz.jpg\",\"url\":\"https:\\\/\\\/www.textilegence.com\\\/wp-content\\\/uploads\\\/2018\\\/12\\\/engin-buz.jpg\",\"contentUrl\":\"https:\\\/\\\/www.textilegence.com\\\/wp-content\\\/uploads\\\/2018\\\/12\\\/engin-buz.jpg\",\"caption\":\"Engin Buz\"},\"description\":\"Engin Buz, Ankara \u00dcniversitesi \u0130leti\u015fim Fak\u00fcltesi Gazetecilik B\u00f6l\u00fcm\u00fc\u2019nden mezun olduktan sonra Y\u0131ld\u0131z Teknik \u00dcniversitesi\u2019nde Siyaset Bilimi ve Uluslararas\u0131 \u0130li\u015fkiler alan\u0131nda y\u00fcksek lisans\u0131n\u0131 tamamlam\u0131\u015ft\u0131r. 2000 y\u0131l\u0131ndan sonra \u00e7e\u015fitli yay\u0131nc\u0131l\u0131k \u015firketlerinde \u00e7al\u0131\u015fmaya ba\u015flayarak k\u00fclt\u00fcr-sanat ve daha sonra ekonomi haberleri haz\u0131rlam\u0131\u015ft\u0131r. 2009 y\u0131l\u0131ndan itibaren tekstil end\u00fcstrisine d\u00f6n\u00fck yay\u0131nlarda edit\u00f6r olarak g\u00f6rev alan Buz, 2013 itibariyle kurulan Textilegence\u2019de haber edit\u00f6r\u00fc olarak yer almaya ba\u015flam\u0131\u015ft\u0131r. Engin Buz halen ba\u015fta tekstil ve dijital bask\u0131 end\u00fcstrileri olmak \u00fczere ekonomi haberleri haz\u0131rlamaktad\u0131r.\",\"sameAs\":[\"https:\\\/\\\/www.textilegence.com\",\"https:\\\/\\\/www.facebook.com\\\/TextilegenceMagazine\",\"https:\\\/\\\/www.instagram.com\\\/textilegence\\\/\",\"https:\\\/\\\/www.linkedin.com\\\/in\\\/engin-buz-6190799a\\\/\",\"https:\\\/\\\/x.com\\\/https:\\\/\\\/twitter.com\\\/textilegence\"],\"url\":\"https:\\\/\\\/www.textilegence.com\\\/en\\\/author\\\/engin-buz\\\/\"}]}<\/script>\n<!-- \/ Yoast SEO Premium plugin. -->","yoast_head_json":{"title":"Allma TechnoCorder TC2 at Techtextil 2017 - Textilegence","description":"Techtextil is the leading international trade fair for technical textiles and nonwovens and will again attract many expert visitors to Frankfurt from 9 to 12 May 2017. Saurer Allma is delighted to welcome customers and visitors to its stand D02 in hall 3.0.","robots":{"index":"index","follow":"follow","max-snippet":"max-snippet:-1","max-image-preview":"max-image-preview:large","max-video-preview":"max-video-preview:-1"},"canonical":"https:\/\/www.textilegence.com\/en\/allma-technocorder-tc2-with-even-more-fexibility-at-techtextil-2017\/","og_locale":"en_US","og_type":"article","og_title":"Allma TechnoCorder TC2 With Even More Fexibility at Techtextil 2017","og_description":"Techtextil is the leading international trade fair for technical textiles and nonwovens and will again attract many expert visitors to Frankfurt from 9 to","og_url":"https:\/\/www.textilegence.com\/en\/allma-technocorder-tc2-with-even-more-fexibility-at-techtextil-2017\/","og_site_name":"Textilegence Magazine and Digital Platform","article_publisher":"https:\/\/www.facebook.com\/TextilegenceMagazine","article_author":"https:\/\/www.facebook.com\/TextilegenceMagazine","article_published_time":"2017-03-28T12:47:45+00:00","article_modified_time":"2018-11-06T10:31:02+00:00","og_image":[{"width":742,"height":486,"url":"https:\/\/www.textilegence.com\/wp-content\/uploads\/2017\/03\/Allma-TecnoCodrder-TC2-Textilegence.jpg","type":"image\/jpeg"}],"author":"Engin Buz","twitter_card":"summary_large_image","twitter_creator":"@https:\/\/twitter.com\/textilegence","twitter_site":"@textilegence","twitter_misc":{"Written by":"Engin Buz","Est. reading time":"3 minutes"},"schema":{"@context":"https:\/\/schema.org","@graph":[{"@type":"NewsArticle","@id":"https:\/\/www.textilegence.com\/en\/allma-technocorder-tc2-with-even-more-fexibility-at-techtextil-2017\/#article","isPartOf":{"@id":"https:\/\/www.textilegence.com\/en\/allma-technocorder-tc2-with-even-more-fexibility-at-techtextil-2017\/"},"author":{"name":"Engin Buz","@id":"https:\/\/www.textilegence.com\/en\/#\/schema\/person\/46ccc7bfc34edbc7d46b6b189f88849f"},"headline":"Allma TechnoCorder TC2 With Even More Fexibility at Techtextil 2017","datePublished":"2017-03-28T12:47:45+00:00","dateModified":"2018-11-06T10:31:02+00:00","mainEntityOfPage":{"@id":"https:\/\/www.textilegence.com\/en\/allma-technocorder-tc2-with-even-more-fexibility-at-techtextil-2017\/"},"wordCount":685,"commentCount":0,"publisher":{"@id":"https:\/\/www.textilegence.com\/en\/#organization"},"image":{"@id":"https:\/\/www.textilegence.com\/en\/allma-technocorder-tc2-with-even-more-fexibility-at-techtextil-2017\/#primaryimage"},"thumbnailUrl":"https:\/\/www.textilegence.com\/wp-content\/uploads\/2017\/03\/Allma-TecnoCodrder-TC2-Textilegence.jpg","keywords":["allma","saurer","Techtextil 2017"],"articleSection":["Technical Textiles"],"inLanguage":"en-US","potentialAction":[{"@type":"CommentAction","name":"Comment","target":["https:\/\/www.textilegence.com\/en\/allma-technocorder-tc2-with-even-more-fexibility-at-techtextil-2017\/#respond"]}]},{"@type":"WebPage","@id":"https:\/\/www.textilegence.com\/en\/allma-technocorder-tc2-with-even-more-fexibility-at-techtextil-2017\/","url":"https:\/\/www.textilegence.com\/en\/allma-technocorder-tc2-with-even-more-fexibility-at-techtextil-2017\/","name":"Allma TechnoCorder TC2 at Techtextil 2017 - Textilegence","isPartOf":{"@id":"https:\/\/www.textilegence.com\/en\/#website"},"primaryImageOfPage":{"@id":"https:\/\/www.textilegence.com\/en\/allma-technocorder-tc2-with-even-more-fexibility-at-techtextil-2017\/#primaryimage"},"image":{"@id":"https:\/\/www.textilegence.com\/en\/allma-technocorder-tc2-with-even-more-fexibility-at-techtextil-2017\/#primaryimage"},"thumbnailUrl":"https:\/\/www.textilegence.com\/wp-content\/uploads\/2017\/03\/Allma-TecnoCodrder-TC2-Textilegence.jpg","datePublished":"2017-03-28T12:47:45+00:00","dateModified":"2018-11-06T10:31:02+00:00","description":"Techtextil is the leading international trade fair for technical textiles and nonwovens and will again attract many expert visitors to Frankfurt from 9 to 12 May 2017. Saurer Allma is delighted to welcome customers and visitors to its stand D02 in hall 3.0.","breadcrumb":{"@id":"https:\/\/www.textilegence.com\/en\/allma-technocorder-tc2-with-even-more-fexibility-at-techtextil-2017\/#breadcrumb"},"inLanguage":"en-US","potentialAction":[{"@type":"ReadAction","target":["https:\/\/www.textilegence.com\/en\/allma-technocorder-tc2-with-even-more-fexibility-at-techtextil-2017\/"]}]},{"@type":"ImageObject","inLanguage":"en-US","@id":"https:\/\/www.textilegence.com\/en\/allma-technocorder-tc2-with-even-more-fexibility-at-techtextil-2017\/#primaryimage","url":"https:\/\/www.textilegence.com\/wp-content\/uploads\/2017\/03\/Allma-TecnoCodrder-TC2-Textilegence.jpg","contentUrl":"https:\/\/www.textilegence.com\/wp-content\/uploads\/2017\/03\/Allma-TecnoCodrder-TC2-Textilegence.jpg","width":742,"height":486,"caption":"Allma TechnoCorder TC2 With Even More Fexibility at Techtextil 2017"},{"@type":"BreadcrumbList","@id":"https:\/\/www.textilegence.com\/en\/allma-technocorder-tc2-with-even-more-fexibility-at-techtextil-2017\/#breadcrumb","itemListElement":[{"@type":"ListItem","position":1,"name":"Home Page","item":"https:\/\/www.textilegence.com\/en\/homepage-the-rimont\/"},{"@type":"ListItem","position":2,"name":"Technical Textiles","item":"https:\/\/www.textilegence.com\/en\/category\/technical-textiles\/"},{"@type":"ListItem","position":3,"name":"Allma TechnoCorder TC2 With Even More Fexibility at Techtextil 2017"}]},{"@type":"WebSite","@id":"https:\/\/www.textilegence.com\/en\/#website","url":"https:\/\/www.textilegence.com\/en\/","name":"Textilegence Magazine and Digital Platform","description":"Textile News Center","publisher":{"@id":"https:\/\/www.textilegence.com\/en\/#organization"},"potentialAction":[{"@type":"SearchAction","target":{"@type":"EntryPoint","urlTemplate":"https:\/\/www.textilegence.com\/en\/?s={search_term_string}"},"query-input":{"@type":"PropertyValueSpecification","valueRequired":true,"valueName":"search_term_string"}}],"inLanguage":"en-US"},{"@type":"Organization","@id":"https:\/\/www.textilegence.com\/en\/#organization","name":"Textilegence Magazine and Digital Platform","url":"https:\/\/www.textilegence.com\/en\/","logo":{"@type":"ImageObject","inLanguage":"en-US","@id":"https:\/\/www.textilegence.com\/en\/#\/schema\/logo\/image\/","url":"https:\/\/www.textilegence.com\/wp-content\/uploads\/2016\/11\/New_Retina_Logo_Textilegence.png","contentUrl":"https:\/\/www.textilegence.com\/wp-content\/uploads\/2016\/11\/New_Retina_Logo_Textilegence.png","width":544,"height":180,"caption":"Textilegence Magazine and Digital Platform"},"image":{"@id":"https:\/\/www.textilegence.com\/en\/#\/schema\/logo\/image\/"},"sameAs":["https:\/\/www.facebook.com\/TextilegenceMagazine","https:\/\/x.com\/textilegence","https:\/\/www.instagram.com\/textilegence\/","https:\/\/www.linkedin.com\/groups\/Textilegence-Magazine-Digital-Platform-4897253","https:\/\/www.youtube.com\/user\/textilegence"],"description":"Textilegence is a magazine and digital platform established in 2013. It focuses on the textile industry and sub-segments. The platform provides news, articles, and updates on various aspects of the textile industry, including sustainability, technological advancements, and market trends.","email":"editor@textilegence.com","telephone":"+90 212 442 24 12","legalName":"Textilegence Mag and Digital Platform","foundingDate":"2013-01-01","numberOfEmployees":{"@type":"QuantitativeValue","minValue":"1","maxValue":"10"}},{"@type":"Person","@id":"https:\/\/www.textilegence.com\/en\/#\/schema\/person\/46ccc7bfc34edbc7d46b6b189f88849f","name":"Engin Buz","image":{"@type":"ImageObject","inLanguage":"en-US","@id":"https:\/\/www.textilegence.com\/wp-content\/uploads\/2018\/12\/engin-buz.jpg","url":"https:\/\/www.textilegence.com\/wp-content\/uploads\/2018\/12\/engin-buz.jpg","contentUrl":"https:\/\/www.textilegence.com\/wp-content\/uploads\/2018\/12\/engin-buz.jpg","caption":"Engin Buz"},"description":"Engin Buz, Ankara \u00dcniversitesi \u0130leti\u015fim Fak\u00fcltesi Gazetecilik B\u00f6l\u00fcm\u00fc\u2019nden mezun olduktan sonra Y\u0131ld\u0131z Teknik \u00dcniversitesi\u2019nde Siyaset Bilimi ve Uluslararas\u0131 \u0130li\u015fkiler alan\u0131nda y\u00fcksek lisans\u0131n\u0131 tamamlam\u0131\u015ft\u0131r. 2000 y\u0131l\u0131ndan sonra \u00e7e\u015fitli yay\u0131nc\u0131l\u0131k \u015firketlerinde \u00e7al\u0131\u015fmaya ba\u015flayarak k\u00fclt\u00fcr-sanat ve daha sonra ekonomi haberleri haz\u0131rlam\u0131\u015ft\u0131r. 2009 y\u0131l\u0131ndan itibaren tekstil end\u00fcstrisine d\u00f6n\u00fck yay\u0131nlarda edit\u00f6r olarak g\u00f6rev alan Buz, 2013 itibariyle kurulan Textilegence\u2019de haber edit\u00f6r\u00fc olarak yer almaya ba\u015flam\u0131\u015ft\u0131r. Engin Buz halen ba\u015fta tekstil ve dijital bask\u0131 end\u00fcstrileri olmak \u00fczere ekonomi haberleri haz\u0131rlamaktad\u0131r.","sameAs":["https:\/\/www.textilegence.com","https:\/\/www.facebook.com\/TextilegenceMagazine","https:\/\/www.instagram.com\/textilegence\/","https:\/\/www.linkedin.com\/in\/engin-buz-6190799a\/","https:\/\/x.com\/https:\/\/twitter.com\/textilegence"],"url":"https:\/\/www.textilegence.com\/en\/author\/engin-buz\/"}]}},"_links":{"self":[{"href":"https:\/\/www.textilegence.com\/en\/wp-json\/wp\/v2\/posts\/16937","targetHints":{"allow":["GET"]}}],"collection":[{"href":"https:\/\/www.textilegence.com\/en\/wp-json\/wp\/v2\/posts"}],"about":[{"href":"https:\/\/www.textilegence.com\/en\/wp-json\/wp\/v2\/types\/post"}],"author":[{"embeddable":true,"href":"https:\/\/www.textilegence.com\/en\/wp-json\/wp\/v2\/users\/2"}],"replies":[{"embeddable":true,"href":"https:\/\/www.textilegence.com\/en\/wp-json\/wp\/v2\/comments?post=16937"}],"version-history":[{"count":0,"href":"https:\/\/www.textilegence.com\/en\/wp-json\/wp\/v2\/posts\/16937\/revisions"}],"wp:featuredmedia":[{"embeddable":true,"href":"https:\/\/www.textilegence.com\/en\/wp-json\/wp\/v2\/media\/19390"}],"wp:attachment":[{"href":"https:\/\/www.textilegence.com\/en\/wp-json\/wp\/v2\/media?parent=16937"}],"wp:term":[{"taxonomy":"category","embeddable":true,"href":"https:\/\/www.textilegence.com\/en\/wp-json\/wp\/v2\/categories?post=16937"},{"taxonomy":"post_tag","embeddable":true,"href":"https:\/\/www.textilegence.com\/en\/wp-json\/wp\/v2\/tags?post=16937"}],"curies":[{"name":"wp","href":"https:\/\/api.w.org\/{rel}","templated":true}]}}