{"id":16959,"date":"2017-04-13T11:43:13","date_gmt":"2017-04-13T08:43:13","guid":{"rendered":"http:\/\/localhost\/textilegence\/french-machinery-strategic-partner-techtextil-2017\/"},"modified":"2018-01-10T11:58:17","modified_gmt":"2018-01-10T08:58:17","slug":"french-machinery-strategic-partner-techtextil-2017","status":"publish","type":"post","link":"https:\/\/www.textilegence.com\/en\/french-machinery-strategic-partner-techtextil-2017\/","title":{"rendered":"French Machinery Strategic Partner @ Techtextil 2017"},"content":{"rendered":"<figure id=\"attachment_19407\" aria-describedby=\"caption-attachment-19407\" style=\"width: 382px\" class=\"wp-caption alignleft\"><img loading=\"lazy\" decoding=\"async\" class=\"wp-image-19407 size-medium\" src=\"https:\/\/www.textilegence.com\/wp-content\/uploads\/2017\/04\/UCMTF-Textilegence-382x250.jpg\" alt=\"French Machinery Strategic Partner @ Techtextil 2017\" width=\"382\" height=\"250\" srcset=\"https:\/\/www.textilegence.com\/wp-content\/uploads\/2017\/04\/UCMTF-Textilegence-382x250.jpg 382w, https:\/\/www.textilegence.com\/wp-content\/uploads\/2017\/04\/UCMTF-Textilegence-534x350.jpg 534w, https:\/\/www.textilegence.com\/wp-content\/uploads\/2017\/04\/UCMTF-Textilegence-696x456.jpg 696w, https:\/\/www.textilegence.com\/wp-content\/uploads\/2017\/04\/UCMTF-Textilegence-741x486.jpg 741w, https:\/\/www.textilegence.com\/wp-content\/uploads\/2017\/04\/UCMTF-Textilegence-641x420.jpg 641w, https:\/\/www.textilegence.com\/wp-content\/uploads\/2017\/04\/UCMTF-Textilegence.jpg 742w\" sizes=\"auto, (max-width: 382px) 100vw, 382px\" \/><figcaption id=\"caption-attachment-19407\" class=\"wp-caption-text\">French Machinery Strategic Partner @ Techtextil 2017<\/figcaption><\/figure>\n<p style=\"text-align: justify;\">Once again, at Techtextil Frankfurt, May 2017, <a href=\"https:\/\/www.textilegence.com\/en\/french-textile-machinery-at-itma-asia-citme-2016\/\" target=\"_blank\" rel=\"noopener\">French machinery<\/a> will emphasize on their strategic partnerships with technical textiles manufacturers. At Techtextil, <a href=\"http:\/\/www.ucmtf.fr\/en\/\">UCMTF<\/a>, the French Association which groups about 30 companies will have its own booth<strong>\u00a0Hall 3.1 Stand A73<\/strong>.<\/p>\n<p style=\"text-align: justify;\">Exhibitors, about 1000, need to open new markets and design new products. In order to be successful, they need close relationships with their customers but also with strategic suppliers\/partners.<\/p>\n<p style=\"text-align: justify;\">French machinery manufacturers are SME\u2019s, often world leaders on their specific markets, organized not to sell off the shelves machines but to design machines specifically for their own customers\u2019 needs.<\/p>\n<h5><strong>Strategic steps<\/strong><\/h5>\n<p style=\"text-align: justify;\">Bruno AMELINE, the Association President states: \u201cwhat makes us part of the technical textiles community is the fact that we have to invest for the future, in R and D, in the organization of the services our customers need wherever they are located, in the increasing expertise of our teams. As we do not compete on mass markets machinery, we have to focus on niche markets, and often design special machines for specific applications. The size of our companies makes possible an integration of our marketing and R&amp;D departments.\u201d<\/p>\n<p style=\"text-align: justify;\">For all these companies most of their business is done on export markets; regional export markets in Europe, North Africa and the Middle East; but also in the Americas, and increasingly in Asia; where the textile business is developing at a quick pace. Exports account for more than 91% of the companies&#8217; turnover; with a total of approximately 1 Billion Euros (US$ 1,2 billion).<\/p>\n","protected":false},"excerpt":{"rendered":"<p>Once again, at Techtextil Frankfurt, May 2017, French machinery will emphasize on their strategic partnerships with technical textiles manufacturers. At Techtextil, UCMTF, the French Association which groups about 30 companies will have its own booth\u00a0Hall 3.1 Stand A73. Exhibitors, about 1000, need to open new markets and design new products. In order to be successful, [&hellip;]<\/p>\n","protected":false},"author":2,"featured_media":19407,"comment_status":"open","ping_status":"closed","sticky":false,"template":"","format":"standard","meta":{"footnotes":""},"categories":[9859],"tags":[5745,5736,10844],"class_list":{"0":"post-16959","1":"post","2":"type-post","3":"status-publish","4":"format-standard","5":"has-post-thumbnail","7":"category-topical","8":"tag-techtextil","9":"tag-ucmtf","10":"tag-ucmtf-en"},"yoast_head":"<!-- This site is optimized with the Yoast SEO Premium plugin v27.3 (Yoast SEO v27.3) - https:\/\/yoast.com\/product\/yoast-seo-premium-wordpress\/ -->\n<title>French Machinery Strategic Partner @ Techtextil 2017 - Textilegence<\/title>\n<meta name=\"description\" content=\"Once again, at Techtextil Frankfurt, May 2017, French machinery will emphasize on their strategic partnerships with technical textiles manufacturers. At Techtextil, UCMTF, the French Association which groups about 30 companies will have its own booth\u00a0Hall 3.1 Stand A73.\" \/>\n<meta name=\"robots\" content=\"index, follow, max-snippet:-1, max-image-preview:large, max-video-preview:-1\" \/>\n<link rel=\"canonical\" href=\"https:\/\/www.textilegence.com\/en\/french-machinery-strategic-partner-techtextil-2017\/\" \/>\n<meta property=\"og:locale\" content=\"en_US\" \/>\n<meta property=\"og:type\" content=\"article\" \/>\n<meta property=\"og:title\" content=\"French Machinery Strategic Partner @ Techtextil 2017\" \/>\n<meta property=\"og:description\" content=\"Once again, at Techtextil Frankfurt, May 2017, French machinery will emphasize on their strategic partnerships with technical textiles manufacturers. At\" \/>\n<meta property=\"og:url\" content=\"https:\/\/www.textilegence.com\/en\/french-machinery-strategic-partner-techtextil-2017\/\" \/>\n<meta property=\"og:site_name\" content=\"Textilegence Magazine and Digital Platform\" \/>\n<meta property=\"article:publisher\" content=\"https:\/\/www.facebook.com\/TextilegenceMagazine\" \/>\n<meta property=\"article:author\" content=\"https:\/\/www.facebook.com\/TextilegenceMagazine\" \/>\n<meta property=\"article:published_time\" content=\"2017-04-13T08:43:13+00:00\" \/>\n<meta property=\"article:modified_time\" content=\"2018-01-10T08:58:17+00:00\" \/>\n<meta property=\"og:image\" content=\"https:\/\/www.textilegence.com\/wp-content\/uploads\/2017\/04\/UCMTF-Textilegence.jpg\" \/>\n\t<meta property=\"og:image:width\" content=\"742\" \/>\n\t<meta property=\"og:image:height\" content=\"486\" \/>\n\t<meta property=\"og:image:type\" content=\"image\/jpeg\" \/>\n<meta name=\"author\" content=\"Engin Buz\" \/>\n<meta name=\"twitter:card\" content=\"summary_large_image\" \/>\n<meta name=\"twitter:creator\" content=\"@https:\/\/twitter.com\/textilegence\" \/>\n<meta name=\"twitter:site\" content=\"@textilegence\" \/>\n<meta name=\"twitter:label1\" content=\"Written by\" \/>\n\t<meta name=\"twitter:data1\" content=\"Engin Buz\" \/>\n\t<meta name=\"twitter:label2\" content=\"Est. reading time\" \/>\n\t<meta name=\"twitter:data2\" content=\"1 minute\" \/>\n<script type=\"application\/ld+json\" class=\"yoast-schema-graph\">{\"@context\":\"https:\\\/\\\/schema.org\",\"@graph\":[{\"@type\":\"NewsArticle\",\"@id\":\"https:\\\/\\\/www.textilegence.com\\\/en\\\/french-machinery-strategic-partner-techtextil-2017\\\/#article\",\"isPartOf\":{\"@id\":\"https:\\\/\\\/www.textilegence.com\\\/en\\\/french-machinery-strategic-partner-techtextil-2017\\\/\"},\"author\":{\"name\":\"Engin Buz\",\"@id\":\"https:\\\/\\\/www.textilegence.com\\\/en\\\/#\\\/schema\\\/person\\\/46ccc7bfc34edbc7d46b6b189f88849f\"},\"headline\":\"French Machinery Strategic Partner @ Techtextil 2017\",\"datePublished\":\"2017-04-13T08:43:13+00:00\",\"dateModified\":\"2018-01-10T08:58:17+00:00\",\"mainEntityOfPage\":{\"@id\":\"https:\\\/\\\/www.textilegence.com\\\/en\\\/french-machinery-strategic-partner-techtextil-2017\\\/\"},\"wordCount\":267,\"commentCount\":0,\"publisher\":{\"@id\":\"https:\\\/\\\/www.textilegence.com\\\/en\\\/#organization\"},\"image\":{\"@id\":\"https:\\\/\\\/www.textilegence.com\\\/en\\\/french-machinery-strategic-partner-techtextil-2017\\\/#primaryimage\"},\"thumbnailUrl\":\"https:\\\/\\\/www.textilegence.com\\\/wp-content\\\/uploads\\\/2017\\\/04\\\/UCMTF-Textilegence.jpg\",\"keywords\":[\"Techtextil\",\"ucmtf\",\"ucmtf\"],\"articleSection\":[\"Topical\"],\"inLanguage\":\"en-US\",\"potentialAction\":[{\"@type\":\"CommentAction\",\"name\":\"Comment\",\"target\":[\"https:\\\/\\\/www.textilegence.com\\\/en\\\/french-machinery-strategic-partner-techtextil-2017\\\/#respond\"]}]},{\"@type\":\"WebPage\",\"@id\":\"https:\\\/\\\/www.textilegence.com\\\/en\\\/french-machinery-strategic-partner-techtextil-2017\\\/\",\"url\":\"https:\\\/\\\/www.textilegence.com\\\/en\\\/french-machinery-strategic-partner-techtextil-2017\\\/\",\"name\":\"French Machinery Strategic Partner @ Techtextil 2017 - Textilegence\",\"isPartOf\":{\"@id\":\"https:\\\/\\\/www.textilegence.com\\\/en\\\/#website\"},\"primaryImageOfPage\":{\"@id\":\"https:\\\/\\\/www.textilegence.com\\\/en\\\/french-machinery-strategic-partner-techtextil-2017\\\/#primaryimage\"},\"image\":{\"@id\":\"https:\\\/\\\/www.textilegence.com\\\/en\\\/french-machinery-strategic-partner-techtextil-2017\\\/#primaryimage\"},\"thumbnailUrl\":\"https:\\\/\\\/www.textilegence.com\\\/wp-content\\\/uploads\\\/2017\\\/04\\\/UCMTF-Textilegence.jpg\",\"datePublished\":\"2017-04-13T08:43:13+00:00\",\"dateModified\":\"2018-01-10T08:58:17+00:00\",\"description\":\"Once again, at Techtextil Frankfurt, May 2017, French machinery will emphasize on their strategic partnerships with technical textiles manufacturers. At Techtextil, UCMTF, the French Association which groups about 30 companies will have its own booth\u00a0Hall 3.1 Stand A73.\",\"breadcrumb\":{\"@id\":\"https:\\\/\\\/www.textilegence.com\\\/en\\\/french-machinery-strategic-partner-techtextil-2017\\\/#breadcrumb\"},\"inLanguage\":\"en-US\",\"potentialAction\":[{\"@type\":\"ReadAction\",\"target\":[\"https:\\\/\\\/www.textilegence.com\\\/en\\\/french-machinery-strategic-partner-techtextil-2017\\\/\"]}]},{\"@type\":\"ImageObject\",\"inLanguage\":\"en-US\",\"@id\":\"https:\\\/\\\/www.textilegence.com\\\/en\\\/french-machinery-strategic-partner-techtextil-2017\\\/#primaryimage\",\"url\":\"https:\\\/\\\/www.textilegence.com\\\/wp-content\\\/uploads\\\/2017\\\/04\\\/UCMTF-Textilegence.jpg\",\"contentUrl\":\"https:\\\/\\\/www.textilegence.com\\\/wp-content\\\/uploads\\\/2017\\\/04\\\/UCMTF-Textilegence.jpg\",\"width\":742,\"height\":486,\"caption\":\"French Machinery Strategic Partner @ Techtextil 2017\"},{\"@type\":\"BreadcrumbList\",\"@id\":\"https:\\\/\\\/www.textilegence.com\\\/en\\\/french-machinery-strategic-partner-techtextil-2017\\\/#breadcrumb\",\"itemListElement\":[{\"@type\":\"ListItem\",\"position\":1,\"name\":\"Home Page\",\"item\":\"https:\\\/\\\/www.textilegence.com\\\/en\\\/homepage-the-rimont\\\/\"},{\"@type\":\"ListItem\",\"position\":2,\"name\":\"Topical\",\"item\":\"https:\\\/\\\/www.textilegence.com\\\/en\\\/category\\\/topical\\\/\"},{\"@type\":\"ListItem\",\"position\":3,\"name\":\"French Machinery Strategic Partner @ Techtextil 2017\"}]},{\"@type\":\"WebSite\",\"@id\":\"https:\\\/\\\/www.textilegence.com\\\/en\\\/#website\",\"url\":\"https:\\\/\\\/www.textilegence.com\\\/en\\\/\",\"name\":\"Textilegence Magazine and Digital Platform\",\"description\":\"Textile News Center\",\"publisher\":{\"@id\":\"https:\\\/\\\/www.textilegence.com\\\/en\\\/#organization\"},\"potentialAction\":[{\"@type\":\"SearchAction\",\"target\":{\"@type\":\"EntryPoint\",\"urlTemplate\":\"https:\\\/\\\/www.textilegence.com\\\/en\\\/?s={search_term_string}\"},\"query-input\":{\"@type\":\"PropertyValueSpecification\",\"valueRequired\":true,\"valueName\":\"search_term_string\"}}],\"inLanguage\":\"en-US\"},{\"@type\":\"Organization\",\"@id\":\"https:\\\/\\\/www.textilegence.com\\\/en\\\/#organization\",\"name\":\"Textilegence Magazine and Digital Platform\",\"url\":\"https:\\\/\\\/www.textilegence.com\\\/en\\\/\",\"logo\":{\"@type\":\"ImageObject\",\"inLanguage\":\"en-US\",\"@id\":\"https:\\\/\\\/www.textilegence.com\\\/en\\\/#\\\/schema\\\/logo\\\/image\\\/\",\"url\":\"https:\\\/\\\/www.textilegence.com\\\/wp-content\\\/uploads\\\/2016\\\/11\\\/New_Retina_Logo_Textilegence.png\",\"contentUrl\":\"https:\\\/\\\/www.textilegence.com\\\/wp-content\\\/uploads\\\/2016\\\/11\\\/New_Retina_Logo_Textilegence.png\",\"width\":544,\"height\":180,\"caption\":\"Textilegence Magazine and Digital Platform\"},\"image\":{\"@id\":\"https:\\\/\\\/www.textilegence.com\\\/en\\\/#\\\/schema\\\/logo\\\/image\\\/\"},\"sameAs\":[\"https:\\\/\\\/www.facebook.com\\\/TextilegenceMagazine\",\"https:\\\/\\\/x.com\\\/textilegence\",\"https:\\\/\\\/www.instagram.com\\\/textilegence\\\/\",\"https:\\\/\\\/www.linkedin.com\\\/groups\\\/Textilegence-Magazine-Digital-Platform-4897253\",\"https:\\\/\\\/www.youtube.com\\\/user\\\/textilegence\"],\"description\":\"Textilegence is a magazine and digital platform established in 2013. It focuses on the textile industry and sub-segments. The platform provides news, articles, and updates on various aspects of the textile industry, including sustainability, technological advancements, and market trends.\",\"email\":\"editor@textilegence.com\",\"telephone\":\"+90 212 442 24 12\",\"legalName\":\"Textilegence Mag and Digital Platform\",\"foundingDate\":\"2013-01-01\",\"numberOfEmployees\":{\"@type\":\"QuantitativeValue\",\"minValue\":\"1\",\"maxValue\":\"10\"}},{\"@type\":\"Person\",\"@id\":\"https:\\\/\\\/www.textilegence.com\\\/en\\\/#\\\/schema\\\/person\\\/46ccc7bfc34edbc7d46b6b189f88849f\",\"name\":\"Engin Buz\",\"image\":{\"@type\":\"ImageObject\",\"inLanguage\":\"en-US\",\"@id\":\"https:\\\/\\\/www.textilegence.com\\\/wp-content\\\/uploads\\\/2018\\\/12\\\/engin-buz.jpg\",\"url\":\"https:\\\/\\\/www.textilegence.com\\\/wp-content\\\/uploads\\\/2018\\\/12\\\/engin-buz.jpg\",\"contentUrl\":\"https:\\\/\\\/www.textilegence.com\\\/wp-content\\\/uploads\\\/2018\\\/12\\\/engin-buz.jpg\",\"caption\":\"Engin Buz\"},\"description\":\"Engin Buz, Ankara \u00dcniversitesi \u0130leti\u015fim Fak\u00fcltesi Gazetecilik B\u00f6l\u00fcm\u00fc\u2019nden mezun olduktan sonra Y\u0131ld\u0131z Teknik \u00dcniversitesi\u2019nde Siyaset Bilimi ve Uluslararas\u0131 \u0130li\u015fkiler alan\u0131nda y\u00fcksek lisans\u0131n\u0131 tamamlam\u0131\u015ft\u0131r. 2000 y\u0131l\u0131ndan sonra \u00e7e\u015fitli yay\u0131nc\u0131l\u0131k \u015firketlerinde \u00e7al\u0131\u015fmaya ba\u015flayarak k\u00fclt\u00fcr-sanat ve daha sonra ekonomi haberleri haz\u0131rlam\u0131\u015ft\u0131r. 2009 y\u0131l\u0131ndan itibaren tekstil end\u00fcstrisine d\u00f6n\u00fck yay\u0131nlarda edit\u00f6r olarak g\u00f6rev alan Buz, 2013 itibariyle kurulan Textilegence\u2019de haber edit\u00f6r\u00fc olarak yer almaya ba\u015flam\u0131\u015ft\u0131r. Engin Buz halen ba\u015fta tekstil ve dijital bask\u0131 end\u00fcstrileri olmak \u00fczere ekonomi haberleri haz\u0131rlamaktad\u0131r.\",\"sameAs\":[\"https:\\\/\\\/www.textilegence.com\",\"https:\\\/\\\/www.facebook.com\\\/TextilegenceMagazine\",\"https:\\\/\\\/www.instagram.com\\\/textilegence\\\/\",\"https:\\\/\\\/www.linkedin.com\\\/in\\\/engin-buz-6190799a\\\/\",\"https:\\\/\\\/x.com\\\/https:\\\/\\\/twitter.com\\\/textilegence\"],\"url\":\"https:\\\/\\\/www.textilegence.com\\\/en\\\/author\\\/engin-buz\\\/\"}]}<\/script>\n<!-- \/ Yoast SEO Premium plugin. -->","yoast_head_json":{"title":"French Machinery Strategic Partner @ Techtextil 2017 - Textilegence","description":"Once again, at Techtextil Frankfurt, May 2017, French machinery will emphasize on their strategic partnerships with technical textiles manufacturers. At Techtextil, UCMTF, the French Association which groups about 30 companies will have its own booth\u00a0Hall 3.1 Stand A73.","robots":{"index":"index","follow":"follow","max-snippet":"max-snippet:-1","max-image-preview":"max-image-preview:large","max-video-preview":"max-video-preview:-1"},"canonical":"https:\/\/www.textilegence.com\/en\/french-machinery-strategic-partner-techtextil-2017\/","og_locale":"en_US","og_type":"article","og_title":"French Machinery Strategic Partner @ Techtextil 2017","og_description":"Once again, at Techtextil Frankfurt, May 2017, French machinery will emphasize on their strategic partnerships with technical textiles manufacturers. At","og_url":"https:\/\/www.textilegence.com\/en\/french-machinery-strategic-partner-techtextil-2017\/","og_site_name":"Textilegence Magazine and Digital Platform","article_publisher":"https:\/\/www.facebook.com\/TextilegenceMagazine","article_author":"https:\/\/www.facebook.com\/TextilegenceMagazine","article_published_time":"2017-04-13T08:43:13+00:00","article_modified_time":"2018-01-10T08:58:17+00:00","og_image":[{"width":742,"height":486,"url":"https:\/\/www.textilegence.com\/wp-content\/uploads\/2017\/04\/UCMTF-Textilegence.jpg","type":"image\/jpeg"}],"author":"Engin Buz","twitter_card":"summary_large_image","twitter_creator":"@https:\/\/twitter.com\/textilegence","twitter_site":"@textilegence","twitter_misc":{"Written by":"Engin Buz","Est. reading time":"1 minute"},"schema":{"@context":"https:\/\/schema.org","@graph":[{"@type":"NewsArticle","@id":"https:\/\/www.textilegence.com\/en\/french-machinery-strategic-partner-techtextil-2017\/#article","isPartOf":{"@id":"https:\/\/www.textilegence.com\/en\/french-machinery-strategic-partner-techtextil-2017\/"},"author":{"name":"Engin Buz","@id":"https:\/\/www.textilegence.com\/en\/#\/schema\/person\/46ccc7bfc34edbc7d46b6b189f88849f"},"headline":"French Machinery Strategic Partner @ Techtextil 2017","datePublished":"2017-04-13T08:43:13+00:00","dateModified":"2018-01-10T08:58:17+00:00","mainEntityOfPage":{"@id":"https:\/\/www.textilegence.com\/en\/french-machinery-strategic-partner-techtextil-2017\/"},"wordCount":267,"commentCount":0,"publisher":{"@id":"https:\/\/www.textilegence.com\/en\/#organization"},"image":{"@id":"https:\/\/www.textilegence.com\/en\/french-machinery-strategic-partner-techtextil-2017\/#primaryimage"},"thumbnailUrl":"https:\/\/www.textilegence.com\/wp-content\/uploads\/2017\/04\/UCMTF-Textilegence.jpg","keywords":["Techtextil","ucmtf","ucmtf"],"articleSection":["Topical"],"inLanguage":"en-US","potentialAction":[{"@type":"CommentAction","name":"Comment","target":["https:\/\/www.textilegence.com\/en\/french-machinery-strategic-partner-techtextil-2017\/#respond"]}]},{"@type":"WebPage","@id":"https:\/\/www.textilegence.com\/en\/french-machinery-strategic-partner-techtextil-2017\/","url":"https:\/\/www.textilegence.com\/en\/french-machinery-strategic-partner-techtextil-2017\/","name":"French Machinery Strategic Partner @ Techtextil 2017 - Textilegence","isPartOf":{"@id":"https:\/\/www.textilegence.com\/en\/#website"},"primaryImageOfPage":{"@id":"https:\/\/www.textilegence.com\/en\/french-machinery-strategic-partner-techtextil-2017\/#primaryimage"},"image":{"@id":"https:\/\/www.textilegence.com\/en\/french-machinery-strategic-partner-techtextil-2017\/#primaryimage"},"thumbnailUrl":"https:\/\/www.textilegence.com\/wp-content\/uploads\/2017\/04\/UCMTF-Textilegence.jpg","datePublished":"2017-04-13T08:43:13+00:00","dateModified":"2018-01-10T08:58:17+00:00","description":"Once again, at Techtextil Frankfurt, May 2017, French machinery will emphasize on their strategic partnerships with technical textiles manufacturers. At Techtextil, UCMTF, the French Association which groups about 30 companies will have its own booth\u00a0Hall 3.1 Stand A73.","breadcrumb":{"@id":"https:\/\/www.textilegence.com\/en\/french-machinery-strategic-partner-techtextil-2017\/#breadcrumb"},"inLanguage":"en-US","potentialAction":[{"@type":"ReadAction","target":["https:\/\/www.textilegence.com\/en\/french-machinery-strategic-partner-techtextil-2017\/"]}]},{"@type":"ImageObject","inLanguage":"en-US","@id":"https:\/\/www.textilegence.com\/en\/french-machinery-strategic-partner-techtextil-2017\/#primaryimage","url":"https:\/\/www.textilegence.com\/wp-content\/uploads\/2017\/04\/UCMTF-Textilegence.jpg","contentUrl":"https:\/\/www.textilegence.com\/wp-content\/uploads\/2017\/04\/UCMTF-Textilegence.jpg","width":742,"height":486,"caption":"French Machinery Strategic Partner @ Techtextil 2017"},{"@type":"BreadcrumbList","@id":"https:\/\/www.textilegence.com\/en\/french-machinery-strategic-partner-techtextil-2017\/#breadcrumb","itemListElement":[{"@type":"ListItem","position":1,"name":"Home Page","item":"https:\/\/www.textilegence.com\/en\/homepage-the-rimont\/"},{"@type":"ListItem","position":2,"name":"Topical","item":"https:\/\/www.textilegence.com\/en\/category\/topical\/"},{"@type":"ListItem","position":3,"name":"French Machinery Strategic Partner @ Techtextil 2017"}]},{"@type":"WebSite","@id":"https:\/\/www.textilegence.com\/en\/#website","url":"https:\/\/www.textilegence.com\/en\/","name":"Textilegence Magazine and Digital Platform","description":"Textile News Center","publisher":{"@id":"https:\/\/www.textilegence.com\/en\/#organization"},"potentialAction":[{"@type":"SearchAction","target":{"@type":"EntryPoint","urlTemplate":"https:\/\/www.textilegence.com\/en\/?s={search_term_string}"},"query-input":{"@type":"PropertyValueSpecification","valueRequired":true,"valueName":"search_term_string"}}],"inLanguage":"en-US"},{"@type":"Organization","@id":"https:\/\/www.textilegence.com\/en\/#organization","name":"Textilegence Magazine and Digital Platform","url":"https:\/\/www.textilegence.com\/en\/","logo":{"@type":"ImageObject","inLanguage":"en-US","@id":"https:\/\/www.textilegence.com\/en\/#\/schema\/logo\/image\/","url":"https:\/\/www.textilegence.com\/wp-content\/uploads\/2016\/11\/New_Retina_Logo_Textilegence.png","contentUrl":"https:\/\/www.textilegence.com\/wp-content\/uploads\/2016\/11\/New_Retina_Logo_Textilegence.png","width":544,"height":180,"caption":"Textilegence Magazine and Digital Platform"},"image":{"@id":"https:\/\/www.textilegence.com\/en\/#\/schema\/logo\/image\/"},"sameAs":["https:\/\/www.facebook.com\/TextilegenceMagazine","https:\/\/x.com\/textilegence","https:\/\/www.instagram.com\/textilegence\/","https:\/\/www.linkedin.com\/groups\/Textilegence-Magazine-Digital-Platform-4897253","https:\/\/www.youtube.com\/user\/textilegence"],"description":"Textilegence is a magazine and digital platform established in 2013. It focuses on the textile industry and sub-segments. The platform provides news, articles, and updates on various aspects of the textile industry, including sustainability, technological advancements, and market trends.","email":"editor@textilegence.com","telephone":"+90 212 442 24 12","legalName":"Textilegence Mag and Digital Platform","foundingDate":"2013-01-01","numberOfEmployees":{"@type":"QuantitativeValue","minValue":"1","maxValue":"10"}},{"@type":"Person","@id":"https:\/\/www.textilegence.com\/en\/#\/schema\/person\/46ccc7bfc34edbc7d46b6b189f88849f","name":"Engin Buz","image":{"@type":"ImageObject","inLanguage":"en-US","@id":"https:\/\/www.textilegence.com\/wp-content\/uploads\/2018\/12\/engin-buz.jpg","url":"https:\/\/www.textilegence.com\/wp-content\/uploads\/2018\/12\/engin-buz.jpg","contentUrl":"https:\/\/www.textilegence.com\/wp-content\/uploads\/2018\/12\/engin-buz.jpg","caption":"Engin Buz"},"description":"Engin Buz, Ankara \u00dcniversitesi \u0130leti\u015fim Fak\u00fcltesi Gazetecilik B\u00f6l\u00fcm\u00fc\u2019nden mezun olduktan sonra Y\u0131ld\u0131z Teknik \u00dcniversitesi\u2019nde Siyaset Bilimi ve Uluslararas\u0131 \u0130li\u015fkiler alan\u0131nda y\u00fcksek lisans\u0131n\u0131 tamamlam\u0131\u015ft\u0131r. 2000 y\u0131l\u0131ndan sonra \u00e7e\u015fitli yay\u0131nc\u0131l\u0131k \u015firketlerinde \u00e7al\u0131\u015fmaya ba\u015flayarak k\u00fclt\u00fcr-sanat ve daha sonra ekonomi haberleri haz\u0131rlam\u0131\u015ft\u0131r. 2009 y\u0131l\u0131ndan itibaren tekstil end\u00fcstrisine d\u00f6n\u00fck yay\u0131nlarda edit\u00f6r olarak g\u00f6rev alan Buz, 2013 itibariyle kurulan Textilegence\u2019de haber edit\u00f6r\u00fc olarak yer almaya ba\u015flam\u0131\u015ft\u0131r. Engin Buz halen ba\u015fta tekstil ve dijital bask\u0131 end\u00fcstrileri olmak \u00fczere ekonomi haberleri haz\u0131rlamaktad\u0131r.","sameAs":["https:\/\/www.textilegence.com","https:\/\/www.facebook.com\/TextilegenceMagazine","https:\/\/www.instagram.com\/textilegence\/","https:\/\/www.linkedin.com\/in\/engin-buz-6190799a\/","https:\/\/x.com\/https:\/\/twitter.com\/textilegence"],"url":"https:\/\/www.textilegence.com\/en\/author\/engin-buz\/"}]}},"_links":{"self":[{"href":"https:\/\/www.textilegence.com\/en\/wp-json\/wp\/v2\/posts\/16959","targetHints":{"allow":["GET"]}}],"collection":[{"href":"https:\/\/www.textilegence.com\/en\/wp-json\/wp\/v2\/posts"}],"about":[{"href":"https:\/\/www.textilegence.com\/en\/wp-json\/wp\/v2\/types\/post"}],"author":[{"embeddable":true,"href":"https:\/\/www.textilegence.com\/en\/wp-json\/wp\/v2\/users\/2"}],"replies":[{"embeddable":true,"href":"https:\/\/www.textilegence.com\/en\/wp-json\/wp\/v2\/comments?post=16959"}],"version-history":[{"count":0,"href":"https:\/\/www.textilegence.com\/en\/wp-json\/wp\/v2\/posts\/16959\/revisions"}],"wp:featuredmedia":[{"embeddable":true,"href":"https:\/\/www.textilegence.com\/en\/wp-json\/wp\/v2\/media\/19407"}],"wp:attachment":[{"href":"https:\/\/www.textilegence.com\/en\/wp-json\/wp\/v2\/media?parent=16959"}],"wp:term":[{"taxonomy":"category","embeddable":true,"href":"https:\/\/www.textilegence.com\/en\/wp-json\/wp\/v2\/categories?post=16959"},{"taxonomy":"post_tag","embeddable":true,"href":"https:\/\/www.textilegence.com\/en\/wp-json\/wp\/v2\/tags?post=16959"}],"curies":[{"name":"wp","href":"https:\/\/api.w.org\/{rel}","templated":true}]}}