{"id":16971,"date":"2017-04-17T09:45:36","date_gmt":"2017-04-17T06:45:36","guid":{"rendered":"http:\/\/localhost\/textilegence\/with-btso-manufacturers-from-bursa-visited-dubai-and-italy-fairs-2\/"},"modified":"2018-01-08T13:37:05","modified_gmt":"2018-01-08T10:37:05","slug":"with-btso-manufacturers-from-bursa-visited-dubai-and-italy-fairs-2","status":"publish","type":"post","link":"https:\/\/www.textilegence.com\/en\/with-btso-manufacturers-from-bursa-visited-dubai-and-italy-fairs-2\/","title":{"rendered":"With BTSO, Manufacturers from Bursa Visited Dubai and Italy Fairs"},"content":{"rendered":"<figure id=\"attachment_19414\" aria-describedby=\"caption-attachment-19414\" style=\"width: 382px\" class=\"wp-caption alignleft\"><img loading=\"lazy\" decoding=\"async\" class=\"wp-image-19414 size-medium\" src=\"https:\/\/www.textilegence.com\/wp-content\/uploads\/2017\/04\/BTSO-Textilegence-382x250.jpg\" alt=\"With BTSO, Manufacturers from Bursa Visited Dubai and Italy Fairs\" width=\"382\" height=\"250\" srcset=\"https:\/\/www.textilegence.com\/wp-content\/uploads\/2017\/04\/BTSO-Textilegence-382x250.jpg 382w, https:\/\/www.textilegence.com\/wp-content\/uploads\/2017\/04\/BTSO-Textilegence-534x350.jpg 534w, https:\/\/www.textilegence.com\/wp-content\/uploads\/2017\/04\/BTSO-Textilegence-696x456.jpg 696w, https:\/\/www.textilegence.com\/wp-content\/uploads\/2017\/04\/BTSO-Textilegence-741x486.jpg 741w, https:\/\/www.textilegence.com\/wp-content\/uploads\/2017\/04\/BTSO-Textilegence-641x420.jpg 641w, https:\/\/www.textilegence.com\/wp-content\/uploads\/2017\/04\/BTSO-Textilegence.jpg 742w\" sizes=\"auto, (max-width: 382px) 100vw, 382px\" \/><figcaption id=\"caption-attachment-19414\" class=\"wp-caption-text\">With BTSO, Manufacturers from Bursa Visited Dubai and Italy Fairs<\/figcaption><\/figure>\n<p style=\"text-align: justify;\">With the <a href=\"https:\/\/www.textilegence.com\/en\/bursas-textile-manufacturers-welcome-global-purchasers\/\" target=\"_blank\" rel=\"noopener\">leadership<\/a> of <a href=\"http:\/\/www.btso.org.tr\/\" target=\"_blank\" rel=\"noopener\">Bursa Chamber of Commerce and Industry<\/a> (BTSO), representatives of textile and furniture sectors searched for the ways of developing and improving new business contacts by attending to fairs held in Dubai and Italy.<\/p>\n<p style=\"text-align: justify;\">The Project of Improving International Competitiveness (Ur-Ge) supported by Ministry of Economy and BTSO Global Fair Agent, guide companies to spread throughout the world. Coming together under the brand of BURTEX within the scope of textile Ur-Ge project, the firms attended to International Garment Fabrics and Textile Fair held in Dubai with booths.While the fair became very effective for sector representatives, the firms made 260 business meetings during the fair. Almost every company left the fair satisfied where one of every 3 business meetings resulted in order.<\/p>\n<h5 style=\"text-align: justify;\"><strong>Companies\u2019s Competitive Identities Get Stronger<\/strong><\/h5>\n<p style=\"text-align: justify;\">BTSO Board Management Vice President \u0130smail Ku\u015f reported that fair buying and selling committee organisations; which are held within the scope of Textile Ur-Ge, strengthen sector representatives\u2019 \u00a0competitive identities. Ku\u015f stated that boothed fair attendence occured in Dubai in April; after the fair organisation held in Morocco in March caused companies to develop new business contacts. Saying that BTSO supports export-based development of the sector with its projects, Ku\u015f continued thusly; \u201cOur Ministry of Economy has significant supports for our companies. These supports contribute a great deal to the competitive identity of our companies. As BTSO, I congratulate our companies who are working for \u2018Turkey Grows If Bursa Grows\u2019 vision; by attending to our Ur-Ge project,\u00a0 for the performance they showed .\u201d<\/p>\n<p style=\"text-align: justify;\">On the other side; within the scope of Global Fair Agent Project, the furniture sector representatives made a presence to Italy, Milano; with the supports of BTSO and KOSGEB. BTSO members who went to Salone Del Mobile Fair, evaluated the new trends and designs in furniture sector. Bursa committee also visited Global Tradesmen Confederation.<\/p>\n","protected":false},"excerpt":{"rendered":"<p>With the leadership of Bursa Chamber of Commerce and Industry (BTSO), representatives of textile and furniture sectors searched for the ways of developing and improving new business contacts by attending to fairs held in Dubai and Italy. The Project of Improving International Competitiveness (Ur-Ge) supported by Ministry of Economy and BTSO Global Fair Agent, guide [&hellip;]<\/p>\n","protected":false},"author":2,"featured_media":19414,"comment_status":"open","ping_status":"closed","sticky":false,"template":"","format":"standard","meta":{"footnotes":""},"categories":[9859],"tags":[10926,7230],"class_list":{"0":"post-16971","1":"post","2":"type-post","3":"status-publish","4":"format-standard","5":"has-post-thumbnail","7":"category-topical","8":"tag-bursa-chamber-of-commerce-and-industry-en","9":"tag-dubai"},"yoast_head":"<!-- This site is optimized with the Yoast SEO Premium plugin v27.3 (Yoast SEO v27.3) - https:\/\/yoast.com\/product\/yoast-seo-premium-wordpress\/ -->\n<title>With BTSO, Manufacturers from Bursa Visited Fairs Abroad - Textilegence<\/title>\n<meta name=\"description\" content=\"With the leadership of Bursa Chamber of Commerce and Industry (BTSO), representatives of textile and furniture sectors searched for the ways of developing and improving new business contacts by attending to fairs held in Dubai and Italy.\" \/>\n<meta name=\"robots\" content=\"index, follow, max-snippet:-1, max-image-preview:large, max-video-preview:-1\" \/>\n<link rel=\"canonical\" href=\"https:\/\/www.textilegence.com\/en\/with-btso-manufacturers-from-bursa-visited-dubai-and-italy-fairs-2\/\" \/>\n<meta property=\"og:locale\" content=\"en_US\" \/>\n<meta property=\"og:type\" content=\"article\" \/>\n<meta property=\"og:title\" content=\"With BTSO, Manufacturers from Bursa Visited Dubai and Italy Fairs\" \/>\n<meta property=\"og:description\" content=\"With the leadership of Bursa Chamber of Commerce and Industry (BTSO), representatives of textile and furniture sectors searched for the ways of developing\" \/>\n<meta property=\"og:url\" content=\"https:\/\/www.textilegence.com\/en\/with-btso-manufacturers-from-bursa-visited-dubai-and-italy-fairs-2\/\" \/>\n<meta property=\"og:site_name\" content=\"Textilegence Magazine and Digital Platform\" \/>\n<meta property=\"article:publisher\" content=\"https:\/\/www.facebook.com\/TextilegenceMagazine\" \/>\n<meta property=\"article:author\" content=\"https:\/\/www.facebook.com\/TextilegenceMagazine\" \/>\n<meta property=\"article:published_time\" content=\"2017-04-17T06:45:36+00:00\" \/>\n<meta property=\"article:modified_time\" content=\"2018-01-08T10:37:05+00:00\" \/>\n<meta property=\"og:image\" content=\"https:\/\/www.textilegence.com\/wp-content\/uploads\/2017\/04\/BTSO-Textilegence.jpg\" \/>\n\t<meta property=\"og:image:width\" content=\"742\" \/>\n\t<meta property=\"og:image:height\" content=\"486\" \/>\n\t<meta property=\"og:image:type\" content=\"image\/jpeg\" \/>\n<meta name=\"author\" content=\"Engin Buz\" \/>\n<meta name=\"twitter:card\" content=\"summary_large_image\" \/>\n<meta name=\"twitter:creator\" content=\"@https:\/\/twitter.com\/textilegence\" \/>\n<meta name=\"twitter:site\" content=\"@textilegence\" \/>\n<meta name=\"twitter:label1\" content=\"Written by\" \/>\n\t<meta name=\"twitter:data1\" content=\"Engin Buz\" \/>\n\t<meta name=\"twitter:label2\" content=\"Est. reading time\" \/>\n\t<meta name=\"twitter:data2\" content=\"2 minutes\" \/>\n<script type=\"application\/ld+json\" class=\"yoast-schema-graph\">{\"@context\":\"https:\\\/\\\/schema.org\",\"@graph\":[{\"@type\":\"NewsArticle\",\"@id\":\"https:\\\/\\\/www.textilegence.com\\\/en\\\/with-btso-manufacturers-from-bursa-visited-dubai-and-italy-fairs-2\\\/#article\",\"isPartOf\":{\"@id\":\"https:\\\/\\\/www.textilegence.com\\\/en\\\/with-btso-manufacturers-from-bursa-visited-dubai-and-italy-fairs-2\\\/\"},\"author\":{\"name\":\"Engin Buz\",\"@id\":\"https:\\\/\\\/www.textilegence.com\\\/en\\\/#\\\/schema\\\/person\\\/46ccc7bfc34edbc7d46b6b189f88849f\"},\"headline\":\"With BTSO, Manufacturers from Bursa Visited Dubai and Italy Fairs\",\"datePublished\":\"2017-04-17T06:45:36+00:00\",\"dateModified\":\"2018-01-08T10:37:05+00:00\",\"mainEntityOfPage\":{\"@id\":\"https:\\\/\\\/www.textilegence.com\\\/en\\\/with-btso-manufacturers-from-bursa-visited-dubai-and-italy-fairs-2\\\/\"},\"wordCount\":331,\"commentCount\":0,\"publisher\":{\"@id\":\"https:\\\/\\\/www.textilegence.com\\\/en\\\/#organization\"},\"image\":{\"@id\":\"https:\\\/\\\/www.textilegence.com\\\/en\\\/with-btso-manufacturers-from-bursa-visited-dubai-and-italy-fairs-2\\\/#primaryimage\"},\"thumbnailUrl\":\"https:\\\/\\\/www.textilegence.com\\\/wp-content\\\/uploads\\\/2017\\\/04\\\/BTSO-Textilegence.jpg\",\"keywords\":[\"bursa chamber of commerce and industry\",\"Dubai\"],\"articleSection\":[\"Topical\"],\"inLanguage\":\"en-US\",\"potentialAction\":[{\"@type\":\"CommentAction\",\"name\":\"Comment\",\"target\":[\"https:\\\/\\\/www.textilegence.com\\\/en\\\/with-btso-manufacturers-from-bursa-visited-dubai-and-italy-fairs-2\\\/#respond\"]}]},{\"@type\":\"WebPage\",\"@id\":\"https:\\\/\\\/www.textilegence.com\\\/en\\\/with-btso-manufacturers-from-bursa-visited-dubai-and-italy-fairs-2\\\/\",\"url\":\"https:\\\/\\\/www.textilegence.com\\\/en\\\/with-btso-manufacturers-from-bursa-visited-dubai-and-italy-fairs-2\\\/\",\"name\":\"With BTSO, Manufacturers from Bursa Visited Fairs Abroad - Textilegence\",\"isPartOf\":{\"@id\":\"https:\\\/\\\/www.textilegence.com\\\/en\\\/#website\"},\"primaryImageOfPage\":{\"@id\":\"https:\\\/\\\/www.textilegence.com\\\/en\\\/with-btso-manufacturers-from-bursa-visited-dubai-and-italy-fairs-2\\\/#primaryimage\"},\"image\":{\"@id\":\"https:\\\/\\\/www.textilegence.com\\\/en\\\/with-btso-manufacturers-from-bursa-visited-dubai-and-italy-fairs-2\\\/#primaryimage\"},\"thumbnailUrl\":\"https:\\\/\\\/www.textilegence.com\\\/wp-content\\\/uploads\\\/2017\\\/04\\\/BTSO-Textilegence.jpg\",\"datePublished\":\"2017-04-17T06:45:36+00:00\",\"dateModified\":\"2018-01-08T10:37:05+00:00\",\"description\":\"With the leadership of Bursa Chamber of Commerce and Industry (BTSO), representatives of textile and furniture sectors searched for the ways of developing and improving new business contacts by attending to fairs held in Dubai and Italy.\",\"breadcrumb\":{\"@id\":\"https:\\\/\\\/www.textilegence.com\\\/en\\\/with-btso-manufacturers-from-bursa-visited-dubai-and-italy-fairs-2\\\/#breadcrumb\"},\"inLanguage\":\"en-US\",\"potentialAction\":[{\"@type\":\"ReadAction\",\"target\":[\"https:\\\/\\\/www.textilegence.com\\\/en\\\/with-btso-manufacturers-from-bursa-visited-dubai-and-italy-fairs-2\\\/\"]}]},{\"@type\":\"ImageObject\",\"inLanguage\":\"en-US\",\"@id\":\"https:\\\/\\\/www.textilegence.com\\\/en\\\/with-btso-manufacturers-from-bursa-visited-dubai-and-italy-fairs-2\\\/#primaryimage\",\"url\":\"https:\\\/\\\/www.textilegence.com\\\/wp-content\\\/uploads\\\/2017\\\/04\\\/BTSO-Textilegence.jpg\",\"contentUrl\":\"https:\\\/\\\/www.textilegence.com\\\/wp-content\\\/uploads\\\/2017\\\/04\\\/BTSO-Textilegence.jpg\",\"width\":742,\"height\":486,\"caption\":\"With BTSO, Manufacturers from Bursa Visited Dubai and Italy Fairs\"},{\"@type\":\"BreadcrumbList\",\"@id\":\"https:\\\/\\\/www.textilegence.com\\\/en\\\/with-btso-manufacturers-from-bursa-visited-dubai-and-italy-fairs-2\\\/#breadcrumb\",\"itemListElement\":[{\"@type\":\"ListItem\",\"position\":1,\"name\":\"Home Page\",\"item\":\"https:\\\/\\\/www.textilegence.com\\\/en\\\/homepage-the-rimont\\\/\"},{\"@type\":\"ListItem\",\"position\":2,\"name\":\"Topical\",\"item\":\"https:\\\/\\\/www.textilegence.com\\\/en\\\/category\\\/topical\\\/\"},{\"@type\":\"ListItem\",\"position\":3,\"name\":\"With BTSO, Manufacturers from Bursa Visited Dubai and Italy Fairs\"}]},{\"@type\":\"WebSite\",\"@id\":\"https:\\\/\\\/www.textilegence.com\\\/en\\\/#website\",\"url\":\"https:\\\/\\\/www.textilegence.com\\\/en\\\/\",\"name\":\"Textilegence Magazine and Digital Platform\",\"description\":\"Textile News Center\",\"publisher\":{\"@id\":\"https:\\\/\\\/www.textilegence.com\\\/en\\\/#organization\"},\"potentialAction\":[{\"@type\":\"SearchAction\",\"target\":{\"@type\":\"EntryPoint\",\"urlTemplate\":\"https:\\\/\\\/www.textilegence.com\\\/en\\\/?s={search_term_string}\"},\"query-input\":{\"@type\":\"PropertyValueSpecification\",\"valueRequired\":true,\"valueName\":\"search_term_string\"}}],\"inLanguage\":\"en-US\"},{\"@type\":\"Organization\",\"@id\":\"https:\\\/\\\/www.textilegence.com\\\/en\\\/#organization\",\"name\":\"Textilegence Magazine and Digital Platform\",\"url\":\"https:\\\/\\\/www.textilegence.com\\\/en\\\/\",\"logo\":{\"@type\":\"ImageObject\",\"inLanguage\":\"en-US\",\"@id\":\"https:\\\/\\\/www.textilegence.com\\\/en\\\/#\\\/schema\\\/logo\\\/image\\\/\",\"url\":\"https:\\\/\\\/www.textilegence.com\\\/wp-content\\\/uploads\\\/2016\\\/11\\\/New_Retina_Logo_Textilegence.png\",\"contentUrl\":\"https:\\\/\\\/www.textilegence.com\\\/wp-content\\\/uploads\\\/2016\\\/11\\\/New_Retina_Logo_Textilegence.png\",\"width\":544,\"height\":180,\"caption\":\"Textilegence Magazine and Digital Platform\"},\"image\":{\"@id\":\"https:\\\/\\\/www.textilegence.com\\\/en\\\/#\\\/schema\\\/logo\\\/image\\\/\"},\"sameAs\":[\"https:\\\/\\\/www.facebook.com\\\/TextilegenceMagazine\",\"https:\\\/\\\/x.com\\\/textilegence\",\"https:\\\/\\\/www.instagram.com\\\/textilegence\\\/\",\"https:\\\/\\\/www.linkedin.com\\\/groups\\\/Textilegence-Magazine-Digital-Platform-4897253\",\"https:\\\/\\\/www.youtube.com\\\/user\\\/textilegence\"],\"description\":\"Textilegence is a magazine and digital platform established in 2013. It focuses on the textile industry and sub-segments. The platform provides news, articles, and updates on various aspects of the textile industry, including sustainability, technological advancements, and market trends.\",\"email\":\"editor@textilegence.com\",\"telephone\":\"+90 212 442 24 12\",\"legalName\":\"Textilegence Mag and Digital Platform\",\"foundingDate\":\"2013-01-01\",\"numberOfEmployees\":{\"@type\":\"QuantitativeValue\",\"minValue\":\"1\",\"maxValue\":\"10\"}},{\"@type\":\"Person\",\"@id\":\"https:\\\/\\\/www.textilegence.com\\\/en\\\/#\\\/schema\\\/person\\\/46ccc7bfc34edbc7d46b6b189f88849f\",\"name\":\"Engin Buz\",\"image\":{\"@type\":\"ImageObject\",\"inLanguage\":\"en-US\",\"@id\":\"https:\\\/\\\/www.textilegence.com\\\/wp-content\\\/uploads\\\/2018\\\/12\\\/engin-buz.jpg\",\"url\":\"https:\\\/\\\/www.textilegence.com\\\/wp-content\\\/uploads\\\/2018\\\/12\\\/engin-buz.jpg\",\"contentUrl\":\"https:\\\/\\\/www.textilegence.com\\\/wp-content\\\/uploads\\\/2018\\\/12\\\/engin-buz.jpg\",\"caption\":\"Engin Buz\"},\"description\":\"Engin Buz, Ankara \u00dcniversitesi \u0130leti\u015fim Fak\u00fcltesi Gazetecilik B\u00f6l\u00fcm\u00fc\u2019nden mezun olduktan sonra Y\u0131ld\u0131z Teknik \u00dcniversitesi\u2019nde Siyaset Bilimi ve Uluslararas\u0131 \u0130li\u015fkiler alan\u0131nda y\u00fcksek lisans\u0131n\u0131 tamamlam\u0131\u015ft\u0131r. 2000 y\u0131l\u0131ndan sonra \u00e7e\u015fitli yay\u0131nc\u0131l\u0131k \u015firketlerinde \u00e7al\u0131\u015fmaya ba\u015flayarak k\u00fclt\u00fcr-sanat ve daha sonra ekonomi haberleri haz\u0131rlam\u0131\u015ft\u0131r. 2009 y\u0131l\u0131ndan itibaren tekstil end\u00fcstrisine d\u00f6n\u00fck yay\u0131nlarda edit\u00f6r olarak g\u00f6rev alan Buz, 2013 itibariyle kurulan Textilegence\u2019de haber edit\u00f6r\u00fc olarak yer almaya ba\u015flam\u0131\u015ft\u0131r. Engin Buz halen ba\u015fta tekstil ve dijital bask\u0131 end\u00fcstrileri olmak \u00fczere ekonomi haberleri haz\u0131rlamaktad\u0131r.\",\"sameAs\":[\"https:\\\/\\\/www.textilegence.com\",\"https:\\\/\\\/www.facebook.com\\\/TextilegenceMagazine\",\"https:\\\/\\\/www.instagram.com\\\/textilegence\\\/\",\"https:\\\/\\\/www.linkedin.com\\\/in\\\/engin-buz-6190799a\\\/\",\"https:\\\/\\\/x.com\\\/https:\\\/\\\/twitter.com\\\/textilegence\"],\"url\":\"https:\\\/\\\/www.textilegence.com\\\/en\\\/author\\\/engin-buz\\\/\"}]}<\/script>\n<!-- \/ Yoast SEO Premium plugin. -->","yoast_head_json":{"title":"With BTSO, Manufacturers from Bursa Visited Fairs Abroad - Textilegence","description":"With the leadership of Bursa Chamber of Commerce and Industry (BTSO), representatives of textile and furniture sectors searched for the ways of developing and improving new business contacts by attending to fairs held in Dubai and Italy.","robots":{"index":"index","follow":"follow","max-snippet":"max-snippet:-1","max-image-preview":"max-image-preview:large","max-video-preview":"max-video-preview:-1"},"canonical":"https:\/\/www.textilegence.com\/en\/with-btso-manufacturers-from-bursa-visited-dubai-and-italy-fairs-2\/","og_locale":"en_US","og_type":"article","og_title":"With BTSO, Manufacturers from Bursa Visited Dubai and Italy Fairs","og_description":"With the leadership of Bursa Chamber of Commerce and Industry (BTSO), representatives of textile and furniture sectors searched for the ways of developing","og_url":"https:\/\/www.textilegence.com\/en\/with-btso-manufacturers-from-bursa-visited-dubai-and-italy-fairs-2\/","og_site_name":"Textilegence Magazine and Digital Platform","article_publisher":"https:\/\/www.facebook.com\/TextilegenceMagazine","article_author":"https:\/\/www.facebook.com\/TextilegenceMagazine","article_published_time":"2017-04-17T06:45:36+00:00","article_modified_time":"2018-01-08T10:37:05+00:00","og_image":[{"width":742,"height":486,"url":"https:\/\/www.textilegence.com\/wp-content\/uploads\/2017\/04\/BTSO-Textilegence.jpg","type":"image\/jpeg"}],"author":"Engin Buz","twitter_card":"summary_large_image","twitter_creator":"@https:\/\/twitter.com\/textilegence","twitter_site":"@textilegence","twitter_misc":{"Written by":"Engin Buz","Est. reading time":"2 minutes"},"schema":{"@context":"https:\/\/schema.org","@graph":[{"@type":"NewsArticle","@id":"https:\/\/www.textilegence.com\/en\/with-btso-manufacturers-from-bursa-visited-dubai-and-italy-fairs-2\/#article","isPartOf":{"@id":"https:\/\/www.textilegence.com\/en\/with-btso-manufacturers-from-bursa-visited-dubai-and-italy-fairs-2\/"},"author":{"name":"Engin Buz","@id":"https:\/\/www.textilegence.com\/en\/#\/schema\/person\/46ccc7bfc34edbc7d46b6b189f88849f"},"headline":"With BTSO, Manufacturers from Bursa Visited Dubai and Italy Fairs","datePublished":"2017-04-17T06:45:36+00:00","dateModified":"2018-01-08T10:37:05+00:00","mainEntityOfPage":{"@id":"https:\/\/www.textilegence.com\/en\/with-btso-manufacturers-from-bursa-visited-dubai-and-italy-fairs-2\/"},"wordCount":331,"commentCount":0,"publisher":{"@id":"https:\/\/www.textilegence.com\/en\/#organization"},"image":{"@id":"https:\/\/www.textilegence.com\/en\/with-btso-manufacturers-from-bursa-visited-dubai-and-italy-fairs-2\/#primaryimage"},"thumbnailUrl":"https:\/\/www.textilegence.com\/wp-content\/uploads\/2017\/04\/BTSO-Textilegence.jpg","keywords":["bursa chamber of commerce and industry","Dubai"],"articleSection":["Topical"],"inLanguage":"en-US","potentialAction":[{"@type":"CommentAction","name":"Comment","target":["https:\/\/www.textilegence.com\/en\/with-btso-manufacturers-from-bursa-visited-dubai-and-italy-fairs-2\/#respond"]}]},{"@type":"WebPage","@id":"https:\/\/www.textilegence.com\/en\/with-btso-manufacturers-from-bursa-visited-dubai-and-italy-fairs-2\/","url":"https:\/\/www.textilegence.com\/en\/with-btso-manufacturers-from-bursa-visited-dubai-and-italy-fairs-2\/","name":"With BTSO, Manufacturers from Bursa Visited Fairs Abroad - Textilegence","isPartOf":{"@id":"https:\/\/www.textilegence.com\/en\/#website"},"primaryImageOfPage":{"@id":"https:\/\/www.textilegence.com\/en\/with-btso-manufacturers-from-bursa-visited-dubai-and-italy-fairs-2\/#primaryimage"},"image":{"@id":"https:\/\/www.textilegence.com\/en\/with-btso-manufacturers-from-bursa-visited-dubai-and-italy-fairs-2\/#primaryimage"},"thumbnailUrl":"https:\/\/www.textilegence.com\/wp-content\/uploads\/2017\/04\/BTSO-Textilegence.jpg","datePublished":"2017-04-17T06:45:36+00:00","dateModified":"2018-01-08T10:37:05+00:00","description":"With the leadership of Bursa Chamber of Commerce and Industry (BTSO), representatives of textile and furniture sectors searched for the ways of developing and improving new business contacts by attending to fairs held in Dubai and Italy.","breadcrumb":{"@id":"https:\/\/www.textilegence.com\/en\/with-btso-manufacturers-from-bursa-visited-dubai-and-italy-fairs-2\/#breadcrumb"},"inLanguage":"en-US","potentialAction":[{"@type":"ReadAction","target":["https:\/\/www.textilegence.com\/en\/with-btso-manufacturers-from-bursa-visited-dubai-and-italy-fairs-2\/"]}]},{"@type":"ImageObject","inLanguage":"en-US","@id":"https:\/\/www.textilegence.com\/en\/with-btso-manufacturers-from-bursa-visited-dubai-and-italy-fairs-2\/#primaryimage","url":"https:\/\/www.textilegence.com\/wp-content\/uploads\/2017\/04\/BTSO-Textilegence.jpg","contentUrl":"https:\/\/www.textilegence.com\/wp-content\/uploads\/2017\/04\/BTSO-Textilegence.jpg","width":742,"height":486,"caption":"With BTSO, Manufacturers from Bursa Visited Dubai and Italy Fairs"},{"@type":"BreadcrumbList","@id":"https:\/\/www.textilegence.com\/en\/with-btso-manufacturers-from-bursa-visited-dubai-and-italy-fairs-2\/#breadcrumb","itemListElement":[{"@type":"ListItem","position":1,"name":"Home Page","item":"https:\/\/www.textilegence.com\/en\/homepage-the-rimont\/"},{"@type":"ListItem","position":2,"name":"Topical","item":"https:\/\/www.textilegence.com\/en\/category\/topical\/"},{"@type":"ListItem","position":3,"name":"With BTSO, Manufacturers from Bursa Visited Dubai and Italy Fairs"}]},{"@type":"WebSite","@id":"https:\/\/www.textilegence.com\/en\/#website","url":"https:\/\/www.textilegence.com\/en\/","name":"Textilegence Magazine and Digital Platform","description":"Textile News Center","publisher":{"@id":"https:\/\/www.textilegence.com\/en\/#organization"},"potentialAction":[{"@type":"SearchAction","target":{"@type":"EntryPoint","urlTemplate":"https:\/\/www.textilegence.com\/en\/?s={search_term_string}"},"query-input":{"@type":"PropertyValueSpecification","valueRequired":true,"valueName":"search_term_string"}}],"inLanguage":"en-US"},{"@type":"Organization","@id":"https:\/\/www.textilegence.com\/en\/#organization","name":"Textilegence Magazine and Digital Platform","url":"https:\/\/www.textilegence.com\/en\/","logo":{"@type":"ImageObject","inLanguage":"en-US","@id":"https:\/\/www.textilegence.com\/en\/#\/schema\/logo\/image\/","url":"https:\/\/www.textilegence.com\/wp-content\/uploads\/2016\/11\/New_Retina_Logo_Textilegence.png","contentUrl":"https:\/\/www.textilegence.com\/wp-content\/uploads\/2016\/11\/New_Retina_Logo_Textilegence.png","width":544,"height":180,"caption":"Textilegence Magazine and Digital Platform"},"image":{"@id":"https:\/\/www.textilegence.com\/en\/#\/schema\/logo\/image\/"},"sameAs":["https:\/\/www.facebook.com\/TextilegenceMagazine","https:\/\/x.com\/textilegence","https:\/\/www.instagram.com\/textilegence\/","https:\/\/www.linkedin.com\/groups\/Textilegence-Magazine-Digital-Platform-4897253","https:\/\/www.youtube.com\/user\/textilegence"],"description":"Textilegence is a magazine and digital platform established in 2013. It focuses on the textile industry and sub-segments. The platform provides news, articles, and updates on various aspects of the textile industry, including sustainability, technological advancements, and market trends.","email":"editor@textilegence.com","telephone":"+90 212 442 24 12","legalName":"Textilegence Mag and Digital Platform","foundingDate":"2013-01-01","numberOfEmployees":{"@type":"QuantitativeValue","minValue":"1","maxValue":"10"}},{"@type":"Person","@id":"https:\/\/www.textilegence.com\/en\/#\/schema\/person\/46ccc7bfc34edbc7d46b6b189f88849f","name":"Engin Buz","image":{"@type":"ImageObject","inLanguage":"en-US","@id":"https:\/\/www.textilegence.com\/wp-content\/uploads\/2018\/12\/engin-buz.jpg","url":"https:\/\/www.textilegence.com\/wp-content\/uploads\/2018\/12\/engin-buz.jpg","contentUrl":"https:\/\/www.textilegence.com\/wp-content\/uploads\/2018\/12\/engin-buz.jpg","caption":"Engin Buz"},"description":"Engin Buz, Ankara \u00dcniversitesi \u0130leti\u015fim Fak\u00fcltesi Gazetecilik B\u00f6l\u00fcm\u00fc\u2019nden mezun olduktan sonra Y\u0131ld\u0131z Teknik \u00dcniversitesi\u2019nde Siyaset Bilimi ve Uluslararas\u0131 \u0130li\u015fkiler alan\u0131nda y\u00fcksek lisans\u0131n\u0131 tamamlam\u0131\u015ft\u0131r. 2000 y\u0131l\u0131ndan sonra \u00e7e\u015fitli yay\u0131nc\u0131l\u0131k \u015firketlerinde \u00e7al\u0131\u015fmaya ba\u015flayarak k\u00fclt\u00fcr-sanat ve daha sonra ekonomi haberleri haz\u0131rlam\u0131\u015ft\u0131r. 2009 y\u0131l\u0131ndan itibaren tekstil end\u00fcstrisine d\u00f6n\u00fck yay\u0131nlarda edit\u00f6r olarak g\u00f6rev alan Buz, 2013 itibariyle kurulan Textilegence\u2019de haber edit\u00f6r\u00fc olarak yer almaya ba\u015flam\u0131\u015ft\u0131r. Engin Buz halen ba\u015fta tekstil ve dijital bask\u0131 end\u00fcstrileri olmak \u00fczere ekonomi haberleri haz\u0131rlamaktad\u0131r.","sameAs":["https:\/\/www.textilegence.com","https:\/\/www.facebook.com\/TextilegenceMagazine","https:\/\/www.instagram.com\/textilegence\/","https:\/\/www.linkedin.com\/in\/engin-buz-6190799a\/","https:\/\/x.com\/https:\/\/twitter.com\/textilegence"],"url":"https:\/\/www.textilegence.com\/en\/author\/engin-buz\/"}]}},"_links":{"self":[{"href":"https:\/\/www.textilegence.com\/en\/wp-json\/wp\/v2\/posts\/16971","targetHints":{"allow":["GET"]}}],"collection":[{"href":"https:\/\/www.textilegence.com\/en\/wp-json\/wp\/v2\/posts"}],"about":[{"href":"https:\/\/www.textilegence.com\/en\/wp-json\/wp\/v2\/types\/post"}],"author":[{"embeddable":true,"href":"https:\/\/www.textilegence.com\/en\/wp-json\/wp\/v2\/users\/2"}],"replies":[{"embeddable":true,"href":"https:\/\/www.textilegence.com\/en\/wp-json\/wp\/v2\/comments?post=16971"}],"version-history":[{"count":0,"href":"https:\/\/www.textilegence.com\/en\/wp-json\/wp\/v2\/posts\/16971\/revisions"}],"wp:featuredmedia":[{"embeddable":true,"href":"https:\/\/www.textilegence.com\/en\/wp-json\/wp\/v2\/media\/19414"}],"wp:attachment":[{"href":"https:\/\/www.textilegence.com\/en\/wp-json\/wp\/v2\/media?parent=16971"}],"wp:term":[{"taxonomy":"category","embeddable":true,"href":"https:\/\/www.textilegence.com\/en\/wp-json\/wp\/v2\/categories?post=16971"},{"taxonomy":"post_tag","embeddable":true,"href":"https:\/\/www.textilegence.com\/en\/wp-json\/wp\/v2\/tags?post=16971"}],"curies":[{"name":"wp","href":"https:\/\/api.w.org\/{rel}","templated":true}]}}