{"id":17075,"date":"2017-06-01T19:05:22","date_gmt":"2017-06-01T16:05:22","guid":{"rendered":"http:\/\/localhost\/textilegence\/sock-industry-followed-lycra-moves-istanbul-iii\/"},"modified":"2017-11-09T11:05:56","modified_gmt":"2017-11-09T08:05:56","slug":"sock-industry-followed-lycra-moves-istanbul-iii","status":"publish","type":"post","link":"https:\/\/www.textilegence.com\/en\/sock-industry-followed-lycra-moves-istanbul-iii\/","title":{"rendered":"Sock Industry Followed LYCRA\u00ae MOVES ISTANBUL III"},"content":{"rendered":"<p style=\"text-align: justify;\"><strong>Hosted the participants of the sock industry value chain for the third time<\/strong> <strong>at <\/strong><strong>INVISTA <\/strong><strong>\u201c\u00a0<\/strong><strong>LYCRA<\/strong><strong>\u00ae<\/strong> <strong>MOVES ISTANBUL III\u00a0<\/strong><strong>\u201d<\/strong><strong> semin<\/strong><strong>ar.<\/strong><\/p>\n<p style=\"text-align: justify;\"><a href=\"http:\/\/www.invista.com\/\" target=\"_blank\" rel=\"noopener\"><\/a><\/p>\n<figure id=\"attachment_19487\" aria-describedby=\"caption-attachment-19487\" style=\"width: 382px\" class=\"wp-caption alignleft\"><img loading=\"lazy\" decoding=\"async\" class=\"wp-image-19487 size-medium\" src=\"https:\/\/www.textilegence.com\/wp-content\/uploads\/2017\/06\/Lycra-Textilegecen-382x250.jpg\" alt=\"Sock Industry Followed LYCRA\u00ae MOVES ISTANBUL III\" width=\"382\" height=\"250\" srcset=\"https:\/\/www.textilegence.com\/wp-content\/uploads\/2017\/06\/Lycra-Textilegecen-382x250.jpg 382w, https:\/\/www.textilegence.com\/wp-content\/uploads\/2017\/06\/Lycra-Textilegecen-534x350.jpg 534w, https:\/\/www.textilegence.com\/wp-content\/uploads\/2017\/06\/Lycra-Textilegecen-696x456.jpg 696w, https:\/\/www.textilegence.com\/wp-content\/uploads\/2017\/06\/Lycra-Textilegecen-741x486.jpg 741w, https:\/\/www.textilegence.com\/wp-content\/uploads\/2017\/06\/Lycra-Textilegecen-641x420.jpg 641w, https:\/\/www.textilegence.com\/wp-content\/uploads\/2017\/06\/Lycra-Textilegecen.jpg 742w\" sizes=\"auto, (max-width: 382px) 100vw, 382px\" \/><figcaption id=\"caption-attachment-19487\" class=\"wp-caption-text\">Sock Industry Followed LYCRA\u00ae MOVES ISTANBUL III<\/figcaption><\/figure>\n<p style=\"text-align: justify;\"><a href=\"http:\/\/www.invista.com\/\" target=\"_blank\" rel=\"noopener\">INVISTA<\/a>, owners of the LYCRA\u00ae <a href=\"https:\/\/www.lycra.com\/en\/\" target=\"_blank\" rel=\"noopener\">Brand<\/a>, \u00a0were delighted to host the third event of its kind to the Sock Industry. New Sock trends and innovations for 2017-2018 were shown as part of INVISTA \u2019s global promotional activities. INVISTA EMEA Sock Marketing Manager Jane Gwyther and a long-time Turkish fashion model Deniz Pula\u015f shared the new season trends and innovations prepared by Dutch design agency Stijlinstituut AMSTERDAM with the audience. Key managers representing knitters, spinners, coverers, and retail sourcing hubs invited to this exclusive event.<\/p>\n<p style=\"text-align: justify;\">The <a href=\"https:\/\/www.textilegence.com\/invista-corap-sektorune-yeniliklerini-tanitti\/\" target=\"_blank\" rel=\"noopener\">new season<\/a> innovation includes \u201cATHLEISURE\u201d trend that offers comfort and performance 7\/24 in fashion trends which constitutes the new age life style itself. The new sock innovations comprised of a portfolio of trends blending energetic aesthetics with chic performance; mixing the innovations in fiber concepts with different ways of clothing. There were four different trends.<\/p>\n<h1 style=\"text-align: justify;\">4 different trends<\/h1>\n<p style=\"text-align: justify;\">1-The Laboratory: Offers dynamism and energy to the legs.<\/p>\n<p style=\"text-align: justify;\">2-The Beauty Parlour: The socks emerge as luxury and comfortable layers.<\/p>\n<p style=\"text-align: justify;\">3-The Office: Without any compromise to the corporate look; it adds dynamism to socks worn with classic pieces and suits.<\/p>\n<p style=\"text-align: justify;\">4-The Wild: Supports strong and powerful legs caring about the nature.<\/p>\n<p style=\"text-align: justify;\">INVISTA 2017-2018 sock trends and products produced with LYCRA\u00ae , COOLMAX<sup>\u00ae<\/sup>, \u00a0THERMOLITE\u00ae fibers eliminate limits and brings the power of thinking without limits in R&amp;D, design and technology to innovation.<\/p>\n<p style=\"text-align: justify;\"><span style=\"font-size: 8pt; color: #ffffff;\">INVISTA, owners of the LYCRA\u00ae Brand, \u00a0were delighted to host the third event of its kind to the Sock Industry. New Sock trends and innovations for 2017-2018 were shown as part of INVISTA \u2019s global promotional activities. INVISTA EMEA Sock Marketing Manager Jane Gwyther and a long-time Turkish fashion model; Deniz Pula\u015f shared the new season trends and innovations prepared by Dutch design agency Stijlinstituut AMSTERDAM with the audience.\u00a0<\/span><\/p>\n","protected":false},"excerpt":{"rendered":"<p>Hosted the participants of the sock industry value chain for the third time at INVISTA \u201c\u00a0LYCRA\u00ae MOVES ISTANBUL III\u00a0\u201d seminar. INVISTA, owners of the LYCRA\u00ae Brand, \u00a0were delighted to host the third event of its kind to the Sock Industry. New Sock trends and innovations for 2017-2018 were shown as part of INVISTA \u2019s global [&hellip;]<\/p>\n","protected":false},"author":2,"featured_media":19487,"comment_status":"open","ping_status":"closed","sticky":false,"template":"","format":"standard","meta":{"footnotes":""},"categories":[9862],"tags":[10223],"class_list":{"0":"post-17075","1":"post","2":"type-post","3":"status-publish","4":"format-standard","5":"has-post-thumbnail","7":"category-knitting","8":"tag-fibre"},"yoast_head":"<!-- This site is optimized with the Yoast SEO Premium plugin v27.3 (Yoast SEO v27.3) - https:\/\/yoast.com\/product\/yoast-seo-premium-wordpress\/ -->\n<title>Sock Industry Followed LYCRA\u00ae MOVES ISTANBUL III - Textilegence<\/title>\n<meta name=\"description\" content=\"Hosted the participants of the sock industry value chain for the third time at INVISTA \u201c LYCRA\u00ae MOVES ISTANBUL III \u201d seminar.\" \/>\n<meta name=\"robots\" content=\"index, follow, max-snippet:-1, max-image-preview:large, max-video-preview:-1\" \/>\n<link rel=\"canonical\" href=\"https:\/\/www.textilegence.com\/en\/sock-industry-followed-lycra-moves-istanbul-iii\/\" \/>\n<meta property=\"og:locale\" content=\"en_US\" \/>\n<meta property=\"og:type\" content=\"article\" \/>\n<meta property=\"og:title\" content=\"Sock Industry Followed LYCRA\u00ae MOVES ISTANBUL III\" \/>\n<meta property=\"og:description\" content=\"Hosted the participants of the sock industry value chain for the third time at INVISTA \u201c\u00a0LYCRA\u00ae MOVES ISTANBUL III\u00a0\u201d seminar. INVISTA, owners of the\" \/>\n<meta property=\"og:url\" content=\"https:\/\/www.textilegence.com\/en\/sock-industry-followed-lycra-moves-istanbul-iii\/\" \/>\n<meta property=\"og:site_name\" content=\"Textilegence Magazine and Digital Platform\" \/>\n<meta property=\"article:publisher\" content=\"https:\/\/www.facebook.com\/TextilegenceMagazine\" \/>\n<meta property=\"article:author\" content=\"https:\/\/www.facebook.com\/TextilegenceMagazine\" \/>\n<meta property=\"article:published_time\" content=\"2017-06-01T16:05:22+00:00\" \/>\n<meta property=\"article:modified_time\" content=\"2017-11-09T08:05:56+00:00\" \/>\n<meta property=\"og:image\" content=\"https:\/\/www.textilegence.com\/wp-content\/uploads\/2017\/06\/Lycra-Textilegecen.jpg\" \/>\n\t<meta property=\"og:image:width\" content=\"742\" \/>\n\t<meta property=\"og:image:height\" content=\"486\" \/>\n\t<meta property=\"og:image:type\" content=\"image\/jpeg\" \/>\n<meta name=\"author\" content=\"Engin Buz\" \/>\n<meta name=\"twitter:card\" content=\"summary_large_image\" \/>\n<meta name=\"twitter:creator\" content=\"@https:\/\/twitter.com\/textilegence\" \/>\n<meta name=\"twitter:site\" content=\"@textilegence\" \/>\n<meta name=\"twitter:label1\" content=\"Written by\" \/>\n\t<meta name=\"twitter:data1\" content=\"Engin Buz\" \/>\n\t<meta name=\"twitter:label2\" content=\"Est. reading time\" \/>\n\t<meta name=\"twitter:data2\" content=\"2 minutes\" \/>\n<script type=\"application\/ld+json\" class=\"yoast-schema-graph\">{\"@context\":\"https:\\\/\\\/schema.org\",\"@graph\":[{\"@type\":\"NewsArticle\",\"@id\":\"https:\\\/\\\/www.textilegence.com\\\/en\\\/sock-industry-followed-lycra-moves-istanbul-iii\\\/#article\",\"isPartOf\":{\"@id\":\"https:\\\/\\\/www.textilegence.com\\\/en\\\/sock-industry-followed-lycra-moves-istanbul-iii\\\/\"},\"author\":{\"name\":\"Engin Buz\",\"@id\":\"https:\\\/\\\/www.textilegence.com\\\/en\\\/#\\\/schema\\\/person\\\/46ccc7bfc34edbc7d46b6b189f88849f\"},\"headline\":\"Sock Industry Followed LYCRA\u00ae MOVES ISTANBUL III\",\"datePublished\":\"2017-06-01T16:05:22+00:00\",\"dateModified\":\"2017-11-09T08:05:56+00:00\",\"mainEntityOfPage\":{\"@id\":\"https:\\\/\\\/www.textilegence.com\\\/en\\\/sock-industry-followed-lycra-moves-istanbul-iii\\\/\"},\"wordCount\":334,\"commentCount\":0,\"publisher\":{\"@id\":\"https:\\\/\\\/www.textilegence.com\\\/en\\\/#organization\"},\"image\":{\"@id\":\"https:\\\/\\\/www.textilegence.com\\\/en\\\/sock-industry-followed-lycra-moves-istanbul-iii\\\/#primaryimage\"},\"thumbnailUrl\":\"https:\\\/\\\/www.textilegence.com\\\/wp-content\\\/uploads\\\/2017\\\/06\\\/Lycra-Textilegecen.jpg\",\"keywords\":[\"fibre\"],\"articleSection\":[\"Knitting\"],\"inLanguage\":\"en-US\",\"potentialAction\":[{\"@type\":\"CommentAction\",\"name\":\"Comment\",\"target\":[\"https:\\\/\\\/www.textilegence.com\\\/en\\\/sock-industry-followed-lycra-moves-istanbul-iii\\\/#respond\"]}]},{\"@type\":\"WebPage\",\"@id\":\"https:\\\/\\\/www.textilegence.com\\\/en\\\/sock-industry-followed-lycra-moves-istanbul-iii\\\/\",\"url\":\"https:\\\/\\\/www.textilegence.com\\\/en\\\/sock-industry-followed-lycra-moves-istanbul-iii\\\/\",\"name\":\"Sock Industry Followed LYCRA\u00ae MOVES ISTANBUL III - Textilegence\",\"isPartOf\":{\"@id\":\"https:\\\/\\\/www.textilegence.com\\\/en\\\/#website\"},\"primaryImageOfPage\":{\"@id\":\"https:\\\/\\\/www.textilegence.com\\\/en\\\/sock-industry-followed-lycra-moves-istanbul-iii\\\/#primaryimage\"},\"image\":{\"@id\":\"https:\\\/\\\/www.textilegence.com\\\/en\\\/sock-industry-followed-lycra-moves-istanbul-iii\\\/#primaryimage\"},\"thumbnailUrl\":\"https:\\\/\\\/www.textilegence.com\\\/wp-content\\\/uploads\\\/2017\\\/06\\\/Lycra-Textilegecen.jpg\",\"datePublished\":\"2017-06-01T16:05:22+00:00\",\"dateModified\":\"2017-11-09T08:05:56+00:00\",\"description\":\"Hosted the participants of the sock industry value chain for the third time at INVISTA \u201c LYCRA\u00ae MOVES ISTANBUL III \u201d seminar.\",\"breadcrumb\":{\"@id\":\"https:\\\/\\\/www.textilegence.com\\\/en\\\/sock-industry-followed-lycra-moves-istanbul-iii\\\/#breadcrumb\"},\"inLanguage\":\"en-US\",\"potentialAction\":[{\"@type\":\"ReadAction\",\"target\":[\"https:\\\/\\\/www.textilegence.com\\\/en\\\/sock-industry-followed-lycra-moves-istanbul-iii\\\/\"]}]},{\"@type\":\"ImageObject\",\"inLanguage\":\"en-US\",\"@id\":\"https:\\\/\\\/www.textilegence.com\\\/en\\\/sock-industry-followed-lycra-moves-istanbul-iii\\\/#primaryimage\",\"url\":\"https:\\\/\\\/www.textilegence.com\\\/wp-content\\\/uploads\\\/2017\\\/06\\\/Lycra-Textilegecen.jpg\",\"contentUrl\":\"https:\\\/\\\/www.textilegence.com\\\/wp-content\\\/uploads\\\/2017\\\/06\\\/Lycra-Textilegecen.jpg\",\"width\":742,\"height\":486,\"caption\":\"Sock Industry Followed LYCRA\u00ae MOVES ISTANBUL III\"},{\"@type\":\"BreadcrumbList\",\"@id\":\"https:\\\/\\\/www.textilegence.com\\\/en\\\/sock-industry-followed-lycra-moves-istanbul-iii\\\/#breadcrumb\",\"itemListElement\":[{\"@type\":\"ListItem\",\"position\":1,\"name\":\"Home Page\",\"item\":\"https:\\\/\\\/www.textilegence.com\\\/en\\\/homepage-the-rimont\\\/\"},{\"@type\":\"ListItem\",\"position\":2,\"name\":\"Knitting\",\"item\":\"https:\\\/\\\/www.textilegence.com\\\/en\\\/category\\\/knitting\\\/\"},{\"@type\":\"ListItem\",\"position\":3,\"name\":\"Sock Industry Followed LYCRA\u00ae MOVES ISTANBUL III\"}]},{\"@type\":\"WebSite\",\"@id\":\"https:\\\/\\\/www.textilegence.com\\\/en\\\/#website\",\"url\":\"https:\\\/\\\/www.textilegence.com\\\/en\\\/\",\"name\":\"Textilegence Magazine and Digital Platform\",\"description\":\"Textile News Center\",\"publisher\":{\"@id\":\"https:\\\/\\\/www.textilegence.com\\\/en\\\/#organization\"},\"potentialAction\":[{\"@type\":\"SearchAction\",\"target\":{\"@type\":\"EntryPoint\",\"urlTemplate\":\"https:\\\/\\\/www.textilegence.com\\\/en\\\/?s={search_term_string}\"},\"query-input\":{\"@type\":\"PropertyValueSpecification\",\"valueRequired\":true,\"valueName\":\"search_term_string\"}}],\"inLanguage\":\"en-US\"},{\"@type\":\"Organization\",\"@id\":\"https:\\\/\\\/www.textilegence.com\\\/en\\\/#organization\",\"name\":\"Textilegence Magazine and Digital Platform\",\"url\":\"https:\\\/\\\/www.textilegence.com\\\/en\\\/\",\"logo\":{\"@type\":\"ImageObject\",\"inLanguage\":\"en-US\",\"@id\":\"https:\\\/\\\/www.textilegence.com\\\/en\\\/#\\\/schema\\\/logo\\\/image\\\/\",\"url\":\"https:\\\/\\\/www.textilegence.com\\\/wp-content\\\/uploads\\\/2016\\\/11\\\/New_Retina_Logo_Textilegence.png\",\"contentUrl\":\"https:\\\/\\\/www.textilegence.com\\\/wp-content\\\/uploads\\\/2016\\\/11\\\/New_Retina_Logo_Textilegence.png\",\"width\":544,\"height\":180,\"caption\":\"Textilegence Magazine and Digital Platform\"},\"image\":{\"@id\":\"https:\\\/\\\/www.textilegence.com\\\/en\\\/#\\\/schema\\\/logo\\\/image\\\/\"},\"sameAs\":[\"https:\\\/\\\/www.facebook.com\\\/TextilegenceMagazine\",\"https:\\\/\\\/x.com\\\/textilegence\",\"https:\\\/\\\/www.instagram.com\\\/textilegence\\\/\",\"https:\\\/\\\/www.linkedin.com\\\/groups\\\/Textilegence-Magazine-Digital-Platform-4897253\",\"https:\\\/\\\/www.youtube.com\\\/user\\\/textilegence\"],\"description\":\"Textilegence is a magazine and digital platform established in 2013. It focuses on the textile industry and sub-segments. The platform provides news, articles, and updates on various aspects of the textile industry, including sustainability, technological advancements, and market trends.\",\"email\":\"editor@textilegence.com\",\"telephone\":\"+90 212 442 24 12\",\"legalName\":\"Textilegence Mag and Digital Platform\",\"foundingDate\":\"2013-01-01\",\"numberOfEmployees\":{\"@type\":\"QuantitativeValue\",\"minValue\":\"1\",\"maxValue\":\"10\"}},{\"@type\":\"Person\",\"@id\":\"https:\\\/\\\/www.textilegence.com\\\/en\\\/#\\\/schema\\\/person\\\/46ccc7bfc34edbc7d46b6b189f88849f\",\"name\":\"Engin Buz\",\"image\":{\"@type\":\"ImageObject\",\"inLanguage\":\"en-US\",\"@id\":\"https:\\\/\\\/www.textilegence.com\\\/wp-content\\\/uploads\\\/2018\\\/12\\\/engin-buz.jpg\",\"url\":\"https:\\\/\\\/www.textilegence.com\\\/wp-content\\\/uploads\\\/2018\\\/12\\\/engin-buz.jpg\",\"contentUrl\":\"https:\\\/\\\/www.textilegence.com\\\/wp-content\\\/uploads\\\/2018\\\/12\\\/engin-buz.jpg\",\"caption\":\"Engin Buz\"},\"description\":\"Engin Buz, Ankara \u00dcniversitesi \u0130leti\u015fim Fak\u00fcltesi Gazetecilik B\u00f6l\u00fcm\u00fc\u2019nden mezun olduktan sonra Y\u0131ld\u0131z Teknik \u00dcniversitesi\u2019nde Siyaset Bilimi ve Uluslararas\u0131 \u0130li\u015fkiler alan\u0131nda y\u00fcksek lisans\u0131n\u0131 tamamlam\u0131\u015ft\u0131r. 2000 y\u0131l\u0131ndan sonra \u00e7e\u015fitli yay\u0131nc\u0131l\u0131k \u015firketlerinde \u00e7al\u0131\u015fmaya ba\u015flayarak k\u00fclt\u00fcr-sanat ve daha sonra ekonomi haberleri haz\u0131rlam\u0131\u015ft\u0131r. 2009 y\u0131l\u0131ndan itibaren tekstil end\u00fcstrisine d\u00f6n\u00fck yay\u0131nlarda edit\u00f6r olarak g\u00f6rev alan Buz, 2013 itibariyle kurulan Textilegence\u2019de haber edit\u00f6r\u00fc olarak yer almaya ba\u015flam\u0131\u015ft\u0131r. Engin Buz halen ba\u015fta tekstil ve dijital bask\u0131 end\u00fcstrileri olmak \u00fczere ekonomi haberleri haz\u0131rlamaktad\u0131r.\",\"sameAs\":[\"https:\\\/\\\/www.textilegence.com\",\"https:\\\/\\\/www.facebook.com\\\/TextilegenceMagazine\",\"https:\\\/\\\/www.instagram.com\\\/textilegence\\\/\",\"https:\\\/\\\/www.linkedin.com\\\/in\\\/engin-buz-6190799a\\\/\",\"https:\\\/\\\/x.com\\\/https:\\\/\\\/twitter.com\\\/textilegence\"],\"url\":\"https:\\\/\\\/www.textilegence.com\\\/en\\\/author\\\/engin-buz\\\/\"}]}<\/script>\n<!-- \/ Yoast SEO Premium plugin. -->","yoast_head_json":{"title":"Sock Industry Followed LYCRA\u00ae MOVES ISTANBUL III - Textilegence","description":"Hosted the participants of the sock industry value chain for the third time at INVISTA \u201c LYCRA\u00ae MOVES ISTANBUL III \u201d seminar.","robots":{"index":"index","follow":"follow","max-snippet":"max-snippet:-1","max-image-preview":"max-image-preview:large","max-video-preview":"max-video-preview:-1"},"canonical":"https:\/\/www.textilegence.com\/en\/sock-industry-followed-lycra-moves-istanbul-iii\/","og_locale":"en_US","og_type":"article","og_title":"Sock Industry Followed LYCRA\u00ae MOVES ISTANBUL III","og_description":"Hosted the participants of the sock industry value chain for the third time at INVISTA \u201c\u00a0LYCRA\u00ae MOVES ISTANBUL III\u00a0\u201d seminar. INVISTA, owners of the","og_url":"https:\/\/www.textilegence.com\/en\/sock-industry-followed-lycra-moves-istanbul-iii\/","og_site_name":"Textilegence Magazine and Digital Platform","article_publisher":"https:\/\/www.facebook.com\/TextilegenceMagazine","article_author":"https:\/\/www.facebook.com\/TextilegenceMagazine","article_published_time":"2017-06-01T16:05:22+00:00","article_modified_time":"2017-11-09T08:05:56+00:00","og_image":[{"width":742,"height":486,"url":"https:\/\/www.textilegence.com\/wp-content\/uploads\/2017\/06\/Lycra-Textilegecen.jpg","type":"image\/jpeg"}],"author":"Engin Buz","twitter_card":"summary_large_image","twitter_creator":"@https:\/\/twitter.com\/textilegence","twitter_site":"@textilegence","twitter_misc":{"Written by":"Engin Buz","Est. reading time":"2 minutes"},"schema":{"@context":"https:\/\/schema.org","@graph":[{"@type":"NewsArticle","@id":"https:\/\/www.textilegence.com\/en\/sock-industry-followed-lycra-moves-istanbul-iii\/#article","isPartOf":{"@id":"https:\/\/www.textilegence.com\/en\/sock-industry-followed-lycra-moves-istanbul-iii\/"},"author":{"name":"Engin Buz","@id":"https:\/\/www.textilegence.com\/en\/#\/schema\/person\/46ccc7bfc34edbc7d46b6b189f88849f"},"headline":"Sock Industry Followed LYCRA\u00ae MOVES ISTANBUL III","datePublished":"2017-06-01T16:05:22+00:00","dateModified":"2017-11-09T08:05:56+00:00","mainEntityOfPage":{"@id":"https:\/\/www.textilegence.com\/en\/sock-industry-followed-lycra-moves-istanbul-iii\/"},"wordCount":334,"commentCount":0,"publisher":{"@id":"https:\/\/www.textilegence.com\/en\/#organization"},"image":{"@id":"https:\/\/www.textilegence.com\/en\/sock-industry-followed-lycra-moves-istanbul-iii\/#primaryimage"},"thumbnailUrl":"https:\/\/www.textilegence.com\/wp-content\/uploads\/2017\/06\/Lycra-Textilegecen.jpg","keywords":["fibre"],"articleSection":["Knitting"],"inLanguage":"en-US","potentialAction":[{"@type":"CommentAction","name":"Comment","target":["https:\/\/www.textilegence.com\/en\/sock-industry-followed-lycra-moves-istanbul-iii\/#respond"]}]},{"@type":"WebPage","@id":"https:\/\/www.textilegence.com\/en\/sock-industry-followed-lycra-moves-istanbul-iii\/","url":"https:\/\/www.textilegence.com\/en\/sock-industry-followed-lycra-moves-istanbul-iii\/","name":"Sock Industry Followed LYCRA\u00ae MOVES ISTANBUL III - Textilegence","isPartOf":{"@id":"https:\/\/www.textilegence.com\/en\/#website"},"primaryImageOfPage":{"@id":"https:\/\/www.textilegence.com\/en\/sock-industry-followed-lycra-moves-istanbul-iii\/#primaryimage"},"image":{"@id":"https:\/\/www.textilegence.com\/en\/sock-industry-followed-lycra-moves-istanbul-iii\/#primaryimage"},"thumbnailUrl":"https:\/\/www.textilegence.com\/wp-content\/uploads\/2017\/06\/Lycra-Textilegecen.jpg","datePublished":"2017-06-01T16:05:22+00:00","dateModified":"2017-11-09T08:05:56+00:00","description":"Hosted the participants of the sock industry value chain for the third time at INVISTA \u201c LYCRA\u00ae MOVES ISTANBUL III \u201d seminar.","breadcrumb":{"@id":"https:\/\/www.textilegence.com\/en\/sock-industry-followed-lycra-moves-istanbul-iii\/#breadcrumb"},"inLanguage":"en-US","potentialAction":[{"@type":"ReadAction","target":["https:\/\/www.textilegence.com\/en\/sock-industry-followed-lycra-moves-istanbul-iii\/"]}]},{"@type":"ImageObject","inLanguage":"en-US","@id":"https:\/\/www.textilegence.com\/en\/sock-industry-followed-lycra-moves-istanbul-iii\/#primaryimage","url":"https:\/\/www.textilegence.com\/wp-content\/uploads\/2017\/06\/Lycra-Textilegecen.jpg","contentUrl":"https:\/\/www.textilegence.com\/wp-content\/uploads\/2017\/06\/Lycra-Textilegecen.jpg","width":742,"height":486,"caption":"Sock Industry Followed LYCRA\u00ae MOVES ISTANBUL III"},{"@type":"BreadcrumbList","@id":"https:\/\/www.textilegence.com\/en\/sock-industry-followed-lycra-moves-istanbul-iii\/#breadcrumb","itemListElement":[{"@type":"ListItem","position":1,"name":"Home Page","item":"https:\/\/www.textilegence.com\/en\/homepage-the-rimont\/"},{"@type":"ListItem","position":2,"name":"Knitting","item":"https:\/\/www.textilegence.com\/en\/category\/knitting\/"},{"@type":"ListItem","position":3,"name":"Sock Industry Followed LYCRA\u00ae MOVES ISTANBUL III"}]},{"@type":"WebSite","@id":"https:\/\/www.textilegence.com\/en\/#website","url":"https:\/\/www.textilegence.com\/en\/","name":"Textilegence Magazine and Digital Platform","description":"Textile News Center","publisher":{"@id":"https:\/\/www.textilegence.com\/en\/#organization"},"potentialAction":[{"@type":"SearchAction","target":{"@type":"EntryPoint","urlTemplate":"https:\/\/www.textilegence.com\/en\/?s={search_term_string}"},"query-input":{"@type":"PropertyValueSpecification","valueRequired":true,"valueName":"search_term_string"}}],"inLanguage":"en-US"},{"@type":"Organization","@id":"https:\/\/www.textilegence.com\/en\/#organization","name":"Textilegence Magazine and Digital Platform","url":"https:\/\/www.textilegence.com\/en\/","logo":{"@type":"ImageObject","inLanguage":"en-US","@id":"https:\/\/www.textilegence.com\/en\/#\/schema\/logo\/image\/","url":"https:\/\/www.textilegence.com\/wp-content\/uploads\/2016\/11\/New_Retina_Logo_Textilegence.png","contentUrl":"https:\/\/www.textilegence.com\/wp-content\/uploads\/2016\/11\/New_Retina_Logo_Textilegence.png","width":544,"height":180,"caption":"Textilegence Magazine and Digital Platform"},"image":{"@id":"https:\/\/www.textilegence.com\/en\/#\/schema\/logo\/image\/"},"sameAs":["https:\/\/www.facebook.com\/TextilegenceMagazine","https:\/\/x.com\/textilegence","https:\/\/www.instagram.com\/textilegence\/","https:\/\/www.linkedin.com\/groups\/Textilegence-Magazine-Digital-Platform-4897253","https:\/\/www.youtube.com\/user\/textilegence"],"description":"Textilegence is a magazine and digital platform established in 2013. It focuses on the textile industry and sub-segments. The platform provides news, articles, and updates on various aspects of the textile industry, including sustainability, technological advancements, and market trends.","email":"editor@textilegence.com","telephone":"+90 212 442 24 12","legalName":"Textilegence Mag and Digital Platform","foundingDate":"2013-01-01","numberOfEmployees":{"@type":"QuantitativeValue","minValue":"1","maxValue":"10"}},{"@type":"Person","@id":"https:\/\/www.textilegence.com\/en\/#\/schema\/person\/46ccc7bfc34edbc7d46b6b189f88849f","name":"Engin Buz","image":{"@type":"ImageObject","inLanguage":"en-US","@id":"https:\/\/www.textilegence.com\/wp-content\/uploads\/2018\/12\/engin-buz.jpg","url":"https:\/\/www.textilegence.com\/wp-content\/uploads\/2018\/12\/engin-buz.jpg","contentUrl":"https:\/\/www.textilegence.com\/wp-content\/uploads\/2018\/12\/engin-buz.jpg","caption":"Engin Buz"},"description":"Engin Buz, Ankara \u00dcniversitesi \u0130leti\u015fim Fak\u00fcltesi Gazetecilik B\u00f6l\u00fcm\u00fc\u2019nden mezun olduktan sonra Y\u0131ld\u0131z Teknik \u00dcniversitesi\u2019nde Siyaset Bilimi ve Uluslararas\u0131 \u0130li\u015fkiler alan\u0131nda y\u00fcksek lisans\u0131n\u0131 tamamlam\u0131\u015ft\u0131r. 2000 y\u0131l\u0131ndan sonra \u00e7e\u015fitli yay\u0131nc\u0131l\u0131k \u015firketlerinde \u00e7al\u0131\u015fmaya ba\u015flayarak k\u00fclt\u00fcr-sanat ve daha sonra ekonomi haberleri haz\u0131rlam\u0131\u015ft\u0131r. 2009 y\u0131l\u0131ndan itibaren tekstil end\u00fcstrisine d\u00f6n\u00fck yay\u0131nlarda edit\u00f6r olarak g\u00f6rev alan Buz, 2013 itibariyle kurulan Textilegence\u2019de haber edit\u00f6r\u00fc olarak yer almaya ba\u015flam\u0131\u015ft\u0131r. Engin Buz halen ba\u015fta tekstil ve dijital bask\u0131 end\u00fcstrileri olmak \u00fczere ekonomi haberleri haz\u0131rlamaktad\u0131r.","sameAs":["https:\/\/www.textilegence.com","https:\/\/www.facebook.com\/TextilegenceMagazine","https:\/\/www.instagram.com\/textilegence\/","https:\/\/www.linkedin.com\/in\/engin-buz-6190799a\/","https:\/\/x.com\/https:\/\/twitter.com\/textilegence"],"url":"https:\/\/www.textilegence.com\/en\/author\/engin-buz\/"}]}},"_links":{"self":[{"href":"https:\/\/www.textilegence.com\/en\/wp-json\/wp\/v2\/posts\/17075","targetHints":{"allow":["GET"]}}],"collection":[{"href":"https:\/\/www.textilegence.com\/en\/wp-json\/wp\/v2\/posts"}],"about":[{"href":"https:\/\/www.textilegence.com\/en\/wp-json\/wp\/v2\/types\/post"}],"author":[{"embeddable":true,"href":"https:\/\/www.textilegence.com\/en\/wp-json\/wp\/v2\/users\/2"}],"replies":[{"embeddable":true,"href":"https:\/\/www.textilegence.com\/en\/wp-json\/wp\/v2\/comments?post=17075"}],"version-history":[{"count":0,"href":"https:\/\/www.textilegence.com\/en\/wp-json\/wp\/v2\/posts\/17075\/revisions"}],"wp:featuredmedia":[{"embeddable":true,"href":"https:\/\/www.textilegence.com\/en\/wp-json\/wp\/v2\/media\/19487"}],"wp:attachment":[{"href":"https:\/\/www.textilegence.com\/en\/wp-json\/wp\/v2\/media?parent=17075"}],"wp:term":[{"taxonomy":"category","embeddable":true,"href":"https:\/\/www.textilegence.com\/en\/wp-json\/wp\/v2\/categories?post=17075"},{"taxonomy":"post_tag","embeddable":true,"href":"https:\/\/www.textilegence.com\/en\/wp-json\/wp\/v2\/tags?post=17075"}],"curies":[{"name":"wp","href":"https:\/\/api.w.org\/{rel}","templated":true}]}}