{"id":17097,"date":"2017-06-09T17:06:59","date_gmt":"2017-06-09T14:06:59","guid":{"rendered":"http:\/\/localhost\/textilegence\/oecd-raised-expectations-from-turkish-economy\/"},"modified":"2017-11-07T16:33:43","modified_gmt":"2017-11-07T13:33:43","slug":"oecd-raised-expectations-from-turkish-economy","status":"publish","type":"post","link":"https:\/\/www.textilegence.com\/en\/oecd-raised-expectations-from-turkish-economy\/","title":{"rendered":"OECD Raised Expectations from Turkish Economy"},"content":{"rendered":"<p style=\"text-align: justify;\"><strong>In the OECD report where it was explained that 3,4% growth in 2017 and 3,5% in 2018 is expected from <a href=\"https:\/\/www.textilegence.com\/en\/category\/topical\/\" target=\"_blank\" rel=\"noopener\">Turkish<\/a> economy, it is recorded that there will be a major growth in the economy in case the government practices the reforms.<\/strong><\/p>\n<p style=\"text-align: justify;\">\n<figure id=\"attachment_19507\" aria-describedby=\"caption-attachment-19507\" style=\"width: 382px\" class=\"wp-caption alignleft\"><img loading=\"lazy\" decoding=\"async\" class=\"wp-image-19507 size-medium\" src=\"https:\/\/www.textilegence.com\/wp-content\/uploads\/2017\/06\/OECD-raporu-Textilegence-382x250.jpg\" alt=\"OECD Raised Expectations from Turkish Economy\" width=\"382\" height=\"250\" srcset=\"https:\/\/www.textilegence.com\/wp-content\/uploads\/2017\/06\/OECD-raporu-Textilegence-382x250.jpg 382w, https:\/\/www.textilegence.com\/wp-content\/uploads\/2017\/06\/OECD-raporu-Textilegence-534x350.jpg 534w, https:\/\/www.textilegence.com\/wp-content\/uploads\/2017\/06\/OECD-raporu-Textilegence-696x456.jpg 696w, https:\/\/www.textilegence.com\/wp-content\/uploads\/2017\/06\/OECD-raporu-Textilegence-741x486.jpg 741w, https:\/\/www.textilegence.com\/wp-content\/uploads\/2017\/06\/OECD-raporu-Textilegence-641x420.jpg 641w, https:\/\/www.textilegence.com\/wp-content\/uploads\/2017\/06\/OECD-raporu-Textilegence.jpg 742w\" sizes=\"auto, (max-width: 382px) 100vw, 382px\" \/><figcaption id=\"caption-attachment-19507\" class=\"wp-caption-text\">OECD Raised Expectations from Turkish Economy<\/figcaption><\/figure>\n<p style=\"text-align: justify;\"><a href=\"http:\/\/www.oecd.org\/\" target=\"_blank\" rel=\"noopener\">The Organisation for Economic Co-operation and Development<\/a>(OECD) raised its expectations towards Turkey on the Global Economic Outlook report published in June. OECD while revising 2017 GSYH growth expectation by raising, \u00a0decreased its forecast for 2018. Accordingly, the growth forecast of Turkey for 2016, 2017 and 2018 were described respectively as 3,1%, 3,4% and 3,5%.<\/p>\n<h1>OECD forecasts a slowdown on disinflation<\/h1>\n<p style=\"text-align: justify;\">It is foreseen that\u00a0 consumer price inflation will be back in double digits and disinflation will be slow. The inflation forecast for 2016, 2017 and 2018 are projected as 78%, 10,4% and %8,1. The unemployment rates fro 2016, 2017 and 2018 are projected as 10,9%, 10,8% and 10,9%. Current accounts deficit of Turkey is evaluated as 3,4%, 4,8% and 4,6% in the relevant years.<\/p>\n<p style=\"text-align: justify;\">These are stated in the report; \u201cAs the export demand\u00a0 increased, the supported fiscal and other measurements, private consumption and investments were encouraged. The impacts on public finance and quality of credit allocation must be monitored. The monetary stance has been tightened because of sharp exchange rate depreciation and rising inflation expectations; but explicit increases are needed in the main policy rate.\u201d<\/p>\n<h2>OECD; &#8220;deepenign of the customs union agreement is a key factor&#8221;<\/h2>\n<p style=\"text-align: justify;\">It is emphasized in the report that increasing net exports throught further integration in global and European value chains is crucial for job creation in the face of a high unemployment rate, without further increasing the current account deficit. It is also recorded that the long-planned, though now uncertain deepening of the customs union agreement with European Union and its extension to agriculture and service sectors is the key factor. It is said thusly; \u201cTo make the most of the resulting opportunities, up-skilling programmes should be implemented; not only for young workers but also for entrepreneurs and low-skilled workers. \u201d<\/p>\n<p style=\"text-align: justify;\">In the report where it is stated that economic activites slowed down in 2016 due to the geopolitic tension and 15<sup>th\u00a0 <\/sup>of July coup attempt; it is also stressed that private sector consumption and investmenst started to recover thanks to various government measures. Considering the continous rise in labour force, unemployment rate among young people reached to a historically high number; 24%in early 2017.<\/p>\n<p style=\"text-align: justify;\">It is expressed that economic growth is encouraged by acceleration of goods exports; on the back of improving demand from Europe and competitiveness gains delivered by exchange rate depreciation. In contrast, service exports, while are dominated by tourism(represents 16% of total exports) service exports are stated to remain weak. It is pointed out that in contrast to tourist inflow from Russia resumed. The inflow of visitors from Europe remained subdued. Therefore, it is defended that the current account deficit widened again.<\/p>\n<h3 style=\"text-align: justify;\"><strong>New fiscal stimulus measures have been taken<\/strong><\/h3>\n<p style=\"text-align: justify;\">It is recorded in OECD report that policymakers used of the fiscal space created by past budget restrain to launch measures to support private consumption, investment and job creation.<\/p>\n<p style=\"text-align: justify;\">Substantial restructuring of tax and social security contribution obligations were offered. There was VAT(Value Added Tax) cuts on Purchases of new housing, furniture and white goods. Prudential rules for consumer loans and credit cards were relaxed. In the business sector, goverment credit guarantees covering from 85% to 100% of bank loans to large firms, SMEs(Small and Medium Sized Enterprises)\u00a0 and exporters, and zero-interest loans to large numbers of SMEs \u00a0were formes.The report defends that this process should be kept under control because of the excessive balance sheet. In the report reminding that some campaigns and measurements were implemented in regards of increasing the employment rate, it is defended that the complete reporting of the costs of new incentive measurements was important for finding external financing without any problems.<\/p>\n<p style=\"text-align: justify;\">In the report stating uncertainities continues highly, it is recorded that\u00a0 there can be a significant growth on the condition that delayed reforms are implemented. It is also claimed that in the case of the tension geopolitical and local tension or Turkey-EU relations get worse; business reliance, investments and growth will be weakened and the risks related to external funding will increase.<\/p>\n","protected":false},"excerpt":{"rendered":"<p>In the OECD report where it was explained that 3,4% growth in 2017 and 3,5% in 2018 is expected from Turkish economy, it is recorded that there will be a major growth in the economy in case the government practices the reforms. The Organisation for Economic Co-operation and Development(OECD) raised its expectations towards Turkey on [&hellip;]<\/p>\n","protected":false},"author":2,"featured_media":19507,"comment_status":"open","ping_status":"closed","sticky":false,"template":"","format":"standard","meta":{"footnotes":""},"categories":[9859],"tags":[],"class_list":{"0":"post-17097","1":"post","2":"type-post","3":"status-publish","4":"format-standard","5":"has-post-thumbnail","7":"category-topical"},"yoast_head":"<!-- This site is optimized with the Yoast SEO Premium plugin v27.3 (Yoast SEO v27.3) - https:\/\/yoast.com\/product\/yoast-seo-premium-wordpress\/ -->\n<title>OECD Raised Expectations from Turkish Economy - Textilegence<\/title>\n<meta name=\"description\" content=\"In the OECD report where it was explained that 3,4% growth in 2017 and 3,5% in 2018 is expected from Turkish economy if reformes are practiced.\" \/>\n<meta name=\"robots\" content=\"index, follow, max-snippet:-1, max-image-preview:large, max-video-preview:-1\" \/>\n<link rel=\"canonical\" href=\"https:\/\/www.textilegence.com\/en\/oecd-raised-expectations-from-turkish-economy\/\" \/>\n<meta property=\"og:locale\" content=\"en_US\" \/>\n<meta property=\"og:type\" content=\"article\" \/>\n<meta property=\"og:title\" content=\"OECD Raised Expectations from Turkish Economy\" \/>\n<meta property=\"og:description\" content=\"In the OECD report where it was explained that 3,4% growth in 2017 and 3,5% in 2018 is expected from Turkish economy, it is recorded that there will be a\" \/>\n<meta property=\"og:url\" content=\"https:\/\/www.textilegence.com\/en\/oecd-raised-expectations-from-turkish-economy\/\" \/>\n<meta property=\"og:site_name\" content=\"Textilegence Magazine and Digital Platform\" \/>\n<meta property=\"article:publisher\" content=\"https:\/\/www.facebook.com\/TextilegenceMagazine\" \/>\n<meta property=\"article:author\" content=\"https:\/\/www.facebook.com\/TextilegenceMagazine\" \/>\n<meta property=\"article:published_time\" content=\"2017-06-09T14:06:59+00:00\" \/>\n<meta property=\"article:modified_time\" content=\"2017-11-07T13:33:43+00:00\" \/>\n<meta property=\"og:image\" content=\"https:\/\/www.textilegence.com\/wp-content\/uploads\/2017\/06\/OECD-raporu-Textilegence.jpg\" \/>\n\t<meta property=\"og:image:width\" content=\"742\" \/>\n\t<meta property=\"og:image:height\" content=\"486\" \/>\n\t<meta property=\"og:image:type\" content=\"image\/jpeg\" \/>\n<meta name=\"author\" content=\"Engin Buz\" \/>\n<meta name=\"twitter:card\" content=\"summary_large_image\" \/>\n<meta name=\"twitter:creator\" content=\"@https:\/\/twitter.com\/textilegence\" \/>\n<meta name=\"twitter:site\" content=\"@textilegence\" \/>\n<meta name=\"twitter:label1\" content=\"Written by\" \/>\n\t<meta name=\"twitter:data1\" content=\"Engin Buz\" \/>\n\t<meta name=\"twitter:label2\" content=\"Est. reading time\" \/>\n\t<meta name=\"twitter:data2\" content=\"3 minutes\" \/>\n<script type=\"application\/ld+json\" class=\"yoast-schema-graph\">{\"@context\":\"https:\\\/\\\/schema.org\",\"@graph\":[{\"@type\":\"NewsArticle\",\"@id\":\"https:\\\/\\\/www.textilegence.com\\\/en\\\/oecd-raised-expectations-from-turkish-economy\\\/#article\",\"isPartOf\":{\"@id\":\"https:\\\/\\\/www.textilegence.com\\\/en\\\/oecd-raised-expectations-from-turkish-economy\\\/\"},\"author\":{\"name\":\"Engin Buz\",\"@id\":\"https:\\\/\\\/www.textilegence.com\\\/en\\\/#\\\/schema\\\/person\\\/46ccc7bfc34edbc7d46b6b189f88849f\"},\"headline\":\"OECD Raised Expectations from Turkish Economy\",\"datePublished\":\"2017-06-09T14:06:59+00:00\",\"dateModified\":\"2017-11-07T13:33:43+00:00\",\"mainEntityOfPage\":{\"@id\":\"https:\\\/\\\/www.textilegence.com\\\/en\\\/oecd-raised-expectations-from-turkish-economy\\\/\"},\"wordCount\":701,\"commentCount\":0,\"publisher\":{\"@id\":\"https:\\\/\\\/www.textilegence.com\\\/en\\\/#organization\"},\"image\":{\"@id\":\"https:\\\/\\\/www.textilegence.com\\\/en\\\/oecd-raised-expectations-from-turkish-economy\\\/#primaryimage\"},\"thumbnailUrl\":\"https:\\\/\\\/www.textilegence.com\\\/wp-content\\\/uploads\\\/2017\\\/06\\\/OECD-raporu-Textilegence.jpg\",\"articleSection\":[\"Topical\"],\"inLanguage\":\"en-US\",\"potentialAction\":[{\"@type\":\"CommentAction\",\"name\":\"Comment\",\"target\":[\"https:\\\/\\\/www.textilegence.com\\\/en\\\/oecd-raised-expectations-from-turkish-economy\\\/#respond\"]}]},{\"@type\":\"WebPage\",\"@id\":\"https:\\\/\\\/www.textilegence.com\\\/en\\\/oecd-raised-expectations-from-turkish-economy\\\/\",\"url\":\"https:\\\/\\\/www.textilegence.com\\\/en\\\/oecd-raised-expectations-from-turkish-economy\\\/\",\"name\":\"OECD Raised Expectations from Turkish Economy - Textilegence\",\"isPartOf\":{\"@id\":\"https:\\\/\\\/www.textilegence.com\\\/en\\\/#website\"},\"primaryImageOfPage\":{\"@id\":\"https:\\\/\\\/www.textilegence.com\\\/en\\\/oecd-raised-expectations-from-turkish-economy\\\/#primaryimage\"},\"image\":{\"@id\":\"https:\\\/\\\/www.textilegence.com\\\/en\\\/oecd-raised-expectations-from-turkish-economy\\\/#primaryimage\"},\"thumbnailUrl\":\"https:\\\/\\\/www.textilegence.com\\\/wp-content\\\/uploads\\\/2017\\\/06\\\/OECD-raporu-Textilegence.jpg\",\"datePublished\":\"2017-06-09T14:06:59+00:00\",\"dateModified\":\"2017-11-07T13:33:43+00:00\",\"description\":\"In the OECD report where it was explained that 3,4% growth in 2017 and 3,5% in 2018 is expected from Turkish economy if reformes are practiced.\",\"breadcrumb\":{\"@id\":\"https:\\\/\\\/www.textilegence.com\\\/en\\\/oecd-raised-expectations-from-turkish-economy\\\/#breadcrumb\"},\"inLanguage\":\"en-US\",\"potentialAction\":[{\"@type\":\"ReadAction\",\"target\":[\"https:\\\/\\\/www.textilegence.com\\\/en\\\/oecd-raised-expectations-from-turkish-economy\\\/\"]}]},{\"@type\":\"ImageObject\",\"inLanguage\":\"en-US\",\"@id\":\"https:\\\/\\\/www.textilegence.com\\\/en\\\/oecd-raised-expectations-from-turkish-economy\\\/#primaryimage\",\"url\":\"https:\\\/\\\/www.textilegence.com\\\/wp-content\\\/uploads\\\/2017\\\/06\\\/OECD-raporu-Textilegence.jpg\",\"contentUrl\":\"https:\\\/\\\/www.textilegence.com\\\/wp-content\\\/uploads\\\/2017\\\/06\\\/OECD-raporu-Textilegence.jpg\",\"width\":742,\"height\":486,\"caption\":\"OECD Raised Expectations from Turkish Economy\"},{\"@type\":\"BreadcrumbList\",\"@id\":\"https:\\\/\\\/www.textilegence.com\\\/en\\\/oecd-raised-expectations-from-turkish-economy\\\/#breadcrumb\",\"itemListElement\":[{\"@type\":\"ListItem\",\"position\":1,\"name\":\"Home Page\",\"item\":\"https:\\\/\\\/www.textilegence.com\\\/en\\\/homepage-the-rimont\\\/\"},{\"@type\":\"ListItem\",\"position\":2,\"name\":\"Topical\",\"item\":\"https:\\\/\\\/www.textilegence.com\\\/en\\\/category\\\/topical\\\/\"},{\"@type\":\"ListItem\",\"position\":3,\"name\":\"OECD Raised Expectations from Turkish Economy\"}]},{\"@type\":\"WebSite\",\"@id\":\"https:\\\/\\\/www.textilegence.com\\\/en\\\/#website\",\"url\":\"https:\\\/\\\/www.textilegence.com\\\/en\\\/\",\"name\":\"Textilegence Magazine and Digital Platform\",\"description\":\"Textile News Center\",\"publisher\":{\"@id\":\"https:\\\/\\\/www.textilegence.com\\\/en\\\/#organization\"},\"potentialAction\":[{\"@type\":\"SearchAction\",\"target\":{\"@type\":\"EntryPoint\",\"urlTemplate\":\"https:\\\/\\\/www.textilegence.com\\\/en\\\/?s={search_term_string}\"},\"query-input\":{\"@type\":\"PropertyValueSpecification\",\"valueRequired\":true,\"valueName\":\"search_term_string\"}}],\"inLanguage\":\"en-US\"},{\"@type\":\"Organization\",\"@id\":\"https:\\\/\\\/www.textilegence.com\\\/en\\\/#organization\",\"name\":\"Textilegence Magazine and Digital Platform\",\"url\":\"https:\\\/\\\/www.textilegence.com\\\/en\\\/\",\"logo\":{\"@type\":\"ImageObject\",\"inLanguage\":\"en-US\",\"@id\":\"https:\\\/\\\/www.textilegence.com\\\/en\\\/#\\\/schema\\\/logo\\\/image\\\/\",\"url\":\"https:\\\/\\\/www.textilegence.com\\\/wp-content\\\/uploads\\\/2016\\\/11\\\/New_Retina_Logo_Textilegence.png\",\"contentUrl\":\"https:\\\/\\\/www.textilegence.com\\\/wp-content\\\/uploads\\\/2016\\\/11\\\/New_Retina_Logo_Textilegence.png\",\"width\":544,\"height\":180,\"caption\":\"Textilegence Magazine and Digital Platform\"},\"image\":{\"@id\":\"https:\\\/\\\/www.textilegence.com\\\/en\\\/#\\\/schema\\\/logo\\\/image\\\/\"},\"sameAs\":[\"https:\\\/\\\/www.facebook.com\\\/TextilegenceMagazine\",\"https:\\\/\\\/x.com\\\/textilegence\",\"https:\\\/\\\/www.instagram.com\\\/textilegence\\\/\",\"https:\\\/\\\/www.linkedin.com\\\/groups\\\/Textilegence-Magazine-Digital-Platform-4897253\",\"https:\\\/\\\/www.youtube.com\\\/user\\\/textilegence\"],\"description\":\"Textilegence is a magazine and digital platform established in 2013. It focuses on the textile industry and sub-segments. The platform provides news, articles, and updates on various aspects of the textile industry, including sustainability, technological advancements, and market trends.\",\"email\":\"editor@textilegence.com\",\"telephone\":\"+90 212 442 24 12\",\"legalName\":\"Textilegence Mag and Digital Platform\",\"foundingDate\":\"2013-01-01\",\"numberOfEmployees\":{\"@type\":\"QuantitativeValue\",\"minValue\":\"1\",\"maxValue\":\"10\"}},{\"@type\":\"Person\",\"@id\":\"https:\\\/\\\/www.textilegence.com\\\/en\\\/#\\\/schema\\\/person\\\/46ccc7bfc34edbc7d46b6b189f88849f\",\"name\":\"Engin Buz\",\"image\":{\"@type\":\"ImageObject\",\"inLanguage\":\"en-US\",\"@id\":\"https:\\\/\\\/www.textilegence.com\\\/wp-content\\\/uploads\\\/2018\\\/12\\\/engin-buz.jpg\",\"url\":\"https:\\\/\\\/www.textilegence.com\\\/wp-content\\\/uploads\\\/2018\\\/12\\\/engin-buz.jpg\",\"contentUrl\":\"https:\\\/\\\/www.textilegence.com\\\/wp-content\\\/uploads\\\/2018\\\/12\\\/engin-buz.jpg\",\"caption\":\"Engin Buz\"},\"description\":\"Engin Buz, Ankara \u00dcniversitesi \u0130leti\u015fim Fak\u00fcltesi Gazetecilik B\u00f6l\u00fcm\u00fc\u2019nden mezun olduktan sonra Y\u0131ld\u0131z Teknik \u00dcniversitesi\u2019nde Siyaset Bilimi ve Uluslararas\u0131 \u0130li\u015fkiler alan\u0131nda y\u00fcksek lisans\u0131n\u0131 tamamlam\u0131\u015ft\u0131r. 2000 y\u0131l\u0131ndan sonra \u00e7e\u015fitli yay\u0131nc\u0131l\u0131k \u015firketlerinde \u00e7al\u0131\u015fmaya ba\u015flayarak k\u00fclt\u00fcr-sanat ve daha sonra ekonomi haberleri haz\u0131rlam\u0131\u015ft\u0131r. 2009 y\u0131l\u0131ndan itibaren tekstil end\u00fcstrisine d\u00f6n\u00fck yay\u0131nlarda edit\u00f6r olarak g\u00f6rev alan Buz, 2013 itibariyle kurulan Textilegence\u2019de haber edit\u00f6r\u00fc olarak yer almaya ba\u015flam\u0131\u015ft\u0131r. Engin Buz halen ba\u015fta tekstil ve dijital bask\u0131 end\u00fcstrileri olmak \u00fczere ekonomi haberleri haz\u0131rlamaktad\u0131r.\",\"sameAs\":[\"https:\\\/\\\/www.textilegence.com\",\"https:\\\/\\\/www.facebook.com\\\/TextilegenceMagazine\",\"https:\\\/\\\/www.instagram.com\\\/textilegence\\\/\",\"https:\\\/\\\/www.linkedin.com\\\/in\\\/engin-buz-6190799a\\\/\",\"https:\\\/\\\/x.com\\\/https:\\\/\\\/twitter.com\\\/textilegence\"],\"url\":\"https:\\\/\\\/www.textilegence.com\\\/en\\\/author\\\/engin-buz\\\/\"}]}<\/script>\n<!-- \/ Yoast SEO Premium plugin. -->","yoast_head_json":{"title":"OECD Raised Expectations from Turkish Economy - Textilegence","description":"In the OECD report where it was explained that 3,4% growth in 2017 and 3,5% in 2018 is expected from Turkish economy if reformes are practiced.","robots":{"index":"index","follow":"follow","max-snippet":"max-snippet:-1","max-image-preview":"max-image-preview:large","max-video-preview":"max-video-preview:-1"},"canonical":"https:\/\/www.textilegence.com\/en\/oecd-raised-expectations-from-turkish-economy\/","og_locale":"en_US","og_type":"article","og_title":"OECD Raised Expectations from Turkish Economy","og_description":"In the OECD report where it was explained that 3,4% growth in 2017 and 3,5% in 2018 is expected from Turkish economy, it is recorded that there will be a","og_url":"https:\/\/www.textilegence.com\/en\/oecd-raised-expectations-from-turkish-economy\/","og_site_name":"Textilegence Magazine and Digital Platform","article_publisher":"https:\/\/www.facebook.com\/TextilegenceMagazine","article_author":"https:\/\/www.facebook.com\/TextilegenceMagazine","article_published_time":"2017-06-09T14:06:59+00:00","article_modified_time":"2017-11-07T13:33:43+00:00","og_image":[{"width":742,"height":486,"url":"https:\/\/www.textilegence.com\/wp-content\/uploads\/2017\/06\/OECD-raporu-Textilegence.jpg","type":"image\/jpeg"}],"author":"Engin Buz","twitter_card":"summary_large_image","twitter_creator":"@https:\/\/twitter.com\/textilegence","twitter_site":"@textilegence","twitter_misc":{"Written by":"Engin Buz","Est. reading time":"3 minutes"},"schema":{"@context":"https:\/\/schema.org","@graph":[{"@type":"NewsArticle","@id":"https:\/\/www.textilegence.com\/en\/oecd-raised-expectations-from-turkish-economy\/#article","isPartOf":{"@id":"https:\/\/www.textilegence.com\/en\/oecd-raised-expectations-from-turkish-economy\/"},"author":{"name":"Engin Buz","@id":"https:\/\/www.textilegence.com\/en\/#\/schema\/person\/46ccc7bfc34edbc7d46b6b189f88849f"},"headline":"OECD Raised Expectations from Turkish Economy","datePublished":"2017-06-09T14:06:59+00:00","dateModified":"2017-11-07T13:33:43+00:00","mainEntityOfPage":{"@id":"https:\/\/www.textilegence.com\/en\/oecd-raised-expectations-from-turkish-economy\/"},"wordCount":701,"commentCount":0,"publisher":{"@id":"https:\/\/www.textilegence.com\/en\/#organization"},"image":{"@id":"https:\/\/www.textilegence.com\/en\/oecd-raised-expectations-from-turkish-economy\/#primaryimage"},"thumbnailUrl":"https:\/\/www.textilegence.com\/wp-content\/uploads\/2017\/06\/OECD-raporu-Textilegence.jpg","articleSection":["Topical"],"inLanguage":"en-US","potentialAction":[{"@type":"CommentAction","name":"Comment","target":["https:\/\/www.textilegence.com\/en\/oecd-raised-expectations-from-turkish-economy\/#respond"]}]},{"@type":"WebPage","@id":"https:\/\/www.textilegence.com\/en\/oecd-raised-expectations-from-turkish-economy\/","url":"https:\/\/www.textilegence.com\/en\/oecd-raised-expectations-from-turkish-economy\/","name":"OECD Raised Expectations from Turkish Economy - Textilegence","isPartOf":{"@id":"https:\/\/www.textilegence.com\/en\/#website"},"primaryImageOfPage":{"@id":"https:\/\/www.textilegence.com\/en\/oecd-raised-expectations-from-turkish-economy\/#primaryimage"},"image":{"@id":"https:\/\/www.textilegence.com\/en\/oecd-raised-expectations-from-turkish-economy\/#primaryimage"},"thumbnailUrl":"https:\/\/www.textilegence.com\/wp-content\/uploads\/2017\/06\/OECD-raporu-Textilegence.jpg","datePublished":"2017-06-09T14:06:59+00:00","dateModified":"2017-11-07T13:33:43+00:00","description":"In the OECD report where it was explained that 3,4% growth in 2017 and 3,5% in 2018 is expected from Turkish economy if reformes are practiced.","breadcrumb":{"@id":"https:\/\/www.textilegence.com\/en\/oecd-raised-expectations-from-turkish-economy\/#breadcrumb"},"inLanguage":"en-US","potentialAction":[{"@type":"ReadAction","target":["https:\/\/www.textilegence.com\/en\/oecd-raised-expectations-from-turkish-economy\/"]}]},{"@type":"ImageObject","inLanguage":"en-US","@id":"https:\/\/www.textilegence.com\/en\/oecd-raised-expectations-from-turkish-economy\/#primaryimage","url":"https:\/\/www.textilegence.com\/wp-content\/uploads\/2017\/06\/OECD-raporu-Textilegence.jpg","contentUrl":"https:\/\/www.textilegence.com\/wp-content\/uploads\/2017\/06\/OECD-raporu-Textilegence.jpg","width":742,"height":486,"caption":"OECD Raised Expectations from Turkish Economy"},{"@type":"BreadcrumbList","@id":"https:\/\/www.textilegence.com\/en\/oecd-raised-expectations-from-turkish-economy\/#breadcrumb","itemListElement":[{"@type":"ListItem","position":1,"name":"Home Page","item":"https:\/\/www.textilegence.com\/en\/homepage-the-rimont\/"},{"@type":"ListItem","position":2,"name":"Topical","item":"https:\/\/www.textilegence.com\/en\/category\/topical\/"},{"@type":"ListItem","position":3,"name":"OECD Raised Expectations from Turkish Economy"}]},{"@type":"WebSite","@id":"https:\/\/www.textilegence.com\/en\/#website","url":"https:\/\/www.textilegence.com\/en\/","name":"Textilegence Magazine and Digital Platform","description":"Textile News Center","publisher":{"@id":"https:\/\/www.textilegence.com\/en\/#organization"},"potentialAction":[{"@type":"SearchAction","target":{"@type":"EntryPoint","urlTemplate":"https:\/\/www.textilegence.com\/en\/?s={search_term_string}"},"query-input":{"@type":"PropertyValueSpecification","valueRequired":true,"valueName":"search_term_string"}}],"inLanguage":"en-US"},{"@type":"Organization","@id":"https:\/\/www.textilegence.com\/en\/#organization","name":"Textilegence Magazine and Digital Platform","url":"https:\/\/www.textilegence.com\/en\/","logo":{"@type":"ImageObject","inLanguage":"en-US","@id":"https:\/\/www.textilegence.com\/en\/#\/schema\/logo\/image\/","url":"https:\/\/www.textilegence.com\/wp-content\/uploads\/2016\/11\/New_Retina_Logo_Textilegence.png","contentUrl":"https:\/\/www.textilegence.com\/wp-content\/uploads\/2016\/11\/New_Retina_Logo_Textilegence.png","width":544,"height":180,"caption":"Textilegence Magazine and Digital Platform"},"image":{"@id":"https:\/\/www.textilegence.com\/en\/#\/schema\/logo\/image\/"},"sameAs":["https:\/\/www.facebook.com\/TextilegenceMagazine","https:\/\/x.com\/textilegence","https:\/\/www.instagram.com\/textilegence\/","https:\/\/www.linkedin.com\/groups\/Textilegence-Magazine-Digital-Platform-4897253","https:\/\/www.youtube.com\/user\/textilegence"],"description":"Textilegence is a magazine and digital platform established in 2013. It focuses on the textile industry and sub-segments. The platform provides news, articles, and updates on various aspects of the textile industry, including sustainability, technological advancements, and market trends.","email":"editor@textilegence.com","telephone":"+90 212 442 24 12","legalName":"Textilegence Mag and Digital Platform","foundingDate":"2013-01-01","numberOfEmployees":{"@type":"QuantitativeValue","minValue":"1","maxValue":"10"}},{"@type":"Person","@id":"https:\/\/www.textilegence.com\/en\/#\/schema\/person\/46ccc7bfc34edbc7d46b6b189f88849f","name":"Engin Buz","image":{"@type":"ImageObject","inLanguage":"en-US","@id":"https:\/\/www.textilegence.com\/wp-content\/uploads\/2018\/12\/engin-buz.jpg","url":"https:\/\/www.textilegence.com\/wp-content\/uploads\/2018\/12\/engin-buz.jpg","contentUrl":"https:\/\/www.textilegence.com\/wp-content\/uploads\/2018\/12\/engin-buz.jpg","caption":"Engin Buz"},"description":"Engin Buz, Ankara \u00dcniversitesi \u0130leti\u015fim Fak\u00fcltesi Gazetecilik B\u00f6l\u00fcm\u00fc\u2019nden mezun olduktan sonra Y\u0131ld\u0131z Teknik \u00dcniversitesi\u2019nde Siyaset Bilimi ve Uluslararas\u0131 \u0130li\u015fkiler alan\u0131nda y\u00fcksek lisans\u0131n\u0131 tamamlam\u0131\u015ft\u0131r. 2000 y\u0131l\u0131ndan sonra \u00e7e\u015fitli yay\u0131nc\u0131l\u0131k \u015firketlerinde \u00e7al\u0131\u015fmaya ba\u015flayarak k\u00fclt\u00fcr-sanat ve daha sonra ekonomi haberleri haz\u0131rlam\u0131\u015ft\u0131r. 2009 y\u0131l\u0131ndan itibaren tekstil end\u00fcstrisine d\u00f6n\u00fck yay\u0131nlarda edit\u00f6r olarak g\u00f6rev alan Buz, 2013 itibariyle kurulan Textilegence\u2019de haber edit\u00f6r\u00fc olarak yer almaya ba\u015flam\u0131\u015ft\u0131r. Engin Buz halen ba\u015fta tekstil ve dijital bask\u0131 end\u00fcstrileri olmak \u00fczere ekonomi haberleri haz\u0131rlamaktad\u0131r.","sameAs":["https:\/\/www.textilegence.com","https:\/\/www.facebook.com\/TextilegenceMagazine","https:\/\/www.instagram.com\/textilegence\/","https:\/\/www.linkedin.com\/in\/engin-buz-6190799a\/","https:\/\/x.com\/https:\/\/twitter.com\/textilegence"],"url":"https:\/\/www.textilegence.com\/en\/author\/engin-buz\/"}]}},"_links":{"self":[{"href":"https:\/\/www.textilegence.com\/en\/wp-json\/wp\/v2\/posts\/17097","targetHints":{"allow":["GET"]}}],"collection":[{"href":"https:\/\/www.textilegence.com\/en\/wp-json\/wp\/v2\/posts"}],"about":[{"href":"https:\/\/www.textilegence.com\/en\/wp-json\/wp\/v2\/types\/post"}],"author":[{"embeddable":true,"href":"https:\/\/www.textilegence.com\/en\/wp-json\/wp\/v2\/users\/2"}],"replies":[{"embeddable":true,"href":"https:\/\/www.textilegence.com\/en\/wp-json\/wp\/v2\/comments?post=17097"}],"version-history":[{"count":0,"href":"https:\/\/www.textilegence.com\/en\/wp-json\/wp\/v2\/posts\/17097\/revisions"}],"wp:featuredmedia":[{"embeddable":true,"href":"https:\/\/www.textilegence.com\/en\/wp-json\/wp\/v2\/media\/19507"}],"wp:attachment":[{"href":"https:\/\/www.textilegence.com\/en\/wp-json\/wp\/v2\/media?parent=17097"}],"wp:term":[{"taxonomy":"category","embeddable":true,"href":"https:\/\/www.textilegence.com\/en\/wp-json\/wp\/v2\/categories?post=17097"},{"taxonomy":"post_tag","embeddable":true,"href":"https:\/\/www.textilegence.com\/en\/wp-json\/wp\/v2\/tags?post=17097"}],"curies":[{"name":"wp","href":"https:\/\/api.w.org\/{rel}","templated":true}]}}