{"id":17133,"date":"2017-06-22T15:44:55","date_gmt":"2017-06-22T12:44:55","guid":{"rendered":"http:\/\/localhost\/textilegence\/ipeker-recevived-title-of-the-first-vegan-fabric-manufacturer-of-the-world\/"},"modified":"2018-07-06T11:01:40","modified_gmt":"2018-07-06T08:01:40","slug":"ipeker-recevived-title-of-the-first-vegan-fabric-manufacturer-of-the-world","status":"publish","type":"post","link":"https:\/\/www.textilegence.com\/en\/ipeker-recevived-title-of-the-first-vegan-fabric-manufacturer-of-the-world\/","title":{"rendered":"\u0130peker Recevived  Title of The First Vegan Fabric Manufacturer of the World"},"content":{"rendered":"<figure id=\"attachment_24588\" aria-describedby=\"caption-attachment-24588\" style=\"width: 324px\" class=\"wp-caption alignleft\"><img loading=\"lazy\" decoding=\"async\" class=\"wp-image-24588 size-full\" src=\"https:\/\/www.textilegence.com\/wp-content\/uploads\/2017\/06\/ipeker-vegan-kumas.jpg\" alt=\"\u0130peker Recevived Title of The First Vegan Fabric Manufacturer of the World\" width=\"324\" height=\"179\" \/><figcaption id=\"caption-attachment-24588\" class=\"wp-caption-text\">\u0130peker Recevived Title of The First Vegan Fabric Manufacturer of the World<\/figcaption><\/figure>\n<p><strong>Getting V-Label certificate to 146 different fabric types, \u0130peker took a very important step in terms of sustainability and awareness as well as being the first manufacturer of vegan fabric.<\/strong><\/p>\n<p>One of Turkey\u2019s oldest textile businesses and brands, Bursa-based <a href=\"https:\/\/www.textilegence.com\/en\/secret-champions-of-export-reached-their-awards\/\" target=\"_blank\" rel=\"noopener\">\u0130peker<\/a> made a new first in the name of Turkish textile sector. Creating a difference by becoming world\u2019s first vegan fabric producer getting first Vegan-V Label certificate. Preferred by global fashion and garment brands, <a href=\"http:\/\/www.ipeker.com\/tr\/\">\u0130peker<\/a> brings novelties to our sector with the force rooted in its history full of success.<\/p>\n<h1>Vegan fabric journey<\/h1>\n<p>\u0130peker owned the sustainability concept in its sectoral works with economic, social, environmental and ethical dimensions. While it support country\u2019s economy obtaining added-value products by using innovative technology as well as R&amp;D, on the social dimension it focused on applications regarding application of social opportunities above the standards defined by regulators, improving the consumer habits and training to be life cycle thinkers. On the environmental dimension; the efficiency and saving of using natural sources and reducing water and carbon foot print issues are examined while on the ethical dimension fair trade, high-quality Stakeholder Engagement, corporate governance, company values and principles are actualised.<\/p>\n<p>Considering animals as an inseparable part of the environment, \u0130peker once became the first vegan fabric producer announcing Vegan Declaration three years ago. Carrying out workshop to make its customers and the market become aware of that matter in fairs and facilities it attended, the firm has taken a new level regarding this. European Vegetarian Union (EVU) and its members Turkey Vegan and Vegetarian Association has approved that \u0130peker\u2019s 146 different fabrics are Vegan.<\/p>\n<h2><strong>There is No Animal Supplement in Any Product and Process<\/strong><\/h2>\n<p><img loading=\"lazy\" decoding=\"async\" class=\"alignleft wp-image-24589 size-full\" src=\"https:\/\/www.textilegence.com\/wp-content\/uploads\/2017\/06\/ipeker-textilegence2.jpg\" alt=\"\" width=\"324\" height=\"179\" \/>At the end of a long process, \u0130peker proving that there are no animal protein in its fabric through testings\u2019\u00a0 became the first fabric producer receiving Vegan V-Label certificate for its 146 different products. In the production line where there is no cross contamination risk, the operations are performed with the same transparency. Most part of 146 different fabrics getting Vegan V-Label certificate, consist of copper silk called as Cupro. This fibre is produced by regenerated fibres obtained from cotton\u2019s waste parts.<\/p>\n<p>Producing with the aim of zero carbon foot print, Cupro gains its final state as the most sensitive fabric to human skin with innovative technology. Taking part as an alternative to silk in \u0130peker product range, Cupro outclasses silk with some features. According to its high biodegradable rate, half its original weight loss in 2 months and returns to the environment.<\/p>\n<h3><strong>The Machine Park Has Been Renewed<\/strong><\/h3>\n<p>\u0130peker, made important investments in machine park for Vegan Cupro fabric manufacturing. As a result of the studies to define it as an alternative to the silk, the machine park was reinforced with innovative technologies to increase its silky touch and providing skin sensitivity.<\/p>\n<p>The firm strengthened its studies of animal-welfare after following Stella McCartney\u2019s Vegan Declaration. \u0130peker shows its sensibility towards human and nature through necessary certifications processes. Ipeker production range includes Vegan and Vegetarians\u2019 sensibilities.<\/p>\n<p>Using V-Label known as the most reliable vegan label of the world, \u0130peker also has Oeko-Tex Standard 100 certificates for 100% all its product range. Formed in 1930, \u0130peker is a full integrated facility with its yarn preparation, weaving, engraving, dying, print and coverter and digital departments in its factory in Bursa. It offers fabrics and collections to its more than 1000 customers in 52 countries with center \u0130peker Bursa as well as \u0130peker Istanbul, \u0130peker Como and \u0130peker Augsburg branches and more than 20 agents.<\/p>\n","protected":false},"excerpt":{"rendered":"<p>Getting V-Label certificate to 146 different fabric types, \u0130peker took a very important step in terms of sustainability and awareness as well as being the first manufacturer of vegan fabric. One of Turkey\u2019s oldest textile businesses and brands, Bursa-based \u0130peker made a new first in the name of Turkish textile sector. Creating a difference by [&hellip;]<\/p>\n","protected":false},"author":2,"featured_media":25114,"comment_status":"open","ping_status":"closed","sticky":false,"template":"","format":"standard","meta":{"footnotes":""},"categories":[9856],"tags":[10214,10223,10336,10705,10242],"class_list":{"0":"post-17133","1":"post","2":"type-post","3":"status-publish","4":"format-standard","5":"has-post-thumbnail","7":"category-weaving","8":"tag-fashion-en","9":"tag-fibre","10":"tag-ipeker","11":"tag-rd-en","12":"tag-yarn"},"yoast_head":"<!-- This site is optimized with the Yoast SEO Premium plugin v27.3 (Yoast SEO v27.3) - https:\/\/yoast.com\/product\/yoast-seo-premium-wordpress\/ -->\n<title>\u0130peker is The First Vegan Fabric Manufacturer of the World - Textilegence<\/title>\n<meta name=\"description\" content=\"Getting V-Label certificate to 146 different fabric types, \u0130peker took a very important step in being the first manufacturer of vegan fabric.\" \/>\n<meta name=\"robots\" content=\"index, follow, max-snippet:-1, max-image-preview:large, max-video-preview:-1\" \/>\n<link rel=\"canonical\" href=\"https:\/\/www.textilegence.com\/en\/ipeker-recevived-title-of-the-first-vegan-fabric-manufacturer-of-the-world\/\" \/>\n<meta property=\"og:locale\" content=\"en_US\" \/>\n<meta property=\"og:type\" content=\"article\" \/>\n<meta property=\"og:title\" content=\"\u0130peker Recevived Title of The First Vegan Fabric Manufacturer of the World\" \/>\n<meta property=\"og:description\" content=\"Getting V-Label certificate to 146 different fabric types, \u0130peker took a very important step in terms of sustainability and awareness as well as being the\" \/>\n<meta property=\"og:url\" content=\"https:\/\/www.textilegence.com\/en\/ipeker-recevived-title-of-the-first-vegan-fabric-manufacturer-of-the-world\/\" \/>\n<meta property=\"og:site_name\" content=\"Textilegence Magazine and Digital Platform\" \/>\n<meta property=\"article:publisher\" content=\"https:\/\/www.facebook.com\/TextilegenceMagazine\" \/>\n<meta property=\"article:author\" content=\"https:\/\/www.facebook.com\/TextilegenceMagazine\" \/>\n<meta property=\"article:published_time\" content=\"2017-06-22T12:44:55+00:00\" \/>\n<meta property=\"article:modified_time\" content=\"2018-07-06T08:01:40+00:00\" \/>\n<meta property=\"og:image\" content=\"https:\/\/www.textilegence.com\/wp-content\/uploads\/2017\/06\/ipeker-textilegence-1.jpg\" \/>\n\t<meta property=\"og:image:width\" content=\"742\" \/>\n\t<meta property=\"og:image:height\" content=\"486\" \/>\n\t<meta property=\"og:image:type\" content=\"image\/jpeg\" \/>\n<meta name=\"author\" content=\"Engin Buz\" \/>\n<meta name=\"twitter:card\" content=\"summary_large_image\" \/>\n<meta name=\"twitter:creator\" content=\"@https:\/\/twitter.com\/textilegence\" \/>\n<meta name=\"twitter:site\" content=\"@textilegence\" \/>\n<meta name=\"twitter:label1\" content=\"Written by\" \/>\n\t<meta name=\"twitter:data1\" content=\"Engin Buz\" \/>\n\t<meta name=\"twitter:label2\" content=\"Est. reading time\" \/>\n\t<meta name=\"twitter:data2\" content=\"3 minutes\" \/>\n<script type=\"application\/ld+json\" class=\"yoast-schema-graph\">{\"@context\":\"https:\\\/\\\/schema.org\",\"@graph\":[{\"@type\":\"NewsArticle\",\"@id\":\"https:\\\/\\\/www.textilegence.com\\\/en\\\/ipeker-recevived-title-of-the-first-vegan-fabric-manufacturer-of-the-world\\\/#article\",\"isPartOf\":{\"@id\":\"https:\\\/\\\/www.textilegence.com\\\/en\\\/ipeker-recevived-title-of-the-first-vegan-fabric-manufacturer-of-the-world\\\/\"},\"author\":{\"name\":\"Engin Buz\",\"@id\":\"https:\\\/\\\/www.textilegence.com\\\/en\\\/#\\\/schema\\\/person\\\/46ccc7bfc34edbc7d46b6b189f88849f\"},\"headline\":\"\u0130peker Recevived Title of The First Vegan Fabric Manufacturer of the World\",\"datePublished\":\"2017-06-22T12:44:55+00:00\",\"dateModified\":\"2018-07-06T08:01:40+00:00\",\"mainEntityOfPage\":{\"@id\":\"https:\\\/\\\/www.textilegence.com\\\/en\\\/ipeker-recevived-title-of-the-first-vegan-fabric-manufacturer-of-the-world\\\/\"},\"wordCount\":618,\"commentCount\":0,\"publisher\":{\"@id\":\"https:\\\/\\\/www.textilegence.com\\\/en\\\/#organization\"},\"image\":{\"@id\":\"https:\\\/\\\/www.textilegence.com\\\/en\\\/ipeker-recevived-title-of-the-first-vegan-fabric-manufacturer-of-the-world\\\/#primaryimage\"},\"thumbnailUrl\":\"https:\\\/\\\/www.textilegence.com\\\/wp-content\\\/uploads\\\/2017\\\/06\\\/ipeker-textilegence-1.jpg\",\"keywords\":[\"fashion\",\"fibre\",\"ipeker\",\"r&amp;d\",\"yarn\"],\"articleSection\":[\"Weaving\"],\"inLanguage\":\"en-US\",\"potentialAction\":[{\"@type\":\"CommentAction\",\"name\":\"Comment\",\"target\":[\"https:\\\/\\\/www.textilegence.com\\\/en\\\/ipeker-recevived-title-of-the-first-vegan-fabric-manufacturer-of-the-world\\\/#respond\"]}]},{\"@type\":\"WebPage\",\"@id\":\"https:\\\/\\\/www.textilegence.com\\\/en\\\/ipeker-recevived-title-of-the-first-vegan-fabric-manufacturer-of-the-world\\\/\",\"url\":\"https:\\\/\\\/www.textilegence.com\\\/en\\\/ipeker-recevived-title-of-the-first-vegan-fabric-manufacturer-of-the-world\\\/\",\"name\":\"\u0130peker is The First Vegan Fabric Manufacturer of the World - Textilegence\",\"isPartOf\":{\"@id\":\"https:\\\/\\\/www.textilegence.com\\\/en\\\/#website\"},\"primaryImageOfPage\":{\"@id\":\"https:\\\/\\\/www.textilegence.com\\\/en\\\/ipeker-recevived-title-of-the-first-vegan-fabric-manufacturer-of-the-world\\\/#primaryimage\"},\"image\":{\"@id\":\"https:\\\/\\\/www.textilegence.com\\\/en\\\/ipeker-recevived-title-of-the-first-vegan-fabric-manufacturer-of-the-world\\\/#primaryimage\"},\"thumbnailUrl\":\"https:\\\/\\\/www.textilegence.com\\\/wp-content\\\/uploads\\\/2017\\\/06\\\/ipeker-textilegence-1.jpg\",\"datePublished\":\"2017-06-22T12:44:55+00:00\",\"dateModified\":\"2018-07-06T08:01:40+00:00\",\"description\":\"Getting V-Label certificate to 146 different fabric types, \u0130peker took a very important step in being the first manufacturer of vegan fabric.\",\"breadcrumb\":{\"@id\":\"https:\\\/\\\/www.textilegence.com\\\/en\\\/ipeker-recevived-title-of-the-first-vegan-fabric-manufacturer-of-the-world\\\/#breadcrumb\"},\"inLanguage\":\"en-US\",\"potentialAction\":[{\"@type\":\"ReadAction\",\"target\":[\"https:\\\/\\\/www.textilegence.com\\\/en\\\/ipeker-recevived-title-of-the-first-vegan-fabric-manufacturer-of-the-world\\\/\"]}]},{\"@type\":\"ImageObject\",\"inLanguage\":\"en-US\",\"@id\":\"https:\\\/\\\/www.textilegence.com\\\/en\\\/ipeker-recevived-title-of-the-first-vegan-fabric-manufacturer-of-the-world\\\/#primaryimage\",\"url\":\"https:\\\/\\\/www.textilegence.com\\\/wp-content\\\/uploads\\\/2017\\\/06\\\/ipeker-textilegence-1.jpg\",\"contentUrl\":\"https:\\\/\\\/www.textilegence.com\\\/wp-content\\\/uploads\\\/2017\\\/06\\\/ipeker-textilegence-1.jpg\",\"width\":742,\"height\":486},{\"@type\":\"BreadcrumbList\",\"@id\":\"https:\\\/\\\/www.textilegence.com\\\/en\\\/ipeker-recevived-title-of-the-first-vegan-fabric-manufacturer-of-the-world\\\/#breadcrumb\",\"itemListElement\":[{\"@type\":\"ListItem\",\"position\":1,\"name\":\"Home Page\",\"item\":\"https:\\\/\\\/www.textilegence.com\\\/en\\\/homepage-the-rimont\\\/\"},{\"@type\":\"ListItem\",\"position\":2,\"name\":\"Weaving\",\"item\":\"https:\\\/\\\/www.textilegence.com\\\/en\\\/category\\\/weaving\\\/\"},{\"@type\":\"ListItem\",\"position\":3,\"name\":\"\u0130peker Recevived Title of The First Vegan Fabric Manufacturer of the World\"}]},{\"@type\":\"WebSite\",\"@id\":\"https:\\\/\\\/www.textilegence.com\\\/en\\\/#website\",\"url\":\"https:\\\/\\\/www.textilegence.com\\\/en\\\/\",\"name\":\"Textilegence Magazine and Digital Platform\",\"description\":\"Textile News Center\",\"publisher\":{\"@id\":\"https:\\\/\\\/www.textilegence.com\\\/en\\\/#organization\"},\"potentialAction\":[{\"@type\":\"SearchAction\",\"target\":{\"@type\":\"EntryPoint\",\"urlTemplate\":\"https:\\\/\\\/www.textilegence.com\\\/en\\\/?s={search_term_string}\"},\"query-input\":{\"@type\":\"PropertyValueSpecification\",\"valueRequired\":true,\"valueName\":\"search_term_string\"}}],\"inLanguage\":\"en-US\"},{\"@type\":\"Organization\",\"@id\":\"https:\\\/\\\/www.textilegence.com\\\/en\\\/#organization\",\"name\":\"Textilegence Magazine and Digital Platform\",\"url\":\"https:\\\/\\\/www.textilegence.com\\\/en\\\/\",\"logo\":{\"@type\":\"ImageObject\",\"inLanguage\":\"en-US\",\"@id\":\"https:\\\/\\\/www.textilegence.com\\\/en\\\/#\\\/schema\\\/logo\\\/image\\\/\",\"url\":\"https:\\\/\\\/www.textilegence.com\\\/wp-content\\\/uploads\\\/2016\\\/11\\\/New_Retina_Logo_Textilegence.png\",\"contentUrl\":\"https:\\\/\\\/www.textilegence.com\\\/wp-content\\\/uploads\\\/2016\\\/11\\\/New_Retina_Logo_Textilegence.png\",\"width\":544,\"height\":180,\"caption\":\"Textilegence Magazine and Digital Platform\"},\"image\":{\"@id\":\"https:\\\/\\\/www.textilegence.com\\\/en\\\/#\\\/schema\\\/logo\\\/image\\\/\"},\"sameAs\":[\"https:\\\/\\\/www.facebook.com\\\/TextilegenceMagazine\",\"https:\\\/\\\/x.com\\\/textilegence\",\"https:\\\/\\\/www.instagram.com\\\/textilegence\\\/\",\"https:\\\/\\\/www.linkedin.com\\\/groups\\\/Textilegence-Magazine-Digital-Platform-4897253\",\"https:\\\/\\\/www.youtube.com\\\/user\\\/textilegence\"],\"description\":\"Textilegence is a magazine and digital platform established in 2013. It focuses on the textile industry and sub-segments. The platform provides news, articles, and updates on various aspects of the textile industry, including sustainability, technological advancements, and market trends.\",\"email\":\"editor@textilegence.com\",\"telephone\":\"+90 212 442 24 12\",\"legalName\":\"Textilegence Mag and Digital Platform\",\"foundingDate\":\"2013-01-01\",\"numberOfEmployees\":{\"@type\":\"QuantitativeValue\",\"minValue\":\"1\",\"maxValue\":\"10\"}},{\"@type\":\"Person\",\"@id\":\"https:\\\/\\\/www.textilegence.com\\\/en\\\/#\\\/schema\\\/person\\\/46ccc7bfc34edbc7d46b6b189f88849f\",\"name\":\"Engin Buz\",\"image\":{\"@type\":\"ImageObject\",\"inLanguage\":\"en-US\",\"@id\":\"https:\\\/\\\/www.textilegence.com\\\/wp-content\\\/uploads\\\/2018\\\/12\\\/engin-buz.jpg\",\"url\":\"https:\\\/\\\/www.textilegence.com\\\/wp-content\\\/uploads\\\/2018\\\/12\\\/engin-buz.jpg\",\"contentUrl\":\"https:\\\/\\\/www.textilegence.com\\\/wp-content\\\/uploads\\\/2018\\\/12\\\/engin-buz.jpg\",\"caption\":\"Engin Buz\"},\"description\":\"Engin Buz, Ankara \u00dcniversitesi \u0130leti\u015fim Fak\u00fcltesi Gazetecilik B\u00f6l\u00fcm\u00fc\u2019nden mezun olduktan sonra Y\u0131ld\u0131z Teknik \u00dcniversitesi\u2019nde Siyaset Bilimi ve Uluslararas\u0131 \u0130li\u015fkiler alan\u0131nda y\u00fcksek lisans\u0131n\u0131 tamamlam\u0131\u015ft\u0131r. 2000 y\u0131l\u0131ndan sonra \u00e7e\u015fitli yay\u0131nc\u0131l\u0131k \u015firketlerinde \u00e7al\u0131\u015fmaya ba\u015flayarak k\u00fclt\u00fcr-sanat ve daha sonra ekonomi haberleri haz\u0131rlam\u0131\u015ft\u0131r. 2009 y\u0131l\u0131ndan itibaren tekstil end\u00fcstrisine d\u00f6n\u00fck yay\u0131nlarda edit\u00f6r olarak g\u00f6rev alan Buz, 2013 itibariyle kurulan Textilegence\u2019de haber edit\u00f6r\u00fc olarak yer almaya ba\u015flam\u0131\u015ft\u0131r. Engin Buz halen ba\u015fta tekstil ve dijital bask\u0131 end\u00fcstrileri olmak \u00fczere ekonomi haberleri haz\u0131rlamaktad\u0131r.\",\"sameAs\":[\"https:\\\/\\\/www.textilegence.com\",\"https:\\\/\\\/www.facebook.com\\\/TextilegenceMagazine\",\"https:\\\/\\\/www.instagram.com\\\/textilegence\\\/\",\"https:\\\/\\\/www.linkedin.com\\\/in\\\/engin-buz-6190799a\\\/\",\"https:\\\/\\\/x.com\\\/https:\\\/\\\/twitter.com\\\/textilegence\"],\"url\":\"https:\\\/\\\/www.textilegence.com\\\/en\\\/author\\\/engin-buz\\\/\"}]}<\/script>\n<!-- \/ Yoast SEO Premium plugin. -->","yoast_head_json":{"title":"\u0130peker is The First Vegan Fabric Manufacturer of the World - Textilegence","description":"Getting V-Label certificate to 146 different fabric types, \u0130peker took a very important step in being the first manufacturer of vegan fabric.","robots":{"index":"index","follow":"follow","max-snippet":"max-snippet:-1","max-image-preview":"max-image-preview:large","max-video-preview":"max-video-preview:-1"},"canonical":"https:\/\/www.textilegence.com\/en\/ipeker-recevived-title-of-the-first-vegan-fabric-manufacturer-of-the-world\/","og_locale":"en_US","og_type":"article","og_title":"\u0130peker Recevived Title of The First Vegan Fabric Manufacturer of the World","og_description":"Getting V-Label certificate to 146 different fabric types, \u0130peker took a very important step in terms of sustainability and awareness as well as being the","og_url":"https:\/\/www.textilegence.com\/en\/ipeker-recevived-title-of-the-first-vegan-fabric-manufacturer-of-the-world\/","og_site_name":"Textilegence Magazine and Digital Platform","article_publisher":"https:\/\/www.facebook.com\/TextilegenceMagazine","article_author":"https:\/\/www.facebook.com\/TextilegenceMagazine","article_published_time":"2017-06-22T12:44:55+00:00","article_modified_time":"2018-07-06T08:01:40+00:00","og_image":[{"width":742,"height":486,"url":"https:\/\/www.textilegence.com\/wp-content\/uploads\/2017\/06\/ipeker-textilegence-1.jpg","type":"image\/jpeg"}],"author":"Engin Buz","twitter_card":"summary_large_image","twitter_creator":"@https:\/\/twitter.com\/textilegence","twitter_site":"@textilegence","twitter_misc":{"Written by":"Engin Buz","Est. reading time":"3 minutes"},"schema":{"@context":"https:\/\/schema.org","@graph":[{"@type":"NewsArticle","@id":"https:\/\/www.textilegence.com\/en\/ipeker-recevived-title-of-the-first-vegan-fabric-manufacturer-of-the-world\/#article","isPartOf":{"@id":"https:\/\/www.textilegence.com\/en\/ipeker-recevived-title-of-the-first-vegan-fabric-manufacturer-of-the-world\/"},"author":{"name":"Engin Buz","@id":"https:\/\/www.textilegence.com\/en\/#\/schema\/person\/46ccc7bfc34edbc7d46b6b189f88849f"},"headline":"\u0130peker Recevived Title of The First Vegan Fabric Manufacturer of the World","datePublished":"2017-06-22T12:44:55+00:00","dateModified":"2018-07-06T08:01:40+00:00","mainEntityOfPage":{"@id":"https:\/\/www.textilegence.com\/en\/ipeker-recevived-title-of-the-first-vegan-fabric-manufacturer-of-the-world\/"},"wordCount":618,"commentCount":0,"publisher":{"@id":"https:\/\/www.textilegence.com\/en\/#organization"},"image":{"@id":"https:\/\/www.textilegence.com\/en\/ipeker-recevived-title-of-the-first-vegan-fabric-manufacturer-of-the-world\/#primaryimage"},"thumbnailUrl":"https:\/\/www.textilegence.com\/wp-content\/uploads\/2017\/06\/ipeker-textilegence-1.jpg","keywords":["fashion","fibre","ipeker","r&amp;d","yarn"],"articleSection":["Weaving"],"inLanguage":"en-US","potentialAction":[{"@type":"CommentAction","name":"Comment","target":["https:\/\/www.textilegence.com\/en\/ipeker-recevived-title-of-the-first-vegan-fabric-manufacturer-of-the-world\/#respond"]}]},{"@type":"WebPage","@id":"https:\/\/www.textilegence.com\/en\/ipeker-recevived-title-of-the-first-vegan-fabric-manufacturer-of-the-world\/","url":"https:\/\/www.textilegence.com\/en\/ipeker-recevived-title-of-the-first-vegan-fabric-manufacturer-of-the-world\/","name":"\u0130peker is The First Vegan Fabric Manufacturer of the World - Textilegence","isPartOf":{"@id":"https:\/\/www.textilegence.com\/en\/#website"},"primaryImageOfPage":{"@id":"https:\/\/www.textilegence.com\/en\/ipeker-recevived-title-of-the-first-vegan-fabric-manufacturer-of-the-world\/#primaryimage"},"image":{"@id":"https:\/\/www.textilegence.com\/en\/ipeker-recevived-title-of-the-first-vegan-fabric-manufacturer-of-the-world\/#primaryimage"},"thumbnailUrl":"https:\/\/www.textilegence.com\/wp-content\/uploads\/2017\/06\/ipeker-textilegence-1.jpg","datePublished":"2017-06-22T12:44:55+00:00","dateModified":"2018-07-06T08:01:40+00:00","description":"Getting V-Label certificate to 146 different fabric types, \u0130peker took a very important step in being the first manufacturer of vegan fabric.","breadcrumb":{"@id":"https:\/\/www.textilegence.com\/en\/ipeker-recevived-title-of-the-first-vegan-fabric-manufacturer-of-the-world\/#breadcrumb"},"inLanguage":"en-US","potentialAction":[{"@type":"ReadAction","target":["https:\/\/www.textilegence.com\/en\/ipeker-recevived-title-of-the-first-vegan-fabric-manufacturer-of-the-world\/"]}]},{"@type":"ImageObject","inLanguage":"en-US","@id":"https:\/\/www.textilegence.com\/en\/ipeker-recevived-title-of-the-first-vegan-fabric-manufacturer-of-the-world\/#primaryimage","url":"https:\/\/www.textilegence.com\/wp-content\/uploads\/2017\/06\/ipeker-textilegence-1.jpg","contentUrl":"https:\/\/www.textilegence.com\/wp-content\/uploads\/2017\/06\/ipeker-textilegence-1.jpg","width":742,"height":486},{"@type":"BreadcrumbList","@id":"https:\/\/www.textilegence.com\/en\/ipeker-recevived-title-of-the-first-vegan-fabric-manufacturer-of-the-world\/#breadcrumb","itemListElement":[{"@type":"ListItem","position":1,"name":"Home Page","item":"https:\/\/www.textilegence.com\/en\/homepage-the-rimont\/"},{"@type":"ListItem","position":2,"name":"Weaving","item":"https:\/\/www.textilegence.com\/en\/category\/weaving\/"},{"@type":"ListItem","position":3,"name":"\u0130peker Recevived Title of The First Vegan Fabric Manufacturer of the World"}]},{"@type":"WebSite","@id":"https:\/\/www.textilegence.com\/en\/#website","url":"https:\/\/www.textilegence.com\/en\/","name":"Textilegence Magazine and Digital Platform","description":"Textile News Center","publisher":{"@id":"https:\/\/www.textilegence.com\/en\/#organization"},"potentialAction":[{"@type":"SearchAction","target":{"@type":"EntryPoint","urlTemplate":"https:\/\/www.textilegence.com\/en\/?s={search_term_string}"},"query-input":{"@type":"PropertyValueSpecification","valueRequired":true,"valueName":"search_term_string"}}],"inLanguage":"en-US"},{"@type":"Organization","@id":"https:\/\/www.textilegence.com\/en\/#organization","name":"Textilegence Magazine and Digital Platform","url":"https:\/\/www.textilegence.com\/en\/","logo":{"@type":"ImageObject","inLanguage":"en-US","@id":"https:\/\/www.textilegence.com\/en\/#\/schema\/logo\/image\/","url":"https:\/\/www.textilegence.com\/wp-content\/uploads\/2016\/11\/New_Retina_Logo_Textilegence.png","contentUrl":"https:\/\/www.textilegence.com\/wp-content\/uploads\/2016\/11\/New_Retina_Logo_Textilegence.png","width":544,"height":180,"caption":"Textilegence Magazine and Digital Platform"},"image":{"@id":"https:\/\/www.textilegence.com\/en\/#\/schema\/logo\/image\/"},"sameAs":["https:\/\/www.facebook.com\/TextilegenceMagazine","https:\/\/x.com\/textilegence","https:\/\/www.instagram.com\/textilegence\/","https:\/\/www.linkedin.com\/groups\/Textilegence-Magazine-Digital-Platform-4897253","https:\/\/www.youtube.com\/user\/textilegence"],"description":"Textilegence is a magazine and digital platform established in 2013. It focuses on the textile industry and sub-segments. The platform provides news, articles, and updates on various aspects of the textile industry, including sustainability, technological advancements, and market trends.","email":"editor@textilegence.com","telephone":"+90 212 442 24 12","legalName":"Textilegence Mag and Digital Platform","foundingDate":"2013-01-01","numberOfEmployees":{"@type":"QuantitativeValue","minValue":"1","maxValue":"10"}},{"@type":"Person","@id":"https:\/\/www.textilegence.com\/en\/#\/schema\/person\/46ccc7bfc34edbc7d46b6b189f88849f","name":"Engin Buz","image":{"@type":"ImageObject","inLanguage":"en-US","@id":"https:\/\/www.textilegence.com\/wp-content\/uploads\/2018\/12\/engin-buz.jpg","url":"https:\/\/www.textilegence.com\/wp-content\/uploads\/2018\/12\/engin-buz.jpg","contentUrl":"https:\/\/www.textilegence.com\/wp-content\/uploads\/2018\/12\/engin-buz.jpg","caption":"Engin Buz"},"description":"Engin Buz, Ankara \u00dcniversitesi \u0130leti\u015fim Fak\u00fcltesi Gazetecilik B\u00f6l\u00fcm\u00fc\u2019nden mezun olduktan sonra Y\u0131ld\u0131z Teknik \u00dcniversitesi\u2019nde Siyaset Bilimi ve Uluslararas\u0131 \u0130li\u015fkiler alan\u0131nda y\u00fcksek lisans\u0131n\u0131 tamamlam\u0131\u015ft\u0131r. 2000 y\u0131l\u0131ndan sonra \u00e7e\u015fitli yay\u0131nc\u0131l\u0131k \u015firketlerinde \u00e7al\u0131\u015fmaya ba\u015flayarak k\u00fclt\u00fcr-sanat ve daha sonra ekonomi haberleri haz\u0131rlam\u0131\u015ft\u0131r. 2009 y\u0131l\u0131ndan itibaren tekstil end\u00fcstrisine d\u00f6n\u00fck yay\u0131nlarda edit\u00f6r olarak g\u00f6rev alan Buz, 2013 itibariyle kurulan Textilegence\u2019de haber edit\u00f6r\u00fc olarak yer almaya ba\u015flam\u0131\u015ft\u0131r. Engin Buz halen ba\u015fta tekstil ve dijital bask\u0131 end\u00fcstrileri olmak \u00fczere ekonomi haberleri haz\u0131rlamaktad\u0131r.","sameAs":["https:\/\/www.textilegence.com","https:\/\/www.facebook.com\/TextilegenceMagazine","https:\/\/www.instagram.com\/textilegence\/","https:\/\/www.linkedin.com\/in\/engin-buz-6190799a\/","https:\/\/x.com\/https:\/\/twitter.com\/textilegence"],"url":"https:\/\/www.textilegence.com\/en\/author\/engin-buz\/"}]}},"_links":{"self":[{"href":"https:\/\/www.textilegence.com\/en\/wp-json\/wp\/v2\/posts\/17133","targetHints":{"allow":["GET"]}}],"collection":[{"href":"https:\/\/www.textilegence.com\/en\/wp-json\/wp\/v2\/posts"}],"about":[{"href":"https:\/\/www.textilegence.com\/en\/wp-json\/wp\/v2\/types\/post"}],"author":[{"embeddable":true,"href":"https:\/\/www.textilegence.com\/en\/wp-json\/wp\/v2\/users\/2"}],"replies":[{"embeddable":true,"href":"https:\/\/www.textilegence.com\/en\/wp-json\/wp\/v2\/comments?post=17133"}],"version-history":[{"count":0,"href":"https:\/\/www.textilegence.com\/en\/wp-json\/wp\/v2\/posts\/17133\/revisions"}],"wp:featuredmedia":[{"embeddable":true,"href":"https:\/\/www.textilegence.com\/en\/wp-json\/wp\/v2\/media\/25114"}],"wp:attachment":[{"href":"https:\/\/www.textilegence.com\/en\/wp-json\/wp\/v2\/media?parent=17133"}],"wp:term":[{"taxonomy":"category","embeddable":true,"href":"https:\/\/www.textilegence.com\/en\/wp-json\/wp\/v2\/categories?post=17133"},{"taxonomy":"post_tag","embeddable":true,"href":"https:\/\/www.textilegence.com\/en\/wp-json\/wp\/v2\/tags?post=17133"}],"curies":[{"name":"wp","href":"https:\/\/api.w.org\/{rel}","templated":true}]}}