{"id":17155,"date":"2017-07-10T13:24:37","date_gmt":"2017-07-10T10:24:37","guid":{"rendered":"http:\/\/localhost\/textilegence\/dornbirn-mfc-to-open-doors-for-the-56th-time\/"},"modified":"2019-01-23T17:04:26","modified_gmt":"2019-01-23T14:04:26","slug":"dornbirn-mfc-to-open-doors-for-the-56th-time","status":"publish","type":"post","link":"https:\/\/www.textilegence.com\/en\/dornbirn-mfc-to-open-doors-for-the-56th-time\/","title":{"rendered":"Dornbirn-MFC to Open Doors for the 56th Time"},"content":{"rendered":"<p>For communicate the future of <a href=\"https:\/\/www.textilegence.com\/en\/oerlikon\/\" target=\"_blank\" rel=\"noopener\">man-made fibers<\/a>, 56th Dornbirn Man-Made Fibers <a href=\"http:\/\/www.dornbirn-mfc.com\/\" target=\"_blank\" rel=\"noopener\">Congress<\/a> (Dornbirn-MFC) will be held between 13-15 September. Each year, the Dornbirn-MFC is host to more than 700 participants from more than 30 nations (80% from Europe, 15% from Asia, and 5% from America).\u00a0 Incoming registrations seem to suggest that the number of participants will even be slightly higher in 2017.<\/p>\n<p>The European-led innovation platform for the fiber industry and downstream manufacturing stages is to function as a generator of ideas and networking agent, with every participant contributing to the success of the event.<\/p>\n<p>The more than 100 expert presentations (50% from industry and 50% from the academic world) will cover the following fields<\/p>\n<ul>\n<li>Fibre innovations<\/li>\n<li>Fibres, textiles and nonwovens for healthcare and hygienic applications<\/li>\n<li>Fibres, textiles and nonwovens for protective applications<\/li>\n<li>Fibres, textiles and nonwovens for sports and leisure wear<\/li>\n<\/ul>\n<h1><strong>Dornbirn-MFC; Top-class Plenary Lectures on Opening Day:\u00a0\u00a0 <\/strong><\/h1>\n<p>Professor Franz Josef \u00a0Radermacher, of\u00a0 Ulm University, Head of the \u00a0<em>Forschungsinstitut f\u00fcr anwendungsorientierte Wissensverarbeitung <\/em>(Research Institute for Application-oriented Knowledge Processing), Member of the Club of Rome,\u00a0 will address the subject of <em>\u201cGlobalisation, Sustainability, Future \u2013 is there still hope for us?\u201c <\/em><\/p>\n<p>Herv\u00e9 Buisson, Veolia Water Technologies \/ USA, will report on prospects for <em>\u201cI<\/em><em>nnovative Fibres and Textiles in the Field of Water Management\u201c, <\/em>and Dr. Heinz Meierkord , the President of the European Man-Made Fibres Association\u00a0 CIRFS,\u00a0 will present a paper on the <em>\u201cContribution of Man-made Fibres to the Balanced Use of Global Resources\u201c.\u00a0 <\/em><\/p>\n<p>In the field of fiber innovations participants may look forward to a number of\u00a0 highly interesting papers, including three presentations from Germany on the subject of \u201cmarine litter (microplastics)\u201c and reviews of such subjects as recycling, biopolymers and high-performance fibers.<\/p>\n<p>Recent developments in the field of healthcare and hygienic applications will be discussed from the angle of hospital and general health care as well as implantology. Alongside the major brands, a number of reputable \u201cprivate labels\u201c in the field of sanitary care will also be represented.<\/p>\n<p>The introductory paper on protective applications will be presented by a speaker from NASA (USA), who will talk about flame-retardant textile fibres in the context of space research, and the representative of a world-wide renowned manufacturer of protective clothing will, amongst others,\u00a0 talk about recent developments as well as the requirements placed\u00a0 on upstream processing stages.<\/p>\n<p>In the field of sports and leisure wear the innovative, much-decorated outdoor brand VAUDE and the global manufacturer MAS Holding will present highly interesting papers, and representatives of industry and research will submit presentations on functionalisation and ecological production methods.<\/p>\n<figure id=\"attachment_14629\" aria-describedby=\"caption-attachment-14629\" style=\"width: 382px\" class=\"wp-caption alignleft\"><img loading=\"lazy\" decoding=\"async\" class=\"wp-image-14629 size-medium\" src=\"https:\/\/www.textilegence.com\/wp-content\/uploads\/2017\/07\/Dornbirn-MFC-Textilegence1-382x250.jpg\" alt=\"Dornbirn-MFC to Open Doors for the 56th Time in Dornbirn\" width=\"382\" height=\"250\" srcset=\"https:\/\/www.textilegence.com\/wp-content\/uploads\/2017\/07\/Dornbirn-MFC-Textilegence1-382x250.jpg 382w, https:\/\/www.textilegence.com\/wp-content\/uploads\/2017\/07\/Dornbirn-MFC-Textilegence1-534x350.jpg 534w, https:\/\/www.textilegence.com\/wp-content\/uploads\/2017\/07\/Dornbirn-MFC-Textilegence1-696x456.jpg 696w, https:\/\/www.textilegence.com\/wp-content\/uploads\/2017\/07\/Dornbirn-MFC-Textilegence1-741x486.jpg 741w, https:\/\/www.textilegence.com\/wp-content\/uploads\/2017\/07\/Dornbirn-MFC-Textilegence1-641x420.jpg 641w, https:\/\/www.textilegence.com\/wp-content\/uploads\/2017\/07\/Dornbirn-MFC-Textilegence1.jpg 742w\" sizes=\"auto, (max-width: 382px) 100vw, 382px\" \/><figcaption id=\"caption-attachment-14629\" class=\"wp-caption-text\">Dornbirn-MFC to Open Doors for the 56th Time in Dornbirn<\/figcaption><\/figure>\n<h2><strong>Interactive panel discussions:\u00a0 <\/strong><\/h2>\n<p>To make our programme more lively and interactive, Dornbirn-MFC has planned panel discussions on a number of key issues.<\/p>\n<p>On Opening Day there will be a management talk on the most timely subject of \u201cMarine Litter \u2013 a problem turned into an innovative opportunity\u201c. The panel will be headed by Walter Woitsch, a partner of SYNGROUP Consulting. Other panel members will be Prof. Franz Josef Radermacher \/\u00a0 Ulm University, Philipp Meister \/ Adidas, Wilhelm Rauch \/ IVC, Robert van de Kerkhof \/ Lenzing, Uday Gill \/ Indorama.<\/p>\n<p>In the field of sports and leisure wear a panel on\u00a0 \u201cSustainability &amp; Performance \u2013 a contradiction in this industry?\u201d has been planned for Thursday noon, just before the lunch break; discussants are Rene Bethmann \/ VAUDE,\u00a0 a representative of Adidas, Ranil Vitarana \/ MAS Holding, and other Brands, who will be headed by Giuseppe Gherzi.<\/p>\n<p>In the segment protective applications, the second day will be concluded with a discussion on \u201cThe endless saga of ultra-light &amp; ingenious high performance features: What\u2019s next?\u201d Moderated by Dr. Isa Hofmann, the panel will include Evelyne Orndoff \/ NASA, Michael Stanhope \/ Tencate, Oliver Sp\u00f6cker \/ Lenzing AG, Pierluigi Bernardi \/ Nilit and a representative of DSM Dyneema.<\/p>\n<h3><strong>Dornbirn-MFC &#8211; Young Scientists Forum:\u00a0 <\/strong><\/h3>\n<p>The outstanding success of last year\u2018s \u201cYoung Scientists Forum\u201c has induced us to repeat the event, this time on the last day of\u00a0 the Congress.. The workshop, which will again be chaired by Walter Woitsch, Managing Partner &#8211;\u00a0 Industrieberatung SYNGROUP (A),\u00a0 will be devoted to the subject of the <em>\u201cImpact of\u00a0 the Digital (R)Evolution on Research &amp; Development\u201c.<\/em><\/p>\n<p>Expert Panel \/ Workshop \u201dCircular Economy: Textile &amp; Nonwovens Waste \u2013 a threat or opportunity?\u201d on the day preceding the congress :<\/p>\n<p>This highly topical subject will be studied by a group of experts drawn from the fiber industry and downstream manufacturing stages, trading firms and, for the first time, waste management companies.<\/p>\n<p>This unique event will be jointly organised by the Dornbirn-MFC in cooperation with CIRFS (the European Man-made Fibres Association), EDANA (the association of the nonwovens industry) and ISWA (the global association of waste management companies).<\/p>\n<p>It will be moderated by SYNGROUP, Austria\u2018s most important management consulting group) under the chairmanship of Walter Woitsch.<\/p>\n","protected":false},"excerpt":{"rendered":"<p>For communicate the future of man-made fibers, 56th Dornbirn Man-Made Fibers Congress (Dornbirn-MFC) will be held between 13-15 September. Each year, the Dornbirn-MFC is host to more than 700 participants from more than 30 nations (80% from Europe, 15% from Asia, and 5% from America).\u00a0 Incoming registrations seem to suggest that the number of participants [&hellip;]<\/p>\n","protected":false},"author":2,"featured_media":19545,"comment_status":"open","ping_status":"closed","sticky":false,"template":"","format":"standard","meta":{"footnotes":""},"categories":[9857,9859],"tags":[11061,10046,11163],"class_list":{"0":"post-17155","1":"post","2":"type-post","3":"status-publish","4":"format-standard","5":"has-post-thumbnail","7":"category-spinning","8":"category-topical","9":"tag-cirfs-en","10":"tag-dornbirn-mfc-en","11":"tag-edana-en-2"},"yoast_head":"<!-- This site is optimized with the Yoast SEO Premium plugin v27.3 (Yoast SEO v27.3) - https:\/\/yoast.com\/product\/yoast-seo-premium-wordpress\/ -->\n<title>Dornbirn-MFC to Open Doors for the 56th Time in Dornbirn - Textilegence<\/title>\n<meta name=\"description\" content=\"For communicate the future of man-made fibers, 56th Dornbirn Man-Made Fibers Congress (Dornbirn-MFC) will be held between 13-15 September\" \/>\n<meta name=\"robots\" content=\"index, follow, max-snippet:-1, max-image-preview:large, max-video-preview:-1\" \/>\n<link rel=\"canonical\" href=\"https:\/\/www.textilegence.com\/en\/dornbirn-mfc-to-open-doors-for-the-56th-time\/\" \/>\n<meta property=\"og:locale\" content=\"en_US\" \/>\n<meta property=\"og:type\" content=\"article\" \/>\n<meta property=\"og:title\" content=\"Dornbirn-MFC to Open Doors for the 56th Time\" \/>\n<meta property=\"og:description\" content=\"For communicate the future of man-made fibers, 56th Dornbirn Man-Made Fibers Congress (Dornbirn-MFC) will be held between 13-15 September. Each year, the\" \/>\n<meta property=\"og:url\" content=\"https:\/\/www.textilegence.com\/en\/dornbirn-mfc-to-open-doors-for-the-56th-time\/\" \/>\n<meta property=\"og:site_name\" content=\"Textilegence Magazine and Digital Platform\" \/>\n<meta property=\"article:publisher\" content=\"https:\/\/www.facebook.com\/TextilegenceMagazine\" \/>\n<meta property=\"article:author\" content=\"https:\/\/www.facebook.com\/TextilegenceMagazine\" \/>\n<meta property=\"article:published_time\" content=\"2017-07-10T10:24:37+00:00\" \/>\n<meta property=\"article:modified_time\" content=\"2019-01-23T14:04:26+00:00\" \/>\n<meta property=\"og:image\" content=\"https:\/\/www.textilegence.com\/wp-content\/uploads\/2017\/07\/Dornbirn-MFC-Textilegence.jpg\" \/>\n\t<meta property=\"og:image:width\" content=\"742\" \/>\n\t<meta property=\"og:image:height\" content=\"486\" \/>\n\t<meta property=\"og:image:type\" content=\"image\/jpeg\" \/>\n<meta name=\"author\" content=\"Engin Buz\" \/>\n<meta name=\"twitter:card\" content=\"summary_large_image\" \/>\n<meta name=\"twitter:creator\" content=\"@https:\/\/twitter.com\/textilegence\" \/>\n<meta name=\"twitter:site\" content=\"@textilegence\" \/>\n<meta name=\"twitter:label1\" content=\"Written by\" \/>\n\t<meta name=\"twitter:data1\" content=\"Engin Buz\" \/>\n\t<meta name=\"twitter:label2\" content=\"Est. reading time\" \/>\n\t<meta name=\"twitter:data2\" content=\"4 minutes\" \/>\n<script type=\"application\/ld+json\" class=\"yoast-schema-graph\">{\"@context\":\"https:\\\/\\\/schema.org\",\"@graph\":[{\"@type\":\"NewsArticle\",\"@id\":\"https:\\\/\\\/www.textilegence.com\\\/en\\\/dornbirn-mfc-to-open-doors-for-the-56th-time\\\/#article\",\"isPartOf\":{\"@id\":\"https:\\\/\\\/www.textilegence.com\\\/en\\\/dornbirn-mfc-to-open-doors-for-the-56th-time\\\/\"},\"author\":{\"name\":\"Engin Buz\",\"@id\":\"https:\\\/\\\/www.textilegence.com\\\/en\\\/#\\\/schema\\\/person\\\/46ccc7bfc34edbc7d46b6b189f88849f\"},\"headline\":\"Dornbirn-MFC to Open Doors for the 56th Time\",\"datePublished\":\"2017-07-10T10:24:37+00:00\",\"dateModified\":\"2019-01-23T14:04:26+00:00\",\"mainEntityOfPage\":{\"@id\":\"https:\\\/\\\/www.textilegence.com\\\/en\\\/dornbirn-mfc-to-open-doors-for-the-56th-time\\\/\"},\"wordCount\":803,\"commentCount\":0,\"publisher\":{\"@id\":\"https:\\\/\\\/www.textilegence.com\\\/en\\\/#organization\"},\"image\":{\"@id\":\"https:\\\/\\\/www.textilegence.com\\\/en\\\/dornbirn-mfc-to-open-doors-for-the-56th-time\\\/#primaryimage\"},\"thumbnailUrl\":\"https:\\\/\\\/www.textilegence.com\\\/wp-content\\\/uploads\\\/2017\\\/07\\\/Dornbirn-MFC-Textilegence.jpg\",\"keywords\":[\"cirfs\",\"dornbirn-mfc\",\"EDANA\"],\"articleSection\":[\"Spinning\",\"Topical\"],\"inLanguage\":\"en-US\",\"potentialAction\":[{\"@type\":\"CommentAction\",\"name\":\"Comment\",\"target\":[\"https:\\\/\\\/www.textilegence.com\\\/en\\\/dornbirn-mfc-to-open-doors-for-the-56th-time\\\/#respond\"]}]},{\"@type\":\"WebPage\",\"@id\":\"https:\\\/\\\/www.textilegence.com\\\/en\\\/dornbirn-mfc-to-open-doors-for-the-56th-time\\\/\",\"url\":\"https:\\\/\\\/www.textilegence.com\\\/en\\\/dornbirn-mfc-to-open-doors-for-the-56th-time\\\/\",\"name\":\"Dornbirn-MFC to Open Doors for the 56th Time in Dornbirn - Textilegence\",\"isPartOf\":{\"@id\":\"https:\\\/\\\/www.textilegence.com\\\/en\\\/#website\"},\"primaryImageOfPage\":{\"@id\":\"https:\\\/\\\/www.textilegence.com\\\/en\\\/dornbirn-mfc-to-open-doors-for-the-56th-time\\\/#primaryimage\"},\"image\":{\"@id\":\"https:\\\/\\\/www.textilegence.com\\\/en\\\/dornbirn-mfc-to-open-doors-for-the-56th-time\\\/#primaryimage\"},\"thumbnailUrl\":\"https:\\\/\\\/www.textilegence.com\\\/wp-content\\\/uploads\\\/2017\\\/07\\\/Dornbirn-MFC-Textilegence.jpg\",\"datePublished\":\"2017-07-10T10:24:37+00:00\",\"dateModified\":\"2019-01-23T14:04:26+00:00\",\"description\":\"For communicate the future of man-made fibers, 56th Dornbirn Man-Made Fibers Congress (Dornbirn-MFC) will be held between 13-15 September\",\"breadcrumb\":{\"@id\":\"https:\\\/\\\/www.textilegence.com\\\/en\\\/dornbirn-mfc-to-open-doors-for-the-56th-time\\\/#breadcrumb\"},\"inLanguage\":\"en-US\",\"potentialAction\":[{\"@type\":\"ReadAction\",\"target\":[\"https:\\\/\\\/www.textilegence.com\\\/en\\\/dornbirn-mfc-to-open-doors-for-the-56th-time\\\/\"]}]},{\"@type\":\"ImageObject\",\"inLanguage\":\"en-US\",\"@id\":\"https:\\\/\\\/www.textilegence.com\\\/en\\\/dornbirn-mfc-to-open-doors-for-the-56th-time\\\/#primaryimage\",\"url\":\"https:\\\/\\\/www.textilegence.com\\\/wp-content\\\/uploads\\\/2017\\\/07\\\/Dornbirn-MFC-Textilegence.jpg\",\"contentUrl\":\"https:\\\/\\\/www.textilegence.com\\\/wp-content\\\/uploads\\\/2017\\\/07\\\/Dornbirn-MFC-Textilegence.jpg\",\"width\":742,\"height\":486,\"caption\":\"Dornbirn-MFC to Open Doors for the 56th Time in Dornbirn\"},{\"@type\":\"BreadcrumbList\",\"@id\":\"https:\\\/\\\/www.textilegence.com\\\/en\\\/dornbirn-mfc-to-open-doors-for-the-56th-time\\\/#breadcrumb\",\"itemListElement\":[{\"@type\":\"ListItem\",\"position\":1,\"name\":\"Home Page\",\"item\":\"https:\\\/\\\/www.textilegence.com\\\/en\\\/homepage-the-rimont\\\/\"},{\"@type\":\"ListItem\",\"position\":2,\"name\":\"Spinning\",\"item\":\"https:\\\/\\\/www.textilegence.com\\\/en\\\/category\\\/spinning\\\/\"},{\"@type\":\"ListItem\",\"position\":3,\"name\":\"Dornbirn-MFC to Open Doors for the 56th Time\"}]},{\"@type\":\"WebSite\",\"@id\":\"https:\\\/\\\/www.textilegence.com\\\/en\\\/#website\",\"url\":\"https:\\\/\\\/www.textilegence.com\\\/en\\\/\",\"name\":\"Textilegence Magazine and Digital Platform\",\"description\":\"Textile News Center\",\"publisher\":{\"@id\":\"https:\\\/\\\/www.textilegence.com\\\/en\\\/#organization\"},\"potentialAction\":[{\"@type\":\"SearchAction\",\"target\":{\"@type\":\"EntryPoint\",\"urlTemplate\":\"https:\\\/\\\/www.textilegence.com\\\/en\\\/?s={search_term_string}\"},\"query-input\":{\"@type\":\"PropertyValueSpecification\",\"valueRequired\":true,\"valueName\":\"search_term_string\"}}],\"inLanguage\":\"en-US\"},{\"@type\":\"Organization\",\"@id\":\"https:\\\/\\\/www.textilegence.com\\\/en\\\/#organization\",\"name\":\"Textilegence Magazine and Digital Platform\",\"url\":\"https:\\\/\\\/www.textilegence.com\\\/en\\\/\",\"logo\":{\"@type\":\"ImageObject\",\"inLanguage\":\"en-US\",\"@id\":\"https:\\\/\\\/www.textilegence.com\\\/en\\\/#\\\/schema\\\/logo\\\/image\\\/\",\"url\":\"https:\\\/\\\/www.textilegence.com\\\/wp-content\\\/uploads\\\/2016\\\/11\\\/New_Retina_Logo_Textilegence.png\",\"contentUrl\":\"https:\\\/\\\/www.textilegence.com\\\/wp-content\\\/uploads\\\/2016\\\/11\\\/New_Retina_Logo_Textilegence.png\",\"width\":544,\"height\":180,\"caption\":\"Textilegence Magazine and Digital Platform\"},\"image\":{\"@id\":\"https:\\\/\\\/www.textilegence.com\\\/en\\\/#\\\/schema\\\/logo\\\/image\\\/\"},\"sameAs\":[\"https:\\\/\\\/www.facebook.com\\\/TextilegenceMagazine\",\"https:\\\/\\\/x.com\\\/textilegence\",\"https:\\\/\\\/www.instagram.com\\\/textilegence\\\/\",\"https:\\\/\\\/www.linkedin.com\\\/groups\\\/Textilegence-Magazine-Digital-Platform-4897253\",\"https:\\\/\\\/www.youtube.com\\\/user\\\/textilegence\"],\"description\":\"Textilegence is a magazine and digital platform established in 2013. It focuses on the textile industry and sub-segments. The platform provides news, articles, and updates on various aspects of the textile industry, including sustainability, technological advancements, and market trends.\",\"email\":\"editor@textilegence.com\",\"telephone\":\"+90 212 442 24 12\",\"legalName\":\"Textilegence Mag and Digital Platform\",\"foundingDate\":\"2013-01-01\",\"numberOfEmployees\":{\"@type\":\"QuantitativeValue\",\"minValue\":\"1\",\"maxValue\":\"10\"}},{\"@type\":\"Person\",\"@id\":\"https:\\\/\\\/www.textilegence.com\\\/en\\\/#\\\/schema\\\/person\\\/46ccc7bfc34edbc7d46b6b189f88849f\",\"name\":\"Engin Buz\",\"image\":{\"@type\":\"ImageObject\",\"inLanguage\":\"en-US\",\"@id\":\"https:\\\/\\\/www.textilegence.com\\\/wp-content\\\/uploads\\\/2018\\\/12\\\/engin-buz.jpg\",\"url\":\"https:\\\/\\\/www.textilegence.com\\\/wp-content\\\/uploads\\\/2018\\\/12\\\/engin-buz.jpg\",\"contentUrl\":\"https:\\\/\\\/www.textilegence.com\\\/wp-content\\\/uploads\\\/2018\\\/12\\\/engin-buz.jpg\",\"caption\":\"Engin Buz\"},\"description\":\"Engin Buz, Ankara \u00dcniversitesi \u0130leti\u015fim Fak\u00fcltesi Gazetecilik B\u00f6l\u00fcm\u00fc\u2019nden mezun olduktan sonra Y\u0131ld\u0131z Teknik \u00dcniversitesi\u2019nde Siyaset Bilimi ve Uluslararas\u0131 \u0130li\u015fkiler alan\u0131nda y\u00fcksek lisans\u0131n\u0131 tamamlam\u0131\u015ft\u0131r. 2000 y\u0131l\u0131ndan sonra \u00e7e\u015fitli yay\u0131nc\u0131l\u0131k \u015firketlerinde \u00e7al\u0131\u015fmaya ba\u015flayarak k\u00fclt\u00fcr-sanat ve daha sonra ekonomi haberleri haz\u0131rlam\u0131\u015ft\u0131r. 2009 y\u0131l\u0131ndan itibaren tekstil end\u00fcstrisine d\u00f6n\u00fck yay\u0131nlarda edit\u00f6r olarak g\u00f6rev alan Buz, 2013 itibariyle kurulan Textilegence\u2019de haber edit\u00f6r\u00fc olarak yer almaya ba\u015flam\u0131\u015ft\u0131r. Engin Buz halen ba\u015fta tekstil ve dijital bask\u0131 end\u00fcstrileri olmak \u00fczere ekonomi haberleri haz\u0131rlamaktad\u0131r.\",\"sameAs\":[\"https:\\\/\\\/www.textilegence.com\",\"https:\\\/\\\/www.facebook.com\\\/TextilegenceMagazine\",\"https:\\\/\\\/www.instagram.com\\\/textilegence\\\/\",\"https:\\\/\\\/www.linkedin.com\\\/in\\\/engin-buz-6190799a\\\/\",\"https:\\\/\\\/x.com\\\/https:\\\/\\\/twitter.com\\\/textilegence\"],\"url\":\"https:\\\/\\\/www.textilegence.com\\\/en\\\/author\\\/engin-buz\\\/\"}]}<\/script>\n<!-- \/ Yoast SEO Premium plugin. -->","yoast_head_json":{"title":"Dornbirn-MFC to Open Doors for the 56th Time in Dornbirn - Textilegence","description":"For communicate the future of man-made fibers, 56th Dornbirn Man-Made Fibers Congress (Dornbirn-MFC) will be held between 13-15 September","robots":{"index":"index","follow":"follow","max-snippet":"max-snippet:-1","max-image-preview":"max-image-preview:large","max-video-preview":"max-video-preview:-1"},"canonical":"https:\/\/www.textilegence.com\/en\/dornbirn-mfc-to-open-doors-for-the-56th-time\/","og_locale":"en_US","og_type":"article","og_title":"Dornbirn-MFC to Open Doors for the 56th Time","og_description":"For communicate the future of man-made fibers, 56th Dornbirn Man-Made Fibers Congress (Dornbirn-MFC) will be held between 13-15 September. Each year, the","og_url":"https:\/\/www.textilegence.com\/en\/dornbirn-mfc-to-open-doors-for-the-56th-time\/","og_site_name":"Textilegence Magazine and Digital Platform","article_publisher":"https:\/\/www.facebook.com\/TextilegenceMagazine","article_author":"https:\/\/www.facebook.com\/TextilegenceMagazine","article_published_time":"2017-07-10T10:24:37+00:00","article_modified_time":"2019-01-23T14:04:26+00:00","og_image":[{"width":742,"height":486,"url":"https:\/\/www.textilegence.com\/wp-content\/uploads\/2017\/07\/Dornbirn-MFC-Textilegence.jpg","type":"image\/jpeg"}],"author":"Engin Buz","twitter_card":"summary_large_image","twitter_creator":"@https:\/\/twitter.com\/textilegence","twitter_site":"@textilegence","twitter_misc":{"Written by":"Engin Buz","Est. reading time":"4 minutes"},"schema":{"@context":"https:\/\/schema.org","@graph":[{"@type":"NewsArticle","@id":"https:\/\/www.textilegence.com\/en\/dornbirn-mfc-to-open-doors-for-the-56th-time\/#article","isPartOf":{"@id":"https:\/\/www.textilegence.com\/en\/dornbirn-mfc-to-open-doors-for-the-56th-time\/"},"author":{"name":"Engin Buz","@id":"https:\/\/www.textilegence.com\/en\/#\/schema\/person\/46ccc7bfc34edbc7d46b6b189f88849f"},"headline":"Dornbirn-MFC to Open Doors for the 56th Time","datePublished":"2017-07-10T10:24:37+00:00","dateModified":"2019-01-23T14:04:26+00:00","mainEntityOfPage":{"@id":"https:\/\/www.textilegence.com\/en\/dornbirn-mfc-to-open-doors-for-the-56th-time\/"},"wordCount":803,"commentCount":0,"publisher":{"@id":"https:\/\/www.textilegence.com\/en\/#organization"},"image":{"@id":"https:\/\/www.textilegence.com\/en\/dornbirn-mfc-to-open-doors-for-the-56th-time\/#primaryimage"},"thumbnailUrl":"https:\/\/www.textilegence.com\/wp-content\/uploads\/2017\/07\/Dornbirn-MFC-Textilegence.jpg","keywords":["cirfs","dornbirn-mfc","EDANA"],"articleSection":["Spinning","Topical"],"inLanguage":"en-US","potentialAction":[{"@type":"CommentAction","name":"Comment","target":["https:\/\/www.textilegence.com\/en\/dornbirn-mfc-to-open-doors-for-the-56th-time\/#respond"]}]},{"@type":"WebPage","@id":"https:\/\/www.textilegence.com\/en\/dornbirn-mfc-to-open-doors-for-the-56th-time\/","url":"https:\/\/www.textilegence.com\/en\/dornbirn-mfc-to-open-doors-for-the-56th-time\/","name":"Dornbirn-MFC to Open Doors for the 56th Time in Dornbirn - Textilegence","isPartOf":{"@id":"https:\/\/www.textilegence.com\/en\/#website"},"primaryImageOfPage":{"@id":"https:\/\/www.textilegence.com\/en\/dornbirn-mfc-to-open-doors-for-the-56th-time\/#primaryimage"},"image":{"@id":"https:\/\/www.textilegence.com\/en\/dornbirn-mfc-to-open-doors-for-the-56th-time\/#primaryimage"},"thumbnailUrl":"https:\/\/www.textilegence.com\/wp-content\/uploads\/2017\/07\/Dornbirn-MFC-Textilegence.jpg","datePublished":"2017-07-10T10:24:37+00:00","dateModified":"2019-01-23T14:04:26+00:00","description":"For communicate the future of man-made fibers, 56th Dornbirn Man-Made Fibers Congress (Dornbirn-MFC) will be held between 13-15 September","breadcrumb":{"@id":"https:\/\/www.textilegence.com\/en\/dornbirn-mfc-to-open-doors-for-the-56th-time\/#breadcrumb"},"inLanguage":"en-US","potentialAction":[{"@type":"ReadAction","target":["https:\/\/www.textilegence.com\/en\/dornbirn-mfc-to-open-doors-for-the-56th-time\/"]}]},{"@type":"ImageObject","inLanguage":"en-US","@id":"https:\/\/www.textilegence.com\/en\/dornbirn-mfc-to-open-doors-for-the-56th-time\/#primaryimage","url":"https:\/\/www.textilegence.com\/wp-content\/uploads\/2017\/07\/Dornbirn-MFC-Textilegence.jpg","contentUrl":"https:\/\/www.textilegence.com\/wp-content\/uploads\/2017\/07\/Dornbirn-MFC-Textilegence.jpg","width":742,"height":486,"caption":"Dornbirn-MFC to Open Doors for the 56th Time in Dornbirn"},{"@type":"BreadcrumbList","@id":"https:\/\/www.textilegence.com\/en\/dornbirn-mfc-to-open-doors-for-the-56th-time\/#breadcrumb","itemListElement":[{"@type":"ListItem","position":1,"name":"Home Page","item":"https:\/\/www.textilegence.com\/en\/homepage-the-rimont\/"},{"@type":"ListItem","position":2,"name":"Spinning","item":"https:\/\/www.textilegence.com\/en\/category\/spinning\/"},{"@type":"ListItem","position":3,"name":"Dornbirn-MFC to Open Doors for the 56th Time"}]},{"@type":"WebSite","@id":"https:\/\/www.textilegence.com\/en\/#website","url":"https:\/\/www.textilegence.com\/en\/","name":"Textilegence Magazine and Digital Platform","description":"Textile News Center","publisher":{"@id":"https:\/\/www.textilegence.com\/en\/#organization"},"potentialAction":[{"@type":"SearchAction","target":{"@type":"EntryPoint","urlTemplate":"https:\/\/www.textilegence.com\/en\/?s={search_term_string}"},"query-input":{"@type":"PropertyValueSpecification","valueRequired":true,"valueName":"search_term_string"}}],"inLanguage":"en-US"},{"@type":"Organization","@id":"https:\/\/www.textilegence.com\/en\/#organization","name":"Textilegence Magazine and Digital Platform","url":"https:\/\/www.textilegence.com\/en\/","logo":{"@type":"ImageObject","inLanguage":"en-US","@id":"https:\/\/www.textilegence.com\/en\/#\/schema\/logo\/image\/","url":"https:\/\/www.textilegence.com\/wp-content\/uploads\/2016\/11\/New_Retina_Logo_Textilegence.png","contentUrl":"https:\/\/www.textilegence.com\/wp-content\/uploads\/2016\/11\/New_Retina_Logo_Textilegence.png","width":544,"height":180,"caption":"Textilegence Magazine and Digital Platform"},"image":{"@id":"https:\/\/www.textilegence.com\/en\/#\/schema\/logo\/image\/"},"sameAs":["https:\/\/www.facebook.com\/TextilegenceMagazine","https:\/\/x.com\/textilegence","https:\/\/www.instagram.com\/textilegence\/","https:\/\/www.linkedin.com\/groups\/Textilegence-Magazine-Digital-Platform-4897253","https:\/\/www.youtube.com\/user\/textilegence"],"description":"Textilegence is a magazine and digital platform established in 2013. It focuses on the textile industry and sub-segments. The platform provides news, articles, and updates on various aspects of the textile industry, including sustainability, technological advancements, and market trends.","email":"editor@textilegence.com","telephone":"+90 212 442 24 12","legalName":"Textilegence Mag and Digital Platform","foundingDate":"2013-01-01","numberOfEmployees":{"@type":"QuantitativeValue","minValue":"1","maxValue":"10"}},{"@type":"Person","@id":"https:\/\/www.textilegence.com\/en\/#\/schema\/person\/46ccc7bfc34edbc7d46b6b189f88849f","name":"Engin Buz","image":{"@type":"ImageObject","inLanguage":"en-US","@id":"https:\/\/www.textilegence.com\/wp-content\/uploads\/2018\/12\/engin-buz.jpg","url":"https:\/\/www.textilegence.com\/wp-content\/uploads\/2018\/12\/engin-buz.jpg","contentUrl":"https:\/\/www.textilegence.com\/wp-content\/uploads\/2018\/12\/engin-buz.jpg","caption":"Engin Buz"},"description":"Engin Buz, Ankara \u00dcniversitesi \u0130leti\u015fim Fak\u00fcltesi Gazetecilik B\u00f6l\u00fcm\u00fc\u2019nden mezun olduktan sonra Y\u0131ld\u0131z Teknik \u00dcniversitesi\u2019nde Siyaset Bilimi ve Uluslararas\u0131 \u0130li\u015fkiler alan\u0131nda y\u00fcksek lisans\u0131n\u0131 tamamlam\u0131\u015ft\u0131r. 2000 y\u0131l\u0131ndan sonra \u00e7e\u015fitli yay\u0131nc\u0131l\u0131k \u015firketlerinde \u00e7al\u0131\u015fmaya ba\u015flayarak k\u00fclt\u00fcr-sanat ve daha sonra ekonomi haberleri haz\u0131rlam\u0131\u015ft\u0131r. 2009 y\u0131l\u0131ndan itibaren tekstil end\u00fcstrisine d\u00f6n\u00fck yay\u0131nlarda edit\u00f6r olarak g\u00f6rev alan Buz, 2013 itibariyle kurulan Textilegence\u2019de haber edit\u00f6r\u00fc olarak yer almaya ba\u015flam\u0131\u015ft\u0131r. Engin Buz halen ba\u015fta tekstil ve dijital bask\u0131 end\u00fcstrileri olmak \u00fczere ekonomi haberleri haz\u0131rlamaktad\u0131r.","sameAs":["https:\/\/www.textilegence.com","https:\/\/www.facebook.com\/TextilegenceMagazine","https:\/\/www.instagram.com\/textilegence\/","https:\/\/www.linkedin.com\/in\/engin-buz-6190799a\/","https:\/\/x.com\/https:\/\/twitter.com\/textilegence"],"url":"https:\/\/www.textilegence.com\/en\/author\/engin-buz\/"}]}},"_links":{"self":[{"href":"https:\/\/www.textilegence.com\/en\/wp-json\/wp\/v2\/posts\/17155","targetHints":{"allow":["GET"]}}],"collection":[{"href":"https:\/\/www.textilegence.com\/en\/wp-json\/wp\/v2\/posts"}],"about":[{"href":"https:\/\/www.textilegence.com\/en\/wp-json\/wp\/v2\/types\/post"}],"author":[{"embeddable":true,"href":"https:\/\/www.textilegence.com\/en\/wp-json\/wp\/v2\/users\/2"}],"replies":[{"embeddable":true,"href":"https:\/\/www.textilegence.com\/en\/wp-json\/wp\/v2\/comments?post=17155"}],"version-history":[{"count":0,"href":"https:\/\/www.textilegence.com\/en\/wp-json\/wp\/v2\/posts\/17155\/revisions"}],"wp:featuredmedia":[{"embeddable":true,"href":"https:\/\/www.textilegence.com\/en\/wp-json\/wp\/v2\/media\/19545"}],"wp:attachment":[{"href":"https:\/\/www.textilegence.com\/en\/wp-json\/wp\/v2\/media?parent=17155"}],"wp:term":[{"taxonomy":"category","embeddable":true,"href":"https:\/\/www.textilegence.com\/en\/wp-json\/wp\/v2\/categories?post=17155"},{"taxonomy":"post_tag","embeddable":true,"href":"https:\/\/www.textilegence.com\/en\/wp-json\/wp\/v2\/tags?post=17155"}],"curies":[{"name":"wp","href":"https:\/\/api.w.org\/{rel}","templated":true}]}}