{"id":17223,"date":"2017-08-21T09:44:11","date_gmt":"2017-08-21T06:44:11","guid":{"rendered":"http:\/\/localhost\/textilegence\/turkeys-mark-on-premiere-vision-new-york\/"},"modified":"2017-12-22T11:41:18","modified_gmt":"2017-12-22T08:41:18","slug":"turkeys-mark-on-premiere-vision-new-york","status":"publish","type":"post","link":"https:\/\/www.textilegence.com\/en\/turkeys-mark-on-premiere-vision-new-york\/","title":{"rendered":"Turkey\u2019s Mark on Premi\u00e8re Vision New York"},"content":{"rendered":"<p style=\"text-align: justify;\"><strong>44 Turkish companies attented to Premi<\/strong><strong>\u00e8re Vision New York fair where global textile and fashion manufacturers met.<\/strong><\/p>\n<figure id=\"attachment_20213\" aria-describedby=\"caption-attachment-20213\" style=\"width: 382px\" class=\"wp-caption alignleft\"><img loading=\"lazy\" decoding=\"async\" class=\"wp-image-20213 size-medium\" src=\"https:\/\/www.textilegence.com\/wp-content\/uploads\/2017\/10\/Premiere_Vision-NY-Textilegence-382x250.jpg\" alt=\"Turkey\u2019s Mark on Premi\u00e8re Vision New York\" width=\"382\" height=\"250\" srcset=\"https:\/\/www.textilegence.com\/wp-content\/uploads\/2017\/10\/Premiere_Vision-NY-Textilegence-382x250.jpg 382w, https:\/\/www.textilegence.com\/wp-content\/uploads\/2017\/10\/Premiere_Vision-NY-Textilegence-534x350.jpg 534w, https:\/\/www.textilegence.com\/wp-content\/uploads\/2017\/10\/Premiere_Vision-NY-Textilegence-696x456.jpg 696w, https:\/\/www.textilegence.com\/wp-content\/uploads\/2017\/10\/Premiere_Vision-NY-Textilegence-741x486.jpg 741w, https:\/\/www.textilegence.com\/wp-content\/uploads\/2017\/10\/Premiere_Vision-NY-Textilegence.jpg 742w\" sizes=\"auto, (max-width: 382px) 100vw, 382px\" \/><figcaption id=\"caption-attachment-20213\" class=\"wp-caption-text\">Turkey\u2019s Mark on Premi\u00e8re Vision New York<\/figcaption><\/figure>\n<p style=\"text-align: justify;\">Followed very closely by fashion world, Premi\u00e8re Vision New York <a href=\"http:\/\/www.premierevision-newyork.com\/\" target=\"_blank\" rel=\"noopener\">fair <\/a>was carried out in New York Pier 94 between the dates of 18-19 July. At the fair where many fabric and accessories manufacturers attented, 2017-2018 autumn\/winter collections were presented. Taking place by total 322 firms\u2019 attendance, at tha fair total 44 Turkish textile firms appeared 28 of which were members of Uluda\u011f Textile Exporters\u2019 Union(UT\u0130B). UT\u0130B members attented to the fair as the national participation organisation.<\/p>\n<p style=\"text-align: justify;\">At the fair where special and technical textile products were exhibited as well as fashion-oriented women and men clothes and accessories, Turkish manufacturers showed innovative collections in America.Bringing global leaders and professionalists in the textile world together, the fair offers great chances in terms of observing the next seasons\u2019 trends correctly and influencing by them.<\/p>\n<p style=\"text-align: justify;\">The senior executives and UTIB members companies were brought together in bilateral negotiations at the fair that received great attention from visitors, buyers and attendees from all over the world. The fair where 2017-2018 autumn-winter collections were exhibited, makes important contributions to the companies especially in the designing process. Premiere Vision New York is among the <a href=\"http:\/\/textilegence.com\/premiere-vision-istanbul-hadi-moda-hakkinda-konusalim\/\" target=\"_blank\" rel=\"noopener\">organizations <\/a>which is important for the sector with its feature of being a guide to companies in defining main season trends.<\/p>\n<h1 style=\"text-align: justify;\"><strong>Premi\u00e8re Vision New York: \u201c<\/strong><strong>The Biggest Textile Market After Europe<\/strong><strong>\u201d<\/strong><\/h1>\n<p style=\"text-align: justify;\">UTIB Board of Management Vice President P\u0131nar Ta\u015fdelen Engin said that USA is the second biggest textile market after Europe. Engin stated these; \u201cThe United States of America is the biggest economy in the world with its population more than 300 million and purchasing power parity. The textile export of this giant market is around 12 billion dollar and ready-wear export is 96 billion dollar. In the first half of 2017, Turkey\u2019s textile and ready-wear export to the USA was 416 million dollars. Also with the effect of the fair, we think that there will be a significant rise in our export especially in the next year. \u201d<\/p>\n<p style=\"text-align: justify;\">P\u0131nar Ta\u015fdelen Engin, stating that Turkish ready-wear sector is the 6<sup>th\u00a0 <\/sup>biggest country clothes the world, recorded that it has also became an important suppliers for the USA since 2000. Engin expressed thusly; \u201cWe fulfilled the potential in this market. Our fashion and designs were appreciated by American consumers. The researches and analysis we carried out also prove our thought. American consumers will shortly realize the difference in fashion and design\u00a0 products in various categories in Turkish ready-wear and value them. \u201d<\/p>\n<p style=\"text-align: justify;\">Expressing that at Premi\u00e8re Vision New York fair<strong>, <\/strong>UTIB\u2019s booth attracted the interest of world\u2019s greatest fashion brands\u2019 authorities and visitors with its special and colorful design, Engin added that some important bilateral negotiations have been carried out for the development of the sector.<\/p>\n","protected":false},"excerpt":{"rendered":"<p>44 Turkish companies attented to Premi\u00e8re Vision New York fair where global textile and fashion manufacturers met. Followed very closely by fashion world, Premi\u00e8re Vision New York fair was carried out in New York Pier 94 between the dates of 18-19 July. At the fair where many fabric and accessories manufacturers attented, 2017-2018 autumn\/winter collections [&hellip;]<\/p>\n","protected":false},"author":2,"featured_media":20213,"comment_status":"open","ping_status":"closed","sticky":false,"template":"","format":"standard","meta":{"footnotes":""},"categories":[9859],"tags":[10628,11022],"class_list":{"0":"post-17223","1":"post","2":"type-post","3":"status-publish","4":"format-standard","5":"has-post-thumbnail","7":"category-topical","8":"tag-textile-accessories","9":"tag-utib"},"yoast_head":"<!-- This site is optimized with the Yoast SEO Premium plugin v27.3 (Yoast SEO v27.3) - https:\/\/yoast.com\/product\/yoast-seo-premium-wordpress\/ -->\n<title>Turkey\u2019s Mark on Premi\u00e8re Vision New York - Textilegence<\/title>\n<meta name=\"description\" content=\"44 Turkish companies attented to Premi\u00e8re Vision New York fair where global textile and fashion manufacturers met. At the fair where many fabric and access.\" \/>\n<meta name=\"robots\" content=\"index, follow, max-snippet:-1, max-image-preview:large, max-video-preview:-1\" \/>\n<link rel=\"canonical\" href=\"https:\/\/www.textilegence.com\/en\/turkeys-mark-on-premiere-vision-new-york\/\" \/>\n<meta property=\"og:locale\" content=\"en_US\" \/>\n<meta property=\"og:type\" content=\"article\" \/>\n<meta property=\"og:title\" content=\"Turkey\u2019s Mark on Premi\u00e8re Vision New York\" \/>\n<meta property=\"og:description\" content=\"44 Turkish companies attented to Premi\u00e8re Vision New York fair where global textile and fashion manufacturers met. Followed very closely by fashion world,\" \/>\n<meta property=\"og:url\" content=\"https:\/\/www.textilegence.com\/en\/turkeys-mark-on-premiere-vision-new-york\/\" \/>\n<meta property=\"og:site_name\" content=\"Textilegence Magazine and Digital Platform\" \/>\n<meta property=\"article:publisher\" content=\"https:\/\/www.facebook.com\/TextilegenceMagazine\" \/>\n<meta property=\"article:author\" content=\"https:\/\/www.facebook.com\/TextilegenceMagazine\" \/>\n<meta property=\"article:published_time\" content=\"2017-08-21T06:44:11+00:00\" \/>\n<meta property=\"article:modified_time\" content=\"2017-12-22T08:41:18+00:00\" \/>\n<meta property=\"og:image\" content=\"https:\/\/www.textilegence.com\/wp-content\/uploads\/2017\/10\/Premiere_Vision-NY-Textilegence.jpg\" \/>\n\t<meta property=\"og:image:width\" content=\"742\" \/>\n\t<meta property=\"og:image:height\" content=\"486\" \/>\n\t<meta property=\"og:image:type\" content=\"image\/jpeg\" \/>\n<meta name=\"author\" content=\"Engin Buz\" \/>\n<meta name=\"twitter:card\" content=\"summary_large_image\" \/>\n<meta name=\"twitter:creator\" content=\"@https:\/\/twitter.com\/textilegence\" \/>\n<meta name=\"twitter:site\" content=\"@textilegence\" \/>\n<meta name=\"twitter:label1\" content=\"Written by\" \/>\n\t<meta name=\"twitter:data1\" content=\"Engin Buz\" \/>\n\t<meta name=\"twitter:label2\" content=\"Est. reading time\" \/>\n\t<meta name=\"twitter:data2\" content=\"2 minutes\" \/>\n<script type=\"application\/ld+json\" class=\"yoast-schema-graph\">{\"@context\":\"https:\\\/\\\/schema.org\",\"@graph\":[{\"@type\":\"NewsArticle\",\"@id\":\"https:\\\/\\\/www.textilegence.com\\\/en\\\/turkeys-mark-on-premiere-vision-new-york\\\/#article\",\"isPartOf\":{\"@id\":\"https:\\\/\\\/www.textilegence.com\\\/en\\\/turkeys-mark-on-premiere-vision-new-york\\\/\"},\"author\":{\"name\":\"Engin Buz\",\"@id\":\"https:\\\/\\\/www.textilegence.com\\\/en\\\/#\\\/schema\\\/person\\\/46ccc7bfc34edbc7d46b6b189f88849f\"},\"headline\":\"Turkey\u2019s Mark on Premi\u00e8re Vision New York\",\"datePublished\":\"2017-08-21T06:44:11+00:00\",\"dateModified\":\"2017-12-22T08:41:18+00:00\",\"mainEntityOfPage\":{\"@id\":\"https:\\\/\\\/www.textilegence.com\\\/en\\\/turkeys-mark-on-premiere-vision-new-york\\\/\"},\"wordCount\":498,\"commentCount\":0,\"publisher\":{\"@id\":\"https:\\\/\\\/www.textilegence.com\\\/en\\\/#organization\"},\"image\":{\"@id\":\"https:\\\/\\\/www.textilegence.com\\\/en\\\/turkeys-mark-on-premiere-vision-new-york\\\/#primaryimage\"},\"thumbnailUrl\":\"https:\\\/\\\/www.textilegence.com\\\/wp-content\\\/uploads\\\/2017\\\/10\\\/Premiere_Vision-NY-Textilegence.jpg\",\"keywords\":[\"textile accessories\",\"utib\"],\"articleSection\":[\"Topical\"],\"inLanguage\":\"en-US\",\"potentialAction\":[{\"@type\":\"CommentAction\",\"name\":\"Comment\",\"target\":[\"https:\\\/\\\/www.textilegence.com\\\/en\\\/turkeys-mark-on-premiere-vision-new-york\\\/#respond\"]}]},{\"@type\":\"WebPage\",\"@id\":\"https:\\\/\\\/www.textilegence.com\\\/en\\\/turkeys-mark-on-premiere-vision-new-york\\\/\",\"url\":\"https:\\\/\\\/www.textilegence.com\\\/en\\\/turkeys-mark-on-premiere-vision-new-york\\\/\",\"name\":\"Turkey\u2019s Mark on Premi\u00e8re Vision New York - Textilegence\",\"isPartOf\":{\"@id\":\"https:\\\/\\\/www.textilegence.com\\\/en\\\/#website\"},\"primaryImageOfPage\":{\"@id\":\"https:\\\/\\\/www.textilegence.com\\\/en\\\/turkeys-mark-on-premiere-vision-new-york\\\/#primaryimage\"},\"image\":{\"@id\":\"https:\\\/\\\/www.textilegence.com\\\/en\\\/turkeys-mark-on-premiere-vision-new-york\\\/#primaryimage\"},\"thumbnailUrl\":\"https:\\\/\\\/www.textilegence.com\\\/wp-content\\\/uploads\\\/2017\\\/10\\\/Premiere_Vision-NY-Textilegence.jpg\",\"datePublished\":\"2017-08-21T06:44:11+00:00\",\"dateModified\":\"2017-12-22T08:41:18+00:00\",\"description\":\"44 Turkish companies attented to Premi\u00e8re Vision New York fair where global textile and fashion manufacturers met. At the fair where many fabric and access.\",\"breadcrumb\":{\"@id\":\"https:\\\/\\\/www.textilegence.com\\\/en\\\/turkeys-mark-on-premiere-vision-new-york\\\/#breadcrumb\"},\"inLanguage\":\"en-US\",\"potentialAction\":[{\"@type\":\"ReadAction\",\"target\":[\"https:\\\/\\\/www.textilegence.com\\\/en\\\/turkeys-mark-on-premiere-vision-new-york\\\/\"]}]},{\"@type\":\"ImageObject\",\"inLanguage\":\"en-US\",\"@id\":\"https:\\\/\\\/www.textilegence.com\\\/en\\\/turkeys-mark-on-premiere-vision-new-york\\\/#primaryimage\",\"url\":\"https:\\\/\\\/www.textilegence.com\\\/wp-content\\\/uploads\\\/2017\\\/10\\\/Premiere_Vision-NY-Textilegence.jpg\",\"contentUrl\":\"https:\\\/\\\/www.textilegence.com\\\/wp-content\\\/uploads\\\/2017\\\/10\\\/Premiere_Vision-NY-Textilegence.jpg\",\"width\":742,\"height\":486,\"caption\":\"Turkey\u2019s Mark on Premi\u00e8re Vision New York\"},{\"@type\":\"BreadcrumbList\",\"@id\":\"https:\\\/\\\/www.textilegence.com\\\/en\\\/turkeys-mark-on-premiere-vision-new-york\\\/#breadcrumb\",\"itemListElement\":[{\"@type\":\"ListItem\",\"position\":1,\"name\":\"Home Page\",\"item\":\"https:\\\/\\\/www.textilegence.com\\\/en\\\/homepage-the-rimont\\\/\"},{\"@type\":\"ListItem\",\"position\":2,\"name\":\"Topical\",\"item\":\"https:\\\/\\\/www.textilegence.com\\\/en\\\/category\\\/topical\\\/\"},{\"@type\":\"ListItem\",\"position\":3,\"name\":\"Turkey\u2019s Mark on Premi\u00e8re Vision New York\"}]},{\"@type\":\"WebSite\",\"@id\":\"https:\\\/\\\/www.textilegence.com\\\/en\\\/#website\",\"url\":\"https:\\\/\\\/www.textilegence.com\\\/en\\\/\",\"name\":\"Textilegence Magazine and Digital Platform\",\"description\":\"Textile News Center\",\"publisher\":{\"@id\":\"https:\\\/\\\/www.textilegence.com\\\/en\\\/#organization\"},\"potentialAction\":[{\"@type\":\"SearchAction\",\"target\":{\"@type\":\"EntryPoint\",\"urlTemplate\":\"https:\\\/\\\/www.textilegence.com\\\/en\\\/?s={search_term_string}\"},\"query-input\":{\"@type\":\"PropertyValueSpecification\",\"valueRequired\":true,\"valueName\":\"search_term_string\"}}],\"inLanguage\":\"en-US\"},{\"@type\":\"Organization\",\"@id\":\"https:\\\/\\\/www.textilegence.com\\\/en\\\/#organization\",\"name\":\"Textilegence Magazine and Digital Platform\",\"url\":\"https:\\\/\\\/www.textilegence.com\\\/en\\\/\",\"logo\":{\"@type\":\"ImageObject\",\"inLanguage\":\"en-US\",\"@id\":\"https:\\\/\\\/www.textilegence.com\\\/en\\\/#\\\/schema\\\/logo\\\/image\\\/\",\"url\":\"https:\\\/\\\/www.textilegence.com\\\/wp-content\\\/uploads\\\/2016\\\/11\\\/New_Retina_Logo_Textilegence.png\",\"contentUrl\":\"https:\\\/\\\/www.textilegence.com\\\/wp-content\\\/uploads\\\/2016\\\/11\\\/New_Retina_Logo_Textilegence.png\",\"width\":544,\"height\":180,\"caption\":\"Textilegence Magazine and Digital Platform\"},\"image\":{\"@id\":\"https:\\\/\\\/www.textilegence.com\\\/en\\\/#\\\/schema\\\/logo\\\/image\\\/\"},\"sameAs\":[\"https:\\\/\\\/www.facebook.com\\\/TextilegenceMagazine\",\"https:\\\/\\\/x.com\\\/textilegence\",\"https:\\\/\\\/www.instagram.com\\\/textilegence\\\/\",\"https:\\\/\\\/www.linkedin.com\\\/groups\\\/Textilegence-Magazine-Digital-Platform-4897253\",\"https:\\\/\\\/www.youtube.com\\\/user\\\/textilegence\"],\"description\":\"Textilegence is a magazine and digital platform established in 2013. It focuses on the textile industry and sub-segments. The platform provides news, articles, and updates on various aspects of the textile industry, including sustainability, technological advancements, and market trends.\",\"email\":\"editor@textilegence.com\",\"telephone\":\"+90 212 442 24 12\",\"legalName\":\"Textilegence Mag and Digital Platform\",\"foundingDate\":\"2013-01-01\",\"numberOfEmployees\":{\"@type\":\"QuantitativeValue\",\"minValue\":\"1\",\"maxValue\":\"10\"}},{\"@type\":\"Person\",\"@id\":\"https:\\\/\\\/www.textilegence.com\\\/en\\\/#\\\/schema\\\/person\\\/46ccc7bfc34edbc7d46b6b189f88849f\",\"name\":\"Engin Buz\",\"image\":{\"@type\":\"ImageObject\",\"inLanguage\":\"en-US\",\"@id\":\"https:\\\/\\\/www.textilegence.com\\\/wp-content\\\/uploads\\\/2018\\\/12\\\/engin-buz.jpg\",\"url\":\"https:\\\/\\\/www.textilegence.com\\\/wp-content\\\/uploads\\\/2018\\\/12\\\/engin-buz.jpg\",\"contentUrl\":\"https:\\\/\\\/www.textilegence.com\\\/wp-content\\\/uploads\\\/2018\\\/12\\\/engin-buz.jpg\",\"caption\":\"Engin Buz\"},\"description\":\"Engin Buz, Ankara \u00dcniversitesi \u0130leti\u015fim Fak\u00fcltesi Gazetecilik B\u00f6l\u00fcm\u00fc\u2019nden mezun olduktan sonra Y\u0131ld\u0131z Teknik \u00dcniversitesi\u2019nde Siyaset Bilimi ve Uluslararas\u0131 \u0130li\u015fkiler alan\u0131nda y\u00fcksek lisans\u0131n\u0131 tamamlam\u0131\u015ft\u0131r. 2000 y\u0131l\u0131ndan sonra \u00e7e\u015fitli yay\u0131nc\u0131l\u0131k \u015firketlerinde \u00e7al\u0131\u015fmaya ba\u015flayarak k\u00fclt\u00fcr-sanat ve daha sonra ekonomi haberleri haz\u0131rlam\u0131\u015ft\u0131r. 2009 y\u0131l\u0131ndan itibaren tekstil end\u00fcstrisine d\u00f6n\u00fck yay\u0131nlarda edit\u00f6r olarak g\u00f6rev alan Buz, 2013 itibariyle kurulan Textilegence\u2019de haber edit\u00f6r\u00fc olarak yer almaya ba\u015flam\u0131\u015ft\u0131r. Engin Buz halen ba\u015fta tekstil ve dijital bask\u0131 end\u00fcstrileri olmak \u00fczere ekonomi haberleri haz\u0131rlamaktad\u0131r.\",\"sameAs\":[\"https:\\\/\\\/www.textilegence.com\",\"https:\\\/\\\/www.facebook.com\\\/TextilegenceMagazine\",\"https:\\\/\\\/www.instagram.com\\\/textilegence\\\/\",\"https:\\\/\\\/www.linkedin.com\\\/in\\\/engin-buz-6190799a\\\/\",\"https:\\\/\\\/x.com\\\/https:\\\/\\\/twitter.com\\\/textilegence\"],\"url\":\"https:\\\/\\\/www.textilegence.com\\\/en\\\/author\\\/engin-buz\\\/\"}]}<\/script>\n<!-- \/ Yoast SEO Premium plugin. -->","yoast_head_json":{"title":"Turkey\u2019s Mark on Premi\u00e8re Vision New York - Textilegence","description":"44 Turkish companies attented to Premi\u00e8re Vision New York fair where global textile and fashion manufacturers met. At the fair where many fabric and access.","robots":{"index":"index","follow":"follow","max-snippet":"max-snippet:-1","max-image-preview":"max-image-preview:large","max-video-preview":"max-video-preview:-1"},"canonical":"https:\/\/www.textilegence.com\/en\/turkeys-mark-on-premiere-vision-new-york\/","og_locale":"en_US","og_type":"article","og_title":"Turkey\u2019s Mark on Premi\u00e8re Vision New York","og_description":"44 Turkish companies attented to Premi\u00e8re Vision New York fair where global textile and fashion manufacturers met. Followed very closely by fashion world,","og_url":"https:\/\/www.textilegence.com\/en\/turkeys-mark-on-premiere-vision-new-york\/","og_site_name":"Textilegence Magazine and Digital Platform","article_publisher":"https:\/\/www.facebook.com\/TextilegenceMagazine","article_author":"https:\/\/www.facebook.com\/TextilegenceMagazine","article_published_time":"2017-08-21T06:44:11+00:00","article_modified_time":"2017-12-22T08:41:18+00:00","og_image":[{"width":742,"height":486,"url":"https:\/\/www.textilegence.com\/wp-content\/uploads\/2017\/10\/Premiere_Vision-NY-Textilegence.jpg","type":"image\/jpeg"}],"author":"Engin Buz","twitter_card":"summary_large_image","twitter_creator":"@https:\/\/twitter.com\/textilegence","twitter_site":"@textilegence","twitter_misc":{"Written by":"Engin Buz","Est. reading time":"2 minutes"},"schema":{"@context":"https:\/\/schema.org","@graph":[{"@type":"NewsArticle","@id":"https:\/\/www.textilegence.com\/en\/turkeys-mark-on-premiere-vision-new-york\/#article","isPartOf":{"@id":"https:\/\/www.textilegence.com\/en\/turkeys-mark-on-premiere-vision-new-york\/"},"author":{"name":"Engin Buz","@id":"https:\/\/www.textilegence.com\/en\/#\/schema\/person\/46ccc7bfc34edbc7d46b6b189f88849f"},"headline":"Turkey\u2019s Mark on Premi\u00e8re Vision New York","datePublished":"2017-08-21T06:44:11+00:00","dateModified":"2017-12-22T08:41:18+00:00","mainEntityOfPage":{"@id":"https:\/\/www.textilegence.com\/en\/turkeys-mark-on-premiere-vision-new-york\/"},"wordCount":498,"commentCount":0,"publisher":{"@id":"https:\/\/www.textilegence.com\/en\/#organization"},"image":{"@id":"https:\/\/www.textilegence.com\/en\/turkeys-mark-on-premiere-vision-new-york\/#primaryimage"},"thumbnailUrl":"https:\/\/www.textilegence.com\/wp-content\/uploads\/2017\/10\/Premiere_Vision-NY-Textilegence.jpg","keywords":["textile accessories","utib"],"articleSection":["Topical"],"inLanguage":"en-US","potentialAction":[{"@type":"CommentAction","name":"Comment","target":["https:\/\/www.textilegence.com\/en\/turkeys-mark-on-premiere-vision-new-york\/#respond"]}]},{"@type":"WebPage","@id":"https:\/\/www.textilegence.com\/en\/turkeys-mark-on-premiere-vision-new-york\/","url":"https:\/\/www.textilegence.com\/en\/turkeys-mark-on-premiere-vision-new-york\/","name":"Turkey\u2019s Mark on Premi\u00e8re Vision New York - Textilegence","isPartOf":{"@id":"https:\/\/www.textilegence.com\/en\/#website"},"primaryImageOfPage":{"@id":"https:\/\/www.textilegence.com\/en\/turkeys-mark-on-premiere-vision-new-york\/#primaryimage"},"image":{"@id":"https:\/\/www.textilegence.com\/en\/turkeys-mark-on-premiere-vision-new-york\/#primaryimage"},"thumbnailUrl":"https:\/\/www.textilegence.com\/wp-content\/uploads\/2017\/10\/Premiere_Vision-NY-Textilegence.jpg","datePublished":"2017-08-21T06:44:11+00:00","dateModified":"2017-12-22T08:41:18+00:00","description":"44 Turkish companies attented to Premi\u00e8re Vision New York fair where global textile and fashion manufacturers met. At the fair where many fabric and access.","breadcrumb":{"@id":"https:\/\/www.textilegence.com\/en\/turkeys-mark-on-premiere-vision-new-york\/#breadcrumb"},"inLanguage":"en-US","potentialAction":[{"@type":"ReadAction","target":["https:\/\/www.textilegence.com\/en\/turkeys-mark-on-premiere-vision-new-york\/"]}]},{"@type":"ImageObject","inLanguage":"en-US","@id":"https:\/\/www.textilegence.com\/en\/turkeys-mark-on-premiere-vision-new-york\/#primaryimage","url":"https:\/\/www.textilegence.com\/wp-content\/uploads\/2017\/10\/Premiere_Vision-NY-Textilegence.jpg","contentUrl":"https:\/\/www.textilegence.com\/wp-content\/uploads\/2017\/10\/Premiere_Vision-NY-Textilegence.jpg","width":742,"height":486,"caption":"Turkey\u2019s Mark on Premi\u00e8re Vision New York"},{"@type":"BreadcrumbList","@id":"https:\/\/www.textilegence.com\/en\/turkeys-mark-on-premiere-vision-new-york\/#breadcrumb","itemListElement":[{"@type":"ListItem","position":1,"name":"Home Page","item":"https:\/\/www.textilegence.com\/en\/homepage-the-rimont\/"},{"@type":"ListItem","position":2,"name":"Topical","item":"https:\/\/www.textilegence.com\/en\/category\/topical\/"},{"@type":"ListItem","position":3,"name":"Turkey\u2019s Mark on Premi\u00e8re Vision New York"}]},{"@type":"WebSite","@id":"https:\/\/www.textilegence.com\/en\/#website","url":"https:\/\/www.textilegence.com\/en\/","name":"Textilegence Magazine and Digital Platform","description":"Textile News Center","publisher":{"@id":"https:\/\/www.textilegence.com\/en\/#organization"},"potentialAction":[{"@type":"SearchAction","target":{"@type":"EntryPoint","urlTemplate":"https:\/\/www.textilegence.com\/en\/?s={search_term_string}"},"query-input":{"@type":"PropertyValueSpecification","valueRequired":true,"valueName":"search_term_string"}}],"inLanguage":"en-US"},{"@type":"Organization","@id":"https:\/\/www.textilegence.com\/en\/#organization","name":"Textilegence Magazine and Digital Platform","url":"https:\/\/www.textilegence.com\/en\/","logo":{"@type":"ImageObject","inLanguage":"en-US","@id":"https:\/\/www.textilegence.com\/en\/#\/schema\/logo\/image\/","url":"https:\/\/www.textilegence.com\/wp-content\/uploads\/2016\/11\/New_Retina_Logo_Textilegence.png","contentUrl":"https:\/\/www.textilegence.com\/wp-content\/uploads\/2016\/11\/New_Retina_Logo_Textilegence.png","width":544,"height":180,"caption":"Textilegence Magazine and Digital Platform"},"image":{"@id":"https:\/\/www.textilegence.com\/en\/#\/schema\/logo\/image\/"},"sameAs":["https:\/\/www.facebook.com\/TextilegenceMagazine","https:\/\/x.com\/textilegence","https:\/\/www.instagram.com\/textilegence\/","https:\/\/www.linkedin.com\/groups\/Textilegence-Magazine-Digital-Platform-4897253","https:\/\/www.youtube.com\/user\/textilegence"],"description":"Textilegence is a magazine and digital platform established in 2013. It focuses on the textile industry and sub-segments. The platform provides news, articles, and updates on various aspects of the textile industry, including sustainability, technological advancements, and market trends.","email":"editor@textilegence.com","telephone":"+90 212 442 24 12","legalName":"Textilegence Mag and Digital Platform","foundingDate":"2013-01-01","numberOfEmployees":{"@type":"QuantitativeValue","minValue":"1","maxValue":"10"}},{"@type":"Person","@id":"https:\/\/www.textilegence.com\/en\/#\/schema\/person\/46ccc7bfc34edbc7d46b6b189f88849f","name":"Engin Buz","image":{"@type":"ImageObject","inLanguage":"en-US","@id":"https:\/\/www.textilegence.com\/wp-content\/uploads\/2018\/12\/engin-buz.jpg","url":"https:\/\/www.textilegence.com\/wp-content\/uploads\/2018\/12\/engin-buz.jpg","contentUrl":"https:\/\/www.textilegence.com\/wp-content\/uploads\/2018\/12\/engin-buz.jpg","caption":"Engin Buz"},"description":"Engin Buz, Ankara \u00dcniversitesi \u0130leti\u015fim Fak\u00fcltesi Gazetecilik B\u00f6l\u00fcm\u00fc\u2019nden mezun olduktan sonra Y\u0131ld\u0131z Teknik \u00dcniversitesi\u2019nde Siyaset Bilimi ve Uluslararas\u0131 \u0130li\u015fkiler alan\u0131nda y\u00fcksek lisans\u0131n\u0131 tamamlam\u0131\u015ft\u0131r. 2000 y\u0131l\u0131ndan sonra \u00e7e\u015fitli yay\u0131nc\u0131l\u0131k \u015firketlerinde \u00e7al\u0131\u015fmaya ba\u015flayarak k\u00fclt\u00fcr-sanat ve daha sonra ekonomi haberleri haz\u0131rlam\u0131\u015ft\u0131r. 2009 y\u0131l\u0131ndan itibaren tekstil end\u00fcstrisine d\u00f6n\u00fck yay\u0131nlarda edit\u00f6r olarak g\u00f6rev alan Buz, 2013 itibariyle kurulan Textilegence\u2019de haber edit\u00f6r\u00fc olarak yer almaya ba\u015flam\u0131\u015ft\u0131r. Engin Buz halen ba\u015fta tekstil ve dijital bask\u0131 end\u00fcstrileri olmak \u00fczere ekonomi haberleri haz\u0131rlamaktad\u0131r.","sameAs":["https:\/\/www.textilegence.com","https:\/\/www.facebook.com\/TextilegenceMagazine","https:\/\/www.instagram.com\/textilegence\/","https:\/\/www.linkedin.com\/in\/engin-buz-6190799a\/","https:\/\/x.com\/https:\/\/twitter.com\/textilegence"],"url":"https:\/\/www.textilegence.com\/en\/author\/engin-buz\/"}]}},"_links":{"self":[{"href":"https:\/\/www.textilegence.com\/en\/wp-json\/wp\/v2\/posts\/17223","targetHints":{"allow":["GET"]}}],"collection":[{"href":"https:\/\/www.textilegence.com\/en\/wp-json\/wp\/v2\/posts"}],"about":[{"href":"https:\/\/www.textilegence.com\/en\/wp-json\/wp\/v2\/types\/post"}],"author":[{"embeddable":true,"href":"https:\/\/www.textilegence.com\/en\/wp-json\/wp\/v2\/users\/2"}],"replies":[{"embeddable":true,"href":"https:\/\/www.textilegence.com\/en\/wp-json\/wp\/v2\/comments?post=17223"}],"version-history":[{"count":0,"href":"https:\/\/www.textilegence.com\/en\/wp-json\/wp\/v2\/posts\/17223\/revisions"}],"wp:featuredmedia":[{"embeddable":true,"href":"https:\/\/www.textilegence.com\/en\/wp-json\/wp\/v2\/media\/20213"}],"wp:attachment":[{"href":"https:\/\/www.textilegence.com\/en\/wp-json\/wp\/v2\/media?parent=17223"}],"wp:term":[{"taxonomy":"category","embeddable":true,"href":"https:\/\/www.textilegence.com\/en\/wp-json\/wp\/v2\/categories?post=17223"},{"taxonomy":"post_tag","embeddable":true,"href":"https:\/\/www.textilegence.com\/en\/wp-json\/wp\/v2\/tags?post=17223"}],"curies":[{"name":"wp","href":"https:\/\/api.w.org\/{rel}","templated":true}]}}