{"id":17233,"date":"2017-08-23T12:01:15","date_gmt":"2017-08-23T09:01:15","guid":{"rendered":"http:\/\/localhost\/textilegence\/swissmem-has-a-very-positive-view-on-the-global-market\/"},"modified":"2017-12-22T11:16:11","modified_gmt":"2017-12-22T08:16:11","slug":"swissmem-has-a-very-positive-view-on-the-global-market","status":"publish","type":"post","link":"https:\/\/www.textilegence.com\/en\/swissmem-has-a-very-positive-view-on-the-global-market\/","title":{"rendered":"Swissmem Has A Very Positive View On The Global Market"},"content":{"rendered":"<p style=\"text-align: justify;\"><strong>First half of the year in the global market was very satisfying for Swiss textile manufacturers who expect to deliver 20-25% more machines to the Turkish until the end of this year.<\/strong><\/p>\n<p style=\"text-align: justify;\">Swiss textile machine manufacturers represented by Swiss Textile Manufacturers Association \u2013 <a href=\"https:\/\/www.swissmem.ch\/en\/organization-members\/specialist-groups\/textile-machinery.html\">Swissmem<\/a>, are efficiently reaching global markets with their product portfolios covering all the segments including fiber to yarn, weaving to knitting, finishing to printing and technic textiles. With the extremely effective FACTOR+ campaign that has been going on strong for years, the advantages provided by Swiss brands are shown in all important textile markets. So how was the first year for Swiss manufacturers? SSM Chairman of the Board and Swissmem President Ernesto Maurer answered that question and more for us.<\/p>\n<figure id=\"attachment_19595\" aria-describedby=\"caption-attachment-19595\" style=\"width: 382px\" class=\"wp-caption alignleft\"><img loading=\"lazy\" decoding=\"async\" class=\"wp-image-19595 size-medium\" src=\"http:\/\/textilegence.com\/wp-content\/uploads\/2017\/08\/swissmem-Textilegence-382x250.jpg\" alt=\"First half of the year in the global market was very satisfying for Swiss textile manufacturers\" width=\"382\" height=\"250\" srcset=\"https:\/\/www.textilegence.com\/wp-content\/uploads\/2017\/08\/swissmem-Textilegence-382x250.jpg 382w, https:\/\/www.textilegence.com\/wp-content\/uploads\/2017\/08\/swissmem-Textilegence-534x350.jpg 534w, https:\/\/www.textilegence.com\/wp-content\/uploads\/2017\/08\/swissmem-Textilegence-696x456.jpg 696w, https:\/\/www.textilegence.com\/wp-content\/uploads\/2017\/08\/swissmem-Textilegence-741x486.jpg 741w, https:\/\/www.textilegence.com\/wp-content\/uploads\/2017\/08\/swissmem-Textilegence-641x420.jpg 641w, https:\/\/www.textilegence.com\/wp-content\/uploads\/2017\/08\/swissmem-Textilegence.jpg 742w\" sizes=\"auto, (max-width: 382px) 100vw, 382px\" \/><figcaption id=\"caption-attachment-19595\" class=\"wp-caption-text\">First half of the year in the global market was very satisfying for Swiss textile manufacturers<\/figcaption><\/figure>\n<p style=\"text-align: justify;\">Ernesto Maurer indicates the first half of 2017 showed an increase in orders placed from a global market point of view but the only market still having its difficulties or respectively slow-down is China he says. Maurer; \u201cthis being a result of their heavy investments in the past years, inevitably leading to over-capacities.\u201d The expectations for the Turkish market have been fulfilled or even surmounted according to Maurer; \u201cMany of our Swiss manufacturers are confident to surpass the 2016 market figures in 2017\u201d.<\/p>\n<p style=\"text-align: justify;\">Maurer enclosed that the Swiss machine manufacturers experience positive indications from the Turkish market for the second half of 2017. Maurer; \u201cEspecially the Polyester market will increase a lot after the new quota regulations. The carpet area in Gaziantep for example will need a lot of machines in order to cover the market needs. In terms of order placements the Swiss textile machine manufacturers we expect an increase of 20-25% compared to the previous year.\u201d<\/p>\n<h1 style=\"text-align: justify;\"><strong>Turkish manufacturers will not lose their strength in global market<br \/>\n<\/strong><\/h1>\n<p style=\"text-align: justify;\">Despite of some Turkish politicians who consider the textile industry as a burden for their budget, the textile market will not lose its power in the near future says Ernesto Maurer. \u201cThe investments have not been done in vain\u201d underlines Maurer, he continues saying to the contrary, the Turkish textile market will continue to flourish. Maurer; \u201cthe devaluation of the Turkish Lira puts a heavy burden on those entrepreneur who invest in European textile machinery. On the other hand it makes them more competitive around the world. In difficult times as an entrepreneur you are very happy if your investments of the past year where not short-sighted and short-lived decisions.\u201d<\/p>\n<p style=\"text-align: justify;\">One aspect that influences the trends and demands is the \u201csurvival instinct\u201d of the Turkish textile manufacturers informs Maurer, political disruptions let them struggle for only a short time, but they are able to stand up very fast and show courage for the future. Maurer; \u201cthey place orders for textile machines in times where many European competitors would remain paralyzed. Many factory owners and Patrons assume their responsible for the employees and don\u2019t let them fall in difficult times.\u201d<\/p>\n<p style=\"text-align: justify;\">Maurer describes the other aspect in favour of the industry being the financial injections of the Turkish government for new investments. Maurer underlines that although there is uncertainty in the economic environment, the entrepreneurs keep on investing; \u201csome of the machine suppliers made the mistake to mix up their views of the political government with their support for textile market. There are a lot of customers who disagree with the recent developments of the political situation, nevertheless they activated their mentioned \u201csurvival instinct\u201d.\u201d<\/p>\n<h2 style=\"text-align: justify;\"><strong>Swissmem fully supports its members<\/strong><\/h2>\n<p style=\"text-align: justify;\">Ernesto Maurer informs that <a href=\"http:\/\/textilegence.com\/swissmem-misir-tekstil-endustrisinin-guclu-partneri\/\">Swissmem<\/a> is supporting its member companies by organizing symposiums and other market intelligence data and reminds that just recently they have organized a symposium in Cairo. Maurer; \u201cthe Swiss machine manufacturers demonstrated their interest in supporting the re-emerging of the Egyptian market. This two-day symposium was well attended by more than 400 textile companies, government agencies and financing institutions.\u201d<\/p>\n<p style=\"text-align: justify;\">Ernesto Maurer concluded saying most of the Swiss textile machine manufacturer are looking forward to participating in the ITM Fair taking place in \u0130stanbul in 2018 if confidence in security and safety is improved.<\/p>\n","protected":false},"excerpt":{"rendered":"<p>First half of the year in the global market was very satisfying for Swiss textile manufacturers who expect to deliver 20-25% more machines to the Turkish until the end of this year. Swiss textile machine manufacturers represented by Swiss Textile Manufacturers Association \u2013 Swissmem, are efficiently reaching global markets with their product portfolios covering all [&hellip;]<\/p>\n","protected":false},"author":2,"featured_media":19595,"comment_status":"open","ping_status":"closed","sticky":false,"template":"","format":"standard","meta":{"footnotes":""},"categories":[9859],"tags":[10255,10137,9896,10182,11271,10290,10227],"class_list":{"0":"post-17233","1":"post","2":"type-post","3":"status-publish","4":"format-standard","5":"has-post-thumbnail","7":"category-topical","8":"tag-finishing-en","9":"tag-investment","10":"tag-spinning-3","11":"tag-spinning","12":"tag-tekstil-makineleri-en-2","13":"tag-textile-machinery-en","14":"tag-weaving"},"yoast_head":"<!-- This site is optimized with the Yoast SEO Premium plugin v27.3 (Yoast SEO v27.3) - https:\/\/yoast.com\/product\/yoast-seo-premium-wordpress\/ -->\n<title>Positive View On The Global Market - Textilegence<\/title>\n<meta name=\"description\" content=\"First half of the year in the global market was very satisfying for Swiss textile manufacturers 20-25% more to the Turkish until the end of this year.\" \/>\n<meta name=\"robots\" content=\"index, follow, max-snippet:-1, max-image-preview:large, max-video-preview:-1\" \/>\n<link rel=\"canonical\" href=\"https:\/\/www.textilegence.com\/en\/swissmem-has-a-very-positive-view-on-the-global-market\/\" \/>\n<meta property=\"og:locale\" content=\"en_US\" \/>\n<meta property=\"og:type\" content=\"article\" \/>\n<meta property=\"og:title\" content=\"Swissmem Has A Very Positive View On The Global Market\" \/>\n<meta property=\"og:description\" content=\"First half of the year in the global market was very satisfying for Swiss textile manufacturers who expect to deliver 20-25% more machines to the Turkish\" \/>\n<meta property=\"og:url\" content=\"https:\/\/www.textilegence.com\/en\/swissmem-has-a-very-positive-view-on-the-global-market\/\" \/>\n<meta property=\"og:site_name\" content=\"Textilegence Magazine and Digital Platform\" \/>\n<meta property=\"article:publisher\" content=\"https:\/\/www.facebook.com\/TextilegenceMagazine\" \/>\n<meta property=\"article:author\" content=\"https:\/\/www.facebook.com\/TextilegenceMagazine\" \/>\n<meta property=\"article:published_time\" content=\"2017-08-23T09:01:15+00:00\" \/>\n<meta property=\"article:modified_time\" content=\"2017-12-22T08:16:11+00:00\" \/>\n<meta property=\"og:image\" content=\"https:\/\/www.textilegence.com\/wp-content\/uploads\/2017\/08\/swissmem-Textilegence.jpg\" \/>\n\t<meta property=\"og:image:width\" content=\"742\" \/>\n\t<meta property=\"og:image:height\" content=\"486\" \/>\n\t<meta property=\"og:image:type\" content=\"image\/jpeg\" \/>\n<meta name=\"author\" content=\"Engin Buz\" \/>\n<meta name=\"twitter:card\" content=\"summary_large_image\" \/>\n<meta name=\"twitter:creator\" content=\"@https:\/\/twitter.com\/textilegence\" \/>\n<meta name=\"twitter:site\" content=\"@textilegence\" \/>\n<meta name=\"twitter:label1\" content=\"Written by\" \/>\n\t<meta name=\"twitter:data1\" content=\"Engin Buz\" \/>\n\t<meta name=\"twitter:label2\" content=\"Est. reading time\" \/>\n\t<meta name=\"twitter:data2\" content=\"3 minutes\" \/>\n<script type=\"application\/ld+json\" class=\"yoast-schema-graph\">{\"@context\":\"https:\\\/\\\/schema.org\",\"@graph\":[{\"@type\":\"NewsArticle\",\"@id\":\"https:\\\/\\\/www.textilegence.com\\\/en\\\/swissmem-has-a-very-positive-view-on-the-global-market\\\/#article\",\"isPartOf\":{\"@id\":\"https:\\\/\\\/www.textilegence.com\\\/en\\\/swissmem-has-a-very-positive-view-on-the-global-market\\\/\"},\"author\":{\"name\":\"Engin Buz\",\"@id\":\"https:\\\/\\\/www.textilegence.com\\\/en\\\/#\\\/schema\\\/person\\\/46ccc7bfc34edbc7d46b6b189f88849f\"},\"headline\":\"Swissmem Has A Very Positive View On The Global Market\",\"datePublished\":\"2017-08-23T09:01:15+00:00\",\"dateModified\":\"2017-12-22T08:16:11+00:00\",\"mainEntityOfPage\":{\"@id\":\"https:\\\/\\\/www.textilegence.com\\\/en\\\/swissmem-has-a-very-positive-view-on-the-global-market\\\/\"},\"wordCount\":692,\"commentCount\":0,\"publisher\":{\"@id\":\"https:\\\/\\\/www.textilegence.com\\\/en\\\/#organization\"},\"image\":{\"@id\":\"https:\\\/\\\/www.textilegence.com\\\/en\\\/swissmem-has-a-very-positive-view-on-the-global-market\\\/#primaryimage\"},\"thumbnailUrl\":\"https:\\\/\\\/www.textilegence.com\\\/wp-content\\\/uploads\\\/2017\\\/08\\\/swissmem-Textilegence.jpg\",\"keywords\":[\"finishing\",\"investment\",\"spinning\",\"spinning\",\"tekstil makineleri\",\"textile machinery\",\"weaving\"],\"articleSection\":[\"Topical\"],\"inLanguage\":\"en-US\",\"potentialAction\":[{\"@type\":\"CommentAction\",\"name\":\"Comment\",\"target\":[\"https:\\\/\\\/www.textilegence.com\\\/en\\\/swissmem-has-a-very-positive-view-on-the-global-market\\\/#respond\"]}]},{\"@type\":\"WebPage\",\"@id\":\"https:\\\/\\\/www.textilegence.com\\\/en\\\/swissmem-has-a-very-positive-view-on-the-global-market\\\/\",\"url\":\"https:\\\/\\\/www.textilegence.com\\\/en\\\/swissmem-has-a-very-positive-view-on-the-global-market\\\/\",\"name\":\"Positive View On The Global Market - Textilegence\",\"isPartOf\":{\"@id\":\"https:\\\/\\\/www.textilegence.com\\\/en\\\/#website\"},\"primaryImageOfPage\":{\"@id\":\"https:\\\/\\\/www.textilegence.com\\\/en\\\/swissmem-has-a-very-positive-view-on-the-global-market\\\/#primaryimage\"},\"image\":{\"@id\":\"https:\\\/\\\/www.textilegence.com\\\/en\\\/swissmem-has-a-very-positive-view-on-the-global-market\\\/#primaryimage\"},\"thumbnailUrl\":\"https:\\\/\\\/www.textilegence.com\\\/wp-content\\\/uploads\\\/2017\\\/08\\\/swissmem-Textilegence.jpg\",\"datePublished\":\"2017-08-23T09:01:15+00:00\",\"dateModified\":\"2017-12-22T08:16:11+00:00\",\"description\":\"First half of the year in the global market was very satisfying for Swiss textile manufacturers 20-25% more to the Turkish until the end of this year.\",\"breadcrumb\":{\"@id\":\"https:\\\/\\\/www.textilegence.com\\\/en\\\/swissmem-has-a-very-positive-view-on-the-global-market\\\/#breadcrumb\"},\"inLanguage\":\"en-US\",\"potentialAction\":[{\"@type\":\"ReadAction\",\"target\":[\"https:\\\/\\\/www.textilegence.com\\\/en\\\/swissmem-has-a-very-positive-view-on-the-global-market\\\/\"]}]},{\"@type\":\"ImageObject\",\"inLanguage\":\"en-US\",\"@id\":\"https:\\\/\\\/www.textilegence.com\\\/en\\\/swissmem-has-a-very-positive-view-on-the-global-market\\\/#primaryimage\",\"url\":\"https:\\\/\\\/www.textilegence.com\\\/wp-content\\\/uploads\\\/2017\\\/08\\\/swissmem-Textilegence.jpg\",\"contentUrl\":\"https:\\\/\\\/www.textilegence.com\\\/wp-content\\\/uploads\\\/2017\\\/08\\\/swissmem-Textilegence.jpg\",\"width\":742,\"height\":486,\"caption\":\"swissmem \u0130svi\u00e7reli makinecilerin T\u00fcrkiye pazar\u0131na daha fazla makine sataca\u011f\u0131n\u0131 \u00f6ng\u00f6r\u00fcyor.\"},{\"@type\":\"BreadcrumbList\",\"@id\":\"https:\\\/\\\/www.textilegence.com\\\/en\\\/swissmem-has-a-very-positive-view-on-the-global-market\\\/#breadcrumb\",\"itemListElement\":[{\"@type\":\"ListItem\",\"position\":1,\"name\":\"Home Page\",\"item\":\"https:\\\/\\\/www.textilegence.com\\\/en\\\/homepage-the-rimont\\\/\"},{\"@type\":\"ListItem\",\"position\":2,\"name\":\"Topical\",\"item\":\"https:\\\/\\\/www.textilegence.com\\\/en\\\/category\\\/topical\\\/\"},{\"@type\":\"ListItem\",\"position\":3,\"name\":\"Swissmem Has A Very Positive View On The Global Market\"}]},{\"@type\":\"WebSite\",\"@id\":\"https:\\\/\\\/www.textilegence.com\\\/en\\\/#website\",\"url\":\"https:\\\/\\\/www.textilegence.com\\\/en\\\/\",\"name\":\"Textilegence Magazine and Digital Platform\",\"description\":\"Textile News Center\",\"publisher\":{\"@id\":\"https:\\\/\\\/www.textilegence.com\\\/en\\\/#organization\"},\"potentialAction\":[{\"@type\":\"SearchAction\",\"target\":{\"@type\":\"EntryPoint\",\"urlTemplate\":\"https:\\\/\\\/www.textilegence.com\\\/en\\\/?s={search_term_string}\"},\"query-input\":{\"@type\":\"PropertyValueSpecification\",\"valueRequired\":true,\"valueName\":\"search_term_string\"}}],\"inLanguage\":\"en-US\"},{\"@type\":\"Organization\",\"@id\":\"https:\\\/\\\/www.textilegence.com\\\/en\\\/#organization\",\"name\":\"Textilegence Magazine and Digital Platform\",\"url\":\"https:\\\/\\\/www.textilegence.com\\\/en\\\/\",\"logo\":{\"@type\":\"ImageObject\",\"inLanguage\":\"en-US\",\"@id\":\"https:\\\/\\\/www.textilegence.com\\\/en\\\/#\\\/schema\\\/logo\\\/image\\\/\",\"url\":\"https:\\\/\\\/www.textilegence.com\\\/wp-content\\\/uploads\\\/2016\\\/11\\\/New_Retina_Logo_Textilegence.png\",\"contentUrl\":\"https:\\\/\\\/www.textilegence.com\\\/wp-content\\\/uploads\\\/2016\\\/11\\\/New_Retina_Logo_Textilegence.png\",\"width\":544,\"height\":180,\"caption\":\"Textilegence Magazine and Digital Platform\"},\"image\":{\"@id\":\"https:\\\/\\\/www.textilegence.com\\\/en\\\/#\\\/schema\\\/logo\\\/image\\\/\"},\"sameAs\":[\"https:\\\/\\\/www.facebook.com\\\/TextilegenceMagazine\",\"https:\\\/\\\/x.com\\\/textilegence\",\"https:\\\/\\\/www.instagram.com\\\/textilegence\\\/\",\"https:\\\/\\\/www.linkedin.com\\\/groups\\\/Textilegence-Magazine-Digital-Platform-4897253\",\"https:\\\/\\\/www.youtube.com\\\/user\\\/textilegence\"],\"description\":\"Textilegence is a magazine and digital platform established in 2013. It focuses on the textile industry and sub-segments. The platform provides news, articles, and updates on various aspects of the textile industry, including sustainability, technological advancements, and market trends.\",\"email\":\"editor@textilegence.com\",\"telephone\":\"+90 212 442 24 12\",\"legalName\":\"Textilegence Mag and Digital Platform\",\"foundingDate\":\"2013-01-01\",\"numberOfEmployees\":{\"@type\":\"QuantitativeValue\",\"minValue\":\"1\",\"maxValue\":\"10\"}},{\"@type\":\"Person\",\"@id\":\"https:\\\/\\\/www.textilegence.com\\\/en\\\/#\\\/schema\\\/person\\\/46ccc7bfc34edbc7d46b6b189f88849f\",\"name\":\"Engin Buz\",\"image\":{\"@type\":\"ImageObject\",\"inLanguage\":\"en-US\",\"@id\":\"https:\\\/\\\/www.textilegence.com\\\/wp-content\\\/uploads\\\/2018\\\/12\\\/engin-buz.jpg\",\"url\":\"https:\\\/\\\/www.textilegence.com\\\/wp-content\\\/uploads\\\/2018\\\/12\\\/engin-buz.jpg\",\"contentUrl\":\"https:\\\/\\\/www.textilegence.com\\\/wp-content\\\/uploads\\\/2018\\\/12\\\/engin-buz.jpg\",\"caption\":\"Engin Buz\"},\"description\":\"Engin Buz, Ankara \u00dcniversitesi \u0130leti\u015fim Fak\u00fcltesi Gazetecilik B\u00f6l\u00fcm\u00fc\u2019nden mezun olduktan sonra Y\u0131ld\u0131z Teknik \u00dcniversitesi\u2019nde Siyaset Bilimi ve Uluslararas\u0131 \u0130li\u015fkiler alan\u0131nda y\u00fcksek lisans\u0131n\u0131 tamamlam\u0131\u015ft\u0131r. 2000 y\u0131l\u0131ndan sonra \u00e7e\u015fitli yay\u0131nc\u0131l\u0131k \u015firketlerinde \u00e7al\u0131\u015fmaya ba\u015flayarak k\u00fclt\u00fcr-sanat ve daha sonra ekonomi haberleri haz\u0131rlam\u0131\u015ft\u0131r. 2009 y\u0131l\u0131ndan itibaren tekstil end\u00fcstrisine d\u00f6n\u00fck yay\u0131nlarda edit\u00f6r olarak g\u00f6rev alan Buz, 2013 itibariyle kurulan Textilegence\u2019de haber edit\u00f6r\u00fc olarak yer almaya ba\u015flam\u0131\u015ft\u0131r. Engin Buz halen ba\u015fta tekstil ve dijital bask\u0131 end\u00fcstrileri olmak \u00fczere ekonomi haberleri haz\u0131rlamaktad\u0131r.\",\"sameAs\":[\"https:\\\/\\\/www.textilegence.com\",\"https:\\\/\\\/www.facebook.com\\\/TextilegenceMagazine\",\"https:\\\/\\\/www.instagram.com\\\/textilegence\\\/\",\"https:\\\/\\\/www.linkedin.com\\\/in\\\/engin-buz-6190799a\\\/\",\"https:\\\/\\\/x.com\\\/https:\\\/\\\/twitter.com\\\/textilegence\"],\"url\":\"https:\\\/\\\/www.textilegence.com\\\/en\\\/author\\\/engin-buz\\\/\"}]}<\/script>\n<!-- \/ Yoast SEO Premium plugin. -->","yoast_head_json":{"title":"Positive View On The Global Market - Textilegence","description":"First half of the year in the global market was very satisfying for Swiss textile manufacturers 20-25% more to the Turkish until the end of this year.","robots":{"index":"index","follow":"follow","max-snippet":"max-snippet:-1","max-image-preview":"max-image-preview:large","max-video-preview":"max-video-preview:-1"},"canonical":"https:\/\/www.textilegence.com\/en\/swissmem-has-a-very-positive-view-on-the-global-market\/","og_locale":"en_US","og_type":"article","og_title":"Swissmem Has A Very Positive View On The Global Market","og_description":"First half of the year in the global market was very satisfying for Swiss textile manufacturers who expect to deliver 20-25% more machines to the Turkish","og_url":"https:\/\/www.textilegence.com\/en\/swissmem-has-a-very-positive-view-on-the-global-market\/","og_site_name":"Textilegence Magazine and Digital Platform","article_publisher":"https:\/\/www.facebook.com\/TextilegenceMagazine","article_author":"https:\/\/www.facebook.com\/TextilegenceMagazine","article_published_time":"2017-08-23T09:01:15+00:00","article_modified_time":"2017-12-22T08:16:11+00:00","og_image":[{"width":742,"height":486,"url":"https:\/\/www.textilegence.com\/wp-content\/uploads\/2017\/08\/swissmem-Textilegence.jpg","type":"image\/jpeg"}],"author":"Engin Buz","twitter_card":"summary_large_image","twitter_creator":"@https:\/\/twitter.com\/textilegence","twitter_site":"@textilegence","twitter_misc":{"Written by":"Engin Buz","Est. reading time":"3 minutes"},"schema":{"@context":"https:\/\/schema.org","@graph":[{"@type":"NewsArticle","@id":"https:\/\/www.textilegence.com\/en\/swissmem-has-a-very-positive-view-on-the-global-market\/#article","isPartOf":{"@id":"https:\/\/www.textilegence.com\/en\/swissmem-has-a-very-positive-view-on-the-global-market\/"},"author":{"name":"Engin Buz","@id":"https:\/\/www.textilegence.com\/en\/#\/schema\/person\/46ccc7bfc34edbc7d46b6b189f88849f"},"headline":"Swissmem Has A Very Positive View On The Global Market","datePublished":"2017-08-23T09:01:15+00:00","dateModified":"2017-12-22T08:16:11+00:00","mainEntityOfPage":{"@id":"https:\/\/www.textilegence.com\/en\/swissmem-has-a-very-positive-view-on-the-global-market\/"},"wordCount":692,"commentCount":0,"publisher":{"@id":"https:\/\/www.textilegence.com\/en\/#organization"},"image":{"@id":"https:\/\/www.textilegence.com\/en\/swissmem-has-a-very-positive-view-on-the-global-market\/#primaryimage"},"thumbnailUrl":"https:\/\/www.textilegence.com\/wp-content\/uploads\/2017\/08\/swissmem-Textilegence.jpg","keywords":["finishing","investment","spinning","spinning","tekstil makineleri","textile machinery","weaving"],"articleSection":["Topical"],"inLanguage":"en-US","potentialAction":[{"@type":"CommentAction","name":"Comment","target":["https:\/\/www.textilegence.com\/en\/swissmem-has-a-very-positive-view-on-the-global-market\/#respond"]}]},{"@type":"WebPage","@id":"https:\/\/www.textilegence.com\/en\/swissmem-has-a-very-positive-view-on-the-global-market\/","url":"https:\/\/www.textilegence.com\/en\/swissmem-has-a-very-positive-view-on-the-global-market\/","name":"Positive View On The Global Market - Textilegence","isPartOf":{"@id":"https:\/\/www.textilegence.com\/en\/#website"},"primaryImageOfPage":{"@id":"https:\/\/www.textilegence.com\/en\/swissmem-has-a-very-positive-view-on-the-global-market\/#primaryimage"},"image":{"@id":"https:\/\/www.textilegence.com\/en\/swissmem-has-a-very-positive-view-on-the-global-market\/#primaryimage"},"thumbnailUrl":"https:\/\/www.textilegence.com\/wp-content\/uploads\/2017\/08\/swissmem-Textilegence.jpg","datePublished":"2017-08-23T09:01:15+00:00","dateModified":"2017-12-22T08:16:11+00:00","description":"First half of the year in the global market was very satisfying for Swiss textile manufacturers 20-25% more to the Turkish until the end of this year.","breadcrumb":{"@id":"https:\/\/www.textilegence.com\/en\/swissmem-has-a-very-positive-view-on-the-global-market\/#breadcrumb"},"inLanguage":"en-US","potentialAction":[{"@type":"ReadAction","target":["https:\/\/www.textilegence.com\/en\/swissmem-has-a-very-positive-view-on-the-global-market\/"]}]},{"@type":"ImageObject","inLanguage":"en-US","@id":"https:\/\/www.textilegence.com\/en\/swissmem-has-a-very-positive-view-on-the-global-market\/#primaryimage","url":"https:\/\/www.textilegence.com\/wp-content\/uploads\/2017\/08\/swissmem-Textilegence.jpg","contentUrl":"https:\/\/www.textilegence.com\/wp-content\/uploads\/2017\/08\/swissmem-Textilegence.jpg","width":742,"height":486,"caption":"swissmem \u0130svi\u00e7reli makinecilerin T\u00fcrkiye pazar\u0131na daha fazla makine sataca\u011f\u0131n\u0131 \u00f6ng\u00f6r\u00fcyor."},{"@type":"BreadcrumbList","@id":"https:\/\/www.textilegence.com\/en\/swissmem-has-a-very-positive-view-on-the-global-market\/#breadcrumb","itemListElement":[{"@type":"ListItem","position":1,"name":"Home Page","item":"https:\/\/www.textilegence.com\/en\/homepage-the-rimont\/"},{"@type":"ListItem","position":2,"name":"Topical","item":"https:\/\/www.textilegence.com\/en\/category\/topical\/"},{"@type":"ListItem","position":3,"name":"Swissmem Has A Very Positive View On The Global Market"}]},{"@type":"WebSite","@id":"https:\/\/www.textilegence.com\/en\/#website","url":"https:\/\/www.textilegence.com\/en\/","name":"Textilegence Magazine and Digital Platform","description":"Textile News Center","publisher":{"@id":"https:\/\/www.textilegence.com\/en\/#organization"},"potentialAction":[{"@type":"SearchAction","target":{"@type":"EntryPoint","urlTemplate":"https:\/\/www.textilegence.com\/en\/?s={search_term_string}"},"query-input":{"@type":"PropertyValueSpecification","valueRequired":true,"valueName":"search_term_string"}}],"inLanguage":"en-US"},{"@type":"Organization","@id":"https:\/\/www.textilegence.com\/en\/#organization","name":"Textilegence Magazine and Digital Platform","url":"https:\/\/www.textilegence.com\/en\/","logo":{"@type":"ImageObject","inLanguage":"en-US","@id":"https:\/\/www.textilegence.com\/en\/#\/schema\/logo\/image\/","url":"https:\/\/www.textilegence.com\/wp-content\/uploads\/2016\/11\/New_Retina_Logo_Textilegence.png","contentUrl":"https:\/\/www.textilegence.com\/wp-content\/uploads\/2016\/11\/New_Retina_Logo_Textilegence.png","width":544,"height":180,"caption":"Textilegence Magazine and Digital Platform"},"image":{"@id":"https:\/\/www.textilegence.com\/en\/#\/schema\/logo\/image\/"},"sameAs":["https:\/\/www.facebook.com\/TextilegenceMagazine","https:\/\/x.com\/textilegence","https:\/\/www.instagram.com\/textilegence\/","https:\/\/www.linkedin.com\/groups\/Textilegence-Magazine-Digital-Platform-4897253","https:\/\/www.youtube.com\/user\/textilegence"],"description":"Textilegence is a magazine and digital platform established in 2013. It focuses on the textile industry and sub-segments. The platform provides news, articles, and updates on various aspects of the textile industry, including sustainability, technological advancements, and market trends.","email":"editor@textilegence.com","telephone":"+90 212 442 24 12","legalName":"Textilegence Mag and Digital Platform","foundingDate":"2013-01-01","numberOfEmployees":{"@type":"QuantitativeValue","minValue":"1","maxValue":"10"}},{"@type":"Person","@id":"https:\/\/www.textilegence.com\/en\/#\/schema\/person\/46ccc7bfc34edbc7d46b6b189f88849f","name":"Engin Buz","image":{"@type":"ImageObject","inLanguage":"en-US","@id":"https:\/\/www.textilegence.com\/wp-content\/uploads\/2018\/12\/engin-buz.jpg","url":"https:\/\/www.textilegence.com\/wp-content\/uploads\/2018\/12\/engin-buz.jpg","contentUrl":"https:\/\/www.textilegence.com\/wp-content\/uploads\/2018\/12\/engin-buz.jpg","caption":"Engin Buz"},"description":"Engin Buz, Ankara \u00dcniversitesi \u0130leti\u015fim Fak\u00fcltesi Gazetecilik B\u00f6l\u00fcm\u00fc\u2019nden mezun olduktan sonra Y\u0131ld\u0131z Teknik \u00dcniversitesi\u2019nde Siyaset Bilimi ve Uluslararas\u0131 \u0130li\u015fkiler alan\u0131nda y\u00fcksek lisans\u0131n\u0131 tamamlam\u0131\u015ft\u0131r. 2000 y\u0131l\u0131ndan sonra \u00e7e\u015fitli yay\u0131nc\u0131l\u0131k \u015firketlerinde \u00e7al\u0131\u015fmaya ba\u015flayarak k\u00fclt\u00fcr-sanat ve daha sonra ekonomi haberleri haz\u0131rlam\u0131\u015ft\u0131r. 2009 y\u0131l\u0131ndan itibaren tekstil end\u00fcstrisine d\u00f6n\u00fck yay\u0131nlarda edit\u00f6r olarak g\u00f6rev alan Buz, 2013 itibariyle kurulan Textilegence\u2019de haber edit\u00f6r\u00fc olarak yer almaya ba\u015flam\u0131\u015ft\u0131r. Engin Buz halen ba\u015fta tekstil ve dijital bask\u0131 end\u00fcstrileri olmak \u00fczere ekonomi haberleri haz\u0131rlamaktad\u0131r.","sameAs":["https:\/\/www.textilegence.com","https:\/\/www.facebook.com\/TextilegenceMagazine","https:\/\/www.instagram.com\/textilegence\/","https:\/\/www.linkedin.com\/in\/engin-buz-6190799a\/","https:\/\/x.com\/https:\/\/twitter.com\/textilegence"],"url":"https:\/\/www.textilegence.com\/en\/author\/engin-buz\/"}]}},"_links":{"self":[{"href":"https:\/\/www.textilegence.com\/en\/wp-json\/wp\/v2\/posts\/17233","targetHints":{"allow":["GET"]}}],"collection":[{"href":"https:\/\/www.textilegence.com\/en\/wp-json\/wp\/v2\/posts"}],"about":[{"href":"https:\/\/www.textilegence.com\/en\/wp-json\/wp\/v2\/types\/post"}],"author":[{"embeddable":true,"href":"https:\/\/www.textilegence.com\/en\/wp-json\/wp\/v2\/users\/2"}],"replies":[{"embeddable":true,"href":"https:\/\/www.textilegence.com\/en\/wp-json\/wp\/v2\/comments?post=17233"}],"version-history":[{"count":0,"href":"https:\/\/www.textilegence.com\/en\/wp-json\/wp\/v2\/posts\/17233\/revisions"}],"wp:featuredmedia":[{"embeddable":true,"href":"https:\/\/www.textilegence.com\/en\/wp-json\/wp\/v2\/media\/19595"}],"wp:attachment":[{"href":"https:\/\/www.textilegence.com\/en\/wp-json\/wp\/v2\/media?parent=17233"}],"wp:term":[{"taxonomy":"category","embeddable":true,"href":"https:\/\/www.textilegence.com\/en\/wp-json\/wp\/v2\/categories?post=17233"},{"taxonomy":"post_tag","embeddable":true,"href":"https:\/\/www.textilegence.com\/en\/wp-json\/wp\/v2\/tags?post=17233"}],"curies":[{"name":"wp","href":"https:\/\/api.w.org\/{rel}","templated":true}]}}