{"id":17243,"date":"2017-08-24T12:15:46","date_gmt":"2017-08-24T09:15:46","guid":{"rendered":"http:\/\/localhost\/textilegence\/kivanc-textile-has-become-the-first-design-center-of-adana\/"},"modified":"2018-12-20T11:13:52","modified_gmt":"2018-12-20T08:13:52","slug":"kivanc-textile-has-become-the-first-design-center-of-adana","status":"publish","type":"post","link":"https:\/\/www.textilegence.com\/en\/kivanc-textile-has-become-the-first-design-center-of-adana\/","title":{"rendered":"K\u0131van\u00e7 Textile has become the first Design Center of Adana"},"content":{"rendered":"<figure id=\"attachment_25175\" aria-describedby=\"caption-attachment-25175\" style=\"width: 324px\" class=\"wp-caption alignleft\"><img loading=\"lazy\" decoding=\"async\" class=\"wp-image-25175 size-full\" src=\"https:\/\/www.textilegence.com\/wp-content\/uploads\/2017\/08\/kivanc-textil-textilegence.jpg\" alt=\"K\u0131van\u00e7 Textile has become the first Design Center of Adana\" width=\"324\" height=\"179\" \/><figcaption id=\"caption-attachment-25175\" class=\"wp-caption-text\">K\u0131van\u00e7 Textile has become the first Design Center of Adana<\/figcaption><\/figure>\n<p style=\"text-align: justify;\"><strong>K\u0131van\u00e7 Textile is making an impression domestically and abroad with the fabrics it produces, leading the way in the region with its Design Center approved by the Ministry of Science, Industry and Technology of Turkey.<\/strong><\/p>\n<p style=\"text-align: justify;\">K\u0131van\u00e7 Textile, being one of the <a href=\"https:\/\/kivanctekstil.com.tr\/\" target=\"_blank\" rel=\"noopener\">leading <\/a>textile companies in Turkey, has received the approval of the Ministry of Science, Industry and Technology of Turkey for its Design Center established in July. Operating in Adana which is one of the traditional textile hubs, the company takes pride in being the first design center of the city.<\/p>\n<p style=\"text-align: justify;\">As an <a href=\"http:\/\/textilegence.com\/category\/topical\/\">industry<\/a> leader, K\u0131van\u00e7 Textile is a fully integrated woven fabric producer that guarantees the total control of all of its manufacturing processes. Located in the southern central region of Turkey, K\u0131van\u00e7 Textile is very proud of its two-generation heritage. Founded by Hac\u0131 Mustafa KIVAN\u00c7 in early 1950s, the company consists of a single large manufacturing facility extending over an open area of 267.000 m2 and a closed area of 105.000 m2 and produces 18 million meters of high quality fabric annually. K\u0131van\u00e7 Textile, leading with their power of export, operates as one of the main woven fabric\u00a0supplier of European and American apparel market including famous local and global fashion brands.<\/p>\n<p style=\"text-align: justify;\"><strong>We are aiming to strengthen our brand image and raise our value<\/strong><\/p>\n<p style=\"text-align: justify;\"><img loading=\"lazy\" decoding=\"async\" class=\"alignleft wp-image-25178 size-full\" src=\"https:\/\/www.textilegence.com\/wp-content\/uploads\/2017\/08\/kivanc-tekstil-textilegence.jpg\" alt=\"\" width=\"324\" height=\"200\" \/>Elaborating on the Ministry of Industry approved Design Center, Vice Chairman Zeki K\u0131van\u00e7 stated that their main goal is to provide an added value to the industry. K\u0131van\u00e7 also stated: \u201cAs K\u0131van\u00e7 Textile we are aware that lasting and sustained export is only possible through competitive and value added production. With this in mind, we established the Design Center in July and obtained approval by the Ministry of Science, Industry and Technology. It is the only design center in our region; it will provide support to sustainable, environment friendly, globally competitive, inimitable textile production in Turkey and most notably in Adana.\u201d<\/p>\n<p style=\"text-align: justify;\">Zeki K\u0131van\u00e7 stated that with the Design Center, they aim to obtain greater returns by strengthening the collaboration between the University and the Industry and emphasized that they will be working in order to bring new technologies and new designs together. K\u0131van\u00e7: \u201cWe will meet the research and education needs for sustainable and competitive production with this center. We will encourage our specialists to develop new projects. We will focus on authentic \u201cdesign projects\u201d for inimitable production which can meet the needs of different client groups with customer satisfaction and quality centric service in mind. As a result of all the work that will be accomplished here we aim to raise our unit price by 10 \u2013 25% by producing highly value added products and strengthen our brand image.\u201d<\/p>\n<h1 style=\"text-align: justify;\"><strong>K\u0131van\u00e7 Textile has a wide product portfolio<\/strong><\/h1>\n<p style=\"text-align: justify;\">Zeki K\u0131van\u00e7 stated that K\u0131van\u00e7 Textile has a wide array of products in its portfolio;\u00a0 high quality fabric collection produced from a mix of cotton, viscose, polyester, linen, modal and tencel fibres highly preferred and consumed in the market. K\u0131van\u00e7 underlined that 18 million meters of fabric is used on the production of plain dyed or digitally printed fabrics yearly and added that their collection is renewed according to global trends and fashion movements.<\/p>\n<p style=\"text-align: justify;\">Touching upon research and product development, K\u0131van\u00e7 explained they are continuously developing new fibre compositions and fabric patterns. K\u0131van\u00e7 continued: \u00a0\u201cAs a result of product development we were able to launch our new product group KIVAN\u00c7 PLUS which modernized fabrics containing wool after 3 years of development since 2014. Resulting from the growing consumer preference for natural fibres in recent years, the wool which combines nature and quality is brought back to life with KIVAN\u00c7 PLUS collection.\u201d<\/p>\n<p style=\"text-align: justify;\">K\u0131van\u00e7 Textile was accepted into Turquality programme in 2017 and has also successfully completed two EUREKA supported projects TICOTEX and FOTOCAT lead by T\u00dcB\u0130TAK. Supported by many countries and companies, this programme consists of producing and releasing environment friendly nano-technological fabrics coated with a layer of vegetable based oil to the market.<\/p>\n","protected":false},"excerpt":{"rendered":"<p>K\u0131van\u00e7 Textile is making an impression domestically and abroad with the fabrics it produces, leading the way in the region with its Design Center approved by the Ministry of Science, Industry and Technology of Turkey. K\u0131van\u00e7 Textile, being one of the leading textile companies in Turkey, has received the approval of the Ministry of Science, [&hellip;]<\/p>\n","protected":false},"author":2,"featured_media":25173,"comment_status":"open","ping_status":"closed","sticky":false,"template":"","format":"standard","meta":{"footnotes":""},"categories":[9859],"tags":[5874,1013,10705,2584],"class_list":{"0":"post-17243","1":"post","2":"type-post","3":"status-publish","4":"format-standard","5":"has-post-thumbnail","7":"category-topical","8":"tag-dokuma","9":"tag-kumas","10":"tag-rd-en","11":"tag-yatirim"},"yoast_head":"<!-- This site is optimized with the Yoast SEO Premium plugin v27.3 (Yoast SEO v27.3) - https:\/\/yoast.com\/product\/yoast-seo-premium-wordpress\/ -->\n<title>K\u0131van\u00e7 Textile has become the first Design Center of Adana - Textilegence<\/title>\n<meta name=\"description\" content=\"K\u0131van\u00e7 Textile is making an impression domestically and abroad with the fabrics it produces, leading the way in the region with its Design Center\" \/>\n<meta name=\"robots\" content=\"index, follow, max-snippet:-1, max-image-preview:large, max-video-preview:-1\" \/>\n<link rel=\"canonical\" href=\"https:\/\/www.textilegence.com\/en\/kivanc-textile-has-become-the-first-design-center-of-adana\/\" \/>\n<meta property=\"og:locale\" content=\"en_US\" \/>\n<meta property=\"og:type\" content=\"article\" \/>\n<meta property=\"og:title\" content=\"K\u0131van\u00e7 Textile has become the first Design Center of Adana\" \/>\n<meta property=\"og:description\" content=\"K\u0131van\u00e7 Textile is making an impression domestically and abroad with the fabrics it produces, leading the way in the region with its Design Center approved\" \/>\n<meta property=\"og:url\" content=\"https:\/\/www.textilegence.com\/en\/kivanc-textile-has-become-the-first-design-center-of-adana\/\" \/>\n<meta property=\"og:site_name\" content=\"Textilegence Magazine and Digital Platform\" \/>\n<meta property=\"article:publisher\" content=\"https:\/\/www.facebook.com\/TextilegenceMagazine\" \/>\n<meta property=\"article:author\" content=\"https:\/\/www.facebook.com\/TextilegenceMagazine\" \/>\n<meta property=\"article:published_time\" content=\"2017-08-24T09:15:46+00:00\" \/>\n<meta property=\"article:modified_time\" content=\"2018-12-20T08:13:52+00:00\" \/>\n<meta property=\"og:image\" content=\"https:\/\/www.textilegence.com\/wp-content\/uploads\/2017\/08\/kivanc-tekstil.jpg\" \/>\n\t<meta property=\"og:image:width\" content=\"742\" \/>\n\t<meta property=\"og:image:height\" content=\"486\" \/>\n\t<meta property=\"og:image:type\" content=\"image\/jpeg\" \/>\n<meta name=\"author\" content=\"Engin Buz\" \/>\n<meta name=\"twitter:card\" content=\"summary_large_image\" \/>\n<meta name=\"twitter:creator\" content=\"@https:\/\/twitter.com\/textilegence\" \/>\n<meta name=\"twitter:site\" content=\"@textilegence\" \/>\n<meta name=\"twitter:label1\" content=\"Written by\" \/>\n\t<meta name=\"twitter:data1\" content=\"Engin Buz\" \/>\n\t<meta name=\"twitter:label2\" content=\"Est. reading time\" \/>\n\t<meta name=\"twitter:data2\" content=\"3 minutes\" \/>\n<script type=\"application\/ld+json\" class=\"yoast-schema-graph\">{\"@context\":\"https:\\\/\\\/schema.org\",\"@graph\":[{\"@type\":\"NewsArticle\",\"@id\":\"https:\\\/\\\/www.textilegence.com\\\/en\\\/kivanc-textile-has-become-the-first-design-center-of-adana\\\/#article\",\"isPartOf\":{\"@id\":\"https:\\\/\\\/www.textilegence.com\\\/en\\\/kivanc-textile-has-become-the-first-design-center-of-adana\\\/\"},\"author\":{\"name\":\"Engin Buz\",\"@id\":\"https:\\\/\\\/www.textilegence.com\\\/en\\\/#\\\/schema\\\/person\\\/46ccc7bfc34edbc7d46b6b189f88849f\"},\"headline\":\"K\u0131van\u00e7 Textile has become the first Design Center of Adana\",\"datePublished\":\"2017-08-24T09:15:46+00:00\",\"dateModified\":\"2018-12-20T08:13:52+00:00\",\"mainEntityOfPage\":{\"@id\":\"https:\\\/\\\/www.textilegence.com\\\/en\\\/kivanc-textile-has-become-the-first-design-center-of-adana\\\/\"},\"wordCount\":694,\"commentCount\":0,\"publisher\":{\"@id\":\"https:\\\/\\\/www.textilegence.com\\\/en\\\/#organization\"},\"image\":{\"@id\":\"https:\\\/\\\/www.textilegence.com\\\/en\\\/kivanc-textile-has-become-the-first-design-center-of-adana\\\/#primaryimage\"},\"thumbnailUrl\":\"https:\\\/\\\/www.textilegence.com\\\/wp-content\\\/uploads\\\/2017\\\/08\\\/kivanc-tekstil.jpg\",\"keywords\":[\"dokuma\",\"kuma\u015f\",\"r&amp;d\",\"yat\u0131r\u0131m\"],\"articleSection\":[\"Topical\"],\"inLanguage\":\"en-US\",\"potentialAction\":[{\"@type\":\"CommentAction\",\"name\":\"Comment\",\"target\":[\"https:\\\/\\\/www.textilegence.com\\\/en\\\/kivanc-textile-has-become-the-first-design-center-of-adana\\\/#respond\"]}]},{\"@type\":\"WebPage\",\"@id\":\"https:\\\/\\\/www.textilegence.com\\\/en\\\/kivanc-textile-has-become-the-first-design-center-of-adana\\\/\",\"url\":\"https:\\\/\\\/www.textilegence.com\\\/en\\\/kivanc-textile-has-become-the-first-design-center-of-adana\\\/\",\"name\":\"K\u0131van\u00e7 Textile has become the first Design Center of Adana - Textilegence\",\"isPartOf\":{\"@id\":\"https:\\\/\\\/www.textilegence.com\\\/en\\\/#website\"},\"primaryImageOfPage\":{\"@id\":\"https:\\\/\\\/www.textilegence.com\\\/en\\\/kivanc-textile-has-become-the-first-design-center-of-adana\\\/#primaryimage\"},\"image\":{\"@id\":\"https:\\\/\\\/www.textilegence.com\\\/en\\\/kivanc-textile-has-become-the-first-design-center-of-adana\\\/#primaryimage\"},\"thumbnailUrl\":\"https:\\\/\\\/www.textilegence.com\\\/wp-content\\\/uploads\\\/2017\\\/08\\\/kivanc-tekstil.jpg\",\"datePublished\":\"2017-08-24T09:15:46+00:00\",\"dateModified\":\"2018-12-20T08:13:52+00:00\",\"description\":\"K\u0131van\u00e7 Textile is making an impression domestically and abroad with the fabrics it produces, leading the way in the region with its Design Center\",\"breadcrumb\":{\"@id\":\"https:\\\/\\\/www.textilegence.com\\\/en\\\/kivanc-textile-has-become-the-first-design-center-of-adana\\\/#breadcrumb\"},\"inLanguage\":\"en-US\",\"potentialAction\":[{\"@type\":\"ReadAction\",\"target\":[\"https:\\\/\\\/www.textilegence.com\\\/en\\\/kivanc-textile-has-become-the-first-design-center-of-adana\\\/\"]}]},{\"@type\":\"ImageObject\",\"inLanguage\":\"en-US\",\"@id\":\"https:\\\/\\\/www.textilegence.com\\\/en\\\/kivanc-textile-has-become-the-first-design-center-of-adana\\\/#primaryimage\",\"url\":\"https:\\\/\\\/www.textilegence.com\\\/wp-content\\\/uploads\\\/2017\\\/08\\\/kivanc-tekstil.jpg\",\"contentUrl\":\"https:\\\/\\\/www.textilegence.com\\\/wp-content\\\/uploads\\\/2017\\\/08\\\/kivanc-tekstil.jpg\",\"width\":742,\"height\":486},{\"@type\":\"BreadcrumbList\",\"@id\":\"https:\\\/\\\/www.textilegence.com\\\/en\\\/kivanc-textile-has-become-the-first-design-center-of-adana\\\/#breadcrumb\",\"itemListElement\":[{\"@type\":\"ListItem\",\"position\":1,\"name\":\"Home Page\",\"item\":\"https:\\\/\\\/www.textilegence.com\\\/en\\\/homepage-the-rimont\\\/\"},{\"@type\":\"ListItem\",\"position\":2,\"name\":\"Topical\",\"item\":\"https:\\\/\\\/www.textilegence.com\\\/en\\\/category\\\/topical\\\/\"},{\"@type\":\"ListItem\",\"position\":3,\"name\":\"K\u0131van\u00e7 Textile has become the first Design Center of Adana\"}]},{\"@type\":\"WebSite\",\"@id\":\"https:\\\/\\\/www.textilegence.com\\\/en\\\/#website\",\"url\":\"https:\\\/\\\/www.textilegence.com\\\/en\\\/\",\"name\":\"Textilegence Magazine and Digital Platform\",\"description\":\"Textile News Center\",\"publisher\":{\"@id\":\"https:\\\/\\\/www.textilegence.com\\\/en\\\/#organization\"},\"potentialAction\":[{\"@type\":\"SearchAction\",\"target\":{\"@type\":\"EntryPoint\",\"urlTemplate\":\"https:\\\/\\\/www.textilegence.com\\\/en\\\/?s={search_term_string}\"},\"query-input\":{\"@type\":\"PropertyValueSpecification\",\"valueRequired\":true,\"valueName\":\"search_term_string\"}}],\"inLanguage\":\"en-US\"},{\"@type\":\"Organization\",\"@id\":\"https:\\\/\\\/www.textilegence.com\\\/en\\\/#organization\",\"name\":\"Textilegence Magazine and Digital Platform\",\"url\":\"https:\\\/\\\/www.textilegence.com\\\/en\\\/\",\"logo\":{\"@type\":\"ImageObject\",\"inLanguage\":\"en-US\",\"@id\":\"https:\\\/\\\/www.textilegence.com\\\/en\\\/#\\\/schema\\\/logo\\\/image\\\/\",\"url\":\"https:\\\/\\\/www.textilegence.com\\\/wp-content\\\/uploads\\\/2016\\\/11\\\/New_Retina_Logo_Textilegence.png\",\"contentUrl\":\"https:\\\/\\\/www.textilegence.com\\\/wp-content\\\/uploads\\\/2016\\\/11\\\/New_Retina_Logo_Textilegence.png\",\"width\":544,\"height\":180,\"caption\":\"Textilegence Magazine and Digital Platform\"},\"image\":{\"@id\":\"https:\\\/\\\/www.textilegence.com\\\/en\\\/#\\\/schema\\\/logo\\\/image\\\/\"},\"sameAs\":[\"https:\\\/\\\/www.facebook.com\\\/TextilegenceMagazine\",\"https:\\\/\\\/x.com\\\/textilegence\",\"https:\\\/\\\/www.instagram.com\\\/textilegence\\\/\",\"https:\\\/\\\/www.linkedin.com\\\/groups\\\/Textilegence-Magazine-Digital-Platform-4897253\",\"https:\\\/\\\/www.youtube.com\\\/user\\\/textilegence\"],\"description\":\"Textilegence is a magazine and digital platform established in 2013. It focuses on the textile industry and sub-segments. The platform provides news, articles, and updates on various aspects of the textile industry, including sustainability, technological advancements, and market trends.\",\"email\":\"editor@textilegence.com\",\"telephone\":\"+90 212 442 24 12\",\"legalName\":\"Textilegence Mag and Digital Platform\",\"foundingDate\":\"2013-01-01\",\"numberOfEmployees\":{\"@type\":\"QuantitativeValue\",\"minValue\":\"1\",\"maxValue\":\"10\"}},{\"@type\":\"Person\",\"@id\":\"https:\\\/\\\/www.textilegence.com\\\/en\\\/#\\\/schema\\\/person\\\/46ccc7bfc34edbc7d46b6b189f88849f\",\"name\":\"Engin Buz\",\"image\":{\"@type\":\"ImageObject\",\"inLanguage\":\"en-US\",\"@id\":\"https:\\\/\\\/www.textilegence.com\\\/wp-content\\\/uploads\\\/2018\\\/12\\\/engin-buz.jpg\",\"url\":\"https:\\\/\\\/www.textilegence.com\\\/wp-content\\\/uploads\\\/2018\\\/12\\\/engin-buz.jpg\",\"contentUrl\":\"https:\\\/\\\/www.textilegence.com\\\/wp-content\\\/uploads\\\/2018\\\/12\\\/engin-buz.jpg\",\"caption\":\"Engin Buz\"},\"description\":\"Engin Buz, Ankara \u00dcniversitesi \u0130leti\u015fim Fak\u00fcltesi Gazetecilik B\u00f6l\u00fcm\u00fc\u2019nden mezun olduktan sonra Y\u0131ld\u0131z Teknik \u00dcniversitesi\u2019nde Siyaset Bilimi ve Uluslararas\u0131 \u0130li\u015fkiler alan\u0131nda y\u00fcksek lisans\u0131n\u0131 tamamlam\u0131\u015ft\u0131r. 2000 y\u0131l\u0131ndan sonra \u00e7e\u015fitli yay\u0131nc\u0131l\u0131k \u015firketlerinde \u00e7al\u0131\u015fmaya ba\u015flayarak k\u00fclt\u00fcr-sanat ve daha sonra ekonomi haberleri haz\u0131rlam\u0131\u015ft\u0131r. 2009 y\u0131l\u0131ndan itibaren tekstil end\u00fcstrisine d\u00f6n\u00fck yay\u0131nlarda edit\u00f6r olarak g\u00f6rev alan Buz, 2013 itibariyle kurulan Textilegence\u2019de haber edit\u00f6r\u00fc olarak yer almaya ba\u015flam\u0131\u015ft\u0131r. Engin Buz halen ba\u015fta tekstil ve dijital bask\u0131 end\u00fcstrileri olmak \u00fczere ekonomi haberleri haz\u0131rlamaktad\u0131r.\",\"sameAs\":[\"https:\\\/\\\/www.textilegence.com\",\"https:\\\/\\\/www.facebook.com\\\/TextilegenceMagazine\",\"https:\\\/\\\/www.instagram.com\\\/textilegence\\\/\",\"https:\\\/\\\/www.linkedin.com\\\/in\\\/engin-buz-6190799a\\\/\",\"https:\\\/\\\/x.com\\\/https:\\\/\\\/twitter.com\\\/textilegence\"],\"url\":\"https:\\\/\\\/www.textilegence.com\\\/en\\\/author\\\/engin-buz\\\/\"}]}<\/script>\n<!-- \/ Yoast SEO Premium plugin. -->","yoast_head_json":{"title":"K\u0131van\u00e7 Textile has become the first Design Center of Adana - Textilegence","description":"K\u0131van\u00e7 Textile is making an impression domestically and abroad with the fabrics it produces, leading the way in the region with its Design Center","robots":{"index":"index","follow":"follow","max-snippet":"max-snippet:-1","max-image-preview":"max-image-preview:large","max-video-preview":"max-video-preview:-1"},"canonical":"https:\/\/www.textilegence.com\/en\/kivanc-textile-has-become-the-first-design-center-of-adana\/","og_locale":"en_US","og_type":"article","og_title":"K\u0131van\u00e7 Textile has become the first Design Center of Adana","og_description":"K\u0131van\u00e7 Textile is making an impression domestically and abroad with the fabrics it produces, leading the way in the region with its Design Center approved","og_url":"https:\/\/www.textilegence.com\/en\/kivanc-textile-has-become-the-first-design-center-of-adana\/","og_site_name":"Textilegence Magazine and Digital Platform","article_publisher":"https:\/\/www.facebook.com\/TextilegenceMagazine","article_author":"https:\/\/www.facebook.com\/TextilegenceMagazine","article_published_time":"2017-08-24T09:15:46+00:00","article_modified_time":"2018-12-20T08:13:52+00:00","og_image":[{"width":742,"height":486,"url":"https:\/\/www.textilegence.com\/wp-content\/uploads\/2017\/08\/kivanc-tekstil.jpg","type":"image\/jpeg"}],"author":"Engin Buz","twitter_card":"summary_large_image","twitter_creator":"@https:\/\/twitter.com\/textilegence","twitter_site":"@textilegence","twitter_misc":{"Written by":"Engin Buz","Est. reading time":"3 minutes"},"schema":{"@context":"https:\/\/schema.org","@graph":[{"@type":"NewsArticle","@id":"https:\/\/www.textilegence.com\/en\/kivanc-textile-has-become-the-first-design-center-of-adana\/#article","isPartOf":{"@id":"https:\/\/www.textilegence.com\/en\/kivanc-textile-has-become-the-first-design-center-of-adana\/"},"author":{"name":"Engin Buz","@id":"https:\/\/www.textilegence.com\/en\/#\/schema\/person\/46ccc7bfc34edbc7d46b6b189f88849f"},"headline":"K\u0131van\u00e7 Textile has become the first Design Center of Adana","datePublished":"2017-08-24T09:15:46+00:00","dateModified":"2018-12-20T08:13:52+00:00","mainEntityOfPage":{"@id":"https:\/\/www.textilegence.com\/en\/kivanc-textile-has-become-the-first-design-center-of-adana\/"},"wordCount":694,"commentCount":0,"publisher":{"@id":"https:\/\/www.textilegence.com\/en\/#organization"},"image":{"@id":"https:\/\/www.textilegence.com\/en\/kivanc-textile-has-become-the-first-design-center-of-adana\/#primaryimage"},"thumbnailUrl":"https:\/\/www.textilegence.com\/wp-content\/uploads\/2017\/08\/kivanc-tekstil.jpg","keywords":["dokuma","kuma\u015f","r&amp;d","yat\u0131r\u0131m"],"articleSection":["Topical"],"inLanguage":"en-US","potentialAction":[{"@type":"CommentAction","name":"Comment","target":["https:\/\/www.textilegence.com\/en\/kivanc-textile-has-become-the-first-design-center-of-adana\/#respond"]}]},{"@type":"WebPage","@id":"https:\/\/www.textilegence.com\/en\/kivanc-textile-has-become-the-first-design-center-of-adana\/","url":"https:\/\/www.textilegence.com\/en\/kivanc-textile-has-become-the-first-design-center-of-adana\/","name":"K\u0131van\u00e7 Textile has become the first Design Center of Adana - Textilegence","isPartOf":{"@id":"https:\/\/www.textilegence.com\/en\/#website"},"primaryImageOfPage":{"@id":"https:\/\/www.textilegence.com\/en\/kivanc-textile-has-become-the-first-design-center-of-adana\/#primaryimage"},"image":{"@id":"https:\/\/www.textilegence.com\/en\/kivanc-textile-has-become-the-first-design-center-of-adana\/#primaryimage"},"thumbnailUrl":"https:\/\/www.textilegence.com\/wp-content\/uploads\/2017\/08\/kivanc-tekstil.jpg","datePublished":"2017-08-24T09:15:46+00:00","dateModified":"2018-12-20T08:13:52+00:00","description":"K\u0131van\u00e7 Textile is making an impression domestically and abroad with the fabrics it produces, leading the way in the region with its Design Center","breadcrumb":{"@id":"https:\/\/www.textilegence.com\/en\/kivanc-textile-has-become-the-first-design-center-of-adana\/#breadcrumb"},"inLanguage":"en-US","potentialAction":[{"@type":"ReadAction","target":["https:\/\/www.textilegence.com\/en\/kivanc-textile-has-become-the-first-design-center-of-adana\/"]}]},{"@type":"ImageObject","inLanguage":"en-US","@id":"https:\/\/www.textilegence.com\/en\/kivanc-textile-has-become-the-first-design-center-of-adana\/#primaryimage","url":"https:\/\/www.textilegence.com\/wp-content\/uploads\/2017\/08\/kivanc-tekstil.jpg","contentUrl":"https:\/\/www.textilegence.com\/wp-content\/uploads\/2017\/08\/kivanc-tekstil.jpg","width":742,"height":486},{"@type":"BreadcrumbList","@id":"https:\/\/www.textilegence.com\/en\/kivanc-textile-has-become-the-first-design-center-of-adana\/#breadcrumb","itemListElement":[{"@type":"ListItem","position":1,"name":"Home Page","item":"https:\/\/www.textilegence.com\/en\/homepage-the-rimont\/"},{"@type":"ListItem","position":2,"name":"Topical","item":"https:\/\/www.textilegence.com\/en\/category\/topical\/"},{"@type":"ListItem","position":3,"name":"K\u0131van\u00e7 Textile has become the first Design Center of Adana"}]},{"@type":"WebSite","@id":"https:\/\/www.textilegence.com\/en\/#website","url":"https:\/\/www.textilegence.com\/en\/","name":"Textilegence Magazine and Digital Platform","description":"Textile News Center","publisher":{"@id":"https:\/\/www.textilegence.com\/en\/#organization"},"potentialAction":[{"@type":"SearchAction","target":{"@type":"EntryPoint","urlTemplate":"https:\/\/www.textilegence.com\/en\/?s={search_term_string}"},"query-input":{"@type":"PropertyValueSpecification","valueRequired":true,"valueName":"search_term_string"}}],"inLanguage":"en-US"},{"@type":"Organization","@id":"https:\/\/www.textilegence.com\/en\/#organization","name":"Textilegence Magazine and Digital Platform","url":"https:\/\/www.textilegence.com\/en\/","logo":{"@type":"ImageObject","inLanguage":"en-US","@id":"https:\/\/www.textilegence.com\/en\/#\/schema\/logo\/image\/","url":"https:\/\/www.textilegence.com\/wp-content\/uploads\/2016\/11\/New_Retina_Logo_Textilegence.png","contentUrl":"https:\/\/www.textilegence.com\/wp-content\/uploads\/2016\/11\/New_Retina_Logo_Textilegence.png","width":544,"height":180,"caption":"Textilegence Magazine and Digital Platform"},"image":{"@id":"https:\/\/www.textilegence.com\/en\/#\/schema\/logo\/image\/"},"sameAs":["https:\/\/www.facebook.com\/TextilegenceMagazine","https:\/\/x.com\/textilegence","https:\/\/www.instagram.com\/textilegence\/","https:\/\/www.linkedin.com\/groups\/Textilegence-Magazine-Digital-Platform-4897253","https:\/\/www.youtube.com\/user\/textilegence"],"description":"Textilegence is a magazine and digital platform established in 2013. It focuses on the textile industry and sub-segments. The platform provides news, articles, and updates on various aspects of the textile industry, including sustainability, technological advancements, and market trends.","email":"editor@textilegence.com","telephone":"+90 212 442 24 12","legalName":"Textilegence Mag and Digital Platform","foundingDate":"2013-01-01","numberOfEmployees":{"@type":"QuantitativeValue","minValue":"1","maxValue":"10"}},{"@type":"Person","@id":"https:\/\/www.textilegence.com\/en\/#\/schema\/person\/46ccc7bfc34edbc7d46b6b189f88849f","name":"Engin Buz","image":{"@type":"ImageObject","inLanguage":"en-US","@id":"https:\/\/www.textilegence.com\/wp-content\/uploads\/2018\/12\/engin-buz.jpg","url":"https:\/\/www.textilegence.com\/wp-content\/uploads\/2018\/12\/engin-buz.jpg","contentUrl":"https:\/\/www.textilegence.com\/wp-content\/uploads\/2018\/12\/engin-buz.jpg","caption":"Engin Buz"},"description":"Engin Buz, Ankara \u00dcniversitesi \u0130leti\u015fim Fak\u00fcltesi Gazetecilik B\u00f6l\u00fcm\u00fc\u2019nden mezun olduktan sonra Y\u0131ld\u0131z Teknik \u00dcniversitesi\u2019nde Siyaset Bilimi ve Uluslararas\u0131 \u0130li\u015fkiler alan\u0131nda y\u00fcksek lisans\u0131n\u0131 tamamlam\u0131\u015ft\u0131r. 2000 y\u0131l\u0131ndan sonra \u00e7e\u015fitli yay\u0131nc\u0131l\u0131k \u015firketlerinde \u00e7al\u0131\u015fmaya ba\u015flayarak k\u00fclt\u00fcr-sanat ve daha sonra ekonomi haberleri haz\u0131rlam\u0131\u015ft\u0131r. 2009 y\u0131l\u0131ndan itibaren tekstil end\u00fcstrisine d\u00f6n\u00fck yay\u0131nlarda edit\u00f6r olarak g\u00f6rev alan Buz, 2013 itibariyle kurulan Textilegence\u2019de haber edit\u00f6r\u00fc olarak yer almaya ba\u015flam\u0131\u015ft\u0131r. Engin Buz halen ba\u015fta tekstil ve dijital bask\u0131 end\u00fcstrileri olmak \u00fczere ekonomi haberleri haz\u0131rlamaktad\u0131r.","sameAs":["https:\/\/www.textilegence.com","https:\/\/www.facebook.com\/TextilegenceMagazine","https:\/\/www.instagram.com\/textilegence\/","https:\/\/www.linkedin.com\/in\/engin-buz-6190799a\/","https:\/\/x.com\/https:\/\/twitter.com\/textilegence"],"url":"https:\/\/www.textilegence.com\/en\/author\/engin-buz\/"}]}},"_links":{"self":[{"href":"https:\/\/www.textilegence.com\/en\/wp-json\/wp\/v2\/posts\/17243","targetHints":{"allow":["GET"]}}],"collection":[{"href":"https:\/\/www.textilegence.com\/en\/wp-json\/wp\/v2\/posts"}],"about":[{"href":"https:\/\/www.textilegence.com\/en\/wp-json\/wp\/v2\/types\/post"}],"author":[{"embeddable":true,"href":"https:\/\/www.textilegence.com\/en\/wp-json\/wp\/v2\/users\/2"}],"replies":[{"embeddable":true,"href":"https:\/\/www.textilegence.com\/en\/wp-json\/wp\/v2\/comments?post=17243"}],"version-history":[{"count":0,"href":"https:\/\/www.textilegence.com\/en\/wp-json\/wp\/v2\/posts\/17243\/revisions"}],"wp:featuredmedia":[{"embeddable":true,"href":"https:\/\/www.textilegence.com\/en\/wp-json\/wp\/v2\/media\/25173"}],"wp:attachment":[{"href":"https:\/\/www.textilegence.com\/en\/wp-json\/wp\/v2\/media?parent=17243"}],"wp:term":[{"taxonomy":"category","embeddable":true,"href":"https:\/\/www.textilegence.com\/en\/wp-json\/wp\/v2\/categories?post=17243"},{"taxonomy":"post_tag","embeddable":true,"href":"https:\/\/www.textilegence.com\/en\/wp-json\/wp\/v2\/tags?post=17243"}],"curies":[{"name":"wp","href":"https:\/\/api.w.org\/{rel}","templated":true}]}}