{"id":17281,"date":"2017-09-27T15:44:36","date_gmt":"2017-09-27T12:44:36","guid":{"rendered":"http:\/\/localhost\/textilegence\/swiss-textile-machinery-firms-satisfied-irantex-2017\/"},"modified":"2017-10-20T13:55:30","modified_gmt":"2017-10-20T10:55:30","slug":"swiss-textile-machinery-firms-satisfied-irantex-2017","status":"publish","type":"post","link":"https:\/\/www.textilegence.com\/en\/swiss-textile-machinery-firms-satisfied-irantex-2017\/","title":{"rendered":"Swiss Textile Machinery Firms Satisfied Irantex 2017"},"content":{"rendered":"<figure id=\"attachment_19634\" aria-describedby=\"caption-attachment-19634\" style=\"width: 382px\" class=\"wp-caption alignleft\"><img loading=\"lazy\" decoding=\"async\" class=\"wp-image-19634 size-medium\" src=\"http:\/\/textilegence.com\/wp-content\/uploads\/2017\/09\/swissmem-Irantex-Textilegence-382x250.jpg\" alt=\"Swiss Textile Machinery Firms Satisfied Irantex 2017\" width=\"382\" height=\"250\" srcset=\"https:\/\/www.textilegence.com\/wp-content\/uploads\/2017\/09\/swissmem-Irantex-Textilegence-382x250.jpg 382w, https:\/\/www.textilegence.com\/wp-content\/uploads\/2017\/09\/swissmem-Irantex-Textilegence-534x350.jpg 534w, https:\/\/www.textilegence.com\/wp-content\/uploads\/2017\/09\/swissmem-Irantex-Textilegence-696x456.jpg 696w, https:\/\/www.textilegence.com\/wp-content\/uploads\/2017\/09\/swissmem-Irantex-Textilegence-741x486.jpg 741w, https:\/\/www.textilegence.com\/wp-content\/uploads\/2017\/09\/swissmem-Irantex-Textilegence-641x420.jpg 641w, https:\/\/www.textilegence.com\/wp-content\/uploads\/2017\/09\/swissmem-Irantex-Textilegence.jpg 742w\" sizes=\"auto, (max-width: 382px) 100vw, 382px\" \/><figcaption id=\"caption-attachment-19634\" class=\"wp-caption-text\">Swiss Textile Machinery Firms Satisfied Irantex 2017<\/figcaption><\/figure>\n<p>For the first time ever in Iran, Switzerland\u2019s textile machinery manufacturers exhibited in their own pavilion at the recent Irantex <a href=\"http:\/\/enirantexfair.com\/\" target=\"_blank\" rel=\"noopener\">show<\/a>, under the umbrella of their representative body the Swiss Textile Machinery Association (<a href=\"https:\/\/www.swissmem.ch\/en\/organization-members\/specialist-groups\/textile-machinery.html\">Swissmem<\/a>). A total of 13 Swiss companies took part, reinforcing the impact of their successful symposium in Tehran last year.<\/p>\n<p>The exhibition, at the Tehran fairgrounds from September 4 to 7, attracted wide international participation, and <a href=\"http:\/\/textilegence.com\/swissmem-kuresel-pazara-oldukca-olumlu-bakiyor\/\">Switzerland\u2019s <\/a>special pavilion \u2013 its first for a decade \u2013 helped its companies to make a strong impression on trade visitors. Business contacts were enhanced, and the Swiss exhibitor group was able to report that some notable project negotiations were finalised at the event.<\/p>\n<p>\u201cFeedback was very positive,\u201d said Cornelia Buchwalder, Secretary General of the Swiss Textile Machinery Association. \u201cOur companies valued their participation and the quality of business contacts, and the exhibition provided an excellent follow-up to our Iran symposium in 2016.\u201d<\/p>\n<h3>A total of 13 Swiss companies took part at Irantex<\/h3>\n<p>Swiss firms exhibiting were: Jakob M\u00fcller, Benninger, Willy Grob, G. Hunziker, St\u00e4ubli, Norsel, Retech, Heberlein, SSM, Luwa, Steiger Participations, Saurer, and Drop Chemicals. A highlight was the visit of Switzerland\u2019s ambassador to Iran, Mr Markus Leitner, to the pavilion. He met with the Swiss exhibitors and discussed the opportunities and challenges of doing business with Iran.<\/p>\n<p>The reaction to the show from Benninger area sales director Peter Vormbruck typified the enthusiasm of the Swiss exhibitors: \u201cWe found that customer interest in high-quality and technology-driven machinery was very positive,\u201d he said. \u201cThere was even a strong desire to overcome the financial complexities to enable the Iranian industry to take advantage of the imported products. We were pleased to have some very open discussions on technology and opportunities in this important market of Iran.\u201d<\/p>\n<p>Following the ending of most international sanctions on Iran at the start of 2016, there was a need to reintroduce and expand the financial and trade frameworks, to allow the Iranian textile sector to upgrade its technology levels. The 2016 symposium provided guidance on this issues via experts in the field, and this progress was continued at Irantex.<\/p>\n<p>In this context, consultant Verena Utzinger attended the show to support both Swiss and Iranian partners. She outlined the work of SERV, the Swiss Export Credit Insurance organisation, which secures exports of Swiss companies against political and transfer risks, as well as payment losses, and provides additional liquidity for specific export deals.<\/p>\n<p>She commented: \u201cSERV has many years of very positive experience with Iranian buyers. At Irantex we were able to present the available services for transactions between Swiss and Iranian companies, and facilitate talks about the markets, politics and customs of Iran.\u201d<\/p>\n","protected":false},"excerpt":{"rendered":"<p>For the first time ever in Iran, Switzerland\u2019s textile machinery manufacturers exhibited in their own pavilion at the recent Irantex show, under the umbrella of their representative body the Swiss Textile Machinery Association (Swissmem). A total of 13 Swiss companies took part, reinforcing the impact of their successful symposium in Tehran last year. The exhibition, [&hellip;]<\/p>\n","protected":false},"author":2,"featured_media":19634,"comment_status":"open","ping_status":"closed","sticky":false,"template":"","format":"standard","meta":{"footnotes":""},"categories":[9859],"tags":[10857,10033,11106,10290],"class_list":{"0":"post-17281","1":"post","2":"type-post","3":"status-publish","4":"format-standard","5":"has-post-thumbnail","7":"category-topical","8":"tag-benninger","9":"tag-saurer-en","10":"tag-staubli-en","11":"tag-textile-machinery-en"},"yoast_head":"<!-- This site is optimized with the Yoast SEO Premium plugin v27.3 (Yoast SEO v27.3) - https:\/\/yoast.com\/product\/yoast-seo-premium-wordpress\/ -->\n<title>Swiss Textile Machinery Firms Satisfied Irantex 2017<\/title>\n<meta name=\"description\" content=\"For the first time ever in Iran, Switzerland\u2019s textile machinery manufacturers exhibited in their own pavilion at the recent Irantex show.\" \/>\n<meta name=\"robots\" content=\"index, follow, max-snippet:-1, max-image-preview:large, max-video-preview:-1\" \/>\n<link rel=\"canonical\" href=\"https:\/\/www.textilegence.com\/en\/swiss-textile-machinery-firms-satisfied-irantex-2017\/\" \/>\n<meta property=\"og:locale\" content=\"en_US\" \/>\n<meta property=\"og:type\" content=\"article\" \/>\n<meta property=\"og:title\" content=\"Swiss Textile Machinery Firms Satisfied Irantex 2017\" \/>\n<meta property=\"og:description\" content=\"For the first time ever in Iran, Switzerland\u2019s textile machinery manufacturers exhibited in their own pavilion at the recent Irantex show, under the\" \/>\n<meta property=\"og:url\" content=\"https:\/\/www.textilegence.com\/en\/swiss-textile-machinery-firms-satisfied-irantex-2017\/\" \/>\n<meta property=\"og:site_name\" content=\"Textilegence Magazine and Digital Platform\" \/>\n<meta property=\"article:publisher\" content=\"https:\/\/www.facebook.com\/TextilegenceMagazine\" \/>\n<meta property=\"article:author\" content=\"https:\/\/www.facebook.com\/TextilegenceMagazine\" \/>\n<meta property=\"article:published_time\" content=\"2017-09-27T12:44:36+00:00\" \/>\n<meta property=\"article:modified_time\" content=\"2017-10-20T10:55:30+00:00\" \/>\n<meta property=\"og:image\" content=\"https:\/\/www.textilegence.com\/wp-content\/uploads\/2017\/09\/swissmem-Irantex-Textilegence.jpg\" \/>\n\t<meta property=\"og:image:width\" content=\"742\" \/>\n\t<meta property=\"og:image:height\" content=\"486\" \/>\n\t<meta property=\"og:image:type\" content=\"image\/jpeg\" \/>\n<meta name=\"author\" content=\"Engin Buz\" \/>\n<meta name=\"twitter:card\" content=\"summary_large_image\" \/>\n<meta name=\"twitter:creator\" content=\"@https:\/\/twitter.com\/textilegence\" \/>\n<meta name=\"twitter:site\" content=\"@textilegence\" \/>\n<meta name=\"twitter:label1\" content=\"Written by\" \/>\n\t<meta name=\"twitter:data1\" content=\"Engin Buz\" \/>\n\t<meta name=\"twitter:label2\" content=\"Est. reading time\" \/>\n\t<meta name=\"twitter:data2\" content=\"2 minutes\" \/>\n<script type=\"application\/ld+json\" class=\"yoast-schema-graph\">{\"@context\":\"https:\\\/\\\/schema.org\",\"@graph\":[{\"@type\":\"NewsArticle\",\"@id\":\"https:\\\/\\\/www.textilegence.com\\\/en\\\/swiss-textile-machinery-firms-satisfied-irantex-2017\\\/#article\",\"isPartOf\":{\"@id\":\"https:\\\/\\\/www.textilegence.com\\\/en\\\/swiss-textile-machinery-firms-satisfied-irantex-2017\\\/\"},\"author\":{\"name\":\"Engin Buz\",\"@id\":\"https:\\\/\\\/www.textilegence.com\\\/en\\\/#\\\/schema\\\/person\\\/46ccc7bfc34edbc7d46b6b189f88849f\"},\"headline\":\"Swiss Textile Machinery Firms Satisfied Irantex 2017\",\"datePublished\":\"2017-09-27T12:44:36+00:00\",\"dateModified\":\"2017-10-20T10:55:30+00:00\",\"mainEntityOfPage\":{\"@id\":\"https:\\\/\\\/www.textilegence.com\\\/en\\\/swiss-textile-machinery-firms-satisfied-irantex-2017\\\/\"},\"wordCount\":460,\"commentCount\":0,\"publisher\":{\"@id\":\"https:\\\/\\\/www.textilegence.com\\\/en\\\/#organization\"},\"image\":{\"@id\":\"https:\\\/\\\/www.textilegence.com\\\/en\\\/swiss-textile-machinery-firms-satisfied-irantex-2017\\\/#primaryimage\"},\"thumbnailUrl\":\"https:\\\/\\\/www.textilegence.com\\\/wp-content\\\/uploads\\\/2017\\\/09\\\/swissmem-Irantex-Textilegence.jpg\",\"keywords\":[\"benninger\",\"saurer\",\"staubli\",\"textile machinery\"],\"articleSection\":[\"Topical\"],\"inLanguage\":\"en-US\",\"potentialAction\":[{\"@type\":\"CommentAction\",\"name\":\"Comment\",\"target\":[\"https:\\\/\\\/www.textilegence.com\\\/en\\\/swiss-textile-machinery-firms-satisfied-irantex-2017\\\/#respond\"]}]},{\"@type\":\"WebPage\",\"@id\":\"https:\\\/\\\/www.textilegence.com\\\/en\\\/swiss-textile-machinery-firms-satisfied-irantex-2017\\\/\",\"url\":\"https:\\\/\\\/www.textilegence.com\\\/en\\\/swiss-textile-machinery-firms-satisfied-irantex-2017\\\/\",\"name\":\"Swiss Textile Machinery Firms Satisfied Irantex 2017\",\"isPartOf\":{\"@id\":\"https:\\\/\\\/www.textilegence.com\\\/en\\\/#website\"},\"primaryImageOfPage\":{\"@id\":\"https:\\\/\\\/www.textilegence.com\\\/en\\\/swiss-textile-machinery-firms-satisfied-irantex-2017\\\/#primaryimage\"},\"image\":{\"@id\":\"https:\\\/\\\/www.textilegence.com\\\/en\\\/swiss-textile-machinery-firms-satisfied-irantex-2017\\\/#primaryimage\"},\"thumbnailUrl\":\"https:\\\/\\\/www.textilegence.com\\\/wp-content\\\/uploads\\\/2017\\\/09\\\/swissmem-Irantex-Textilegence.jpg\",\"datePublished\":\"2017-09-27T12:44:36+00:00\",\"dateModified\":\"2017-10-20T10:55:30+00:00\",\"description\":\"For the first time ever in Iran, Switzerland\u2019s textile machinery manufacturers exhibited in their own pavilion at the recent Irantex show.\",\"breadcrumb\":{\"@id\":\"https:\\\/\\\/www.textilegence.com\\\/en\\\/swiss-textile-machinery-firms-satisfied-irantex-2017\\\/#breadcrumb\"},\"inLanguage\":\"en-US\",\"potentialAction\":[{\"@type\":\"ReadAction\",\"target\":[\"https:\\\/\\\/www.textilegence.com\\\/en\\\/swiss-textile-machinery-firms-satisfied-irantex-2017\\\/\"]}]},{\"@type\":\"ImageObject\",\"inLanguage\":\"en-US\",\"@id\":\"https:\\\/\\\/www.textilegence.com\\\/en\\\/swiss-textile-machinery-firms-satisfied-irantex-2017\\\/#primaryimage\",\"url\":\"https:\\\/\\\/www.textilegence.com\\\/wp-content\\\/uploads\\\/2017\\\/09\\\/swissmem-Irantex-Textilegence.jpg\",\"contentUrl\":\"https:\\\/\\\/www.textilegence.com\\\/wp-content\\\/uploads\\\/2017\\\/09\\\/swissmem-Irantex-Textilegence.jpg\",\"width\":742,\"height\":486,\"caption\":\"\u0130svi\u00e7reli tekstil makinecileri Irantex fuar\u0131na swissmem pavilyonuyla kat\u0131ld\u0131\"},{\"@type\":\"BreadcrumbList\",\"@id\":\"https:\\\/\\\/www.textilegence.com\\\/en\\\/swiss-textile-machinery-firms-satisfied-irantex-2017\\\/#breadcrumb\",\"itemListElement\":[{\"@type\":\"ListItem\",\"position\":1,\"name\":\"Home Page\",\"item\":\"https:\\\/\\\/www.textilegence.com\\\/en\\\/homepage-the-rimont\\\/\"},{\"@type\":\"ListItem\",\"position\":2,\"name\":\"Topical\",\"item\":\"https:\\\/\\\/www.textilegence.com\\\/en\\\/category\\\/topical\\\/\"},{\"@type\":\"ListItem\",\"position\":3,\"name\":\"Swiss Textile Machinery Firms Satisfied Irantex 2017\"}]},{\"@type\":\"WebSite\",\"@id\":\"https:\\\/\\\/www.textilegence.com\\\/en\\\/#website\",\"url\":\"https:\\\/\\\/www.textilegence.com\\\/en\\\/\",\"name\":\"Textilegence Magazine and Digital Platform\",\"description\":\"Textile News Center\",\"publisher\":{\"@id\":\"https:\\\/\\\/www.textilegence.com\\\/en\\\/#organization\"},\"potentialAction\":[{\"@type\":\"SearchAction\",\"target\":{\"@type\":\"EntryPoint\",\"urlTemplate\":\"https:\\\/\\\/www.textilegence.com\\\/en\\\/?s={search_term_string}\"},\"query-input\":{\"@type\":\"PropertyValueSpecification\",\"valueRequired\":true,\"valueName\":\"search_term_string\"}}],\"inLanguage\":\"en-US\"},{\"@type\":\"Organization\",\"@id\":\"https:\\\/\\\/www.textilegence.com\\\/en\\\/#organization\",\"name\":\"Textilegence Magazine and Digital Platform\",\"url\":\"https:\\\/\\\/www.textilegence.com\\\/en\\\/\",\"logo\":{\"@type\":\"ImageObject\",\"inLanguage\":\"en-US\",\"@id\":\"https:\\\/\\\/www.textilegence.com\\\/en\\\/#\\\/schema\\\/logo\\\/image\\\/\",\"url\":\"https:\\\/\\\/www.textilegence.com\\\/wp-content\\\/uploads\\\/2016\\\/11\\\/New_Retina_Logo_Textilegence.png\",\"contentUrl\":\"https:\\\/\\\/www.textilegence.com\\\/wp-content\\\/uploads\\\/2016\\\/11\\\/New_Retina_Logo_Textilegence.png\",\"width\":544,\"height\":180,\"caption\":\"Textilegence Magazine and Digital Platform\"},\"image\":{\"@id\":\"https:\\\/\\\/www.textilegence.com\\\/en\\\/#\\\/schema\\\/logo\\\/image\\\/\"},\"sameAs\":[\"https:\\\/\\\/www.facebook.com\\\/TextilegenceMagazine\",\"https:\\\/\\\/x.com\\\/textilegence\",\"https:\\\/\\\/www.instagram.com\\\/textilegence\\\/\",\"https:\\\/\\\/www.linkedin.com\\\/groups\\\/Textilegence-Magazine-Digital-Platform-4897253\",\"https:\\\/\\\/www.youtube.com\\\/user\\\/textilegence\"],\"description\":\"Textilegence is a magazine and digital platform established in 2013. It focuses on the textile industry and sub-segments. The platform provides news, articles, and updates on various aspects of the textile industry, including sustainability, technological advancements, and market trends.\",\"email\":\"editor@textilegence.com\",\"telephone\":\"+90 212 442 24 12\",\"legalName\":\"Textilegence Mag and Digital Platform\",\"foundingDate\":\"2013-01-01\",\"numberOfEmployees\":{\"@type\":\"QuantitativeValue\",\"minValue\":\"1\",\"maxValue\":\"10\"}},{\"@type\":\"Person\",\"@id\":\"https:\\\/\\\/www.textilegence.com\\\/en\\\/#\\\/schema\\\/person\\\/46ccc7bfc34edbc7d46b6b189f88849f\",\"name\":\"Engin Buz\",\"image\":{\"@type\":\"ImageObject\",\"inLanguage\":\"en-US\",\"@id\":\"https:\\\/\\\/www.textilegence.com\\\/wp-content\\\/uploads\\\/2018\\\/12\\\/engin-buz.jpg\",\"url\":\"https:\\\/\\\/www.textilegence.com\\\/wp-content\\\/uploads\\\/2018\\\/12\\\/engin-buz.jpg\",\"contentUrl\":\"https:\\\/\\\/www.textilegence.com\\\/wp-content\\\/uploads\\\/2018\\\/12\\\/engin-buz.jpg\",\"caption\":\"Engin Buz\"},\"description\":\"Engin Buz, Ankara \u00dcniversitesi \u0130leti\u015fim Fak\u00fcltesi Gazetecilik B\u00f6l\u00fcm\u00fc\u2019nden mezun olduktan sonra Y\u0131ld\u0131z Teknik \u00dcniversitesi\u2019nde Siyaset Bilimi ve Uluslararas\u0131 \u0130li\u015fkiler alan\u0131nda y\u00fcksek lisans\u0131n\u0131 tamamlam\u0131\u015ft\u0131r. 2000 y\u0131l\u0131ndan sonra \u00e7e\u015fitli yay\u0131nc\u0131l\u0131k \u015firketlerinde \u00e7al\u0131\u015fmaya ba\u015flayarak k\u00fclt\u00fcr-sanat ve daha sonra ekonomi haberleri haz\u0131rlam\u0131\u015ft\u0131r. 2009 y\u0131l\u0131ndan itibaren tekstil end\u00fcstrisine d\u00f6n\u00fck yay\u0131nlarda edit\u00f6r olarak g\u00f6rev alan Buz, 2013 itibariyle kurulan Textilegence\u2019de haber edit\u00f6r\u00fc olarak yer almaya ba\u015flam\u0131\u015ft\u0131r. Engin Buz halen ba\u015fta tekstil ve dijital bask\u0131 end\u00fcstrileri olmak \u00fczere ekonomi haberleri haz\u0131rlamaktad\u0131r.\",\"sameAs\":[\"https:\\\/\\\/www.textilegence.com\",\"https:\\\/\\\/www.facebook.com\\\/TextilegenceMagazine\",\"https:\\\/\\\/www.instagram.com\\\/textilegence\\\/\",\"https:\\\/\\\/www.linkedin.com\\\/in\\\/engin-buz-6190799a\\\/\",\"https:\\\/\\\/x.com\\\/https:\\\/\\\/twitter.com\\\/textilegence\"],\"url\":\"https:\\\/\\\/www.textilegence.com\\\/en\\\/author\\\/engin-buz\\\/\"}]}<\/script>\n<!-- \/ Yoast SEO Premium plugin. -->","yoast_head_json":{"title":"Swiss Textile Machinery Firms Satisfied Irantex 2017","description":"For the first time ever in Iran, Switzerland\u2019s textile machinery manufacturers exhibited in their own pavilion at the recent Irantex show.","robots":{"index":"index","follow":"follow","max-snippet":"max-snippet:-1","max-image-preview":"max-image-preview:large","max-video-preview":"max-video-preview:-1"},"canonical":"https:\/\/www.textilegence.com\/en\/swiss-textile-machinery-firms-satisfied-irantex-2017\/","og_locale":"en_US","og_type":"article","og_title":"Swiss Textile Machinery Firms Satisfied Irantex 2017","og_description":"For the first time ever in Iran, Switzerland\u2019s textile machinery manufacturers exhibited in their own pavilion at the recent Irantex show, under the","og_url":"https:\/\/www.textilegence.com\/en\/swiss-textile-machinery-firms-satisfied-irantex-2017\/","og_site_name":"Textilegence Magazine and Digital Platform","article_publisher":"https:\/\/www.facebook.com\/TextilegenceMagazine","article_author":"https:\/\/www.facebook.com\/TextilegenceMagazine","article_published_time":"2017-09-27T12:44:36+00:00","article_modified_time":"2017-10-20T10:55:30+00:00","og_image":[{"width":742,"height":486,"url":"https:\/\/www.textilegence.com\/wp-content\/uploads\/2017\/09\/swissmem-Irantex-Textilegence.jpg","type":"image\/jpeg"}],"author":"Engin Buz","twitter_card":"summary_large_image","twitter_creator":"@https:\/\/twitter.com\/textilegence","twitter_site":"@textilegence","twitter_misc":{"Written by":"Engin Buz","Est. reading time":"2 minutes"},"schema":{"@context":"https:\/\/schema.org","@graph":[{"@type":"NewsArticle","@id":"https:\/\/www.textilegence.com\/en\/swiss-textile-machinery-firms-satisfied-irantex-2017\/#article","isPartOf":{"@id":"https:\/\/www.textilegence.com\/en\/swiss-textile-machinery-firms-satisfied-irantex-2017\/"},"author":{"name":"Engin Buz","@id":"https:\/\/www.textilegence.com\/en\/#\/schema\/person\/46ccc7bfc34edbc7d46b6b189f88849f"},"headline":"Swiss Textile Machinery Firms Satisfied Irantex 2017","datePublished":"2017-09-27T12:44:36+00:00","dateModified":"2017-10-20T10:55:30+00:00","mainEntityOfPage":{"@id":"https:\/\/www.textilegence.com\/en\/swiss-textile-machinery-firms-satisfied-irantex-2017\/"},"wordCount":460,"commentCount":0,"publisher":{"@id":"https:\/\/www.textilegence.com\/en\/#organization"},"image":{"@id":"https:\/\/www.textilegence.com\/en\/swiss-textile-machinery-firms-satisfied-irantex-2017\/#primaryimage"},"thumbnailUrl":"https:\/\/www.textilegence.com\/wp-content\/uploads\/2017\/09\/swissmem-Irantex-Textilegence.jpg","keywords":["benninger","saurer","staubli","textile machinery"],"articleSection":["Topical"],"inLanguage":"en-US","potentialAction":[{"@type":"CommentAction","name":"Comment","target":["https:\/\/www.textilegence.com\/en\/swiss-textile-machinery-firms-satisfied-irantex-2017\/#respond"]}]},{"@type":"WebPage","@id":"https:\/\/www.textilegence.com\/en\/swiss-textile-machinery-firms-satisfied-irantex-2017\/","url":"https:\/\/www.textilegence.com\/en\/swiss-textile-machinery-firms-satisfied-irantex-2017\/","name":"Swiss Textile Machinery Firms Satisfied Irantex 2017","isPartOf":{"@id":"https:\/\/www.textilegence.com\/en\/#website"},"primaryImageOfPage":{"@id":"https:\/\/www.textilegence.com\/en\/swiss-textile-machinery-firms-satisfied-irantex-2017\/#primaryimage"},"image":{"@id":"https:\/\/www.textilegence.com\/en\/swiss-textile-machinery-firms-satisfied-irantex-2017\/#primaryimage"},"thumbnailUrl":"https:\/\/www.textilegence.com\/wp-content\/uploads\/2017\/09\/swissmem-Irantex-Textilegence.jpg","datePublished":"2017-09-27T12:44:36+00:00","dateModified":"2017-10-20T10:55:30+00:00","description":"For the first time ever in Iran, Switzerland\u2019s textile machinery manufacturers exhibited in their own pavilion at the recent Irantex show.","breadcrumb":{"@id":"https:\/\/www.textilegence.com\/en\/swiss-textile-machinery-firms-satisfied-irantex-2017\/#breadcrumb"},"inLanguage":"en-US","potentialAction":[{"@type":"ReadAction","target":["https:\/\/www.textilegence.com\/en\/swiss-textile-machinery-firms-satisfied-irantex-2017\/"]}]},{"@type":"ImageObject","inLanguage":"en-US","@id":"https:\/\/www.textilegence.com\/en\/swiss-textile-machinery-firms-satisfied-irantex-2017\/#primaryimage","url":"https:\/\/www.textilegence.com\/wp-content\/uploads\/2017\/09\/swissmem-Irantex-Textilegence.jpg","contentUrl":"https:\/\/www.textilegence.com\/wp-content\/uploads\/2017\/09\/swissmem-Irantex-Textilegence.jpg","width":742,"height":486,"caption":"\u0130svi\u00e7reli tekstil makinecileri Irantex fuar\u0131na swissmem pavilyonuyla kat\u0131ld\u0131"},{"@type":"BreadcrumbList","@id":"https:\/\/www.textilegence.com\/en\/swiss-textile-machinery-firms-satisfied-irantex-2017\/#breadcrumb","itemListElement":[{"@type":"ListItem","position":1,"name":"Home Page","item":"https:\/\/www.textilegence.com\/en\/homepage-the-rimont\/"},{"@type":"ListItem","position":2,"name":"Topical","item":"https:\/\/www.textilegence.com\/en\/category\/topical\/"},{"@type":"ListItem","position":3,"name":"Swiss Textile Machinery Firms Satisfied Irantex 2017"}]},{"@type":"WebSite","@id":"https:\/\/www.textilegence.com\/en\/#website","url":"https:\/\/www.textilegence.com\/en\/","name":"Textilegence Magazine and Digital Platform","description":"Textile News Center","publisher":{"@id":"https:\/\/www.textilegence.com\/en\/#organization"},"potentialAction":[{"@type":"SearchAction","target":{"@type":"EntryPoint","urlTemplate":"https:\/\/www.textilegence.com\/en\/?s={search_term_string}"},"query-input":{"@type":"PropertyValueSpecification","valueRequired":true,"valueName":"search_term_string"}}],"inLanguage":"en-US"},{"@type":"Organization","@id":"https:\/\/www.textilegence.com\/en\/#organization","name":"Textilegence Magazine and Digital Platform","url":"https:\/\/www.textilegence.com\/en\/","logo":{"@type":"ImageObject","inLanguage":"en-US","@id":"https:\/\/www.textilegence.com\/en\/#\/schema\/logo\/image\/","url":"https:\/\/www.textilegence.com\/wp-content\/uploads\/2016\/11\/New_Retina_Logo_Textilegence.png","contentUrl":"https:\/\/www.textilegence.com\/wp-content\/uploads\/2016\/11\/New_Retina_Logo_Textilegence.png","width":544,"height":180,"caption":"Textilegence Magazine and Digital Platform"},"image":{"@id":"https:\/\/www.textilegence.com\/en\/#\/schema\/logo\/image\/"},"sameAs":["https:\/\/www.facebook.com\/TextilegenceMagazine","https:\/\/x.com\/textilegence","https:\/\/www.instagram.com\/textilegence\/","https:\/\/www.linkedin.com\/groups\/Textilegence-Magazine-Digital-Platform-4897253","https:\/\/www.youtube.com\/user\/textilegence"],"description":"Textilegence is a magazine and digital platform established in 2013. It focuses on the textile industry and sub-segments. The platform provides news, articles, and updates on various aspects of the textile industry, including sustainability, technological advancements, and market trends.","email":"editor@textilegence.com","telephone":"+90 212 442 24 12","legalName":"Textilegence Mag and Digital Platform","foundingDate":"2013-01-01","numberOfEmployees":{"@type":"QuantitativeValue","minValue":"1","maxValue":"10"}},{"@type":"Person","@id":"https:\/\/www.textilegence.com\/en\/#\/schema\/person\/46ccc7bfc34edbc7d46b6b189f88849f","name":"Engin Buz","image":{"@type":"ImageObject","inLanguage":"en-US","@id":"https:\/\/www.textilegence.com\/wp-content\/uploads\/2018\/12\/engin-buz.jpg","url":"https:\/\/www.textilegence.com\/wp-content\/uploads\/2018\/12\/engin-buz.jpg","contentUrl":"https:\/\/www.textilegence.com\/wp-content\/uploads\/2018\/12\/engin-buz.jpg","caption":"Engin Buz"},"description":"Engin Buz, Ankara \u00dcniversitesi \u0130leti\u015fim Fak\u00fcltesi Gazetecilik B\u00f6l\u00fcm\u00fc\u2019nden mezun olduktan sonra Y\u0131ld\u0131z Teknik \u00dcniversitesi\u2019nde Siyaset Bilimi ve Uluslararas\u0131 \u0130li\u015fkiler alan\u0131nda y\u00fcksek lisans\u0131n\u0131 tamamlam\u0131\u015ft\u0131r. 2000 y\u0131l\u0131ndan sonra \u00e7e\u015fitli yay\u0131nc\u0131l\u0131k \u015firketlerinde \u00e7al\u0131\u015fmaya ba\u015flayarak k\u00fclt\u00fcr-sanat ve daha sonra ekonomi haberleri haz\u0131rlam\u0131\u015ft\u0131r. 2009 y\u0131l\u0131ndan itibaren tekstil end\u00fcstrisine d\u00f6n\u00fck yay\u0131nlarda edit\u00f6r olarak g\u00f6rev alan Buz, 2013 itibariyle kurulan Textilegence\u2019de haber edit\u00f6r\u00fc olarak yer almaya ba\u015flam\u0131\u015ft\u0131r. Engin Buz halen ba\u015fta tekstil ve dijital bask\u0131 end\u00fcstrileri olmak \u00fczere ekonomi haberleri haz\u0131rlamaktad\u0131r.","sameAs":["https:\/\/www.textilegence.com","https:\/\/www.facebook.com\/TextilegenceMagazine","https:\/\/www.instagram.com\/textilegence\/","https:\/\/www.linkedin.com\/in\/engin-buz-6190799a\/","https:\/\/x.com\/https:\/\/twitter.com\/textilegence"],"url":"https:\/\/www.textilegence.com\/en\/author\/engin-buz\/"}]}},"_links":{"self":[{"href":"https:\/\/www.textilegence.com\/en\/wp-json\/wp\/v2\/posts\/17281","targetHints":{"allow":["GET"]}}],"collection":[{"href":"https:\/\/www.textilegence.com\/en\/wp-json\/wp\/v2\/posts"}],"about":[{"href":"https:\/\/www.textilegence.com\/en\/wp-json\/wp\/v2\/types\/post"}],"author":[{"embeddable":true,"href":"https:\/\/www.textilegence.com\/en\/wp-json\/wp\/v2\/users\/2"}],"replies":[{"embeddable":true,"href":"https:\/\/www.textilegence.com\/en\/wp-json\/wp\/v2\/comments?post=17281"}],"version-history":[{"count":0,"href":"https:\/\/www.textilegence.com\/en\/wp-json\/wp\/v2\/posts\/17281\/revisions"}],"wp:featuredmedia":[{"embeddable":true,"href":"https:\/\/www.textilegence.com\/en\/wp-json\/wp\/v2\/media\/19634"}],"wp:attachment":[{"href":"https:\/\/www.textilegence.com\/en\/wp-json\/wp\/v2\/media?parent=17281"}],"wp:term":[{"taxonomy":"category","embeddable":true,"href":"https:\/\/www.textilegence.com\/en\/wp-json\/wp\/v2\/categories?post=17281"},{"taxonomy":"post_tag","embeddable":true,"href":"https:\/\/www.textilegence.com\/en\/wp-json\/wp\/v2\/tags?post=17281"}],"curies":[{"name":"wp","href":"https:\/\/api.w.org\/{rel}","templated":true}]}}