{"id":22580,"date":"2018-01-22T13:56:39","date_gmt":"2018-01-22T10:56:39","guid":{"rendered":"http:\/\/www.textilegence.com\/?p=22580"},"modified":"2018-01-22T13:56:39","modified_gmt":"2018-01-22T10:56:39","slug":"heimtextil-2018-achieved-growth-again","status":"publish","type":"post","link":"https:\/\/www.textilegence.com\/en\/heimtextil-2018-achieved-growth-again\/","title":{"rendered":"Heimtextil 2018 Achieved Growth Again"},"content":{"rendered":"<figure id=\"attachment_22574\" aria-describedby=\"caption-attachment-22574\" style=\"width: 382px\" class=\"wp-caption alignleft\"><img loading=\"lazy\" decoding=\"async\" class=\"wp-image-22574 size-medium\" src=\"https:\/\/www.textilegence.com\/wp-content\/uploads\/2018\/01\/Heimtextil-Textilegence-382x250.jpg\" alt=\"Heimtextil 2018 : renewed growth in visitors and exhibitors\" width=\"382\" height=\"250\" srcset=\"https:\/\/www.textilegence.com\/wp-content\/uploads\/2018\/01\/Heimtextil-Textilegence-382x250.jpg 382w, https:\/\/www.textilegence.com\/wp-content\/uploads\/2018\/01\/Heimtextil-Textilegence-534x350.jpg 534w, https:\/\/www.textilegence.com\/wp-content\/uploads\/2018\/01\/Heimtextil-Textilegence-696x456.jpg 696w, https:\/\/www.textilegence.com\/wp-content\/uploads\/2018\/01\/Heimtextil-Textilegence-741x486.jpg 741w, https:\/\/www.textilegence.com\/wp-content\/uploads\/2018\/01\/Heimtextil-Textilegence.jpg 742w\" sizes=\"auto, (max-width: 382px) 100vw, 382px\" \/><figcaption id=\"caption-attachment-22574\" class=\"wp-caption-text\">Heimtextil 2018 : renewed growth in visitors and exhibitors<\/figcaption><\/figure>\n<p style=\"text-align: justify;\">Successful start to the new <a href=\"https:\/\/heimtextil.messefrankfurt.com\/frankfurt\/en.html\" target=\"_blank\" rel=\"noopener\">furnishing<\/a> season: around 70,000 visitors from 135 countries experienced design innovations by 2,975 international exhibitors at Heimtextil 2018 from 9 to 12 January. Urban design in the context of architecture and the hotel industry became the top topic of the international trade <a href=\"https:\/\/www.textilegence.com\/en\/heimtextil-2018-interior-textiles\/\" target=\"_blank\" rel=\"noopener\">fair<\/a> for home and contract textiles.<\/p>\n<p style=\"text-align: justify;\">\u2018With growth on both the visitor and exhibitor side; Heimtextil has convinced across the board and underpinned its unique position as a world-leading trade fair\u2019; says Detlef Braun, CEO of Messe Frankfurt. Around 70,000 visitors; including representatives from the retail and wholesale trade, interior decorators, design, architecture and interior design; the hotel industry and industry, benefited from the fair\u2019s unique range of products and inspiration.<\/p>\n<p style=\"text-align: justify;\">For the eighth time in a row, the trade fair increased the number of participating companies; these now total 2,975 international exhibitors. In addition to global market leaders and industry leaders, Heimtextil also provided an international platform for more than 50 young designers and start-ups with its newcomer programme \u201cNew &amp; Next\u201d. One of the focal points of the trade fair was contract furnishing and the associated focus on the target group of architects and property planners. \u2018For us it was a fantastic trade fair premi\u00e8re\u2019, says Tom Puukko, owner of the wallpaper manufacturer Feathr from Finland. \u2018We were able to generate new and excellent contacts from all parts of the world. A special highlight for us was a group of architects who stopped by our stand; enabling us to present our products to them\u2019.<\/p>\n<h1 style=\"text-align: justify;\"><strong>Architecture meets textile design in Heimtextil 2018<\/strong><\/h1>\n<p style=\"text-align: justify;\"><img loading=\"lazy\" decoding=\"async\" class=\"alignleft wp-image-22576 size-medium\" src=\"https:\/\/www.textilegence.com\/wp-content\/uploads\/2018\/01\/Heimtextil-Textilegence2-382x250.jpg\" alt=\"\" width=\"382\" height=\"250\" srcset=\"https:\/\/www.textilegence.com\/wp-content\/uploads\/2018\/01\/Heimtextil-Textilegence2-382x250.jpg 382w, https:\/\/www.textilegence.com\/wp-content\/uploads\/2018\/01\/Heimtextil-Textilegence2-534x350.jpg 534w, https:\/\/www.textilegence.com\/wp-content\/uploads\/2018\/01\/Heimtextil-Textilegence2-696x456.jpg 696w, https:\/\/www.textilegence.com\/wp-content\/uploads\/2018\/01\/Heimtextil-Textilegence2-741x486.jpg 741w, https:\/\/www.textilegence.com\/wp-content\/uploads\/2018\/01\/Heimtextil-Textilegence2.jpg 742w\" sizes=\"auto, (max-width: 382px) 100vw, 382px\" \/>With a first-rate lecture programme, topic-specific guided tours and a prominent presentation area, namely the new Interior Architecture. Hospitality Expo in hall 4.2, Heimtextil expanded its commitment to textile contract furnishings, and with great success. Numerous architects and interior designers, hoteliers and furnishers took advantage of the diverse information and networking opportunities. \u2018I considered a visit to Heimtextil 2018 as a valuable incentive for my work, i. e. for the interior furnishings and design of shops and restaurants at the airport. I was able to make interesting contacts and discover exciting, very high-quality products\u2019, says Jun-Florian Peine, Project Manager Retail Development Fraport AG.<\/p>\n<p style=\"text-align: justify;\">In the immediate vicinity of the new area, carpet suppliers were able to present themselves; as part of a joint presentation by the Association of German Home Textiles Manufacturers (Heimtex) entitled \u201cCarpet by Heimtex\u201d. Volker Knie\u00df, responsible for International Sales at Toucan-T, drew a positive conclusion; \u2018We found the new concept of a joint presentation interesting and are very satisfied with how the fair went. With the main focus on acoustics, flexibility and design; we appeal particularly to the architects who we encounter here at Heimtextil 2018. The guided tours for architects in particular bring us into contact with this target group and open up interesting contacts for us\u2019.<\/p>\n<h2 style=\"text-align: justify;\"><strong>Urbanisation is becoming a major trend topic<\/strong><\/h2>\n<p style=\"text-align: justify;\">With the \u201cTheme Park\u201d trend area, Heimtextil gave an outlook on the design and furnishing trends of the future. Under the title \u201cThe Future is urban\u201d, international design experts visualised the megatrend of urbanisation. Based on the statement that more than half of the world\u2019s population already lives in major cities; the area not only showcased the colour and material trends of the coming season; but above all real future prospects in the field of textile interior design. The London-based studio FranklinTill directed the showcase in hall 6.0 and; received great acclaim for a trend presentation that was both progressive as well as tangible and clear.<\/p>\n<h3 style=\"text-align: justify;\"><strong>New concept 2019<\/strong><\/h3>\n<p style=\"text-align: justify;\">Based on discussions with exhibitors and visitor surveys, Messe Frankfurt has developed a new Heimtextil concept for 2019. \u2018From the perspective of buyers in particular, we are repositioning Heimtextil 2019 and; grouping themes and product groups according to target groups. In this way, synergies can be better recognised and exploited\u2019, says Olaf Schmidt, Vice President Textiles &amp; Textile Technologies at Messe Frankfurt. In addition, the demand for stand space on the exhibitor side has grown sharply in some product groups in recent years. The opportunity to optimise the concept is not least due to major construction measures currently being implemented at the Messe Frankfurt exhibition site; the new hall 12 will be erected on the western side of the site and will be available to Heimtextil for the first time in 2019. Further structural measures are to follow around halls 5 and 6.<\/p>\n<p style=\"text-align: justify;\">The next Heimtextil, international trade fair for home and contract textiles; will be held in Frankfurt from 8 to 11 January 2019.<\/p>\n","protected":false},"excerpt":{"rendered":"<p>Successful start to the new furnishing season: around 70,000 visitors from 135 countries experienced design innovations by 2,975 international exhibitors at Heimtextil 2018 from 9 to 12 January. Urban design in the context of architecture and the hotel industry became the top topic of the international trade fair for home and contract textiles. \u2018With growth [&hellip;]<\/p>\n","protected":false},"author":2,"featured_media":22574,"comment_status":"open","ping_status":"closed","sticky":false,"template":"","format":"standard","meta":{"footnotes":""},"categories":[9845],"tags":[9955,5743,5791],"class_list":{"0":"post-22580","1":"post","2":"type-post","3":"status-publish","4":"format-standard","5":"has-post-thumbnail","7":"category-trade-fairs","8":"tag-heimtextil-2018","9":"tag-messe-frankfurt","10":"tag-olaf-schmidt"},"yoast_head":"<!-- This site is optimized with the Yoast SEO Premium plugin v27.3 (Yoast SEO v27.3) - https:\/\/yoast.com\/product\/yoast-seo-premium-wordpress\/ -->\n<title>Heimtextil 2018 Achieved Growth Again - Textilegence Te<\/title>\n<meta name=\"description\" content=\"Successful start to the new furnishing season: around 70,000 visitors from 135 countries experienced design innovations by 2,975 international exhibitors at Heimtextil 2018 from 9 to 12 January. Urban design in the context of architecture and the hotel industry became the top topic of the international trade fair.\" \/>\n<meta name=\"robots\" content=\"index, follow, max-snippet:-1, max-image-preview:large, max-video-preview:-1\" \/>\n<link rel=\"canonical\" href=\"https:\/\/www.textilegence.com\/en\/heimtextil-2018-achieved-growth-again\/\" \/>\n<meta property=\"og:locale\" content=\"en_US\" \/>\n<meta property=\"og:type\" content=\"article\" \/>\n<meta property=\"og:title\" content=\"Heimtextil 2018 Achieved Growth Again\" \/>\n<meta property=\"og:description\" content=\"Successful start to the new furnishing season: around 70,000 visitors from 135 countries experienced design innovations by 2,975 international exhibitors\" \/>\n<meta property=\"og:url\" content=\"https:\/\/www.textilegence.com\/en\/heimtextil-2018-achieved-growth-again\/\" \/>\n<meta property=\"og:site_name\" content=\"Textilegence Magazine and Digital Platform\" \/>\n<meta property=\"article:publisher\" content=\"https:\/\/www.facebook.com\/TextilegenceMagazine\" \/>\n<meta property=\"article:author\" content=\"https:\/\/www.facebook.com\/TextilegenceMagazine\" \/>\n<meta property=\"article:published_time\" content=\"2018-01-22T10:56:39+00:00\" \/>\n<meta property=\"og:image\" content=\"https:\/\/www.textilegence.com\/wp-content\/uploads\/2018\/01\/Heimtextil-Textilegence.jpg\" \/>\n\t<meta property=\"og:image:width\" content=\"742\" \/>\n\t<meta property=\"og:image:height\" content=\"486\" \/>\n\t<meta property=\"og:image:type\" content=\"image\/jpeg\" \/>\n<meta name=\"author\" content=\"Engin Buz\" \/>\n<meta name=\"twitter:card\" content=\"summary_large_image\" \/>\n<meta name=\"twitter:creator\" content=\"@https:\/\/twitter.com\/textilegence\" \/>\n<meta name=\"twitter:site\" content=\"@textilegence\" \/>\n<meta name=\"twitter:label1\" content=\"Written by\" \/>\n\t<meta name=\"twitter:data1\" content=\"Engin Buz\" \/>\n\t<meta name=\"twitter:label2\" content=\"Est. reading time\" \/>\n\t<meta name=\"twitter:data2\" content=\"4 minutes\" \/>\n<script type=\"application\/ld+json\" class=\"yoast-schema-graph\">{\"@context\":\"https:\\\/\\\/schema.org\",\"@graph\":[{\"@type\":\"NewsArticle\",\"@id\":\"https:\\\/\\\/www.textilegence.com\\\/en\\\/heimtextil-2018-achieved-growth-again\\\/#article\",\"isPartOf\":{\"@id\":\"https:\\\/\\\/www.textilegence.com\\\/en\\\/heimtextil-2018-achieved-growth-again\\\/\"},\"author\":{\"name\":\"Engin Buz\",\"@id\":\"https:\\\/\\\/www.textilegence.com\\\/en\\\/#\\\/schema\\\/person\\\/46ccc7bfc34edbc7d46b6b189f88849f\"},\"headline\":\"Heimtextil 2018 Achieved Growth Again\",\"datePublished\":\"2018-01-22T10:56:39+00:00\",\"mainEntityOfPage\":{\"@id\":\"https:\\\/\\\/www.textilegence.com\\\/en\\\/heimtextil-2018-achieved-growth-again\\\/\"},\"wordCount\":750,\"commentCount\":0,\"publisher\":{\"@id\":\"https:\\\/\\\/www.textilegence.com\\\/en\\\/#organization\"},\"image\":{\"@id\":\"https:\\\/\\\/www.textilegence.com\\\/en\\\/heimtextil-2018-achieved-growth-again\\\/#primaryimage\"},\"thumbnailUrl\":\"https:\\\/\\\/www.textilegence.com\\\/wp-content\\\/uploads\\\/2018\\\/01\\\/Heimtextil-Textilegence.jpg\",\"keywords\":[\"heimtextil 2018\",\"messe frankfurt\",\"Olaf Schmidt\"],\"articleSection\":[\"Trade Fairs\"],\"inLanguage\":\"en-US\",\"potentialAction\":[{\"@type\":\"CommentAction\",\"name\":\"Comment\",\"target\":[\"https:\\\/\\\/www.textilegence.com\\\/en\\\/heimtextil-2018-achieved-growth-again\\\/#respond\"]}]},{\"@type\":\"WebPage\",\"@id\":\"https:\\\/\\\/www.textilegence.com\\\/en\\\/heimtextil-2018-achieved-growth-again\\\/\",\"url\":\"https:\\\/\\\/www.textilegence.com\\\/en\\\/heimtextil-2018-achieved-growth-again\\\/\",\"name\":\"Heimtextil 2018 Achieved Growth Again - Textilegence Te\",\"isPartOf\":{\"@id\":\"https:\\\/\\\/www.textilegence.com\\\/en\\\/#website\"},\"primaryImageOfPage\":{\"@id\":\"https:\\\/\\\/www.textilegence.com\\\/en\\\/heimtextil-2018-achieved-growth-again\\\/#primaryimage\"},\"image\":{\"@id\":\"https:\\\/\\\/www.textilegence.com\\\/en\\\/heimtextil-2018-achieved-growth-again\\\/#primaryimage\"},\"thumbnailUrl\":\"https:\\\/\\\/www.textilegence.com\\\/wp-content\\\/uploads\\\/2018\\\/01\\\/Heimtextil-Textilegence.jpg\",\"datePublished\":\"2018-01-22T10:56:39+00:00\",\"description\":\"Successful start to the new furnishing season: around 70,000 visitors from 135 countries experienced design innovations by 2,975 international exhibitors at Heimtextil 2018 from 9 to 12 January. Urban design in the context of architecture and the hotel industry became the top topic of the international trade fair.\",\"breadcrumb\":{\"@id\":\"https:\\\/\\\/www.textilegence.com\\\/en\\\/heimtextil-2018-achieved-growth-again\\\/#breadcrumb\"},\"inLanguage\":\"en-US\",\"potentialAction\":[{\"@type\":\"ReadAction\",\"target\":[\"https:\\\/\\\/www.textilegence.com\\\/en\\\/heimtextil-2018-achieved-growth-again\\\/\"]}]},{\"@type\":\"ImageObject\",\"inLanguage\":\"en-US\",\"@id\":\"https:\\\/\\\/www.textilegence.com\\\/en\\\/heimtextil-2018-achieved-growth-again\\\/#primaryimage\",\"url\":\"https:\\\/\\\/www.textilegence.com\\\/wp-content\\\/uploads\\\/2018\\\/01\\\/Heimtextil-Textilegence.jpg\",\"contentUrl\":\"https:\\\/\\\/www.textilegence.com\\\/wp-content\\\/uploads\\\/2018\\\/01\\\/Heimtextil-Textilegence.jpg\",\"width\":742,\"height\":486},{\"@type\":\"BreadcrumbList\",\"@id\":\"https:\\\/\\\/www.textilegence.com\\\/en\\\/heimtextil-2018-achieved-growth-again\\\/#breadcrumb\",\"itemListElement\":[{\"@type\":\"ListItem\",\"position\":1,\"name\":\"Home Page\",\"item\":\"https:\\\/\\\/www.textilegence.com\\\/en\\\/homepage-the-rimont\\\/\"},{\"@type\":\"ListItem\",\"position\":2,\"name\":\"Trade Fairs\",\"item\":\"https:\\\/\\\/www.textilegence.com\\\/en\\\/category\\\/trade-fairs\\\/\"},{\"@type\":\"ListItem\",\"position\":3,\"name\":\"Heimtextil 2018 Achieved Growth Again\"}]},{\"@type\":\"WebSite\",\"@id\":\"https:\\\/\\\/www.textilegence.com\\\/en\\\/#website\",\"url\":\"https:\\\/\\\/www.textilegence.com\\\/en\\\/\",\"name\":\"Textilegence Magazine and Digital Platform\",\"description\":\"Textile News Center\",\"publisher\":{\"@id\":\"https:\\\/\\\/www.textilegence.com\\\/en\\\/#organization\"},\"potentialAction\":[{\"@type\":\"SearchAction\",\"target\":{\"@type\":\"EntryPoint\",\"urlTemplate\":\"https:\\\/\\\/www.textilegence.com\\\/en\\\/?s={search_term_string}\"},\"query-input\":{\"@type\":\"PropertyValueSpecification\",\"valueRequired\":true,\"valueName\":\"search_term_string\"}}],\"inLanguage\":\"en-US\"},{\"@type\":\"Organization\",\"@id\":\"https:\\\/\\\/www.textilegence.com\\\/en\\\/#organization\",\"name\":\"Textilegence Magazine and Digital Platform\",\"url\":\"https:\\\/\\\/www.textilegence.com\\\/en\\\/\",\"logo\":{\"@type\":\"ImageObject\",\"inLanguage\":\"en-US\",\"@id\":\"https:\\\/\\\/www.textilegence.com\\\/en\\\/#\\\/schema\\\/logo\\\/image\\\/\",\"url\":\"https:\\\/\\\/www.textilegence.com\\\/wp-content\\\/uploads\\\/2016\\\/11\\\/New_Retina_Logo_Textilegence.png\",\"contentUrl\":\"https:\\\/\\\/www.textilegence.com\\\/wp-content\\\/uploads\\\/2016\\\/11\\\/New_Retina_Logo_Textilegence.png\",\"width\":544,\"height\":180,\"caption\":\"Textilegence Magazine and Digital Platform\"},\"image\":{\"@id\":\"https:\\\/\\\/www.textilegence.com\\\/en\\\/#\\\/schema\\\/logo\\\/image\\\/\"},\"sameAs\":[\"https:\\\/\\\/www.facebook.com\\\/TextilegenceMagazine\",\"https:\\\/\\\/x.com\\\/textilegence\",\"https:\\\/\\\/www.instagram.com\\\/textilegence\\\/\",\"https:\\\/\\\/www.linkedin.com\\\/groups\\\/Textilegence-Magazine-Digital-Platform-4897253\",\"https:\\\/\\\/www.youtube.com\\\/user\\\/textilegence\"],\"description\":\"Textilegence is a magazine and digital platform established in 2013. It focuses on the textile industry and sub-segments. The platform provides news, articles, and updates on various aspects of the textile industry, including sustainability, technological advancements, and market trends.\",\"email\":\"editor@textilegence.com\",\"telephone\":\"+90 212 442 24 12\",\"legalName\":\"Textilegence Mag and Digital Platform\",\"foundingDate\":\"2013-01-01\",\"numberOfEmployees\":{\"@type\":\"QuantitativeValue\",\"minValue\":\"1\",\"maxValue\":\"10\"}},{\"@type\":\"Person\",\"@id\":\"https:\\\/\\\/www.textilegence.com\\\/en\\\/#\\\/schema\\\/person\\\/46ccc7bfc34edbc7d46b6b189f88849f\",\"name\":\"Engin Buz\",\"image\":{\"@type\":\"ImageObject\",\"inLanguage\":\"en-US\",\"@id\":\"https:\\\/\\\/www.textilegence.com\\\/wp-content\\\/uploads\\\/2018\\\/12\\\/engin-buz.jpg\",\"url\":\"https:\\\/\\\/www.textilegence.com\\\/wp-content\\\/uploads\\\/2018\\\/12\\\/engin-buz.jpg\",\"contentUrl\":\"https:\\\/\\\/www.textilegence.com\\\/wp-content\\\/uploads\\\/2018\\\/12\\\/engin-buz.jpg\",\"caption\":\"Engin Buz\"},\"description\":\"Engin Buz, Ankara \u00dcniversitesi \u0130leti\u015fim Fak\u00fcltesi Gazetecilik B\u00f6l\u00fcm\u00fc\u2019nden mezun olduktan sonra Y\u0131ld\u0131z Teknik \u00dcniversitesi\u2019nde Siyaset Bilimi ve Uluslararas\u0131 \u0130li\u015fkiler alan\u0131nda y\u00fcksek lisans\u0131n\u0131 tamamlam\u0131\u015ft\u0131r. 2000 y\u0131l\u0131ndan sonra \u00e7e\u015fitli yay\u0131nc\u0131l\u0131k \u015firketlerinde \u00e7al\u0131\u015fmaya ba\u015flayarak k\u00fclt\u00fcr-sanat ve daha sonra ekonomi haberleri haz\u0131rlam\u0131\u015ft\u0131r. 2009 y\u0131l\u0131ndan itibaren tekstil end\u00fcstrisine d\u00f6n\u00fck yay\u0131nlarda edit\u00f6r olarak g\u00f6rev alan Buz, 2013 itibariyle kurulan Textilegence\u2019de haber edit\u00f6r\u00fc olarak yer almaya ba\u015flam\u0131\u015ft\u0131r. Engin Buz halen ba\u015fta tekstil ve dijital bask\u0131 end\u00fcstrileri olmak \u00fczere ekonomi haberleri haz\u0131rlamaktad\u0131r.\",\"sameAs\":[\"https:\\\/\\\/www.textilegence.com\",\"https:\\\/\\\/www.facebook.com\\\/TextilegenceMagazine\",\"https:\\\/\\\/www.instagram.com\\\/textilegence\\\/\",\"https:\\\/\\\/www.linkedin.com\\\/in\\\/engin-buz-6190799a\\\/\",\"https:\\\/\\\/x.com\\\/https:\\\/\\\/twitter.com\\\/textilegence\"],\"url\":\"https:\\\/\\\/www.textilegence.com\\\/en\\\/author\\\/engin-buz\\\/\"}]}<\/script>\n<!-- \/ Yoast SEO Premium plugin. -->","yoast_head_json":{"title":"Heimtextil 2018 Achieved Growth Again - Textilegence Te","description":"Successful start to the new furnishing season: around 70,000 visitors from 135 countries experienced design innovations by 2,975 international exhibitors at Heimtextil 2018 from 9 to 12 January. Urban design in the context of architecture and the hotel industry became the top topic of the international trade fair.","robots":{"index":"index","follow":"follow","max-snippet":"max-snippet:-1","max-image-preview":"max-image-preview:large","max-video-preview":"max-video-preview:-1"},"canonical":"https:\/\/www.textilegence.com\/en\/heimtextil-2018-achieved-growth-again\/","og_locale":"en_US","og_type":"article","og_title":"Heimtextil 2018 Achieved Growth Again","og_description":"Successful start to the new furnishing season: around 70,000 visitors from 135 countries experienced design innovations by 2,975 international exhibitors","og_url":"https:\/\/www.textilegence.com\/en\/heimtextil-2018-achieved-growth-again\/","og_site_name":"Textilegence Magazine and Digital Platform","article_publisher":"https:\/\/www.facebook.com\/TextilegenceMagazine","article_author":"https:\/\/www.facebook.com\/TextilegenceMagazine","article_published_time":"2018-01-22T10:56:39+00:00","og_image":[{"width":742,"height":486,"url":"https:\/\/www.textilegence.com\/wp-content\/uploads\/2018\/01\/Heimtextil-Textilegence.jpg","type":"image\/jpeg"}],"author":"Engin Buz","twitter_card":"summary_large_image","twitter_creator":"@https:\/\/twitter.com\/textilegence","twitter_site":"@textilegence","twitter_misc":{"Written by":"Engin Buz","Est. reading time":"4 minutes"},"schema":{"@context":"https:\/\/schema.org","@graph":[{"@type":"NewsArticle","@id":"https:\/\/www.textilegence.com\/en\/heimtextil-2018-achieved-growth-again\/#article","isPartOf":{"@id":"https:\/\/www.textilegence.com\/en\/heimtextil-2018-achieved-growth-again\/"},"author":{"name":"Engin Buz","@id":"https:\/\/www.textilegence.com\/en\/#\/schema\/person\/46ccc7bfc34edbc7d46b6b189f88849f"},"headline":"Heimtextil 2018 Achieved Growth Again","datePublished":"2018-01-22T10:56:39+00:00","mainEntityOfPage":{"@id":"https:\/\/www.textilegence.com\/en\/heimtextil-2018-achieved-growth-again\/"},"wordCount":750,"commentCount":0,"publisher":{"@id":"https:\/\/www.textilegence.com\/en\/#organization"},"image":{"@id":"https:\/\/www.textilegence.com\/en\/heimtextil-2018-achieved-growth-again\/#primaryimage"},"thumbnailUrl":"https:\/\/www.textilegence.com\/wp-content\/uploads\/2018\/01\/Heimtextil-Textilegence.jpg","keywords":["heimtextil 2018","messe frankfurt","Olaf Schmidt"],"articleSection":["Trade Fairs"],"inLanguage":"en-US","potentialAction":[{"@type":"CommentAction","name":"Comment","target":["https:\/\/www.textilegence.com\/en\/heimtextil-2018-achieved-growth-again\/#respond"]}]},{"@type":"WebPage","@id":"https:\/\/www.textilegence.com\/en\/heimtextil-2018-achieved-growth-again\/","url":"https:\/\/www.textilegence.com\/en\/heimtextil-2018-achieved-growth-again\/","name":"Heimtextil 2018 Achieved Growth Again - Textilegence Te","isPartOf":{"@id":"https:\/\/www.textilegence.com\/en\/#website"},"primaryImageOfPage":{"@id":"https:\/\/www.textilegence.com\/en\/heimtextil-2018-achieved-growth-again\/#primaryimage"},"image":{"@id":"https:\/\/www.textilegence.com\/en\/heimtextil-2018-achieved-growth-again\/#primaryimage"},"thumbnailUrl":"https:\/\/www.textilegence.com\/wp-content\/uploads\/2018\/01\/Heimtextil-Textilegence.jpg","datePublished":"2018-01-22T10:56:39+00:00","description":"Successful start to the new furnishing season: around 70,000 visitors from 135 countries experienced design innovations by 2,975 international exhibitors at Heimtextil 2018 from 9 to 12 January. Urban design in the context of architecture and the hotel industry became the top topic of the international trade fair.","breadcrumb":{"@id":"https:\/\/www.textilegence.com\/en\/heimtextil-2018-achieved-growth-again\/#breadcrumb"},"inLanguage":"en-US","potentialAction":[{"@type":"ReadAction","target":["https:\/\/www.textilegence.com\/en\/heimtextil-2018-achieved-growth-again\/"]}]},{"@type":"ImageObject","inLanguage":"en-US","@id":"https:\/\/www.textilegence.com\/en\/heimtextil-2018-achieved-growth-again\/#primaryimage","url":"https:\/\/www.textilegence.com\/wp-content\/uploads\/2018\/01\/Heimtextil-Textilegence.jpg","contentUrl":"https:\/\/www.textilegence.com\/wp-content\/uploads\/2018\/01\/Heimtextil-Textilegence.jpg","width":742,"height":486},{"@type":"BreadcrumbList","@id":"https:\/\/www.textilegence.com\/en\/heimtextil-2018-achieved-growth-again\/#breadcrumb","itemListElement":[{"@type":"ListItem","position":1,"name":"Home Page","item":"https:\/\/www.textilegence.com\/en\/homepage-the-rimont\/"},{"@type":"ListItem","position":2,"name":"Trade Fairs","item":"https:\/\/www.textilegence.com\/en\/category\/trade-fairs\/"},{"@type":"ListItem","position":3,"name":"Heimtextil 2018 Achieved Growth Again"}]},{"@type":"WebSite","@id":"https:\/\/www.textilegence.com\/en\/#website","url":"https:\/\/www.textilegence.com\/en\/","name":"Textilegence Magazine and Digital Platform","description":"Textile News Center","publisher":{"@id":"https:\/\/www.textilegence.com\/en\/#organization"},"potentialAction":[{"@type":"SearchAction","target":{"@type":"EntryPoint","urlTemplate":"https:\/\/www.textilegence.com\/en\/?s={search_term_string}"},"query-input":{"@type":"PropertyValueSpecification","valueRequired":true,"valueName":"search_term_string"}}],"inLanguage":"en-US"},{"@type":"Organization","@id":"https:\/\/www.textilegence.com\/en\/#organization","name":"Textilegence Magazine and Digital Platform","url":"https:\/\/www.textilegence.com\/en\/","logo":{"@type":"ImageObject","inLanguage":"en-US","@id":"https:\/\/www.textilegence.com\/en\/#\/schema\/logo\/image\/","url":"https:\/\/www.textilegence.com\/wp-content\/uploads\/2016\/11\/New_Retina_Logo_Textilegence.png","contentUrl":"https:\/\/www.textilegence.com\/wp-content\/uploads\/2016\/11\/New_Retina_Logo_Textilegence.png","width":544,"height":180,"caption":"Textilegence Magazine and Digital Platform"},"image":{"@id":"https:\/\/www.textilegence.com\/en\/#\/schema\/logo\/image\/"},"sameAs":["https:\/\/www.facebook.com\/TextilegenceMagazine","https:\/\/x.com\/textilegence","https:\/\/www.instagram.com\/textilegence\/","https:\/\/www.linkedin.com\/groups\/Textilegence-Magazine-Digital-Platform-4897253","https:\/\/www.youtube.com\/user\/textilegence"],"description":"Textilegence is a magazine and digital platform established in 2013. It focuses on the textile industry and sub-segments. The platform provides news, articles, and updates on various aspects of the textile industry, including sustainability, technological advancements, and market trends.","email":"editor@textilegence.com","telephone":"+90 212 442 24 12","legalName":"Textilegence Mag and Digital Platform","foundingDate":"2013-01-01","numberOfEmployees":{"@type":"QuantitativeValue","minValue":"1","maxValue":"10"}},{"@type":"Person","@id":"https:\/\/www.textilegence.com\/en\/#\/schema\/person\/46ccc7bfc34edbc7d46b6b189f88849f","name":"Engin Buz","image":{"@type":"ImageObject","inLanguage":"en-US","@id":"https:\/\/www.textilegence.com\/wp-content\/uploads\/2018\/12\/engin-buz.jpg","url":"https:\/\/www.textilegence.com\/wp-content\/uploads\/2018\/12\/engin-buz.jpg","contentUrl":"https:\/\/www.textilegence.com\/wp-content\/uploads\/2018\/12\/engin-buz.jpg","caption":"Engin Buz"},"description":"Engin Buz, Ankara \u00dcniversitesi \u0130leti\u015fim Fak\u00fcltesi Gazetecilik B\u00f6l\u00fcm\u00fc\u2019nden mezun olduktan sonra Y\u0131ld\u0131z Teknik \u00dcniversitesi\u2019nde Siyaset Bilimi ve Uluslararas\u0131 \u0130li\u015fkiler alan\u0131nda y\u00fcksek lisans\u0131n\u0131 tamamlam\u0131\u015ft\u0131r. 2000 y\u0131l\u0131ndan sonra \u00e7e\u015fitli yay\u0131nc\u0131l\u0131k \u015firketlerinde \u00e7al\u0131\u015fmaya ba\u015flayarak k\u00fclt\u00fcr-sanat ve daha sonra ekonomi haberleri haz\u0131rlam\u0131\u015ft\u0131r. 2009 y\u0131l\u0131ndan itibaren tekstil end\u00fcstrisine d\u00f6n\u00fck yay\u0131nlarda edit\u00f6r olarak g\u00f6rev alan Buz, 2013 itibariyle kurulan Textilegence\u2019de haber edit\u00f6r\u00fc olarak yer almaya ba\u015flam\u0131\u015ft\u0131r. Engin Buz halen ba\u015fta tekstil ve dijital bask\u0131 end\u00fcstrileri olmak \u00fczere ekonomi haberleri haz\u0131rlamaktad\u0131r.","sameAs":["https:\/\/www.textilegence.com","https:\/\/www.facebook.com\/TextilegenceMagazine","https:\/\/www.instagram.com\/textilegence\/","https:\/\/www.linkedin.com\/in\/engin-buz-6190799a\/","https:\/\/x.com\/https:\/\/twitter.com\/textilegence"],"url":"https:\/\/www.textilegence.com\/en\/author\/engin-buz\/"}]}},"_links":{"self":[{"href":"https:\/\/www.textilegence.com\/en\/wp-json\/wp\/v2\/posts\/22580","targetHints":{"allow":["GET"]}}],"collection":[{"href":"https:\/\/www.textilegence.com\/en\/wp-json\/wp\/v2\/posts"}],"about":[{"href":"https:\/\/www.textilegence.com\/en\/wp-json\/wp\/v2\/types\/post"}],"author":[{"embeddable":true,"href":"https:\/\/www.textilegence.com\/en\/wp-json\/wp\/v2\/users\/2"}],"replies":[{"embeddable":true,"href":"https:\/\/www.textilegence.com\/en\/wp-json\/wp\/v2\/comments?post=22580"}],"version-history":[{"count":0,"href":"https:\/\/www.textilegence.com\/en\/wp-json\/wp\/v2\/posts\/22580\/revisions"}],"wp:featuredmedia":[{"embeddable":true,"href":"https:\/\/www.textilegence.com\/en\/wp-json\/wp\/v2\/media\/22574"}],"wp:attachment":[{"href":"https:\/\/www.textilegence.com\/en\/wp-json\/wp\/v2\/media?parent=22580"}],"wp:term":[{"taxonomy":"category","embeddable":true,"href":"https:\/\/www.textilegence.com\/en\/wp-json\/wp\/v2\/categories?post=22580"},{"taxonomy":"post_tag","embeddable":true,"href":"https:\/\/www.textilegence.com\/en\/wp-json\/wp\/v2\/tags?post=22580"}],"curies":[{"name":"wp","href":"https:\/\/api.w.org\/{rel}","templated":true}]}}