{"id":22894,"date":"2018-02-06T15:07:46","date_gmt":"2018-02-06T12:07:46","guid":{"rendered":"http:\/\/www.textilegence.com\/?p=22894"},"modified":"2018-02-06T15:25:23","modified_gmt":"2018-02-06T12:25:23","slug":"future-nonwovens-related-industries","status":"publish","type":"post","link":"https:\/\/www.textilegence.com\/en\/future-nonwovens-related-industries\/","title":{"rendered":"The Future of Nonwovens and Related Industries"},"content":{"rendered":"<figure id=\"attachment_22890\" aria-describedby=\"caption-attachment-22890\" style=\"width: 382px\" class=\"wp-caption alignleft\"><img loading=\"lazy\" decoding=\"async\" class=\"wp-image-22890 size-medium\" src=\"https:\/\/www.textilegence.com\/wp-content\/uploads\/2018\/02\/Edana-Textilegence-382x250.jpg\" alt=\"The future of nonwovens and related industries\" width=\"382\" height=\"250\" srcset=\"https:\/\/www.textilegence.com\/wp-content\/uploads\/2018\/02\/Edana-Textilegence-382x250.jpg 382w, https:\/\/www.textilegence.com\/wp-content\/uploads\/2018\/02\/Edana-Textilegence-534x350.jpg 534w, https:\/\/www.textilegence.com\/wp-content\/uploads\/2018\/02\/Edana-Textilegence-696x456.jpg 696w, https:\/\/www.textilegence.com\/wp-content\/uploads\/2018\/02\/Edana-Textilegence-741x486.jpg 741w, https:\/\/www.textilegence.com\/wp-content\/uploads\/2018\/02\/Edana-Textilegence.jpg 742w\" sizes=\"auto, (max-width: 382px) 100vw, 382px\" \/><figcaption id=\"caption-attachment-22890\" class=\"wp-caption-text\">The future of nonwovens and related industries<\/figcaption><\/figure>\n<p style=\"text-align: justify;\"><strong>The future of nonwovens and related industries: More transparent, trusted and circular?<\/strong><\/p>\n<p style=\"text-align: justify;\"><em>Comment by Pierre Wiertz, <a href=\"http:\/\/euratex.eu\/library\/press-releases\/press-release-details\/?tx_ttnews%5Btt_news%5D=5929&amp;cHash=d808dbf575dde023efb32fb36d358228\" target=\"_blank\" rel=\"noopener\">EDANA<\/a> General Manager<\/em><\/p>\n<p style=\"text-align: justify;\">Edelman\u2019s 2017\u00a0<em>Trust Barometer<\/em>\u00a0revealed a global crisis in trust. Public trust in four key institutions &#8211; business, government, NGOs, and the media \u2013 has declined across the board, a trend not reported since Edelman began tracking trust among the general population in 2012<a name=\"_ftnref1\"><\/a><a href=\"#_ftn1\">[1]<\/a>.<\/p>\n<p style=\"text-align: justify;\">Trust in business fell globally from 53 to 52 % in 2017, and, furthermore, business is \u2018distrusted\u2019 (a score of less than 50%) in 13 out of the 28 countries surveyed.<\/p>\n<p style=\"text-align: justify;\">To rebuild trust and restore faith in the system, according to Edelman; institutions must step outside of their traditional roles and work toward a new, more integrated model that puts people, and their concerns, at the centre of everything they do.<\/p>\n<p style=\"text-align: justify;\">In relating this more specifically to a (consumer goods) business, Kelly M. Semrau, Senior Vice President, Global Corporate Affairs, Communication &amp; Sustainability at SC JOHNSON asks\u00a0<a name=\"_ftnref2\"><\/a><a href=\"#_ftn2\">[2]<\/a>\u201chow can you build trust, if your consumers aren\u2019t a part of your conversation? We approach that by initiating a dialogue about transparency. That includes being open about the ingredients we choose, where and how we use them; and the science behind the selection\u201d.<\/p>\n<h1 style=\"text-align: justify;\"><strong>Transparency in the Nonwovens Industry<\/strong><\/h1>\n<p style=\"text-align: justify;\">Our <a href=\"https:\/\/www.textilegence.com\/en\/nonwovens-engineered-material-solutions\/\" target=\"_blank\" rel=\"noopener\">industry<\/a> has faced a similar predicament, in the last few years the whole nonwovens supply chain has been challenged on the composition of its products by various stakeholders including the media and social networks, NGOs and consumer organisations. Although individual companies, and especially branded goods producers, obviously have their own strategies in this respect; they also turn to EDANA for collaborative action to provide a more powerful industry response.<\/p>\n<p style=\"text-align: justify;\">In view of the high safety profile of our industry\u2019s products; and the decades of shared product stewardship experience within EDANA, establishing factual evidence itself is not a major hurdle. It is how and with whom we communicate that requires an elaborate strategy.<\/p>\n<h2 style=\"text-align: justify;\"><strong>Trust building<\/strong><\/h2>\n<p style=\"text-align: justify;\">As a result, and as part of its leading role in supporting the sustainable growth of the industry; EDANA has adopted a far-reaching plan on \u201cbuilding trust\u201d, centred on three pillars, namely; communication, science and self (or voluntary) regulation. Devised to primarily address the needs of the makers of absorbent hygiene products whose safety has been challenged; it will also serve other sectors, as any nonwoven application (from automotive to construction) may similarly require open communication on product composition and risk assessment. Transparency and trust as requisites for any sustainable business are here to stay\u2026<\/p>\n<h3 style=\"text-align: justify;\"><strong>Molecular. And circular?<\/strong><\/h3>\n<p style=\"text-align: justify;\">The other major trend, if not a mega-trend,\u00a0<em>all\u00a0<\/em>industries are facing is the concept of the circular economy. A recent Accenture study<a name=\"_ftnref3\"><\/a><a href=\"#_ftn3\">[3]<\/a>\u00a0explored the potential of this construct for the European chemical industry, taking a holistic view that goes beyond individual factors and issues &#8211; such as CO\u00b2 emissions, plastics recycling or landfill policy &#8211; to create an integrated picture of the whole concept. This makes for very interesting reading; in particular the fascinating finding that by replacing the current linear model with a five-step \u2018loop\u2019 process for circulating molecules (from renewable raw materials to product re-use, mechanical recycling, chemical recycling and energy recovery and carbon use); up to 60% of the molecules provided by the European chemical industry to customer industries can be re-circulated.<\/p>\n<p style=\"text-align: justify;\">From the perspective of the nonwovens industry, the only major relevant aspect of the circular economy concept that seems to be missing from the Accenture report is addressed by Professor John Ward in a Horizon 2020 Expert Paper on Synthetic Biology<a name=\"_ftnref4\"><\/a><a href=\"#_ftn4\">[4]<\/a>, namely the potential of cellulosic and plastic waste recycling by synthetic biological processes. In his view; these waste streams represent highly concentrated sources of organic compounds that could be transformed back into chemicals in new biofactories.<\/p>\n<p style=\"text-align: justify;\">Expect to hear more on these new developments at future EDANA events, and in particular at the upcoming International Nonwovens Symposium in Rome in May and\u00a0<a href=\"https:\/\/www.edana.org\/education-events\/conferences-and-symposia\/event-detail\/outlook-2018\/\">at OUTLOOK\u21222018<\/a>\u00a0in Dubrovnik in October.<\/p>\n<p style=\"text-align: justify;\"><a name=\"_ftn1\"><\/a>[1]Source: 2017 Edelman Trust Barometer, Global Annual study<\/p>\n<p style=\"text-align: justify;\"><a name=\"_ftn2\"><\/a>[2]\u00a0https:\/\/www.theconsumergoodsforum.com\/earning-trust-through-transparency\/<\/p>\n<p style=\"text-align: justify;\"><a name=\"_ftn3\"><\/a>[3]\u00a0https:\/\/www.accenture.com\/us-en\/insight-circular-economy-european-chemical-industry<\/p>\n<p style=\"text-align: justify;\"><a name=\"_ftn4\"><\/a>[4]\u00a0Synthetic Biology: From Science to Bioeconomy Application: Opportunities for challenge-led Innovation.<\/p>\n<p style=\"text-align: justify;\">This article has been published in EDANA\u2019s offical web site.<\/p>\n","protected":false},"excerpt":{"rendered":"<p>The future of nonwovens and related industries: More transparent, trusted and circular? Comment by Pierre Wiertz, EDANA General Manager Edelman\u2019s 2017\u00a0Trust Barometer\u00a0revealed a global crisis in trust. Public trust in four key institutions &#8211; business, government, NGOs, and the media \u2013 has declined across the board, a trend not reported since Edelman began tracking trust [&hellip;]<\/p>\n","protected":false},"author":2,"featured_media":22890,"comment_status":"open","ping_status":"closed","sticky":false,"template":"","format":"standard","meta":{"footnotes":""},"categories":[9866],"tags":[816,10412,7878],"class_list":{"0":"post-22894","1":"post","2":"type-post","3":"status-publish","4":"format-standard","5":"has-post-thumbnail","7":"category-technical-textiles","8":"tag-edana","9":"tag-nonwovens","10":"tag-pierre-wiertz"},"yoast_head":"<!-- This site is optimized with the Yoast SEO Premium plugin v27.3 (Yoast SEO v27.3) - https:\/\/yoast.com\/product\/yoast-seo-premium-wordpress\/ -->\n<title>The Future of Nonwovens and Related Industries - Textilegence<\/title>\n<meta name=\"description\" content=\"Our industry has faced a similar predicament, in the last few years the whole nonwovens supply chain has been challenged on the composition of its products by various stakeholders including the media and social networks, NGOs and consumer organisations.\" \/>\n<meta name=\"robots\" content=\"index, follow, max-snippet:-1, max-image-preview:large, max-video-preview:-1\" \/>\n<link rel=\"canonical\" href=\"https:\/\/www.textilegence.com\/en\/future-nonwovens-related-industries\/\" \/>\n<meta property=\"og:locale\" content=\"en_US\" \/>\n<meta property=\"og:type\" content=\"article\" \/>\n<meta property=\"og:title\" content=\"The Future of Nonwovens and Related Industries\" \/>\n<meta property=\"og:description\" content=\"The future of nonwovens and related industries: More transparent, trusted and circular? Comment by Pierre Wiertz, EDANA General Manager Edelman\u2019s\" \/>\n<meta property=\"og:url\" content=\"https:\/\/www.textilegence.com\/en\/future-nonwovens-related-industries\/\" \/>\n<meta property=\"og:site_name\" content=\"Textilegence Magazine and Digital Platform\" \/>\n<meta property=\"article:publisher\" content=\"https:\/\/www.facebook.com\/TextilegenceMagazine\" \/>\n<meta property=\"article:author\" content=\"https:\/\/www.facebook.com\/TextilegenceMagazine\" \/>\n<meta property=\"article:published_time\" content=\"2018-02-06T12:07:46+00:00\" \/>\n<meta property=\"article:modified_time\" content=\"2018-02-06T12:25:23+00:00\" \/>\n<meta property=\"og:image\" content=\"https:\/\/www.textilegence.com\/wp-content\/uploads\/2018\/02\/Edana-Textilegence.jpg\" \/>\n\t<meta property=\"og:image:width\" content=\"742\" \/>\n\t<meta property=\"og:image:height\" content=\"486\" \/>\n\t<meta property=\"og:image:type\" content=\"image\/jpeg\" \/>\n<meta name=\"author\" content=\"Engin Buz\" \/>\n<meta name=\"twitter:card\" content=\"summary_large_image\" \/>\n<meta name=\"twitter:creator\" content=\"@https:\/\/twitter.com\/textilegence\" \/>\n<meta name=\"twitter:site\" content=\"@textilegence\" \/>\n<meta name=\"twitter:label1\" content=\"Written by\" \/>\n\t<meta name=\"twitter:data1\" content=\"Engin Buz\" \/>\n\t<meta name=\"twitter:label2\" content=\"Est. reading time\" \/>\n\t<meta name=\"twitter:data2\" content=\"4 minutes\" \/>\n<script type=\"application\/ld+json\" class=\"yoast-schema-graph\">{\"@context\":\"https:\\\/\\\/schema.org\",\"@graph\":[{\"@type\":\"NewsArticle\",\"@id\":\"https:\\\/\\\/www.textilegence.com\\\/en\\\/future-nonwovens-related-industries\\\/#article\",\"isPartOf\":{\"@id\":\"https:\\\/\\\/www.textilegence.com\\\/en\\\/future-nonwovens-related-industries\\\/\"},\"author\":{\"name\":\"Engin Buz\",\"@id\":\"https:\\\/\\\/www.textilegence.com\\\/en\\\/#\\\/schema\\\/person\\\/46ccc7bfc34edbc7d46b6b189f88849f\"},\"headline\":\"The Future of Nonwovens and Related Industries\",\"datePublished\":\"2018-02-06T12:07:46+00:00\",\"dateModified\":\"2018-02-06T12:25:23+00:00\",\"mainEntityOfPage\":{\"@id\":\"https:\\\/\\\/www.textilegence.com\\\/en\\\/future-nonwovens-related-industries\\\/\"},\"wordCount\":710,\"commentCount\":0,\"publisher\":{\"@id\":\"https:\\\/\\\/www.textilegence.com\\\/en\\\/#organization\"},\"image\":{\"@id\":\"https:\\\/\\\/www.textilegence.com\\\/en\\\/future-nonwovens-related-industries\\\/#primaryimage\"},\"thumbnailUrl\":\"https:\\\/\\\/www.textilegence.com\\\/wp-content\\\/uploads\\\/2018\\\/02\\\/Edana-Textilegence.jpg\",\"keywords\":[\"EDANA\",\"nonwovens\",\"Pierre Wiertz\"],\"articleSection\":[\"Technical Textiles\"],\"inLanguage\":\"en-US\",\"potentialAction\":[{\"@type\":\"CommentAction\",\"name\":\"Comment\",\"target\":[\"https:\\\/\\\/www.textilegence.com\\\/en\\\/future-nonwovens-related-industries\\\/#respond\"]}]},{\"@type\":\"WebPage\",\"@id\":\"https:\\\/\\\/www.textilegence.com\\\/en\\\/future-nonwovens-related-industries\\\/\",\"url\":\"https:\\\/\\\/www.textilegence.com\\\/en\\\/future-nonwovens-related-industries\\\/\",\"name\":\"The Future of Nonwovens and Related Industries - Textilegence\",\"isPartOf\":{\"@id\":\"https:\\\/\\\/www.textilegence.com\\\/en\\\/#website\"},\"primaryImageOfPage\":{\"@id\":\"https:\\\/\\\/www.textilegence.com\\\/en\\\/future-nonwovens-related-industries\\\/#primaryimage\"},\"image\":{\"@id\":\"https:\\\/\\\/www.textilegence.com\\\/en\\\/future-nonwovens-related-industries\\\/#primaryimage\"},\"thumbnailUrl\":\"https:\\\/\\\/www.textilegence.com\\\/wp-content\\\/uploads\\\/2018\\\/02\\\/Edana-Textilegence.jpg\",\"datePublished\":\"2018-02-06T12:07:46+00:00\",\"dateModified\":\"2018-02-06T12:25:23+00:00\",\"description\":\"Our industry has faced a similar predicament, in the last few years the whole nonwovens supply chain has been challenged on the composition of its products by various stakeholders including the media and social networks, NGOs and consumer organisations.\",\"breadcrumb\":{\"@id\":\"https:\\\/\\\/www.textilegence.com\\\/en\\\/future-nonwovens-related-industries\\\/#breadcrumb\"},\"inLanguage\":\"en-US\",\"potentialAction\":[{\"@type\":\"ReadAction\",\"target\":[\"https:\\\/\\\/www.textilegence.com\\\/en\\\/future-nonwovens-related-industries\\\/\"]}]},{\"@type\":\"ImageObject\",\"inLanguage\":\"en-US\",\"@id\":\"https:\\\/\\\/www.textilegence.com\\\/en\\\/future-nonwovens-related-industries\\\/#primaryimage\",\"url\":\"https:\\\/\\\/www.textilegence.com\\\/wp-content\\\/uploads\\\/2018\\\/02\\\/Edana-Textilegence.jpg\",\"contentUrl\":\"https:\\\/\\\/www.textilegence.com\\\/wp-content\\\/uploads\\\/2018\\\/02\\\/Edana-Textilegence.jpg\",\"width\":742,\"height\":486},{\"@type\":\"BreadcrumbList\",\"@id\":\"https:\\\/\\\/www.textilegence.com\\\/en\\\/future-nonwovens-related-industries\\\/#breadcrumb\",\"itemListElement\":[{\"@type\":\"ListItem\",\"position\":1,\"name\":\"Home Page\",\"item\":\"https:\\\/\\\/www.textilegence.com\\\/en\\\/homepage-the-rimont\\\/\"},{\"@type\":\"ListItem\",\"position\":2,\"name\":\"Technical Textiles\",\"item\":\"https:\\\/\\\/www.textilegence.com\\\/en\\\/category\\\/technical-textiles\\\/\"},{\"@type\":\"ListItem\",\"position\":3,\"name\":\"The Future of Nonwovens and Related Industries\"}]},{\"@type\":\"WebSite\",\"@id\":\"https:\\\/\\\/www.textilegence.com\\\/en\\\/#website\",\"url\":\"https:\\\/\\\/www.textilegence.com\\\/en\\\/\",\"name\":\"Textilegence Magazine and Digital Platform\",\"description\":\"Textile News Center\",\"publisher\":{\"@id\":\"https:\\\/\\\/www.textilegence.com\\\/en\\\/#organization\"},\"potentialAction\":[{\"@type\":\"SearchAction\",\"target\":{\"@type\":\"EntryPoint\",\"urlTemplate\":\"https:\\\/\\\/www.textilegence.com\\\/en\\\/?s={search_term_string}\"},\"query-input\":{\"@type\":\"PropertyValueSpecification\",\"valueRequired\":true,\"valueName\":\"search_term_string\"}}],\"inLanguage\":\"en-US\"},{\"@type\":\"Organization\",\"@id\":\"https:\\\/\\\/www.textilegence.com\\\/en\\\/#organization\",\"name\":\"Textilegence Magazine and Digital Platform\",\"url\":\"https:\\\/\\\/www.textilegence.com\\\/en\\\/\",\"logo\":{\"@type\":\"ImageObject\",\"inLanguage\":\"en-US\",\"@id\":\"https:\\\/\\\/www.textilegence.com\\\/en\\\/#\\\/schema\\\/logo\\\/image\\\/\",\"url\":\"https:\\\/\\\/www.textilegence.com\\\/wp-content\\\/uploads\\\/2016\\\/11\\\/New_Retina_Logo_Textilegence.png\",\"contentUrl\":\"https:\\\/\\\/www.textilegence.com\\\/wp-content\\\/uploads\\\/2016\\\/11\\\/New_Retina_Logo_Textilegence.png\",\"width\":544,\"height\":180,\"caption\":\"Textilegence Magazine and Digital Platform\"},\"image\":{\"@id\":\"https:\\\/\\\/www.textilegence.com\\\/en\\\/#\\\/schema\\\/logo\\\/image\\\/\"},\"sameAs\":[\"https:\\\/\\\/www.facebook.com\\\/TextilegenceMagazine\",\"https:\\\/\\\/x.com\\\/textilegence\",\"https:\\\/\\\/www.instagram.com\\\/textilegence\\\/\",\"https:\\\/\\\/www.linkedin.com\\\/groups\\\/Textilegence-Magazine-Digital-Platform-4897253\",\"https:\\\/\\\/www.youtube.com\\\/user\\\/textilegence\"],\"description\":\"Textilegence is a magazine and digital platform established in 2013. It focuses on the textile industry and sub-segments. The platform provides news, articles, and updates on various aspects of the textile industry, including sustainability, technological advancements, and market trends.\",\"email\":\"editor@textilegence.com\",\"telephone\":\"+90 212 442 24 12\",\"legalName\":\"Textilegence Mag and Digital Platform\",\"foundingDate\":\"2013-01-01\",\"numberOfEmployees\":{\"@type\":\"QuantitativeValue\",\"minValue\":\"1\",\"maxValue\":\"10\"}},{\"@type\":\"Person\",\"@id\":\"https:\\\/\\\/www.textilegence.com\\\/en\\\/#\\\/schema\\\/person\\\/46ccc7bfc34edbc7d46b6b189f88849f\",\"name\":\"Engin Buz\",\"image\":{\"@type\":\"ImageObject\",\"inLanguage\":\"en-US\",\"@id\":\"https:\\\/\\\/www.textilegence.com\\\/wp-content\\\/uploads\\\/2018\\\/12\\\/engin-buz.jpg\",\"url\":\"https:\\\/\\\/www.textilegence.com\\\/wp-content\\\/uploads\\\/2018\\\/12\\\/engin-buz.jpg\",\"contentUrl\":\"https:\\\/\\\/www.textilegence.com\\\/wp-content\\\/uploads\\\/2018\\\/12\\\/engin-buz.jpg\",\"caption\":\"Engin Buz\"},\"description\":\"Engin Buz, Ankara \u00dcniversitesi \u0130leti\u015fim Fak\u00fcltesi Gazetecilik B\u00f6l\u00fcm\u00fc\u2019nden mezun olduktan sonra Y\u0131ld\u0131z Teknik \u00dcniversitesi\u2019nde Siyaset Bilimi ve Uluslararas\u0131 \u0130li\u015fkiler alan\u0131nda y\u00fcksek lisans\u0131n\u0131 tamamlam\u0131\u015ft\u0131r. 2000 y\u0131l\u0131ndan sonra \u00e7e\u015fitli yay\u0131nc\u0131l\u0131k \u015firketlerinde \u00e7al\u0131\u015fmaya ba\u015flayarak k\u00fclt\u00fcr-sanat ve daha sonra ekonomi haberleri haz\u0131rlam\u0131\u015ft\u0131r. 2009 y\u0131l\u0131ndan itibaren tekstil end\u00fcstrisine d\u00f6n\u00fck yay\u0131nlarda edit\u00f6r olarak g\u00f6rev alan Buz, 2013 itibariyle kurulan Textilegence\u2019de haber edit\u00f6r\u00fc olarak yer almaya ba\u015flam\u0131\u015ft\u0131r. Engin Buz halen ba\u015fta tekstil ve dijital bask\u0131 end\u00fcstrileri olmak \u00fczere ekonomi haberleri haz\u0131rlamaktad\u0131r.\",\"sameAs\":[\"https:\\\/\\\/www.textilegence.com\",\"https:\\\/\\\/www.facebook.com\\\/TextilegenceMagazine\",\"https:\\\/\\\/www.instagram.com\\\/textilegence\\\/\",\"https:\\\/\\\/www.linkedin.com\\\/in\\\/engin-buz-6190799a\\\/\",\"https:\\\/\\\/x.com\\\/https:\\\/\\\/twitter.com\\\/textilegence\"],\"url\":\"https:\\\/\\\/www.textilegence.com\\\/en\\\/author\\\/engin-buz\\\/\"}]}<\/script>\n<!-- \/ Yoast SEO Premium plugin. -->","yoast_head_json":{"title":"The Future of Nonwovens and Related Industries - Textilegence","description":"Our industry has faced a similar predicament, in the last few years the whole nonwovens supply chain has been challenged on the composition of its products by various stakeholders including the media and social networks, NGOs and consumer organisations.","robots":{"index":"index","follow":"follow","max-snippet":"max-snippet:-1","max-image-preview":"max-image-preview:large","max-video-preview":"max-video-preview:-1"},"canonical":"https:\/\/www.textilegence.com\/en\/future-nonwovens-related-industries\/","og_locale":"en_US","og_type":"article","og_title":"The Future of Nonwovens and Related Industries","og_description":"The future of nonwovens and related industries: More transparent, trusted and circular? Comment by Pierre Wiertz, EDANA General Manager Edelman\u2019s","og_url":"https:\/\/www.textilegence.com\/en\/future-nonwovens-related-industries\/","og_site_name":"Textilegence Magazine and Digital Platform","article_publisher":"https:\/\/www.facebook.com\/TextilegenceMagazine","article_author":"https:\/\/www.facebook.com\/TextilegenceMagazine","article_published_time":"2018-02-06T12:07:46+00:00","article_modified_time":"2018-02-06T12:25:23+00:00","og_image":[{"width":742,"height":486,"url":"https:\/\/www.textilegence.com\/wp-content\/uploads\/2018\/02\/Edana-Textilegence.jpg","type":"image\/jpeg"}],"author":"Engin Buz","twitter_card":"summary_large_image","twitter_creator":"@https:\/\/twitter.com\/textilegence","twitter_site":"@textilegence","twitter_misc":{"Written by":"Engin Buz","Est. reading time":"4 minutes"},"schema":{"@context":"https:\/\/schema.org","@graph":[{"@type":"NewsArticle","@id":"https:\/\/www.textilegence.com\/en\/future-nonwovens-related-industries\/#article","isPartOf":{"@id":"https:\/\/www.textilegence.com\/en\/future-nonwovens-related-industries\/"},"author":{"name":"Engin Buz","@id":"https:\/\/www.textilegence.com\/en\/#\/schema\/person\/46ccc7bfc34edbc7d46b6b189f88849f"},"headline":"The Future of Nonwovens and Related Industries","datePublished":"2018-02-06T12:07:46+00:00","dateModified":"2018-02-06T12:25:23+00:00","mainEntityOfPage":{"@id":"https:\/\/www.textilegence.com\/en\/future-nonwovens-related-industries\/"},"wordCount":710,"commentCount":0,"publisher":{"@id":"https:\/\/www.textilegence.com\/en\/#organization"},"image":{"@id":"https:\/\/www.textilegence.com\/en\/future-nonwovens-related-industries\/#primaryimage"},"thumbnailUrl":"https:\/\/www.textilegence.com\/wp-content\/uploads\/2018\/02\/Edana-Textilegence.jpg","keywords":["EDANA","nonwovens","Pierre Wiertz"],"articleSection":["Technical Textiles"],"inLanguage":"en-US","potentialAction":[{"@type":"CommentAction","name":"Comment","target":["https:\/\/www.textilegence.com\/en\/future-nonwovens-related-industries\/#respond"]}]},{"@type":"WebPage","@id":"https:\/\/www.textilegence.com\/en\/future-nonwovens-related-industries\/","url":"https:\/\/www.textilegence.com\/en\/future-nonwovens-related-industries\/","name":"The Future of Nonwovens and Related Industries - Textilegence","isPartOf":{"@id":"https:\/\/www.textilegence.com\/en\/#website"},"primaryImageOfPage":{"@id":"https:\/\/www.textilegence.com\/en\/future-nonwovens-related-industries\/#primaryimage"},"image":{"@id":"https:\/\/www.textilegence.com\/en\/future-nonwovens-related-industries\/#primaryimage"},"thumbnailUrl":"https:\/\/www.textilegence.com\/wp-content\/uploads\/2018\/02\/Edana-Textilegence.jpg","datePublished":"2018-02-06T12:07:46+00:00","dateModified":"2018-02-06T12:25:23+00:00","description":"Our industry has faced a similar predicament, in the last few years the whole nonwovens supply chain has been challenged on the composition of its products by various stakeholders including the media and social networks, NGOs and consumer organisations.","breadcrumb":{"@id":"https:\/\/www.textilegence.com\/en\/future-nonwovens-related-industries\/#breadcrumb"},"inLanguage":"en-US","potentialAction":[{"@type":"ReadAction","target":["https:\/\/www.textilegence.com\/en\/future-nonwovens-related-industries\/"]}]},{"@type":"ImageObject","inLanguage":"en-US","@id":"https:\/\/www.textilegence.com\/en\/future-nonwovens-related-industries\/#primaryimage","url":"https:\/\/www.textilegence.com\/wp-content\/uploads\/2018\/02\/Edana-Textilegence.jpg","contentUrl":"https:\/\/www.textilegence.com\/wp-content\/uploads\/2018\/02\/Edana-Textilegence.jpg","width":742,"height":486},{"@type":"BreadcrumbList","@id":"https:\/\/www.textilegence.com\/en\/future-nonwovens-related-industries\/#breadcrumb","itemListElement":[{"@type":"ListItem","position":1,"name":"Home Page","item":"https:\/\/www.textilegence.com\/en\/homepage-the-rimont\/"},{"@type":"ListItem","position":2,"name":"Technical Textiles","item":"https:\/\/www.textilegence.com\/en\/category\/technical-textiles\/"},{"@type":"ListItem","position":3,"name":"The Future of Nonwovens and Related Industries"}]},{"@type":"WebSite","@id":"https:\/\/www.textilegence.com\/en\/#website","url":"https:\/\/www.textilegence.com\/en\/","name":"Textilegence Magazine and Digital Platform","description":"Textile News Center","publisher":{"@id":"https:\/\/www.textilegence.com\/en\/#organization"},"potentialAction":[{"@type":"SearchAction","target":{"@type":"EntryPoint","urlTemplate":"https:\/\/www.textilegence.com\/en\/?s={search_term_string}"},"query-input":{"@type":"PropertyValueSpecification","valueRequired":true,"valueName":"search_term_string"}}],"inLanguage":"en-US"},{"@type":"Organization","@id":"https:\/\/www.textilegence.com\/en\/#organization","name":"Textilegence Magazine and Digital Platform","url":"https:\/\/www.textilegence.com\/en\/","logo":{"@type":"ImageObject","inLanguage":"en-US","@id":"https:\/\/www.textilegence.com\/en\/#\/schema\/logo\/image\/","url":"https:\/\/www.textilegence.com\/wp-content\/uploads\/2016\/11\/New_Retina_Logo_Textilegence.png","contentUrl":"https:\/\/www.textilegence.com\/wp-content\/uploads\/2016\/11\/New_Retina_Logo_Textilegence.png","width":544,"height":180,"caption":"Textilegence Magazine and Digital Platform"},"image":{"@id":"https:\/\/www.textilegence.com\/en\/#\/schema\/logo\/image\/"},"sameAs":["https:\/\/www.facebook.com\/TextilegenceMagazine","https:\/\/x.com\/textilegence","https:\/\/www.instagram.com\/textilegence\/","https:\/\/www.linkedin.com\/groups\/Textilegence-Magazine-Digital-Platform-4897253","https:\/\/www.youtube.com\/user\/textilegence"],"description":"Textilegence is a magazine and digital platform established in 2013. It focuses on the textile industry and sub-segments. The platform provides news, articles, and updates on various aspects of the textile industry, including sustainability, technological advancements, and market trends.","email":"editor@textilegence.com","telephone":"+90 212 442 24 12","legalName":"Textilegence Mag and Digital Platform","foundingDate":"2013-01-01","numberOfEmployees":{"@type":"QuantitativeValue","minValue":"1","maxValue":"10"}},{"@type":"Person","@id":"https:\/\/www.textilegence.com\/en\/#\/schema\/person\/46ccc7bfc34edbc7d46b6b189f88849f","name":"Engin Buz","image":{"@type":"ImageObject","inLanguage":"en-US","@id":"https:\/\/www.textilegence.com\/wp-content\/uploads\/2018\/12\/engin-buz.jpg","url":"https:\/\/www.textilegence.com\/wp-content\/uploads\/2018\/12\/engin-buz.jpg","contentUrl":"https:\/\/www.textilegence.com\/wp-content\/uploads\/2018\/12\/engin-buz.jpg","caption":"Engin Buz"},"description":"Engin Buz, Ankara \u00dcniversitesi \u0130leti\u015fim Fak\u00fcltesi Gazetecilik B\u00f6l\u00fcm\u00fc\u2019nden mezun olduktan sonra Y\u0131ld\u0131z Teknik \u00dcniversitesi\u2019nde Siyaset Bilimi ve Uluslararas\u0131 \u0130li\u015fkiler alan\u0131nda y\u00fcksek lisans\u0131n\u0131 tamamlam\u0131\u015ft\u0131r. 2000 y\u0131l\u0131ndan sonra \u00e7e\u015fitli yay\u0131nc\u0131l\u0131k \u015firketlerinde \u00e7al\u0131\u015fmaya ba\u015flayarak k\u00fclt\u00fcr-sanat ve daha sonra ekonomi haberleri haz\u0131rlam\u0131\u015ft\u0131r. 2009 y\u0131l\u0131ndan itibaren tekstil end\u00fcstrisine d\u00f6n\u00fck yay\u0131nlarda edit\u00f6r olarak g\u00f6rev alan Buz, 2013 itibariyle kurulan Textilegence\u2019de haber edit\u00f6r\u00fc olarak yer almaya ba\u015flam\u0131\u015ft\u0131r. Engin Buz halen ba\u015fta tekstil ve dijital bask\u0131 end\u00fcstrileri olmak \u00fczere ekonomi haberleri haz\u0131rlamaktad\u0131r.","sameAs":["https:\/\/www.textilegence.com","https:\/\/www.facebook.com\/TextilegenceMagazine","https:\/\/www.instagram.com\/textilegence\/","https:\/\/www.linkedin.com\/in\/engin-buz-6190799a\/","https:\/\/x.com\/https:\/\/twitter.com\/textilegence"],"url":"https:\/\/www.textilegence.com\/en\/author\/engin-buz\/"}]}},"_links":{"self":[{"href":"https:\/\/www.textilegence.com\/en\/wp-json\/wp\/v2\/posts\/22894","targetHints":{"allow":["GET"]}}],"collection":[{"href":"https:\/\/www.textilegence.com\/en\/wp-json\/wp\/v2\/posts"}],"about":[{"href":"https:\/\/www.textilegence.com\/en\/wp-json\/wp\/v2\/types\/post"}],"author":[{"embeddable":true,"href":"https:\/\/www.textilegence.com\/en\/wp-json\/wp\/v2\/users\/2"}],"replies":[{"embeddable":true,"href":"https:\/\/www.textilegence.com\/en\/wp-json\/wp\/v2\/comments?post=22894"}],"version-history":[{"count":0,"href":"https:\/\/www.textilegence.com\/en\/wp-json\/wp\/v2\/posts\/22894\/revisions"}],"wp:featuredmedia":[{"embeddable":true,"href":"https:\/\/www.textilegence.com\/en\/wp-json\/wp\/v2\/media\/22890"}],"wp:attachment":[{"href":"https:\/\/www.textilegence.com\/en\/wp-json\/wp\/v2\/media?parent=22894"}],"wp:term":[{"taxonomy":"category","embeddable":true,"href":"https:\/\/www.textilegence.com\/en\/wp-json\/wp\/v2\/categories?post=22894"},{"taxonomy":"post_tag","embeddable":true,"href":"https:\/\/www.textilegence.com\/en\/wp-json\/wp\/v2\/tags?post=22894"}],"curies":[{"name":"wp","href":"https:\/\/api.w.org\/{rel}","templated":true}]}}