{"id":23433,"date":"2018-03-23T16:04:03","date_gmt":"2018-03-23T13:04:03","guid":{"rendered":"http:\/\/www.textilegence.com\/?p=23433"},"modified":"2018-03-23T17:03:30","modified_gmt":"2018-03-23T14:03:30","slug":"panama-itm-2018","status":"publish","type":"post","link":"https:\/\/www.textilegence.com\/en\/panama-itm-2018\/","title":{"rendered":"Panama Participates into ITM 2018 For The First Time"},"content":{"rendered":"<figure id=\"attachment_23430\" aria-describedby=\"caption-attachment-23430\" style=\"width: 382px\" class=\"wp-caption alignleft\"><img loading=\"lazy\" decoding=\"async\" class=\"wp-image-23430 size-medium\" src=\"https:\/\/www.textilegence.com\/wp-content\/uploads\/2018\/03\/itm_textilegence-382x250.jpg\" alt=\"Panama Participates into ITM 2018 For The First Time\" width=\"382\" height=\"250\" srcset=\"https:\/\/www.textilegence.com\/wp-content\/uploads\/2018\/03\/itm_textilegence-382x250.jpg 382w, https:\/\/www.textilegence.com\/wp-content\/uploads\/2018\/03\/itm_textilegence-534x350.jpg 534w, https:\/\/www.textilegence.com\/wp-content\/uploads\/2018\/03\/itm_textilegence-696x456.jpg 696w, https:\/\/www.textilegence.com\/wp-content\/uploads\/2018\/03\/itm_textilegence-741x486.jpg 741w, https:\/\/www.textilegence.com\/wp-content\/uploads\/2018\/03\/itm_textilegence.jpg 742w\" sizes=\"auto, (max-width: 382px) 100vw, 382px\" \/><figcaption id=\"caption-attachment-23430\" class=\"wp-caption-text\">Panama Participates into ITM 2018 For The First Time<\/figcaption><\/figure>\n<p style=\"text-align: justify;\">A surprise country will take place at the <a href=\"https:\/\/www.textilegence.com\/en\/itm-2018-nassenger-10\/\" target=\"_blank\" rel=\"noopener\">ITM 2018<\/a> Exhibition, in which the heart of the textile world will beat and the sector leaders will be introducing their latest technological products, in the present year. The Panama Colon Free Trade Zone, the world&#8217;s second largest free trade zone, will take part at its booth at ITM.<\/p>\n<h1><strong>Panama Colon Free Trade Zone at ITM<\/strong><\/h1>\n<p style=\"text-align: justify;\">Mr. Manuel Grimaldo, Director General of the Panama Free Trade Zone, expressed a special interest in the ITM 2018 <a href=\"http:\/\/www.itmexhibition.com\/tr2018\/\" target=\"_blank\" rel=\"noopener\">Exhibition<\/a>, into which exhibitors and visitors from nearly 100 countries will participate. Manuel Grimaldo requested a location from the exhibition space. After the talks, Mr. Manuel Grimaldo confirmed that the Panama Colon Free Zone would participate into the ITM 2018 Exhibition. Thus, Panama will become one of the first countries taking place at the ITM for the first time. Grimaldo with the team, among whom there are members of the Panama Free Zone Board of Directors, will visit the ITM 2018 Exhibition.<\/p>\n<p style=\"text-align: justify;\">Panama, which is the fastest growing economy in South America, has 18 registered free zones. The largest of these is the Panama Colon Free Zone; the second largest free zone in the world after Hong Kong. There are nearly 3,000 companies in the Panama Colon Free Zone; and 500 of these companies are operating in the field of textiles and ready-made clothing. The annual trade volume of the Panama Colon Free Zone is 20 billion US dollars.<\/p>\n<h2 style=\"text-align: justify;\"><strong>Procurement Committee to Highex and ITM 2018 From Czech Republic<\/strong><\/h2>\n<p style=\"text-align: justify;\">Commercial Attach\u00e9 of the Consulate General of the Czech Republic in Istanbul and Teknik Fairs cooperated to organize a conference in the field of Nanotechnology and Nonwoven at HIGHTEX 2018 Exhibition. At the bilateral talks, the Czech Republic Commercial Attach\u00e9 Mr. Jan Ondrejka gave a good news that a procurement committee composed of at least 20 people would visit the HIGHTEX and ITM 2018 Exhibitions.<\/p>\n<p style=\"text-align: justify;\">The support of countries is increasing day by day for the ITM 2018 and HIGHTEX 2018 Exhibitions; where the world&#8217;s leading brands of textile machinery will launch their latest technological products. The Trade Attach\u00e9 of the Czech Republic; one of the leading countries in the field of Nanotechnology in the world; plans to organize bilateral negotiations and seminars in the field of Nanotechnology and Nonwoven at the HIGHTEX 2018 Exhibition.<\/p>\n<p style=\"text-align: justify;\">In this scope, Commercial Attach\u00e9 Mr. Jan Ondrejka, Commercial Attach\u00e9 Assistant Mrs. Natalie Alt\u0131n\u00e7izme, and we arrived at the decision in the meeting at the Consulate General of the Czech Republic; to cooperate for seminars and bilateral talks.<\/p>\n<p style=\"text-align: justify;\">Mr. Jan Ondrejka gave a good news that a procurement committee composed of at least 20 people would visit the HIGHTEX 2018 Exhibition.<\/p>\n","protected":false},"excerpt":{"rendered":"<p>A surprise country will take place at the ITM 2018 Exhibition, in which the heart of the textile world will beat and the sector leaders will be introducing their latest technological products, in the present year. The Panama Colon Free Trade Zone, the world&#8217;s second largest free trade zone, will take part at its booth [&hellip;]<\/p>\n","protected":false},"author":2,"featured_media":23430,"comment_status":"open","ping_status":"closed","sticky":false,"template":"","format":"standard","meta":{"footnotes":""},"categories":[9845],"tags":[5242,8521,10090],"class_list":{"0":"post-23433","1":"post","2":"type-post","3":"status-publish","4":"format-standard","5":"has-post-thumbnail","7":"category-trade-fairs","8":"tag-hightex","9":"tag-itm-2018","10":"tag-panama-colon-free-trade-zone"},"yoast_head":"<!-- This site is optimized with the Yoast SEO Premium plugin v27.3 (Yoast SEO v27.3) - https:\/\/yoast.com\/product\/yoast-seo-premium-wordpress\/ -->\n<title>Panama Participates into ITM 2018 For The First Time - Textilegence<\/title>\n<meta name=\"description\" content=\"A surprise country will take place at the ITM 2018 Exhibition, in which the heart of the textile world will beat and the sector leaders will be introducing their latest technological products, in the present year. The Panama Colon Free Trade Zone, the world&#039;s second largest free trade zone, will take part at its booth\" \/>\n<meta name=\"robots\" content=\"index, follow, max-snippet:-1, max-image-preview:large, max-video-preview:-1\" \/>\n<link rel=\"canonical\" href=\"https:\/\/www.textilegence.com\/en\/panama-itm-2018\/\" \/>\n<meta property=\"og:locale\" content=\"en_US\" \/>\n<meta property=\"og:type\" content=\"article\" \/>\n<meta property=\"og:title\" content=\"Panama Participates into ITM 2018 For The First Time\" \/>\n<meta property=\"og:description\" content=\"A surprise country will take place at the ITM 2018 Exhibition, in which the heart of the textile world will beat and the sector leaders will be\" \/>\n<meta property=\"og:url\" content=\"https:\/\/www.textilegence.com\/en\/panama-itm-2018\/\" \/>\n<meta property=\"og:site_name\" content=\"Textilegence Magazine and Digital Platform\" \/>\n<meta property=\"article:publisher\" content=\"https:\/\/www.facebook.com\/TextilegenceMagazine\" \/>\n<meta property=\"article:author\" content=\"https:\/\/www.facebook.com\/TextilegenceMagazine\" \/>\n<meta property=\"article:published_time\" content=\"2018-03-23T13:04:03+00:00\" \/>\n<meta property=\"article:modified_time\" content=\"2018-03-23T14:03:30+00:00\" \/>\n<meta property=\"og:image\" content=\"https:\/\/www.textilegence.com\/wp-content\/uploads\/2018\/03\/itm_textilegence.jpg\" \/>\n\t<meta property=\"og:image:width\" content=\"742\" \/>\n\t<meta property=\"og:image:height\" content=\"486\" \/>\n\t<meta property=\"og:image:type\" content=\"image\/jpeg\" \/>\n<meta name=\"author\" content=\"Engin Buz\" \/>\n<meta name=\"twitter:card\" content=\"summary_large_image\" \/>\n<meta name=\"twitter:creator\" content=\"@https:\/\/twitter.com\/textilegence\" \/>\n<meta name=\"twitter:site\" content=\"@textilegence\" \/>\n<meta name=\"twitter:label1\" content=\"Written by\" \/>\n\t<meta name=\"twitter:data1\" content=\"Engin Buz\" \/>\n\t<meta name=\"twitter:label2\" content=\"Est. reading time\" \/>\n\t<meta name=\"twitter:data2\" content=\"2 minutes\" \/>\n<script type=\"application\/ld+json\" class=\"yoast-schema-graph\">{\"@context\":\"https:\\\/\\\/schema.org\",\"@graph\":[{\"@type\":\"NewsArticle\",\"@id\":\"https:\\\/\\\/www.textilegence.com\\\/en\\\/panama-itm-2018\\\/#article\",\"isPartOf\":{\"@id\":\"https:\\\/\\\/www.textilegence.com\\\/en\\\/panama-itm-2018\\\/\"},\"author\":{\"name\":\"Engin Buz\",\"@id\":\"https:\\\/\\\/www.textilegence.com\\\/en\\\/#\\\/schema\\\/person\\\/46ccc7bfc34edbc7d46b6b189f88849f\"},\"headline\":\"Panama Participates into ITM 2018 For The First Time\",\"datePublished\":\"2018-03-23T13:04:03+00:00\",\"dateModified\":\"2018-03-23T14:03:30+00:00\",\"mainEntityOfPage\":{\"@id\":\"https:\\\/\\\/www.textilegence.com\\\/en\\\/panama-itm-2018\\\/\"},\"wordCount\":457,\"commentCount\":0,\"publisher\":{\"@id\":\"https:\\\/\\\/www.textilegence.com\\\/en\\\/#organization\"},\"image\":{\"@id\":\"https:\\\/\\\/www.textilegence.com\\\/en\\\/panama-itm-2018\\\/#primaryimage\"},\"thumbnailUrl\":\"https:\\\/\\\/www.textilegence.com\\\/wp-content\\\/uploads\\\/2018\\\/03\\\/itm_textilegence.jpg\",\"keywords\":[\"HIGHTEX\",\"itm 2018\",\"Panama Colon Free Trade Zone\"],\"articleSection\":[\"Trade Fairs\"],\"inLanguage\":\"en-US\",\"potentialAction\":[{\"@type\":\"CommentAction\",\"name\":\"Comment\",\"target\":[\"https:\\\/\\\/www.textilegence.com\\\/en\\\/panama-itm-2018\\\/#respond\"]}]},{\"@type\":\"WebPage\",\"@id\":\"https:\\\/\\\/www.textilegence.com\\\/en\\\/panama-itm-2018\\\/\",\"url\":\"https:\\\/\\\/www.textilegence.com\\\/en\\\/panama-itm-2018\\\/\",\"name\":\"Panama Participates into ITM 2018 For The First Time - Textilegence\",\"isPartOf\":{\"@id\":\"https:\\\/\\\/www.textilegence.com\\\/en\\\/#website\"},\"primaryImageOfPage\":{\"@id\":\"https:\\\/\\\/www.textilegence.com\\\/en\\\/panama-itm-2018\\\/#primaryimage\"},\"image\":{\"@id\":\"https:\\\/\\\/www.textilegence.com\\\/en\\\/panama-itm-2018\\\/#primaryimage\"},\"thumbnailUrl\":\"https:\\\/\\\/www.textilegence.com\\\/wp-content\\\/uploads\\\/2018\\\/03\\\/itm_textilegence.jpg\",\"datePublished\":\"2018-03-23T13:04:03+00:00\",\"dateModified\":\"2018-03-23T14:03:30+00:00\",\"description\":\"A surprise country will take place at the ITM 2018 Exhibition, in which the heart of the textile world will beat and the sector leaders will be introducing their latest technological products, in the present year. The Panama Colon Free Trade Zone, the world's second largest free trade zone, will take part at its booth\",\"breadcrumb\":{\"@id\":\"https:\\\/\\\/www.textilegence.com\\\/en\\\/panama-itm-2018\\\/#breadcrumb\"},\"inLanguage\":\"en-US\",\"potentialAction\":[{\"@type\":\"ReadAction\",\"target\":[\"https:\\\/\\\/www.textilegence.com\\\/en\\\/panama-itm-2018\\\/\"]}]},{\"@type\":\"ImageObject\",\"inLanguage\":\"en-US\",\"@id\":\"https:\\\/\\\/www.textilegence.com\\\/en\\\/panama-itm-2018\\\/#primaryimage\",\"url\":\"https:\\\/\\\/www.textilegence.com\\\/wp-content\\\/uploads\\\/2018\\\/03\\\/itm_textilegence.jpg\",\"contentUrl\":\"https:\\\/\\\/www.textilegence.com\\\/wp-content\\\/uploads\\\/2018\\\/03\\\/itm_textilegence.jpg\",\"width\":742,\"height\":486,\"caption\":\"Panama Participates into ITM 2018 For The First Time\"},{\"@type\":\"BreadcrumbList\",\"@id\":\"https:\\\/\\\/www.textilegence.com\\\/en\\\/panama-itm-2018\\\/#breadcrumb\",\"itemListElement\":[{\"@type\":\"ListItem\",\"position\":1,\"name\":\"Home Page\",\"item\":\"https:\\\/\\\/www.textilegence.com\\\/en\\\/homepage-the-rimont\\\/\"},{\"@type\":\"ListItem\",\"position\":2,\"name\":\"Trade Fairs\",\"item\":\"https:\\\/\\\/www.textilegence.com\\\/en\\\/category\\\/trade-fairs\\\/\"},{\"@type\":\"ListItem\",\"position\":3,\"name\":\"Panama Participates into ITM 2018 For The First Time\"}]},{\"@type\":\"WebSite\",\"@id\":\"https:\\\/\\\/www.textilegence.com\\\/en\\\/#website\",\"url\":\"https:\\\/\\\/www.textilegence.com\\\/en\\\/\",\"name\":\"Textilegence Magazine and Digital Platform\",\"description\":\"Textile News Center\",\"publisher\":{\"@id\":\"https:\\\/\\\/www.textilegence.com\\\/en\\\/#organization\"},\"potentialAction\":[{\"@type\":\"SearchAction\",\"target\":{\"@type\":\"EntryPoint\",\"urlTemplate\":\"https:\\\/\\\/www.textilegence.com\\\/en\\\/?s={search_term_string}\"},\"query-input\":{\"@type\":\"PropertyValueSpecification\",\"valueRequired\":true,\"valueName\":\"search_term_string\"}}],\"inLanguage\":\"en-US\"},{\"@type\":\"Organization\",\"@id\":\"https:\\\/\\\/www.textilegence.com\\\/en\\\/#organization\",\"name\":\"Textilegence Magazine and Digital Platform\",\"url\":\"https:\\\/\\\/www.textilegence.com\\\/en\\\/\",\"logo\":{\"@type\":\"ImageObject\",\"inLanguage\":\"en-US\",\"@id\":\"https:\\\/\\\/www.textilegence.com\\\/en\\\/#\\\/schema\\\/logo\\\/image\\\/\",\"url\":\"https:\\\/\\\/www.textilegence.com\\\/wp-content\\\/uploads\\\/2016\\\/11\\\/New_Retina_Logo_Textilegence.png\",\"contentUrl\":\"https:\\\/\\\/www.textilegence.com\\\/wp-content\\\/uploads\\\/2016\\\/11\\\/New_Retina_Logo_Textilegence.png\",\"width\":544,\"height\":180,\"caption\":\"Textilegence Magazine and Digital Platform\"},\"image\":{\"@id\":\"https:\\\/\\\/www.textilegence.com\\\/en\\\/#\\\/schema\\\/logo\\\/image\\\/\"},\"sameAs\":[\"https:\\\/\\\/www.facebook.com\\\/TextilegenceMagazine\",\"https:\\\/\\\/x.com\\\/textilegence\",\"https:\\\/\\\/www.instagram.com\\\/textilegence\\\/\",\"https:\\\/\\\/www.linkedin.com\\\/groups\\\/Textilegence-Magazine-Digital-Platform-4897253\",\"https:\\\/\\\/www.youtube.com\\\/user\\\/textilegence\"],\"description\":\"Textilegence is a magazine and digital platform established in 2013. It focuses on the textile industry and sub-segments. The platform provides news, articles, and updates on various aspects of the textile industry, including sustainability, technological advancements, and market trends.\",\"email\":\"editor@textilegence.com\",\"telephone\":\"+90 212 442 24 12\",\"legalName\":\"Textilegence Mag and Digital Platform\",\"foundingDate\":\"2013-01-01\",\"numberOfEmployees\":{\"@type\":\"QuantitativeValue\",\"minValue\":\"1\",\"maxValue\":\"10\"}},{\"@type\":\"Person\",\"@id\":\"https:\\\/\\\/www.textilegence.com\\\/en\\\/#\\\/schema\\\/person\\\/46ccc7bfc34edbc7d46b6b189f88849f\",\"name\":\"Engin Buz\",\"image\":{\"@type\":\"ImageObject\",\"inLanguage\":\"en-US\",\"@id\":\"https:\\\/\\\/www.textilegence.com\\\/wp-content\\\/uploads\\\/2018\\\/12\\\/engin-buz.jpg\",\"url\":\"https:\\\/\\\/www.textilegence.com\\\/wp-content\\\/uploads\\\/2018\\\/12\\\/engin-buz.jpg\",\"contentUrl\":\"https:\\\/\\\/www.textilegence.com\\\/wp-content\\\/uploads\\\/2018\\\/12\\\/engin-buz.jpg\",\"caption\":\"Engin Buz\"},\"description\":\"Engin Buz, Ankara \u00dcniversitesi \u0130leti\u015fim Fak\u00fcltesi Gazetecilik B\u00f6l\u00fcm\u00fc\u2019nden mezun olduktan sonra Y\u0131ld\u0131z Teknik \u00dcniversitesi\u2019nde Siyaset Bilimi ve Uluslararas\u0131 \u0130li\u015fkiler alan\u0131nda y\u00fcksek lisans\u0131n\u0131 tamamlam\u0131\u015ft\u0131r. 2000 y\u0131l\u0131ndan sonra \u00e7e\u015fitli yay\u0131nc\u0131l\u0131k \u015firketlerinde \u00e7al\u0131\u015fmaya ba\u015flayarak k\u00fclt\u00fcr-sanat ve daha sonra ekonomi haberleri haz\u0131rlam\u0131\u015ft\u0131r. 2009 y\u0131l\u0131ndan itibaren tekstil end\u00fcstrisine d\u00f6n\u00fck yay\u0131nlarda edit\u00f6r olarak g\u00f6rev alan Buz, 2013 itibariyle kurulan Textilegence\u2019de haber edit\u00f6r\u00fc olarak yer almaya ba\u015flam\u0131\u015ft\u0131r. Engin Buz halen ba\u015fta tekstil ve dijital bask\u0131 end\u00fcstrileri olmak \u00fczere ekonomi haberleri haz\u0131rlamaktad\u0131r.\",\"sameAs\":[\"https:\\\/\\\/www.textilegence.com\",\"https:\\\/\\\/www.facebook.com\\\/TextilegenceMagazine\",\"https:\\\/\\\/www.instagram.com\\\/textilegence\\\/\",\"https:\\\/\\\/www.linkedin.com\\\/in\\\/engin-buz-6190799a\\\/\",\"https:\\\/\\\/x.com\\\/https:\\\/\\\/twitter.com\\\/textilegence\"],\"url\":\"https:\\\/\\\/www.textilegence.com\\\/en\\\/author\\\/engin-buz\\\/\"}]}<\/script>\n<!-- \/ Yoast SEO Premium plugin. -->","yoast_head_json":{"title":"Panama Participates into ITM 2018 For The First Time - Textilegence","description":"A surprise country will take place at the ITM 2018 Exhibition, in which the heart of the textile world will beat and the sector leaders will be introducing their latest technological products, in the present year. The Panama Colon Free Trade Zone, the world's second largest free trade zone, will take part at its booth","robots":{"index":"index","follow":"follow","max-snippet":"max-snippet:-1","max-image-preview":"max-image-preview:large","max-video-preview":"max-video-preview:-1"},"canonical":"https:\/\/www.textilegence.com\/en\/panama-itm-2018\/","og_locale":"en_US","og_type":"article","og_title":"Panama Participates into ITM 2018 For The First Time","og_description":"A surprise country will take place at the ITM 2018 Exhibition, in which the heart of the textile world will beat and the sector leaders will be","og_url":"https:\/\/www.textilegence.com\/en\/panama-itm-2018\/","og_site_name":"Textilegence Magazine and Digital Platform","article_publisher":"https:\/\/www.facebook.com\/TextilegenceMagazine","article_author":"https:\/\/www.facebook.com\/TextilegenceMagazine","article_published_time":"2018-03-23T13:04:03+00:00","article_modified_time":"2018-03-23T14:03:30+00:00","og_image":[{"width":742,"height":486,"url":"https:\/\/www.textilegence.com\/wp-content\/uploads\/2018\/03\/itm_textilegence.jpg","type":"image\/jpeg"}],"author":"Engin Buz","twitter_card":"summary_large_image","twitter_creator":"@https:\/\/twitter.com\/textilegence","twitter_site":"@textilegence","twitter_misc":{"Written by":"Engin Buz","Est. reading time":"2 minutes"},"schema":{"@context":"https:\/\/schema.org","@graph":[{"@type":"NewsArticle","@id":"https:\/\/www.textilegence.com\/en\/panama-itm-2018\/#article","isPartOf":{"@id":"https:\/\/www.textilegence.com\/en\/panama-itm-2018\/"},"author":{"name":"Engin Buz","@id":"https:\/\/www.textilegence.com\/en\/#\/schema\/person\/46ccc7bfc34edbc7d46b6b189f88849f"},"headline":"Panama Participates into ITM 2018 For The First Time","datePublished":"2018-03-23T13:04:03+00:00","dateModified":"2018-03-23T14:03:30+00:00","mainEntityOfPage":{"@id":"https:\/\/www.textilegence.com\/en\/panama-itm-2018\/"},"wordCount":457,"commentCount":0,"publisher":{"@id":"https:\/\/www.textilegence.com\/en\/#organization"},"image":{"@id":"https:\/\/www.textilegence.com\/en\/panama-itm-2018\/#primaryimage"},"thumbnailUrl":"https:\/\/www.textilegence.com\/wp-content\/uploads\/2018\/03\/itm_textilegence.jpg","keywords":["HIGHTEX","itm 2018","Panama Colon Free Trade Zone"],"articleSection":["Trade Fairs"],"inLanguage":"en-US","potentialAction":[{"@type":"CommentAction","name":"Comment","target":["https:\/\/www.textilegence.com\/en\/panama-itm-2018\/#respond"]}]},{"@type":"WebPage","@id":"https:\/\/www.textilegence.com\/en\/panama-itm-2018\/","url":"https:\/\/www.textilegence.com\/en\/panama-itm-2018\/","name":"Panama Participates into ITM 2018 For The First Time - Textilegence","isPartOf":{"@id":"https:\/\/www.textilegence.com\/en\/#website"},"primaryImageOfPage":{"@id":"https:\/\/www.textilegence.com\/en\/panama-itm-2018\/#primaryimage"},"image":{"@id":"https:\/\/www.textilegence.com\/en\/panama-itm-2018\/#primaryimage"},"thumbnailUrl":"https:\/\/www.textilegence.com\/wp-content\/uploads\/2018\/03\/itm_textilegence.jpg","datePublished":"2018-03-23T13:04:03+00:00","dateModified":"2018-03-23T14:03:30+00:00","description":"A surprise country will take place at the ITM 2018 Exhibition, in which the heart of the textile world will beat and the sector leaders will be introducing their latest technological products, in the present year. The Panama Colon Free Trade Zone, the world's second largest free trade zone, will take part at its booth","breadcrumb":{"@id":"https:\/\/www.textilegence.com\/en\/panama-itm-2018\/#breadcrumb"},"inLanguage":"en-US","potentialAction":[{"@type":"ReadAction","target":["https:\/\/www.textilegence.com\/en\/panama-itm-2018\/"]}]},{"@type":"ImageObject","inLanguage":"en-US","@id":"https:\/\/www.textilegence.com\/en\/panama-itm-2018\/#primaryimage","url":"https:\/\/www.textilegence.com\/wp-content\/uploads\/2018\/03\/itm_textilegence.jpg","contentUrl":"https:\/\/www.textilegence.com\/wp-content\/uploads\/2018\/03\/itm_textilegence.jpg","width":742,"height":486,"caption":"Panama Participates into ITM 2018 For The First Time"},{"@type":"BreadcrumbList","@id":"https:\/\/www.textilegence.com\/en\/panama-itm-2018\/#breadcrumb","itemListElement":[{"@type":"ListItem","position":1,"name":"Home Page","item":"https:\/\/www.textilegence.com\/en\/homepage-the-rimont\/"},{"@type":"ListItem","position":2,"name":"Trade Fairs","item":"https:\/\/www.textilegence.com\/en\/category\/trade-fairs\/"},{"@type":"ListItem","position":3,"name":"Panama Participates into ITM 2018 For The First Time"}]},{"@type":"WebSite","@id":"https:\/\/www.textilegence.com\/en\/#website","url":"https:\/\/www.textilegence.com\/en\/","name":"Textilegence Magazine and Digital Platform","description":"Textile News Center","publisher":{"@id":"https:\/\/www.textilegence.com\/en\/#organization"},"potentialAction":[{"@type":"SearchAction","target":{"@type":"EntryPoint","urlTemplate":"https:\/\/www.textilegence.com\/en\/?s={search_term_string}"},"query-input":{"@type":"PropertyValueSpecification","valueRequired":true,"valueName":"search_term_string"}}],"inLanguage":"en-US"},{"@type":"Organization","@id":"https:\/\/www.textilegence.com\/en\/#organization","name":"Textilegence Magazine and Digital Platform","url":"https:\/\/www.textilegence.com\/en\/","logo":{"@type":"ImageObject","inLanguage":"en-US","@id":"https:\/\/www.textilegence.com\/en\/#\/schema\/logo\/image\/","url":"https:\/\/www.textilegence.com\/wp-content\/uploads\/2016\/11\/New_Retina_Logo_Textilegence.png","contentUrl":"https:\/\/www.textilegence.com\/wp-content\/uploads\/2016\/11\/New_Retina_Logo_Textilegence.png","width":544,"height":180,"caption":"Textilegence Magazine and Digital Platform"},"image":{"@id":"https:\/\/www.textilegence.com\/en\/#\/schema\/logo\/image\/"},"sameAs":["https:\/\/www.facebook.com\/TextilegenceMagazine","https:\/\/x.com\/textilegence","https:\/\/www.instagram.com\/textilegence\/","https:\/\/www.linkedin.com\/groups\/Textilegence-Magazine-Digital-Platform-4897253","https:\/\/www.youtube.com\/user\/textilegence"],"description":"Textilegence is a magazine and digital platform established in 2013. It focuses on the textile industry and sub-segments. The platform provides news, articles, and updates on various aspects of the textile industry, including sustainability, technological advancements, and market trends.","email":"editor@textilegence.com","telephone":"+90 212 442 24 12","legalName":"Textilegence Mag and Digital Platform","foundingDate":"2013-01-01","numberOfEmployees":{"@type":"QuantitativeValue","minValue":"1","maxValue":"10"}},{"@type":"Person","@id":"https:\/\/www.textilegence.com\/en\/#\/schema\/person\/46ccc7bfc34edbc7d46b6b189f88849f","name":"Engin Buz","image":{"@type":"ImageObject","inLanguage":"en-US","@id":"https:\/\/www.textilegence.com\/wp-content\/uploads\/2018\/12\/engin-buz.jpg","url":"https:\/\/www.textilegence.com\/wp-content\/uploads\/2018\/12\/engin-buz.jpg","contentUrl":"https:\/\/www.textilegence.com\/wp-content\/uploads\/2018\/12\/engin-buz.jpg","caption":"Engin Buz"},"description":"Engin Buz, Ankara \u00dcniversitesi \u0130leti\u015fim Fak\u00fcltesi Gazetecilik B\u00f6l\u00fcm\u00fc\u2019nden mezun olduktan sonra Y\u0131ld\u0131z Teknik \u00dcniversitesi\u2019nde Siyaset Bilimi ve Uluslararas\u0131 \u0130li\u015fkiler alan\u0131nda y\u00fcksek lisans\u0131n\u0131 tamamlam\u0131\u015ft\u0131r. 2000 y\u0131l\u0131ndan sonra \u00e7e\u015fitli yay\u0131nc\u0131l\u0131k \u015firketlerinde \u00e7al\u0131\u015fmaya ba\u015flayarak k\u00fclt\u00fcr-sanat ve daha sonra ekonomi haberleri haz\u0131rlam\u0131\u015ft\u0131r. 2009 y\u0131l\u0131ndan itibaren tekstil end\u00fcstrisine d\u00f6n\u00fck yay\u0131nlarda edit\u00f6r olarak g\u00f6rev alan Buz, 2013 itibariyle kurulan Textilegence\u2019de haber edit\u00f6r\u00fc olarak yer almaya ba\u015flam\u0131\u015ft\u0131r. Engin Buz halen ba\u015fta tekstil ve dijital bask\u0131 end\u00fcstrileri olmak \u00fczere ekonomi haberleri haz\u0131rlamaktad\u0131r.","sameAs":["https:\/\/www.textilegence.com","https:\/\/www.facebook.com\/TextilegenceMagazine","https:\/\/www.instagram.com\/textilegence\/","https:\/\/www.linkedin.com\/in\/engin-buz-6190799a\/","https:\/\/x.com\/https:\/\/twitter.com\/textilegence"],"url":"https:\/\/www.textilegence.com\/en\/author\/engin-buz\/"}]}},"_links":{"self":[{"href":"https:\/\/www.textilegence.com\/en\/wp-json\/wp\/v2\/posts\/23433","targetHints":{"allow":["GET"]}}],"collection":[{"href":"https:\/\/www.textilegence.com\/en\/wp-json\/wp\/v2\/posts"}],"about":[{"href":"https:\/\/www.textilegence.com\/en\/wp-json\/wp\/v2\/types\/post"}],"author":[{"embeddable":true,"href":"https:\/\/www.textilegence.com\/en\/wp-json\/wp\/v2\/users\/2"}],"replies":[{"embeddable":true,"href":"https:\/\/www.textilegence.com\/en\/wp-json\/wp\/v2\/comments?post=23433"}],"version-history":[{"count":0,"href":"https:\/\/www.textilegence.com\/en\/wp-json\/wp\/v2\/posts\/23433\/revisions"}],"wp:featuredmedia":[{"embeddable":true,"href":"https:\/\/www.textilegence.com\/en\/wp-json\/wp\/v2\/media\/23430"}],"wp:attachment":[{"href":"https:\/\/www.textilegence.com\/en\/wp-json\/wp\/v2\/media?parent=23433"}],"wp:term":[{"taxonomy":"category","embeddable":true,"href":"https:\/\/www.textilegence.com\/en\/wp-json\/wp\/v2\/categories?post=23433"},{"taxonomy":"post_tag","embeddable":true,"href":"https:\/\/www.textilegence.com\/en\/wp-json\/wp\/v2\/tags?post=23433"}],"curies":[{"name":"wp","href":"https:\/\/api.w.org\/{rel}","templated":true}]}}