{"id":23453,"date":"2018-03-28T10:49:57","date_gmt":"2018-03-28T07:49:57","guid":{"rendered":"http:\/\/www.textilegence.com\/?p=23453"},"modified":"2018-03-28T10:59:19","modified_gmt":"2018-03-28T07:59:19","slug":"swiss-machine-itm-2018","status":"publish","type":"post","link":"https:\/\/www.textilegence.com\/en\/swiss-machine-itm-2018\/","title":{"rendered":"Swiss Machine Manufacturers Coming to ITM 2018 to Share Their Vision"},"content":{"rendered":"<figure id=\"attachment_23450\" aria-describedby=\"caption-attachment-23450\" style=\"width: 382px\" class=\"wp-caption alignleft\"><img loading=\"lazy\" decoding=\"async\" class=\"wp-image-23450 size-medium\" src=\"https:\/\/www.textilegence.com\/wp-content\/uploads\/2018\/03\/swissmem_textilegence-382x250.jpg\" alt=\"Swiss Machine Manufacturers Coming to ITM 2018 to Share Their Vision\" width=\"382\" height=\"250\" srcset=\"https:\/\/www.textilegence.com\/wp-content\/uploads\/2018\/03\/swissmem_textilegence-382x250.jpg 382w, https:\/\/www.textilegence.com\/wp-content\/uploads\/2018\/03\/swissmem_textilegence-534x350.jpg 534w, https:\/\/www.textilegence.com\/wp-content\/uploads\/2018\/03\/swissmem_textilegence-696x456.jpg 696w, https:\/\/www.textilegence.com\/wp-content\/uploads\/2018\/03\/swissmem_textilegence-741x486.jpg 741w, https:\/\/www.textilegence.com\/wp-content\/uploads\/2018\/03\/swissmem_textilegence.jpg 742w\" sizes=\"auto, (max-width: 382px) 100vw, 382px\" \/><figcaption id=\"caption-attachment-23450\" class=\"wp-caption-text\">Swiss Machine Manufacturers Coming to ITM 2018 to Share Their Vision<\/figcaption><\/figure>\n<p style=\"text-align: justify;\"><strong>Turkey became the 2nd largest market by importing machinery worth 96.1 million euros from by Swiss textile machinery manufacturers last year. Always paying close attention to Turkish market, Swiss textile machinery manufacturers will make new launches at ITM 2018 and will explain their vision.<\/strong><\/p>\n<p style=\"text-align: justify;\">Several of the technologies used by the Turkish textile industry in the production process bear the signature of Swiss engineering. For Swiss textile machinery manufacturers, Turkey maintained its position and power between the largest markets for a long time. The Swiss machine manufacturers will once again highlight their interest in this market at the ITM 2018. Swiss Textile Machinery Association <a href=\"https:\/\/www.swissmem.ch\/\" target=\"_blank\" rel=\"noopener\">SwissMem<\/a> President <a href=\"https:\/\/www.textilegence.com\/en\/swissmem-has-a-very-positive-view-on-the-global-market\/\" target=\"_blank\" rel=\"noopener\">Ernesto Maurer<\/a> said his members were looking forward to participate in the exhibition.<\/p>\n<p style=\"text-align: justify;\">So far 27 Swiss Companies have registered to the participate in the ITM 2018 according to Maurer, some of them are; Amsler Tex, Benninger, Br\u00e4cker, ConVacc, Crealet, Graf, Heberlein, Hunziker, Jakob M\u00fcller, Loepfe, Polytex, Rieter, Rotorcraft, Santex Rimar, Saurer, SSM, Tr\u00fctzschler, Uster, Xetma Vollenweider. Maurer; \u201cTurkey is and stays a key market for our industry and our members \u2013 so their expectations are high. In terms of connecting with their existing and new customers and also by exploring the current and future market climate.\u201d Maurer stated that their expectations both form the Turkish market and ITM 2018 exhibition is very high.<\/p>\n<h1 style=\"text-align: justify;\"><strong>Swiss textile machinery manufacturers are satisfied with market results for 2017<\/strong><\/h1>\n<p style=\"text-align: justify;\">2017 was a very successful year for the Swiss Textile Machinery manufacturers said Ernesto Maurer announcing very important export numbers. According to that, when compared with the year 2016, exports of the Swiss textile machinery industry totalled 792.9 million euros in the whole of 2017. Exports to China, the largest market, increased by 19% to 113.1 million euros. Exports to Turkey was 96.1 million euros with a 15.3% increase. Exports to India, another important market, declined by 29.6% to 72.9 million euros. Exports to Germany increased by 7.8%, while exports to the US increased by 6%. Maurer said that these figures cover only part of the industry&#8217;s exports; &#8220;However, most of the machines sold come from local production facilities all over the world and are therefore not included in the Swiss export statistics&#8221;.<\/p>\n<h2 style=\"text-align: justify;\"><strong>Innovation and Industry 4.0 will be emphasized<\/strong><\/h2>\n<p style=\"text-align: justify;\">Declaring that some years ago, the Swiss Textile Machinery Association launched a program to support their members in their innovation process, Ernesto Maurer said that this will be highlighted at the ITM 2018 as well. Talking about industry support programs Maurer said;<\/p>\n<p style=\"text-align: justify;\">\u201cEspecially for SME\u2019s we recognise that the task of innovating their portfolio, services and processes is a difficult one. This is mainly due to the lack of resources. Therefore we started an initiative which offers to each of our members to analyse their innovation process and portfolio with an external consultant. This allows them to strengthen their respective capabilities and maybe to even find an additional innovation field outside the traditional textile market. Important is the ability to transform these concepts into marketable products and services. In addition we have just launched Industry 4.0 workshops. We aim to provide to our members support in their Industry 4.0 journey, so they are enabled to develop their products and processes in accordance with the latest needs and with their business strategy\u201d.<\/p>\n<h3 style=\"text-align: justify;\"><strong>Markets and demands are shifting, Swiss companies are ready<\/strong><\/h3>\n<p style=\"text-align: justify;\">Noting the long history of the Swiss textile machinery industry; Ernesto Maurer recalled that many members were founded in the second half of the 19th century; a period of industrialization. Maurer said that these companies have been experiencing ups and downs over the years; and that they have had an outstanding reputation over time and touched the subject of ever shifting markets. \u201cSwitzerland in its fast and flexible manner is not only following those changes; Switzerland is anticipating and sometimes even shaping their respective changes,&#8221; Maurer said and continued;<\/p>\n<p style=\"text-align: justify;\">Having such a long history; the Swiss companies have constantly managed to anticipate changes; developed their business strategy and have continuously evolved. With this history; I am very sure that Swiss companies will also play an eminent role in the (textile) world of tomorrow. The ability to innovate and adapt to a changing environment will ensure that they find solutions to the upcoming challenges. For the seventh year in a row Switzerland is the leading nation for innovation; according to the Geneva-based World Intellectual Property Organization (WIPO). Switzerland has held the top spot since 2011. So I am very confident that the Swiss industry will keep; and even expand its position in the Textile Machinery world.\u201d<\/p>\n","protected":false},"excerpt":{"rendered":"<p>Turkey became the 2nd largest market by importing machinery worth 96.1 million euros from by Swiss textile machinery manufacturers last year. Always paying close attention to Turkish market, Swiss textile machinery manufacturers will make new launches at ITM 2018 and will explain their vision. Several of the technologies used by the Turkish textile industry in [&hellip;]<\/p>\n","protected":false},"author":2,"featured_media":23450,"comment_status":"open","ping_status":"closed","sticky":false,"template":"","format":"standard","meta":{"footnotes":""},"categories":[9859],"tags":[8580,8521,10183,1948],"class_list":{"0":"post-23453","1":"post","2":"type-post","3":"status-publish","4":"format-standard","5":"has-post-thumbnail","7":"category-topical","8":"tag-ernesto-maurer","9":"tag-itm-2018","10":"tag-itm-2018-en","11":"tag-swissmem"},"yoast_head":"<!-- This site is optimized with the Yoast SEO Premium plugin v27.3 (Yoast SEO v27.3) - https:\/\/yoast.com\/product\/yoast-seo-premium-wordpress\/ -->\n<title>Swiss Machine Manufacturers Coming to ITM 2018 - Textilegence<\/title>\n<meta name=\"description\" content=\"Turkey became the 2nd largest market by importing machinery worth 96.1 million euros from by Swiss textile machinery manufacturers last year. Always paying close attention to Turkish market, Swiss textile machinery manufacturers will make new launches at ITM 2018 and will explain their vision.\" \/>\n<meta name=\"robots\" content=\"index, follow, max-snippet:-1, max-image-preview:large, max-video-preview:-1\" \/>\n<link rel=\"canonical\" href=\"https:\/\/www.textilegence.com\/en\/swiss-machine-itm-2018\/\" \/>\n<meta property=\"og:locale\" content=\"en_US\" \/>\n<meta property=\"og:type\" content=\"article\" \/>\n<meta property=\"og:title\" content=\"Swiss Machine Manufacturers Coming to ITM 2018 to Share Their Vision\" \/>\n<meta property=\"og:description\" content=\"Turkey became the 2nd largest market by importing machinery worth 96.1 million euros from by Swiss textile machinery manufacturers last year. Always\" \/>\n<meta property=\"og:url\" content=\"https:\/\/www.textilegence.com\/en\/swiss-machine-itm-2018\/\" \/>\n<meta property=\"og:site_name\" content=\"Textilegence Magazine and Digital Platform\" \/>\n<meta property=\"article:publisher\" content=\"https:\/\/www.facebook.com\/TextilegenceMagazine\" \/>\n<meta property=\"article:author\" content=\"https:\/\/www.facebook.com\/TextilegenceMagazine\" \/>\n<meta property=\"article:published_time\" content=\"2018-03-28T07:49:57+00:00\" \/>\n<meta property=\"article:modified_time\" content=\"2018-03-28T07:59:19+00:00\" \/>\n<meta property=\"og:image\" content=\"https:\/\/www.textilegence.com\/wp-content\/uploads\/2018\/03\/swissmem_textilegence.jpg\" \/>\n\t<meta property=\"og:image:width\" content=\"742\" \/>\n\t<meta property=\"og:image:height\" content=\"486\" \/>\n\t<meta property=\"og:image:type\" content=\"image\/jpeg\" \/>\n<meta name=\"author\" content=\"Engin Buz\" \/>\n<meta name=\"twitter:card\" content=\"summary_large_image\" \/>\n<meta name=\"twitter:creator\" content=\"@https:\/\/twitter.com\/textilegence\" \/>\n<meta name=\"twitter:site\" content=\"@textilegence\" \/>\n<meta name=\"twitter:label1\" content=\"Written by\" \/>\n\t<meta name=\"twitter:data1\" content=\"Engin Buz\" \/>\n\t<meta name=\"twitter:label2\" content=\"Est. reading time\" \/>\n\t<meta name=\"twitter:data2\" content=\"4 minutes\" \/>\n<script type=\"application\/ld+json\" class=\"yoast-schema-graph\">{\"@context\":\"https:\\\/\\\/schema.org\",\"@graph\":[{\"@type\":\"NewsArticle\",\"@id\":\"https:\\\/\\\/www.textilegence.com\\\/en\\\/swiss-machine-itm-2018\\\/#article\",\"isPartOf\":{\"@id\":\"https:\\\/\\\/www.textilegence.com\\\/en\\\/swiss-machine-itm-2018\\\/\"},\"author\":{\"name\":\"Engin Buz\",\"@id\":\"https:\\\/\\\/www.textilegence.com\\\/en\\\/#\\\/schema\\\/person\\\/46ccc7bfc34edbc7d46b6b189f88849f\"},\"headline\":\"Swiss Machine Manufacturers Coming to ITM 2018 to Share Their Vision\",\"datePublished\":\"2018-03-28T07:49:57+00:00\",\"dateModified\":\"2018-03-28T07:59:19+00:00\",\"mainEntityOfPage\":{\"@id\":\"https:\\\/\\\/www.textilegence.com\\\/en\\\/swiss-machine-itm-2018\\\/\"},\"wordCount\":763,\"commentCount\":0,\"publisher\":{\"@id\":\"https:\\\/\\\/www.textilegence.com\\\/en\\\/#organization\"},\"image\":{\"@id\":\"https:\\\/\\\/www.textilegence.com\\\/en\\\/swiss-machine-itm-2018\\\/#primaryimage\"},\"thumbnailUrl\":\"https:\\\/\\\/www.textilegence.com\\\/wp-content\\\/uploads\\\/2018\\\/03\\\/swissmem_textilegence.jpg\",\"keywords\":[\"Ernesto Maurer\",\"itm 2018\",\"itm 2018\",\"swissmem\"],\"articleSection\":[\"Topical\"],\"inLanguage\":\"en-US\",\"potentialAction\":[{\"@type\":\"CommentAction\",\"name\":\"Comment\",\"target\":[\"https:\\\/\\\/www.textilegence.com\\\/en\\\/swiss-machine-itm-2018\\\/#respond\"]}]},{\"@type\":\"WebPage\",\"@id\":\"https:\\\/\\\/www.textilegence.com\\\/en\\\/swiss-machine-itm-2018\\\/\",\"url\":\"https:\\\/\\\/www.textilegence.com\\\/en\\\/swiss-machine-itm-2018\\\/\",\"name\":\"Swiss Machine Manufacturers Coming to ITM 2018 - Textilegence\",\"isPartOf\":{\"@id\":\"https:\\\/\\\/www.textilegence.com\\\/en\\\/#website\"},\"primaryImageOfPage\":{\"@id\":\"https:\\\/\\\/www.textilegence.com\\\/en\\\/swiss-machine-itm-2018\\\/#primaryimage\"},\"image\":{\"@id\":\"https:\\\/\\\/www.textilegence.com\\\/en\\\/swiss-machine-itm-2018\\\/#primaryimage\"},\"thumbnailUrl\":\"https:\\\/\\\/www.textilegence.com\\\/wp-content\\\/uploads\\\/2018\\\/03\\\/swissmem_textilegence.jpg\",\"datePublished\":\"2018-03-28T07:49:57+00:00\",\"dateModified\":\"2018-03-28T07:59:19+00:00\",\"description\":\"Turkey became the 2nd largest market by importing machinery worth 96.1 million euros from by Swiss textile machinery manufacturers last year. Always paying close attention to Turkish market, Swiss textile machinery manufacturers will make new launches at ITM 2018 and will explain their vision.\",\"breadcrumb\":{\"@id\":\"https:\\\/\\\/www.textilegence.com\\\/en\\\/swiss-machine-itm-2018\\\/#breadcrumb\"},\"inLanguage\":\"en-US\",\"potentialAction\":[{\"@type\":\"ReadAction\",\"target\":[\"https:\\\/\\\/www.textilegence.com\\\/en\\\/swiss-machine-itm-2018\\\/\"]}]},{\"@type\":\"ImageObject\",\"inLanguage\":\"en-US\",\"@id\":\"https:\\\/\\\/www.textilegence.com\\\/en\\\/swiss-machine-itm-2018\\\/#primaryimage\",\"url\":\"https:\\\/\\\/www.textilegence.com\\\/wp-content\\\/uploads\\\/2018\\\/03\\\/swissmem_textilegence.jpg\",\"contentUrl\":\"https:\\\/\\\/www.textilegence.com\\\/wp-content\\\/uploads\\\/2018\\\/03\\\/swissmem_textilegence.jpg\",\"width\":742,\"height\":486,\"caption\":\"Swiss Machine Manufacturers Coming to ITM 2018 to Share Their Vision\"},{\"@type\":\"BreadcrumbList\",\"@id\":\"https:\\\/\\\/www.textilegence.com\\\/en\\\/swiss-machine-itm-2018\\\/#breadcrumb\",\"itemListElement\":[{\"@type\":\"ListItem\",\"position\":1,\"name\":\"Home Page\",\"item\":\"https:\\\/\\\/www.textilegence.com\\\/en\\\/homepage-the-rimont\\\/\"},{\"@type\":\"ListItem\",\"position\":2,\"name\":\"Topical\",\"item\":\"https:\\\/\\\/www.textilegence.com\\\/en\\\/category\\\/topical\\\/\"},{\"@type\":\"ListItem\",\"position\":3,\"name\":\"Swiss Machine Manufacturers Coming to ITM 2018 to Share Their Vision\"}]},{\"@type\":\"WebSite\",\"@id\":\"https:\\\/\\\/www.textilegence.com\\\/en\\\/#website\",\"url\":\"https:\\\/\\\/www.textilegence.com\\\/en\\\/\",\"name\":\"Textilegence Magazine and Digital Platform\",\"description\":\"Textile News Center\",\"publisher\":{\"@id\":\"https:\\\/\\\/www.textilegence.com\\\/en\\\/#organization\"},\"potentialAction\":[{\"@type\":\"SearchAction\",\"target\":{\"@type\":\"EntryPoint\",\"urlTemplate\":\"https:\\\/\\\/www.textilegence.com\\\/en\\\/?s={search_term_string}\"},\"query-input\":{\"@type\":\"PropertyValueSpecification\",\"valueRequired\":true,\"valueName\":\"search_term_string\"}}],\"inLanguage\":\"en-US\"},{\"@type\":\"Organization\",\"@id\":\"https:\\\/\\\/www.textilegence.com\\\/en\\\/#organization\",\"name\":\"Textilegence Magazine and Digital Platform\",\"url\":\"https:\\\/\\\/www.textilegence.com\\\/en\\\/\",\"logo\":{\"@type\":\"ImageObject\",\"inLanguage\":\"en-US\",\"@id\":\"https:\\\/\\\/www.textilegence.com\\\/en\\\/#\\\/schema\\\/logo\\\/image\\\/\",\"url\":\"https:\\\/\\\/www.textilegence.com\\\/wp-content\\\/uploads\\\/2016\\\/11\\\/New_Retina_Logo_Textilegence.png\",\"contentUrl\":\"https:\\\/\\\/www.textilegence.com\\\/wp-content\\\/uploads\\\/2016\\\/11\\\/New_Retina_Logo_Textilegence.png\",\"width\":544,\"height\":180,\"caption\":\"Textilegence Magazine and Digital Platform\"},\"image\":{\"@id\":\"https:\\\/\\\/www.textilegence.com\\\/en\\\/#\\\/schema\\\/logo\\\/image\\\/\"},\"sameAs\":[\"https:\\\/\\\/www.facebook.com\\\/TextilegenceMagazine\",\"https:\\\/\\\/x.com\\\/textilegence\",\"https:\\\/\\\/www.instagram.com\\\/textilegence\\\/\",\"https:\\\/\\\/www.linkedin.com\\\/groups\\\/Textilegence-Magazine-Digital-Platform-4897253\",\"https:\\\/\\\/www.youtube.com\\\/user\\\/textilegence\"],\"description\":\"Textilegence is a magazine and digital platform established in 2013. It focuses on the textile industry and sub-segments. The platform provides news, articles, and updates on various aspects of the textile industry, including sustainability, technological advancements, and market trends.\",\"email\":\"editor@textilegence.com\",\"telephone\":\"+90 212 442 24 12\",\"legalName\":\"Textilegence Mag and Digital Platform\",\"foundingDate\":\"2013-01-01\",\"numberOfEmployees\":{\"@type\":\"QuantitativeValue\",\"minValue\":\"1\",\"maxValue\":\"10\"}},{\"@type\":\"Person\",\"@id\":\"https:\\\/\\\/www.textilegence.com\\\/en\\\/#\\\/schema\\\/person\\\/46ccc7bfc34edbc7d46b6b189f88849f\",\"name\":\"Engin Buz\",\"image\":{\"@type\":\"ImageObject\",\"inLanguage\":\"en-US\",\"@id\":\"https:\\\/\\\/www.textilegence.com\\\/wp-content\\\/uploads\\\/2018\\\/12\\\/engin-buz.jpg\",\"url\":\"https:\\\/\\\/www.textilegence.com\\\/wp-content\\\/uploads\\\/2018\\\/12\\\/engin-buz.jpg\",\"contentUrl\":\"https:\\\/\\\/www.textilegence.com\\\/wp-content\\\/uploads\\\/2018\\\/12\\\/engin-buz.jpg\",\"caption\":\"Engin Buz\"},\"description\":\"Engin Buz, Ankara \u00dcniversitesi \u0130leti\u015fim Fak\u00fcltesi Gazetecilik B\u00f6l\u00fcm\u00fc\u2019nden mezun olduktan sonra Y\u0131ld\u0131z Teknik \u00dcniversitesi\u2019nde Siyaset Bilimi ve Uluslararas\u0131 \u0130li\u015fkiler alan\u0131nda y\u00fcksek lisans\u0131n\u0131 tamamlam\u0131\u015ft\u0131r. 2000 y\u0131l\u0131ndan sonra \u00e7e\u015fitli yay\u0131nc\u0131l\u0131k \u015firketlerinde \u00e7al\u0131\u015fmaya ba\u015flayarak k\u00fclt\u00fcr-sanat ve daha sonra ekonomi haberleri haz\u0131rlam\u0131\u015ft\u0131r. 2009 y\u0131l\u0131ndan itibaren tekstil end\u00fcstrisine d\u00f6n\u00fck yay\u0131nlarda edit\u00f6r olarak g\u00f6rev alan Buz, 2013 itibariyle kurulan Textilegence\u2019de haber edit\u00f6r\u00fc olarak yer almaya ba\u015flam\u0131\u015ft\u0131r. Engin Buz halen ba\u015fta tekstil ve dijital bask\u0131 end\u00fcstrileri olmak \u00fczere ekonomi haberleri haz\u0131rlamaktad\u0131r.\",\"sameAs\":[\"https:\\\/\\\/www.textilegence.com\",\"https:\\\/\\\/www.facebook.com\\\/TextilegenceMagazine\",\"https:\\\/\\\/www.instagram.com\\\/textilegence\\\/\",\"https:\\\/\\\/www.linkedin.com\\\/in\\\/engin-buz-6190799a\\\/\",\"https:\\\/\\\/x.com\\\/https:\\\/\\\/twitter.com\\\/textilegence\"],\"url\":\"https:\\\/\\\/www.textilegence.com\\\/en\\\/author\\\/engin-buz\\\/\"}]}<\/script>\n<!-- \/ Yoast SEO Premium plugin. -->","yoast_head_json":{"title":"Swiss Machine Manufacturers Coming to ITM 2018 - Textilegence","description":"Turkey became the 2nd largest market by importing machinery worth 96.1 million euros from by Swiss textile machinery manufacturers last year. Always paying close attention to Turkish market, Swiss textile machinery manufacturers will make new launches at ITM 2018 and will explain their vision.","robots":{"index":"index","follow":"follow","max-snippet":"max-snippet:-1","max-image-preview":"max-image-preview:large","max-video-preview":"max-video-preview:-1"},"canonical":"https:\/\/www.textilegence.com\/en\/swiss-machine-itm-2018\/","og_locale":"en_US","og_type":"article","og_title":"Swiss Machine Manufacturers Coming to ITM 2018 to Share Their Vision","og_description":"Turkey became the 2nd largest market by importing machinery worth 96.1 million euros from by Swiss textile machinery manufacturers last year. Always","og_url":"https:\/\/www.textilegence.com\/en\/swiss-machine-itm-2018\/","og_site_name":"Textilegence Magazine and Digital Platform","article_publisher":"https:\/\/www.facebook.com\/TextilegenceMagazine","article_author":"https:\/\/www.facebook.com\/TextilegenceMagazine","article_published_time":"2018-03-28T07:49:57+00:00","article_modified_time":"2018-03-28T07:59:19+00:00","og_image":[{"width":742,"height":486,"url":"https:\/\/www.textilegence.com\/wp-content\/uploads\/2018\/03\/swissmem_textilegence.jpg","type":"image\/jpeg"}],"author":"Engin Buz","twitter_card":"summary_large_image","twitter_creator":"@https:\/\/twitter.com\/textilegence","twitter_site":"@textilegence","twitter_misc":{"Written by":"Engin Buz","Est. reading time":"4 minutes"},"schema":{"@context":"https:\/\/schema.org","@graph":[{"@type":"NewsArticle","@id":"https:\/\/www.textilegence.com\/en\/swiss-machine-itm-2018\/#article","isPartOf":{"@id":"https:\/\/www.textilegence.com\/en\/swiss-machine-itm-2018\/"},"author":{"name":"Engin Buz","@id":"https:\/\/www.textilegence.com\/en\/#\/schema\/person\/46ccc7bfc34edbc7d46b6b189f88849f"},"headline":"Swiss Machine Manufacturers Coming to ITM 2018 to Share Their Vision","datePublished":"2018-03-28T07:49:57+00:00","dateModified":"2018-03-28T07:59:19+00:00","mainEntityOfPage":{"@id":"https:\/\/www.textilegence.com\/en\/swiss-machine-itm-2018\/"},"wordCount":763,"commentCount":0,"publisher":{"@id":"https:\/\/www.textilegence.com\/en\/#organization"},"image":{"@id":"https:\/\/www.textilegence.com\/en\/swiss-machine-itm-2018\/#primaryimage"},"thumbnailUrl":"https:\/\/www.textilegence.com\/wp-content\/uploads\/2018\/03\/swissmem_textilegence.jpg","keywords":["Ernesto Maurer","itm 2018","itm 2018","swissmem"],"articleSection":["Topical"],"inLanguage":"en-US","potentialAction":[{"@type":"CommentAction","name":"Comment","target":["https:\/\/www.textilegence.com\/en\/swiss-machine-itm-2018\/#respond"]}]},{"@type":"WebPage","@id":"https:\/\/www.textilegence.com\/en\/swiss-machine-itm-2018\/","url":"https:\/\/www.textilegence.com\/en\/swiss-machine-itm-2018\/","name":"Swiss Machine Manufacturers Coming to ITM 2018 - Textilegence","isPartOf":{"@id":"https:\/\/www.textilegence.com\/en\/#website"},"primaryImageOfPage":{"@id":"https:\/\/www.textilegence.com\/en\/swiss-machine-itm-2018\/#primaryimage"},"image":{"@id":"https:\/\/www.textilegence.com\/en\/swiss-machine-itm-2018\/#primaryimage"},"thumbnailUrl":"https:\/\/www.textilegence.com\/wp-content\/uploads\/2018\/03\/swissmem_textilegence.jpg","datePublished":"2018-03-28T07:49:57+00:00","dateModified":"2018-03-28T07:59:19+00:00","description":"Turkey became the 2nd largest market by importing machinery worth 96.1 million euros from by Swiss textile machinery manufacturers last year. Always paying close attention to Turkish market, Swiss textile machinery manufacturers will make new launches at ITM 2018 and will explain their vision.","breadcrumb":{"@id":"https:\/\/www.textilegence.com\/en\/swiss-machine-itm-2018\/#breadcrumb"},"inLanguage":"en-US","potentialAction":[{"@type":"ReadAction","target":["https:\/\/www.textilegence.com\/en\/swiss-machine-itm-2018\/"]}]},{"@type":"ImageObject","inLanguage":"en-US","@id":"https:\/\/www.textilegence.com\/en\/swiss-machine-itm-2018\/#primaryimage","url":"https:\/\/www.textilegence.com\/wp-content\/uploads\/2018\/03\/swissmem_textilegence.jpg","contentUrl":"https:\/\/www.textilegence.com\/wp-content\/uploads\/2018\/03\/swissmem_textilegence.jpg","width":742,"height":486,"caption":"Swiss Machine Manufacturers Coming to ITM 2018 to Share Their Vision"},{"@type":"BreadcrumbList","@id":"https:\/\/www.textilegence.com\/en\/swiss-machine-itm-2018\/#breadcrumb","itemListElement":[{"@type":"ListItem","position":1,"name":"Home Page","item":"https:\/\/www.textilegence.com\/en\/homepage-the-rimont\/"},{"@type":"ListItem","position":2,"name":"Topical","item":"https:\/\/www.textilegence.com\/en\/category\/topical\/"},{"@type":"ListItem","position":3,"name":"Swiss Machine Manufacturers Coming to ITM 2018 to Share Their Vision"}]},{"@type":"WebSite","@id":"https:\/\/www.textilegence.com\/en\/#website","url":"https:\/\/www.textilegence.com\/en\/","name":"Textilegence Magazine and Digital Platform","description":"Textile News Center","publisher":{"@id":"https:\/\/www.textilegence.com\/en\/#organization"},"potentialAction":[{"@type":"SearchAction","target":{"@type":"EntryPoint","urlTemplate":"https:\/\/www.textilegence.com\/en\/?s={search_term_string}"},"query-input":{"@type":"PropertyValueSpecification","valueRequired":true,"valueName":"search_term_string"}}],"inLanguage":"en-US"},{"@type":"Organization","@id":"https:\/\/www.textilegence.com\/en\/#organization","name":"Textilegence Magazine and Digital Platform","url":"https:\/\/www.textilegence.com\/en\/","logo":{"@type":"ImageObject","inLanguage":"en-US","@id":"https:\/\/www.textilegence.com\/en\/#\/schema\/logo\/image\/","url":"https:\/\/www.textilegence.com\/wp-content\/uploads\/2016\/11\/New_Retina_Logo_Textilegence.png","contentUrl":"https:\/\/www.textilegence.com\/wp-content\/uploads\/2016\/11\/New_Retina_Logo_Textilegence.png","width":544,"height":180,"caption":"Textilegence Magazine and Digital Platform"},"image":{"@id":"https:\/\/www.textilegence.com\/en\/#\/schema\/logo\/image\/"},"sameAs":["https:\/\/www.facebook.com\/TextilegenceMagazine","https:\/\/x.com\/textilegence","https:\/\/www.instagram.com\/textilegence\/","https:\/\/www.linkedin.com\/groups\/Textilegence-Magazine-Digital-Platform-4897253","https:\/\/www.youtube.com\/user\/textilegence"],"description":"Textilegence is a magazine and digital platform established in 2013. It focuses on the textile industry and sub-segments. The platform provides news, articles, and updates on various aspects of the textile industry, including sustainability, technological advancements, and market trends.","email":"editor@textilegence.com","telephone":"+90 212 442 24 12","legalName":"Textilegence Mag and Digital Platform","foundingDate":"2013-01-01","numberOfEmployees":{"@type":"QuantitativeValue","minValue":"1","maxValue":"10"}},{"@type":"Person","@id":"https:\/\/www.textilegence.com\/en\/#\/schema\/person\/46ccc7bfc34edbc7d46b6b189f88849f","name":"Engin Buz","image":{"@type":"ImageObject","inLanguage":"en-US","@id":"https:\/\/www.textilegence.com\/wp-content\/uploads\/2018\/12\/engin-buz.jpg","url":"https:\/\/www.textilegence.com\/wp-content\/uploads\/2018\/12\/engin-buz.jpg","contentUrl":"https:\/\/www.textilegence.com\/wp-content\/uploads\/2018\/12\/engin-buz.jpg","caption":"Engin Buz"},"description":"Engin Buz, Ankara \u00dcniversitesi \u0130leti\u015fim Fak\u00fcltesi Gazetecilik B\u00f6l\u00fcm\u00fc\u2019nden mezun olduktan sonra Y\u0131ld\u0131z Teknik \u00dcniversitesi\u2019nde Siyaset Bilimi ve Uluslararas\u0131 \u0130li\u015fkiler alan\u0131nda y\u00fcksek lisans\u0131n\u0131 tamamlam\u0131\u015ft\u0131r. 2000 y\u0131l\u0131ndan sonra \u00e7e\u015fitli yay\u0131nc\u0131l\u0131k \u015firketlerinde \u00e7al\u0131\u015fmaya ba\u015flayarak k\u00fclt\u00fcr-sanat ve daha sonra ekonomi haberleri haz\u0131rlam\u0131\u015ft\u0131r. 2009 y\u0131l\u0131ndan itibaren tekstil end\u00fcstrisine d\u00f6n\u00fck yay\u0131nlarda edit\u00f6r olarak g\u00f6rev alan Buz, 2013 itibariyle kurulan Textilegence\u2019de haber edit\u00f6r\u00fc olarak yer almaya ba\u015flam\u0131\u015ft\u0131r. Engin Buz halen ba\u015fta tekstil ve dijital bask\u0131 end\u00fcstrileri olmak \u00fczere ekonomi haberleri haz\u0131rlamaktad\u0131r.","sameAs":["https:\/\/www.textilegence.com","https:\/\/www.facebook.com\/TextilegenceMagazine","https:\/\/www.instagram.com\/textilegence\/","https:\/\/www.linkedin.com\/in\/engin-buz-6190799a\/","https:\/\/x.com\/https:\/\/twitter.com\/textilegence"],"url":"https:\/\/www.textilegence.com\/en\/author\/engin-buz\/"}]}},"_links":{"self":[{"href":"https:\/\/www.textilegence.com\/en\/wp-json\/wp\/v2\/posts\/23453","targetHints":{"allow":["GET"]}}],"collection":[{"href":"https:\/\/www.textilegence.com\/en\/wp-json\/wp\/v2\/posts"}],"about":[{"href":"https:\/\/www.textilegence.com\/en\/wp-json\/wp\/v2\/types\/post"}],"author":[{"embeddable":true,"href":"https:\/\/www.textilegence.com\/en\/wp-json\/wp\/v2\/users\/2"}],"replies":[{"embeddable":true,"href":"https:\/\/www.textilegence.com\/en\/wp-json\/wp\/v2\/comments?post=23453"}],"version-history":[{"count":0,"href":"https:\/\/www.textilegence.com\/en\/wp-json\/wp\/v2\/posts\/23453\/revisions"}],"wp:featuredmedia":[{"embeddable":true,"href":"https:\/\/www.textilegence.com\/en\/wp-json\/wp\/v2\/media\/23450"}],"wp:attachment":[{"href":"https:\/\/www.textilegence.com\/en\/wp-json\/wp\/v2\/media?parent=23453"}],"wp:term":[{"taxonomy":"category","embeddable":true,"href":"https:\/\/www.textilegence.com\/en\/wp-json\/wp\/v2\/categories?post=23453"},{"taxonomy":"post_tag","embeddable":true,"href":"https:\/\/www.textilegence.com\/en\/wp-json\/wp\/v2\/tags?post=23453"}],"curies":[{"name":"wp","href":"https:\/\/api.w.org\/{rel}","templated":true}]}}