{"id":23528,"date":"2018-03-30T13:29:44","date_gmt":"2018-03-30T10:29:44","guid":{"rendered":"http:\/\/www.textilegence.com\/?p=23528"},"modified":"2018-06-13T17:21:40","modified_gmt":"2018-06-13T14:21:40","slug":"kornit-microfactory-itm-2018","status":"publish","type":"post","link":"https:\/\/www.textilegence.com\/en\/kornit-microfactory-itm-2018\/","title":{"rendered":"Teta\u015f and Kornit Digital Bring a Microfactory to ITM 2018"},"content":{"rendered":"<figure id=\"attachment_23526\" aria-describedby=\"caption-attachment-23526\" style=\"width: 382px\" class=\"wp-caption alignleft\"><img loading=\"lazy\" decoding=\"async\" class=\"wp-image-23526 size-medium\" src=\"https:\/\/www.textilegence.com\/wp-content\/uploads\/2018\/03\/kornit_digital_textilegence-382x250.jpg\" alt=\"Teta\u015f and Kornit Digital Bring a Microfactory to ITM 2018\" width=\"382\" height=\"250\" srcset=\"https:\/\/www.textilegence.com\/wp-content\/uploads\/2018\/03\/kornit_digital_textilegence-382x250.jpg 382w, https:\/\/www.textilegence.com\/wp-content\/uploads\/2018\/03\/kornit_digital_textilegence-534x350.jpg 534w, https:\/\/www.textilegence.com\/wp-content\/uploads\/2018\/03\/kornit_digital_textilegence-696x456.jpg 696w, https:\/\/www.textilegence.com\/wp-content\/uploads\/2018\/03\/kornit_digital_textilegence-741x486.jpg 741w, https:\/\/www.textilegence.com\/wp-content\/uploads\/2018\/03\/kornit_digital_textilegence.jpg 742w\" sizes=\"auto, (max-width: 382px) 100vw, 382px\" \/><figcaption id=\"caption-attachment-23526\" class=\"wp-caption-text\">Teta\u015f and Kornit Digital Bring a Microfactory to ITM 2018<\/figcaption><\/figure>\n<p style=\"text-align: justify;\"><strong>Allegro and Storm Duo models that will be exhibited at Teta\u015f\u2019s ITM booth, Kornit Digtial underlines the growth target in the Turkish market.\u00a0Allegro will also be the main part of the microfactory that will be found at Teta\u015f booth. This microfactory will produce small gift items throughout the fair.<\/strong><\/p>\n<p style=\"text-align: justify;\">Teta\u015f, one of the important technology suppliers of the Turkish apparel and clothing industry, takes part in the ITM 2018 exhibition with the brands they represent, especially <a href=\"https:\/\/www.kornit.com\/\" target=\"_blank\" rel=\"noopener\">Kornit Digital<\/a>. Hosting their visitors with a special concept in Hall 7 booth 710C and 711C, Teta\u015f will present textile machines and <a href=\"https:\/\/www.textilegence.com\/en\/kornit-digital-avalanche-new\/\" target=\"_blank\" rel=\"noopener\">digital printing solutions<\/a> in two separate sections. In the textile section of Teta\u015f booth; Shima Seiki knitting, Tajima Embroidery, Unitex circular knitting, Pegasus\/Zoje Sewing and other solutions will be present. Teta\u015f Digital Printing Solutions, where visitors are expected to show a lot of interest, is at the centre of the booth area with Kornit Digital. Polyprint, Shima Seiki SIP and Roland DG solutions will also be available here.<\/p>\n<p style=\"text-align: justify;\">The solutions Kornit Digital has developed for different production demands will take an important place in the digital area of the booth. The industrial solution for direct-to-garment; Kornit Storm Duo is aimed at manufacturers of baby products, especially in Bursa market. The Kornit Allegro solution for roller printing (R2R) with the ability to perform all printing in one step with zero water usage will be the focus of manufacturers and brands looking for environmentally friendly printing solutions. Polyprint DTG (direct-to-garment printing) solutions meet the needs of entry level producers. Roland DG sublimation printer for polyester, which they have started to sell for the first time in the past months, will be presented with the printing paper and ink provided by Teta\u015f. Shima Seiki\u2019s SIP textile printer of which the name is almost integrated with Teta\u015f in the Turkish market provides reactive printing for tricot \/ knitted products.<\/p>\n<h1 style=\"text-align: justify;\"><strong>Allegro will be the heart of the microfactory<\/strong><\/h1>\n<p style=\"text-align: justify;\">The Teta\u015f booth will have a different design to emphasize the innovative power of digital printing. Kornit&#8217;s Allegro model will use new neon inks for the pigment industry. A neon tent stand will be set up to make these neon coloured prints more distinctive. In this tent, visitors will be able to experience the print power of the Kornit machines in neon colors.<\/p>\n<p style=\"text-align: justify;\">Allegro will also be the main part of the microfactory that will be found at Teta\u015f booth. This microfactory will produce small gift items throughout the fair. The integrated machines are as follows; Allegro (printing), Shima Cutter (single cut cutter with camera option), Zoe sewing machine (template machine), Tajima SAI (embroidery), Pegasus (sewing).<\/p>\n<h2 style=\"text-align: justify;\"><strong>Oliver Luedtke : We are at a very well positioned point in the Turkish market<\/strong><\/h2>\n<p style=\"text-align: justify;\">Providing information to Textilegence about \u00a0Kornit&#8217;s participation at ITM 2018 with the booth of their Turkey channel partner Teta\u015f, Kornit Digital Europe GmbH EMEA Marketing Director Oliver Luedtke underlined the importance given to the Turkish market. Luedtke; &#8220;The growing number of Allegro and other direct-to-garment printing systems installation for the facilities in the Turkish market, shows us that we are at a very well positioned point in the Turkish market. In the near future we expect a significant growth in Turkey\u201d.<\/p>\n<p style=\"text-align: justify;\">Kornit\u2019s Allegro is a unique roll-to-roll textile printer, based on patented NeoPigment Intenso inks. It is 1,80m wide, prints 100 linear meters per hour; and produces great, vibrant color based on a CMYK+R+G+Grey color model. Because it is pigment-based, it will print on all fiber types (cotton, polyester, wool, silk, etc.) with the same ink, and fabrics will be cured by a hot air dryer that is part of the solution. No steaming, no washing are required.<\/p>\n<h3><strong>Style of production that does not require water<\/strong><\/h3>\n<p style=\"text-align: justify;\">Oliver Luedtke stated that the printing systems of Kornit provide a great advantage to the installations; with minimal space and infrastructure requirements. In addition to the technical advantages of these systems, Luedtke also listed other outstanding features as follows; &#8220;One of the most important issues for Kornit is the style of production that does not require water. Thus, it is possible to make an environmentally friendly production. Our solutions, especially at Kornit Allegro, offer investors the opportunity to enter profitable areas that have never been possible before. At this rate, the return on investment costs can be much faster.&#8221;<\/p>\n<p style=\"text-align: justify;\">ITM is accepted as an international fair according to Luedtke; and he shared his expectations visitor wise from Middle East countries; Russia, Eastern Europe and North Africa countries as well as Turkish visitors. Luedtke; &#8220;We are targeting especially apparel manufacturers (who mainly asking their printing job to outside); baby wear producers, screenprinters, embroidery producers; and printing people who are already in printing business with entry level machines and\u00a0 wants to grow up\u201d.<\/p>\n<p style=\"text-align: justify;\">\n","protected":false},"excerpt":{"rendered":"<p>Allegro and Storm Duo models that will be exhibited at Teta\u015f\u2019s ITM booth, Kornit Digtial underlines the growth target in the Turkish market.\u00a0Allegro will also be the main part of the microfactory that will be found at Teta\u015f booth. This microfactory will produce small gift items throughout the fair. Teta\u015f, one of the important technology [&hellip;]<\/p>\n","protected":false},"author":2,"featured_media":23526,"comment_status":"open","ping_status":"closed","sticky":false,"template":"","format":"standard","meta":{"footnotes":""},"categories":[9853,9859],"tags":[10183,10055,10319],"class_list":{"0":"post-23528","1":"post","2":"type-post","3":"status-publish","4":"format-standard","5":"has-post-thumbnail","7":"category-printing","8":"category-topical","9":"tag-itm-2018-en","10":"tag-kornit-digital-en","11":"tag-kornit-digital-allegro"},"yoast_head":"<!-- This site is optimized with the Yoast SEO Premium plugin v27.3 (Yoast SEO v27.3) - https:\/\/yoast.com\/product\/yoast-seo-premium-wordpress\/ -->\n<title>Microfactory by Teta\u015f and Kornit Digital at ITM 2018 - Textilegence<\/title>\n<meta name=\"description\" content=\"Allegro and Storm Duo models that will be exhibited at Teta\u015f\u2019s ITM booth, Kornit Digtial underlines the growth target in the Turkish market.\u00a0Allegro will also be the main part of the microfactory that will be found at Teta\u015f booth. This microfactory will produce small gift items throughout the fair.\" \/>\n<meta name=\"robots\" content=\"index, follow, max-snippet:-1, max-image-preview:large, max-video-preview:-1\" \/>\n<link rel=\"canonical\" href=\"https:\/\/www.textilegence.com\/en\/kornit-microfactory-itm-2018\/\" \/>\n<meta property=\"og:locale\" content=\"en_US\" \/>\n<meta property=\"og:type\" content=\"article\" \/>\n<meta property=\"og:title\" content=\"Teta\u015f and Kornit Digital Bring a Microfactory to ITM 2018\" \/>\n<meta property=\"og:description\" content=\"Allegro and Storm Duo models that will be exhibited at Teta\u015f\u2019s ITM booth, Kornit Digtial underlines the growth target in the Turkish market.\u00a0Allegro will\" \/>\n<meta property=\"og:url\" content=\"https:\/\/www.textilegence.com\/en\/kornit-microfactory-itm-2018\/\" \/>\n<meta property=\"og:site_name\" content=\"Textilegence Magazine and Digital Platform\" \/>\n<meta property=\"article:publisher\" content=\"https:\/\/www.facebook.com\/TextilegenceMagazine\" \/>\n<meta property=\"article:author\" content=\"https:\/\/www.facebook.com\/TextilegenceMagazine\" \/>\n<meta property=\"article:published_time\" content=\"2018-03-30T10:29:44+00:00\" \/>\n<meta property=\"article:modified_time\" content=\"2018-06-13T14:21:40+00:00\" \/>\n<meta property=\"og:image\" content=\"https:\/\/www.textilegence.com\/wp-content\/uploads\/2018\/03\/kornit_digital_textilegence.jpg\" \/>\n\t<meta property=\"og:image:width\" content=\"742\" \/>\n\t<meta property=\"og:image:height\" content=\"486\" \/>\n\t<meta property=\"og:image:type\" content=\"image\/jpeg\" \/>\n<meta name=\"author\" content=\"Engin Buz\" \/>\n<meta name=\"twitter:card\" content=\"summary_large_image\" \/>\n<meta name=\"twitter:creator\" content=\"@https:\/\/twitter.com\/textilegence\" \/>\n<meta name=\"twitter:site\" content=\"@textilegence\" \/>\n<meta name=\"twitter:label1\" content=\"Written by\" \/>\n\t<meta name=\"twitter:data1\" content=\"Engin Buz\" \/>\n\t<meta name=\"twitter:label2\" content=\"Est. reading time\" \/>\n\t<meta name=\"twitter:data2\" content=\"4 minutes\" \/>\n<script type=\"application\/ld+json\" class=\"yoast-schema-graph\">{\"@context\":\"https:\\\/\\\/schema.org\",\"@graph\":[{\"@type\":\"NewsArticle\",\"@id\":\"https:\\\/\\\/www.textilegence.com\\\/en\\\/kornit-microfactory-itm-2018\\\/#article\",\"isPartOf\":{\"@id\":\"https:\\\/\\\/www.textilegence.com\\\/en\\\/kornit-microfactory-itm-2018\\\/\"},\"author\":{\"name\":\"Engin Buz\",\"@id\":\"https:\\\/\\\/www.textilegence.com\\\/en\\\/#\\\/schema\\\/person\\\/46ccc7bfc34edbc7d46b6b189f88849f\"},\"headline\":\"Teta\u015f and Kornit Digital Bring a Microfactory to ITM 2018\",\"datePublished\":\"2018-03-30T10:29:44+00:00\",\"dateModified\":\"2018-06-13T14:21:40+00:00\",\"mainEntityOfPage\":{\"@id\":\"https:\\\/\\\/www.textilegence.com\\\/en\\\/kornit-microfactory-itm-2018\\\/\"},\"wordCount\":819,\"commentCount\":0,\"publisher\":{\"@id\":\"https:\\\/\\\/www.textilegence.com\\\/en\\\/#organization\"},\"image\":{\"@id\":\"https:\\\/\\\/www.textilegence.com\\\/en\\\/kornit-microfactory-itm-2018\\\/#primaryimage\"},\"thumbnailUrl\":\"https:\\\/\\\/www.textilegence.com\\\/wp-content\\\/uploads\\\/2018\\\/03\\\/kornit_digital_textilegence.jpg\",\"keywords\":[\"itm 2018\",\"kornit digital\",\"kornit digital allegro\"],\"articleSection\":[\"Printing\",\"Topical\"],\"inLanguage\":\"en-US\",\"potentialAction\":[{\"@type\":\"CommentAction\",\"name\":\"Comment\",\"target\":[\"https:\\\/\\\/www.textilegence.com\\\/en\\\/kornit-microfactory-itm-2018\\\/#respond\"]}]},{\"@type\":\"WebPage\",\"@id\":\"https:\\\/\\\/www.textilegence.com\\\/en\\\/kornit-microfactory-itm-2018\\\/\",\"url\":\"https:\\\/\\\/www.textilegence.com\\\/en\\\/kornit-microfactory-itm-2018\\\/\",\"name\":\"Microfactory by Teta\u015f and Kornit Digital at ITM 2018 - Textilegence\",\"isPartOf\":{\"@id\":\"https:\\\/\\\/www.textilegence.com\\\/en\\\/#website\"},\"primaryImageOfPage\":{\"@id\":\"https:\\\/\\\/www.textilegence.com\\\/en\\\/kornit-microfactory-itm-2018\\\/#primaryimage\"},\"image\":{\"@id\":\"https:\\\/\\\/www.textilegence.com\\\/en\\\/kornit-microfactory-itm-2018\\\/#primaryimage\"},\"thumbnailUrl\":\"https:\\\/\\\/www.textilegence.com\\\/wp-content\\\/uploads\\\/2018\\\/03\\\/kornit_digital_textilegence.jpg\",\"datePublished\":\"2018-03-30T10:29:44+00:00\",\"dateModified\":\"2018-06-13T14:21:40+00:00\",\"description\":\"Allegro and Storm Duo models that will be exhibited at Teta\u015f\u2019s ITM booth, Kornit Digtial underlines the growth target in the Turkish market.\u00a0Allegro will also be the main part of the microfactory that will be found at Teta\u015f booth. This microfactory will produce small gift items throughout the fair.\",\"breadcrumb\":{\"@id\":\"https:\\\/\\\/www.textilegence.com\\\/en\\\/kornit-microfactory-itm-2018\\\/#breadcrumb\"},\"inLanguage\":\"en-US\",\"potentialAction\":[{\"@type\":\"ReadAction\",\"target\":[\"https:\\\/\\\/www.textilegence.com\\\/en\\\/kornit-microfactory-itm-2018\\\/\"]}]},{\"@type\":\"ImageObject\",\"inLanguage\":\"en-US\",\"@id\":\"https:\\\/\\\/www.textilegence.com\\\/en\\\/kornit-microfactory-itm-2018\\\/#primaryimage\",\"url\":\"https:\\\/\\\/www.textilegence.com\\\/wp-content\\\/uploads\\\/2018\\\/03\\\/kornit_digital_textilegence.jpg\",\"contentUrl\":\"https:\\\/\\\/www.textilegence.com\\\/wp-content\\\/uploads\\\/2018\\\/03\\\/kornit_digital_textilegence.jpg\",\"width\":742,\"height\":486,\"caption\":\"Teta\u015f and Kornit Digital Bring a Microfactory to ITM 2018\"},{\"@type\":\"BreadcrumbList\",\"@id\":\"https:\\\/\\\/www.textilegence.com\\\/en\\\/kornit-microfactory-itm-2018\\\/#breadcrumb\",\"itemListElement\":[{\"@type\":\"ListItem\",\"position\":1,\"name\":\"Home Page\",\"item\":\"https:\\\/\\\/www.textilegence.com\\\/en\\\/homepage-the-rimont\\\/\"},{\"@type\":\"ListItem\",\"position\":2,\"name\":\"Printing\",\"item\":\"https:\\\/\\\/www.textilegence.com\\\/en\\\/category\\\/printing\\\/\"},{\"@type\":\"ListItem\",\"position\":3,\"name\":\"Teta\u015f and Kornit Digital Bring a Microfactory to ITM 2018\"}]},{\"@type\":\"WebSite\",\"@id\":\"https:\\\/\\\/www.textilegence.com\\\/en\\\/#website\",\"url\":\"https:\\\/\\\/www.textilegence.com\\\/en\\\/\",\"name\":\"Textilegence Magazine and Digital Platform\",\"description\":\"Textile News Center\",\"publisher\":{\"@id\":\"https:\\\/\\\/www.textilegence.com\\\/en\\\/#organization\"},\"potentialAction\":[{\"@type\":\"SearchAction\",\"target\":{\"@type\":\"EntryPoint\",\"urlTemplate\":\"https:\\\/\\\/www.textilegence.com\\\/en\\\/?s={search_term_string}\"},\"query-input\":{\"@type\":\"PropertyValueSpecification\",\"valueRequired\":true,\"valueName\":\"search_term_string\"}}],\"inLanguage\":\"en-US\"},{\"@type\":\"Organization\",\"@id\":\"https:\\\/\\\/www.textilegence.com\\\/en\\\/#organization\",\"name\":\"Textilegence Magazine and Digital Platform\",\"url\":\"https:\\\/\\\/www.textilegence.com\\\/en\\\/\",\"logo\":{\"@type\":\"ImageObject\",\"inLanguage\":\"en-US\",\"@id\":\"https:\\\/\\\/www.textilegence.com\\\/en\\\/#\\\/schema\\\/logo\\\/image\\\/\",\"url\":\"https:\\\/\\\/www.textilegence.com\\\/wp-content\\\/uploads\\\/2016\\\/11\\\/New_Retina_Logo_Textilegence.png\",\"contentUrl\":\"https:\\\/\\\/www.textilegence.com\\\/wp-content\\\/uploads\\\/2016\\\/11\\\/New_Retina_Logo_Textilegence.png\",\"width\":544,\"height\":180,\"caption\":\"Textilegence Magazine and Digital Platform\"},\"image\":{\"@id\":\"https:\\\/\\\/www.textilegence.com\\\/en\\\/#\\\/schema\\\/logo\\\/image\\\/\"},\"sameAs\":[\"https:\\\/\\\/www.facebook.com\\\/TextilegenceMagazine\",\"https:\\\/\\\/x.com\\\/textilegence\",\"https:\\\/\\\/www.instagram.com\\\/textilegence\\\/\",\"https:\\\/\\\/www.linkedin.com\\\/groups\\\/Textilegence-Magazine-Digital-Platform-4897253\",\"https:\\\/\\\/www.youtube.com\\\/user\\\/textilegence\"],\"description\":\"Textilegence is a magazine and digital platform established in 2013. It focuses on the textile industry and sub-segments. The platform provides news, articles, and updates on various aspects of the textile industry, including sustainability, technological advancements, and market trends.\",\"email\":\"editor@textilegence.com\",\"telephone\":\"+90 212 442 24 12\",\"legalName\":\"Textilegence Mag and Digital Platform\",\"foundingDate\":\"2013-01-01\",\"numberOfEmployees\":{\"@type\":\"QuantitativeValue\",\"minValue\":\"1\",\"maxValue\":\"10\"}},{\"@type\":\"Person\",\"@id\":\"https:\\\/\\\/www.textilegence.com\\\/en\\\/#\\\/schema\\\/person\\\/46ccc7bfc34edbc7d46b6b189f88849f\",\"name\":\"Engin Buz\",\"image\":{\"@type\":\"ImageObject\",\"inLanguage\":\"en-US\",\"@id\":\"https:\\\/\\\/www.textilegence.com\\\/wp-content\\\/uploads\\\/2018\\\/12\\\/engin-buz.jpg\",\"url\":\"https:\\\/\\\/www.textilegence.com\\\/wp-content\\\/uploads\\\/2018\\\/12\\\/engin-buz.jpg\",\"contentUrl\":\"https:\\\/\\\/www.textilegence.com\\\/wp-content\\\/uploads\\\/2018\\\/12\\\/engin-buz.jpg\",\"caption\":\"Engin Buz\"},\"description\":\"Engin Buz, Ankara \u00dcniversitesi \u0130leti\u015fim Fak\u00fcltesi Gazetecilik B\u00f6l\u00fcm\u00fc\u2019nden mezun olduktan sonra Y\u0131ld\u0131z Teknik \u00dcniversitesi\u2019nde Siyaset Bilimi ve Uluslararas\u0131 \u0130li\u015fkiler alan\u0131nda y\u00fcksek lisans\u0131n\u0131 tamamlam\u0131\u015ft\u0131r. 2000 y\u0131l\u0131ndan sonra \u00e7e\u015fitli yay\u0131nc\u0131l\u0131k \u015firketlerinde \u00e7al\u0131\u015fmaya ba\u015flayarak k\u00fclt\u00fcr-sanat ve daha sonra ekonomi haberleri haz\u0131rlam\u0131\u015ft\u0131r. 2009 y\u0131l\u0131ndan itibaren tekstil end\u00fcstrisine d\u00f6n\u00fck yay\u0131nlarda edit\u00f6r olarak g\u00f6rev alan Buz, 2013 itibariyle kurulan Textilegence\u2019de haber edit\u00f6r\u00fc olarak yer almaya ba\u015flam\u0131\u015ft\u0131r. Engin Buz halen ba\u015fta tekstil ve dijital bask\u0131 end\u00fcstrileri olmak \u00fczere ekonomi haberleri haz\u0131rlamaktad\u0131r.\",\"sameAs\":[\"https:\\\/\\\/www.textilegence.com\",\"https:\\\/\\\/www.facebook.com\\\/TextilegenceMagazine\",\"https:\\\/\\\/www.instagram.com\\\/textilegence\\\/\",\"https:\\\/\\\/www.linkedin.com\\\/in\\\/engin-buz-6190799a\\\/\",\"https:\\\/\\\/x.com\\\/https:\\\/\\\/twitter.com\\\/textilegence\"],\"url\":\"https:\\\/\\\/www.textilegence.com\\\/en\\\/author\\\/engin-buz\\\/\"}]}<\/script>\n<!-- \/ Yoast SEO Premium plugin. -->","yoast_head_json":{"title":"Microfactory by Teta\u015f and Kornit Digital at ITM 2018 - Textilegence","description":"Allegro and Storm Duo models that will be exhibited at Teta\u015f\u2019s ITM booth, Kornit Digtial underlines the growth target in the Turkish market.\u00a0Allegro will also be the main part of the microfactory that will be found at Teta\u015f booth. This microfactory will produce small gift items throughout the fair.","robots":{"index":"index","follow":"follow","max-snippet":"max-snippet:-1","max-image-preview":"max-image-preview:large","max-video-preview":"max-video-preview:-1"},"canonical":"https:\/\/www.textilegence.com\/en\/kornit-microfactory-itm-2018\/","og_locale":"en_US","og_type":"article","og_title":"Teta\u015f and Kornit Digital Bring a Microfactory to ITM 2018","og_description":"Allegro and Storm Duo models that will be exhibited at Teta\u015f\u2019s ITM booth, Kornit Digtial underlines the growth target in the Turkish market.\u00a0Allegro will","og_url":"https:\/\/www.textilegence.com\/en\/kornit-microfactory-itm-2018\/","og_site_name":"Textilegence Magazine and Digital Platform","article_publisher":"https:\/\/www.facebook.com\/TextilegenceMagazine","article_author":"https:\/\/www.facebook.com\/TextilegenceMagazine","article_published_time":"2018-03-30T10:29:44+00:00","article_modified_time":"2018-06-13T14:21:40+00:00","og_image":[{"width":742,"height":486,"url":"https:\/\/www.textilegence.com\/wp-content\/uploads\/2018\/03\/kornit_digital_textilegence.jpg","type":"image\/jpeg"}],"author":"Engin Buz","twitter_card":"summary_large_image","twitter_creator":"@https:\/\/twitter.com\/textilegence","twitter_site":"@textilegence","twitter_misc":{"Written by":"Engin Buz","Est. reading time":"4 minutes"},"schema":{"@context":"https:\/\/schema.org","@graph":[{"@type":"NewsArticle","@id":"https:\/\/www.textilegence.com\/en\/kornit-microfactory-itm-2018\/#article","isPartOf":{"@id":"https:\/\/www.textilegence.com\/en\/kornit-microfactory-itm-2018\/"},"author":{"name":"Engin Buz","@id":"https:\/\/www.textilegence.com\/en\/#\/schema\/person\/46ccc7bfc34edbc7d46b6b189f88849f"},"headline":"Teta\u015f and Kornit Digital Bring a Microfactory to ITM 2018","datePublished":"2018-03-30T10:29:44+00:00","dateModified":"2018-06-13T14:21:40+00:00","mainEntityOfPage":{"@id":"https:\/\/www.textilegence.com\/en\/kornit-microfactory-itm-2018\/"},"wordCount":819,"commentCount":0,"publisher":{"@id":"https:\/\/www.textilegence.com\/en\/#organization"},"image":{"@id":"https:\/\/www.textilegence.com\/en\/kornit-microfactory-itm-2018\/#primaryimage"},"thumbnailUrl":"https:\/\/www.textilegence.com\/wp-content\/uploads\/2018\/03\/kornit_digital_textilegence.jpg","keywords":["itm 2018","kornit digital","kornit digital allegro"],"articleSection":["Printing","Topical"],"inLanguage":"en-US","potentialAction":[{"@type":"CommentAction","name":"Comment","target":["https:\/\/www.textilegence.com\/en\/kornit-microfactory-itm-2018\/#respond"]}]},{"@type":"WebPage","@id":"https:\/\/www.textilegence.com\/en\/kornit-microfactory-itm-2018\/","url":"https:\/\/www.textilegence.com\/en\/kornit-microfactory-itm-2018\/","name":"Microfactory by Teta\u015f and Kornit Digital at ITM 2018 - Textilegence","isPartOf":{"@id":"https:\/\/www.textilegence.com\/en\/#website"},"primaryImageOfPage":{"@id":"https:\/\/www.textilegence.com\/en\/kornit-microfactory-itm-2018\/#primaryimage"},"image":{"@id":"https:\/\/www.textilegence.com\/en\/kornit-microfactory-itm-2018\/#primaryimage"},"thumbnailUrl":"https:\/\/www.textilegence.com\/wp-content\/uploads\/2018\/03\/kornit_digital_textilegence.jpg","datePublished":"2018-03-30T10:29:44+00:00","dateModified":"2018-06-13T14:21:40+00:00","description":"Allegro and Storm Duo models that will be exhibited at Teta\u015f\u2019s ITM booth, Kornit Digtial underlines the growth target in the Turkish market.\u00a0Allegro will also be the main part of the microfactory that will be found at Teta\u015f booth. This microfactory will produce small gift items throughout the fair.","breadcrumb":{"@id":"https:\/\/www.textilegence.com\/en\/kornit-microfactory-itm-2018\/#breadcrumb"},"inLanguage":"en-US","potentialAction":[{"@type":"ReadAction","target":["https:\/\/www.textilegence.com\/en\/kornit-microfactory-itm-2018\/"]}]},{"@type":"ImageObject","inLanguage":"en-US","@id":"https:\/\/www.textilegence.com\/en\/kornit-microfactory-itm-2018\/#primaryimage","url":"https:\/\/www.textilegence.com\/wp-content\/uploads\/2018\/03\/kornit_digital_textilegence.jpg","contentUrl":"https:\/\/www.textilegence.com\/wp-content\/uploads\/2018\/03\/kornit_digital_textilegence.jpg","width":742,"height":486,"caption":"Teta\u015f and Kornit Digital Bring a Microfactory to ITM 2018"},{"@type":"BreadcrumbList","@id":"https:\/\/www.textilegence.com\/en\/kornit-microfactory-itm-2018\/#breadcrumb","itemListElement":[{"@type":"ListItem","position":1,"name":"Home Page","item":"https:\/\/www.textilegence.com\/en\/homepage-the-rimont\/"},{"@type":"ListItem","position":2,"name":"Printing","item":"https:\/\/www.textilegence.com\/en\/category\/printing\/"},{"@type":"ListItem","position":3,"name":"Teta\u015f and Kornit Digital Bring a Microfactory to ITM 2018"}]},{"@type":"WebSite","@id":"https:\/\/www.textilegence.com\/en\/#website","url":"https:\/\/www.textilegence.com\/en\/","name":"Textilegence Magazine and Digital Platform","description":"Textile News Center","publisher":{"@id":"https:\/\/www.textilegence.com\/en\/#organization"},"potentialAction":[{"@type":"SearchAction","target":{"@type":"EntryPoint","urlTemplate":"https:\/\/www.textilegence.com\/en\/?s={search_term_string}"},"query-input":{"@type":"PropertyValueSpecification","valueRequired":true,"valueName":"search_term_string"}}],"inLanguage":"en-US"},{"@type":"Organization","@id":"https:\/\/www.textilegence.com\/en\/#organization","name":"Textilegence Magazine and Digital Platform","url":"https:\/\/www.textilegence.com\/en\/","logo":{"@type":"ImageObject","inLanguage":"en-US","@id":"https:\/\/www.textilegence.com\/en\/#\/schema\/logo\/image\/","url":"https:\/\/www.textilegence.com\/wp-content\/uploads\/2016\/11\/New_Retina_Logo_Textilegence.png","contentUrl":"https:\/\/www.textilegence.com\/wp-content\/uploads\/2016\/11\/New_Retina_Logo_Textilegence.png","width":544,"height":180,"caption":"Textilegence Magazine and Digital Platform"},"image":{"@id":"https:\/\/www.textilegence.com\/en\/#\/schema\/logo\/image\/"},"sameAs":["https:\/\/www.facebook.com\/TextilegenceMagazine","https:\/\/x.com\/textilegence","https:\/\/www.instagram.com\/textilegence\/","https:\/\/www.linkedin.com\/groups\/Textilegence-Magazine-Digital-Platform-4897253","https:\/\/www.youtube.com\/user\/textilegence"],"description":"Textilegence is a magazine and digital platform established in 2013. It focuses on the textile industry and sub-segments. The platform provides news, articles, and updates on various aspects of the textile industry, including sustainability, technological advancements, and market trends.","email":"editor@textilegence.com","telephone":"+90 212 442 24 12","legalName":"Textilegence Mag and Digital Platform","foundingDate":"2013-01-01","numberOfEmployees":{"@type":"QuantitativeValue","minValue":"1","maxValue":"10"}},{"@type":"Person","@id":"https:\/\/www.textilegence.com\/en\/#\/schema\/person\/46ccc7bfc34edbc7d46b6b189f88849f","name":"Engin Buz","image":{"@type":"ImageObject","inLanguage":"en-US","@id":"https:\/\/www.textilegence.com\/wp-content\/uploads\/2018\/12\/engin-buz.jpg","url":"https:\/\/www.textilegence.com\/wp-content\/uploads\/2018\/12\/engin-buz.jpg","contentUrl":"https:\/\/www.textilegence.com\/wp-content\/uploads\/2018\/12\/engin-buz.jpg","caption":"Engin Buz"},"description":"Engin Buz, Ankara \u00dcniversitesi \u0130leti\u015fim Fak\u00fcltesi Gazetecilik B\u00f6l\u00fcm\u00fc\u2019nden mezun olduktan sonra Y\u0131ld\u0131z Teknik \u00dcniversitesi\u2019nde Siyaset Bilimi ve Uluslararas\u0131 \u0130li\u015fkiler alan\u0131nda y\u00fcksek lisans\u0131n\u0131 tamamlam\u0131\u015ft\u0131r. 2000 y\u0131l\u0131ndan sonra \u00e7e\u015fitli yay\u0131nc\u0131l\u0131k \u015firketlerinde \u00e7al\u0131\u015fmaya ba\u015flayarak k\u00fclt\u00fcr-sanat ve daha sonra ekonomi haberleri haz\u0131rlam\u0131\u015ft\u0131r. 2009 y\u0131l\u0131ndan itibaren tekstil end\u00fcstrisine d\u00f6n\u00fck yay\u0131nlarda edit\u00f6r olarak g\u00f6rev alan Buz, 2013 itibariyle kurulan Textilegence\u2019de haber edit\u00f6r\u00fc olarak yer almaya ba\u015flam\u0131\u015ft\u0131r. Engin Buz halen ba\u015fta tekstil ve dijital bask\u0131 end\u00fcstrileri olmak \u00fczere ekonomi haberleri haz\u0131rlamaktad\u0131r.","sameAs":["https:\/\/www.textilegence.com","https:\/\/www.facebook.com\/TextilegenceMagazine","https:\/\/www.instagram.com\/textilegence\/","https:\/\/www.linkedin.com\/in\/engin-buz-6190799a\/","https:\/\/x.com\/https:\/\/twitter.com\/textilegence"],"url":"https:\/\/www.textilegence.com\/en\/author\/engin-buz\/"}]}},"_links":{"self":[{"href":"https:\/\/www.textilegence.com\/en\/wp-json\/wp\/v2\/posts\/23528","targetHints":{"allow":["GET"]}}],"collection":[{"href":"https:\/\/www.textilegence.com\/en\/wp-json\/wp\/v2\/posts"}],"about":[{"href":"https:\/\/www.textilegence.com\/en\/wp-json\/wp\/v2\/types\/post"}],"author":[{"embeddable":true,"href":"https:\/\/www.textilegence.com\/en\/wp-json\/wp\/v2\/users\/2"}],"replies":[{"embeddable":true,"href":"https:\/\/www.textilegence.com\/en\/wp-json\/wp\/v2\/comments?post=23528"}],"version-history":[{"count":0,"href":"https:\/\/www.textilegence.com\/en\/wp-json\/wp\/v2\/posts\/23528\/revisions"}],"wp:featuredmedia":[{"embeddable":true,"href":"https:\/\/www.textilegence.com\/en\/wp-json\/wp\/v2\/media\/23526"}],"wp:attachment":[{"href":"https:\/\/www.textilegence.com\/en\/wp-json\/wp\/v2\/media?parent=23528"}],"wp:term":[{"taxonomy":"category","embeddable":true,"href":"https:\/\/www.textilegence.com\/en\/wp-json\/wp\/v2\/categories?post=23528"},{"taxonomy":"post_tag","embeddable":true,"href":"https:\/\/www.textilegence.com\/en\/wp-json\/wp\/v2\/tags?post=23528"}],"curies":[{"name":"wp","href":"https:\/\/api.w.org\/{rel}","templated":true}]}}