{"id":23842,"date":"2018-05-03T09:36:33","date_gmt":"2018-05-03T06:36:33","guid":{"rendered":"http:\/\/www.textilegence.com\/?p=23842"},"modified":"2018-05-03T09:36:33","modified_gmt":"2018-05-03T06:36:33","slug":"itm-2018-becomes-global","status":"publish","type":"post","link":"https:\/\/www.textilegence.com\/en\/itm-2018-becomes-global\/","title":{"rendered":"ITM 2018 Becomes a Global Textile Show with 59,000 Visitors"},"content":{"rendered":"<figure id=\"attachment_23838\" aria-describedby=\"caption-attachment-23838\" style=\"width: 382px\" class=\"wp-caption alignleft\"><img loading=\"lazy\" decoding=\"async\" class=\"wp-image-23838 size-medium\" src=\"https:\/\/www.textilegence.com\/wp-content\/uploads\/2018\/05\/itm_textilegence_1-382x250.jpg\" alt=\"ITM 2018 Becomes a Global Textile Show with 59,000 Visitors\" width=\"382\" height=\"250\" srcset=\"https:\/\/www.textilegence.com\/wp-content\/uploads\/2018\/05\/itm_textilegence_1-382x250.jpg 382w, https:\/\/www.textilegence.com\/wp-content\/uploads\/2018\/05\/itm_textilegence_1-534x350.jpg 534w, https:\/\/www.textilegence.com\/wp-content\/uploads\/2018\/05\/itm_textilegence_1-696x456.jpg 696w, https:\/\/www.textilegence.com\/wp-content\/uploads\/2018\/05\/itm_textilegence_1-741x486.jpg 741w, https:\/\/www.textilegence.com\/wp-content\/uploads\/2018\/05\/itm_textilegence_1.jpg 742w\" sizes=\"auto, (max-width: 382px) 100vw, 382px\" \/><figcaption id=\"caption-attachment-23838\" class=\"wp-caption-text\">ITM 2018 Becomes a Global Textile Show with 59,000 Visitors<\/figcaption><\/figure>\n<p style=\"text-align: justify;\">ITM 2018 Becomes a Global Textile Show with 59,000 Visitors &#8211; For two years, the textile industry has been looking forward with great interest to ITM 2018 <a href=\"http:\/\/www.itmexhibition.com\/itm2018\/\" target=\"_blank\" rel=\"nofollow noopener\">International Textile Machinery Exhibition<\/a>, held on April 14-17. From the moment ITM 2018 opened its doors to the sector members from Turkey and many countries around the world, flocked to ITM 2018 Exhibition, make an indelible impression on visitors throughout the four days. World premieres of textile technology leaders turned the ITM Exhibition into a textile show and put a smile on the participants&#8217; face with 58.942 visitors from 94 countries.<\/p>\n<p style=\"text-align: justify;\">ITM 2018 Exhibition, being organized by Teknik Fairs Inc. and T\u00dcYAP, T\u00fcm Fuarc\u0131l\u0131k Yap\u0131m Inc. in partnership and with cooperation of TEMSAD (Textile Machinery and Accessories Industrialists\u2019 Association) hosted <a href=\"https:\/\/www.textilegence.com\/en\/mimaki-eurasia-itm-2018\/\" target=\"_blank\" rel=\"noopener\">textile technology leaders<\/a> for four days. ITM 2018 Exhibition is the meeting point of the sector professionals where both national and international companies made sales of millions of Euros and by being a platform where hundreds of various business connections were established, it took its place in the world textile history as a successful organization.<\/p>\n<p style=\"text-align: justify;\">Over 1150 textile technology manufacturers and company representatives from 64 countries participated at the ITM 2018 Exhibition, which took place in 11 different halls, and exhibited their products and technologies that have been introduced to the industry for the first time. ITM 2018 Exhibition has turned into a textile show with the participation of hundreds of textile machine producers and global investors who are developing leading technologies in their field, have realized world launches. Participating companies draw attention with larger number of machines exhibits in the larger booth.<\/p>\n<p style=\"text-align: justify;\">ITM 2018, beat a record with 14.248 international and a total of 58.942 visitors from 94 countries, among the ITM exhibitions. ITM 2018 has significantly enlarged in both country diversity and visitor numbers compared to the previous ITM Exhibitions. It has raised the success level according to the very positive feedback; that has been received from the companies and visitors.<\/p>\n<figure id=\"attachment_23840\" aria-describedby=\"caption-attachment-23840\" style=\"width: 382px\" class=\"wp-caption alignleft\"><img loading=\"lazy\" decoding=\"async\" class=\"wp-image-23840 size-medium\" src=\"https:\/\/www.textilegence.com\/wp-content\/uploads\/2018\/05\/itm_textilegence_2-382x250.jpg\" alt=\"ITM 2018 Becomes a Global Textile Show with 59,000 Visitors\" width=\"382\" height=\"250\" srcset=\"https:\/\/www.textilegence.com\/wp-content\/uploads\/2018\/05\/itm_textilegence_2-382x250.jpg 382w, https:\/\/www.textilegence.com\/wp-content\/uploads\/2018\/05\/itm_textilegence_2-534x350.jpg 534w, https:\/\/www.textilegence.com\/wp-content\/uploads\/2018\/05\/itm_textilegence_2-696x456.jpg 696w, https:\/\/www.textilegence.com\/wp-content\/uploads\/2018\/05\/itm_textilegence_2-741x486.jpg 741w, https:\/\/www.textilegence.com\/wp-content\/uploads\/2018\/05\/itm_textilegence_2.jpg 742w\" sizes=\"auto, (max-width: 382px) 100vw, 382px\" \/><figcaption id=\"caption-attachment-23840\" class=\"wp-caption-text\">ITM 2018 Becomes a Global Textile Show with 59,000 Visitors<\/figcaption><\/figure>\n<h1 style=\"text-align: justify;\"><strong>Strong collaborations generated during ITM 2018<\/strong><\/h1>\n<p style=\"text-align: justify;\">The ITM 2018 Exhibition has also offered incredible commercial opportunities for all professionals; who wanted to take the industry\u2019s pulse and follow the innovations. ITM has been a productive meeting point; where companies made sales of millions of Euros from the first day of the event.<\/p>\n<p style=\"text-align: justify;\">The biggest factor behind this success is; the promotional activities carried out throughout the world for two years. Teknik Fuarc\u0131l\u0131k team has participated in exhibitions and events from; China to India, from Bangladesh to Pakistan, from Russia to Uzbekistan in all regions of the world textile producer; we have provided information about the developments and innovations; which were foreseen to be presented during ITM 2018 to the company and sectoral associations. Thanks to promotion activities; ITM 2018 Exhibition was preferred as a great destination for textile investors.<\/p>\n<h2 style=\"text-align: justify;\"><strong>ITM 2018 Becomes a Global Textile Show with 59,000 Visitors: thousands of visitors from 94 countries<\/strong><\/h2>\n<p style=\"text-align: justify;\">Countries that have visited ITM 2018 Exhibition; Afghanistan, Albania, Algeria, Angola, Armenia, Australia, Austria, Azerbaijan, Bahrain, Bangladesh, Belarus, Belgium, Benin; Bolivia, Bosnia and Herzegovina, Brazil, Bulgaria, Canada, Central African Republic, Chad, China, Colombia, Croatia, Cyprus, Czech Republic; Egypt, Estonia, Ethiopia, Finland, France, Georgia, Germany, Greece, Hong Kong, India, Indonesia, Iran, Iraq, Israel, Italy; Japan, Jordan, Kazakhstan, Korea, Kosovo, Panama, Guatemala, Kuwait, Kyrgyzstan, Latvia, Lebanon, Libyan, Liechtenstein; Lithuania, Macedonia, Mali, Mauritius, Mexico, Moldova, Monaco, Montenegro, Morocco, Netherlands, Nigeria, Pakistan, Palestine, Poland; Portugal, Qatar, Romania, Russia, Saudi Arabia, Serbia, Singapore, Slovakia, Slovenia, South Africa, South Korea, Spain, Sri Lanka; Sweden, Switzerland, Syria, Taiwan, Tajikistan, Tunisia, Turkmenistan, Ukraine, United Arab Emirates, United Kingdom, USA; Uzbekistan, Vietnam, Yemen.<\/p>\n","protected":false},"excerpt":{"rendered":"<p>ITM 2018 Becomes a Global Textile Show with 59,000 Visitors &#8211; For two years, the textile industry has been looking forward with great interest to ITM 2018 International Textile Machinery Exhibition, held on April 14-17. From the moment ITM 2018 opened its doors to the sector members from Turkey and many countries around the world, [&hellip;]<\/p>\n","protected":false},"author":2,"featured_media":23838,"comment_status":"open","ping_status":"closed","sticky":false,"template":"","format":"standard","meta":{"footnotes":""},"categories":[9845],"tags":[8521,1224],"class_list":{"0":"post-23842","1":"post","2":"type-post","3":"status-publish","4":"format-standard","5":"has-post-thumbnail","7":"category-trade-fairs","8":"tag-itm-2018","9":"tag-tuyap"},"yoast_head":"<!-- This site is optimized with the Yoast SEO Premium plugin v27.3 (Yoast SEO v27.3) - https:\/\/yoast.com\/product\/yoast-seo-premium-wordpress\/ -->\n<title>ITM 2018 Becomes a Global Textile Show w\/59,000 Visitors - Textilegence<\/title>\n<meta name=\"description\" content=\"ITM 2018 Becomes a Global Textile Show with 59,000 Visitors - For two years, the textile industry has been looking forward with great interest to ITM 2018 International Textile Machinery Exhibition, held on April 14-17. From the moment ITM 2018 opened its doors to the sector members from Turkey and many countries...\" \/>\n<meta name=\"robots\" content=\"index, follow, max-snippet:-1, max-image-preview:large, max-video-preview:-1\" \/>\n<link rel=\"canonical\" href=\"https:\/\/www.textilegence.com\/en\/itm-2018-becomes-global\/\" \/>\n<meta property=\"og:locale\" content=\"en_US\" \/>\n<meta property=\"og:type\" content=\"article\" \/>\n<meta property=\"og:title\" content=\"ITM 2018 Becomes a Global Textile Show with 59,000 Visitors\" \/>\n<meta property=\"og:description\" content=\"ITM 2018 Becomes a Global Textile Show with 59,000 Visitors - For two years, the textile industry has been looking forward with great interest to ITM 2018\" \/>\n<meta property=\"og:url\" content=\"https:\/\/www.textilegence.com\/en\/itm-2018-becomes-global\/\" \/>\n<meta property=\"og:site_name\" content=\"Textilegence Magazine and Digital Platform\" \/>\n<meta property=\"article:publisher\" content=\"https:\/\/www.facebook.com\/TextilegenceMagazine\" \/>\n<meta property=\"article:author\" content=\"https:\/\/www.facebook.com\/TextilegenceMagazine\" \/>\n<meta property=\"article:published_time\" content=\"2018-05-03T06:36:33+00:00\" \/>\n<meta property=\"og:image\" content=\"https:\/\/www.textilegence.com\/wp-content\/uploads\/2018\/05\/itm_textilegence_1.jpg\" \/>\n\t<meta property=\"og:image:width\" content=\"742\" \/>\n\t<meta property=\"og:image:height\" content=\"486\" \/>\n\t<meta property=\"og:image:type\" content=\"image\/jpeg\" \/>\n<meta name=\"author\" content=\"Engin Buz\" \/>\n<meta name=\"twitter:card\" content=\"summary_large_image\" \/>\n<meta name=\"twitter:creator\" content=\"@https:\/\/twitter.com\/textilegence\" \/>\n<meta name=\"twitter:site\" content=\"@textilegence\" \/>\n<meta name=\"twitter:label1\" content=\"Written by\" \/>\n\t<meta name=\"twitter:data1\" content=\"Engin Buz\" \/>\n\t<meta name=\"twitter:label2\" content=\"Est. reading time\" \/>\n\t<meta name=\"twitter:data2\" content=\"3 minutes\" \/>\n<script type=\"application\/ld+json\" class=\"yoast-schema-graph\">{\"@context\":\"https:\\\/\\\/schema.org\",\"@graph\":[{\"@type\":\"NewsArticle\",\"@id\":\"https:\\\/\\\/www.textilegence.com\\\/en\\\/itm-2018-becomes-global\\\/#article\",\"isPartOf\":{\"@id\":\"https:\\\/\\\/www.textilegence.com\\\/en\\\/itm-2018-becomes-global\\\/\"},\"author\":{\"name\":\"Engin Buz\",\"@id\":\"https:\\\/\\\/www.textilegence.com\\\/en\\\/#\\\/schema\\\/person\\\/46ccc7bfc34edbc7d46b6b189f88849f\"},\"headline\":\"ITM 2018 Becomes a Global Textile Show with 59,000 Visitors\",\"datePublished\":\"2018-05-03T06:36:33+00:00\",\"mainEntityOfPage\":{\"@id\":\"https:\\\/\\\/www.textilegence.com\\\/en\\\/itm-2018-becomes-global\\\/\"},\"wordCount\":618,\"commentCount\":0,\"publisher\":{\"@id\":\"https:\\\/\\\/www.textilegence.com\\\/en\\\/#organization\"},\"image\":{\"@id\":\"https:\\\/\\\/www.textilegence.com\\\/en\\\/itm-2018-becomes-global\\\/#primaryimage\"},\"thumbnailUrl\":\"https:\\\/\\\/www.textilegence.com\\\/wp-content\\\/uploads\\\/2018\\\/05\\\/itm_textilegence_1.jpg\",\"keywords\":[\"itm 2018\",\"t\u00fcyap\"],\"articleSection\":[\"Trade Fairs\"],\"inLanguage\":\"en-US\",\"potentialAction\":[{\"@type\":\"CommentAction\",\"name\":\"Comment\",\"target\":[\"https:\\\/\\\/www.textilegence.com\\\/en\\\/itm-2018-becomes-global\\\/#respond\"]}]},{\"@type\":\"WebPage\",\"@id\":\"https:\\\/\\\/www.textilegence.com\\\/en\\\/itm-2018-becomes-global\\\/\",\"url\":\"https:\\\/\\\/www.textilegence.com\\\/en\\\/itm-2018-becomes-global\\\/\",\"name\":\"ITM 2018 Becomes a Global Textile Show w\\\/59,000 Visitors - Textilegence\",\"isPartOf\":{\"@id\":\"https:\\\/\\\/www.textilegence.com\\\/en\\\/#website\"},\"primaryImageOfPage\":{\"@id\":\"https:\\\/\\\/www.textilegence.com\\\/en\\\/itm-2018-becomes-global\\\/#primaryimage\"},\"image\":{\"@id\":\"https:\\\/\\\/www.textilegence.com\\\/en\\\/itm-2018-becomes-global\\\/#primaryimage\"},\"thumbnailUrl\":\"https:\\\/\\\/www.textilegence.com\\\/wp-content\\\/uploads\\\/2018\\\/05\\\/itm_textilegence_1.jpg\",\"datePublished\":\"2018-05-03T06:36:33+00:00\",\"description\":\"ITM 2018 Becomes a Global Textile Show with 59,000 Visitors - For two years, the textile industry has been looking forward with great interest to ITM 2018 International Textile Machinery Exhibition, held on April 14-17. From the moment ITM 2018 opened its doors to the sector members from Turkey and many countries...\",\"breadcrumb\":{\"@id\":\"https:\\\/\\\/www.textilegence.com\\\/en\\\/itm-2018-becomes-global\\\/#breadcrumb\"},\"inLanguage\":\"en-US\",\"potentialAction\":[{\"@type\":\"ReadAction\",\"target\":[\"https:\\\/\\\/www.textilegence.com\\\/en\\\/itm-2018-becomes-global\\\/\"]}]},{\"@type\":\"ImageObject\",\"inLanguage\":\"en-US\",\"@id\":\"https:\\\/\\\/www.textilegence.com\\\/en\\\/itm-2018-becomes-global\\\/#primaryimage\",\"url\":\"https:\\\/\\\/www.textilegence.com\\\/wp-content\\\/uploads\\\/2018\\\/05\\\/itm_textilegence_1.jpg\",\"contentUrl\":\"https:\\\/\\\/www.textilegence.com\\\/wp-content\\\/uploads\\\/2018\\\/05\\\/itm_textilegence_1.jpg\",\"width\":742,\"height\":486,\"caption\":\"ITM 2018 Becomes a Global Textile Show with 59,000 Visitors\"},{\"@type\":\"BreadcrumbList\",\"@id\":\"https:\\\/\\\/www.textilegence.com\\\/en\\\/itm-2018-becomes-global\\\/#breadcrumb\",\"itemListElement\":[{\"@type\":\"ListItem\",\"position\":1,\"name\":\"Home Page\",\"item\":\"https:\\\/\\\/www.textilegence.com\\\/en\\\/homepage-the-rimont\\\/\"},{\"@type\":\"ListItem\",\"position\":2,\"name\":\"Trade Fairs\",\"item\":\"https:\\\/\\\/www.textilegence.com\\\/en\\\/category\\\/trade-fairs\\\/\"},{\"@type\":\"ListItem\",\"position\":3,\"name\":\"ITM 2018 Becomes a Global Textile Show with 59,000 Visitors\"}]},{\"@type\":\"WebSite\",\"@id\":\"https:\\\/\\\/www.textilegence.com\\\/en\\\/#website\",\"url\":\"https:\\\/\\\/www.textilegence.com\\\/en\\\/\",\"name\":\"Textilegence Magazine and Digital Platform\",\"description\":\"Textile News Center\",\"publisher\":{\"@id\":\"https:\\\/\\\/www.textilegence.com\\\/en\\\/#organization\"},\"potentialAction\":[{\"@type\":\"SearchAction\",\"target\":{\"@type\":\"EntryPoint\",\"urlTemplate\":\"https:\\\/\\\/www.textilegence.com\\\/en\\\/?s={search_term_string}\"},\"query-input\":{\"@type\":\"PropertyValueSpecification\",\"valueRequired\":true,\"valueName\":\"search_term_string\"}}],\"inLanguage\":\"en-US\"},{\"@type\":\"Organization\",\"@id\":\"https:\\\/\\\/www.textilegence.com\\\/en\\\/#organization\",\"name\":\"Textilegence Magazine and Digital Platform\",\"url\":\"https:\\\/\\\/www.textilegence.com\\\/en\\\/\",\"logo\":{\"@type\":\"ImageObject\",\"inLanguage\":\"en-US\",\"@id\":\"https:\\\/\\\/www.textilegence.com\\\/en\\\/#\\\/schema\\\/logo\\\/image\\\/\",\"url\":\"https:\\\/\\\/www.textilegence.com\\\/wp-content\\\/uploads\\\/2016\\\/11\\\/New_Retina_Logo_Textilegence.png\",\"contentUrl\":\"https:\\\/\\\/www.textilegence.com\\\/wp-content\\\/uploads\\\/2016\\\/11\\\/New_Retina_Logo_Textilegence.png\",\"width\":544,\"height\":180,\"caption\":\"Textilegence Magazine and Digital Platform\"},\"image\":{\"@id\":\"https:\\\/\\\/www.textilegence.com\\\/en\\\/#\\\/schema\\\/logo\\\/image\\\/\"},\"sameAs\":[\"https:\\\/\\\/www.facebook.com\\\/TextilegenceMagazine\",\"https:\\\/\\\/x.com\\\/textilegence\",\"https:\\\/\\\/www.instagram.com\\\/textilegence\\\/\",\"https:\\\/\\\/www.linkedin.com\\\/groups\\\/Textilegence-Magazine-Digital-Platform-4897253\",\"https:\\\/\\\/www.youtube.com\\\/user\\\/textilegence\"],\"description\":\"Textilegence is a magazine and digital platform established in 2013. It focuses on the textile industry and sub-segments. The platform provides news, articles, and updates on various aspects of the textile industry, including sustainability, technological advancements, and market trends.\",\"email\":\"editor@textilegence.com\",\"telephone\":\"+90 212 442 24 12\",\"legalName\":\"Textilegence Mag and Digital Platform\",\"foundingDate\":\"2013-01-01\",\"numberOfEmployees\":{\"@type\":\"QuantitativeValue\",\"minValue\":\"1\",\"maxValue\":\"10\"}},{\"@type\":\"Person\",\"@id\":\"https:\\\/\\\/www.textilegence.com\\\/en\\\/#\\\/schema\\\/person\\\/46ccc7bfc34edbc7d46b6b189f88849f\",\"name\":\"Engin Buz\",\"image\":{\"@type\":\"ImageObject\",\"inLanguage\":\"en-US\",\"@id\":\"https:\\\/\\\/www.textilegence.com\\\/wp-content\\\/uploads\\\/2018\\\/12\\\/engin-buz.jpg\",\"url\":\"https:\\\/\\\/www.textilegence.com\\\/wp-content\\\/uploads\\\/2018\\\/12\\\/engin-buz.jpg\",\"contentUrl\":\"https:\\\/\\\/www.textilegence.com\\\/wp-content\\\/uploads\\\/2018\\\/12\\\/engin-buz.jpg\",\"caption\":\"Engin Buz\"},\"description\":\"Engin Buz, Ankara \u00dcniversitesi \u0130leti\u015fim Fak\u00fcltesi Gazetecilik B\u00f6l\u00fcm\u00fc\u2019nden mezun olduktan sonra Y\u0131ld\u0131z Teknik \u00dcniversitesi\u2019nde Siyaset Bilimi ve Uluslararas\u0131 \u0130li\u015fkiler alan\u0131nda y\u00fcksek lisans\u0131n\u0131 tamamlam\u0131\u015ft\u0131r. 2000 y\u0131l\u0131ndan sonra \u00e7e\u015fitli yay\u0131nc\u0131l\u0131k \u015firketlerinde \u00e7al\u0131\u015fmaya ba\u015flayarak k\u00fclt\u00fcr-sanat ve daha sonra ekonomi haberleri haz\u0131rlam\u0131\u015ft\u0131r. 2009 y\u0131l\u0131ndan itibaren tekstil end\u00fcstrisine d\u00f6n\u00fck yay\u0131nlarda edit\u00f6r olarak g\u00f6rev alan Buz, 2013 itibariyle kurulan Textilegence\u2019de haber edit\u00f6r\u00fc olarak yer almaya ba\u015flam\u0131\u015ft\u0131r. Engin Buz halen ba\u015fta tekstil ve dijital bask\u0131 end\u00fcstrileri olmak \u00fczere ekonomi haberleri haz\u0131rlamaktad\u0131r.\",\"sameAs\":[\"https:\\\/\\\/www.textilegence.com\",\"https:\\\/\\\/www.facebook.com\\\/TextilegenceMagazine\",\"https:\\\/\\\/www.instagram.com\\\/textilegence\\\/\",\"https:\\\/\\\/www.linkedin.com\\\/in\\\/engin-buz-6190799a\\\/\",\"https:\\\/\\\/x.com\\\/https:\\\/\\\/twitter.com\\\/textilegence\"],\"url\":\"https:\\\/\\\/www.textilegence.com\\\/en\\\/author\\\/engin-buz\\\/\"}]}<\/script>\n<!-- \/ Yoast SEO Premium plugin. -->","yoast_head_json":{"title":"ITM 2018 Becomes a Global Textile Show w\/59,000 Visitors - Textilegence","description":"ITM 2018 Becomes a Global Textile Show with 59,000 Visitors - For two years, the textile industry has been looking forward with great interest to ITM 2018 International Textile Machinery Exhibition, held on April 14-17. From the moment ITM 2018 opened its doors to the sector members from Turkey and many countries...","robots":{"index":"index","follow":"follow","max-snippet":"max-snippet:-1","max-image-preview":"max-image-preview:large","max-video-preview":"max-video-preview:-1"},"canonical":"https:\/\/www.textilegence.com\/en\/itm-2018-becomes-global\/","og_locale":"en_US","og_type":"article","og_title":"ITM 2018 Becomes a Global Textile Show with 59,000 Visitors","og_description":"ITM 2018 Becomes a Global Textile Show with 59,000 Visitors - For two years, the textile industry has been looking forward with great interest to ITM 2018","og_url":"https:\/\/www.textilegence.com\/en\/itm-2018-becomes-global\/","og_site_name":"Textilegence Magazine and Digital Platform","article_publisher":"https:\/\/www.facebook.com\/TextilegenceMagazine","article_author":"https:\/\/www.facebook.com\/TextilegenceMagazine","article_published_time":"2018-05-03T06:36:33+00:00","og_image":[{"width":742,"height":486,"url":"https:\/\/www.textilegence.com\/wp-content\/uploads\/2018\/05\/itm_textilegence_1.jpg","type":"image\/jpeg"}],"author":"Engin Buz","twitter_card":"summary_large_image","twitter_creator":"@https:\/\/twitter.com\/textilegence","twitter_site":"@textilegence","twitter_misc":{"Written by":"Engin Buz","Est. reading time":"3 minutes"},"schema":{"@context":"https:\/\/schema.org","@graph":[{"@type":"NewsArticle","@id":"https:\/\/www.textilegence.com\/en\/itm-2018-becomes-global\/#article","isPartOf":{"@id":"https:\/\/www.textilegence.com\/en\/itm-2018-becomes-global\/"},"author":{"name":"Engin Buz","@id":"https:\/\/www.textilegence.com\/en\/#\/schema\/person\/46ccc7bfc34edbc7d46b6b189f88849f"},"headline":"ITM 2018 Becomes a Global Textile Show with 59,000 Visitors","datePublished":"2018-05-03T06:36:33+00:00","mainEntityOfPage":{"@id":"https:\/\/www.textilegence.com\/en\/itm-2018-becomes-global\/"},"wordCount":618,"commentCount":0,"publisher":{"@id":"https:\/\/www.textilegence.com\/en\/#organization"},"image":{"@id":"https:\/\/www.textilegence.com\/en\/itm-2018-becomes-global\/#primaryimage"},"thumbnailUrl":"https:\/\/www.textilegence.com\/wp-content\/uploads\/2018\/05\/itm_textilegence_1.jpg","keywords":["itm 2018","t\u00fcyap"],"articleSection":["Trade Fairs"],"inLanguage":"en-US","potentialAction":[{"@type":"CommentAction","name":"Comment","target":["https:\/\/www.textilegence.com\/en\/itm-2018-becomes-global\/#respond"]}]},{"@type":"WebPage","@id":"https:\/\/www.textilegence.com\/en\/itm-2018-becomes-global\/","url":"https:\/\/www.textilegence.com\/en\/itm-2018-becomes-global\/","name":"ITM 2018 Becomes a Global Textile Show w\/59,000 Visitors - Textilegence","isPartOf":{"@id":"https:\/\/www.textilegence.com\/en\/#website"},"primaryImageOfPage":{"@id":"https:\/\/www.textilegence.com\/en\/itm-2018-becomes-global\/#primaryimage"},"image":{"@id":"https:\/\/www.textilegence.com\/en\/itm-2018-becomes-global\/#primaryimage"},"thumbnailUrl":"https:\/\/www.textilegence.com\/wp-content\/uploads\/2018\/05\/itm_textilegence_1.jpg","datePublished":"2018-05-03T06:36:33+00:00","description":"ITM 2018 Becomes a Global Textile Show with 59,000 Visitors - For two years, the textile industry has been looking forward with great interest to ITM 2018 International Textile Machinery Exhibition, held on April 14-17. From the moment ITM 2018 opened its doors to the sector members from Turkey and many countries...","breadcrumb":{"@id":"https:\/\/www.textilegence.com\/en\/itm-2018-becomes-global\/#breadcrumb"},"inLanguage":"en-US","potentialAction":[{"@type":"ReadAction","target":["https:\/\/www.textilegence.com\/en\/itm-2018-becomes-global\/"]}]},{"@type":"ImageObject","inLanguage":"en-US","@id":"https:\/\/www.textilegence.com\/en\/itm-2018-becomes-global\/#primaryimage","url":"https:\/\/www.textilegence.com\/wp-content\/uploads\/2018\/05\/itm_textilegence_1.jpg","contentUrl":"https:\/\/www.textilegence.com\/wp-content\/uploads\/2018\/05\/itm_textilegence_1.jpg","width":742,"height":486,"caption":"ITM 2018 Becomes a Global Textile Show with 59,000 Visitors"},{"@type":"BreadcrumbList","@id":"https:\/\/www.textilegence.com\/en\/itm-2018-becomes-global\/#breadcrumb","itemListElement":[{"@type":"ListItem","position":1,"name":"Home Page","item":"https:\/\/www.textilegence.com\/en\/homepage-the-rimont\/"},{"@type":"ListItem","position":2,"name":"Trade Fairs","item":"https:\/\/www.textilegence.com\/en\/category\/trade-fairs\/"},{"@type":"ListItem","position":3,"name":"ITM 2018 Becomes a Global Textile Show with 59,000 Visitors"}]},{"@type":"WebSite","@id":"https:\/\/www.textilegence.com\/en\/#website","url":"https:\/\/www.textilegence.com\/en\/","name":"Textilegence Magazine and Digital Platform","description":"Textile News Center","publisher":{"@id":"https:\/\/www.textilegence.com\/en\/#organization"},"potentialAction":[{"@type":"SearchAction","target":{"@type":"EntryPoint","urlTemplate":"https:\/\/www.textilegence.com\/en\/?s={search_term_string}"},"query-input":{"@type":"PropertyValueSpecification","valueRequired":true,"valueName":"search_term_string"}}],"inLanguage":"en-US"},{"@type":"Organization","@id":"https:\/\/www.textilegence.com\/en\/#organization","name":"Textilegence Magazine and Digital Platform","url":"https:\/\/www.textilegence.com\/en\/","logo":{"@type":"ImageObject","inLanguage":"en-US","@id":"https:\/\/www.textilegence.com\/en\/#\/schema\/logo\/image\/","url":"https:\/\/www.textilegence.com\/wp-content\/uploads\/2016\/11\/New_Retina_Logo_Textilegence.png","contentUrl":"https:\/\/www.textilegence.com\/wp-content\/uploads\/2016\/11\/New_Retina_Logo_Textilegence.png","width":544,"height":180,"caption":"Textilegence Magazine and Digital Platform"},"image":{"@id":"https:\/\/www.textilegence.com\/en\/#\/schema\/logo\/image\/"},"sameAs":["https:\/\/www.facebook.com\/TextilegenceMagazine","https:\/\/x.com\/textilegence","https:\/\/www.instagram.com\/textilegence\/","https:\/\/www.linkedin.com\/groups\/Textilegence-Magazine-Digital-Platform-4897253","https:\/\/www.youtube.com\/user\/textilegence"],"description":"Textilegence is a magazine and digital platform established in 2013. It focuses on the textile industry and sub-segments. The platform provides news, articles, and updates on various aspects of the textile industry, including sustainability, technological advancements, and market trends.","email":"editor@textilegence.com","telephone":"+90 212 442 24 12","legalName":"Textilegence Mag and Digital Platform","foundingDate":"2013-01-01","numberOfEmployees":{"@type":"QuantitativeValue","minValue":"1","maxValue":"10"}},{"@type":"Person","@id":"https:\/\/www.textilegence.com\/en\/#\/schema\/person\/46ccc7bfc34edbc7d46b6b189f88849f","name":"Engin Buz","image":{"@type":"ImageObject","inLanguage":"en-US","@id":"https:\/\/www.textilegence.com\/wp-content\/uploads\/2018\/12\/engin-buz.jpg","url":"https:\/\/www.textilegence.com\/wp-content\/uploads\/2018\/12\/engin-buz.jpg","contentUrl":"https:\/\/www.textilegence.com\/wp-content\/uploads\/2018\/12\/engin-buz.jpg","caption":"Engin Buz"},"description":"Engin Buz, Ankara \u00dcniversitesi \u0130leti\u015fim Fak\u00fcltesi Gazetecilik B\u00f6l\u00fcm\u00fc\u2019nden mezun olduktan sonra Y\u0131ld\u0131z Teknik \u00dcniversitesi\u2019nde Siyaset Bilimi ve Uluslararas\u0131 \u0130li\u015fkiler alan\u0131nda y\u00fcksek lisans\u0131n\u0131 tamamlam\u0131\u015ft\u0131r. 2000 y\u0131l\u0131ndan sonra \u00e7e\u015fitli yay\u0131nc\u0131l\u0131k \u015firketlerinde \u00e7al\u0131\u015fmaya ba\u015flayarak k\u00fclt\u00fcr-sanat ve daha sonra ekonomi haberleri haz\u0131rlam\u0131\u015ft\u0131r. 2009 y\u0131l\u0131ndan itibaren tekstil end\u00fcstrisine d\u00f6n\u00fck yay\u0131nlarda edit\u00f6r olarak g\u00f6rev alan Buz, 2013 itibariyle kurulan Textilegence\u2019de haber edit\u00f6r\u00fc olarak yer almaya ba\u015flam\u0131\u015ft\u0131r. Engin Buz halen ba\u015fta tekstil ve dijital bask\u0131 end\u00fcstrileri olmak \u00fczere ekonomi haberleri haz\u0131rlamaktad\u0131r.","sameAs":["https:\/\/www.textilegence.com","https:\/\/www.facebook.com\/TextilegenceMagazine","https:\/\/www.instagram.com\/textilegence\/","https:\/\/www.linkedin.com\/in\/engin-buz-6190799a\/","https:\/\/x.com\/https:\/\/twitter.com\/textilegence"],"url":"https:\/\/www.textilegence.com\/en\/author\/engin-buz\/"}]}},"_links":{"self":[{"href":"https:\/\/www.textilegence.com\/en\/wp-json\/wp\/v2\/posts\/23842","targetHints":{"allow":["GET"]}}],"collection":[{"href":"https:\/\/www.textilegence.com\/en\/wp-json\/wp\/v2\/posts"}],"about":[{"href":"https:\/\/www.textilegence.com\/en\/wp-json\/wp\/v2\/types\/post"}],"author":[{"embeddable":true,"href":"https:\/\/www.textilegence.com\/en\/wp-json\/wp\/v2\/users\/2"}],"replies":[{"embeddable":true,"href":"https:\/\/www.textilegence.com\/en\/wp-json\/wp\/v2\/comments?post=23842"}],"version-history":[{"count":0,"href":"https:\/\/www.textilegence.com\/en\/wp-json\/wp\/v2\/posts\/23842\/revisions"}],"wp:featuredmedia":[{"embeddable":true,"href":"https:\/\/www.textilegence.com\/en\/wp-json\/wp\/v2\/media\/23838"}],"wp:attachment":[{"href":"https:\/\/www.textilegence.com\/en\/wp-json\/wp\/v2\/media?parent=23842"}],"wp:term":[{"taxonomy":"category","embeddable":true,"href":"https:\/\/www.textilegence.com\/en\/wp-json\/wp\/v2\/categories?post=23842"},{"taxonomy":"post_tag","embeddable":true,"href":"https:\/\/www.textilegence.com\/en\/wp-json\/wp\/v2\/tags?post=23842"}],"curies":[{"name":"wp","href":"https:\/\/api.w.org\/{rel}","templated":true}]}}