{"id":23889,"date":"2018-05-04T12:36:33","date_gmt":"2018-05-04T09:36:33","guid":{"rendered":"http:\/\/www.textilegence.com\/?p=23889"},"modified":"2018-12-03T10:12:53","modified_gmt":"2018-12-03T07:12:53","slug":"zimmer-austria-digital-fespa","status":"publish","type":"post","link":"https:\/\/www.textilegence.com\/en\/zimmer-austria-digital-fespa\/","title":{"rendered":"Zimmer Austria Digital Innovations at FESPA Berlin"},"content":{"rendered":"<figure id=\"attachment_23886\" aria-describedby=\"caption-attachment-23886\" style=\"width: 382px\" class=\"wp-caption alignleft\"><img loading=\"lazy\" decoding=\"async\" class=\"wp-image-23886 size-medium\" src=\"https:\/\/www.textilegence.com\/wp-content\/uploads\/2018\/05\/zimmer_textilegence-382x250.jpg\" alt=\"Zimmer Austria Digital Innovations at FESPA Berlin\" width=\"382\" height=\"250\" srcset=\"https:\/\/www.textilegence.com\/wp-content\/uploads\/2018\/05\/zimmer_textilegence-382x250.jpg 382w, https:\/\/www.textilegence.com\/wp-content\/uploads\/2018\/05\/zimmer_textilegence-534x350.jpg 534w, https:\/\/www.textilegence.com\/wp-content\/uploads\/2018\/05\/zimmer_textilegence-696x456.jpg 696w, https:\/\/www.textilegence.com\/wp-content\/uploads\/2018\/05\/zimmer_textilegence-741x486.jpg 741w, https:\/\/www.textilegence.com\/wp-content\/uploads\/2018\/05\/zimmer_textilegence.jpg 742w\" sizes=\"auto, (max-width: 382px) 100vw, 382px\" \/><figcaption id=\"caption-attachment-23886\" class=\"wp-caption-text\">Zimmer Austria Digital Innovations at FESPA Berlin<\/figcaption><\/figure>\n<p style=\"text-align: justify;\"><strong>Zimmer Austria Digital Innovations at FESPA Berlin &#8211;\u00a0Exhibiting the Colaris digital textile printer at ITM 2018 in April, Zimmer Austria will meet the global market at FESPA Berlin in May.<\/strong><\/p>\n<p style=\"text-align: justify;\">Offering the most suitable solutions for the most efficient digital printing and functionalization (digital coating) process for almost any application, Zimmer Austria, will participate at the FESPA Berlin in May with the <a href=\"https:\/\/www.textilegence.com\/en\/zimmer-austria-launches-new-colaris-models-at-itma-2015\/\" target=\"_blank\" rel=\"noopener\">Colaris<\/a> digital textile printer model and applications.<\/p>\n<p style=\"text-align: justify;\">With their <a href=\"http:\/\/www.zimmer-austria.com\/\" target=\"_blank\" rel=\"nofollow noopener\">pigment printing solution<\/a>, ZIMMER AUSTRIA completes the portfolio of its available ink classes. &#8220;This gives our customers every opportunity to achieve good fastness even in the home textiles market, for curtains, fabric bags or decorative articles. At the same time, outdoor applications are possible, from sun protection to tarpaulins\u201c, explains Josef Osl (Sales Manager at ZIMMER AUSTRIA). \u201cWith our pigment inks (4 or 6 colours) together with the COLARIS we deliver reliable printing results with brilliant colours, as well as excellent light, friction and wash resistance\u201d.<\/p>\n<p style=\"text-align: justify;\">To cover all these application areas and all ink classes, ZIMMER AUSTRIA uses various circulating INKJET print heads from the Fujifilm Dimatix StarFireTM SG1024 family for its COLARIS range. This is particularly important for the pigment, disperse or vat ink classes to ensure reliable production operation. The COLARIS models range from compact sample machines up to a 4.20 m wide system. All models are available in a variety of configurations between four and twelve colours; with a choice between reactive, acid, disperse, pigment or vat inks.<\/p>\n<h1 style=\"text-align: justify;\"><strong>Zimmer Austria Digital Innovations at FESPA Berlin<\/strong><\/h1>\n<p style=\"text-align: justify;\">Zimmer Austria exhibited their digital printing innovations by participating at the ITM 2018; which took place between April 14th and 17th. The Colaris digital textile printer, displayed at their booth no 602 in Hall 6; was presented to visitors and worked with pigment ink throughout the exhibition.<\/p>\n<p style=\"text-align: justify;\">The company\u2019s next stop will be the FESPA Berlin, which will take place from May 15th to May 18th. Zimmer Austria will again exhibit Colaris with pigment inks in live shows throughout the exhibition; which will transform into the meeting platform of the global digital printing industry.<\/p>\n<h2 style=\"text-align: justify;\"><strong>Colaris offers flexibility in digital printing<\/strong><\/h2>\n<p style=\"text-align: justify;\">Colaris Textile Printer, which is one of the most versatile and most economical inkjet printing platforms on the market; makes prints from 12 to 180 pl. droplet size possible based on a strong mechanical structure. The machine has a working width of 1,800, 2,600 or 3,200 mm; and can be arranged with up to 64 print heads. Colaris&#8217;s affordable entry-level model Colaris Infinity printer is also offered without unnecessary options. The model with 96 print heads offers 12 colour setups. The Colaris Infinity printer can be used with 4, 6 or 8 colours in 1800 or 2,600mm working widths.<\/p>\n","protected":false},"excerpt":{"rendered":"<p>Zimmer Austria Digital Innovations at FESPA Berlin &#8211;\u00a0Exhibiting the Colaris digital textile printer at ITM 2018 in April, Zimmer Austria will meet the global market at FESPA Berlin in May. Offering the most suitable solutions for the most efficient digital printing and functionalization (digital coating) process for almost any application, Zimmer Austria, will participate at [&hellip;]<\/p>\n","protected":false},"author":2,"featured_media":23886,"comment_status":"open","ping_status":"closed","sticky":false,"template":"","format":"standard","meta":{"footnotes":""},"categories":[9853,9859],"tags":[10136,11078],"class_list":{"0":"post-23889","1":"post","2":"type-post","3":"status-publish","4":"format-standard","5":"has-post-thumbnail","7":"category-printing","8":"category-topical","9":"tag-fespa-berlin-2018","10":"tag-zimmer-colaris-en"},"yoast_head":"<!-- This site is optimized with the Yoast SEO Premium plugin v27.3 (Yoast SEO v27.3) - https:\/\/yoast.com\/product\/yoast-seo-premium-wordpress\/ -->\n<title>Zimmer Austria Digital Innovations at FESPA Berlin - Textilegence<\/title>\n<meta name=\"description\" content=\"Zimmer Austria Digital Innovations at FESPA Berlin -\u00a0Exhibiting the Colaris digital textile printer at ITM 2018 in April, Zimmer Austria will meet the global market at FESPA Berlin in May.\" \/>\n<meta name=\"robots\" content=\"index, follow, max-snippet:-1, max-image-preview:large, max-video-preview:-1\" \/>\n<link rel=\"canonical\" href=\"https:\/\/www.textilegence.com\/en\/zimmer-austria-digital-fespa\/\" \/>\n<meta property=\"og:locale\" content=\"en_US\" \/>\n<meta property=\"og:type\" content=\"article\" \/>\n<meta property=\"og:title\" content=\"Zimmer Austria Digital Innovations at FESPA Berlin\" \/>\n<meta property=\"og:description\" content=\"Zimmer Austria Digital Innovations at FESPA Berlin -\u00a0Exhibiting the Colaris digital textile printer at ITM 2018 in April, Zimmer Austria will meet the\" \/>\n<meta property=\"og:url\" content=\"https:\/\/www.textilegence.com\/en\/zimmer-austria-digital-fespa\/\" \/>\n<meta property=\"og:site_name\" content=\"Textilegence Magazine and Digital Platform\" \/>\n<meta property=\"article:publisher\" content=\"https:\/\/www.facebook.com\/TextilegenceMagazine\" \/>\n<meta property=\"article:author\" content=\"https:\/\/www.facebook.com\/TextilegenceMagazine\" \/>\n<meta property=\"article:published_time\" content=\"2018-05-04T09:36:33+00:00\" \/>\n<meta property=\"article:modified_time\" content=\"2018-12-03T07:12:53+00:00\" \/>\n<meta property=\"og:image\" content=\"https:\/\/www.textilegence.com\/wp-content\/uploads\/2018\/05\/zimmer_textilegence.jpg\" \/>\n\t<meta property=\"og:image:width\" content=\"742\" \/>\n\t<meta property=\"og:image:height\" content=\"486\" \/>\n\t<meta property=\"og:image:type\" content=\"image\/jpeg\" \/>\n<meta name=\"author\" content=\"Engin Buz\" \/>\n<meta name=\"twitter:card\" content=\"summary_large_image\" \/>\n<meta name=\"twitter:creator\" content=\"@https:\/\/twitter.com\/textilegence\" \/>\n<meta name=\"twitter:site\" content=\"@textilegence\" \/>\n<meta name=\"twitter:label1\" content=\"Written by\" \/>\n\t<meta name=\"twitter:data1\" content=\"Engin Buz\" \/>\n\t<meta name=\"twitter:label2\" content=\"Est. reading time\" \/>\n\t<meta name=\"twitter:data2\" content=\"2 minutes\" \/>\n<script type=\"application\/ld+json\" class=\"yoast-schema-graph\">{\"@context\":\"https:\\\/\\\/schema.org\",\"@graph\":[{\"@type\":\"NewsArticle\",\"@id\":\"https:\\\/\\\/www.textilegence.com\\\/en\\\/zimmer-austria-digital-fespa\\\/#article\",\"isPartOf\":{\"@id\":\"https:\\\/\\\/www.textilegence.com\\\/en\\\/zimmer-austria-digital-fespa\\\/\"},\"author\":{\"name\":\"Engin Buz\",\"@id\":\"https:\\\/\\\/www.textilegence.com\\\/en\\\/#\\\/schema\\\/person\\\/46ccc7bfc34edbc7d46b6b189f88849f\"},\"headline\":\"Zimmer Austria Digital Innovations at FESPA Berlin\",\"datePublished\":\"2018-05-04T09:36:33+00:00\",\"dateModified\":\"2018-12-03T07:12:53+00:00\",\"mainEntityOfPage\":{\"@id\":\"https:\\\/\\\/www.textilegence.com\\\/en\\\/zimmer-austria-digital-fespa\\\/\"},\"wordCount\":454,\"commentCount\":0,\"publisher\":{\"@id\":\"https:\\\/\\\/www.textilegence.com\\\/en\\\/#organization\"},\"image\":{\"@id\":\"https:\\\/\\\/www.textilegence.com\\\/en\\\/zimmer-austria-digital-fespa\\\/#primaryimage\"},\"thumbnailUrl\":\"https:\\\/\\\/www.textilegence.com\\\/wp-content\\\/uploads\\\/2018\\\/05\\\/zimmer_textilegence.jpg\",\"keywords\":[\"fespa berlin 2018\",\"zimmer colaris\"],\"articleSection\":[\"Printing\",\"Topical\"],\"inLanguage\":\"en-US\",\"potentialAction\":[{\"@type\":\"CommentAction\",\"name\":\"Comment\",\"target\":[\"https:\\\/\\\/www.textilegence.com\\\/en\\\/zimmer-austria-digital-fespa\\\/#respond\"]}]},{\"@type\":\"WebPage\",\"@id\":\"https:\\\/\\\/www.textilegence.com\\\/en\\\/zimmer-austria-digital-fespa\\\/\",\"url\":\"https:\\\/\\\/www.textilegence.com\\\/en\\\/zimmer-austria-digital-fespa\\\/\",\"name\":\"Zimmer Austria Digital Innovations at FESPA Berlin - Textilegence\",\"isPartOf\":{\"@id\":\"https:\\\/\\\/www.textilegence.com\\\/en\\\/#website\"},\"primaryImageOfPage\":{\"@id\":\"https:\\\/\\\/www.textilegence.com\\\/en\\\/zimmer-austria-digital-fespa\\\/#primaryimage\"},\"image\":{\"@id\":\"https:\\\/\\\/www.textilegence.com\\\/en\\\/zimmer-austria-digital-fespa\\\/#primaryimage\"},\"thumbnailUrl\":\"https:\\\/\\\/www.textilegence.com\\\/wp-content\\\/uploads\\\/2018\\\/05\\\/zimmer_textilegence.jpg\",\"datePublished\":\"2018-05-04T09:36:33+00:00\",\"dateModified\":\"2018-12-03T07:12:53+00:00\",\"description\":\"Zimmer Austria Digital Innovations at FESPA Berlin -\u00a0Exhibiting the Colaris digital textile printer at ITM 2018 in April, Zimmer Austria will meet the global market at FESPA Berlin in May.\",\"breadcrumb\":{\"@id\":\"https:\\\/\\\/www.textilegence.com\\\/en\\\/zimmer-austria-digital-fespa\\\/#breadcrumb\"},\"inLanguage\":\"en-US\",\"potentialAction\":[{\"@type\":\"ReadAction\",\"target\":[\"https:\\\/\\\/www.textilegence.com\\\/en\\\/zimmer-austria-digital-fespa\\\/\"]}]},{\"@type\":\"ImageObject\",\"inLanguage\":\"en-US\",\"@id\":\"https:\\\/\\\/www.textilegence.com\\\/en\\\/zimmer-austria-digital-fespa\\\/#primaryimage\",\"url\":\"https:\\\/\\\/www.textilegence.com\\\/wp-content\\\/uploads\\\/2018\\\/05\\\/zimmer_textilegence.jpg\",\"contentUrl\":\"https:\\\/\\\/www.textilegence.com\\\/wp-content\\\/uploads\\\/2018\\\/05\\\/zimmer_textilegence.jpg\",\"width\":742,\"height\":486,\"caption\":\"Zimmer Austria Digital Innovations at FESPA Berlin\"},{\"@type\":\"BreadcrumbList\",\"@id\":\"https:\\\/\\\/www.textilegence.com\\\/en\\\/zimmer-austria-digital-fespa\\\/#breadcrumb\",\"itemListElement\":[{\"@type\":\"ListItem\",\"position\":1,\"name\":\"Home Page\",\"item\":\"https:\\\/\\\/www.textilegence.com\\\/en\\\/homepage-the-rimont\\\/\"},{\"@type\":\"ListItem\",\"position\":2,\"name\":\"Printing\",\"item\":\"https:\\\/\\\/www.textilegence.com\\\/en\\\/category\\\/printing\\\/\"},{\"@type\":\"ListItem\",\"position\":3,\"name\":\"Zimmer Austria Digital Innovations at FESPA Berlin\"}]},{\"@type\":\"WebSite\",\"@id\":\"https:\\\/\\\/www.textilegence.com\\\/en\\\/#website\",\"url\":\"https:\\\/\\\/www.textilegence.com\\\/en\\\/\",\"name\":\"Textilegence Magazine and Digital Platform\",\"description\":\"Textile News Center\",\"publisher\":{\"@id\":\"https:\\\/\\\/www.textilegence.com\\\/en\\\/#organization\"},\"potentialAction\":[{\"@type\":\"SearchAction\",\"target\":{\"@type\":\"EntryPoint\",\"urlTemplate\":\"https:\\\/\\\/www.textilegence.com\\\/en\\\/?s={search_term_string}\"},\"query-input\":{\"@type\":\"PropertyValueSpecification\",\"valueRequired\":true,\"valueName\":\"search_term_string\"}}],\"inLanguage\":\"en-US\"},{\"@type\":\"Organization\",\"@id\":\"https:\\\/\\\/www.textilegence.com\\\/en\\\/#organization\",\"name\":\"Textilegence Magazine and Digital Platform\",\"url\":\"https:\\\/\\\/www.textilegence.com\\\/en\\\/\",\"logo\":{\"@type\":\"ImageObject\",\"inLanguage\":\"en-US\",\"@id\":\"https:\\\/\\\/www.textilegence.com\\\/en\\\/#\\\/schema\\\/logo\\\/image\\\/\",\"url\":\"https:\\\/\\\/www.textilegence.com\\\/wp-content\\\/uploads\\\/2016\\\/11\\\/New_Retina_Logo_Textilegence.png\",\"contentUrl\":\"https:\\\/\\\/www.textilegence.com\\\/wp-content\\\/uploads\\\/2016\\\/11\\\/New_Retina_Logo_Textilegence.png\",\"width\":544,\"height\":180,\"caption\":\"Textilegence Magazine and Digital Platform\"},\"image\":{\"@id\":\"https:\\\/\\\/www.textilegence.com\\\/en\\\/#\\\/schema\\\/logo\\\/image\\\/\"},\"sameAs\":[\"https:\\\/\\\/www.facebook.com\\\/TextilegenceMagazine\",\"https:\\\/\\\/x.com\\\/textilegence\",\"https:\\\/\\\/www.instagram.com\\\/textilegence\\\/\",\"https:\\\/\\\/www.linkedin.com\\\/groups\\\/Textilegence-Magazine-Digital-Platform-4897253\",\"https:\\\/\\\/www.youtube.com\\\/user\\\/textilegence\"],\"description\":\"Textilegence is a magazine and digital platform established in 2013. It focuses on the textile industry and sub-segments. The platform provides news, articles, and updates on various aspects of the textile industry, including sustainability, technological advancements, and market trends.\",\"email\":\"editor@textilegence.com\",\"telephone\":\"+90 212 442 24 12\",\"legalName\":\"Textilegence Mag and Digital Platform\",\"foundingDate\":\"2013-01-01\",\"numberOfEmployees\":{\"@type\":\"QuantitativeValue\",\"minValue\":\"1\",\"maxValue\":\"10\"}},{\"@type\":\"Person\",\"@id\":\"https:\\\/\\\/www.textilegence.com\\\/en\\\/#\\\/schema\\\/person\\\/46ccc7bfc34edbc7d46b6b189f88849f\",\"name\":\"Engin Buz\",\"image\":{\"@type\":\"ImageObject\",\"inLanguage\":\"en-US\",\"@id\":\"https:\\\/\\\/www.textilegence.com\\\/wp-content\\\/uploads\\\/2018\\\/12\\\/engin-buz.jpg\",\"url\":\"https:\\\/\\\/www.textilegence.com\\\/wp-content\\\/uploads\\\/2018\\\/12\\\/engin-buz.jpg\",\"contentUrl\":\"https:\\\/\\\/www.textilegence.com\\\/wp-content\\\/uploads\\\/2018\\\/12\\\/engin-buz.jpg\",\"caption\":\"Engin Buz\"},\"description\":\"Engin Buz, Ankara \u00dcniversitesi \u0130leti\u015fim Fak\u00fcltesi Gazetecilik B\u00f6l\u00fcm\u00fc\u2019nden mezun olduktan sonra Y\u0131ld\u0131z Teknik \u00dcniversitesi\u2019nde Siyaset Bilimi ve Uluslararas\u0131 \u0130li\u015fkiler alan\u0131nda y\u00fcksek lisans\u0131n\u0131 tamamlam\u0131\u015ft\u0131r. 2000 y\u0131l\u0131ndan sonra \u00e7e\u015fitli yay\u0131nc\u0131l\u0131k \u015firketlerinde \u00e7al\u0131\u015fmaya ba\u015flayarak k\u00fclt\u00fcr-sanat ve daha sonra ekonomi haberleri haz\u0131rlam\u0131\u015ft\u0131r. 2009 y\u0131l\u0131ndan itibaren tekstil end\u00fcstrisine d\u00f6n\u00fck yay\u0131nlarda edit\u00f6r olarak g\u00f6rev alan Buz, 2013 itibariyle kurulan Textilegence\u2019de haber edit\u00f6r\u00fc olarak yer almaya ba\u015flam\u0131\u015ft\u0131r. Engin Buz halen ba\u015fta tekstil ve dijital bask\u0131 end\u00fcstrileri olmak \u00fczere ekonomi haberleri haz\u0131rlamaktad\u0131r.\",\"sameAs\":[\"https:\\\/\\\/www.textilegence.com\",\"https:\\\/\\\/www.facebook.com\\\/TextilegenceMagazine\",\"https:\\\/\\\/www.instagram.com\\\/textilegence\\\/\",\"https:\\\/\\\/www.linkedin.com\\\/in\\\/engin-buz-6190799a\\\/\",\"https:\\\/\\\/x.com\\\/https:\\\/\\\/twitter.com\\\/textilegence\"],\"url\":\"https:\\\/\\\/www.textilegence.com\\\/en\\\/author\\\/engin-buz\\\/\"}]}<\/script>\n<!-- \/ Yoast SEO Premium plugin. -->","yoast_head_json":{"title":"Zimmer Austria Digital Innovations at FESPA Berlin - Textilegence","description":"Zimmer Austria Digital Innovations at FESPA Berlin -\u00a0Exhibiting the Colaris digital textile printer at ITM 2018 in April, Zimmer Austria will meet the global market at FESPA Berlin in May.","robots":{"index":"index","follow":"follow","max-snippet":"max-snippet:-1","max-image-preview":"max-image-preview:large","max-video-preview":"max-video-preview:-1"},"canonical":"https:\/\/www.textilegence.com\/en\/zimmer-austria-digital-fespa\/","og_locale":"en_US","og_type":"article","og_title":"Zimmer Austria Digital Innovations at FESPA Berlin","og_description":"Zimmer Austria Digital Innovations at FESPA Berlin -\u00a0Exhibiting the Colaris digital textile printer at ITM 2018 in April, Zimmer Austria will meet the","og_url":"https:\/\/www.textilegence.com\/en\/zimmer-austria-digital-fespa\/","og_site_name":"Textilegence Magazine and Digital Platform","article_publisher":"https:\/\/www.facebook.com\/TextilegenceMagazine","article_author":"https:\/\/www.facebook.com\/TextilegenceMagazine","article_published_time":"2018-05-04T09:36:33+00:00","article_modified_time":"2018-12-03T07:12:53+00:00","og_image":[{"width":742,"height":486,"url":"https:\/\/www.textilegence.com\/wp-content\/uploads\/2018\/05\/zimmer_textilegence.jpg","type":"image\/jpeg"}],"author":"Engin Buz","twitter_card":"summary_large_image","twitter_creator":"@https:\/\/twitter.com\/textilegence","twitter_site":"@textilegence","twitter_misc":{"Written by":"Engin Buz","Est. reading time":"2 minutes"},"schema":{"@context":"https:\/\/schema.org","@graph":[{"@type":"NewsArticle","@id":"https:\/\/www.textilegence.com\/en\/zimmer-austria-digital-fespa\/#article","isPartOf":{"@id":"https:\/\/www.textilegence.com\/en\/zimmer-austria-digital-fespa\/"},"author":{"name":"Engin Buz","@id":"https:\/\/www.textilegence.com\/en\/#\/schema\/person\/46ccc7bfc34edbc7d46b6b189f88849f"},"headline":"Zimmer Austria Digital Innovations at FESPA Berlin","datePublished":"2018-05-04T09:36:33+00:00","dateModified":"2018-12-03T07:12:53+00:00","mainEntityOfPage":{"@id":"https:\/\/www.textilegence.com\/en\/zimmer-austria-digital-fespa\/"},"wordCount":454,"commentCount":0,"publisher":{"@id":"https:\/\/www.textilegence.com\/en\/#organization"},"image":{"@id":"https:\/\/www.textilegence.com\/en\/zimmer-austria-digital-fespa\/#primaryimage"},"thumbnailUrl":"https:\/\/www.textilegence.com\/wp-content\/uploads\/2018\/05\/zimmer_textilegence.jpg","keywords":["fespa berlin 2018","zimmer colaris"],"articleSection":["Printing","Topical"],"inLanguage":"en-US","potentialAction":[{"@type":"CommentAction","name":"Comment","target":["https:\/\/www.textilegence.com\/en\/zimmer-austria-digital-fespa\/#respond"]}]},{"@type":"WebPage","@id":"https:\/\/www.textilegence.com\/en\/zimmer-austria-digital-fespa\/","url":"https:\/\/www.textilegence.com\/en\/zimmer-austria-digital-fespa\/","name":"Zimmer Austria Digital Innovations at FESPA Berlin - Textilegence","isPartOf":{"@id":"https:\/\/www.textilegence.com\/en\/#website"},"primaryImageOfPage":{"@id":"https:\/\/www.textilegence.com\/en\/zimmer-austria-digital-fespa\/#primaryimage"},"image":{"@id":"https:\/\/www.textilegence.com\/en\/zimmer-austria-digital-fespa\/#primaryimage"},"thumbnailUrl":"https:\/\/www.textilegence.com\/wp-content\/uploads\/2018\/05\/zimmer_textilegence.jpg","datePublished":"2018-05-04T09:36:33+00:00","dateModified":"2018-12-03T07:12:53+00:00","description":"Zimmer Austria Digital Innovations at FESPA Berlin -\u00a0Exhibiting the Colaris digital textile printer at ITM 2018 in April, Zimmer Austria will meet the global market at FESPA Berlin in May.","breadcrumb":{"@id":"https:\/\/www.textilegence.com\/en\/zimmer-austria-digital-fespa\/#breadcrumb"},"inLanguage":"en-US","potentialAction":[{"@type":"ReadAction","target":["https:\/\/www.textilegence.com\/en\/zimmer-austria-digital-fespa\/"]}]},{"@type":"ImageObject","inLanguage":"en-US","@id":"https:\/\/www.textilegence.com\/en\/zimmer-austria-digital-fespa\/#primaryimage","url":"https:\/\/www.textilegence.com\/wp-content\/uploads\/2018\/05\/zimmer_textilegence.jpg","contentUrl":"https:\/\/www.textilegence.com\/wp-content\/uploads\/2018\/05\/zimmer_textilegence.jpg","width":742,"height":486,"caption":"Zimmer Austria Digital Innovations at FESPA Berlin"},{"@type":"BreadcrumbList","@id":"https:\/\/www.textilegence.com\/en\/zimmer-austria-digital-fespa\/#breadcrumb","itemListElement":[{"@type":"ListItem","position":1,"name":"Home Page","item":"https:\/\/www.textilegence.com\/en\/homepage-the-rimont\/"},{"@type":"ListItem","position":2,"name":"Printing","item":"https:\/\/www.textilegence.com\/en\/category\/printing\/"},{"@type":"ListItem","position":3,"name":"Zimmer Austria Digital Innovations at FESPA Berlin"}]},{"@type":"WebSite","@id":"https:\/\/www.textilegence.com\/en\/#website","url":"https:\/\/www.textilegence.com\/en\/","name":"Textilegence Magazine and Digital Platform","description":"Textile News Center","publisher":{"@id":"https:\/\/www.textilegence.com\/en\/#organization"},"potentialAction":[{"@type":"SearchAction","target":{"@type":"EntryPoint","urlTemplate":"https:\/\/www.textilegence.com\/en\/?s={search_term_string}"},"query-input":{"@type":"PropertyValueSpecification","valueRequired":true,"valueName":"search_term_string"}}],"inLanguage":"en-US"},{"@type":"Organization","@id":"https:\/\/www.textilegence.com\/en\/#organization","name":"Textilegence Magazine and Digital Platform","url":"https:\/\/www.textilegence.com\/en\/","logo":{"@type":"ImageObject","inLanguage":"en-US","@id":"https:\/\/www.textilegence.com\/en\/#\/schema\/logo\/image\/","url":"https:\/\/www.textilegence.com\/wp-content\/uploads\/2016\/11\/New_Retina_Logo_Textilegence.png","contentUrl":"https:\/\/www.textilegence.com\/wp-content\/uploads\/2016\/11\/New_Retina_Logo_Textilegence.png","width":544,"height":180,"caption":"Textilegence Magazine and Digital Platform"},"image":{"@id":"https:\/\/www.textilegence.com\/en\/#\/schema\/logo\/image\/"},"sameAs":["https:\/\/www.facebook.com\/TextilegenceMagazine","https:\/\/x.com\/textilegence","https:\/\/www.instagram.com\/textilegence\/","https:\/\/www.linkedin.com\/groups\/Textilegence-Magazine-Digital-Platform-4897253","https:\/\/www.youtube.com\/user\/textilegence"],"description":"Textilegence is a magazine and digital platform established in 2013. It focuses on the textile industry and sub-segments. The platform provides news, articles, and updates on various aspects of the textile industry, including sustainability, technological advancements, and market trends.","email":"editor@textilegence.com","telephone":"+90 212 442 24 12","legalName":"Textilegence Mag and Digital Platform","foundingDate":"2013-01-01","numberOfEmployees":{"@type":"QuantitativeValue","minValue":"1","maxValue":"10"}},{"@type":"Person","@id":"https:\/\/www.textilegence.com\/en\/#\/schema\/person\/46ccc7bfc34edbc7d46b6b189f88849f","name":"Engin Buz","image":{"@type":"ImageObject","inLanguage":"en-US","@id":"https:\/\/www.textilegence.com\/wp-content\/uploads\/2018\/12\/engin-buz.jpg","url":"https:\/\/www.textilegence.com\/wp-content\/uploads\/2018\/12\/engin-buz.jpg","contentUrl":"https:\/\/www.textilegence.com\/wp-content\/uploads\/2018\/12\/engin-buz.jpg","caption":"Engin Buz"},"description":"Engin Buz, Ankara \u00dcniversitesi \u0130leti\u015fim Fak\u00fcltesi Gazetecilik B\u00f6l\u00fcm\u00fc\u2019nden mezun olduktan sonra Y\u0131ld\u0131z Teknik \u00dcniversitesi\u2019nde Siyaset Bilimi ve Uluslararas\u0131 \u0130li\u015fkiler alan\u0131nda y\u00fcksek lisans\u0131n\u0131 tamamlam\u0131\u015ft\u0131r. 2000 y\u0131l\u0131ndan sonra \u00e7e\u015fitli yay\u0131nc\u0131l\u0131k \u015firketlerinde \u00e7al\u0131\u015fmaya ba\u015flayarak k\u00fclt\u00fcr-sanat ve daha sonra ekonomi haberleri haz\u0131rlam\u0131\u015ft\u0131r. 2009 y\u0131l\u0131ndan itibaren tekstil end\u00fcstrisine d\u00f6n\u00fck yay\u0131nlarda edit\u00f6r olarak g\u00f6rev alan Buz, 2013 itibariyle kurulan Textilegence\u2019de haber edit\u00f6r\u00fc olarak yer almaya ba\u015flam\u0131\u015ft\u0131r. Engin Buz halen ba\u015fta tekstil ve dijital bask\u0131 end\u00fcstrileri olmak \u00fczere ekonomi haberleri haz\u0131rlamaktad\u0131r.","sameAs":["https:\/\/www.textilegence.com","https:\/\/www.facebook.com\/TextilegenceMagazine","https:\/\/www.instagram.com\/textilegence\/","https:\/\/www.linkedin.com\/in\/engin-buz-6190799a\/","https:\/\/x.com\/https:\/\/twitter.com\/textilegence"],"url":"https:\/\/www.textilegence.com\/en\/author\/engin-buz\/"}]}},"_links":{"self":[{"href":"https:\/\/www.textilegence.com\/en\/wp-json\/wp\/v2\/posts\/23889","targetHints":{"allow":["GET"]}}],"collection":[{"href":"https:\/\/www.textilegence.com\/en\/wp-json\/wp\/v2\/posts"}],"about":[{"href":"https:\/\/www.textilegence.com\/en\/wp-json\/wp\/v2\/types\/post"}],"author":[{"embeddable":true,"href":"https:\/\/www.textilegence.com\/en\/wp-json\/wp\/v2\/users\/2"}],"replies":[{"embeddable":true,"href":"https:\/\/www.textilegence.com\/en\/wp-json\/wp\/v2\/comments?post=23889"}],"version-history":[{"count":0,"href":"https:\/\/www.textilegence.com\/en\/wp-json\/wp\/v2\/posts\/23889\/revisions"}],"wp:featuredmedia":[{"embeddable":true,"href":"https:\/\/www.textilegence.com\/en\/wp-json\/wp\/v2\/media\/23886"}],"wp:attachment":[{"href":"https:\/\/www.textilegence.com\/en\/wp-json\/wp\/v2\/media?parent=23889"}],"wp:term":[{"taxonomy":"category","embeddable":true,"href":"https:\/\/www.textilegence.com\/en\/wp-json\/wp\/v2\/categories?post=23889"},{"taxonomy":"post_tag","embeddable":true,"href":"https:\/\/www.textilegence.com\/en\/wp-json\/wp\/v2\/tags?post=23889"}],"curies":[{"name":"wp","href":"https:\/\/api.w.org\/{rel}","templated":true}]}}