{"id":23997,"date":"2018-05-08T13:54:17","date_gmt":"2018-05-08T10:54:17","guid":{"rendered":"http:\/\/www.textilegence.com\/?p=23997"},"modified":"2018-05-08T14:03:52","modified_gmt":"2018-05-08T11:03:52","slug":"change-in-the-top","status":"publish","type":"post","link":"https:\/\/www.textilegence.com\/en\/change-in-the-top\/","title":{"rendered":"The Wind of Change in the Top Ranks of the Textile Industry"},"content":{"rendered":"<figure id=\"attachment_23986\" aria-describedby=\"caption-attachment-23986\" style=\"width: 382px\" class=\"wp-caption alignleft\"><img loading=\"lazy\" decoding=\"async\" class=\"wp-image-23986 size-medium\" src=\"https:\/\/www.textilegence.com\/wp-content\/uploads\/2018\/05\/pinar_tasdelen_textilegence-382x250.jpg\" alt=\"The Wind of Change in the Top Ranks of the Textile Industry - P\u0131nar Ta\u015fdelen Engin\" width=\"382\" height=\"250\" srcset=\"https:\/\/www.textilegence.com\/wp-content\/uploads\/2018\/05\/pinar_tasdelen_textilegence-382x250.jpg 382w, https:\/\/www.textilegence.com\/wp-content\/uploads\/2018\/05\/pinar_tasdelen_textilegence-534x350.jpg 534w, https:\/\/www.textilegence.com\/wp-content\/uploads\/2018\/05\/pinar_tasdelen_textilegence-696x456.jpg 696w, https:\/\/www.textilegence.com\/wp-content\/uploads\/2018\/05\/pinar_tasdelen_textilegence-741x486.jpg 741w, https:\/\/www.textilegence.com\/wp-content\/uploads\/2018\/05\/pinar_tasdelen_textilegence.jpg 742w\" sizes=\"auto, (max-width: 382px) 100vw, 382px\" \/><figcaption id=\"caption-attachment-23986\" class=\"wp-caption-text\">The Wind of Change in the Top Ranks of the Textile Industry &#8211; P\u0131nar Ta\u015fdelen Engin<\/figcaption><\/figure>\n<p style=\"text-align: justify;\"><strong>The Wind of Change in the Top Ranks of the Textile Industry &#8211;\u00a0New management and presidents were appointed by the elections held in the unions representing the export side of the Turkish textile industry.<\/strong><\/p>\n<p style=\"text-align: justify;\">New names have been elected for the executive boards and chairs of <a href=\"https:\/\/www.textilegence.com\/en\/category\/topical\/textile-associations\/\" target=\"_blank\" rel=\"noopener\">important export associations<\/a> of the Turkish textile industry. There was a wind of change in the association elections. The newly elected presidents have underlined the importance of the textile and ready-to-wear industries for the country&#8217;s economy and expressed their willingness to further increase power of the export.<\/p>\n<p style=\"text-align: justify;\">Uluda\u011f Textile Exporters&#8217; Association (<a href=\"http:\/\/www.utibargeprojepazari.com\/\" target=\"_blank\" rel=\"nofollow noopener\">UT\u0130B<\/a>) General Assembly elected P\u0131nar Ta\u015fdelen Engin as their new chairman. Taking over from previous chairman \u0130brahim Burkay; Engin also won the title of the first woman association chairman in the industry. P\u0131nar Ta\u015fdelen Engin, who received all of the 77 votes in a single list election; \u201cI worked for 8 years in the executive board of UT\u0130B and 4 years as vice president. Therefore, I know the problems of the industry and its objectives closely. We will continue to work for the industry with all our strength as we did before.\u201d<\/p>\n<p style=\"text-align: justify;\">Engin reminded that the Turkish textile industry closed 2017 with $ 8.1 billion exports and continued her words saying; &#8220;The 1.2 billion dollars of these exports were made by UT\u0130B member companies. We will speed up the process in the new period by especially working on increasing the exports of high value added products, and increase the export figures of UT\u0130B to 1.6 billion dollars level.\u201d<\/p>\n<figure id=\"attachment_23988\" aria-describedby=\"caption-attachment-23988\" style=\"width: 169px\" class=\"wp-caption alignleft\"><img loading=\"lazy\" decoding=\"async\" class=\"wp-image-23988 size-medium\" src=\"https:\/\/www.textilegence.com\/wp-content\/uploads\/2018\/05\/ahmet_oksuz_textilegence-169x250.jpg\" alt=\"The Wind of Change in the Top Ranks of the Textile Industry: Ahmet \u00d6ks\u00fcz - \u0130smail G\u00fcller - Ali Sami Ayd\u0131n\" width=\"169\" height=\"250\" srcset=\"https:\/\/www.textilegence.com\/wp-content\/uploads\/2018\/05\/ahmet_oksuz_textilegence-169x250.jpg 169w, https:\/\/www.textilegence.com\/wp-content\/uploads\/2018\/05\/ahmet_oksuz_textilegence-237x350.jpg 237w, https:\/\/www.textilegence.com\/wp-content\/uploads\/2018\/05\/ahmet_oksuz_textilegence.jpg 334w\" sizes=\"auto, (max-width: 169px) 100vw, 169px\" \/><figcaption id=\"caption-attachment-23988\" class=\"wp-caption-text\">The Wind of Change in the Top Ranks of the Textile Industry: Ahmet \u00d6ks\u00fcz &#8211; \u0130smail G\u00fcller &#8211; Ali Sami Ayd\u0131n<\/figcaption><\/figure>\n<h1 style=\"text-align: justify;\"><strong>The Wind of Change in the Top Ranks of the Textile Industry: Ahmet \u00d6ks\u00fcz is the new chairman of \u0130TH\u0130B<\/strong><\/h1>\n<p style=\"text-align: justify;\">Istanbul Textile and Raw Materials Exporters Association (\u0130TH\u0130B) will continue its path in the new period under the chairmanship of Ahmet \u00d6ks\u00fcz. \u0130smail G\u00fclle, who has been the long-time chairman of \u0130TH\u0130B, will serve as the Vice President in the new board of directors. New Chairman Ahmet \u00d6ks\u00fcz said in his statement that they would solve common problems with common sense.<\/p>\n<p style=\"text-align: justify;\">Entering the election with a single list and winning the chairmanship in \u0130TH\u0130B General Assembly, \u00d6ks\u00fcz said; &#8220;I have been working in export associations for 20 years. We are working in the most dynamic industry of Turkey. We are one of the sectors that gives the most foreign trade surplus. Our aim is to solve the problems with consultation by increasing cooperation. We aim to create common solutions to common problems.\u201d<\/p>\n<figure id=\"attachment_23990\" aria-describedby=\"caption-attachment-23990\" style=\"width: 382px\" class=\"wp-caption alignleft\"><img loading=\"lazy\" decoding=\"async\" class=\"wp-image-23990 size-medium\" src=\"https:\/\/www.textilegence.com\/wp-content\/uploads\/2018\/05\/mustafa_gultepe_textilegence-382x250.jpg\" alt=\"Mustafa G\u00fcltepe\" width=\"382\" height=\"250\" srcset=\"https:\/\/www.textilegence.com\/wp-content\/uploads\/2018\/05\/mustafa_gultepe_textilegence-382x250.jpg 382w, https:\/\/www.textilegence.com\/wp-content\/uploads\/2018\/05\/mustafa_gultepe_textilegence-534x350.jpg 534w, https:\/\/www.textilegence.com\/wp-content\/uploads\/2018\/05\/mustafa_gultepe_textilegence-696x456.jpg 696w, https:\/\/www.textilegence.com\/wp-content\/uploads\/2018\/05\/mustafa_gultepe_textilegence-741x486.jpg 741w, https:\/\/www.textilegence.com\/wp-content\/uploads\/2018\/05\/mustafa_gultepe_textilegence.jpg 742w\" sizes=\"auto, (max-width: 382px) 100vw, 382px\" \/><figcaption id=\"caption-attachment-23990\" class=\"wp-caption-text\">Mustafa G\u00fcltepe<\/figcaption><\/figure>\n<h2 style=\"text-align: justify;\"><strong>Mustafa G\u00fcltepe elected as the new chairman of \u0130HK\u0130B<\/strong><\/h2>\n<p style=\"text-align: justify;\">Mustafa G\u00fcltepe sat in the Chairman chair at the Istanbul Apparel Exporters&#8217; Association (\u0130HK\u0130B). G\u00fcltepe, who was joined the elections as the sole candidate and will be running the chairmanship of \u0130HK\u0130B for 4 years, thanked the former president Hikmet Tanr\u0131verdi for his contribution to the apparel industry.<\/p>\n<p style=\"text-align: justify;\">Advocating a spring breeze in the industry, G\u00fcltepe continued his words as follows; \u201cWe have entered a cyclical turn of fortune. We had a very good start to 2018 after three hard years. We are up 11.4 percent in the first quarter compared to last year. We will speed up and try to further increase this rate higher.\u201d<\/p>\n<figure id=\"attachment_23992\" aria-describedby=\"caption-attachment-23992\" style=\"width: 382px\" class=\"wp-caption alignleft\"><img loading=\"lazy\" decoding=\"async\" class=\"wp-image-23992 size-medium\" src=\"https:\/\/www.textilegence.com\/wp-content\/uploads\/2018\/05\/jak_eskinazi_textilegence-382x250.jpg\" alt=\"Jak Eskinazi - Sabri \u00dcnl\u00fct\u00fcrk\" width=\"382\" height=\"250\" srcset=\"https:\/\/www.textilegence.com\/wp-content\/uploads\/2018\/05\/jak_eskinazi_textilegence-382x250.jpg 382w, https:\/\/www.textilegence.com\/wp-content\/uploads\/2018\/05\/jak_eskinazi_textilegence-534x350.jpg 534w, https:\/\/www.textilegence.com\/wp-content\/uploads\/2018\/05\/jak_eskinazi_textilegence-696x456.jpg 696w, https:\/\/www.textilegence.com\/wp-content\/uploads\/2018\/05\/jak_eskinazi_textilegence-741x486.jpg 741w, https:\/\/www.textilegence.com\/wp-content\/uploads\/2018\/05\/jak_eskinazi_textilegence.jpg 742w\" sizes=\"auto, (max-width: 382px) 100vw, 382px\" \/><figcaption id=\"caption-attachment-23992\" class=\"wp-caption-text\">Jak Eskinazi &#8211; Sabri \u00dcnl\u00fct\u00fcrk<\/figcaption><\/figure>\n<h3 style=\"text-align: justify;\"><strong>Aegean textile manufacturers chose Eskinazi as chairman<\/strong><\/h3>\n<p style=\"text-align: justify;\">Aegean Textile and Raw Materials Exporters Association (ETH\u0130B) chose Jak Eskinazi as the chairman of the board. Eskinazi, who was elected to the chairmanship in the general assembly, took over from Sabri \u00dcnl\u00fct\u00fcrk. Previously, Eskinazi was the Chairman of the Board of Directors of the Aegean Textile and Raw Materials Exporters Association between 2003-2010.<\/p>\n<p style=\"text-align: justify;\">Addressing the members of the general assembly, Jak Eskinazi recalled that the textile and apparel industries have a great importance for the Turkish economy and that the two industries had signed 25 billion dollars\u2019 worth of exports in 2017. Eskinazi; \u201cExports of the textile industry increased by 3 percent in the whole country, and by 18 percent in our region compared to the previous year. Textile industry, which is one of the most important industry to create added value in Turkey, has completed\u00a0 2017 as the European Union&#8217;s largest 2<sup>nd<\/sup> while 8<sup>th<\/sup> largest supplier of the world.\u201d<\/p>\n<p style=\"text-align: justify;\">Burak Sertba\u015f was elected as Chairman of the Board of Directors of Aegean Apparel and Ready-to-Wear Exporters Union.<\/p>\n","protected":false},"excerpt":{"rendered":"<p>The Wind of Change in the Top Ranks of the Textile Industry &#8211;\u00a0New management and presidents were appointed by the elections held in the unions representing the export side of the Turkish textile industry. New names have been elected for the executive boards and chairs of important export associations of the Turkish textile industry. There [&hellip;]<\/p>\n","protected":false},"author":2,"featured_media":23986,"comment_status":"open","ping_status":"closed","sticky":false,"template":"","format":"standard","meta":{"footnotes":""},"categories":[9859],"tags":[10142,1642,4235,10777,11022,1102],"class_list":{"0":"post-23997","1":"post","2":"type-post","3":"status-publish","4":"format-standard","5":"has-post-thumbnail","7":"category-topical","8":"tag-ethib","9":"tag-ihkib","10":"tag-ithib","11":"tag-ithib-en","12":"tag-utib"},"yoast_head":"<!-- This site is optimized with the Yoast SEO Premium plugin v27.3 (Yoast SEO v27.3) - https:\/\/yoast.com\/product\/yoast-seo-premium-wordpress\/ -->\n<title>The Wind of Change in the Top Ranks of the Textile Industry - Textilegence<\/title>\n<meta name=\"description\" content=\"The Wind of Change in the Top Ranks of the Textile Industry -\u00a0New management and presidents were appointed by the elections held in the unions representing the export side of the Turkish textile industry.\" \/>\n<meta name=\"robots\" content=\"index, follow, max-snippet:-1, max-image-preview:large, max-video-preview:-1\" \/>\n<link rel=\"canonical\" href=\"https:\/\/www.textilegence.com\/en\/change-in-the-top\/\" \/>\n<meta property=\"og:locale\" content=\"en_US\" \/>\n<meta property=\"og:type\" content=\"article\" \/>\n<meta property=\"og:title\" content=\"The Wind of Change in the Top Ranks of the Textile Industry\" \/>\n<meta property=\"og:description\" content=\"The Wind of Change in the Top Ranks of the Textile Industry -\u00a0New management and presidents were appointed by the elections held in the unions\" \/>\n<meta property=\"og:url\" content=\"https:\/\/www.textilegence.com\/en\/change-in-the-top\/\" \/>\n<meta property=\"og:site_name\" content=\"Textilegence Magazine and Digital Platform\" \/>\n<meta property=\"article:publisher\" content=\"https:\/\/www.facebook.com\/TextilegenceMagazine\" \/>\n<meta property=\"article:author\" content=\"https:\/\/www.facebook.com\/TextilegenceMagazine\" \/>\n<meta property=\"article:published_time\" content=\"2018-05-08T10:54:17+00:00\" \/>\n<meta property=\"article:modified_time\" content=\"2018-05-08T11:03:52+00:00\" \/>\n<meta property=\"og:image\" content=\"https:\/\/www.textilegence.com\/wp-content\/uploads\/2018\/05\/pinar_tasdelen_textilegence.jpg\" \/>\n\t<meta property=\"og:image:width\" content=\"742\" \/>\n\t<meta property=\"og:image:height\" content=\"486\" \/>\n\t<meta property=\"og:image:type\" content=\"image\/jpeg\" \/>\n<meta name=\"author\" content=\"Engin Buz\" \/>\n<meta name=\"twitter:card\" content=\"summary_large_image\" \/>\n<meta name=\"twitter:creator\" content=\"@https:\/\/twitter.com\/textilegence\" \/>\n<meta name=\"twitter:site\" content=\"@textilegence\" \/>\n<meta name=\"twitter:label1\" content=\"Written by\" \/>\n\t<meta name=\"twitter:data1\" content=\"Engin Buz\" \/>\n\t<meta name=\"twitter:label2\" content=\"Est. reading time\" \/>\n\t<meta name=\"twitter:data2\" content=\"4 minutes\" \/>\n<script type=\"application\/ld+json\" class=\"yoast-schema-graph\">{\"@context\":\"https:\\\/\\\/schema.org\",\"@graph\":[{\"@type\":\"NewsArticle\",\"@id\":\"https:\\\/\\\/www.textilegence.com\\\/en\\\/change-in-the-top\\\/#article\",\"isPartOf\":{\"@id\":\"https:\\\/\\\/www.textilegence.com\\\/en\\\/change-in-the-top\\\/\"},\"author\":{\"name\":\"Engin Buz\",\"@id\":\"https:\\\/\\\/www.textilegence.com\\\/en\\\/#\\\/schema\\\/person\\\/46ccc7bfc34edbc7d46b6b189f88849f\"},\"headline\":\"The Wind of Change in the Top Ranks of the Textile Industry\",\"datePublished\":\"2018-05-08T10:54:17+00:00\",\"dateModified\":\"2018-05-08T11:03:52+00:00\",\"mainEntityOfPage\":{\"@id\":\"https:\\\/\\\/www.textilegence.com\\\/en\\\/change-in-the-top\\\/\"},\"wordCount\":804,\"commentCount\":0,\"publisher\":{\"@id\":\"https:\\\/\\\/www.textilegence.com\\\/en\\\/#organization\"},\"image\":{\"@id\":\"https:\\\/\\\/www.textilegence.com\\\/en\\\/change-in-the-top\\\/#primaryimage\"},\"thumbnailUrl\":\"https:\\\/\\\/www.textilegence.com\\\/wp-content\\\/uploads\\\/2018\\\/05\\\/pinar_tasdelen_textilegence.jpg\",\"keywords\":[\"ethib\",\"ihkib\",\"ithib\",\"ithib\",\"utib\",\"utib\"],\"articleSection\":[\"Topical\"],\"inLanguage\":\"en-US\",\"potentialAction\":[{\"@type\":\"CommentAction\",\"name\":\"Comment\",\"target\":[\"https:\\\/\\\/www.textilegence.com\\\/en\\\/change-in-the-top\\\/#respond\"]}]},{\"@type\":\"WebPage\",\"@id\":\"https:\\\/\\\/www.textilegence.com\\\/en\\\/change-in-the-top\\\/\",\"url\":\"https:\\\/\\\/www.textilegence.com\\\/en\\\/change-in-the-top\\\/\",\"name\":\"The Wind of Change in the Top Ranks of the Textile Industry - Textilegence\",\"isPartOf\":{\"@id\":\"https:\\\/\\\/www.textilegence.com\\\/en\\\/#website\"},\"primaryImageOfPage\":{\"@id\":\"https:\\\/\\\/www.textilegence.com\\\/en\\\/change-in-the-top\\\/#primaryimage\"},\"image\":{\"@id\":\"https:\\\/\\\/www.textilegence.com\\\/en\\\/change-in-the-top\\\/#primaryimage\"},\"thumbnailUrl\":\"https:\\\/\\\/www.textilegence.com\\\/wp-content\\\/uploads\\\/2018\\\/05\\\/pinar_tasdelen_textilegence.jpg\",\"datePublished\":\"2018-05-08T10:54:17+00:00\",\"dateModified\":\"2018-05-08T11:03:52+00:00\",\"description\":\"The Wind of Change in the Top Ranks of the Textile Industry -\u00a0New management and presidents were appointed by the elections held in the unions representing the export side of the Turkish textile industry.\",\"breadcrumb\":{\"@id\":\"https:\\\/\\\/www.textilegence.com\\\/en\\\/change-in-the-top\\\/#breadcrumb\"},\"inLanguage\":\"en-US\",\"potentialAction\":[{\"@type\":\"ReadAction\",\"target\":[\"https:\\\/\\\/www.textilegence.com\\\/en\\\/change-in-the-top\\\/\"]}]},{\"@type\":\"ImageObject\",\"inLanguage\":\"en-US\",\"@id\":\"https:\\\/\\\/www.textilegence.com\\\/en\\\/change-in-the-top\\\/#primaryimage\",\"url\":\"https:\\\/\\\/www.textilegence.com\\\/wp-content\\\/uploads\\\/2018\\\/05\\\/pinar_tasdelen_textilegence.jpg\",\"contentUrl\":\"https:\\\/\\\/www.textilegence.com\\\/wp-content\\\/uploads\\\/2018\\\/05\\\/pinar_tasdelen_textilegence.jpg\",\"width\":742,\"height\":486,\"caption\":\"The Wind of Change in the Top Ranks of the Textile Industry\"},{\"@type\":\"BreadcrumbList\",\"@id\":\"https:\\\/\\\/www.textilegence.com\\\/en\\\/change-in-the-top\\\/#breadcrumb\",\"itemListElement\":[{\"@type\":\"ListItem\",\"position\":1,\"name\":\"Home Page\",\"item\":\"https:\\\/\\\/www.textilegence.com\\\/en\\\/homepage-the-rimont\\\/\"},{\"@type\":\"ListItem\",\"position\":2,\"name\":\"Topical\",\"item\":\"https:\\\/\\\/www.textilegence.com\\\/en\\\/category\\\/topical\\\/\"},{\"@type\":\"ListItem\",\"position\":3,\"name\":\"The Wind of Change in the Top Ranks of the Textile Industry\"}]},{\"@type\":\"WebSite\",\"@id\":\"https:\\\/\\\/www.textilegence.com\\\/en\\\/#website\",\"url\":\"https:\\\/\\\/www.textilegence.com\\\/en\\\/\",\"name\":\"Textilegence Magazine and Digital Platform\",\"description\":\"Textile News Center\",\"publisher\":{\"@id\":\"https:\\\/\\\/www.textilegence.com\\\/en\\\/#organization\"},\"potentialAction\":[{\"@type\":\"SearchAction\",\"target\":{\"@type\":\"EntryPoint\",\"urlTemplate\":\"https:\\\/\\\/www.textilegence.com\\\/en\\\/?s={search_term_string}\"},\"query-input\":{\"@type\":\"PropertyValueSpecification\",\"valueRequired\":true,\"valueName\":\"search_term_string\"}}],\"inLanguage\":\"en-US\"},{\"@type\":\"Organization\",\"@id\":\"https:\\\/\\\/www.textilegence.com\\\/en\\\/#organization\",\"name\":\"Textilegence Magazine and Digital Platform\",\"url\":\"https:\\\/\\\/www.textilegence.com\\\/en\\\/\",\"logo\":{\"@type\":\"ImageObject\",\"inLanguage\":\"en-US\",\"@id\":\"https:\\\/\\\/www.textilegence.com\\\/en\\\/#\\\/schema\\\/logo\\\/image\\\/\",\"url\":\"https:\\\/\\\/www.textilegence.com\\\/wp-content\\\/uploads\\\/2016\\\/11\\\/New_Retina_Logo_Textilegence.png\",\"contentUrl\":\"https:\\\/\\\/www.textilegence.com\\\/wp-content\\\/uploads\\\/2016\\\/11\\\/New_Retina_Logo_Textilegence.png\",\"width\":544,\"height\":180,\"caption\":\"Textilegence Magazine and Digital Platform\"},\"image\":{\"@id\":\"https:\\\/\\\/www.textilegence.com\\\/en\\\/#\\\/schema\\\/logo\\\/image\\\/\"},\"sameAs\":[\"https:\\\/\\\/www.facebook.com\\\/TextilegenceMagazine\",\"https:\\\/\\\/x.com\\\/textilegence\",\"https:\\\/\\\/www.instagram.com\\\/textilegence\\\/\",\"https:\\\/\\\/www.linkedin.com\\\/groups\\\/Textilegence-Magazine-Digital-Platform-4897253\",\"https:\\\/\\\/www.youtube.com\\\/user\\\/textilegence\"],\"description\":\"Textilegence is a magazine and digital platform established in 2013. It focuses on the textile industry and sub-segments. The platform provides news, articles, and updates on various aspects of the textile industry, including sustainability, technological advancements, and market trends.\",\"email\":\"editor@textilegence.com\",\"telephone\":\"+90 212 442 24 12\",\"legalName\":\"Textilegence Mag and Digital Platform\",\"foundingDate\":\"2013-01-01\",\"numberOfEmployees\":{\"@type\":\"QuantitativeValue\",\"minValue\":\"1\",\"maxValue\":\"10\"}},{\"@type\":\"Person\",\"@id\":\"https:\\\/\\\/www.textilegence.com\\\/en\\\/#\\\/schema\\\/person\\\/46ccc7bfc34edbc7d46b6b189f88849f\",\"name\":\"Engin Buz\",\"image\":{\"@type\":\"ImageObject\",\"inLanguage\":\"en-US\",\"@id\":\"https:\\\/\\\/www.textilegence.com\\\/wp-content\\\/uploads\\\/2018\\\/12\\\/engin-buz.jpg\",\"url\":\"https:\\\/\\\/www.textilegence.com\\\/wp-content\\\/uploads\\\/2018\\\/12\\\/engin-buz.jpg\",\"contentUrl\":\"https:\\\/\\\/www.textilegence.com\\\/wp-content\\\/uploads\\\/2018\\\/12\\\/engin-buz.jpg\",\"caption\":\"Engin Buz\"},\"description\":\"Engin Buz, Ankara \u00dcniversitesi \u0130leti\u015fim Fak\u00fcltesi Gazetecilik B\u00f6l\u00fcm\u00fc\u2019nden mezun olduktan sonra Y\u0131ld\u0131z Teknik \u00dcniversitesi\u2019nde Siyaset Bilimi ve Uluslararas\u0131 \u0130li\u015fkiler alan\u0131nda y\u00fcksek lisans\u0131n\u0131 tamamlam\u0131\u015ft\u0131r. 2000 y\u0131l\u0131ndan sonra \u00e7e\u015fitli yay\u0131nc\u0131l\u0131k \u015firketlerinde \u00e7al\u0131\u015fmaya ba\u015flayarak k\u00fclt\u00fcr-sanat ve daha sonra ekonomi haberleri haz\u0131rlam\u0131\u015ft\u0131r. 2009 y\u0131l\u0131ndan itibaren tekstil end\u00fcstrisine d\u00f6n\u00fck yay\u0131nlarda edit\u00f6r olarak g\u00f6rev alan Buz, 2013 itibariyle kurulan Textilegence\u2019de haber edit\u00f6r\u00fc olarak yer almaya ba\u015flam\u0131\u015ft\u0131r. Engin Buz halen ba\u015fta tekstil ve dijital bask\u0131 end\u00fcstrileri olmak \u00fczere ekonomi haberleri haz\u0131rlamaktad\u0131r.\",\"sameAs\":[\"https:\\\/\\\/www.textilegence.com\",\"https:\\\/\\\/www.facebook.com\\\/TextilegenceMagazine\",\"https:\\\/\\\/www.instagram.com\\\/textilegence\\\/\",\"https:\\\/\\\/www.linkedin.com\\\/in\\\/engin-buz-6190799a\\\/\",\"https:\\\/\\\/x.com\\\/https:\\\/\\\/twitter.com\\\/textilegence\"],\"url\":\"https:\\\/\\\/www.textilegence.com\\\/en\\\/author\\\/engin-buz\\\/\"}]}<\/script>\n<!-- \/ Yoast SEO Premium plugin. -->","yoast_head_json":{"title":"The Wind of Change in the Top Ranks of the Textile Industry - Textilegence","description":"The Wind of Change in the Top Ranks of the Textile Industry -\u00a0New management and presidents were appointed by the elections held in the unions representing the export side of the Turkish textile industry.","robots":{"index":"index","follow":"follow","max-snippet":"max-snippet:-1","max-image-preview":"max-image-preview:large","max-video-preview":"max-video-preview:-1"},"canonical":"https:\/\/www.textilegence.com\/en\/change-in-the-top\/","og_locale":"en_US","og_type":"article","og_title":"The Wind of Change in the Top Ranks of the Textile Industry","og_description":"The Wind of Change in the Top Ranks of the Textile Industry -\u00a0New management and presidents were appointed by the elections held in the unions","og_url":"https:\/\/www.textilegence.com\/en\/change-in-the-top\/","og_site_name":"Textilegence Magazine and Digital Platform","article_publisher":"https:\/\/www.facebook.com\/TextilegenceMagazine","article_author":"https:\/\/www.facebook.com\/TextilegenceMagazine","article_published_time":"2018-05-08T10:54:17+00:00","article_modified_time":"2018-05-08T11:03:52+00:00","og_image":[{"width":742,"height":486,"url":"https:\/\/www.textilegence.com\/wp-content\/uploads\/2018\/05\/pinar_tasdelen_textilegence.jpg","type":"image\/jpeg"}],"author":"Engin Buz","twitter_card":"summary_large_image","twitter_creator":"@https:\/\/twitter.com\/textilegence","twitter_site":"@textilegence","twitter_misc":{"Written by":"Engin Buz","Est. reading time":"4 minutes"},"schema":{"@context":"https:\/\/schema.org","@graph":[{"@type":"NewsArticle","@id":"https:\/\/www.textilegence.com\/en\/change-in-the-top\/#article","isPartOf":{"@id":"https:\/\/www.textilegence.com\/en\/change-in-the-top\/"},"author":{"name":"Engin Buz","@id":"https:\/\/www.textilegence.com\/en\/#\/schema\/person\/46ccc7bfc34edbc7d46b6b189f88849f"},"headline":"The Wind of Change in the Top Ranks of the Textile Industry","datePublished":"2018-05-08T10:54:17+00:00","dateModified":"2018-05-08T11:03:52+00:00","mainEntityOfPage":{"@id":"https:\/\/www.textilegence.com\/en\/change-in-the-top\/"},"wordCount":804,"commentCount":0,"publisher":{"@id":"https:\/\/www.textilegence.com\/en\/#organization"},"image":{"@id":"https:\/\/www.textilegence.com\/en\/change-in-the-top\/#primaryimage"},"thumbnailUrl":"https:\/\/www.textilegence.com\/wp-content\/uploads\/2018\/05\/pinar_tasdelen_textilegence.jpg","keywords":["ethib","ihkib","ithib","ithib","utib","utib"],"articleSection":["Topical"],"inLanguage":"en-US","potentialAction":[{"@type":"CommentAction","name":"Comment","target":["https:\/\/www.textilegence.com\/en\/change-in-the-top\/#respond"]}]},{"@type":"WebPage","@id":"https:\/\/www.textilegence.com\/en\/change-in-the-top\/","url":"https:\/\/www.textilegence.com\/en\/change-in-the-top\/","name":"The Wind of Change in the Top Ranks of the Textile Industry - Textilegence","isPartOf":{"@id":"https:\/\/www.textilegence.com\/en\/#website"},"primaryImageOfPage":{"@id":"https:\/\/www.textilegence.com\/en\/change-in-the-top\/#primaryimage"},"image":{"@id":"https:\/\/www.textilegence.com\/en\/change-in-the-top\/#primaryimage"},"thumbnailUrl":"https:\/\/www.textilegence.com\/wp-content\/uploads\/2018\/05\/pinar_tasdelen_textilegence.jpg","datePublished":"2018-05-08T10:54:17+00:00","dateModified":"2018-05-08T11:03:52+00:00","description":"The Wind of Change in the Top Ranks of the Textile Industry -\u00a0New management and presidents were appointed by the elections held in the unions representing the export side of the Turkish textile industry.","breadcrumb":{"@id":"https:\/\/www.textilegence.com\/en\/change-in-the-top\/#breadcrumb"},"inLanguage":"en-US","potentialAction":[{"@type":"ReadAction","target":["https:\/\/www.textilegence.com\/en\/change-in-the-top\/"]}]},{"@type":"ImageObject","inLanguage":"en-US","@id":"https:\/\/www.textilegence.com\/en\/change-in-the-top\/#primaryimage","url":"https:\/\/www.textilegence.com\/wp-content\/uploads\/2018\/05\/pinar_tasdelen_textilegence.jpg","contentUrl":"https:\/\/www.textilegence.com\/wp-content\/uploads\/2018\/05\/pinar_tasdelen_textilegence.jpg","width":742,"height":486,"caption":"The Wind of Change in the Top Ranks of the Textile Industry"},{"@type":"BreadcrumbList","@id":"https:\/\/www.textilegence.com\/en\/change-in-the-top\/#breadcrumb","itemListElement":[{"@type":"ListItem","position":1,"name":"Home Page","item":"https:\/\/www.textilegence.com\/en\/homepage-the-rimont\/"},{"@type":"ListItem","position":2,"name":"Topical","item":"https:\/\/www.textilegence.com\/en\/category\/topical\/"},{"@type":"ListItem","position":3,"name":"The Wind of Change in the Top Ranks of the Textile Industry"}]},{"@type":"WebSite","@id":"https:\/\/www.textilegence.com\/en\/#website","url":"https:\/\/www.textilegence.com\/en\/","name":"Textilegence Magazine and Digital Platform","description":"Textile News Center","publisher":{"@id":"https:\/\/www.textilegence.com\/en\/#organization"},"potentialAction":[{"@type":"SearchAction","target":{"@type":"EntryPoint","urlTemplate":"https:\/\/www.textilegence.com\/en\/?s={search_term_string}"},"query-input":{"@type":"PropertyValueSpecification","valueRequired":true,"valueName":"search_term_string"}}],"inLanguage":"en-US"},{"@type":"Organization","@id":"https:\/\/www.textilegence.com\/en\/#organization","name":"Textilegence Magazine and Digital Platform","url":"https:\/\/www.textilegence.com\/en\/","logo":{"@type":"ImageObject","inLanguage":"en-US","@id":"https:\/\/www.textilegence.com\/en\/#\/schema\/logo\/image\/","url":"https:\/\/www.textilegence.com\/wp-content\/uploads\/2016\/11\/New_Retina_Logo_Textilegence.png","contentUrl":"https:\/\/www.textilegence.com\/wp-content\/uploads\/2016\/11\/New_Retina_Logo_Textilegence.png","width":544,"height":180,"caption":"Textilegence Magazine and Digital Platform"},"image":{"@id":"https:\/\/www.textilegence.com\/en\/#\/schema\/logo\/image\/"},"sameAs":["https:\/\/www.facebook.com\/TextilegenceMagazine","https:\/\/x.com\/textilegence","https:\/\/www.instagram.com\/textilegence\/","https:\/\/www.linkedin.com\/groups\/Textilegence-Magazine-Digital-Platform-4897253","https:\/\/www.youtube.com\/user\/textilegence"],"description":"Textilegence is a magazine and digital platform established in 2013. It focuses on the textile industry and sub-segments. The platform provides news, articles, and updates on various aspects of the textile industry, including sustainability, technological advancements, and market trends.","email":"editor@textilegence.com","telephone":"+90 212 442 24 12","legalName":"Textilegence Mag and Digital Platform","foundingDate":"2013-01-01","numberOfEmployees":{"@type":"QuantitativeValue","minValue":"1","maxValue":"10"}},{"@type":"Person","@id":"https:\/\/www.textilegence.com\/en\/#\/schema\/person\/46ccc7bfc34edbc7d46b6b189f88849f","name":"Engin Buz","image":{"@type":"ImageObject","inLanguage":"en-US","@id":"https:\/\/www.textilegence.com\/wp-content\/uploads\/2018\/12\/engin-buz.jpg","url":"https:\/\/www.textilegence.com\/wp-content\/uploads\/2018\/12\/engin-buz.jpg","contentUrl":"https:\/\/www.textilegence.com\/wp-content\/uploads\/2018\/12\/engin-buz.jpg","caption":"Engin Buz"},"description":"Engin Buz, Ankara \u00dcniversitesi \u0130leti\u015fim Fak\u00fcltesi Gazetecilik B\u00f6l\u00fcm\u00fc\u2019nden mezun olduktan sonra Y\u0131ld\u0131z Teknik \u00dcniversitesi\u2019nde Siyaset Bilimi ve Uluslararas\u0131 \u0130li\u015fkiler alan\u0131nda y\u00fcksek lisans\u0131n\u0131 tamamlam\u0131\u015ft\u0131r. 2000 y\u0131l\u0131ndan sonra \u00e7e\u015fitli yay\u0131nc\u0131l\u0131k \u015firketlerinde \u00e7al\u0131\u015fmaya ba\u015flayarak k\u00fclt\u00fcr-sanat ve daha sonra ekonomi haberleri haz\u0131rlam\u0131\u015ft\u0131r. 2009 y\u0131l\u0131ndan itibaren tekstil end\u00fcstrisine d\u00f6n\u00fck yay\u0131nlarda edit\u00f6r olarak g\u00f6rev alan Buz, 2013 itibariyle kurulan Textilegence\u2019de haber edit\u00f6r\u00fc olarak yer almaya ba\u015flam\u0131\u015ft\u0131r. Engin Buz halen ba\u015fta tekstil ve dijital bask\u0131 end\u00fcstrileri olmak \u00fczere ekonomi haberleri haz\u0131rlamaktad\u0131r.","sameAs":["https:\/\/www.textilegence.com","https:\/\/www.facebook.com\/TextilegenceMagazine","https:\/\/www.instagram.com\/textilegence\/","https:\/\/www.linkedin.com\/in\/engin-buz-6190799a\/","https:\/\/x.com\/https:\/\/twitter.com\/textilegence"],"url":"https:\/\/www.textilegence.com\/en\/author\/engin-buz\/"}]}},"_links":{"self":[{"href":"https:\/\/www.textilegence.com\/en\/wp-json\/wp\/v2\/posts\/23997","targetHints":{"allow":["GET"]}}],"collection":[{"href":"https:\/\/www.textilegence.com\/en\/wp-json\/wp\/v2\/posts"}],"about":[{"href":"https:\/\/www.textilegence.com\/en\/wp-json\/wp\/v2\/types\/post"}],"author":[{"embeddable":true,"href":"https:\/\/www.textilegence.com\/en\/wp-json\/wp\/v2\/users\/2"}],"replies":[{"embeddable":true,"href":"https:\/\/www.textilegence.com\/en\/wp-json\/wp\/v2\/comments?post=23997"}],"version-history":[{"count":0,"href":"https:\/\/www.textilegence.com\/en\/wp-json\/wp\/v2\/posts\/23997\/revisions"}],"wp:featuredmedia":[{"embeddable":true,"href":"https:\/\/www.textilegence.com\/en\/wp-json\/wp\/v2\/media\/23986"}],"wp:attachment":[{"href":"https:\/\/www.textilegence.com\/en\/wp-json\/wp\/v2\/media?parent=23997"}],"wp:term":[{"taxonomy":"category","embeddable":true,"href":"https:\/\/www.textilegence.com\/en\/wp-json\/wp\/v2\/categories?post=23997"},{"taxonomy":"post_tag","embeddable":true,"href":"https:\/\/www.textilegence.com\/en\/wp-json\/wp\/v2\/tags?post=23997"}],"curies":[{"name":"wp","href":"https:\/\/api.w.org\/{rel}","templated":true}]}}