{"id":24082,"date":"2018-05-09T10:52:49","date_gmt":"2018-05-09T07:52:49","guid":{"rendered":"http:\/\/www.textilegence.com\/?p=24082"},"modified":"2018-05-22T15:00:40","modified_gmt":"2018-05-22T12:00:40","slug":"sell-out-show-itma-2019","status":"publish","type":"post","link":"https:\/\/www.textilegence.com\/en\/sell-out-show-itma-2019\/","title":{"rendered":"A Sell-Out Show for ITMA 2019!"},"content":{"rendered":"<figure id=\"attachment_24078\" aria-describedby=\"caption-attachment-24078\" style=\"width: 382px\" class=\"wp-caption alignleft\"><img loading=\"lazy\" decoding=\"async\" class=\"wp-image-24078 size-medium\" src=\"https:\/\/www.textilegence.com\/wp-content\/uploads\/2018\/05\/itma_2019_textilegence-382x250.jpg\" alt=\"A Sell-Out Show for ITMA 2019!\" width=\"382\" height=\"250\" srcset=\"https:\/\/www.textilegence.com\/wp-content\/uploads\/2018\/05\/itma_2019_textilegence-382x250.jpg 382w, https:\/\/www.textilegence.com\/wp-content\/uploads\/2018\/05\/itma_2019_textilegence-534x350.jpg 534w, https:\/\/www.textilegence.com\/wp-content\/uploads\/2018\/05\/itma_2019_textilegence-696x456.jpg 696w, https:\/\/www.textilegence.com\/wp-content\/uploads\/2018\/05\/itma_2019_textilegence-741x486.jpg 741w, https:\/\/www.textilegence.com\/wp-content\/uploads\/2018\/05\/itma_2019_textilegence.jpg 742w\" sizes=\"auto, (max-width: 382px) 100vw, 382px\" \/><figcaption id=\"caption-attachment-24078\" class=\"wp-caption-text\">A Sell-Out Show for ITMA 2019!<\/figcaption><\/figure>\n<p style=\"text-align: justify;\">A Sell-Out Show for ITMA 2019!\u00a0 &#8211; Held every four years since 1951, ITMA has reinforced its reputation as the <a href=\"https:\/\/www.itma.com\/\" target=\"_blank\" rel=\"nofollow noopener\">world\u2019s leading textile and garment technology exhibition<\/a>. Exhibition space for its 18<sup>th<\/sup> showcase to be held in Barcelona has been <a href=\"https:\/\/www.textilegence.com\/en\/strong-demand-for-itma-2019-exhibition-space\/\" target=\"_blank\" rel=\"noopener\">fully booked by the application<\/a> deadline of 6 April 2018.<\/p>\n<p style=\"text-align: justify;\">According to CEMATEX, the European Committee of Textile Machinery Manufacturers, owner of the ITMA exhibition, over 1,500 companies from 45 countries have applied to take part in ITMA 2019. The space booked already totals more than 110,000 square metres net. As applications continue to stream in, plans are underway to expand the exhibition to the entire Barcelona Gran Via venue.<\/p>\n<p style=\"text-align: justify;\">Mr Fritz P. Mayer, President of CEMATEX, said: \u201cWe are grateful for the vote of confidence from the industry. It shows that ITMA is the launch pad of choice for the latest technologies from around the world. \u201cInterest in ITMA 2019 is extremely strong, and we have received more applications at an earlier date compared with previous editions. We continue to welcome new applicants, especially manufacturers who are launching new products, as they will help to make ITMA 2019 an even more vibrant sourcing platform for our visitors.\u201d<\/p>\n<p style=\"text-align: justify;\">Applicants from CEMATEX countries have booked 65 per cent of the space; the top countries are Italy, Germany and Spain. Highlighting the positive market sentiments of textile machinery manufacturers from the rest of the world, applicants from Turkey, India and China take the top spots in terms of space applied. The top sectors are finishing (25 per cent), spinning (14 per cent), printing and weaving (12 per cent) and knitting (11 per cent).<\/p>\n<h1 style=\"text-align: justify;\"><strong>A Sell-Out Show for ITMA 2019! <\/strong><\/h1>\n<p style=\"text-align: justify;\">With the strong demand for space, ITMA 2019 is expected to feature; a showcase of more than 115,000 square metres net; with the participation of some 1,600 exhibitors when the exhibition opens. ITMA 2019 will be held from 20 to 26 June at Fira de Barcelona, Gran Via venue. The exhibition, themed \u2018Innovating the World of Textiles\u2019, will showcase the latest technologies; and sustainable solutions for the entire textile and garment manufacturing value chain; as well as fibres, yarns and fabrics.<\/p>\n<p style=\"text-align: justify;\">ITMA 2019 will feature a number of industry-leading knowledge-sharing events; to facilitate sharing and collaboration among global textile and garment industry members. Hot button issues such as sustainable innovation, Industry 4.0 and automation will be on many agendas during the show. Two events that have been successfully organised in conjunction with past ITMA exhibitions; include the Textile Colourant and Chemical Leaders Forum and the Nonwovens Forum.<\/p>\n","protected":false},"excerpt":{"rendered":"<p>A Sell-Out Show for ITMA 2019!\u00a0 &#8211; Held every four years since 1951, ITMA has reinforced its reputation as the world\u2019s leading textile and garment technology exhibition. Exhibition space for its 18th showcase to be held in Barcelona has been fully booked by the application deadline of 6 April 2018. According to CEMATEX, the European [&hellip;]<\/p>\n","protected":false},"author":2,"featured_media":24078,"comment_status":"open","ping_status":"closed","sticky":false,"template":"","format":"standard","meta":{"footnotes":""},"categories":[9845],"tags":[10190,5581],"class_list":{"0":"post-24082","1":"post","2":"type-post","3":"status-publish","4":"format-standard","5":"has-post-thumbnail","7":"category-trade-fairs","8":"tag-barcelona","9":"tag-itma-2019"},"yoast_head":"<!-- This site is optimized with the Yoast SEO Premium plugin v27.3 (Yoast SEO v27.3) - https:\/\/yoast.com\/product\/yoast-seo-premium-wordpress\/ -->\n<title>An Already Sell-Out Show for ITMA 2019! - Textilegence<\/title>\n<meta name=\"description\" content=\"A Sell-Out Show for ITMA 2019!\u00a0 - Held every four years since 1951, ITMA has reinforced its reputation as the world\u2019s leading textile and garment technology exhibition. Exhibition space for its 18th showcase to be held in Barcelona has been fully booked by the application deadline of 6 April 2018.\u00a0\" \/>\n<meta name=\"robots\" content=\"index, follow, max-snippet:-1, max-image-preview:large, max-video-preview:-1\" \/>\n<link rel=\"canonical\" href=\"https:\/\/www.textilegence.com\/en\/sell-out-show-itma-2019\/\" \/>\n<meta property=\"og:locale\" content=\"en_US\" \/>\n<meta property=\"og:type\" content=\"article\" \/>\n<meta property=\"og:title\" content=\"A Sell-Out Show for ITMA 2019!\" \/>\n<meta property=\"og:description\" content=\"A Sell-Out Show for ITMA 2019!\u00a0 - Held every four years since 1951, ITMA has reinforced its reputation as the world\u2019s leading textile and garment\" \/>\n<meta property=\"og:url\" content=\"https:\/\/www.textilegence.com\/en\/sell-out-show-itma-2019\/\" \/>\n<meta property=\"og:site_name\" content=\"Textilegence Magazine and Digital Platform\" \/>\n<meta property=\"article:publisher\" content=\"https:\/\/www.facebook.com\/TextilegenceMagazine\" \/>\n<meta property=\"article:author\" content=\"https:\/\/www.facebook.com\/TextilegenceMagazine\" \/>\n<meta property=\"article:published_time\" content=\"2018-05-09T07:52:49+00:00\" \/>\n<meta property=\"article:modified_time\" content=\"2018-05-22T12:00:40+00:00\" \/>\n<meta property=\"og:image\" content=\"https:\/\/www.textilegence.com\/wp-content\/uploads\/2018\/05\/itma_2019_textilegence.jpg\" \/>\n\t<meta property=\"og:image:width\" content=\"742\" \/>\n\t<meta property=\"og:image:height\" content=\"486\" \/>\n\t<meta property=\"og:image:type\" content=\"image\/jpeg\" \/>\n<meta name=\"author\" content=\"Engin Buz\" \/>\n<meta name=\"twitter:card\" content=\"summary_large_image\" \/>\n<meta name=\"twitter:creator\" content=\"@https:\/\/twitter.com\/textilegence\" \/>\n<meta name=\"twitter:site\" content=\"@textilegence\" \/>\n<meta name=\"twitter:label1\" content=\"Written by\" \/>\n\t<meta name=\"twitter:data1\" content=\"Engin Buz\" \/>\n\t<meta name=\"twitter:label2\" content=\"Est. reading time\" \/>\n\t<meta name=\"twitter:data2\" content=\"2 minutes\" \/>\n<script type=\"application\/ld+json\" class=\"yoast-schema-graph\">{\"@context\":\"https:\\\/\\\/schema.org\",\"@graph\":[{\"@type\":\"NewsArticle\",\"@id\":\"https:\\\/\\\/www.textilegence.com\\\/en\\\/sell-out-show-itma-2019\\\/#article\",\"isPartOf\":{\"@id\":\"https:\\\/\\\/www.textilegence.com\\\/en\\\/sell-out-show-itma-2019\\\/\"},\"author\":{\"name\":\"Engin Buz\",\"@id\":\"https:\\\/\\\/www.textilegence.com\\\/en\\\/#\\\/schema\\\/person\\\/46ccc7bfc34edbc7d46b6b189f88849f\"},\"headline\":\"A Sell-Out Show for ITMA 2019!\",\"datePublished\":\"2018-05-09T07:52:49+00:00\",\"dateModified\":\"2018-05-22T12:00:40+00:00\",\"mainEntityOfPage\":{\"@id\":\"https:\\\/\\\/www.textilegence.com\\\/en\\\/sell-out-show-itma-2019\\\/\"},\"wordCount\":418,\"commentCount\":0,\"publisher\":{\"@id\":\"https:\\\/\\\/www.textilegence.com\\\/en\\\/#organization\"},\"image\":{\"@id\":\"https:\\\/\\\/www.textilegence.com\\\/en\\\/sell-out-show-itma-2019\\\/#primaryimage\"},\"thumbnailUrl\":\"https:\\\/\\\/www.textilegence.com\\\/wp-content\\\/uploads\\\/2018\\\/05\\\/itma_2019_textilegence.jpg\",\"keywords\":[\"barcelona\",\"itma 2019\"],\"articleSection\":[\"Trade Fairs\"],\"inLanguage\":\"en-US\",\"potentialAction\":[{\"@type\":\"CommentAction\",\"name\":\"Comment\",\"target\":[\"https:\\\/\\\/www.textilegence.com\\\/en\\\/sell-out-show-itma-2019\\\/#respond\"]}]},{\"@type\":\"WebPage\",\"@id\":\"https:\\\/\\\/www.textilegence.com\\\/en\\\/sell-out-show-itma-2019\\\/\",\"url\":\"https:\\\/\\\/www.textilegence.com\\\/en\\\/sell-out-show-itma-2019\\\/\",\"name\":\"An Already Sell-Out Show for ITMA 2019! - Textilegence\",\"isPartOf\":{\"@id\":\"https:\\\/\\\/www.textilegence.com\\\/en\\\/#website\"},\"primaryImageOfPage\":{\"@id\":\"https:\\\/\\\/www.textilegence.com\\\/en\\\/sell-out-show-itma-2019\\\/#primaryimage\"},\"image\":{\"@id\":\"https:\\\/\\\/www.textilegence.com\\\/en\\\/sell-out-show-itma-2019\\\/#primaryimage\"},\"thumbnailUrl\":\"https:\\\/\\\/www.textilegence.com\\\/wp-content\\\/uploads\\\/2018\\\/05\\\/itma_2019_textilegence.jpg\",\"datePublished\":\"2018-05-09T07:52:49+00:00\",\"dateModified\":\"2018-05-22T12:00:40+00:00\",\"description\":\"A Sell-Out Show for ITMA 2019!\u00a0 - Held every four years since 1951, ITMA has reinforced its reputation as the world\u2019s leading textile and garment technology exhibition. Exhibition space for its 18th showcase to be held in Barcelona has been fully booked by the application deadline of 6 April 2018.\u00a0\",\"breadcrumb\":{\"@id\":\"https:\\\/\\\/www.textilegence.com\\\/en\\\/sell-out-show-itma-2019\\\/#breadcrumb\"},\"inLanguage\":\"en-US\",\"potentialAction\":[{\"@type\":\"ReadAction\",\"target\":[\"https:\\\/\\\/www.textilegence.com\\\/en\\\/sell-out-show-itma-2019\\\/\"]}]},{\"@type\":\"ImageObject\",\"inLanguage\":\"en-US\",\"@id\":\"https:\\\/\\\/www.textilegence.com\\\/en\\\/sell-out-show-itma-2019\\\/#primaryimage\",\"url\":\"https:\\\/\\\/www.textilegence.com\\\/wp-content\\\/uploads\\\/2018\\\/05\\\/itma_2019_textilegence.jpg\",\"contentUrl\":\"https:\\\/\\\/www.textilegence.com\\\/wp-content\\\/uploads\\\/2018\\\/05\\\/itma_2019_textilegence.jpg\",\"width\":742,\"height\":486,\"caption\":\"ITMA 2019 Fuar\u0131n\u0131n Sat\u0131\u015flar\u0131 Bitti\"},{\"@type\":\"BreadcrumbList\",\"@id\":\"https:\\\/\\\/www.textilegence.com\\\/en\\\/sell-out-show-itma-2019\\\/#breadcrumb\",\"itemListElement\":[{\"@type\":\"ListItem\",\"position\":1,\"name\":\"Home Page\",\"item\":\"https:\\\/\\\/www.textilegence.com\\\/en\\\/homepage-the-rimont\\\/\"},{\"@type\":\"ListItem\",\"position\":2,\"name\":\"Trade Fairs\",\"item\":\"https:\\\/\\\/www.textilegence.com\\\/en\\\/category\\\/trade-fairs\\\/\"},{\"@type\":\"ListItem\",\"position\":3,\"name\":\"A Sell-Out Show for ITMA 2019!\"}]},{\"@type\":\"WebSite\",\"@id\":\"https:\\\/\\\/www.textilegence.com\\\/en\\\/#website\",\"url\":\"https:\\\/\\\/www.textilegence.com\\\/en\\\/\",\"name\":\"Textilegence Magazine and Digital Platform\",\"description\":\"Textile News Center\",\"publisher\":{\"@id\":\"https:\\\/\\\/www.textilegence.com\\\/en\\\/#organization\"},\"potentialAction\":[{\"@type\":\"SearchAction\",\"target\":{\"@type\":\"EntryPoint\",\"urlTemplate\":\"https:\\\/\\\/www.textilegence.com\\\/en\\\/?s={search_term_string}\"},\"query-input\":{\"@type\":\"PropertyValueSpecification\",\"valueRequired\":true,\"valueName\":\"search_term_string\"}}],\"inLanguage\":\"en-US\"},{\"@type\":\"Organization\",\"@id\":\"https:\\\/\\\/www.textilegence.com\\\/en\\\/#organization\",\"name\":\"Textilegence Magazine and Digital Platform\",\"url\":\"https:\\\/\\\/www.textilegence.com\\\/en\\\/\",\"logo\":{\"@type\":\"ImageObject\",\"inLanguage\":\"en-US\",\"@id\":\"https:\\\/\\\/www.textilegence.com\\\/en\\\/#\\\/schema\\\/logo\\\/image\\\/\",\"url\":\"https:\\\/\\\/www.textilegence.com\\\/wp-content\\\/uploads\\\/2016\\\/11\\\/New_Retina_Logo_Textilegence.png\",\"contentUrl\":\"https:\\\/\\\/www.textilegence.com\\\/wp-content\\\/uploads\\\/2016\\\/11\\\/New_Retina_Logo_Textilegence.png\",\"width\":544,\"height\":180,\"caption\":\"Textilegence Magazine and Digital Platform\"},\"image\":{\"@id\":\"https:\\\/\\\/www.textilegence.com\\\/en\\\/#\\\/schema\\\/logo\\\/image\\\/\"},\"sameAs\":[\"https:\\\/\\\/www.facebook.com\\\/TextilegenceMagazine\",\"https:\\\/\\\/x.com\\\/textilegence\",\"https:\\\/\\\/www.instagram.com\\\/textilegence\\\/\",\"https:\\\/\\\/www.linkedin.com\\\/groups\\\/Textilegence-Magazine-Digital-Platform-4897253\",\"https:\\\/\\\/www.youtube.com\\\/user\\\/textilegence\"],\"description\":\"Textilegence is a magazine and digital platform established in 2013. It focuses on the textile industry and sub-segments. The platform provides news, articles, and updates on various aspects of the textile industry, including sustainability, technological advancements, and market trends.\",\"email\":\"editor@textilegence.com\",\"telephone\":\"+90 212 442 24 12\",\"legalName\":\"Textilegence Mag and Digital Platform\",\"foundingDate\":\"2013-01-01\",\"numberOfEmployees\":{\"@type\":\"QuantitativeValue\",\"minValue\":\"1\",\"maxValue\":\"10\"}},{\"@type\":\"Person\",\"@id\":\"https:\\\/\\\/www.textilegence.com\\\/en\\\/#\\\/schema\\\/person\\\/46ccc7bfc34edbc7d46b6b189f88849f\",\"name\":\"Engin Buz\",\"image\":{\"@type\":\"ImageObject\",\"inLanguage\":\"en-US\",\"@id\":\"https:\\\/\\\/www.textilegence.com\\\/wp-content\\\/uploads\\\/2018\\\/12\\\/engin-buz.jpg\",\"url\":\"https:\\\/\\\/www.textilegence.com\\\/wp-content\\\/uploads\\\/2018\\\/12\\\/engin-buz.jpg\",\"contentUrl\":\"https:\\\/\\\/www.textilegence.com\\\/wp-content\\\/uploads\\\/2018\\\/12\\\/engin-buz.jpg\",\"caption\":\"Engin Buz\"},\"description\":\"Engin Buz, Ankara \u00dcniversitesi \u0130leti\u015fim Fak\u00fcltesi Gazetecilik B\u00f6l\u00fcm\u00fc\u2019nden mezun olduktan sonra Y\u0131ld\u0131z Teknik \u00dcniversitesi\u2019nde Siyaset Bilimi ve Uluslararas\u0131 \u0130li\u015fkiler alan\u0131nda y\u00fcksek lisans\u0131n\u0131 tamamlam\u0131\u015ft\u0131r. 2000 y\u0131l\u0131ndan sonra \u00e7e\u015fitli yay\u0131nc\u0131l\u0131k \u015firketlerinde \u00e7al\u0131\u015fmaya ba\u015flayarak k\u00fclt\u00fcr-sanat ve daha sonra ekonomi haberleri haz\u0131rlam\u0131\u015ft\u0131r. 2009 y\u0131l\u0131ndan itibaren tekstil end\u00fcstrisine d\u00f6n\u00fck yay\u0131nlarda edit\u00f6r olarak g\u00f6rev alan Buz, 2013 itibariyle kurulan Textilegence\u2019de haber edit\u00f6r\u00fc olarak yer almaya ba\u015flam\u0131\u015ft\u0131r. Engin Buz halen ba\u015fta tekstil ve dijital bask\u0131 end\u00fcstrileri olmak \u00fczere ekonomi haberleri haz\u0131rlamaktad\u0131r.\",\"sameAs\":[\"https:\\\/\\\/www.textilegence.com\",\"https:\\\/\\\/www.facebook.com\\\/TextilegenceMagazine\",\"https:\\\/\\\/www.instagram.com\\\/textilegence\\\/\",\"https:\\\/\\\/www.linkedin.com\\\/in\\\/engin-buz-6190799a\\\/\",\"https:\\\/\\\/x.com\\\/https:\\\/\\\/twitter.com\\\/textilegence\"],\"url\":\"https:\\\/\\\/www.textilegence.com\\\/en\\\/author\\\/engin-buz\\\/\"}]}<\/script>\n<!-- \/ Yoast SEO Premium plugin. -->","yoast_head_json":{"title":"An Already Sell-Out Show for ITMA 2019! - Textilegence","description":"A Sell-Out Show for ITMA 2019!\u00a0 - Held every four years since 1951, ITMA has reinforced its reputation as the world\u2019s leading textile and garment technology exhibition. Exhibition space for its 18th showcase to be held in Barcelona has been fully booked by the application deadline of 6 April 2018.\u00a0","robots":{"index":"index","follow":"follow","max-snippet":"max-snippet:-1","max-image-preview":"max-image-preview:large","max-video-preview":"max-video-preview:-1"},"canonical":"https:\/\/www.textilegence.com\/en\/sell-out-show-itma-2019\/","og_locale":"en_US","og_type":"article","og_title":"A Sell-Out Show for ITMA 2019!","og_description":"A Sell-Out Show for ITMA 2019!\u00a0 - Held every four years since 1951, ITMA has reinforced its reputation as the world\u2019s leading textile and garment","og_url":"https:\/\/www.textilegence.com\/en\/sell-out-show-itma-2019\/","og_site_name":"Textilegence Magazine and Digital Platform","article_publisher":"https:\/\/www.facebook.com\/TextilegenceMagazine","article_author":"https:\/\/www.facebook.com\/TextilegenceMagazine","article_published_time":"2018-05-09T07:52:49+00:00","article_modified_time":"2018-05-22T12:00:40+00:00","og_image":[{"width":742,"height":486,"url":"https:\/\/www.textilegence.com\/wp-content\/uploads\/2018\/05\/itma_2019_textilegence.jpg","type":"image\/jpeg"}],"author":"Engin Buz","twitter_card":"summary_large_image","twitter_creator":"@https:\/\/twitter.com\/textilegence","twitter_site":"@textilegence","twitter_misc":{"Written by":"Engin Buz","Est. reading time":"2 minutes"},"schema":{"@context":"https:\/\/schema.org","@graph":[{"@type":"NewsArticle","@id":"https:\/\/www.textilegence.com\/en\/sell-out-show-itma-2019\/#article","isPartOf":{"@id":"https:\/\/www.textilegence.com\/en\/sell-out-show-itma-2019\/"},"author":{"name":"Engin Buz","@id":"https:\/\/www.textilegence.com\/en\/#\/schema\/person\/46ccc7bfc34edbc7d46b6b189f88849f"},"headline":"A Sell-Out Show for ITMA 2019!","datePublished":"2018-05-09T07:52:49+00:00","dateModified":"2018-05-22T12:00:40+00:00","mainEntityOfPage":{"@id":"https:\/\/www.textilegence.com\/en\/sell-out-show-itma-2019\/"},"wordCount":418,"commentCount":0,"publisher":{"@id":"https:\/\/www.textilegence.com\/en\/#organization"},"image":{"@id":"https:\/\/www.textilegence.com\/en\/sell-out-show-itma-2019\/#primaryimage"},"thumbnailUrl":"https:\/\/www.textilegence.com\/wp-content\/uploads\/2018\/05\/itma_2019_textilegence.jpg","keywords":["barcelona","itma 2019"],"articleSection":["Trade Fairs"],"inLanguage":"en-US","potentialAction":[{"@type":"CommentAction","name":"Comment","target":["https:\/\/www.textilegence.com\/en\/sell-out-show-itma-2019\/#respond"]}]},{"@type":"WebPage","@id":"https:\/\/www.textilegence.com\/en\/sell-out-show-itma-2019\/","url":"https:\/\/www.textilegence.com\/en\/sell-out-show-itma-2019\/","name":"An Already Sell-Out Show for ITMA 2019! - Textilegence","isPartOf":{"@id":"https:\/\/www.textilegence.com\/en\/#website"},"primaryImageOfPage":{"@id":"https:\/\/www.textilegence.com\/en\/sell-out-show-itma-2019\/#primaryimage"},"image":{"@id":"https:\/\/www.textilegence.com\/en\/sell-out-show-itma-2019\/#primaryimage"},"thumbnailUrl":"https:\/\/www.textilegence.com\/wp-content\/uploads\/2018\/05\/itma_2019_textilegence.jpg","datePublished":"2018-05-09T07:52:49+00:00","dateModified":"2018-05-22T12:00:40+00:00","description":"A Sell-Out Show for ITMA 2019!\u00a0 - Held every four years since 1951, ITMA has reinforced its reputation as the world\u2019s leading textile and garment technology exhibition. Exhibition space for its 18th showcase to be held in Barcelona has been fully booked by the application deadline of 6 April 2018.\u00a0","breadcrumb":{"@id":"https:\/\/www.textilegence.com\/en\/sell-out-show-itma-2019\/#breadcrumb"},"inLanguage":"en-US","potentialAction":[{"@type":"ReadAction","target":["https:\/\/www.textilegence.com\/en\/sell-out-show-itma-2019\/"]}]},{"@type":"ImageObject","inLanguage":"en-US","@id":"https:\/\/www.textilegence.com\/en\/sell-out-show-itma-2019\/#primaryimage","url":"https:\/\/www.textilegence.com\/wp-content\/uploads\/2018\/05\/itma_2019_textilegence.jpg","contentUrl":"https:\/\/www.textilegence.com\/wp-content\/uploads\/2018\/05\/itma_2019_textilegence.jpg","width":742,"height":486,"caption":"ITMA 2019 Fuar\u0131n\u0131n Sat\u0131\u015flar\u0131 Bitti"},{"@type":"BreadcrumbList","@id":"https:\/\/www.textilegence.com\/en\/sell-out-show-itma-2019\/#breadcrumb","itemListElement":[{"@type":"ListItem","position":1,"name":"Home Page","item":"https:\/\/www.textilegence.com\/en\/homepage-the-rimont\/"},{"@type":"ListItem","position":2,"name":"Trade Fairs","item":"https:\/\/www.textilegence.com\/en\/category\/trade-fairs\/"},{"@type":"ListItem","position":3,"name":"A Sell-Out Show for ITMA 2019!"}]},{"@type":"WebSite","@id":"https:\/\/www.textilegence.com\/en\/#website","url":"https:\/\/www.textilegence.com\/en\/","name":"Textilegence Magazine and Digital Platform","description":"Textile News Center","publisher":{"@id":"https:\/\/www.textilegence.com\/en\/#organization"},"potentialAction":[{"@type":"SearchAction","target":{"@type":"EntryPoint","urlTemplate":"https:\/\/www.textilegence.com\/en\/?s={search_term_string}"},"query-input":{"@type":"PropertyValueSpecification","valueRequired":true,"valueName":"search_term_string"}}],"inLanguage":"en-US"},{"@type":"Organization","@id":"https:\/\/www.textilegence.com\/en\/#organization","name":"Textilegence Magazine and Digital Platform","url":"https:\/\/www.textilegence.com\/en\/","logo":{"@type":"ImageObject","inLanguage":"en-US","@id":"https:\/\/www.textilegence.com\/en\/#\/schema\/logo\/image\/","url":"https:\/\/www.textilegence.com\/wp-content\/uploads\/2016\/11\/New_Retina_Logo_Textilegence.png","contentUrl":"https:\/\/www.textilegence.com\/wp-content\/uploads\/2016\/11\/New_Retina_Logo_Textilegence.png","width":544,"height":180,"caption":"Textilegence Magazine and Digital Platform"},"image":{"@id":"https:\/\/www.textilegence.com\/en\/#\/schema\/logo\/image\/"},"sameAs":["https:\/\/www.facebook.com\/TextilegenceMagazine","https:\/\/x.com\/textilegence","https:\/\/www.instagram.com\/textilegence\/","https:\/\/www.linkedin.com\/groups\/Textilegence-Magazine-Digital-Platform-4897253","https:\/\/www.youtube.com\/user\/textilegence"],"description":"Textilegence is a magazine and digital platform established in 2013. It focuses on the textile industry and sub-segments. The platform provides news, articles, and updates on various aspects of the textile industry, including sustainability, technological advancements, and market trends.","email":"editor@textilegence.com","telephone":"+90 212 442 24 12","legalName":"Textilegence Mag and Digital Platform","foundingDate":"2013-01-01","numberOfEmployees":{"@type":"QuantitativeValue","minValue":"1","maxValue":"10"}},{"@type":"Person","@id":"https:\/\/www.textilegence.com\/en\/#\/schema\/person\/46ccc7bfc34edbc7d46b6b189f88849f","name":"Engin Buz","image":{"@type":"ImageObject","inLanguage":"en-US","@id":"https:\/\/www.textilegence.com\/wp-content\/uploads\/2018\/12\/engin-buz.jpg","url":"https:\/\/www.textilegence.com\/wp-content\/uploads\/2018\/12\/engin-buz.jpg","contentUrl":"https:\/\/www.textilegence.com\/wp-content\/uploads\/2018\/12\/engin-buz.jpg","caption":"Engin Buz"},"description":"Engin Buz, Ankara \u00dcniversitesi \u0130leti\u015fim Fak\u00fcltesi Gazetecilik B\u00f6l\u00fcm\u00fc\u2019nden mezun olduktan sonra Y\u0131ld\u0131z Teknik \u00dcniversitesi\u2019nde Siyaset Bilimi ve Uluslararas\u0131 \u0130li\u015fkiler alan\u0131nda y\u00fcksek lisans\u0131n\u0131 tamamlam\u0131\u015ft\u0131r. 2000 y\u0131l\u0131ndan sonra \u00e7e\u015fitli yay\u0131nc\u0131l\u0131k \u015firketlerinde \u00e7al\u0131\u015fmaya ba\u015flayarak k\u00fclt\u00fcr-sanat ve daha sonra ekonomi haberleri haz\u0131rlam\u0131\u015ft\u0131r. 2009 y\u0131l\u0131ndan itibaren tekstil end\u00fcstrisine d\u00f6n\u00fck yay\u0131nlarda edit\u00f6r olarak g\u00f6rev alan Buz, 2013 itibariyle kurulan Textilegence\u2019de haber edit\u00f6r\u00fc olarak yer almaya ba\u015flam\u0131\u015ft\u0131r. Engin Buz halen ba\u015fta tekstil ve dijital bask\u0131 end\u00fcstrileri olmak \u00fczere ekonomi haberleri haz\u0131rlamaktad\u0131r.","sameAs":["https:\/\/www.textilegence.com","https:\/\/www.facebook.com\/TextilegenceMagazine","https:\/\/www.instagram.com\/textilegence\/","https:\/\/www.linkedin.com\/in\/engin-buz-6190799a\/","https:\/\/x.com\/https:\/\/twitter.com\/textilegence"],"url":"https:\/\/www.textilegence.com\/en\/author\/engin-buz\/"}]}},"_links":{"self":[{"href":"https:\/\/www.textilegence.com\/en\/wp-json\/wp\/v2\/posts\/24082","targetHints":{"allow":["GET"]}}],"collection":[{"href":"https:\/\/www.textilegence.com\/en\/wp-json\/wp\/v2\/posts"}],"about":[{"href":"https:\/\/www.textilegence.com\/en\/wp-json\/wp\/v2\/types\/post"}],"author":[{"embeddable":true,"href":"https:\/\/www.textilegence.com\/en\/wp-json\/wp\/v2\/users\/2"}],"replies":[{"embeddable":true,"href":"https:\/\/www.textilegence.com\/en\/wp-json\/wp\/v2\/comments?post=24082"}],"version-history":[{"count":0,"href":"https:\/\/www.textilegence.com\/en\/wp-json\/wp\/v2\/posts\/24082\/revisions"}],"wp:featuredmedia":[{"embeddable":true,"href":"https:\/\/www.textilegence.com\/en\/wp-json\/wp\/v2\/media\/24078"}],"wp:attachment":[{"href":"https:\/\/www.textilegence.com\/en\/wp-json\/wp\/v2\/media?parent=24082"}],"wp:term":[{"taxonomy":"category","embeddable":true,"href":"https:\/\/www.textilegence.com\/en\/wp-json\/wp\/v2\/categories?post=24082"},{"taxonomy":"post_tag","embeddable":true,"href":"https:\/\/www.textilegence.com\/en\/wp-json\/wp\/v2\/tags?post=24082"}],"curies":[{"name":"wp","href":"https:\/\/api.w.org\/{rel}","templated":true}]}}