{"id":24401,"date":"2018-06-11T15:22:04","date_gmt":"2018-06-11T12:22:04","guid":{"rendered":"http:\/\/www.textilegence.com\/?p=24401"},"modified":"2018-06-11T15:51:23","modified_gmt":"2018-06-11T12:51:23","slug":"american-market-technical-textiles","status":"publish","type":"post","link":"https:\/\/www.textilegence.com\/en\/american-market-technical-textiles\/","title":{"rendered":"Increasing Interest to Technical Textiles in American Market"},"content":{"rendered":"<figure id=\"attachment_24396\" aria-describedby=\"caption-attachment-24396\" style=\"width: 382px\" class=\"wp-caption alignleft\"><img loading=\"lazy\" decoding=\"async\" class=\"wp-image-24396 size-medium\" src=\"https:\/\/www.textilegence.com\/wp-content\/uploads\/2018\/06\/Techtextil-NA-Textilegence-382x250.jpg\" alt=\"Increasing Interest to Technical Textiles in American Market\" width=\"382\" height=\"250\" srcset=\"https:\/\/www.textilegence.com\/wp-content\/uploads\/2018\/06\/Techtextil-NA-Textilegence-382x250.jpg 382w, https:\/\/www.textilegence.com\/wp-content\/uploads\/2018\/06\/Techtextil-NA-Textilegence-534x350.jpg 534w, https:\/\/www.textilegence.com\/wp-content\/uploads\/2018\/06\/Techtextil-NA-Textilegence-696x456.jpg 696w, https:\/\/www.textilegence.com\/wp-content\/uploads\/2018\/06\/Techtextil-NA-Textilegence-741x486.jpg 741w, https:\/\/www.textilegence.com\/wp-content\/uploads\/2018\/06\/Techtextil-NA-Textilegence.jpg 742w\" sizes=\"auto, (max-width: 382px) 100vw, 382px\" \/><figcaption id=\"caption-attachment-24396\" class=\"wp-caption-text\">Increasing Interest to Technical Textiles in American Market<\/figcaption><\/figure>\n<p style=\"background: white; text-align: justify;\"><b><span style=\"font-size: 10.0pt;\">Techtextil North America and Texprocess Americas 2018 suggest a bright future for the American technical textile, nonwovens and sewn products industries. Exhibitors and visitors alike impressed with level of traffic, quality of conversations<\/span><\/b><\/p>\n<p style=\"background: white; text-align: justify;\"><span style=\"font-size: 10.0pt;\">Cooling fabrics, smart light technology, recycled fibers, 3D body scanning, and cloud connected smart machines were just some of the highlights during the fifteenth edition of <a href=\"https:\/\/techtextil-north-america.us.messefrankfurt.com\/us\/en.html\" target=\"_blank\" rel=\"nofollow noopener\">Techtextil North America<\/a>, and fourth Texprocess Americas that took place May 22-24, 2018 at the Georgia World Congress Center in Atlanta, Georgia. The co-located events brought together the latest innovators in technical textiles, nonwovens, textile machinery, sewn products, equipment, and technology.<\/span><\/p>\n<p style=\"background: white; box-sizing: border-box; font-variant-ligatures: normal; font-variant-caps: normal; orphans: 2; text-align: justify; widows: 2; -webkit-text-stroke-width: 0px; text-decoration-style: initial; text-decoration-color: initial; word-spacing: 0px;\"><span style=\"font-size: 10.0pt;\">The events brought 567 <a href=\"https:\/\/www.textilegence.com\/en\/visitor-and-exhibitor-records-at-techtextil-and-texprocess\/\" target=\"_blank\" rel=\"noopener\">Techtextil<\/a> North America and Texprocess Americas exhibitors representing 32 countries; while total attendance grew to 8,292, roughly a 4% increase* over the 2016 events. Country pavilions included Italy, Texclubtec, Belgium, China, Taiwan, High-Tex from Germany, and SEAMS Made in USA. The co-located events once again returned strong numbers; and continue on their path of consistent growth in the quality and amount of visitors and exhibitors over the past editions.<\/span><\/p>\n<p style=\"background: white; box-sizing: border-box; font-variant-ligatures: normal; font-variant-caps: normal; orphans: 2; text-align: justify; widows: 2; -webkit-text-stroke-width: 0px; text-decoration-style: initial; text-decoration-color: initial; word-spacing: 0px;\"><span style=\"font-size: 10.0pt;\">\u201cIt was clear that everyone; both visitors and exhibitors, could feel the energy and excitement on the show floor,\u201d stated Dennis Smith, President &amp; CEO, Messe Frankfurt Inc.; \u201cWe are proud to serve as the platform; for furthering the growth and development of the North American technical textile and sewn products industries. There is an immense amount of talent and innovation coming from the US; and Techtextil North America and Texprocess Americas have become the premier events; where professionals from all industries come to see the trends and technologies that are coming their way. We are truly grateful for the large network of exhibiting and visiting companies responsible for the growth of these two events; and we look forward to our continued success together, next in our 2019 edition of Techtextil North America in Raleigh, North Carolina and then back in Atlanta for the 2020 co-located events. \u201d<\/span><\/p>\n<h1><strong><span style=\"font-size: 10.0pt;\">Educational Program 2018 for American Market<\/span><\/strong><\/h1>\n<p style=\"background: white; box-sizing: border-box; font-variant-ligatures: normal; font-variant-caps: normal; orphans: 2; text-align: justify; widows: 2; -webkit-text-stroke-width: 0px; text-decoration-style: initial; text-decoration-color: initial; word-spacing: 0px;\"><span style=\"font-size: 10.0pt;\"><img loading=\"lazy\" decoding=\"async\" class=\"alignleft wp-image-24398 size-medium\" src=\"https:\/\/www.textilegence.com\/wp-content\/uploads\/2018\/06\/Techtextil-NA-Textilegence2-382x250.jpg\" alt=\"\" width=\"382\" height=\"250\" srcset=\"https:\/\/www.textilegence.com\/wp-content\/uploads\/2018\/06\/Techtextil-NA-Textilegence2-382x250.jpg 382w, https:\/\/www.textilegence.com\/wp-content\/uploads\/2018\/06\/Techtextil-NA-Textilegence2-534x350.jpg 534w, https:\/\/www.textilegence.com\/wp-content\/uploads\/2018\/06\/Techtextil-NA-Textilegence2-696x456.jpg 696w, https:\/\/www.textilegence.com\/wp-content\/uploads\/2018\/06\/Techtextil-NA-Textilegence2-741x486.jpg 741w, https:\/\/www.textilegence.com\/wp-content\/uploads\/2018\/06\/Techtextil-NA-Textilegence2.jpg 742w\" sizes=\"auto, (max-width: 382px) 100vw, 382px\" \/>With 18 paid symposium sessions (including two bonus Lunch N\u2018 Learn sessions) being held throughout the first and second day and complimentary sessions taking place on the show floor; the co-located events were buzzing with visitors and speakers discussing new technology, game-changing research and cross-industry collaborations. Among the topics presented, smart textiles, wearables and the future of the technology that powers them proved to be top of mind for many attendees. In addition, how automation, robotics and connected machines are contributing to the industry\u2018s evolution made an evident impression on both visitors and exhibitors alike.<\/span><\/p>\n<p style=\"background: white; box-sizing: border-box; font-variant-ligatures: normal; font-variant-caps: normal; orphans: 2; text-align: justify; widows: 2; -webkit-text-stroke-width: 0px; text-decoration-style: initial; text-decoration-color: initial; word-spacing: 0px;\"><span style=\"font-size: 10.0pt;\">\u201cThis year&#8217;s symposium was definitely worth our company&#8217;s time and money. It has been really interesting to learn about the communication between the industries; and how they are working together to make sure there are no blind spots\u201d; said Sharon Tedesco, symposium attendee from Abigail &amp; Company in Cottonwood, California.<\/span><\/p>\n<p style=\"background: white; box-sizing: border-box; font-variant-ligatures: normal; font-variant-caps: normal; orphans: 2; text-align: justify; widows: 2; -webkit-text-stroke-width: 0px; text-decoration-style: initial; text-decoration-color: initial; word-spacing: 0px;\"><span style=\"font-size: 10.0pt;\">\u201cThe focus on Industry 4.0 &#8211; the communication between the fabrics, the machine, the human, the CAD, the entire system &#8211; has been really interesting and informative.\u201d<\/span><\/p>\n<h2 style=\"background: white; box-sizing: border-box; font-variant-ligatures: normal; font-variant-caps: normal; orphans: 2; text-align: justify; widows: 2; -webkit-text-stroke-width: 0px; text-decoration-style: initial; text-decoration-color: initial; word-spacing: 0px;\"><b style=\"box-sizing: border-box;\"><span style=\"font-size: 10.0pt;\">Attendee Statements:<\/span><\/b><\/h2>\n<p style=\"background: white; box-sizing: border-box; font-variant-ligatures: normal; font-variant-caps: normal; orphans: 2; text-align: justify; widows: 2; -webkit-text-stroke-width: 0px; text-decoration-style: initial; text-decoration-color: initial; word-spacing: 0px;\"><span style=\"font-size: 10.0pt;\">USA: Miguel Ferrer, President of the Kiko Sewing Machine Co., attends the show every year, usually with clients in-tow; \u201cThe show never ceases to amaze me. There is always something new to learn about and a new technology to see. I really like the Made in America movement this year; as we are seeing a lot of jeans factories opening up in Los Angeles again.\u201d<\/span><\/p>\n<p style=\"background: white; box-sizing: border-box; font-variant-ligatures: normal; font-variant-caps: normal; orphans: 2; text-align: justify; widows: 2; -webkit-text-stroke-width: 0px; text-decoration-style: initial; text-decoration-color: initial; word-spacing: 0px;\"><span style=\"font-size: 10.0pt;\">Nicaragua: Francisco Diaz, visiting on behalf of Hansae International said; \u201cWe come to see the newest innovations that are coming out in the garment industry and learn how we can use them in our factories. This year&#8217;s show was definitely worth the trip.\u2019<\/span><\/p>\n<p style=\"background: white; box-sizing: border-box; font-variant-ligatures: normal; font-variant-caps: normal; orphans: 2; text-align: justify; widows: 2; -webkit-text-stroke-width: 0px; text-decoration-style: initial; text-decoration-color: initial; word-spacing: 0px;\"><span style=\"font-size: 10.0pt;\">USA: Devin Steele, Publisher of eTextileCommunications, reflected on his experience as a journalist covering the industry; \u201cI have been covering these textile shows for over 20 years, and this is probably the best one I\u2019ve seen, let me rephrase that; this is THE best textile trade show I have attended in terms of serious conversations; the quality of visitors, the sheer attendance numbers and number of exhibitors in at least 15 years in the US. \u201d<\/span><\/p>\n<h3 style=\"background: white; box-sizing: border-box; font-variant-ligatures: normal; font-variant-caps: normal; orphans: 2; text-align: justify; widows: 2; -webkit-text-stroke-width: 0px; text-decoration-style: initial; text-decoration-color: initial; word-spacing: 0px;\"><b style=\"box-sizing: border-box;\"><span style=\"font-size: 10.0pt;\">Exhibitor Statements:<\/span><\/b><\/h3>\n<p style=\"background: white; box-sizing: border-box; font-variant-ligatures: normal; font-variant-caps: normal; orphans: 2; text-align: justify; widows: 2; -webkit-text-stroke-width: 0px; text-decoration-style: initial; text-decoration-color: initial; word-spacing: 0px;\"><span style=\"font-size: 10.0pt;\">USA: Joel Elam, Sales Engineer, Card Clothing &amp; Services, Inc., stated; \u201cThis show has been very solid. The first day we had many contacts come into the booth from all over the world. It has been a very positive show; a beautiful layout with lots of new equipment, products and a lot of interest from visitors in what&#8217;s next for the textile industry. For us, this has been a very positive experience.\u201d<\/span><\/p>\n<p style=\"background: white; box-sizing: border-box; font-variant-ligatures: normal; font-variant-caps: normal; orphans: 2; text-align: justify; widows: 2; -webkit-text-stroke-width: 0px; text-decoration-style: initial; text-decoration-color: initial; word-spacing: 0px;\"><span style=\"font-size: 10.0pt;\">USA: Daniella Ambrogi, Vice President of Marketing, Lectra, stated; \u201cThis show is a great opportunity for us to showcase our new technology. This year has been a busy show and we&#8217;ve had a great turnout of visitors. We are happy to be here.\u201d<\/span><\/p>\n<p style=\"background: white; box-sizing: border-box; font-variant-ligatures: normal; font-variant-caps: normal; orphans: 2; text-align: justify; widows: 2; -webkit-text-stroke-width: 0px; text-decoration-style: initial; text-decoration-color: initial; word-spacing: 0px;\"><span style=\"font-size: 10.0pt;\">Germany: Rene Gotolle, Training Manager, ZSK Technical Embroidery Systems said; \u201cWe started with the show many years ago exhibiting in Frankfurt. But Atlanta has become really important for us because; we make so many connections with different companies across industries, so we always make sure to be here.\u201d<\/span><\/p>\n<p style=\"background: white; box-sizing: border-box; font-variant-ligatures: normal; font-variant-caps: normal; orphans: 2; text-align: justify; widows: 2; -webkit-text-stroke-width: 0px; text-decoration-style: initial; text-decoration-color: initial; word-spacing: 0px;\"><span style=\"font-size: 10.0pt;\">USA: Dave Gardner, Managing Director, SPESA and the co-Producer of Texprocess Americas said; \u201cThe 2018 edition of Texprocess Americas was phenomenal; a collaboration of suppliers and manufacturers who came together to showcase and experience the latest innovations and trends influencing today\u2019s sewn products industry; SPESA expects Texprocess Americas 2020 to be even bigger and better as the industry continues to embrace the latest advances to increase production and speed.\u201d<\/span><\/p>\n","protected":false},"excerpt":{"rendered":"<p>Techtextil North America and Texprocess Americas 2018 suggest a bright future for the American technical textile, nonwovens and sewn products industries. Exhibitors and visitors alike impressed with level of traffic, quality of conversations Cooling fabrics, smart light technology, recycled fibers, 3D body scanning, and cloud connected smart machines were just some of the highlights during [&hellip;]<\/p>\n","protected":false},"author":2,"featured_media":24405,"comment_status":"open","ping_status":"closed","sticky":false,"template":"","format":"standard","meta":{"footnotes":""},"categories":[9845],"tags":[10310,10062,10305,10306,10308],"class_list":{"0":"post-24401","1":"post","2":"type-post","3":"status-publish","4":"format-standard","5":"has-post-thumbnail","7":"category-trade-fairs","8":"tag-american-market-en","9":"tag-messe-frankfurt-en","10":"tag-sewn-industry","11":"tag-techtextil-north-america-en","12":"tag-texprocess-americas-en"},"yoast_head":"<!-- This site is optimized with the Yoast SEO Premium plugin v27.3 (Yoast SEO v27.3) - https:\/\/yoast.com\/product\/yoast-seo-premium-wordpress\/ -->\n<title>Increasing Interest to Technical Textiles in American Market - Textilegence<\/title>\n<meta name=\"description\" content=\"Techtextil North America and Texprocess Americas 2018 suggest a bright future for the American technical textile, nonwovens and sewn products industries.\" \/>\n<meta name=\"robots\" content=\"index, follow, max-snippet:-1, max-image-preview:large, max-video-preview:-1\" \/>\n<link rel=\"canonical\" href=\"https:\/\/www.textilegence.com\/en\/american-market-technical-textiles\/\" \/>\n<meta property=\"og:locale\" content=\"en_US\" \/>\n<meta property=\"og:type\" content=\"article\" \/>\n<meta property=\"og:title\" content=\"Increasing Interest to Technical Textiles in American Market\" \/>\n<meta property=\"og:description\" content=\"Techtextil North America and Texprocess Americas 2018 suggest a bright future for the American technical textile, nonwovens and sewn products industries.\" \/>\n<meta property=\"og:url\" content=\"https:\/\/www.textilegence.com\/en\/american-market-technical-textiles\/\" \/>\n<meta property=\"og:site_name\" content=\"Textilegence Magazine and Digital Platform\" \/>\n<meta property=\"article:publisher\" content=\"https:\/\/www.facebook.com\/TextilegenceMagazine\" \/>\n<meta property=\"article:author\" content=\"https:\/\/www.facebook.com\/TextilegenceMagazine\" \/>\n<meta property=\"article:published_time\" content=\"2018-06-11T12:22:04+00:00\" \/>\n<meta property=\"article:modified_time\" content=\"2018-06-11T12:51:23+00:00\" \/>\n<meta property=\"og:image\" content=\"https:\/\/www.textilegence.com\/wp-content\/uploads\/2018\/06\/Techtextil-NA-Textilegence.jpg\" \/>\n\t<meta property=\"og:image:width\" content=\"742\" \/>\n\t<meta property=\"og:image:height\" content=\"486\" \/>\n\t<meta property=\"og:image:type\" content=\"image\/jpeg\" \/>\n<meta name=\"author\" content=\"Engin Buz\" \/>\n<meta name=\"twitter:card\" content=\"summary_large_image\" \/>\n<meta name=\"twitter:creator\" content=\"@https:\/\/twitter.com\/textilegence\" \/>\n<meta name=\"twitter:site\" content=\"@textilegence\" \/>\n<meta name=\"twitter:label1\" content=\"Written by\" \/>\n\t<meta name=\"twitter:data1\" content=\"Engin Buz\" \/>\n\t<meta name=\"twitter:label2\" content=\"Est. reading time\" \/>\n\t<meta name=\"twitter:data2\" content=\"5 minutes\" \/>\n<script type=\"application\/ld+json\" class=\"yoast-schema-graph\">{\"@context\":\"https:\\\/\\\/schema.org\",\"@graph\":[{\"@type\":\"NewsArticle\",\"@id\":\"https:\\\/\\\/www.textilegence.com\\\/en\\\/american-market-technical-textiles\\\/#article\",\"isPartOf\":{\"@id\":\"https:\\\/\\\/www.textilegence.com\\\/en\\\/american-market-technical-textiles\\\/\"},\"author\":{\"name\":\"Engin Buz\",\"@id\":\"https:\\\/\\\/www.textilegence.com\\\/en\\\/#\\\/schema\\\/person\\\/46ccc7bfc34edbc7d46b6b189f88849f\"},\"headline\":\"Increasing Interest to Technical Textiles in American Market\",\"datePublished\":\"2018-06-11T12:22:04+00:00\",\"dateModified\":\"2018-06-11T12:51:23+00:00\",\"mainEntityOfPage\":{\"@id\":\"https:\\\/\\\/www.textilegence.com\\\/en\\\/american-market-technical-textiles\\\/\"},\"wordCount\":932,\"commentCount\":0,\"publisher\":{\"@id\":\"https:\\\/\\\/www.textilegence.com\\\/en\\\/#organization\"},\"image\":{\"@id\":\"https:\\\/\\\/www.textilegence.com\\\/en\\\/american-market-technical-textiles\\\/#primaryimage\"},\"thumbnailUrl\":\"https:\\\/\\\/www.textilegence.com\\\/wp-content\\\/uploads\\\/2018\\\/06\\\/Techtextil-NA-Textilegence.jpg\",\"keywords\":[\"american market\",\"messe frankfurt\",\"sewn industry\",\"techtextil north america\",\"texprocess americas\"],\"articleSection\":[\"Trade Fairs\"],\"inLanguage\":\"en-US\",\"potentialAction\":[{\"@type\":\"CommentAction\",\"name\":\"Comment\",\"target\":[\"https:\\\/\\\/www.textilegence.com\\\/en\\\/american-market-technical-textiles\\\/#respond\"]}]},{\"@type\":\"WebPage\",\"@id\":\"https:\\\/\\\/www.textilegence.com\\\/en\\\/american-market-technical-textiles\\\/\",\"url\":\"https:\\\/\\\/www.textilegence.com\\\/en\\\/american-market-technical-textiles\\\/\",\"name\":\"Increasing Interest to Technical Textiles in American Market - Textilegence\",\"isPartOf\":{\"@id\":\"https:\\\/\\\/www.textilegence.com\\\/en\\\/#website\"},\"primaryImageOfPage\":{\"@id\":\"https:\\\/\\\/www.textilegence.com\\\/en\\\/american-market-technical-textiles\\\/#primaryimage\"},\"image\":{\"@id\":\"https:\\\/\\\/www.textilegence.com\\\/en\\\/american-market-technical-textiles\\\/#primaryimage\"},\"thumbnailUrl\":\"https:\\\/\\\/www.textilegence.com\\\/wp-content\\\/uploads\\\/2018\\\/06\\\/Techtextil-NA-Textilegence.jpg\",\"datePublished\":\"2018-06-11T12:22:04+00:00\",\"dateModified\":\"2018-06-11T12:51:23+00:00\",\"description\":\"Techtextil North America and Texprocess Americas 2018 suggest a bright future for the American technical textile, nonwovens and sewn products industries.\",\"breadcrumb\":{\"@id\":\"https:\\\/\\\/www.textilegence.com\\\/en\\\/american-market-technical-textiles\\\/#breadcrumb\"},\"inLanguage\":\"en-US\",\"potentialAction\":[{\"@type\":\"ReadAction\",\"target\":[\"https:\\\/\\\/www.textilegence.com\\\/en\\\/american-market-technical-textiles\\\/\"]}]},{\"@type\":\"ImageObject\",\"inLanguage\":\"en-US\",\"@id\":\"https:\\\/\\\/www.textilegence.com\\\/en\\\/american-market-technical-textiles\\\/#primaryimage\",\"url\":\"https:\\\/\\\/www.textilegence.com\\\/wp-content\\\/uploads\\\/2018\\\/06\\\/Techtextil-NA-Textilegence.jpg\",\"contentUrl\":\"https:\\\/\\\/www.textilegence.com\\\/wp-content\\\/uploads\\\/2018\\\/06\\\/Techtextil-NA-Textilegence.jpg\",\"width\":742,\"height\":486},{\"@type\":\"BreadcrumbList\",\"@id\":\"https:\\\/\\\/www.textilegence.com\\\/en\\\/american-market-technical-textiles\\\/#breadcrumb\",\"itemListElement\":[{\"@type\":\"ListItem\",\"position\":1,\"name\":\"Home Page\",\"item\":\"https:\\\/\\\/www.textilegence.com\\\/en\\\/homepage-the-rimont\\\/\"},{\"@type\":\"ListItem\",\"position\":2,\"name\":\"Trade Fairs\",\"item\":\"https:\\\/\\\/www.textilegence.com\\\/en\\\/category\\\/trade-fairs\\\/\"},{\"@type\":\"ListItem\",\"position\":3,\"name\":\"Increasing Interest to Technical Textiles in American Market\"}]},{\"@type\":\"WebSite\",\"@id\":\"https:\\\/\\\/www.textilegence.com\\\/en\\\/#website\",\"url\":\"https:\\\/\\\/www.textilegence.com\\\/en\\\/\",\"name\":\"Textilegence Magazine and Digital Platform\",\"description\":\"Textile News Center\",\"publisher\":{\"@id\":\"https:\\\/\\\/www.textilegence.com\\\/en\\\/#organization\"},\"potentialAction\":[{\"@type\":\"SearchAction\",\"target\":{\"@type\":\"EntryPoint\",\"urlTemplate\":\"https:\\\/\\\/www.textilegence.com\\\/en\\\/?s={search_term_string}\"},\"query-input\":{\"@type\":\"PropertyValueSpecification\",\"valueRequired\":true,\"valueName\":\"search_term_string\"}}],\"inLanguage\":\"en-US\"},{\"@type\":\"Organization\",\"@id\":\"https:\\\/\\\/www.textilegence.com\\\/en\\\/#organization\",\"name\":\"Textilegence Magazine and Digital Platform\",\"url\":\"https:\\\/\\\/www.textilegence.com\\\/en\\\/\",\"logo\":{\"@type\":\"ImageObject\",\"inLanguage\":\"en-US\",\"@id\":\"https:\\\/\\\/www.textilegence.com\\\/en\\\/#\\\/schema\\\/logo\\\/image\\\/\",\"url\":\"https:\\\/\\\/www.textilegence.com\\\/wp-content\\\/uploads\\\/2016\\\/11\\\/New_Retina_Logo_Textilegence.png\",\"contentUrl\":\"https:\\\/\\\/www.textilegence.com\\\/wp-content\\\/uploads\\\/2016\\\/11\\\/New_Retina_Logo_Textilegence.png\",\"width\":544,\"height\":180,\"caption\":\"Textilegence Magazine and Digital Platform\"},\"image\":{\"@id\":\"https:\\\/\\\/www.textilegence.com\\\/en\\\/#\\\/schema\\\/logo\\\/image\\\/\"},\"sameAs\":[\"https:\\\/\\\/www.facebook.com\\\/TextilegenceMagazine\",\"https:\\\/\\\/x.com\\\/textilegence\",\"https:\\\/\\\/www.instagram.com\\\/textilegence\\\/\",\"https:\\\/\\\/www.linkedin.com\\\/groups\\\/Textilegence-Magazine-Digital-Platform-4897253\",\"https:\\\/\\\/www.youtube.com\\\/user\\\/textilegence\"],\"description\":\"Textilegence is a magazine and digital platform established in 2013. It focuses on the textile industry and sub-segments. The platform provides news, articles, and updates on various aspects of the textile industry, including sustainability, technological advancements, and market trends.\",\"email\":\"editor@textilegence.com\",\"telephone\":\"+90 212 442 24 12\",\"legalName\":\"Textilegence Mag and Digital Platform\",\"foundingDate\":\"2013-01-01\",\"numberOfEmployees\":{\"@type\":\"QuantitativeValue\",\"minValue\":\"1\",\"maxValue\":\"10\"}},{\"@type\":\"Person\",\"@id\":\"https:\\\/\\\/www.textilegence.com\\\/en\\\/#\\\/schema\\\/person\\\/46ccc7bfc34edbc7d46b6b189f88849f\",\"name\":\"Engin Buz\",\"image\":{\"@type\":\"ImageObject\",\"inLanguage\":\"en-US\",\"@id\":\"https:\\\/\\\/www.textilegence.com\\\/wp-content\\\/uploads\\\/2018\\\/12\\\/engin-buz.jpg\",\"url\":\"https:\\\/\\\/www.textilegence.com\\\/wp-content\\\/uploads\\\/2018\\\/12\\\/engin-buz.jpg\",\"contentUrl\":\"https:\\\/\\\/www.textilegence.com\\\/wp-content\\\/uploads\\\/2018\\\/12\\\/engin-buz.jpg\",\"caption\":\"Engin Buz\"},\"description\":\"Engin Buz, Ankara \u00dcniversitesi \u0130leti\u015fim Fak\u00fcltesi Gazetecilik B\u00f6l\u00fcm\u00fc\u2019nden mezun olduktan sonra Y\u0131ld\u0131z Teknik \u00dcniversitesi\u2019nde Siyaset Bilimi ve Uluslararas\u0131 \u0130li\u015fkiler alan\u0131nda y\u00fcksek lisans\u0131n\u0131 tamamlam\u0131\u015ft\u0131r. 2000 y\u0131l\u0131ndan sonra \u00e7e\u015fitli yay\u0131nc\u0131l\u0131k \u015firketlerinde \u00e7al\u0131\u015fmaya ba\u015flayarak k\u00fclt\u00fcr-sanat ve daha sonra ekonomi haberleri haz\u0131rlam\u0131\u015ft\u0131r. 2009 y\u0131l\u0131ndan itibaren tekstil end\u00fcstrisine d\u00f6n\u00fck yay\u0131nlarda edit\u00f6r olarak g\u00f6rev alan Buz, 2013 itibariyle kurulan Textilegence\u2019de haber edit\u00f6r\u00fc olarak yer almaya ba\u015flam\u0131\u015ft\u0131r. Engin Buz halen ba\u015fta tekstil ve dijital bask\u0131 end\u00fcstrileri olmak \u00fczere ekonomi haberleri haz\u0131rlamaktad\u0131r.\",\"sameAs\":[\"https:\\\/\\\/www.textilegence.com\",\"https:\\\/\\\/www.facebook.com\\\/TextilegenceMagazine\",\"https:\\\/\\\/www.instagram.com\\\/textilegence\\\/\",\"https:\\\/\\\/www.linkedin.com\\\/in\\\/engin-buz-6190799a\\\/\",\"https:\\\/\\\/x.com\\\/https:\\\/\\\/twitter.com\\\/textilegence\"],\"url\":\"https:\\\/\\\/www.textilegence.com\\\/en\\\/author\\\/engin-buz\\\/\"}]}<\/script>\n<!-- \/ Yoast SEO Premium plugin. -->","yoast_head_json":{"title":"Increasing Interest to Technical Textiles in American Market - Textilegence","description":"Techtextil North America and Texprocess Americas 2018 suggest a bright future for the American technical textile, nonwovens and sewn products industries.","robots":{"index":"index","follow":"follow","max-snippet":"max-snippet:-1","max-image-preview":"max-image-preview:large","max-video-preview":"max-video-preview:-1"},"canonical":"https:\/\/www.textilegence.com\/en\/american-market-technical-textiles\/","og_locale":"en_US","og_type":"article","og_title":"Increasing Interest to Technical Textiles in American Market","og_description":"Techtextil North America and Texprocess Americas 2018 suggest a bright future for the American technical textile, nonwovens and sewn products industries.","og_url":"https:\/\/www.textilegence.com\/en\/american-market-technical-textiles\/","og_site_name":"Textilegence Magazine and Digital Platform","article_publisher":"https:\/\/www.facebook.com\/TextilegenceMagazine","article_author":"https:\/\/www.facebook.com\/TextilegenceMagazine","article_published_time":"2018-06-11T12:22:04+00:00","article_modified_time":"2018-06-11T12:51:23+00:00","og_image":[{"width":742,"height":486,"url":"https:\/\/www.textilegence.com\/wp-content\/uploads\/2018\/06\/Techtextil-NA-Textilegence.jpg","type":"image\/jpeg"}],"author":"Engin Buz","twitter_card":"summary_large_image","twitter_creator":"@https:\/\/twitter.com\/textilegence","twitter_site":"@textilegence","twitter_misc":{"Written by":"Engin Buz","Est. reading time":"5 minutes"},"schema":{"@context":"https:\/\/schema.org","@graph":[{"@type":"NewsArticle","@id":"https:\/\/www.textilegence.com\/en\/american-market-technical-textiles\/#article","isPartOf":{"@id":"https:\/\/www.textilegence.com\/en\/american-market-technical-textiles\/"},"author":{"name":"Engin Buz","@id":"https:\/\/www.textilegence.com\/en\/#\/schema\/person\/46ccc7bfc34edbc7d46b6b189f88849f"},"headline":"Increasing Interest to Technical Textiles in American Market","datePublished":"2018-06-11T12:22:04+00:00","dateModified":"2018-06-11T12:51:23+00:00","mainEntityOfPage":{"@id":"https:\/\/www.textilegence.com\/en\/american-market-technical-textiles\/"},"wordCount":932,"commentCount":0,"publisher":{"@id":"https:\/\/www.textilegence.com\/en\/#organization"},"image":{"@id":"https:\/\/www.textilegence.com\/en\/american-market-technical-textiles\/#primaryimage"},"thumbnailUrl":"https:\/\/www.textilegence.com\/wp-content\/uploads\/2018\/06\/Techtextil-NA-Textilegence.jpg","keywords":["american market","messe frankfurt","sewn industry","techtextil north america","texprocess americas"],"articleSection":["Trade Fairs"],"inLanguage":"en-US","potentialAction":[{"@type":"CommentAction","name":"Comment","target":["https:\/\/www.textilegence.com\/en\/american-market-technical-textiles\/#respond"]}]},{"@type":"WebPage","@id":"https:\/\/www.textilegence.com\/en\/american-market-technical-textiles\/","url":"https:\/\/www.textilegence.com\/en\/american-market-technical-textiles\/","name":"Increasing Interest to Technical Textiles in American Market - Textilegence","isPartOf":{"@id":"https:\/\/www.textilegence.com\/en\/#website"},"primaryImageOfPage":{"@id":"https:\/\/www.textilegence.com\/en\/american-market-technical-textiles\/#primaryimage"},"image":{"@id":"https:\/\/www.textilegence.com\/en\/american-market-technical-textiles\/#primaryimage"},"thumbnailUrl":"https:\/\/www.textilegence.com\/wp-content\/uploads\/2018\/06\/Techtextil-NA-Textilegence.jpg","datePublished":"2018-06-11T12:22:04+00:00","dateModified":"2018-06-11T12:51:23+00:00","description":"Techtextil North America and Texprocess Americas 2018 suggest a bright future for the American technical textile, nonwovens and sewn products industries.","breadcrumb":{"@id":"https:\/\/www.textilegence.com\/en\/american-market-technical-textiles\/#breadcrumb"},"inLanguage":"en-US","potentialAction":[{"@type":"ReadAction","target":["https:\/\/www.textilegence.com\/en\/american-market-technical-textiles\/"]}]},{"@type":"ImageObject","inLanguage":"en-US","@id":"https:\/\/www.textilegence.com\/en\/american-market-technical-textiles\/#primaryimage","url":"https:\/\/www.textilegence.com\/wp-content\/uploads\/2018\/06\/Techtextil-NA-Textilegence.jpg","contentUrl":"https:\/\/www.textilegence.com\/wp-content\/uploads\/2018\/06\/Techtextil-NA-Textilegence.jpg","width":742,"height":486},{"@type":"BreadcrumbList","@id":"https:\/\/www.textilegence.com\/en\/american-market-technical-textiles\/#breadcrumb","itemListElement":[{"@type":"ListItem","position":1,"name":"Home Page","item":"https:\/\/www.textilegence.com\/en\/homepage-the-rimont\/"},{"@type":"ListItem","position":2,"name":"Trade Fairs","item":"https:\/\/www.textilegence.com\/en\/category\/trade-fairs\/"},{"@type":"ListItem","position":3,"name":"Increasing Interest to Technical Textiles in American Market"}]},{"@type":"WebSite","@id":"https:\/\/www.textilegence.com\/en\/#website","url":"https:\/\/www.textilegence.com\/en\/","name":"Textilegence Magazine and Digital Platform","description":"Textile News Center","publisher":{"@id":"https:\/\/www.textilegence.com\/en\/#organization"},"potentialAction":[{"@type":"SearchAction","target":{"@type":"EntryPoint","urlTemplate":"https:\/\/www.textilegence.com\/en\/?s={search_term_string}"},"query-input":{"@type":"PropertyValueSpecification","valueRequired":true,"valueName":"search_term_string"}}],"inLanguage":"en-US"},{"@type":"Organization","@id":"https:\/\/www.textilegence.com\/en\/#organization","name":"Textilegence Magazine and Digital Platform","url":"https:\/\/www.textilegence.com\/en\/","logo":{"@type":"ImageObject","inLanguage":"en-US","@id":"https:\/\/www.textilegence.com\/en\/#\/schema\/logo\/image\/","url":"https:\/\/www.textilegence.com\/wp-content\/uploads\/2016\/11\/New_Retina_Logo_Textilegence.png","contentUrl":"https:\/\/www.textilegence.com\/wp-content\/uploads\/2016\/11\/New_Retina_Logo_Textilegence.png","width":544,"height":180,"caption":"Textilegence Magazine and Digital Platform"},"image":{"@id":"https:\/\/www.textilegence.com\/en\/#\/schema\/logo\/image\/"},"sameAs":["https:\/\/www.facebook.com\/TextilegenceMagazine","https:\/\/x.com\/textilegence","https:\/\/www.instagram.com\/textilegence\/","https:\/\/www.linkedin.com\/groups\/Textilegence-Magazine-Digital-Platform-4897253","https:\/\/www.youtube.com\/user\/textilegence"],"description":"Textilegence is a magazine and digital platform established in 2013. It focuses on the textile industry and sub-segments. The platform provides news, articles, and updates on various aspects of the textile industry, including sustainability, technological advancements, and market trends.","email":"editor@textilegence.com","telephone":"+90 212 442 24 12","legalName":"Textilegence Mag and Digital Platform","foundingDate":"2013-01-01","numberOfEmployees":{"@type":"QuantitativeValue","minValue":"1","maxValue":"10"}},{"@type":"Person","@id":"https:\/\/www.textilegence.com\/en\/#\/schema\/person\/46ccc7bfc34edbc7d46b6b189f88849f","name":"Engin Buz","image":{"@type":"ImageObject","inLanguage":"en-US","@id":"https:\/\/www.textilegence.com\/wp-content\/uploads\/2018\/12\/engin-buz.jpg","url":"https:\/\/www.textilegence.com\/wp-content\/uploads\/2018\/12\/engin-buz.jpg","contentUrl":"https:\/\/www.textilegence.com\/wp-content\/uploads\/2018\/12\/engin-buz.jpg","caption":"Engin Buz"},"description":"Engin Buz, Ankara \u00dcniversitesi \u0130leti\u015fim Fak\u00fcltesi Gazetecilik B\u00f6l\u00fcm\u00fc\u2019nden mezun olduktan sonra Y\u0131ld\u0131z Teknik \u00dcniversitesi\u2019nde Siyaset Bilimi ve Uluslararas\u0131 \u0130li\u015fkiler alan\u0131nda y\u00fcksek lisans\u0131n\u0131 tamamlam\u0131\u015ft\u0131r. 2000 y\u0131l\u0131ndan sonra \u00e7e\u015fitli yay\u0131nc\u0131l\u0131k \u015firketlerinde \u00e7al\u0131\u015fmaya ba\u015flayarak k\u00fclt\u00fcr-sanat ve daha sonra ekonomi haberleri haz\u0131rlam\u0131\u015ft\u0131r. 2009 y\u0131l\u0131ndan itibaren tekstil end\u00fcstrisine d\u00f6n\u00fck yay\u0131nlarda edit\u00f6r olarak g\u00f6rev alan Buz, 2013 itibariyle kurulan Textilegence\u2019de haber edit\u00f6r\u00fc olarak yer almaya ba\u015flam\u0131\u015ft\u0131r. Engin Buz halen ba\u015fta tekstil ve dijital bask\u0131 end\u00fcstrileri olmak \u00fczere ekonomi haberleri haz\u0131rlamaktad\u0131r.","sameAs":["https:\/\/www.textilegence.com","https:\/\/www.facebook.com\/TextilegenceMagazine","https:\/\/www.instagram.com\/textilegence\/","https:\/\/www.linkedin.com\/in\/engin-buz-6190799a\/","https:\/\/x.com\/https:\/\/twitter.com\/textilegence"],"url":"https:\/\/www.textilegence.com\/en\/author\/engin-buz\/"}]}},"_links":{"self":[{"href":"https:\/\/www.textilegence.com\/en\/wp-json\/wp\/v2\/posts\/24401","targetHints":{"allow":["GET"]}}],"collection":[{"href":"https:\/\/www.textilegence.com\/en\/wp-json\/wp\/v2\/posts"}],"about":[{"href":"https:\/\/www.textilegence.com\/en\/wp-json\/wp\/v2\/types\/post"}],"author":[{"embeddable":true,"href":"https:\/\/www.textilegence.com\/en\/wp-json\/wp\/v2\/users\/2"}],"replies":[{"embeddable":true,"href":"https:\/\/www.textilegence.com\/en\/wp-json\/wp\/v2\/comments?post=24401"}],"version-history":[{"count":0,"href":"https:\/\/www.textilegence.com\/en\/wp-json\/wp\/v2\/posts\/24401\/revisions"}],"wp:featuredmedia":[{"embeddable":true,"href":"https:\/\/www.textilegence.com\/en\/wp-json\/wp\/v2\/media\/24405"}],"wp:attachment":[{"href":"https:\/\/www.textilegence.com\/en\/wp-json\/wp\/v2\/media?parent=24401"}],"wp:term":[{"taxonomy":"category","embeddable":true,"href":"https:\/\/www.textilegence.com\/en\/wp-json\/wp\/v2\/categories?post=24401"},{"taxonomy":"post_tag","embeddable":true,"href":"https:\/\/www.textilegence.com\/en\/wp-json\/wp\/v2\/tags?post=24401"}],"curies":[{"name":"wp","href":"https:\/\/api.w.org\/{rel}","templated":true}]}}