{"id":25602,"date":"2018-07-05T13:25:16","date_gmt":"2018-07-05T10:25:16","guid":{"rendered":"http:\/\/www.textilegence.com\/?p=25602"},"modified":"2018-07-16T13:32:36","modified_gmt":"2018-07-16T10:32:36","slug":"ismail-gulle-new-president","status":"publish","type":"post","link":"https:\/\/www.textilegence.com\/en\/ismail-gulle-new-president\/","title":{"rendered":"Ismail Gulle is the New President of Exporters"},"content":{"rendered":"<figure id=\"attachment_25600\" aria-describedby=\"caption-attachment-25600\" style=\"width: 324px\" class=\"wp-caption alignleft\"><img loading=\"lazy\" decoding=\"async\" class=\"wp-image-25600 size-full\" src=\"https:\/\/www.textilegence.com\/wp-content\/uploads\/2018\/07\/tim-yeni-baskan-detay.jpg\" alt=\"Ismail Gulle is the New President of Exporters\" width=\"324\" height=\"179\" \/><figcaption id=\"caption-attachment-25600\" class=\"wp-caption-text\">Ismail Gulle is the New President of Exporters<\/figcaption><\/figure>\n<p style=\"text-align: justify;\"><strong>Ismail Gulle has become the new president of Turkish Exporters Assembly after receiving 149 of 398 delegate\u2019s vote. G\u00fclle took over from Mehmet B\u00fcy\u00fckek\u015fi who said \u2018the time is for the guards to change\u2019. <\/strong><\/p>\n<p style=\"text-align: justify;\"><strong>O<\/strong>ne of Turkey&#8217;s leading textile manufactures, \u0130smail G\u00fclle was elected as the new president of Turkish Exporters Assembly (<a href=\"http:\/\/www.tim.org.tr\/en\/default.html\" target=\"_blank\" rel=\"nofollow noopener\">T\u0130M<\/a>). G\u00fclle declared victory after receiving 149 of 398 delegate\u2019s vote in the 25<sup>th<\/sup> general assembly of T\u0130M. After the election, G\u00fclle said; \u201cFrom now on, I will carry this responsibility in your best interest. The office will shrink, while the services will grow.\u201d In the general assembly of T\u0130M, which has approximately 71 thousand members, 27 industry council heads were also appointed as well.<\/p>\n<p style=\"text-align: justify;\">T\u0130M\u2019s 25<sup>th<\/sup> general assembly, held at the Golden Horn Cultural Center, saw a high level participation from the state protocol as well as the delegates. Tahsin \u00d6ztirkayi and O\u011fuz Sat\u0131c\u0131 competed besides \u0130smail G\u00fclle for the presidency. While \u00d6ztiryaki received 140 votes and Sat\u0131c\u0131 109, G\u00fclle got 149 votes and left behind his opponents. Thus he took over the T\u0130M Presidency fromMehmet B\u00fcy\u00fckek\u015fi, who has been in the presidency for 10 years. B\u00fcy\u00fckek\u015fi didn\u2019t join the race this time, and said \u2018the time is for the guards to change\u2019.<\/p>\n<h1 style=\"text-align: justify;\"><strong>The office will shrink, while the services will grow<\/strong><\/h1>\n<p style=\"text-align: justify;\">New T\u0130M President Ismail Gulle, said in his speech to the delegates after the election; \u201cFrom now on, I will carry this responsibility in your best interest. The office will shrink, while the services will grow. Nobody will stay outside of the game.\u201d G\u00fclle stated that he would make T\u0130M a very different institution as he promised; \u201cI have served in every position of T\u0130M for 20 years. We will be more powerful, proactive and creative from now on. The winner is the exporter.\u201d G\u00fclle defined their primary goals as; creating a vision for the breakthroughs that would bring the value of the export to 4 USD a kilogram.<\/p>\n<h2 style=\"text-align: justify;\"><strong>Who is Ismail Gulle?<\/strong><\/h2>\n<p style=\"text-align: justify;\">\u0130smail G\u00fclle was born in 1960 in Sivas, and completed his primary and secondary education in the same city. After his graduation from Istanbul Technical University, Faculty of Electrical Engineering in 1982; G\u00fclle completed his specialization program at Istanbul University Business Administration Institute. In 1970, he was appointed as the Chairman of the Board of Directors of G\u00fclle Entegre Tekstil \u0130\u015fletmeleri A.\u015e.; which was founded by his father the late Halis G\u00fclle.<\/p>\n<p style=\"text-align: justify;\">\u0130smail G\u00fclle has been the Chairman of the Board of Directors between 2003 and 2018, following his duty as a member of Istanbul <a href=\"https:\/\/www.textilegence.com\/en\/change-in-the-top\/\" target=\"_blank\" rel=\"noopener\">Textile<\/a> and Raw Materials Exporters Association (\u0130TH\u0130B) Board of Directors between 1999 and 2003. Handing the presidency of \u0130TH\u0130B over in the past month, G\u00fclle has been active in many commissions and subgroups within T\u0130M.<\/p>\n<p style=\"text-align: justify;\">Ismail Gulle, who has made significant contributions to education and cultural life in Sivas and its provinces, is married and has two children.<\/p>\n","protected":false},"excerpt":{"rendered":"<p>Ismail Gulle has become the new president of Turkish Exporters Assembly after receiving 149 of 398 delegate\u2019s vote. G\u00fclle took over from Mehmet B\u00fcy\u00fckek\u015fi who said \u2018the time is for the guards to change\u2019. One of Turkey&#8217;s leading textile manufactures, \u0130smail G\u00fclle was elected as the new president of Turkish Exporters Assembly (T\u0130M). G\u00fclle declared [&hellip;]<\/p>\n","protected":false},"author":2,"featured_media":25598,"comment_status":"open","ping_status":"closed","sticky":false,"template":"","format":"standard","meta":{"footnotes":""},"categories":[9859],"tags":[2844,9889,9890],"class_list":{"0":"post-25602","1":"post","2":"type-post","3":"status-publish","4":"format-standard","5":"has-post-thumbnail","7":"category-topical","8":"tag-ismail-gulle","9":"tag-mehmet-buyukeksi-en","10":"tag-tim-en"},"yoast_head":"<!-- This site is optimized with the Yoast SEO Premium plugin v27.3 (Yoast SEO v27.3) - https:\/\/yoast.com\/product\/yoast-seo-premium-wordpress\/ -->\n<title>Ismail Gulle is the New President of Exporters - Textilegence<\/title>\n<meta name=\"description\" content=\"Ismail Gulle has become the new president of Turkish Exporters Assembly after receiving 149 of 398 delegate\u2019s vote. G\u00fclle took over from Mehmet B\u00fcy\u00fckek\u015fi.\" \/>\n<meta name=\"robots\" content=\"index, follow, max-snippet:-1, max-image-preview:large, max-video-preview:-1\" \/>\n<link rel=\"canonical\" href=\"https:\/\/www.textilegence.com\/en\/ismail-gulle-new-president\/\" \/>\n<meta property=\"og:locale\" content=\"en_US\" \/>\n<meta property=\"og:type\" content=\"article\" \/>\n<meta property=\"og:title\" content=\"Ismail Gulle is the New President of Exporters\" \/>\n<meta property=\"og:description\" content=\"Ismail Gulle has become the new president of Turkish Exporters Assembly after receiving 149 of 398 delegate\u2019s vote. G\u00fclle took over from Mehmet B\u00fcy\u00fckek\u015fi\" \/>\n<meta property=\"og:url\" content=\"https:\/\/www.textilegence.com\/en\/ismail-gulle-new-president\/\" \/>\n<meta property=\"og:site_name\" content=\"Textilegence Magazine and Digital Platform\" \/>\n<meta property=\"article:publisher\" content=\"https:\/\/www.facebook.com\/TextilegenceMagazine\" \/>\n<meta property=\"article:author\" content=\"https:\/\/www.facebook.com\/TextilegenceMagazine\" \/>\n<meta property=\"article:published_time\" content=\"2018-07-05T10:25:16+00:00\" \/>\n<meta property=\"article:modified_time\" content=\"2018-07-16T10:32:36+00:00\" \/>\n<meta property=\"og:image\" content=\"https:\/\/www.textilegence.com\/wp-content\/uploads\/2018\/07\/tim-ba\u015fkan\u0131-ismail-gulle.jpg\" \/>\n\t<meta property=\"og:image:width\" content=\"742\" \/>\n\t<meta property=\"og:image:height\" content=\"486\" \/>\n\t<meta property=\"og:image:type\" content=\"image\/jpeg\" \/>\n<meta name=\"author\" content=\"Engin Buz\" \/>\n<meta name=\"twitter:card\" content=\"summary_large_image\" \/>\n<meta name=\"twitter:creator\" content=\"@https:\/\/twitter.com\/textilegence\" \/>\n<meta name=\"twitter:site\" content=\"@textilegence\" \/>\n<meta name=\"twitter:label1\" content=\"Written by\" \/>\n\t<meta name=\"twitter:data1\" content=\"Engin Buz\" \/>\n\t<meta name=\"twitter:label2\" content=\"Est. reading time\" \/>\n\t<meta name=\"twitter:data2\" content=\"3 minutes\" \/>\n<script type=\"application\/ld+json\" class=\"yoast-schema-graph\">{\"@context\":\"https:\\\/\\\/schema.org\",\"@graph\":[{\"@type\":\"NewsArticle\",\"@id\":\"https:\\\/\\\/www.textilegence.com\\\/en\\\/ismail-gulle-new-president\\\/#article\",\"isPartOf\":{\"@id\":\"https:\\\/\\\/www.textilegence.com\\\/en\\\/ismail-gulle-new-president\\\/\"},\"author\":{\"name\":\"Engin Buz\",\"@id\":\"https:\\\/\\\/www.textilegence.com\\\/en\\\/#\\\/schema\\\/person\\\/46ccc7bfc34edbc7d46b6b189f88849f\"},\"headline\":\"Ismail Gulle is the New President of Exporters\",\"datePublished\":\"2018-07-05T10:25:16+00:00\",\"dateModified\":\"2018-07-16T10:32:36+00:00\",\"mainEntityOfPage\":{\"@id\":\"https:\\\/\\\/www.textilegence.com\\\/en\\\/ismail-gulle-new-president\\\/\"},\"wordCount\":527,\"commentCount\":0,\"publisher\":{\"@id\":\"https:\\\/\\\/www.textilegence.com\\\/en\\\/#organization\"},\"image\":{\"@id\":\"https:\\\/\\\/www.textilegence.com\\\/en\\\/ismail-gulle-new-president\\\/#primaryimage\"},\"thumbnailUrl\":\"https:\\\/\\\/www.textilegence.com\\\/wp-content\\\/uploads\\\/2018\\\/07\\\/tim-ba\u015fkan\u0131-ismail-gulle.jpg\",\"keywords\":[\"\u0130smail G\u00fclle\",\"Mehmet B\u00fcy\u00fckek\u015fi\",\"tim\"],\"articleSection\":[\"Topical\"],\"inLanguage\":\"en-US\",\"potentialAction\":[{\"@type\":\"CommentAction\",\"name\":\"Comment\",\"target\":[\"https:\\\/\\\/www.textilegence.com\\\/en\\\/ismail-gulle-new-president\\\/#respond\"]}]},{\"@type\":\"WebPage\",\"@id\":\"https:\\\/\\\/www.textilegence.com\\\/en\\\/ismail-gulle-new-president\\\/\",\"url\":\"https:\\\/\\\/www.textilegence.com\\\/en\\\/ismail-gulle-new-president\\\/\",\"name\":\"Ismail Gulle is the New President of Exporters - Textilegence\",\"isPartOf\":{\"@id\":\"https:\\\/\\\/www.textilegence.com\\\/en\\\/#website\"},\"primaryImageOfPage\":{\"@id\":\"https:\\\/\\\/www.textilegence.com\\\/en\\\/ismail-gulle-new-president\\\/#primaryimage\"},\"image\":{\"@id\":\"https:\\\/\\\/www.textilegence.com\\\/en\\\/ismail-gulle-new-president\\\/#primaryimage\"},\"thumbnailUrl\":\"https:\\\/\\\/www.textilegence.com\\\/wp-content\\\/uploads\\\/2018\\\/07\\\/tim-ba\u015fkan\u0131-ismail-gulle.jpg\",\"datePublished\":\"2018-07-05T10:25:16+00:00\",\"dateModified\":\"2018-07-16T10:32:36+00:00\",\"description\":\"Ismail Gulle has become the new president of Turkish Exporters Assembly after receiving 149 of 398 delegate\u2019s vote. G\u00fclle took over from Mehmet B\u00fcy\u00fckek\u015fi.\",\"breadcrumb\":{\"@id\":\"https:\\\/\\\/www.textilegence.com\\\/en\\\/ismail-gulle-new-president\\\/#breadcrumb\"},\"inLanguage\":\"en-US\",\"potentialAction\":[{\"@type\":\"ReadAction\",\"target\":[\"https:\\\/\\\/www.textilegence.com\\\/en\\\/ismail-gulle-new-president\\\/\"]}]},{\"@type\":\"ImageObject\",\"inLanguage\":\"en-US\",\"@id\":\"https:\\\/\\\/www.textilegence.com\\\/en\\\/ismail-gulle-new-president\\\/#primaryimage\",\"url\":\"https:\\\/\\\/www.textilegence.com\\\/wp-content\\\/uploads\\\/2018\\\/07\\\/tim-ba\u015fkan\u0131-ismail-gulle.jpg\",\"contentUrl\":\"https:\\\/\\\/www.textilegence.com\\\/wp-content\\\/uploads\\\/2018\\\/07\\\/tim-ba\u015fkan\u0131-ismail-gulle.jpg\",\"width\":742,\"height\":486},{\"@type\":\"BreadcrumbList\",\"@id\":\"https:\\\/\\\/www.textilegence.com\\\/en\\\/ismail-gulle-new-president\\\/#breadcrumb\",\"itemListElement\":[{\"@type\":\"ListItem\",\"position\":1,\"name\":\"Home Page\",\"item\":\"https:\\\/\\\/www.textilegence.com\\\/en\\\/homepage-the-rimont\\\/\"},{\"@type\":\"ListItem\",\"position\":2,\"name\":\"Topical\",\"item\":\"https:\\\/\\\/www.textilegence.com\\\/en\\\/category\\\/topical\\\/\"},{\"@type\":\"ListItem\",\"position\":3,\"name\":\"Ismail Gulle is the New President of Exporters\"}]},{\"@type\":\"WebSite\",\"@id\":\"https:\\\/\\\/www.textilegence.com\\\/en\\\/#website\",\"url\":\"https:\\\/\\\/www.textilegence.com\\\/en\\\/\",\"name\":\"Textilegence Magazine and Digital Platform\",\"description\":\"Textile News Center\",\"publisher\":{\"@id\":\"https:\\\/\\\/www.textilegence.com\\\/en\\\/#organization\"},\"potentialAction\":[{\"@type\":\"SearchAction\",\"target\":{\"@type\":\"EntryPoint\",\"urlTemplate\":\"https:\\\/\\\/www.textilegence.com\\\/en\\\/?s={search_term_string}\"},\"query-input\":{\"@type\":\"PropertyValueSpecification\",\"valueRequired\":true,\"valueName\":\"search_term_string\"}}],\"inLanguage\":\"en-US\"},{\"@type\":\"Organization\",\"@id\":\"https:\\\/\\\/www.textilegence.com\\\/en\\\/#organization\",\"name\":\"Textilegence Magazine and Digital Platform\",\"url\":\"https:\\\/\\\/www.textilegence.com\\\/en\\\/\",\"logo\":{\"@type\":\"ImageObject\",\"inLanguage\":\"en-US\",\"@id\":\"https:\\\/\\\/www.textilegence.com\\\/en\\\/#\\\/schema\\\/logo\\\/image\\\/\",\"url\":\"https:\\\/\\\/www.textilegence.com\\\/wp-content\\\/uploads\\\/2016\\\/11\\\/New_Retina_Logo_Textilegence.png\",\"contentUrl\":\"https:\\\/\\\/www.textilegence.com\\\/wp-content\\\/uploads\\\/2016\\\/11\\\/New_Retina_Logo_Textilegence.png\",\"width\":544,\"height\":180,\"caption\":\"Textilegence Magazine and Digital Platform\"},\"image\":{\"@id\":\"https:\\\/\\\/www.textilegence.com\\\/en\\\/#\\\/schema\\\/logo\\\/image\\\/\"},\"sameAs\":[\"https:\\\/\\\/www.facebook.com\\\/TextilegenceMagazine\",\"https:\\\/\\\/x.com\\\/textilegence\",\"https:\\\/\\\/www.instagram.com\\\/textilegence\\\/\",\"https:\\\/\\\/www.linkedin.com\\\/groups\\\/Textilegence-Magazine-Digital-Platform-4897253\",\"https:\\\/\\\/www.youtube.com\\\/user\\\/textilegence\"],\"description\":\"Textilegence is a magazine and digital platform established in 2013. It focuses on the textile industry and sub-segments. The platform provides news, articles, and updates on various aspects of the textile industry, including sustainability, technological advancements, and market trends.\",\"email\":\"editor@textilegence.com\",\"telephone\":\"+90 212 442 24 12\",\"legalName\":\"Textilegence Mag and Digital Platform\",\"foundingDate\":\"2013-01-01\",\"numberOfEmployees\":{\"@type\":\"QuantitativeValue\",\"minValue\":\"1\",\"maxValue\":\"10\"}},{\"@type\":\"Person\",\"@id\":\"https:\\\/\\\/www.textilegence.com\\\/en\\\/#\\\/schema\\\/person\\\/46ccc7bfc34edbc7d46b6b189f88849f\",\"name\":\"Engin Buz\",\"image\":{\"@type\":\"ImageObject\",\"inLanguage\":\"en-US\",\"@id\":\"https:\\\/\\\/www.textilegence.com\\\/wp-content\\\/uploads\\\/2018\\\/12\\\/engin-buz.jpg\",\"url\":\"https:\\\/\\\/www.textilegence.com\\\/wp-content\\\/uploads\\\/2018\\\/12\\\/engin-buz.jpg\",\"contentUrl\":\"https:\\\/\\\/www.textilegence.com\\\/wp-content\\\/uploads\\\/2018\\\/12\\\/engin-buz.jpg\",\"caption\":\"Engin Buz\"},\"description\":\"Engin Buz, Ankara \u00dcniversitesi \u0130leti\u015fim Fak\u00fcltesi Gazetecilik B\u00f6l\u00fcm\u00fc\u2019nden mezun olduktan sonra Y\u0131ld\u0131z Teknik \u00dcniversitesi\u2019nde Siyaset Bilimi ve Uluslararas\u0131 \u0130li\u015fkiler alan\u0131nda y\u00fcksek lisans\u0131n\u0131 tamamlam\u0131\u015ft\u0131r. 2000 y\u0131l\u0131ndan sonra \u00e7e\u015fitli yay\u0131nc\u0131l\u0131k \u015firketlerinde \u00e7al\u0131\u015fmaya ba\u015flayarak k\u00fclt\u00fcr-sanat ve daha sonra ekonomi haberleri haz\u0131rlam\u0131\u015ft\u0131r. 2009 y\u0131l\u0131ndan itibaren tekstil end\u00fcstrisine d\u00f6n\u00fck yay\u0131nlarda edit\u00f6r olarak g\u00f6rev alan Buz, 2013 itibariyle kurulan Textilegence\u2019de haber edit\u00f6r\u00fc olarak yer almaya ba\u015flam\u0131\u015ft\u0131r. Engin Buz halen ba\u015fta tekstil ve dijital bask\u0131 end\u00fcstrileri olmak \u00fczere ekonomi haberleri haz\u0131rlamaktad\u0131r.\",\"sameAs\":[\"https:\\\/\\\/www.textilegence.com\",\"https:\\\/\\\/www.facebook.com\\\/TextilegenceMagazine\",\"https:\\\/\\\/www.instagram.com\\\/textilegence\\\/\",\"https:\\\/\\\/www.linkedin.com\\\/in\\\/engin-buz-6190799a\\\/\",\"https:\\\/\\\/x.com\\\/https:\\\/\\\/twitter.com\\\/textilegence\"],\"url\":\"https:\\\/\\\/www.textilegence.com\\\/en\\\/author\\\/engin-buz\\\/\"}]}<\/script>\n<!-- \/ Yoast SEO Premium plugin. -->","yoast_head_json":{"title":"Ismail Gulle is the New President of Exporters - Textilegence","description":"Ismail Gulle has become the new president of Turkish Exporters Assembly after receiving 149 of 398 delegate\u2019s vote. G\u00fclle took over from Mehmet B\u00fcy\u00fckek\u015fi.","robots":{"index":"index","follow":"follow","max-snippet":"max-snippet:-1","max-image-preview":"max-image-preview:large","max-video-preview":"max-video-preview:-1"},"canonical":"https:\/\/www.textilegence.com\/en\/ismail-gulle-new-president\/","og_locale":"en_US","og_type":"article","og_title":"Ismail Gulle is the New President of Exporters","og_description":"Ismail Gulle has become the new president of Turkish Exporters Assembly after receiving 149 of 398 delegate\u2019s vote. G\u00fclle took over from Mehmet B\u00fcy\u00fckek\u015fi","og_url":"https:\/\/www.textilegence.com\/en\/ismail-gulle-new-president\/","og_site_name":"Textilegence Magazine and Digital Platform","article_publisher":"https:\/\/www.facebook.com\/TextilegenceMagazine","article_author":"https:\/\/www.facebook.com\/TextilegenceMagazine","article_published_time":"2018-07-05T10:25:16+00:00","article_modified_time":"2018-07-16T10:32:36+00:00","og_image":[{"width":742,"height":486,"url":"https:\/\/www.textilegence.com\/wp-content\/uploads\/2018\/07\/tim-ba\u015fkan\u0131-ismail-gulle.jpg","type":"image\/jpeg"}],"author":"Engin Buz","twitter_card":"summary_large_image","twitter_creator":"@https:\/\/twitter.com\/textilegence","twitter_site":"@textilegence","twitter_misc":{"Written by":"Engin Buz","Est. reading time":"3 minutes"},"schema":{"@context":"https:\/\/schema.org","@graph":[{"@type":"NewsArticle","@id":"https:\/\/www.textilegence.com\/en\/ismail-gulle-new-president\/#article","isPartOf":{"@id":"https:\/\/www.textilegence.com\/en\/ismail-gulle-new-president\/"},"author":{"name":"Engin Buz","@id":"https:\/\/www.textilegence.com\/en\/#\/schema\/person\/46ccc7bfc34edbc7d46b6b189f88849f"},"headline":"Ismail Gulle is the New President of Exporters","datePublished":"2018-07-05T10:25:16+00:00","dateModified":"2018-07-16T10:32:36+00:00","mainEntityOfPage":{"@id":"https:\/\/www.textilegence.com\/en\/ismail-gulle-new-president\/"},"wordCount":527,"commentCount":0,"publisher":{"@id":"https:\/\/www.textilegence.com\/en\/#organization"},"image":{"@id":"https:\/\/www.textilegence.com\/en\/ismail-gulle-new-president\/#primaryimage"},"thumbnailUrl":"https:\/\/www.textilegence.com\/wp-content\/uploads\/2018\/07\/tim-ba\u015fkan\u0131-ismail-gulle.jpg","keywords":["\u0130smail G\u00fclle","Mehmet B\u00fcy\u00fckek\u015fi","tim"],"articleSection":["Topical"],"inLanguage":"en-US","potentialAction":[{"@type":"CommentAction","name":"Comment","target":["https:\/\/www.textilegence.com\/en\/ismail-gulle-new-president\/#respond"]}]},{"@type":"WebPage","@id":"https:\/\/www.textilegence.com\/en\/ismail-gulle-new-president\/","url":"https:\/\/www.textilegence.com\/en\/ismail-gulle-new-president\/","name":"Ismail Gulle is the New President of Exporters - Textilegence","isPartOf":{"@id":"https:\/\/www.textilegence.com\/en\/#website"},"primaryImageOfPage":{"@id":"https:\/\/www.textilegence.com\/en\/ismail-gulle-new-president\/#primaryimage"},"image":{"@id":"https:\/\/www.textilegence.com\/en\/ismail-gulle-new-president\/#primaryimage"},"thumbnailUrl":"https:\/\/www.textilegence.com\/wp-content\/uploads\/2018\/07\/tim-ba\u015fkan\u0131-ismail-gulle.jpg","datePublished":"2018-07-05T10:25:16+00:00","dateModified":"2018-07-16T10:32:36+00:00","description":"Ismail Gulle has become the new president of Turkish Exporters Assembly after receiving 149 of 398 delegate\u2019s vote. G\u00fclle took over from Mehmet B\u00fcy\u00fckek\u015fi.","breadcrumb":{"@id":"https:\/\/www.textilegence.com\/en\/ismail-gulle-new-president\/#breadcrumb"},"inLanguage":"en-US","potentialAction":[{"@type":"ReadAction","target":["https:\/\/www.textilegence.com\/en\/ismail-gulle-new-president\/"]}]},{"@type":"ImageObject","inLanguage":"en-US","@id":"https:\/\/www.textilegence.com\/en\/ismail-gulle-new-president\/#primaryimage","url":"https:\/\/www.textilegence.com\/wp-content\/uploads\/2018\/07\/tim-ba\u015fkan\u0131-ismail-gulle.jpg","contentUrl":"https:\/\/www.textilegence.com\/wp-content\/uploads\/2018\/07\/tim-ba\u015fkan\u0131-ismail-gulle.jpg","width":742,"height":486},{"@type":"BreadcrumbList","@id":"https:\/\/www.textilegence.com\/en\/ismail-gulle-new-president\/#breadcrumb","itemListElement":[{"@type":"ListItem","position":1,"name":"Home Page","item":"https:\/\/www.textilegence.com\/en\/homepage-the-rimont\/"},{"@type":"ListItem","position":2,"name":"Topical","item":"https:\/\/www.textilegence.com\/en\/category\/topical\/"},{"@type":"ListItem","position":3,"name":"Ismail Gulle is the New President of Exporters"}]},{"@type":"WebSite","@id":"https:\/\/www.textilegence.com\/en\/#website","url":"https:\/\/www.textilegence.com\/en\/","name":"Textilegence Magazine and Digital Platform","description":"Textile News Center","publisher":{"@id":"https:\/\/www.textilegence.com\/en\/#organization"},"potentialAction":[{"@type":"SearchAction","target":{"@type":"EntryPoint","urlTemplate":"https:\/\/www.textilegence.com\/en\/?s={search_term_string}"},"query-input":{"@type":"PropertyValueSpecification","valueRequired":true,"valueName":"search_term_string"}}],"inLanguage":"en-US"},{"@type":"Organization","@id":"https:\/\/www.textilegence.com\/en\/#organization","name":"Textilegence Magazine and Digital Platform","url":"https:\/\/www.textilegence.com\/en\/","logo":{"@type":"ImageObject","inLanguage":"en-US","@id":"https:\/\/www.textilegence.com\/en\/#\/schema\/logo\/image\/","url":"https:\/\/www.textilegence.com\/wp-content\/uploads\/2016\/11\/New_Retina_Logo_Textilegence.png","contentUrl":"https:\/\/www.textilegence.com\/wp-content\/uploads\/2016\/11\/New_Retina_Logo_Textilegence.png","width":544,"height":180,"caption":"Textilegence Magazine and Digital Platform"},"image":{"@id":"https:\/\/www.textilegence.com\/en\/#\/schema\/logo\/image\/"},"sameAs":["https:\/\/www.facebook.com\/TextilegenceMagazine","https:\/\/x.com\/textilegence","https:\/\/www.instagram.com\/textilegence\/","https:\/\/www.linkedin.com\/groups\/Textilegence-Magazine-Digital-Platform-4897253","https:\/\/www.youtube.com\/user\/textilegence"],"description":"Textilegence is a magazine and digital platform established in 2013. It focuses on the textile industry and sub-segments. The platform provides news, articles, and updates on various aspects of the textile industry, including sustainability, technological advancements, and market trends.","email":"editor@textilegence.com","telephone":"+90 212 442 24 12","legalName":"Textilegence Mag and Digital Platform","foundingDate":"2013-01-01","numberOfEmployees":{"@type":"QuantitativeValue","minValue":"1","maxValue":"10"}},{"@type":"Person","@id":"https:\/\/www.textilegence.com\/en\/#\/schema\/person\/46ccc7bfc34edbc7d46b6b189f88849f","name":"Engin Buz","image":{"@type":"ImageObject","inLanguage":"en-US","@id":"https:\/\/www.textilegence.com\/wp-content\/uploads\/2018\/12\/engin-buz.jpg","url":"https:\/\/www.textilegence.com\/wp-content\/uploads\/2018\/12\/engin-buz.jpg","contentUrl":"https:\/\/www.textilegence.com\/wp-content\/uploads\/2018\/12\/engin-buz.jpg","caption":"Engin Buz"},"description":"Engin Buz, Ankara \u00dcniversitesi \u0130leti\u015fim Fak\u00fcltesi Gazetecilik B\u00f6l\u00fcm\u00fc\u2019nden mezun olduktan sonra Y\u0131ld\u0131z Teknik \u00dcniversitesi\u2019nde Siyaset Bilimi ve Uluslararas\u0131 \u0130li\u015fkiler alan\u0131nda y\u00fcksek lisans\u0131n\u0131 tamamlam\u0131\u015ft\u0131r. 2000 y\u0131l\u0131ndan sonra \u00e7e\u015fitli yay\u0131nc\u0131l\u0131k \u015firketlerinde \u00e7al\u0131\u015fmaya ba\u015flayarak k\u00fclt\u00fcr-sanat ve daha sonra ekonomi haberleri haz\u0131rlam\u0131\u015ft\u0131r. 2009 y\u0131l\u0131ndan itibaren tekstil end\u00fcstrisine d\u00f6n\u00fck yay\u0131nlarda edit\u00f6r olarak g\u00f6rev alan Buz, 2013 itibariyle kurulan Textilegence\u2019de haber edit\u00f6r\u00fc olarak yer almaya ba\u015flam\u0131\u015ft\u0131r. Engin Buz halen ba\u015fta tekstil ve dijital bask\u0131 end\u00fcstrileri olmak \u00fczere ekonomi haberleri haz\u0131rlamaktad\u0131r.","sameAs":["https:\/\/www.textilegence.com","https:\/\/www.facebook.com\/TextilegenceMagazine","https:\/\/www.instagram.com\/textilegence\/","https:\/\/www.linkedin.com\/in\/engin-buz-6190799a\/","https:\/\/x.com\/https:\/\/twitter.com\/textilegence"],"url":"https:\/\/www.textilegence.com\/en\/author\/engin-buz\/"}]}},"_links":{"self":[{"href":"https:\/\/www.textilegence.com\/en\/wp-json\/wp\/v2\/posts\/25602","targetHints":{"allow":["GET"]}}],"collection":[{"href":"https:\/\/www.textilegence.com\/en\/wp-json\/wp\/v2\/posts"}],"about":[{"href":"https:\/\/www.textilegence.com\/en\/wp-json\/wp\/v2\/types\/post"}],"author":[{"embeddable":true,"href":"https:\/\/www.textilegence.com\/en\/wp-json\/wp\/v2\/users\/2"}],"replies":[{"embeddable":true,"href":"https:\/\/www.textilegence.com\/en\/wp-json\/wp\/v2\/comments?post=25602"}],"version-history":[{"count":0,"href":"https:\/\/www.textilegence.com\/en\/wp-json\/wp\/v2\/posts\/25602\/revisions"}],"wp:featuredmedia":[{"embeddable":true,"href":"https:\/\/www.textilegence.com\/en\/wp-json\/wp\/v2\/media\/25598"}],"wp:attachment":[{"href":"https:\/\/www.textilegence.com\/en\/wp-json\/wp\/v2\/media?parent=25602"}],"wp:term":[{"taxonomy":"category","embeddable":true,"href":"https:\/\/www.textilegence.com\/en\/wp-json\/wp\/v2\/categories?post=25602"},{"taxonomy":"post_tag","embeddable":true,"href":"https:\/\/www.textilegence.com\/en\/wp-json\/wp\/v2\/tags?post=25602"}],"curies":[{"name":"wp","href":"https:\/\/api.w.org\/{rel}","templated":true}]}}