{"id":25626,"date":"2018-07-17T09:31:38","date_gmt":"2018-07-17T06:31:38","guid":{"rendered":"http:\/\/www.textilegence.com\/?p=25626"},"modified":"2018-07-17T09:32:06","modified_gmt":"2018-07-17T06:32:06","slug":"groz-beckert-at-febratex-2018","status":"publish","type":"post","link":"https:\/\/www.textilegence.com\/en\/groz-beckert-at-febratex-2018\/","title":{"rendered":"Groz-Beckert Presents Its Product Range at Febratex 2018"},"content":{"rendered":"<figure id=\"attachment_25622\" aria-describedby=\"caption-attachment-25622\" style=\"width: 324px\" class=\"wp-caption alignleft\"><img loading=\"lazy\" decoding=\"async\" class=\"wp-image-25622 size-full\" src=\"https:\/\/www.textilegence.com\/wp-content\/uploads\/2018\/07\/groz-beckert-febratex-detail.jpg\" alt=\"Groz-Beckert Presents Its Product Range at Febratex 2018\" width=\"324\" height=\"179\" \/><figcaption id=\"caption-attachment-25622\" class=\"wp-caption-text\">Groz-Beckert Presents Its Product Range at Febratex 2018<\/figcaption><\/figure>\n<p style=\"text-align: justify;\">From 21 to 24 August 2018, visitors and companies at the 16th Febratex in Blumenau, Brazil, will find everything relating to equipment, accessories, consumables and raw materials from all areas of the <a href=\"https:\/\/www.groz-beckert.com\/\" target=\"_blank\" rel=\"nofollow noopener\">textile<\/a> industry. Groz-Beckert will also be represented there with its products and services from the fields of Knitting, Weaving and Sewing with a booth in Sector 2, Booth 58\u201361.<\/p>\n<p style=\"text-align: justify;\">At Febratex, the Knitting division will be presenting its <a href=\"https:\/\/www.textilegence.com\/en\/groz-beckert-achieved\/\" target=\"_blank\" rel=\"noopener\">product<\/a> portfolio for circular knitting, flat knitting, legwear and warp knitting technologies. The focus will be on presenting system solutions to meet the increasing requirements with regard to wear and demanding textiles, as well as solutions for customer-specific requirements. The smooth interaction of the individual components can be observed in the &#8220;glass&#8221; knitting machines, which provide a unique insight into the interaction between the needles and system parts.<\/p>\n<p style=\"text-align: justify;\">For the first time at Febratex, this year Groz-Beckert will be presenting the new legwear exhibit. The acrylic exhibit displays various knitting technologies from the fields of socks and hosiery in different gauges, presenting a wide range of Groz-Beckert products in action with needles and system components for up to 10 different models.<\/p>\n<p style=\"text-align: justify;\">The product areas of circular knitting and flat knitting also present transparent knitting machines; complementing the presentation of Groz-Beckert&#8217;s broad range of products in a vivid and unique way. Each of the three acrylic glass machines has individually removable elements for detailed viewing. One particular highlight from the product range is the further development of the litespeed\u00ae needle \u2013 the litespeed\u00ae plus. The optimized needle geometry reduces the machine temperature and results in significant energy savings in the knitting process.<\/p>\n<h1 style=\"text-align: justify;\"><strong>KnotMaster AS\/3 is at Febratex 2018<\/strong><\/h1>\n<p style=\"text-align: justify;\">In the Weaving product area, Groz-Beckert will be presenting the quick and universal tying machine KnotMaster AS\/3 at Febratex. The high-performance tying machine impresses with its service and maintenance-friendly design. Modern touchscreen controls, make the handling transparent and clear. With four lease types, as well as single knots, automatic repeat, double thread and thread breakage monitoring; the AS\/3 offers a wide range of features and covers a large number of applications. The tying machine also has an extensive range of yarns; In addition to cotton and wool, synthetic, mixed and elastic yarns can also be processed.<\/p>\n<p style=\"text-align: justify;\">In the field of Sewing, Groz-Beckert will be focusing on Smart INH. Since 2016, the company has been offering the quality management system INH (Ideal Needle Handling); a patented process for problem-free and time-saving handling of broken and damaged sewing machine needles. With Smart INH, the latest component of the quality management system; Groz-Beckert is now enabling the digital documentation of all needle breakages and all other needle changes. Users are supported by the specially developed &#8220;INH@site&#8221; app and the &#8220;INH@office&#8221; management program. While INH@site can be used to photograph broken needles and document them as a digital image data set; INH@office offers the option of completing these data sets, managing them and running various assessments. This removes the need for physical documentation and storage of the broken needles; paving the way for immediate and environmentally-friendly disposal.<\/p>\n","protected":false},"excerpt":{"rendered":"<p>From 21 to 24 August 2018, visitors and companies at the 16th Febratex in Blumenau, Brazil, will find everything relating to equipment, accessories, consumables and raw materials from all areas of the textile industry. Groz-Beckert will also be represented there with its products and services from the fields of Knitting, Weaving and Sewing with a [&hellip;]<\/p>\n","protected":false},"author":2,"featured_media":25620,"comment_status":"open","ping_status":"closed","sticky":false,"template":"","format":"standard","meta":{"footnotes":""},"categories":[9856],"tags":[10401,491,10287,10227],"class_list":{"0":"post-25626","1":"post","2":"type-post","3":"status-publish","4":"format-standard","5":"has-post-thumbnail","7":"category-weaving","8":"tag-febratex","9":"tag-groz-beckert","10":"tag-knitting","11":"tag-weaving"},"yoast_head":"<!-- This site is optimized with the Yoast SEO Premium plugin v27.3 (Yoast SEO v27.3) - https:\/\/yoast.com\/product\/yoast-seo-premium-wordpress\/ -->\n<title>Groz-Beckert Presents Its Product Range at Febratex 2018 - Textilegence<\/title>\n<meta name=\"description\" content=\"Groz-Beckert will also be represented there with its products and services from the fields of Knitting, Weaving and Sewing at Febratex\" \/>\n<meta name=\"robots\" content=\"index, follow, max-snippet:-1, max-image-preview:large, max-video-preview:-1\" \/>\n<link rel=\"canonical\" href=\"https:\/\/www.textilegence.com\/en\/groz-beckert-at-febratex-2018\/\" \/>\n<meta property=\"og:locale\" content=\"en_US\" \/>\n<meta property=\"og:type\" content=\"article\" \/>\n<meta property=\"og:title\" content=\"Groz-Beckert Presents Its Product Range at Febratex 2018\" \/>\n<meta property=\"og:description\" content=\"From 21 to 24 August 2018, visitors and companies at the 16th Febratex in Blumenau, Brazil, will find everything relating to equipment, accessories,\" \/>\n<meta property=\"og:url\" content=\"https:\/\/www.textilegence.com\/en\/groz-beckert-at-febratex-2018\/\" \/>\n<meta property=\"og:site_name\" content=\"Textilegence Magazine and Digital Platform\" \/>\n<meta property=\"article:publisher\" content=\"https:\/\/www.facebook.com\/TextilegenceMagazine\" \/>\n<meta property=\"article:author\" content=\"https:\/\/www.facebook.com\/TextilegenceMagazine\" \/>\n<meta property=\"article:published_time\" content=\"2018-07-17T06:31:38+00:00\" \/>\n<meta property=\"article:modified_time\" content=\"2018-07-17T06:32:06+00:00\" \/>\n<meta property=\"og:image\" content=\"https:\/\/www.textilegence.com\/wp-content\/uploads\/2018\/07\/groz-beckert-febratex-textilegence.jpg\" \/>\n\t<meta property=\"og:image:width\" content=\"742\" \/>\n\t<meta property=\"og:image:height\" content=\"486\" \/>\n\t<meta property=\"og:image:type\" content=\"image\/jpeg\" \/>\n<meta name=\"author\" content=\"Engin Buz\" \/>\n<meta name=\"twitter:card\" content=\"summary_large_image\" \/>\n<meta name=\"twitter:creator\" content=\"@https:\/\/twitter.com\/textilegence\" \/>\n<meta name=\"twitter:site\" content=\"@textilegence\" \/>\n<meta name=\"twitter:label1\" content=\"Written by\" \/>\n\t<meta name=\"twitter:data1\" content=\"Engin Buz\" \/>\n\t<meta name=\"twitter:label2\" content=\"Est. reading time\" \/>\n\t<meta name=\"twitter:data2\" content=\"3 minutes\" \/>\n<script type=\"application\/ld+json\" class=\"yoast-schema-graph\">{\"@context\":\"https:\\\/\\\/schema.org\",\"@graph\":[{\"@type\":\"NewsArticle\",\"@id\":\"https:\\\/\\\/www.textilegence.com\\\/en\\\/groz-beckert-at-febratex-2018\\\/#article\",\"isPartOf\":{\"@id\":\"https:\\\/\\\/www.textilegence.com\\\/en\\\/groz-beckert-at-febratex-2018\\\/\"},\"author\":{\"name\":\"Engin Buz\",\"@id\":\"https:\\\/\\\/www.textilegence.com\\\/en\\\/#\\\/schema\\\/person\\\/46ccc7bfc34edbc7d46b6b189f88849f\"},\"headline\":\"Groz-Beckert Presents Its Product Range at Febratex 2018\",\"datePublished\":\"2018-07-17T06:31:38+00:00\",\"dateModified\":\"2018-07-17T06:32:06+00:00\",\"mainEntityOfPage\":{\"@id\":\"https:\\\/\\\/www.textilegence.com\\\/en\\\/groz-beckert-at-febratex-2018\\\/\"},\"wordCount\":527,\"commentCount\":0,\"publisher\":{\"@id\":\"https:\\\/\\\/www.textilegence.com\\\/en\\\/#organization\"},\"image\":{\"@id\":\"https:\\\/\\\/www.textilegence.com\\\/en\\\/groz-beckert-at-febratex-2018\\\/#primaryimage\"},\"thumbnailUrl\":\"https:\\\/\\\/www.textilegence.com\\\/wp-content\\\/uploads\\\/2018\\\/07\\\/groz-beckert-febratex-textilegence.jpg\",\"keywords\":[\"Febratex\",\"groz-beckert\",\"knitting\",\"weaving\"],\"articleSection\":[\"Weaving\"],\"inLanguage\":\"en-US\",\"potentialAction\":[{\"@type\":\"CommentAction\",\"name\":\"Comment\",\"target\":[\"https:\\\/\\\/www.textilegence.com\\\/en\\\/groz-beckert-at-febratex-2018\\\/#respond\"]}]},{\"@type\":\"WebPage\",\"@id\":\"https:\\\/\\\/www.textilegence.com\\\/en\\\/groz-beckert-at-febratex-2018\\\/\",\"url\":\"https:\\\/\\\/www.textilegence.com\\\/en\\\/groz-beckert-at-febratex-2018\\\/\",\"name\":\"Groz-Beckert Presents Its Product Range at Febratex 2018 - Textilegence\",\"isPartOf\":{\"@id\":\"https:\\\/\\\/www.textilegence.com\\\/en\\\/#website\"},\"primaryImageOfPage\":{\"@id\":\"https:\\\/\\\/www.textilegence.com\\\/en\\\/groz-beckert-at-febratex-2018\\\/#primaryimage\"},\"image\":{\"@id\":\"https:\\\/\\\/www.textilegence.com\\\/en\\\/groz-beckert-at-febratex-2018\\\/#primaryimage\"},\"thumbnailUrl\":\"https:\\\/\\\/www.textilegence.com\\\/wp-content\\\/uploads\\\/2018\\\/07\\\/groz-beckert-febratex-textilegence.jpg\",\"datePublished\":\"2018-07-17T06:31:38+00:00\",\"dateModified\":\"2018-07-17T06:32:06+00:00\",\"description\":\"Groz-Beckert will also be represented there with its products and services from the fields of Knitting, Weaving and Sewing at Febratex\",\"breadcrumb\":{\"@id\":\"https:\\\/\\\/www.textilegence.com\\\/en\\\/groz-beckert-at-febratex-2018\\\/#breadcrumb\"},\"inLanguage\":\"en-US\",\"potentialAction\":[{\"@type\":\"ReadAction\",\"target\":[\"https:\\\/\\\/www.textilegence.com\\\/en\\\/groz-beckert-at-febratex-2018\\\/\"]}]},{\"@type\":\"ImageObject\",\"inLanguage\":\"en-US\",\"@id\":\"https:\\\/\\\/www.textilegence.com\\\/en\\\/groz-beckert-at-febratex-2018\\\/#primaryimage\",\"url\":\"https:\\\/\\\/www.textilegence.com\\\/wp-content\\\/uploads\\\/2018\\\/07\\\/groz-beckert-febratex-textilegence.jpg\",\"contentUrl\":\"https:\\\/\\\/www.textilegence.com\\\/wp-content\\\/uploads\\\/2018\\\/07\\\/groz-beckert-febratex-textilegence.jpg\",\"width\":742,\"height\":486},{\"@type\":\"BreadcrumbList\",\"@id\":\"https:\\\/\\\/www.textilegence.com\\\/en\\\/groz-beckert-at-febratex-2018\\\/#breadcrumb\",\"itemListElement\":[{\"@type\":\"ListItem\",\"position\":1,\"name\":\"Home Page\",\"item\":\"https:\\\/\\\/www.textilegence.com\\\/en\\\/homepage-the-rimont\\\/\"},{\"@type\":\"ListItem\",\"position\":2,\"name\":\"Weaving\",\"item\":\"https:\\\/\\\/www.textilegence.com\\\/en\\\/category\\\/weaving\\\/\"},{\"@type\":\"ListItem\",\"position\":3,\"name\":\"Groz-Beckert Presents Its Product Range at Febratex 2018\"}]},{\"@type\":\"WebSite\",\"@id\":\"https:\\\/\\\/www.textilegence.com\\\/en\\\/#website\",\"url\":\"https:\\\/\\\/www.textilegence.com\\\/en\\\/\",\"name\":\"Textilegence Magazine and Digital Platform\",\"description\":\"Textile News Center\",\"publisher\":{\"@id\":\"https:\\\/\\\/www.textilegence.com\\\/en\\\/#organization\"},\"potentialAction\":[{\"@type\":\"SearchAction\",\"target\":{\"@type\":\"EntryPoint\",\"urlTemplate\":\"https:\\\/\\\/www.textilegence.com\\\/en\\\/?s={search_term_string}\"},\"query-input\":{\"@type\":\"PropertyValueSpecification\",\"valueRequired\":true,\"valueName\":\"search_term_string\"}}],\"inLanguage\":\"en-US\"},{\"@type\":\"Organization\",\"@id\":\"https:\\\/\\\/www.textilegence.com\\\/en\\\/#organization\",\"name\":\"Textilegence Magazine and Digital Platform\",\"url\":\"https:\\\/\\\/www.textilegence.com\\\/en\\\/\",\"logo\":{\"@type\":\"ImageObject\",\"inLanguage\":\"en-US\",\"@id\":\"https:\\\/\\\/www.textilegence.com\\\/en\\\/#\\\/schema\\\/logo\\\/image\\\/\",\"url\":\"https:\\\/\\\/www.textilegence.com\\\/wp-content\\\/uploads\\\/2016\\\/11\\\/New_Retina_Logo_Textilegence.png\",\"contentUrl\":\"https:\\\/\\\/www.textilegence.com\\\/wp-content\\\/uploads\\\/2016\\\/11\\\/New_Retina_Logo_Textilegence.png\",\"width\":544,\"height\":180,\"caption\":\"Textilegence Magazine and Digital Platform\"},\"image\":{\"@id\":\"https:\\\/\\\/www.textilegence.com\\\/en\\\/#\\\/schema\\\/logo\\\/image\\\/\"},\"sameAs\":[\"https:\\\/\\\/www.facebook.com\\\/TextilegenceMagazine\",\"https:\\\/\\\/x.com\\\/textilegence\",\"https:\\\/\\\/www.instagram.com\\\/textilegence\\\/\",\"https:\\\/\\\/www.linkedin.com\\\/groups\\\/Textilegence-Magazine-Digital-Platform-4897253\",\"https:\\\/\\\/www.youtube.com\\\/user\\\/textilegence\"],\"description\":\"Textilegence is a magazine and digital platform established in 2013. It focuses on the textile industry and sub-segments. The platform provides news, articles, and updates on various aspects of the textile industry, including sustainability, technological advancements, and market trends.\",\"email\":\"editor@textilegence.com\",\"telephone\":\"+90 212 442 24 12\",\"legalName\":\"Textilegence Mag and Digital Platform\",\"foundingDate\":\"2013-01-01\",\"numberOfEmployees\":{\"@type\":\"QuantitativeValue\",\"minValue\":\"1\",\"maxValue\":\"10\"}},{\"@type\":\"Person\",\"@id\":\"https:\\\/\\\/www.textilegence.com\\\/en\\\/#\\\/schema\\\/person\\\/46ccc7bfc34edbc7d46b6b189f88849f\",\"name\":\"Engin Buz\",\"image\":{\"@type\":\"ImageObject\",\"inLanguage\":\"en-US\",\"@id\":\"https:\\\/\\\/www.textilegence.com\\\/wp-content\\\/uploads\\\/2018\\\/12\\\/engin-buz.jpg\",\"url\":\"https:\\\/\\\/www.textilegence.com\\\/wp-content\\\/uploads\\\/2018\\\/12\\\/engin-buz.jpg\",\"contentUrl\":\"https:\\\/\\\/www.textilegence.com\\\/wp-content\\\/uploads\\\/2018\\\/12\\\/engin-buz.jpg\",\"caption\":\"Engin Buz\"},\"description\":\"Engin Buz, Ankara \u00dcniversitesi \u0130leti\u015fim Fak\u00fcltesi Gazetecilik B\u00f6l\u00fcm\u00fc\u2019nden mezun olduktan sonra Y\u0131ld\u0131z Teknik \u00dcniversitesi\u2019nde Siyaset Bilimi ve Uluslararas\u0131 \u0130li\u015fkiler alan\u0131nda y\u00fcksek lisans\u0131n\u0131 tamamlam\u0131\u015ft\u0131r. 2000 y\u0131l\u0131ndan sonra \u00e7e\u015fitli yay\u0131nc\u0131l\u0131k \u015firketlerinde \u00e7al\u0131\u015fmaya ba\u015flayarak k\u00fclt\u00fcr-sanat ve daha sonra ekonomi haberleri haz\u0131rlam\u0131\u015ft\u0131r. 2009 y\u0131l\u0131ndan itibaren tekstil end\u00fcstrisine d\u00f6n\u00fck yay\u0131nlarda edit\u00f6r olarak g\u00f6rev alan Buz, 2013 itibariyle kurulan Textilegence\u2019de haber edit\u00f6r\u00fc olarak yer almaya ba\u015flam\u0131\u015ft\u0131r. Engin Buz halen ba\u015fta tekstil ve dijital bask\u0131 end\u00fcstrileri olmak \u00fczere ekonomi haberleri haz\u0131rlamaktad\u0131r.\",\"sameAs\":[\"https:\\\/\\\/www.textilegence.com\",\"https:\\\/\\\/www.facebook.com\\\/TextilegenceMagazine\",\"https:\\\/\\\/www.instagram.com\\\/textilegence\\\/\",\"https:\\\/\\\/www.linkedin.com\\\/in\\\/engin-buz-6190799a\\\/\",\"https:\\\/\\\/x.com\\\/https:\\\/\\\/twitter.com\\\/textilegence\"],\"url\":\"https:\\\/\\\/www.textilegence.com\\\/en\\\/author\\\/engin-buz\\\/\"}]}<\/script>\n<!-- \/ Yoast SEO Premium plugin. -->","yoast_head_json":{"title":"Groz-Beckert Presents Its Product Range at Febratex 2018 - Textilegence","description":"Groz-Beckert will also be represented there with its products and services from the fields of Knitting, Weaving and Sewing at Febratex","robots":{"index":"index","follow":"follow","max-snippet":"max-snippet:-1","max-image-preview":"max-image-preview:large","max-video-preview":"max-video-preview:-1"},"canonical":"https:\/\/www.textilegence.com\/en\/groz-beckert-at-febratex-2018\/","og_locale":"en_US","og_type":"article","og_title":"Groz-Beckert Presents Its Product Range at Febratex 2018","og_description":"From 21 to 24 August 2018, visitors and companies at the 16th Febratex in Blumenau, Brazil, will find everything relating to equipment, accessories,","og_url":"https:\/\/www.textilegence.com\/en\/groz-beckert-at-febratex-2018\/","og_site_name":"Textilegence Magazine and Digital Platform","article_publisher":"https:\/\/www.facebook.com\/TextilegenceMagazine","article_author":"https:\/\/www.facebook.com\/TextilegenceMagazine","article_published_time":"2018-07-17T06:31:38+00:00","article_modified_time":"2018-07-17T06:32:06+00:00","og_image":[{"width":742,"height":486,"url":"https:\/\/www.textilegence.com\/wp-content\/uploads\/2018\/07\/groz-beckert-febratex-textilegence.jpg","type":"image\/jpeg"}],"author":"Engin Buz","twitter_card":"summary_large_image","twitter_creator":"@https:\/\/twitter.com\/textilegence","twitter_site":"@textilegence","twitter_misc":{"Written by":"Engin Buz","Est. reading time":"3 minutes"},"schema":{"@context":"https:\/\/schema.org","@graph":[{"@type":"NewsArticle","@id":"https:\/\/www.textilegence.com\/en\/groz-beckert-at-febratex-2018\/#article","isPartOf":{"@id":"https:\/\/www.textilegence.com\/en\/groz-beckert-at-febratex-2018\/"},"author":{"name":"Engin Buz","@id":"https:\/\/www.textilegence.com\/en\/#\/schema\/person\/46ccc7bfc34edbc7d46b6b189f88849f"},"headline":"Groz-Beckert Presents Its Product Range at Febratex 2018","datePublished":"2018-07-17T06:31:38+00:00","dateModified":"2018-07-17T06:32:06+00:00","mainEntityOfPage":{"@id":"https:\/\/www.textilegence.com\/en\/groz-beckert-at-febratex-2018\/"},"wordCount":527,"commentCount":0,"publisher":{"@id":"https:\/\/www.textilegence.com\/en\/#organization"},"image":{"@id":"https:\/\/www.textilegence.com\/en\/groz-beckert-at-febratex-2018\/#primaryimage"},"thumbnailUrl":"https:\/\/www.textilegence.com\/wp-content\/uploads\/2018\/07\/groz-beckert-febratex-textilegence.jpg","keywords":["Febratex","groz-beckert","knitting","weaving"],"articleSection":["Weaving"],"inLanguage":"en-US","potentialAction":[{"@type":"CommentAction","name":"Comment","target":["https:\/\/www.textilegence.com\/en\/groz-beckert-at-febratex-2018\/#respond"]}]},{"@type":"WebPage","@id":"https:\/\/www.textilegence.com\/en\/groz-beckert-at-febratex-2018\/","url":"https:\/\/www.textilegence.com\/en\/groz-beckert-at-febratex-2018\/","name":"Groz-Beckert Presents Its Product Range at Febratex 2018 - Textilegence","isPartOf":{"@id":"https:\/\/www.textilegence.com\/en\/#website"},"primaryImageOfPage":{"@id":"https:\/\/www.textilegence.com\/en\/groz-beckert-at-febratex-2018\/#primaryimage"},"image":{"@id":"https:\/\/www.textilegence.com\/en\/groz-beckert-at-febratex-2018\/#primaryimage"},"thumbnailUrl":"https:\/\/www.textilegence.com\/wp-content\/uploads\/2018\/07\/groz-beckert-febratex-textilegence.jpg","datePublished":"2018-07-17T06:31:38+00:00","dateModified":"2018-07-17T06:32:06+00:00","description":"Groz-Beckert will also be represented there with its products and services from the fields of Knitting, Weaving and Sewing at Febratex","breadcrumb":{"@id":"https:\/\/www.textilegence.com\/en\/groz-beckert-at-febratex-2018\/#breadcrumb"},"inLanguage":"en-US","potentialAction":[{"@type":"ReadAction","target":["https:\/\/www.textilegence.com\/en\/groz-beckert-at-febratex-2018\/"]}]},{"@type":"ImageObject","inLanguage":"en-US","@id":"https:\/\/www.textilegence.com\/en\/groz-beckert-at-febratex-2018\/#primaryimage","url":"https:\/\/www.textilegence.com\/wp-content\/uploads\/2018\/07\/groz-beckert-febratex-textilegence.jpg","contentUrl":"https:\/\/www.textilegence.com\/wp-content\/uploads\/2018\/07\/groz-beckert-febratex-textilegence.jpg","width":742,"height":486},{"@type":"BreadcrumbList","@id":"https:\/\/www.textilegence.com\/en\/groz-beckert-at-febratex-2018\/#breadcrumb","itemListElement":[{"@type":"ListItem","position":1,"name":"Home Page","item":"https:\/\/www.textilegence.com\/en\/homepage-the-rimont\/"},{"@type":"ListItem","position":2,"name":"Weaving","item":"https:\/\/www.textilegence.com\/en\/category\/weaving\/"},{"@type":"ListItem","position":3,"name":"Groz-Beckert Presents Its Product Range at Febratex 2018"}]},{"@type":"WebSite","@id":"https:\/\/www.textilegence.com\/en\/#website","url":"https:\/\/www.textilegence.com\/en\/","name":"Textilegence Magazine and Digital Platform","description":"Textile News Center","publisher":{"@id":"https:\/\/www.textilegence.com\/en\/#organization"},"potentialAction":[{"@type":"SearchAction","target":{"@type":"EntryPoint","urlTemplate":"https:\/\/www.textilegence.com\/en\/?s={search_term_string}"},"query-input":{"@type":"PropertyValueSpecification","valueRequired":true,"valueName":"search_term_string"}}],"inLanguage":"en-US"},{"@type":"Organization","@id":"https:\/\/www.textilegence.com\/en\/#organization","name":"Textilegence Magazine and Digital Platform","url":"https:\/\/www.textilegence.com\/en\/","logo":{"@type":"ImageObject","inLanguage":"en-US","@id":"https:\/\/www.textilegence.com\/en\/#\/schema\/logo\/image\/","url":"https:\/\/www.textilegence.com\/wp-content\/uploads\/2016\/11\/New_Retina_Logo_Textilegence.png","contentUrl":"https:\/\/www.textilegence.com\/wp-content\/uploads\/2016\/11\/New_Retina_Logo_Textilegence.png","width":544,"height":180,"caption":"Textilegence Magazine and Digital Platform"},"image":{"@id":"https:\/\/www.textilegence.com\/en\/#\/schema\/logo\/image\/"},"sameAs":["https:\/\/www.facebook.com\/TextilegenceMagazine","https:\/\/x.com\/textilegence","https:\/\/www.instagram.com\/textilegence\/","https:\/\/www.linkedin.com\/groups\/Textilegence-Magazine-Digital-Platform-4897253","https:\/\/www.youtube.com\/user\/textilegence"],"description":"Textilegence is a magazine and digital platform established in 2013. It focuses on the textile industry and sub-segments. The platform provides news, articles, and updates on various aspects of the textile industry, including sustainability, technological advancements, and market trends.","email":"editor@textilegence.com","telephone":"+90 212 442 24 12","legalName":"Textilegence Mag and Digital Platform","foundingDate":"2013-01-01","numberOfEmployees":{"@type":"QuantitativeValue","minValue":"1","maxValue":"10"}},{"@type":"Person","@id":"https:\/\/www.textilegence.com\/en\/#\/schema\/person\/46ccc7bfc34edbc7d46b6b189f88849f","name":"Engin Buz","image":{"@type":"ImageObject","inLanguage":"en-US","@id":"https:\/\/www.textilegence.com\/wp-content\/uploads\/2018\/12\/engin-buz.jpg","url":"https:\/\/www.textilegence.com\/wp-content\/uploads\/2018\/12\/engin-buz.jpg","contentUrl":"https:\/\/www.textilegence.com\/wp-content\/uploads\/2018\/12\/engin-buz.jpg","caption":"Engin Buz"},"description":"Engin Buz, Ankara \u00dcniversitesi \u0130leti\u015fim Fak\u00fcltesi Gazetecilik B\u00f6l\u00fcm\u00fc\u2019nden mezun olduktan sonra Y\u0131ld\u0131z Teknik \u00dcniversitesi\u2019nde Siyaset Bilimi ve Uluslararas\u0131 \u0130li\u015fkiler alan\u0131nda y\u00fcksek lisans\u0131n\u0131 tamamlam\u0131\u015ft\u0131r. 2000 y\u0131l\u0131ndan sonra \u00e7e\u015fitli yay\u0131nc\u0131l\u0131k \u015firketlerinde \u00e7al\u0131\u015fmaya ba\u015flayarak k\u00fclt\u00fcr-sanat ve daha sonra ekonomi haberleri haz\u0131rlam\u0131\u015ft\u0131r. 2009 y\u0131l\u0131ndan itibaren tekstil end\u00fcstrisine d\u00f6n\u00fck yay\u0131nlarda edit\u00f6r olarak g\u00f6rev alan Buz, 2013 itibariyle kurulan Textilegence\u2019de haber edit\u00f6r\u00fc olarak yer almaya ba\u015flam\u0131\u015ft\u0131r. Engin Buz halen ba\u015fta tekstil ve dijital bask\u0131 end\u00fcstrileri olmak \u00fczere ekonomi haberleri haz\u0131rlamaktad\u0131r.","sameAs":["https:\/\/www.textilegence.com","https:\/\/www.facebook.com\/TextilegenceMagazine","https:\/\/www.instagram.com\/textilegence\/","https:\/\/www.linkedin.com\/in\/engin-buz-6190799a\/","https:\/\/x.com\/https:\/\/twitter.com\/textilegence"],"url":"https:\/\/www.textilegence.com\/en\/author\/engin-buz\/"}]}},"_links":{"self":[{"href":"https:\/\/www.textilegence.com\/en\/wp-json\/wp\/v2\/posts\/25626","targetHints":{"allow":["GET"]}}],"collection":[{"href":"https:\/\/www.textilegence.com\/en\/wp-json\/wp\/v2\/posts"}],"about":[{"href":"https:\/\/www.textilegence.com\/en\/wp-json\/wp\/v2\/types\/post"}],"author":[{"embeddable":true,"href":"https:\/\/www.textilegence.com\/en\/wp-json\/wp\/v2\/users\/2"}],"replies":[{"embeddable":true,"href":"https:\/\/www.textilegence.com\/en\/wp-json\/wp\/v2\/comments?post=25626"}],"version-history":[{"count":0,"href":"https:\/\/www.textilegence.com\/en\/wp-json\/wp\/v2\/posts\/25626\/revisions"}],"wp:featuredmedia":[{"embeddable":true,"href":"https:\/\/www.textilegence.com\/en\/wp-json\/wp\/v2\/media\/25620"}],"wp:attachment":[{"href":"https:\/\/www.textilegence.com\/en\/wp-json\/wp\/v2\/media?parent=25626"}],"wp:term":[{"taxonomy":"category","embeddable":true,"href":"https:\/\/www.textilegence.com\/en\/wp-json\/wp\/v2\/categories?post=25626"},{"taxonomy":"post_tag","embeddable":true,"href":"https:\/\/www.textilegence.com\/en\/wp-json\/wp\/v2\/tags?post=25626"}],"curies":[{"name":"wp","href":"https:\/\/api.w.org\/{rel}","templated":true}]}}