{"id":25635,"date":"2018-06-05T13:30:57","date_gmt":"2018-06-05T10:30:57","guid":{"rendered":"http:\/\/www.textilegence.com\/?p=25635"},"modified":"2018-07-17T13:55:23","modified_gmt":"2018-07-17T10:55:23","slug":"durst-tech-days-2018","status":"publish","type":"post","link":"https:\/\/www.textilegence.com\/en\/durst-tech-days-2018\/","title":{"rendered":"Durst Tech Days 2018 Becomes the Center of New Solutions"},"content":{"rendered":"<figure id=\"attachment_25631\" aria-describedby=\"caption-attachment-25631\" style=\"width: 324px\" class=\"wp-caption alignleft\"><img loading=\"lazy\" decoding=\"async\" class=\"wp-image-25631 size-full\" src=\"https:\/\/www.textilegence.com\/wp-content\/uploads\/2018\/07\/durst-tec-detail.jpg\" alt=\"Durst Tech Days 2018 Becomes the Center of New Solutions\" width=\"324\" height=\"179\" \/><figcaption id=\"caption-attachment-25631\" class=\"wp-caption-text\">Durst Tech Days 2018 Becomes the Center of New Solutions<\/figcaption><\/figure>\n<p style=\"text-align: justify;\">Durst, <a href=\"https:\/\/www.durst-group.com\/\" target=\"_blank\" rel=\"nofollow noopener\">an inkjet pioneer<\/a> and manufacturer of advanced digital printing and production technologies, unveiled the <a href=\"https:\/\/www.textilegence.com\/en\/durst-p5-technology\/\" target=\"_blank\" rel=\"noopener\">latest technology<\/a> developments in large format print, service and software at the successful Durst Tech Days (May 18-19).<\/p>\n<p style=\"text-align: justify;\">Over two days at the Durst headquarters in Brixen, South Tyrol, Italy, and its other manufacturing site in Lienz, East Tyrol, Austria, guests were told that sales of its new award-winning technology, the P5 platform, are building so fast that delivery times are now up to 10 weeks. Hot on the heels of winning the European Digital Press Association (EDP) Award for P5, which was presented to Durst CEO Christoph Gamper during FESPA, Durst reported first results from the successful P5 field-test at Panorama in Spain. Panorama printed around 24,000 sqm in the first month alone and everything is progressing well.<\/p>\n<p style=\"text-align: justify;\">Christoph Gamper, Durst CEO, said; \u201cThe Durst Tech Days were created to give our customers an exclusive preview to our latest technologies and thinking. Designed to address every day production needs and meet ever-changing market demands, the innovations promote efficient, cost effective and optimum operation.\u201d<\/p>\n<p style=\"text-align: justify;\">Barbara Schulz, Executive Vice President Global Sales, added; \u201cWe need to put the new developments in context for them to be effective. Customers want to understand how they will work in their own production environment to maximize their investment. We creared Durst Tech Days to allow them successfully to do just that.\u201d<\/p>\n<h1 style=\"text-align: justify;\"><strong>Unveiled for the first time were at Durst Tech Days 2018<\/strong><\/h1>\n<p style=\"text-align: justify;\">For the Durst Tech Days at Brixen the focus was on roll-to-roll printing systems, software and preventive maintenance concepts; at Lienz there were demonstrations of Durst P5 and Durst Water Technology for flatbed printing on the agenda. Tailored presentations took place over the two days.<\/p>\n<p style=\"text-align: justify;\">The Rho roll-to-roll wide-format portfolio of 3 and 5 meter printing systems; with UV LED curing technology and with the newly issued UV LED ink. \u00a0The new model will be the Durst Rho 512R LED. Industrial soft signage took a close look at the successful Rhotex 325 fabrics and dye-sub printer with higher productivity and greater paper selection. Visitors monitored how performance has increased by 40% in standard production hence heard that there have been around 50 installations since the launch in October 2016.<\/p>\n<p style=\"text-align: justify;\">Latest Durst Analytics software offers preventive service and maintenance via remote monitoring of the most important machine parameters. Important updates in Durst Water Technology; \u2013 first announced two years ago \u2013 with the award-winning Durst WT 250 now achieving industrial production in flatbed printing. A roadmap and strategy for Durst\u2019s Professional Services Division and workflow updates and new ink announcements. Confirmation that Durst will be unveiling new family members of the P5 and other developments at the SGIA show.<\/p>\n<p style=\"text-align: justify;\">First plans unveiled in another step forward. Print service providers can benefit from Durst\u2019s world-class technology without making a large initial capital outlay. The idea involves Durst investing in print businesses a rent-first concept for up to four years. Scheme qualifiers will have the chance to get an offer: a top-maintained pre-owned machine through a \u201cfull service contract\u201d.<\/p>\n","protected":false},"excerpt":{"rendered":"<p>Durst, an inkjet pioneer and manufacturer of advanced digital printing and production technologies, unveiled the latest technology developments in large format print, service and software at the successful Durst Tech Days (May 18-19). Over two days at the Durst headquarters in Brixen, South Tyrol, Italy, and its other manufacturing site in Lienz, East Tyrol, Austria, [&hellip;]<\/p>\n","protected":false},"author":8,"featured_media":25633,"comment_status":"open","ping_status":"closed","sticky":false,"template":"","format":"standard","meta":{"footnotes":""},"categories":[9853,9859],"tags":[10403,10234,10312,10402],"class_list":{"0":"post-25635","1":"post","2":"type-post","3":"status-publish","4":"format-standard","5":"has-post-thumbnail","7":"category-printing","8":"category-topical","9":"tag-cristoph-gamper","10":"tag-digital-printing","11":"tag-durst-en","12":"tag-durst-tech-days"},"yoast_head":"<!-- This site is optimized with the Yoast SEO Premium plugin v27.3 (Yoast SEO v27.3) - https:\/\/yoast.com\/product\/yoast-seo-premium-wordpress\/ -->\n<title>Durst Tech Days 2018 Becomes the Center of New Solutions - Textilegence<\/title>\n<meta name=\"description\" content=\"Durst unveiled the latest technology developments in large format print, service and software at the successful Durst Tech Days (May 18-19).\" \/>\n<meta name=\"robots\" content=\"index, follow, max-snippet:-1, max-image-preview:large, max-video-preview:-1\" \/>\n<link rel=\"canonical\" href=\"https:\/\/www.textilegence.com\/en\/durst-tech-days-2018\/\" \/>\n<meta property=\"og:locale\" content=\"en_US\" \/>\n<meta property=\"og:type\" content=\"article\" \/>\n<meta property=\"og:title\" content=\"Durst Tech Days 2018 Becomes the Center of New Solutions\" \/>\n<meta property=\"og:description\" content=\"Durst, an inkjet pioneer and manufacturer of advanced digital printing and production technologies, unveiled the latest technology developments in large\" \/>\n<meta property=\"og:url\" content=\"https:\/\/www.textilegence.com\/en\/durst-tech-days-2018\/\" \/>\n<meta property=\"og:site_name\" content=\"Textilegence Magazine and Digital Platform\" \/>\n<meta property=\"article:publisher\" content=\"https:\/\/www.facebook.com\/TextilegenceMagazine\" \/>\n<meta property=\"article:author\" content=\"https:\/\/www.facebook.com\/TextilegenceMagazine\" \/>\n<meta property=\"article:published_time\" content=\"2018-06-05T10:30:57+00:00\" \/>\n<meta property=\"article:modified_time\" content=\"2018-07-17T10:55:23+00:00\" \/>\n<meta property=\"og:image\" content=\"https:\/\/www.textilegence.com\/wp-content\/uploads\/2018\/07\/durst-tec-textilegence.jpg\" \/>\n\t<meta property=\"og:image:width\" content=\"742\" \/>\n\t<meta property=\"og:image:height\" content=\"486\" \/>\n\t<meta property=\"og:image:type\" content=\"image\/jpeg\" \/>\n<meta name=\"author\" content=\"Fatih Cengiarslan\" \/>\n<meta name=\"twitter:card\" content=\"summary_large_image\" \/>\n<meta name=\"twitter:creator\" content=\"@https:\/\/twitter.com\/textilegence\" \/>\n<meta name=\"twitter:site\" content=\"@textilegence\" \/>\n<meta name=\"twitter:label1\" content=\"Written by\" \/>\n\t<meta name=\"twitter:data1\" content=\"Fatih Cengiarslan\" \/>\n\t<meta name=\"twitter:label2\" content=\"Est. reading time\" \/>\n\t<meta name=\"twitter:data2\" content=\"3 minutes\" \/>\n<script type=\"application\/ld+json\" class=\"yoast-schema-graph\">{\"@context\":\"https:\\\/\\\/schema.org\",\"@graph\":[{\"@type\":\"NewsArticle\",\"@id\":\"https:\\\/\\\/www.textilegence.com\\\/en\\\/durst-tech-days-2018\\\/#article\",\"isPartOf\":{\"@id\":\"https:\\\/\\\/www.textilegence.com\\\/en\\\/durst-tech-days-2018\\\/\"},\"author\":{\"name\":\"Fatih Cengiarslan\",\"@id\":\"https:\\\/\\\/www.textilegence.com\\\/en\\\/#\\\/schema\\\/person\\\/1c3977109f8a6e1e2b95678836d75cb7\"},\"headline\":\"Durst Tech Days 2018 Becomes the Center of New Solutions\",\"datePublished\":\"2018-06-05T10:30:57+00:00\",\"dateModified\":\"2018-07-17T10:55:23+00:00\",\"mainEntityOfPage\":{\"@id\":\"https:\\\/\\\/www.textilegence.com\\\/en\\\/durst-tech-days-2018\\\/\"},\"wordCount\":523,\"commentCount\":0,\"publisher\":{\"@id\":\"https:\\\/\\\/www.textilegence.com\\\/en\\\/#organization\"},\"image\":{\"@id\":\"https:\\\/\\\/www.textilegence.com\\\/en\\\/durst-tech-days-2018\\\/#primaryimage\"},\"thumbnailUrl\":\"https:\\\/\\\/www.textilegence.com\\\/wp-content\\\/uploads\\\/2018\\\/07\\\/durst-tec-textilegence.jpg\",\"keywords\":[\"cristoph gamper\",\"digital printing\",\"durst\",\"durst tech days\"],\"articleSection\":[\"Printing\",\"Topical\"],\"inLanguage\":\"en-US\",\"potentialAction\":[{\"@type\":\"CommentAction\",\"name\":\"Comment\",\"target\":[\"https:\\\/\\\/www.textilegence.com\\\/en\\\/durst-tech-days-2018\\\/#respond\"]}]},{\"@type\":\"WebPage\",\"@id\":\"https:\\\/\\\/www.textilegence.com\\\/en\\\/durst-tech-days-2018\\\/\",\"url\":\"https:\\\/\\\/www.textilegence.com\\\/en\\\/durst-tech-days-2018\\\/\",\"name\":\"Durst Tech Days 2018 Becomes the Center of New Solutions - Textilegence\",\"isPartOf\":{\"@id\":\"https:\\\/\\\/www.textilegence.com\\\/en\\\/#website\"},\"primaryImageOfPage\":{\"@id\":\"https:\\\/\\\/www.textilegence.com\\\/en\\\/durst-tech-days-2018\\\/#primaryimage\"},\"image\":{\"@id\":\"https:\\\/\\\/www.textilegence.com\\\/en\\\/durst-tech-days-2018\\\/#primaryimage\"},\"thumbnailUrl\":\"https:\\\/\\\/www.textilegence.com\\\/wp-content\\\/uploads\\\/2018\\\/07\\\/durst-tec-textilegence.jpg\",\"datePublished\":\"2018-06-05T10:30:57+00:00\",\"dateModified\":\"2018-07-17T10:55:23+00:00\",\"description\":\"Durst unveiled the latest technology developments in large format print, service and software at the successful Durst Tech Days (May 18-19).\",\"breadcrumb\":{\"@id\":\"https:\\\/\\\/www.textilegence.com\\\/en\\\/durst-tech-days-2018\\\/#breadcrumb\"},\"inLanguage\":\"en-US\",\"potentialAction\":[{\"@type\":\"ReadAction\",\"target\":[\"https:\\\/\\\/www.textilegence.com\\\/en\\\/durst-tech-days-2018\\\/\"]}]},{\"@type\":\"ImageObject\",\"inLanguage\":\"en-US\",\"@id\":\"https:\\\/\\\/www.textilegence.com\\\/en\\\/durst-tech-days-2018\\\/#primaryimage\",\"url\":\"https:\\\/\\\/www.textilegence.com\\\/wp-content\\\/uploads\\\/2018\\\/07\\\/durst-tec-textilegence.jpg\",\"contentUrl\":\"https:\\\/\\\/www.textilegence.com\\\/wp-content\\\/uploads\\\/2018\\\/07\\\/durst-tec-textilegence.jpg\",\"width\":742,\"height\":486},{\"@type\":\"BreadcrumbList\",\"@id\":\"https:\\\/\\\/www.textilegence.com\\\/en\\\/durst-tech-days-2018\\\/#breadcrumb\",\"itemListElement\":[{\"@type\":\"ListItem\",\"position\":1,\"name\":\"Home Page\",\"item\":\"https:\\\/\\\/www.textilegence.com\\\/en\\\/homepage-the-rimont\\\/\"},{\"@type\":\"ListItem\",\"position\":2,\"name\":\"Printing\",\"item\":\"https:\\\/\\\/www.textilegence.com\\\/en\\\/category\\\/printing\\\/\"},{\"@type\":\"ListItem\",\"position\":3,\"name\":\"Durst Tech Days 2018 Becomes the Center of New Solutions\"}]},{\"@type\":\"WebSite\",\"@id\":\"https:\\\/\\\/www.textilegence.com\\\/en\\\/#website\",\"url\":\"https:\\\/\\\/www.textilegence.com\\\/en\\\/\",\"name\":\"Textilegence Magazine and Digital Platform\",\"description\":\"Textile News Center\",\"publisher\":{\"@id\":\"https:\\\/\\\/www.textilegence.com\\\/en\\\/#organization\"},\"potentialAction\":[{\"@type\":\"SearchAction\",\"target\":{\"@type\":\"EntryPoint\",\"urlTemplate\":\"https:\\\/\\\/www.textilegence.com\\\/en\\\/?s={search_term_string}\"},\"query-input\":{\"@type\":\"PropertyValueSpecification\",\"valueRequired\":true,\"valueName\":\"search_term_string\"}}],\"inLanguage\":\"en-US\"},{\"@type\":\"Organization\",\"@id\":\"https:\\\/\\\/www.textilegence.com\\\/en\\\/#organization\",\"name\":\"Textilegence Magazine and Digital Platform\",\"url\":\"https:\\\/\\\/www.textilegence.com\\\/en\\\/\",\"logo\":{\"@type\":\"ImageObject\",\"inLanguage\":\"en-US\",\"@id\":\"https:\\\/\\\/www.textilegence.com\\\/en\\\/#\\\/schema\\\/logo\\\/image\\\/\",\"url\":\"https:\\\/\\\/www.textilegence.com\\\/wp-content\\\/uploads\\\/2016\\\/11\\\/New_Retina_Logo_Textilegence.png\",\"contentUrl\":\"https:\\\/\\\/www.textilegence.com\\\/wp-content\\\/uploads\\\/2016\\\/11\\\/New_Retina_Logo_Textilegence.png\",\"width\":544,\"height\":180,\"caption\":\"Textilegence Magazine and Digital Platform\"},\"image\":{\"@id\":\"https:\\\/\\\/www.textilegence.com\\\/en\\\/#\\\/schema\\\/logo\\\/image\\\/\"},\"sameAs\":[\"https:\\\/\\\/www.facebook.com\\\/TextilegenceMagazine\",\"https:\\\/\\\/x.com\\\/textilegence\",\"https:\\\/\\\/www.instagram.com\\\/textilegence\\\/\",\"https:\\\/\\\/www.linkedin.com\\\/groups\\\/Textilegence-Magazine-Digital-Platform-4897253\",\"https:\\\/\\\/www.youtube.com\\\/user\\\/textilegence\"],\"description\":\"Textilegence is a magazine and digital platform established in 2013. It focuses on the textile industry and sub-segments. The platform provides news, articles, and updates on various aspects of the textile industry, including sustainability, technological advancements, and market trends.\",\"email\":\"editor@textilegence.com\",\"telephone\":\"+90 212 442 24 12\",\"legalName\":\"Textilegence Mag and Digital Platform\",\"foundingDate\":\"2013-01-01\",\"numberOfEmployees\":{\"@type\":\"QuantitativeValue\",\"minValue\":\"1\",\"maxValue\":\"10\"}},{\"@type\":\"Person\",\"@id\":\"https:\\\/\\\/www.textilegence.com\\\/en\\\/#\\\/schema\\\/person\\\/1c3977109f8a6e1e2b95678836d75cb7\",\"name\":\"Fatih Cengiarslan\",\"image\":{\"@type\":\"ImageObject\",\"inLanguage\":\"en-US\",\"@id\":\"https:\\\/\\\/www.textilegence.com\\\/wp-content\\\/uploads\\\/2018\\\/12\\\/fatih-cengiarslan.jpg\",\"url\":\"https:\\\/\\\/www.textilegence.com\\\/wp-content\\\/uploads\\\/2018\\\/12\\\/fatih-cengiarslan.jpg\",\"contentUrl\":\"https:\\\/\\\/www.textilegence.com\\\/wp-content\\\/uploads\\\/2018\\\/12\\\/fatih-cengiarslan.jpg\",\"caption\":\"Fatih Cengiarslan\"},\"description\":\"Fatih Cengiarslan; Akademik \u0130ngilizce e\u011fitimini Bat\u0131 Avustralya \u00dcniversitesi\u2019nde tamamlad\u0131ktan sonra T\u00fcrkiye\u2019ye d\u00f6nerek \u0130stanbul Ayd\u0131n \u00dcniversitesi\u2019nde \u0130nternet Gazetecili\u011fi ve Yay\u0131nc\u0131l\u0131k b\u00f6l\u00fcm\u00fcn\u00fc bitirip, Litvanya \u2013 Kaunas Teknoloji \u00dcniversitesi\u2019nde interaktif media \u00fczerine 8 ayl\u0131k e\u011fitim ald\u0131. Daha sonra Eski\u015fehir Anadolu \u00dcniversitesi girerek \u0130\u015fletme Fak\u00fcltesini ba\u015far\u0131yla tamamlad\u0131. CNNTURK\u2019 kanal\u0131nda staj\u0131n\u0131 tamamlad\u0131ktan sonra Referans Gazetesi\u2019nde \u00e7al\u0131\u015fmaya ba\u015flad\u0131. 2 y\u0131l sonra Textilegence markas\u0131yla tekstil end\u00fcstrisine y\u00f6nelik kendi medyas\u0131n\u0131 kurdu. \u015eu anda Textilegence.com, Printing3D ve NEFA PR Ajans\u0131\u2019n\u0131n 12 y\u0131ld\u0131r y\u00f6netimini yapmaktad\u0131r.\",\"sameAs\":[\"https:\\\/\\\/www.textilegence.com\",\"https:\\\/\\\/www.facebook.com\\\/TextilegenceMagazine\",\"https:\\\/\\\/www.instagram.com\\\/textilegence\\\/\",\"https:\\\/\\\/www.linkedin.com\\\/in\\\/fatih-cengiarslan-32352265\\\/\",\"https:\\\/\\\/x.com\\\/https:\\\/\\\/twitter.com\\\/textilegence\"],\"url\":\"https:\\\/\\\/www.textilegence.com\\\/en\\\/author\\\/admin\\\/\"}]}<\/script>\n<!-- \/ Yoast SEO Premium plugin. -->","yoast_head_json":{"title":"Durst Tech Days 2018 Becomes the Center of New Solutions - Textilegence","description":"Durst unveiled the latest technology developments in large format print, service and software at the successful Durst Tech Days (May 18-19).","robots":{"index":"index","follow":"follow","max-snippet":"max-snippet:-1","max-image-preview":"max-image-preview:large","max-video-preview":"max-video-preview:-1"},"canonical":"https:\/\/www.textilegence.com\/en\/durst-tech-days-2018\/","og_locale":"en_US","og_type":"article","og_title":"Durst Tech Days 2018 Becomes the Center of New Solutions","og_description":"Durst, an inkjet pioneer and manufacturer of advanced digital printing and production technologies, unveiled the latest technology developments in large","og_url":"https:\/\/www.textilegence.com\/en\/durst-tech-days-2018\/","og_site_name":"Textilegence Magazine and Digital Platform","article_publisher":"https:\/\/www.facebook.com\/TextilegenceMagazine","article_author":"https:\/\/www.facebook.com\/TextilegenceMagazine","article_published_time":"2018-06-05T10:30:57+00:00","article_modified_time":"2018-07-17T10:55:23+00:00","og_image":[{"width":742,"height":486,"url":"https:\/\/www.textilegence.com\/wp-content\/uploads\/2018\/07\/durst-tec-textilegence.jpg","type":"image\/jpeg"}],"author":"Fatih Cengiarslan","twitter_card":"summary_large_image","twitter_creator":"@https:\/\/twitter.com\/textilegence","twitter_site":"@textilegence","twitter_misc":{"Written by":"Fatih Cengiarslan","Est. reading time":"3 minutes"},"schema":{"@context":"https:\/\/schema.org","@graph":[{"@type":"NewsArticle","@id":"https:\/\/www.textilegence.com\/en\/durst-tech-days-2018\/#article","isPartOf":{"@id":"https:\/\/www.textilegence.com\/en\/durst-tech-days-2018\/"},"author":{"name":"Fatih Cengiarslan","@id":"https:\/\/www.textilegence.com\/en\/#\/schema\/person\/1c3977109f8a6e1e2b95678836d75cb7"},"headline":"Durst Tech Days 2018 Becomes the Center of New Solutions","datePublished":"2018-06-05T10:30:57+00:00","dateModified":"2018-07-17T10:55:23+00:00","mainEntityOfPage":{"@id":"https:\/\/www.textilegence.com\/en\/durst-tech-days-2018\/"},"wordCount":523,"commentCount":0,"publisher":{"@id":"https:\/\/www.textilegence.com\/en\/#organization"},"image":{"@id":"https:\/\/www.textilegence.com\/en\/durst-tech-days-2018\/#primaryimage"},"thumbnailUrl":"https:\/\/www.textilegence.com\/wp-content\/uploads\/2018\/07\/durst-tec-textilegence.jpg","keywords":["cristoph gamper","digital printing","durst","durst tech days"],"articleSection":["Printing","Topical"],"inLanguage":"en-US","potentialAction":[{"@type":"CommentAction","name":"Comment","target":["https:\/\/www.textilegence.com\/en\/durst-tech-days-2018\/#respond"]}]},{"@type":"WebPage","@id":"https:\/\/www.textilegence.com\/en\/durst-tech-days-2018\/","url":"https:\/\/www.textilegence.com\/en\/durst-tech-days-2018\/","name":"Durst Tech Days 2018 Becomes the Center of New Solutions - Textilegence","isPartOf":{"@id":"https:\/\/www.textilegence.com\/en\/#website"},"primaryImageOfPage":{"@id":"https:\/\/www.textilegence.com\/en\/durst-tech-days-2018\/#primaryimage"},"image":{"@id":"https:\/\/www.textilegence.com\/en\/durst-tech-days-2018\/#primaryimage"},"thumbnailUrl":"https:\/\/www.textilegence.com\/wp-content\/uploads\/2018\/07\/durst-tec-textilegence.jpg","datePublished":"2018-06-05T10:30:57+00:00","dateModified":"2018-07-17T10:55:23+00:00","description":"Durst unveiled the latest technology developments in large format print, service and software at the successful Durst Tech Days (May 18-19).","breadcrumb":{"@id":"https:\/\/www.textilegence.com\/en\/durst-tech-days-2018\/#breadcrumb"},"inLanguage":"en-US","potentialAction":[{"@type":"ReadAction","target":["https:\/\/www.textilegence.com\/en\/durst-tech-days-2018\/"]}]},{"@type":"ImageObject","inLanguage":"en-US","@id":"https:\/\/www.textilegence.com\/en\/durst-tech-days-2018\/#primaryimage","url":"https:\/\/www.textilegence.com\/wp-content\/uploads\/2018\/07\/durst-tec-textilegence.jpg","contentUrl":"https:\/\/www.textilegence.com\/wp-content\/uploads\/2018\/07\/durst-tec-textilegence.jpg","width":742,"height":486},{"@type":"BreadcrumbList","@id":"https:\/\/www.textilegence.com\/en\/durst-tech-days-2018\/#breadcrumb","itemListElement":[{"@type":"ListItem","position":1,"name":"Home Page","item":"https:\/\/www.textilegence.com\/en\/homepage-the-rimont\/"},{"@type":"ListItem","position":2,"name":"Printing","item":"https:\/\/www.textilegence.com\/en\/category\/printing\/"},{"@type":"ListItem","position":3,"name":"Durst Tech Days 2018 Becomes the Center of New Solutions"}]},{"@type":"WebSite","@id":"https:\/\/www.textilegence.com\/en\/#website","url":"https:\/\/www.textilegence.com\/en\/","name":"Textilegence Magazine and Digital Platform","description":"Textile News Center","publisher":{"@id":"https:\/\/www.textilegence.com\/en\/#organization"},"potentialAction":[{"@type":"SearchAction","target":{"@type":"EntryPoint","urlTemplate":"https:\/\/www.textilegence.com\/en\/?s={search_term_string}"},"query-input":{"@type":"PropertyValueSpecification","valueRequired":true,"valueName":"search_term_string"}}],"inLanguage":"en-US"},{"@type":"Organization","@id":"https:\/\/www.textilegence.com\/en\/#organization","name":"Textilegence Magazine and Digital Platform","url":"https:\/\/www.textilegence.com\/en\/","logo":{"@type":"ImageObject","inLanguage":"en-US","@id":"https:\/\/www.textilegence.com\/en\/#\/schema\/logo\/image\/","url":"https:\/\/www.textilegence.com\/wp-content\/uploads\/2016\/11\/New_Retina_Logo_Textilegence.png","contentUrl":"https:\/\/www.textilegence.com\/wp-content\/uploads\/2016\/11\/New_Retina_Logo_Textilegence.png","width":544,"height":180,"caption":"Textilegence Magazine and Digital Platform"},"image":{"@id":"https:\/\/www.textilegence.com\/en\/#\/schema\/logo\/image\/"},"sameAs":["https:\/\/www.facebook.com\/TextilegenceMagazine","https:\/\/x.com\/textilegence","https:\/\/www.instagram.com\/textilegence\/","https:\/\/www.linkedin.com\/groups\/Textilegence-Magazine-Digital-Platform-4897253","https:\/\/www.youtube.com\/user\/textilegence"],"description":"Textilegence is a magazine and digital platform established in 2013. It focuses on the textile industry and sub-segments. The platform provides news, articles, and updates on various aspects of the textile industry, including sustainability, technological advancements, and market trends.","email":"editor@textilegence.com","telephone":"+90 212 442 24 12","legalName":"Textilegence Mag and Digital Platform","foundingDate":"2013-01-01","numberOfEmployees":{"@type":"QuantitativeValue","minValue":"1","maxValue":"10"}},{"@type":"Person","@id":"https:\/\/www.textilegence.com\/en\/#\/schema\/person\/1c3977109f8a6e1e2b95678836d75cb7","name":"Fatih Cengiarslan","image":{"@type":"ImageObject","inLanguage":"en-US","@id":"https:\/\/www.textilegence.com\/wp-content\/uploads\/2018\/12\/fatih-cengiarslan.jpg","url":"https:\/\/www.textilegence.com\/wp-content\/uploads\/2018\/12\/fatih-cengiarslan.jpg","contentUrl":"https:\/\/www.textilegence.com\/wp-content\/uploads\/2018\/12\/fatih-cengiarslan.jpg","caption":"Fatih Cengiarslan"},"description":"Fatih Cengiarslan; Akademik \u0130ngilizce e\u011fitimini Bat\u0131 Avustralya \u00dcniversitesi\u2019nde tamamlad\u0131ktan sonra T\u00fcrkiye\u2019ye d\u00f6nerek \u0130stanbul Ayd\u0131n \u00dcniversitesi\u2019nde \u0130nternet Gazetecili\u011fi ve Yay\u0131nc\u0131l\u0131k b\u00f6l\u00fcm\u00fcn\u00fc bitirip, Litvanya \u2013 Kaunas Teknoloji \u00dcniversitesi\u2019nde interaktif media \u00fczerine 8 ayl\u0131k e\u011fitim ald\u0131. Daha sonra Eski\u015fehir Anadolu \u00dcniversitesi girerek \u0130\u015fletme Fak\u00fcltesini ba\u015far\u0131yla tamamlad\u0131. CNNTURK\u2019 kanal\u0131nda staj\u0131n\u0131 tamamlad\u0131ktan sonra Referans Gazetesi\u2019nde \u00e7al\u0131\u015fmaya ba\u015flad\u0131. 2 y\u0131l sonra Textilegence markas\u0131yla tekstil end\u00fcstrisine y\u00f6nelik kendi medyas\u0131n\u0131 kurdu. \u015eu anda Textilegence.com, Printing3D ve NEFA PR Ajans\u0131\u2019n\u0131n 12 y\u0131ld\u0131r y\u00f6netimini yapmaktad\u0131r.","sameAs":["https:\/\/www.textilegence.com","https:\/\/www.facebook.com\/TextilegenceMagazine","https:\/\/www.instagram.com\/textilegence\/","https:\/\/www.linkedin.com\/in\/fatih-cengiarslan-32352265\/","https:\/\/x.com\/https:\/\/twitter.com\/textilegence"],"url":"https:\/\/www.textilegence.com\/en\/author\/admin\/"}]}},"_links":{"self":[{"href":"https:\/\/www.textilegence.com\/en\/wp-json\/wp\/v2\/posts\/25635","targetHints":{"allow":["GET"]}}],"collection":[{"href":"https:\/\/www.textilegence.com\/en\/wp-json\/wp\/v2\/posts"}],"about":[{"href":"https:\/\/www.textilegence.com\/en\/wp-json\/wp\/v2\/types\/post"}],"author":[{"embeddable":true,"href":"https:\/\/www.textilegence.com\/en\/wp-json\/wp\/v2\/users\/8"}],"replies":[{"embeddable":true,"href":"https:\/\/www.textilegence.com\/en\/wp-json\/wp\/v2\/comments?post=25635"}],"version-history":[{"count":0,"href":"https:\/\/www.textilegence.com\/en\/wp-json\/wp\/v2\/posts\/25635\/revisions"}],"wp:featuredmedia":[{"embeddable":true,"href":"https:\/\/www.textilegence.com\/en\/wp-json\/wp\/v2\/media\/25633"}],"wp:attachment":[{"href":"https:\/\/www.textilegence.com\/en\/wp-json\/wp\/v2\/media?parent=25635"}],"wp:term":[{"taxonomy":"category","embeddable":true,"href":"https:\/\/www.textilegence.com\/en\/wp-json\/wp\/v2\/categories?post=25635"},{"taxonomy":"post_tag","embeddable":true,"href":"https:\/\/www.textilegence.com\/en\/wp-json\/wp\/v2\/tags?post=25635"}],"curies":[{"name":"wp","href":"https:\/\/api.w.org\/{rel}","templated":true}]}}