{"id":25993,"date":"2018-08-15T17:11:00","date_gmt":"2018-08-15T14:11:00","guid":{"rendered":"http:\/\/www.textilegence.com\/?p=25993"},"modified":"2018-08-15T17:11:12","modified_gmt":"2018-08-15T14:11:12","slug":"itma-2019-ready-successful-exhibition","status":"publish","type":"post","link":"https:\/\/www.textilegence.com\/en\/itma-2019-ready-successful-exhibition\/","title":{"rendered":"Everything is Ready for a Successful ITMA 2019"},"content":{"rendered":"<figure id=\"attachment_25990\" aria-describedby=\"caption-attachment-25990\" style=\"width: 324px\" class=\"wp-caption alignleft\"><img loading=\"lazy\" decoding=\"async\" class=\"size-full wp-image-25990\" src=\"https:\/\/www.textilegence.com\/wp-content\/uploads\/2018\/08\/itma2019-detail.jpg\" alt=\"Everything is Ready for a Successful ITMA 2019\" width=\"324\" height=\"179\" \/><figcaption id=\"caption-attachment-25990\" class=\"wp-caption-text\">Everything is Ready for a Successful ITMA 2019<\/figcaption><\/figure>\n<p style=\"text-align: justify;\">The world\u2019s leading textile and garment technology <a href=\"https:\/\/www.itma.com\/\" target=\"_blank\" rel=\"noopener\">exhibition<\/a>, ITMA 2019 is gearing up for another vibrant showcase of the latest trends, technologies and materials. Exhibition space was fully booked by the <a href=\"https:\/\/www.textilegence.com\/en\/sell-out-show-itma-2019\/\" target=\"_blank\" rel=\"noopener\">application deadline<\/a> and the organising team has been busy allocating space to successful applicants.<\/p>\n<p style=\"text-align: justify;\">Commented Mr Fritz P. Mayer, President of CEMATEX, the European Committee of Textile Machinery Manufacturers, \u201cThe response for ITMA 2019 is so overwhelming that we have not been able to meet the demand for space despite addin<\/p>\n<p style=\"text-align: justify;\">g two more exhibition halls. ITMA is a show for the industry, by the industry. Hence, we are of the opinion that ITMA should feature a wide spectrum of cutting-edge solutions from as many solutions providers as possible, whether established or new-to-market.\u201d<\/p>\n<p style=\"text-align: justify;\">Mr Charles Beauduin, Chairman of ITMA Services, which organises ITMA 2019, elaborated: \u201cAs an international platform, our priority is to accommodate as many eligible applicants as possible to participate in the exhibition. It is heartening that the CEMATEX associations are supportive of this approach. Currently, we were only able to accommodate some 1,660 exhibitors from 47 countries on the show floor.\u00a0 We have to put many applicants on the waiting list.\u201d<\/p>\n<p style=\"text-align: justify;\">Mr Federico Pellegata, director of ACIMIT (Association of Italian Textile Machinery Manufacturers), commented, \u201cWe understand the space constraints and appreciate that the organising team\u2019s priority is to try to maximise the admission of companies so that ITMA 2019 can be a more vibrant and trendsetting platform that will benefit the entire industry.&#8221;<\/p>\n<h1 style=\"text-align: justify;\"><strong>Great interest in spinning and printing halls<\/strong><\/h1>\n<p style=\"text-align: justify;\">One of the top sectors in terms of space applied is spinning. An established name in the sector at every ITMA edition is Murata Machinery. It will be highlighting its latest range of spinning machinery. Its president &amp; CEO, Mr Daisuke Murata, said: \u201cITMA has been a very important international exhibition for us, especially as a platform to launch our brand new machines with unique technologies. A bigger showcase with more exhibitors, including new companies at ITMA, will attract higher interest and appeal to a wider audience. There will also be greater opportunities for collaborations within the industry.\u201d<\/p>\n<p style=\"text-align: justify;\">An exciting sector at ITMA 2019 is printing. Previously part of the finishing sector, printing as a standalone chapter has garnered very strong interest as the industry embraces digital transformation. The number of exhibitors in the printing and inks sector has jumped some 30 per cent from ITMA 2015.<\/p>\n<p style=\"text-align: justify;\">Mr Dick Joustra, CEO, SPGPrints Group said; \u201cDigitalisation is having a tremendous impact in the textile and garment industry; and the true extent of its influence can be seen not only in textile printing companies; but throughout the value chain. Brand owners and designers are able to use opportunities, like ITMA 2019; to see how the versatility of digital printing can transform their operations. As a total supplier in conventional and digital textile printing; we see ITMA as an important marketplace to show our latest technologies.\u201d<\/p>\n<h2><strong>ITMA 2019 to host several new solution providers<\/strong><\/h2>\n<p style=\"text-align: justify;\">Besides printing, another sector that is undergoing vast transformation and rapid development is the garment making sector. Previously labour-intensive, the garment industry now sees a gamut of solutions utilising; artificial intelligence, robotics, vision systems and other advanced automation.<\/p>\n<p style=\"text-align: justify;\">As the textile and garment industry trends towards an integrated manufacturing value chain; many new-to-ITMA solutions providers have been attracted to take part in ITMA 2019; some of them have chosen to co-locate their booths with their industry partners to offer integrated solutions to buyers. Among the new applicants are Borsoi, Bullmer, Card Clothing &amp; Services, Han&#8217;s Yueming Laser, Juki, Serkon Tekstil and SoftWear Automation.<\/p>\n<p style=\"text-align: justify;\">To be held from 20 to 26 June 2019; the show will now occupy all nine exhibition halls at Fira de Barcelona, Gran Via venue.\u00a0 As a result of the expansion, changes have been made to the sector allocation plan. The new plan can be viewed at <a href=\"http:\/\/www.itma.com\">www.itma.com<\/a>.<\/p>\n<h3 style=\"text-align: justify;\"><strong>Italy to host ITMA 2023<\/strong><\/h3>\n<p style=\"text-align: justify;\">CEMATEX announced that ITMA will return to Milan, Italy, for its 19th edition. ITMA 2023 will be held at the Fiera Milano Rho exhibition centre from 8 to 14 June 2023.<\/p>\n","protected":false},"excerpt":{"rendered":"<p>The world\u2019s leading textile and garment technology exhibition, ITMA 2019 is gearing up for another vibrant showcase of the latest trends, technologies and materials. Exhibition space was fully booked by the application deadline and the organising team has been busy allocating space to successful applicants. Commented Mr Fritz P. Mayer, President of CEMATEX, the European [&hellip;]<\/p>\n","protected":false},"author":2,"featured_media":25988,"comment_status":"open","ping_status":"closed","sticky":false,"template":"","format":"standard","meta":{"footnotes":""},"categories":[9859,9845],"tags":[10190,2178,5581],"class_list":{"0":"post-25993","1":"post","2":"type-post","3":"status-publish","4":"format-standard","5":"has-post-thumbnail","7":"category-topical","8":"category-trade-fairs","9":"tag-barcelona","10":"tag-event","11":"tag-itma-2019"},"yoast_head":"<!-- This site is optimized with the Yoast SEO Premium plugin v27.3 (Yoast SEO v27.3) - https:\/\/yoast.com\/product\/yoast-seo-premium-wordpress\/ -->\n<title>ITMA 2019 : Everything is Ready for a Successful Exhibition - Textilegence<\/title>\n<meta name=\"description\" content=\"The world\u2019s leading textile and garment technology exhibition, ITMA 2019 is gearing up for another vibrant showcase of the latest trends, technologies...\" \/>\n<meta name=\"robots\" content=\"index, follow, max-snippet:-1, max-image-preview:large, max-video-preview:-1\" \/>\n<link rel=\"canonical\" href=\"https:\/\/www.textilegence.com\/en\/itma-2019-ready-successful-exhibition\/\" \/>\n<meta property=\"og:locale\" content=\"en_US\" \/>\n<meta property=\"og:type\" content=\"article\" \/>\n<meta property=\"og:title\" content=\"Everything is Ready for a Successful ITMA 2019\" \/>\n<meta property=\"og:description\" content=\"The world\u2019s leading textile and garment technology exhibition, ITMA 2019 is gearing up for another vibrant showcase of the latest trends, technologies and\" \/>\n<meta property=\"og:url\" content=\"https:\/\/www.textilegence.com\/en\/itma-2019-ready-successful-exhibition\/\" \/>\n<meta property=\"og:site_name\" content=\"Textilegence Magazine and Digital Platform\" \/>\n<meta property=\"article:publisher\" content=\"https:\/\/www.facebook.com\/TextilegenceMagazine\" \/>\n<meta property=\"article:author\" content=\"https:\/\/www.facebook.com\/TextilegenceMagazine\" \/>\n<meta property=\"article:published_time\" content=\"2018-08-15T14:11:00+00:00\" \/>\n<meta property=\"article:modified_time\" content=\"2018-08-15T14:11:12+00:00\" \/>\n<meta property=\"og:image\" content=\"https:\/\/www.textilegence.com\/wp-content\/uploads\/2018\/08\/itma2019-textilegence.jpg\" \/>\n\t<meta property=\"og:image:width\" content=\"742\" \/>\n\t<meta property=\"og:image:height\" content=\"486\" \/>\n\t<meta property=\"og:image:type\" content=\"image\/jpeg\" \/>\n<meta name=\"author\" content=\"Engin Buz\" \/>\n<meta name=\"twitter:card\" content=\"summary_large_image\" \/>\n<meta name=\"twitter:creator\" content=\"@https:\/\/twitter.com\/textilegence\" \/>\n<meta name=\"twitter:site\" content=\"@textilegence\" \/>\n<meta name=\"twitter:label1\" content=\"Written by\" \/>\n\t<meta name=\"twitter:data1\" content=\"Engin Buz\" \/>\n\t<meta name=\"twitter:label2\" content=\"Est. reading time\" \/>\n\t<meta name=\"twitter:data2\" content=\"3 minutes\" \/>\n<script type=\"application\/ld+json\" class=\"yoast-schema-graph\">{\"@context\":\"https:\\\/\\\/schema.org\",\"@graph\":[{\"@type\":\"NewsArticle\",\"@id\":\"https:\\\/\\\/www.textilegence.com\\\/en\\\/itma-2019-ready-successful-exhibition\\\/#article\",\"isPartOf\":{\"@id\":\"https:\\\/\\\/www.textilegence.com\\\/en\\\/itma-2019-ready-successful-exhibition\\\/\"},\"author\":{\"name\":\"Engin Buz\",\"@id\":\"https:\\\/\\\/www.textilegence.com\\\/en\\\/#\\\/schema\\\/person\\\/46ccc7bfc34edbc7d46b6b189f88849f\"},\"headline\":\"Everything is Ready for a Successful ITMA 2019\",\"datePublished\":\"2018-08-15T14:11:00+00:00\",\"dateModified\":\"2018-08-15T14:11:12+00:00\",\"mainEntityOfPage\":{\"@id\":\"https:\\\/\\\/www.textilegence.com\\\/en\\\/itma-2019-ready-successful-exhibition\\\/\"},\"wordCount\":688,\"commentCount\":0,\"publisher\":{\"@id\":\"https:\\\/\\\/www.textilegence.com\\\/en\\\/#organization\"},\"image\":{\"@id\":\"https:\\\/\\\/www.textilegence.com\\\/en\\\/itma-2019-ready-successful-exhibition\\\/#primaryimage\"},\"thumbnailUrl\":\"https:\\\/\\\/www.textilegence.com\\\/wp-content\\\/uploads\\\/2018\\\/08\\\/itma2019-textilegence.jpg\",\"keywords\":[\"barcelona\",\"event\",\"itma 2019\"],\"articleSection\":[\"Topical\",\"Trade Fairs\"],\"inLanguage\":\"en-US\",\"potentialAction\":[{\"@type\":\"CommentAction\",\"name\":\"Comment\",\"target\":[\"https:\\\/\\\/www.textilegence.com\\\/en\\\/itma-2019-ready-successful-exhibition\\\/#respond\"]}]},{\"@type\":\"WebPage\",\"@id\":\"https:\\\/\\\/www.textilegence.com\\\/en\\\/itma-2019-ready-successful-exhibition\\\/\",\"url\":\"https:\\\/\\\/www.textilegence.com\\\/en\\\/itma-2019-ready-successful-exhibition\\\/\",\"name\":\"ITMA 2019 : Everything is Ready for a Successful Exhibition - Textilegence\",\"isPartOf\":{\"@id\":\"https:\\\/\\\/www.textilegence.com\\\/en\\\/#website\"},\"primaryImageOfPage\":{\"@id\":\"https:\\\/\\\/www.textilegence.com\\\/en\\\/itma-2019-ready-successful-exhibition\\\/#primaryimage\"},\"image\":{\"@id\":\"https:\\\/\\\/www.textilegence.com\\\/en\\\/itma-2019-ready-successful-exhibition\\\/#primaryimage\"},\"thumbnailUrl\":\"https:\\\/\\\/www.textilegence.com\\\/wp-content\\\/uploads\\\/2018\\\/08\\\/itma2019-textilegence.jpg\",\"datePublished\":\"2018-08-15T14:11:00+00:00\",\"dateModified\":\"2018-08-15T14:11:12+00:00\",\"description\":\"The world\u2019s leading textile and garment technology exhibition, ITMA 2019 is gearing up for another vibrant showcase of the latest trends, technologies...\",\"breadcrumb\":{\"@id\":\"https:\\\/\\\/www.textilegence.com\\\/en\\\/itma-2019-ready-successful-exhibition\\\/#breadcrumb\"},\"inLanguage\":\"en-US\",\"potentialAction\":[{\"@type\":\"ReadAction\",\"target\":[\"https:\\\/\\\/www.textilegence.com\\\/en\\\/itma-2019-ready-successful-exhibition\\\/\"]}]},{\"@type\":\"ImageObject\",\"inLanguage\":\"en-US\",\"@id\":\"https:\\\/\\\/www.textilegence.com\\\/en\\\/itma-2019-ready-successful-exhibition\\\/#primaryimage\",\"url\":\"https:\\\/\\\/www.textilegence.com\\\/wp-content\\\/uploads\\\/2018\\\/08\\\/itma2019-textilegence.jpg\",\"contentUrl\":\"https:\\\/\\\/www.textilegence.com\\\/wp-content\\\/uploads\\\/2018\\\/08\\\/itma2019-textilegence.jpg\",\"width\":742,\"height\":486},{\"@type\":\"BreadcrumbList\",\"@id\":\"https:\\\/\\\/www.textilegence.com\\\/en\\\/itma-2019-ready-successful-exhibition\\\/#breadcrumb\",\"itemListElement\":[{\"@type\":\"ListItem\",\"position\":1,\"name\":\"Home Page\",\"item\":\"https:\\\/\\\/www.textilegence.com\\\/en\\\/homepage-the-rimont\\\/\"},{\"@type\":\"ListItem\",\"position\":2,\"name\":\"Topical\",\"item\":\"https:\\\/\\\/www.textilegence.com\\\/en\\\/category\\\/topical\\\/\"},{\"@type\":\"ListItem\",\"position\":3,\"name\":\"Everything is Ready for a Successful ITMA 2019\"}]},{\"@type\":\"WebSite\",\"@id\":\"https:\\\/\\\/www.textilegence.com\\\/en\\\/#website\",\"url\":\"https:\\\/\\\/www.textilegence.com\\\/en\\\/\",\"name\":\"Textilegence Magazine and Digital Platform\",\"description\":\"Textile News Center\",\"publisher\":{\"@id\":\"https:\\\/\\\/www.textilegence.com\\\/en\\\/#organization\"},\"potentialAction\":[{\"@type\":\"SearchAction\",\"target\":{\"@type\":\"EntryPoint\",\"urlTemplate\":\"https:\\\/\\\/www.textilegence.com\\\/en\\\/?s={search_term_string}\"},\"query-input\":{\"@type\":\"PropertyValueSpecification\",\"valueRequired\":true,\"valueName\":\"search_term_string\"}}],\"inLanguage\":\"en-US\"},{\"@type\":\"Organization\",\"@id\":\"https:\\\/\\\/www.textilegence.com\\\/en\\\/#organization\",\"name\":\"Textilegence Magazine and Digital Platform\",\"url\":\"https:\\\/\\\/www.textilegence.com\\\/en\\\/\",\"logo\":{\"@type\":\"ImageObject\",\"inLanguage\":\"en-US\",\"@id\":\"https:\\\/\\\/www.textilegence.com\\\/en\\\/#\\\/schema\\\/logo\\\/image\\\/\",\"url\":\"https:\\\/\\\/www.textilegence.com\\\/wp-content\\\/uploads\\\/2016\\\/11\\\/New_Retina_Logo_Textilegence.png\",\"contentUrl\":\"https:\\\/\\\/www.textilegence.com\\\/wp-content\\\/uploads\\\/2016\\\/11\\\/New_Retina_Logo_Textilegence.png\",\"width\":544,\"height\":180,\"caption\":\"Textilegence Magazine and Digital Platform\"},\"image\":{\"@id\":\"https:\\\/\\\/www.textilegence.com\\\/en\\\/#\\\/schema\\\/logo\\\/image\\\/\"},\"sameAs\":[\"https:\\\/\\\/www.facebook.com\\\/TextilegenceMagazine\",\"https:\\\/\\\/x.com\\\/textilegence\",\"https:\\\/\\\/www.instagram.com\\\/textilegence\\\/\",\"https:\\\/\\\/www.linkedin.com\\\/groups\\\/Textilegence-Magazine-Digital-Platform-4897253\",\"https:\\\/\\\/www.youtube.com\\\/user\\\/textilegence\"],\"description\":\"Textilegence is a magazine and digital platform established in 2013. It focuses on the textile industry and sub-segments. The platform provides news, articles, and updates on various aspects of the textile industry, including sustainability, technological advancements, and market trends.\",\"email\":\"editor@textilegence.com\",\"telephone\":\"+90 212 442 24 12\",\"legalName\":\"Textilegence Mag and Digital Platform\",\"foundingDate\":\"2013-01-01\",\"numberOfEmployees\":{\"@type\":\"QuantitativeValue\",\"minValue\":\"1\",\"maxValue\":\"10\"}},{\"@type\":\"Person\",\"@id\":\"https:\\\/\\\/www.textilegence.com\\\/en\\\/#\\\/schema\\\/person\\\/46ccc7bfc34edbc7d46b6b189f88849f\",\"name\":\"Engin Buz\",\"image\":{\"@type\":\"ImageObject\",\"inLanguage\":\"en-US\",\"@id\":\"https:\\\/\\\/www.textilegence.com\\\/wp-content\\\/uploads\\\/2018\\\/12\\\/engin-buz.jpg\",\"url\":\"https:\\\/\\\/www.textilegence.com\\\/wp-content\\\/uploads\\\/2018\\\/12\\\/engin-buz.jpg\",\"contentUrl\":\"https:\\\/\\\/www.textilegence.com\\\/wp-content\\\/uploads\\\/2018\\\/12\\\/engin-buz.jpg\",\"caption\":\"Engin Buz\"},\"description\":\"Engin Buz, Ankara \u00dcniversitesi \u0130leti\u015fim Fak\u00fcltesi Gazetecilik B\u00f6l\u00fcm\u00fc\u2019nden mezun olduktan sonra Y\u0131ld\u0131z Teknik \u00dcniversitesi\u2019nde Siyaset Bilimi ve Uluslararas\u0131 \u0130li\u015fkiler alan\u0131nda y\u00fcksek lisans\u0131n\u0131 tamamlam\u0131\u015ft\u0131r. 2000 y\u0131l\u0131ndan sonra \u00e7e\u015fitli yay\u0131nc\u0131l\u0131k \u015firketlerinde \u00e7al\u0131\u015fmaya ba\u015flayarak k\u00fclt\u00fcr-sanat ve daha sonra ekonomi haberleri haz\u0131rlam\u0131\u015ft\u0131r. 2009 y\u0131l\u0131ndan itibaren tekstil end\u00fcstrisine d\u00f6n\u00fck yay\u0131nlarda edit\u00f6r olarak g\u00f6rev alan Buz, 2013 itibariyle kurulan Textilegence\u2019de haber edit\u00f6r\u00fc olarak yer almaya ba\u015flam\u0131\u015ft\u0131r. Engin Buz halen ba\u015fta tekstil ve dijital bask\u0131 end\u00fcstrileri olmak \u00fczere ekonomi haberleri haz\u0131rlamaktad\u0131r.\",\"sameAs\":[\"https:\\\/\\\/www.textilegence.com\",\"https:\\\/\\\/www.facebook.com\\\/TextilegenceMagazine\",\"https:\\\/\\\/www.instagram.com\\\/textilegence\\\/\",\"https:\\\/\\\/www.linkedin.com\\\/in\\\/engin-buz-6190799a\\\/\",\"https:\\\/\\\/x.com\\\/https:\\\/\\\/twitter.com\\\/textilegence\"],\"url\":\"https:\\\/\\\/www.textilegence.com\\\/en\\\/author\\\/engin-buz\\\/\"}]}<\/script>\n<!-- \/ Yoast SEO Premium plugin. -->","yoast_head_json":{"title":"ITMA 2019 : Everything is Ready for a Successful Exhibition - Textilegence","description":"The world\u2019s leading textile and garment technology exhibition, ITMA 2019 is gearing up for another vibrant showcase of the latest trends, technologies...","robots":{"index":"index","follow":"follow","max-snippet":"max-snippet:-1","max-image-preview":"max-image-preview:large","max-video-preview":"max-video-preview:-1"},"canonical":"https:\/\/www.textilegence.com\/en\/itma-2019-ready-successful-exhibition\/","og_locale":"en_US","og_type":"article","og_title":"Everything is Ready for a Successful ITMA 2019","og_description":"The world\u2019s leading textile and garment technology exhibition, ITMA 2019 is gearing up for another vibrant showcase of the latest trends, technologies and","og_url":"https:\/\/www.textilegence.com\/en\/itma-2019-ready-successful-exhibition\/","og_site_name":"Textilegence Magazine and Digital Platform","article_publisher":"https:\/\/www.facebook.com\/TextilegenceMagazine","article_author":"https:\/\/www.facebook.com\/TextilegenceMagazine","article_published_time":"2018-08-15T14:11:00+00:00","article_modified_time":"2018-08-15T14:11:12+00:00","og_image":[{"width":742,"height":486,"url":"https:\/\/www.textilegence.com\/wp-content\/uploads\/2018\/08\/itma2019-textilegence.jpg","type":"image\/jpeg"}],"author":"Engin Buz","twitter_card":"summary_large_image","twitter_creator":"@https:\/\/twitter.com\/textilegence","twitter_site":"@textilegence","twitter_misc":{"Written by":"Engin Buz","Est. reading time":"3 minutes"},"schema":{"@context":"https:\/\/schema.org","@graph":[{"@type":"NewsArticle","@id":"https:\/\/www.textilegence.com\/en\/itma-2019-ready-successful-exhibition\/#article","isPartOf":{"@id":"https:\/\/www.textilegence.com\/en\/itma-2019-ready-successful-exhibition\/"},"author":{"name":"Engin Buz","@id":"https:\/\/www.textilegence.com\/en\/#\/schema\/person\/46ccc7bfc34edbc7d46b6b189f88849f"},"headline":"Everything is Ready for a Successful ITMA 2019","datePublished":"2018-08-15T14:11:00+00:00","dateModified":"2018-08-15T14:11:12+00:00","mainEntityOfPage":{"@id":"https:\/\/www.textilegence.com\/en\/itma-2019-ready-successful-exhibition\/"},"wordCount":688,"commentCount":0,"publisher":{"@id":"https:\/\/www.textilegence.com\/en\/#organization"},"image":{"@id":"https:\/\/www.textilegence.com\/en\/itma-2019-ready-successful-exhibition\/#primaryimage"},"thumbnailUrl":"https:\/\/www.textilegence.com\/wp-content\/uploads\/2018\/08\/itma2019-textilegence.jpg","keywords":["barcelona","event","itma 2019"],"articleSection":["Topical","Trade Fairs"],"inLanguage":"en-US","potentialAction":[{"@type":"CommentAction","name":"Comment","target":["https:\/\/www.textilegence.com\/en\/itma-2019-ready-successful-exhibition\/#respond"]}]},{"@type":"WebPage","@id":"https:\/\/www.textilegence.com\/en\/itma-2019-ready-successful-exhibition\/","url":"https:\/\/www.textilegence.com\/en\/itma-2019-ready-successful-exhibition\/","name":"ITMA 2019 : Everything is Ready for a Successful Exhibition - Textilegence","isPartOf":{"@id":"https:\/\/www.textilegence.com\/en\/#website"},"primaryImageOfPage":{"@id":"https:\/\/www.textilegence.com\/en\/itma-2019-ready-successful-exhibition\/#primaryimage"},"image":{"@id":"https:\/\/www.textilegence.com\/en\/itma-2019-ready-successful-exhibition\/#primaryimage"},"thumbnailUrl":"https:\/\/www.textilegence.com\/wp-content\/uploads\/2018\/08\/itma2019-textilegence.jpg","datePublished":"2018-08-15T14:11:00+00:00","dateModified":"2018-08-15T14:11:12+00:00","description":"The world\u2019s leading textile and garment technology exhibition, ITMA 2019 is gearing up for another vibrant showcase of the latest trends, technologies...","breadcrumb":{"@id":"https:\/\/www.textilegence.com\/en\/itma-2019-ready-successful-exhibition\/#breadcrumb"},"inLanguage":"en-US","potentialAction":[{"@type":"ReadAction","target":["https:\/\/www.textilegence.com\/en\/itma-2019-ready-successful-exhibition\/"]}]},{"@type":"ImageObject","inLanguage":"en-US","@id":"https:\/\/www.textilegence.com\/en\/itma-2019-ready-successful-exhibition\/#primaryimage","url":"https:\/\/www.textilegence.com\/wp-content\/uploads\/2018\/08\/itma2019-textilegence.jpg","contentUrl":"https:\/\/www.textilegence.com\/wp-content\/uploads\/2018\/08\/itma2019-textilegence.jpg","width":742,"height":486},{"@type":"BreadcrumbList","@id":"https:\/\/www.textilegence.com\/en\/itma-2019-ready-successful-exhibition\/#breadcrumb","itemListElement":[{"@type":"ListItem","position":1,"name":"Home Page","item":"https:\/\/www.textilegence.com\/en\/homepage-the-rimont\/"},{"@type":"ListItem","position":2,"name":"Topical","item":"https:\/\/www.textilegence.com\/en\/category\/topical\/"},{"@type":"ListItem","position":3,"name":"Everything is Ready for a Successful ITMA 2019"}]},{"@type":"WebSite","@id":"https:\/\/www.textilegence.com\/en\/#website","url":"https:\/\/www.textilegence.com\/en\/","name":"Textilegence Magazine and Digital Platform","description":"Textile News Center","publisher":{"@id":"https:\/\/www.textilegence.com\/en\/#organization"},"potentialAction":[{"@type":"SearchAction","target":{"@type":"EntryPoint","urlTemplate":"https:\/\/www.textilegence.com\/en\/?s={search_term_string}"},"query-input":{"@type":"PropertyValueSpecification","valueRequired":true,"valueName":"search_term_string"}}],"inLanguage":"en-US"},{"@type":"Organization","@id":"https:\/\/www.textilegence.com\/en\/#organization","name":"Textilegence Magazine and Digital Platform","url":"https:\/\/www.textilegence.com\/en\/","logo":{"@type":"ImageObject","inLanguage":"en-US","@id":"https:\/\/www.textilegence.com\/en\/#\/schema\/logo\/image\/","url":"https:\/\/www.textilegence.com\/wp-content\/uploads\/2016\/11\/New_Retina_Logo_Textilegence.png","contentUrl":"https:\/\/www.textilegence.com\/wp-content\/uploads\/2016\/11\/New_Retina_Logo_Textilegence.png","width":544,"height":180,"caption":"Textilegence Magazine and Digital Platform"},"image":{"@id":"https:\/\/www.textilegence.com\/en\/#\/schema\/logo\/image\/"},"sameAs":["https:\/\/www.facebook.com\/TextilegenceMagazine","https:\/\/x.com\/textilegence","https:\/\/www.instagram.com\/textilegence\/","https:\/\/www.linkedin.com\/groups\/Textilegence-Magazine-Digital-Platform-4897253","https:\/\/www.youtube.com\/user\/textilegence"],"description":"Textilegence is a magazine and digital platform established in 2013. It focuses on the textile industry and sub-segments. The platform provides news, articles, and updates on various aspects of the textile industry, including sustainability, technological advancements, and market trends.","email":"editor@textilegence.com","telephone":"+90 212 442 24 12","legalName":"Textilegence Mag and Digital Platform","foundingDate":"2013-01-01","numberOfEmployees":{"@type":"QuantitativeValue","minValue":"1","maxValue":"10"}},{"@type":"Person","@id":"https:\/\/www.textilegence.com\/en\/#\/schema\/person\/46ccc7bfc34edbc7d46b6b189f88849f","name":"Engin Buz","image":{"@type":"ImageObject","inLanguage":"en-US","@id":"https:\/\/www.textilegence.com\/wp-content\/uploads\/2018\/12\/engin-buz.jpg","url":"https:\/\/www.textilegence.com\/wp-content\/uploads\/2018\/12\/engin-buz.jpg","contentUrl":"https:\/\/www.textilegence.com\/wp-content\/uploads\/2018\/12\/engin-buz.jpg","caption":"Engin Buz"},"description":"Engin Buz, Ankara \u00dcniversitesi \u0130leti\u015fim Fak\u00fcltesi Gazetecilik B\u00f6l\u00fcm\u00fc\u2019nden mezun olduktan sonra Y\u0131ld\u0131z Teknik \u00dcniversitesi\u2019nde Siyaset Bilimi ve Uluslararas\u0131 \u0130li\u015fkiler alan\u0131nda y\u00fcksek lisans\u0131n\u0131 tamamlam\u0131\u015ft\u0131r. 2000 y\u0131l\u0131ndan sonra \u00e7e\u015fitli yay\u0131nc\u0131l\u0131k \u015firketlerinde \u00e7al\u0131\u015fmaya ba\u015flayarak k\u00fclt\u00fcr-sanat ve daha sonra ekonomi haberleri haz\u0131rlam\u0131\u015ft\u0131r. 2009 y\u0131l\u0131ndan itibaren tekstil end\u00fcstrisine d\u00f6n\u00fck yay\u0131nlarda edit\u00f6r olarak g\u00f6rev alan Buz, 2013 itibariyle kurulan Textilegence\u2019de haber edit\u00f6r\u00fc olarak yer almaya ba\u015flam\u0131\u015ft\u0131r. Engin Buz halen ba\u015fta tekstil ve dijital bask\u0131 end\u00fcstrileri olmak \u00fczere ekonomi haberleri haz\u0131rlamaktad\u0131r.","sameAs":["https:\/\/www.textilegence.com","https:\/\/www.facebook.com\/TextilegenceMagazine","https:\/\/www.instagram.com\/textilegence\/","https:\/\/www.linkedin.com\/in\/engin-buz-6190799a\/","https:\/\/x.com\/https:\/\/twitter.com\/textilegence"],"url":"https:\/\/www.textilegence.com\/en\/author\/engin-buz\/"}]}},"_links":{"self":[{"href":"https:\/\/www.textilegence.com\/en\/wp-json\/wp\/v2\/posts\/25993","targetHints":{"allow":["GET"]}}],"collection":[{"href":"https:\/\/www.textilegence.com\/en\/wp-json\/wp\/v2\/posts"}],"about":[{"href":"https:\/\/www.textilegence.com\/en\/wp-json\/wp\/v2\/types\/post"}],"author":[{"embeddable":true,"href":"https:\/\/www.textilegence.com\/en\/wp-json\/wp\/v2\/users\/2"}],"replies":[{"embeddable":true,"href":"https:\/\/www.textilegence.com\/en\/wp-json\/wp\/v2\/comments?post=25993"}],"version-history":[{"count":0,"href":"https:\/\/www.textilegence.com\/en\/wp-json\/wp\/v2\/posts\/25993\/revisions"}],"wp:featuredmedia":[{"embeddable":true,"href":"https:\/\/www.textilegence.com\/en\/wp-json\/wp\/v2\/media\/25988"}],"wp:attachment":[{"href":"https:\/\/www.textilegence.com\/en\/wp-json\/wp\/v2\/media?parent=25993"}],"wp:term":[{"taxonomy":"category","embeddable":true,"href":"https:\/\/www.textilegence.com\/en\/wp-json\/wp\/v2\/categories?post=25993"},{"taxonomy":"post_tag","embeddable":true,"href":"https:\/\/www.textilegence.com\/en\/wp-json\/wp\/v2\/tags?post=25993"}],"curies":[{"name":"wp","href":"https:\/\/api.w.org\/{rel}","templated":true}]}}