{"id":26112,"date":"2018-08-28T13:44:01","date_gmt":"2018-08-28T10:44:01","guid":{"rendered":"http:\/\/www.textilegence.com\/?p=26112"},"modified":"2018-08-28T13:44:19","modified_gmt":"2018-08-28T10:44:19","slug":"fespa-eurasia-2018-momentum","status":"publish","type":"post","link":"https:\/\/www.textilegence.com\/en\/fespa-eurasia-2018-momentum\/","title":{"rendered":"FESPA Eurasia 2018 Builds Momentum For Sixth Edition"},"content":{"rendered":"<figure id=\"attachment_26110\" aria-describedby=\"caption-attachment-26110\" style=\"width: 324px\" class=\"wp-caption alignleft\"><img loading=\"lazy\" decoding=\"async\" class=\"size-full wp-image-26110\" src=\"https:\/\/www.textilegence.com\/wp-content\/uploads\/2018\/08\/fespa-eurasia-detail.jpg\" alt=\"FESPA Eurasia 2018 Builds Momentum For Sixth Edition\" width=\"324\" height=\"179\" \/><figcaption id=\"caption-attachment-26110\" class=\"wp-caption-text\">FESPA Eurasia 2018 Builds Momentum For Sixth Edition<\/figcaption><\/figure>\n<p style=\"text-align: justify;\">82% of visitors consider FESPA Eurasia the most important event in the region. FESPA Eurasia 2018, the region\u2019s leading event for screen, textile and digital wide format, returns to Istanbul, Turkey from 6 to 9 December 2018.<\/p>\n<p style=\"text-align: justify;\">2018 will be the sixth edition of the <a href=\"https:\/\/eurasia.fespa.com\/tr\" target=\"_blank\" rel=\"noopener\">exhibition<\/a>, which has gone from strength to strength, growing its visitor audience by 25% since <a href=\"https:\/\/www.textilegence.com\/en\/rise-with-fespa-eurasia-2018\/\" target=\"_blank\" rel=\"noopener\">the first event<\/a> in 2013. The last FESPA Eurasia, which took place in 2017 attracted 8,761 unique visitors. Roz Guarnori, Exhibitions Director at FESPA comments: \u201cSince the launch of FESPA Eurasia in 2013 we have developed our visitor proposition for the show, bringing both new and previous attendees to the show each year. The fact that more and more visitors are staying for longer than one day demonstrates that visitors are engaged with the exhibition and its relevance to the market. That\u2019s reflected in that over 82% of visitors consider FESPA Eurasia to be the most important show in the region to attend for their business.\u201d<\/p>\n<h1><strong>93% of visitors are decision makers <\/strong><\/h1>\n<p style=\"text-align: justify;\">Visitor data from FESPA Eurasia 2017 demonstrates the quality of visitors the event attracts; 93% of visitors to the event are decision makers or are involved in the decision making process. The data also shows that the average budget per visitor was \u20ac134,678, with 80% confirming they had plans to buy at the exhibition or within 12 months.<\/p>\n<p style=\"text-align: justify;\">Exhibitor, FPI Tekstil commented on the internationality of the audience and quality of visitors; \u201cWe were extremely pleased with FESPA Eurasia 2017. It gave us the opportunity to meet with market leaders and decision-makers from Turkey, Europe and North Africa. FESPA proved once again to be the right place for growing our business.\u201d\u00a0 Abdul Moghith Alkhawam \u2013 FPI Tekstil<\/p>\n<p style=\"text-align: justify;\">This year\u2019s event will take place at a new venue, Istanbul Expo Centre (\u0130FM), occupying two halls \u2013 9 and 10. The exhibition centre is located near the city centre and has multiple travel connections; making it an easy journey for visitors from Turkey and further afield. The move to the new venue for 2018 has enabled FESPA to offer more competitive rates for exhibitors; with savings of up to 40%.<\/p>\n<h2><strong>FESPA Eurasia 2018 with the partnership of ARED<\/strong><\/h2>\n<p style=\"text-align: justify;\">FESPA Eurasia is hosted in partnership with FESPA\u2019s Turkish Association, ARED; which means that the event will effectively reflect the needs and challenges of the regional Eurasia market. Roz continues: \u201cBeing a Federation of national Associations is one of our unique selling points. We work closely with our Associations to ensure that our events are tailored to the needs of the local audience. ARED runs the exhibition on the ground, ensuring that it will be relevant to today\u2019s print service providers in Eurasia. FESPA\u2019s global expertise in wide format print exhibitions will ensure that FESPA Eurasia 2018 will be the key event for speciality printers locally and further afield; and will continue its position as the region\u2019s premier event in this market.\u201d<\/p>\n<p style=\"text-align: justify;\">With the opportunity to meet and network with both leading and local manufacturers and access to free educational features; FESPA Eurasia is the most effective business event for both speciality print exhibitors; and print service providers in Eurasia in 2018.<\/p>\n","protected":false},"excerpt":{"rendered":"<p>82% of visitors consider FESPA Eurasia the most important event in the region. FESPA Eurasia 2018, the region\u2019s leading event for screen, textile and digital wide format, returns to Istanbul, Turkey from 6 to 9 December 2018. 2018 will be the sixth edition of the exhibition, which has gone from strength to strength, growing its [&hellip;]<\/p>\n","protected":false},"author":2,"featured_media":26108,"comment_status":"open","ping_status":"closed","sticky":false,"template":"","format":"standard","meta":{"footnotes":""},"categories":[9859,9845],"tags":[1122,10712,10149,10621,1045],"class_list":{"0":"post-26112","1":"post","2":"type-post","3":"status-publish","4":"format-standard","5":"has-post-thumbnail","7":"category-topical","8":"category-trade-fairs","9":"tag-ared","10":"tag-ared-en","11":"tag-fespa-eurasia-2018","12":"tag-fespa-eurasia-2018-en","13":"tag-ifm-expo-center"},"yoast_head":"<!-- This site is optimized with the Yoast SEO Premium plugin v27.3 (Yoast SEO v27.3) - https:\/\/yoast.com\/product\/yoast-seo-premium-wordpress\/ -->\n<title>FESPA Eurasia 2018 Builds Momentum For Sixth Edition - Textilegence<\/title>\n<meta name=\"description\" content=\"82% of visitors consider FESPA Eurasia the most important event in the region. FESPA Eurasia 2018, the region\u2019s leading event for screen, textile...\" \/>\n<meta name=\"robots\" content=\"index, follow, max-snippet:-1, max-image-preview:large, max-video-preview:-1\" \/>\n<link rel=\"canonical\" href=\"https:\/\/www.textilegence.com\/en\/fespa-eurasia-2018-momentum\/\" \/>\n<meta property=\"og:locale\" content=\"en_US\" \/>\n<meta property=\"og:type\" content=\"article\" \/>\n<meta property=\"og:title\" content=\"FESPA Eurasia 2018 Builds Momentum For Sixth Edition\" \/>\n<meta property=\"og:description\" content=\"82% of visitors consider FESPA Eurasia the most important event in the region. FESPA Eurasia 2018, the region\u2019s leading event for screen, textile and\" \/>\n<meta property=\"og:url\" content=\"https:\/\/www.textilegence.com\/en\/fespa-eurasia-2018-momentum\/\" \/>\n<meta property=\"og:site_name\" content=\"Textilegence Magazine and Digital Platform\" \/>\n<meta property=\"article:publisher\" content=\"https:\/\/www.facebook.com\/TextilegenceMagazine\" \/>\n<meta property=\"article:author\" content=\"https:\/\/www.facebook.com\/TextilegenceMagazine\" \/>\n<meta property=\"article:published_time\" content=\"2018-08-28T10:44:01+00:00\" \/>\n<meta property=\"article:modified_time\" content=\"2018-08-28T10:44:19+00:00\" \/>\n<meta property=\"og:image\" content=\"https:\/\/www.textilegence.com\/wp-content\/uploads\/2018\/08\/fespa-eurasia-textilegence.jpg\" \/>\n\t<meta property=\"og:image:width\" content=\"742\" \/>\n\t<meta property=\"og:image:height\" content=\"486\" \/>\n\t<meta property=\"og:image:type\" content=\"image\/jpeg\" \/>\n<meta name=\"author\" content=\"Engin Buz\" \/>\n<meta name=\"twitter:card\" content=\"summary_large_image\" \/>\n<meta name=\"twitter:creator\" content=\"@https:\/\/twitter.com\/textilegence\" \/>\n<meta name=\"twitter:site\" content=\"@textilegence\" \/>\n<meta name=\"twitter:label1\" content=\"Written by\" \/>\n\t<meta name=\"twitter:data1\" content=\"Engin Buz\" \/>\n\t<meta name=\"twitter:label2\" content=\"Est. reading time\" \/>\n\t<meta name=\"twitter:data2\" content=\"3 minutes\" \/>\n<script type=\"application\/ld+json\" class=\"yoast-schema-graph\">{\"@context\":\"https:\\\/\\\/schema.org\",\"@graph\":[{\"@type\":\"NewsArticle\",\"@id\":\"https:\\\/\\\/www.textilegence.com\\\/en\\\/fespa-eurasia-2018-momentum\\\/#article\",\"isPartOf\":{\"@id\":\"https:\\\/\\\/www.textilegence.com\\\/en\\\/fespa-eurasia-2018-momentum\\\/\"},\"author\":{\"name\":\"Engin Buz\",\"@id\":\"https:\\\/\\\/www.textilegence.com\\\/en\\\/#\\\/schema\\\/person\\\/46ccc7bfc34edbc7d46b6b189f88849f\"},\"headline\":\"FESPA Eurasia 2018 Builds Momentum For Sixth Edition\",\"datePublished\":\"2018-08-28T10:44:01+00:00\",\"dateModified\":\"2018-08-28T10:44:19+00:00\",\"mainEntityOfPage\":{\"@id\":\"https:\\\/\\\/www.textilegence.com\\\/en\\\/fespa-eurasia-2018-momentum\\\/\"},\"wordCount\":530,\"commentCount\":0,\"publisher\":{\"@id\":\"https:\\\/\\\/www.textilegence.com\\\/en\\\/#organization\"},\"image\":{\"@id\":\"https:\\\/\\\/www.textilegence.com\\\/en\\\/fespa-eurasia-2018-momentum\\\/#primaryimage\"},\"thumbnailUrl\":\"https:\\\/\\\/www.textilegence.com\\\/wp-content\\\/uploads\\\/2018\\\/08\\\/fespa-eurasia-textilegence.jpg\",\"keywords\":[\"ared\",\"ared\",\"fespa eurasia 2018\",\"fespa eurasia 2018\",\"IFM Expo Center\"],\"articleSection\":[\"Topical\",\"Trade Fairs\"],\"inLanguage\":\"en-US\",\"potentialAction\":[{\"@type\":\"CommentAction\",\"name\":\"Comment\",\"target\":[\"https:\\\/\\\/www.textilegence.com\\\/en\\\/fespa-eurasia-2018-momentum\\\/#respond\"]}]},{\"@type\":\"WebPage\",\"@id\":\"https:\\\/\\\/www.textilegence.com\\\/en\\\/fespa-eurasia-2018-momentum\\\/\",\"url\":\"https:\\\/\\\/www.textilegence.com\\\/en\\\/fespa-eurasia-2018-momentum\\\/\",\"name\":\"FESPA Eurasia 2018 Builds Momentum For Sixth Edition - Textilegence\",\"isPartOf\":{\"@id\":\"https:\\\/\\\/www.textilegence.com\\\/en\\\/#website\"},\"primaryImageOfPage\":{\"@id\":\"https:\\\/\\\/www.textilegence.com\\\/en\\\/fespa-eurasia-2018-momentum\\\/#primaryimage\"},\"image\":{\"@id\":\"https:\\\/\\\/www.textilegence.com\\\/en\\\/fespa-eurasia-2018-momentum\\\/#primaryimage\"},\"thumbnailUrl\":\"https:\\\/\\\/www.textilegence.com\\\/wp-content\\\/uploads\\\/2018\\\/08\\\/fespa-eurasia-textilegence.jpg\",\"datePublished\":\"2018-08-28T10:44:01+00:00\",\"dateModified\":\"2018-08-28T10:44:19+00:00\",\"description\":\"82% of visitors consider FESPA Eurasia the most important event in the region. FESPA Eurasia 2018, the region\u2019s leading event for screen, textile...\",\"breadcrumb\":{\"@id\":\"https:\\\/\\\/www.textilegence.com\\\/en\\\/fespa-eurasia-2018-momentum\\\/#breadcrumb\"},\"inLanguage\":\"en-US\",\"potentialAction\":[{\"@type\":\"ReadAction\",\"target\":[\"https:\\\/\\\/www.textilegence.com\\\/en\\\/fespa-eurasia-2018-momentum\\\/\"]}]},{\"@type\":\"ImageObject\",\"inLanguage\":\"en-US\",\"@id\":\"https:\\\/\\\/www.textilegence.com\\\/en\\\/fespa-eurasia-2018-momentum\\\/#primaryimage\",\"url\":\"https:\\\/\\\/www.textilegence.com\\\/wp-content\\\/uploads\\\/2018\\\/08\\\/fespa-eurasia-textilegence.jpg\",\"contentUrl\":\"https:\\\/\\\/www.textilegence.com\\\/wp-content\\\/uploads\\\/2018\\\/08\\\/fespa-eurasia-textilegence.jpg\",\"width\":742,\"height\":486},{\"@type\":\"BreadcrumbList\",\"@id\":\"https:\\\/\\\/www.textilegence.com\\\/en\\\/fespa-eurasia-2018-momentum\\\/#breadcrumb\",\"itemListElement\":[{\"@type\":\"ListItem\",\"position\":1,\"name\":\"Home Page\",\"item\":\"https:\\\/\\\/www.textilegence.com\\\/en\\\/homepage-the-rimont\\\/\"},{\"@type\":\"ListItem\",\"position\":2,\"name\":\"Topical\",\"item\":\"https:\\\/\\\/www.textilegence.com\\\/en\\\/category\\\/topical\\\/\"},{\"@type\":\"ListItem\",\"position\":3,\"name\":\"FESPA Eurasia 2018 Builds Momentum For Sixth Edition\"}]},{\"@type\":\"WebSite\",\"@id\":\"https:\\\/\\\/www.textilegence.com\\\/en\\\/#website\",\"url\":\"https:\\\/\\\/www.textilegence.com\\\/en\\\/\",\"name\":\"Textilegence Magazine and Digital Platform\",\"description\":\"Textile News Center\",\"publisher\":{\"@id\":\"https:\\\/\\\/www.textilegence.com\\\/en\\\/#organization\"},\"potentialAction\":[{\"@type\":\"SearchAction\",\"target\":{\"@type\":\"EntryPoint\",\"urlTemplate\":\"https:\\\/\\\/www.textilegence.com\\\/en\\\/?s={search_term_string}\"},\"query-input\":{\"@type\":\"PropertyValueSpecification\",\"valueRequired\":true,\"valueName\":\"search_term_string\"}}],\"inLanguage\":\"en-US\"},{\"@type\":\"Organization\",\"@id\":\"https:\\\/\\\/www.textilegence.com\\\/en\\\/#organization\",\"name\":\"Textilegence Magazine and Digital Platform\",\"url\":\"https:\\\/\\\/www.textilegence.com\\\/en\\\/\",\"logo\":{\"@type\":\"ImageObject\",\"inLanguage\":\"en-US\",\"@id\":\"https:\\\/\\\/www.textilegence.com\\\/en\\\/#\\\/schema\\\/logo\\\/image\\\/\",\"url\":\"https:\\\/\\\/www.textilegence.com\\\/wp-content\\\/uploads\\\/2016\\\/11\\\/New_Retina_Logo_Textilegence.png\",\"contentUrl\":\"https:\\\/\\\/www.textilegence.com\\\/wp-content\\\/uploads\\\/2016\\\/11\\\/New_Retina_Logo_Textilegence.png\",\"width\":544,\"height\":180,\"caption\":\"Textilegence Magazine and Digital Platform\"},\"image\":{\"@id\":\"https:\\\/\\\/www.textilegence.com\\\/en\\\/#\\\/schema\\\/logo\\\/image\\\/\"},\"sameAs\":[\"https:\\\/\\\/www.facebook.com\\\/TextilegenceMagazine\",\"https:\\\/\\\/x.com\\\/textilegence\",\"https:\\\/\\\/www.instagram.com\\\/textilegence\\\/\",\"https:\\\/\\\/www.linkedin.com\\\/groups\\\/Textilegence-Magazine-Digital-Platform-4897253\",\"https:\\\/\\\/www.youtube.com\\\/user\\\/textilegence\"],\"description\":\"Textilegence is a magazine and digital platform established in 2013. It focuses on the textile industry and sub-segments. The platform provides news, articles, and updates on various aspects of the textile industry, including sustainability, technological advancements, and market trends.\",\"email\":\"editor@textilegence.com\",\"telephone\":\"+90 212 442 24 12\",\"legalName\":\"Textilegence Mag and Digital Platform\",\"foundingDate\":\"2013-01-01\",\"numberOfEmployees\":{\"@type\":\"QuantitativeValue\",\"minValue\":\"1\",\"maxValue\":\"10\"}},{\"@type\":\"Person\",\"@id\":\"https:\\\/\\\/www.textilegence.com\\\/en\\\/#\\\/schema\\\/person\\\/46ccc7bfc34edbc7d46b6b189f88849f\",\"name\":\"Engin Buz\",\"image\":{\"@type\":\"ImageObject\",\"inLanguage\":\"en-US\",\"@id\":\"https:\\\/\\\/www.textilegence.com\\\/wp-content\\\/uploads\\\/2018\\\/12\\\/engin-buz.jpg\",\"url\":\"https:\\\/\\\/www.textilegence.com\\\/wp-content\\\/uploads\\\/2018\\\/12\\\/engin-buz.jpg\",\"contentUrl\":\"https:\\\/\\\/www.textilegence.com\\\/wp-content\\\/uploads\\\/2018\\\/12\\\/engin-buz.jpg\",\"caption\":\"Engin Buz\"},\"description\":\"Engin Buz, Ankara \u00dcniversitesi \u0130leti\u015fim Fak\u00fcltesi Gazetecilik B\u00f6l\u00fcm\u00fc\u2019nden mezun olduktan sonra Y\u0131ld\u0131z Teknik \u00dcniversitesi\u2019nde Siyaset Bilimi ve Uluslararas\u0131 \u0130li\u015fkiler alan\u0131nda y\u00fcksek lisans\u0131n\u0131 tamamlam\u0131\u015ft\u0131r. 2000 y\u0131l\u0131ndan sonra \u00e7e\u015fitli yay\u0131nc\u0131l\u0131k \u015firketlerinde \u00e7al\u0131\u015fmaya ba\u015flayarak k\u00fclt\u00fcr-sanat ve daha sonra ekonomi haberleri haz\u0131rlam\u0131\u015ft\u0131r. 2009 y\u0131l\u0131ndan itibaren tekstil end\u00fcstrisine d\u00f6n\u00fck yay\u0131nlarda edit\u00f6r olarak g\u00f6rev alan Buz, 2013 itibariyle kurulan Textilegence\u2019de haber edit\u00f6r\u00fc olarak yer almaya ba\u015flam\u0131\u015ft\u0131r. Engin Buz halen ba\u015fta tekstil ve dijital bask\u0131 end\u00fcstrileri olmak \u00fczere ekonomi haberleri haz\u0131rlamaktad\u0131r.\",\"sameAs\":[\"https:\\\/\\\/www.textilegence.com\",\"https:\\\/\\\/www.facebook.com\\\/TextilegenceMagazine\",\"https:\\\/\\\/www.instagram.com\\\/textilegence\\\/\",\"https:\\\/\\\/www.linkedin.com\\\/in\\\/engin-buz-6190799a\\\/\",\"https:\\\/\\\/x.com\\\/https:\\\/\\\/twitter.com\\\/textilegence\"],\"url\":\"https:\\\/\\\/www.textilegence.com\\\/en\\\/author\\\/engin-buz\\\/\"}]}<\/script>\n<!-- \/ Yoast SEO Premium plugin. -->","yoast_head_json":{"title":"FESPA Eurasia 2018 Builds Momentum For Sixth Edition - Textilegence","description":"82% of visitors consider FESPA Eurasia the most important event in the region. FESPA Eurasia 2018, the region\u2019s leading event for screen, textile...","robots":{"index":"index","follow":"follow","max-snippet":"max-snippet:-1","max-image-preview":"max-image-preview:large","max-video-preview":"max-video-preview:-1"},"canonical":"https:\/\/www.textilegence.com\/en\/fespa-eurasia-2018-momentum\/","og_locale":"en_US","og_type":"article","og_title":"FESPA Eurasia 2018 Builds Momentum For Sixth Edition","og_description":"82% of visitors consider FESPA Eurasia the most important event in the region. FESPA Eurasia 2018, the region\u2019s leading event for screen, textile and","og_url":"https:\/\/www.textilegence.com\/en\/fespa-eurasia-2018-momentum\/","og_site_name":"Textilegence Magazine and Digital Platform","article_publisher":"https:\/\/www.facebook.com\/TextilegenceMagazine","article_author":"https:\/\/www.facebook.com\/TextilegenceMagazine","article_published_time":"2018-08-28T10:44:01+00:00","article_modified_time":"2018-08-28T10:44:19+00:00","og_image":[{"width":742,"height":486,"url":"https:\/\/www.textilegence.com\/wp-content\/uploads\/2018\/08\/fespa-eurasia-textilegence.jpg","type":"image\/jpeg"}],"author":"Engin Buz","twitter_card":"summary_large_image","twitter_creator":"@https:\/\/twitter.com\/textilegence","twitter_site":"@textilegence","twitter_misc":{"Written by":"Engin Buz","Est. reading time":"3 minutes"},"schema":{"@context":"https:\/\/schema.org","@graph":[{"@type":"NewsArticle","@id":"https:\/\/www.textilegence.com\/en\/fespa-eurasia-2018-momentum\/#article","isPartOf":{"@id":"https:\/\/www.textilegence.com\/en\/fespa-eurasia-2018-momentum\/"},"author":{"name":"Engin Buz","@id":"https:\/\/www.textilegence.com\/en\/#\/schema\/person\/46ccc7bfc34edbc7d46b6b189f88849f"},"headline":"FESPA Eurasia 2018 Builds Momentum For Sixth Edition","datePublished":"2018-08-28T10:44:01+00:00","dateModified":"2018-08-28T10:44:19+00:00","mainEntityOfPage":{"@id":"https:\/\/www.textilegence.com\/en\/fespa-eurasia-2018-momentum\/"},"wordCount":530,"commentCount":0,"publisher":{"@id":"https:\/\/www.textilegence.com\/en\/#organization"},"image":{"@id":"https:\/\/www.textilegence.com\/en\/fespa-eurasia-2018-momentum\/#primaryimage"},"thumbnailUrl":"https:\/\/www.textilegence.com\/wp-content\/uploads\/2018\/08\/fespa-eurasia-textilegence.jpg","keywords":["ared","ared","fespa eurasia 2018","fespa eurasia 2018","IFM Expo Center"],"articleSection":["Topical","Trade Fairs"],"inLanguage":"en-US","potentialAction":[{"@type":"CommentAction","name":"Comment","target":["https:\/\/www.textilegence.com\/en\/fespa-eurasia-2018-momentum\/#respond"]}]},{"@type":"WebPage","@id":"https:\/\/www.textilegence.com\/en\/fespa-eurasia-2018-momentum\/","url":"https:\/\/www.textilegence.com\/en\/fespa-eurasia-2018-momentum\/","name":"FESPA Eurasia 2018 Builds Momentum For Sixth Edition - Textilegence","isPartOf":{"@id":"https:\/\/www.textilegence.com\/en\/#website"},"primaryImageOfPage":{"@id":"https:\/\/www.textilegence.com\/en\/fespa-eurasia-2018-momentum\/#primaryimage"},"image":{"@id":"https:\/\/www.textilegence.com\/en\/fespa-eurasia-2018-momentum\/#primaryimage"},"thumbnailUrl":"https:\/\/www.textilegence.com\/wp-content\/uploads\/2018\/08\/fespa-eurasia-textilegence.jpg","datePublished":"2018-08-28T10:44:01+00:00","dateModified":"2018-08-28T10:44:19+00:00","description":"82% of visitors consider FESPA Eurasia the most important event in the region. FESPA Eurasia 2018, the region\u2019s leading event for screen, textile...","breadcrumb":{"@id":"https:\/\/www.textilegence.com\/en\/fespa-eurasia-2018-momentum\/#breadcrumb"},"inLanguage":"en-US","potentialAction":[{"@type":"ReadAction","target":["https:\/\/www.textilegence.com\/en\/fespa-eurasia-2018-momentum\/"]}]},{"@type":"ImageObject","inLanguage":"en-US","@id":"https:\/\/www.textilegence.com\/en\/fespa-eurasia-2018-momentum\/#primaryimage","url":"https:\/\/www.textilegence.com\/wp-content\/uploads\/2018\/08\/fespa-eurasia-textilegence.jpg","contentUrl":"https:\/\/www.textilegence.com\/wp-content\/uploads\/2018\/08\/fespa-eurasia-textilegence.jpg","width":742,"height":486},{"@type":"BreadcrumbList","@id":"https:\/\/www.textilegence.com\/en\/fespa-eurasia-2018-momentum\/#breadcrumb","itemListElement":[{"@type":"ListItem","position":1,"name":"Home Page","item":"https:\/\/www.textilegence.com\/en\/homepage-the-rimont\/"},{"@type":"ListItem","position":2,"name":"Topical","item":"https:\/\/www.textilegence.com\/en\/category\/topical\/"},{"@type":"ListItem","position":3,"name":"FESPA Eurasia 2018 Builds Momentum For Sixth Edition"}]},{"@type":"WebSite","@id":"https:\/\/www.textilegence.com\/en\/#website","url":"https:\/\/www.textilegence.com\/en\/","name":"Textilegence Magazine and Digital Platform","description":"Textile News Center","publisher":{"@id":"https:\/\/www.textilegence.com\/en\/#organization"},"potentialAction":[{"@type":"SearchAction","target":{"@type":"EntryPoint","urlTemplate":"https:\/\/www.textilegence.com\/en\/?s={search_term_string}"},"query-input":{"@type":"PropertyValueSpecification","valueRequired":true,"valueName":"search_term_string"}}],"inLanguage":"en-US"},{"@type":"Organization","@id":"https:\/\/www.textilegence.com\/en\/#organization","name":"Textilegence Magazine and Digital Platform","url":"https:\/\/www.textilegence.com\/en\/","logo":{"@type":"ImageObject","inLanguage":"en-US","@id":"https:\/\/www.textilegence.com\/en\/#\/schema\/logo\/image\/","url":"https:\/\/www.textilegence.com\/wp-content\/uploads\/2016\/11\/New_Retina_Logo_Textilegence.png","contentUrl":"https:\/\/www.textilegence.com\/wp-content\/uploads\/2016\/11\/New_Retina_Logo_Textilegence.png","width":544,"height":180,"caption":"Textilegence Magazine and Digital Platform"},"image":{"@id":"https:\/\/www.textilegence.com\/en\/#\/schema\/logo\/image\/"},"sameAs":["https:\/\/www.facebook.com\/TextilegenceMagazine","https:\/\/x.com\/textilegence","https:\/\/www.instagram.com\/textilegence\/","https:\/\/www.linkedin.com\/groups\/Textilegence-Magazine-Digital-Platform-4897253","https:\/\/www.youtube.com\/user\/textilegence"],"description":"Textilegence is a magazine and digital platform established in 2013. It focuses on the textile industry and sub-segments. The platform provides news, articles, and updates on various aspects of the textile industry, including sustainability, technological advancements, and market trends.","email":"editor@textilegence.com","telephone":"+90 212 442 24 12","legalName":"Textilegence Mag and Digital Platform","foundingDate":"2013-01-01","numberOfEmployees":{"@type":"QuantitativeValue","minValue":"1","maxValue":"10"}},{"@type":"Person","@id":"https:\/\/www.textilegence.com\/en\/#\/schema\/person\/46ccc7bfc34edbc7d46b6b189f88849f","name":"Engin Buz","image":{"@type":"ImageObject","inLanguage":"en-US","@id":"https:\/\/www.textilegence.com\/wp-content\/uploads\/2018\/12\/engin-buz.jpg","url":"https:\/\/www.textilegence.com\/wp-content\/uploads\/2018\/12\/engin-buz.jpg","contentUrl":"https:\/\/www.textilegence.com\/wp-content\/uploads\/2018\/12\/engin-buz.jpg","caption":"Engin Buz"},"description":"Engin Buz, Ankara \u00dcniversitesi \u0130leti\u015fim Fak\u00fcltesi Gazetecilik B\u00f6l\u00fcm\u00fc\u2019nden mezun olduktan sonra Y\u0131ld\u0131z Teknik \u00dcniversitesi\u2019nde Siyaset Bilimi ve Uluslararas\u0131 \u0130li\u015fkiler alan\u0131nda y\u00fcksek lisans\u0131n\u0131 tamamlam\u0131\u015ft\u0131r. 2000 y\u0131l\u0131ndan sonra \u00e7e\u015fitli yay\u0131nc\u0131l\u0131k \u015firketlerinde \u00e7al\u0131\u015fmaya ba\u015flayarak k\u00fclt\u00fcr-sanat ve daha sonra ekonomi haberleri haz\u0131rlam\u0131\u015ft\u0131r. 2009 y\u0131l\u0131ndan itibaren tekstil end\u00fcstrisine d\u00f6n\u00fck yay\u0131nlarda edit\u00f6r olarak g\u00f6rev alan Buz, 2013 itibariyle kurulan Textilegence\u2019de haber edit\u00f6r\u00fc olarak yer almaya ba\u015flam\u0131\u015ft\u0131r. Engin Buz halen ba\u015fta tekstil ve dijital bask\u0131 end\u00fcstrileri olmak \u00fczere ekonomi haberleri haz\u0131rlamaktad\u0131r.","sameAs":["https:\/\/www.textilegence.com","https:\/\/www.facebook.com\/TextilegenceMagazine","https:\/\/www.instagram.com\/textilegence\/","https:\/\/www.linkedin.com\/in\/engin-buz-6190799a\/","https:\/\/x.com\/https:\/\/twitter.com\/textilegence"],"url":"https:\/\/www.textilegence.com\/en\/author\/engin-buz\/"}]}},"_links":{"self":[{"href":"https:\/\/www.textilegence.com\/en\/wp-json\/wp\/v2\/posts\/26112","targetHints":{"allow":["GET"]}}],"collection":[{"href":"https:\/\/www.textilegence.com\/en\/wp-json\/wp\/v2\/posts"}],"about":[{"href":"https:\/\/www.textilegence.com\/en\/wp-json\/wp\/v2\/types\/post"}],"author":[{"embeddable":true,"href":"https:\/\/www.textilegence.com\/en\/wp-json\/wp\/v2\/users\/2"}],"replies":[{"embeddable":true,"href":"https:\/\/www.textilegence.com\/en\/wp-json\/wp\/v2\/comments?post=26112"}],"version-history":[{"count":0,"href":"https:\/\/www.textilegence.com\/en\/wp-json\/wp\/v2\/posts\/26112\/revisions"}],"wp:featuredmedia":[{"embeddable":true,"href":"https:\/\/www.textilegence.com\/en\/wp-json\/wp\/v2\/media\/26108"}],"wp:attachment":[{"href":"https:\/\/www.textilegence.com\/en\/wp-json\/wp\/v2\/media?parent=26112"}],"wp:term":[{"taxonomy":"category","embeddable":true,"href":"https:\/\/www.textilegence.com\/en\/wp-json\/wp\/v2\/categories?post=26112"},{"taxonomy":"post_tag","embeddable":true,"href":"https:\/\/www.textilegence.com\/en\/wp-json\/wp\/v2\/tags?post=26112"}],"curies":[{"name":"wp","href":"https:\/\/api.w.org\/{rel}","templated":true}]}}