{"id":26478,"date":"2018-09-25T11:01:27","date_gmt":"2018-09-25T08:01:27","guid":{"rendered":"http:\/\/www.textilegence.com\/?p=26478"},"modified":"2018-12-13T17:03:26","modified_gmt":"2018-12-13T14:03:26","slug":"lenzing-sustainability-panel","status":"publish","type":"post","link":"https:\/\/www.textilegence.com\/en\/lenzing-sustainability-panel\/","title":{"rendered":"Lenzing Sustainability Panel Received a Lot of Attention"},"content":{"rendered":"<figure id=\"attachment_26476\" aria-describedby=\"caption-attachment-26476\" style=\"width: 324px\" class=\"wp-caption alignleft\"><img loading=\"lazy\" decoding=\"async\" class=\"size-full wp-image-26476\" src=\"https:\/\/www.textilegence.com\/wp-content\/uploads\/2018\/09\/lenzing-detail.jpg\" alt=\"Lenzing Sustainability Panel Received a lot of Attention\" width=\"324\" height=\"179\" \/><figcaption id=\"caption-attachment-26476\" class=\"wp-caption-text\">Lenzing Sustainability Panel Received a lot of Attention<\/figcaption><\/figure>\n<p style=\"text-align: justify;\"><strong>Lenzing, one of the main sponsors of Mercedes-Benz Fashion Week Istanbul (MBFWI), once again demonstrated their commitment to this issue through the Sustainability Panel. Attended by the movers and shakers of the industry, the panel attracted great attention.<\/strong><\/p>\n<p style=\"text-align: justify;\"><a href=\"https:\/\/www.lenzing.com\/en\/\" target=\"_blank\" rel=\"noopener\">Lenzing<\/a> Group produces cellulose fibers from renewable semi-naturalwood with eco-conscious production processes, and showed their commitment to sustainability in the Turkish textile and fashion industry. One of the main sponsors of Mercedes-Benz Fashion Week Istanbul (MBFWI) which took place between 11<sup>th<\/sup> and 14<sup>th <\/sup>September, Lenzing organized a Sustainability Panel as part of the fashion week. Moderated by the Brand AmbassadorFerhan \u0130stanbullu, Lenzing Turkey, Middle East and Africa Business Development and Marketing Manager Hale Sara\u00e7o\u011flu, Amanda Johnston from the The Sustainable Angle team and Simone Seisl from Textile Exchange took part as a speaker at the panel. The panel was followed by an intense audience from textile, apparel, fashion and design industries.<\/p>\n<h1 style=\"text-align: justify;\"><strong>Sustainability Panel, Hale Sara\u00e7o\u011flu: Lenzing is one of the most sustainable companies of the industry<\/strong><\/h1>\n<p style=\"text-align: justify;\">Lenzing Turkey, Middle East and Africa Business Development and Marketing Manager Hale Sara\u00e7o\u011flu said that one of the <a href=\"https:\/\/www.textilegence.com\/en\/lenzing-raises-sustainability\/\" target=\"_blank\" rel=\"noopener\">main strategies<\/a> of the company is sustainability. Voicing the textile industry produces about 100 million tons of fibers annually. \u201cRoughly 60% of this is synthetic, 20% cotton and 6.2% of it is cellulosic fibers produced from wood based renewable raw materials\u201d. Stating that Lenzing produces viscose, modal and lyocell fiber types on a commercial scale, Sara\u00e7o\u011flu underlined that they are acting with environment-friendly principles in the process of raw material procurement and production in line with their sustainability strategies. Sara\u00e7o\u011flu continued her words as follows;<\/p>\n<p style=\"text-align: justify;\">\u201cThe roof brand for lyocell and modal fibers we produce is TENCEL\u2122 and one of our brand promises is sustainable production. Lenzing produces with very high environmental standards and sustainable management principles. Our fibers biodegrade \u00a0in the soil and in the sea and can return back to the nature. As one of the most sustainable companies in the industry, we have proved our commitment with a large number of international sustainability certificates that we have obtained for our business processes.\u201d<\/p>\n<h2 style=\"text-align: justify;\"><strong>Amanda Johnston: consumers must read the labels during shopping<\/strong><\/h2>\n<p style=\"text-align: justify;\">Amanda Johnston of The Sustainable Angle; non-profit organization which works to contribute to the minimization of environmental impacts in the production process; spoke at the panel. Johnston noted that it is needed to act without wasting time about the world\u2019s resources.<\/p>\n<p style=\"text-align: justify;\">\u201cNowadays, consumers are doing textile shopping unconsciously\u201d said Johnston, and continued saying; \u201cHowever, if the consumers read the label of the product they bought; where the fabric came from, what raw material it was made from and the conditions under which it was made; they would understand the environmental impact of this process and make more informed choices. Unfortunately, we are mistreating the world we live in. We are consuming as it will not end, but we cannot continue. We are at a point to worry about the world&#8217;s resources, and therefore we need to take action without delay.\u201d<\/p>\n<h3 style=\"text-align: justify;\"><strong>Simone Seisl: transformation will take place step by step <\/strong><\/h3>\n<p style=\"text-align: justify;\">Simone Seisl from Textile Exchange, a nonprofit organization that aims for sustainability in textile production; pointed out that everyone, from producers to consumers, have responsibilities. Stressing that the change will take place step by step; Seisl said that everyone is on the same ship for an important issue like global climate change; and there is no luxury to blame it on someone else.<\/p>\n<p style=\"text-align: justify;\">Seisl; \u201cOf course we don&#8217;t expect anyone to change at a moment\u2019s notice, but starting today we must initiate this movement. For example, we all know how down feather production has damaged animals in some cases. As Textile Exchange, we have increased the amount of birds that have not been damaged in this way; to 550 million in the last two years working with 80 brands; by playing a role in improving the conditions in which birds are kept and making them harmless. This is a great success.\u201d<\/p>\n<p style=\"text-align: justify;\">Simone Seisl also recalled that Turkey is one of the most important global players in the denim production; and underlined that he believes that much more successful work will be accomplished in future years for denim recycling.<\/p>\n<p style=\"text-align: justify;\">Lenzing did not attract attention only with the Sustainability Panel during the fashion week. Meltem \u00d6zbek and Giray Sepin&#8217;s Spring \/ Summer 2019 collections prepared with the fabrics produced by the company&#8217;s TENCEL\u2122 branded fibers won great acclaim from the fashion lovers.<\/p>\n","protected":false},"excerpt":{"rendered":"<p>Lenzing, one of the main sponsors of Mercedes-Benz Fashion Week Istanbul (MBFWI), once again demonstrated their commitment to this issue through the Sustainability Panel. Attended by the movers and shakers of the industry, the panel attracted great attention. Lenzing Group produces cellulose fibers from renewable semi-naturalwood with eco-conscious production processes, and showed their commitment to [&hellip;]<\/p>\n","protected":false},"author":2,"featured_media":26474,"comment_status":"open","ping_status":"closed","sticky":false,"template":"","format":"standard","meta":{"footnotes":""},"categories":[9857,9859],"tags":[10060,10484,10485,1917,11143],"class_list":{"0":"post-26478","1":"post","2":"type-post","3":"status-publish","4":"format-standard","5":"has-post-thumbnail","7":"category-spinning","8":"category-topical","9":"tag-lenzing-en","10":"tag-mercedes-benz-fashion-week-istanbul","11":"tag-panel","12":"tag-sustainability","13":"tag-sustainability-en"},"yoast_head":"<!-- This site is optimized with the Yoast SEO Premium plugin v27.3 (Yoast SEO v27.3) - https:\/\/yoast.com\/product\/yoast-seo-premium-wordpress\/ -->\n<title>Lenzing Sustainability Panel Received a lot of Attention - Textilegence<\/title>\n<meta name=\"description\" content=\"Lenzing, once again demonstrated their commitment to this issue through the Sustainability Panel. Attended by the movers and shakers of the industry...\" \/>\n<meta name=\"robots\" content=\"index, follow, max-snippet:-1, max-image-preview:large, max-video-preview:-1\" \/>\n<link rel=\"canonical\" href=\"https:\/\/www.textilegence.com\/en\/lenzing-sustainability-panel\/\" \/>\n<meta property=\"og:locale\" content=\"en_US\" \/>\n<meta property=\"og:type\" content=\"article\" \/>\n<meta property=\"og:title\" content=\"Lenzing Sustainability Panel Received a Lot of Attention\" \/>\n<meta property=\"og:description\" content=\"Lenzing, one of the main sponsors of Mercedes-Benz Fashion Week Istanbul (MBFWI), once again demonstrated their commitment to this issue through the\" \/>\n<meta property=\"og:url\" content=\"https:\/\/www.textilegence.com\/en\/lenzing-sustainability-panel\/\" \/>\n<meta property=\"og:site_name\" content=\"Textilegence Magazine and Digital Platform\" \/>\n<meta property=\"article:publisher\" content=\"https:\/\/www.facebook.com\/TextilegenceMagazine\" \/>\n<meta property=\"article:author\" content=\"https:\/\/www.facebook.com\/TextilegenceMagazine\" \/>\n<meta property=\"article:published_time\" content=\"2018-09-25T08:01:27+00:00\" \/>\n<meta property=\"article:modified_time\" content=\"2018-12-13T14:03:26+00:00\" \/>\n<meta property=\"og:image\" content=\"https:\/\/www.textilegence.com\/wp-content\/uploads\/2018\/09\/lenzing-textilegence.jpg\" \/>\n\t<meta property=\"og:image:width\" content=\"742\" \/>\n\t<meta property=\"og:image:height\" content=\"486\" \/>\n\t<meta property=\"og:image:type\" content=\"image\/jpeg\" \/>\n<meta name=\"author\" content=\"Engin Buz\" \/>\n<meta name=\"twitter:card\" content=\"summary_large_image\" \/>\n<meta name=\"twitter:creator\" content=\"@https:\/\/twitter.com\/textilegence\" \/>\n<meta name=\"twitter:site\" content=\"@textilegence\" \/>\n<meta name=\"twitter:label1\" content=\"Written by\" \/>\n\t<meta name=\"twitter:data1\" content=\"Engin Buz\" \/>\n\t<meta name=\"twitter:label2\" content=\"Est. reading time\" \/>\n\t<meta name=\"twitter:data2\" content=\"4 minutes\" \/>\n<script type=\"application\/ld+json\" class=\"yoast-schema-graph\">{\"@context\":\"https:\\\/\\\/schema.org\",\"@graph\":[{\"@type\":\"NewsArticle\",\"@id\":\"https:\\\/\\\/www.textilegence.com\\\/en\\\/lenzing-sustainability-panel\\\/#article\",\"isPartOf\":{\"@id\":\"https:\\\/\\\/www.textilegence.com\\\/en\\\/lenzing-sustainability-panel\\\/\"},\"author\":{\"name\":\"Engin Buz\",\"@id\":\"https:\\\/\\\/www.textilegence.com\\\/en\\\/#\\\/schema\\\/person\\\/46ccc7bfc34edbc7d46b6b189f88849f\"},\"headline\":\"Lenzing Sustainability Panel Received a Lot of Attention\",\"datePublished\":\"2018-09-25T08:01:27+00:00\",\"dateModified\":\"2018-12-13T14:03:26+00:00\",\"mainEntityOfPage\":{\"@id\":\"https:\\\/\\\/www.textilegence.com\\\/en\\\/lenzing-sustainability-panel\\\/\"},\"wordCount\":766,\"commentCount\":0,\"publisher\":{\"@id\":\"https:\\\/\\\/www.textilegence.com\\\/en\\\/#organization\"},\"image\":{\"@id\":\"https:\\\/\\\/www.textilegence.com\\\/en\\\/lenzing-sustainability-panel\\\/#primaryimage\"},\"thumbnailUrl\":\"https:\\\/\\\/www.textilegence.com\\\/wp-content\\\/uploads\\\/2018\\\/09\\\/lenzing-textilegence.jpg\",\"keywords\":[\"lenzing\",\"mercedes-benz fashion week istanbul\",\"panel\",\"sustainability\",\"sustainability\"],\"articleSection\":[\"Spinning\",\"Topical\"],\"inLanguage\":\"en-US\",\"potentialAction\":[{\"@type\":\"CommentAction\",\"name\":\"Comment\",\"target\":[\"https:\\\/\\\/www.textilegence.com\\\/en\\\/lenzing-sustainability-panel\\\/#respond\"]}]},{\"@type\":\"WebPage\",\"@id\":\"https:\\\/\\\/www.textilegence.com\\\/en\\\/lenzing-sustainability-panel\\\/\",\"url\":\"https:\\\/\\\/www.textilegence.com\\\/en\\\/lenzing-sustainability-panel\\\/\",\"name\":\"Lenzing Sustainability Panel Received a lot of Attention - Textilegence\",\"isPartOf\":{\"@id\":\"https:\\\/\\\/www.textilegence.com\\\/en\\\/#website\"},\"primaryImageOfPage\":{\"@id\":\"https:\\\/\\\/www.textilegence.com\\\/en\\\/lenzing-sustainability-panel\\\/#primaryimage\"},\"image\":{\"@id\":\"https:\\\/\\\/www.textilegence.com\\\/en\\\/lenzing-sustainability-panel\\\/#primaryimage\"},\"thumbnailUrl\":\"https:\\\/\\\/www.textilegence.com\\\/wp-content\\\/uploads\\\/2018\\\/09\\\/lenzing-textilegence.jpg\",\"datePublished\":\"2018-09-25T08:01:27+00:00\",\"dateModified\":\"2018-12-13T14:03:26+00:00\",\"description\":\"Lenzing, once again demonstrated their commitment to this issue through the Sustainability Panel. Attended by the movers and shakers of the industry...\",\"breadcrumb\":{\"@id\":\"https:\\\/\\\/www.textilegence.com\\\/en\\\/lenzing-sustainability-panel\\\/#breadcrumb\"},\"inLanguage\":\"en-US\",\"potentialAction\":[{\"@type\":\"ReadAction\",\"target\":[\"https:\\\/\\\/www.textilegence.com\\\/en\\\/lenzing-sustainability-panel\\\/\"]}]},{\"@type\":\"ImageObject\",\"inLanguage\":\"en-US\",\"@id\":\"https:\\\/\\\/www.textilegence.com\\\/en\\\/lenzing-sustainability-panel\\\/#primaryimage\",\"url\":\"https:\\\/\\\/www.textilegence.com\\\/wp-content\\\/uploads\\\/2018\\\/09\\\/lenzing-textilegence.jpg\",\"contentUrl\":\"https:\\\/\\\/www.textilegence.com\\\/wp-content\\\/uploads\\\/2018\\\/09\\\/lenzing-textilegence.jpg\",\"width\":742,\"height\":486},{\"@type\":\"BreadcrumbList\",\"@id\":\"https:\\\/\\\/www.textilegence.com\\\/en\\\/lenzing-sustainability-panel\\\/#breadcrumb\",\"itemListElement\":[{\"@type\":\"ListItem\",\"position\":1,\"name\":\"Home Page\",\"item\":\"https:\\\/\\\/www.textilegence.com\\\/en\\\/homepage-the-rimont\\\/\"},{\"@type\":\"ListItem\",\"position\":2,\"name\":\"Spinning\",\"item\":\"https:\\\/\\\/www.textilegence.com\\\/en\\\/category\\\/spinning\\\/\"},{\"@type\":\"ListItem\",\"position\":3,\"name\":\"Lenzing Sustainability Panel Received a Lot of Attention\"}]},{\"@type\":\"WebSite\",\"@id\":\"https:\\\/\\\/www.textilegence.com\\\/en\\\/#website\",\"url\":\"https:\\\/\\\/www.textilegence.com\\\/en\\\/\",\"name\":\"Textilegence Magazine and Digital Platform\",\"description\":\"Textile News Center\",\"publisher\":{\"@id\":\"https:\\\/\\\/www.textilegence.com\\\/en\\\/#organization\"},\"potentialAction\":[{\"@type\":\"SearchAction\",\"target\":{\"@type\":\"EntryPoint\",\"urlTemplate\":\"https:\\\/\\\/www.textilegence.com\\\/en\\\/?s={search_term_string}\"},\"query-input\":{\"@type\":\"PropertyValueSpecification\",\"valueRequired\":true,\"valueName\":\"search_term_string\"}}],\"inLanguage\":\"en-US\"},{\"@type\":\"Organization\",\"@id\":\"https:\\\/\\\/www.textilegence.com\\\/en\\\/#organization\",\"name\":\"Textilegence Magazine and Digital Platform\",\"url\":\"https:\\\/\\\/www.textilegence.com\\\/en\\\/\",\"logo\":{\"@type\":\"ImageObject\",\"inLanguage\":\"en-US\",\"@id\":\"https:\\\/\\\/www.textilegence.com\\\/en\\\/#\\\/schema\\\/logo\\\/image\\\/\",\"url\":\"https:\\\/\\\/www.textilegence.com\\\/wp-content\\\/uploads\\\/2016\\\/11\\\/New_Retina_Logo_Textilegence.png\",\"contentUrl\":\"https:\\\/\\\/www.textilegence.com\\\/wp-content\\\/uploads\\\/2016\\\/11\\\/New_Retina_Logo_Textilegence.png\",\"width\":544,\"height\":180,\"caption\":\"Textilegence Magazine and Digital Platform\"},\"image\":{\"@id\":\"https:\\\/\\\/www.textilegence.com\\\/en\\\/#\\\/schema\\\/logo\\\/image\\\/\"},\"sameAs\":[\"https:\\\/\\\/www.facebook.com\\\/TextilegenceMagazine\",\"https:\\\/\\\/x.com\\\/textilegence\",\"https:\\\/\\\/www.instagram.com\\\/textilegence\\\/\",\"https:\\\/\\\/www.linkedin.com\\\/groups\\\/Textilegence-Magazine-Digital-Platform-4897253\",\"https:\\\/\\\/www.youtube.com\\\/user\\\/textilegence\"],\"description\":\"Textilegence is a magazine and digital platform established in 2013. It focuses on the textile industry and sub-segments. The platform provides news, articles, and updates on various aspects of the textile industry, including sustainability, technological advancements, and market trends.\",\"email\":\"editor@textilegence.com\",\"telephone\":\"+90 212 442 24 12\",\"legalName\":\"Textilegence Mag and Digital Platform\",\"foundingDate\":\"2013-01-01\",\"numberOfEmployees\":{\"@type\":\"QuantitativeValue\",\"minValue\":\"1\",\"maxValue\":\"10\"}},{\"@type\":\"Person\",\"@id\":\"https:\\\/\\\/www.textilegence.com\\\/en\\\/#\\\/schema\\\/person\\\/46ccc7bfc34edbc7d46b6b189f88849f\",\"name\":\"Engin Buz\",\"image\":{\"@type\":\"ImageObject\",\"inLanguage\":\"en-US\",\"@id\":\"https:\\\/\\\/www.textilegence.com\\\/wp-content\\\/uploads\\\/2018\\\/12\\\/engin-buz.jpg\",\"url\":\"https:\\\/\\\/www.textilegence.com\\\/wp-content\\\/uploads\\\/2018\\\/12\\\/engin-buz.jpg\",\"contentUrl\":\"https:\\\/\\\/www.textilegence.com\\\/wp-content\\\/uploads\\\/2018\\\/12\\\/engin-buz.jpg\",\"caption\":\"Engin Buz\"},\"description\":\"Engin Buz, Ankara \u00dcniversitesi \u0130leti\u015fim Fak\u00fcltesi Gazetecilik B\u00f6l\u00fcm\u00fc\u2019nden mezun olduktan sonra Y\u0131ld\u0131z Teknik \u00dcniversitesi\u2019nde Siyaset Bilimi ve Uluslararas\u0131 \u0130li\u015fkiler alan\u0131nda y\u00fcksek lisans\u0131n\u0131 tamamlam\u0131\u015ft\u0131r. 2000 y\u0131l\u0131ndan sonra \u00e7e\u015fitli yay\u0131nc\u0131l\u0131k \u015firketlerinde \u00e7al\u0131\u015fmaya ba\u015flayarak k\u00fclt\u00fcr-sanat ve daha sonra ekonomi haberleri haz\u0131rlam\u0131\u015ft\u0131r. 2009 y\u0131l\u0131ndan itibaren tekstil end\u00fcstrisine d\u00f6n\u00fck yay\u0131nlarda edit\u00f6r olarak g\u00f6rev alan Buz, 2013 itibariyle kurulan Textilegence\u2019de haber edit\u00f6r\u00fc olarak yer almaya ba\u015flam\u0131\u015ft\u0131r. Engin Buz halen ba\u015fta tekstil ve dijital bask\u0131 end\u00fcstrileri olmak \u00fczere ekonomi haberleri haz\u0131rlamaktad\u0131r.\",\"sameAs\":[\"https:\\\/\\\/www.textilegence.com\",\"https:\\\/\\\/www.facebook.com\\\/TextilegenceMagazine\",\"https:\\\/\\\/www.instagram.com\\\/textilegence\\\/\",\"https:\\\/\\\/www.linkedin.com\\\/in\\\/engin-buz-6190799a\\\/\",\"https:\\\/\\\/x.com\\\/https:\\\/\\\/twitter.com\\\/textilegence\"],\"url\":\"https:\\\/\\\/www.textilegence.com\\\/en\\\/author\\\/engin-buz\\\/\"}]}<\/script>\n<!-- \/ Yoast SEO Premium plugin. -->","yoast_head_json":{"title":"Lenzing Sustainability Panel Received a lot of Attention - Textilegence","description":"Lenzing, once again demonstrated their commitment to this issue through the Sustainability Panel. Attended by the movers and shakers of the industry...","robots":{"index":"index","follow":"follow","max-snippet":"max-snippet:-1","max-image-preview":"max-image-preview:large","max-video-preview":"max-video-preview:-1"},"canonical":"https:\/\/www.textilegence.com\/en\/lenzing-sustainability-panel\/","og_locale":"en_US","og_type":"article","og_title":"Lenzing Sustainability Panel Received a Lot of Attention","og_description":"Lenzing, one of the main sponsors of Mercedes-Benz Fashion Week Istanbul (MBFWI), once again demonstrated their commitment to this issue through the","og_url":"https:\/\/www.textilegence.com\/en\/lenzing-sustainability-panel\/","og_site_name":"Textilegence Magazine and Digital Platform","article_publisher":"https:\/\/www.facebook.com\/TextilegenceMagazine","article_author":"https:\/\/www.facebook.com\/TextilegenceMagazine","article_published_time":"2018-09-25T08:01:27+00:00","article_modified_time":"2018-12-13T14:03:26+00:00","og_image":[{"width":742,"height":486,"url":"https:\/\/www.textilegence.com\/wp-content\/uploads\/2018\/09\/lenzing-textilegence.jpg","type":"image\/jpeg"}],"author":"Engin Buz","twitter_card":"summary_large_image","twitter_creator":"@https:\/\/twitter.com\/textilegence","twitter_site":"@textilegence","twitter_misc":{"Written by":"Engin Buz","Est. reading time":"4 minutes"},"schema":{"@context":"https:\/\/schema.org","@graph":[{"@type":"NewsArticle","@id":"https:\/\/www.textilegence.com\/en\/lenzing-sustainability-panel\/#article","isPartOf":{"@id":"https:\/\/www.textilegence.com\/en\/lenzing-sustainability-panel\/"},"author":{"name":"Engin Buz","@id":"https:\/\/www.textilegence.com\/en\/#\/schema\/person\/46ccc7bfc34edbc7d46b6b189f88849f"},"headline":"Lenzing Sustainability Panel Received a Lot of Attention","datePublished":"2018-09-25T08:01:27+00:00","dateModified":"2018-12-13T14:03:26+00:00","mainEntityOfPage":{"@id":"https:\/\/www.textilegence.com\/en\/lenzing-sustainability-panel\/"},"wordCount":766,"commentCount":0,"publisher":{"@id":"https:\/\/www.textilegence.com\/en\/#organization"},"image":{"@id":"https:\/\/www.textilegence.com\/en\/lenzing-sustainability-panel\/#primaryimage"},"thumbnailUrl":"https:\/\/www.textilegence.com\/wp-content\/uploads\/2018\/09\/lenzing-textilegence.jpg","keywords":["lenzing","mercedes-benz fashion week istanbul","panel","sustainability","sustainability"],"articleSection":["Spinning","Topical"],"inLanguage":"en-US","potentialAction":[{"@type":"CommentAction","name":"Comment","target":["https:\/\/www.textilegence.com\/en\/lenzing-sustainability-panel\/#respond"]}]},{"@type":"WebPage","@id":"https:\/\/www.textilegence.com\/en\/lenzing-sustainability-panel\/","url":"https:\/\/www.textilegence.com\/en\/lenzing-sustainability-panel\/","name":"Lenzing Sustainability Panel Received a lot of Attention - Textilegence","isPartOf":{"@id":"https:\/\/www.textilegence.com\/en\/#website"},"primaryImageOfPage":{"@id":"https:\/\/www.textilegence.com\/en\/lenzing-sustainability-panel\/#primaryimage"},"image":{"@id":"https:\/\/www.textilegence.com\/en\/lenzing-sustainability-panel\/#primaryimage"},"thumbnailUrl":"https:\/\/www.textilegence.com\/wp-content\/uploads\/2018\/09\/lenzing-textilegence.jpg","datePublished":"2018-09-25T08:01:27+00:00","dateModified":"2018-12-13T14:03:26+00:00","description":"Lenzing, once again demonstrated their commitment to this issue through the Sustainability Panel. Attended by the movers and shakers of the industry...","breadcrumb":{"@id":"https:\/\/www.textilegence.com\/en\/lenzing-sustainability-panel\/#breadcrumb"},"inLanguage":"en-US","potentialAction":[{"@type":"ReadAction","target":["https:\/\/www.textilegence.com\/en\/lenzing-sustainability-panel\/"]}]},{"@type":"ImageObject","inLanguage":"en-US","@id":"https:\/\/www.textilegence.com\/en\/lenzing-sustainability-panel\/#primaryimage","url":"https:\/\/www.textilegence.com\/wp-content\/uploads\/2018\/09\/lenzing-textilegence.jpg","contentUrl":"https:\/\/www.textilegence.com\/wp-content\/uploads\/2018\/09\/lenzing-textilegence.jpg","width":742,"height":486},{"@type":"BreadcrumbList","@id":"https:\/\/www.textilegence.com\/en\/lenzing-sustainability-panel\/#breadcrumb","itemListElement":[{"@type":"ListItem","position":1,"name":"Home Page","item":"https:\/\/www.textilegence.com\/en\/homepage-the-rimont\/"},{"@type":"ListItem","position":2,"name":"Spinning","item":"https:\/\/www.textilegence.com\/en\/category\/spinning\/"},{"@type":"ListItem","position":3,"name":"Lenzing Sustainability Panel Received a Lot of Attention"}]},{"@type":"WebSite","@id":"https:\/\/www.textilegence.com\/en\/#website","url":"https:\/\/www.textilegence.com\/en\/","name":"Textilegence Magazine and Digital Platform","description":"Textile News Center","publisher":{"@id":"https:\/\/www.textilegence.com\/en\/#organization"},"potentialAction":[{"@type":"SearchAction","target":{"@type":"EntryPoint","urlTemplate":"https:\/\/www.textilegence.com\/en\/?s={search_term_string}"},"query-input":{"@type":"PropertyValueSpecification","valueRequired":true,"valueName":"search_term_string"}}],"inLanguage":"en-US"},{"@type":"Organization","@id":"https:\/\/www.textilegence.com\/en\/#organization","name":"Textilegence Magazine and Digital Platform","url":"https:\/\/www.textilegence.com\/en\/","logo":{"@type":"ImageObject","inLanguage":"en-US","@id":"https:\/\/www.textilegence.com\/en\/#\/schema\/logo\/image\/","url":"https:\/\/www.textilegence.com\/wp-content\/uploads\/2016\/11\/New_Retina_Logo_Textilegence.png","contentUrl":"https:\/\/www.textilegence.com\/wp-content\/uploads\/2016\/11\/New_Retina_Logo_Textilegence.png","width":544,"height":180,"caption":"Textilegence Magazine and Digital Platform"},"image":{"@id":"https:\/\/www.textilegence.com\/en\/#\/schema\/logo\/image\/"},"sameAs":["https:\/\/www.facebook.com\/TextilegenceMagazine","https:\/\/x.com\/textilegence","https:\/\/www.instagram.com\/textilegence\/","https:\/\/www.linkedin.com\/groups\/Textilegence-Magazine-Digital-Platform-4897253","https:\/\/www.youtube.com\/user\/textilegence"],"description":"Textilegence is a magazine and digital platform established in 2013. It focuses on the textile industry and sub-segments. The platform provides news, articles, and updates on various aspects of the textile industry, including sustainability, technological advancements, and market trends.","email":"editor@textilegence.com","telephone":"+90 212 442 24 12","legalName":"Textilegence Mag and Digital Platform","foundingDate":"2013-01-01","numberOfEmployees":{"@type":"QuantitativeValue","minValue":"1","maxValue":"10"}},{"@type":"Person","@id":"https:\/\/www.textilegence.com\/en\/#\/schema\/person\/46ccc7bfc34edbc7d46b6b189f88849f","name":"Engin Buz","image":{"@type":"ImageObject","inLanguage":"en-US","@id":"https:\/\/www.textilegence.com\/wp-content\/uploads\/2018\/12\/engin-buz.jpg","url":"https:\/\/www.textilegence.com\/wp-content\/uploads\/2018\/12\/engin-buz.jpg","contentUrl":"https:\/\/www.textilegence.com\/wp-content\/uploads\/2018\/12\/engin-buz.jpg","caption":"Engin Buz"},"description":"Engin Buz, Ankara \u00dcniversitesi \u0130leti\u015fim Fak\u00fcltesi Gazetecilik B\u00f6l\u00fcm\u00fc\u2019nden mezun olduktan sonra Y\u0131ld\u0131z Teknik \u00dcniversitesi\u2019nde Siyaset Bilimi ve Uluslararas\u0131 \u0130li\u015fkiler alan\u0131nda y\u00fcksek lisans\u0131n\u0131 tamamlam\u0131\u015ft\u0131r. 2000 y\u0131l\u0131ndan sonra \u00e7e\u015fitli yay\u0131nc\u0131l\u0131k \u015firketlerinde \u00e7al\u0131\u015fmaya ba\u015flayarak k\u00fclt\u00fcr-sanat ve daha sonra ekonomi haberleri haz\u0131rlam\u0131\u015ft\u0131r. 2009 y\u0131l\u0131ndan itibaren tekstil end\u00fcstrisine d\u00f6n\u00fck yay\u0131nlarda edit\u00f6r olarak g\u00f6rev alan Buz, 2013 itibariyle kurulan Textilegence\u2019de haber edit\u00f6r\u00fc olarak yer almaya ba\u015flam\u0131\u015ft\u0131r. Engin Buz halen ba\u015fta tekstil ve dijital bask\u0131 end\u00fcstrileri olmak \u00fczere ekonomi haberleri haz\u0131rlamaktad\u0131r.","sameAs":["https:\/\/www.textilegence.com","https:\/\/www.facebook.com\/TextilegenceMagazine","https:\/\/www.instagram.com\/textilegence\/","https:\/\/www.linkedin.com\/in\/engin-buz-6190799a\/","https:\/\/x.com\/https:\/\/twitter.com\/textilegence"],"url":"https:\/\/www.textilegence.com\/en\/author\/engin-buz\/"}]}},"_links":{"self":[{"href":"https:\/\/www.textilegence.com\/en\/wp-json\/wp\/v2\/posts\/26478","targetHints":{"allow":["GET"]}}],"collection":[{"href":"https:\/\/www.textilegence.com\/en\/wp-json\/wp\/v2\/posts"}],"about":[{"href":"https:\/\/www.textilegence.com\/en\/wp-json\/wp\/v2\/types\/post"}],"author":[{"embeddable":true,"href":"https:\/\/www.textilegence.com\/en\/wp-json\/wp\/v2\/users\/2"}],"replies":[{"embeddable":true,"href":"https:\/\/www.textilegence.com\/en\/wp-json\/wp\/v2\/comments?post=26478"}],"version-history":[{"count":0,"href":"https:\/\/www.textilegence.com\/en\/wp-json\/wp\/v2\/posts\/26478\/revisions"}],"wp:featuredmedia":[{"embeddable":true,"href":"https:\/\/www.textilegence.com\/en\/wp-json\/wp\/v2\/media\/26474"}],"wp:attachment":[{"href":"https:\/\/www.textilegence.com\/en\/wp-json\/wp\/v2\/media?parent=26478"}],"wp:term":[{"taxonomy":"category","embeddable":true,"href":"https:\/\/www.textilegence.com\/en\/wp-json\/wp\/v2\/categories?post=26478"},{"taxonomy":"post_tag","embeddable":true,"href":"https:\/\/www.textilegence.com\/en\/wp-json\/wp\/v2\/tags?post=26478"}],"curies":[{"name":"wp","href":"https:\/\/api.w.org\/{rel}","templated":true}]}}