{"id":26701,"date":"2018-10-12T15:11:28","date_gmt":"2018-10-12T12:11:28","guid":{"rendered":"http:\/\/www.textilegence.com\/?p=26701"},"modified":"2018-12-26T10:06:27","modified_gmt":"2018-12-26T07:06:27","slug":"yarn-expo-autumn-record","status":"publish","type":"post","link":"https:\/\/www.textilegence.com\/en\/yarn-expo-autumn-record\/","title":{"rendered":"Yarn Expo Autumn to Open with Record-Breaking 500-Plus Exhibitors"},"content":{"rendered":"<figure id=\"attachment_26699\" aria-describedby=\"caption-attachment-26699\" style=\"width: 324px\" class=\"wp-caption alignleft\"><img loading=\"lazy\" decoding=\"async\" class=\"wp-image-26699 size-full\" src=\"https:\/\/www.textilegence.com\/wp-content\/uploads\/2018\/10\/yarnexpo-detail.jpg\" alt=\"Yarn Expo Autumn to Open with Record-Breaking 500-Plus Exhibitors\" width=\"324\" height=\"179\" \/><figcaption id=\"caption-attachment-26699\" class=\"wp-caption-text\">Yarn Expo Autumn to Open with Record-Breaking 500-Plus Exhibitors<\/figcaption><\/figure>\n<p style=\"text-align: justify;\"><strong>From 15 \u2013 17 October, more than 500 exhibitors from 14 countries &amp; regions will showcase an unrivalled range of yarn &amp; fibre products at Yarn Expo Autumn in hall 8.1 at the Shanghai National Exhibition and Convention Center. These exhibitors, as the largest gathering ever seen at the fair, are set to welcome a wide variety of visitors throughout the textile supply chain next week, solidifying the status of Yarn Expo as the leading first stop of every textile sourcing season. The fair will take place this edition alongside ITMA ASIA + CITME.<\/strong><\/p>\n<p style=\"text-align: justify;\">For those looking for the industry\u2019s latest innovations, Yarn Expo Autumn is the place to be. The reliability of buyer quality has once again attracted big-name industry players \u2013 including PT Indo-Rama, Chemtax, Shandong Ruyi, Jiangsu Shenghong and Jilin Chemical Fiber Group \u2013 who choose the <a href=\"https:\/\/www.textilegence.com\/en\/category\/trade-fairs\/\" target=\"_blank\" rel=\"noopener\">fair<\/a> as a <a href=\"https:\/\/yarn-expo-autumn.hk.messefrankfurt.com\/shanghai\/en\/visitors\/visiting-the-fair.html?nc\" target=\"_blank\" rel=\"noopener\">platform<\/a> to debut new products each year.<\/p>\n<p style=\"text-align: justify;\">The fair\u2019s product groups have also expanded in recent years, reflecting market needs, to now include; Natural fibres (cotton, wool, silk &amp; flax \/ ramie), man-made fibres (regenerated &amp; synthetic), specialty fibres, natural &amp; blend yarns (cotton, wool, silk &amp; linen \/ ramie), man-made &amp; blend yarns (regenerated &amp; synthetic), elastic yarns, fancy yarns and specialty yarns.<\/p>\n<h1 style=\"text-align: justify;\"><strong>New international exhibitors join Yarn Expo Autumn<\/strong><\/h1>\n<p style=\"text-align: justify;\">Significant new business partnerships in the yarn &amp; fibre industry are anticipated at the fair, with new international sourcing options this edition. Highlighted big-name newcomers at the fair include Safilin from France, offering premium linen products developed through the brand\u2019s extensive history, and Italy\u2019s Sinterama Asia who will show their range of 1,200 diverse chemical fibres and end uses.<\/p>\n<p style=\"text-align: justify;\">One of the world\u2019s largest single site spinners; Novetex Textiles from Hong Kong, will feature super soft merino in a wide range of colours; along with sustainable options in glen merino and 100% lamb\u2019s wool. Another not-to-be-missed highlight is Parkdale Mills from the US; the world\u2019s leading manufacturer of spun yarns; who will showcase cotton varieties; such as open end fibres, ring spun, air jet and vortex, in different blends.<\/p>\n<h2 style=\"text-align: justify;\"><strong>Even more choice at the country &amp; region and group pavilions<\/strong><\/h2>\n<p style=\"text-align: justify;\">Another international must-see is the Pakistan Zone, returning to the fair this year with a strong collection of the country\u2019s leading yarn &amp; fibre exhibitors. Highlights include Abtex International who will showcase their new m\u00e9lange blends and fancy yarns; Fabcot\u2019s cotton yarns and greige fabrics, and International Textile\u2019s 100% MJS yarn and fabrics. Meanwhile, Texstyle will be a worthwhile visit for those in keeping with sustainability trends; as they highlight their recycled and regenerated yarns from cotton, polyester, acrylic and wool.<\/p>\n<p style=\"text-align: justify;\">Joining them are more than 50 exhibitors in the India Pavilion; organised by Texprocil, while domestic exhibitors can be found at; the Fancy Yarn Zone, Chemical Fibre Zone, Cotton Yarn Zone and Wool \/ Linen Zone. Group pavilions at the fair include the Sateri Pavilion and Birla Satellite.<\/p>\n<p style=\"text-align: justify;\">Yarn Expo Autumn is Asia\u2019s leading trade platform for the yarn and fibre industry; with quality suppliers from around the world showcasing natural and blended yarns; including cotton, wool, flax, and man-made fibres and yarns; as well as specialty products including elastic, fancy and blended yarns. Last year\u2019s Autumn Edition attracted 493 exhibitors from 13 countries and regions; and 17,185 trade buyers from 84 countries &amp; regions.<\/p>\n","protected":false},"excerpt":{"rendered":"<p>From 15 \u2013 17 October, more than 500 exhibitors from 14 countries &amp; regions will showcase an unrivalled range of yarn &amp; fibre products at Yarn Expo Autumn in hall 8.1 at the Shanghai National Exhibition and Convention Center. These exhibitors, as the largest gathering ever seen at the fair, are set to welcome a [&hellip;]<\/p>\n","protected":false},"author":16,"featured_media":26697,"comment_status":"open","ping_status":"closed","sticky":false,"template":"","format":"standard","meta":{"footnotes":""},"categories":[9859,9845],"tags":[10437,10062,11207],"class_list":{"0":"post-26701","1":"post","2":"type-post","3":"status-publish","4":"format-standard","5":"has-post-thumbnail","7":"category-topical","8":"category-trade-fairs","9":"tag-china","10":"tag-messe-frankfurt-en","11":"tag-yarn-expo-autumn-en-2"},"yoast_head":"<!-- This site is optimized with the Yoast SEO Premium plugin v27.3 (Yoast SEO v27.3) - https:\/\/yoast.com\/product\/yoast-seo-premium-wordpress\/ -->\n<title>Yarn Expo Autumn to Open with Record: 500-Plus Exhibitors - Textilegence<\/title>\n<meta name=\"description\" content=\"...more than 500 exhibitors from 14 countries &amp; regions will showcase an unrivalled range of yarn &amp; fibre products ay Yarn Expo Autumn in hall 8.1...\" \/>\n<meta name=\"robots\" content=\"index, follow, max-snippet:-1, max-image-preview:large, max-video-preview:-1\" \/>\n<link rel=\"canonical\" href=\"https:\/\/www.textilegence.com\/en\/yarn-expo-autumn-record\/\" \/>\n<meta property=\"og:locale\" content=\"en_US\" \/>\n<meta property=\"og:type\" content=\"article\" \/>\n<meta property=\"og:title\" content=\"Yarn Expo Autumn to Open with Record-Breaking 500-Plus Exhibitors\" \/>\n<meta property=\"og:description\" content=\"From 15 \u2013 17 October, more than 500 exhibitors from 14 countries &amp; regions will showcase an unrivalled range of yarn &amp; fibre products at Yarn Expo\" \/>\n<meta property=\"og:url\" content=\"https:\/\/www.textilegence.com\/en\/yarn-expo-autumn-record\/\" \/>\n<meta property=\"og:site_name\" content=\"Textilegence Magazine and Digital Platform\" \/>\n<meta property=\"article:publisher\" content=\"https:\/\/www.facebook.com\/TextilegenceMagazine\" \/>\n<meta property=\"article:author\" content=\"https:\/\/www.facebook.com\/TextilegenceMagazine\" \/>\n<meta property=\"article:published_time\" content=\"2018-10-12T12:11:28+00:00\" \/>\n<meta property=\"article:modified_time\" content=\"2018-12-26T07:06:27+00:00\" \/>\n<meta property=\"og:image\" content=\"https:\/\/www.textilegence.com\/wp-content\/uploads\/2018\/10\/yarnexpo-textilegence.jpg\" \/>\n\t<meta property=\"og:image:width\" content=\"742\" \/>\n\t<meta property=\"og:image:height\" content=\"486\" \/>\n\t<meta property=\"og:image:type\" content=\"image\/jpeg\" \/>\n<meta name=\"author\" content=\"Emirhan \u00c7ilo\u011flu\" \/>\n<meta name=\"twitter:card\" content=\"summary_large_image\" \/>\n<meta name=\"twitter:creator\" content=\"@https:\/\/twitter.com\/textilegence\" \/>\n<meta name=\"twitter:site\" content=\"@textilegence\" \/>\n<meta name=\"twitter:label1\" content=\"Written by\" \/>\n\t<meta name=\"twitter:data1\" content=\"Emirhan \u00c7ilo\u011flu\" \/>\n\t<meta name=\"twitter:label2\" content=\"Est. reading time\" \/>\n\t<meta name=\"twitter:data2\" content=\"3 minutes\" \/>\n<script type=\"application\/ld+json\" class=\"yoast-schema-graph\">{\"@context\":\"https:\\\/\\\/schema.org\",\"@graph\":[{\"@type\":\"NewsArticle\",\"@id\":\"https:\\\/\\\/www.textilegence.com\\\/en\\\/yarn-expo-autumn-record\\\/#article\",\"isPartOf\":{\"@id\":\"https:\\\/\\\/www.textilegence.com\\\/en\\\/yarn-expo-autumn-record\\\/\"},\"author\":{\"name\":\"Emirhan \u00c7ilo\u011flu\",\"@id\":\"https:\\\/\\\/www.textilegence.com\\\/en\\\/#\\\/schema\\\/person\\\/8dbf2ab62ffdf644153f8c0f9c991f78\"},\"headline\":\"Yarn Expo Autumn to Open with Record-Breaking 500-Plus Exhibitors\",\"datePublished\":\"2018-10-12T12:11:28+00:00\",\"dateModified\":\"2018-12-26T07:06:27+00:00\",\"mainEntityOfPage\":{\"@id\":\"https:\\\/\\\/www.textilegence.com\\\/en\\\/yarn-expo-autumn-record\\\/\"},\"wordCount\":568,\"commentCount\":0,\"publisher\":{\"@id\":\"https:\\\/\\\/www.textilegence.com\\\/en\\\/#organization\"},\"image\":{\"@id\":\"https:\\\/\\\/www.textilegence.com\\\/en\\\/yarn-expo-autumn-record\\\/#primaryimage\"},\"thumbnailUrl\":\"https:\\\/\\\/www.textilegence.com\\\/wp-content\\\/uploads\\\/2018\\\/10\\\/yarnexpo-textilegence.jpg\",\"keywords\":[\"china\",\"messe frankfurt\",\"Yarn Expo Autumn\"],\"articleSection\":[\"Topical\",\"Trade Fairs\"],\"inLanguage\":\"en-US\",\"potentialAction\":[{\"@type\":\"CommentAction\",\"name\":\"Comment\",\"target\":[\"https:\\\/\\\/www.textilegence.com\\\/en\\\/yarn-expo-autumn-record\\\/#respond\"]}]},{\"@type\":\"WebPage\",\"@id\":\"https:\\\/\\\/www.textilegence.com\\\/en\\\/yarn-expo-autumn-record\\\/\",\"url\":\"https:\\\/\\\/www.textilegence.com\\\/en\\\/yarn-expo-autumn-record\\\/\",\"name\":\"Yarn Expo Autumn to Open with Record: 500-Plus Exhibitors - Textilegence\",\"isPartOf\":{\"@id\":\"https:\\\/\\\/www.textilegence.com\\\/en\\\/#website\"},\"primaryImageOfPage\":{\"@id\":\"https:\\\/\\\/www.textilegence.com\\\/en\\\/yarn-expo-autumn-record\\\/#primaryimage\"},\"image\":{\"@id\":\"https:\\\/\\\/www.textilegence.com\\\/en\\\/yarn-expo-autumn-record\\\/#primaryimage\"},\"thumbnailUrl\":\"https:\\\/\\\/www.textilegence.com\\\/wp-content\\\/uploads\\\/2018\\\/10\\\/yarnexpo-textilegence.jpg\",\"datePublished\":\"2018-10-12T12:11:28+00:00\",\"dateModified\":\"2018-12-26T07:06:27+00:00\",\"description\":\"...more than 500 exhibitors from 14 countries & regions will showcase an unrivalled range of yarn & fibre products ay Yarn Expo Autumn in hall 8.1...\",\"breadcrumb\":{\"@id\":\"https:\\\/\\\/www.textilegence.com\\\/en\\\/yarn-expo-autumn-record\\\/#breadcrumb\"},\"inLanguage\":\"en-US\",\"potentialAction\":[{\"@type\":\"ReadAction\",\"target\":[\"https:\\\/\\\/www.textilegence.com\\\/en\\\/yarn-expo-autumn-record\\\/\"]}]},{\"@type\":\"ImageObject\",\"inLanguage\":\"en-US\",\"@id\":\"https:\\\/\\\/www.textilegence.com\\\/en\\\/yarn-expo-autumn-record\\\/#primaryimage\",\"url\":\"https:\\\/\\\/www.textilegence.com\\\/wp-content\\\/uploads\\\/2018\\\/10\\\/yarnexpo-textilegence.jpg\",\"contentUrl\":\"https:\\\/\\\/www.textilegence.com\\\/wp-content\\\/uploads\\\/2018\\\/10\\\/yarnexpo-textilegence.jpg\",\"width\":742,\"height\":486},{\"@type\":\"BreadcrumbList\",\"@id\":\"https:\\\/\\\/www.textilegence.com\\\/en\\\/yarn-expo-autumn-record\\\/#breadcrumb\",\"itemListElement\":[{\"@type\":\"ListItem\",\"position\":1,\"name\":\"Home Page\",\"item\":\"https:\\\/\\\/www.textilegence.com\\\/en\\\/homepage-the-rimont\\\/\"},{\"@type\":\"ListItem\",\"position\":2,\"name\":\"Topical\",\"item\":\"https:\\\/\\\/www.textilegence.com\\\/en\\\/category\\\/topical\\\/\"},{\"@type\":\"ListItem\",\"position\":3,\"name\":\"Yarn Expo Autumn to Open with Record-Breaking 500-Plus Exhibitors\"}]},{\"@type\":\"WebSite\",\"@id\":\"https:\\\/\\\/www.textilegence.com\\\/en\\\/#website\",\"url\":\"https:\\\/\\\/www.textilegence.com\\\/en\\\/\",\"name\":\"Textilegence Magazine and Digital Platform\",\"description\":\"Textile News Center\",\"publisher\":{\"@id\":\"https:\\\/\\\/www.textilegence.com\\\/en\\\/#organization\"},\"potentialAction\":[{\"@type\":\"SearchAction\",\"target\":{\"@type\":\"EntryPoint\",\"urlTemplate\":\"https:\\\/\\\/www.textilegence.com\\\/en\\\/?s={search_term_string}\"},\"query-input\":{\"@type\":\"PropertyValueSpecification\",\"valueRequired\":true,\"valueName\":\"search_term_string\"}}],\"inLanguage\":\"en-US\"},{\"@type\":\"Organization\",\"@id\":\"https:\\\/\\\/www.textilegence.com\\\/en\\\/#organization\",\"name\":\"Textilegence Magazine and Digital Platform\",\"url\":\"https:\\\/\\\/www.textilegence.com\\\/en\\\/\",\"logo\":{\"@type\":\"ImageObject\",\"inLanguage\":\"en-US\",\"@id\":\"https:\\\/\\\/www.textilegence.com\\\/en\\\/#\\\/schema\\\/logo\\\/image\\\/\",\"url\":\"https:\\\/\\\/www.textilegence.com\\\/wp-content\\\/uploads\\\/2016\\\/11\\\/New_Retina_Logo_Textilegence.png\",\"contentUrl\":\"https:\\\/\\\/www.textilegence.com\\\/wp-content\\\/uploads\\\/2016\\\/11\\\/New_Retina_Logo_Textilegence.png\",\"width\":544,\"height\":180,\"caption\":\"Textilegence Magazine and Digital Platform\"},\"image\":{\"@id\":\"https:\\\/\\\/www.textilegence.com\\\/en\\\/#\\\/schema\\\/logo\\\/image\\\/\"},\"sameAs\":[\"https:\\\/\\\/www.facebook.com\\\/TextilegenceMagazine\",\"https:\\\/\\\/x.com\\\/textilegence\",\"https:\\\/\\\/www.instagram.com\\\/textilegence\\\/\",\"https:\\\/\\\/www.linkedin.com\\\/groups\\\/Textilegence-Magazine-Digital-Platform-4897253\",\"https:\\\/\\\/www.youtube.com\\\/user\\\/textilegence\"],\"description\":\"Textilegence is a magazine and digital platform established in 2013. It focuses on the textile industry and sub-segments. The platform provides news, articles, and updates on various aspects of the textile industry, including sustainability, technological advancements, and market trends.\",\"email\":\"editor@textilegence.com\",\"telephone\":\"+90 212 442 24 12\",\"legalName\":\"Textilegence Mag and Digital Platform\",\"foundingDate\":\"2013-01-01\",\"numberOfEmployees\":{\"@type\":\"QuantitativeValue\",\"minValue\":\"1\",\"maxValue\":\"10\"}},{\"@type\":\"Person\",\"@id\":\"https:\\\/\\\/www.textilegence.com\\\/en\\\/#\\\/schema\\\/person\\\/8dbf2ab62ffdf644153f8c0f9c991f78\",\"name\":\"Emirhan \u00c7ilo\u011flu\",\"image\":{\"@type\":\"ImageObject\",\"inLanguage\":\"en-US\",\"@id\":\"https:\\\/\\\/www.textilegence.com\\\/wp-content\\\/uploads\\\/2021\\\/12\\\/emirhan.jpg\",\"url\":\"https:\\\/\\\/www.textilegence.com\\\/wp-content\\\/uploads\\\/2021\\\/12\\\/emirhan.jpg\",\"contentUrl\":\"https:\\\/\\\/www.textilegence.com\\\/wp-content\\\/uploads\\\/2021\\\/12\\\/emirhan.jpg\",\"caption\":\"Emirhan \u00c7ilo\u011flu\"},\"description\":\"Mahmut Emirhan \u00c7ilo\u011flu, \u0130stanbul\u2019da H\u00fcsn\u00fc M. \u00d6zye\u011fin Anadolu Lisesi\u2019nde lise e\u011fitimini tamamlam\u0131\u015f, sonras\u0131nda da \u0130stanbul \u00dcniversitesi\u2019nde Amerikan K\u00fclt\u00fcr\u00fc ve Edebiyat\u0131 lisans b\u00f6l\u00fcm\u00fcnden ba\u015far\u0131yla mezun olmu\u015ftur. 2021 itibari ile Textilegence\u2019da pazarlama ve d\u0131\u015f ili\u015fkiler sorumlusu olarak g\u00f6rev almaya ba\u015flayan \u00c7ilo\u011flu, kurumsal ileti\u015fimin g\u00fc\u00e7lendirilmesine katk\u0131 sa\u011flamaktad\u0131r.\",\"sameAs\":[\"https:\\\/\\\/www.textilegence.com\",\"https:\\\/\\\/www.facebook.com\\\/TextilegenceMagazine\",\"https:\\\/\\\/www.instagram.com\\\/textilegence\\\/\",\"https:\\\/\\\/www.linkedin.com\\\/in\\\/emre-yoleri-26151940\\\/\",\"https:\\\/\\\/x.com\\\/https:\\\/\\\/twitter.com\\\/textilegence\"],\"url\":\"https:\\\/\\\/www.textilegence.com\\\/en\\\/author\\\/emirhan-ciloglu\\\/\"}]}<\/script>\n<!-- \/ Yoast SEO Premium plugin. -->","yoast_head_json":{"title":"Yarn Expo Autumn to Open with Record: 500-Plus Exhibitors - Textilegence","description":"...more than 500 exhibitors from 14 countries & regions will showcase an unrivalled range of yarn & fibre products ay Yarn Expo Autumn in hall 8.1...","robots":{"index":"index","follow":"follow","max-snippet":"max-snippet:-1","max-image-preview":"max-image-preview:large","max-video-preview":"max-video-preview:-1"},"canonical":"https:\/\/www.textilegence.com\/en\/yarn-expo-autumn-record\/","og_locale":"en_US","og_type":"article","og_title":"Yarn Expo Autumn to Open with Record-Breaking 500-Plus Exhibitors","og_description":"From 15 \u2013 17 October, more than 500 exhibitors from 14 countries &amp; regions will showcase an unrivalled range of yarn &amp; fibre products at Yarn Expo","og_url":"https:\/\/www.textilegence.com\/en\/yarn-expo-autumn-record\/","og_site_name":"Textilegence Magazine and Digital Platform","article_publisher":"https:\/\/www.facebook.com\/TextilegenceMagazine","article_author":"https:\/\/www.facebook.com\/TextilegenceMagazine","article_published_time":"2018-10-12T12:11:28+00:00","article_modified_time":"2018-12-26T07:06:27+00:00","og_image":[{"width":742,"height":486,"url":"https:\/\/www.textilegence.com\/wp-content\/uploads\/2018\/10\/yarnexpo-textilegence.jpg","type":"image\/jpeg"}],"author":"Emirhan \u00c7ilo\u011flu","twitter_card":"summary_large_image","twitter_creator":"@https:\/\/twitter.com\/textilegence","twitter_site":"@textilegence","twitter_misc":{"Written by":"Emirhan \u00c7ilo\u011flu","Est. reading time":"3 minutes"},"schema":{"@context":"https:\/\/schema.org","@graph":[{"@type":"NewsArticle","@id":"https:\/\/www.textilegence.com\/en\/yarn-expo-autumn-record\/#article","isPartOf":{"@id":"https:\/\/www.textilegence.com\/en\/yarn-expo-autumn-record\/"},"author":{"name":"Emirhan \u00c7ilo\u011flu","@id":"https:\/\/www.textilegence.com\/en\/#\/schema\/person\/8dbf2ab62ffdf644153f8c0f9c991f78"},"headline":"Yarn Expo Autumn to Open with Record-Breaking 500-Plus Exhibitors","datePublished":"2018-10-12T12:11:28+00:00","dateModified":"2018-12-26T07:06:27+00:00","mainEntityOfPage":{"@id":"https:\/\/www.textilegence.com\/en\/yarn-expo-autumn-record\/"},"wordCount":568,"commentCount":0,"publisher":{"@id":"https:\/\/www.textilegence.com\/en\/#organization"},"image":{"@id":"https:\/\/www.textilegence.com\/en\/yarn-expo-autumn-record\/#primaryimage"},"thumbnailUrl":"https:\/\/www.textilegence.com\/wp-content\/uploads\/2018\/10\/yarnexpo-textilegence.jpg","keywords":["china","messe frankfurt","Yarn Expo Autumn"],"articleSection":["Topical","Trade Fairs"],"inLanguage":"en-US","potentialAction":[{"@type":"CommentAction","name":"Comment","target":["https:\/\/www.textilegence.com\/en\/yarn-expo-autumn-record\/#respond"]}]},{"@type":"WebPage","@id":"https:\/\/www.textilegence.com\/en\/yarn-expo-autumn-record\/","url":"https:\/\/www.textilegence.com\/en\/yarn-expo-autumn-record\/","name":"Yarn Expo Autumn to Open with Record: 500-Plus Exhibitors - Textilegence","isPartOf":{"@id":"https:\/\/www.textilegence.com\/en\/#website"},"primaryImageOfPage":{"@id":"https:\/\/www.textilegence.com\/en\/yarn-expo-autumn-record\/#primaryimage"},"image":{"@id":"https:\/\/www.textilegence.com\/en\/yarn-expo-autumn-record\/#primaryimage"},"thumbnailUrl":"https:\/\/www.textilegence.com\/wp-content\/uploads\/2018\/10\/yarnexpo-textilegence.jpg","datePublished":"2018-10-12T12:11:28+00:00","dateModified":"2018-12-26T07:06:27+00:00","description":"...more than 500 exhibitors from 14 countries & regions will showcase an unrivalled range of yarn & fibre products ay Yarn Expo Autumn in hall 8.1...","breadcrumb":{"@id":"https:\/\/www.textilegence.com\/en\/yarn-expo-autumn-record\/#breadcrumb"},"inLanguage":"en-US","potentialAction":[{"@type":"ReadAction","target":["https:\/\/www.textilegence.com\/en\/yarn-expo-autumn-record\/"]}]},{"@type":"ImageObject","inLanguage":"en-US","@id":"https:\/\/www.textilegence.com\/en\/yarn-expo-autumn-record\/#primaryimage","url":"https:\/\/www.textilegence.com\/wp-content\/uploads\/2018\/10\/yarnexpo-textilegence.jpg","contentUrl":"https:\/\/www.textilegence.com\/wp-content\/uploads\/2018\/10\/yarnexpo-textilegence.jpg","width":742,"height":486},{"@type":"BreadcrumbList","@id":"https:\/\/www.textilegence.com\/en\/yarn-expo-autumn-record\/#breadcrumb","itemListElement":[{"@type":"ListItem","position":1,"name":"Home Page","item":"https:\/\/www.textilegence.com\/en\/homepage-the-rimont\/"},{"@type":"ListItem","position":2,"name":"Topical","item":"https:\/\/www.textilegence.com\/en\/category\/topical\/"},{"@type":"ListItem","position":3,"name":"Yarn Expo Autumn to Open with Record-Breaking 500-Plus Exhibitors"}]},{"@type":"WebSite","@id":"https:\/\/www.textilegence.com\/en\/#website","url":"https:\/\/www.textilegence.com\/en\/","name":"Textilegence Magazine and Digital Platform","description":"Textile News Center","publisher":{"@id":"https:\/\/www.textilegence.com\/en\/#organization"},"potentialAction":[{"@type":"SearchAction","target":{"@type":"EntryPoint","urlTemplate":"https:\/\/www.textilegence.com\/en\/?s={search_term_string}"},"query-input":{"@type":"PropertyValueSpecification","valueRequired":true,"valueName":"search_term_string"}}],"inLanguage":"en-US"},{"@type":"Organization","@id":"https:\/\/www.textilegence.com\/en\/#organization","name":"Textilegence Magazine and Digital Platform","url":"https:\/\/www.textilegence.com\/en\/","logo":{"@type":"ImageObject","inLanguage":"en-US","@id":"https:\/\/www.textilegence.com\/en\/#\/schema\/logo\/image\/","url":"https:\/\/www.textilegence.com\/wp-content\/uploads\/2016\/11\/New_Retina_Logo_Textilegence.png","contentUrl":"https:\/\/www.textilegence.com\/wp-content\/uploads\/2016\/11\/New_Retina_Logo_Textilegence.png","width":544,"height":180,"caption":"Textilegence Magazine and Digital Platform"},"image":{"@id":"https:\/\/www.textilegence.com\/en\/#\/schema\/logo\/image\/"},"sameAs":["https:\/\/www.facebook.com\/TextilegenceMagazine","https:\/\/x.com\/textilegence","https:\/\/www.instagram.com\/textilegence\/","https:\/\/www.linkedin.com\/groups\/Textilegence-Magazine-Digital-Platform-4897253","https:\/\/www.youtube.com\/user\/textilegence"],"description":"Textilegence is a magazine and digital platform established in 2013. It focuses on the textile industry and sub-segments. The platform provides news, articles, and updates on various aspects of the textile industry, including sustainability, technological advancements, and market trends.","email":"editor@textilegence.com","telephone":"+90 212 442 24 12","legalName":"Textilegence Mag and Digital Platform","foundingDate":"2013-01-01","numberOfEmployees":{"@type":"QuantitativeValue","minValue":"1","maxValue":"10"}},{"@type":"Person","@id":"https:\/\/www.textilegence.com\/en\/#\/schema\/person\/8dbf2ab62ffdf644153f8c0f9c991f78","name":"Emirhan \u00c7ilo\u011flu","image":{"@type":"ImageObject","inLanguage":"en-US","@id":"https:\/\/www.textilegence.com\/wp-content\/uploads\/2021\/12\/emirhan.jpg","url":"https:\/\/www.textilegence.com\/wp-content\/uploads\/2021\/12\/emirhan.jpg","contentUrl":"https:\/\/www.textilegence.com\/wp-content\/uploads\/2021\/12\/emirhan.jpg","caption":"Emirhan \u00c7ilo\u011flu"},"description":"Mahmut Emirhan \u00c7ilo\u011flu, \u0130stanbul\u2019da H\u00fcsn\u00fc M. \u00d6zye\u011fin Anadolu Lisesi\u2019nde lise e\u011fitimini tamamlam\u0131\u015f, sonras\u0131nda da \u0130stanbul \u00dcniversitesi\u2019nde Amerikan K\u00fclt\u00fcr\u00fc ve Edebiyat\u0131 lisans b\u00f6l\u00fcm\u00fcnden ba\u015far\u0131yla mezun olmu\u015ftur. 2021 itibari ile Textilegence\u2019da pazarlama ve d\u0131\u015f ili\u015fkiler sorumlusu olarak g\u00f6rev almaya ba\u015flayan \u00c7ilo\u011flu, kurumsal ileti\u015fimin g\u00fc\u00e7lendirilmesine katk\u0131 sa\u011flamaktad\u0131r.","sameAs":["https:\/\/www.textilegence.com","https:\/\/www.facebook.com\/TextilegenceMagazine","https:\/\/www.instagram.com\/textilegence\/","https:\/\/www.linkedin.com\/in\/emre-yoleri-26151940\/","https:\/\/x.com\/https:\/\/twitter.com\/textilegence"],"url":"https:\/\/www.textilegence.com\/en\/author\/emirhan-ciloglu\/"}]}},"_links":{"self":[{"href":"https:\/\/www.textilegence.com\/en\/wp-json\/wp\/v2\/posts\/26701","targetHints":{"allow":["GET"]}}],"collection":[{"href":"https:\/\/www.textilegence.com\/en\/wp-json\/wp\/v2\/posts"}],"about":[{"href":"https:\/\/www.textilegence.com\/en\/wp-json\/wp\/v2\/types\/post"}],"author":[{"embeddable":true,"href":"https:\/\/www.textilegence.com\/en\/wp-json\/wp\/v2\/users\/16"}],"replies":[{"embeddable":true,"href":"https:\/\/www.textilegence.com\/en\/wp-json\/wp\/v2\/comments?post=26701"}],"version-history":[{"count":0,"href":"https:\/\/www.textilegence.com\/en\/wp-json\/wp\/v2\/posts\/26701\/revisions"}],"wp:featuredmedia":[{"embeddable":true,"href":"https:\/\/www.textilegence.com\/en\/wp-json\/wp\/v2\/media\/26697"}],"wp:attachment":[{"href":"https:\/\/www.textilegence.com\/en\/wp-json\/wp\/v2\/media?parent=26701"}],"wp:term":[{"taxonomy":"category","embeddable":true,"href":"https:\/\/www.textilegence.com\/en\/wp-json\/wp\/v2\/categories?post=26701"},{"taxonomy":"post_tag","embeddable":true,"href":"https:\/\/www.textilegence.com\/en\/wp-json\/wp\/v2\/tags?post=26701"}],"curies":[{"name":"wp","href":"https:\/\/api.w.org\/{rel}","templated":true}]}}