{"id":26783,"date":"2018-10-19T16:11:07","date_gmt":"2018-10-19T13:11:07","guid":{"rendered":"http:\/\/www.textilegence.com\/?p=26783"},"modified":"2018-12-26T10:05:34","modified_gmt":"2018-12-26T07:05:34","slug":"textile-exports-growth-trend","status":"publish","type":"post","link":"https:\/\/www.textilegence.com\/en\/textile-exports-growth-trend\/","title":{"rendered":"Another Growth Trend in Textile Exports"},"content":{"rendered":"<figure id=\"attachment_26781\" aria-describedby=\"caption-attachment-26781\" style=\"width: 324px\" class=\"wp-caption alignleft\"><img loading=\"lazy\" decoding=\"async\" class=\"wp-image-26781 size-full\" src=\"https:\/\/www.textilegence.com\/wp-content\/uploads\/2018\/10\/tekstil-detail.jpg\" alt=\"Another Growth Trend in Textile Exports\" width=\"324\" height=\"179\" \/><figcaption id=\"caption-attachment-26781\" class=\"wp-caption-text\">Another Growth Trend in Textile Exports<\/figcaption><\/figure>\n<p style=\"text-align: justify;\"><strong>Textile exports, which declined in August, increased again in September. Thus, the figures were always positive for the 8 months out of 9 of the year.<\/strong><\/p>\n<p style=\"text-align: justify;\">After the fluctuation in the exchange rates and the depreciation of the Turkish lira in August-September, the exporters pushed the growth trend upwards again. Turkey&#8217;s overall <a href=\"https:\/\/www.itkib.org.tr\/\" target=\"_blank\" rel=\"nofollow noopener\">exports<\/a> increased by 22.6% up to 14.5 billion dollars in September, exports of textiles and raw materials was 883 million dollars, with an increase of 7.2%. In August, the exports of the industry declined by 13% to $ 775 million. Total exports of the <a href=\"https:\/\/www.textilegence.com\/en\/category\/topical\/\" target=\"_blank\" rel=\"noopener\">textile<\/a> industry increased by 5.9% and reached 7.8 billion dollars in the January &#8211; September period of 2018.<\/p>\n<p style=\"text-align: justify;\">In September, the largest export of textiles and raw materials, as always, was made to 28 EU member states. Exports to EU countries increased by 4.1% in September and reached up to 459 million dollars. In the first 9 months of the year, total textile exports to this market amounted to 4 million dollars.<\/p>\n<p style=\"text-align: justify;\">Exports to the Middle East countries, the second most important market for the textile industry, declined by 17.5% in September to 768 million dollars level. The only group in which our exports decreased in September was the Middle East countries.<\/p>\n<p style=\"text-align: justify;\">In September, the group with the highest increase in exports of textiles and raw materials were other European countries (Norway, Switzerland, TRNC, Iceland). With an increase of 27.1%, this export increased to about 7 million dollars. In the same month, exports to the former Eastern Bloc countries, which increased by 24.5%, amounted to approximately 93 million dollars.<\/p>\n<h1 style=\"text-align: justify;\"><strong>Italy was our biggest exports market<\/strong><\/h1>\n<p style=\"text-align: justify;\">In terms of countries that exports were made in January &#8211; September period, the most important market for textiles and raw materials industry is Italy. In this period, our exports to Italy increased by 1.6% to 672 million dollars. On the other hand, our textile exports to Italy decreased by 1.3% compared to the same period of the previous year and were 79 million dollars.<\/p>\n<p style=\"text-align: justify;\">In September, exports to Germany increased by 8.4% to 72 million dollars, exports to the US increased by 2.1% to 51 million dollars, and exports to Bulgaria decreased by 21.5% to 42 million dollars.<\/p>\n<h2 style=\"text-align: justify;\"><strong>Amount of textile exports increase by 18.7% in September<\/strong><\/h2>\n<p style=\"text-align: justify;\">The increase in the amount of textile exports was 18.7% in September. The increase rate in the first 9 months of the year was 5.8% and reached up to 1.7 million tons.<\/p>\n<p style=\"text-align: justify;\">On the basis of product groups, the main item in exports was woven fabrics. In January-September period, 24.1% of the exports of textiles and raw materials were woven fabrics. Compared to the same period of the previous year; the increase in exports of this product was 5.5%, while the revenue was about 1.9 billion dollars. In September this year, exports of this product increased by 5.4% (215 million dollars).<\/p>\n<p style=\"text-align: justify;\">For the second important product group yarns; 169 million dollars of value was obtained with a 13.4% increase in the January-September period. In September, yarn exports increased by 13.4% to 169 million dollars.<\/p>\n<p style=\"text-align: justify;\">Home textile is the third important product group of our textile and raw materials export. This product, which covers 15.1% of our total textile exports; was realized as 1.2 billion dollars in January-September period with 0.2% export decline. In September, exports decreased by 1.3% to 127 million dollars.<\/p>\n<p style=\"text-align: justify;\">For the exports of technical textiles, the increase in exports in the first 9 months of the year was 14.8%. In this period, export revenues of 1.3 billion dollars were obtained. In September, our exports of technical textiles increased by 10.6%. Nonwoven main product group came to the forefront in technical textiles. In this product group, which accounted for 33.33% of total technical textile exports, our exports increased by 15.5% in September.<\/p>\n","protected":false},"excerpt":{"rendered":"<p>Textile exports, which declined in August, increased again in September. Thus, the figures were always positive for the 8 months out of 9 of the year. After the fluctuation in the exchange rates and the depreciation of the Turkish lira in August-September, the exporters pushed the growth trend upwards again. Turkey&#8217;s overall exports increased by [&hellip;]<\/p>\n","protected":false},"author":8,"featured_media":26779,"comment_status":"open","ping_status":"closed","sticky":false,"template":"","format":"standard","meta":{"footnotes":""},"categories":[9859],"tags":[10527,11179,10776],"class_list":{"0":"post-26783","1":"post","2":"type-post","3":"status-publish","4":"format-standard","5":"has-post-thumbnail","7":"category-topical","8":"tag-september","9":"tag-textile-en-2","10":"tag-textile-exports"},"yoast_head":"<!-- This site is optimized with the Yoast SEO Premium plugin v27.3 (Yoast SEO v27.3) - https:\/\/yoast.com\/product\/yoast-seo-premium-wordpress\/ -->\n<title>Another Growth Trend in Textile Exports - Textilegence<\/title>\n<meta name=\"description\" content=\"Textile exports, which declined in August, increased again in September. Thus, the figures were always positive for the 8 months out of 9 of the year.\" \/>\n<meta name=\"robots\" content=\"index, follow, max-snippet:-1, max-image-preview:large, max-video-preview:-1\" \/>\n<link rel=\"canonical\" href=\"https:\/\/www.textilegence.com\/en\/textile-exports-growth-trend\/\" \/>\n<meta property=\"og:locale\" content=\"en_US\" \/>\n<meta property=\"og:type\" content=\"article\" \/>\n<meta property=\"og:title\" content=\"Another Growth Trend in Textile Exports\" \/>\n<meta property=\"og:description\" content=\"Textile exports, which declined in August, increased again in September. Thus, the figures were always positive for the 8 months out of 9 of the year.\" \/>\n<meta property=\"og:url\" content=\"https:\/\/www.textilegence.com\/en\/textile-exports-growth-trend\/\" \/>\n<meta property=\"og:site_name\" content=\"Textilegence Magazine and Digital Platform\" \/>\n<meta property=\"article:publisher\" content=\"https:\/\/www.facebook.com\/TextilegenceMagazine\" \/>\n<meta property=\"article:author\" content=\"https:\/\/www.facebook.com\/TextilegenceMagazine\" \/>\n<meta property=\"article:published_time\" content=\"2018-10-19T13:11:07+00:00\" \/>\n<meta property=\"article:modified_time\" content=\"2018-12-26T07:05:34+00:00\" \/>\n<meta property=\"og:image\" content=\"https:\/\/www.textilegence.com\/wp-content\/uploads\/2018\/10\/tekstil-ihracat\u0131.jpg\" \/>\n\t<meta property=\"og:image:width\" content=\"742\" \/>\n\t<meta property=\"og:image:height\" content=\"486\" \/>\n\t<meta property=\"og:image:type\" content=\"image\/jpeg\" \/>\n<meta name=\"author\" content=\"Fatih Cengiarslan\" \/>\n<meta name=\"twitter:card\" content=\"summary_large_image\" \/>\n<meta name=\"twitter:creator\" content=\"@https:\/\/twitter.com\/textilegence\" \/>\n<meta name=\"twitter:site\" content=\"@textilegence\" \/>\n<meta name=\"twitter:label1\" content=\"Written by\" \/>\n\t<meta name=\"twitter:data1\" content=\"Fatih Cengiarslan\" \/>\n\t<meta name=\"twitter:label2\" content=\"Est. reading time\" \/>\n\t<meta name=\"twitter:data2\" content=\"3 minutes\" \/>\n<script type=\"application\/ld+json\" class=\"yoast-schema-graph\">{\"@context\":\"https:\\\/\\\/schema.org\",\"@graph\":[{\"@type\":\"NewsArticle\",\"@id\":\"https:\\\/\\\/www.textilegence.com\\\/en\\\/textile-exports-growth-trend\\\/#article\",\"isPartOf\":{\"@id\":\"https:\\\/\\\/www.textilegence.com\\\/en\\\/textile-exports-growth-trend\\\/\"},\"author\":{\"name\":\"Fatih Cengiarslan\",\"@id\":\"https:\\\/\\\/www.textilegence.com\\\/en\\\/#\\\/schema\\\/person\\\/1c3977109f8a6e1e2b95678836d75cb7\"},\"headline\":\"Another Growth Trend in Textile Exports\",\"datePublished\":\"2018-10-19T13:11:07+00:00\",\"dateModified\":\"2018-12-26T07:05:34+00:00\",\"mainEntityOfPage\":{\"@id\":\"https:\\\/\\\/www.textilegence.com\\\/en\\\/textile-exports-growth-trend\\\/\"},\"wordCount\":595,\"commentCount\":0,\"publisher\":{\"@id\":\"https:\\\/\\\/www.textilegence.com\\\/en\\\/#organization\"},\"image\":{\"@id\":\"https:\\\/\\\/www.textilegence.com\\\/en\\\/textile-exports-growth-trend\\\/#primaryimage\"},\"thumbnailUrl\":\"https:\\\/\\\/www.textilegence.com\\\/wp-content\\\/uploads\\\/2018\\\/10\\\/tekstil-ihracat\u0131.jpg\",\"keywords\":[\"september\",\"Textile\",\"textile exports\"],\"articleSection\":[\"Topical\"],\"inLanguage\":\"en-US\",\"potentialAction\":[{\"@type\":\"CommentAction\",\"name\":\"Comment\",\"target\":[\"https:\\\/\\\/www.textilegence.com\\\/en\\\/textile-exports-growth-trend\\\/#respond\"]}]},{\"@type\":\"WebPage\",\"@id\":\"https:\\\/\\\/www.textilegence.com\\\/en\\\/textile-exports-growth-trend\\\/\",\"url\":\"https:\\\/\\\/www.textilegence.com\\\/en\\\/textile-exports-growth-trend\\\/\",\"name\":\"Another Growth Trend in Textile Exports - Textilegence\",\"isPartOf\":{\"@id\":\"https:\\\/\\\/www.textilegence.com\\\/en\\\/#website\"},\"primaryImageOfPage\":{\"@id\":\"https:\\\/\\\/www.textilegence.com\\\/en\\\/textile-exports-growth-trend\\\/#primaryimage\"},\"image\":{\"@id\":\"https:\\\/\\\/www.textilegence.com\\\/en\\\/textile-exports-growth-trend\\\/#primaryimage\"},\"thumbnailUrl\":\"https:\\\/\\\/www.textilegence.com\\\/wp-content\\\/uploads\\\/2018\\\/10\\\/tekstil-ihracat\u0131.jpg\",\"datePublished\":\"2018-10-19T13:11:07+00:00\",\"dateModified\":\"2018-12-26T07:05:34+00:00\",\"description\":\"Textile exports, which declined in August, increased again in September. Thus, the figures were always positive for the 8 months out of 9 of the year.\",\"breadcrumb\":{\"@id\":\"https:\\\/\\\/www.textilegence.com\\\/en\\\/textile-exports-growth-trend\\\/#breadcrumb\"},\"inLanguage\":\"en-US\",\"potentialAction\":[{\"@type\":\"ReadAction\",\"target\":[\"https:\\\/\\\/www.textilegence.com\\\/en\\\/textile-exports-growth-trend\\\/\"]}]},{\"@type\":\"ImageObject\",\"inLanguage\":\"en-US\",\"@id\":\"https:\\\/\\\/www.textilegence.com\\\/en\\\/textile-exports-growth-trend\\\/#primaryimage\",\"url\":\"https:\\\/\\\/www.textilegence.com\\\/wp-content\\\/uploads\\\/2018\\\/10\\\/tekstil-ihracat\u0131.jpg\",\"contentUrl\":\"https:\\\/\\\/www.textilegence.com\\\/wp-content\\\/uploads\\\/2018\\\/10\\\/tekstil-ihracat\u0131.jpg\",\"width\":742,\"height\":486},{\"@type\":\"BreadcrumbList\",\"@id\":\"https:\\\/\\\/www.textilegence.com\\\/en\\\/textile-exports-growth-trend\\\/#breadcrumb\",\"itemListElement\":[{\"@type\":\"ListItem\",\"position\":1,\"name\":\"Home Page\",\"item\":\"https:\\\/\\\/www.textilegence.com\\\/en\\\/homepage-the-rimont\\\/\"},{\"@type\":\"ListItem\",\"position\":2,\"name\":\"Topical\",\"item\":\"https:\\\/\\\/www.textilegence.com\\\/en\\\/category\\\/topical\\\/\"},{\"@type\":\"ListItem\",\"position\":3,\"name\":\"Another Growth Trend in Textile Exports\"}]},{\"@type\":\"WebSite\",\"@id\":\"https:\\\/\\\/www.textilegence.com\\\/en\\\/#website\",\"url\":\"https:\\\/\\\/www.textilegence.com\\\/en\\\/\",\"name\":\"Textilegence Magazine and Digital Platform\",\"description\":\"Textile News Center\",\"publisher\":{\"@id\":\"https:\\\/\\\/www.textilegence.com\\\/en\\\/#organization\"},\"potentialAction\":[{\"@type\":\"SearchAction\",\"target\":{\"@type\":\"EntryPoint\",\"urlTemplate\":\"https:\\\/\\\/www.textilegence.com\\\/en\\\/?s={search_term_string}\"},\"query-input\":{\"@type\":\"PropertyValueSpecification\",\"valueRequired\":true,\"valueName\":\"search_term_string\"}}],\"inLanguage\":\"en-US\"},{\"@type\":\"Organization\",\"@id\":\"https:\\\/\\\/www.textilegence.com\\\/en\\\/#organization\",\"name\":\"Textilegence Magazine and Digital Platform\",\"url\":\"https:\\\/\\\/www.textilegence.com\\\/en\\\/\",\"logo\":{\"@type\":\"ImageObject\",\"inLanguage\":\"en-US\",\"@id\":\"https:\\\/\\\/www.textilegence.com\\\/en\\\/#\\\/schema\\\/logo\\\/image\\\/\",\"url\":\"https:\\\/\\\/www.textilegence.com\\\/wp-content\\\/uploads\\\/2016\\\/11\\\/New_Retina_Logo_Textilegence.png\",\"contentUrl\":\"https:\\\/\\\/www.textilegence.com\\\/wp-content\\\/uploads\\\/2016\\\/11\\\/New_Retina_Logo_Textilegence.png\",\"width\":544,\"height\":180,\"caption\":\"Textilegence Magazine and Digital Platform\"},\"image\":{\"@id\":\"https:\\\/\\\/www.textilegence.com\\\/en\\\/#\\\/schema\\\/logo\\\/image\\\/\"},\"sameAs\":[\"https:\\\/\\\/www.facebook.com\\\/TextilegenceMagazine\",\"https:\\\/\\\/x.com\\\/textilegence\",\"https:\\\/\\\/www.instagram.com\\\/textilegence\\\/\",\"https:\\\/\\\/www.linkedin.com\\\/groups\\\/Textilegence-Magazine-Digital-Platform-4897253\",\"https:\\\/\\\/www.youtube.com\\\/user\\\/textilegence\"],\"description\":\"Textilegence is a magazine and digital platform established in 2013. It focuses on the textile industry and sub-segments. The platform provides news, articles, and updates on various aspects of the textile industry, including sustainability, technological advancements, and market trends.\",\"email\":\"editor@textilegence.com\",\"telephone\":\"+90 212 442 24 12\",\"legalName\":\"Textilegence Mag and Digital Platform\",\"foundingDate\":\"2013-01-01\",\"numberOfEmployees\":{\"@type\":\"QuantitativeValue\",\"minValue\":\"1\",\"maxValue\":\"10\"}},{\"@type\":\"Person\",\"@id\":\"https:\\\/\\\/www.textilegence.com\\\/en\\\/#\\\/schema\\\/person\\\/1c3977109f8a6e1e2b95678836d75cb7\",\"name\":\"Fatih Cengiarslan\",\"image\":{\"@type\":\"ImageObject\",\"inLanguage\":\"en-US\",\"@id\":\"https:\\\/\\\/www.textilegence.com\\\/wp-content\\\/uploads\\\/2018\\\/12\\\/fatih-cengiarslan.jpg\",\"url\":\"https:\\\/\\\/www.textilegence.com\\\/wp-content\\\/uploads\\\/2018\\\/12\\\/fatih-cengiarslan.jpg\",\"contentUrl\":\"https:\\\/\\\/www.textilegence.com\\\/wp-content\\\/uploads\\\/2018\\\/12\\\/fatih-cengiarslan.jpg\",\"caption\":\"Fatih Cengiarslan\"},\"description\":\"Fatih Cengiarslan; Akademik \u0130ngilizce e\u011fitimini Bat\u0131 Avustralya \u00dcniversitesi\u2019nde tamamlad\u0131ktan sonra T\u00fcrkiye\u2019ye d\u00f6nerek \u0130stanbul Ayd\u0131n \u00dcniversitesi\u2019nde \u0130nternet Gazetecili\u011fi ve Yay\u0131nc\u0131l\u0131k b\u00f6l\u00fcm\u00fcn\u00fc bitirip, Litvanya \u2013 Kaunas Teknoloji \u00dcniversitesi\u2019nde interaktif media \u00fczerine 8 ayl\u0131k e\u011fitim ald\u0131. Daha sonra Eski\u015fehir Anadolu \u00dcniversitesi girerek \u0130\u015fletme Fak\u00fcltesini ba\u015far\u0131yla tamamlad\u0131. CNNTURK\u2019 kanal\u0131nda staj\u0131n\u0131 tamamlad\u0131ktan sonra Referans Gazetesi\u2019nde \u00e7al\u0131\u015fmaya ba\u015flad\u0131. 2 y\u0131l sonra Textilegence markas\u0131yla tekstil end\u00fcstrisine y\u00f6nelik kendi medyas\u0131n\u0131 kurdu. \u015eu anda Textilegence.com, Printing3D ve NEFA PR Ajans\u0131\u2019n\u0131n 12 y\u0131ld\u0131r y\u00f6netimini yapmaktad\u0131r.\",\"sameAs\":[\"https:\\\/\\\/www.textilegence.com\",\"https:\\\/\\\/www.facebook.com\\\/TextilegenceMagazine\",\"https:\\\/\\\/www.instagram.com\\\/textilegence\\\/\",\"https:\\\/\\\/www.linkedin.com\\\/in\\\/fatih-cengiarslan-32352265\\\/\",\"https:\\\/\\\/x.com\\\/https:\\\/\\\/twitter.com\\\/textilegence\"],\"url\":\"https:\\\/\\\/www.textilegence.com\\\/en\\\/author\\\/admin\\\/\"}]}<\/script>\n<!-- \/ Yoast SEO Premium plugin. -->","yoast_head_json":{"title":"Another Growth Trend in Textile Exports - Textilegence","description":"Textile exports, which declined in August, increased again in September. Thus, the figures were always positive for the 8 months out of 9 of the year.","robots":{"index":"index","follow":"follow","max-snippet":"max-snippet:-1","max-image-preview":"max-image-preview:large","max-video-preview":"max-video-preview:-1"},"canonical":"https:\/\/www.textilegence.com\/en\/textile-exports-growth-trend\/","og_locale":"en_US","og_type":"article","og_title":"Another Growth Trend in Textile Exports","og_description":"Textile exports, which declined in August, increased again in September. Thus, the figures were always positive for the 8 months out of 9 of the year.","og_url":"https:\/\/www.textilegence.com\/en\/textile-exports-growth-trend\/","og_site_name":"Textilegence Magazine and Digital Platform","article_publisher":"https:\/\/www.facebook.com\/TextilegenceMagazine","article_author":"https:\/\/www.facebook.com\/TextilegenceMagazine","article_published_time":"2018-10-19T13:11:07+00:00","article_modified_time":"2018-12-26T07:05:34+00:00","og_image":[{"width":742,"height":486,"url":"https:\/\/www.textilegence.com\/wp-content\/uploads\/2018\/10\/tekstil-ihracat\u0131.jpg","type":"image\/jpeg"}],"author":"Fatih Cengiarslan","twitter_card":"summary_large_image","twitter_creator":"@https:\/\/twitter.com\/textilegence","twitter_site":"@textilegence","twitter_misc":{"Written by":"Fatih Cengiarslan","Est. reading time":"3 minutes"},"schema":{"@context":"https:\/\/schema.org","@graph":[{"@type":"NewsArticle","@id":"https:\/\/www.textilegence.com\/en\/textile-exports-growth-trend\/#article","isPartOf":{"@id":"https:\/\/www.textilegence.com\/en\/textile-exports-growth-trend\/"},"author":{"name":"Fatih Cengiarslan","@id":"https:\/\/www.textilegence.com\/en\/#\/schema\/person\/1c3977109f8a6e1e2b95678836d75cb7"},"headline":"Another Growth Trend in Textile Exports","datePublished":"2018-10-19T13:11:07+00:00","dateModified":"2018-12-26T07:05:34+00:00","mainEntityOfPage":{"@id":"https:\/\/www.textilegence.com\/en\/textile-exports-growth-trend\/"},"wordCount":595,"commentCount":0,"publisher":{"@id":"https:\/\/www.textilegence.com\/en\/#organization"},"image":{"@id":"https:\/\/www.textilegence.com\/en\/textile-exports-growth-trend\/#primaryimage"},"thumbnailUrl":"https:\/\/www.textilegence.com\/wp-content\/uploads\/2018\/10\/tekstil-ihracat\u0131.jpg","keywords":["september","Textile","textile exports"],"articleSection":["Topical"],"inLanguage":"en-US","potentialAction":[{"@type":"CommentAction","name":"Comment","target":["https:\/\/www.textilegence.com\/en\/textile-exports-growth-trend\/#respond"]}]},{"@type":"WebPage","@id":"https:\/\/www.textilegence.com\/en\/textile-exports-growth-trend\/","url":"https:\/\/www.textilegence.com\/en\/textile-exports-growth-trend\/","name":"Another Growth Trend in Textile Exports - Textilegence","isPartOf":{"@id":"https:\/\/www.textilegence.com\/en\/#website"},"primaryImageOfPage":{"@id":"https:\/\/www.textilegence.com\/en\/textile-exports-growth-trend\/#primaryimage"},"image":{"@id":"https:\/\/www.textilegence.com\/en\/textile-exports-growth-trend\/#primaryimage"},"thumbnailUrl":"https:\/\/www.textilegence.com\/wp-content\/uploads\/2018\/10\/tekstil-ihracat\u0131.jpg","datePublished":"2018-10-19T13:11:07+00:00","dateModified":"2018-12-26T07:05:34+00:00","description":"Textile exports, which declined in August, increased again in September. Thus, the figures were always positive for the 8 months out of 9 of the year.","breadcrumb":{"@id":"https:\/\/www.textilegence.com\/en\/textile-exports-growth-trend\/#breadcrumb"},"inLanguage":"en-US","potentialAction":[{"@type":"ReadAction","target":["https:\/\/www.textilegence.com\/en\/textile-exports-growth-trend\/"]}]},{"@type":"ImageObject","inLanguage":"en-US","@id":"https:\/\/www.textilegence.com\/en\/textile-exports-growth-trend\/#primaryimage","url":"https:\/\/www.textilegence.com\/wp-content\/uploads\/2018\/10\/tekstil-ihracat\u0131.jpg","contentUrl":"https:\/\/www.textilegence.com\/wp-content\/uploads\/2018\/10\/tekstil-ihracat\u0131.jpg","width":742,"height":486},{"@type":"BreadcrumbList","@id":"https:\/\/www.textilegence.com\/en\/textile-exports-growth-trend\/#breadcrumb","itemListElement":[{"@type":"ListItem","position":1,"name":"Home Page","item":"https:\/\/www.textilegence.com\/en\/homepage-the-rimont\/"},{"@type":"ListItem","position":2,"name":"Topical","item":"https:\/\/www.textilegence.com\/en\/category\/topical\/"},{"@type":"ListItem","position":3,"name":"Another Growth Trend in Textile Exports"}]},{"@type":"WebSite","@id":"https:\/\/www.textilegence.com\/en\/#website","url":"https:\/\/www.textilegence.com\/en\/","name":"Textilegence Magazine and Digital Platform","description":"Textile News Center","publisher":{"@id":"https:\/\/www.textilegence.com\/en\/#organization"},"potentialAction":[{"@type":"SearchAction","target":{"@type":"EntryPoint","urlTemplate":"https:\/\/www.textilegence.com\/en\/?s={search_term_string}"},"query-input":{"@type":"PropertyValueSpecification","valueRequired":true,"valueName":"search_term_string"}}],"inLanguage":"en-US"},{"@type":"Organization","@id":"https:\/\/www.textilegence.com\/en\/#organization","name":"Textilegence Magazine and Digital Platform","url":"https:\/\/www.textilegence.com\/en\/","logo":{"@type":"ImageObject","inLanguage":"en-US","@id":"https:\/\/www.textilegence.com\/en\/#\/schema\/logo\/image\/","url":"https:\/\/www.textilegence.com\/wp-content\/uploads\/2016\/11\/New_Retina_Logo_Textilegence.png","contentUrl":"https:\/\/www.textilegence.com\/wp-content\/uploads\/2016\/11\/New_Retina_Logo_Textilegence.png","width":544,"height":180,"caption":"Textilegence Magazine and Digital Platform"},"image":{"@id":"https:\/\/www.textilegence.com\/en\/#\/schema\/logo\/image\/"},"sameAs":["https:\/\/www.facebook.com\/TextilegenceMagazine","https:\/\/x.com\/textilegence","https:\/\/www.instagram.com\/textilegence\/","https:\/\/www.linkedin.com\/groups\/Textilegence-Magazine-Digital-Platform-4897253","https:\/\/www.youtube.com\/user\/textilegence"],"description":"Textilegence is a magazine and digital platform established in 2013. It focuses on the textile industry and sub-segments. The platform provides news, articles, and updates on various aspects of the textile industry, including sustainability, technological advancements, and market trends.","email":"editor@textilegence.com","telephone":"+90 212 442 24 12","legalName":"Textilegence Mag and Digital Platform","foundingDate":"2013-01-01","numberOfEmployees":{"@type":"QuantitativeValue","minValue":"1","maxValue":"10"}},{"@type":"Person","@id":"https:\/\/www.textilegence.com\/en\/#\/schema\/person\/1c3977109f8a6e1e2b95678836d75cb7","name":"Fatih Cengiarslan","image":{"@type":"ImageObject","inLanguage":"en-US","@id":"https:\/\/www.textilegence.com\/wp-content\/uploads\/2018\/12\/fatih-cengiarslan.jpg","url":"https:\/\/www.textilegence.com\/wp-content\/uploads\/2018\/12\/fatih-cengiarslan.jpg","contentUrl":"https:\/\/www.textilegence.com\/wp-content\/uploads\/2018\/12\/fatih-cengiarslan.jpg","caption":"Fatih Cengiarslan"},"description":"Fatih Cengiarslan; Akademik \u0130ngilizce e\u011fitimini Bat\u0131 Avustralya \u00dcniversitesi\u2019nde tamamlad\u0131ktan sonra T\u00fcrkiye\u2019ye d\u00f6nerek \u0130stanbul Ayd\u0131n \u00dcniversitesi\u2019nde \u0130nternet Gazetecili\u011fi ve Yay\u0131nc\u0131l\u0131k b\u00f6l\u00fcm\u00fcn\u00fc bitirip, Litvanya \u2013 Kaunas Teknoloji \u00dcniversitesi\u2019nde interaktif media \u00fczerine 8 ayl\u0131k e\u011fitim ald\u0131. Daha sonra Eski\u015fehir Anadolu \u00dcniversitesi girerek \u0130\u015fletme Fak\u00fcltesini ba\u015far\u0131yla tamamlad\u0131. CNNTURK\u2019 kanal\u0131nda staj\u0131n\u0131 tamamlad\u0131ktan sonra Referans Gazetesi\u2019nde \u00e7al\u0131\u015fmaya ba\u015flad\u0131. 2 y\u0131l sonra Textilegence markas\u0131yla tekstil end\u00fcstrisine y\u00f6nelik kendi medyas\u0131n\u0131 kurdu. \u015eu anda Textilegence.com, Printing3D ve NEFA PR Ajans\u0131\u2019n\u0131n 12 y\u0131ld\u0131r y\u00f6netimini yapmaktad\u0131r.","sameAs":["https:\/\/www.textilegence.com","https:\/\/www.facebook.com\/TextilegenceMagazine","https:\/\/www.instagram.com\/textilegence\/","https:\/\/www.linkedin.com\/in\/fatih-cengiarslan-32352265\/","https:\/\/x.com\/https:\/\/twitter.com\/textilegence"],"url":"https:\/\/www.textilegence.com\/en\/author\/admin\/"}]}},"_links":{"self":[{"href":"https:\/\/www.textilegence.com\/en\/wp-json\/wp\/v2\/posts\/26783","targetHints":{"allow":["GET"]}}],"collection":[{"href":"https:\/\/www.textilegence.com\/en\/wp-json\/wp\/v2\/posts"}],"about":[{"href":"https:\/\/www.textilegence.com\/en\/wp-json\/wp\/v2\/types\/post"}],"author":[{"embeddable":true,"href":"https:\/\/www.textilegence.com\/en\/wp-json\/wp\/v2\/users\/8"}],"replies":[{"embeddable":true,"href":"https:\/\/www.textilegence.com\/en\/wp-json\/wp\/v2\/comments?post=26783"}],"version-history":[{"count":0,"href":"https:\/\/www.textilegence.com\/en\/wp-json\/wp\/v2\/posts\/26783\/revisions"}],"wp:featuredmedia":[{"embeddable":true,"href":"https:\/\/www.textilegence.com\/en\/wp-json\/wp\/v2\/media\/26779"}],"wp:attachment":[{"href":"https:\/\/www.textilegence.com\/en\/wp-json\/wp\/v2\/media?parent=26783"}],"wp:term":[{"taxonomy":"category","embeddable":true,"href":"https:\/\/www.textilegence.com\/en\/wp-json\/wp\/v2\/categories?post=26783"},{"taxonomy":"post_tag","embeddable":true,"href":"https:\/\/www.textilegence.com\/en\/wp-json\/wp\/v2\/tags?post=26783"}],"curies":[{"name":"wp","href":"https:\/\/api.w.org\/{rel}","templated":true}]}}