{"id":26813,"date":"2018-10-23T13:22:28","date_gmt":"2018-10-23T10:22:28","guid":{"rendered":"http:\/\/www.textilegence.com\/?p=26813"},"modified":"2018-12-26T10:05:31","modified_gmt":"2018-12-26T07:05:31","slug":"composite-jec-asia-seoul","status":"publish","type":"post","link":"https:\/\/www.textilegence.com\/en\/composite-jec-asia-seoul\/","title":{"rendered":"Composite Industry to Meet with JEC Asia 2018 in Seoul"},"content":{"rendered":"<figure id=\"attachment_26811\" aria-describedby=\"caption-attachment-26811\" style=\"width: 324px\" class=\"wp-caption alignleft\"><img loading=\"lazy\" decoding=\"async\" class=\"wp-image-26811 size-full\" src=\"https:\/\/www.textilegence.com\/wp-content\/uploads\/2018\/10\/jec-asia-2018-textilegence-detail.jpg\" alt=\"Composite Industry to Meet with JEC Asia 2018 in Seoul\" width=\"324\" height=\"179\" \/><figcaption id=\"caption-attachment-26811\" class=\"wp-caption-text\">Composite Industry to Meet with JEC Asia 2018 in Seoul<\/figcaption><\/figure>\n<p style=\"text-align: justify;\">After the record-breaking figures of the 2017 edition; that marked the move of JEC Asia from Singapore to Seoul; the <a href=\"http:\/\/www.jec-asia.events\/\" target=\"_blank\" rel=\"nofollow noopener\">event<\/a> is returning to the capital city of the Republic of Korea with a strong program; not only on the exhibition floor; but also in the conference sessions and all services at the disposal of every attendee. <a href=\"https:\/\/www.textilegence.com\/en\/category\/trade-fairs\/\" target=\"_blank\" rel=\"noopener\">JEC<\/a> Asia will be held on 14-16 November 2018 at the COEX Center in Seoul, South Korea.<\/p>\n<p style=\"text-align: justify;\">\u201cWe are very grateful for the support of the industry, government bodies, and academics; regarding the evolution of JEC Asia, that has led to the success of the platform. Indeed, 90% of the show floor is already booked which bodes well for the preparation of the event.\u201d Commented Christian Strassburger, Events Director Asia for JEC Group.<\/p>\n<p style=\"text-align: justify;\">\u201cOn top of that, the event is truly international, as 45%\u00a0 of the\u00a0 exhibitors\u00a0 are\u00a0 coming\u00a0 from outside Asia. JEC Asia will welcome pavilions from Germany, France, Italy, Japan, China and Singapore, as well as the major composite clusters in Korea.\u201d He added.<\/p>\n<h1 style=\"text-align: justify;\"><strong>Focus on the automotive industry at JEC Asia<\/strong><\/h1>\n<p style=\"text-align: justify;\">The future of mobility is a hot topic for composite materials and; JEC Asia will represent, promote and provide information about the increasing integration of composites in automotive development.<\/p>\n<p style=\"text-align: justify;\">Numerous programs will be offered; such as a whole day conference on Composites in Automotive, a Leadership Composites Circle, an Innovation Planet, showcasing parts, a B2B meetings program, a JEC Innovation Award category and Composites tours (site visits of composite-related facilities).<\/p>\n<p style=\"text-align: justify;\">Finally, for the second time, JEC Asia will host the International Carbon Festival; organized by KCTECH and the Jeonju region, with top-notch conferences and international speakers.<\/p>\n<h2 style=\"text-align: justify;\"><strong>JEC Innovation Awards<\/strong><\/h2>\n<p style=\"text-align: justify;\">12 Composites Innovators to receive a JEC Innovation Award in Seoul next November 15, 2018.<strong>\u00a0\u00a0<\/strong>The ceremony will take place on the international composites event, JEC Asia,<\/p>\n<p style=\"text-align: justify;\">Twelve companies from eight different countries will receive a JEC Innovation Award at JEC Asia 2018. Asia-Pacific is an innovative region that sets the tone for all other regions of the globe. Once again, the JEC Innovation Awards highlight how composites bring solutions considering the new challenges in terms of efficiency, sustainability and life-cycle analysis. This year, JEC Group awards innovations in the following categories: aerospace (structural and tooling), automotive, commercial vehicles, e-mobility, marine, railway, sports &amp; leisure, infrastructure &amp; civil engineering, industrial equipment, sustainability and additive manufacturing.<\/p>\n<p style=\"text-align: justify;\">The ceremony will take place on Thursday November 15, 2018 at the COEX Center of Seoul (South Korea).<\/p>\n","protected":false},"excerpt":{"rendered":"<p>After the record-breaking figures of the 2017 edition; that marked the move of JEC Asia from Singapore to Seoul; the event is returning to the capital city of the Republic of Korea with a strong program; not only on the exhibition floor; but also in the conference sessions and all services at the disposal of [&hellip;]<\/p>\n","protected":false},"author":8,"featured_media":26809,"comment_status":"open","ping_status":"closed","sticky":false,"template":"","format":"standard","meta":{"footnotes":""},"categories":[9845],"tags":[10534,11483],"class_list":{"0":"post-26813","1":"post","2":"type-post","3":"status-publish","4":"format-standard","5":"has-post-thumbnail","7":"category-trade-fairs","8":"tag-composite","9":"tag-jec-world-en"},"yoast_head":"<!-- This site is optimized with the Yoast SEO Premium plugin v27.3 (Yoast SEO v27.3) - https:\/\/yoast.com\/product\/yoast-seo-premium-wordpress\/ -->\n<title>Composite Industry to Meet with JEC Asia 2018 in Seoul - Textilegence<\/title>\n<meta name=\"description\" content=\"JEC Asia will be held on 14-16 November 2018 at the COEX Center in Seoul, South Korea. composite industry, technical textiles.\" \/>\n<meta name=\"robots\" content=\"index, follow, max-snippet:-1, max-image-preview:large, max-video-preview:-1\" \/>\n<link rel=\"canonical\" href=\"https:\/\/www.textilegence.com\/en\/composite-jec-asia-seoul\/\" \/>\n<meta property=\"og:locale\" content=\"en_US\" \/>\n<meta property=\"og:type\" content=\"article\" \/>\n<meta property=\"og:title\" content=\"Composite Industry to Meet with JEC Asia 2018 in Seoul\" \/>\n<meta property=\"og:description\" content=\"After the record-breaking figures of the 2017 edition; that marked the move of JEC Asia from Singapore to Seoul; the event is returning to the capital\" \/>\n<meta property=\"og:url\" content=\"https:\/\/www.textilegence.com\/en\/composite-jec-asia-seoul\/\" \/>\n<meta property=\"og:site_name\" content=\"Textilegence Magazine and Digital Platform\" \/>\n<meta property=\"article:publisher\" content=\"https:\/\/www.facebook.com\/TextilegenceMagazine\" \/>\n<meta property=\"article:author\" content=\"https:\/\/www.facebook.com\/TextilegenceMagazine\" \/>\n<meta property=\"article:published_time\" content=\"2018-10-23T10:22:28+00:00\" \/>\n<meta property=\"article:modified_time\" content=\"2018-12-26T07:05:31+00:00\" \/>\n<meta property=\"og:image\" content=\"https:\/\/www.textilegence.com\/wp-content\/uploads\/2018\/10\/jec-asia-2018-textilegence.jpg\" \/>\n\t<meta property=\"og:image:width\" content=\"742\" \/>\n\t<meta property=\"og:image:height\" content=\"486\" \/>\n\t<meta property=\"og:image:type\" content=\"image\/jpeg\" \/>\n<meta name=\"author\" content=\"Fatih Cengiarslan\" \/>\n<meta name=\"twitter:card\" content=\"summary_large_image\" \/>\n<meta name=\"twitter:creator\" content=\"@https:\/\/twitter.com\/textilegence\" \/>\n<meta name=\"twitter:site\" content=\"@textilegence\" \/>\n<meta name=\"twitter:label1\" content=\"Written by\" \/>\n\t<meta name=\"twitter:data1\" content=\"Fatih Cengiarslan\" \/>\n\t<meta name=\"twitter:label2\" content=\"Est. reading time\" \/>\n\t<meta name=\"twitter:data2\" content=\"2 minutes\" \/>\n<script type=\"application\/ld+json\" class=\"yoast-schema-graph\">{\"@context\":\"https:\\\/\\\/schema.org\",\"@graph\":[{\"@type\":\"NewsArticle\",\"@id\":\"https:\\\/\\\/www.textilegence.com\\\/en\\\/composite-jec-asia-seoul\\\/#article\",\"isPartOf\":{\"@id\":\"https:\\\/\\\/www.textilegence.com\\\/en\\\/composite-jec-asia-seoul\\\/\"},\"author\":{\"name\":\"Fatih Cengiarslan\",\"@id\":\"https:\\\/\\\/www.textilegence.com\\\/en\\\/#\\\/schema\\\/person\\\/1c3977109f8a6e1e2b95678836d75cb7\"},\"headline\":\"Composite Industry to Meet with JEC Asia 2018 in Seoul\",\"datePublished\":\"2018-10-23T10:22:28+00:00\",\"dateModified\":\"2018-12-26T07:05:31+00:00\",\"mainEntityOfPage\":{\"@id\":\"https:\\\/\\\/www.textilegence.com\\\/en\\\/composite-jec-asia-seoul\\\/\"},\"wordCount\":429,\"commentCount\":0,\"publisher\":{\"@id\":\"https:\\\/\\\/www.textilegence.com\\\/en\\\/#organization\"},\"image\":{\"@id\":\"https:\\\/\\\/www.textilegence.com\\\/en\\\/composite-jec-asia-seoul\\\/#primaryimage\"},\"thumbnailUrl\":\"https:\\\/\\\/www.textilegence.com\\\/wp-content\\\/uploads\\\/2018\\\/10\\\/jec-asia-2018-textilegence.jpg\",\"keywords\":[\"composite\",\"jec world\"],\"articleSection\":[\"Trade Fairs\"],\"inLanguage\":\"en-US\",\"potentialAction\":[{\"@type\":\"CommentAction\",\"name\":\"Comment\",\"target\":[\"https:\\\/\\\/www.textilegence.com\\\/en\\\/composite-jec-asia-seoul\\\/#respond\"]}]},{\"@type\":\"WebPage\",\"@id\":\"https:\\\/\\\/www.textilegence.com\\\/en\\\/composite-jec-asia-seoul\\\/\",\"url\":\"https:\\\/\\\/www.textilegence.com\\\/en\\\/composite-jec-asia-seoul\\\/\",\"name\":\"Composite Industry to Meet with JEC Asia 2018 in Seoul - Textilegence\",\"isPartOf\":{\"@id\":\"https:\\\/\\\/www.textilegence.com\\\/en\\\/#website\"},\"primaryImageOfPage\":{\"@id\":\"https:\\\/\\\/www.textilegence.com\\\/en\\\/composite-jec-asia-seoul\\\/#primaryimage\"},\"image\":{\"@id\":\"https:\\\/\\\/www.textilegence.com\\\/en\\\/composite-jec-asia-seoul\\\/#primaryimage\"},\"thumbnailUrl\":\"https:\\\/\\\/www.textilegence.com\\\/wp-content\\\/uploads\\\/2018\\\/10\\\/jec-asia-2018-textilegence.jpg\",\"datePublished\":\"2018-10-23T10:22:28+00:00\",\"dateModified\":\"2018-12-26T07:05:31+00:00\",\"description\":\"JEC Asia will be held on 14-16 November 2018 at the COEX Center in Seoul, South Korea. composite industry, technical textiles.\",\"breadcrumb\":{\"@id\":\"https:\\\/\\\/www.textilegence.com\\\/en\\\/composite-jec-asia-seoul\\\/#breadcrumb\"},\"inLanguage\":\"en-US\",\"potentialAction\":[{\"@type\":\"ReadAction\",\"target\":[\"https:\\\/\\\/www.textilegence.com\\\/en\\\/composite-jec-asia-seoul\\\/\"]}]},{\"@type\":\"ImageObject\",\"inLanguage\":\"en-US\",\"@id\":\"https:\\\/\\\/www.textilegence.com\\\/en\\\/composite-jec-asia-seoul\\\/#primaryimage\",\"url\":\"https:\\\/\\\/www.textilegence.com\\\/wp-content\\\/uploads\\\/2018\\\/10\\\/jec-asia-2018-textilegence.jpg\",\"contentUrl\":\"https:\\\/\\\/www.textilegence.com\\\/wp-content\\\/uploads\\\/2018\\\/10\\\/jec-asia-2018-textilegence.jpg\",\"width\":742,\"height\":486},{\"@type\":\"BreadcrumbList\",\"@id\":\"https:\\\/\\\/www.textilegence.com\\\/en\\\/composite-jec-asia-seoul\\\/#breadcrumb\",\"itemListElement\":[{\"@type\":\"ListItem\",\"position\":1,\"name\":\"Home Page\",\"item\":\"https:\\\/\\\/www.textilegence.com\\\/en\\\/homepage-the-rimont\\\/\"},{\"@type\":\"ListItem\",\"position\":2,\"name\":\"Trade Fairs\",\"item\":\"https:\\\/\\\/www.textilegence.com\\\/en\\\/category\\\/trade-fairs\\\/\"},{\"@type\":\"ListItem\",\"position\":3,\"name\":\"Composite Industry to Meet with JEC Asia 2018 in Seoul\"}]},{\"@type\":\"WebSite\",\"@id\":\"https:\\\/\\\/www.textilegence.com\\\/en\\\/#website\",\"url\":\"https:\\\/\\\/www.textilegence.com\\\/en\\\/\",\"name\":\"Textilegence Magazine and Digital Platform\",\"description\":\"Textile News Center\",\"publisher\":{\"@id\":\"https:\\\/\\\/www.textilegence.com\\\/en\\\/#organization\"},\"potentialAction\":[{\"@type\":\"SearchAction\",\"target\":{\"@type\":\"EntryPoint\",\"urlTemplate\":\"https:\\\/\\\/www.textilegence.com\\\/en\\\/?s={search_term_string}\"},\"query-input\":{\"@type\":\"PropertyValueSpecification\",\"valueRequired\":true,\"valueName\":\"search_term_string\"}}],\"inLanguage\":\"en-US\"},{\"@type\":\"Organization\",\"@id\":\"https:\\\/\\\/www.textilegence.com\\\/en\\\/#organization\",\"name\":\"Textilegence Magazine and Digital Platform\",\"url\":\"https:\\\/\\\/www.textilegence.com\\\/en\\\/\",\"logo\":{\"@type\":\"ImageObject\",\"inLanguage\":\"en-US\",\"@id\":\"https:\\\/\\\/www.textilegence.com\\\/en\\\/#\\\/schema\\\/logo\\\/image\\\/\",\"url\":\"https:\\\/\\\/www.textilegence.com\\\/wp-content\\\/uploads\\\/2016\\\/11\\\/New_Retina_Logo_Textilegence.png\",\"contentUrl\":\"https:\\\/\\\/www.textilegence.com\\\/wp-content\\\/uploads\\\/2016\\\/11\\\/New_Retina_Logo_Textilegence.png\",\"width\":544,\"height\":180,\"caption\":\"Textilegence Magazine and Digital Platform\"},\"image\":{\"@id\":\"https:\\\/\\\/www.textilegence.com\\\/en\\\/#\\\/schema\\\/logo\\\/image\\\/\"},\"sameAs\":[\"https:\\\/\\\/www.facebook.com\\\/TextilegenceMagazine\",\"https:\\\/\\\/x.com\\\/textilegence\",\"https:\\\/\\\/www.instagram.com\\\/textilegence\\\/\",\"https:\\\/\\\/www.linkedin.com\\\/groups\\\/Textilegence-Magazine-Digital-Platform-4897253\",\"https:\\\/\\\/www.youtube.com\\\/user\\\/textilegence\"],\"description\":\"Textilegence is a magazine and digital platform established in 2013. It focuses on the textile industry and sub-segments. The platform provides news, articles, and updates on various aspects of the textile industry, including sustainability, technological advancements, and market trends.\",\"email\":\"editor@textilegence.com\",\"telephone\":\"+90 212 442 24 12\",\"legalName\":\"Textilegence Mag and Digital Platform\",\"foundingDate\":\"2013-01-01\",\"numberOfEmployees\":{\"@type\":\"QuantitativeValue\",\"minValue\":\"1\",\"maxValue\":\"10\"}},{\"@type\":\"Person\",\"@id\":\"https:\\\/\\\/www.textilegence.com\\\/en\\\/#\\\/schema\\\/person\\\/1c3977109f8a6e1e2b95678836d75cb7\",\"name\":\"Fatih Cengiarslan\",\"image\":{\"@type\":\"ImageObject\",\"inLanguage\":\"en-US\",\"@id\":\"https:\\\/\\\/www.textilegence.com\\\/wp-content\\\/uploads\\\/2018\\\/12\\\/fatih-cengiarslan.jpg\",\"url\":\"https:\\\/\\\/www.textilegence.com\\\/wp-content\\\/uploads\\\/2018\\\/12\\\/fatih-cengiarslan.jpg\",\"contentUrl\":\"https:\\\/\\\/www.textilegence.com\\\/wp-content\\\/uploads\\\/2018\\\/12\\\/fatih-cengiarslan.jpg\",\"caption\":\"Fatih Cengiarslan\"},\"description\":\"Fatih Cengiarslan; Akademik \u0130ngilizce e\u011fitimini Bat\u0131 Avustralya \u00dcniversitesi\u2019nde tamamlad\u0131ktan sonra T\u00fcrkiye\u2019ye d\u00f6nerek \u0130stanbul Ayd\u0131n \u00dcniversitesi\u2019nde \u0130nternet Gazetecili\u011fi ve Yay\u0131nc\u0131l\u0131k b\u00f6l\u00fcm\u00fcn\u00fc bitirip, Litvanya \u2013 Kaunas Teknoloji \u00dcniversitesi\u2019nde interaktif media \u00fczerine 8 ayl\u0131k e\u011fitim ald\u0131. Daha sonra Eski\u015fehir Anadolu \u00dcniversitesi girerek \u0130\u015fletme Fak\u00fcltesini ba\u015far\u0131yla tamamlad\u0131. CNNTURK\u2019 kanal\u0131nda staj\u0131n\u0131 tamamlad\u0131ktan sonra Referans Gazetesi\u2019nde \u00e7al\u0131\u015fmaya ba\u015flad\u0131. 2 y\u0131l sonra Textilegence markas\u0131yla tekstil end\u00fcstrisine y\u00f6nelik kendi medyas\u0131n\u0131 kurdu. \u015eu anda Textilegence.com, Printing3D ve NEFA PR Ajans\u0131\u2019n\u0131n 12 y\u0131ld\u0131r y\u00f6netimini yapmaktad\u0131r.\",\"sameAs\":[\"https:\\\/\\\/www.textilegence.com\",\"https:\\\/\\\/www.facebook.com\\\/TextilegenceMagazine\",\"https:\\\/\\\/www.instagram.com\\\/textilegence\\\/\",\"https:\\\/\\\/www.linkedin.com\\\/in\\\/fatih-cengiarslan-32352265\\\/\",\"https:\\\/\\\/x.com\\\/https:\\\/\\\/twitter.com\\\/textilegence\"],\"url\":\"https:\\\/\\\/www.textilegence.com\\\/en\\\/author\\\/admin\\\/\"}]}<\/script>\n<!-- \/ Yoast SEO Premium plugin. -->","yoast_head_json":{"title":"Composite Industry to Meet with JEC Asia 2018 in Seoul - Textilegence","description":"JEC Asia will be held on 14-16 November 2018 at the COEX Center in Seoul, South Korea. composite industry, technical textiles.","robots":{"index":"index","follow":"follow","max-snippet":"max-snippet:-1","max-image-preview":"max-image-preview:large","max-video-preview":"max-video-preview:-1"},"canonical":"https:\/\/www.textilegence.com\/en\/composite-jec-asia-seoul\/","og_locale":"en_US","og_type":"article","og_title":"Composite Industry to Meet with JEC Asia 2018 in Seoul","og_description":"After the record-breaking figures of the 2017 edition; that marked the move of JEC Asia from Singapore to Seoul; the event is returning to the capital","og_url":"https:\/\/www.textilegence.com\/en\/composite-jec-asia-seoul\/","og_site_name":"Textilegence Magazine and Digital Platform","article_publisher":"https:\/\/www.facebook.com\/TextilegenceMagazine","article_author":"https:\/\/www.facebook.com\/TextilegenceMagazine","article_published_time":"2018-10-23T10:22:28+00:00","article_modified_time":"2018-12-26T07:05:31+00:00","og_image":[{"width":742,"height":486,"url":"https:\/\/www.textilegence.com\/wp-content\/uploads\/2018\/10\/jec-asia-2018-textilegence.jpg","type":"image\/jpeg"}],"author":"Fatih Cengiarslan","twitter_card":"summary_large_image","twitter_creator":"@https:\/\/twitter.com\/textilegence","twitter_site":"@textilegence","twitter_misc":{"Written by":"Fatih Cengiarslan","Est. reading time":"2 minutes"},"schema":{"@context":"https:\/\/schema.org","@graph":[{"@type":"NewsArticle","@id":"https:\/\/www.textilegence.com\/en\/composite-jec-asia-seoul\/#article","isPartOf":{"@id":"https:\/\/www.textilegence.com\/en\/composite-jec-asia-seoul\/"},"author":{"name":"Fatih Cengiarslan","@id":"https:\/\/www.textilegence.com\/en\/#\/schema\/person\/1c3977109f8a6e1e2b95678836d75cb7"},"headline":"Composite Industry to Meet with JEC Asia 2018 in Seoul","datePublished":"2018-10-23T10:22:28+00:00","dateModified":"2018-12-26T07:05:31+00:00","mainEntityOfPage":{"@id":"https:\/\/www.textilegence.com\/en\/composite-jec-asia-seoul\/"},"wordCount":429,"commentCount":0,"publisher":{"@id":"https:\/\/www.textilegence.com\/en\/#organization"},"image":{"@id":"https:\/\/www.textilegence.com\/en\/composite-jec-asia-seoul\/#primaryimage"},"thumbnailUrl":"https:\/\/www.textilegence.com\/wp-content\/uploads\/2018\/10\/jec-asia-2018-textilegence.jpg","keywords":["composite","jec world"],"articleSection":["Trade Fairs"],"inLanguage":"en-US","potentialAction":[{"@type":"CommentAction","name":"Comment","target":["https:\/\/www.textilegence.com\/en\/composite-jec-asia-seoul\/#respond"]}]},{"@type":"WebPage","@id":"https:\/\/www.textilegence.com\/en\/composite-jec-asia-seoul\/","url":"https:\/\/www.textilegence.com\/en\/composite-jec-asia-seoul\/","name":"Composite Industry to Meet with JEC Asia 2018 in Seoul - Textilegence","isPartOf":{"@id":"https:\/\/www.textilegence.com\/en\/#website"},"primaryImageOfPage":{"@id":"https:\/\/www.textilegence.com\/en\/composite-jec-asia-seoul\/#primaryimage"},"image":{"@id":"https:\/\/www.textilegence.com\/en\/composite-jec-asia-seoul\/#primaryimage"},"thumbnailUrl":"https:\/\/www.textilegence.com\/wp-content\/uploads\/2018\/10\/jec-asia-2018-textilegence.jpg","datePublished":"2018-10-23T10:22:28+00:00","dateModified":"2018-12-26T07:05:31+00:00","description":"JEC Asia will be held on 14-16 November 2018 at the COEX Center in Seoul, South Korea. composite industry, technical textiles.","breadcrumb":{"@id":"https:\/\/www.textilegence.com\/en\/composite-jec-asia-seoul\/#breadcrumb"},"inLanguage":"en-US","potentialAction":[{"@type":"ReadAction","target":["https:\/\/www.textilegence.com\/en\/composite-jec-asia-seoul\/"]}]},{"@type":"ImageObject","inLanguage":"en-US","@id":"https:\/\/www.textilegence.com\/en\/composite-jec-asia-seoul\/#primaryimage","url":"https:\/\/www.textilegence.com\/wp-content\/uploads\/2018\/10\/jec-asia-2018-textilegence.jpg","contentUrl":"https:\/\/www.textilegence.com\/wp-content\/uploads\/2018\/10\/jec-asia-2018-textilegence.jpg","width":742,"height":486},{"@type":"BreadcrumbList","@id":"https:\/\/www.textilegence.com\/en\/composite-jec-asia-seoul\/#breadcrumb","itemListElement":[{"@type":"ListItem","position":1,"name":"Home Page","item":"https:\/\/www.textilegence.com\/en\/homepage-the-rimont\/"},{"@type":"ListItem","position":2,"name":"Trade Fairs","item":"https:\/\/www.textilegence.com\/en\/category\/trade-fairs\/"},{"@type":"ListItem","position":3,"name":"Composite Industry to Meet with JEC Asia 2018 in Seoul"}]},{"@type":"WebSite","@id":"https:\/\/www.textilegence.com\/en\/#website","url":"https:\/\/www.textilegence.com\/en\/","name":"Textilegence Magazine and Digital Platform","description":"Textile News Center","publisher":{"@id":"https:\/\/www.textilegence.com\/en\/#organization"},"potentialAction":[{"@type":"SearchAction","target":{"@type":"EntryPoint","urlTemplate":"https:\/\/www.textilegence.com\/en\/?s={search_term_string}"},"query-input":{"@type":"PropertyValueSpecification","valueRequired":true,"valueName":"search_term_string"}}],"inLanguage":"en-US"},{"@type":"Organization","@id":"https:\/\/www.textilegence.com\/en\/#organization","name":"Textilegence Magazine and Digital Platform","url":"https:\/\/www.textilegence.com\/en\/","logo":{"@type":"ImageObject","inLanguage":"en-US","@id":"https:\/\/www.textilegence.com\/en\/#\/schema\/logo\/image\/","url":"https:\/\/www.textilegence.com\/wp-content\/uploads\/2016\/11\/New_Retina_Logo_Textilegence.png","contentUrl":"https:\/\/www.textilegence.com\/wp-content\/uploads\/2016\/11\/New_Retina_Logo_Textilegence.png","width":544,"height":180,"caption":"Textilegence Magazine and Digital Platform"},"image":{"@id":"https:\/\/www.textilegence.com\/en\/#\/schema\/logo\/image\/"},"sameAs":["https:\/\/www.facebook.com\/TextilegenceMagazine","https:\/\/x.com\/textilegence","https:\/\/www.instagram.com\/textilegence\/","https:\/\/www.linkedin.com\/groups\/Textilegence-Magazine-Digital-Platform-4897253","https:\/\/www.youtube.com\/user\/textilegence"],"description":"Textilegence is a magazine and digital platform established in 2013. It focuses on the textile industry and sub-segments. The platform provides news, articles, and updates on various aspects of the textile industry, including sustainability, technological advancements, and market trends.","email":"editor@textilegence.com","telephone":"+90 212 442 24 12","legalName":"Textilegence Mag and Digital Platform","foundingDate":"2013-01-01","numberOfEmployees":{"@type":"QuantitativeValue","minValue":"1","maxValue":"10"}},{"@type":"Person","@id":"https:\/\/www.textilegence.com\/en\/#\/schema\/person\/1c3977109f8a6e1e2b95678836d75cb7","name":"Fatih Cengiarslan","image":{"@type":"ImageObject","inLanguage":"en-US","@id":"https:\/\/www.textilegence.com\/wp-content\/uploads\/2018\/12\/fatih-cengiarslan.jpg","url":"https:\/\/www.textilegence.com\/wp-content\/uploads\/2018\/12\/fatih-cengiarslan.jpg","contentUrl":"https:\/\/www.textilegence.com\/wp-content\/uploads\/2018\/12\/fatih-cengiarslan.jpg","caption":"Fatih Cengiarslan"},"description":"Fatih Cengiarslan; Akademik \u0130ngilizce e\u011fitimini Bat\u0131 Avustralya \u00dcniversitesi\u2019nde tamamlad\u0131ktan sonra T\u00fcrkiye\u2019ye d\u00f6nerek \u0130stanbul Ayd\u0131n \u00dcniversitesi\u2019nde \u0130nternet Gazetecili\u011fi ve Yay\u0131nc\u0131l\u0131k b\u00f6l\u00fcm\u00fcn\u00fc bitirip, Litvanya \u2013 Kaunas Teknoloji \u00dcniversitesi\u2019nde interaktif media \u00fczerine 8 ayl\u0131k e\u011fitim ald\u0131. Daha sonra Eski\u015fehir Anadolu \u00dcniversitesi girerek \u0130\u015fletme Fak\u00fcltesini ba\u015far\u0131yla tamamlad\u0131. CNNTURK\u2019 kanal\u0131nda staj\u0131n\u0131 tamamlad\u0131ktan sonra Referans Gazetesi\u2019nde \u00e7al\u0131\u015fmaya ba\u015flad\u0131. 2 y\u0131l sonra Textilegence markas\u0131yla tekstil end\u00fcstrisine y\u00f6nelik kendi medyas\u0131n\u0131 kurdu. \u015eu anda Textilegence.com, Printing3D ve NEFA PR Ajans\u0131\u2019n\u0131n 12 y\u0131ld\u0131r y\u00f6netimini yapmaktad\u0131r.","sameAs":["https:\/\/www.textilegence.com","https:\/\/www.facebook.com\/TextilegenceMagazine","https:\/\/www.instagram.com\/textilegence\/","https:\/\/www.linkedin.com\/in\/fatih-cengiarslan-32352265\/","https:\/\/x.com\/https:\/\/twitter.com\/textilegence"],"url":"https:\/\/www.textilegence.com\/en\/author\/admin\/"}]}},"_links":{"self":[{"href":"https:\/\/www.textilegence.com\/en\/wp-json\/wp\/v2\/posts\/26813","targetHints":{"allow":["GET"]}}],"collection":[{"href":"https:\/\/www.textilegence.com\/en\/wp-json\/wp\/v2\/posts"}],"about":[{"href":"https:\/\/www.textilegence.com\/en\/wp-json\/wp\/v2\/types\/post"}],"author":[{"embeddable":true,"href":"https:\/\/www.textilegence.com\/en\/wp-json\/wp\/v2\/users\/8"}],"replies":[{"embeddable":true,"href":"https:\/\/www.textilegence.com\/en\/wp-json\/wp\/v2\/comments?post=26813"}],"version-history":[{"count":0,"href":"https:\/\/www.textilegence.com\/en\/wp-json\/wp\/v2\/posts\/26813\/revisions"}],"wp:featuredmedia":[{"embeddable":true,"href":"https:\/\/www.textilegence.com\/en\/wp-json\/wp\/v2\/media\/26809"}],"wp:attachment":[{"href":"https:\/\/www.textilegence.com\/en\/wp-json\/wp\/v2\/media?parent=26813"}],"wp:term":[{"taxonomy":"category","embeddable":true,"href":"https:\/\/www.textilegence.com\/en\/wp-json\/wp\/v2\/categories?post=26813"},{"taxonomy":"post_tag","embeddable":true,"href":"https:\/\/www.textilegence.com\/en\/wp-json\/wp\/v2\/tags?post=26813"}],"curies":[{"name":"wp","href":"https:\/\/api.w.org\/{rel}","templated":true}]}}