{"id":26822,"date":"2018-10-23T16:37:32","date_gmt":"2018-10-23T13:37:32","guid":{"rendered":"http:\/\/www.textilegence.com\/?p=26822"},"modified":"2019-01-24T11:57:11","modified_gmt":"2019-01-24T08:57:11","slug":"outlook-2018-edana-nonwovens","status":"publish","type":"post","link":"https:\/\/www.textilegence.com\/en\/outlook-2018-edana-nonwovens\/","title":{"rendered":"OUTLOOK 2018 Confirms Success"},"content":{"rendered":"<figure id=\"attachment_26819\" aria-describedby=\"caption-attachment-26819\" style=\"width: 324px\" class=\"wp-caption alignleft\"><img loading=\"lazy\" decoding=\"async\" class=\"wp-image-26819 size-full\" src=\"https:\/\/www.textilegence.com\/wp-content\/uploads\/2018\/10\/outlook-2018-textilegence-detail.jpg\" alt=\"OUTLOOK 2018 Confirms Success \" width=\"324\" height=\"179\" \/><figcaption id=\"caption-attachment-26819\" class=\"wp-caption-text\">OUTLOOK 2018 Confirms Success<\/figcaption><\/figure>\n<p style=\"text-align: justify;\"><strong>Over 500 key stakeholders gather for premier nonwoven personal care products and hygiene conference the OUTLOOK\u00a02018.<\/strong><\/p>\n<p style=\"text-align: justify;\">With 510 delegates from across the nonwovens and related industries in attendance, OUTLOOK\u2122; the primary conference for the nonwovens hygiene and personal care industry; was again confirmed as a key industry event for the sector, showcasing <a href=\"https:\/\/www.edana.org\/\" target=\"_blank\" rel=\"nofollow noopener\">EDANA<\/a>\u2019s mission; to support the growth and promote the sustainable development of the industry.<\/p>\n<p style=\"text-align: justify;\">The <a href=\"https:\/\/www.textilegence.com\/en\/outlook-2017-closes-as-most-successful-edition-ever-2\/\" target=\"_blank\" rel=\"noopener\">conference<\/a> examined new product developments, market trends, performance and safety testing and sustainability initiatives during the first two days; with the final day featuring an interactive workshop on building stakeholder trust. Feedback from participants throughout the event emphasised satisfaction with the mix and quality of expert content and the many opportunities to meet with industry peers. With the conference attracting participants from across the whole supply chain and around the globe; OUTLOOK again confirmed its position as a unique must-attend event for nonwoven professionals.<\/p>\n<p style=\"text-align: justify;\">Mark Siebert of Berry Global said he found the event to be \u201cone of the most successful OUTLOOK conferences I have experienced.\u00a0 The record attendance and senior leader participation provided invaluable input on industry dynamics that will shape our participation for the next 5 years. Our company will be incorporating the learnings, particularly around sustainability, to enhance our offering with modified solutions based on the input from the week.\u00a0 Well done EDANA!\u201d<\/p>\n<h1 style=\"text-align: justify;\"><strong>OUTLOOK\u00a02018 discusses the future of the industry<\/strong><\/h1>\n<p style=\"text-align: justify;\">The conference, the 17th edition of OUTLOOK\u2122; opened with a keynote speech on EU circular economy and plastics strategies from Werner Bosmans, DG Environment, European Commission. This was followed with a session dedicated to circular economy and sustainability topics. Day 2 of the conference was opened by a presentation from Professor Samuele Furfari of the Free University of Brussels on the geopolitical challenges of the changing energy landscape. Delegates also heard from industry experts on market trends, technical innovations; and multiple efforts to introduce further sustainable business practices in the nonwovens industry.<\/p>\n<p style=\"text-align: justify;\">\u201cThis edition of OUTLOOK has again featured, as deliberately planned these last few years; a very topical programme, directly addressing the current challenges in our industry,&#8221;; said Pierre Wiertz, General Manager of EDANA. \u201cDiscussions on the circular economy strategy; transparency and trust in the supply chain were both thought-provoking and rewarding. It is very encouraging to witness the industry\u2019s increasing readiness to engage in these topics and for EDANA to facilitate constructive dialogue on both strategic and practical solutions. I was also very enthused by the insight of significant industry players; on key trends and some very exciting technical innovations in our sector.\u201d<\/p>\n<p style=\"text-align: justify;\">The next edition of OUTLOOK\u2122 is scheduled to be held in Athens; from the 9th to the 11th of October 2019.<\/p>\n","protected":false},"excerpt":{"rendered":"<p>Over 500 key stakeholders gather for premier nonwoven personal care products and hygiene conference the OUTLOOK\u00a02018. With 510 delegates from across the nonwovens and related industries in attendance, OUTLOOK\u2122; the primary conference for the nonwovens hygiene and personal care industry; was again confirmed as a key industry event for the sector, showcasing EDANA\u2019s mission; to [&hellip;]<\/p>\n","protected":false},"author":8,"featured_media":26817,"comment_status":"open","ping_status":"closed","sticky":false,"template":"","format":"standard","meta":{"footnotes":""},"categories":[9859,9845],"tags":[11163,10412,11167,11166],"class_list":{"0":"post-26822","1":"post","2":"type-post","3":"status-publish","4":"format-standard","5":"has-post-thumbnail","7":"category-topical","8":"category-trade-fairs","9":"tag-edana-en-2","10":"tag-nonwovens","11":"tag-outlook-2018-en-2","12":"tag-pierre-wiertz-en-2"},"yoast_head":"<!-- This site is optimized with the Yoast SEO Premium plugin v27.3 (Yoast SEO v27.3) - https:\/\/yoast.com\/product\/yoast-seo-premium-wordpress\/ -->\n<title>OUTLOOK 2018 Confirms Success - Textilegence Magazine<\/title>\n<meta name=\"description\" content=\"Over 500 key stakeholders gather for premier nonwoven personal care products and hygiene conference the OUTLOOK 2018. nonwovens\" \/>\n<meta name=\"robots\" content=\"index, follow, max-snippet:-1, max-image-preview:large, max-video-preview:-1\" \/>\n<link rel=\"canonical\" href=\"https:\/\/www.textilegence.com\/en\/outlook-2018-edana-nonwovens\/\" \/>\n<meta property=\"og:locale\" content=\"en_US\" \/>\n<meta property=\"og:type\" content=\"article\" \/>\n<meta property=\"og:title\" content=\"OUTLOOK 2018 Confirms Success\" \/>\n<meta property=\"og:description\" content=\"Over 500 key stakeholders gather for premier nonwoven personal care products and hygiene conference the OUTLOOK\u00a02018. With 510 delegates from across the\" \/>\n<meta property=\"og:url\" content=\"https:\/\/www.textilegence.com\/en\/outlook-2018-edana-nonwovens\/\" \/>\n<meta property=\"og:site_name\" content=\"Textilegence Magazine and Digital Platform\" \/>\n<meta property=\"article:publisher\" content=\"https:\/\/www.facebook.com\/TextilegenceMagazine\" \/>\n<meta property=\"article:author\" content=\"https:\/\/www.facebook.com\/TextilegenceMagazine\" \/>\n<meta property=\"article:published_time\" content=\"2018-10-23T13:37:32+00:00\" \/>\n<meta property=\"article:modified_time\" content=\"2019-01-24T08:57:11+00:00\" \/>\n<meta property=\"og:image\" content=\"https:\/\/www.textilegence.com\/wp-content\/uploads\/2018\/10\/outlook-2018-textilegence.jpg\" \/>\n\t<meta property=\"og:image:width\" content=\"742\" \/>\n\t<meta property=\"og:image:height\" content=\"486\" \/>\n\t<meta property=\"og:image:type\" content=\"image\/jpeg\" \/>\n<meta name=\"author\" content=\"Fatih Cengiarslan\" \/>\n<meta name=\"twitter:card\" content=\"summary_large_image\" \/>\n<meta name=\"twitter:creator\" content=\"@https:\/\/twitter.com\/textilegence\" \/>\n<meta name=\"twitter:site\" content=\"@textilegence\" \/>\n<meta name=\"twitter:label1\" content=\"Written by\" \/>\n\t<meta name=\"twitter:data1\" content=\"Fatih Cengiarslan\" \/>\n\t<meta name=\"twitter:label2\" content=\"Est. reading time\" \/>\n\t<meta name=\"twitter:data2\" content=\"2 minutes\" \/>\n<script type=\"application\/ld+json\" class=\"yoast-schema-graph\">{\"@context\":\"https:\\\/\\\/schema.org\",\"@graph\":[{\"@type\":\"NewsArticle\",\"@id\":\"https:\\\/\\\/www.textilegence.com\\\/en\\\/outlook-2018-edana-nonwovens\\\/#article\",\"isPartOf\":{\"@id\":\"https:\\\/\\\/www.textilegence.com\\\/en\\\/outlook-2018-edana-nonwovens\\\/\"},\"author\":{\"name\":\"Fatih Cengiarslan\",\"@id\":\"https:\\\/\\\/www.textilegence.com\\\/en\\\/#\\\/schema\\\/person\\\/1c3977109f8a6e1e2b95678836d75cb7\"},\"headline\":\"OUTLOOK 2018 Confirms Success\",\"datePublished\":\"2018-10-23T13:37:32+00:00\",\"dateModified\":\"2019-01-24T08:57:11+00:00\",\"mainEntityOfPage\":{\"@id\":\"https:\\\/\\\/www.textilegence.com\\\/en\\\/outlook-2018-edana-nonwovens\\\/\"},\"wordCount\":456,\"commentCount\":0,\"publisher\":{\"@id\":\"https:\\\/\\\/www.textilegence.com\\\/en\\\/#organization\"},\"image\":{\"@id\":\"https:\\\/\\\/www.textilegence.com\\\/en\\\/outlook-2018-edana-nonwovens\\\/#primaryimage\"},\"thumbnailUrl\":\"https:\\\/\\\/www.textilegence.com\\\/wp-content\\\/uploads\\\/2018\\\/10\\\/outlook-2018-textilegence.jpg\",\"keywords\":[\"EDANA\",\"nonwovens\",\"OUTLOOK 2018\",\"Pierre Wiertz\"],\"articleSection\":[\"Topical\",\"Trade Fairs\"],\"inLanguage\":\"en-US\",\"potentialAction\":[{\"@type\":\"CommentAction\",\"name\":\"Comment\",\"target\":[\"https:\\\/\\\/www.textilegence.com\\\/en\\\/outlook-2018-edana-nonwovens\\\/#respond\"]}]},{\"@type\":\"WebPage\",\"@id\":\"https:\\\/\\\/www.textilegence.com\\\/en\\\/outlook-2018-edana-nonwovens\\\/\",\"url\":\"https:\\\/\\\/www.textilegence.com\\\/en\\\/outlook-2018-edana-nonwovens\\\/\",\"name\":\"OUTLOOK 2018 Confirms Success - Textilegence Magazine\",\"isPartOf\":{\"@id\":\"https:\\\/\\\/www.textilegence.com\\\/en\\\/#website\"},\"primaryImageOfPage\":{\"@id\":\"https:\\\/\\\/www.textilegence.com\\\/en\\\/outlook-2018-edana-nonwovens\\\/#primaryimage\"},\"image\":{\"@id\":\"https:\\\/\\\/www.textilegence.com\\\/en\\\/outlook-2018-edana-nonwovens\\\/#primaryimage\"},\"thumbnailUrl\":\"https:\\\/\\\/www.textilegence.com\\\/wp-content\\\/uploads\\\/2018\\\/10\\\/outlook-2018-textilegence.jpg\",\"datePublished\":\"2018-10-23T13:37:32+00:00\",\"dateModified\":\"2019-01-24T08:57:11+00:00\",\"description\":\"Over 500 key stakeholders gather for premier nonwoven personal care products and hygiene conference the OUTLOOK 2018. nonwovens\",\"breadcrumb\":{\"@id\":\"https:\\\/\\\/www.textilegence.com\\\/en\\\/outlook-2018-edana-nonwovens\\\/#breadcrumb\"},\"inLanguage\":\"en-US\",\"potentialAction\":[{\"@type\":\"ReadAction\",\"target\":[\"https:\\\/\\\/www.textilegence.com\\\/en\\\/outlook-2018-edana-nonwovens\\\/\"]}]},{\"@type\":\"ImageObject\",\"inLanguage\":\"en-US\",\"@id\":\"https:\\\/\\\/www.textilegence.com\\\/en\\\/outlook-2018-edana-nonwovens\\\/#primaryimage\",\"url\":\"https:\\\/\\\/www.textilegence.com\\\/wp-content\\\/uploads\\\/2018\\\/10\\\/outlook-2018-textilegence.jpg\",\"contentUrl\":\"https:\\\/\\\/www.textilegence.com\\\/wp-content\\\/uploads\\\/2018\\\/10\\\/outlook-2018-textilegence.jpg\",\"width\":742,\"height\":486},{\"@type\":\"BreadcrumbList\",\"@id\":\"https:\\\/\\\/www.textilegence.com\\\/en\\\/outlook-2018-edana-nonwovens\\\/#breadcrumb\",\"itemListElement\":[{\"@type\":\"ListItem\",\"position\":1,\"name\":\"Home Page\",\"item\":\"https:\\\/\\\/www.textilegence.com\\\/en\\\/homepage-the-rimont\\\/\"},{\"@type\":\"ListItem\",\"position\":2,\"name\":\"Trade Fairs\",\"item\":\"https:\\\/\\\/www.textilegence.com\\\/en\\\/category\\\/trade-fairs\\\/\"},{\"@type\":\"ListItem\",\"position\":3,\"name\":\"OUTLOOK 2018 Confirms Success\"}]},{\"@type\":\"WebSite\",\"@id\":\"https:\\\/\\\/www.textilegence.com\\\/en\\\/#website\",\"url\":\"https:\\\/\\\/www.textilegence.com\\\/en\\\/\",\"name\":\"Textilegence Magazine and Digital Platform\",\"description\":\"Textile News Center\",\"publisher\":{\"@id\":\"https:\\\/\\\/www.textilegence.com\\\/en\\\/#organization\"},\"potentialAction\":[{\"@type\":\"SearchAction\",\"target\":{\"@type\":\"EntryPoint\",\"urlTemplate\":\"https:\\\/\\\/www.textilegence.com\\\/en\\\/?s={search_term_string}\"},\"query-input\":{\"@type\":\"PropertyValueSpecification\",\"valueRequired\":true,\"valueName\":\"search_term_string\"}}],\"inLanguage\":\"en-US\"},{\"@type\":\"Organization\",\"@id\":\"https:\\\/\\\/www.textilegence.com\\\/en\\\/#organization\",\"name\":\"Textilegence Magazine and Digital Platform\",\"url\":\"https:\\\/\\\/www.textilegence.com\\\/en\\\/\",\"logo\":{\"@type\":\"ImageObject\",\"inLanguage\":\"en-US\",\"@id\":\"https:\\\/\\\/www.textilegence.com\\\/en\\\/#\\\/schema\\\/logo\\\/image\\\/\",\"url\":\"https:\\\/\\\/www.textilegence.com\\\/wp-content\\\/uploads\\\/2016\\\/11\\\/New_Retina_Logo_Textilegence.png\",\"contentUrl\":\"https:\\\/\\\/www.textilegence.com\\\/wp-content\\\/uploads\\\/2016\\\/11\\\/New_Retina_Logo_Textilegence.png\",\"width\":544,\"height\":180,\"caption\":\"Textilegence Magazine and Digital Platform\"},\"image\":{\"@id\":\"https:\\\/\\\/www.textilegence.com\\\/en\\\/#\\\/schema\\\/logo\\\/image\\\/\"},\"sameAs\":[\"https:\\\/\\\/www.facebook.com\\\/TextilegenceMagazine\",\"https:\\\/\\\/x.com\\\/textilegence\",\"https:\\\/\\\/www.instagram.com\\\/textilegence\\\/\",\"https:\\\/\\\/www.linkedin.com\\\/groups\\\/Textilegence-Magazine-Digital-Platform-4897253\",\"https:\\\/\\\/www.youtube.com\\\/user\\\/textilegence\"],\"description\":\"Textilegence is a magazine and digital platform established in 2013. It focuses on the textile industry and sub-segments. The platform provides news, articles, and updates on various aspects of the textile industry, including sustainability, technological advancements, and market trends.\",\"email\":\"editor@textilegence.com\",\"telephone\":\"+90 212 442 24 12\",\"legalName\":\"Textilegence Mag and Digital Platform\",\"foundingDate\":\"2013-01-01\",\"numberOfEmployees\":{\"@type\":\"QuantitativeValue\",\"minValue\":\"1\",\"maxValue\":\"10\"}},{\"@type\":\"Person\",\"@id\":\"https:\\\/\\\/www.textilegence.com\\\/en\\\/#\\\/schema\\\/person\\\/1c3977109f8a6e1e2b95678836d75cb7\",\"name\":\"Fatih Cengiarslan\",\"image\":{\"@type\":\"ImageObject\",\"inLanguage\":\"en-US\",\"@id\":\"https:\\\/\\\/www.textilegence.com\\\/wp-content\\\/uploads\\\/2018\\\/12\\\/fatih-cengiarslan.jpg\",\"url\":\"https:\\\/\\\/www.textilegence.com\\\/wp-content\\\/uploads\\\/2018\\\/12\\\/fatih-cengiarslan.jpg\",\"contentUrl\":\"https:\\\/\\\/www.textilegence.com\\\/wp-content\\\/uploads\\\/2018\\\/12\\\/fatih-cengiarslan.jpg\",\"caption\":\"Fatih Cengiarslan\"},\"description\":\"Fatih Cengiarslan; Akademik \u0130ngilizce e\u011fitimini Bat\u0131 Avustralya \u00dcniversitesi\u2019nde tamamlad\u0131ktan sonra T\u00fcrkiye\u2019ye d\u00f6nerek \u0130stanbul Ayd\u0131n \u00dcniversitesi\u2019nde \u0130nternet Gazetecili\u011fi ve Yay\u0131nc\u0131l\u0131k b\u00f6l\u00fcm\u00fcn\u00fc bitirip, Litvanya \u2013 Kaunas Teknoloji \u00dcniversitesi\u2019nde interaktif media \u00fczerine 8 ayl\u0131k e\u011fitim ald\u0131. Daha sonra Eski\u015fehir Anadolu \u00dcniversitesi girerek \u0130\u015fletme Fak\u00fcltesini ba\u015far\u0131yla tamamlad\u0131. CNNTURK\u2019 kanal\u0131nda staj\u0131n\u0131 tamamlad\u0131ktan sonra Referans Gazetesi\u2019nde \u00e7al\u0131\u015fmaya ba\u015flad\u0131. 2 y\u0131l sonra Textilegence markas\u0131yla tekstil end\u00fcstrisine y\u00f6nelik kendi medyas\u0131n\u0131 kurdu. \u015eu anda Textilegence.com, Printing3D ve NEFA PR Ajans\u0131\u2019n\u0131n 12 y\u0131ld\u0131r y\u00f6netimini yapmaktad\u0131r.\",\"sameAs\":[\"https:\\\/\\\/www.textilegence.com\",\"https:\\\/\\\/www.facebook.com\\\/TextilegenceMagazine\",\"https:\\\/\\\/www.instagram.com\\\/textilegence\\\/\",\"https:\\\/\\\/www.linkedin.com\\\/in\\\/fatih-cengiarslan-32352265\\\/\",\"https:\\\/\\\/x.com\\\/https:\\\/\\\/twitter.com\\\/textilegence\"],\"url\":\"https:\\\/\\\/www.textilegence.com\\\/en\\\/author\\\/admin\\\/\"}]}<\/script>\n<!-- \/ Yoast SEO Premium plugin. -->","yoast_head_json":{"title":"OUTLOOK 2018 Confirms Success - Textilegence Magazine","description":"Over 500 key stakeholders gather for premier nonwoven personal care products and hygiene conference the OUTLOOK 2018. nonwovens","robots":{"index":"index","follow":"follow","max-snippet":"max-snippet:-1","max-image-preview":"max-image-preview:large","max-video-preview":"max-video-preview:-1"},"canonical":"https:\/\/www.textilegence.com\/en\/outlook-2018-edana-nonwovens\/","og_locale":"en_US","og_type":"article","og_title":"OUTLOOK 2018 Confirms Success","og_description":"Over 500 key stakeholders gather for premier nonwoven personal care products and hygiene conference the OUTLOOK\u00a02018. With 510 delegates from across the","og_url":"https:\/\/www.textilegence.com\/en\/outlook-2018-edana-nonwovens\/","og_site_name":"Textilegence Magazine and Digital Platform","article_publisher":"https:\/\/www.facebook.com\/TextilegenceMagazine","article_author":"https:\/\/www.facebook.com\/TextilegenceMagazine","article_published_time":"2018-10-23T13:37:32+00:00","article_modified_time":"2019-01-24T08:57:11+00:00","og_image":[{"width":742,"height":486,"url":"https:\/\/www.textilegence.com\/wp-content\/uploads\/2018\/10\/outlook-2018-textilegence.jpg","type":"image\/jpeg"}],"author":"Fatih Cengiarslan","twitter_card":"summary_large_image","twitter_creator":"@https:\/\/twitter.com\/textilegence","twitter_site":"@textilegence","twitter_misc":{"Written by":"Fatih Cengiarslan","Est. reading time":"2 minutes"},"schema":{"@context":"https:\/\/schema.org","@graph":[{"@type":"NewsArticle","@id":"https:\/\/www.textilegence.com\/en\/outlook-2018-edana-nonwovens\/#article","isPartOf":{"@id":"https:\/\/www.textilegence.com\/en\/outlook-2018-edana-nonwovens\/"},"author":{"name":"Fatih Cengiarslan","@id":"https:\/\/www.textilegence.com\/en\/#\/schema\/person\/1c3977109f8a6e1e2b95678836d75cb7"},"headline":"OUTLOOK 2018 Confirms Success","datePublished":"2018-10-23T13:37:32+00:00","dateModified":"2019-01-24T08:57:11+00:00","mainEntityOfPage":{"@id":"https:\/\/www.textilegence.com\/en\/outlook-2018-edana-nonwovens\/"},"wordCount":456,"commentCount":0,"publisher":{"@id":"https:\/\/www.textilegence.com\/en\/#organization"},"image":{"@id":"https:\/\/www.textilegence.com\/en\/outlook-2018-edana-nonwovens\/#primaryimage"},"thumbnailUrl":"https:\/\/www.textilegence.com\/wp-content\/uploads\/2018\/10\/outlook-2018-textilegence.jpg","keywords":["EDANA","nonwovens","OUTLOOK 2018","Pierre Wiertz"],"articleSection":["Topical","Trade Fairs"],"inLanguage":"en-US","potentialAction":[{"@type":"CommentAction","name":"Comment","target":["https:\/\/www.textilegence.com\/en\/outlook-2018-edana-nonwovens\/#respond"]}]},{"@type":"WebPage","@id":"https:\/\/www.textilegence.com\/en\/outlook-2018-edana-nonwovens\/","url":"https:\/\/www.textilegence.com\/en\/outlook-2018-edana-nonwovens\/","name":"OUTLOOK 2018 Confirms Success - Textilegence Magazine","isPartOf":{"@id":"https:\/\/www.textilegence.com\/en\/#website"},"primaryImageOfPage":{"@id":"https:\/\/www.textilegence.com\/en\/outlook-2018-edana-nonwovens\/#primaryimage"},"image":{"@id":"https:\/\/www.textilegence.com\/en\/outlook-2018-edana-nonwovens\/#primaryimage"},"thumbnailUrl":"https:\/\/www.textilegence.com\/wp-content\/uploads\/2018\/10\/outlook-2018-textilegence.jpg","datePublished":"2018-10-23T13:37:32+00:00","dateModified":"2019-01-24T08:57:11+00:00","description":"Over 500 key stakeholders gather for premier nonwoven personal care products and hygiene conference the OUTLOOK 2018. nonwovens","breadcrumb":{"@id":"https:\/\/www.textilegence.com\/en\/outlook-2018-edana-nonwovens\/#breadcrumb"},"inLanguage":"en-US","potentialAction":[{"@type":"ReadAction","target":["https:\/\/www.textilegence.com\/en\/outlook-2018-edana-nonwovens\/"]}]},{"@type":"ImageObject","inLanguage":"en-US","@id":"https:\/\/www.textilegence.com\/en\/outlook-2018-edana-nonwovens\/#primaryimage","url":"https:\/\/www.textilegence.com\/wp-content\/uploads\/2018\/10\/outlook-2018-textilegence.jpg","contentUrl":"https:\/\/www.textilegence.com\/wp-content\/uploads\/2018\/10\/outlook-2018-textilegence.jpg","width":742,"height":486},{"@type":"BreadcrumbList","@id":"https:\/\/www.textilegence.com\/en\/outlook-2018-edana-nonwovens\/#breadcrumb","itemListElement":[{"@type":"ListItem","position":1,"name":"Home Page","item":"https:\/\/www.textilegence.com\/en\/homepage-the-rimont\/"},{"@type":"ListItem","position":2,"name":"Trade Fairs","item":"https:\/\/www.textilegence.com\/en\/category\/trade-fairs\/"},{"@type":"ListItem","position":3,"name":"OUTLOOK 2018 Confirms Success"}]},{"@type":"WebSite","@id":"https:\/\/www.textilegence.com\/en\/#website","url":"https:\/\/www.textilegence.com\/en\/","name":"Textilegence Magazine and Digital Platform","description":"Textile News Center","publisher":{"@id":"https:\/\/www.textilegence.com\/en\/#organization"},"potentialAction":[{"@type":"SearchAction","target":{"@type":"EntryPoint","urlTemplate":"https:\/\/www.textilegence.com\/en\/?s={search_term_string}"},"query-input":{"@type":"PropertyValueSpecification","valueRequired":true,"valueName":"search_term_string"}}],"inLanguage":"en-US"},{"@type":"Organization","@id":"https:\/\/www.textilegence.com\/en\/#organization","name":"Textilegence Magazine and Digital Platform","url":"https:\/\/www.textilegence.com\/en\/","logo":{"@type":"ImageObject","inLanguage":"en-US","@id":"https:\/\/www.textilegence.com\/en\/#\/schema\/logo\/image\/","url":"https:\/\/www.textilegence.com\/wp-content\/uploads\/2016\/11\/New_Retina_Logo_Textilegence.png","contentUrl":"https:\/\/www.textilegence.com\/wp-content\/uploads\/2016\/11\/New_Retina_Logo_Textilegence.png","width":544,"height":180,"caption":"Textilegence Magazine and Digital Platform"},"image":{"@id":"https:\/\/www.textilegence.com\/en\/#\/schema\/logo\/image\/"},"sameAs":["https:\/\/www.facebook.com\/TextilegenceMagazine","https:\/\/x.com\/textilegence","https:\/\/www.instagram.com\/textilegence\/","https:\/\/www.linkedin.com\/groups\/Textilegence-Magazine-Digital-Platform-4897253","https:\/\/www.youtube.com\/user\/textilegence"],"description":"Textilegence is a magazine and digital platform established in 2013. It focuses on the textile industry and sub-segments. The platform provides news, articles, and updates on various aspects of the textile industry, including sustainability, technological advancements, and market trends.","email":"editor@textilegence.com","telephone":"+90 212 442 24 12","legalName":"Textilegence Mag and Digital Platform","foundingDate":"2013-01-01","numberOfEmployees":{"@type":"QuantitativeValue","minValue":"1","maxValue":"10"}},{"@type":"Person","@id":"https:\/\/www.textilegence.com\/en\/#\/schema\/person\/1c3977109f8a6e1e2b95678836d75cb7","name":"Fatih Cengiarslan","image":{"@type":"ImageObject","inLanguage":"en-US","@id":"https:\/\/www.textilegence.com\/wp-content\/uploads\/2018\/12\/fatih-cengiarslan.jpg","url":"https:\/\/www.textilegence.com\/wp-content\/uploads\/2018\/12\/fatih-cengiarslan.jpg","contentUrl":"https:\/\/www.textilegence.com\/wp-content\/uploads\/2018\/12\/fatih-cengiarslan.jpg","caption":"Fatih Cengiarslan"},"description":"Fatih Cengiarslan; Akademik \u0130ngilizce e\u011fitimini Bat\u0131 Avustralya \u00dcniversitesi\u2019nde tamamlad\u0131ktan sonra T\u00fcrkiye\u2019ye d\u00f6nerek \u0130stanbul Ayd\u0131n \u00dcniversitesi\u2019nde \u0130nternet Gazetecili\u011fi ve Yay\u0131nc\u0131l\u0131k b\u00f6l\u00fcm\u00fcn\u00fc bitirip, Litvanya \u2013 Kaunas Teknoloji \u00dcniversitesi\u2019nde interaktif media \u00fczerine 8 ayl\u0131k e\u011fitim ald\u0131. Daha sonra Eski\u015fehir Anadolu \u00dcniversitesi girerek \u0130\u015fletme Fak\u00fcltesini ba\u015far\u0131yla tamamlad\u0131. CNNTURK\u2019 kanal\u0131nda staj\u0131n\u0131 tamamlad\u0131ktan sonra Referans Gazetesi\u2019nde \u00e7al\u0131\u015fmaya ba\u015flad\u0131. 2 y\u0131l sonra Textilegence markas\u0131yla tekstil end\u00fcstrisine y\u00f6nelik kendi medyas\u0131n\u0131 kurdu. \u015eu anda Textilegence.com, Printing3D ve NEFA PR Ajans\u0131\u2019n\u0131n 12 y\u0131ld\u0131r y\u00f6netimini yapmaktad\u0131r.","sameAs":["https:\/\/www.textilegence.com","https:\/\/www.facebook.com\/TextilegenceMagazine","https:\/\/www.instagram.com\/textilegence\/","https:\/\/www.linkedin.com\/in\/fatih-cengiarslan-32352265\/","https:\/\/x.com\/https:\/\/twitter.com\/textilegence"],"url":"https:\/\/www.textilegence.com\/en\/author\/admin\/"}]}},"_links":{"self":[{"href":"https:\/\/www.textilegence.com\/en\/wp-json\/wp\/v2\/posts\/26822","targetHints":{"allow":["GET"]}}],"collection":[{"href":"https:\/\/www.textilegence.com\/en\/wp-json\/wp\/v2\/posts"}],"about":[{"href":"https:\/\/www.textilegence.com\/en\/wp-json\/wp\/v2\/types\/post"}],"author":[{"embeddable":true,"href":"https:\/\/www.textilegence.com\/en\/wp-json\/wp\/v2\/users\/8"}],"replies":[{"embeddable":true,"href":"https:\/\/www.textilegence.com\/en\/wp-json\/wp\/v2\/comments?post=26822"}],"version-history":[{"count":0,"href":"https:\/\/www.textilegence.com\/en\/wp-json\/wp\/v2\/posts\/26822\/revisions"}],"wp:featuredmedia":[{"embeddable":true,"href":"https:\/\/www.textilegence.com\/en\/wp-json\/wp\/v2\/media\/26817"}],"wp:attachment":[{"href":"https:\/\/www.textilegence.com\/en\/wp-json\/wp\/v2\/media?parent=26822"}],"wp:term":[{"taxonomy":"category","embeddable":true,"href":"https:\/\/www.textilegence.com\/en\/wp-json\/wp\/v2\/categories?post=26822"},{"taxonomy":"post_tag","embeddable":true,"href":"https:\/\/www.textilegence.com\/en\/wp-json\/wp\/v2\/tags?post=26822"}],"curies":[{"name":"wp","href":"https:\/\/api.w.org\/{rel}","templated":true}]}}