{"id":29837,"date":"2019-01-24T16:41:53","date_gmt":"2019-01-24T13:41:53","guid":{"rendered":"http:\/\/www.textilegence.com\/?p=29837"},"modified":"2019-02-01T18:19:54","modified_gmt":"2019-02-01T15:19:54","slug":"wilfried-kampe-colorgate","status":"publish","type":"post","link":"https:\/\/www.textilegence.com\/en\/wilfried-kampe-colorgate\/","title":{"rendered":"Wilfried Kampe Takes Office at ColorGATE"},"content":{"rendered":"<figure id=\"attachment_29835\" aria-describedby=\"caption-attachment-29835\" style=\"width: 324px\" class=\"wp-caption alignleft\"><img loading=\"lazy\" decoding=\"async\" class=\"wp-image-29835 size-full\" src=\"https:\/\/www.textilegence.com\/wp-content\/uploads\/2019\/01\/wilfried-detail.jpg\" alt=\"Wilfried Kampe Takes Office at ColorGATE\" width=\"324\" height=\"179\" \/><figcaption id=\"caption-attachment-29835\" class=\"wp-caption-text\">Wilfried Kampe Takes Office at ColorGATE<\/figcaption><\/figure>\n<p style=\"text-align: justify;\"><strong>ColorGATE appoints Wilfried Kampe, industry expert to head its Sales and Business Development team.<\/strong><\/p>\n<p style=\"text-align: justify;\">Following its acquisition by Ricoh Company Ltd. at the end of 2018, the German software company <a href=\"https:\/\/www.colorgate.com\/\" target=\"_blank\" rel=\"noopener\">ColorGATE<\/a> Digital Output Solutions GmbH further strengthens its organization and appoints an industry expert to head its sales team: effective January this year, Wilfried Kampe joins the Hanover based leader in color management and workflow solutions for industrial inkjet <a href=\"https:\/\/www.textilegence.com\/en\/category\/printing\/\" target=\"_blank\" rel=\"noopener\">applications<\/a> as Vice President Global Sales.<\/p>\n<p style=\"text-align: justify;\">Wilfried comes with over 20 years of experience in the printing industry. He witnessed the development of the first digital printing systems in the second half of the nineties and adds in-depth experience with the hardware and software side of this industry as well as a large international network to the team.<\/p>\n<p style=\"text-align: justify;\">He assumed international product management, marketing, and sales positions in several well-known companies such as Microtek International, Tektronix CPID (Color Printing &amp; Imaging Division), B\u00f6we Systec, Bestcolor, EFI, and Kornit, always staying very close to imaging and printing.<\/p>\n<p style=\"text-align: justify;\">After accomplishing the setup of the European subsidiary operation on behalf of Kornit Digital Ltd., and nine months subsequent to the IPO of the Israel based company, he decided to take a step back and put more focus on a healthy work-life-balance, leaving behind a highly motivated and successful team.<\/p>\n<p style=\"text-align: justify;\">In time for DRUPA 2016, Wilfried launched his own business, centered around industrial inkjet. He acted as strategic advisor to several private equity companies with interests in textile printing; and provided management consultancy to clients; using or migrating towards industrial inkjet technology ever since.<\/p>\n<h3><strong>Wilfried Kampe: &#8220;ColorGATE has a unique profile&#8221;<\/strong><\/h3>\n<p style=\"text-align: justify;\">&#8220;I have followed ColorGATE since the early 2000s when I headed Sales &amp; Marketing at Bestcolor, a pioneer of digital inkjet proofing. Back then it was one of our competitors&#8221;, says Wilfried. &#8220;Today, ColorGATE has a unique profile, thanks to the founder\u2019s strategic vision; which led him to initiate a shift towards industrial inkjet a few years ago. Together with its new owner Ricoh, a power-house in industrial inkjet, the company enjoys an exciting perspective. I am thrilled and proud to contribute to the company\u2019s further development and growth; together with this great team Thomas has brought together.&#8221;<\/p>\n<p style=\"text-align: justify;\">Thomas Kirschner, founder and CEO of ColorGATE, added; &#8220;Ever since we know each other, our dealings are borne by mutual respect. With his enormous experience and his human touch; Wilfried is a great fit to the organization, and to myself as its CEO. I am excited and confident that together we will bring ColorGATE to the next level.&#8221;<\/p>\n","protected":false},"excerpt":{"rendered":"<p>ColorGATE appoints Wilfried Kampe, industry expert to head its Sales and Business Development team. Following its acquisition by Ricoh Company Ltd. at the end of 2018, the German software company ColorGATE Digital Output Solutions GmbH further strengthens its organization and appoints an industry expert to head its sales team: effective January this year, Wilfried Kampe [&hellip;]<\/p>\n","protected":false},"author":8,"featured_media":29833,"comment_status":"open","ping_status":"closed","sticky":false,"template":"","format":"standard","meta":{"footnotes":""},"categories":[9853,9859],"tags":[11092,10243,11392],"class_list":{"0":"post-29837","1":"post","2":"type-post","3":"status-publish","4":"format-standard","5":"has-post-thumbnail","7":"category-printing","8":"category-topical","9":"tag-colorgate-en","10":"tag-ricoh-en","11":"tag-wilfried-kampe-en"},"yoast_head":"<!-- This site is optimized with the Yoast SEO Premium plugin v27.3 (Yoast SEO v27.3) - https:\/\/yoast.com\/product\/yoast-seo-premium-wordpress\/ -->\n<title>Wilfried Kampe Takes Office at ColorGATE - Textilegence<\/title>\n<meta name=\"description\" content=\"ColorGATE appoints Wilfried Kampe, industry expert to head its Sales and Business Development team.Following its acquisition by Ricoh Company Ltd...\" \/>\n<meta name=\"robots\" content=\"index, follow, max-snippet:-1, max-image-preview:large, max-video-preview:-1\" \/>\n<link rel=\"canonical\" href=\"https:\/\/www.textilegence.com\/en\/wilfried-kampe-colorgate\/\" \/>\n<meta property=\"og:locale\" content=\"en_US\" \/>\n<meta property=\"og:type\" content=\"article\" \/>\n<meta property=\"og:title\" content=\"Wilfried Kampe Takes Office at ColorGATE\" \/>\n<meta property=\"og:description\" content=\"ColorGATE appoints Wilfried Kampe, industry expert to head its Sales and Business Development team. Following its acquisition by Ricoh Company Ltd. at the\" \/>\n<meta property=\"og:url\" content=\"https:\/\/www.textilegence.com\/en\/wilfried-kampe-colorgate\/\" \/>\n<meta property=\"og:site_name\" content=\"Textilegence Magazine and Digital Platform\" \/>\n<meta property=\"article:publisher\" content=\"https:\/\/www.facebook.com\/TextilegenceMagazine\" \/>\n<meta property=\"article:author\" content=\"https:\/\/www.facebook.com\/TextilegenceMagazine\" \/>\n<meta property=\"article:published_time\" content=\"2019-01-24T13:41:53+00:00\" \/>\n<meta property=\"article:modified_time\" content=\"2019-02-01T15:19:54+00:00\" \/>\n<meta property=\"og:image\" content=\"https:\/\/www.textilegence.com\/wp-content\/uploads\/2019\/01\/wilfried-textilegence.jpg\" \/>\n\t<meta property=\"og:image:width\" content=\"696\" \/>\n\t<meta property=\"og:image:height\" content=\"385\" \/>\n\t<meta property=\"og:image:type\" content=\"image\/jpeg\" \/>\n<meta name=\"author\" content=\"Fatih Cengiarslan\" \/>\n<meta name=\"twitter:card\" content=\"summary_large_image\" \/>\n<meta name=\"twitter:creator\" content=\"@https:\/\/twitter.com\/textilegence\" \/>\n<meta name=\"twitter:site\" content=\"@textilegence\" \/>\n<meta name=\"twitter:label1\" content=\"Written by\" \/>\n\t<meta name=\"twitter:data1\" content=\"Fatih Cengiarslan\" \/>\n\t<meta name=\"twitter:label2\" content=\"Est. reading time\" \/>\n\t<meta name=\"twitter:data2\" content=\"2 minutes\" \/>\n<script type=\"application\/ld+json\" class=\"yoast-schema-graph\">{\"@context\":\"https:\\\/\\\/schema.org\",\"@graph\":[{\"@type\":\"NewsArticle\",\"@id\":\"https:\\\/\\\/www.textilegence.com\\\/en\\\/wilfried-kampe-colorgate\\\/#article\",\"isPartOf\":{\"@id\":\"https:\\\/\\\/www.textilegence.com\\\/en\\\/wilfried-kampe-colorgate\\\/\"},\"author\":{\"name\":\"Fatih Cengiarslan\",\"@id\":\"https:\\\/\\\/www.textilegence.com\\\/en\\\/#\\\/schema\\\/person\\\/1c3977109f8a6e1e2b95678836d75cb7\"},\"headline\":\"Wilfried Kampe Takes Office at ColorGATE\",\"datePublished\":\"2019-01-24T13:41:53+00:00\",\"dateModified\":\"2019-02-01T15:19:54+00:00\",\"mainEntityOfPage\":{\"@id\":\"https:\\\/\\\/www.textilegence.com\\\/en\\\/wilfried-kampe-colorgate\\\/\"},\"wordCount\":441,\"commentCount\":0,\"publisher\":{\"@id\":\"https:\\\/\\\/www.textilegence.com\\\/en\\\/#organization\"},\"image\":{\"@id\":\"https:\\\/\\\/www.textilegence.com\\\/en\\\/wilfried-kampe-colorgate\\\/#primaryimage\"},\"thumbnailUrl\":\"https:\\\/\\\/www.textilegence.com\\\/wp-content\\\/uploads\\\/2019\\\/01\\\/wilfried-textilegence.jpg\",\"keywords\":[\"colorgate\",\"ricoh\",\"wilfried kampe\"],\"articleSection\":[\"Printing\",\"Topical\"],\"inLanguage\":\"en-US\",\"potentialAction\":[{\"@type\":\"CommentAction\",\"name\":\"Comment\",\"target\":[\"https:\\\/\\\/www.textilegence.com\\\/en\\\/wilfried-kampe-colorgate\\\/#respond\"]}]},{\"@type\":\"WebPage\",\"@id\":\"https:\\\/\\\/www.textilegence.com\\\/en\\\/wilfried-kampe-colorgate\\\/\",\"url\":\"https:\\\/\\\/www.textilegence.com\\\/en\\\/wilfried-kampe-colorgate\\\/\",\"name\":\"Wilfried Kampe Takes Office at ColorGATE - Textilegence\",\"isPartOf\":{\"@id\":\"https:\\\/\\\/www.textilegence.com\\\/en\\\/#website\"},\"primaryImageOfPage\":{\"@id\":\"https:\\\/\\\/www.textilegence.com\\\/en\\\/wilfried-kampe-colorgate\\\/#primaryimage\"},\"image\":{\"@id\":\"https:\\\/\\\/www.textilegence.com\\\/en\\\/wilfried-kampe-colorgate\\\/#primaryimage\"},\"thumbnailUrl\":\"https:\\\/\\\/www.textilegence.com\\\/wp-content\\\/uploads\\\/2019\\\/01\\\/wilfried-textilegence.jpg\",\"datePublished\":\"2019-01-24T13:41:53+00:00\",\"dateModified\":\"2019-02-01T15:19:54+00:00\",\"description\":\"ColorGATE appoints Wilfried Kampe, industry expert to head its Sales and Business Development team.Following its acquisition by Ricoh Company Ltd...\",\"breadcrumb\":{\"@id\":\"https:\\\/\\\/www.textilegence.com\\\/en\\\/wilfried-kampe-colorgate\\\/#breadcrumb\"},\"inLanguage\":\"en-US\",\"potentialAction\":[{\"@type\":\"ReadAction\",\"target\":[\"https:\\\/\\\/www.textilegence.com\\\/en\\\/wilfried-kampe-colorgate\\\/\"]}]},{\"@type\":\"ImageObject\",\"inLanguage\":\"en-US\",\"@id\":\"https:\\\/\\\/www.textilegence.com\\\/en\\\/wilfried-kampe-colorgate\\\/#primaryimage\",\"url\":\"https:\\\/\\\/www.textilegence.com\\\/wp-content\\\/uploads\\\/2019\\\/01\\\/wilfried-textilegence.jpg\",\"contentUrl\":\"https:\\\/\\\/www.textilegence.com\\\/wp-content\\\/uploads\\\/2019\\\/01\\\/wilfried-textilegence.jpg\",\"width\":696,\"height\":385},{\"@type\":\"BreadcrumbList\",\"@id\":\"https:\\\/\\\/www.textilegence.com\\\/en\\\/wilfried-kampe-colorgate\\\/#breadcrumb\",\"itemListElement\":[{\"@type\":\"ListItem\",\"position\":1,\"name\":\"Home Page\",\"item\":\"https:\\\/\\\/www.textilegence.com\\\/en\\\/homepage-the-rimont\\\/\"},{\"@type\":\"ListItem\",\"position\":2,\"name\":\"Printing\",\"item\":\"https:\\\/\\\/www.textilegence.com\\\/en\\\/category\\\/printing\\\/\"},{\"@type\":\"ListItem\",\"position\":3,\"name\":\"Wilfried Kampe Takes Office at ColorGATE\"}]},{\"@type\":\"WebSite\",\"@id\":\"https:\\\/\\\/www.textilegence.com\\\/en\\\/#website\",\"url\":\"https:\\\/\\\/www.textilegence.com\\\/en\\\/\",\"name\":\"Textilegence Magazine and Digital Platform\",\"description\":\"Textile News Center\",\"publisher\":{\"@id\":\"https:\\\/\\\/www.textilegence.com\\\/en\\\/#organization\"},\"potentialAction\":[{\"@type\":\"SearchAction\",\"target\":{\"@type\":\"EntryPoint\",\"urlTemplate\":\"https:\\\/\\\/www.textilegence.com\\\/en\\\/?s={search_term_string}\"},\"query-input\":{\"@type\":\"PropertyValueSpecification\",\"valueRequired\":true,\"valueName\":\"search_term_string\"}}],\"inLanguage\":\"en-US\"},{\"@type\":\"Organization\",\"@id\":\"https:\\\/\\\/www.textilegence.com\\\/en\\\/#organization\",\"name\":\"Textilegence Magazine and Digital Platform\",\"url\":\"https:\\\/\\\/www.textilegence.com\\\/en\\\/\",\"logo\":{\"@type\":\"ImageObject\",\"inLanguage\":\"en-US\",\"@id\":\"https:\\\/\\\/www.textilegence.com\\\/en\\\/#\\\/schema\\\/logo\\\/image\\\/\",\"url\":\"https:\\\/\\\/www.textilegence.com\\\/wp-content\\\/uploads\\\/2016\\\/11\\\/New_Retina_Logo_Textilegence.png\",\"contentUrl\":\"https:\\\/\\\/www.textilegence.com\\\/wp-content\\\/uploads\\\/2016\\\/11\\\/New_Retina_Logo_Textilegence.png\",\"width\":544,\"height\":180,\"caption\":\"Textilegence Magazine and Digital Platform\"},\"image\":{\"@id\":\"https:\\\/\\\/www.textilegence.com\\\/en\\\/#\\\/schema\\\/logo\\\/image\\\/\"},\"sameAs\":[\"https:\\\/\\\/www.facebook.com\\\/TextilegenceMagazine\",\"https:\\\/\\\/x.com\\\/textilegence\",\"https:\\\/\\\/www.instagram.com\\\/textilegence\\\/\",\"https:\\\/\\\/www.linkedin.com\\\/groups\\\/Textilegence-Magazine-Digital-Platform-4897253\",\"https:\\\/\\\/www.youtube.com\\\/user\\\/textilegence\"],\"description\":\"Textilegence is a magazine and digital platform established in 2013. It focuses on the textile industry and sub-segments. The platform provides news, articles, and updates on various aspects of the textile industry, including sustainability, technological advancements, and market trends.\",\"email\":\"editor@textilegence.com\",\"telephone\":\"+90 212 442 24 12\",\"legalName\":\"Textilegence Mag and Digital Platform\",\"foundingDate\":\"2013-01-01\",\"numberOfEmployees\":{\"@type\":\"QuantitativeValue\",\"minValue\":\"1\",\"maxValue\":\"10\"}},{\"@type\":\"Person\",\"@id\":\"https:\\\/\\\/www.textilegence.com\\\/en\\\/#\\\/schema\\\/person\\\/1c3977109f8a6e1e2b95678836d75cb7\",\"name\":\"Fatih Cengiarslan\",\"image\":{\"@type\":\"ImageObject\",\"inLanguage\":\"en-US\",\"@id\":\"https:\\\/\\\/www.textilegence.com\\\/wp-content\\\/uploads\\\/2018\\\/12\\\/fatih-cengiarslan.jpg\",\"url\":\"https:\\\/\\\/www.textilegence.com\\\/wp-content\\\/uploads\\\/2018\\\/12\\\/fatih-cengiarslan.jpg\",\"contentUrl\":\"https:\\\/\\\/www.textilegence.com\\\/wp-content\\\/uploads\\\/2018\\\/12\\\/fatih-cengiarslan.jpg\",\"caption\":\"Fatih Cengiarslan\"},\"description\":\"Fatih Cengiarslan; Akademik \u0130ngilizce e\u011fitimini Bat\u0131 Avustralya \u00dcniversitesi\u2019nde tamamlad\u0131ktan sonra T\u00fcrkiye\u2019ye d\u00f6nerek \u0130stanbul Ayd\u0131n \u00dcniversitesi\u2019nde \u0130nternet Gazetecili\u011fi ve Yay\u0131nc\u0131l\u0131k b\u00f6l\u00fcm\u00fcn\u00fc bitirip, Litvanya \u2013 Kaunas Teknoloji \u00dcniversitesi\u2019nde interaktif media \u00fczerine 8 ayl\u0131k e\u011fitim ald\u0131. Daha sonra Eski\u015fehir Anadolu \u00dcniversitesi girerek \u0130\u015fletme Fak\u00fcltesini ba\u015far\u0131yla tamamlad\u0131. CNNTURK\u2019 kanal\u0131nda staj\u0131n\u0131 tamamlad\u0131ktan sonra Referans Gazetesi\u2019nde \u00e7al\u0131\u015fmaya ba\u015flad\u0131. 2 y\u0131l sonra Textilegence markas\u0131yla tekstil end\u00fcstrisine y\u00f6nelik kendi medyas\u0131n\u0131 kurdu. \u015eu anda Textilegence.com, Printing3D ve NEFA PR Ajans\u0131\u2019n\u0131n 12 y\u0131ld\u0131r y\u00f6netimini yapmaktad\u0131r.\",\"sameAs\":[\"https:\\\/\\\/www.textilegence.com\",\"https:\\\/\\\/www.facebook.com\\\/TextilegenceMagazine\",\"https:\\\/\\\/www.instagram.com\\\/textilegence\\\/\",\"https:\\\/\\\/www.linkedin.com\\\/in\\\/fatih-cengiarslan-32352265\\\/\",\"https:\\\/\\\/x.com\\\/https:\\\/\\\/twitter.com\\\/textilegence\"],\"url\":\"https:\\\/\\\/www.textilegence.com\\\/en\\\/author\\\/admin\\\/\"}]}<\/script>\n<!-- \/ Yoast SEO Premium plugin. -->","yoast_head_json":{"title":"Wilfried Kampe Takes Office at ColorGATE - Textilegence","description":"ColorGATE appoints Wilfried Kampe, industry expert to head its Sales and Business Development team.Following its acquisition by Ricoh Company Ltd...","robots":{"index":"index","follow":"follow","max-snippet":"max-snippet:-1","max-image-preview":"max-image-preview:large","max-video-preview":"max-video-preview:-1"},"canonical":"https:\/\/www.textilegence.com\/en\/wilfried-kampe-colorgate\/","og_locale":"en_US","og_type":"article","og_title":"Wilfried Kampe Takes Office at ColorGATE","og_description":"ColorGATE appoints Wilfried Kampe, industry expert to head its Sales and Business Development team. Following its acquisition by Ricoh Company Ltd. at the","og_url":"https:\/\/www.textilegence.com\/en\/wilfried-kampe-colorgate\/","og_site_name":"Textilegence Magazine and Digital Platform","article_publisher":"https:\/\/www.facebook.com\/TextilegenceMagazine","article_author":"https:\/\/www.facebook.com\/TextilegenceMagazine","article_published_time":"2019-01-24T13:41:53+00:00","article_modified_time":"2019-02-01T15:19:54+00:00","og_image":[{"width":696,"height":385,"url":"https:\/\/www.textilegence.com\/wp-content\/uploads\/2019\/01\/wilfried-textilegence.jpg","type":"image\/jpeg"}],"author":"Fatih Cengiarslan","twitter_card":"summary_large_image","twitter_creator":"@https:\/\/twitter.com\/textilegence","twitter_site":"@textilegence","twitter_misc":{"Written by":"Fatih Cengiarslan","Est. reading time":"2 minutes"},"schema":{"@context":"https:\/\/schema.org","@graph":[{"@type":"NewsArticle","@id":"https:\/\/www.textilegence.com\/en\/wilfried-kampe-colorgate\/#article","isPartOf":{"@id":"https:\/\/www.textilegence.com\/en\/wilfried-kampe-colorgate\/"},"author":{"name":"Fatih Cengiarslan","@id":"https:\/\/www.textilegence.com\/en\/#\/schema\/person\/1c3977109f8a6e1e2b95678836d75cb7"},"headline":"Wilfried Kampe Takes Office at ColorGATE","datePublished":"2019-01-24T13:41:53+00:00","dateModified":"2019-02-01T15:19:54+00:00","mainEntityOfPage":{"@id":"https:\/\/www.textilegence.com\/en\/wilfried-kampe-colorgate\/"},"wordCount":441,"commentCount":0,"publisher":{"@id":"https:\/\/www.textilegence.com\/en\/#organization"},"image":{"@id":"https:\/\/www.textilegence.com\/en\/wilfried-kampe-colorgate\/#primaryimage"},"thumbnailUrl":"https:\/\/www.textilegence.com\/wp-content\/uploads\/2019\/01\/wilfried-textilegence.jpg","keywords":["colorgate","ricoh","wilfried kampe"],"articleSection":["Printing","Topical"],"inLanguage":"en-US","potentialAction":[{"@type":"CommentAction","name":"Comment","target":["https:\/\/www.textilegence.com\/en\/wilfried-kampe-colorgate\/#respond"]}]},{"@type":"WebPage","@id":"https:\/\/www.textilegence.com\/en\/wilfried-kampe-colorgate\/","url":"https:\/\/www.textilegence.com\/en\/wilfried-kampe-colorgate\/","name":"Wilfried Kampe Takes Office at ColorGATE - Textilegence","isPartOf":{"@id":"https:\/\/www.textilegence.com\/en\/#website"},"primaryImageOfPage":{"@id":"https:\/\/www.textilegence.com\/en\/wilfried-kampe-colorgate\/#primaryimage"},"image":{"@id":"https:\/\/www.textilegence.com\/en\/wilfried-kampe-colorgate\/#primaryimage"},"thumbnailUrl":"https:\/\/www.textilegence.com\/wp-content\/uploads\/2019\/01\/wilfried-textilegence.jpg","datePublished":"2019-01-24T13:41:53+00:00","dateModified":"2019-02-01T15:19:54+00:00","description":"ColorGATE appoints Wilfried Kampe, industry expert to head its Sales and Business Development team.Following its acquisition by Ricoh Company Ltd...","breadcrumb":{"@id":"https:\/\/www.textilegence.com\/en\/wilfried-kampe-colorgate\/#breadcrumb"},"inLanguage":"en-US","potentialAction":[{"@type":"ReadAction","target":["https:\/\/www.textilegence.com\/en\/wilfried-kampe-colorgate\/"]}]},{"@type":"ImageObject","inLanguage":"en-US","@id":"https:\/\/www.textilegence.com\/en\/wilfried-kampe-colorgate\/#primaryimage","url":"https:\/\/www.textilegence.com\/wp-content\/uploads\/2019\/01\/wilfried-textilegence.jpg","contentUrl":"https:\/\/www.textilegence.com\/wp-content\/uploads\/2019\/01\/wilfried-textilegence.jpg","width":696,"height":385},{"@type":"BreadcrumbList","@id":"https:\/\/www.textilegence.com\/en\/wilfried-kampe-colorgate\/#breadcrumb","itemListElement":[{"@type":"ListItem","position":1,"name":"Home Page","item":"https:\/\/www.textilegence.com\/en\/homepage-the-rimont\/"},{"@type":"ListItem","position":2,"name":"Printing","item":"https:\/\/www.textilegence.com\/en\/category\/printing\/"},{"@type":"ListItem","position":3,"name":"Wilfried Kampe Takes Office at ColorGATE"}]},{"@type":"WebSite","@id":"https:\/\/www.textilegence.com\/en\/#website","url":"https:\/\/www.textilegence.com\/en\/","name":"Textilegence Magazine and Digital Platform","description":"Textile News Center","publisher":{"@id":"https:\/\/www.textilegence.com\/en\/#organization"},"potentialAction":[{"@type":"SearchAction","target":{"@type":"EntryPoint","urlTemplate":"https:\/\/www.textilegence.com\/en\/?s={search_term_string}"},"query-input":{"@type":"PropertyValueSpecification","valueRequired":true,"valueName":"search_term_string"}}],"inLanguage":"en-US"},{"@type":"Organization","@id":"https:\/\/www.textilegence.com\/en\/#organization","name":"Textilegence Magazine and Digital Platform","url":"https:\/\/www.textilegence.com\/en\/","logo":{"@type":"ImageObject","inLanguage":"en-US","@id":"https:\/\/www.textilegence.com\/en\/#\/schema\/logo\/image\/","url":"https:\/\/www.textilegence.com\/wp-content\/uploads\/2016\/11\/New_Retina_Logo_Textilegence.png","contentUrl":"https:\/\/www.textilegence.com\/wp-content\/uploads\/2016\/11\/New_Retina_Logo_Textilegence.png","width":544,"height":180,"caption":"Textilegence Magazine and Digital Platform"},"image":{"@id":"https:\/\/www.textilegence.com\/en\/#\/schema\/logo\/image\/"},"sameAs":["https:\/\/www.facebook.com\/TextilegenceMagazine","https:\/\/x.com\/textilegence","https:\/\/www.instagram.com\/textilegence\/","https:\/\/www.linkedin.com\/groups\/Textilegence-Magazine-Digital-Platform-4897253","https:\/\/www.youtube.com\/user\/textilegence"],"description":"Textilegence is a magazine and digital platform established in 2013. It focuses on the textile industry and sub-segments. The platform provides news, articles, and updates on various aspects of the textile industry, including sustainability, technological advancements, and market trends.","email":"editor@textilegence.com","telephone":"+90 212 442 24 12","legalName":"Textilegence Mag and Digital Platform","foundingDate":"2013-01-01","numberOfEmployees":{"@type":"QuantitativeValue","minValue":"1","maxValue":"10"}},{"@type":"Person","@id":"https:\/\/www.textilegence.com\/en\/#\/schema\/person\/1c3977109f8a6e1e2b95678836d75cb7","name":"Fatih Cengiarslan","image":{"@type":"ImageObject","inLanguage":"en-US","@id":"https:\/\/www.textilegence.com\/wp-content\/uploads\/2018\/12\/fatih-cengiarslan.jpg","url":"https:\/\/www.textilegence.com\/wp-content\/uploads\/2018\/12\/fatih-cengiarslan.jpg","contentUrl":"https:\/\/www.textilegence.com\/wp-content\/uploads\/2018\/12\/fatih-cengiarslan.jpg","caption":"Fatih Cengiarslan"},"description":"Fatih Cengiarslan; Akademik \u0130ngilizce e\u011fitimini Bat\u0131 Avustralya \u00dcniversitesi\u2019nde tamamlad\u0131ktan sonra T\u00fcrkiye\u2019ye d\u00f6nerek \u0130stanbul Ayd\u0131n \u00dcniversitesi\u2019nde \u0130nternet Gazetecili\u011fi ve Yay\u0131nc\u0131l\u0131k b\u00f6l\u00fcm\u00fcn\u00fc bitirip, Litvanya \u2013 Kaunas Teknoloji \u00dcniversitesi\u2019nde interaktif media \u00fczerine 8 ayl\u0131k e\u011fitim ald\u0131. Daha sonra Eski\u015fehir Anadolu \u00dcniversitesi girerek \u0130\u015fletme Fak\u00fcltesini ba\u015far\u0131yla tamamlad\u0131. CNNTURK\u2019 kanal\u0131nda staj\u0131n\u0131 tamamlad\u0131ktan sonra Referans Gazetesi\u2019nde \u00e7al\u0131\u015fmaya ba\u015flad\u0131. 2 y\u0131l sonra Textilegence markas\u0131yla tekstil end\u00fcstrisine y\u00f6nelik kendi medyas\u0131n\u0131 kurdu. \u015eu anda Textilegence.com, Printing3D ve NEFA PR Ajans\u0131\u2019n\u0131n 12 y\u0131ld\u0131r y\u00f6netimini yapmaktad\u0131r.","sameAs":["https:\/\/www.textilegence.com","https:\/\/www.facebook.com\/TextilegenceMagazine","https:\/\/www.instagram.com\/textilegence\/","https:\/\/www.linkedin.com\/in\/fatih-cengiarslan-32352265\/","https:\/\/x.com\/https:\/\/twitter.com\/textilegence"],"url":"https:\/\/www.textilegence.com\/en\/author\/admin\/"}]}},"_links":{"self":[{"href":"https:\/\/www.textilegence.com\/en\/wp-json\/wp\/v2\/posts\/29837","targetHints":{"allow":["GET"]}}],"collection":[{"href":"https:\/\/www.textilegence.com\/en\/wp-json\/wp\/v2\/posts"}],"about":[{"href":"https:\/\/www.textilegence.com\/en\/wp-json\/wp\/v2\/types\/post"}],"author":[{"embeddable":true,"href":"https:\/\/www.textilegence.com\/en\/wp-json\/wp\/v2\/users\/8"}],"replies":[{"embeddable":true,"href":"https:\/\/www.textilegence.com\/en\/wp-json\/wp\/v2\/comments?post=29837"}],"version-history":[{"count":0,"href":"https:\/\/www.textilegence.com\/en\/wp-json\/wp\/v2\/posts\/29837\/revisions"}],"wp:featuredmedia":[{"embeddable":true,"href":"https:\/\/www.textilegence.com\/en\/wp-json\/wp\/v2\/media\/29833"}],"wp:attachment":[{"href":"https:\/\/www.textilegence.com\/en\/wp-json\/wp\/v2\/media?parent=29837"}],"wp:term":[{"taxonomy":"category","embeddable":true,"href":"https:\/\/www.textilegence.com\/en\/wp-json\/wp\/v2\/categories?post=29837"},{"taxonomy":"post_tag","embeddable":true,"href":"https:\/\/www.textilegence.com\/en\/wp-json\/wp\/v2\/tags?post=29837"}],"curies":[{"name":"wp","href":"https:\/\/api.w.org\/{rel}","templated":true}]}}