{"id":29860,"date":"2019-01-25T13:55:46","date_gmt":"2019-01-25T10:55:46","guid":{"rendered":"http:\/\/www.textilegence.com\/?p=29860"},"modified":"2019-01-25T13:55:55","modified_gmt":"2019-01-25T10:55:55","slug":"teksmer-izmir-technical-textiles","status":"publish","type":"post","link":"https:\/\/www.textilegence.com\/en\/teksmer-izmir-technical-textiles\/","title":{"rendered":"\u0130zmir Will Be the Center of Technical Textiles with TEKSMER"},"content":{"rendered":"<figure id=\"attachment_29858\" aria-describedby=\"caption-attachment-29858\" style=\"width: 324px\" class=\"wp-caption alignleft\"><img loading=\"lazy\" decoding=\"async\" class=\"wp-image-29858 size-full\" src=\"https:\/\/www.textilegence.com\/wp-content\/uploads\/2019\/01\/teksmer-detail.jpg\" alt=\"\u0130zmir Will Be the Center of Technical Textiles with TEKSMER\" width=\"324\" height=\"179\" \/><figcaption id=\"caption-attachment-29858\" class=\"wp-caption-text\">\u0130zmir Will Be the Center of Technical Textiles with TEKSMER<\/figcaption><\/figure>\n<p style=\"text-align: justify;\"><strong>The Aegean Region is focused on developing textiles with high added value. Technical Textiles Research and Development Center (TEKSMER), which was founded in 2014, carries out important studies in this direction. TEKSMER Board of Directors Chairman Sabri \u00dcnl\u00fct\u00fcrk stated that their aim is to turn \u0130zmir and surrounding region into a technical textile center.<\/strong><\/p>\n<p style=\"text-align: justify;\">Speaking at the \u20182018 Assessment and <a href=\"https:\/\/www.textilegence.com\/en\/category\/technical-textiles\/\" target=\"_blank\" rel=\"noopener\">Technical Textiles<\/a> Developments\u2019 meeting organized by TEKSMER at Aegean Exporters&#8217; Associations (E\u0130B) facility, <a href=\"http:\/\/www.teksmer.com\/\" target=\"_blank\" rel=\"noopener\">\u00dcnl\u00fct\u00fcrk<\/a> said that the kilogram price of a knitted fabric is 6 dollars, and when the protective features are added, it reaches up to 30 dollars.<\/p>\n<p style=\"text-align: justify;\">\u00dcnl\u00fct\u00fcrk reminded that it is not mandatory in the occupational safety legislation for companies to provide workplace uniforms according to workplace conditions. \u00dcnl\u00fct\u00fcrk noted that if there is a legislative arrangement in this field like in developed countries, technical textile will grow in the coming years. \u00dcnl\u00fct\u00fcrk; \u201cFor the companies that are early to the game, there is an opportunity for this field in the coming years\u201d.<\/p>\n<h3 style=\"text-align: justify;\"><strong>TEKSMER &#8220;We want to reduce foreign dependency&#8221;<\/strong><\/h3>\n<p style=\"text-align: justify;\">Sabri \u00dcnl\u00fct\u00fcrk stated that they are working hard for added value production; and said that they have several projects in this area. \u00dcnl\u00fct\u00fcrk said that Turkish textile manufacturers are trying to make production using the fibers developed by foreigners and continued as follows; \u201cWe want to strengthen the fiber development infrastructure of companies working in the field of technical textiles. We want to eliminate dependence on China, Germany and USA in the production of technical textiles. We are taking action in order to develop the raw material R&amp;D of companies in the textile industry\u201d. \u00dcnl\u00fct\u00fcrk predicted that if companies in \u0130zmir and surrounding regions focus on value-added products this region will become the center of technical textiles.<\/p>\n<p style=\"text-align: justify;\">TEKSMER Coordinator Devrim G\u00f6kta\u015f Ba\u015fer said that; Turkish technical textile exports in 2017 was worth 1.5 billion dollars in her speech. Ba\u015fer; \u201cTechnical textiles are not only in clothing. They have begun to be used in all areas from construction to the automotive. China, USA and Germany share the first three places of the global technical textile industry. In 2017, the first three markets for technical textile exports of 1.5 billion dollars were Germany, France and Italy. Turkey had realized 1.6 billion dollars of imports technical textiles in 2016\u201d.<\/p>\n<p style=\"text-align: justify;\">E\u0130B Secretary General, Cumhur \u0130\u015fb\u0131rakmaz expressed that they would like to realize Development of International Competitiveness (UR-GE) projects for the development of technical textiles in the Aegean Region; and invited companies in textile industry to participate in UR-GE project.<\/p>\n<p style=\"text-align: justify;\">At the meeting; TEKSMER experts and managers gave information about the latest trends in the world and in Turkey; related to technical textile production and export; evaluated activities for 2018, and plans and goals for 2019.<\/p>\n","protected":false},"excerpt":{"rendered":"<p>The Aegean Region is focused on developing textiles with high added value. Technical Textiles Research and Development Center (TEKSMER), which was founded in 2014, carries out important studies in this direction. TEKSMER Board of Directors Chairman Sabri \u00dcnl\u00fct\u00fcrk stated that their aim is to turn \u0130zmir and surrounding region into a technical textile center. Speaking [&hellip;]<\/p>\n","protected":false},"author":16,"featured_media":29856,"comment_status":"open","ping_status":"closed","sticky":false,"template":"","format":"standard","meta":{"footnotes":""},"categories":[9866,9859],"tags":[11393,11397,11285,11395],"class_list":{"0":"post-29860","1":"post","2":"type-post","3":"status-publish","4":"format-standard","5":"has-post-thumbnail","7":"category-technical-textiles","8":"category-topical","9":"tag-eib-en","10":"tag-sabri-unluturk-en","11":"tag-technical-textiles","12":"tag-teksmer-en"},"yoast_head":"<!-- This site is optimized with the Yoast SEO Premium plugin v27.3 (Yoast SEO v27.3) - https:\/\/yoast.com\/product\/yoast-seo-premium-wordpress\/ -->\n<title>TEKSMER: \u0130zmir Will Be the Center of Technical Textiles - Textilegence<\/title>\n<meta name=\"description\" content=\"TEKSMER Board of Directors Chairman Sabri \u00dcnl\u00fct\u00fcrk stated that their aim is to turn \u0130zmir and surrounding region into a technical textile center.\" \/>\n<meta name=\"robots\" content=\"index, follow, max-snippet:-1, max-image-preview:large, max-video-preview:-1\" \/>\n<link rel=\"canonical\" href=\"https:\/\/www.textilegence.com\/en\/teksmer-izmir-technical-textiles\/\" \/>\n<meta property=\"og:locale\" content=\"en_US\" \/>\n<meta property=\"og:type\" content=\"article\" \/>\n<meta property=\"og:title\" content=\"\u0130zmir Will Be the Center of Technical Textiles with TEKSMER\" \/>\n<meta property=\"og:description\" content=\"The Aegean Region is focused on developing textiles with high added value. Technical Textiles Research and Development Center (TEKSMER), which was founded\" \/>\n<meta property=\"og:url\" content=\"https:\/\/www.textilegence.com\/en\/teksmer-izmir-technical-textiles\/\" \/>\n<meta property=\"og:site_name\" content=\"Textilegence Magazine and Digital Platform\" \/>\n<meta property=\"article:publisher\" content=\"https:\/\/www.facebook.com\/TextilegenceMagazine\" \/>\n<meta property=\"article:author\" content=\"https:\/\/www.facebook.com\/TextilegenceMagazine\" \/>\n<meta property=\"article:published_time\" content=\"2019-01-25T10:55:46+00:00\" \/>\n<meta property=\"article:modified_time\" content=\"2019-01-25T10:55:55+00:00\" \/>\n<meta property=\"og:image\" content=\"https:\/\/www.textilegence.com\/wp-content\/uploads\/2019\/01\/teksmer-textilegence.jpg\" \/>\n\t<meta property=\"og:image:width\" content=\"696\" \/>\n\t<meta property=\"og:image:height\" content=\"385\" \/>\n\t<meta property=\"og:image:type\" content=\"image\/jpeg\" \/>\n<meta name=\"author\" content=\"Emirhan \u00c7ilo\u011flu\" \/>\n<meta name=\"twitter:card\" content=\"summary_large_image\" \/>\n<meta name=\"twitter:creator\" content=\"@https:\/\/twitter.com\/textilegence\" \/>\n<meta name=\"twitter:site\" content=\"@textilegence\" \/>\n<meta name=\"twitter:label1\" content=\"Written by\" \/>\n\t<meta name=\"twitter:data1\" content=\"Emirhan \u00c7ilo\u011flu\" \/>\n\t<meta name=\"twitter:label2\" content=\"Est. reading time\" \/>\n\t<meta name=\"twitter:data2\" content=\"2 minutes\" \/>\n<script type=\"application\/ld+json\" class=\"yoast-schema-graph\">{\"@context\":\"https:\\\/\\\/schema.org\",\"@graph\":[{\"@type\":\"NewsArticle\",\"@id\":\"https:\\\/\\\/www.textilegence.com\\\/en\\\/teksmer-izmir-technical-textiles\\\/#article\",\"isPartOf\":{\"@id\":\"https:\\\/\\\/www.textilegence.com\\\/en\\\/teksmer-izmir-technical-textiles\\\/\"},\"author\":{\"name\":\"Emirhan \u00c7ilo\u011flu\",\"@id\":\"https:\\\/\\\/www.textilegence.com\\\/en\\\/#\\\/schema\\\/person\\\/8dbf2ab62ffdf644153f8c0f9c991f78\"},\"headline\":\"\u0130zmir Will Be the Center of Technical Textiles with TEKSMER\",\"datePublished\":\"2019-01-25T10:55:46+00:00\",\"dateModified\":\"2019-01-25T10:55:55+00:00\",\"mainEntityOfPage\":{\"@id\":\"https:\\\/\\\/www.textilegence.com\\\/en\\\/teksmer-izmir-technical-textiles\\\/\"},\"wordCount\":493,\"commentCount\":0,\"publisher\":{\"@id\":\"https:\\\/\\\/www.textilegence.com\\\/en\\\/#organization\"},\"image\":{\"@id\":\"https:\\\/\\\/www.textilegence.com\\\/en\\\/teksmer-izmir-technical-textiles\\\/#primaryimage\"},\"thumbnailUrl\":\"https:\\\/\\\/www.textilegence.com\\\/wp-content\\\/uploads\\\/2019\\\/01\\\/teksmer-textilegence.jpg\",\"keywords\":[\"eib\",\"sabri \u00fcnl\u00fct\u00fcrk\",\"technical textiles\",\"teksmer\"],\"articleSection\":[\"Technical Textiles\",\"Topical\"],\"inLanguage\":\"en-US\",\"potentialAction\":[{\"@type\":\"CommentAction\",\"name\":\"Comment\",\"target\":[\"https:\\\/\\\/www.textilegence.com\\\/en\\\/teksmer-izmir-technical-textiles\\\/#respond\"]}]},{\"@type\":\"WebPage\",\"@id\":\"https:\\\/\\\/www.textilegence.com\\\/en\\\/teksmer-izmir-technical-textiles\\\/\",\"url\":\"https:\\\/\\\/www.textilegence.com\\\/en\\\/teksmer-izmir-technical-textiles\\\/\",\"name\":\"TEKSMER: \u0130zmir Will Be the Center of Technical Textiles - Textilegence\",\"isPartOf\":{\"@id\":\"https:\\\/\\\/www.textilegence.com\\\/en\\\/#website\"},\"primaryImageOfPage\":{\"@id\":\"https:\\\/\\\/www.textilegence.com\\\/en\\\/teksmer-izmir-technical-textiles\\\/#primaryimage\"},\"image\":{\"@id\":\"https:\\\/\\\/www.textilegence.com\\\/en\\\/teksmer-izmir-technical-textiles\\\/#primaryimage\"},\"thumbnailUrl\":\"https:\\\/\\\/www.textilegence.com\\\/wp-content\\\/uploads\\\/2019\\\/01\\\/teksmer-textilegence.jpg\",\"datePublished\":\"2019-01-25T10:55:46+00:00\",\"dateModified\":\"2019-01-25T10:55:55+00:00\",\"description\":\"TEKSMER Board of Directors Chairman Sabri \u00dcnl\u00fct\u00fcrk stated that their aim is to turn \u0130zmir and surrounding region into a technical textile center.\",\"breadcrumb\":{\"@id\":\"https:\\\/\\\/www.textilegence.com\\\/en\\\/teksmer-izmir-technical-textiles\\\/#breadcrumb\"},\"inLanguage\":\"en-US\",\"potentialAction\":[{\"@type\":\"ReadAction\",\"target\":[\"https:\\\/\\\/www.textilegence.com\\\/en\\\/teksmer-izmir-technical-textiles\\\/\"]}]},{\"@type\":\"ImageObject\",\"inLanguage\":\"en-US\",\"@id\":\"https:\\\/\\\/www.textilegence.com\\\/en\\\/teksmer-izmir-technical-textiles\\\/#primaryimage\",\"url\":\"https:\\\/\\\/www.textilegence.com\\\/wp-content\\\/uploads\\\/2019\\\/01\\\/teksmer-textilegence.jpg\",\"contentUrl\":\"https:\\\/\\\/www.textilegence.com\\\/wp-content\\\/uploads\\\/2019\\\/01\\\/teksmer-textilegence.jpg\",\"width\":696,\"height\":385},{\"@type\":\"BreadcrumbList\",\"@id\":\"https:\\\/\\\/www.textilegence.com\\\/en\\\/teksmer-izmir-technical-textiles\\\/#breadcrumb\",\"itemListElement\":[{\"@type\":\"ListItem\",\"position\":1,\"name\":\"Home Page\",\"item\":\"https:\\\/\\\/www.textilegence.com\\\/en\\\/homepage-the-rimont\\\/\"},{\"@type\":\"ListItem\",\"position\":2,\"name\":\"Technical Textiles\",\"item\":\"https:\\\/\\\/www.textilegence.com\\\/en\\\/category\\\/technical-textiles\\\/\"},{\"@type\":\"ListItem\",\"position\":3,\"name\":\"\u0130zmir Will Be the Center of Technical Textiles with TEKSMER\"}]},{\"@type\":\"WebSite\",\"@id\":\"https:\\\/\\\/www.textilegence.com\\\/en\\\/#website\",\"url\":\"https:\\\/\\\/www.textilegence.com\\\/en\\\/\",\"name\":\"Textilegence Magazine and Digital Platform\",\"description\":\"Textile News Center\",\"publisher\":{\"@id\":\"https:\\\/\\\/www.textilegence.com\\\/en\\\/#organization\"},\"potentialAction\":[{\"@type\":\"SearchAction\",\"target\":{\"@type\":\"EntryPoint\",\"urlTemplate\":\"https:\\\/\\\/www.textilegence.com\\\/en\\\/?s={search_term_string}\"},\"query-input\":{\"@type\":\"PropertyValueSpecification\",\"valueRequired\":true,\"valueName\":\"search_term_string\"}}],\"inLanguage\":\"en-US\"},{\"@type\":\"Organization\",\"@id\":\"https:\\\/\\\/www.textilegence.com\\\/en\\\/#organization\",\"name\":\"Textilegence Magazine and Digital Platform\",\"url\":\"https:\\\/\\\/www.textilegence.com\\\/en\\\/\",\"logo\":{\"@type\":\"ImageObject\",\"inLanguage\":\"en-US\",\"@id\":\"https:\\\/\\\/www.textilegence.com\\\/en\\\/#\\\/schema\\\/logo\\\/image\\\/\",\"url\":\"https:\\\/\\\/www.textilegence.com\\\/wp-content\\\/uploads\\\/2016\\\/11\\\/New_Retina_Logo_Textilegence.png\",\"contentUrl\":\"https:\\\/\\\/www.textilegence.com\\\/wp-content\\\/uploads\\\/2016\\\/11\\\/New_Retina_Logo_Textilegence.png\",\"width\":544,\"height\":180,\"caption\":\"Textilegence Magazine and Digital Platform\"},\"image\":{\"@id\":\"https:\\\/\\\/www.textilegence.com\\\/en\\\/#\\\/schema\\\/logo\\\/image\\\/\"},\"sameAs\":[\"https:\\\/\\\/www.facebook.com\\\/TextilegenceMagazine\",\"https:\\\/\\\/x.com\\\/textilegence\",\"https:\\\/\\\/www.instagram.com\\\/textilegence\\\/\",\"https:\\\/\\\/www.linkedin.com\\\/groups\\\/Textilegence-Magazine-Digital-Platform-4897253\",\"https:\\\/\\\/www.youtube.com\\\/user\\\/textilegence\"],\"description\":\"Textilegence is a magazine and digital platform established in 2013. It focuses on the textile industry and sub-segments. The platform provides news, articles, and updates on various aspects of the textile industry, including sustainability, technological advancements, and market trends.\",\"email\":\"editor@textilegence.com\",\"telephone\":\"+90 212 442 24 12\",\"legalName\":\"Textilegence Mag and Digital Platform\",\"foundingDate\":\"2013-01-01\",\"numberOfEmployees\":{\"@type\":\"QuantitativeValue\",\"minValue\":\"1\",\"maxValue\":\"10\"}},{\"@type\":\"Person\",\"@id\":\"https:\\\/\\\/www.textilegence.com\\\/en\\\/#\\\/schema\\\/person\\\/8dbf2ab62ffdf644153f8c0f9c991f78\",\"name\":\"Emirhan \u00c7ilo\u011flu\",\"image\":{\"@type\":\"ImageObject\",\"inLanguage\":\"en-US\",\"@id\":\"https:\\\/\\\/www.textilegence.com\\\/wp-content\\\/uploads\\\/2021\\\/12\\\/emirhan.jpg\",\"url\":\"https:\\\/\\\/www.textilegence.com\\\/wp-content\\\/uploads\\\/2021\\\/12\\\/emirhan.jpg\",\"contentUrl\":\"https:\\\/\\\/www.textilegence.com\\\/wp-content\\\/uploads\\\/2021\\\/12\\\/emirhan.jpg\",\"caption\":\"Emirhan \u00c7ilo\u011flu\"},\"description\":\"Mahmut Emirhan \u00c7ilo\u011flu, \u0130stanbul\u2019da H\u00fcsn\u00fc M. \u00d6zye\u011fin Anadolu Lisesi\u2019nde lise e\u011fitimini tamamlam\u0131\u015f, sonras\u0131nda da \u0130stanbul \u00dcniversitesi\u2019nde Amerikan K\u00fclt\u00fcr\u00fc ve Edebiyat\u0131 lisans b\u00f6l\u00fcm\u00fcnden ba\u015far\u0131yla mezun olmu\u015ftur. 2021 itibari ile Textilegence\u2019da pazarlama ve d\u0131\u015f ili\u015fkiler sorumlusu olarak g\u00f6rev almaya ba\u015flayan \u00c7ilo\u011flu, kurumsal ileti\u015fimin g\u00fc\u00e7lendirilmesine katk\u0131 sa\u011flamaktad\u0131r.\",\"sameAs\":[\"https:\\\/\\\/www.textilegence.com\",\"https:\\\/\\\/www.facebook.com\\\/TextilegenceMagazine\",\"https:\\\/\\\/www.instagram.com\\\/textilegence\\\/\",\"https:\\\/\\\/www.linkedin.com\\\/in\\\/emre-yoleri-26151940\\\/\",\"https:\\\/\\\/x.com\\\/https:\\\/\\\/twitter.com\\\/textilegence\"],\"url\":\"https:\\\/\\\/www.textilegence.com\\\/en\\\/author\\\/emirhan-ciloglu\\\/\"}]}<\/script>\n<!-- \/ Yoast SEO Premium plugin. -->","yoast_head_json":{"title":"TEKSMER: \u0130zmir Will Be the Center of Technical Textiles - Textilegence","description":"TEKSMER Board of Directors Chairman Sabri \u00dcnl\u00fct\u00fcrk stated that their aim is to turn \u0130zmir and surrounding region into a technical textile center.","robots":{"index":"index","follow":"follow","max-snippet":"max-snippet:-1","max-image-preview":"max-image-preview:large","max-video-preview":"max-video-preview:-1"},"canonical":"https:\/\/www.textilegence.com\/en\/teksmer-izmir-technical-textiles\/","og_locale":"en_US","og_type":"article","og_title":"\u0130zmir Will Be the Center of Technical Textiles with TEKSMER","og_description":"The Aegean Region is focused on developing textiles with high added value. Technical Textiles Research and Development Center (TEKSMER), which was founded","og_url":"https:\/\/www.textilegence.com\/en\/teksmer-izmir-technical-textiles\/","og_site_name":"Textilegence Magazine and Digital Platform","article_publisher":"https:\/\/www.facebook.com\/TextilegenceMagazine","article_author":"https:\/\/www.facebook.com\/TextilegenceMagazine","article_published_time":"2019-01-25T10:55:46+00:00","article_modified_time":"2019-01-25T10:55:55+00:00","og_image":[{"width":696,"height":385,"url":"https:\/\/www.textilegence.com\/wp-content\/uploads\/2019\/01\/teksmer-textilegence.jpg","type":"image\/jpeg"}],"author":"Emirhan \u00c7ilo\u011flu","twitter_card":"summary_large_image","twitter_creator":"@https:\/\/twitter.com\/textilegence","twitter_site":"@textilegence","twitter_misc":{"Written by":"Emirhan \u00c7ilo\u011flu","Est. reading time":"2 minutes"},"schema":{"@context":"https:\/\/schema.org","@graph":[{"@type":"NewsArticle","@id":"https:\/\/www.textilegence.com\/en\/teksmer-izmir-technical-textiles\/#article","isPartOf":{"@id":"https:\/\/www.textilegence.com\/en\/teksmer-izmir-technical-textiles\/"},"author":{"name":"Emirhan \u00c7ilo\u011flu","@id":"https:\/\/www.textilegence.com\/en\/#\/schema\/person\/8dbf2ab62ffdf644153f8c0f9c991f78"},"headline":"\u0130zmir Will Be the Center of Technical Textiles with TEKSMER","datePublished":"2019-01-25T10:55:46+00:00","dateModified":"2019-01-25T10:55:55+00:00","mainEntityOfPage":{"@id":"https:\/\/www.textilegence.com\/en\/teksmer-izmir-technical-textiles\/"},"wordCount":493,"commentCount":0,"publisher":{"@id":"https:\/\/www.textilegence.com\/en\/#organization"},"image":{"@id":"https:\/\/www.textilegence.com\/en\/teksmer-izmir-technical-textiles\/#primaryimage"},"thumbnailUrl":"https:\/\/www.textilegence.com\/wp-content\/uploads\/2019\/01\/teksmer-textilegence.jpg","keywords":["eib","sabri \u00fcnl\u00fct\u00fcrk","technical textiles","teksmer"],"articleSection":["Technical Textiles","Topical"],"inLanguage":"en-US","potentialAction":[{"@type":"CommentAction","name":"Comment","target":["https:\/\/www.textilegence.com\/en\/teksmer-izmir-technical-textiles\/#respond"]}]},{"@type":"WebPage","@id":"https:\/\/www.textilegence.com\/en\/teksmer-izmir-technical-textiles\/","url":"https:\/\/www.textilegence.com\/en\/teksmer-izmir-technical-textiles\/","name":"TEKSMER: \u0130zmir Will Be the Center of Technical Textiles - Textilegence","isPartOf":{"@id":"https:\/\/www.textilegence.com\/en\/#website"},"primaryImageOfPage":{"@id":"https:\/\/www.textilegence.com\/en\/teksmer-izmir-technical-textiles\/#primaryimage"},"image":{"@id":"https:\/\/www.textilegence.com\/en\/teksmer-izmir-technical-textiles\/#primaryimage"},"thumbnailUrl":"https:\/\/www.textilegence.com\/wp-content\/uploads\/2019\/01\/teksmer-textilegence.jpg","datePublished":"2019-01-25T10:55:46+00:00","dateModified":"2019-01-25T10:55:55+00:00","description":"TEKSMER Board of Directors Chairman Sabri \u00dcnl\u00fct\u00fcrk stated that their aim is to turn \u0130zmir and surrounding region into a technical textile center.","breadcrumb":{"@id":"https:\/\/www.textilegence.com\/en\/teksmer-izmir-technical-textiles\/#breadcrumb"},"inLanguage":"en-US","potentialAction":[{"@type":"ReadAction","target":["https:\/\/www.textilegence.com\/en\/teksmer-izmir-technical-textiles\/"]}]},{"@type":"ImageObject","inLanguage":"en-US","@id":"https:\/\/www.textilegence.com\/en\/teksmer-izmir-technical-textiles\/#primaryimage","url":"https:\/\/www.textilegence.com\/wp-content\/uploads\/2019\/01\/teksmer-textilegence.jpg","contentUrl":"https:\/\/www.textilegence.com\/wp-content\/uploads\/2019\/01\/teksmer-textilegence.jpg","width":696,"height":385},{"@type":"BreadcrumbList","@id":"https:\/\/www.textilegence.com\/en\/teksmer-izmir-technical-textiles\/#breadcrumb","itemListElement":[{"@type":"ListItem","position":1,"name":"Home Page","item":"https:\/\/www.textilegence.com\/en\/homepage-the-rimont\/"},{"@type":"ListItem","position":2,"name":"Technical Textiles","item":"https:\/\/www.textilegence.com\/en\/category\/technical-textiles\/"},{"@type":"ListItem","position":3,"name":"\u0130zmir Will Be the Center of Technical Textiles with TEKSMER"}]},{"@type":"WebSite","@id":"https:\/\/www.textilegence.com\/en\/#website","url":"https:\/\/www.textilegence.com\/en\/","name":"Textilegence Magazine and Digital Platform","description":"Textile News Center","publisher":{"@id":"https:\/\/www.textilegence.com\/en\/#organization"},"potentialAction":[{"@type":"SearchAction","target":{"@type":"EntryPoint","urlTemplate":"https:\/\/www.textilegence.com\/en\/?s={search_term_string}"},"query-input":{"@type":"PropertyValueSpecification","valueRequired":true,"valueName":"search_term_string"}}],"inLanguage":"en-US"},{"@type":"Organization","@id":"https:\/\/www.textilegence.com\/en\/#organization","name":"Textilegence Magazine and Digital Platform","url":"https:\/\/www.textilegence.com\/en\/","logo":{"@type":"ImageObject","inLanguage":"en-US","@id":"https:\/\/www.textilegence.com\/en\/#\/schema\/logo\/image\/","url":"https:\/\/www.textilegence.com\/wp-content\/uploads\/2016\/11\/New_Retina_Logo_Textilegence.png","contentUrl":"https:\/\/www.textilegence.com\/wp-content\/uploads\/2016\/11\/New_Retina_Logo_Textilegence.png","width":544,"height":180,"caption":"Textilegence Magazine and Digital Platform"},"image":{"@id":"https:\/\/www.textilegence.com\/en\/#\/schema\/logo\/image\/"},"sameAs":["https:\/\/www.facebook.com\/TextilegenceMagazine","https:\/\/x.com\/textilegence","https:\/\/www.instagram.com\/textilegence\/","https:\/\/www.linkedin.com\/groups\/Textilegence-Magazine-Digital-Platform-4897253","https:\/\/www.youtube.com\/user\/textilegence"],"description":"Textilegence is a magazine and digital platform established in 2013. It focuses on the textile industry and sub-segments. The platform provides news, articles, and updates on various aspects of the textile industry, including sustainability, technological advancements, and market trends.","email":"editor@textilegence.com","telephone":"+90 212 442 24 12","legalName":"Textilegence Mag and Digital Platform","foundingDate":"2013-01-01","numberOfEmployees":{"@type":"QuantitativeValue","minValue":"1","maxValue":"10"}},{"@type":"Person","@id":"https:\/\/www.textilegence.com\/en\/#\/schema\/person\/8dbf2ab62ffdf644153f8c0f9c991f78","name":"Emirhan \u00c7ilo\u011flu","image":{"@type":"ImageObject","inLanguage":"en-US","@id":"https:\/\/www.textilegence.com\/wp-content\/uploads\/2021\/12\/emirhan.jpg","url":"https:\/\/www.textilegence.com\/wp-content\/uploads\/2021\/12\/emirhan.jpg","contentUrl":"https:\/\/www.textilegence.com\/wp-content\/uploads\/2021\/12\/emirhan.jpg","caption":"Emirhan \u00c7ilo\u011flu"},"description":"Mahmut Emirhan \u00c7ilo\u011flu, \u0130stanbul\u2019da H\u00fcsn\u00fc M. \u00d6zye\u011fin Anadolu Lisesi\u2019nde lise e\u011fitimini tamamlam\u0131\u015f, sonras\u0131nda da \u0130stanbul \u00dcniversitesi\u2019nde Amerikan K\u00fclt\u00fcr\u00fc ve Edebiyat\u0131 lisans b\u00f6l\u00fcm\u00fcnden ba\u015far\u0131yla mezun olmu\u015ftur. 2021 itibari ile Textilegence\u2019da pazarlama ve d\u0131\u015f ili\u015fkiler sorumlusu olarak g\u00f6rev almaya ba\u015flayan \u00c7ilo\u011flu, kurumsal ileti\u015fimin g\u00fc\u00e7lendirilmesine katk\u0131 sa\u011flamaktad\u0131r.","sameAs":["https:\/\/www.textilegence.com","https:\/\/www.facebook.com\/TextilegenceMagazine","https:\/\/www.instagram.com\/textilegence\/","https:\/\/www.linkedin.com\/in\/emre-yoleri-26151940\/","https:\/\/x.com\/https:\/\/twitter.com\/textilegence"],"url":"https:\/\/www.textilegence.com\/en\/author\/emirhan-ciloglu\/"}]}},"_links":{"self":[{"href":"https:\/\/www.textilegence.com\/en\/wp-json\/wp\/v2\/posts\/29860","targetHints":{"allow":["GET"]}}],"collection":[{"href":"https:\/\/www.textilegence.com\/en\/wp-json\/wp\/v2\/posts"}],"about":[{"href":"https:\/\/www.textilegence.com\/en\/wp-json\/wp\/v2\/types\/post"}],"author":[{"embeddable":true,"href":"https:\/\/www.textilegence.com\/en\/wp-json\/wp\/v2\/users\/16"}],"replies":[{"embeddable":true,"href":"https:\/\/www.textilegence.com\/en\/wp-json\/wp\/v2\/comments?post=29860"}],"version-history":[{"count":0,"href":"https:\/\/www.textilegence.com\/en\/wp-json\/wp\/v2\/posts\/29860\/revisions"}],"wp:featuredmedia":[{"embeddable":true,"href":"https:\/\/www.textilegence.com\/en\/wp-json\/wp\/v2\/media\/29856"}],"wp:attachment":[{"href":"https:\/\/www.textilegence.com\/en\/wp-json\/wp\/v2\/media?parent=29860"}],"wp:term":[{"taxonomy":"category","embeddable":true,"href":"https:\/\/www.textilegence.com\/en\/wp-json\/wp\/v2\/categories?post=29860"},{"taxonomy":"post_tag","embeddable":true,"href":"https:\/\/www.textilegence.com\/en\/wp-json\/wp\/v2\/tags?post=29860"}],"curies":[{"name":"wp","href":"https:\/\/api.w.org\/{rel}","templated":true}]}}